{"id":8498,"date":"2021-12-07T16:35:23","date_gmt":"2021-12-07T22:35:23","guid":{"rendered":"https:\/\/borderlessmag.org\/?p=7686"},"modified":"2025-10-09T11:01:02","modified_gmt":"2025-10-09T16:01:02","slug":"el-juez-confirma-la-ley-illinois-way-forward-que-pone-fin-a-la-detencion-en-hielo-en-el-estado","status":"publish","type":"post","link":"https:\/\/borderlessmag.org\/es\/2021\/12\/07\/judge-upholds-illinois-way-forward-act-sealing-an-end-to-ice-detention-in-the-state\/","title":{"rendered":"Un juez ratifica la ley Illinois Way Forward, que pone fin a la detenci\u00f3n por el ICE en el estado"},"content":{"rendered":"<div id=\"fws_69f243f27ae8d\"  data-column-margin=\"default\" data-midnight=\"dark\"  class=\"wpb_row vc_row-fluid vc_row\"  style=\"padding-top: 0px; padding-bottom: 0px; \"><div class=\"row-bg-wrap\" data-bg-animation=\"none\" data-bg-animation-delay=\"\" data-bg-overlay=\"false\"><div class=\"inner-wrap row-bg-layer\" ><div class=\"row-bg viewport-desktop\"  style=\"\"><\/div><\/div><\/div><div class=\"row_col_wrap_12 col span_12 dark left\">\n\t<div  class=\"vc_col-sm-2 vc_hidden-sm vc_hidden-xs wpb_column column_container vc_column_container col no-extra-padding inherit_tablet inherit_phone\"  data-padding-pos=\"all\" data-has-bg-color=\"false\" data-bg-color=\"\" data-bg-opacity=\"1\" data-animation=\"\" data-delay=\"0\" >\n\t\t<div class=\"vc_column-inner\" >\n\t\t\t<div class=\"wpb_wrapper\">\n\t\t\t\t\n\t\t\t<\/div> \n\t\t<\/div>\n\t<\/div> \n\n\t<div  class=\"vc_col-sm-8 wpb_column column_container vc_column_container col padding-3-percent inherit_tablet inherit_phone\"  data-padding-pos=\"all\" data-has-bg-color=\"false\" data-bg-color=\"\" data-bg-opacity=\"1\" data-animation=\"\" data-delay=\"0\" >\n\t\t<div class=\"vc_column-inner\" >\n\t\t\t<div class=\"wpb_wrapper\">\n\t\t\t\t\n<div class=\"wpb_text_column wpb_content_element\" >\n\t<p>Un juez federal confirm\u00f3 el lunes las disposiciones de una nueva ley de Illinois que proh\u00edben a las ciudades y condados del estado alquilar camas en sus c\u00e1rceles para detener a inmigrantes bajo custodia del Servicio de Inmigraci\u00f3n y Control de Aduanas de Estados Unidos.<\/p>\n<p>La decisi\u00f3n significa que los condados de McHenry y Kankakee, que <a href=\"https:\/\/borderlessmag.org\/es\/2021\/11\/19\/una-demanda-podria-frustrar-la-prohibicion-de-la-detencion-de-inmigrantes-en-illinois\/\">hab\u00eda demandado para impedir la entrada en vigor de la Ley Illinois Way Forward<\/a>tendr\u00e1n que renunciar a sus lucrativos contratos de detenci\u00f3n con el ICE a finales de enero, salvo que prospere una apelaci\u00f3n.<\/p>\n<p>En una sentencia de ocho p\u00e1ginas, el juez de distrito Philip G. Reinhard, del Distrito Norte de Illinois, afirm\u00f3 que la ley Illinois Way Forward, que el gobernador J.B. Pritzker firm\u00f3 este verano, era un uso apropiado del poder constitucional del estado para prohibir a los condados participar en programas reguladores federales como la detenci\u00f3n de inmigrantes.<\/p>\n<\/div>\n\n\n\n<div class=\"templatera_shortcode\">\n\t\t<div id=\"fws_69f243f28f3f8\"  data-column-margin=\"default\" data-midnight=\"dark\"  class=\"wpb_row vc_row-fluid vc_row vc_row-o-equal-height vc_row-flex vc_row-o-content-middle small\"  style=\"padding-top: 0px; padding-bottom: 0px; \"><div class=\"row-bg-wrap\" data-bg-animation=\"none\" data-bg-animation-delay=\"\" data-bg-overlay=\"false\"><div class=\"inner-wrap row-bg-layer\" ><div class=\"row-bg viewport-desktop\"  style=\"\"><\/div><\/div><\/div><div class=\"row_col_wrap_12 col span_12 dark left\">\n\t<div  class=\"vc_col-sm-12 wpb_column column_container vc_column_container col no-extra-padding inherit_tablet inherit_phone border_color_909090 border_style_solid\"  data-padding-pos=\"all\" data-has-bg-color=\"false\" data-bg-color=\"\" data-bg-opacity=\"1\" data-animation=\"\" data-delay=\"0\" >\n\t\t<div class=\"vc_column-inner\" >\n\t\t\t<div class=\"wpb_wrapper\">\n\t\t\t\t\n\t\t<div id=\"fws_69f243f290105\"  data-column-margin=\"default\" data-midnight=\"dark\"  class=\"wpb_row vc_row-fluid vc_row vc_row-o-equal-height vc_row-flex vc_row-o-content-middle large top_margin_20px bottom_margin_20px\"  style=\"padding-top: 0px; padding-bottom: 0px; \"><div class=\"row-bg-wrap\" data-bg-animation=\"none\" data-bg-animation-delay=\"\" data-bg-overlay=\"true\"><div class=\"inner-wrap row-bg-layer\" ><div class=\"row-bg viewport-desktop\"  style=\"\"><\/div><\/div><div class=\"row-bg-overlay row-bg-layer\" style=\"background: #FFFFFF; background: linear-gradient(90deg,#FFFFFF 0%,#FFFFFF 100%);  opacity: 1; \"><\/div><\/div><div class=\"row_col_wrap_12 col span_12 dark left\">\n\t<div  class=\"vc_col-sm-12 wpb_column column_container vc_column_container col padding-3-percent force-phone-text-align-center inherit_tablet inherit_phone border_top_desktop_1px border_bottom_desktop_1px border_color_FFFFFF border_style_solid\"  data-padding-pos=\"all\" data-has-bg-color=\"false\" data-bg-color=\"\" data-bg-opacity=\"1\" data-animation=\"\" data-delay=\"0\" >\n\t\t<div class=\"vc_column-inner\" >\n\t\t\t<div class=\"wpb_wrapper\">\n\t\t\t\t<div id=\"fws_69f243f29080a\" data-midnight=\"\" data-column-margin=\"default\" class=\"wpb_row vc_row-fluid vc_row inner_row vc_row-o-equal-height vc_row-flex vc_row-o-content-middle\"  style=\"\"><div class=\"row-bg-wrap\"> <div class=\"row-bg\" ><\/div> <\/div><div class=\"row_col_wrap_12_inner col span_12  left\">\n\t<div  class=\"vc_col-sm-7 wpb_column column_container vc_column_container col child_column no-extra-padding inherit_tablet inherit_phone\"   data-padding-pos=\"all\" data-has-bg-color=\"false\" data-bg-color=\"\" data-bg-opacity=\"1\" data-animation=\"\" data-delay=\"0\" >\n\t\t<div class=\"vc_column-inner\" >\n\t\t<div class=\"wpb_wrapper\">\n\t\t\t\n<div class=\"wpb_text_column wpb_content_element\" >\n\t<h4 id=\"news-that-puts-power-under-the-spotlight-and-communities-at-the-center\"><strong>Noticias que ponen el poder en el punto de mira y a las comunidades en el centro.<\/strong><\/h4>\n<p>Suscr\u00edbase a nuestro bolet\u00edn gratuito y reciba actualizaciones dos veces por semana.<\/p>\n<\/div>\n\n\n\n\n\t\t<\/div> \n\t<\/div>\n\t<\/div> \n\n\t<div style=\"margin-top: -20px; \" class=\"vc_col-sm-5 wpb_column column_container vc_column_container col child_column neg-marg no-extra-padding inherit_tablet inherit_phone\"   data-padding-pos=\"all\" data-has-bg-color=\"false\" data-bg-color=\"\" data-bg-opacity=\"1\" data-animation=\"\" data-delay=\"0\" >\n\t\t<div class=\"vc_column-inner\" >\n\t\t<div class=\"wpb_wrapper\">\n\t\t\t\n\t<div class=\"wpb_raw_code wpb_raw_html wpb_content_element\" >\n\t\t<div class=\"wpb_wrapper\">\n\t\t\t<div class=\"_form_1\"><\/div><script src=\"https:\/\/borderlessmag.bluelena.io\/f\/embed.php?id=1\" charset=\"utf-8\"><\/script>\n\t\t<\/div>\n\t<\/div>\n\n\t\t<\/div> \n\t<\/div>\n\t<\/div> \n<\/div><\/div>\n\t\t\t<\/div> \n\t\t<\/div>\n\t<\/div> \n<\/div><\/div>\n\n\t\t\t<\/div> \n\t\t<\/div>\n\t<\/div> \n<\/div><\/div><\/div>\n<div class=\"wpb_text_column wpb_content_element\" >\n\t<p>\"Los Estados son soberanos. Los condados no lo son\", Reinhard <a href=\"https:\/\/storage.courtlistener.com\/recap\/gov.uscourts.ilnd.406789\/gov.uscourts.ilnd.406789.41.0.pdf\">escribi\u00f3 en su decisi\u00f3n<\/a> concediendo la moci\u00f3n del Estado para desestimar la demanda. \"El Estado de Illinois, por acto legislativo, ha decidido que sus subdivisiones pol\u00edticas no pueden suscribir o permanecer en tales acuerdos\".<\/p>\n<p>El fiscal del estado del condado de McHenry, Patrick Kenneally, dijo en un comunicado el martes que los condados tienen la intenci\u00f3n de apelar el fallo de Reinhard ante el Tribunal de Apelaciones del S\u00e9ptimo Circuito de Estados Unidos.<\/p>\n<p>\"La Ley Illinois Way Forward es otro ejemplo de c\u00f3mo la actual asamblea legislativa es probablemente una de las m\u00e1s partidistas y dogm\u00e1ticamente r\u00edgidas en la historia de Illinois\", dijo Kenneally, un republicano que fue elegido por primera vez en 2016. \"Como tal, y cuando sea legalmente sostenible, en la Oficina del Fiscal del Estado del Condado de McHenry continuaremos presionando contra la oscuridad y la futilidad a la que el baluarte de Chicago en Springfield desea consignarnos.\"<\/p>\n<p>Un portavoz del ICE no respondi\u00f3 a la solicitud de comentarios.<\/p>\n<p>Los defensores que hab\u00edan presionado a favor de la ley aplaudieron la decisi\u00f3n de Reinhard, que consideraron un paso hacia su objetivo final de abolir por completo la detenci\u00f3n del ICE. Salvo que se revoque la decisi\u00f3n en apelaci\u00f3n, Illinois pronto se unir\u00e1 a Oreg\u00f3n como los \u00fanicos estados que han logrado prohibir la detenci\u00f3n de inmigrantes dentro de sus fronteras.<\/p>\n<p>\"Esta sentencia es una victoria para el estado de Illinois, para las comunidades de inmigrantes y para todos los que en todo el pa\u00eds se preocupan por la justicia y la dignidad de los inmigrantes\", declar\u00f3 Fred Tsao, asesor pol\u00edtico de la Coalici\u00f3n de Illinois para los Derechos de los Inmigrantes y Refugiados.<\/p>\n<p>El mes pasado, la c\u00e1rcel del condado de Kankakee albergaba una media diaria de 35 detenidos bajo custodia del ICE, mientras que el condado de McHenry albergaba una media diaria de 101 detenidos bajo custodia del ICE en octubre. Ambos condados hab\u00edan cobrado millones de d\u00f3lares al a\u00f1o del gobierno federal por detener a inmigrantes bajo custodia del ICE.<\/p>\n<p>El presidente de la Junta del condado de McHenry, el republicano Mike Buehler, afirm\u00f3 el martes en un comunicado que poner fin al contrato \"perjudicar\u00e1 de verdad a nuestros contribuyentes\" y que la ley Illinois Way Forward \"es un golpe al control de los gobiernos locales\".<\/p>\n<p>Seg\u00fan la ley, los condados tienen hasta el 1 de enero para activar la cl\u00e1usula de rescisi\u00f3n en sus contratos de detenci\u00f3n del ICE, que no entrar\u00eda en vigor hasta dentro de 30 d\u00edas, seg\u00fan las copias de los contratos revisadas por Injustice Watch.<\/p>\n<\/div>\n\n\n\n<div id=\"fws_69f243f2b22af\" data-midnight=\"\" data-column-margin=\"default\" class=\"wpb_row vc_row-fluid vc_row inner_row\"  style=\"\"><div class=\"row-bg-wrap\"> <div class=\"row-bg\" ><\/div> <\/div><div class=\"row_col_wrap_12_inner col span_12  left\">\n\t<div  class=\"vc_col-sm-12 wpb_column column_container vc_column_container col child_column no-extra-padding inherit_tablet inherit_phone border_bottom_desktop_1px border_color_000000 border_style_solid\"   data-padding-pos=\"all\" data-has-bg-color=\"false\" data-bg-color=\"\" data-bg-opacity=\"1\" data-animation=\"\" data-delay=\"0\" >\n\t\t<div class=\"vc_column-inner\" >\n\t\t<div class=\"wpb_wrapper\">\n\t\t\t<div class=\"vc_separator wpb_content_element vc_separator_align_center vc_sep_width_100 vc_sep_pos_align_center vc_sep_color_black wpb_content_element vc_separator-has-text\" ><span class=\"vc_sep_holder vc_sep_holder_l\"><span class=\"vc_sep_line\"><\/span><\/span><h4 id=\"read-more-of-our-coverage\">M\u00e1s informaci\u00f3n<\/h4><span class=\"vc_sep_holder vc_sep_holder_r\"><span class=\"vc_sep_line\"><\/span><\/span>\n<\/div>\n<div class=\"wpb_text_column wpb_content_element\" >\n\t\t\t<div class=\"pk-inline-posts\">\n\t\t\t\n\t\t\t<div class=\"pk-inline-posts-container pk-inline-posts-template-list\"\n\t\t\t\tdata-columns=\"1\">\n\t\t\t\t\t\t<article id=\"post-5878\" class=\"post-5878 post type-post status-publish format-standard has-post-thumbnail category-as-told-to tag-femme\">\n\t\t\t<div class=\"pk-post-outer\">\n\n\t\t\t\t\t\t\t\t<div class=\"pk-post-inner\">\n\t\t\t\t\t<div class=\"entry-thumbnail\">\n\t\t\t\t\t\t<div class=\"pk-overlay pk-overlay-ratio pk-ratio-landscape\">\n\t\t\t\t\t\t\t<div class=\"pk-overlay-background\">\n\t\t\t\t\t\t\t\t<a href=\"https:\/\/borderlessmag.org\/es\/2021\/05\/13\/how-a-femme-liberation-collective-is-practicing-community-care\/\" class=\"pk-overlay-link\">\n\t\t\t\t\t\t\t\t\t<img decoding=\"async\" width=\"1\" height=\"1\" src=\"https:\/\/borderlessmag.org\/wordpress\/wp-content\/uploads\/2021\/05\/20210409_FemmeDefensa_059_featured.jpg\" class=\"attachment-pk-thumbnail size-pk-thumbnail wp-post-image\" alt=\"g\u00e9nero, violencia, dom\u00e9stica, femme, Little Village, Chicago, Pilsen, comunidad, cuidado, protecci\u00f3n, supervivientes, inmigrante, fuerza, seguridad, alimentos , vivienda, huerto, Granja La Ruda, Femme Defensa\" \/>\t\t\t\t\t\t\t\t<\/a>\n\t\t\t\t\t\t\t<\/div>\n\t\t\t\t\t\t<\/div>\n\t\t\t\t\t<\/div>\n\t\t\t\t<\/div>\n\t\t\t\t\n\t\t\t\t<div class=\"pk-post-inner\">\n\t\t\t\t\t<header>\n\t\t\t\t\t\t<h3 class=\"pk-title\"><a href=\"https:\/\/borderlessmag.org\/es\/2021\/05\/13\/how-a-femme-liberation-collective-is-practicing-community-care\/\" rel=\"bookmark\">C\u00f3mo un colectivo de liberaci\u00f3n femenina practica la atenci\u00f3n comunitaria<\/a><\/h3>\t\t\t\t\t\t\t<div class=\"pk-post-meta\">\n\t\t\t\t\t\t\t\t<span class=\"pk-meta-author meta-author\"><span class=\"author vcard\"><a class=\"url fn n\" href=\"https:\/\/borderlessmag.org\/es\/author\/april-alonso\/\" title=\"Ver todas las entradas de April Alonso\">Abril Alonso<\/a><\/span><\/span>\t\t\t\t\t\t\t\t<span class=\"sep\">-<\/span>\n\t\t\t\t\t\t\t\t<span class=\"pk-meta-date meta-date\"><a href=\"https:\/\/borderlessmag.org\/es\/2021\/05\/13\/how-a-femme-liberation-collective-is-practicing-community-care\/\" rel=\"bookmark\">13 de mayo de 2021<\/a><\/span>\t\t\t\t\t\t\t<\/div>\n\t\t\t\t\t\t\t\t\t\t\t\t<\/header><!-- .entry-header -->\n\t\t\t\t<\/div><!-- .post-inner -->\n\n\t\t\t<\/div><!-- .post-outer -->\n\t\t<\/article>\n\t\t\t\t<\/div>\n\t\t<\/div>\n\t\t\n<\/div>\n\n\n\n\n\t\t<\/div> \n\t<\/div>\n\t<\/div> \n<\/div><\/div>\n<div class=\"wpb_text_column wpb_content_element\" >\n\t<p>Mientras tanto, los defensores de los derechos de los inmigrantes dijeron que ahora centrar\u00e1n su atenci\u00f3n en conseguir la liberaci\u00f3n del mayor n\u00famero posible de inmigrantes bajo custodia del ICE en las dos c\u00e1rceles.<\/p>\n<p>A principios de este a\u00f1o, consiguieron que el ICE pusiera en libertad a 15 de los 50 inmigrantes detenidos en la c\u00e1rcel del condado de Pulaski, en el sur de Illinois, despu\u00e9s de que las autoridades del condado pusieran fin a su contrato de detenci\u00f3n en respuesta a la Ley Illinois Way Forward.<\/p>\n<p>\"Lo m\u00e1s importante que hay que recordar siempre sobre la inmigraci\u00f3n es que las personas no est\u00e1n detenidas por una infracci\u00f3n penal\", dijo Mark Fleming, director asociado de litigios federales en el Centro Nacional de Justicia para Inmigrantes, que representa a algunos de los inmigrantes detenidos. \"Hay muchas alternativas a la detenci\u00f3n que est\u00e1n disponibles para asegurar que alguien se presente a su procedimiento de inmigraci\u00f3n sin llegar a la detenci\u00f3n f\u00edsica\".<\/p>\n<p>Activistas por los derechos de los inmigrantes de todo el pa\u00eds han pedido a la administraci\u00f3n Biden que <a href=\"https:\/\/www.aclu.org\/news\/immigrants-rights\/why-were-joining-the-call-to-shut-down-ice-detention-centers\/\">reducir o eliminar el sistema de detenci\u00f3n del ICE<\/a>especialmente cuando <a href=\"https:\/\/www.vera.org\/blog\/one-year-later-we-still-dont-know-how-many-people-in-ice-detention-have-been-exposed-to-covid-19\">la pandemia de Covid-19<\/a> sigue afectando de forma desproporcionada a las personas encarceladas.<\/p>\n<p>Hasta el mes pasado, casi 22.000 inmigrantes y solicitantes de asilo bajo custodia del ICE estaban detenidos entre rejas, y <a href=\"https:\/\/trac.syr.edu\/immigration\/quickfacts\/\">75% de ellos no tienen condenas penales<\/a>seg\u00fan el Transactional Record Access Clearinghouse de la Universidad de Syracuse, un grupo de investigaci\u00f3n que rastrea los datos de inmigraci\u00f3n.<\/p>\n<p>Los defensores sostienen que muchas de las c\u00e1rceles y prisiones privadas utilizadas por el ICE tienen un largo historial de abusos y negligencias m\u00e9dicas graves. Los informes de los \u00faltimos a\u00f1os de las c\u00e1rceles de los condados de Kankakee y McHenry revelan que <a href=\"https:\/\/www.documentcloud.org\/documents\/21082091-kankakee-primer\">los detenidos estuvieron tres meses sin agua corriente en los lavabos<\/a>\u00a0y soport\u00f3 <a href=\"https:\/\/www.chicagotribune.com\/news\/breaking\/ct-mchenry-county-jail-mumps-outbreak-20190912-zy4crmelmnbxre7tvcixw22j44-story.html\">un brote de paperas<\/a>y las instalaciones <a href=\"https:\/\/chicago.suntimes.com\/2019\/10\/10\/20908026\/ice-detention-center-kankakee-jesus-chuy-garcia-chicago-immigration-deportation\">no proporcion\u00f3 la atenci\u00f3n m\u00e9dica adecuada<\/a>.<\/p>\n<p>Un estudio reciente realizado por investigadores de la Facultad de Derecho de la UCLA que analiz\u00f3 los resultados de casi tres millones de casos de inmigraci\u00f3n de 2008 a 2018 encontr\u00f3 que la gran mayor\u00eda de los inmigrantes no detenidos en proceso de deportaci\u00f3n se presentaron a todas sus citas judiciales.<\/p>\n<p><em>Este art\u00edculo se ha publicado en colaboraci\u00f3n con <a href=\"https:\/\/www.injusticewatch.org\/news\/immigration\/2021\/illinois-immigration-detention-ban-upheld\/\">Vigilancia de la injusticia<\/a>. <a href=\"https:\/\/www.injusticewatch.org\/subscribe\/\">Suscr\u00edbase a su bolet\u00edn semanal<\/a>.<\/em><\/p>\n<\/div>\n\n\n\n\n\t\t\t<\/div> \n\t\t<\/div>\n\t<\/div> \n\n\t<div  class=\"vc_col-sm-2 vc_hidden-sm vc_hidden-xs wpb_column column_container vc_column_container col no-extra-padding inherit_tablet inherit_phone\"  data-padding-pos=\"all\" data-has-bg-color=\"false\" data-bg-color=\"\" data-bg-opacity=\"1\" data-animation=\"\" data-delay=\"0\" >\n\t\t<div class=\"vc_column-inner\" >\n\t\t\t<div class=\"wpb_wrapper\">\n\t\t\t\t\n\t\t\t<\/div> \n\t\t<\/div>\n\t<\/div> \n<\/div><\/div>\n\t\t<div id=\"fws_69f243f30215e\"  data-column-margin=\"default\" data-midnight=\"dark\"  class=\"wpb_row vc_row-fluid vc_row\"  style=\"padding-top: 0px; padding-bottom: 0px; \"><div class=\"row-bg-wrap\" data-bg-animation=\"none\" data-bg-animation-delay=\"\" data-bg-overlay=\"false\"><div class=\"inner-wrap row-bg-layer\" ><div class=\"row-bg viewport-desktop\"  style=\"\"><\/div><\/div><\/div><div class=\"row_col_wrap_12 col span_12 dark left\">\n\t<div  class=\"vc_col-sm-12 wpb_column column_container vc_column_container col no-extra-padding inherit_tablet inherit_phone\"  data-padding-pos=\"all\" data-has-bg-color=\"false\" data-bg-color=\"\" data-bg-opacity=\"1\" data-animation=\"\" data-delay=\"0\" >\n\t\t<div class=\"vc_column-inner\" >\n\t\t\t<div class=\"wpb_wrapper\">\n\t\t\t\t\n\t\t\t<\/div> \n\t\t<\/div>\n\t<\/div> \n<\/div><\/div>\n\t\t<div id=\"fws_69f243f3041ca\"  data-column-margin=\"default\" data-midnight=\"dark\"  class=\"wpb_row vc_row-fluid vc_row vc_row-o-equal-height vc_row-flex bottom-links\"  style=\"padding-top: 0px; padding-bottom: 0px; \"><div class=\"row-bg-wrap\" data-bg-animation=\"none\" data-bg-animation-delay=\"\" data-bg-overlay=\"false\"><div class=\"inner-wrap row-bg-layer\" ><div class=\"row-bg viewport-desktop\"  style=\"\"><\/div><\/div><\/div><div class=\"row_col_wrap_12 col span_12 dark left\">\n\t<div  class=\"vc_col-sm-8 wpb_column column_container vc_column_container col no-extra-padding inherit_tablet inherit_phone\"  data-padding-pos=\"all\" data-has-bg-color=\"false\" data-bg-color=\"\" data-bg-opacity=\"1\" data-animation=\"\" data-delay=\"0\" >\n\t\t<div class=\"vc_column-inner\" >\n\t\t\t<div class=\"wpb_wrapper\">\n\t\t\t\t\n\t<div class=\"wpb_widgetised_column wpb_content_element\">\n\t\t<div id=\"sidebar\" data-nectar-ss=\"\" class=\"wpb_wrapper\"><h2 id=\"related-stories\" class=\"wpb_heading wpb_widgetised_column_heading\">Historias relacionadas<\/h2>\n\t\t\t\n\t\t<\/div> \n\t<\/div> \n\t\t\t<\/div> \n\t\t<\/div>\n\t<\/div> \n\n\t<div  class=\"vc_col-sm-4 wpb_column column_container vc_column_container col no-extra-padding inherit_tablet inherit_phone\"  data-padding-pos=\"all\" data-has-bg-color=\"false\" data-bg-color=\"\" data-bg-opacity=\"1\" data-animation=\"\" data-delay=\"0\" >\n\t\t<div class=\"vc_column-inner\" >\n\t\t\t<div class=\"wpb_wrapper\">\n\t\t\t\t\n\t<div class=\"wpb_widgetised_column wpb_content_element\">\n\t\t<div id=\"sidebar\" data-nectar-ss=\"\" class=\"wpb_wrapper\"><h2 id=\"recent-stories\" class=\"wpb_heading wpb_widgetised_column_heading\">Historias recientes<\/h2>\n\t\t\t\n\t\t<\/div> \n\t<\/div> \n\t\t\t<\/div> \n\t\t<\/div>\n\t<\/div> \n<\/div><\/div>","protected":false},"excerpt":{"rendered":"<p>Un juez federal desestim\u00f3 una demanda presentada por dos condados de Illinois que esperaban mantener sus lucrativos contratos de detenci\u00f3n con el ICE. Estos contratos se eliminar\u00e1n progresivamente a partir del 1 de enero.<\/p>","protected":false},"author":24,"featured_media":6400,"comment_status":"closed","ping_status":"closed","sticky":false,"template":"","format":"standard","meta":{"inline_featured_image":false,"footnotes":""},"categories":[829],"tags":[],"coauthors":[245],"class_list":{"0":"post-8498","1":"post","2":"type-post","3":"status-publish","4":"format-standard","5":"has-post-thumbnail","7":"category-enforcementandcourts"},"yoast_head":"<!-- This site is optimized with the Yoast SEO Premium plugin v27.3 (Yoast SEO v27.3) - https:\/\/yoast.com\/product\/yoast-seo-premium-wordpress\/ -->\n<title>Judge Upholds Illinois Way Forward Act, Sealing an End to ICE Detention in the State &#8211; Borderless Magazine NFP<\/title>\n<meta name=\"description\" content=\"A federal judge dismissed a lawsuit filed by two Illinois counties hoping to keep their lucrative ICE detention contracts. Those contracts are now set to be phased out starting Jan. 1.\" \/>\n<meta name=\"robots\" content=\"index, follow, max-snippet:-1, max-image-preview:large, max-video-preview:-1\" \/>\n<link rel=\"canonical\" href=\"https:\/\/borderlessmag.org\/es\/2021\/12\/07\/el-juez-confirma-la-ley-illinois-way-forward-que-pone-fin-a-la-detencion-en-hielo-en-el-estado\/\" \/>\n<meta property=\"og:locale\" content=\"es_MX\" \/>\n<meta property=\"og:type\" content=\"article\" \/>\n<meta property=\"og:title\" content=\"Judge Upholds Illinois Way Forward Act, Sealing an End to ICE Detention in the State &#8211; Borderless Magazine NFP\" \/>\n<meta property=\"og:description\" content=\"Judge Upholds Illinois Way Forward Act, Sealing an End to ICE Detention in the State &#8211; Borderless Magazine NFP\" \/>\n<meta property=\"og:url\" content=\"https:\/\/borderlessmag.org\/es\/2021\/12\/07\/el-juez-confirma-la-ley-illinois-way-forward-que-pone-fin-a-la-detencion-en-hielo-en-el-estado\/\" \/>\n<meta property=\"og:site_name\" content=\"Borderless Magazine NFP\" \/>\n<meta property=\"article:publisher\" content=\"https:\/\/www.facebook.com\/BorderlessMagazine\" \/>\n<meta property=\"article:published_time\" content=\"2021-12-07T22:35:23+00:00\" \/>\n<meta property=\"article:modified_time\" content=\"2025-10-09T16:01:02+00:00\" \/>\n<meta property=\"og:image\" content=\"https:\/\/borderlessmag.org\/wordpress\/wp-content\/uploads\/2021\/07\/ICIRRProtest_CF_04.jpg\" \/>\n\t<meta property=\"og:image:width\" content=\"1\" \/>\n\t<meta property=\"og:image:height\" content=\"1\" \/>\n\t<meta property=\"og:image:type\" content=\"image\/jpeg\" \/>\n<meta name=\"author\" content=\"April Alonso\" \/>\n<meta name=\"twitter:card\" content=\"summary_large_image\" \/>\n<meta name=\"twitter:label1\" content=\"Escrito por\" \/>\n\t<meta name=\"twitter:data1\" content=\"Carlos Ballesteros\" \/>\n\t<meta name=\"twitter:label2\" content=\"Tiempo de lectura\" \/>\n\t<meta name=\"twitter:data2\" content=\"4 minutos\" \/>\n\t<meta name=\"twitter:label3\" content=\"Written by\" \/>\n\t<meta name=\"twitter:data3\" content=\"April Alonso\" \/>\n<script type=\"application\/ld+json\" class=\"yoast-schema-graph\">{\"@context\":\"https:\\\/\\\/schema.org\",\"@graph\":[{\"@type\":\"NewsArticle\",\"@id\":\"https:\\\/\\\/borderlessmag.org\\\/2021\\\/12\\\/07\\\/judge-upholds-illinois-way-forward-act-sealing-an-end-to-ice-detention-in-the-state\\\/#article\",\"isPartOf\":{\"@id\":\"https:\\\/\\\/borderlessmag.org\\\/2021\\\/12\\\/07\\\/judge-upholds-illinois-way-forward-act-sealing-an-end-to-ice-detention-in-the-state\\\/\"},\"author\":{\"name\":\"Carlos Ballesteros\",\"@id\":\"https:\\\/\\\/borderlessmag.org\\\/#\\\/schema\\\/person\\\/4250b014f4cc7cf8c287667868043b81\"},\"headline\":\"Judge Upholds Illinois Way Forward Act, Sealing an End to ICE Detention in the State\",\"datePublished\":\"2021-12-07T22:35:23+00:00\",\"dateModified\":\"2025-10-09T16:01:02+00:00\",\"mainEntityOfPage\":{\"@id\":\"https:\\\/\\\/borderlessmag.org\\\/2021\\\/12\\\/07\\\/judge-upholds-illinois-way-forward-act-sealing-an-end-to-ice-detention-in-the-state\\\/\"},\"wordCount\":1719,\"publisher\":{\"@id\":\"https:\\\/\\\/borderlessmag.org\\\/#organization\"},\"image\":{\"@id\":\"https:\\\/\\\/borderlessmag.org\\\/2021\\\/12\\\/07\\\/judge-upholds-illinois-way-forward-act-sealing-an-end-to-ice-detention-in-the-state\\\/#primaryimage\"},\"thumbnailUrl\":\"https:\\\/\\\/borderlessmag.org\\\/wordpress\\\/wp-content\\\/uploads\\\/2021\\\/07\\\/ICIRRProtest_CF_04.jpg\",\"articleSection\":[\"Enforcement and Courts\"],\"inLanguage\":\"es\",\"copyrightYear\":\"2021\",\"copyrightHolder\":{\"@id\":\"https:\\\/\\\/borderlessmag.org\\\/es\\\/#organization\"}},{\"@type\":\"WebPage\",\"@id\":\"https:\\\/\\\/borderlessmag.org\\\/2021\\\/12\\\/07\\\/judge-upholds-illinois-way-forward-act-sealing-an-end-to-ice-detention-in-the-state\\\/\",\"url\":\"https:\\\/\\\/borderlessmag.org\\\/2021\\\/12\\\/07\\\/judge-upholds-illinois-way-forward-act-sealing-an-end-to-ice-detention-in-the-state\\\/\",\"name\":\"Judge Upholds Illinois Way Forward Act, Sealing an End to ICE Detention in the State &#8211; Borderless Magazine NFP\",\"isPartOf\":{\"@id\":\"https:\\\/\\\/borderlessmag.org\\\/#website\"},\"primaryImageOfPage\":{\"@id\":\"https:\\\/\\\/borderlessmag.org\\\/2021\\\/12\\\/07\\\/judge-upholds-illinois-way-forward-act-sealing-an-end-to-ice-detention-in-the-state\\\/#primaryimage\"},\"image\":{\"@id\":\"https:\\\/\\\/borderlessmag.org\\\/2021\\\/12\\\/07\\\/judge-upholds-illinois-way-forward-act-sealing-an-end-to-ice-detention-in-the-state\\\/#primaryimage\"},\"thumbnailUrl\":\"https:\\\/\\\/borderlessmag.org\\\/wordpress\\\/wp-content\\\/uploads\\\/2021\\\/07\\\/ICIRRProtest_CF_04.jpg\",\"datePublished\":\"2021-12-07T22:35:23+00:00\",\"dateModified\":\"2025-10-09T16:01:02+00:00\",\"description\":\"A federal judge dismissed a lawsuit filed by two Illinois counties hoping to keep their lucrative ICE detention contracts. Those contracts are now set to be phased out starting Jan. 1.\",\"inLanguage\":\"es\",\"potentialAction\":[{\"@type\":\"ReadAction\",\"target\":[\"https:\\\/\\\/borderlessmag.org\\\/2021\\\/12\\\/07\\\/judge-upholds-illinois-way-forward-act-sealing-an-end-to-ice-detention-in-the-state\\\/\"]}]},{\"@type\":\"ImageObject\",\"inLanguage\":\"es\",\"@id\":\"https:\\\/\\\/borderlessmag.org\\\/2021\\\/12\\\/07\\\/judge-upholds-illinois-way-forward-act-sealing-an-end-to-ice-detention-in-the-state\\\/#primaryimage\",\"url\":\"https:\\\/\\\/borderlessmag.org\\\/wordpress\\\/wp-content\\\/uploads\\\/2021\\\/07\\\/ICIRRProtest_CF_04.jpg\",\"contentUrl\":\"https:\\\/\\\/borderlessmag.org\\\/wordpress\\\/wp-content\\\/uploads\\\/2021\\\/07\\\/ICIRRProtest_CF_04.jpg\",\"caption\":\"Demonstrators listen to advocates speak against the detention of immigrants during a rally held by the Illinois Coalition for Immigrant and Refugee Rights on July 8, 2021 in downtown Chicago, Ill.\"},{\"@type\":\"WebSite\",\"@id\":\"https:\\\/\\\/borderlessmag.org\\\/#website\",\"url\":\"https:\\\/\\\/borderlessmag.org\\\/\",\"name\":\"Borderless Magazine NFP\",\"description\":\"Stories about immigration and immigrants\",\"publisher\":{\"@id\":\"https:\\\/\\\/borderlessmag.org\\\/#organization\"},\"alternateName\":\"Borderless\",\"potentialAction\":[{\"@type\":\"SearchAction\",\"target\":{\"@type\":\"EntryPoint\",\"urlTemplate\":\"https:\\\/\\\/borderlessmag.org\\\/?s={search_term_string}\"},\"query-input\":{\"@type\":\"PropertyValueSpecification\",\"valueRequired\":true,\"valueName\":\"search_term_string\"}}],\"inLanguage\":\"es\"},{\"@type\":\"Organization\",\"@id\":\"https:\\\/\\\/borderlessmag.org\\\/#organization\",\"name\":\"Borderless Magazine NFP\",\"alternateName\":\"Borderless Mag\",\"url\":\"https:\\\/\\\/borderlessmag.org\\\/\",\"logo\":{\"@type\":\"ImageObject\",\"inLanguage\":\"es\",\"@id\":\"https:\\\/\\\/borderlessmag.org\\\/#\\\/schema\\\/logo\\\/image\\\/\",\"url\":\"https:\\\/\\\/borderlessmag.org\\\/wordpress\\\/wp-content\\\/uploads\\\/2025\\\/08\\\/BorderlessLogo_main_square.jpg\",\"contentUrl\":\"https:\\\/\\\/borderlessmag.org\\\/wordpress\\\/wp-content\\\/uploads\\\/2025\\\/08\\\/BorderlessLogo_main_square.jpg\",\"width\":696,\"height\":696,\"caption\":\"Borderless Magazine NFP\"},\"image\":{\"@id\":\"https:\\\/\\\/borderlessmag.org\\\/#\\\/schema\\\/logo\\\/image\\\/\"},\"sameAs\":[\"https:\\\/\\\/www.facebook.com\\\/BorderlessMagazine\",\"https:\\\/\\\/www.instagram.com\\\/borderless_mag\\\/\",\"https:\\\/\\\/www.tiktok.com\\\/@borderless_mag\"]},{\"@type\":\"Person\",\"@id\":\"https:\\\/\\\/borderlessmag.org\\\/#\\\/schema\\\/person\\\/4250b014f4cc7cf8c287667868043b81\",\"name\":\"Carlos Ballesteros\",\"image\":{\"@type\":\"ImageObject\",\"inLanguage\":\"es\",\"@id\":\"https:\\\/\\\/secure.gravatar.com\\\/avatar\\\/205463ef16779b3a260153939afce267f70a31543e6191bfa93a84a534310d90?s=96&d=mm&r=g10f08e886acac38b2bde0eb8cfeff78e\",\"url\":\"https:\\\/\\\/secure.gravatar.com\\\/avatar\\\/205463ef16779b3a260153939afce267f70a31543e6191bfa93a84a534310d90?s=96&d=mm&r=g\",\"contentUrl\":\"https:\\\/\\\/secure.gravatar.com\\\/avatar\\\/205463ef16779b3a260153939afce267f70a31543e6191bfa93a84a534310d90?s=96&d=mm&r=g\",\"caption\":\"Carlos Ballesteros\"},\"url\":\"https:\\\/\\\/borderlessmag.org\\\/es\\\/author\\\/carlos-ballesteros\\\/\"}]}<\/script>\n<!-- \/ Yoast SEO Premium plugin. -->","yoast_head_json":{"title":"Un juez avala la ley Illinois Way Forward, que pone fin a la detenci\u00f3n por el ICE en el estado - Borderless Magazine NFP","description":"Un juez federal desestim\u00f3 una demanda presentada por dos condados de Illinois que esperaban mantener sus lucrativos contratos de detenci\u00f3n con el ICE. Estos contratos se eliminar\u00e1n progresivamente a partir del 1 de enero.","robots":{"index":"index","follow":"follow","max-snippet":"max-snippet:-1","max-image-preview":"max-image-preview:large","max-video-preview":"max-video-preview:-1"},"canonical":"https:\/\/borderlessmag.org\/es\/2021\/12\/07\/el-juez-confirma-la-ley-illinois-way-forward-que-pone-fin-a-la-detencion-en-hielo-en-el-estado\/","og_locale":"es_MX","og_type":"article","og_title":"Judge Upholds Illinois Way Forward Act, Sealing an End to ICE Detention in the State &#8211; Borderless Magazine NFP","og_description":"Judge Upholds Illinois Way Forward Act, Sealing an End to ICE Detention in the State &#8211; Borderless Magazine NFP","og_url":"https:\/\/borderlessmag.org\/es\/2021\/12\/07\/el-juez-confirma-la-ley-illinois-way-forward-que-pone-fin-a-la-detencion-en-hielo-en-el-estado\/","og_site_name":"Borderless Magazine NFP","article_publisher":"https:\/\/www.facebook.com\/BorderlessMagazine","article_published_time":"2021-12-07T22:35:23+00:00","article_modified_time":"2025-10-09T16:01:02+00:00","og_image":[{"url":"https:\/\/borderlessmag.org\/wordpress\/wp-content\/uploads\/2021\/07\/ICIRRProtest_CF_04.jpg","width":1,"height":1,"type":"image\/jpeg"}],"author":"April Alonso","twitter_card":"summary_large_image","twitter_misc":{"Escrito por":"Carlos Ballesteros","Tiempo de lectura":"4 minutos","Written by":"April Alonso"},"schema":{"@context":"https:\/\/schema.org","@graph":[{"@type":"NewsArticle","@id":"https:\/\/borderlessmag.org\/2021\/12\/07\/judge-upholds-illinois-way-forward-act-sealing-an-end-to-ice-detention-in-the-state\/#article","isPartOf":{"@id":"https:\/\/borderlessmag.org\/2021\/12\/07\/judge-upholds-illinois-way-forward-act-sealing-an-end-to-ice-detention-in-the-state\/"},"author":{"name":"Carlos Ballesteros","@id":"https:\/\/borderlessmag.org\/#\/schema\/person\/4250b014f4cc7cf8c287667868043b81"},"headline":"Judge Upholds Illinois Way Forward Act, Sealing an End to ICE Detention in the State","datePublished":"2021-12-07T22:35:23+00:00","dateModified":"2025-10-09T16:01:02+00:00","mainEntityOfPage":{"@id":"https:\/\/borderlessmag.org\/2021\/12\/07\/judge-upholds-illinois-way-forward-act-sealing-an-end-to-ice-detention-in-the-state\/"},"wordCount":1719,"publisher":{"@id":"https:\/\/borderlessmag.org\/#organization"},"image":{"@id":"https:\/\/borderlessmag.org\/2021\/12\/07\/judge-upholds-illinois-way-forward-act-sealing-an-end-to-ice-detention-in-the-state\/#primaryimage"},"thumbnailUrl":"https:\/\/borderlessmag.org\/wordpress\/wp-content\/uploads\/2021\/07\/ICIRRProtest_CF_04.jpg","articleSection":["Enforcement and Courts"],"inLanguage":"es","copyrightYear":"2021","copyrightHolder":{"@id":"https:\/\/borderlessmag.org\/es\/#organization"}},{"@type":"WebPage","@id":"https:\/\/borderlessmag.org\/2021\/12\/07\/judge-upholds-illinois-way-forward-act-sealing-an-end-to-ice-detention-in-the-state\/","url":"https:\/\/borderlessmag.org\/2021\/12\/07\/judge-upholds-illinois-way-forward-act-sealing-an-end-to-ice-detention-in-the-state\/","name":"Un juez avala la ley Illinois Way Forward, que pone fin a la detenci\u00f3n por el ICE en el estado - Borderless Magazine NFP","isPartOf":{"@id":"https:\/\/borderlessmag.org\/#website"},"primaryImageOfPage":{"@id":"https:\/\/borderlessmag.org\/2021\/12\/07\/judge-upholds-illinois-way-forward-act-sealing-an-end-to-ice-detention-in-the-state\/#primaryimage"},"image":{"@id":"https:\/\/borderlessmag.org\/2021\/12\/07\/judge-upholds-illinois-way-forward-act-sealing-an-end-to-ice-detention-in-the-state\/#primaryimage"},"thumbnailUrl":"https:\/\/borderlessmag.org\/wordpress\/wp-content\/uploads\/2021\/07\/ICIRRProtest_CF_04.jpg","datePublished":"2021-12-07T22:35:23+00:00","dateModified":"2025-10-09T16:01:02+00:00","description":"Un juez federal desestim\u00f3 una demanda presentada por dos condados de Illinois que esperaban mantener sus lucrativos contratos de detenci\u00f3n con el ICE. Estos contratos se eliminar\u00e1n progresivamente a partir del 1 de enero.","inLanguage":"es","potentialAction":[{"@type":"ReadAction","target":["https:\/\/borderlessmag.org\/2021\/12\/07\/judge-upholds-illinois-way-forward-act-sealing-an-end-to-ice-detention-in-the-state\/"]}]},{"@type":"ImageObject","inLanguage":"es","@id":"https:\/\/borderlessmag.org\/2021\/12\/07\/judge-upholds-illinois-way-forward-act-sealing-an-end-to-ice-detention-in-the-state\/#primaryimage","url":"https:\/\/borderlessmag.org\/wordpress\/wp-content\/uploads\/2021\/07\/ICIRRProtest_CF_04.jpg","contentUrl":"https:\/\/borderlessmag.org\/wordpress\/wp-content\/uploads\/2021\/07\/ICIRRProtest_CF_04.jpg","caption":"Demonstrators listen to advocates speak against the detention of immigrants during a rally held by the Illinois Coalition for Immigrant and Refugee Rights on July 8, 2021 in downtown Chicago, Ill."},{"@type":"WebSite","@id":"https:\/\/borderlessmag.org\/#website","url":"https:\/\/borderlessmag.org\/","name":"Revista Borderless NFP","description":"Historias sobre inmigraci\u00f3n e inmigrantes","publisher":{"@id":"https:\/\/borderlessmag.org\/#organization"},"alternateName":"Borderless","potentialAction":[{"@type":"SearchAction","target":{"@type":"EntryPoint","urlTemplate":"https:\/\/borderlessmag.org\/?s={search_term_string}"},"query-input":{"@type":"PropertyValueSpecification","valueRequired":true,"valueName":"search_term_string"}}],"inLanguage":"es"},{"@type":"Organization","@id":"https:\/\/borderlessmag.org\/#organization","name":"Revista Borderless NFP","alternateName":"Borderless Mag","url":"https:\/\/borderlessmag.org\/","logo":{"@type":"ImageObject","inLanguage":"es","@id":"https:\/\/borderlessmag.org\/#\/schema\/logo\/image\/","url":"https:\/\/borderlessmag.org\/wordpress\/wp-content\/uploads\/2025\/08\/BorderlessLogo_main_square.jpg","contentUrl":"https:\/\/borderlessmag.org\/wordpress\/wp-content\/uploads\/2025\/08\/BorderlessLogo_main_square.jpg","width":696,"height":696,"caption":"Borderless Magazine NFP"},"image":{"@id":"https:\/\/borderlessmag.org\/#\/schema\/logo\/image\/"},"sameAs":["https:\/\/www.facebook.com\/BorderlessMagazine","https:\/\/www.instagram.com\/borderless_mag\/","https:\/\/www.tiktok.com\/@borderless_mag"]},{"@type":"Person","@id":"https:\/\/borderlessmag.org\/#\/schema\/person\/4250b014f4cc7cf8c287667868043b81","name":"Carlos Ballesteros","image":{"@type":"ImageObject","inLanguage":"es","@id":"https:\/\/secure.gravatar.com\/avatar\/205463ef16779b3a260153939afce267f70a31543e6191bfa93a84a534310d90?s=96&d=mm&r=g10f08e886acac38b2bde0eb8cfeff78e","url":"https:\/\/secure.gravatar.com\/avatar\/205463ef16779b3a260153939afce267f70a31543e6191bfa93a84a534310d90?s=96&d=mm&r=g","contentUrl":"https:\/\/secure.gravatar.com\/avatar\/205463ef16779b3a260153939afce267f70a31543e6191bfa93a84a534310d90?s=96&d=mm&r=g","caption":"Carlos Ballesteros"},"url":"https:\/\/borderlessmag.org\/es\/author\/carlos-ballesteros\/"}]}},"cc_featured_image_caption":{"caption_text":"Demonstrators listen to advocates speak against the detention and deportation of immigrants during a rally held by the Illinois Coalition for Immigrant and Refugee Rights on July 8, 2021 in downtown Chicago, Ill.","source_text":"","source_url":""},"_links":{"self":[{"href":"https:\/\/borderlessmag.org\/es\/wp-json\/wp\/v2\/posts\/8498","targetHints":{"allow":["GET"]}}],"collection":[{"href":"https:\/\/borderlessmag.org\/es\/wp-json\/wp\/v2\/posts"}],"about":[{"href":"https:\/\/borderlessmag.org\/es\/wp-json\/wp\/v2\/types\/post"}],"author":[{"embeddable":true,"href":"https:\/\/borderlessmag.org\/es\/wp-json\/wp\/v2\/users\/24"}],"replies":[{"embeddable":true,"href":"https:\/\/borderlessmag.org\/es\/wp-json\/wp\/v2\/comments?post=8498"}],"version-history":[{"count":1,"href":"https:\/\/borderlessmag.org\/es\/wp-json\/wp\/v2\/posts\/8498\/revisions"}],"predecessor-version":[{"id":29898,"href":"https:\/\/borderlessmag.org\/es\/wp-json\/wp\/v2\/posts\/8498\/revisions\/29898"}],"wp:featuredmedia":[{"embeddable":true,"href":"https:\/\/borderlessmag.org\/es\/wp-json\/wp\/v2\/media\/6400"}],"wp:attachment":[{"href":"https:\/\/borderlessmag.org\/es\/wp-json\/wp\/v2\/media?parent=8498"}],"wp:term":[{"taxonomy":"category","embeddable":true,"href":"https:\/\/borderlessmag.org\/es\/wp-json\/wp\/v2\/categories?post=8498"},{"taxonomy":"post_tag","embeddable":true,"href":"https:\/\/borderlessmag.org\/es\/wp-json\/wp\/v2\/tags?post=8498"},{"taxonomy":"author","embeddable":true,"href":"https:\/\/borderlessmag.org\/es\/wp-json\/wp\/v2\/coauthors?post=8498"}],"curies":[{"name":"wp","href":"https:\/\/api.w.org\/{rel}","templated":true}]}}