{"id":7028,"date":"2021-09-23T10:54:23","date_gmt":"2021-09-23T15:54:23","guid":{"rendered":"https:\/\/borderlessmag.org\/?p=7028"},"modified":"2022-01-04T21:27:39","modified_gmt":"2022-01-05T03:27:39","slug":"artistas-inmigrantes-pierden-su-hogar-tras-un-contencioso-desalojo","status":"publish","type":"post","link":"https:\/\/borderlessmag.org\/es\/2021\/09\/23\/artistas-inmigrantes-pierden-su-hogar-despues-de-un-contencioso-desalojo\/","title":{"rendered":"Artistas inmigrantes pierden su hogar tras un contencioso desalojo"},"content":{"rendered":"<div id=\"fws_69ee4e406af97\"  data-column-margin=\"default\" data-midnight=\"dark\"  class=\"wpb_row vc_row-fluid vc_row\"  style=\"padding-top: 0px; padding-bottom: 0px; \"><div class=\"row-bg-wrap\" data-bg-animation=\"none\" data-bg-animation-delay=\"\" data-bg-overlay=\"false\"><div class=\"inner-wrap row-bg-layer\" ><div class=\"row-bg viewport-desktop\"  style=\"\"><\/div><\/div><\/div><div class=\"row_col_wrap_12 col span_12 dark left\">\n\t<div  class=\"vc_col-sm-2 vc_hidden-sm vc_hidden-xs wpb_column column_container vc_column_container col no-extra-padding inherit_tablet inherit_phone\"  data-padding-pos=\"all\" data-has-bg-color=\"false\" data-bg-color=\"\" data-bg-opacity=\"1\" data-animation=\"\" data-delay=\"0\" >\n\t\t<div class=\"vc_column-inner\" >\n\t\t\t<div class=\"wpb_wrapper\">\n\t\t\t\t\n\t\t\t<\/div> \n\t\t<\/div>\n\t<\/div> \n\n\t<div  class=\"vc_col-sm-8 wpb_column column_container vc_column_container col padding-3-percent inherit_tablet inherit_phone\"  data-padding-pos=\"all\" data-has-bg-color=\"false\" data-bg-color=\"\" data-bg-opacity=\"1\" data-animation=\"\" data-delay=\"0\" >\n\t\t<div class=\"vc_column-inner\" >\n\t\t\t<div class=\"wpb_wrapper\">\n\t\t\t\t\n<div class=\"wpb_text_column wpb_content_element\" >\n\t<p>En su \u00faltima noche en la casa donde vivieron alrededor de cinco a\u00f1os, Marcos Hern\u00e1ndez e Iv\u00e1n Cruz estaban inquietos.<\/p>\n<p>Los m\u00fasicos vaciaron todas las habitaciones, pidieron una pizza y recordaron su tiempo en una casa que tambi\u00e9n hab\u00edan construido como espacio comunitario con sus propios fondos. Tambi\u00e9n crearon una pancarta que colgar\u00edan del techo como mensaje final de despedida: \"El dinero no puede comprar la dignidad\"<\/p>\n<p><strong><span style=\"color: #800000;\"><a style=\"color: #800000;\" href=\"https:\/\/borderlessmag.org\/es\/2021\/09\/16\/artistas-inmigrantes-pierden-su-casa-tras-un-polemico-desahucio\/\">Leer en ingl\u00e9s<\/a><\/span><\/strong><\/p>\n<\/div>\n\n\n\n<div class=\"templatera_shortcode\">\n\t\t<div id=\"fws_69ee4e406c59f\"  data-column-margin=\"default\" data-midnight=\"dark\"  class=\"wpb_row vc_row-fluid vc_row vc_row-o-equal-height vc_row-flex vc_row-o-content-middle small\"  style=\"padding-top: 0px; padding-bottom: 0px; \"><div class=\"row-bg-wrap\" data-bg-animation=\"none\" data-bg-animation-delay=\"\" data-bg-overlay=\"false\"><div class=\"inner-wrap row-bg-layer\" ><div class=\"row-bg viewport-desktop\"  style=\"\"><\/div><\/div><\/div><div class=\"row_col_wrap_12 col span_12 dark left\">\n\t<div  class=\"vc_col-sm-12 wpb_column column_container vc_column_container col no-extra-padding inherit_tablet inherit_phone border_color_909090 border_style_solid\"  data-padding-pos=\"all\" data-has-bg-color=\"false\" data-bg-color=\"\" data-bg-opacity=\"1\" data-animation=\"\" data-delay=\"0\" >\n\t\t<div class=\"vc_column-inner\" >\n\t\t\t<div class=\"wpb_wrapper\">\n\t\t\t\t\n\t\t<div id=\"fws_69ee4e406d0f1\"  data-column-margin=\"default\" data-midnight=\"dark\"  class=\"wpb_row vc_row-fluid vc_row vc_row-o-equal-height vc_row-flex vc_row-o-content-middle large top_margin_20px bottom_margin_20px\"  style=\"padding-top: 0px; padding-bottom: 0px; \"><div class=\"row-bg-wrap\" data-bg-animation=\"none\" data-bg-animation-delay=\"\" data-bg-overlay=\"true\"><div class=\"inner-wrap row-bg-layer\" ><div class=\"row-bg viewport-desktop\"  style=\"\"><\/div><\/div><div class=\"row-bg-overlay row-bg-layer\" style=\"background: #FFFFFF; background: linear-gradient(90deg,#FFFFFF 0%,#FFFFFF 100%);  opacity: 1; \"><\/div><\/div><div class=\"row_col_wrap_12 col span_12 dark left\">\n\t<div  class=\"vc_col-sm-12 wpb_column column_container vc_column_container col padding-3-percent force-phone-text-align-center inherit_tablet inherit_phone border_top_desktop_1px border_bottom_desktop_1px border_color_FFFFFF border_style_solid\"  data-padding-pos=\"all\" data-has-bg-color=\"false\" data-bg-color=\"\" data-bg-opacity=\"1\" data-animation=\"\" data-delay=\"0\" >\n\t\t<div class=\"vc_column-inner\" >\n\t\t\t<div class=\"wpb_wrapper\">\n\t\t\t\t<div id=\"fws_69ee4e406d79a\" data-midnight=\"\" data-column-margin=\"default\" class=\"wpb_row vc_row-fluid vc_row inner_row vc_row-o-equal-height vc_row-flex vc_row-o-content-middle\"  style=\"\"><div class=\"row-bg-wrap\"> <div class=\"row-bg\" ><\/div> <\/div><div class=\"row_col_wrap_12_inner col span_12  left\">\n\t<div  class=\"vc_col-sm-7 wpb_column column_container vc_column_container col child_column no-extra-padding inherit_tablet inherit_phone\"   data-padding-pos=\"all\" data-has-bg-color=\"false\" data-bg-color=\"\" data-bg-opacity=\"1\" data-animation=\"\" data-delay=\"0\" >\n\t\t<div class=\"vc_column-inner\" >\n\t\t<div class=\"wpb_wrapper\">\n\t\t\t\n<div class=\"wpb_text_column wpb_content_element\" >\n\t<h4 id=\"news-that-puts-power-under-the-spotlight-and-communities-at-the-center\"><strong>Noticias que ponen el poder en el punto de mira y a las comunidades en el centro.<\/strong><\/h4>\n<p>Suscr\u00edbase a nuestro bolet\u00edn gratuito y reciba actualizaciones dos veces por semana.<\/p>\n<\/div>\n\n\n\n\n\t\t<\/div> \n\t<\/div>\n\t<\/div> \n\n\t<div style=\"margin-top: -20px; \" class=\"vc_col-sm-5 wpb_column column_container vc_column_container col child_column neg-marg no-extra-padding inherit_tablet inherit_phone\"   data-padding-pos=\"all\" data-has-bg-color=\"false\" data-bg-color=\"\" data-bg-opacity=\"1\" data-animation=\"\" data-delay=\"0\" >\n\t\t<div class=\"vc_column-inner\" >\n\t\t<div class=\"wpb_wrapper\">\n\t\t\t\n\t<div class=\"wpb_raw_code wpb_raw_html wpb_content_element\" >\n\t\t<div class=\"wpb_wrapper\">\n\t\t\t<div class=\"_form_1\"><\/div><script src=\"https:\/\/borderlessmag.bluelena.io\/f\/embed.php?id=1\" charset=\"utf-8\"><\/script>\n\t\t<\/div>\n\t<\/div>\n\n\t\t<\/div> \n\t<\/div>\n\t<\/div> \n<\/div><\/div>\n\t\t\t<\/div> \n\t\t<\/div>\n\t<\/div> \n<\/div><\/div>\n\n\t\t\t<\/div> \n\t\t<\/div>\n\t<\/div> \n<\/div><\/div><\/div>\n<div class=\"wpb_text_column wpb_content_element\" >\n\t<p>Aquellos familiarizados con este espacio para la m\u00fasica, las artes y el apoyo comunitario, en 3200 S. Kedzie en Little Village, lo llamaron La Casa del Inmigrante. Sus residentes a menudo presentaban espect\u00e1culos de punk, a veces como recaudaci\u00f3n de fondos para apoyar causas sociales en M\u00e9xico, desde los esfuerzos de ayuda por el terremoto, hasta las operaciones de una biblioteca anarquista. Cuando los reci\u00e9n llegados, generalmente inmigrantes de M\u00e9xico, necesitaban un lugar para quedarse pod\u00edan encontrar un hogar all\u00ed.<\/p>\n<\/div>\n\n\n\n\n\t\t\t<\/div> \n\t\t<\/div>\n\t<\/div> \n\n\t<div  class=\"vc_col-sm-2 vc_hidden-sm vc_hidden-xs wpb_column column_container vc_column_container col no-extra-padding inherit_tablet inherit_phone\"  data-padding-pos=\"all\" data-has-bg-color=\"false\" data-bg-color=\"\" data-bg-opacity=\"1\" data-animation=\"\" data-delay=\"0\" >\n\t\t<div class=\"vc_column-inner\" >\n\t\t\t<div class=\"wpb_wrapper\">\n\t\t\t\t\n\t\t\t<\/div> \n\t\t<\/div>\n\t<\/div> \n<\/div><\/div>\n\t\t<div id=\"fws_69ee4e406f422\"  data-column-margin=\"default\" data-midnight=\"dark\"  class=\"wpb_row vc_row-fluid vc_row article-image\"  style=\"padding-top: 0px; padding-bottom: 0px; \"><div class=\"row-bg-wrap\" data-bg-animation=\"none\" data-bg-animation-delay=\"\" data-bg-overlay=\"false\"><div class=\"inner-wrap row-bg-layer\" ><div class=\"row-bg viewport-desktop\"  style=\"\"><\/div><\/div><\/div><div class=\"row_col_wrap_12 col span_12 dark left\">\n\t<div  class=\"vc_col-sm-12 wpb_column column_container vc_column_container col no-extra-padding inherit_tablet inherit_phone\"  data-padding-pos=\"all\" data-has-bg-color=\"false\" data-bg-color=\"\" data-bg-opacity=\"1\" data-animation=\"\" data-delay=\"0\" >\n\t\t<div class=\"vc_column-inner\" >\n\t\t\t<div class=\"wpb_wrapper\">\n\t\t\t\t<div class=\"img-with-aniamtion-wrap center\" data-max-width=\"100%\" data-max-width-mobile=\"default\" data-shadow=\"none\" data-animation=\"fade-in\" >\r\n      <div class=\"inner\">\r\n        <div class=\"hover-wrap\"> \r\n          <div class=\"hover-wrap-inner\">\r\n            <img decoding=\"async\" class=\"img-with-animation skip-lazy\" data-delay=\"0\" height=\"100\" width=\"100\" data-animation=\"fade-in\" src=\"https:\/\/borderlessmag.org\/wordpress\/wp-content\/uploads\/2021\/09\/Marcos-Hernandez-1024x683-1.jpg\" alt=\"\"  \/>\r\n         <\/div>\r\n      <\/div><span class=\"vc_figure-caption ccfic-text media-caption\">Marcos Hernandez observa la pancarta que los residentes de 3200 S. Kedzie hicieron y dejaron intencionalmente la ma\u00f1ana de su desalojo el 9 de septiembre de 2021 en Chicago, Ill.<\/span><span class=\"media-credit\">Foto de Samantha Cabrera Friend para Borderless Magazine<\/span><\/div><\/div>\n\t\t\t<\/div> \n\t\t<\/div>\n\t<\/div> \n<\/div><\/div>\n\t\t<div id=\"fws_69ee4e4070341\"  data-column-margin=\"default\" data-midnight=\"dark\"  class=\"wpb_row vc_row-fluid vc_row\"  style=\"padding-top: 0px; padding-bottom: 0px; \"><div class=\"row-bg-wrap\" data-bg-animation=\"none\" data-bg-animation-delay=\"\" data-bg-overlay=\"false\"><div class=\"inner-wrap row-bg-layer\" ><div class=\"row-bg viewport-desktop\"  style=\"\"><\/div><\/div><\/div><div class=\"row_col_wrap_12 col span_12 dark left\">\n\t<div  class=\"vc_col-sm-2 vc_hidden-sm vc_hidden-xs wpb_column column_container vc_column_container col no-extra-padding inherit_tablet inherit_phone\"  data-padding-pos=\"all\" data-has-bg-color=\"false\" data-bg-color=\"\" data-bg-opacity=\"1\" data-animation=\"\" data-delay=\"0\" >\n\t\t<div class=\"vc_column-inner\" >\n\t\t\t<div class=\"wpb_wrapper\">\n\t\t\t\t\n\t\t\t<\/div> \n\t\t<\/div>\n\t<\/div> \n\n\t<div  class=\"vc_col-sm-8 wpb_column column_container vc_column_container col padding-3-percent inherit_tablet inherit_phone\"  data-padding-pos=\"all\" data-has-bg-color=\"false\" data-bg-color=\"\" data-bg-opacity=\"1\" data-animation=\"\" data-delay=\"0\" >\n\t\t<div class=\"vc_column-inner\" >\n\t\t\t<div class=\"wpb_wrapper\">\n\t\t\t\t\n<div class=\"wpb_text_column wpb_content_element\" >\n\t<p>El jueves 9 de septiembre termin\u00f3 esa era de \"La Casa\" cuando sus residentes se vieron obligados a irse por un desalojo ordenado por la corte. Hern\u00e1ndez, Cruz y otros tres artistas que viven en el espacio lucharon contra el desalojo durante el a\u00f1o pasado en un caso que se desarroll\u00f3 durante la pandemia de COVID-19 y una moratoria de desalojo en todo el estado. El propietario del edificio, Chicago Southwest Development Corporation, planea demoler el edificio y utilizar el terreno despejado para el <a href=\"https:\/\/focalpointchicago.org\/\">Campus comunitario Focal Point<\/a> de 32 acres. El campus albergar\u00eda una nueva instalaci\u00f3n hospitalaria de St. Anthony, tiendas minoristas de uso mixto y posibles residencias.<\/p>\n<p>CSDC, cuyo director ejecutivo, Guy Medaglia, tambi\u00e9n dirige el Hospital St. Anthony, dijo coment\u00f3 que la propiedad nunca se dividi\u00f3 en zonas para uso residencial. Pero debido a que el desarrollador no pudo entregar una copia de la citaci\u00f3n y la denuncia a los residentes, no pudo desalojarlos durante varios meses.<\/p>\n<p>\"Est\u00e1n violando la ley no solo al entrar sin autorizaci\u00f3n, sino al convertir parte del edificio en una unidad de vivienda residencial\", dijo Lenny Asaro, un abogado que representa a la CSDC, <a href=\"https:\/\/borderlessmag.org\/es\/2021\/02\/24\/en-un-pueblecito-una-comuna-de-artistas-liderada-por-inmigrantes-resiste-al-desalojo-de-un-promotor-inmobiliario\/\">en febrero<\/a>. \"Nunca tuvieron derecho a ocupar el edificio\".<\/p>\n<p>En una audiencia el 23 de julio, los abogados del grupo argumentaron que debido a que la moratoria tiene como objetivo evitar la falta de vivienda o la congesti\u00f3n de personas que se mudan a las casas de otros durante una pandemia global, tambi\u00e9n se aplicar\u00eda en este caso.<\/p>\n<\/div>\n\n\n\n\n<div class=\"wpb_text_column wpb_content_element\" >\n\t<p style=\"text-align: center;\"><iframe loading=\"lazy\" title=\"Reproductor de v\u00eddeo YouTube\" src=\"https:\/\/www.youtube.com\/embed\/AfUL9ABAicU\" width=\"560\" height=\"315\" frameborder=\"0\" allowfullscreen=\"allowfullscreen\" data-mce-fragment=\"1\"><span data-mce-type=\"bookmark\" style=\"display: inline-block; width: 0px; overflow: hidden; line-height: 0;\" class=\"mce_SELRES_start\"><\/span><\/iframe><\/p>\n<p>Marcos Hernandez narra el mensaje de una pancarta de que \u00e9l y sus compa\u00f1eros residentes de 3200 S. Kedzie dejaron la ma\u00f1ana de su desalojo el 9 de septiembre del 2021 en Chicago, Ill. La pancarta dice: \"En esta casa, se dieron lecciones de solidaridad, apoyo mutuo, arte, m\u00fasica y justicia, pero la lecci\u00f3n m\u00e1s hermosa se la dimos al hospital St. Anthony, Chicago Southwest Development Corporation. Aprendieron que el dinero no compra la dignidad. Video cortes\u00eda de Marcos Hernandez<\/p>\n<\/div>\n\n\n\n\n<div class=\"wpb_text_column wpb_content_element\" >\n\t<p>\"Claramente, esa preocupaci\u00f3n es igualmente relevante en la cuesti\u00f3n del desplazamiento de los grupos\", dijo Sally Robinson, una de las abogadas de los residentes.<\/p>\n<p>Los abogados de la CSDC argumentaron que estaban invadiendo y por lo tanto no estaban protegidos por la moratoria.<\/p>\n<p>Mientras presionan por el derecho a permanecer bajo la moratoria de desalojo, los artistas se han enfrentado al acoso de la seguridad y la polic\u00eda. En octubre pasado, la CSDC contrat\u00f3 a American Demolition para que erigiera cercas alrededor del edificio, lo que imped\u00eda a los residentes acceder a sus autos.<\/p>\n<\/div>\n\n\n\n<div id=\"fws_69ee4e4070f05\" data-midnight=\"\" data-column-margin=\"default\" class=\"wpb_row vc_row-fluid vc_row inner_row\"  style=\"\"><div class=\"row-bg-wrap\"> <div class=\"row-bg\" ><\/div> <\/div><div class=\"row_col_wrap_12_inner col span_12  left\">\n\t<div  class=\"vc_col-sm-12 wpb_column column_container vc_column_container col child_column no-extra-padding inherit_tablet inherit_phone border_bottom_desktop_1px border_color_000000 border_style_solid\"   data-padding-pos=\"all\" data-has-bg-color=\"false\" data-bg-color=\"\" data-bg-opacity=\"1\" data-animation=\"\" data-delay=\"0\" >\n\t\t<div class=\"vc_column-inner\" >\n\t\t<div class=\"wpb_wrapper\">\n\t\t\t<div class=\"vc_separator wpb_content_element vc_separator_align_center vc_sep_width_100 vc_sep_pos_align_center vc_sep_color_black wpb_content_element vc_separator-has-text\" ><span class=\"vc_sep_holder vc_sep_holder_l\"><span class=\"vc_sep_line\"><\/span><\/span><h4 id=\"read-more-of-our-coverage\">M\u00e1s informaci\u00f3n<\/h4><span class=\"vc_sep_holder vc_sep_holder_r\"><span class=\"vc_sep_line\"><\/span><\/span>\n<\/div>\n<div class=\"wpb_text_column wpb_content_element\" >\n\t\t\t<div class=\"pk-inline-posts\">\n\t\t\t\n\t\t\t<div class=\"pk-inline-posts-container pk-inline-posts-template-list\"\n\t\t\t\tdata-columns=\"1\">\n\t\t\t\t\t\t<article id=\"post-5878\" class=\"post-5878 post type-post status-publish format-standard has-post-thumbnail category-as-told-to tag-femme\">\n\t\t\t<div class=\"pk-post-outer\">\n\n\t\t\t\t\t\t\t\t<div class=\"pk-post-inner\">\n\t\t\t\t\t<div class=\"entry-thumbnail\">\n\t\t\t\t\t\t<div class=\"pk-overlay pk-overlay-ratio pk-ratio-landscape\">\n\t\t\t\t\t\t\t<div class=\"pk-overlay-background\">\n\t\t\t\t\t\t\t\t<a href=\"https:\/\/borderlessmag.org\/es\/2021\/05\/13\/how-a-femme-liberation-collective-is-practicing-community-care\/\" class=\"pk-overlay-link\">\n\t\t\t\t\t\t\t\t\t<img decoding=\"async\" width=\"1\" height=\"1\" src=\"https:\/\/borderlessmag.org\/wordpress\/wp-content\/uploads\/2021\/05\/20210409_FemmeDefensa_059_featured.jpg\" class=\"attachment-pk-thumbnail size-pk-thumbnail wp-post-image\" alt=\"g\u00e9nero, violencia, dom\u00e9stica, femme, Little Village, Chicago, Pilsen, comunidad, cuidado, protecci\u00f3n, supervivientes, inmigrante, fuerza, seguridad, alimentos , vivienda, huerto, Granja La Ruda, Femme Defensa\" \/>\t\t\t\t\t\t\t\t<\/a>\n\t\t\t\t\t\t\t<\/div>\n\t\t\t\t\t\t<\/div>\n\t\t\t\t\t<\/div>\n\t\t\t\t<\/div>\n\t\t\t\t\n\t\t\t\t<div class=\"pk-post-inner\">\n\t\t\t\t\t<header>\n\t\t\t\t\t\t<h3 class=\"pk-title\"><a href=\"https:\/\/borderlessmag.org\/es\/2021\/05\/13\/how-a-femme-liberation-collective-is-practicing-community-care\/\" rel=\"bookmark\">C\u00f3mo un colectivo de liberaci\u00f3n femenina practica la atenci\u00f3n comunitaria<\/a><\/h3>\t\t\t\t\t\t\t<div class=\"pk-post-meta\">\n\t\t\t\t\t\t\t\t<span class=\"pk-meta-author meta-author\"><span class=\"author vcard\"><a class=\"url fn n\" href=\"https:\/\/borderlessmag.org\/es\/author\/april-alonso\/\" title=\"Ver todas las entradas de April Alonso\">Abril Alonso<\/a><\/span><\/span>\t\t\t\t\t\t\t\t<span class=\"sep\">-<\/span>\n\t\t\t\t\t\t\t\t<span class=\"pk-meta-date meta-date\"><a href=\"https:\/\/borderlessmag.org\/es\/2021\/05\/13\/how-a-femme-liberation-collective-is-practicing-community-care\/\" rel=\"bookmark\">13 de mayo de 2021<\/a><\/span>\t\t\t\t\t\t\t<\/div>\n\t\t\t\t\t\t\t\t\t\t\t\t<\/header><!-- .entry-header -->\n\t\t\t\t<\/div><!-- .post-inner -->\n\n\t\t\t<\/div><!-- .post-outer -->\n\t\t<\/article>\n\t\t\t\t<\/div>\n\t\t<\/div>\n\t\t\n<\/div>\n\n\n\n\n\t\t<\/div> \n\t<\/div>\n\t<\/div> \n<\/div><\/div>\n<div class=\"wpb_text_column wpb_content_element\" >\n\t<p>template=\"lista\"]<\/p>\n<p>\"Tuvimos que lidiar con la ciudad, con Saint Anthony, con American Demolition\", dijo Cruz. \"En ese momento incluso vinieron y empezaron a hacer algunas demoliciones en la parte delantera y trasera. Les dijimos: \"\u00bfPor qu\u00e9 est\u00e1n haciendo una demolici\u00f3n? Est\u00e1s poniendo nuestras vidas en riesgo\".<\/p>\n<p>\"Sab\u00edamos que no est\u00e1bamos en contra de un propietario normal\", agreg\u00f3 Hern\u00e1ndez. \"Nos enfrent\u00e1bamos a una empresa privada que ten\u00eda a sus perros guardianes y secuaces a su lado\".<\/p>\n<p>CSDC no respondi\u00f3 a m\u00faltiples solicitudes de comentarios sobre el desalojo y los detalles del caso.<\/p>\n<\/div>\n\n\n\n\n\t\t\t<\/div> \n\t\t<\/div>\n\t<\/div> \n\n\t<div  class=\"vc_col-sm-2 vc_hidden-sm vc_hidden-xs wpb_column column_container vc_column_container col no-extra-padding inherit_tablet inherit_phone\"  data-padding-pos=\"all\" data-has-bg-color=\"false\" data-bg-color=\"\" data-bg-opacity=\"1\" data-animation=\"\" data-delay=\"0\" >\n\t\t<div class=\"vc_column-inner\" >\n\t\t\t<div class=\"wpb_wrapper\">\n\t\t\t\t\n\t<div class=\"wpb_widgetised_column wpb_content_element\">\n\t\t<div id=\"sidebar\" data-nectar-ss=\"true\" class=\"wpb_wrapper\">\n\t\t\t<div id=\"custom_html-4 1articleright\" class=\"widget_text widget widget_custom_html\"><h3 id=\"wordpress-popular-posts\" class=\"widget-title\">Entradas populares de WordPress<\/h3><div class=\"textwidget custom-html-widget\"><h4 id=\"trending-posts\" class=\"widget-title\">Tendencias<\/h4><div class=\"wpp-shortcode\"><script type=\"application\/json\" data-id=\"wpp-shortcode-inline-js\">{\"title\":\"Trending Posts\",\"limit\":\"3\",\"offset\":0,\"range\":\"custom\",\"time_quantity\":\"124\",\"time_unit\":\"day\",\"freshness\":\"1\",\"order_by\":\"views\",\"post_type\":\"post\",\"pid\":\"\",\"exclude\":\"\",\"cat\":\"\",\"taxonomy\":\"category\",\"term_id\":\"\",\"author\":\"\",\"shorten_title\":{\"active\":false,\"length\":0,\"words\":false},\"post-excerpt\":{\"active\":false,\"length\":0,\"keep_format\":false,\"words\":false},\"thumbnail\":{\"active\":true,\"build\":\"predefined\",\"width\":\"240\",\"height\":\"160\"},\"rating\":false,\"stats_tag\":{\"comment_count\":false,\"views\":false,\"author\":false,\"date\":{\"active\":false,\"format\":\"F j, Y\"},\"category\":false,\"taxonomy\":{\"active\":false,\"name\":\"category\"}},\"markup\":{\"custom_html\":true,\"wpp-start\":\"&lt;ul class=&quot;wpp-list wpp-cardview&quot;&gt;\",\"wpp-end\":\"&lt;\\\/ul&gt;\",\"title-start\":\"&lt;h4 class=&quot;widget-title&quot;&gt;\",\"title-end\":\"&lt;\\\/h4&gt;\",\"post-html\":\"&lt;li&gt;{thumb} {title} {stats}&lt;\\\/li&gt;\"},\"theme\":{\"name\":\"\"}}<\/script><div class=\"wpp-shortcode-placeholder\"><\/div><\/div><\/div><\/div>\n\t\t<\/div> \n\t<\/div> \n\t\t\t<\/div> \n\t\t<\/div>\n\t<\/div> \n<\/div><\/div>\n\t\t<div id=\"fws_69ee4e40757d9\"  data-column-margin=\"default\" data-midnight=\"dark\"  class=\"wpb_row vc_row-fluid vc_row article-image\"  style=\"padding-top: 0px; padding-bottom: 0px; \"><div class=\"row-bg-wrap\" data-bg-animation=\"none\" data-bg-animation-delay=\"\" data-bg-overlay=\"false\"><div class=\"inner-wrap row-bg-layer\" ><div class=\"row-bg viewport-desktop\"  style=\"\"><\/div><\/div><\/div><div class=\"row_col_wrap_12 col span_12 dark left\">\n\t<div  class=\"vc_col-sm-12 wpb_column column_container vc_column_container col no-extra-padding inherit_tablet inherit_phone\"  data-padding-pos=\"all\" data-has-bg-color=\"false\" data-bg-color=\"\" data-bg-opacity=\"1\" data-animation=\"\" data-delay=\"0\" >\n\t\t<div class=\"vc_column-inner\" >\n\t\t\t<div class=\"wpb_wrapper\">\n\t\t\t\t<div class=\"img-with-aniamtion-wrap center\" data-max-width=\"100%\" data-max-width-mobile=\"default\" data-shadow=\"none\" data-animation=\"fade-in\" >\r\n      <div class=\"inner\">\r\n        <div class=\"hover-wrap\"> \r\n          <div class=\"hover-wrap-inner\">\r\n            <img decoding=\"async\" class=\"img-with-animation skip-lazy\" data-delay=\"0\" height=\"100\" width=\"100\" data-animation=\"fade-in\" src=\"https:\/\/borderlessmag.org\/wordpress\/wp-content\/uploads\/2021\/09\/couch-carry-1024x819-1.jpg\" alt=\"\"  \/>\r\n         <\/div>\r\n      <\/div><\/div><\/div>\n\t\t\t<\/div> \n\t\t<\/div>\n\t<\/div> \n<\/div><\/div>\n\t\t<div id=\"fws_69ee4e407649b\"  data-column-margin=\"default\" data-midnight=\"dark\"  class=\"wpb_row vc_row-fluid vc_row\"  style=\"padding-top: 0px; padding-bottom: 0px; \"><div class=\"row-bg-wrap\" data-bg-animation=\"none\" data-bg-animation-delay=\"\" data-bg-overlay=\"false\"><div class=\"inner-wrap row-bg-layer\" ><div class=\"row-bg viewport-desktop\"  style=\"\"><\/div><\/div><\/div><div class=\"row_col_wrap_12 col span_12 dark left\">\n\t<div  class=\"vc_col-sm-2 vc_hidden-sm vc_hidden-xs wpb_column column_container vc_column_container col no-extra-padding inherit_tablet inherit_phone\"  data-padding-pos=\"all\" data-has-bg-color=\"false\" data-bg-color=\"\" data-bg-opacity=\"1\" data-animation=\"\" data-delay=\"0\" >\n\t\t<div class=\"vc_column-inner\" >\n\t\t\t<div class=\"wpb_wrapper\">\n\t\t\t\t\n\t\t\t<\/div> \n\t\t<\/div>\n\t<\/div> \n\n\t<div  class=\"vc_col-sm-8 wpb_column column_container vc_column_container col padding-3-percent inherit_tablet inherit_phone\"  data-padding-pos=\"all\" data-has-bg-color=\"false\" data-bg-color=\"\" data-bg-opacity=\"1\" data-animation=\"\" data-delay=\"0\" >\n\t\t<div class=\"vc_column-inner\" >\n\t\t\t<div class=\"wpb_wrapper\">\n\t\t\t\t\n<div class=\"wpb_text_column wpb_content_element\" >\n\t<p>Kelli Dudley, abogada que representa a los residentes, describi\u00f3 una situaci\u00f3n que sus clientes creen que fue una t\u00e1ctica de desalojo inusual. En agosto, alguien cambi\u00f3 el n\u00famero en el edificio de 3200 a 3210 para que coincidiera con la orden del juez de desalojar a los residentes de 3210. Las im\u00e1genes de las c\u00e1maras de seguridad revisadas por la revista Borderless Magazine muestran cuando alguien, que seg\u00fan los m\u00fasicos es de CSDC, cambi\u00f3 los n\u00fameros en la puerta. El juez dictamin\u00f3 que su unidad era parte de la propiedad cubierta por la orden de desalojo.<\/p>\n<p>\"Nos ver\u00edamos como locos si nos hubi\u00e9ramos quedado sentados y dij\u00e9ramos: '\u00bfQu\u00e9 haremos si amenazan con meter a nuestro abogado en la c\u00e1rcel, y si cambian el n\u00famero el d\u00eda antes del desalojo?'\", dijo Dudley. \"Bueno, eso nunca hab\u00eda sucedido antes, pero sucedi\u00f3\".<\/p>\n<p>En diciembre de 2020, la CSDC le pidi\u00f3 a la ciudad que inspeccionara el edificio, presentando una solicitud a trav\u00e9s de la unidad de Control de Drogas y Pandillas. Dudley cuestion\u00f3 si esto es una se\u00f1al de c\u00f3mo se trata a las personas m\u00e1s vulnerables durante el proceso de desalojo. Decidi\u00f3 preguntar si los m\u00fasicos estaban siendo atacados injustamente, y en su investigaci\u00f3n mencion\u00f3 que la ciudad podr\u00eda enfrentar una posible demanda si se proced\u00eda a la inspecci\u00f3n.<\/p>\n<\/div>\n\n\n\n\n\t\t\t<\/div> \n\t\t<\/div>\n\t<\/div> \n\n\t<div  class=\"vc_col-sm-2 vc_hidden-sm vc_hidden-xs wpb_column column_container vc_column_container col no-extra-padding inherit_tablet inherit_phone\"  data-padding-pos=\"all\" data-has-bg-color=\"false\" data-bg-color=\"\" data-bg-opacity=\"1\" data-animation=\"\" data-delay=\"0\" >\n\t\t<div class=\"vc_column-inner\" >\n\t\t\t<div class=\"wpb_wrapper\">\n\t\t\t\t\n\t\t\t<\/div> \n\t\t<\/div>\n\t<\/div> \n<\/div><\/div>\n\t\t<div id=\"fws_69ee4e4077416\"  data-column-margin=\"default\" data-midnight=\"dark\"  class=\"wpb_row vc_row-fluid vc_row article-image\"  style=\"padding-top: 0px; padding-bottom: 0px; \"><div class=\"row-bg-wrap\" data-bg-animation=\"none\" data-bg-animation-delay=\"\" data-bg-overlay=\"false\"><div class=\"inner-wrap row-bg-layer\" ><div class=\"row-bg viewport-desktop\"  style=\"\"><\/div><\/div><\/div><div class=\"row_col_wrap_12 col span_12 dark left\">\n\t<div  class=\"vc_col-sm-12 wpb_column column_container vc_column_container col no-extra-padding inherit_tablet inherit_phone\"  data-padding-pos=\"all\" data-has-bg-color=\"false\" data-bg-color=\"\" data-bg-opacity=\"1\" data-animation=\"\" data-delay=\"0\" >\n\t\t<div class=\"vc_column-inner\" >\n\t\t\t<div class=\"wpb_wrapper\">\n\t\t\t\t<div class=\"img-with-aniamtion-wrap center\" data-max-width=\"100%\" data-max-width-mobile=\"default\" data-shadow=\"none\" data-animation=\"fade-in\" >\r\n      <div class=\"inner\">\r\n        <div class=\"hover-wrap\"> \r\n          <div class=\"hover-wrap-inner\">\r\n            <img decoding=\"async\" class=\"img-with-animation skip-lazy\" data-delay=\"0\" height=\"100\" width=\"100\" data-animation=\"fade-in\" src=\"https:\/\/borderlessmag.org\/wordpress\/wp-content\/uploads\/2021\/09\/covid-sheet-1024x819-1.jpg\" alt=\"\"  \/>\r\n         <\/div>\r\n      <\/div><span class=\"vc_figure-caption ccfic-text media-caption\">Los residentes de 3200 S. Kedzie dejaron pancartas intencionalmente la ma\u00f1ana de su desalojo el 9 de septiembre de 2021 en Chicago, Ill.<\/span><span class=\"media-credit\">Foto de Samantha Cabrera Friend para Borderless Magazine<\/span><\/div><\/div>\n\t\t\t<\/div> \n\t\t<\/div>\n\t<\/div> \n<\/div><\/div>\n\t\t<div id=\"fws_69ee4e407826b\"  data-column-margin=\"default\" data-midnight=\"dark\"  class=\"wpb_row vc_row-fluid vc_row\"  style=\"padding-top: 0px; padding-bottom: 0px; \"><div class=\"row-bg-wrap\" data-bg-animation=\"none\" data-bg-animation-delay=\"\" data-bg-overlay=\"false\"><div class=\"inner-wrap row-bg-layer\" ><div class=\"row-bg viewport-desktop\"  style=\"\"><\/div><\/div><\/div><div class=\"row_col_wrap_12 col span_12 dark left\">\n\t<div  class=\"vc_col-sm-2 vc_hidden-sm vc_hidden-xs wpb_column column_container vc_column_container col no-extra-padding inherit_tablet inherit_phone\"  data-padding-pos=\"all\" data-has-bg-color=\"false\" data-bg-color=\"\" data-bg-opacity=\"1\" data-animation=\"\" data-delay=\"0\" >\n\t\t<div class=\"vc_column-inner\" >\n\t\t\t<div class=\"wpb_wrapper\">\n\t\t\t\t\n\t\t\t<\/div> \n\t\t<\/div>\n\t<\/div> \n\n\t<div  class=\"vc_col-sm-8 wpb_column column_container vc_column_container col padding-3-percent inherit_tablet inherit_phone\"  data-padding-pos=\"all\" data-has-bg-color=\"false\" data-bg-color=\"\" data-bg-opacity=\"1\" data-animation=\"\" data-delay=\"0\" >\n\t\t<div class=\"vc_column-inner\" >\n\t\t\t<div class=\"wpb_wrapper\">\n\t\t\t\t\n<div class=\"wpb_text_column wpb_content_element\" >\n\t<p>\"No hab\u00eda ninguna raz\u00f3n para que esos cinco individuos fueran considerados de drogas y pandillas\", dijo Dudley. \"Le plante\u00e9 la pregunta a la ciudad: 'Oye, si me mudo con cinco ancianas blancas con perros rescatados y colchonetas de yoga, \u00bftodav\u00eda nos vas a llamar gente de drogas y pandillas?'\"<\/p>\n<p>Dudley pregunt\u00f3 a la ciudad si la solicitud de CSDC para esta inspecci\u00f3n violaba la Ley de Vivienda Justa, que proh\u00edbe la discriminaci\u00f3n en la vivienda por motivos de raza, color, nacionalidad, religi\u00f3n, sexo, estado familiar y discapacidad.<\/p>\n<p>Como resultado de esta investigaci\u00f3n, dijo Dudley, la ciudad retras\u00f3 la inspecci\u00f3n.<\/p>\n<p>Mientras los residentes reflexionaban sobre el proceso de desalojo, describieron sentir agresi\u00f3n por parte del desarrollador.<\/p>\n<p>\"No s\u00e9 por qu\u00e9 nos trataron tan injustamente. Tal vez porque somos inmigrantes, tal vez porque no hablamos un ingl\u00e9s perfecto \", dijo Hern\u00e1ndez. \"Antes que nada somos seres humanos, con o sin papeles. Pero a veces me pregunto si hubieran tratado a una persona blanca o a un ciudadano americano de manera distinta\".<\/p>\n<\/div>\n\n\n\n\n\t\t\t<\/div> \n\t\t<\/div>\n\t<\/div> \n\n\t<div  class=\"vc_col-sm-2 vc_hidden-sm vc_hidden-xs wpb_column column_container vc_column_container col no-extra-padding inherit_tablet inherit_phone\"  data-padding-pos=\"all\" data-has-bg-color=\"false\" data-bg-color=\"\" data-bg-opacity=\"1\" data-animation=\"\" data-delay=\"0\" >\n\t\t<div class=\"vc_column-inner\" >\n\t\t\t<div class=\"wpb_wrapper\">\n\t\t\t\t\n\t\t\t<\/div> \n\t\t<\/div>\n\t<\/div> \n<\/div><\/div>\n\t\t<div id=\"fws_69ee4e4079221\"  data-column-margin=\"default\" data-midnight=\"dark\"  class=\"wpb_row vc_row-fluid vc_row article-image\"  style=\"padding-top: 0px; padding-bottom: 0px; \"><div class=\"row-bg-wrap\" data-bg-animation=\"none\" data-bg-animation-delay=\"\" data-bg-overlay=\"false\"><div class=\"inner-wrap row-bg-layer\" ><div class=\"row-bg viewport-desktop\"  style=\"\"><\/div><\/div><\/div><div class=\"row_col_wrap_12 col span_12 dark left\">\n\t<div  class=\"vc_col-sm-12 wpb_column column_container vc_column_container col no-extra-padding inherit_tablet inherit_phone\"  data-padding-pos=\"all\" data-has-bg-color=\"false\" data-bg-color=\"\" data-bg-opacity=\"1\" data-animation=\"\" data-delay=\"0\" >\n\t\t<div class=\"vc_column-inner\" >\n\t\t\t<div class=\"wpb_wrapper\">\n\t\t\t\t<div class=\"img-with-aniamtion-wrap center\" data-max-width=\"100%\" data-max-width-mobile=\"default\" data-shadow=\"none\" data-animation=\"fade-in\" >\r\n      <div class=\"inner\">\r\n        <div class=\"hover-wrap\"> \r\n          <div class=\"hover-wrap-inner\">\r\n            <img decoding=\"async\" class=\"img-with-animation skip-lazy\" data-delay=\"0\" height=\"100\" width=\"100\" data-animation=\"fade-in\" src=\"https:\/\/borderlessmag.org\/wordpress\/wp-content\/uploads\/2021\/09\/IMG-2260b-1024x768-1.jpg\" alt=\"\"  \/>\r\n         <\/div>\r\n      <\/div><span class=\"vc_figure-caption ccfic-text media-caption\">Ivan Cruz y Marcos Hernandez hablan a una audiencia sobre su experiencia luchando contra el desalojo en la Universidad Popular el 4 de septiembre de 2021 en Chicago, Ill. Aproximadamente 30 personas asistieron al evento para recaudar fondos para los honorarios legales de La Casa del Inmigrante.<\/span><span class=\"media-credit\">Foto de Alex Arriaga para Borderless Magazine<\/span><\/div><\/div>\n\t\t\t<\/div> \n\t\t<\/div>\n\t<\/div> \n<\/div><\/div>\n\t\t<div id=\"fws_69ee4e4079fff\"  data-column-margin=\"default\" data-midnight=\"dark\"  class=\"wpb_row vc_row-fluid vc_row\"  style=\"padding-top: 0px; padding-bottom: 0px; \"><div class=\"row-bg-wrap\" data-bg-animation=\"none\" data-bg-animation-delay=\"\" data-bg-overlay=\"false\"><div class=\"inner-wrap row-bg-layer\" ><div class=\"row-bg viewport-desktop\"  style=\"\"><\/div><\/div><\/div><div class=\"row_col_wrap_12 col span_12 dark left\">\n\t<div  class=\"vc_col-sm-2 vc_hidden-sm vc_hidden-xs wpb_column column_container vc_column_container col no-extra-padding inherit_tablet inherit_phone\"  data-padding-pos=\"all\" data-has-bg-color=\"false\" data-bg-color=\"\" data-bg-opacity=\"1\" data-animation=\"\" data-delay=\"0\" >\n\t\t<div class=\"vc_column-inner\" >\n\t\t\t<div class=\"wpb_wrapper\">\n\t\t\t\t\n\t\t\t<\/div> \n\t\t<\/div>\n\t<\/div> \n\n\t<div  class=\"vc_col-sm-8 wpb_column column_container vc_column_container col padding-3-percent inherit_tablet inherit_phone\"  data-padding-pos=\"all\" data-has-bg-color=\"false\" data-bg-color=\"\" data-bg-opacity=\"1\" data-animation=\"\" data-delay=\"0\" >\n\t\t<div class=\"vc_column-inner\" >\n\t\t\t<div class=\"wpb_wrapper\">\n\t\t\t\t\n<div class=\"wpb_text_column wpb_content_element\" >\n\t<p>El s\u00e1bado pasado, antes del desalojo, los miembros de la comunidad se reunieron en el centro comunitario de la Universidad Popular para una recaudaci\u00f3n de fondos para cubrir algunos de los honorarios legales. Asisti\u00f3 el organizador del vecindario Lucky Camargo, quien ha sido franco sobre los derechos de los residentes y la necesidad de un desarrollo m\u00e1s orientado a la comunidad en Little Village.<\/p>\n<p>\"Ya est\u00e1n planeando c\u00f3mo cambiar\u00e1 este vecindario. Es hermoso, \u00bfqui\u00e9n no quiere eso? \"Camargo dijo in English mientras presentaba los planos arquitect\u00f3nicos para el campus de Focal Point. \"Pero lo que hemos visto con este tipo de proyectos es que las personas de bajos ingresos son expulsadas\".<\/p>\n<p>Si bien fueron expulsados y ahora viven separados, los cinco residentes restantes de Casa del Inmigrante ya est\u00e1n buscando un nuevo espacio compartido para continuar con su trabajo comunitario. Hern\u00e1ndez dijo que ya le hicieron una promesa a una comunidad en Puebla, M\u00e9xico, por 200 donaciones de zapatos, y planean encontrar nuevas formas de mantener vivas esas actividades.<\/p>\n<p>\"Haber estado en este lugar fue hermoso\", dijo Hern\u00e1ndez. \"Fue ching\u00f3n crear este lugar con nuestras propias manos, nuestro propio dinero y hacer lo que nuestro coraz\u00f3n nos dec\u00eda con nuestros ideales. Creen que perdimos algo, pero no perdimos\".<\/p>\n<p><em>Este art\u00edculo est\u00e1 traducido por Claudia Hern\u00e1ndez.<\/em><\/p>\n<\/div>\n\n\n\n\n\t\t\t<\/div> \n\t\t<\/div>\n\t<\/div> \n\n\t<div  class=\"vc_col-sm-2 vc_hidden-sm vc_hidden-xs wpb_column column_container vc_column_container col no-extra-padding inherit_tablet inherit_phone\"  data-padding-pos=\"all\" data-has-bg-color=\"false\" data-bg-color=\"\" data-bg-opacity=\"1\" data-animation=\"\" data-delay=\"0\" >\n\t\t<div class=\"vc_column-inner\" >\n\t\t\t<div class=\"wpb_wrapper\">\n\t\t\t\t\n\t\t\t<\/div> \n\t\t<\/div>\n\t<\/div> \n<\/div><\/div>\n\t\t<div id=\"fws_69ee4e407afe5\"  data-column-margin=\"default\" data-midnight=\"dark\"  class=\"wpb_row vc_row-fluid vc_row\"  style=\"padding-top: 0px; padding-bottom: 0px; \"><div class=\"row-bg-wrap\" data-bg-animation=\"none\" data-bg-animation-delay=\"\" data-bg-overlay=\"false\"><div class=\"inner-wrap row-bg-layer\" ><div class=\"row-bg viewport-desktop\"  style=\"\"><\/div><\/div><\/div><div class=\"row_col_wrap_12 col span_12 dark left\">\n\t<div  class=\"vc_col-sm-12 wpb_column column_container vc_column_container col no-extra-padding inherit_tablet inherit_phone\"  data-padding-pos=\"all\" data-has-bg-color=\"false\" data-bg-color=\"\" data-bg-opacity=\"1\" data-animation=\"\" data-delay=\"0\" >\n\t\t<div class=\"vc_column-inner\" >\n\t\t\t<div class=\"wpb_wrapper\">\n\t\t\t\t\n\t\t\t<\/div> \n\t\t<\/div>\n\t<\/div> \n<\/div><\/div>\n\t\t<div id=\"fws_69ee4e407b937\"  data-column-margin=\"default\" data-midnight=\"dark\"  class=\"wpb_row vc_row-fluid vc_row vc_row-o-equal-height vc_row-flex bottom-links\"  style=\"padding-top: 0px; padding-bottom: 0px; \"><div class=\"row-bg-wrap\" data-bg-animation=\"none\" data-bg-animation-delay=\"\" data-bg-overlay=\"false\"><div class=\"inner-wrap row-bg-layer\" ><div class=\"row-bg viewport-desktop\"  style=\"\"><\/div><\/div><\/div><div class=\"row_col_wrap_12 col span_12 dark left\">\n\t<div  class=\"vc_col-sm-8 wpb_column column_container vc_column_container col no-extra-padding inherit_tablet inherit_phone\"  data-padding-pos=\"all\" data-has-bg-color=\"false\" data-bg-color=\"\" data-bg-opacity=\"1\" data-animation=\"\" data-delay=\"0\" >\n\t\t<div class=\"vc_column-inner\" >\n\t\t\t<div class=\"wpb_wrapper\">\n\t\t\t\t\n\t<div class=\"wpb_widgetised_column wpb_content_element\">\n\t\t<div id=\"sidebar\" data-nectar-ss=\"\" class=\"wpb_wrapper\"><h2 id=\"related-stories\" class=\"wpb_heading wpb_widgetised_column_heading\">Historias relacionadas<\/h2>\n\t\t\t\n\t\t<\/div> \n\t<\/div> \n\t\t\t<\/div> \n\t\t<\/div>\n\t<\/div> \n\n\t<div  class=\"vc_col-sm-4 wpb_column column_container vc_column_container col no-extra-padding inherit_tablet inherit_phone\"  data-padding-pos=\"all\" data-has-bg-color=\"false\" data-bg-color=\"\" data-bg-opacity=\"1\" data-animation=\"\" data-delay=\"0\" >\n\t\t<div class=\"vc_column-inner\" >\n\t\t\t<div class=\"wpb_wrapper\">\n\t\t\t\t\n\t<div class=\"wpb_widgetised_column wpb_content_element\">\n\t\t<div id=\"sidebar\" data-nectar-ss=\"\" class=\"wpb_wrapper\"><h2 id=\"recent-stories\" class=\"wpb_heading wpb_widgetised_column_heading\">Historias recientes<\/h2>\n\t\t\t\n\t\t<\/div> \n\t<\/div> \n\t\t\t<\/div> \n\t\t<\/div>\n\t<\/div> \n<\/div><\/div>","protected":false},"excerpt":{"rendered":"<p>El urbanizador que orden\u00f3 el desalojo demoler\u00e1 el edificio ubicado en Little Village, el cual albergaba el espacio comunitario La Casa del Inmigrante.<\/p>","protected":false},"author":17,"featured_media":9303,"comment_status":"closed","ping_status":"closed","sticky":false,"template":"","format":"standard","meta":{"inline_featured_image":false,"footnotes":""},"categories":[1],"tags":[223],"coauthors":[237],"class_list":{"0":"post-7028","1":"post","2":"type-post","3":"status-publish","4":"format-standard","5":"has-post-thumbnail","7":"category-immigration-policy","8":"tag-lacasaeviction"},"yoast_head":"<!-- This site is optimized with the Yoast SEO Premium plugin v27.3 (Yoast SEO v27.3) - https:\/\/yoast.com\/product\/yoast-seo-premium-wordpress\/ -->\n<title>Immigrant Artists Lose Their Home After Eviction &#8211; Borderless Magazine NFP<\/title>\n<meta name=\"description\" content=\"El urbanizador que orden\u00f3 el desalojo demoler\u00e1 el edificio ubicado en Little Village, el cual albergaba el espacio comunitario La Casa del Inmigrante.\" \/>\n<meta name=\"robots\" content=\"index, follow, max-snippet:-1, max-image-preview:large, max-video-preview:-1\" \/>\n<link rel=\"canonical\" href=\"https:\/\/borderlessmag.org\/es\/2021\/09\/23\/artistas-inmigrantes-pierden-su-hogar-tras-un-contencioso-desalojo\/\" \/>\n<meta property=\"og:locale\" content=\"es_MX\" \/>\n<meta property=\"og:type\" content=\"article\" \/>\n<meta property=\"og:title\" content=\"Artistas inmigrantes pierden su hogar despu\u00e9s de un contencioso desalojo &#8211; Borderless Magazine NFP\" \/>\n<meta property=\"og:description\" content=\"Artistas inmigrantes pierden su hogar despu\u00e9s de un contencioso desalojo &#8211; Borderless Magazine NFP\" \/>\n<meta property=\"og:url\" content=\"https:\/\/borderlessmag.org\/es\/2021\/09\/23\/artistas-inmigrantes-pierden-su-hogar-tras-un-contencioso-desalojo\/\" \/>\n<meta property=\"og:site_name\" content=\"Borderless Magazine NFP\" \/>\n<meta property=\"article:publisher\" content=\"https:\/\/www.facebook.com\/BorderlessMagazine\" \/>\n<meta property=\"article:published_time\" content=\"2021-09-23T15:54:23+00:00\" \/>\n<meta property=\"article:modified_time\" content=\"2022-01-05T03:27:39+00:00\" \/>\n<meta property=\"og:image\" content=\"https:\/\/borderlessmag.org\/wordpress\/wp-content\/uploads\/2022\/01\/2021_09_09_BL_3200KEDZIE_SAMANTHACABRERAFRIEND_28_featured.jpg\" \/>\n\t<meta property=\"og:image:width\" content=\"1500\" \/>\n\t<meta property=\"og:image:height\" content=\"775\" \/>\n\t<meta property=\"og:image:type\" content=\"image\/jpeg\" \/>\n<meta name=\"author\" content=\"April Alonso\" \/>\n<meta name=\"twitter:card\" content=\"summary_large_image\" \/>\n<meta name=\"twitter:label1\" content=\"Escrito por\" \/>\n\t<meta name=\"twitter:data1\" content=\"Alexandra Arriaga\" \/>\n\t<meta name=\"twitter:label2\" content=\"Tiempo de lectura\" \/>\n\t<meta name=\"twitter:data2\" content=\"9 minutos\" \/>\n\t<meta name=\"twitter:label3\" content=\"Written by\" \/>\n\t<meta name=\"twitter:data3\" content=\"April Alonso\" \/>\n<script type=\"application\/ld+json\" class=\"yoast-schema-graph\">{\"@context\":\"https:\\\/\\\/schema.org\",\"@graph\":[{\"@type\":\"NewsArticle\",\"@id\":\"https:\\\/\\\/borderlessmag.org\\\/2021\\\/09\\\/23\\\/artistas-inmigrantes-pierden-su-hogar-despues-de-un-contencioso-desalojo\\\/#article\",\"isPartOf\":{\"@id\":\"https:\\\/\\\/borderlessmag.org\\\/2021\\\/09\\\/23\\\/artistas-inmigrantes-pierden-su-hogar-despues-de-un-contencioso-desalojo\\\/\"},\"author\":{\"name\":\"Alexandra Arriaga\",\"@id\":\"https:\\\/\\\/borderlessmag.org\\\/#\\\/schema\\\/person\\\/b15bf747320c6fc5946f6dc29afec340\"},\"headline\":\"Artistas inmigrantes pierden su hogar despu\u00e9s de un contencioso desalojo\",\"datePublished\":\"2021-09-23T15:54:23+00:00\",\"dateModified\":\"2022-01-05T03:27:39+00:00\",\"mainEntityOfPage\":{\"@id\":\"https:\\\/\\\/borderlessmag.org\\\/2021\\\/09\\\/23\\\/artistas-inmigrantes-pierden-su-hogar-despues-de-un-contencioso-desalojo\\\/\"},\"wordCount\":4288,\"publisher\":{\"@id\":\"https:\\\/\\\/borderlessmag.org\\\/#organization\"},\"image\":{\"@id\":\"https:\\\/\\\/borderlessmag.org\\\/2021\\\/09\\\/23\\\/artistas-inmigrantes-pierden-su-hogar-despues-de-un-contencioso-desalojo\\\/#primaryimage\"},\"thumbnailUrl\":\"https:\\\/\\\/borderlessmag.org\\\/wordpress\\\/wp-content\\\/uploads\\\/2022\\\/01\\\/2021_09_09_BL_3200KEDZIE_SAMANTHACABRERAFRIEND_28_featured.jpg\",\"keywords\":[\"lacasaeviction\"],\"articleSection\":[\"Immigration Policy\"],\"inLanguage\":\"es\",\"copyrightYear\":\"2021\",\"copyrightHolder\":{\"@id\":\"https:\\\/\\\/borderlessmag.org\\\/es\\\/#organization\"}},{\"@type\":\"WebPage\",\"@id\":\"https:\\\/\\\/borderlessmag.org\\\/2021\\\/09\\\/23\\\/artistas-inmigrantes-pierden-su-hogar-despues-de-un-contencioso-desalojo\\\/\",\"url\":\"https:\\\/\\\/borderlessmag.org\\\/2021\\\/09\\\/23\\\/artistas-inmigrantes-pierden-su-hogar-despues-de-un-contencioso-desalojo\\\/\",\"name\":\"Immigrant Artists Lose Their Home After Eviction &#8211; Borderless Magazine NFP\",\"isPartOf\":{\"@id\":\"https:\\\/\\\/borderlessmag.org\\\/#website\"},\"primaryImageOfPage\":{\"@id\":\"https:\\\/\\\/borderlessmag.org\\\/2021\\\/09\\\/23\\\/artistas-inmigrantes-pierden-su-hogar-despues-de-un-contencioso-desalojo\\\/#primaryimage\"},\"image\":{\"@id\":\"https:\\\/\\\/borderlessmag.org\\\/2021\\\/09\\\/23\\\/artistas-inmigrantes-pierden-su-hogar-despues-de-un-contencioso-desalojo\\\/#primaryimage\"},\"thumbnailUrl\":\"https:\\\/\\\/borderlessmag.org\\\/wordpress\\\/wp-content\\\/uploads\\\/2022\\\/01\\\/2021_09_09_BL_3200KEDZIE_SAMANTHACABRERAFRIEND_28_featured.jpg\",\"datePublished\":\"2021-09-23T15:54:23+00:00\",\"dateModified\":\"2022-01-05T03:27:39+00:00\",\"description\":\"El urbanizador que orden\u00f3 el desalojo demoler\u00e1 el edificio ubicado en Little Village, el cual albergaba el espacio comunitario La Casa del Inmigrante.\",\"inLanguage\":\"es\",\"potentialAction\":[{\"@type\":\"ReadAction\",\"target\":[\"https:\\\/\\\/borderlessmag.org\\\/2021\\\/09\\\/23\\\/artistas-inmigrantes-pierden-su-hogar-despues-de-un-contencioso-desalojo\\\/\"]}]},{\"@type\":\"ImageObject\",\"inLanguage\":\"es\",\"@id\":\"https:\\\/\\\/borderlessmag.org\\\/2021\\\/09\\\/23\\\/artistas-inmigrantes-pierden-su-hogar-despues-de-un-contencioso-desalojo\\\/#primaryimage\",\"url\":\"https:\\\/\\\/borderlessmag.org\\\/wordpress\\\/wp-content\\\/uploads\\\/2022\\\/01\\\/2021_09_09_BL_3200KEDZIE_SAMANTHACABRERAFRIEND_28_featured.jpg\",\"contentUrl\":\"https:\\\/\\\/borderlessmag.org\\\/wordpress\\\/wp-content\\\/uploads\\\/2022\\\/01\\\/2021_09_09_BL_3200KEDZIE_SAMANTHACABRERAFRIEND_28_featured.jpg\",\"caption\":\"Emmanuel Serrano and residents of 3200 S. Kedzie Juan Herrera, Marcos Hernandez and Ivan Cruzpose with their banners, one of which states \\\"Wake up, Little Village\\\" the morning of their eviction on Sept. 9, 2021 in Chicago, Ill.\"},{\"@type\":\"WebSite\",\"@id\":\"https:\\\/\\\/borderlessmag.org\\\/#website\",\"url\":\"https:\\\/\\\/borderlessmag.org\\\/\",\"name\":\"Borderless Magazine NFP\",\"description\":\"Stories about immigration and immigrants\",\"publisher\":{\"@id\":\"https:\\\/\\\/borderlessmag.org\\\/#organization\"},\"alternateName\":\"Borderless\",\"potentialAction\":[{\"@type\":\"SearchAction\",\"target\":{\"@type\":\"EntryPoint\",\"urlTemplate\":\"https:\\\/\\\/borderlessmag.org\\\/?s={search_term_string}\"},\"query-input\":{\"@type\":\"PropertyValueSpecification\",\"valueRequired\":true,\"valueName\":\"search_term_string\"}}],\"inLanguage\":\"es\"},{\"@type\":\"Organization\",\"@id\":\"https:\\\/\\\/borderlessmag.org\\\/#organization\",\"name\":\"Borderless Magazine NFP\",\"alternateName\":\"Borderless Mag\",\"url\":\"https:\\\/\\\/borderlessmag.org\\\/\",\"logo\":{\"@type\":\"ImageObject\",\"inLanguage\":\"es\",\"@id\":\"https:\\\/\\\/borderlessmag.org\\\/#\\\/schema\\\/logo\\\/image\\\/\",\"url\":\"https:\\\/\\\/borderlessmag.org\\\/wordpress\\\/wp-content\\\/uploads\\\/2025\\\/08\\\/BorderlessLogo_main_square.jpg\",\"contentUrl\":\"https:\\\/\\\/borderlessmag.org\\\/wordpress\\\/wp-content\\\/uploads\\\/2025\\\/08\\\/BorderlessLogo_main_square.jpg\",\"width\":696,\"height\":696,\"caption\":\"Borderless Magazine NFP\"},\"image\":{\"@id\":\"https:\\\/\\\/borderlessmag.org\\\/#\\\/schema\\\/logo\\\/image\\\/\"},\"sameAs\":[\"https:\\\/\\\/www.facebook.com\\\/BorderlessMagazine\",\"https:\\\/\\\/www.instagram.com\\\/borderless_mag\\\/\",\"https:\\\/\\\/www.tiktok.com\\\/@borderless_mag\"]},{\"@type\":\"Person\",\"@id\":\"https:\\\/\\\/borderlessmag.org\\\/#\\\/schema\\\/person\\\/b15bf747320c6fc5946f6dc29afec340\",\"name\":\"Alexandra Arriaga\",\"image\":{\"@type\":\"ImageObject\",\"inLanguage\":\"es\",\"@id\":\"https:\\\/\\\/secure.gravatar.com\\\/avatar\\\/f240733410e348166ca10aebb02d41b882305ed99b4f43f3e1f96239ac84a6eb?s=96&d=mm&r=ga46a780f76082375ba99da78019b9b70\",\"url\":\"https:\\\/\\\/secure.gravatar.com\\\/avatar\\\/f240733410e348166ca10aebb02d41b882305ed99b4f43f3e1f96239ac84a6eb?s=96&d=mm&r=g\",\"contentUrl\":\"https:\\\/\\\/secure.gravatar.com\\\/avatar\\\/f240733410e348166ca10aebb02d41b882305ed99b4f43f3e1f96239ac84a6eb?s=96&d=mm&r=g\",\"caption\":\"Alexandra Arriaga\"},\"url\":\"https:\\\/\\\/borderlessmag.org\\\/es\\\/author\\\/alexandra-arriaga\\\/\"}]}<\/script>\n<!-- \/ Yoast SEO Premium plugin. -->","yoast_head_json":{"title":"Artistas inmigrantes pierden su casa tras ser desahuciados - Borderless Magazine NFP","description":"El urbanizador que orden\u00f3 el desalojo demoler\u00e1 el edificio ubicado en Little Village, el cual albergaba el espacio comunitario La Casa del Inmigrante.","robots":{"index":"index","follow":"follow","max-snippet":"max-snippet:-1","max-image-preview":"max-image-preview:large","max-video-preview":"max-video-preview:-1"},"canonical":"https:\/\/borderlessmag.org\/es\/2021\/09\/23\/artistas-inmigrantes-pierden-su-hogar-tras-un-contencioso-desalojo\/","og_locale":"es_MX","og_type":"article","og_title":"Artistas inmigrantes pierden su hogar despu\u00e9s de un contencioso desalojo &#8211; Borderless Magazine NFP","og_description":"Artistas inmigrantes pierden su hogar despu\u00e9s de un contencioso desalojo &#8211; Borderless Magazine NFP","og_url":"https:\/\/borderlessmag.org\/es\/2021\/09\/23\/artistas-inmigrantes-pierden-su-hogar-tras-un-contencioso-desalojo\/","og_site_name":"Borderless Magazine NFP","article_publisher":"https:\/\/www.facebook.com\/BorderlessMagazine","article_published_time":"2021-09-23T15:54:23+00:00","article_modified_time":"2022-01-05T03:27:39+00:00","og_image":[{"width":1500,"height":775,"url":"https:\/\/borderlessmag.org\/wordpress\/wp-content\/uploads\/2022\/01\/2021_09_09_BL_3200KEDZIE_SAMANTHACABRERAFRIEND_28_featured.jpg","type":"image\/jpeg"}],"author":"April Alonso","twitter_card":"summary_large_image","twitter_misc":{"Escrito por":"Alexandra Arriaga","Tiempo de lectura":"9 minutos","Written by":"April Alonso"},"schema":{"@context":"https:\/\/schema.org","@graph":[{"@type":"NewsArticle","@id":"https:\/\/borderlessmag.org\/2021\/09\/23\/artistas-inmigrantes-pierden-su-hogar-despues-de-un-contencioso-desalojo\/#article","isPartOf":{"@id":"https:\/\/borderlessmag.org\/2021\/09\/23\/artistas-inmigrantes-pierden-su-hogar-despues-de-un-contencioso-desalojo\/"},"author":{"name":"Alexandra Arriaga","@id":"https:\/\/borderlessmag.org\/#\/schema\/person\/b15bf747320c6fc5946f6dc29afec340"},"headline":"Artistas inmigrantes pierden su hogar despu\u00e9s de un contencioso desalojo","datePublished":"2021-09-23T15:54:23+00:00","dateModified":"2022-01-05T03:27:39+00:00","mainEntityOfPage":{"@id":"https:\/\/borderlessmag.org\/2021\/09\/23\/artistas-inmigrantes-pierden-su-hogar-despues-de-un-contencioso-desalojo\/"},"wordCount":4288,"publisher":{"@id":"https:\/\/borderlessmag.org\/#organization"},"image":{"@id":"https:\/\/borderlessmag.org\/2021\/09\/23\/artistas-inmigrantes-pierden-su-hogar-despues-de-un-contencioso-desalojo\/#primaryimage"},"thumbnailUrl":"https:\/\/borderlessmag.org\/wordpress\/wp-content\/uploads\/2022\/01\/2021_09_09_BL_3200KEDZIE_SAMANTHACABRERAFRIEND_28_featured.jpg","keywords":["lacasaeviction"],"articleSection":["Immigration Policy"],"inLanguage":"es","copyrightYear":"2021","copyrightHolder":{"@id":"https:\/\/borderlessmag.org\/es\/#organization"}},{"@type":"WebPage","@id":"https:\/\/borderlessmag.org\/2021\/09\/23\/artistas-inmigrantes-pierden-su-hogar-despues-de-un-contencioso-desalojo\/","url":"https:\/\/borderlessmag.org\/2021\/09\/23\/artistas-inmigrantes-pierden-su-hogar-despues-de-un-contencioso-desalojo\/","name":"Artistas inmigrantes pierden su casa tras ser desahuciados - Borderless Magazine NFP","isPartOf":{"@id":"https:\/\/borderlessmag.org\/#website"},"primaryImageOfPage":{"@id":"https:\/\/borderlessmag.org\/2021\/09\/23\/artistas-inmigrantes-pierden-su-hogar-despues-de-un-contencioso-desalojo\/#primaryimage"},"image":{"@id":"https:\/\/borderlessmag.org\/2021\/09\/23\/artistas-inmigrantes-pierden-su-hogar-despues-de-un-contencioso-desalojo\/#primaryimage"},"thumbnailUrl":"https:\/\/borderlessmag.org\/wordpress\/wp-content\/uploads\/2022\/01\/2021_09_09_BL_3200KEDZIE_SAMANTHACABRERAFRIEND_28_featured.jpg","datePublished":"2021-09-23T15:54:23+00:00","dateModified":"2022-01-05T03:27:39+00:00","description":"El urbanizador que orden\u00f3 el desalojo demoler\u00e1 el edificio ubicado en Little Village, el cual albergaba el espacio comunitario La Casa del Inmigrante.","inLanguage":"es","potentialAction":[{"@type":"ReadAction","target":["https:\/\/borderlessmag.org\/2021\/09\/23\/artistas-inmigrantes-pierden-su-hogar-despues-de-un-contencioso-desalojo\/"]}]},{"@type":"ImageObject","inLanguage":"es","@id":"https:\/\/borderlessmag.org\/2021\/09\/23\/artistas-inmigrantes-pierden-su-hogar-despues-de-un-contencioso-desalojo\/#primaryimage","url":"https:\/\/borderlessmag.org\/wordpress\/wp-content\/uploads\/2022\/01\/2021_09_09_BL_3200KEDZIE_SAMANTHACABRERAFRIEND_28_featured.jpg","contentUrl":"https:\/\/borderlessmag.org\/wordpress\/wp-content\/uploads\/2022\/01\/2021_09_09_BL_3200KEDZIE_SAMANTHACABRERAFRIEND_28_featured.jpg","caption":"Emmanuel Serrano and residents of 3200 S. Kedzie Juan Herrera, Marcos Hernandez and Ivan Cruzpose with their banners, one of which states \"Wake up, Little Village\" the morning of their eviction on Sept. 9, 2021 in Chicago, Ill."},{"@type":"WebSite","@id":"https:\/\/borderlessmag.org\/#website","url":"https:\/\/borderlessmag.org\/","name":"Revista Borderless NFP","description":"Historias sobre inmigraci\u00f3n e inmigrantes","publisher":{"@id":"https:\/\/borderlessmag.org\/#organization"},"alternateName":"Borderless","potentialAction":[{"@type":"SearchAction","target":{"@type":"EntryPoint","urlTemplate":"https:\/\/borderlessmag.org\/?s={search_term_string}"},"query-input":{"@type":"PropertyValueSpecification","valueRequired":true,"valueName":"search_term_string"}}],"inLanguage":"es"},{"@type":"Organization","@id":"https:\/\/borderlessmag.org\/#organization","name":"Revista Borderless NFP","alternateName":"Borderless Mag","url":"https:\/\/borderlessmag.org\/","logo":{"@type":"ImageObject","inLanguage":"es","@id":"https:\/\/borderlessmag.org\/#\/schema\/logo\/image\/","url":"https:\/\/borderlessmag.org\/wordpress\/wp-content\/uploads\/2025\/08\/BorderlessLogo_main_square.jpg","contentUrl":"https:\/\/borderlessmag.org\/wordpress\/wp-content\/uploads\/2025\/08\/BorderlessLogo_main_square.jpg","width":696,"height":696,"caption":"Borderless Magazine NFP"},"image":{"@id":"https:\/\/borderlessmag.org\/#\/schema\/logo\/image\/"},"sameAs":["https:\/\/www.facebook.com\/BorderlessMagazine","https:\/\/www.instagram.com\/borderless_mag\/","https:\/\/www.tiktok.com\/@borderless_mag"]},{"@type":"Person","@id":"https:\/\/borderlessmag.org\/#\/schema\/person\/b15bf747320c6fc5946f6dc29afec340","name":"Alexandra Arriaga","image":{"@type":"ImageObject","inLanguage":"es","@id":"https:\/\/secure.gravatar.com\/avatar\/f240733410e348166ca10aebb02d41b882305ed99b4f43f3e1f96239ac84a6eb?s=96&d=mm&r=ga46a780f76082375ba99da78019b9b70","url":"https:\/\/secure.gravatar.com\/avatar\/f240733410e348166ca10aebb02d41b882305ed99b4f43f3e1f96239ac84a6eb?s=96&d=mm&r=g","contentUrl":"https:\/\/secure.gravatar.com\/avatar\/f240733410e348166ca10aebb02d41b882305ed99b4f43f3e1f96239ac84a6eb?s=96&d=mm&r=g","caption":"Alexandra Arriaga"},"url":"https:\/\/borderlessmag.org\/es\/author\/alexandra-arriaga\/"}]}},"cc_featured_image_caption":{"caption_text":"Emmanuel Serrano y los residentes de 3200 S. Kedzie Juan Herrera, Marcos Hernandez e Ivan Cruz posan con sus carteles, uno de los cuales dice \"Despierta, Little Village\" la ma\u00f1ana de su desalojo el 9 de septiembre de 2021 en Chicago, Ill.","source_text":"","source_url":""},"_links":{"self":[{"href":"https:\/\/borderlessmag.org\/es\/wp-json\/wp\/v2\/posts\/7028","targetHints":{"allow":["GET"]}}],"collection":[{"href":"https:\/\/borderlessmag.org\/es\/wp-json\/wp\/v2\/posts"}],"about":[{"href":"https:\/\/borderlessmag.org\/es\/wp-json\/wp\/v2\/types\/post"}],"author":[{"embeddable":true,"href":"https:\/\/borderlessmag.org\/es\/wp-json\/wp\/v2\/users\/17"}],"replies":[{"embeddable":true,"href":"https:\/\/borderlessmag.org\/es\/wp-json\/wp\/v2\/comments?post=7028"}],"version-history":[{"count":0,"href":"https:\/\/borderlessmag.org\/es\/wp-json\/wp\/v2\/posts\/7028\/revisions"}],"wp:featuredmedia":[{"embeddable":true,"href":"https:\/\/borderlessmag.org\/es\/wp-json\/wp\/v2\/media\/9303"}],"wp:attachment":[{"href":"https:\/\/borderlessmag.org\/es\/wp-json\/wp\/v2\/media?parent=7028"}],"wp:term":[{"taxonomy":"category","embeddable":true,"href":"https:\/\/borderlessmag.org\/es\/wp-json\/wp\/v2\/categories?post=7028"},{"taxonomy":"post_tag","embeddable":true,"href":"https:\/\/borderlessmag.org\/es\/wp-json\/wp\/v2\/tags?post=7028"},{"taxonomy":"author","embeddable":true,"href":"https:\/\/borderlessmag.org\/es\/wp-json\/wp\/v2\/coauthors?post=7028"}],"curies":[{"name":"wp","href":"https:\/\/api.w.org\/{rel}","templated":true}]}}