{"id":6896,"date":"2021-09-08T09:20:48","date_gmt":"2021-09-08T14:20:48","guid":{"rendered":"https:\/\/borderlessmag.org\/?p=6896"},"modified":"2022-09-30T12:31:02","modified_gmt":"2022-09-30T17:31:02","slug":"a-medida-que-reabren-las-escuelas-de-chicago-las-familias-latinas-buscan-apoyo","status":"publish","type":"post","link":"https:\/\/borderlessmag.org\/es\/2021\/09\/08\/a-medida-que-reabren-las-escuelas-de-chicago-las-familias-latinas-buscan-apoyo\/","title":{"rendered":"A medida que reabren las escuelas de Chicago, las familias latinas buscan apoyo"},"content":{"rendered":"<p><span style=\"font-weight: 400;\">En uno de sus \u00faltimos d\u00edas de vacaciones de verano, Milagros Tellez se sent\u00f3 en el c\u00e9sped a hablar con una amiga en medio del bullicio de la Feria de Regreso a Clases organizada por Telpochcalli Community Education Project.<\/span><\/p>\n<p><strong><span style=\"color: #800000;\"><a style=\"color: #800000;\" href=\"https:\/\/borderlessmag.org\/2021\/08\/31\/chicago-covid-pandemic-back-to-school-hispanic-families\/\">Read in English<\/a><\/span><\/strong><\/p>\n<p><span style=\"font-weight: 400;\">Para Milagros, este a\u00f1o es especial: adem\u00e1s de comenzar el sexto grado, finalmente entrar\u00e1 en un sal\u00f3n de clases presenciales despu\u00e9s de 17 meses de aprendizaje desde casa. Aunque Milagros disfrutaba de las clases a distancia, dijo que es m\u00e1s f\u00e1cil aprender en el aula porque puede recibir ayuda de sus maestros en persona.<\/span><\/p>\n<p><span style=\"font-weight: 400;\">El lunes 30 de agosto, Milagros se uni\u00f3 a m\u00e1s de 340,000 estudiantes de las Escuelas P\u00fablicas de Chicago que regresaron a clases en persona despu\u00e9s de m\u00e1s de un a\u00f1o de cuarentena, aislamiento e instrucci\u00f3n virtual debido a la pandemia del coronavirus.<\/span><\/p>\n<div id=\"attachment_6761\" style=\"width: 1034px\" class=\"wp-caption alignleft\"><img decoding=\"async\" aria-describedby=\"caption-attachment-6761\" class=\"wp-image-6761 size-large\" src=\"https:\/\/borderlessmag.org\/wordpress\/wp-content\/uploads\/2021\/12\/082821_BackToSchool_05-1024x768.jpg\" alt=\"\" width=\"1024\" height=\"768\" \/><p id=\"caption-attachment-6761\" class=\"wp-caption-text\"><span style=\"font-weight: 400;\">Maria Tellez, Ruby Tellez y Milagros Tellez asisten a la Feria de Regreso a la Escuela el 26 de agosto de 2021 en Chicago, Ill. Milagros ingresa al sexto grado en la Escuela Primaria Kanoon Magnet. Foto de Adriana Rezal\/Borderless Magazine<\/span><\/p><\/div>\n<p><span style=\"font-weight: 400;\">Milagros vino al evento con su mam\u00e1, Mar\u00eda, y su hermana peque\u00f1a, Ruby, para recoger golosinas de las organizaciones participantes del evento. Los organizadores de la comunidad repartieron l\u00e1pices, libros y mochilas nuevas a los estudiantes y sus familias en preparaci\u00f3n para el nuevo a\u00f1o. Milagros disfrut\u00f3 comiendo las enchiladas ofrecidas en el evento y recibi\u00f3 una mochila rosa nueva para el a\u00f1o.<\/span><\/p>\n<p><span style=\"font-weight: 400;\">Pero en medio de los intercambios amistosos hubo conversaciones inc\u00f3modas sobre la pandemia de coronavirus en curso. Muchos padres todav\u00eda se preocupan por el \u00e9xito del aprendizaje en persona, especialmente a medida que se esparce la variante Delta.<\/span><\/p>\n<p><span style=\"font-weight: 400;\">\u201cMe siento preocupada, especialmente ahora con el aumento de las infecciones. Veremos si los estudiantes pueden soportar usar cubrebocas todo el d\u00eda\u201d, dijo Mar\u00eda T\u00e9llez mientras sosten\u00eda la mano de Ruby, quien comenzar\u00e1 el prek\u00ednder este a\u00f1o. &#8220;Me gustar\u00eda que se quedara en casa, pero ahora mismo no creo que haya otra opci\u00f3n&#8221;.<\/span><\/p>\n<p><span style=\"font-weight: 400;\">Las familias latinas como los T\u00e9llez constitu\u00edan la mayor\u00eda de los asistentes al evento.<\/span><\/p>\n<p><span style=\"font-weight: 400;\">Para muchas de estas familias, ser un hogar principalmente de habla hispana solo agrega otro desaf\u00edo a medida que avanzan el comienzo del a\u00f1o escolar. Milagros y su hermana peque\u00f1a asistir\u00e1n a la escuela primaria Kanoon Magnet, donde el <\/span><a href=\"https:\/\/www.cps.edu\/schools\/schoolprofiles\/kanoon\"><span style=\"font-weight: 400;\">99 por ciento<\/span><\/a><span style=\"font-weight: 400;\"> de los estudiantes son hispanos y el 41 por ciento son estudiantes limitados de ingl\u00e9s.<\/span><\/p>\n<p><span style=\"font-weight: 400;\">Los estudiantes hispanos constituyen el <\/span><a href=\"https:\/\/www.cps.edu\/about\/stats-facts\/\"><span style=\"font-weight: 400;\">47 por ciento<\/span><\/a><span style=\"font-weight: 400;\"> (aproximadamente 160,000 estudiantes) del sistema de escuelas p\u00fablicas de Chicago. Aproximadamente 70,400 estudiantes est\u00e1n clasificados como estudiantes de ingl\u00e9s provenientes de hogares que no hablan ingl\u00e9s.<\/span><\/p>\n<p><span style=\"font-weight: 400;\">\u201cEl aprendizaje virtual me pareci\u00f3 bueno, porque vi que mi hija prestaba m\u00e1s atenci\u00f3n y mejoraba sus calificaciones; sus calificaciones eran m\u00e1s bajas cuando iba en persona. Yo dir\u00eda que probablemente fue porque estaba sola y no se distra\u00eda\u201d, dijo Mar\u00eda Tellez sobre Milagros. \u201cFue un poco dif\u00edcil. Me ped\u00eda ayuda con algo que no sab\u00eda y yo le dec\u00eda: &#8220;Tienes que dec\u00edrmelo, porque no s\u00e9 lo que dice&#8221;.<\/span><\/p>\n<div id=\"attachment_6757\" style=\"width: 1034px\" class=\"wp-caption alignnone\"><img decoding=\"async\" aria-describedby=\"caption-attachment-6757\" class=\"wp-image-6757 size-large\" src=\"https:\/\/borderlessmag.org\/wordpress\/wp-content\/uploads\/2021\/12\/082821_BackToSchool_01-1024x768.jpg\" alt=\"\" width=\"1024\" height=\"768\" \/><p id=\"caption-attachment-6757\" class=\"wp-caption-text\"><span style=\"font-weight: 400;\">Mar\u00eda Serrano es voluntaria en la Feria de Regreso a Clases organizada por Telpochcalli Community Education Project el 26 de agosto de 2021 en Chicago, Ill. Foto de Adriana Rezal\/Borderless Magazine<\/span><\/p><\/div>\n<p><span style=\"font-weight: 400;\">Para facilitar una transici\u00f3n exitosa al aprendizaje en persona este a\u00f1o, los estudiantes que regresan pueden necesitar apoyo de salud mental. Algunas familias pueden necesitar recursos adicionales para llenar los vac\u00edos con conocimientos de tecnolog\u00eda.<\/span><\/p>\n<p><span style=\"font-weight: 400;\">Compartiendo preocupaciones sobre la salud y la educaci\u00f3n, las familias y organizaciones latinx se est\u00e1n uniendo para apoyar a los estudiantes j\u00f3venes que regresan a la escuela este a\u00f1o.<\/span><\/p>\n<h4 id=\"no-mas-aulas-virtuales\"><b>No m\u00e1s aulas virtuales<\/b><\/h4>\n<p><span style=\"font-weight: 400;\">La mayor\u00eda de los estudiantes de CPS regresar\u00e1n a la escuela en persona este oto\u00f1o, siguiendo un <\/span><a href=\"https:\/\/chicago.suntimes.com\/coronavirus\/2021\/5\/19\/22444327\/illinois-cps-full-time-in-person-learning-public-schools\"><span style=\"font-weight: 400;\">mandato<\/span><\/a><span style=\"font-weight: 400;\"> estatal de que todas las escuelas p\u00fablicas deben reanudar el aprendizaje en el aula de tiempo completo para el a\u00f1o escolar 2021-2022.<\/span><\/p>\n<p><span style=\"font-weight: 400;\">Para facilitar un regreso seguro, el distrito ha implementado ciertas <\/span><a href=\"https:\/\/docs.google.com\/document\/d\/1VmsyX4uZ60m2tYhDpQoZ6FZe0N8-rPi7l4m5LxbMWxI\/edit\"><span style=\"font-weight: 400;\">pautas<\/span><\/a><span style=\"font-weight: 400;\"> para los estudiantes y el personal que regresan. Por ejemplo, los cubrebocas se usar\u00e1n en todo momento en interiores, excepto al comer o beber.<\/span><\/p>\n<p><span style=\"font-weight: 400;\">Tambi\u00e9n se requiere que todos los empleados de CPS est\u00e9n vacunados antes del 15 de octubre. Aunque no se requieren vacunas para los estudiantes, el distrito alienta a las familias a vacunar a sus estudiantes para ayudar a protegerse a s\u00ed mismos y a su comunidad del COVID-19.<\/span><\/p>\n<p><span style=\"font-weight: 400;\">Aunque la vacuna Moderna y Johnson &amp; Johnson solo est\u00e1 disponible para personas mayores de 18 a\u00f1os, la vacuna Pfizer-BioNTech, <\/span><a href=\"https:\/\/www.fda.gov\/news-events\/press-announcements\/fda-approves-first-covid-19-vaccine\"><span style=\"font-weight: 400;\">ahora aprobada por la FDA<\/span><\/a><span style=\"font-weight: 400;\">, se puede administrar a personas de 12 a\u00f1os en adelante.<\/span><\/p>\n\n<p><span style=\"font-weight: 400;\">\u201cAhora que regresaron las clases, los ni\u00f1os est\u00e1n muy emocionados y las mam\u00e1s tambi\u00e9n porque queremos que regresen a la escuela\u201d, dijo Mar\u00eda Serrano, voluntaria de TCEP desde hace mucho tiempo. \u201cQueremos que nuestros hijos aprendan, no queremos que se queden atr\u00e1s, queremos que sigan avanzando. Pero al mismo tiempo, la preocupaci\u00f3n contin\u00faa porque en estas escuelas primarias hay muchos ni\u00f1os menores de 12 a\u00f1os que no est\u00e1n vacunados\u201d.<\/span><\/p>\n<p><span style=\"font-weight: 400;\">Seg\u00fan el Departamento de Salud P\u00fablica de Illinois, los hispanos o latinx son el segundo grupo demogr\u00e1fico racial m\u00e1s vacunado con un 14 por ciento, al 27 de agosto, detr\u00e1s de la poblaci\u00f3n blanca con un 61 por ciento.<\/span><\/p>\n<p><span style=\"font-weight: 400;\">El Departamento de Salud P\u00fablica de Chicago organiz\u00f3 una estaci\u00f3n de vacunas en la Feria de Regreso a la Escuela para familias. En el evento, al menos 8 personas recibieron vacunas.<\/span><\/p>\n<p><span style=\"font-weight: 400;\">A pesar de todas estas medidas preventivas, algunos padres todav\u00eda est\u00e1n preocupados por el regreso de los estudiantes a la escuela. Erika Mil trajo a su hija de 13 a\u00f1os y a su suegra a vacunarse en la Feria de Regreso a Clases. Est\u00e1 preocupada por enviar a su estudiante de sexto y octavo grado de regreso a la escuela.<\/span><\/p>\n<p><span style=\"font-weight: 400;\">&#8220;Al mismo tiempo, me siento bien porque van a dejar de estresarse en casa, pero me siento un poco preocupada por el virus que todav\u00eda est\u00e1 activo&#8221;, dijo Mil.<\/span><\/p>\n<p><span style=\"font-weight: 400;\">Serrano dijo que espera que los maestros puedan facilitar un espacio seguro para que los estudiantes regresen y no sientan las presiones de la pandemia.<\/span><\/p>\n<p><span style=\"font-weight: 400;\">\u201cQueremos que [los maestros] apoyen a nuestros ni\u00f1os, no que los asusten\u201d, dijo Serrano. \u201cDeben hacer que los ni\u00f1os se sientan bienvenidos en la escuela, no deben hablar demasiado sobre el virus; los ni\u00f1os ya saben que existe porque nuestros ni\u00f1os son muy inteligentes\u201d.<\/span><\/p>\n<h4 id=\"una-crisis-de-salud-mental\"><b>Una crisis de salud mental<\/b><\/h4>\n<p><span style=\"font-weight: 400;\">A medida que los estudiantes pasan de un a\u00f1o de instrucci\u00f3n virtual, Edwin Rabadan, director del programa del <\/span><a href=\"https:\/\/www.facebook.com\/Ollin60623\/\"><span style=\"font-weight: 400;\">Ollin Youth Group<\/span><\/a><span style=\"font-weight: 400;\">, una organizaci\u00f3n de eventos destinada a prevenir la violencia juvenil, dijo que ha visto una mayor necesidad de apoyo de salud mental para los j\u00f3venes durante este tiempo.<\/span><\/p>\n<p><span style=\"font-weight: 400;\">&#8220;Quedarse en casa todo el d\u00eda frente a la computadora no ha sido la forma m\u00e1s saludable de pasar su tiempo, obviamente necesitan esa interacci\u00f3n social con otras personas, y estar en casa solo ha hecho que sea m\u00e1s dif\u00edcil para su salud mental&#8221;, dijo Rabadan.<\/span><\/p>\n<div id=\"attachment_6758\" style=\"width: 1034px\" class=\"wp-caption alignnone\"><img decoding=\"async\" aria-describedby=\"caption-attachment-6758\" class=\"wp-image-6758 size-large\" src=\"https:\/\/borderlessmag.org\/wordpress\/wp-content\/uploads\/2021\/12\/082821_BackToSchool_02-1024x768.jpg\" alt=\"\" width=\"1024\" height=\"768\" \/><p id=\"caption-attachment-6758\" class=\"wp-caption-text\"><span style=\"font-weight: 400;\">Edwin Rabadan, director del programa del <\/span><a href=\"https:\/\/www.facebook.com\/Ollin60623\/\"><span style=\"font-weight: 400;\">Ollin Youth Group<\/span><\/a><span style=\"font-weight: 400;\">, ayuda a las familias a recibir una mochila gratis en la Feria de Regreso a la Escuela el 26 de agosto de 2021 en Chicago, Illinois. Foto de Adriana Rezal\/Borderless Magazine<\/span><\/p><\/div>\n<p><span style=\"font-weight: 400;\">Los hallazgos de un estudio de noviembre de 2020 realizado por los Centros para el Control y la Prevenci\u00f3n de Enfermedades sugirieron que el aprendizaje virtual puede presentar <\/span><a href=\"https:\/\/www.cdc.gov\/mmwr\/volumes\/70\/wr\/mm7011a1.htm\"><span style=\"font-weight: 400;\">m\u00e1s riesgos<\/span><\/a><span style=\"font-weight: 400;\"> para la salud mental y emocional de un ni\u00f1o en comparaci\u00f3n con la instrucci\u00f3n en persona.<\/span><\/p>\n<p><span style=\"font-weight: 400;\">Como <\/span><a href=\"https:\/\/www.wbez.org\/stories\/depression-mental-health-crises-and-even-loss-of-toilet-training-are-on-the-rise-in-kids-as-the-pandemic-drags-on\/a02f4f7d-045f-4da3-bf9a-5652b5021ba0\"><span style=\"font-weight: 400;\">inform\u00f3 anteriormente<\/span><\/a><span style=\"font-weight: 400;\"> WBEZ Chicago, las visitas al departamento de emergencias relacionadas con la salud mental <\/span><a href=\"https:\/\/www.cdc.gov\/mmwr\/volumes\/69\/wr\/mm6945a3.htm#contribAff\"><span style=\"font-weight: 400;\">aumentaron<\/span><\/a><span style=\"font-weight: 400;\"> de mayo a octubre de 2020, seg\u00fan la CDC. Para los ni\u00f1os de 5 a 11 a\u00f1os, las visitas al departamento de emergencias relacionadas con la salud mental aumentaron en un 24 por ciento, mientras que las visitas para los de 12 a 17 a\u00f1os aumentaron en un 31 por ciento.\u00a0<\/span><\/p>\n<p><span style=\"font-weight: 400;\">Rabadan agreg\u00f3 que los estudiantes de color pueden estar enfrentando estigmas culturales adicionales en torno a la salud mental que dificultan que los estudiantes hablen en sus hogares.<\/span><\/p>\n<p><span style=\"font-weight: 400;\">\u201cSiento que las familias de primera generaci\u00f3n, espec\u00edficamente latinas, tienen el estigma de que la salud mental no es real\u201d, dijo. \u201cEl estudiante no recibir\u00e1 ese apoyo si se le menosprecia. Hemos visto eso a lo largo de los a\u00f1os que hemos estado aqu\u00ed, pero m\u00e1s ahora en la pandemia porque la gente est\u00e1 en casa \u201d.<\/span><\/p>\n<p><span style=\"font-weight: 400;\">Para combatir esto, Rabadan dijo que el Grupo de J\u00f3venes de Ollin ofrece una serie de recursos de salud mental para los estudiantes. Dijo que ha visto una mayor participaci\u00f3n de los j\u00f3venes en los eventos en persona llevados a cabo por la organizaci\u00f3n.<\/span><\/p>\n<p><span style=\"font-weight: 400;\">Como resultado, Rabadan espera que CPS d\u00e9 prioridad al aprendizaje socioemocional a medida que los estudiantes regresan a las aulas. Rabadan tambi\u00e9n sugiri\u00f3 que las escuelas trabajen m\u00e1s de cerca con organizaciones locales como Ollin Youth para brindar este apoyo adicional a los estudiantes.<\/span><\/p>\n<p><span style=\"font-weight: 400;\">\u201cNuestros l\u00edderes en [TCEP] y las organizaciones comunitarias del vecindario son los que trabajan con las familias; saben qu\u00e9 funciona mejor para llegar a ellos\u201d, dijo. &#8220;Si [las escuelas] pueden incluirnos en ese proceso de planificaci\u00f3n y ese proceso de intercambio de ideas, podr\u00edamos hacer mucho m\u00e1s por las familias&#8221;.<\/span><\/p>\n<h4 id=\"una-comunidad-se-intensifica\"><b>Una comunidad se intensifica<\/b><\/h4>\n<p><span style=\"font-weight: 400;\">La pandemia ha evidenciado c\u00f3mo las demandas tecnol\u00f3gicas de los estudiantes desafiaron en particular a los hogares de habla hispana. Como <\/span><a href=\"https:\/\/borderlessmag.org\/2020\/12\/17\/cps-teachers-double-as-technology-help-for-hispanic-families\/\"><span style=\"font-weight: 400;\">inform\u00f3<\/span><\/a><span style=\"font-weight: 400;\"> anteriormente Borderless Magazine, muchas de estas familias encontraron que el plan de aprendizaje remoto de CPS era inadecuado cuando se trataba de brindar soporte para software de navegaci\u00f3n dise\u00f1ado principalmente para angloparlantes.<\/span><\/p>\n<p><span style=\"font-weight: 400;\">Seg\u00fan Serrano, aprender a usar la tecnolog\u00eda sigue siendo un desaf\u00edo para las familias, incluso cuando los ni\u00f1os regresan a la instrucci\u00f3n en persona.<\/span><\/p>\n<p><span style=\"font-weight: 400;\">\u201cLa tecnolog\u00eda es un desaf\u00edo porque hay muchas mam\u00e1s de, digamos, 40 a\u00f1os en adelante, que no saben c\u00f3mo usar un tel\u00e9fono inteligente; no saben c\u00f3mo enviar la tarea de los ni\u00f1os a los maestros\u201d, dijo Serrano.<\/span><\/p>\n<div id=\"attachment_6760\" style=\"width: 1034px\" class=\"wp-caption alignnone\"><img decoding=\"async\" aria-describedby=\"caption-attachment-6760\" class=\"wp-image-6760 size-large\" src=\"https:\/\/borderlessmag.org\/wordpress\/wp-content\/uploads\/2021\/12\/082821_BackToSchool_04-1024x768.jpg\" alt=\"\" width=\"1024\" height=\"768\" \/><p id=\"caption-attachment-6760\" class=\"wp-caption-text\"><span style=\"font-weight: 400;\">La especialista en apoyo familiar Erika Valencia, la reclutadora de elegibilidad Blanca Navarro y la educadora social Octavia Arvizo entregan volantes para la organizaci\u00f3n SGA Youth and Family Services y \u00fatiles escolares gratuitos a los asistentes a la Feria de regreso a clases el 26 de agosto de 2021 en Chicago, Illinois. .Foto de Adriana Rezal\/Borderless Magazin<\/span><\/p><\/div>\n<p><span style=\"font-weight: 400;\">Serrano dijo que TCEP ofrece tutor\u00eda sobre c\u00f3mo usar la tecnolog\u00eda y alienta a los padres a aprovechar estos recursos para que puedan ayudar de una mejor manera a sus estudiantes.<\/span><\/p>\n<p><span style=\"font-weight: 400;\">Serrano recuerda los desaf\u00edos de no hablar ingl\u00e9s cuando emigr\u00f3 por primera vez a los Estados Unidos desde M\u00e9xico hace m\u00e1s de 20 a\u00f1os. Comenz\u00f3 a trabajar como voluntaria con TCEP para apoyar a sus propios hijos inscritos en las escuelas de CPS y pudo encontrar apoyo y comunidad.<\/span><\/p>\n<p><span style=\"font-weight: 400;\">A medida que las familias hacen la transici\u00f3n al aprendizaje en persona este a\u00f1o, Serrano las alienta a aprovechar tambi\u00e9n los recursos de la organizaci\u00f3n y las oportunidades de voluntariado para brindar apoyo.<\/span><\/p>\n<p><span style=\"font-weight: 400;\">\u201cHay muchas organizaciones en este evento que tambi\u00e9n vinieron a dar sus recursos por la misma raz\u00f3n: para ayudar a la comunidad\u201d, dijo Serrano. \u201cEl enfoque de TCEP es eso: estar aqu\u00ed para ayudar a la comunidad. No importa de d\u00f3nde sean [las personas], no tienen que ser de La Villita, pueden ser del norte, del sur, del este, del oeste, donde sea que est\u00e9n, porque hay personas que lo necesitan en todas partes.&#8221;<\/span><\/p>\n<p><span style=\"font-weight: 400;\">En julio, CPS <\/span><a href=\"https:\/\/www.cps.edu\/press-releases\/proposed-cps-budget-increases-funding-to-support-students-and-invests-equitably-in-neighborhood-school-modernization\/\"><span style=\"font-weight: 400;\">anunci\u00f3<\/span><\/a><span style=\"font-weight: 400;\"> planes para promover la equidad en el a\u00f1o escolar entrante al asignar m\u00e1s de $225 millones en fondos adicionales para los presupuestos escolares de su presupuesto propuesto de $9.3 mil millones.<\/span><\/p>\n<p><span style=\"font-weight: 400;\">Adem\u00e1s, $672 millones se destinaron a inversiones en instalaciones y el distrito recibi\u00f3 mil millones de d\u00f3lares en fondos federales del Fondo de Ayuda de Emergencia para Escuelas Primarias y Secundarias.<\/span><\/p>\n<p><span style=\"font-weight: 400;\">\u201cMientras nos preparamos para ofrecer aprendizaje en persona cinco d\u00edas a la semana en el oto\u00f1o, nuestra principal prioridad es asegurarnos de que las escuelas m\u00e1s afectadas por la pandemia de COVID-19 tengan los recursos que necesitan para apoyar plenamente a los estudiantes\u201d, dijo Jos\u00e9 Torres, director ejecutivo interino de CPS.<\/span><\/p>\n<p><span style=\"font-weight: 400;\">Milagros ten\u00eda algunas reservas sobre regresar al aprendizaje en persona, pero despu\u00e9s de pasar su primer d\u00eda de regreso en el sal\u00f3n de clases, ahora espera con ansias el nuevo a\u00f1o escolar.<\/span><\/p>\n<p><span style=\"font-weight: 400;\">\u201dAl principio estaba nerviosa y luego emocionada\u201d, dijo Milagros. &#8220;Hice un par de amigos&#8221;.<\/span><\/p>\n<p>&nbsp;<\/p>\n<p><span style=\"font-weight: 400;\"><i>Este art\u00edculo<\/i><i>\u00a0est\u00e1 traducido por Claudia Hern<\/i><i>\u00e1ndez.<\/i><\/span><\/p>\n<h4 id=\"nuestro-trabajo-es-posible-gracias-a-donaciones-de-personas-como-tu-apoya-a-el-periodismo-de-alta-calidad-realizando-una-donacion-deducible-de-impuestos-hoy\" class=\"pk-content-block pk-block-bg pk-block-bg-light\" style=\"text-align: left;\"><span style=\"color: #993300;\">Nuestro trabajo es posible gracias a donaciones de personas c\u00f3mo t\u00fa. Apoya a el periodismo de alta calidad realizando una donaci\u00f3n deducible de impuestos hoy. \u00a0 \u00a0 \u00a0 \u00a0 \u00a0 \u00a0 \u00a0 \u00a0 \u00a0 \u00a0 \u00a0 \u00a0 \u00a0 \u00a0 \u00a0 \u00a0 \u00a0 \u00a0 \u00a0 \u00a0 \u00a0 \u00a0 \u00a0 \u00a0 \u00a0 \u00a0 \u00a0 \u00a0 \u00a0 \u00a0 \u00a0 \u00a0 \u00a0 \u00a0 \u00a0 \u00a0 \u00a0 \u00a0 \u00a0 \u00a0 \u00a0 \u00a0 \u00a0 \u00a0 \u00a0 \u00a0 \u00a0 \u00a0 \u00a0 \u00a0 \u00a0\u00a0<\/span><a class=\"pk-button pk-button-md pk-button-primary pk-font-primary\" href=\"https:\/\/borderlessmag.org\/donate\/\" target=\"_blank\" >\n\t\t\t Donar \n\t\t<\/a><\/h4>\n","protected":false},"excerpt":{"rendered":"<p>El aprendizaje remoto durante la pandemia de COVID-19 expuso las grietas en el sistema CPS, lo que provoc\u00f3 que algunos estudiantes experimentaran grandes contratiempos. \u00bfEst\u00e1n las escuelas preparadas para su regreso a tiempo completo en persona?<\/p>","protected":false},"author":14,"featured_media":9295,"comment_status":"closed","ping_status":"closed","sticky":false,"template":"","format":"standard","meta":{"inline_featured_image":false,"footnotes":""},"categories":[1],"tags":[],"coauthors":[214],"class_list":{"0":"post-6896","1":"post","2":"type-post","3":"status-publish","4":"format-standard","5":"has-post-thumbnail","7":"category-immigration-policy"},"yoast_head":"<!-- This site is optimized with the Yoast SEO Premium plugin v27.3 (Yoast SEO v27.3) - https:\/\/yoast.com\/product\/yoast-seo-premium-wordpress\/ -->\n<title>A medida que reabren las escuelas de Chicago, las familias latinas buscan apoyo &#8211; Borderless Magazine NFP<\/title>\n<meta name=\"description\" content=\"El aprendizaje remoto durante la pandemia de COVID-19 expuso las grietas en el sistema CPS, lo que provoc\u00f3 que algunos estudiantes experimentaran grandes contratiempos. \u00bfEst\u00e1n las escuelas preparadas para su regreso a tiempo completo en persona?\" \/>\n<meta name=\"robots\" content=\"index, follow, max-snippet:-1, max-image-preview:large, max-video-preview:-1\" \/>\n<link rel=\"canonical\" href=\"https:\/\/borderlessmag.org\/es\/2021\/09\/08\/a-medida-que-reabren-las-escuelas-de-chicago-las-familias-latinas-buscan-apoyo\/\" \/>\n<meta property=\"og:locale\" content=\"es_MX\" \/>\n<meta property=\"og:type\" content=\"article\" \/>\n<meta property=\"og:title\" content=\"A medida que reabren las escuelas de Chicago, las familias latinas buscan apoyo &#8211; Borderless Magazine NFP\" \/>\n<meta property=\"og:description\" content=\"A medida que reabren las escuelas de Chicago, las familias latinas buscan apoyo &#8211; Borderless Magazine NFP\" \/>\n<meta property=\"og:url\" content=\"https:\/\/borderlessmag.org\/es\/2021\/09\/08\/a-medida-que-reabren-las-escuelas-de-chicago-las-familias-latinas-buscan-apoyo\/\" \/>\n<meta property=\"og:site_name\" content=\"Borderless Magazine NFP\" \/>\n<meta property=\"article:publisher\" content=\"https:\/\/www.facebook.com\/BorderlessMagazine\" \/>\n<meta property=\"article:published_time\" content=\"2021-09-08T14:20:48+00:00\" \/>\n<meta property=\"article:modified_time\" content=\"2022-09-30T17:31:02+00:00\" \/>\n<meta property=\"og:image\" content=\"https:\/\/borderlessmag.org\/wordpress\/wp-content\/uploads\/2022\/01\/082821_BackToSchool_03_featured.jpg\" \/>\n\t<meta property=\"og:image:width\" content=\"1500\" \/>\n\t<meta property=\"og:image:height\" content=\"775\" \/>\n\t<meta property=\"og:image:type\" content=\"image\/jpeg\" \/>\n<meta name=\"author\" content=\"Adriana Rezal\" \/>\n<meta name=\"twitter:card\" content=\"summary_large_image\" \/>\n<meta name=\"twitter:label1\" content=\"Escrito por\" \/>\n\t<meta name=\"twitter:data1\" content=\"Adriana Rezal\" \/>\n\t<meta name=\"twitter:label2\" content=\"Tiempo de lectura\" \/>\n\t<meta name=\"twitter:data2\" content=\"11 minutos\" \/>\n\t<meta name=\"twitter:label3\" content=\"Written by\" \/>\n\t<meta name=\"twitter:data3\" content=\"Adriana Rezal\" \/>\n<script type=\"application\/ld+json\" class=\"yoast-schema-graph\">{\"@context\":\"https:\\\/\\\/schema.org\",\"@graph\":[{\"@type\":\"NewsArticle\",\"@id\":\"https:\\\/\\\/borderlessmag.org\\\/2021\\\/09\\\/08\\\/a-medida-que-reabren-las-escuelas-de-chicago-las-familias-latinas-buscan-apoyo\\\/#article\",\"isPartOf\":{\"@id\":\"https:\\\/\\\/borderlessmag.org\\\/2021\\\/09\\\/08\\\/a-medida-que-reabren-las-escuelas-de-chicago-las-familias-latinas-buscan-apoyo\\\/\"},\"author\":{\"name\":\"Adriana Rezal\",\"@id\":\"https:\\\/\\\/borderlessmag.org\\\/#\\\/schema\\\/person\\\/a1f21f0d2d87276dc14b4ceccee09502\"},\"headline\":\"A medida que reabren las escuelas de Chicago, las familias latinas buscan apoyo\",\"datePublished\":\"2021-09-08T14:20:48+00:00\",\"dateModified\":\"2022-09-30T17:31:02+00:00\",\"mainEntityOfPage\":{\"@id\":\"https:\\\/\\\/borderlessmag.org\\\/2021\\\/09\\\/08\\\/a-medida-que-reabren-las-escuelas-de-chicago-las-familias-latinas-buscan-apoyo\\\/\"},\"wordCount\":2328,\"publisher\":{\"@id\":\"https:\\\/\\\/borderlessmag.org\\\/#organization\"},\"image\":{\"@id\":\"https:\\\/\\\/borderlessmag.org\\\/2021\\\/09\\\/08\\\/a-medida-que-reabren-las-escuelas-de-chicago-las-familias-latinas-buscan-apoyo\\\/#primaryimage\"},\"thumbnailUrl\":\"https:\\\/\\\/borderlessmag.org\\\/wordpress\\\/wp-content\\\/uploads\\\/2022\\\/01\\\/082821_BackToSchool_03_featured.jpg\",\"articleSection\":[\"Immigration Policy\"],\"inLanguage\":\"es\",\"copyrightYear\":\"2021\",\"copyrightHolder\":{\"@id\":\"https:\\\/\\\/borderlessmag.org\\\/es\\\/#organization\"}},{\"@type\":\"WebPage\",\"@id\":\"https:\\\/\\\/borderlessmag.org\\\/2021\\\/09\\\/08\\\/a-medida-que-reabren-las-escuelas-de-chicago-las-familias-latinas-buscan-apoyo\\\/\",\"url\":\"https:\\\/\\\/borderlessmag.org\\\/2021\\\/09\\\/08\\\/a-medida-que-reabren-las-escuelas-de-chicago-las-familias-latinas-buscan-apoyo\\\/\",\"name\":\"A medida que reabren las escuelas de Chicago, las familias latinas buscan apoyo &#8211; Borderless Magazine NFP\",\"isPartOf\":{\"@id\":\"https:\\\/\\\/borderlessmag.org\\\/#website\"},\"primaryImageOfPage\":{\"@id\":\"https:\\\/\\\/borderlessmag.org\\\/2021\\\/09\\\/08\\\/a-medida-que-reabren-las-escuelas-de-chicago-las-familias-latinas-buscan-apoyo\\\/#primaryimage\"},\"image\":{\"@id\":\"https:\\\/\\\/borderlessmag.org\\\/2021\\\/09\\\/08\\\/a-medida-que-reabren-las-escuelas-de-chicago-las-familias-latinas-buscan-apoyo\\\/#primaryimage\"},\"thumbnailUrl\":\"https:\\\/\\\/borderlessmag.org\\\/wordpress\\\/wp-content\\\/uploads\\\/2022\\\/01\\\/082821_BackToSchool_03_featured.jpg\",\"datePublished\":\"2021-09-08T14:20:48+00:00\",\"dateModified\":\"2022-09-30T17:31:02+00:00\",\"description\":\"El aprendizaje remoto durante la pandemia de COVID-19 expuso las grietas en el sistema CPS, lo que provoc\u00f3 que algunos estudiantes experimentaran grandes contratiempos. \u00bfEst\u00e1n las escuelas preparadas para su regreso a tiempo completo en persona?\",\"inLanguage\":\"es\",\"potentialAction\":[{\"@type\":\"ReadAction\",\"target\":[\"https:\\\/\\\/borderlessmag.org\\\/2021\\\/09\\\/08\\\/a-medida-que-reabren-las-escuelas-de-chicago-las-familias-latinas-buscan-apoyo\\\/\"]}]},{\"@type\":\"ImageObject\",\"inLanguage\":\"es\",\"@id\":\"https:\\\/\\\/borderlessmag.org\\\/2021\\\/09\\\/08\\\/a-medida-que-reabren-las-escuelas-de-chicago-las-familias-latinas-buscan-apoyo\\\/#primaryimage\",\"url\":\"https:\\\/\\\/borderlessmag.org\\\/wordpress\\\/wp-content\\\/uploads\\\/2022\\\/01\\\/082821_BackToSchool_03_featured.jpg\",\"contentUrl\":\"https:\\\/\\\/borderlessmag.org\\\/wordpress\\\/wp-content\\\/uploads\\\/2022\\\/01\\\/082821_BackToSchool_03_featured.jpg\",\"caption\":\"More than 100 people attended the Back-to-School Fair on Aug. 26, 2021 in Chicago, Ill. In addition to receiving free school supplies, families had the opportunity to get vaccinated at a COVID-19 vaccine station hosted by the Chicago Department of Public Health.\"},{\"@type\":\"WebSite\",\"@id\":\"https:\\\/\\\/borderlessmag.org\\\/#website\",\"url\":\"https:\\\/\\\/borderlessmag.org\\\/\",\"name\":\"Borderless Magazine NFP\",\"description\":\"Stories about immigration and immigrants\",\"publisher\":{\"@id\":\"https:\\\/\\\/borderlessmag.org\\\/#organization\"},\"alternateName\":\"Borderless\",\"potentialAction\":[{\"@type\":\"SearchAction\",\"target\":{\"@type\":\"EntryPoint\",\"urlTemplate\":\"https:\\\/\\\/borderlessmag.org\\\/?s={search_term_string}\"},\"query-input\":{\"@type\":\"PropertyValueSpecification\",\"valueRequired\":true,\"valueName\":\"search_term_string\"}}],\"inLanguage\":\"es\"},{\"@type\":\"Organization\",\"@id\":\"https:\\\/\\\/borderlessmag.org\\\/#organization\",\"name\":\"Borderless Magazine NFP\",\"alternateName\":\"Borderless Mag\",\"url\":\"https:\\\/\\\/borderlessmag.org\\\/\",\"logo\":{\"@type\":\"ImageObject\",\"inLanguage\":\"es\",\"@id\":\"https:\\\/\\\/borderlessmag.org\\\/#\\\/schema\\\/logo\\\/image\\\/\",\"url\":\"https:\\\/\\\/borderlessmag.org\\\/wordpress\\\/wp-content\\\/uploads\\\/2025\\\/08\\\/BorderlessLogo_main_square.jpg\",\"contentUrl\":\"https:\\\/\\\/borderlessmag.org\\\/wordpress\\\/wp-content\\\/uploads\\\/2025\\\/08\\\/BorderlessLogo_main_square.jpg\",\"width\":696,\"height\":696,\"caption\":\"Borderless Magazine NFP\"},\"image\":{\"@id\":\"https:\\\/\\\/borderlessmag.org\\\/#\\\/schema\\\/logo\\\/image\\\/\"},\"sameAs\":[\"https:\\\/\\\/www.facebook.com\\\/BorderlessMagazine\",\"https:\\\/\\\/www.instagram.com\\\/borderless_mag\\\/\",\"https:\\\/\\\/www.tiktok.com\\\/@borderless_mag\"]},{\"@type\":\"Person\",\"@id\":\"https:\\\/\\\/borderlessmag.org\\\/#\\\/schema\\\/person\\\/a1f21f0d2d87276dc14b4ceccee09502\",\"name\":\"Adriana Rezal\",\"image\":{\"@type\":\"ImageObject\",\"inLanguage\":\"es\",\"@id\":\"https:\\\/\\\/borderlessmag.org\\\/wordpress\\\/wp-content\\\/uploads\\\/2021\\\/12\\\/B-Logo.png37102c6d311ec3d2bb66b0ceb8cc00b7\",\"url\":\"https:\\\/\\\/borderlessmag.org\\\/wordpress\\\/wp-content\\\/uploads\\\/2021\\\/12\\\/B-Logo.png\",\"contentUrl\":\"https:\\\/\\\/borderlessmag.org\\\/wordpress\\\/wp-content\\\/uploads\\\/2021\\\/12\\\/B-Logo.png\",\"caption\":\"Adriana Rezal\"},\"url\":\"https:\\\/\\\/borderlessmag.org\\\/es\\\/author\\\/adriana-rezal\\\/\"}]}<\/script>\n<!-- \/ Yoast SEO Premium plugin. -->","yoast_head_json":{"title":"A medida que reabren las escuelas de Chicago, las familias latinas buscan apoyo - Borderless Magazine NFP","description":"El aprendizaje remoto durante la pandemia de COVID-19 expuso las grietas en el sistema CPS, lo que provoc\u00f3 que algunos estudiantes experimentaran grandes contratiempos. \u00bfEst\u00e1n las escuelas preparadas para su regreso a tiempo completo en persona?","robots":{"index":"index","follow":"follow","max-snippet":"max-snippet:-1","max-image-preview":"max-image-preview:large","max-video-preview":"max-video-preview:-1"},"canonical":"https:\/\/borderlessmag.org\/es\/2021\/09\/08\/a-medida-que-reabren-las-escuelas-de-chicago-las-familias-latinas-buscan-apoyo\/","og_locale":"es_MX","og_type":"article","og_title":"A medida que reabren las escuelas de Chicago, las familias latinas buscan apoyo &#8211; Borderless Magazine NFP","og_description":"A medida que reabren las escuelas de Chicago, las familias latinas buscan apoyo &#8211; Borderless Magazine NFP","og_url":"https:\/\/borderlessmag.org\/es\/2021\/09\/08\/a-medida-que-reabren-las-escuelas-de-chicago-las-familias-latinas-buscan-apoyo\/","og_site_name":"Borderless Magazine NFP","article_publisher":"https:\/\/www.facebook.com\/BorderlessMagazine","article_published_time":"2021-09-08T14:20:48+00:00","article_modified_time":"2022-09-30T17:31:02+00:00","og_image":[{"width":1500,"height":775,"url":"https:\/\/borderlessmag.org\/wordpress\/wp-content\/uploads\/2022\/01\/082821_BackToSchool_03_featured.jpg","type":"image\/jpeg"}],"author":"Adriana Rezal","twitter_card":"summary_large_image","twitter_misc":{"Escrito por":"Adriana Rezal","Tiempo de lectura":"11 minutos","Written by":"Adriana Rezal"},"schema":{"@context":"https:\/\/schema.org","@graph":[{"@type":"NewsArticle","@id":"https:\/\/borderlessmag.org\/2021\/09\/08\/a-medida-que-reabren-las-escuelas-de-chicago-las-familias-latinas-buscan-apoyo\/#article","isPartOf":{"@id":"https:\/\/borderlessmag.org\/2021\/09\/08\/a-medida-que-reabren-las-escuelas-de-chicago-las-familias-latinas-buscan-apoyo\/"},"author":{"name":"Adriana Rezal","@id":"https:\/\/borderlessmag.org\/#\/schema\/person\/a1f21f0d2d87276dc14b4ceccee09502"},"headline":"A medida que reabren las escuelas de Chicago, las familias latinas buscan apoyo","datePublished":"2021-09-08T14:20:48+00:00","dateModified":"2022-09-30T17:31:02+00:00","mainEntityOfPage":{"@id":"https:\/\/borderlessmag.org\/2021\/09\/08\/a-medida-que-reabren-las-escuelas-de-chicago-las-familias-latinas-buscan-apoyo\/"},"wordCount":2328,"publisher":{"@id":"https:\/\/borderlessmag.org\/#organization"},"image":{"@id":"https:\/\/borderlessmag.org\/2021\/09\/08\/a-medida-que-reabren-las-escuelas-de-chicago-las-familias-latinas-buscan-apoyo\/#primaryimage"},"thumbnailUrl":"https:\/\/borderlessmag.org\/wordpress\/wp-content\/uploads\/2022\/01\/082821_BackToSchool_03_featured.jpg","articleSection":["Immigration Policy"],"inLanguage":"es","copyrightYear":"2021","copyrightHolder":{"@id":"https:\/\/borderlessmag.org\/es\/#organization"}},{"@type":"WebPage","@id":"https:\/\/borderlessmag.org\/2021\/09\/08\/a-medida-que-reabren-las-escuelas-de-chicago-las-familias-latinas-buscan-apoyo\/","url":"https:\/\/borderlessmag.org\/2021\/09\/08\/a-medida-que-reabren-las-escuelas-de-chicago-las-familias-latinas-buscan-apoyo\/","name":"A medida que reabren las escuelas de Chicago, las familias latinas buscan apoyo - Borderless Magazine NFP","isPartOf":{"@id":"https:\/\/borderlessmag.org\/#website"},"primaryImageOfPage":{"@id":"https:\/\/borderlessmag.org\/2021\/09\/08\/a-medida-que-reabren-las-escuelas-de-chicago-las-familias-latinas-buscan-apoyo\/#primaryimage"},"image":{"@id":"https:\/\/borderlessmag.org\/2021\/09\/08\/a-medida-que-reabren-las-escuelas-de-chicago-las-familias-latinas-buscan-apoyo\/#primaryimage"},"thumbnailUrl":"https:\/\/borderlessmag.org\/wordpress\/wp-content\/uploads\/2022\/01\/082821_BackToSchool_03_featured.jpg","datePublished":"2021-09-08T14:20:48+00:00","dateModified":"2022-09-30T17:31:02+00:00","description":"El aprendizaje remoto durante la pandemia de COVID-19 expuso las grietas en el sistema CPS, lo que provoc\u00f3 que algunos estudiantes experimentaran grandes contratiempos. \u00bfEst\u00e1n las escuelas preparadas para su regreso a tiempo completo en persona?","inLanguage":"es","potentialAction":[{"@type":"ReadAction","target":["https:\/\/borderlessmag.org\/2021\/09\/08\/a-medida-que-reabren-las-escuelas-de-chicago-las-familias-latinas-buscan-apoyo\/"]}]},{"@type":"ImageObject","inLanguage":"es","@id":"https:\/\/borderlessmag.org\/2021\/09\/08\/a-medida-que-reabren-las-escuelas-de-chicago-las-familias-latinas-buscan-apoyo\/#primaryimage","url":"https:\/\/borderlessmag.org\/wordpress\/wp-content\/uploads\/2022\/01\/082821_BackToSchool_03_featured.jpg","contentUrl":"https:\/\/borderlessmag.org\/wordpress\/wp-content\/uploads\/2022\/01\/082821_BackToSchool_03_featured.jpg","caption":"More than 100 people attended the Back-to-School Fair on Aug. 26, 2021 in Chicago, Ill. In addition to receiving free school supplies, families had the opportunity to get vaccinated at a COVID-19 vaccine station hosted by the Chicago Department of Public Health."},{"@type":"WebSite","@id":"https:\/\/borderlessmag.org\/#website","url":"https:\/\/borderlessmag.org\/","name":"Revista Borderless NFP","description":"Historias sobre inmigraci\u00f3n e inmigrantes","publisher":{"@id":"https:\/\/borderlessmag.org\/#organization"},"alternateName":"Borderless","potentialAction":[{"@type":"SearchAction","target":{"@type":"EntryPoint","urlTemplate":"https:\/\/borderlessmag.org\/?s={search_term_string}"},"query-input":{"@type":"PropertyValueSpecification","valueRequired":true,"valueName":"search_term_string"}}],"inLanguage":"es"},{"@type":"Organization","@id":"https:\/\/borderlessmag.org\/#organization","name":"Revista Borderless NFP","alternateName":"Borderless Mag","url":"https:\/\/borderlessmag.org\/","logo":{"@type":"ImageObject","inLanguage":"es","@id":"https:\/\/borderlessmag.org\/#\/schema\/logo\/image\/","url":"https:\/\/borderlessmag.org\/wordpress\/wp-content\/uploads\/2025\/08\/BorderlessLogo_main_square.jpg","contentUrl":"https:\/\/borderlessmag.org\/wordpress\/wp-content\/uploads\/2025\/08\/BorderlessLogo_main_square.jpg","width":696,"height":696,"caption":"Borderless Magazine NFP"},"image":{"@id":"https:\/\/borderlessmag.org\/#\/schema\/logo\/image\/"},"sameAs":["https:\/\/www.facebook.com\/BorderlessMagazine","https:\/\/www.instagram.com\/borderless_mag\/","https:\/\/www.tiktok.com\/@borderless_mag"]},{"@type":"Person","@id":"https:\/\/borderlessmag.org\/#\/schema\/person\/a1f21f0d2d87276dc14b4ceccee09502","name":"Adriana Rezal","image":{"@type":"ImageObject","inLanguage":"es","@id":"https:\/\/borderlessmag.org\/wordpress\/wp-content\/uploads\/2021\/12\/B-Logo.png37102c6d311ec3d2bb66b0ceb8cc00b7","url":"https:\/\/borderlessmag.org\/wordpress\/wp-content\/uploads\/2021\/12\/B-Logo.png","contentUrl":"https:\/\/borderlessmag.org\/wordpress\/wp-content\/uploads\/2021\/12\/B-Logo.png","caption":"Adriana Rezal"},"url":"https:\/\/borderlessmag.org\/es\/author\/adriana-rezal\/"}]}},"cc_featured_image_caption":{"caption_text":"M\u00e1s de 100 personas asistieron a la Feria de Regreso a la Escuela el 26 de agosto de 2021 en Chicago, Ill. Adem\u00e1s de recibir \u00fatiles escolares gratuitos, las familias tuvieron la oportunidad de vacunarse en una estaci\u00f3n de vacunaci\u00f3n de COVID-19 organizada por el Departamento de Salud P\u00fablica de Chicago.","source_text":"","source_url":""},"_links":{"self":[{"href":"https:\/\/borderlessmag.org\/es\/wp-json\/wp\/v2\/posts\/6896","targetHints":{"allow":["GET"]}}],"collection":[{"href":"https:\/\/borderlessmag.org\/es\/wp-json\/wp\/v2\/posts"}],"about":[{"href":"https:\/\/borderlessmag.org\/es\/wp-json\/wp\/v2\/types\/post"}],"author":[{"embeddable":true,"href":"https:\/\/borderlessmag.org\/es\/wp-json\/wp\/v2\/users\/14"}],"replies":[{"embeddable":true,"href":"https:\/\/borderlessmag.org\/es\/wp-json\/wp\/v2\/comments?post=6896"}],"version-history":[{"count":0,"href":"https:\/\/borderlessmag.org\/es\/wp-json\/wp\/v2\/posts\/6896\/revisions"}],"wp:featuredmedia":[{"embeddable":true,"href":"https:\/\/borderlessmag.org\/es\/wp-json\/wp\/v2\/media\/9295"}],"wp:attachment":[{"href":"https:\/\/borderlessmag.org\/es\/wp-json\/wp\/v2\/media?parent=6896"}],"wp:term":[{"taxonomy":"category","embeddable":true,"href":"https:\/\/borderlessmag.org\/es\/wp-json\/wp\/v2\/categories?post=6896"},{"taxonomy":"post_tag","embeddable":true,"href":"https:\/\/borderlessmag.org\/es\/wp-json\/wp\/v2\/tags?post=6896"},{"taxonomy":"author","embeddable":true,"href":"https:\/\/borderlessmag.org\/es\/wp-json\/wp\/v2\/coauthors?post=6896"}],"curies":[{"name":"wp","href":"https:\/\/api.w.org\/{rel}","templated":true}]}}