{"id":6511,"date":"2021-08-03T11:29:21","date_gmt":"2021-08-03T17:29:21","guid":{"rendered":"https:\/\/borderlessmag.org\/?p=6511"},"modified":"2022-10-05T10:20:04","modified_gmt":"2022-10-05T15:20:04","slug":"la-mayoria-de-edad-de-los-refugiados-en-america","status":"publish","type":"post","link":"https:\/\/borderlessmag.org\/es\/2021\/08\/03\/refugee-high-coming-of-age-in-america\/","title":{"rendered":"Refugee High: Coming of Age in America"},"content":{"rendered":"<p><span style=\"font-weight: 400;\">Durante un siglo, el instituto Roger C. Sullivan de Chicago ha acogido a estudiantes inmigrantes y refugiados. En 2017, durante la peor crisis mundial de refugiados de la historia, su poblaci\u00f3n inmigrante se acercaba a los 300 -es decir, casi la mitad de la escuela- y muchos eran refugiados reci\u00e9n llegados al pa\u00eds. Estos j\u00f3venes proced\u00edan de 35 pa\u00edses diferentes y hablaban entre ellos m\u00e1s de 38 idiomas distintos.<\/span><\/p>\n<p><span style=\"font-weight: 400;\">Para estos adolescentes refugiados e inmigrantes, la vida en Chicago no es f\u00e1cil. Han vivido lo peor del mundo y arrastran el trauma de la terrible violencia de la que huyeron. En Estados Unidos, se enfrentan a la pobreza, el racismo y la xenofobia, pero siguen siendo adolescentes que flirtean, sue\u00f1an y trabajan en su nueva vida en Estados Unidos.<\/span><\/p>\n<p><span style=\"font-weight: 400;\">La escritora Elly Fishman relata la vida de algunos de estos j\u00f3venes refugiados e inmigrantes en el instituto Sullivan en su nuevo libro, \"Refugee High: Coming of Age in America\". Fishman pas\u00f3 tiempo con los estudiantes durante el a\u00f1o escolar 2017, no mucho despu\u00e9s de que el presidente Donald Trump promulgara su primera prohibici\u00f3n de viajar que limitaba el n\u00famero de refugiados e inmigrantes permitidos en Estados Unidos procedentes de pa\u00edses predominantemente musulmanes.<\/span><\/p>\n<p><span style=\"font-weight: 400;\">En el siguiente fragmento, Fishman cuenta la historia de Alejandro, que est\u00e1 a la espera de saber si ser\u00e1 deportado pocos d\u00edas antes de su graduaci\u00f3n.<\/span><\/p>\n<hr \/>\n<p><span style=\"font-weight: 400;\">Alejandro lleva meses nervioso. Acurrucado en su asiento de la quinta fila del auditorio del colegio, el estudiante de \u00faltimo curso, que no se ha quitado la mochila, saca su tel\u00e9fono. No est\u00e1 especialmente interesado en el concierto de vacaciones de invierno, ni en lo que Sarah llama \"diversi\u00f3n obligatoria\". En el escenario, un chico ruand\u00e9s toca la bater\u00eda mientras un estudiante sirio de segundo a\u00f1o le acompa\u00f1a con la flauta mientras un grupo de cantantes entona \"Free Falling\" de Tom Petty. Al otro lado del auditorio, los estudiantes graban el espect\u00e1culo con sus tel\u00e9fonos mientras el personal, la mayor\u00eda apoyado en la pared sur, se balancea ligeramente en su sitio. A continuaci\u00f3n, un segundo grupo canta \"Feliz Navidad\". Alejandro levanta la vista; \u00e9sta se la sabe. El programa contin\u00faa con \"Jingle Bell Rock\" y \"Auld Lang Syne\". Cuando Lauren se acerca al micr\u00f3fono, la sala aplaude. Puede que se sienta apartada de sus compa\u00f1eros, pero no le faltan admiradores. El resto de la banda de rock de Sullivan se arrastra detr\u00e1s de ella. Apenas pasa un segundo antes de que las primeras notas de \"Just a Girl\" de No Doubt resuenen por todo el recinto. La cantante est\u00e1 respaldada por el bajista birmano y juntos ponen en pie a decenas de estudiantes. Con cada verso, Lauren parece inclinarse m\u00e1s hacia la justa ira de Gwen Stefani. Es un fuerte contraste con su comportamiento suave, pero le sienta bien. Cuando llega al primer estribillo, se pone a cantar a pleno pulm\u00f3n. Un pu\u00f1ado de estudiantes gritan y cantan con ella. Alejandro, sin embargo, no se emociona tanto. Vuelve a su tel\u00e9fono, absorto en un v\u00eddeo de la FIFA.\u00a0<\/span><\/p>\n<p><img decoding=\"async\" class=\"alignnone size-large wp-image-6522\" src=\"https:\/\/borderlessmag.org\/wordpress\/wp-content\/uploads\/2021\/12\/refugee_high_rev3_mc-662x1024.jpg\" alt=\"refugiado, instituto, Sullivan, Chicago, inmigrante, adolescente\" width=\"662\" height=\"1024\" \/><\/p>\n<p><span style=\"font-weight: 400;\">Al joven de dieciocho a\u00f1os le resulta dif\u00edcil perderse en un concierto escolar mientras vive en el limbo y espera a presentar su solicitud final de asilo. A diferencia de los refugiados, que llegan a Estados Unidos con estatuto de protecci\u00f3n y obtienen la tarjeta verde y una v\u00eda hacia la ciudadan\u00eda estadounidense tras cinco a\u00f1os en el pa\u00eds, quienes, como Alejandro, solicitan asilo tras llegar a la frontera estadounidense deben exponer su caso ante un juez de inmigraci\u00f3n. El juez, a su vez, decide si concede el asilo a la persona o la deporta a su pa\u00eds de origen. Durante los \u00faltimos cinco a\u00f1os, el estatus migratorio de Alejandro ha sido litigado repetidamente y hay otra audiencia al final del a\u00f1o escolar. Las nuevas pol\u00edticas de la administraci\u00f3n Trump, que incluyen aumentar el n\u00famero de oficiales de ICE, priorizar la persecuci\u00f3n de delitos de inmigrantes y limitar la privacidad de los inmigrantes no autorizados que buscan un estatus, ponen a Alejandro en un terreno tenue y cualquier cosa en la que est\u00e9 involucrado podr\u00eda jugar en su contra.\u00a0<\/span><\/p>\n<p><span style=\"font-weight: 400;\">En 2013, Alejandro lleg\u00f3 a Chicago para reunirse con su padre, que tambi\u00e9n hab\u00eda llegado a Estados Unidos una d\u00e9cada antes. A pesar de haber puesto mil ochocientos kil\u00f3metros de distancia entre los que le persiguieron en Ciudad de Guatemala y \u00e9l, Alejandro nunca se ha sentido del todo tranquilo. No s\u00f3lo era imposible olvidarse de los asesinatos y otros recuerdos violentos, sino que las bandas tambi\u00e9n parec\u00edan estar por todas partes en Chicago. Cuando empez\u00f3 el primer a\u00f1o en el instituto Mather, un edificio modernista de ladrillo blanco que albergaba a m\u00e1s de 1.650 estudiantes, Alejandro se sent\u00eda invisible. Eso le gustaba. Pero cuando se encontr\u00f3 con un grupo de chicos fumando un porro en el ba\u00f1o, Alejandro despert\u00f3 a un mundo dentro de Mather. Empez\u00f3 a ver drogas por toda la escuela. Vio s\u00edmbolos de bandas en las taquillas y apretones de manos codificados entre chicos en el pasillo. Aunque las bandas eran nuevas, reconoci\u00f3 los modos de comunicaci\u00f3n. Despu\u00e9s de unas semanas en Mather, Alejandro le dijo a su padre que quer\u00eda cambiar de colegio.\u00a0<\/span><\/p>\n<hr \/>\n<p><!-- Begin Mailchimp Signup Form --><\/p>\n<style type=\"text\/css\">\n#mc_embed_signup{background:#fff; clear:left; font:14px Helvetica,Arial,sans-serif; }<br \/>\/* Add your own Mailchimp form style overrides in your site stylesheet or in this style block.<br \/>  We recommend moving this block and the preceding CSS link to the HEAD of your HTML file. *\/<br \/><\/style>\n<div id=\"mc_embed_signup\">\n<form id=\"mc-embedded-subscribe-form\" class=\"validate\" action=\"https:\/\/borderlessmag.us15.list-manage.com\/subscribe\/post?u=ead6caf0aec3f75b98bd0c5a3&amp;id=9998efc574\" method=\"post\" name=\"mc-embedded-subscribe-form\" novalidate=\"\" target=\"_blank\">\n<div id=\"mc_embed_signup_scroll\"><label for=\"mce-EMAIL\">Apoye las voces de los inmigrantes en los medios de comunicaci\u00f3n Suscr\u00edbase a nuestro bolet\u00edn semanal para recibir nuestras \u00faltimas noticias directamente en su bandeja de entrada.<\/label><br \/>\n<input id=\"mce-EMAIL\" class=\"email\" name=\"EMAIL\" required=\"\" type=\"email\" value=\"\" placeholder=\"direcci\u00f3n de correo electr\u00f3nico\" \/><br \/>\n<!-- real people should not fill this in and expect good things - do not remove this or risk form bot signups--><\/p>\n<div style=\"position: absolute; left: -5000px;\" aria-hidden=\"true\"><input tabindex=\"-1\" name=\"b_ead6caf0aec3f75b98bd0c5a3_9998efc574\" type=\"text\" value=\"\" \/><\/div>\n<div class=\"clear\"><input id=\"mc-embedded-subscribe\" class=\"button\" name=\"subscribe\" type=\"submit\" value=\"Suscr\u00edbase a\" \/><\/div>\n<\/div>\n<\/form>\n<\/div>\n<hr \/>\n<p><span style=\"font-weight: 400;\">En Sullivan, Alejandro cay\u00f3 en la clase de ingl\u00e9s de Sarah Quintenz. Al principio, Sarah le cay\u00f3 mal. Su estilo mordaz no funciona con todo el mundo. Presionaba a sus alumnos pregunt\u00e1ndoles repetidamente: <\/span><i><span style=\"font-weight: 400;\">\u00bfEres tonto o est\u00e1s aprendiendo ingl\u00e9s? <\/span><\/i><span style=\"font-weight: 400;\">Un estribillo que Sarah utiliz\u00f3 por primera vez al se\u00f1alar un p\u00f3ster de su hijo peque\u00f1o. Dijo: \"No es tonto. Es tonto <\/span><i><span style=\"font-weight: 400;\">y <\/span><\/i><span style=\"font-weight: 400;\">est\u00e1 aprendiendo ingl\u00e9s\". Y a\u00f1adi\u00f3: \"Todos sab\u00e9is limpiaros el culo, espero\".\u00a0<\/span><\/p>\n<p><span style=\"font-weight: 400;\">Su argumento era que nadie deb\u00eda confundir al estudiante con un lento por no hablar ingl\u00e9s. Pero aunque el dominio del ingl\u00e9s de los estudiantes no era una medida de su inteligencia, ten\u00edan que hablar el idioma en Chicago para que se les tomara en serio. La expresi\u00f3n se convirti\u00f3 en un latiguillo de las aulas. Pero Alejandro no se lo cre\u00eda. Las arengas de Sarah le parec\u00edan humillantes. Se le meti\u00f3 en la piel. Y un d\u00eda, Alejandro, que hab\u00eda conseguido moderar su ira, estall\u00f3 en c\u00f3lera.\u00a0<\/span><\/p>\n<p><span style=\"font-weight: 400;\">A mitad de la clase, Alejandro hizo un comentario sarc\u00e1stico en voz baja. \"Ya basta, Alejandro\", le dijo Sarah desde el frente del aula. \"C\u00e1llate la boca\", respondi\u00f3 Alejandro en espa\u00f1ol.\u00a0<\/span><\/p>\n<p><span style=\"font-weight: 400;\">Sarah se dio la vuelta, dispuesta a dejar pasar el comentario. Pero entonces habl\u00f3 otro alumno.\u00a0<\/span><\/p>\n<p><span style=\"font-weight: 400;\">\"No le hables as\u00ed\", respondi\u00f3 el estudiante a Alejandro en espa\u00f1ol. \"<\/span><i><span style=\"font-weight: 400;\">Usted <\/span><\/i><span style=\"font-weight: 400;\">c\u00e1llate la boca\".\u00a0<\/span><\/p>\n<p><span style=\"font-weight: 400;\">\"No me digas lo que tengo que hacer\", dijo Alejandro, ahora m\u00e1s acalorado.\u00a0<\/span><\/p>\n<p><span style=\"font-weight: 400;\">\"Es la profesora m\u00e1s guay que tenemos. En serio, no le hables as\u00ed\".<\/span><\/p>\n<p><span style=\"font-weight: 400;\">Los dos chicos se levantaron de sus sillas. Alejandro dio un pu\u00f1etazo. Fue derribado por un golpe de represalia. Hab\u00eda sangre en el suelo. Sarah llam\u00f3 a gritos a los guardias de seguridad de Sullivan, que corrieron de la recepci\u00f3n a su habitaci\u00f3n en cuesti\u00f3n de segundos.\u00a0<\/span><\/p>\n<p><span style=\"font-weight: 400;\">Unos d\u00edas despu\u00e9s, Sarah se reuni\u00f3 con el padre de Alejandro. Le dijo que su hijo se portaba mal y chocaba con los dem\u00e1s. Sergio le explic\u00f3 que desde que Alejandro hab\u00eda llegado a Estados Unidos estaba enfadado por todo. Estaba enfadado por haber dejado a su madre y a sus amigos. Estaba enfadado con su padre, que se hab\u00eda convertido en un relativo extra\u00f1o en los a\u00f1os que llevaban separados. Sarah implor\u00f3 a Sergio que pasara m\u00e1s tiempo con su hijo.\u00a0<\/span><\/p>\n\t\t<div class=\"pk-inline-posts\">\n\t\t\t\t\t\t\t<h5 class=\"pk-inline-posts-title pk-title pk-font-block\">\n\t\t\t\t\tSeguir leyendo\t\t\t\t<\/h5>\n\t\t\t\n\t\t\t<div class=\"pk-inline-posts-container pk-inline-posts-template-list\"\n\t\t\t\tdata-columns=\"1\">\n\t\t\t\t\t\t<article id=\"post-2222\" class=\"post-2222 post type-post status-publish format-standard has-post-thumbnail category-as-told-to tag-refugee\">\n\t\t\t<div class=\"pk-post-outer\">\n\n\t\t\t\t\t\t\t\t<div class=\"pk-post-inner\">\n\t\t\t\t\t<div class=\"entry-thumbnail\">\n\t\t\t\t\t\t<div class=\"pk-overlay pk-overlay-ratio pk-ratio-landscape\">\n\t\t\t\t\t\t\t<div class=\"pk-overlay-background\">\n\t\t\t\t\t\t\t\t<a href=\"https:\/\/borderlessmag.org\/es\/2020\/03\/04\/young-african-and-refugee\/\" class=\"pk-overlay-link\">\n\t\t\t\t\t\t\t\t\t<img decoding=\"async\" width=\"1\" height=\"1\" src=\"https:\/\/borderlessmag.org\/wordpress\/wp-content\/uploads\/2020\/02\/AntoinetteMpawenayo_web.jpg\" class=\"attachment-pk-thumbnail size-pk-thumbnail wp-post-image\" alt=\"\" longdesc=\"https:\/\/borderlessmag.org\/es?longdesc=2219&amp;referrer=2222\" id=\"longdesc-return-2219\" \/>\t\t\t\t\t\t\t\t<\/a>\n\t\t\t\t\t\t\t<\/div>\n\t\t\t\t\t\t<\/div>\n\t\t\t\t\t<\/div>\n\t\t\t\t<\/div>\n\t\t\t\t\n\t\t\t\t<div class=\"pk-post-inner\">\n\t\t\t\t\t<header>\n\t\t\t\t\t\t<h3 class=\"pk-title\"><a href=\"https:\/\/borderlessmag.org\/es\/2020\/03\/04\/young-african-and-refugee\/\" rel=\"bookmark\">J\u00f3venes, africanos y refugiados<\/a><\/h3>\t\t\t\t\t\t\t<div class=\"pk-post-meta\">\n\t\t\t\t\t\t\t\t<span class=\"pk-meta-author meta-author\"><span class=\"author vcard\"><a class=\"url fn n\" href=\"https:\/\/borderlessmag.org\/es\/author\/michelle-kanaar\/\" title=\"Ver todas las publicaciones de Michelle Kanaar, Nissa Rhee\">Michelle Kanaar, Nissa Rhee<\/a><\/span><\/span>\t\t\t\t\t\t\t\t<span class=\"sep\">-<\/span>\n\t\t\t\t\t\t\t\t<span class=\"pk-meta-date meta-date\"><a href=\"https:\/\/borderlessmag.org\/es\/2020\/03\/04\/young-african-and-refugee\/\" rel=\"bookmark\">4 de marzo de 2020<\/a><\/span>\t\t\t\t\t\t\t<\/div>\n\t\t\t\t\t\t\t\t\t\t\t\t<\/header><!-- .entry-header -->\n\t\t\t\t<\/div><!-- .post-inner -->\n\n\t\t\t<\/div><!-- .post-outer -->\n\t\t<\/article>\n\t\t\t\t<\/div>\n\t\t<\/div>\n\t\t\n<p><span style=\"font-weight: 400;\">La pelea supuso un punto de inflexi\u00f3n para Alejandro y Sarah. Cuando Alejandro se enter\u00f3 de que Sarah no le hab\u00eda contado a su padre lo de la pelea, le dio las gracias. A partir de entonces, empez\u00f3 a ir a comer a la clase de Sarah. En primavera, Alejandro com\u00eda todos los d\u00edas con Sarah. El aula que acab\u00f3 con su paciencia era ahora su espacio seguro. No s\u00f3lo almorzaba all\u00ed, sino que tambi\u00e9n ven\u00eda a mantener el orden en otros momentos del d\u00eda. Ayudaba a mantener el aula ordenada y el trabajo de Sarah manejable. Ella bromeaba dici\u00e9ndole que era su servicio secreto. Si los alumnos acud\u00edan a ella con preguntas cuando Sarah estaba ocupada, Alejandro los interceptaba. \"La Sra. Q. est\u00e1 ocupada ahora\", les dec\u00eda, \"preg\u00fantenme a m\u00ed\".\u00a0<\/span><\/p>\n<p><span style=\"font-weight: 400;\">Alejandro comparti\u00f3 detalles sobre su nueva relaci\u00f3n. Habl\u00f3 de su creciente afici\u00f3n a la salsa y los tamales y se quej\u00f3 de los profesores que le ca\u00edan mal. Sin embargo, nunca habl\u00f3 de su pasado. Eso cambi\u00f3 cuando Sarah le asign\u00f3 el libro de Jorge Ramos <\/span><i><span style=\"font-weight: 400;\">Morir para cruzar<\/span><\/i><span style=\"font-weight: 400;\">. Como en muchas de sus unidades did\u00e1cticas, Sarah esperaba que el libro, que narra las historias de diecinueve personas que murieron en el interior de un cami\u00f3n con remolque que deb\u00eda transportarlas desde Latinoam\u00e9rica hasta Houston (Texas), conectara con las propias historias de migraci\u00f3n de los alumnos. La clase pas\u00f3 un mes entero debatiendo el libro y sus temas. Hizo que los alumnos presentaran diferentes personajes e historias. Cuando la clase lleg\u00f3 a la secci\u00f3n del libro en la que se explicaba c\u00f3mo los emigrantes cruzaban el R\u00edo Grande para llegar a la frontera estadounidense, Alejandro tom\u00f3 la palabra.\u00a0<\/span><\/p>\n<p><span style=\"font-weight: 400;\">\"Yo lo hice\", dijo a Sarah y a la clase.\u00a0<\/span><\/p>\n<p><span style=\"font-weight: 400;\">\"\u00bfCruzaron un r\u00edo?\" pregunt\u00f3 Sarah, desconcertada.\u00a0<\/span><\/p>\n<p><span style=\"font-weight: 400;\">\"Cruc\u00e9 <\/span><i><span style=\"font-weight: 400;\">que <\/span><\/i><span style=\"font-weight: 400;\">r\u00edo\".\u00a0<\/span><\/p>\n<p><span style=\"font-weight: 400;\">Sarah muestra un mapa en el retroproyector. Lo se\u00f1al\u00f3. \"\u00bfEste mismo r\u00edo? \u00bfEl R\u00edo Grande? \u00bfC\u00f3mo era?\"\u00a0<\/span><\/p>\n<p><span style=\"font-weight: 400;\">\"Realmente aterrador.\"<\/span><\/p>\n<p><span style=\"font-weight: 400;\">Hoy en d\u00eda, la oficina de ELL sigue siendo uno de los \u00fanicos lugares donde Alejandro encuentra comunidad. Prob\u00f3 otros grupos, pero nada le convenci\u00f3. Cuando empez\u00f3 en Sullivan, jugaba en el equipo de f\u00fatbol. Alejandro era un jugador fuerte y un l\u00edder; fue elegido capit\u00e1n del equipo en su segundo a\u00f1o en el equipo. Aunque todo era nuevo en Estados Unidos, las reglas, el ritmo y el juego segu\u00edan siendo los mismos que en Guatemala. Cuando el equipo saltaba al campo, no pensaba en la gente que hab\u00eda dejado atr\u00e1s. Alejandro no se centraba en su precario futuro. El mundo se reduc\u00eda al tama\u00f1o del campo. Eso le reconfortaba. Pero el f\u00fatbol tambi\u00e9n sacaba a relucir su rabia y su naturaleza competitiva. Un mal arbitraje le hac\u00eda echar humo. Y una vez que se enfurec\u00eda, a Alejandro le costaba volver a controlarse. As\u00ed que, despu\u00e9s de su segundo a\u00f1o, lo dej\u00f3. Tambi\u00e9n intent\u00f3 ir a la iglesia con su novia y la familia de \u00e9sta. Iban todos los domingos y siempre compart\u00edan una comida familiar despu\u00e9s. Pero a Alejandro no le gustaba c\u00f3mo se vest\u00edan las mujeres para ir a misa. Las faldas cortas y las blusas escotadas le parec\u00edan ropa de discoteca. Decidi\u00f3 que prefer\u00eda rezar en casa. A partir de entonces, cuando le preguntaban cu\u00e1l era su iglesia, les dec\u00eda: \"Mi casa\".\u00a0<\/span><\/p>\n\t\t<div class=\"pk-inline-posts\">\n\t\t\t\t\t\t\t<h5 class=\"pk-inline-posts-title pk-title pk-font-block\">\n\t\t\t\t\tSeguir leyendo\t\t\t\t<\/h5>\n\t\t\t\n\t\t\t<div class=\"pk-inline-posts-container pk-inline-posts-template-list\"\n\t\t\t\tdata-columns=\"1\">\n\t\t\t\t\t\t<article id=\"post-6312\" class=\"post-6312 post type-post status-publish format-standard has-post-thumbnail category-as-told-to category-environmentandhealth category-labor tag-limited\">\n\t\t\t<div class=\"pk-post-outer\">\n\n\t\t\t\t\t\t\t\t<div class=\"pk-post-inner\">\n\t\t\t\t\t<div class=\"entry-thumbnail\">\n\t\t\t\t\t\t<div class=\"pk-overlay pk-overlay-ratio pk-ratio-landscape\">\n\t\t\t\t\t\t\t<div class=\"pk-overlay-background\">\n\t\t\t\t\t\t\t\t<a href=\"https:\/\/borderlessmag.org\/es\/2021\/06\/24\/as-an-immigrant-you-have-limited-opportunities\/\" class=\"pk-overlay-link\">\n\t\t\t\t\t\t\t\t\t<img decoding=\"async\" width=\"1\" height=\"1\" src=\"https:\/\/borderlessmag.org\/wordpress\/wp-content\/uploads\/2021\/06\/CF_Borderless_ChristianCross_19_featured.jpg\" class=\"attachment-pk-thumbnail size-pk-thumbnail wp-post-image\" alt=\"salud mental, inmigrante, Coss, mexicano, familia, pandemia\" \/>\t\t\t\t\t\t\t\t<\/a>\n\t\t\t\t\t\t\t<\/div>\n\t\t\t\t\t\t<\/div>\n\t\t\t\t\t<\/div>\n\t\t\t\t<\/div>\n\t\t\t\t\n\t\t\t\t<div class=\"pk-post-inner\">\n\t\t\t\t\t<header>\n\t\t\t\t\t\t<h3 class=\"pk-title\"><a href=\"https:\/\/borderlessmag.org\/es\/2021\/06\/24\/as-an-immigrant-you-have-limited-opportunities\/\" rel=\"bookmark\">\"Como inmigrante, tienes oportunidades limitadas\"<\/a><\/h3>\t\t\t\t\t\t\t<div class=\"pk-post-meta\">\n\t\t\t\t\t\t\t\t<span class=\"pk-meta-author meta-author\"><span class=\"author vcard\"><a class=\"url fn n\" href=\"https:\/\/borderlessmag.org\/es\/author\/esperanza-sandoval\/\" title=\"Ver todas las publicaciones de Esperanza Sandoval\">Esperanza Sandoval<\/a><\/span><\/span>\t\t\t\t\t\t\t\t<span class=\"sep\">-<\/span>\n\t\t\t\t\t\t\t\t<span class=\"pk-meta-date meta-date\"><a href=\"https:\/\/borderlessmag.org\/es\/2021\/06\/24\/as-an-immigrant-you-have-limited-opportunities\/\" rel=\"bookmark\">24 de junio de 2021<\/a><\/span>\t\t\t\t\t\t\t<\/div>\n\t\t\t\t\t\t\t\t\t\t\t\t<\/header><!-- .entry-header -->\n\t\t\t\t<\/div><!-- .post-inner -->\n\n\t\t\t<\/div><!-- .post-outer -->\n\t\t<\/article>\n\t\t\t\t<\/div>\n\t\t<\/div>\n\t\t\n<p><span style=\"font-weight: 400;\">El mes pasado, cuando Alejandro se preparaba para hacer su segunda petici\u00f3n de asilo, le pidi\u00f3 a Sarah que le escribiera una carta de apoyo. En los d\u00edas previos a su cita con el tribunal, el 9 de noviembre, pas\u00f3 casi todas las horas en la biblioteca. Se refugiaba en un rinc\u00f3n y consultaba un mont\u00f3n de papeles grapados. El documento, una especie de gui\u00f3n, conten\u00eda las cuarenta preguntas del cuestionario de admisi\u00f3n que se aplica a los menores inmigrantes no acompa\u00f1ados una vez que son puestos bajo custodia, as\u00ed como sus respuestas. Las preguntas, que siguen el modelo de las que figuran en el formulario I-589, la solicitud de asilo estadounidense, pretenden convertir vidas dif\u00edciles y complejas en relatos bien estructurados. A Alejandro le resulta dif\u00edcil recordar los detalles de su huida de Guatemala. Se han desvanecido a medida que ha construido su vida en Chicago. Pero sus abogados le dijeron que ten\u00eda que hacer todo lo posible por memorizar sus respuestas. Le dijeron que el juez intentar\u00eda detectar cualquier discrepancia. Cuando Alejandro se sent\u00eda abrumado, recurr\u00eda a Sarah, que siempre sacaba tiempo para hablar.\u00a0<\/span><\/p>\n<p><span style=\"font-weight: 400;\">Menos de cuarenta y ocho horas antes de comparecer ante el tribunal el 9 de noviembre, Alejandro recibi\u00f3 una llamada telef\u00f3nica. Era su padre, Sergio. Le explic\u00f3 que los abogados le hab\u00edan llamado para comunicarle que Alejandro ten\u00eda que comparecer m\u00e1s tarde. El tribunal estaba atrasado con sus casos y no ten\u00eda tiempo para o\u00edr el de Alejandro. Tendr\u00eda que esperar a recibir una nueva fecha. Cuando lo hizo, el correo electr\u00f3nico dec\u00eda 11 de junio, dos d\u00edas antes de su graduaci\u00f3n en Sullivan.<\/span><\/p>\n<p>&nbsp;<\/p>\n<p><i><span style=\"font-weight: 400;\">Elly Fishman hablar\u00e1 de su nuevo libro, Refugee High: Coming of Age in America, en un acto virtual organizado por el American Writers Museum el martes 10 de agosto a las 18.30 horas. 10 de agosto a las 18.30 horas. <\/span><\/i><a href=\"https:\/\/americanwritersmuseum.org\/program-calendar\/my-america-elly-fishman\/\"><i><span style=\"font-weight: 400;\">Para m\u00e1s informaci\u00f3n e inscribirse en el acto gratuito, pulse aqu\u00ed.<\/span><\/i><\/a><\/p>\n<h4 id=\"our-work-is-made-possible-thanks-to-donations-from-people-like-you-support-high-quality-reporting-by-making-a-tax-deductible-donation-today\" class=\"pk-content-block pk-block-bg pk-block-bg-light\" style=\"text-align: left;\"><span style=\"color: #993300;\">Nuestro trabajo es posible gracias a las donaciones de personas como usted. Apoye la informaci\u00f3n de alta calidad haciendo una donaci\u00f3n deducible de impuestos hoy mismo. \u00a0 \u00a0 \u00a0 \u00a0 \u00a0 \u00a0 \u00a0 \u00a0 \u00a0 \u00a0 \u00a0 \u00a0 \u00a0 \u00a0 \u00a0 \u00a0 \u00a0 \u00a0 \u00a0 \u00a0 \u00a0 \u00a0 \u00a0 \u00a0 \u00a0 \u00a0 \u00a0 \u00a0 \u00a0 \u00a0 \u00a0 \u00a0 \u00a0 \u00a0 \u00a0 \u00a0 \u00a0 \u00a0 \u00a0 \u00a0 \u00a0 \u00a0 \u00a0 \u00a0 \u00a0 \u00a0 \u00a0 \u00a0 \u00a0 \u00a0 \u00a0 \u00a0 \u00a0 \u00a0 \u00a0 \u00a0 \u00a0 \u00a0 \u00a0 \u00a0 \u00a0 \u00a0 \u00a0 \u00a0 \u00a0\u00a0<\/span><a class=\"pk-button pk-button-md pk-button-primary pk-font-primary\" href=\"https:\/\/borderlessmag.org\/es\/donar\/\" target=\"_blank\" >\n\t\t\t Donar \n\t\t<\/a><\/h4>","protected":false},"excerpt":{"rendered":"<p>La escritora Elly Fishman pas\u00f3 un a\u00f1o haciendo la cr\u00f3nica de la vida de j\u00f3venes refugiados e inmigrantes en un colegio p\u00fablico de Chicago en Rogers Park para su nuevo libro, Refugee High: Coming of Age in America.<\/p>","protected":false},"author":11,"featured_media":6525,"comment_status":"closed","ping_status":"closed","sticky":false,"template":"","format":"standard","meta":{"inline_featured_image":false,"footnotes":""},"categories":[318],"tags":[402],"coauthors":[207,255],"class_list":{"0":"post-6511","1":"post","2":"type-post","3":"status-publish","4":"format-standard","5":"has-post-thumbnail","7":"category-arts-culture","8":"tag-refugeehigh"},"yoast_head":"<!-- This site is optimized with the Yoast SEO Premium plugin v27.3 (Yoast SEO v27.3) - https:\/\/yoast.com\/product\/yoast-seo-premium-wordpress\/ -->\n<title>Refugee High: Coming of Age in America &#8211; Borderless Magazine NFP<\/title>\n<meta name=\"description\" content=\"Writer Elly Fishman spent a year chronicling the lives of young refugees and immigrants at a Chicago public school in Rogers Park for her new book, Refugee High: Coming of Age in America.\" \/>\n<meta name=\"robots\" content=\"index, follow, max-snippet:-1, max-image-preview:large, max-video-preview:-1\" \/>\n<link rel=\"canonical\" href=\"https:\/\/borderlessmag.org\/es\/2021\/08\/03\/la-mayoria-de-edad-de-los-refugiados-en-america\/\" \/>\n<meta property=\"og:locale\" content=\"es_MX\" \/>\n<meta property=\"og:type\" content=\"article\" \/>\n<meta property=\"og:title\" content=\"Refugee High: Coming of Age in America &#8211; Arts &amp; Culture &#8211; Borderless Magazine NFP\" \/>\n<meta property=\"og:description\" content=\"Refugee High: Coming of Age in America &#8211; Arts &amp; Culture &#8211; Borderless Magazine NFP\" \/>\n<meta property=\"og:url\" content=\"https:\/\/borderlessmag.org\/es\/2021\/08\/03\/la-mayoria-de-edad-de-los-refugiados-en-america\/\" \/>\n<meta property=\"og:site_name\" content=\"Borderless Magazine NFP\" \/>\n<meta property=\"article:publisher\" content=\"https:\/\/www.facebook.com\/BorderlessMagazine\" \/>\n<meta property=\"article:published_time\" content=\"2021-08-03T17:29:21+00:00\" \/>\n<meta property=\"article:modified_time\" content=\"2022-10-05T15:20:04+00:00\" \/>\n<meta property=\"og:image\" content=\"https:\/\/borderlessmag.org\/wordpress\/wp-content\/uploads\/2021\/08\/2017-0406Sullivan-1377_featured2.jpg\" \/>\n\t<meta property=\"og:image:width\" content=\"1500\" \/>\n\t<meta property=\"og:image:height\" content=\"775\" \/>\n\t<meta property=\"og:image:type\" content=\"image\/jpeg\" \/>\n<meta name=\"author\" content=\"Esperanza Sandoval\" \/>\n<meta name=\"twitter:card\" content=\"summary_large_image\" \/>\n<meta name=\"twitter:label1\" content=\"Escrito por\" \/>\n\t<meta name=\"twitter:data1\" content=\"Borderless Magazine Staff\" \/>\n\t<meta name=\"twitter:label2\" content=\"Tiempo de lectura\" \/>\n\t<meta name=\"twitter:data2\" content=\"10 minutos\" \/>\n\t<meta name=\"twitter:label3\" content=\"Written by\" \/>\n\t<meta name=\"twitter:data3\" content=\"Esperanza Sandoval\" \/>\n<script type=\"application\/ld+json\" class=\"yoast-schema-graph\">{\"@context\":\"https:\\\/\\\/schema.org\",\"@graph\":[{\"@type\":\"NewsArticle\",\"@id\":\"https:\\\/\\\/borderlessmag.org\\\/2021\\\/08\\\/03\\\/refugee-high-coming-of-age-in-america\\\/#article\",\"isPartOf\":{\"@id\":\"https:\\\/\\\/borderlessmag.org\\\/2021\\\/08\\\/03\\\/refugee-high-coming-of-age-in-america\\\/\"},\"author\":{\"name\":\"Borderless Magazine Staff\",\"@id\":\"https:\\\/\\\/borderlessmag.org\\\/#\\\/schema\\\/person\\\/494d06540b1771aee68324a4f83ee84b\"},\"headline\":\"Refugee High: Coming of Age in America\",\"datePublished\":\"2021-08-03T17:29:21+00:00\",\"dateModified\":\"2022-10-05T15:20:04+00:00\",\"mainEntityOfPage\":{\"@id\":\"https:\\\/\\\/borderlessmag.org\\\/2021\\\/08\\\/03\\\/refugee-high-coming-of-age-in-america\\\/\"},\"wordCount\":2130,\"publisher\":{\"@id\":\"https:\\\/\\\/borderlessmag.org\\\/#organization\"},\"image\":{\"@id\":\"https:\\\/\\\/borderlessmag.org\\\/2021\\\/08\\\/03\\\/refugee-high-coming-of-age-in-america\\\/#primaryimage\"},\"thumbnailUrl\":\"https:\\\/\\\/borderlessmag.org\\\/wordpress\\\/wp-content\\\/uploads\\\/2021\\\/08\\\/2017-0406Sullivan-1377_featured2.jpg\",\"keywords\":[\"RefugeeHigh\"],\"articleSection\":[\"Arts &amp; Culture\"],\"inLanguage\":\"es\",\"copyrightYear\":\"2021\",\"copyrightHolder\":{\"@id\":\"https:\\\/\\\/borderlessmag.org\\\/es\\\/#organization\"}},{\"@type\":\"WebPage\",\"@id\":\"https:\\\/\\\/borderlessmag.org\\\/2021\\\/08\\\/03\\\/refugee-high-coming-of-age-in-america\\\/\",\"url\":\"https:\\\/\\\/borderlessmag.org\\\/2021\\\/08\\\/03\\\/refugee-high-coming-of-age-in-america\\\/\",\"name\":\"Refugee High: Coming of Age in America &#8211; Borderless Magazine NFP\",\"isPartOf\":{\"@id\":\"https:\\\/\\\/borderlessmag.org\\\/#website\"},\"primaryImageOfPage\":{\"@id\":\"https:\\\/\\\/borderlessmag.org\\\/2021\\\/08\\\/03\\\/refugee-high-coming-of-age-in-america\\\/#primaryimage\"},\"image\":{\"@id\":\"https:\\\/\\\/borderlessmag.org\\\/2021\\\/08\\\/03\\\/refugee-high-coming-of-age-in-america\\\/#primaryimage\"},\"thumbnailUrl\":\"https:\\\/\\\/borderlessmag.org\\\/wordpress\\\/wp-content\\\/uploads\\\/2021\\\/08\\\/2017-0406Sullivan-1377_featured2.jpg\",\"datePublished\":\"2021-08-03T17:29:21+00:00\",\"dateModified\":\"2022-10-05T15:20:04+00:00\",\"description\":\"Writer Elly Fishman spent a year chronicling the lives of young refugees and immigrants at a Chicago public school in Rogers Park for her new book, Refugee High: Coming of Age in America.\",\"inLanguage\":\"es\",\"potentialAction\":[{\"@type\":\"ReadAction\",\"target\":[\"https:\\\/\\\/borderlessmag.org\\\/2021\\\/08\\\/03\\\/refugee-high-coming-of-age-in-america\\\/\"]}]},{\"@type\":\"ImageObject\",\"inLanguage\":\"es\",\"@id\":\"https:\\\/\\\/borderlessmag.org\\\/2021\\\/08\\\/03\\\/refugee-high-coming-of-age-in-america\\\/#primaryimage\",\"url\":\"https:\\\/\\\/borderlessmag.org\\\/wordpress\\\/wp-content\\\/uploads\\\/2021\\\/08\\\/2017-0406Sullivan-1377_featured2.jpg\",\"contentUrl\":\"https:\\\/\\\/borderlessmag.org\\\/wordpress\\\/wp-content\\\/uploads\\\/2021\\\/08\\\/2017-0406Sullivan-1377_featured2.jpg\",\"caption\":\"\u201cI just want to have a normal life, a better life,\u201d said Hajar Assaf at center, seen walking with fellow Syrian immigrants Wadad Elaly, 16, at left, and Kamr Alkrdi, 16, at Sullivan High School in 2017 in Chicago, Ill.\"},{\"@type\":\"WebSite\",\"@id\":\"https:\\\/\\\/borderlessmag.org\\\/#website\",\"url\":\"https:\\\/\\\/borderlessmag.org\\\/\",\"name\":\"Borderless Magazine NFP\",\"description\":\"Stories about immigration and immigrants\",\"publisher\":{\"@id\":\"https:\\\/\\\/borderlessmag.org\\\/#organization\"},\"alternateName\":\"Borderless\",\"potentialAction\":[{\"@type\":\"SearchAction\",\"target\":{\"@type\":\"EntryPoint\",\"urlTemplate\":\"https:\\\/\\\/borderlessmag.org\\\/?s={search_term_string}\"},\"query-input\":{\"@type\":\"PropertyValueSpecification\",\"valueRequired\":true,\"valueName\":\"search_term_string\"}}],\"inLanguage\":\"es\"},{\"@type\":\"Organization\",\"@id\":\"https:\\\/\\\/borderlessmag.org\\\/#organization\",\"name\":\"Borderless Magazine NFP\",\"alternateName\":\"Borderless Mag\",\"url\":\"https:\\\/\\\/borderlessmag.org\\\/\",\"logo\":{\"@type\":\"ImageObject\",\"inLanguage\":\"es\",\"@id\":\"https:\\\/\\\/borderlessmag.org\\\/#\\\/schema\\\/logo\\\/image\\\/\",\"url\":\"https:\\\/\\\/borderlessmag.org\\\/wordpress\\\/wp-content\\\/uploads\\\/2025\\\/08\\\/BorderlessLogo_main_square.jpg\",\"contentUrl\":\"https:\\\/\\\/borderlessmag.org\\\/wordpress\\\/wp-content\\\/uploads\\\/2025\\\/08\\\/BorderlessLogo_main_square.jpg\",\"width\":696,\"height\":696,\"caption\":\"Borderless Magazine NFP\"},\"image\":{\"@id\":\"https:\\\/\\\/borderlessmag.org\\\/#\\\/schema\\\/logo\\\/image\\\/\"},\"sameAs\":[\"https:\\\/\\\/www.facebook.com\\\/BorderlessMagazine\",\"https:\\\/\\\/www.instagram.com\\\/borderless_mag\\\/\",\"https:\\\/\\\/www.tiktok.com\\\/@borderless_mag\"]},{\"@type\":\"Person\",\"@id\":\"https:\\\/\\\/borderlessmag.org\\\/#\\\/schema\\\/person\\\/494d06540b1771aee68324a4f83ee84b\",\"name\":\"Borderless Magazine Staff\",\"image\":{\"@type\":\"ImageObject\",\"inLanguage\":\"es\",\"@id\":\"https:\\\/\\\/secure.gravatar.com\\\/avatar\\\/73a36bdc4111db6c9a6fe479707fda14a1503b55989da2e353b9cf5ac0835687?s=96&d=mm&r=g3712cb91a44b036a2a2fc35f3c060522\",\"url\":\"https:\\\/\\\/secure.gravatar.com\\\/avatar\\\/73a36bdc4111db6c9a6fe479707fda14a1503b55989da2e353b9cf5ac0835687?s=96&d=mm&r=g\",\"contentUrl\":\"https:\\\/\\\/secure.gravatar.com\\\/avatar\\\/73a36bdc4111db6c9a6fe479707fda14a1503b55989da2e353b9cf5ac0835687?s=96&d=mm&r=g\",\"caption\":\"Borderless Magazine Staff\"},\"url\":\"https:\\\/\\\/borderlessmag.org\\\/es\\\/author\\\/borderless-magazine-staff\\\/\"}]}<\/script>\n<!-- \/ Yoast SEO Premium plugin. -->","yoast_head_json":{"title":"Refugee High: Coming of Age in America - Revista Borderless NFP","description":"La escritora Elly Fishman pas\u00f3 un a\u00f1o haciendo la cr\u00f3nica de la vida de j\u00f3venes refugiados e inmigrantes en un colegio p\u00fablico de Chicago en Rogers Park para su nuevo libro, Refugee High: Coming of Age in America.","robots":{"index":"index","follow":"follow","max-snippet":"max-snippet:-1","max-image-preview":"max-image-preview:large","max-video-preview":"max-video-preview:-1"},"canonical":"https:\/\/borderlessmag.org\/es\/2021\/08\/03\/la-mayoria-de-edad-de-los-refugiados-en-america\/","og_locale":"es_MX","og_type":"article","og_title":"Refugee High: Coming of Age in America &#8211; Arts &amp; Culture &#8211; Borderless Magazine NFP","og_description":"Refugee High: Coming of Age in America &#8211; Arts &amp; Culture &#8211; Borderless Magazine NFP","og_url":"https:\/\/borderlessmag.org\/es\/2021\/08\/03\/la-mayoria-de-edad-de-los-refugiados-en-america\/","og_site_name":"Borderless Magazine NFP","article_publisher":"https:\/\/www.facebook.com\/BorderlessMagazine","article_published_time":"2021-08-03T17:29:21+00:00","article_modified_time":"2022-10-05T15:20:04+00:00","og_image":[{"width":1500,"height":775,"url":"https:\/\/borderlessmag.org\/wordpress\/wp-content\/uploads\/2021\/08\/2017-0406Sullivan-1377_featured2.jpg","type":"image\/jpeg"}],"author":"Esperanza Sandoval","twitter_card":"summary_large_image","twitter_misc":{"Escrito por":"Borderless Magazine Staff","Tiempo de lectura":"10 minutos","Written by":"Esperanza Sandoval"},"schema":{"@context":"https:\/\/schema.org","@graph":[{"@type":"NewsArticle","@id":"https:\/\/borderlessmag.org\/2021\/08\/03\/refugee-high-coming-of-age-in-america\/#article","isPartOf":{"@id":"https:\/\/borderlessmag.org\/2021\/08\/03\/refugee-high-coming-of-age-in-america\/"},"author":{"name":"Borderless Magazine Staff","@id":"https:\/\/borderlessmag.org\/#\/schema\/person\/494d06540b1771aee68324a4f83ee84b"},"headline":"Refugee High: Coming of Age in America","datePublished":"2021-08-03T17:29:21+00:00","dateModified":"2022-10-05T15:20:04+00:00","mainEntityOfPage":{"@id":"https:\/\/borderlessmag.org\/2021\/08\/03\/refugee-high-coming-of-age-in-america\/"},"wordCount":2130,"publisher":{"@id":"https:\/\/borderlessmag.org\/#organization"},"image":{"@id":"https:\/\/borderlessmag.org\/2021\/08\/03\/refugee-high-coming-of-age-in-america\/#primaryimage"},"thumbnailUrl":"https:\/\/borderlessmag.org\/wordpress\/wp-content\/uploads\/2021\/08\/2017-0406Sullivan-1377_featured2.jpg","keywords":["RefugeeHigh"],"articleSection":["Arts &amp; Culture"],"inLanguage":"es","copyrightYear":"2021","copyrightHolder":{"@id":"https:\/\/borderlessmag.org\/es\/#organization"}},{"@type":"WebPage","@id":"https:\/\/borderlessmag.org\/2021\/08\/03\/refugee-high-coming-of-age-in-america\/","url":"https:\/\/borderlessmag.org\/2021\/08\/03\/refugee-high-coming-of-age-in-america\/","name":"Refugee High: Coming of Age in America - Revista Borderless NFP","isPartOf":{"@id":"https:\/\/borderlessmag.org\/#website"},"primaryImageOfPage":{"@id":"https:\/\/borderlessmag.org\/2021\/08\/03\/refugee-high-coming-of-age-in-america\/#primaryimage"},"image":{"@id":"https:\/\/borderlessmag.org\/2021\/08\/03\/refugee-high-coming-of-age-in-america\/#primaryimage"},"thumbnailUrl":"https:\/\/borderlessmag.org\/wordpress\/wp-content\/uploads\/2021\/08\/2017-0406Sullivan-1377_featured2.jpg","datePublished":"2021-08-03T17:29:21+00:00","dateModified":"2022-10-05T15:20:04+00:00","description":"La escritora Elly Fishman pas\u00f3 un a\u00f1o haciendo la cr\u00f3nica de la vida de j\u00f3venes refugiados e inmigrantes en un colegio p\u00fablico de Chicago en Rogers Park para su nuevo libro, Refugee High: Coming of Age in America.","inLanguage":"es","potentialAction":[{"@type":"ReadAction","target":["https:\/\/borderlessmag.org\/2021\/08\/03\/refugee-high-coming-of-age-in-america\/"]}]},{"@type":"ImageObject","inLanguage":"es","@id":"https:\/\/borderlessmag.org\/2021\/08\/03\/refugee-high-coming-of-age-in-america\/#primaryimage","url":"https:\/\/borderlessmag.org\/wordpress\/wp-content\/uploads\/2021\/08\/2017-0406Sullivan-1377_featured2.jpg","contentUrl":"https:\/\/borderlessmag.org\/wordpress\/wp-content\/uploads\/2021\/08\/2017-0406Sullivan-1377_featured2.jpg","caption":"\u201cI just want to have a normal life, a better life,\u201d said Hajar Assaf at center, seen walking with fellow Syrian immigrants Wadad Elaly, 16, at left, and Kamr Alkrdi, 16, at Sullivan High School in 2017 in Chicago, Ill."},{"@type":"WebSite","@id":"https:\/\/borderlessmag.org\/#website","url":"https:\/\/borderlessmag.org\/","name":"Revista Borderless NFP","description":"Historias sobre inmigraci\u00f3n e inmigrantes","publisher":{"@id":"https:\/\/borderlessmag.org\/#organization"},"alternateName":"Borderless","potentialAction":[{"@type":"SearchAction","target":{"@type":"EntryPoint","urlTemplate":"https:\/\/borderlessmag.org\/?s={search_term_string}"},"query-input":{"@type":"PropertyValueSpecification","valueRequired":true,"valueName":"search_term_string"}}],"inLanguage":"es"},{"@type":"Organization","@id":"https:\/\/borderlessmag.org\/#organization","name":"Revista Borderless NFP","alternateName":"Borderless Mag","url":"https:\/\/borderlessmag.org\/","logo":{"@type":"ImageObject","inLanguage":"es","@id":"https:\/\/borderlessmag.org\/#\/schema\/logo\/image\/","url":"https:\/\/borderlessmag.org\/wordpress\/wp-content\/uploads\/2025\/08\/BorderlessLogo_main_square.jpg","contentUrl":"https:\/\/borderlessmag.org\/wordpress\/wp-content\/uploads\/2025\/08\/BorderlessLogo_main_square.jpg","width":696,"height":696,"caption":"Borderless Magazine NFP"},"image":{"@id":"https:\/\/borderlessmag.org\/#\/schema\/logo\/image\/"},"sameAs":["https:\/\/www.facebook.com\/BorderlessMagazine","https:\/\/www.instagram.com\/borderless_mag\/","https:\/\/www.tiktok.com\/@borderless_mag"]},{"@type":"Person","@id":"https:\/\/borderlessmag.org\/#\/schema\/person\/494d06540b1771aee68324a4f83ee84b","name":"Personal de Borderless Magazine","image":{"@type":"ImageObject","inLanguage":"es","@id":"https:\/\/secure.gravatar.com\/avatar\/73a36bdc4111db6c9a6fe479707fda14a1503b55989da2e353b9cf5ac0835687?s=96&d=mm&r=g3712cb91a44b036a2a2fc35f3c060522","url":"https:\/\/secure.gravatar.com\/avatar\/73a36bdc4111db6c9a6fe479707fda14a1503b55989da2e353b9cf5ac0835687?s=96&d=mm&r=g","contentUrl":"https:\/\/secure.gravatar.com\/avatar\/73a36bdc4111db6c9a6fe479707fda14a1503b55989da2e353b9cf5ac0835687?s=96&d=mm&r=g","caption":"Borderless Magazine Staff"},"url":"https:\/\/borderlessmag.org\/es\/author\/borderless-magazine-staff\/"}]}},"cc_featured_image_caption":{"caption_text":" \u201cI just want to have a normal life, a better life,\u201d said Hajar Assaf at center, seen walking with fellow Syrian immigrants Wadad Elaly, 16, at left, and Kamr Alkrdi, 16, at Sullivan High School in 2017 in Chicago, Ill.","source_text":"","source_url":""},"_links":{"self":[{"href":"https:\/\/borderlessmag.org\/es\/wp-json\/wp\/v2\/posts\/6511","targetHints":{"allow":["GET"]}}],"collection":[{"href":"https:\/\/borderlessmag.org\/es\/wp-json\/wp\/v2\/posts"}],"about":[{"href":"https:\/\/borderlessmag.org\/es\/wp-json\/wp\/v2\/types\/post"}],"author":[{"embeddable":true,"href":"https:\/\/borderlessmag.org\/es\/wp-json\/wp\/v2\/users\/11"}],"replies":[{"embeddable":true,"href":"https:\/\/borderlessmag.org\/es\/wp-json\/wp\/v2\/comments?post=6511"}],"version-history":[{"count":0,"href":"https:\/\/borderlessmag.org\/es\/wp-json\/wp\/v2\/posts\/6511\/revisions"}],"wp:featuredmedia":[{"embeddable":true,"href":"https:\/\/borderlessmag.org\/es\/wp-json\/wp\/v2\/media\/6525"}],"wp:attachment":[{"href":"https:\/\/borderlessmag.org\/es\/wp-json\/wp\/v2\/media?parent=6511"}],"wp:term":[{"taxonomy":"category","embeddable":true,"href":"https:\/\/borderlessmag.org\/es\/wp-json\/wp\/v2\/categories?post=6511"},{"taxonomy":"post_tag","embeddable":true,"href":"https:\/\/borderlessmag.org\/es\/wp-json\/wp\/v2\/tags?post=6511"},{"taxonomy":"author","embeddable":true,"href":"https:\/\/borderlessmag.org\/es\/wp-json\/wp\/v2\/coauthors?post=6511"}],"curies":[{"name":"wp","href":"https:\/\/api.w.org\/{rel}","templated":true}]}}