{"id":6503,"date":"2021-08-02T15:32:12","date_gmt":"2021-08-02T21:32:12","guid":{"rendered":"https:\/\/borderlessmag.org\/?p=6503"},"modified":"2022-01-21T11:47:59","modified_gmt":"2022-01-21T17:47:59","slug":"illinois-pondra-fin-a-la-detencion-de-inmigrantes-con-un-nuevo-proyecto-de-ley-2","status":"publish","type":"post","link":"https:\/\/borderlessmag.org\/es\/2021\/08\/02\/illinois-to-end-immigrant-detention-with-new-bill\/","title":{"rendered":"Illinois pondr\u00e1 fin a la detenci\u00f3n de inmigrantes con un nuevo proyecto de ley"},"content":{"rendered":"<p><span style=\"font-weight: 400;\">El gobernador de Illinois, JB. Pritzker ha firmado hoy una ley para aumentar la protecci\u00f3n de los inmigrantes y poner fin a la colaboraci\u00f3n local con las autoridades federales de inmigraci\u00f3n. Illinois es ahora el segundo estado del pa\u00eds que cuenta con este requisito.<\/span><\/p>\n<p><a href=\"https:\/\/borderlessmag.org\/es\/2021\/08\/06\/illinois-pondra-fin-a-la-detencion-de-inmigrantes-con-un-nuevo-proyecto-de-ley\/\"><strong><span style=\"color: #800000;\">Read in English<\/span><\/strong><\/a><\/p>\n<p><span style=\"font-weight: 400;\">\"A lo largo de mi gobernaci\u00f3n he dirigido mi administraci\u00f3n a adoptar pol\u00edticas que hagan de Illinois un estado acogedor para los inmigrantes, y estoy orgulloso de firmar estas medidas de responsabilidad en la ley para avanzar en nuestra causa\", dijo Pritzker. \"Cada familia, cada ni\u00f1o, cada ser humano merece sentirse seguro en el lugar al que llama hogar. Me comprometo a garantizar que ese valor defina lo que significa vivir en Illinois.\"<\/span><\/p>\n<p><span style=\"font-weight: 400;\">La Ley Illinois Way Forward (SB 667) refuerza la actual Ley TRUST de Illinois y la Ley Voices of Immigrant Communities Empowering Survivors (VOICES). <\/span><span style=\"font-weight: 400;\">La legislaci\u00f3n:<\/span><\/p>\n<ul>\n<li><span style=\"font-weight: 400;\"> Aporta claridad sobre las medidas que pueden y no pueden tomar los funcionarios encargados de hacer cumplir la ley en relaci\u00f3n con las \u00f3rdenes judiciales.<\/span><\/li>\n<li><span style=\"font-weight: 400;\"> Proh\u00edbe a los gobiernos estatales o locales firmar contratos con el gobierno federal para detener a inmigrantes.<\/span><\/li>\n<li><span style=\"font-weight: 400;\"> Impone limitaciones a la aplicaci\u00f3n local de pr\u00e1cticas discriminatorias al prohibir que los funcionarios pregunten por la ciudadan\u00eda o la condici\u00f3n de inmigrante de una persona detenida, a menos que se les presente una orden penal federal o que la ley federal lo exija de otro modo.<\/span><\/li>\n<li><span style=\"font-weight: 400;\"> Aumenta la transparencia al exigir a las fuerzas del orden estatales y locales que presenten informes anuales sobre las peticiones del Departamento de Seguridad Nacional de Estados Unidos.<\/span><\/li>\n<li><span style=\"font-weight: 400;\"> Autoriza al Fiscal General a realizar investigaciones sobre la violaci\u00f3n de la Ley TRUST de Illinois.<\/span><\/li>\n<\/ul>\n<p><span style=\"font-weight: 400;\">Aunque algunas ciudades de Illinois, como Chicago, cuentan con legislaci\u00f3n que proh\u00edbe a los polic\u00edas locales y a los funcionarios del gobierno colaborar con el Servicio de Inmigraci\u00f3n y Control de Aduanas, el mosaico de esta legislaci\u00f3n ha dado lugar a lagunas jur\u00eddicas. En junio, <\/span><a href=\"https:\/\/borderlessmag.org\/es\/2021\/06\/30\/las-leyes-de-inmigracion-cambian-un-hombre-de-mchenry-se-cuela-por-las-grietas\/\"><span style=\"font-weight: 400;\">Borderless Magazine inform\u00f3 sobre el caso de C\u00e9sar Mauricio Elizarraraz, nacido en M\u00e9xico y residente en Illinois desde hace mucho tiempo, que fue entregado al ICE tras ser detenido en Crystal Lake.<\/span><\/a><span style=\"font-weight: 400;\">a pesar de que el suburbio tiene la pol\u00edtica de no trabajar con la agencia de inmigraci\u00f3n. La polic\u00eda de Crystal Lake transfiri\u00f3 <\/span><a href=\"https:\/\/borderlessmag.org\/es\/2021\/06\/30\/las-leyes-de-inmigracion-cambian-un-hombre-de-mchenry-se-cuela-por-las-grietas\/\"><span style=\"font-weight: 400;\">Elizarraraz<\/span><\/a><span style=\"font-weight: 400;\"> a la c\u00e1rcel del condado de McHenry, que funciona como centro de detenci\u00f3n de inmigrantes y avisa regularmente al ICE de la presencia de inmigrantes.<\/span><\/p>\n<div id=\"attachment_6348\" style=\"width: 694px\" class=\"wp-caption alignnone\"><img decoding=\"async\" aria-describedby=\"caption-attachment-6348\" class=\"wp-image-6348 size-large\" src=\"https:\/\/borderlessmag.org\/wordpress\/wp-content\/uploads\/2021\/12\/CF_BorderlessMag_Deportation002-1-684x1024.jpg\" alt=\"Illinois Way Forward Act, detenci\u00f3n, ICE, inmigraci\u00f3n, protecciones, Pritzker, TRUST Act, situaci\u00f3n, orden judicial, ley, legislaci\u00f3n, polic\u00eda, aplicaci\u00f3n de la ley\" width=\"684\" height=\"1024\" \/><p id=\"caption-attachment-6348\" class=\"wp-caption-text\"><i><span style=\"font-weight: 400;\">C\u00e9sar Elizarraraz, residente de Illinois desde hace mucho tiempo que lucha contra una orden de deportaci\u00f3n, en su casa familiar de Crystal Lake, Illinois, el viernes 18 de junio. Foto de Camilla Forte\/Borderless Magazine<\/span><\/i><\/p><\/div>\n<p><span style=\"font-weight: 400;\">\"Durante a\u00f1os, las agencias de inmigraci\u00f3n y aduanas han confiado en la polic\u00eda local para perseguir a las personas que no representan una amenaza para la seguridad p\u00fablica, lo que s\u00f3lo aumenta el miedo en las comunidades de inmigrantes y latinos y rompe la confianza entre las personas y las fuerzas del orden\", dijo la representante Lisa Hern\u00e1ndez (D-Cicero). \"Al a\u00f1adir dientes adicionales a la Ley TRUST, estamos tomando medidas para asegurarnos de que nuestras familias no tengan miedo de llevar a sus hijos a la escuela, buscar atenci\u00f3n m\u00e9dica, asistir a audiencias judiciales, utilizar los servicios p\u00fablicos o buscar protecci\u00f3n policial.\"<\/span><\/p>\n<p><span style=\"font-weight: 400;\">La nueva ley supondr\u00e1 el cierre efectivo de los centros de detenci\u00f3n de inmigrantes en Illinois para 2022. <\/span><a href=\"https:\/\/borderlessmag.org\/es\/2021\/07\/14\/a-medida-que-el-covid-19-se-extendia-por-los-centros-de-detencion-del-medio-oeste-ice-se-esforzaba-por-proporcionar-datos-precisos\/\"><span style=\"font-weight: 400;\">El estado cuenta actualmente con tres centros de detenci\u00f3n, incluida la c\u00e1rcel del condado de McHenry, en Woodstock. <\/span><\/a><span style=\"font-weight: 400;\">Los otros dos centros de detenci\u00f3n est\u00e1n en la c\u00e1rcel del condado de Kankakee, en Kankakee, y en la c\u00e1rcel del condado de Pulaski, en Ullin. Los inmigrantes actualmente detenidos en los centros de detenci\u00f3n de Illinois tendr\u00e1n que ser puestos en libertad o trasladados a centros de detenci\u00f3n de otros estados.<\/span><\/p>\n<p><span style=\"font-weight: 400;\">Adem\u00e1s de la Ley Illinois Way Forward, Prtizker firm\u00f3 una ley que ampl\u00eda la protecci\u00f3n de los derechos de los ciudadanos. <\/span><a href=\"https:\/\/borderlessmag.org\/es\/?s=daca\"><span style=\"font-weight: 400;\">Beneficiarios de la Acci\u00f3n Diferida para los Llegados en la Infancia (DACA).<\/span><\/a><span style=\"font-weight: 400;\"> La ley HB 121 aclara el \"estatus de autorizaci\u00f3n de trabajo\" en la Ley de Derechos Humanos de Illinois y tipifica como violaci\u00f3n de los derechos civiles el hecho de que los empresarios se nieguen a contratar, segreguen o acosen por motivos de estatus de autorizaci\u00f3n de trabajo.<\/span><\/p>\n<p><em>No te pierdas ni una noticia. <a href=\"https:\/\/borderlessmag.org\/es\/boletin\/\">Suscr\u00edbase a nuestro bolet\u00edn de los jueves para conocer lo \u00faltimo sobre las comunidades de inmigrantes de Chicago.<\/a><\/em><\/p>","protected":false},"excerpt":{"rendered":"<p>El gobernador de Illinois, JB Pritzker, ha firmado hoy la Ley Illinois Way Forward, que pondr\u00e1 fin a la detenci\u00f3n de inmigrantes en el estado en 2022 y ampliar\u00e1 las protecciones para las comunidades de inmigrantes.<\/p>","protected":false},"author":7,"featured_media":6505,"comment_status":"closed","ping_status":"closed","sticky":false,"template":"","format":"standard","meta":{"inline_featured_image":false,"footnotes":""},"categories":[152],"tags":[215],"coauthors":[213],"class_list":{"0":"post-6503","1":"post","2":"type-post","3":"status-publish","4":"format-standard","5":"has-post-thumbnail","7":"category-organizing","8":"tag-enddetention"},"yoast_head":"<!-- This site is optimized with the Yoast SEO Premium plugin v27.3 (Yoast SEO v27.3) - https:\/\/yoast.com\/product\/yoast-seo-premium-wordpress\/ -->\n<title>Illinois To End Immigrant Detention with New Bill &#8211; Borderless Magazine NFP<\/title>\n<meta name=\"description\" content=\"Gov. Pritzker signed the Illinois Way Forward Act, ending immigrant detention in Illinois and expanding protections for immigrant communities.\" \/>\n<meta name=\"robots\" content=\"index, follow, max-snippet:-1, max-image-preview:large, max-video-preview:-1\" \/>\n<link rel=\"canonical\" href=\"https:\/\/borderlessmag.org\/es\/2021\/08\/02\/illinois-pondra-fin-a-la-detencion-de-inmigrantes-con-un-nuevo-proyecto-de-ley-2\/\" \/>\n<meta property=\"og:locale\" content=\"es_MX\" \/>\n<meta property=\"og:type\" content=\"article\" \/>\n<meta property=\"og:title\" content=\"Illinois To End Immigrant Detention with New Bill &#8211; Organizing &#8211; Borderless Magazine NFP\" \/>\n<meta property=\"og:description\" content=\"Illinois To End Immigrant Detention with New Bill &#8211; Organizing &#8211; Borderless Magazine NFP\" \/>\n<meta property=\"og:url\" content=\"https:\/\/borderlessmag.org\/es\/2021\/08\/02\/illinois-pondra-fin-a-la-detencion-de-inmigrantes-con-un-nuevo-proyecto-de-ley-2\/\" \/>\n<meta property=\"og:site_name\" content=\"Borderless Magazine NFP\" \/>\n<meta property=\"article:publisher\" content=\"https:\/\/www.facebook.com\/BorderlessMagazine\" \/>\n<meta property=\"article:published_time\" content=\"2021-08-02T21:32:12+00:00\" \/>\n<meta property=\"article:modified_time\" content=\"2022-01-21T17:47:59+00:00\" \/>\n<meta property=\"og:image\" content=\"https:\/\/borderlessmag.org\/wordpress\/wp-content\/uploads\/2021\/08\/WayForward_featured.jpg\" \/>\n\t<meta property=\"og:image:width\" content=\"1500\" \/>\n\t<meta property=\"og:image:height\" content=\"775\" \/>\n\t<meta property=\"og:image:type\" content=\"image\/jpeg\" \/>\n<meta name=\"author\" content=\"Nissa Rhee\" \/>\n<meta name=\"twitter:card\" content=\"summary_large_image\" \/>\n<meta name=\"twitter:label1\" content=\"Escrito por\" \/>\n\t<meta name=\"twitter:data1\" content=\"Nissa Rhee\" \/>\n\t<meta name=\"twitter:label2\" content=\"Tiempo de lectura\" \/>\n\t<meta name=\"twitter:data2\" content=\"3 minutos\" \/>\n\t<meta name=\"twitter:label3\" content=\"Written by\" \/>\n\t<meta name=\"twitter:data3\" content=\"Nissa Rhee\" \/>\n<script type=\"application\/ld+json\" class=\"yoast-schema-graph\">{\"@context\":\"https:\\\/\\\/schema.org\",\"@graph\":[{\"@type\":\"NewsArticle\",\"@id\":\"https:\\\/\\\/borderlessmag.org\\\/2021\\\/08\\\/02\\\/illinois-to-end-immigrant-detention-with-new-bill\\\/#article\",\"isPartOf\":{\"@id\":\"https:\\\/\\\/borderlessmag.org\\\/2021\\\/08\\\/02\\\/illinois-to-end-immigrant-detention-with-new-bill\\\/\"},\"author\":{\"name\":\"Nissa Rhee\",\"@id\":\"https:\\\/\\\/borderlessmag.org\\\/#\\\/schema\\\/person\\\/9e1f6ef1d1399b3c22a3df50fa970740\"},\"headline\":\"Illinois To End Immigrant Detention with New Bill\",\"datePublished\":\"2021-08-02T21:32:12+00:00\",\"dateModified\":\"2022-01-21T17:47:59+00:00\",\"mainEntityOfPage\":{\"@id\":\"https:\\\/\\\/borderlessmag.org\\\/2021\\\/08\\\/02\\\/illinois-to-end-immigrant-detention-with-new-bill\\\/\"},\"wordCount\":609,\"publisher\":{\"@id\":\"https:\\\/\\\/borderlessmag.org\\\/#organization\"},\"image\":{\"@id\":\"https:\\\/\\\/borderlessmag.org\\\/2021\\\/08\\\/02\\\/illinois-to-end-immigrant-detention-with-new-bill\\\/#primaryimage\"},\"thumbnailUrl\":\"https:\\\/\\\/borderlessmag.org\\\/wordpress\\\/wp-content\\\/uploads\\\/2021\\\/08\\\/WayForward_featured.jpg\",\"keywords\":[\"enddetention\"],\"articleSection\":[\"Organizing\"],\"inLanguage\":\"es\",\"copyrightYear\":\"2021\",\"copyrightHolder\":{\"@id\":\"https:\\\/\\\/borderlessmag.org\\\/es\\\/#organization\"}},{\"@type\":\"WebPage\",\"@id\":\"https:\\\/\\\/borderlessmag.org\\\/2021\\\/08\\\/02\\\/illinois-to-end-immigrant-detention-with-new-bill\\\/\",\"url\":\"https:\\\/\\\/borderlessmag.org\\\/2021\\\/08\\\/02\\\/illinois-to-end-immigrant-detention-with-new-bill\\\/\",\"name\":\"Illinois To End Immigrant Detention with New Bill &#8211; Borderless Magazine NFP\",\"isPartOf\":{\"@id\":\"https:\\\/\\\/borderlessmag.org\\\/#website\"},\"primaryImageOfPage\":{\"@id\":\"https:\\\/\\\/borderlessmag.org\\\/2021\\\/08\\\/02\\\/illinois-to-end-immigrant-detention-with-new-bill\\\/#primaryimage\"},\"image\":{\"@id\":\"https:\\\/\\\/borderlessmag.org\\\/2021\\\/08\\\/02\\\/illinois-to-end-immigrant-detention-with-new-bill\\\/#primaryimage\"},\"thumbnailUrl\":\"https:\\\/\\\/borderlessmag.org\\\/wordpress\\\/wp-content\\\/uploads\\\/2021\\\/08\\\/WayForward_featured.jpg\",\"datePublished\":\"2021-08-02T21:32:12+00:00\",\"dateModified\":\"2022-01-21T17:47:59+00:00\",\"description\":\"Gov. Pritzker signed the Illinois Way Forward Act, ending immigrant detention in Illinois and expanding protections for immigrant communities.\",\"inLanguage\":\"es\",\"potentialAction\":[{\"@type\":\"ReadAction\",\"target\":[\"https:\\\/\\\/borderlessmag.org\\\/2021\\\/08\\\/02\\\/illinois-to-end-immigrant-detention-with-new-bill\\\/\"]}]},{\"@type\":\"ImageObject\",\"inLanguage\":\"es\",\"@id\":\"https:\\\/\\\/borderlessmag.org\\\/2021\\\/08\\\/02\\\/illinois-to-end-immigrant-detention-with-new-bill\\\/#primaryimage\",\"url\":\"https:\\\/\\\/borderlessmag.org\\\/wordpress\\\/wp-content\\\/uploads\\\/2021\\\/08\\\/WayForward_featured.jpg\",\"contentUrl\":\"https:\\\/\\\/borderlessmag.org\\\/wordpress\\\/wp-content\\\/uploads\\\/2021\\\/08\\\/WayForward_featured.jpg\",\"caption\":\"Demonstrators listen to advocates speak against the detention and deportation of immigrants during a rally held by the Illinois Coalition for Immigrant and Refugee Rights on July 8, 2021 in downtown Chicago, Ill.\"},{\"@type\":\"WebSite\",\"@id\":\"https:\\\/\\\/borderlessmag.org\\\/#website\",\"url\":\"https:\\\/\\\/borderlessmag.org\\\/\",\"name\":\"Borderless Magazine NFP\",\"description\":\"Stories about immigration and immigrants\",\"publisher\":{\"@id\":\"https:\\\/\\\/borderlessmag.org\\\/#organization\"},\"alternateName\":\"Borderless\",\"potentialAction\":[{\"@type\":\"SearchAction\",\"target\":{\"@type\":\"EntryPoint\",\"urlTemplate\":\"https:\\\/\\\/borderlessmag.org\\\/?s={search_term_string}\"},\"query-input\":{\"@type\":\"PropertyValueSpecification\",\"valueRequired\":true,\"valueName\":\"search_term_string\"}}],\"inLanguage\":\"es\"},{\"@type\":\"Organization\",\"@id\":\"https:\\\/\\\/borderlessmag.org\\\/#organization\",\"name\":\"Borderless Magazine NFP\",\"alternateName\":\"Borderless Mag\",\"url\":\"https:\\\/\\\/borderlessmag.org\\\/\",\"logo\":{\"@type\":\"ImageObject\",\"inLanguage\":\"es\",\"@id\":\"https:\\\/\\\/borderlessmag.org\\\/#\\\/schema\\\/logo\\\/image\\\/\",\"url\":\"https:\\\/\\\/borderlessmag.org\\\/wordpress\\\/wp-content\\\/uploads\\\/2025\\\/08\\\/BorderlessLogo_main_square.jpg\",\"contentUrl\":\"https:\\\/\\\/borderlessmag.org\\\/wordpress\\\/wp-content\\\/uploads\\\/2025\\\/08\\\/BorderlessLogo_main_square.jpg\",\"width\":696,\"height\":696,\"caption\":\"Borderless Magazine NFP\"},\"image\":{\"@id\":\"https:\\\/\\\/borderlessmag.org\\\/#\\\/schema\\\/logo\\\/image\\\/\"},\"sameAs\":[\"https:\\\/\\\/www.facebook.com\\\/BorderlessMagazine\",\"https:\\\/\\\/www.instagram.com\\\/borderless_mag\\\/\",\"https:\\\/\\\/www.tiktok.com\\\/@borderless_mag\"]},{\"@type\":\"Person\",\"@id\":\"https:\\\/\\\/borderlessmag.org\\\/#\\\/schema\\\/person\\\/9e1f6ef1d1399b3c22a3df50fa970740\",\"name\":\"Nissa Rhee\",\"image\":{\"@type\":\"ImageObject\",\"inLanguage\":\"es\",\"@id\":\"https:\\\/\\\/secure.gravatar.com\\\/avatar\\\/343701f977b46053f6602c06aae6fe8224c8310bb9e2931b66e3a2a9041f4306?s=96&d=mm&r=ga78406e3af194ed17f6d178b0e1e9952\",\"url\":\"https:\\\/\\\/secure.gravatar.com\\\/avatar\\\/343701f977b46053f6602c06aae6fe8224c8310bb9e2931b66e3a2a9041f4306?s=96&d=mm&r=g\",\"contentUrl\":\"https:\\\/\\\/secure.gravatar.com\\\/avatar\\\/343701f977b46053f6602c06aae6fe8224c8310bb9e2931b66e3a2a9041f4306?s=96&d=mm&r=g\",\"caption\":\"Nissa Rhee\"},\"description\":\"Nissa is a Peabody-award nominated journalist whose work has appeared in The Christian Science Monitor and Chicago magazine, among others. In her 15-year career, she has covered global issues as a producer at Chicago Public Radio, served as a foreign correspondent in South Korea and Vietnam, and reported on police abuse and gun violence in Chicago. In 2019, she received the Chicago Headline Club award for best online feature story. Previously, she served as a reporting fellow at the Dart Center for Journalism and Trauma and a juvenile justice reporting fellow at the John Jay College of Criminal Justice. She holds a bachelor\u2019s degree from the University of Chicago and a Master\u2019s degree in International Studies from the University of Queensland\",\"url\":\"https:\\\/\\\/borderlessmag.org\\\/es\\\/author\\\/nissa-rhee\\\/\"}]}<\/script>\n<!-- \/ Yoast SEO Premium plugin. -->","yoast_head_json":{"title":"Illinois pondr\u00e1 fin a la detenci\u00f3n de inmigrantes con un nuevo proyecto de ley - Borderless Magazine NFP","description":"El gobernador Pritzker firm\u00f3 la Ley Illinois Way Forward, que pone fin a la detenci\u00f3n de inmigrantes en Illinois y ampl\u00eda la protecci\u00f3n de las comunidades inmigrantes.","robots":{"index":"index","follow":"follow","max-snippet":"max-snippet:-1","max-image-preview":"max-image-preview:large","max-video-preview":"max-video-preview:-1"},"canonical":"https:\/\/borderlessmag.org\/es\/2021\/08\/02\/illinois-pondra-fin-a-la-detencion-de-inmigrantes-con-un-nuevo-proyecto-de-ley-2\/","og_locale":"es_MX","og_type":"article","og_title":"Illinois To End Immigrant Detention with New Bill &#8211; Organizing &#8211; Borderless Magazine NFP","og_description":"Illinois To End Immigrant Detention with New Bill &#8211; Organizing &#8211; Borderless Magazine NFP","og_url":"https:\/\/borderlessmag.org\/es\/2021\/08\/02\/illinois-pondra-fin-a-la-detencion-de-inmigrantes-con-un-nuevo-proyecto-de-ley-2\/","og_site_name":"Borderless Magazine NFP","article_publisher":"https:\/\/www.facebook.com\/BorderlessMagazine","article_published_time":"2021-08-02T21:32:12+00:00","article_modified_time":"2022-01-21T17:47:59+00:00","og_image":[{"width":1500,"height":775,"url":"https:\/\/borderlessmag.org\/wordpress\/wp-content\/uploads\/2021\/08\/WayForward_featured.jpg","type":"image\/jpeg"}],"author":"Nissa Rhee","twitter_card":"summary_large_image","twitter_misc":{"Escrito por":"Nissa Rhee","Tiempo de lectura":"3 minutos","Written by":"Nissa Rhee"},"schema":{"@context":"https:\/\/schema.org","@graph":[{"@type":"NewsArticle","@id":"https:\/\/borderlessmag.org\/2021\/08\/02\/illinois-to-end-immigrant-detention-with-new-bill\/#article","isPartOf":{"@id":"https:\/\/borderlessmag.org\/2021\/08\/02\/illinois-to-end-immigrant-detention-with-new-bill\/"},"author":{"name":"Nissa Rhee","@id":"https:\/\/borderlessmag.org\/#\/schema\/person\/9e1f6ef1d1399b3c22a3df50fa970740"},"headline":"Illinois To End Immigrant Detention with New Bill","datePublished":"2021-08-02T21:32:12+00:00","dateModified":"2022-01-21T17:47:59+00:00","mainEntityOfPage":{"@id":"https:\/\/borderlessmag.org\/2021\/08\/02\/illinois-to-end-immigrant-detention-with-new-bill\/"},"wordCount":609,"publisher":{"@id":"https:\/\/borderlessmag.org\/#organization"},"image":{"@id":"https:\/\/borderlessmag.org\/2021\/08\/02\/illinois-to-end-immigrant-detention-with-new-bill\/#primaryimage"},"thumbnailUrl":"https:\/\/borderlessmag.org\/wordpress\/wp-content\/uploads\/2021\/08\/WayForward_featured.jpg","keywords":["enddetention"],"articleSection":["Organizing"],"inLanguage":"es","copyrightYear":"2021","copyrightHolder":{"@id":"https:\/\/borderlessmag.org\/es\/#organization"}},{"@type":"WebPage","@id":"https:\/\/borderlessmag.org\/2021\/08\/02\/illinois-to-end-immigrant-detention-with-new-bill\/","url":"https:\/\/borderlessmag.org\/2021\/08\/02\/illinois-to-end-immigrant-detention-with-new-bill\/","name":"Illinois pondr\u00e1 fin a la detenci\u00f3n de inmigrantes con un nuevo proyecto de ley - Borderless Magazine NFP","isPartOf":{"@id":"https:\/\/borderlessmag.org\/#website"},"primaryImageOfPage":{"@id":"https:\/\/borderlessmag.org\/2021\/08\/02\/illinois-to-end-immigrant-detention-with-new-bill\/#primaryimage"},"image":{"@id":"https:\/\/borderlessmag.org\/2021\/08\/02\/illinois-to-end-immigrant-detention-with-new-bill\/#primaryimage"},"thumbnailUrl":"https:\/\/borderlessmag.org\/wordpress\/wp-content\/uploads\/2021\/08\/WayForward_featured.jpg","datePublished":"2021-08-02T21:32:12+00:00","dateModified":"2022-01-21T17:47:59+00:00","description":"El gobernador Pritzker firm\u00f3 la Ley Illinois Way Forward, que pone fin a la detenci\u00f3n de inmigrantes en Illinois y ampl\u00eda la protecci\u00f3n de las comunidades inmigrantes.","inLanguage":"es","potentialAction":[{"@type":"ReadAction","target":["https:\/\/borderlessmag.org\/2021\/08\/02\/illinois-to-end-immigrant-detention-with-new-bill\/"]}]},{"@type":"ImageObject","inLanguage":"es","@id":"https:\/\/borderlessmag.org\/2021\/08\/02\/illinois-to-end-immigrant-detention-with-new-bill\/#primaryimage","url":"https:\/\/borderlessmag.org\/wordpress\/wp-content\/uploads\/2021\/08\/WayForward_featured.jpg","contentUrl":"https:\/\/borderlessmag.org\/wordpress\/wp-content\/uploads\/2021\/08\/WayForward_featured.jpg","caption":"Demonstrators listen to advocates speak against the detention and deportation of immigrants during a rally held by the Illinois Coalition for Immigrant and Refugee Rights on July 8, 2021 in downtown Chicago, Ill."},{"@type":"WebSite","@id":"https:\/\/borderlessmag.org\/#website","url":"https:\/\/borderlessmag.org\/","name":"Revista Borderless NFP","description":"Historias sobre inmigraci\u00f3n e inmigrantes","publisher":{"@id":"https:\/\/borderlessmag.org\/#organization"},"alternateName":"Borderless","potentialAction":[{"@type":"SearchAction","target":{"@type":"EntryPoint","urlTemplate":"https:\/\/borderlessmag.org\/?s={search_term_string}"},"query-input":{"@type":"PropertyValueSpecification","valueRequired":true,"valueName":"search_term_string"}}],"inLanguage":"es"},{"@type":"Organization","@id":"https:\/\/borderlessmag.org\/#organization","name":"Revista Borderless NFP","alternateName":"Borderless Mag","url":"https:\/\/borderlessmag.org\/","logo":{"@type":"ImageObject","inLanguage":"es","@id":"https:\/\/borderlessmag.org\/#\/schema\/logo\/image\/","url":"https:\/\/borderlessmag.org\/wordpress\/wp-content\/uploads\/2025\/08\/BorderlessLogo_main_square.jpg","contentUrl":"https:\/\/borderlessmag.org\/wordpress\/wp-content\/uploads\/2025\/08\/BorderlessLogo_main_square.jpg","width":696,"height":696,"caption":"Borderless Magazine NFP"},"image":{"@id":"https:\/\/borderlessmag.org\/#\/schema\/logo\/image\/"},"sameAs":["https:\/\/www.facebook.com\/BorderlessMagazine","https:\/\/www.instagram.com\/borderless_mag\/","https:\/\/www.tiktok.com\/@borderless_mag"]},{"@type":"Person","@id":"https:\/\/borderlessmag.org\/#\/schema\/person\/9e1f6ef1d1399b3c22a3df50fa970740","name":"Nissa Rhee","image":{"@type":"ImageObject","inLanguage":"es","@id":"https:\/\/secure.gravatar.com\/avatar\/343701f977b46053f6602c06aae6fe8224c8310bb9e2931b66e3a2a9041f4306?s=96&d=mm&r=ga78406e3af194ed17f6d178b0e1e9952","url":"https:\/\/secure.gravatar.com\/avatar\/343701f977b46053f6602c06aae6fe8224c8310bb9e2931b66e3a2a9041f4306?s=96&d=mm&r=g","contentUrl":"https:\/\/secure.gravatar.com\/avatar\/343701f977b46053f6602c06aae6fe8224c8310bb9e2931b66e3a2a9041f4306?s=96&d=mm&r=g","caption":"Nissa Rhee"},"description":"Nissa es una periodista nominada al premio Peabody cuyo trabajo ha aparecido en The Christian Science Monitor y la revista Chicago, entre otros. En sus 15 a\u00f1os de carrera, ha cubierto temas globales como productora en Chicago Public Radio, ha sido corresponsal extranjera en Corea del Sur y Vietnam, y ha informado sobre abusos policiales y violencia armada en Chicago. En 2019, recibi\u00f3 el premio Chicago Headline Club al mejor reportaje en l\u00ednea. Anteriormente, fue becaria de reportaje en el Dart Center for Journalism and Trauma y becaria de reportaje sobre justicia juvenil en el John Jay College of Criminal Justice. Es licenciada por la Universidad de Chicago y tiene un m\u00e1ster en Estudios Internacionales por la Universidad de Queensland.","url":"https:\/\/borderlessmag.org\/es\/author\/nissa-rhee\/"}]}},"cc_featured_image_caption":{"caption_text":"Demonstrators listen to advocates speak against the detention and deportation of immigrants during a rally held by the Illinois Coalition for Immigrant and Refugee Rights on July 8, 2021 in downtown Chicago, Ill.","source_text":"","source_url":""},"_links":{"self":[{"href":"https:\/\/borderlessmag.org\/es\/wp-json\/wp\/v2\/posts\/6503","targetHints":{"allow":["GET"]}}],"collection":[{"href":"https:\/\/borderlessmag.org\/es\/wp-json\/wp\/v2\/posts"}],"about":[{"href":"https:\/\/borderlessmag.org\/es\/wp-json\/wp\/v2\/types\/post"}],"author":[{"embeddable":true,"href":"https:\/\/borderlessmag.org\/es\/wp-json\/wp\/v2\/users\/7"}],"replies":[{"embeddable":true,"href":"https:\/\/borderlessmag.org\/es\/wp-json\/wp\/v2\/comments?post=6503"}],"version-history":[{"count":0,"href":"https:\/\/borderlessmag.org\/es\/wp-json\/wp\/v2\/posts\/6503\/revisions"}],"wp:featuredmedia":[{"embeddable":true,"href":"https:\/\/borderlessmag.org\/es\/wp-json\/wp\/v2\/media\/6505"}],"wp:attachment":[{"href":"https:\/\/borderlessmag.org\/es\/wp-json\/wp\/v2\/media?parent=6503"}],"wp:term":[{"taxonomy":"category","embeddable":true,"href":"https:\/\/borderlessmag.org\/es\/wp-json\/wp\/v2\/categories?post=6503"},{"taxonomy":"post_tag","embeddable":true,"href":"https:\/\/borderlessmag.org\/es\/wp-json\/wp\/v2\/tags?post=6503"},{"taxonomy":"author","embeddable":true,"href":"https:\/\/borderlessmag.org\/es\/wp-json\/wp\/v2\/coauthors?post=6503"}],"curies":[{"name":"wp","href":"https:\/\/api.w.org\/{rel}","templated":true}]}}