{"id":6397,"date":"2021-07-14T16:08:32","date_gmt":"2021-07-14T22:08:32","guid":{"rendered":"https:\/\/borderlessmag.org\/?p=6397"},"modified":"2025-10-08T09:55:53","modified_gmt":"2025-10-08T14:55:53","slug":"a-medida-que-el-covid-19-se-extendia-por-los-centros-de-detencion-del-medio-oeste-ice-se-esforzaba-por-proporcionar-datos-precisos","status":"publish","type":"post","link":"https:\/\/borderlessmag.org\/es\/2021\/07\/14\/as-covid-19-spread-through-midwest-detention-centers-ice-struggled-to-provide-accurate-data\/","title":{"rendered":"A medida que COVID-19 se extend\u00eda por los centros de detenci\u00f3n del Medio Oeste, el ICE se esforzaba por proporcionar datos precisos.\u00a0"},"content":{"rendered":"<p><em>Never miss a story.\u00a0<a href=\"https:\/\/borderlessmag.org\/newsletter\/\">Sign up for our Thursday newsletter to learn the latest about Chicago\u2019s immigrant communities.<\/a><\/em><\/p>\n<p><span style=\"font-weight: 400;\">A few days before Christmas last year, Florian Crainic sat in his cell at the Jerome Combs Detention Center, feeling feverish and achy. The 50-year-old knew something was off, and his first thought was that he had COVID-19. He was right \u2014 but it would take the detention center nearly two weeks to issue a proper diagnosis and separate him from the 27 other immigrants detained by Immigration and Customs Enforcement in the Kankakee County jail, an hour south of Chicago. In the meantime, nearly every single one would receive a positive diagnosis.<\/span><\/p>\n<p><a href=\"https:\/\/borderlessmag.org\/2021\/07\/21\/a-medida-que-el-covid-se-propagaba-a-traves-de-los-centros-de-detencion-del-medio-oeste-ice-ha-encontrado-dificultades-para-proporcionar-datos-precisos\/\"><span style=\"color: #800000;\">Leer in espa\u00f1ol<\/span><\/a><\/p>\n<p><span style=\"font-weight: 400;\">Crainic is one of 19,897 immigrants in the United States held in detention known to have contracted COVID-19 between March of last year and July 12, 2021, according to <\/span><a href=\"https:\/\/www.ice.gov\/coronavirus#detStat\"><span style=\"font-weight: 400;\">ICE records<\/span><\/a><span style=\"font-weight: 400;\">. Immigrant detention centers have struggled to control outbreaks. Nationwide, <\/span><a href=\"https:\/\/www.vera.org\/tracking-covid-19-in-immigration-detention#dashboard\"><span style=\"font-weight: 400;\">nearly one in ten immigrants detained by ICE have tested positive for COVID-19<\/span><\/a><span style=\"font-weight: 400;\"> as of July 13. This is despite a federal mandate to reduce crowds at detention centers by limiting capacity to 75 percent and local jurisdictions\u2019 issuance of <\/span><a href=\"https:\/\/www.ice.gov\/coronavirus\"><span style=\"font-weight: 400;\">guidelines<\/span><\/a><span style=\"font-weight: 400;\"> to curb the spread of coronavirus.\u00a0<\/span><\/p>\n<p><span style=\"font-weight: 400;\">Borderless Magazine reviewed over 15 months of COVID-19 case data at the 11 county jails in the Midwest contracted by ICE to detain immigrants, which all report to the <\/span><span style=\"font-weight: 400;\">United States Citizenship and Immigration Services <\/span><span style=\"font-weight: 400;\">Chicago Field Office. We found serious gaps in the <\/span><a href=\"https:\/\/www.ice.gov\/coronavirus\"><span style=\"font-weight: 400;\">data ICE reported to the public<\/span><\/a><span style=\"font-weight: 400;\"> and problems with the agency\u2019s methodology. Researchers Borderless spoke to found similar problems with ICE\u2019s data. They argue that the real COVID-19 case numbers may be exponentially higher than those official figures being reported to the public.<\/span><\/p>\n<p><span style=\"font-weight: 400;\">Amidst this unclear picture of detention center data, COVID-19 continues to be a problem for detained immigrants with outbreaks happening in Midwest detention centers as recently as this week. Persons in detention in Illinois became eligible for a vaccine on January 25, and all who wanted to be vaccinated had received shots as of April 13, according to Kankakee County Sheriff Michael Downey. But<\/span> <span style=\"font-weight: 400;\">administrators at the Jerome Combs Detention Center did not receive vaccine doses until April 6, 2021 due to \u201cunknown delays,\u201d Downey said.\u00a0<\/span><\/p>\n<p><span style=\"font-weight: 400;\">While many in the Midwest are getting back to their pre-pandemic life this summer, Borderless Magazine\u2019s analysis shows that COVID-19 is still an urgent problem in our local and national detention centers. In the past month, for example, total recorded COVID-19 cases across all ICE detention centers jumped by 2,711 cases.\u00a0<\/span><\/p>\n<h3 id=\"problematic-and-partial-data\"><span style=\"font-weight: 400;\">Problematic \u2014 and Partial \u2014 Data\u00a0<\/span><\/h3>\n<p><span style=\"font-weight: 400;\">ICE began publicly reporting COVID-19 case data among individuals detained in its custody in March of last year, posting and updating information on its <\/span><a href=\"https:\/\/www.ice.gov\/coronavirus\"><span style=\"font-weight: 400;\">website<\/span><\/a><span style=\"font-weight: 400;\">. Currently, the agency provides daily updates on the number of current confirmed cases, the total detained population and a running total of the number of COVID-19 tests administered to detained individuals nationally.\u00a0<\/span><\/p>\n<p><span style=\"font-weight: 400;\">At the local level, ICE reports the number of active cases in detention facilities, a running total of confirmed cases and total COVID-19-related deaths per facility. COVID-19 testing data is not reported at the facility-level.<\/span><\/p>\n<p><span style=\"font-weight: 400;\">While ICE initially reported COVID-19 case data for its detention center staff on its website, <\/span><span style=\"font-weight: 400;\">the agency no longer does so<\/span><span style=\"font-weight: 400;\">, despite requests from House representatives last summer. While the website updates ICE\u2019s national detained population, it does not provide daily population statistics per facility, making it impossible for the public to see the COVID-19 positivity rate in a local detention center.\u00a0\u00a0<\/span><\/p>\n<p><iframe loading=\"lazy\" src=\"https:\/\/www.google.com\/maps\/d\/u\/4\/embed?mid=13DC6-X_HxORxcq8qKMMSsvgrmf2kHNHS\" width=\"640\" height=\"480\"><\/iframe><\/p>\n<p><span style=\"color: #808080;\">Map by Adriana Rezal\/Borderless Magazine<\/span><\/p>\n<p><span style=\"font-weight: 400;\">Borderless Magazine compiled ICE COVID-19 case data from March 2020 to date, using daily and sometimes hourly screenshots of ICE\u2019s website that are recorded by the <\/span><a href=\"https:\/\/archive.org\/web\/\"><span style=\"font-weight: 400;\">Wayback Machine<\/span><\/a><span style=\"font-weight: 400;\">, a nonprofit internet archive. We found that in addition to being limited, the data publicly posted by ICE can be inconsistent. While analyzing ICE COVID-19 case data for the 11 Midwest facilities [Boone County Jail, Chase County Detention Facility, Clay County Jail, Dodge County Jail, Kankakee County Jail (Jerome Combs Detention Center), Kay County Justice Facility, Lincoln County Detention Center, McHenry County Correctional Facility, Montgomery County Jail, Morgan County Adult Detention Center], Borderless Magazine<\/span> <span style=\"font-weight: 400;\">saw two major inconsistencies with ICE\u2019s reported data.\u00a0<\/span><\/p>\n<p><span style=\"font-weight: 400;\">Firstly, Borderless Magazine<\/span> <span style=\"font-weight: 400;\">recorded at least 12 instances at different Midwest facilities in which the number of \u201cconfirmed cases currently under isolation or monitoring\u201d was greater than the total confirmed COVID-19 cases for all time. Identified cases under isolation or monitoring may fluctuate as individuals contract the virus and are later considered recovered. But because cumulative cases are a running total of all cases of COVID-19 since reporting began in March 2020, this number should always be more than or equal to the number of current cases. For example, from June 14 to July 8 2021, Boone County Jail has reported a higher number of current cases than cumulative cases. On July 8, the center reported 20 current cases and only 4 total cases.<\/span><\/p>\n<p><span style=\"font-weight: 400;\">Secondly, ICE data has reported decreases in the number of total confirmed COVID-19 cases \u2014 a statistic that should either flatline or increase. Borderless Magazine found this occurred at least 26 times at the Midwest detention centers we examined. For example, on September 21, 2020, the number of cumulative cases reported by Chase County Detention Facility decreased from 59 cases the day before to 50 cases. The following day, the number rose to 60 cases.\u00a0<\/span><\/p>\n<p><iframe class=\"flourish-embed-iframe\" style=\"width: 100%; height: 600px;\" title=\"Interactive or visual content\" src=\"https:\/\/flo.uri.sh\/story\/927229\/embed\" frameborder=\"0\" scrolling=\"no\" sandbox=\"allow-same-origin allow-forms allow-scripts allow-downloads allow-popups allow-popups-to-escape-sandbox allow-top-navigation-by-user-activation\"><\/iframe><\/p>\n<div style=\"width: 100%!; margin-top: 4px!important; text-align: right!important;\"><a class=\"flourish-credit\" style=\"text-decoration: none!important;\" href=\"https:\/\/public.flourish.studio\/story\/927229\/?utm_source=embed&amp;utm_campaign=story\/927229\" target=\"_top\" rel=\"noopener\"><img decoding=\"async\" style=\"width: 105px!important; height: 16px!important; border: none!important; margin: 0!important;\" src=\"https:\/\/public.flourish.studio\/resources\/made_with_flourish.svg\" alt=\"Made with Flourish\" \/> <\/a><\/div>\n<h3 id=\"incomplete-data-paints-an-incomplete-picture\"><span style=\"font-weight: 400;\">Incomplete Data Paints an Incomplete Picture<\/span><\/h3>\n<p><span style=\"font-weight: 400;\">Such discrepancies in ICE\u2019s COVID-19 reporting can make it difficult to understand how the immigration enforcement agency has handled the pandemic in its facilities, according to Nina Siulc, director of immigration research at the Vera Institute of Justice. More broadly, these issues make it even harder for outside parties to suggest policies to improve existing systems.<\/span><\/p>\n<p><span style=\"font-weight: 400;\">Tracking the COVID-19 data that ICE reports is part of a larger effort by the Vera Institute of Justice to understand ICE\u2019s impact on the immigrant system through data. Last year, the nonprofit research and policy organization developed an <\/span><a href=\"https:\/\/www.vera.org\/the-hidden-curve-covid-19-in-ice-detention\"><span style=\"font-weight: 400;\">epidemiological model<\/span><\/a><span style=\"font-weight: 400;\"> that estimated how COVID-19 could spread in immigration detention facilities over a 60-day simulation period, from mid-March to mid-May 2020.\u00a0<\/span><\/p>\n<p><span style=\"font-weight: 400;\">Using ICE data from financial year 2016, researchers found that the actual number of positive cases across detention facilities may have been \u201cup to 15 times higher than the figures reported by ICE\u201d during the simulated period. Furthermore, Vera\u2019s number could be underestimated as it did not account for employee positivity rates.\u00a0<\/span><\/p>\n<p><span style=\"font-weight: 400;\">\u201cOur data is emphasizing the real lack of transparency and accountability ICE is giving the public,\u201d Siulc said. \u201cICE\u2019s policies affect human beings \u2014 human lives \u2014 and we cannot decide what\u2019s wrong if we don\u2019t have the right data.\u201d<\/span><\/p>\n<p><span style=\"font-weight: 400;\">Adding to the problems is ICE\u2019s method of organizing and distributing information. The agency does not provide the public with COVID-19 data in accessible formats such as spreadsheets or downloadable files. Instead, its website provides a live database only, tallying numbers in sparse tables, with each update replacing past data that then disappears. Those who want to get a fuller picture of the data must painstakingly track and record long-term information themselves.<\/span><\/p>\n<p><iframe class=\"flourish-embed-iframe\" style=\"width: 100%; height: 600px;\" title=\"Interactive or visual content\" src=\"https:\/\/flo.uri.sh\/story\/927226\/embed\" frameborder=\"0\" scrolling=\"no\" sandbox=\"allow-same-origin allow-forms allow-scripts allow-downloads allow-popups allow-popups-to-escape-sandbox allow-top-navigation-by-user-activation\"><\/iframe><\/p>\n<div style=\"width: 100%!; margin-top: 4px!important; text-align: right!important;\"><a class=\"flourish-credit\" style=\"text-decoration: none!important;\" href=\"https:\/\/public.flourish.studio\/story\/927226\/?utm_source=embed&amp;utm_campaign=story\/927226\" target=\"_top\" rel=\"noopener\"><img decoding=\"async\" style=\"width: 105px!important; height: 16px!important; border: none!important; margin: 0!important;\" src=\"https:\/\/public.flourish.studio\/resources\/made_with_flourish.svg\" alt=\"Made with Flourish\" \/> <\/a><\/div>\n<p><span style=\"font-weight: 400;\">This system does little to foster public trust in or accessibility to the reported data, according to Adam Garcia, a research associate with the Vera Institute who helped analyze ICE\u2019s COVID-19 data for the institute\u2019s simulation.<\/span><\/p>\n<p><span style=\"font-weight: 400;\">\u201cFirst and foremost, this data should not exist because there should not have been an epidemic of COVID-19 in detention,\u201d Garcia said. \u201cBut, as the data exists, ICE should be delivering this data to the public in a format that&#8217;s consumable by both humans and computers and undergoes rigorous quality assurance testing so that when we analyze the data that\u2019s available, we have some certainty of its accuracy.\u201d<\/span><\/p>\n<p><span style=\"font-weight: 400;\">According to Siulc, legislation is needed to keep the agency accountable for its data reporting.\u00a0<\/span><\/p>\n<p><span style=\"font-weight: 400;\">\u201c[ICE is] reporting because they must, but Congress and other officials are not interrogating enough what they\u2019re doing,\u201d Siulc said. \u201cThat hampers accountability. We do not know, for example, if they require facilities to report data on a regular interval or even how they get the data. Basic stuff you would expect from a data integrity and transparency point of view. What we know is based on incredibly limited information. We\u2019re barely gleaning what\u2019s going on.\u201d<\/span><\/p>\n<p><span style=\"font-weight: 400;\">In response to Borderless Magazine queries, an ICE representative said that the agency has a clear protocol for testing detainees upon arrival at detention centers.\u00a0<\/span><\/p>\n<p><span style=\"font-weight: 400;\">Since June 4, 2020 new arrivals are placed in a cohort that is quarantined from the general population for 14 days. Those who receive negative test results and exhibit no symptoms during the 14-day period are released to the general population.\u00a0<\/span><\/p>\n<p><span style=\"font-weight: 400;\">If an individual tests positive for COVID-19 while in detention, ICE protocol says they would be quarantined for 14 days and \u201creceive appropriate medical care to manage the disease,\u201d according to the ICE <\/span><a href=\"https:\/\/www.ice.gov\/coronavirus\"><span style=\"font-weight: 400;\">website<\/span><\/a><span style=\"font-weight: 400;\">.\u00a0<\/span><\/p>\n<p><span style=\"font-weight: 400;\">Despite allegedly uniform testing procedures, data analyzed by Borderless from ICE\u2019s coronavirus records suggests that Midwest detention centers handled COVID-19 outbreaks very differently.\u00a0<\/span><\/p>\n<p><span style=\"font-weight: 400;\">Some had little to no problems with the virus. In Missouri, Montgomery County Jail, which has an average daily population of 130 people in ICE detention, reported only one confirmed case of COVID-19 during the pandemic, as of July 12. Other facilities have struggled to keep its detained immigrant populations safe, like Kankakee\u2019s Jerome Combs Detention Center \u2014 which had 78 percent of their detained immigrants contract COVID-19 in a two-week span in late January to early February this year.\u00a0<\/span><\/p>\n<p><span style=\"font-weight: 400;\">Local jails, which hold both ICE and non-ICE inmates, were largely left on their own to interpret and follow CDC and ICE guidelines when it came to COVID-19. This setup seemed to leave gaps in COVID-19 prevention procedures. In the case of one Midwest detention center in Pulaski County in Ullin, Illinois, for example, the Office of the Inspector General \u201c<\/span><a href=\"https:\/\/www.oig.dhs.gov\/sites\/default\/files\/assets\/2021-05\/OIG-21-32-Apr21.pdf\"><span style=\"font-weight: 400;\">identified violations of ICE detention standards that threatened the health, safety, and rights of detainees<\/span><\/a><span style=\"font-weight: 400;\">\u201d as recently as April of this year.<\/span><\/p>\n<h3 id=\"trying-to-get-out\"><span style=\"font-weight: 400;\">Trying to Get Out<\/span><\/h3>\n<p><span style=\"font-weight: 400;\">Facing <\/span><a href=\"https:\/\/phr.org\/news\/epidemiologists-and-medical-experts-highlight-ticking-time-bomb-of-covid-19-in-immigrant-detention-facilities\/\"><span style=\"font-weight: 400;\">pressure from doctors and immigrant advocates<\/span><\/a><span style=\"font-weight: 400;\"> early in the pandemic, ICE attempted to control the outbreak of COVID-19 in detention facilities by reducing its detained population. In spring 2020, ICE <\/span><a href=\"https:\/\/www.ice.gov\/coronavirus\"><span style=\"font-weight: 400;\">reportedly<\/span><\/a><span style=\"font-weight: 400;\"> determined which individuals in its custody were considered medically at-risk for severe COVID-19 complications. Under pressure from groups including the American Civil Liberties Union, the agency <\/span><a href=\"https:\/\/www.wsj.com\/articles\/immigrant-detainee-becomes-first-covid-19-casualty-in-ice-facility-11588820475\"><span style=\"font-weight: 400;\">released<\/span><\/a><span style=\"font-weight: 400;\"> more than 900 immigrants by May, with an additional 193 released under orders from federal courts.<\/span><\/p>\n<p><span style=\"font-weight: 400;\">Many immigrants failed to qualify for release, however.<\/span><\/p>\n<p><span style=\"font-weight: 400;\">Crainic, originally from Romania, came to the United States in 2005 seeking asylum. He is of Romani descent, and Roma are the most <\/span><a href=\"https:\/\/www.culturalsurvival.org\/publications\/cultural-survival-quarterly\/persecution-and-politicization-roma-gypsies-eastern-europe\"><span style=\"font-weight: 400;\">socially disadvantaged ethnic group in Romania<\/span><\/a><span style=\"font-weight: 400;\">, facing systemic discrimination, harrassment and other threats to their livelihoods.\u00a0<\/span><\/p>\n<p><span style=\"font-weight: 400;\">Crainic was not among those released during this period of new policies, despite being at high-risk of contracting the virus. In addition to being in an age group that faces increased risk, he has underlying health issues, including diabetes and hypertension.\u00a0<\/span><\/p>\n<p><span style=\"font-weight: 400;\">Worried that he would get sick if he remained at Kankakee County Jail, Crainic decided to seek assistance from the ACLU. In July 2020, the group\u2019s lawyers filed a joint petition for him and four other detained individuals requesting immediate release from the detention center based on their medical histories that would likely cause serious complications should they contract COVID-19. According to the case documents, the ACLU argued that the Kankakee detention center was failing to comply with Centers for Disease Control and Prevention orders for proper sanitation, regulation of personal protective equipment and social distancing, and effective screening and testing of staff and detained immigrants. Additionally, the petition cited, the facility lacked sufficient medical staff to treat patients and care for those considered high-risk in the event of an outbreak.<\/span><\/p>\n<p><span style=\"font-weight: 400;\">Ultimately, Crainic\u2019s ACLU petition was denied. The court was unable to determine Crainic\u2019s medical condition based on existing documents, despite extensive medical records showing that he suffered from stage one hypertension, diabetes and obesity. Crainic and the four other detainees remained at the detention center.<\/span><\/p>\n<p><span style=\"font-weight: 400;\">The judge in the ACLU case concluded that the detention center had all necessary measures in place to protect those in custody. But those efforts were clearly insufficient.<\/span><\/p>\n\t\t<div class=\"pk-inline-posts\">\n\t\t\t\t\t\t\t<h5 class=\"pk-inline-posts-title pk-title pk-font-block\">\n\t\t\t\t\tRead more\t\t\t\t<\/h5>\n\t\t\t\n\t\t\t<div class=\"pk-inline-posts-container pk-inline-posts-template-list\"\n\t\t\t\tdata-columns=\"1\">\n\t\t\t\t\t\t<article id=\"post-2422\" class=\"post-2422 post type-post status-publish format-standard has-post-thumbnail category-environmentandhealth category-investigation tag-chicago tag-chicago-immigration-news tag-coronavirus tag-covid-19 tag-covidprison tag-flores tag-immigration tag-immigration-detention-center tag-immigration-news\">\n\t\t\t<div class=\"pk-post-outer\">\n\n\t\t\t\t\t\t\t\t<div class=\"pk-post-inner\">\n\t\t\t\t\t<div class=\"entry-thumbnail\">\n\t\t\t\t\t\t<div class=\"pk-overlay pk-overlay-ratio pk-ratio-landscape\">\n\t\t\t\t\t\t\t<div class=\"pk-overlay-background\">\n\t\t\t\t\t\t\t\t<a href=\"https:\/\/borderlessmag.org\/es\/2020\/04\/15\/locked-up-with-covid-19\/\" class=\"pk-overlay-link\">\n\t\t\t\t\t\t\t\t\t<img decoding=\"async\" width=\"1\" height=\"1\" src=\"https:\/\/borderlessmag.org\/wordpress\/wp-content\/uploads\/2020\/04\/041420_FranciscoSilvaFlores-4-featured.jpg\" class=\"attachment-pk-thumbnail size-pk-thumbnail wp-post-image\" alt=\"Francisco Silva Flores\" \/>\t\t\t\t\t\t\t\t<\/a>\n\t\t\t\t\t\t\t<\/div>\n\t\t\t\t\t\t<\/div>\n\t\t\t\t\t<\/div>\n\t\t\t\t<\/div>\n\t\t\t\t\n\t\t\t\t<div class=\"pk-post-inner\">\n\t\t\t\t\t<header>\n\t\t\t\t\t\t<h3 class=\"pk-title\"><a href=\"https:\/\/borderlessmag.org\/es\/2020\/04\/15\/locked-up-with-covid-19\/\" rel=\"bookmark\">Locked Up With COVID-19<\/a><\/h3>\t\t\t\t\t\t\t<div class=\"pk-post-meta\">\n\t\t\t\t\t\t\t\t<span class=\"pk-meta-author meta-author\"><span class=\"author vcard\"><a class=\"url fn n\" href=\"https:\/\/borderlessmag.org\/es\/author\/nissa-rhee\/\" title=\"View all posts by Nissa Rhee\">Nissa Rhee<\/a><\/span><\/span>\t\t\t\t\t\t\t\t<span class=\"sep\">\u00b7<\/span>\n\t\t\t\t\t\t\t\t<span class=\"pk-meta-date meta-date\"><a href=\"https:\/\/borderlessmag.org\/es\/2020\/04\/15\/locked-up-with-covid-19\/\" rel=\"bookmark\">abril 15, 2020<\/a><\/span>\t\t\t\t\t\t\t<\/div>\n\t\t\t\t\t\t\t\t\t\t\t\t<\/header><!-- .entry-header -->\n\t\t\t\t<\/div><!-- .post-inner -->\n\n\t\t\t<\/div><!-- .post-outer -->\n\t\t<\/article>\n\t\t\t\t<\/div>\n\t\t<\/div>\n\t\t\n<p><span style=\"font-weight: 400;\">Crainic was never tested for COVID-19 until he began feeling sick. In January 2021, after he contracted COVID-19, his lawyer filed a medical neglect report on his behalf. In the report, Crainic detailed Kankakee County Jail\u2019s inadequate COVID-19 precautions, as well as his own experience in quarantine.\u00a0<\/span><\/p>\n<p><span style=\"font-weight: 400;\">\u201cFrom the beginning of December through almost to Christmas, nobody was wearing a mask \u2014 just me,\u201d Crainic said in an interview with Borderless Magazine. Each detainee was given just two cloth masks over the summer and had not been issued hand sanitizer, according to Crainic.<\/span><\/p>\n<p><span style=\"font-weight: 400;\">\u00a0<\/span><span style=\"font-weight: 400;\">He also explained that throughout his quarantine, he was not seen by a doctor despite his underlying health issues, and was given only decongestant medication and a daily multivitamin.\u00a0<\/span><\/p>\n<p><span style=\"font-weight: 400;\">Crainic\u2019s account of the conditions are consistent with concerns raised by Robin Kelly, U.S. Representative of Illinois\u2019 2nd Congressional District, in <a href=\"https:\/\/borderlessmag.org\/wordpress\/wp-content\/uploads\/2021\/07\/Rep-Robin-Kelly-April-2-2021-COVID-Letter.pdf\">a letter she submitted to JCDC<\/a> in response to multiple constituent requests. In the letter, Kelly inquired about COVID-19 precautions and other sanitary issues in the detention center.\u00a0<\/span><\/p>\n<p><span style=\"font-weight: 400;\">In his <a href=\"https:\/\/borderlessmag.org\/wordpress\/wp-content\/uploads\/2021\/07\/Kankakee-County-Sheriff-April-8-2021-COVID-Response-Letter.pdf\">response to Kelly<\/a>, Michael Downey, the Kankakee County sheriff, stated that masks, sanitizer and COVID-19 testing were all available to those in detention, though some housing units offer sanitizer only upon individuals\u2019 requests \u201cfor security reasons.\u201d<\/span><\/p>\n<p><a href=\"https:\/\/chicago.suntimes.com\/coronavirus\/2021\/1\/31\/22253004\/chicago-immigration-ice-jail-coronavirus-covid19-vaccine\"><span style=\"font-weight: 400;\">Staff at Kankakee\u2019s Jerome Combs Detention Center continue to claim<\/span><\/a><span style=\"font-weight: 400;\"> that they are adhering to proper safety precautions, although some<\/span><a href=\"https:\/\/borderlessmag.org\/2020\/04\/15\/locked-up-with-covid-19\/\"><span style=\"font-weight: 400;\"> detained immigrants have been released <\/span><\/a><span style=\"font-weight: 400;\">under court order due to coronavirus-related health concerns.<\/span><\/p>\n<p><span style=\"font-weight: 400;\">Between January 22 and 26, 2021, the Kankakee jail reported its highest number of active COVID-19 cases among ICE detainees to date at 22 cases. During this outbreak, the facility\u2019s total average daily population was reported to be 28 people.\u00a0<\/span><\/p>\n<h3 id=\"policy-promises-and-lingering-symptoms\"><span style=\"font-weight: 400;\">Policy Promises and Lingering Symptoms\u00a0<\/span><\/h3>\n<p><span style=\"font-weight: 400;\">While COVID-19 continues to spread through immigrant detention centers, the federal government has backtracked on its early effort to reduce detained populations. The number of people in ICE custody nationwide since President Joe Biden took office <\/span><span style=\"font-weight: 400;\">has nearly doubled<\/span><span style=\"font-weight: 400;\">: The detained population has gone from 15,104 in January 2021 and 14,088 individuals in February to 27,217 as of July 8.\u00a0<\/span><\/p>\n<p><span style=\"font-weight: 400;\">The availability of vaccines for the American public have not slowed the spread of COVID-19 among the growing detainee population. Over 40 percent of all COVID-19 cases reported by ICE at detention centers since the pandemic began have happened in recent months, according to <\/span><span style=\"font-weight: 400;\">a recent New York Times analysis.<\/span><\/p>\n<p><span style=\"font-weight: 400;\">At a <\/span><a href=\"https:\/\/www.facebook.com\/ICIRR\/videos\/2663238267301936\"><span style=\"font-weight: 400;\">July 8 rally held<\/span><\/a><span style=\"font-weight: 400;\"> by the Illinois Coalition of Immigrant and Refugee Rights in downtown Chicago, local politicians highlighted the urgent need for immigration reform and rethinking the detention system.<\/span><\/p>\n<p><span style=\"font-weight: 400;\">\u201cWe have to stop the deportations,\u201d <\/span><a href=\"https:\/\/chicago.suntimes.com\/2021\/7\/8\/22569401\/pritzker-promises-immigration-reform-downtown-rally\"><span style=\"font-weight: 400;\">U.S. Rep. Jan Schakowsky said<\/span><\/a><span style=\"font-weight: 400;\"> to the crowd of 500. \u201cWe have to end the detention. We have to stop separating families.\u201d<\/span><\/p>\n<div id=\"attachment_6401\" style=\"width: 1034px\" class=\"wp-caption alignnone\"><img decoding=\"async\" aria-describedby=\"caption-attachment-6401\" class=\"wp-image-6401 size-large\" src=\"https:\/\/borderlessmag.org\/wordpress\/wp-content\/uploads\/2021\/12\/ICIRRProtest_CF_05-1024x683.jpg\" alt=\"COVID-19, ICE, detention, Chicago, Midwest, sanctuary, immigrant, data, cases, CDC, outbreaks, pandemic, Pritzker, governor\" width=\"1024\" height=\"683\" \/><p id=\"caption-attachment-6401\" class=\"wp-caption-text\">Gov. J.B. Pritzker pledges to actively advocate for the rights of all immigrants during a rally against deportations on July 8, 2021 in downtown Chicago, Ill. Photo by Camilla Forte\/Borderless Magazine<\/p><\/div>\n<p><span style=\"font-weight: 400;\">At the event, Illinois Gov. J.B Pritzker promised to keep working with local organizations to ensure the <\/span><a href=\"https:\/\/www.instagram.com\/tv\/CQYzzBqDhr5\/\"><span style=\"font-weight: 400;\">Illinois Way Forward Act<\/span><\/a><span style=\"font-weight: 400;\"> is made law. The bill has been passed by both houses and is awaiting Pritzker\u2019s signature. If approved, it would prohibit counties from entering into contracts with ICE, limit how local law enforcement cooperates with the agency and ultimately shut down all immigrant detention centers in the state.<\/span><\/p>\n<p><span style=\"font-weight: 400;\">\u201cI believe in an Illinois that will continue to hold our federal government accountable to our ideals of liberty and justice for all,\u201d he said. \u201cI&#8217;m very proud to stand with you today, because each and every day, I want our immigrant community to know that Illinois is and always will be your home.\u201d<\/span><\/p>\n<p><span style=\"font-weight: 400;\">For Crainic, such promises come too late. He is recovering from the virus but has had lingering symptoms like high blood pressure. He remains worried that he will contract the virus a second time or develop further health complications.\u00a0<\/span><\/p>\n<p><span style=\"font-weight: 400;\">\u201cThey said they could protect me, but they didn\u2019t,\u201d said Crainic. \u201cI don\u2019t know in the future how it\u2019s going to affect my health. My life from now on is not going to be the same, that\u2019s for sure.\u201d<\/span><\/p>\n<p>&nbsp;<\/p>\n<p><i><span style=\"font-weight: 400;\">Northwestern University journalism graduate students Jeff A. Chamer, Amy Ouyang and Isabelle Stroobandt contributed to this reporting.<\/span><\/i><\/p>\n<h4 id=\"our-work-is-made-possible-thanks-to-donations-from-people-like-you-support-high-quality-reporting-by-making-a-tax-deductible-donation-today\" class=\"pk-content-block pk-block-bg pk-block-bg-light\" style=\"text-align: left;\"><span style=\"color: #993300;\">Our work is made possible thanks to donations from people like you. Support high-quality reporting by making a tax-deductible donation today. \u00a0 \u00a0 \u00a0 \u00a0 \u00a0 \u00a0 \u00a0 \u00a0 \u00a0 \u00a0 \u00a0 \u00a0 \u00a0 \u00a0 \u00a0 \u00a0 \u00a0 \u00a0 \u00a0 \u00a0 \u00a0 \u00a0 \u00a0 \u00a0 \u00a0 \u00a0 \u00a0 \u00a0 \u00a0 \u00a0 \u00a0 \u00a0 \u00a0 \u00a0 \u00a0 \u00a0 \u00a0 \u00a0 \u00a0 \u00a0 \u00a0 \u00a0 \u00a0 \u00a0 \u00a0 \u00a0 \u00a0 \u00a0 \u00a0 \u00a0 \u00a0 \u00a0 \u00a0 \u00a0 \u00a0 \u00a0 \u00a0 \u00a0 \u00a0 \u00a0 \u00a0 \u00a0 \u00a0 \u00a0 \u00a0\u00a0<\/span><a class=\"pk-button pk-button-md pk-button-primary pk-font-primary\" href=\"https:\/\/borderlessmag.org\/donate\/\" target=\"_blank\" >\n\t\t\t Donate \n\t\t<\/a><\/h4>\n","protected":false},"excerpt":{"rendered":"<p>Seg\u00fan los investigadores, las estad\u00edsticas inaccesibles e incoherentes publicadas por la agencia contribuyen a su mala gesti\u00f3n sistem\u00e1tica del COVID-19, lo que subraya la clara necesidad de una mayor supervisi\u00f3n.<\/p>","protected":false},"author":28,"featured_media":6399,"comment_status":"closed","ping_status":"closed","sticky":false,"template":"","format":"standard","meta":{"inline_featured_image":false,"footnotes":""},"categories":[325,66],"tags":[354],"coauthors":[206,214],"class_list":{"0":"post-6397","1":"post","2":"type-post","3":"status-publish","4":"format-standard","5":"has-post-thumbnail","7":"category-environmentandhealth","8":"category-investigation","9":"tag-coviddata"},"yoast_head":"<!-- This site is optimized with the Yoast SEO Premium plugin v27.3 (Yoast SEO v27.3) - https:\/\/yoast.com\/product\/yoast-seo-premium-wordpress\/ -->\n<title>As COVID-19 Spread Through Midwest Detention Centers, ICE Struggled to Provide Accurate Data\u00a0 &#8211; Borderless Magazine NFP<\/title>\n<meta name=\"description\" content=\"Inaccessible and inconsistent, statistics publicly reported by the enforcement agency contribute to its systemic mishandling of COVID-19 \u2014 underscoring a clear need for greater oversight, researchers say.\" \/>\n<meta name=\"robots\" content=\"index, follow, max-snippet:-1, max-image-preview:large, max-video-preview:-1\" \/>\n<link rel=\"canonical\" href=\"https:\/\/borderlessmag.org\/es\/2021\/07\/14\/a-medida-que-el-covid-19-se-extendia-por-los-centros-de-detencion-del-medio-oeste-ice-se-esforzaba-por-proporcionar-datos-precisos\/\" \/>\n<meta property=\"og:locale\" content=\"es_MX\" \/>\n<meta property=\"og:type\" content=\"article\" \/>\n<meta property=\"og:title\" content=\"As COVID-19 Spread Through Midwest Detention Centers, ICE Struggled to Provide Accurate Data\u00a0 &#8211; Borderless Magazine NFP\" \/>\n<meta property=\"og:description\" content=\"As COVID-19 Spread Through Midwest Detention Centers, ICE Struggled to Provide Accurate Data\u00a0 &#8211; Borderless Magazine NFP\" \/>\n<meta property=\"og:url\" content=\"https:\/\/borderlessmag.org\/es\/2021\/07\/14\/a-medida-que-el-covid-19-se-extendia-por-los-centros-de-detencion-del-medio-oeste-ice-se-esforzaba-por-proporcionar-datos-precisos\/\" \/>\n<meta property=\"og:site_name\" content=\"Borderless Magazine NFP\" \/>\n<meta property=\"article:publisher\" content=\"https:\/\/www.facebook.com\/BorderlessMagazine\" \/>\n<meta property=\"article:published_time\" content=\"2021-07-14T22:08:32+00:00\" \/>\n<meta property=\"article:modified_time\" content=\"2025-10-08T14:55:53+00:00\" \/>\n<meta property=\"og:image\" content=\"https:\/\/borderlessmag.org\/wordpress\/wp-content\/uploads\/2021\/07\/ICIRRProtest_CF_04_featured.jpg\" \/>\n\t<meta property=\"og:image:width\" content=\"1\" \/>\n\t<meta property=\"og:image:height\" content=\"1\" \/>\n\t<meta property=\"og:image:type\" content=\"image\/jpeg\" \/>\n<meta name=\"author\" content=\"Nissa Rhee\" \/>\n<meta name=\"twitter:card\" content=\"summary_large_image\" \/>\n<meta name=\"twitter:label1\" content=\"Escrito por\" \/>\n\t<meta name=\"twitter:data1\" content=\"Chelsea Verstegen\" \/>\n\t<meta name=\"twitter:label2\" content=\"Tiempo de lectura\" \/>\n\t<meta name=\"twitter:data2\" content=\"13 minutos\" \/>\n\t<meta name=\"twitter:label3\" content=\"Written by\" \/>\n\t<meta name=\"twitter:data3\" content=\"Nissa Rhee\" \/>\n<script type=\"application\/ld+json\" class=\"yoast-schema-graph\">{\"@context\":\"https:\\\/\\\/schema.org\",\"@graph\":[{\"@type\":\"NewsArticle\",\"@id\":\"https:\\\/\\\/borderlessmag.org\\\/2021\\\/07\\\/14\\\/as-covid-19-spread-through-midwest-detention-centers-ice-struggled-to-provide-accurate-data\\\/#article\",\"isPartOf\":{\"@id\":\"https:\\\/\\\/borderlessmag.org\\\/2021\\\/07\\\/14\\\/as-covid-19-spread-through-midwest-detention-centers-ice-struggled-to-provide-accurate-data\\\/\"},\"author\":{\"name\":\"Chelsea Verstegen\",\"@id\":\"https:\\\/\\\/borderlessmag.org\\\/#\\\/schema\\\/person\\\/20ac2779216294471760bd1f973a2e26\"},\"headline\":\"As COVID-19 Spread Through Midwest Detention Centers, ICE Struggled to Provide Accurate Data\u00a0\",\"datePublished\":\"2021-07-14T22:08:32+00:00\",\"dateModified\":\"2025-10-08T14:55:53+00:00\",\"mainEntityOfPage\":{\"@id\":\"https:\\\/\\\/borderlessmag.org\\\/2021\\\/07\\\/14\\\/as-covid-19-spread-through-midwest-detention-centers-ice-struggled-to-provide-accurate-data\\\/\"},\"wordCount\":2803,\"publisher\":{\"@id\":\"https:\\\/\\\/borderlessmag.org\\\/#organization\"},\"image\":{\"@id\":\"https:\\\/\\\/borderlessmag.org\\\/2021\\\/07\\\/14\\\/as-covid-19-spread-through-midwest-detention-centers-ice-struggled-to-provide-accurate-data\\\/#primaryimage\"},\"thumbnailUrl\":\"https:\\\/\\\/borderlessmag.org\\\/wordpress\\\/wp-content\\\/uploads\\\/2021\\\/07\\\/ICIRRProtest_CF_04_featured.jpg\",\"keywords\":[\"coviddata\"],\"articleSection\":[\"Environment and Health\",\"Investigation\"],\"inLanguage\":\"es\",\"copyrightYear\":\"2020\",\"copyrightHolder\":{\"@id\":\"https:\\\/\\\/borderlessmag.org\\\/es\\\/#organization\"}},{\"@type\":\"WebPage\",\"@id\":\"https:\\\/\\\/borderlessmag.org\\\/2021\\\/07\\\/14\\\/as-covid-19-spread-through-midwest-detention-centers-ice-struggled-to-provide-accurate-data\\\/\",\"url\":\"https:\\\/\\\/borderlessmag.org\\\/2021\\\/07\\\/14\\\/as-covid-19-spread-through-midwest-detention-centers-ice-struggled-to-provide-accurate-data\\\/\",\"name\":\"As COVID-19 Spread Through Midwest Detention Centers, ICE Struggled to Provide Accurate Data\u00a0 &#8211; Borderless Magazine NFP\",\"isPartOf\":{\"@id\":\"https:\\\/\\\/borderlessmag.org\\\/#website\"},\"primaryImageOfPage\":{\"@id\":\"https:\\\/\\\/borderlessmag.org\\\/2021\\\/07\\\/14\\\/as-covid-19-spread-through-midwest-detention-centers-ice-struggled-to-provide-accurate-data\\\/#primaryimage\"},\"image\":{\"@id\":\"https:\\\/\\\/borderlessmag.org\\\/2021\\\/07\\\/14\\\/as-covid-19-spread-through-midwest-detention-centers-ice-struggled-to-provide-accurate-data\\\/#primaryimage\"},\"thumbnailUrl\":\"https:\\\/\\\/borderlessmag.org\\\/wordpress\\\/wp-content\\\/uploads\\\/2021\\\/07\\\/ICIRRProtest_CF_04_featured.jpg\",\"datePublished\":\"2021-07-14T22:08:32+00:00\",\"dateModified\":\"2025-10-08T14:55:53+00:00\",\"description\":\"Inaccessible and inconsistent, statistics publicly reported by the enforcement agency contribute to its systemic mishandling of COVID-19 \u2014 underscoring a clear need for greater oversight, researchers say.\",\"inLanguage\":\"es\",\"potentialAction\":[{\"@type\":\"ReadAction\",\"target\":[\"https:\\\/\\\/borderlessmag.org\\\/2021\\\/07\\\/14\\\/as-covid-19-spread-through-midwest-detention-centers-ice-struggled-to-provide-accurate-data\\\/\"]}]},{\"@type\":\"ImageObject\",\"inLanguage\":\"es\",\"@id\":\"https:\\\/\\\/borderlessmag.org\\\/2021\\\/07\\\/14\\\/as-covid-19-spread-through-midwest-detention-centers-ice-struggled-to-provide-accurate-data\\\/#primaryimage\",\"url\":\"https:\\\/\\\/borderlessmag.org\\\/wordpress\\\/wp-content\\\/uploads\\\/2021\\\/07\\\/ICIRRProtest_CF_04_featured.jpg\",\"contentUrl\":\"https:\\\/\\\/borderlessmag.org\\\/wordpress\\\/wp-content\\\/uploads\\\/2021\\\/07\\\/ICIRRProtest_CF_04_featured.jpg\",\"caption\":\"As COVID cases in immigrant detention centers continue to rise, demonstrators listen to advocates speak against the detention and deportation of immigrants during a rally held by the Illinois Coalition for Immigrant and Refugee Rights on July 8, 2021 in downtown Chicago, Ill.\"},{\"@type\":\"WebSite\",\"@id\":\"https:\\\/\\\/borderlessmag.org\\\/#website\",\"url\":\"https:\\\/\\\/borderlessmag.org\\\/\",\"name\":\"Borderless Magazine NFP\",\"description\":\"Stories about immigration and immigrants\",\"publisher\":{\"@id\":\"https:\\\/\\\/borderlessmag.org\\\/#organization\"},\"alternateName\":\"Borderless\",\"potentialAction\":[{\"@type\":\"SearchAction\",\"target\":{\"@type\":\"EntryPoint\",\"urlTemplate\":\"https:\\\/\\\/borderlessmag.org\\\/?s={search_term_string}\"},\"query-input\":{\"@type\":\"PropertyValueSpecification\",\"valueRequired\":true,\"valueName\":\"search_term_string\"}}],\"inLanguage\":\"es\"},{\"@type\":\"Organization\",\"@id\":\"https:\\\/\\\/borderlessmag.org\\\/#organization\",\"name\":\"Borderless Magazine NFP\",\"alternateName\":\"Borderless Mag\",\"url\":\"https:\\\/\\\/borderlessmag.org\\\/\",\"logo\":{\"@type\":\"ImageObject\",\"inLanguage\":\"es\",\"@id\":\"https:\\\/\\\/borderlessmag.org\\\/#\\\/schema\\\/logo\\\/image\\\/\",\"url\":\"https:\\\/\\\/borderlessmag.org\\\/wordpress\\\/wp-content\\\/uploads\\\/2025\\\/08\\\/BorderlessLogo_main_square.jpg\",\"contentUrl\":\"https:\\\/\\\/borderlessmag.org\\\/wordpress\\\/wp-content\\\/uploads\\\/2025\\\/08\\\/BorderlessLogo_main_square.jpg\",\"width\":696,\"height\":696,\"caption\":\"Borderless Magazine NFP\"},\"image\":{\"@id\":\"https:\\\/\\\/borderlessmag.org\\\/#\\\/schema\\\/logo\\\/image\\\/\"},\"sameAs\":[\"https:\\\/\\\/www.facebook.com\\\/BorderlessMagazine\",\"https:\\\/\\\/www.instagram.com\\\/borderless_mag\\\/\",\"https:\\\/\\\/www.tiktok.com\\\/@borderless_mag\"]},{\"@type\":\"Person\",\"@id\":\"https:\\\/\\\/borderlessmag.org\\\/#\\\/schema\\\/person\\\/20ac2779216294471760bd1f973a2e26\",\"name\":\"Chelsea Verstegen\",\"image\":{\"@type\":\"ImageObject\",\"inLanguage\":\"es\",\"@id\":\"https:\\\/\\\/secure.gravatar.com\\\/avatar\\\/0e257c3f988d4002ac9ef8c7ea77408486c056287741d0d8eac43596fb176a6f?s=96&d=mm&r=g6bc2f92c101eb4417ab1dd5d6e08d348\",\"url\":\"https:\\\/\\\/secure.gravatar.com\\\/avatar\\\/0e257c3f988d4002ac9ef8c7ea77408486c056287741d0d8eac43596fb176a6f?s=96&d=mm&r=g\",\"contentUrl\":\"https:\\\/\\\/secure.gravatar.com\\\/avatar\\\/0e257c3f988d4002ac9ef8c7ea77408486c056287741d0d8eac43596fb176a6f?s=96&d=mm&r=g\",\"caption\":\"Chelsea Verstegen\"},\"url\":\"https:\\\/\\\/borderlessmag.org\\\/es\\\/author\\\/chelsea-verstegen\\\/\"}]}<\/script>\n<!-- \/ Yoast SEO Premium plugin. -->","yoast_head_json":{"title":"A medida que el COVID-19 se extend\u00eda por los centros de detenci\u00f3n del Medio Oeste, el ICE se esforzaba por proporcionar datos precisos - Borderless Magazine NFP","description":"Seg\u00fan los investigadores, las estad\u00edsticas inaccesibles e incoherentes publicadas por la agencia contribuyen a su mala gesti\u00f3n sistem\u00e1tica del COVID-19, lo que subraya la clara necesidad de una mayor supervisi\u00f3n.","robots":{"index":"index","follow":"follow","max-snippet":"max-snippet:-1","max-image-preview":"max-image-preview:large","max-video-preview":"max-video-preview:-1"},"canonical":"https:\/\/borderlessmag.org\/es\/2021\/07\/14\/a-medida-que-el-covid-19-se-extendia-por-los-centros-de-detencion-del-medio-oeste-ice-se-esforzaba-por-proporcionar-datos-precisos\/","og_locale":"es_MX","og_type":"article","og_title":"As COVID-19 Spread Through Midwest Detention Centers, ICE Struggled to Provide Accurate Data\u00a0 &#8211; Borderless Magazine NFP","og_description":"As COVID-19 Spread Through Midwest Detention Centers, ICE Struggled to Provide Accurate Data\u00a0 &#8211; Borderless Magazine NFP","og_url":"https:\/\/borderlessmag.org\/es\/2021\/07\/14\/a-medida-que-el-covid-19-se-extendia-por-los-centros-de-detencion-del-medio-oeste-ice-se-esforzaba-por-proporcionar-datos-precisos\/","og_site_name":"Borderless Magazine NFP","article_publisher":"https:\/\/www.facebook.com\/BorderlessMagazine","article_published_time":"2021-07-14T22:08:32+00:00","article_modified_time":"2025-10-08T14:55:53+00:00","og_image":[{"url":"https:\/\/borderlessmag.org\/wordpress\/wp-content\/uploads\/2021\/07\/ICIRRProtest_CF_04_featured.jpg","width":1,"height":1,"type":"image\/jpeg"}],"author":"Nissa Rhee","twitter_card":"summary_large_image","twitter_misc":{"Escrito por":"Chelsea Verstegen","Tiempo de lectura":"13 minutos","Written by":"Nissa Rhee"},"schema":{"@context":"https:\/\/schema.org","@graph":[{"@type":"NewsArticle","@id":"https:\/\/borderlessmag.org\/2021\/07\/14\/as-covid-19-spread-through-midwest-detention-centers-ice-struggled-to-provide-accurate-data\/#article","isPartOf":{"@id":"https:\/\/borderlessmag.org\/2021\/07\/14\/as-covid-19-spread-through-midwest-detention-centers-ice-struggled-to-provide-accurate-data\/"},"author":{"name":"Chelsea Verstegen","@id":"https:\/\/borderlessmag.org\/#\/schema\/person\/20ac2779216294471760bd1f973a2e26"},"headline":"As COVID-19 Spread Through Midwest Detention Centers, ICE Struggled to Provide Accurate Data\u00a0","datePublished":"2021-07-14T22:08:32+00:00","dateModified":"2025-10-08T14:55:53+00:00","mainEntityOfPage":{"@id":"https:\/\/borderlessmag.org\/2021\/07\/14\/as-covid-19-spread-through-midwest-detention-centers-ice-struggled-to-provide-accurate-data\/"},"wordCount":2803,"publisher":{"@id":"https:\/\/borderlessmag.org\/#organization"},"image":{"@id":"https:\/\/borderlessmag.org\/2021\/07\/14\/as-covid-19-spread-through-midwest-detention-centers-ice-struggled-to-provide-accurate-data\/#primaryimage"},"thumbnailUrl":"https:\/\/borderlessmag.org\/wordpress\/wp-content\/uploads\/2021\/07\/ICIRRProtest_CF_04_featured.jpg","keywords":["coviddata"],"articleSection":["Environment and Health","Investigation"],"inLanguage":"es","copyrightYear":"2020","copyrightHolder":{"@id":"https:\/\/borderlessmag.org\/es\/#organization"}},{"@type":"WebPage","@id":"https:\/\/borderlessmag.org\/2021\/07\/14\/as-covid-19-spread-through-midwest-detention-centers-ice-struggled-to-provide-accurate-data\/","url":"https:\/\/borderlessmag.org\/2021\/07\/14\/as-covid-19-spread-through-midwest-detention-centers-ice-struggled-to-provide-accurate-data\/","name":"A medida que el COVID-19 se extend\u00eda por los centros de detenci\u00f3n del Medio Oeste, el ICE se esforzaba por proporcionar datos precisos - Borderless Magazine NFP","isPartOf":{"@id":"https:\/\/borderlessmag.org\/#website"},"primaryImageOfPage":{"@id":"https:\/\/borderlessmag.org\/2021\/07\/14\/as-covid-19-spread-through-midwest-detention-centers-ice-struggled-to-provide-accurate-data\/#primaryimage"},"image":{"@id":"https:\/\/borderlessmag.org\/2021\/07\/14\/as-covid-19-spread-through-midwest-detention-centers-ice-struggled-to-provide-accurate-data\/#primaryimage"},"thumbnailUrl":"https:\/\/borderlessmag.org\/wordpress\/wp-content\/uploads\/2021\/07\/ICIRRProtest_CF_04_featured.jpg","datePublished":"2021-07-14T22:08:32+00:00","dateModified":"2025-10-08T14:55:53+00:00","description":"Seg\u00fan los investigadores, las estad\u00edsticas inaccesibles e incoherentes publicadas por la agencia contribuyen a su mala gesti\u00f3n sistem\u00e1tica del COVID-19, lo que subraya la clara necesidad de una mayor supervisi\u00f3n.","inLanguage":"es","potentialAction":[{"@type":"ReadAction","target":["https:\/\/borderlessmag.org\/2021\/07\/14\/as-covid-19-spread-through-midwest-detention-centers-ice-struggled-to-provide-accurate-data\/"]}]},{"@type":"ImageObject","inLanguage":"es","@id":"https:\/\/borderlessmag.org\/2021\/07\/14\/as-covid-19-spread-through-midwest-detention-centers-ice-struggled-to-provide-accurate-data\/#primaryimage","url":"https:\/\/borderlessmag.org\/wordpress\/wp-content\/uploads\/2021\/07\/ICIRRProtest_CF_04_featured.jpg","contentUrl":"https:\/\/borderlessmag.org\/wordpress\/wp-content\/uploads\/2021\/07\/ICIRRProtest_CF_04_featured.jpg","caption":"As COVID cases in immigrant detention centers continue to rise, demonstrators listen to advocates speak against the detention and deportation of immigrants during a rally held by the Illinois Coalition for Immigrant and Refugee Rights on July 8, 2021 in downtown Chicago, Ill."},{"@type":"WebSite","@id":"https:\/\/borderlessmag.org\/#website","url":"https:\/\/borderlessmag.org\/","name":"Revista Borderless NFP","description":"Historias sobre inmigraci\u00f3n e inmigrantes","publisher":{"@id":"https:\/\/borderlessmag.org\/#organization"},"alternateName":"Borderless","potentialAction":[{"@type":"SearchAction","target":{"@type":"EntryPoint","urlTemplate":"https:\/\/borderlessmag.org\/?s={search_term_string}"},"query-input":{"@type":"PropertyValueSpecification","valueRequired":true,"valueName":"search_term_string"}}],"inLanguage":"es"},{"@type":"Organization","@id":"https:\/\/borderlessmag.org\/#organization","name":"Revista Borderless NFP","alternateName":"Borderless Mag","url":"https:\/\/borderlessmag.org\/","logo":{"@type":"ImageObject","inLanguage":"es","@id":"https:\/\/borderlessmag.org\/#\/schema\/logo\/image\/","url":"https:\/\/borderlessmag.org\/wordpress\/wp-content\/uploads\/2025\/08\/BorderlessLogo_main_square.jpg","contentUrl":"https:\/\/borderlessmag.org\/wordpress\/wp-content\/uploads\/2025\/08\/BorderlessLogo_main_square.jpg","width":696,"height":696,"caption":"Borderless Magazine NFP"},"image":{"@id":"https:\/\/borderlessmag.org\/#\/schema\/logo\/image\/"},"sameAs":["https:\/\/www.facebook.com\/BorderlessMagazine","https:\/\/www.instagram.com\/borderless_mag\/","https:\/\/www.tiktok.com\/@borderless_mag"]},{"@type":"Person","@id":"https:\/\/borderlessmag.org\/#\/schema\/person\/20ac2779216294471760bd1f973a2e26","name":"Chelsea Verstegen","image":{"@type":"ImageObject","inLanguage":"es","@id":"https:\/\/secure.gravatar.com\/avatar\/0e257c3f988d4002ac9ef8c7ea77408486c056287741d0d8eac43596fb176a6f?s=96&d=mm&r=g6bc2f92c101eb4417ab1dd5d6e08d348","url":"https:\/\/secure.gravatar.com\/avatar\/0e257c3f988d4002ac9ef8c7ea77408486c056287741d0d8eac43596fb176a6f?s=96&d=mm&r=g","contentUrl":"https:\/\/secure.gravatar.com\/avatar\/0e257c3f988d4002ac9ef8c7ea77408486c056287741d0d8eac43596fb176a6f?s=96&d=mm&r=g","caption":"Chelsea Verstegen"},"url":"https:\/\/borderlessmag.org\/es\/author\/chelsea-verstegen\/"}]}},"cc_featured_image_caption":{"caption_text":"As COVID-19 cases in immigrant detention centers continue to rise, demonstrators listen to advocates speak against the detention and deportation of immigrants during a rally held by the Illinois Coalition for Immigrant and Refugee Rights on July 8, 2021 in downtown Chicago, Ill.","source_text":"","source_url":""},"_links":{"self":[{"href":"https:\/\/borderlessmag.org\/es\/wp-json\/wp\/v2\/posts\/6397","targetHints":{"allow":["GET"]}}],"collection":[{"href":"https:\/\/borderlessmag.org\/es\/wp-json\/wp\/v2\/posts"}],"about":[{"href":"https:\/\/borderlessmag.org\/es\/wp-json\/wp\/v2\/types\/post"}],"author":[{"embeddable":true,"href":"https:\/\/borderlessmag.org\/es\/wp-json\/wp\/v2\/users\/28"}],"replies":[{"embeddable":true,"href":"https:\/\/borderlessmag.org\/es\/wp-json\/wp\/v2\/comments?post=6397"}],"version-history":[{"count":1,"href":"https:\/\/borderlessmag.org\/es\/wp-json\/wp\/v2\/posts\/6397\/revisions"}],"predecessor-version":[{"id":29759,"href":"https:\/\/borderlessmag.org\/es\/wp-json\/wp\/v2\/posts\/6397\/revisions\/29759"}],"wp:featuredmedia":[{"embeddable":true,"href":"https:\/\/borderlessmag.org\/es\/wp-json\/wp\/v2\/media\/6399"}],"wp:attachment":[{"href":"https:\/\/borderlessmag.org\/es\/wp-json\/wp\/v2\/media?parent=6397"}],"wp:term":[{"taxonomy":"category","embeddable":true,"href":"https:\/\/borderlessmag.org\/es\/wp-json\/wp\/v2\/categories?post=6397"},{"taxonomy":"post_tag","embeddable":true,"href":"https:\/\/borderlessmag.org\/es\/wp-json\/wp\/v2\/tags?post=6397"},{"taxonomy":"author","embeddable":true,"href":"https:\/\/borderlessmag.org\/es\/wp-json\/wp\/v2\/coauthors?post=6397"}],"curies":[{"name":"wp","href":"https:\/\/api.w.org\/{rel}","templated":true}]}}