{"id":6294,"date":"2021-06-23T10:07:43","date_gmt":"2021-06-23T16:07:43","guid":{"rendered":"https:\/\/borderlessmag.org\/?p=6294"},"modified":"2025-10-08T09:55:47","modified_gmt":"2025-10-08T14:55:47","slug":"cuanto-puede-soportar-un-ser-humano-2","status":"publish","type":"post","link":"https:\/\/borderlessmag.org\/es\/2021\/06\/23\/how-much-can-one-human-endure\/","title":{"rendered":"\"\u00bfCu\u00e1nto puede soportar un ser humano?\""},"content":{"rendered":"<p><em>No te pierdas ni una noticia. <a href=\"https:\/\/borderlessmag.org\/es\/boletin\/\">Suscr\u00edbase a nuestro bolet\u00edn de los jueves para conocer lo \u00faltimo sobre las comunidades de inmigrantes de Chicago.<\/a><\/em><\/p>\n<p><span style=\"font-weight: 400;\">Admira Duldanic es una joven bosnia, madre de dos hijos, que vive en Glenview, Illinois. Toda su vida cambi\u00f3 cuando era ni\u00f1a: tuvo que huir de Bosnia-Herzegovina a Estados Unidos despu\u00e9s de que este Estado declarara su independencia de Yugoslavia. La desintegraci\u00f3n de la federaci\u00f3n provoc\u00f3 una guerra y actos de genocidio por parte de las fuerzas croatas y serbias, con el resultado de <\/span><a href=\"https:\/\/www.theatlantic.com\/photo\/2012\/04\/20-years-since-the-bosnian-war\/100278\/\"><span style=\"font-weight: 400;\">tantos como<\/span><\/a><span style=\"font-weight: 400;\"> 300.000 muertes.<\/span><\/p>\n<p><span style=\"font-weight: 400;\">En Chicago, Duldanic reconstruy\u00f3 poco a poco su vida. Pero la pandemia de COVID-19 introdujo nuevos traumas, incluida una gran tragedia familiar. El 13 de mayo de 2021, la madre de Duldanic falleci\u00f3 por complicaciones pulmonares debidas al COVID-19. Borderless habl\u00f3 con Duldanic sobre su educaci\u00f3n, su transici\u00f3n a Estados Unidos y sus experiencias durante la pandemia.\u00a0<\/span><\/p>\n<p><a href=\"https:\/\/borderlessmag.org\/es\/2021\/06\/30\/how-to-bear-a-human-being\/\"><strong>Read in English<\/strong><\/a><\/p>\n<hr \/>\n<p><span style=\"font-weight: 400;\">Nac\u00ed en Bosnia y Herzegovina, en una peque\u00f1a ciudad llamada Prijedor. Mi familia viv\u00eda en una hermosa casa construida por mi padre y mi abuelo. Mi madre era una ama de casa que cuidaba de mi hermano y de m\u00ed, de nuestra casa y de nuestro jard\u00edn. Se podr\u00eda decir que ten\u00edamos una vida perfecta. As\u00ed fue hasta la primavera de 1992, cuando nuestro pa\u00eds fue atacado por nuestro vecino, Serbia.\u00a0<\/span><\/p>\n<p><span style=\"font-weight: 400;\">Como ten\u00eda 6 a\u00f1os, no ten\u00eda ni idea de lo que estaba pasando. S\u00f3lo se o\u00edan bombas, fusiles, l\u00e1grimas y gritos. Ten\u00eda mucho miedo. Nunca hab\u00eda visto a mis padres reaccionar con tanto p\u00e1nico y angustia. Nunca hab\u00eda visto ese miedo en sus ojos.\u00a0<\/span><\/p>\n<p><span style=\"font-weight: 400;\">Nuestros familiares planearon nuestros pr\u00f3ximos pasos: c\u00f3mo \u00edbamos a escapar de esta horrible pesadilla. Tras mucho escondernos, ver c\u00f3mo mataban a nuestros familiares, c\u00f3mo torturaban a la gente, c\u00f3mo separaban a las familias, llegamos a Croacia, donde mi padre hab\u00eda trabajado como camionero. Fueron largas noches corriendo por el bosque y pasando hambre, pero pudimos tener un momento de alivio.\u00a0<\/span><\/p>\n<p><span style=\"font-weight: 400;\">Mi madre escapaba mientras estaba embarazada de mi hermana peque\u00f1a. La dio a luz en Croacia en 1993. Unos meses despu\u00e9s, mi familia y yo llegamos a Checoslovaquia, donde los checoslovacos nos internaron en un campo de refugiados. All\u00ed fue donde sufrimos las mayores dificultades y traumas.\u00a0<\/span><\/p>\n<div id=\"attachment_6299\" style=\"width: 778px\" class=\"wp-caption alignnone\"><img decoding=\"async\" aria-describedby=\"caption-attachment-6299\" class=\"wp-image-6299 size-large\" src=\"https:\/\/borderlessmag.org\/wordpress\/wp-content\/uploads\/2021\/12\/ADMIRA-PARENTS_BRO-1-768x1024.jpg\" alt=\"Bosnia, inmigraci\u00f3n, pandemia, familia\" width=\"768\" height=\"1024\" \/><p id=\"caption-attachment-6299\" class=\"wp-caption-text\">En el sentido de las agujas del reloj, desde abajo a la derecha: Admira Duldanic, su hermano Admir Duldanic, su madre Himzija Duldanic y su padre Omer Duldanic, en Bosnia en 1991, un a\u00f1o antes de la guerra. Foto cortes\u00eda de Admira Duldanic<\/p><\/div>\n<p><span style=\"font-weight: 400;\">No pod\u00edamos llevar nada m\u00e1s que la ropa que llev\u00e1bamos puesta. No ten\u00edamos juguetes ni televisi\u00f3n, y s\u00f3lo pod\u00edamos salir al exterior durante una hora. Est\u00e1bamos en una habitaci\u00f3n peque\u00f1a: mi padre, mi madre, mi hermano, mi hermana y yo. Mi familia y yo no pod\u00edamos ducharnos y llev\u00e1bamos la misma ropa interior durante 30 d\u00edas.<\/span><\/p>\n<p><span style=\"font-weight: 400;\">Con 6 a\u00f1os, no ten\u00eda ni idea de por qu\u00e9 estaba ocurriendo esto, por qu\u00e9 mi vida perfecta se arrebataba ante mis ojos. Una de mis t\u00edas estaba en Chicago intentando demostrar que era lo bastante estable como para cuidar de nosotros. Estaba enviando toda la documentaci\u00f3n apropiada a Checoslovaquia para ayudar a nuestra liberaci\u00f3n. Finalmente, despu\u00e9s de 30 d\u00edas de espera, nos dejaron ir. Mi t\u00eda pudo liberarnos de esta horrible situaci\u00f3n.<\/span><\/p>\n<p><span style=\"font-weight: 400;\">Llegamos a Chicago en el verano de 1995, a Albany Park. No ten\u00edamos aire acondicionado y hac\u00eda mucho calor. Mi hermano, mi hermana y yo tuvimos que compartir una habitaci\u00f3n sin puertas, sin darnos cuenta de que era un comedor que mi padre y mi madre hab\u00edan convertido en dormitorio. Como familia de refugiados, no ten\u00edamos dinero ni recursos. Ten\u00edamos que sobrevivir con lo que ten\u00edamos. Era completamente diferente viniendo de un pueblo de Bosnia. En casa, mi padre construy\u00f3 nuestra casa desde cero y la comunidad era una gran familia. Mis t\u00edos, t\u00edas y primos viv\u00edan en el mismo pueblo. Ir a Chicago, con sus calles concurridas y su caos, fue un shock total. Mis hermanos y yo tuvimos que adaptarnos a este estilo de vida, a esta cultura y aprender un nuevo idioma.<\/span><\/p>\n<p><span style=\"font-weight: 400;\">Al principio fue muy dif\u00edcil. Ten\u00eda 9 a\u00f1os y hab\u00eda faltado tres a la escuela. Mis compa\u00f1eros y otros ni\u00f1os se burlaban de m\u00ed porque no hablaba el idioma. No entend\u00eda al profesor ni a los dem\u00e1s alumnos. Tampoco vest\u00eda como los dem\u00e1s ni\u00f1os: mis padres nos compraban ropa y zapatos de segunda mano. Llor\u00e9 todos los d\u00edas durante un a\u00f1o, pidiendo a mis padres que nos devolvieran.\u00a0<\/span><\/p>\n<p><span style=\"font-weight: 400;\">Mi familia lleg\u00f3 a Estados Unidos como refugiados y, nada m\u00e1s llegar, iniciamos los tr\u00e1mites para obtener la identificaci\u00f3n adecuada. En el primer mes obtuvimos el permiso de residencia permanente. Cuando mis hermanos y yo cumplimos 18 a\u00f1os, solicitamos y obtuvimos r\u00e1pidamente la plena ciudadan\u00eda. Por desgracia, como mis padres no hablaban ingl\u00e9s, no pudieron solicitar la nacionalidad y nunca se la concedieron.\u00a0<\/span><\/p>\n<p><span style=\"font-weight: 400;\">Fue dif\u00edcil, pero lo conseguimos. Mi padre trabajaba duro, muchas horas como almacenista en una licorer\u00eda y como obrero de la construcci\u00f3n. Se asegur\u00f3 de que tuvi\u00e9ramos un techo, comida y ropa. Aprendimos a apreciarlo todo porque sab\u00edamos que en cualquier momento nos lo pod\u00edan quitar.<\/span><\/p>\n\t\t<div class=\"pk-inline-posts\">\n\t\t\t\t\t\t\t<h5 class=\"pk-inline-posts-title pk-title pk-font-block\">\n\t\t\t\t\tSeguir leyendo\t\t\t\t<\/h5>\n\t\t\t\n\t\t\t<div class=\"pk-inline-posts-container pk-inline-posts-template-list\"\n\t\t\t\tdata-columns=\"1\">\n\t\t\t\t\t\t<article id=\"post-6223\" class=\"post-6223 post type-post status-publish format-standard has-post-thumbnail category-as-told-to category-environmentandhealth category-labor tag-chicagos-immigrant-restaurants-during-covid-19 tag-mole\">\n\t\t\t<div class=\"pk-post-outer\">\n\n\t\t\t\t\t\t\t\t<div class=\"pk-post-inner\">\n\t\t\t\t\t<div class=\"entry-thumbnail\">\n\t\t\t\t\t\t<div class=\"pk-overlay pk-overlay-ratio pk-ratio-landscape\">\n\t\t\t\t\t\t\t<div class=\"pk-overlay-background\">\n\t\t\t\t\t\t\t\t<a href=\"https:\/\/borderlessmag.org\/es\/2021\/06\/16\/legendary-mole-mexican-chef-faces-covid-19-and-a-struggling-business\/\" class=\"pk-overlay-link\">\n\t\t\t\t\t\t\t\t\t<img decoding=\"async\" width=\"1\" height=\"1\" src=\"https:\/\/borderlessmag.org\/wordpress\/wp-content\/uploads\/2021\/06\/CF_Borderless_MissMoles_015_featured.jpg\" class=\"attachment-pk-thumbnail size-pk-thumbnail wp-post-image\" alt=\"\" \/>\t\t\t\t\t\t\t\t<\/a>\n\t\t\t\t\t\t\t<\/div>\n\t\t\t\t\t\t<\/div>\n\t\t\t\t\t<\/div>\n\t\t\t\t<\/div>\n\t\t\t\t\n\t\t\t\t<div class=\"pk-post-inner\">\n\t\t\t\t\t<header>\n\t\t\t\t\t\t<h3 class=\"pk-title\"><a href=\"https:\/\/borderlessmag.org\/es\/2021\/06\/16\/legendary-mole-mexican-chef-faces-covid-19-and-a-struggling-business\/\" rel=\"bookmark\">El chef de Mis Moles lucha por recuperarse de la pandemia<\/a><\/h3>\t\t\t\t\t\t\t<div class=\"pk-post-meta\">\n\t\t\t\t\t\t\t\t<span class=\"pk-meta-author meta-author\"><span class=\"author vcard\"><a class=\"url fn n\" href=\"https:\/\/borderlessmag.org\/es\/author\/alexander-shur\/\" title=\"Ver todas las publicaciones de Alexander Shur\">Alexander Shur<\/a><\/span><\/span>\t\t\t\t\t\t\t\t<span class=\"sep\">-<\/span>\n\t\t\t\t\t\t\t\t<span class=\"pk-meta-date meta-date\"><a href=\"https:\/\/borderlessmag.org\/es\/2021\/06\/16\/legendary-mole-mexican-chef-faces-covid-19-and-a-struggling-business\/\" rel=\"bookmark\">16 de junio de 2021<\/a><\/span>\t\t\t\t\t\t\t<\/div>\n\t\t\t\t\t\t\t\t\t\t\t\t<\/header><!-- .entry-header -->\n\t\t\t\t<\/div><!-- .post-inner -->\n\n\t\t\t<\/div><!-- .post-outer -->\n\t\t<\/article>\n\t\t\t\t<\/div>\n\t\t<\/div>\n\t\t\n<p><span style=\"font-weight: 400;\">\u00bfQui\u00e9n iba a pensar que 2020, cuando la pandemia, me traer\u00eda recuerdos? Tengo 34 a\u00f1os y un hijo de 6 y otro de 9, las mismas edades que ten\u00edamos mi hermano y yo cuando empez\u00f3 la guerra. Lo pas\u00e9 mal al principio. \u00bfPodr\u00eda ser que una vez m\u00e1s tuviera que pasar por algo tan tr\u00e1gico? \u00bfCu\u00e1nto puede soportar un ser humano?\u00a0<\/span><\/p>\n<p><span style=\"font-weight: 400;\">Tuve que adaptarme, una vez m\u00e1s. Las escuelas cerraron. No se pod\u00eda ir a ver a la familia ni a los amigos. Los ni\u00f1os no pod\u00edan socializar con sus amigos.\u00a0<\/span><\/p>\n<p><span style=\"font-weight: 400;\">Mi familia y yo segu\u00edamos las directrices. De adulto, empec\u00e9 a echar de menos mi vida \"normal\". Empec\u00e9 a echar de menos a mis amigos. Pensaba: \"He sido tan cuidadosa, he seguido todas las normas\". Empec\u00e9 a pensar: \"\u00bfPor qu\u00e9 no salir una sola vez?\".<\/span><\/p>\n<p><span style=\"font-weight: 400;\">Bueno, esa \u00fanica vez que sal\u00ed cambi\u00f3 mi vida para siempre.\u00a0<\/span><\/p>\n<p><span style=\"font-weight: 400;\">El 24 de marzo, di positivo en COVID-19. Mis hijos y mi prometido tambi\u00e9n. Mis hijos y mi prometido tambi\u00e9n. Mi hermano, mi hermana y mi madre tambi\u00e9n dieron positivo. Me sent\u00ed fatal porque una noche de ego\u00edsmo provoc\u00f3 que mis familiares directos dieran positivo. Pens\u00e9 que salir a comer a un restaurante y tomar unas copas con un familiar no har\u00eda ning\u00fan da\u00f1o, pero me llev\u00e9 una desagradable sorpresa. Mis hijos y mi prometido estaban bien. No ten\u00edan s\u00edntomas, pero yo era otra historia.<\/span><\/p>\n<p><span style=\"font-weight: 400;\">Estuve dos veces en urgencias y tres en la consulta de mi m\u00e9dico. En un momento dado pens\u00e9 que iba a morir. Mi temperatura era de 102,3 grados Fahrenheit. No pod\u00eda comer, beber ni moverme. Durante este tiempo, no ten\u00eda ni idea de que mi madre tambi\u00e9n estaba ingresada.\u00a0<\/span><\/p>\n<div id=\"attachment_6298\" style=\"width: 830px\" class=\"wp-caption alignnone\"><img decoding=\"async\" aria-describedby=\"caption-attachment-6298\" class=\"wp-image-6298 size-large\" src=\"https:\/\/borderlessmag.org\/wordpress\/wp-content\/uploads\/2021\/12\/Admira-Mom2-1-820x1024.jpg\" alt=\"Bosnia, inmigraci\u00f3n, pandemia, familia\" width=\"820\" height=\"1024\" \/><p id=\"caption-attachment-6298\" class=\"wp-caption-text\">Admira Duldanic con su madre, Himzija Duldanic, en una boda familiar en noviembre de 2017. Foto cortes\u00eda de Admira Duldanic<\/p><\/div>\n<p><span style=\"font-weight: 400;\">Durante los 20 d\u00edas que luch\u00e9 contra el COVID-19, todo lo que pod\u00eda pensar era: \"\u00bfMereci\u00f3 la pena salir esa \u00fanica noche? \u00bfC\u00f3mo has podido ser tan ego\u00edsta? \u00bfY si le pasa algo a alg\u00fan miembro de mi familia? La culpa es m\u00eda\".<\/span><\/p>\n<p><span style=\"font-weight: 400;\">Han pasado casi tres meses desde que di positivo y todav\u00eda no estoy al 100% de salud. He desarrollado asma y tambi\u00e9n tengo problemas de p\u00e9rdida de memoria, que es un posible efecto secundario del virus COVID-19.\u00a0<\/span><\/p>\n<p><span style=\"font-weight: 400;\">Nada es comparable a la p\u00e9rdida de mi madre. Estuvo luchando durante m\u00e1s de tres semanas y ya no pudo m\u00e1s.\u00a0<\/span><\/p>\n<p><span style=\"font-weight: 400;\">Si s\u00f3lo me hubiera quedado en casa esa noche, las circunstancias habr\u00edan sido definitivamente diferentes.\u00a0\u00a0<\/span><\/p>\n<p><span style=\"font-weight: 400;\">Bajar la guardia me ha puesto en una situaci\u00f3n en la que me cuestiono constantemente. Puede que tenga que vivir con alg\u00fan tipo de culpa el resto de mi vida.\u00a0<\/span><\/p>\n<p><span style=\"font-weight: 400;\">De ni\u00f1a, de una aldea de Bosnia a un nuevo mundo en Chicago, he aprendido mucho. Todas las pruebas y tribulaciones y la transici\u00f3n de Bosnia a Chicago me convirtieron en la mujer que soy hoy. Ahora, 26 a\u00f1os despu\u00e9s, me encanta estar aqu\u00ed. Chicago es mi hogar. Es el lugar donde conoc\u00ed al amor de mi vida y tengo dos hijos incre\u00edbles. S\u00e9 que mis padres estar\u00edan muy orgullosos de la mujer en la que me he convertido y de la vida que me he creado.\u00a0\u00a0\u00a0<\/span><\/p>\n<p>&nbsp;<\/p>\n<p><i><span style=\"font-weight: 400;\">Este reportaje se ha realizado en colaboraci\u00f3n con la clase de Community Media de la Northeastern Illinois University. Gracias a la profesora Edie Rubinowitz del Departamento de Comunicaci\u00f3n, Medios y Teatro por su ayuda en este proyecto.<\/span><\/i><\/p>\n<h4 id=\"our-work-is-made-possible-thanks-to-donations-from-people-like-you-support-high-quality-reporting-by-making-a-donation-today\" class=\"pk-content-block pk-block-bg pk-block-bg-light\" style=\"text-align: left;\"><span style=\"color: #993300;\">Nuestro trabajo es posible gracias a las donaciones de personas como usted. Apoye la informaci\u00f3n de alta calidad haciendo una donaci\u00f3n hoy mismo.\u00a0 \u00a0 \u00a0 \u00a0 \u00a0 \u00a0 \u00a0 \u00a0 \u00a0 \u00a0 \u00a0 \u00a0 \u00a0 \u00a0 \u00a0 \u00a0 \u00a0 \u00a0 \u00a0 \u00a0 \u00a0 \u00a0 \u00a0 \u00a0 \u00a0 \u00a0 \u00a0 \u00a0 \u00a0 \u00a0 \u00a0 \u00a0 \u00a0 \u00a0 \u00a0 \u00a0 \u00a0 \u00a0 \u00a0 \u00a0 \u00a0 \u00a0 \u00a0 \u00a0 \u00a0 \u00a0 \u00a0 \u00a0 \u00a0 \u00a0 \u00a0 \u00a0 \u00a0 \u00a0 \u00a0 \u00a0 \u00a0 \u00a0 \u00a0 \u00a0 \u00a0 \u00a0 \u00a0 \u00a0 \u00a0 \u00a0 \u00a0 \u00a0 \u00a0 \u00a0 \u00a0 \u00a0 \u00a0 \u00a0 \u00a0 \u00a0 \u00a0 \u00a0 \u00a0 \u00a0 \u00a0 \u00a0<\/span><a class=\"pk-button pk-button-md pk-button-primary pk-font-primary\" href=\"https:\/\/borderlessmag.org\/es\/donar\/\" target=\"_blank\" >\n\t\t\t Donar \n\t\t<\/a><\/h4>","protected":false},"excerpt":{"rendered":"<p>Una joven bosnia reflexiona sobre el viaje de su familia a Estados Unidos y su lucha personal contra el COVID-19.\u00a0<\/p>","protected":false},"author":34,"featured_media":6296,"comment_status":"closed","ping_status":"closed","sticky":false,"template":"","format":"standard","meta":{"inline_featured_image":false,"footnotes":""},"categories":[28,325],"tags":[156],"coauthors":[254],"class_list":{"0":"post-6294","1":"post","2":"type-post","3":"status-publish","4":"format-standard","5":"has-post-thumbnail","7":"category-as-told-to","8":"category-environmentandhealth","9":"tag-admira"},"yoast_head":"<!-- This site is optimized with the Yoast SEO Premium plugin v27.3 (Yoast SEO v27.3) - https:\/\/yoast.com\/product\/yoast-seo-premium-wordpress\/ -->\n<title>\u201cHow Much Can One Human Endure?\u201d &#8211; Borderless Magazine NFP<\/title>\n<meta name=\"description\" content=\"A young Bosnian woman reflects on her family\u2019s journey to the United States and her personal fight with COVID-19.\u00a0\" \/>\n<meta name=\"robots\" content=\"index, follow, max-snippet:-1, max-image-preview:large, max-video-preview:-1\" \/>\n<link rel=\"canonical\" href=\"https:\/\/borderlessmag.org\/es\/2021\/06\/23\/cuanto-puede-soportar-un-ser-humano-2\/\" \/>\n<meta property=\"og:locale\" content=\"es_MX\" \/>\n<meta property=\"og:type\" content=\"article\" \/>\n<meta property=\"og:title\" content=\"\u201cHow Much Can One Human Endure?\u201d &#8211; As Told To &#8211; Borderless Magazine NFP\" \/>\n<meta property=\"og:description\" content=\"\u201cHow Much Can One Human Endure?\u201d &#8211; As Told To &#8211; Borderless Magazine NFP\" \/>\n<meta property=\"og:url\" content=\"https:\/\/borderlessmag.org\/es\/2021\/06\/23\/cuanto-puede-soportar-un-ser-humano-2\/\" \/>\n<meta property=\"og:site_name\" content=\"Borderless Magazine NFP\" \/>\n<meta property=\"article:publisher\" content=\"https:\/\/www.facebook.com\/BorderlessMagazine\" \/>\n<meta property=\"article:published_time\" content=\"2021-06-23T16:07:43+00:00\" \/>\n<meta property=\"article:modified_time\" content=\"2025-10-08T14:55:47+00:00\" \/>\n<meta property=\"og:image\" content=\"https:\/\/borderlessmag.org\/wordpress\/wp-content\/uploads\/2021\/06\/ADMIRA-FAMILY-1_featured.jpg\" \/>\n\t<meta property=\"og:image:width\" content=\"1\" \/>\n\t<meta property=\"og:image:height\" content=\"1\" \/>\n\t<meta property=\"og:image:type\" content=\"image\/jpeg\" \/>\n<meta name=\"author\" content=\"Alexander Shur\" \/>\n<meta name=\"twitter:card\" content=\"summary_large_image\" \/>\n<meta name=\"twitter:label1\" content=\"Escrito por\" \/>\n\t<meta name=\"twitter:data1\" content=\"Dominique Torres\" \/>\n\t<meta name=\"twitter:label2\" content=\"Tiempo de lectura\" \/>\n\t<meta name=\"twitter:data2\" content=\"8 minutos\" \/>\n\t<meta name=\"twitter:label3\" content=\"Written by\" \/>\n\t<meta name=\"twitter:data3\" content=\"Alexander Shur\" \/>\n<script type=\"application\/ld+json\" class=\"yoast-schema-graph\">{\"@context\":\"https:\\\/\\\/schema.org\",\"@graph\":[{\"@type\":\"NewsArticle\",\"@id\":\"https:\\\/\\\/borderlessmag.org\\\/2021\\\/06\\\/23\\\/how-much-can-one-human-endure\\\/#article\",\"isPartOf\":{\"@id\":\"https:\\\/\\\/borderlessmag.org\\\/2021\\\/06\\\/23\\\/how-much-can-one-human-endure\\\/\"},\"author\":{\"name\":\"Dominique Torres\",\"@id\":\"https:\\\/\\\/borderlessmag.org\\\/#\\\/schema\\\/person\\\/a3788fc714f535068403b1d4af3b8f94\"},\"headline\":\"\u201cHow Much Can One Human Endure?\u201d\",\"datePublished\":\"2021-06-23T16:07:43+00:00\",\"dateModified\":\"2025-10-08T14:55:47+00:00\",\"mainEntityOfPage\":{\"@id\":\"https:\\\/\\\/borderlessmag.org\\\/2021\\\/06\\\/23\\\/how-much-can-one-human-endure\\\/\"},\"wordCount\":1537,\"publisher\":{\"@id\":\"https:\\\/\\\/borderlessmag.org\\\/#organization\"},\"image\":{\"@id\":\"https:\\\/\\\/borderlessmag.org\\\/2021\\\/06\\\/23\\\/how-much-can-one-human-endure\\\/#primaryimage\"},\"thumbnailUrl\":\"https:\\\/\\\/borderlessmag.org\\\/wordpress\\\/wp-content\\\/uploads\\\/2021\\\/06\\\/ADMIRA-FAMILY-1_featured.jpg\",\"keywords\":[\"Admira\"],\"articleSection\":[\"As Told To\",\"Environment and Health\"],\"inLanguage\":\"es\",\"copyrightYear\":\"2021\",\"copyrightHolder\":{\"@id\":\"https:\\\/\\\/borderlessmag.org\\\/es\\\/#organization\"}},{\"@type\":\"WebPage\",\"@id\":\"https:\\\/\\\/borderlessmag.org\\\/2021\\\/06\\\/23\\\/how-much-can-one-human-endure\\\/\",\"url\":\"https:\\\/\\\/borderlessmag.org\\\/2021\\\/06\\\/23\\\/how-much-can-one-human-endure\\\/\",\"name\":\"\u201cHow Much Can One Human Endure?\u201d &#8211; Borderless Magazine NFP\",\"isPartOf\":{\"@id\":\"https:\\\/\\\/borderlessmag.org\\\/#website\"},\"primaryImageOfPage\":{\"@id\":\"https:\\\/\\\/borderlessmag.org\\\/2021\\\/06\\\/23\\\/how-much-can-one-human-endure\\\/#primaryimage\"},\"image\":{\"@id\":\"https:\\\/\\\/borderlessmag.org\\\/2021\\\/06\\\/23\\\/how-much-can-one-human-endure\\\/#primaryimage\"},\"thumbnailUrl\":\"https:\\\/\\\/borderlessmag.org\\\/wordpress\\\/wp-content\\\/uploads\\\/2021\\\/06\\\/ADMIRA-FAMILY-1_featured.jpg\",\"datePublished\":\"2021-06-23T16:07:43+00:00\",\"dateModified\":\"2025-10-08T14:55:47+00:00\",\"description\":\"A young Bosnian woman reflects on her family\u2019s journey to the United States and her personal fight with COVID-19.\u00a0\",\"inLanguage\":\"es\",\"potentialAction\":[{\"@type\":\"ReadAction\",\"target\":[\"https:\\\/\\\/borderlessmag.org\\\/2021\\\/06\\\/23\\\/how-much-can-one-human-endure\\\/\"]}]},{\"@type\":\"ImageObject\",\"inLanguage\":\"es\",\"@id\":\"https:\\\/\\\/borderlessmag.org\\\/2021\\\/06\\\/23\\\/how-much-can-one-human-endure\\\/#primaryimage\",\"url\":\"https:\\\/\\\/borderlessmag.org\\\/wordpress\\\/wp-content\\\/uploads\\\/2021\\\/06\\\/ADMIRA-FAMILY-1_featured.jpg\",\"contentUrl\":\"https:\\\/\\\/borderlessmag.org\\\/wordpress\\\/wp-content\\\/uploads\\\/2021\\\/06\\\/ADMIRA-FAMILY-1_featured.jpg\",\"caption\":\"From the left, Admira Duldanic\u2019s fianc\u00e9 Efrain Torres, daughter Lejla Torres, son Efrain Torres, Jr. and herself in their home in June, 2019, in Glenview, Ill.\"},{\"@type\":\"WebSite\",\"@id\":\"https:\\\/\\\/borderlessmag.org\\\/#website\",\"url\":\"https:\\\/\\\/borderlessmag.org\\\/\",\"name\":\"Borderless Magazine NFP\",\"description\":\"Stories about immigration and immigrants\",\"publisher\":{\"@id\":\"https:\\\/\\\/borderlessmag.org\\\/#organization\"},\"alternateName\":\"Borderless\",\"potentialAction\":[{\"@type\":\"SearchAction\",\"target\":{\"@type\":\"EntryPoint\",\"urlTemplate\":\"https:\\\/\\\/borderlessmag.org\\\/?s={search_term_string}\"},\"query-input\":{\"@type\":\"PropertyValueSpecification\",\"valueRequired\":true,\"valueName\":\"search_term_string\"}}],\"inLanguage\":\"es\"},{\"@type\":\"Organization\",\"@id\":\"https:\\\/\\\/borderlessmag.org\\\/#organization\",\"name\":\"Borderless Magazine NFP\",\"alternateName\":\"Borderless Mag\",\"url\":\"https:\\\/\\\/borderlessmag.org\\\/\",\"logo\":{\"@type\":\"ImageObject\",\"inLanguage\":\"es\",\"@id\":\"https:\\\/\\\/borderlessmag.org\\\/#\\\/schema\\\/logo\\\/image\\\/\",\"url\":\"https:\\\/\\\/borderlessmag.org\\\/wordpress\\\/wp-content\\\/uploads\\\/2025\\\/08\\\/BorderlessLogo_main_square.jpg\",\"contentUrl\":\"https:\\\/\\\/borderlessmag.org\\\/wordpress\\\/wp-content\\\/uploads\\\/2025\\\/08\\\/BorderlessLogo_main_square.jpg\",\"width\":696,\"height\":696,\"caption\":\"Borderless Magazine NFP\"},\"image\":{\"@id\":\"https:\\\/\\\/borderlessmag.org\\\/#\\\/schema\\\/logo\\\/image\\\/\"},\"sameAs\":[\"https:\\\/\\\/www.facebook.com\\\/BorderlessMagazine\",\"https:\\\/\\\/www.instagram.com\\\/borderless_mag\\\/\",\"https:\\\/\\\/www.tiktok.com\\\/@borderless_mag\"]},{\"@type\":\"Person\",\"@id\":\"https:\\\/\\\/borderlessmag.org\\\/#\\\/schema\\\/person\\\/a3788fc714f535068403b1d4af3b8f94\",\"name\":\"Dominique Torres\",\"image\":{\"@type\":\"ImageObject\",\"inLanguage\":\"es\",\"@id\":\"https:\\\/\\\/secure.gravatar.com\\\/avatar\\\/7d816d5c13bb32a83e88c825ce3fbeacfd424de7012ef59f7ca59e1651b9e96d?s=96&d=mm&r=g15c26a1301283d98b510c6d2c60ad31b\",\"url\":\"https:\\\/\\\/secure.gravatar.com\\\/avatar\\\/7d816d5c13bb32a83e88c825ce3fbeacfd424de7012ef59f7ca59e1651b9e96d?s=96&d=mm&r=g\",\"contentUrl\":\"https:\\\/\\\/secure.gravatar.com\\\/avatar\\\/7d816d5c13bb32a83e88c825ce3fbeacfd424de7012ef59f7ca59e1651b9e96d?s=96&d=mm&r=g\",\"caption\":\"Dominique Torres\"},\"url\":\"https:\\\/\\\/borderlessmag.org\\\/es\\\/author\\\/dominique-torres\\\/\"}]}<\/script>\n<!-- \/ Yoast SEO Premium plugin. -->","yoast_head_json":{"title":"\"\u00bfCu\u00e1nto puede soportar un ser humano?\" - Revista Borderless NFP","description":"Una joven bosnia reflexiona sobre el viaje de su familia a Estados Unidos y su lucha personal contra el COVID-19.\u00a0","robots":{"index":"index","follow":"follow","max-snippet":"max-snippet:-1","max-image-preview":"max-image-preview:large","max-video-preview":"max-video-preview:-1"},"canonical":"https:\/\/borderlessmag.org\/es\/2021\/06\/23\/cuanto-puede-soportar-un-ser-humano-2\/","og_locale":"es_MX","og_type":"article","og_title":"\u201cHow Much Can One Human Endure?\u201d &#8211; As Told To &#8211; Borderless Magazine NFP","og_description":"\u201cHow Much Can One Human Endure?\u201d &#8211; As Told To &#8211; Borderless Magazine NFP","og_url":"https:\/\/borderlessmag.org\/es\/2021\/06\/23\/cuanto-puede-soportar-un-ser-humano-2\/","og_site_name":"Borderless Magazine NFP","article_publisher":"https:\/\/www.facebook.com\/BorderlessMagazine","article_published_time":"2021-06-23T16:07:43+00:00","article_modified_time":"2025-10-08T14:55:47+00:00","og_image":[{"url":"https:\/\/borderlessmag.org\/wordpress\/wp-content\/uploads\/2021\/06\/ADMIRA-FAMILY-1_featured.jpg","width":1,"height":1,"type":"image\/jpeg"}],"author":"Alexander Shur","twitter_card":"summary_large_image","twitter_misc":{"Escrito por":"Dominique Torres","Tiempo de lectura":"8 minutos","Written by":"Alexander Shur"},"schema":{"@context":"https:\/\/schema.org","@graph":[{"@type":"NewsArticle","@id":"https:\/\/borderlessmag.org\/2021\/06\/23\/how-much-can-one-human-endure\/#article","isPartOf":{"@id":"https:\/\/borderlessmag.org\/2021\/06\/23\/how-much-can-one-human-endure\/"},"author":{"name":"Dominique Torres","@id":"https:\/\/borderlessmag.org\/#\/schema\/person\/a3788fc714f535068403b1d4af3b8f94"},"headline":"\u201cHow Much Can One Human Endure?\u201d","datePublished":"2021-06-23T16:07:43+00:00","dateModified":"2025-10-08T14:55:47+00:00","mainEntityOfPage":{"@id":"https:\/\/borderlessmag.org\/2021\/06\/23\/how-much-can-one-human-endure\/"},"wordCount":1537,"publisher":{"@id":"https:\/\/borderlessmag.org\/#organization"},"image":{"@id":"https:\/\/borderlessmag.org\/2021\/06\/23\/how-much-can-one-human-endure\/#primaryimage"},"thumbnailUrl":"https:\/\/borderlessmag.org\/wordpress\/wp-content\/uploads\/2021\/06\/ADMIRA-FAMILY-1_featured.jpg","keywords":["Admira"],"articleSection":["As Told To","Environment and Health"],"inLanguage":"es","copyrightYear":"2021","copyrightHolder":{"@id":"https:\/\/borderlessmag.org\/es\/#organization"}},{"@type":"WebPage","@id":"https:\/\/borderlessmag.org\/2021\/06\/23\/how-much-can-one-human-endure\/","url":"https:\/\/borderlessmag.org\/2021\/06\/23\/how-much-can-one-human-endure\/","name":"\"\u00bfCu\u00e1nto puede soportar un ser humano?\" - Revista Borderless NFP","isPartOf":{"@id":"https:\/\/borderlessmag.org\/#website"},"primaryImageOfPage":{"@id":"https:\/\/borderlessmag.org\/2021\/06\/23\/how-much-can-one-human-endure\/#primaryimage"},"image":{"@id":"https:\/\/borderlessmag.org\/2021\/06\/23\/how-much-can-one-human-endure\/#primaryimage"},"thumbnailUrl":"https:\/\/borderlessmag.org\/wordpress\/wp-content\/uploads\/2021\/06\/ADMIRA-FAMILY-1_featured.jpg","datePublished":"2021-06-23T16:07:43+00:00","dateModified":"2025-10-08T14:55:47+00:00","description":"Una joven bosnia reflexiona sobre el viaje de su familia a Estados Unidos y su lucha personal contra el COVID-19.\u00a0","inLanguage":"es","potentialAction":[{"@type":"ReadAction","target":["https:\/\/borderlessmag.org\/2021\/06\/23\/how-much-can-one-human-endure\/"]}]},{"@type":"ImageObject","inLanguage":"es","@id":"https:\/\/borderlessmag.org\/2021\/06\/23\/how-much-can-one-human-endure\/#primaryimage","url":"https:\/\/borderlessmag.org\/wordpress\/wp-content\/uploads\/2021\/06\/ADMIRA-FAMILY-1_featured.jpg","contentUrl":"https:\/\/borderlessmag.org\/wordpress\/wp-content\/uploads\/2021\/06\/ADMIRA-FAMILY-1_featured.jpg","caption":"From the left, Admira Duldanic\u2019s fianc\u00e9 Efrain Torres, daughter Lejla Torres, son Efrain Torres, Jr. and herself in their home in June, 2019, in Glenview, Ill."},{"@type":"WebSite","@id":"https:\/\/borderlessmag.org\/#website","url":"https:\/\/borderlessmag.org\/","name":"Revista Borderless NFP","description":"Historias sobre inmigraci\u00f3n e inmigrantes","publisher":{"@id":"https:\/\/borderlessmag.org\/#organization"},"alternateName":"Borderless","potentialAction":[{"@type":"SearchAction","target":{"@type":"EntryPoint","urlTemplate":"https:\/\/borderlessmag.org\/?s={search_term_string}"},"query-input":{"@type":"PropertyValueSpecification","valueRequired":true,"valueName":"search_term_string"}}],"inLanguage":"es"},{"@type":"Organization","@id":"https:\/\/borderlessmag.org\/#organization","name":"Revista Borderless NFP","alternateName":"Borderless Mag","url":"https:\/\/borderlessmag.org\/","logo":{"@type":"ImageObject","inLanguage":"es","@id":"https:\/\/borderlessmag.org\/#\/schema\/logo\/image\/","url":"https:\/\/borderlessmag.org\/wordpress\/wp-content\/uploads\/2025\/08\/BorderlessLogo_main_square.jpg","contentUrl":"https:\/\/borderlessmag.org\/wordpress\/wp-content\/uploads\/2025\/08\/BorderlessLogo_main_square.jpg","width":696,"height":696,"caption":"Borderless Magazine NFP"},"image":{"@id":"https:\/\/borderlessmag.org\/#\/schema\/logo\/image\/"},"sameAs":["https:\/\/www.facebook.com\/BorderlessMagazine","https:\/\/www.instagram.com\/borderless_mag\/","https:\/\/www.tiktok.com\/@borderless_mag"]},{"@type":"Person","@id":"https:\/\/borderlessmag.org\/#\/schema\/person\/a3788fc714f535068403b1d4af3b8f94","name":"Dominique Torres","image":{"@type":"ImageObject","inLanguage":"es","@id":"https:\/\/secure.gravatar.com\/avatar\/7d816d5c13bb32a83e88c825ce3fbeacfd424de7012ef59f7ca59e1651b9e96d?s=96&d=mm&r=g15c26a1301283d98b510c6d2c60ad31b","url":"https:\/\/secure.gravatar.com\/avatar\/7d816d5c13bb32a83e88c825ce3fbeacfd424de7012ef59f7ca59e1651b9e96d?s=96&d=mm&r=g","contentUrl":"https:\/\/secure.gravatar.com\/avatar\/7d816d5c13bb32a83e88c825ce3fbeacfd424de7012ef59f7ca59e1651b9e96d?s=96&d=mm&r=g","caption":"Dominique Torres"},"url":"https:\/\/borderlessmag.org\/es\/author\/dominique-torres\/"}]}},"cc_featured_image_caption":{"caption_text":"From the left, Admira Duldanic\u2019s fianc\u00e9 Efrain Torres, daughter Lejla Torres, son Efrain Torres, Jr. and herself in their home in June, 2019, in Glenview, Ill.","source_text":"","source_url":""},"_links":{"self":[{"href":"https:\/\/borderlessmag.org\/es\/wp-json\/wp\/v2\/posts\/6294","targetHints":{"allow":["GET"]}}],"collection":[{"href":"https:\/\/borderlessmag.org\/es\/wp-json\/wp\/v2\/posts"}],"about":[{"href":"https:\/\/borderlessmag.org\/es\/wp-json\/wp\/v2\/types\/post"}],"author":[{"embeddable":true,"href":"https:\/\/borderlessmag.org\/es\/wp-json\/wp\/v2\/users\/34"}],"replies":[{"embeddable":true,"href":"https:\/\/borderlessmag.org\/es\/wp-json\/wp\/v2\/comments?post=6294"}],"version-history":[{"count":1,"href":"https:\/\/borderlessmag.org\/es\/wp-json\/wp\/v2\/posts\/6294\/revisions"}],"predecessor-version":[{"id":29758,"href":"https:\/\/borderlessmag.org\/es\/wp-json\/wp\/v2\/posts\/6294\/revisions\/29758"}],"wp:featuredmedia":[{"embeddable":true,"href":"https:\/\/borderlessmag.org\/es\/wp-json\/wp\/v2\/media\/6296"}],"wp:attachment":[{"href":"https:\/\/borderlessmag.org\/es\/wp-json\/wp\/v2\/media?parent=6294"}],"wp:term":[{"taxonomy":"category","embeddable":true,"href":"https:\/\/borderlessmag.org\/es\/wp-json\/wp\/v2\/categories?post=6294"},{"taxonomy":"post_tag","embeddable":true,"href":"https:\/\/borderlessmag.org\/es\/wp-json\/wp\/v2\/tags?post=6294"},{"taxonomy":"author","embeddable":true,"href":"https:\/\/borderlessmag.org\/es\/wp-json\/wp\/v2\/coauthors?post=6294"}],"curies":[{"name":"wp","href":"https:\/\/api.w.org\/{rel}","templated":true}]}}