{"id":5640,"date":"2021-04-21T10:47:00","date_gmt":"2021-04-21T16:47:00","guid":{"rendered":"https:\/\/borderlessmag.org\/?p=5640"},"modified":"2022-01-21T09:59:49","modified_gmt":"2022-01-21T15:59:49","slug":"llevar-la-lucha-por-los-derechos-de-los-inmigrantes-indocumentados-a-michigan","status":"publish","type":"post","link":"https:\/\/borderlessmag.org\/es\/2021\/04\/21\/bringing-the-fight-for-undocumented-immigrant-rights-to-michigan\/","title":{"rendered":"Llevar la lucha por los derechos de los inmigrantes indocumentados a Michigan"},"content":{"rendered":"<p><span style=\"font-weight: 400;\">Gema Lowe is an undocumented Mexican immigrant, mother and former factory worker. She is also a co-founder of the Michigan chapter of <\/span><a href=\"https:\/\/www.lahuelga.com\/\"><span style=\"font-weight: 400;\">Movimiento Cosecha<\/span><\/a><span style=\"font-weight: 400;\">, a national, non-hierarchical, immigrant-run movement that advocates for the permanent protection of all undocumented workers. Through non-violent, non-cooperative and non-partisan means, Cosecha organizes workers, activists and artists to demonstrate that immigrant labor is essential to this country.<\/span><\/p>\n<p><strong><span style=\"color: #800000;\"><a style=\"color: #800000;\" href=\"https:\/\/borderlessmag.org\/?p=5650&amp;preview=true\">Leer en espa\u00f1ol<\/a><\/span><\/strong><\/p>\n<p><span style=\"font-weight: 400;\">Lowe talked to Borderless Magazine about losing her lawful immigration status and what inspired her to become an organizer for immigrants like her.<\/span><\/p>\n<hr \/>\n<p><span style=\"font-weight: 400;\">My resolve to be an organizer is partly personal. I&#8217;ve seen the system play out for workers like me. I\u2019ve seen that once you&#8217;re injured and you&#8217;re not performing, the system looks for excuses to get rid of you, especially undocumented immigrants like myself.<\/span><\/p>\n<p><span style=\"font-weight: 400;\">I was born in Guanajuato, Mexico, and I lived there until I was 19. As I was finishing up high school, my dad died. He was the breadwinner for our family, and when he died it was just too difficult for me to continue my education. But I had uncles in the United States who offered to bring me over, just for a little bit, to learn English. I guess it&#8217;s the story of every immigrant: You don&#8217;t think that you&#8217;ll stay for as long as you do. I\u2019m 49, and I&#8217;ve been here for 30 years.<\/span><\/p>\n<div id=\"attachment_5642\" style=\"width: 664px\" class=\"wp-caption alignnone\"><img decoding=\"async\" aria-describedby=\"caption-attachment-5642\" class=\"wp-image-5642 size-full\" src=\"https:\/\/borderlessmag.org\/wordpress\/wp-content\/uploads\/2021\/12\/Gema-growing-up-in-Mexico-2.jpg\" alt=\"women, woman, immigration, rights, labor, immigrant, Michigan, Cosecha, worker, undocumented\" width=\"654\" height=\"684\" \/><p id=\"caption-attachment-5642\" class=\"wp-caption-text\">Gema Lowe holds up her kindergarten certificate of completion in Magdalena de Kino, Sonora, M\u00e9xico in June 1978. Photo courtesy of Gema Lowe<\/p><\/div>\n<p><span style=\"font-weight: 400;\">When I came to the United States, it was a culture shock. I was legally documented at one point, through marriage, but everything changed in 1996 with the Illegal Immigration Reform and Immigrant Responsibility Act. At first, I had lawful conditional status through my marriage. But right when I would have been eligible for permanent status, the laws changed, and the time frame in which I could legally petition for permanent status was shortened from four years to three. Because of that change, I had already missed the cutoff time by a year. Immigration lawyers told me there was nothing I could do to regain my status<\/span><i><span style=\"font-weight: 400;\">.<\/span><\/i><\/p>\n<p><span style=\"font-weight: 400;\">Losing my status didn\u2019t initially feel that different. My oldest daughter was born in 1996, so I was more focused on being a mom. I had this brand new human being with me, and I threw myself into my family and my work, like any other person would.\u00a0<\/span><\/p>\n<p><span style=\"font-weight: 400;\">But I would learn that being an undocumented worker has its complications. In 2011, I injured my knees at the factory where I worked. In Grand Rapids, I\u2019d held different factory jobs, mostly administrative and manufacturing, but with my injury I had to stop working in factories. I lost my job, my health and eventually my house. I faced a lot of struggles trying to get proper medical care, and, being undocumented, I wasn\u2019t able to claim disability insurance. I was only in my 30s, and surgeons said I was too young for knee replacements. I wound up being on crutches and in a wheelchair for two years, unable to walk.<\/span><\/p>\n<div id=\"attachment_5643\" style=\"width: 926px\" class=\"wp-caption alignnone\"><img decoding=\"async\" aria-describedby=\"caption-attachment-5643\" class=\"wp-image-5643 size-large\" src=\"https:\/\/borderlessmag.org\/wordpress\/wp-content\/uploads\/2021\/12\/Gema-in-wheelchair-for-healing-knee-operation-2-916x1024.jpg\" alt=\"women, woman, immigration, rights, labor, immigrant, Michigan, Cosecha, worker, undocumented\" width=\"916\" height=\"1024\" \/><p id=\"caption-attachment-5643\" class=\"wp-caption-text\">Gema Lowe, center, and, from left, Patricia Villarreal-Dunn, Gaby Pacheco and Methodist pastor Jorge Rodriguez, travel to Washington, D.C. to advocate for the immigration reform bill that passed in the Senate that year, on April 22, 2013. Photo courtesy of Gema Lowe<\/p><\/div>\n<p><span style=\"font-weight: 400;\">I needed help and I wasn\u2019t getting it. I had to advocate for myself. Before this, I was focused on my little bubble: my house, my kids, my job. I was not very aware of my community. But when my health dramatically changed, so did my perspective. As I healed my knees, I began working with a worker center in Grand Rapids. There, I helped other workers navigate injuries like my own, as well as wage theft and unsafe work conditions.\u00a0<\/span><\/p>\n<p><span style=\"font-weight: 400;\">I first heard of Movimiento Cosecha in 2017 through the executive director of the worker center, who learned that Cosecha was planning a national gathering in Boston. She invited me to come along. That trip changed everything for me. I remember, like, 400 people gathered in one room at this university. I think I was the only one with gray hair. We went to Old Navy and danced inside and shut down the store. It was very, very cool. I immediately felt that Cosecha was what our movement needed.\u00a0<\/span><\/p>\n\t\t<div class=\"pk-inline-posts\">\n\t\t\t\t\t\t\t<h5 class=\"pk-inline-posts-title pk-title pk-font-block\">\n\t\t\t\t\tRead more\t\t\t\t<\/h5>\n\t\t\t\n\t\t\t<div class=\"pk-inline-posts-container pk-inline-posts-template-list\"\n\t\t\t\tdata-columns=\"1\">\n\t\t\t\t\t\t<article id=\"post-3982\" class=\"post-3982 post type-post status-publish format-standard has-post-thumbnail category-as-told-to category-environmentandhealth tag-cleaner\">\n\t\t\t<div class=\"pk-post-outer\">\n\n\t\t\t\t\t\t\t\t<div class=\"pk-post-inner\">\n\t\t\t\t\t<div class=\"entry-thumbnail\">\n\t\t\t\t\t\t<div class=\"pk-overlay pk-overlay-ratio pk-ratio-landscape\">\n\t\t\t\t\t\t\t<div class=\"pk-overlay-background\">\n\t\t\t\t\t\t\t\t<a href=\"https:\/\/borderlessmag.org\/es\/2020\/11\/11\/hazardous-conditions-low-wages-and-a-pandemic-one-undocumented-cleaners-story\/\" class=\"pk-overlay-link\">\n\t\t\t\t\t\t\t\t\t<img decoding=\"async\" width=\"1\" height=\"1\" src=\"https:\/\/borderlessmag.org\/wordpress\/wp-content\/uploads\/2020\/11\/2020_10_04_BL_SALUD-CROP_SCF_04_featured.jpg\" class=\"attachment-pk-thumbnail size-pk-thumbnail wp-post-image\" alt=\"\" \/>\t\t\t\t\t\t\t\t<\/a>\n\t\t\t\t\t\t\t<\/div>\n\t\t\t\t\t\t<\/div>\n\t\t\t\t\t<\/div>\n\t\t\t\t<\/div>\n\t\t\t\t\n\t\t\t\t<div class=\"pk-post-inner\">\n\t\t\t\t\t<header>\n\t\t\t\t\t\t<h3 class=\"pk-title\"><a href=\"https:\/\/borderlessmag.org\/es\/2020\/11\/11\/hazardous-conditions-low-wages-and-a-pandemic-one-undocumented-cleaners-story\/\" rel=\"bookmark\">Hazardous Conditions, Low Wages and a Pandemic: One Undocumented Cleaner\u2019s Story<\/a><\/h3>\t\t\t\t\t\t\t<div class=\"pk-post-meta\">\n\t\t\t\t\t\t\t\t<span class=\"pk-meta-author meta-author\"><span class=\"author vcard\"><a class=\"url fn n\" href=\"https:\/\/borderlessmag.org\/es\/author\/sebastian-gonzalez-de-leon\/\" title=\"View all posts by Sebasti\u00e1n Gonz\u00e1lez de Le\u00f3n\">Sebasti\u00e1n Gonz\u00e1lez de Le\u00f3n<\/a><\/span><\/span>\t\t\t\t\t\t\t\t<span class=\"sep\">\u00b7<\/span>\n\t\t\t\t\t\t\t\t<span class=\"pk-meta-date meta-date\"><a href=\"https:\/\/borderlessmag.org\/es\/2020\/11\/11\/hazardous-conditions-low-wages-and-a-pandemic-one-undocumented-cleaners-story\/\" rel=\"bookmark\">noviembre 11, 2020<\/a><\/span>\t\t\t\t\t\t\t<\/div>\n\t\t\t\t\t\t\t\t\t\t\t\t<\/header><!-- .entry-header -->\n\t\t\t\t<\/div><!-- .post-inner -->\n\n\t\t\t<\/div><!-- .post-outer -->\n\t\t<\/article>\n\t\t\t\t<\/div>\n\t\t<\/div>\n\t\t\n<p><span style=\"font-weight: 400;\">In <\/span><span style=\"font-weight: 400;\">February of 2017<\/span><span style=\"font-weight: 400;\">, the ground was fertile to plant Cosecha in Michigan. Trump was being his \u201cbad <\/span><i><span style=\"font-weight: 400;\">hombre<\/span><\/i><span style=\"font-weight: 400;\">\u201d self more and more each day, and the people were ready to do something about it. Our first march for Cosecha Michigan brought out 2,000 people in Grand Rapids. For a regular march, if 500 people showed up, that was big. I usually have to drag my daughters to events. But this time, they were the ones who brought their own signs that said \u201cI\u2019m a proud daughter of an immigrant.\u201d<\/span><\/p>\n<div id=\"attachment_5645\" style=\"width: 958px\" class=\"wp-caption alignnone\"><img decoding=\"async\" aria-describedby=\"caption-attachment-5645\" class=\"wp-image-5645 size-full\" src=\"https:\/\/borderlessmag.org\/wordpress\/wp-content\/uploads\/2021\/12\/Gemas-profile-pic-9-my-daughters-Feb-2017.jpg\" alt=\"women, woman, immigration, rights, labor, immigrant, Michigan, Cosecha, worker, undocumented\" width=\"948\" height=\"632\" \/><p id=\"caption-attachment-5645\" class=\"wp-caption-text\">Gema Lowe\u2019s daughters, Jazpe Cano-Quintero and Jade Lowe, during the &#8220;Un dia sin inmigrantes&#8221; (A day without immigrants) march organized by Cosecha Michigan on Feb. 16, 2017 in Grand Rapids, Mich. Photo by Roli Mancera courtesy of Gema Lowe<\/p><\/div>\n<p><span style=\"font-weight: 400;\">In my years prior to Cosecha, everything was a slow process. We had case-by-case victories. If a worker wasn&#8217;t paid their wage, we&#8217;d fight together to get the wage back. If a worker was working in poor conditions, we&#8217;d fight to change the conditions. But that was the extent of it. It wasn&#8217;t <\/span><i><span style=\"font-weight: 400;\">social<\/span><\/i><span style=\"font-weight: 400;\"> change. Cosecha has taught me all about people power \u2014 the power of taking our liberation into our own hands. And that&#8217;s what we need now.<\/span><\/p>\n<p><span style=\"font-weight: 400;\">In Grand Rapids in 2019, we ended local law enforcement contracts with ICE, as well as ICE holds. These practices were established in Kent County in 2012 during the Obama administration: ICE formed contracts all over the country with local governments to increase deportations of undocumented people who were often stopped for petty charges and held in detention centers.\u00a0<\/span><\/p>\n<p><span style=\"font-weight: 400;\">But in 2019, Cosecha Michigan saw two opportunities to end these practices. On a national scale, we started seeing kids in cages, which made ICE look so bad in the public eye. Locally, there was the story of U.S. Marine veteran [and U.S. citizen] Jilmar Ramos-Gomez who suffered from PTSD and trespassed on a hospital helipad. He was arrested by police, who contacted ICE, who took him to a detention center where he almost <\/span><a href=\"https:\/\/www.npr.org\/2019\/01\/17\/686188335\/ice-tried-to-deport-this-u-s-citizen-and-marine-veteran%E2%80%9D\"><span style=\"font-weight: 400;\">faced deportation<\/span><\/a><span style=\"font-weight: 400;\">. That story made the news and emphasized that this system is so messed up and that we need to end ICE holds and contracts.<\/span><\/p>\n<div id=\"attachment_5646\" style=\"width: 1034px\" class=\"wp-caption alignnone\"><img decoding=\"async\" aria-describedby=\"caption-attachment-5646\" class=\"wp-image-5646 size-large\" src=\"https:\/\/borderlessmag.org\/wordpress\/wp-content\/uploads\/2021\/12\/Gemas-profile-pic-18-1024x1024.jpg\" alt=\"women, woman, immigration, rights, labor, immigrant, Michigan, Cosecha, worker\" width=\"1024\" height=\"1024\" \/><p id=\"caption-attachment-5646\" class=\"wp-caption-text\">Gema Lowe in January 2015. Photo by Roli Mancera courtesy of Gema Lowe<\/p><\/div>\n<p><span style=\"font-weight: 400;\">And when we ended the city\u2019s relationship with ICE, it had an immediate impact. Immigration lawyers called us to say that their clients got out because of what we did. We literally snatched our community back from ICE, and the undocumented community did it by organizing together.\u00a0<\/span><\/p>\n<p><span style=\"font-weight: 400;\">As an undocumented person, I don&#8217;t fear deportation.<\/span><span style=\"font-weight: 400;\"> I think that if it ever happens, I will have a whole community, and together we will fight to defeat this unjust immigration system. <\/span><span style=\"font-weight: 400;\">I haven\u2019t been back to Guanajuato since I lost my status over 20 years ago, and while I do have relatives in Mexico, I feel more Michigander than Mexican.<\/span><\/p>\n<p><span style=\"font-weight: 400;\">Of course I am very proud of my heritage and my ancestry, but I was also raised by this country. My mother lives here with us now. My oldest daughter graduated from college. Even with two kids of her own, she pulled through and graduated, and I&#8217;m very proud. My youngest is a freshman<\/span><span style=\"font-weight: 400;\"> in high school<\/span><span style=\"font-weight: 400;\">, and she\u2019s very good in school. I have two grandbabies here. All my roots are here now, so I don&#8217;t fear.<\/span><\/p>\n<h4 id=\"our-work-is-made-possible-thanks-to-donations-from-people-like-you-support-high-quality-reporting-by-making-a-tax-deductible-donation-today\" class=\"pk-content-block pk-block-bg pk-block-bg-light\" style=\"text-align: left;\"><span style=\"color: #993300;\">Our work is made possible thanks to donations from people like you. Support high-quality reporting by making a tax-deductible donation today. \u00a0 \u00a0 \u00a0 \u00a0 \u00a0 \u00a0 \u00a0 \u00a0 \u00a0 \u00a0 \u00a0 \u00a0 \u00a0 \u00a0 \u00a0 \u00a0 \u00a0 \u00a0 \u00a0 \u00a0 \u00a0 \u00a0 \u00a0 \u00a0 \u00a0 \u00a0 \u00a0 \u00a0 \u00a0 \u00a0 \u00a0 \u00a0 \u00a0 \u00a0 \u00a0 \u00a0 \u00a0 \u00a0 \u00a0 \u00a0 \u00a0 \u00a0 \u00a0 \u00a0 \u00a0 \u00a0 \u00a0 \u00a0 \u00a0 \u00a0 \u00a0 \u00a0 \u00a0 \u00a0 \u00a0 \u00a0 \u00a0 \u00a0 \u00a0 \u00a0 \u00a0 \u00a0 \u00a0 \u00a0 \u00a0\u00a0<\/span><a class=\"pk-button pk-button-md pk-button-primary pk-font-primary\" href=\"https:\/\/borderlessmag.org\/donate\/\" target=\"_blank\" >\n\t\t\t Donate \n\t\t<\/a><\/h4>\n","protected":false},"excerpt":{"rendered":"<p>Gema Lowe, que emigr\u00f3 de M\u00e9xico a Estados Unidos hace 30 a\u00f1os, describe su trayectoria como defensora de los inmigrantes indocumentados en Grand Rapids.<\/p>","protected":false},"author":36,"featured_media":5644,"comment_status":"closed","ping_status":"closed","sticky":false,"template":"","format":"standard","meta":{"inline_featured_image":false,"footnotes":""},"categories":[28,136,152],"tags":[135],"coauthors":[256],"class_list":{"0":"post-5640","1":"post","2":"type-post","3":"status-publish","4":"format-standard","5":"has-post-thumbnail","7":"category-as-told-to","8":"category-labor","9":"category-organizing","10":"tag-cosecha"},"yoast_head":"<!-- This site is optimized with the Yoast SEO Premium plugin v27.3 (Yoast SEO v27.3) - https:\/\/yoast.com\/product\/yoast-seo-premium-wordpress\/ -->\n<title>Bringing the Fight for Undocumented Immigrant Rights to Michigan &#8211; Borderless Magazine NFP<\/title>\n<meta name=\"description\" content=\"Gema Lowe, who migrated from Mexico to America 30 years ago, describes her journey as an advocate for undocumented immigrant in Grand Rapids.\" \/>\n<meta name=\"robots\" content=\"index, follow, max-snippet:-1, max-image-preview:large, max-video-preview:-1\" \/>\n<link rel=\"canonical\" href=\"https:\/\/borderlessmag.org\/es\/2021\/04\/21\/llevar-la-lucha-por-los-derechos-de-los-inmigrantes-indocumentados-a-michigan\/\" \/>\n<meta property=\"og:locale\" content=\"es_MX\" \/>\n<meta property=\"og:type\" content=\"article\" \/>\n<meta property=\"og:title\" content=\"Bringing the Fight for Undocumented Immigrant Rights to Michigan &#8211; As Told To &#8211; Borderless Magazine NFP\" \/>\n<meta property=\"og:description\" content=\"Bringing the Fight for Undocumented Immigrant Rights to Michigan &#8211; As Told To &#8211; Borderless Magazine NFP\" \/>\n<meta property=\"og:url\" content=\"https:\/\/borderlessmag.org\/es\/2021\/04\/21\/llevar-la-lucha-por-los-derechos-de-los-inmigrantes-indocumentados-a-michigan\/\" \/>\n<meta property=\"og:site_name\" content=\"Borderless Magazine NFP\" \/>\n<meta property=\"article:publisher\" content=\"https:\/\/www.facebook.com\/BorderlessMagazine\" \/>\n<meta property=\"article:published_time\" content=\"2021-04-21T16:47:00+00:00\" \/>\n<meta property=\"article:modified_time\" content=\"2022-01-21T15:59:49+00:00\" \/>\n<meta property=\"og:image\" content=\"https:\/\/borderlessmag.org\/wordpress\/wp-content\/uploads\/2021\/04\/Gemas-profile-pic-4-in-Lansing-MI_featured.png\" \/>\n\t<meta property=\"og:image:width\" content=\"1500\" \/>\n\t<meta property=\"og:image:height\" content=\"775\" \/>\n\t<meta property=\"og:image:type\" content=\"image\/png\" \/>\n<meta name=\"author\" content=\"Sebasti\u00e1n Gonz\u00e1lez de Le\u00f3n\" \/>\n<meta name=\"twitter:card\" content=\"summary_large_image\" \/>\n<meta name=\"twitter:label1\" content=\"Escrito por\" \/>\n\t<meta name=\"twitter:data1\" content=\"Emma Glassman-Hughes\" \/>\n\t<meta name=\"twitter:label2\" content=\"Tiempo de lectura\" \/>\n\t<meta name=\"twitter:data2\" content=\"7 minutos\" \/>\n\t<meta name=\"twitter:label3\" content=\"Written by\" \/>\n\t<meta name=\"twitter:data3\" content=\"Sebasti\u00e1n Gonz\u00e1lez de Le\u00f3n\" \/>\n<script type=\"application\/ld+json\" class=\"yoast-schema-graph\">{\"@context\":\"https:\\\/\\\/schema.org\",\"@graph\":[{\"@type\":\"NewsArticle\",\"@id\":\"https:\\\/\\\/borderlessmag.org\\\/2021\\\/04\\\/21\\\/bringing-the-fight-for-undocumented-immigrant-rights-to-michigan\\\/#article\",\"isPartOf\":{\"@id\":\"https:\\\/\\\/borderlessmag.org\\\/2021\\\/04\\\/21\\\/bringing-the-fight-for-undocumented-immigrant-rights-to-michigan\\\/\"},\"author\":{\"name\":\"Emma Glassman-Hughes\",\"@id\":\"https:\\\/\\\/borderlessmag.org\\\/#\\\/schema\\\/person\\\/d436585316f5b8b20a96daf13fdd59e0\"},\"headline\":\"Bringing the Fight for Undocumented Immigrant Rights to Michigan\",\"datePublished\":\"2021-04-21T16:47:00+00:00\",\"dateModified\":\"2022-01-21T15:59:49+00:00\",\"mainEntityOfPage\":{\"@id\":\"https:\\\/\\\/borderlessmag.org\\\/2021\\\/04\\\/21\\\/bringing-the-fight-for-undocumented-immigrant-rights-to-michigan\\\/\"},\"wordCount\":1405,\"publisher\":{\"@id\":\"https:\\\/\\\/borderlessmag.org\\\/#organization\"},\"image\":{\"@id\":\"https:\\\/\\\/borderlessmag.org\\\/2021\\\/04\\\/21\\\/bringing-the-fight-for-undocumented-immigrant-rights-to-michigan\\\/#primaryimage\"},\"thumbnailUrl\":\"https:\\\/\\\/borderlessmag.org\\\/wordpress\\\/wp-content\\\/uploads\\\/2021\\\/04\\\/Gemas-profile-pic-4-in-Lansing-MI_featured.png\",\"keywords\":[\"cosecha\"],\"articleSection\":[\"As Told To\",\"Labor and Economics\",\"Organizing\"],\"inLanguage\":\"es\",\"copyrightYear\":\"2020\",\"copyrightHolder\":{\"@id\":\"https:\\\/\\\/borderlessmag.org\\\/es\\\/#organization\"}},{\"@type\":\"WebPage\",\"@id\":\"https:\\\/\\\/borderlessmag.org\\\/2021\\\/04\\\/21\\\/bringing-the-fight-for-undocumented-immigrant-rights-to-michigan\\\/\",\"url\":\"https:\\\/\\\/borderlessmag.org\\\/2021\\\/04\\\/21\\\/bringing-the-fight-for-undocumented-immigrant-rights-to-michigan\\\/\",\"name\":\"Bringing the Fight for Undocumented Immigrant Rights to Michigan &#8211; Borderless Magazine NFP\",\"isPartOf\":{\"@id\":\"https:\\\/\\\/borderlessmag.org\\\/#website\"},\"primaryImageOfPage\":{\"@id\":\"https:\\\/\\\/borderlessmag.org\\\/2021\\\/04\\\/21\\\/bringing-the-fight-for-undocumented-immigrant-rights-to-michigan\\\/#primaryimage\"},\"image\":{\"@id\":\"https:\\\/\\\/borderlessmag.org\\\/2021\\\/04\\\/21\\\/bringing-the-fight-for-undocumented-immigrant-rights-to-michigan\\\/#primaryimage\"},\"thumbnailUrl\":\"https:\\\/\\\/borderlessmag.org\\\/wordpress\\\/wp-content\\\/uploads\\\/2021\\\/04\\\/Gemas-profile-pic-4-in-Lansing-MI_featured.png\",\"datePublished\":\"2021-04-21T16:47:00+00:00\",\"dateModified\":\"2022-01-21T15:59:49+00:00\",\"description\":\"Gema Lowe, who migrated from Mexico to America 30 years ago, describes her journey as an advocate for undocumented immigrant in Grand Rapids.\",\"inLanguage\":\"es\",\"potentialAction\":[{\"@type\":\"ReadAction\",\"target\":[\"https:\\\/\\\/borderlessmag.org\\\/2021\\\/04\\\/21\\\/bringing-the-fight-for-undocumented-immigrant-rights-to-michigan\\\/\"]}]},{\"@type\":\"ImageObject\",\"inLanguage\":\"es\",\"@id\":\"https:\\\/\\\/borderlessmag.org\\\/2021\\\/04\\\/21\\\/bringing-the-fight-for-undocumented-immigrant-rights-to-michigan\\\/#primaryimage\",\"url\":\"https:\\\/\\\/borderlessmag.org\\\/wordpress\\\/wp-content\\\/uploads\\\/2021\\\/04\\\/Gemas-profile-pic-4-in-Lansing-MI_featured.png\",\"contentUrl\":\"https:\\\/\\\/borderlessmag.org\\\/wordpress\\\/wp-content\\\/uploads\\\/2021\\\/04\\\/Gemas-profile-pic-4-in-Lansing-MI_featured.png\",\"caption\":\"women, woman, immigration, rights, labor, immigrant, Michigan, Cosecha, worker, undocumented\"},{\"@type\":\"WebSite\",\"@id\":\"https:\\\/\\\/borderlessmag.org\\\/#website\",\"url\":\"https:\\\/\\\/borderlessmag.org\\\/\",\"name\":\"Borderless Magazine NFP\",\"description\":\"Stories about immigration and immigrants\",\"publisher\":{\"@id\":\"https:\\\/\\\/borderlessmag.org\\\/#organization\"},\"alternateName\":\"Borderless\",\"potentialAction\":[{\"@type\":\"SearchAction\",\"target\":{\"@type\":\"EntryPoint\",\"urlTemplate\":\"https:\\\/\\\/borderlessmag.org\\\/?s={search_term_string}\"},\"query-input\":{\"@type\":\"PropertyValueSpecification\",\"valueRequired\":true,\"valueName\":\"search_term_string\"}}],\"inLanguage\":\"es\"},{\"@type\":\"Organization\",\"@id\":\"https:\\\/\\\/borderlessmag.org\\\/#organization\",\"name\":\"Borderless Magazine NFP\",\"alternateName\":\"Borderless Mag\",\"url\":\"https:\\\/\\\/borderlessmag.org\\\/\",\"logo\":{\"@type\":\"ImageObject\",\"inLanguage\":\"es\",\"@id\":\"https:\\\/\\\/borderlessmag.org\\\/#\\\/schema\\\/logo\\\/image\\\/\",\"url\":\"https:\\\/\\\/borderlessmag.org\\\/wordpress\\\/wp-content\\\/uploads\\\/2025\\\/08\\\/BorderlessLogo_main_square.jpg\",\"contentUrl\":\"https:\\\/\\\/borderlessmag.org\\\/wordpress\\\/wp-content\\\/uploads\\\/2025\\\/08\\\/BorderlessLogo_main_square.jpg\",\"width\":696,\"height\":696,\"caption\":\"Borderless Magazine NFP\"},\"image\":{\"@id\":\"https:\\\/\\\/borderlessmag.org\\\/#\\\/schema\\\/logo\\\/image\\\/\"},\"sameAs\":[\"https:\\\/\\\/www.facebook.com\\\/BorderlessMagazine\",\"https:\\\/\\\/www.instagram.com\\\/borderless_mag\\\/\",\"https:\\\/\\\/www.tiktok.com\\\/@borderless_mag\"]},{\"@type\":\"Person\",\"@id\":\"https:\\\/\\\/borderlessmag.org\\\/#\\\/schema\\\/person\\\/d436585316f5b8b20a96daf13fdd59e0\",\"name\":\"Emma Glassman-Hughes\",\"image\":{\"@type\":\"ImageObject\",\"inLanguage\":\"es\",\"@id\":\"https:\\\/\\\/secure.gravatar.com\\\/avatar\\\/957d44f94960156bcb963ffddbaa90f72f0360a0eb0f3ea7a1f8171e35d21adf?s=96&d=mm&r=gc64b40b14b2f48f6e078e5de2b5fd461\",\"url\":\"https:\\\/\\\/secure.gravatar.com\\\/avatar\\\/957d44f94960156bcb963ffddbaa90f72f0360a0eb0f3ea7a1f8171e35d21adf?s=96&d=mm&r=g\",\"contentUrl\":\"https:\\\/\\\/secure.gravatar.com\\\/avatar\\\/957d44f94960156bcb963ffddbaa90f72f0360a0eb0f3ea7a1f8171e35d21adf?s=96&d=mm&r=g\",\"caption\":\"Emma Glassman-Hughes\"},\"url\":\"https:\\\/\\\/borderlessmag.org\\\/es\\\/author\\\/emma-glassman-hughes\\\/\"}]}<\/script>\n<!-- \/ Yoast SEO Premium plugin. -->","yoast_head_json":{"title":"Llevar la lucha por los derechos de los inmigrantes indocumentados a Michigan - Borderless Magazine NFP","description":"Gema Lowe, que emigr\u00f3 de M\u00e9xico a Estados Unidos hace 30 a\u00f1os, describe su trayectoria como defensora de los inmigrantes indocumentados en Grand Rapids.","robots":{"index":"index","follow":"follow","max-snippet":"max-snippet:-1","max-image-preview":"max-image-preview:large","max-video-preview":"max-video-preview:-1"},"canonical":"https:\/\/borderlessmag.org\/es\/2021\/04\/21\/llevar-la-lucha-por-los-derechos-de-los-inmigrantes-indocumentados-a-michigan\/","og_locale":"es_MX","og_type":"article","og_title":"Bringing the Fight for Undocumented Immigrant Rights to Michigan &#8211; As Told To &#8211; Borderless Magazine NFP","og_description":"Bringing the Fight for Undocumented Immigrant Rights to Michigan &#8211; As Told To &#8211; Borderless Magazine NFP","og_url":"https:\/\/borderlessmag.org\/es\/2021\/04\/21\/llevar-la-lucha-por-los-derechos-de-los-inmigrantes-indocumentados-a-michigan\/","og_site_name":"Borderless Magazine NFP","article_publisher":"https:\/\/www.facebook.com\/BorderlessMagazine","article_published_time":"2021-04-21T16:47:00+00:00","article_modified_time":"2022-01-21T15:59:49+00:00","og_image":[{"width":1500,"height":775,"url":"https:\/\/borderlessmag.org\/wordpress\/wp-content\/uploads\/2021\/04\/Gemas-profile-pic-4-in-Lansing-MI_featured.png","type":"image\/png"}],"author":"Sebasti\u00e1n Gonz\u00e1lez de Le\u00f3n","twitter_card":"summary_large_image","twitter_misc":{"Escrito por":"Emma Glassman-Hughes","Tiempo de lectura":"7 minutos","Written by":"Sebasti\u00e1n Gonz\u00e1lez de Le\u00f3n"},"schema":{"@context":"https:\/\/schema.org","@graph":[{"@type":"NewsArticle","@id":"https:\/\/borderlessmag.org\/2021\/04\/21\/bringing-the-fight-for-undocumented-immigrant-rights-to-michigan\/#article","isPartOf":{"@id":"https:\/\/borderlessmag.org\/2021\/04\/21\/bringing-the-fight-for-undocumented-immigrant-rights-to-michigan\/"},"author":{"name":"Emma Glassman-Hughes","@id":"https:\/\/borderlessmag.org\/#\/schema\/person\/d436585316f5b8b20a96daf13fdd59e0"},"headline":"Bringing the Fight for Undocumented Immigrant Rights to Michigan","datePublished":"2021-04-21T16:47:00+00:00","dateModified":"2022-01-21T15:59:49+00:00","mainEntityOfPage":{"@id":"https:\/\/borderlessmag.org\/2021\/04\/21\/bringing-the-fight-for-undocumented-immigrant-rights-to-michigan\/"},"wordCount":1405,"publisher":{"@id":"https:\/\/borderlessmag.org\/#organization"},"image":{"@id":"https:\/\/borderlessmag.org\/2021\/04\/21\/bringing-the-fight-for-undocumented-immigrant-rights-to-michigan\/#primaryimage"},"thumbnailUrl":"https:\/\/borderlessmag.org\/wordpress\/wp-content\/uploads\/2021\/04\/Gemas-profile-pic-4-in-Lansing-MI_featured.png","keywords":["cosecha"],"articleSection":["As Told To","Labor and Economics","Organizing"],"inLanguage":"es","copyrightYear":"2020","copyrightHolder":{"@id":"https:\/\/borderlessmag.org\/es\/#organization"}},{"@type":"WebPage","@id":"https:\/\/borderlessmag.org\/2021\/04\/21\/bringing-the-fight-for-undocumented-immigrant-rights-to-michigan\/","url":"https:\/\/borderlessmag.org\/2021\/04\/21\/bringing-the-fight-for-undocumented-immigrant-rights-to-michigan\/","name":"Llevar la lucha por los derechos de los inmigrantes indocumentados a Michigan - Borderless Magazine NFP","isPartOf":{"@id":"https:\/\/borderlessmag.org\/#website"},"primaryImageOfPage":{"@id":"https:\/\/borderlessmag.org\/2021\/04\/21\/bringing-the-fight-for-undocumented-immigrant-rights-to-michigan\/#primaryimage"},"image":{"@id":"https:\/\/borderlessmag.org\/2021\/04\/21\/bringing-the-fight-for-undocumented-immigrant-rights-to-michigan\/#primaryimage"},"thumbnailUrl":"https:\/\/borderlessmag.org\/wordpress\/wp-content\/uploads\/2021\/04\/Gemas-profile-pic-4-in-Lansing-MI_featured.png","datePublished":"2021-04-21T16:47:00+00:00","dateModified":"2022-01-21T15:59:49+00:00","description":"Gema Lowe, que emigr\u00f3 de M\u00e9xico a Estados Unidos hace 30 a\u00f1os, describe su trayectoria como defensora de los inmigrantes indocumentados en Grand Rapids.","inLanguage":"es","potentialAction":[{"@type":"ReadAction","target":["https:\/\/borderlessmag.org\/2021\/04\/21\/bringing-the-fight-for-undocumented-immigrant-rights-to-michigan\/"]}]},{"@type":"ImageObject","inLanguage":"es","@id":"https:\/\/borderlessmag.org\/2021\/04\/21\/bringing-the-fight-for-undocumented-immigrant-rights-to-michigan\/#primaryimage","url":"https:\/\/borderlessmag.org\/wordpress\/wp-content\/uploads\/2021\/04\/Gemas-profile-pic-4-in-Lansing-MI_featured.png","contentUrl":"https:\/\/borderlessmag.org\/wordpress\/wp-content\/uploads\/2021\/04\/Gemas-profile-pic-4-in-Lansing-MI_featured.png","caption":"women, woman, immigration, rights, labor, immigrant, Michigan, Cosecha, worker, undocumented"},{"@type":"WebSite","@id":"https:\/\/borderlessmag.org\/#website","url":"https:\/\/borderlessmag.org\/","name":"Revista Borderless NFP","description":"Historias sobre inmigraci\u00f3n e inmigrantes","publisher":{"@id":"https:\/\/borderlessmag.org\/#organization"},"alternateName":"Borderless","potentialAction":[{"@type":"SearchAction","target":{"@type":"EntryPoint","urlTemplate":"https:\/\/borderlessmag.org\/?s={search_term_string}"},"query-input":{"@type":"PropertyValueSpecification","valueRequired":true,"valueName":"search_term_string"}}],"inLanguage":"es"},{"@type":"Organization","@id":"https:\/\/borderlessmag.org\/#organization","name":"Revista Borderless NFP","alternateName":"Borderless Mag","url":"https:\/\/borderlessmag.org\/","logo":{"@type":"ImageObject","inLanguage":"es","@id":"https:\/\/borderlessmag.org\/#\/schema\/logo\/image\/","url":"https:\/\/borderlessmag.org\/wordpress\/wp-content\/uploads\/2025\/08\/BorderlessLogo_main_square.jpg","contentUrl":"https:\/\/borderlessmag.org\/wordpress\/wp-content\/uploads\/2025\/08\/BorderlessLogo_main_square.jpg","width":696,"height":696,"caption":"Borderless Magazine NFP"},"image":{"@id":"https:\/\/borderlessmag.org\/#\/schema\/logo\/image\/"},"sameAs":["https:\/\/www.facebook.com\/BorderlessMagazine","https:\/\/www.instagram.com\/borderless_mag\/","https:\/\/www.tiktok.com\/@borderless_mag"]},{"@type":"Person","@id":"https:\/\/borderlessmag.org\/#\/schema\/person\/d436585316f5b8b20a96daf13fdd59e0","name":"Emma Glassman-Hughes","image":{"@type":"ImageObject","inLanguage":"es","@id":"https:\/\/secure.gravatar.com\/avatar\/957d44f94960156bcb963ffddbaa90f72f0360a0eb0f3ea7a1f8171e35d21adf?s=96&d=mm&r=gc64b40b14b2f48f6e078e5de2b5fd461","url":"https:\/\/secure.gravatar.com\/avatar\/957d44f94960156bcb963ffddbaa90f72f0360a0eb0f3ea7a1f8171e35d21adf?s=96&d=mm&r=g","contentUrl":"https:\/\/secure.gravatar.com\/avatar\/957d44f94960156bcb963ffddbaa90f72f0360a0eb0f3ea7a1f8171e35d21adf?s=96&d=mm&r=g","caption":"Emma Glassman-Hughes"},"url":"https:\/\/borderlessmag.org\/es\/author\/emma-glassman-hughes\/"}]}},"cc_featured_image_caption":{"caption_text":"Gema Lowe attends an action at the state capitol in Lansing, Mich. on Sept. 16, 2020. Cosecha members occupied the space with singers, and elementary students performed a play as part of organizers\u2019 efforts to push for the Drivers Licenses for All campaign in Michigan.","source_text":"","source_url":""},"_links":{"self":[{"href":"https:\/\/borderlessmag.org\/es\/wp-json\/wp\/v2\/posts\/5640","targetHints":{"allow":["GET"]}}],"collection":[{"href":"https:\/\/borderlessmag.org\/es\/wp-json\/wp\/v2\/posts"}],"about":[{"href":"https:\/\/borderlessmag.org\/es\/wp-json\/wp\/v2\/types\/post"}],"author":[{"embeddable":true,"href":"https:\/\/borderlessmag.org\/es\/wp-json\/wp\/v2\/users\/36"}],"replies":[{"embeddable":true,"href":"https:\/\/borderlessmag.org\/es\/wp-json\/wp\/v2\/comments?post=5640"}],"version-history":[{"count":0,"href":"https:\/\/borderlessmag.org\/es\/wp-json\/wp\/v2\/posts\/5640\/revisions"}],"wp:featuredmedia":[{"embeddable":true,"href":"https:\/\/borderlessmag.org\/es\/wp-json\/wp\/v2\/media\/5644"}],"wp:attachment":[{"href":"https:\/\/borderlessmag.org\/es\/wp-json\/wp\/v2\/media?parent=5640"}],"wp:term":[{"taxonomy":"category","embeddable":true,"href":"https:\/\/borderlessmag.org\/es\/wp-json\/wp\/v2\/categories?post=5640"},{"taxonomy":"post_tag","embeddable":true,"href":"https:\/\/borderlessmag.org\/es\/wp-json\/wp\/v2\/tags?post=5640"},{"taxonomy":"author","embeddable":true,"href":"https:\/\/borderlessmag.org\/es\/wp-json\/wp\/v2\/coauthors?post=5640"}],"curies":[{"name":"wp","href":"https:\/\/api.w.org\/{rel}","templated":true}]}}