{"id":5563,"date":"2021-04-13T12:47:44","date_gmt":"2021-04-13T17:47:44","guid":{"rendered":"https:\/\/borderlessmag.org\/?p=5563"},"modified":"2022-09-30T12:59:37","modified_gmt":"2022-09-30T17:59:37","slug":"residente-de-chicago-recuerda-al-iran-revolucionario","status":"publish","type":"post","link":"https:\/\/borderlessmag.org\/es\/2021\/04\/13\/residente-de-chicago-recuerda-al-iran-revolucionario\/","title":{"rendered":"Residente de Chicago Recuerda al Ir\u00e1n Revolucionario"},"content":{"rendered":"<p><a href=\"https:\/\/borderlessmag.org\/es\/2021\/03\/03\/chicagoan-recuerda-al-iran-revolucionario\/\"><strong>Leer en ingl\u00e9s<\/strong><\/a><\/p>\n<p><span style=\"font-weight: 400;\">Las tensiones entre Estados Unidos e Ir\u00e1n han aumentado <\/span><a href=\"https:\/\/www.nbcnews.com\/news\/world\/u-s-air-strike-syria-iranian-backed-militia-killed-one-n1259180\"><span style=\"font-weight: 400;\">after USA attacking the respalded militia in Iran<\/span><\/a><span style=\"font-weight: 400;\">, cerca de la frontera entre Siria e Irak, el 25 de febrero. Los ataques se produjeron en respuesta a los recientes ataques en Irak contra de objetivos de EE.UU., probablemente lanzados por miembros de la milicia, y casi tres a\u00f1os despu\u00e9s de que <\/span><span style=\"font-weight: 400;\">el ex presidente Donald Trump retirara a Estados Unidos del acuerdo nuclear con Ir\u00e1n.<\/span><\/p>\n<p><span style=\"font-weight: 400;\">Las tensiones son solo los enfrentamientos m\u00e1s recientes entre los dos pa\u00edses en las cuatro d\u00e9cadas desde que en 1979 los revolucionarios iran\u00edes derrocaron al Shah Mohammad Reza Pahlavi, respaldado por Estados Unidos, lo que llev\u00f3 al establecimiento de la Rep\u00fablica Isl\u00e1mica de Ir\u00e1n.<\/span><\/p>\n<p><span style=\"font-weight: 400;\">Ese per\u00edodo crucial es el tema de la galardonada autobiograf\u00eda de la autora de Chicago <\/span><a href=\"https:\/\/www.jacquelinesaper.com\/\"><span style=\"font-weight: 400;\">Jacqueline Saper<\/span><\/a><span style=\"font-weight: 400;\"> \"De la minifalda al hiyab: Una ni\u00f1a en el Ir\u00e1n revolucionario\". Saper, que naci\u00f3 en Teher\u00e1n, ten\u00eda 18 a\u00f1os cuando fue testigo de los acontecimientos hist\u00f3ricos que llevaron a la revoluci\u00f3n y los cambios dram\u00e1ticos que su pa\u00eds experiment\u00f3 en los a\u00f1os siguientes. Como mujer jud\u00eda hija de madre brit\u00e1nica y padre iran\u00ed, se dio cuenta de que la vida bajo el nuevo r\u00e9gimen era dif\u00edcil.<\/span><\/p>\n<p><span style=\"font-weight: 400;\">Finalmente en 1987 junto con su marido, solicit\u00f3 asilo en Estados Unidos. Borderless Magazine habl\u00f3 con Saper sobre su autobiograf\u00eda.<\/span><\/p>\n<div id=\"attachment_5091\" style=\"width: 693px\" class=\"wp-caption alignnone\"><img decoding=\"async\" aria-describedby=\"caption-attachment-5091\" class=\"wp-image-5091 size-large\" src=\"https:\/\/borderlessmag.org\/wordpress\/wp-content\/uploads\/2021\/12\/Saper-cover-photo-683x1024.jpg\" alt=\"Iran\u00ed, Revoluci\u00f3n, Ir\u00e1n, Chicago, autora, hiyab, minifalda\" width=\"683\" height=\"1024\" \/><p id=\"caption-attachment-5091\" class=\"wp-caption-text\"><span style=\"font-weight: 400;\">\"De la minifalda al hiyab: A Girl in Revolutionary Iran\", de la autora de Chicago Jacqueline Saper. Foto: Cortes\u00eda de Jacqueline Saper<\/span><\/p><\/div>\n<hr \/>\n<p><b>Revista Borderless:\u00a0<\/b>\u00bfPor qu\u00e9 escribi\u00f3 \"De la minifalda al hiyab\"?<\/p>\n<p><b>Jacqueline Saper:<\/b><span style=\"font-weight: 400;\"> En 1978, Ir\u00e1n ten\u00eda una poblaci\u00f3n de casi 36 millones. Hoy en Ir\u00e1n habitan casi 83 millones de personas. M\u00e1s de la mitad de los iran\u00edes tienen menos de 40 a\u00f1os y no saben c\u00f3mo era la vida antes o durante la revoluci\u00f3n. As\u00ed que escrib\u00ed este libro sobre mi experiencia personal viviendo en el Ir\u00e1n revolucionario, un per\u00edodo hist\u00f3rico que necesita ser conocido.<\/span><\/p>\n<p><b>Revista Borderless: <\/b>\u00bfC\u00f3mo fue la transici\u00f3n del Ir\u00e1n de antes de la revoluci\u00f3n, al Ir\u00e1n de despu\u00e9s de la revoluci\u00f3n?<\/p>\n<p><b>Jacqueline Saper:<\/b><span style=\"font-weight: 400;\"> Mis a\u00f1os de formaci\u00f3n como adolescente eran muy modernos: vest\u00eda minifaldas, iba a bailes escolares, iba a una escuela mixta, ve\u00eda pel\u00edculas norteamericanas, iba al campamento jud\u00edo y viajaba de ida y vuelta al Reino Unido. Era como vivir en Europa o Am\u00e9rica. Era una sociedad inclusiva donde los jud\u00edos, musulmanes chi\u00edtas, cristianos y bah\u00e1'\u00eds viv\u00edan en paz.<\/span><\/p>\n<p><span style=\"font-weight: 400;\">Despu\u00e9s de 1979, el estado y la religi\u00f3n se convirtieron en uno. Las minor\u00edas religiosas de Ir\u00e1n fueron marginadas. El sistema judicial se bas\u00f3 en el derecho isl\u00e1mico o la sharia, aunque se han conservado algunos aspectos del derecho civil. Las mujeres fueron obligadas a usar el hijab, y las escuelas se segregaron por g\u00e9nero.<\/span><\/p>\n<p><b>Revista Borderless: <\/b>Usted vivi\u00f3 en Ir\u00e1n durante ocho a\u00f1os despu\u00e9s de la revoluci\u00f3n. \u00bfPuede hablarnos de c\u00f3mo fue su traves\u00eda de salir de Ir\u00e1n y venir a Estados Unidos?<\/p>\n<p><b>Jacqueline Saper: <\/b><span style=\"font-weight: 400;\">Fue muy dif\u00edcil. Dejamos todo atr\u00e1s. Cuando llegamos a Estados Unidos en 1987, \u00e9ramos solicitantes de asilo basados en la persecuci\u00f3n religiosa. Al principio fuimos a Houston. Nos quedamos all\u00ed durante 14 meses porque el hermano menor de mi marido viv\u00eda all\u00ed y ten\u00eda una florister\u00eda.\u00a0<\/span><\/p>\n<p><span style=\"font-weight: 400;\">En Ir\u00e1n, mi marido era cirujano, pero su educaci\u00f3n no fue aceptada en EE.UU. porque era extranjera. Ten\u00eda m\u00e1s de treinta a\u00f1os de edad y su ingl\u00e9s no era bueno, pero tuvo que hacer su residencia m\u00e9dica de nuevo para trabajar como m\u00e9dico. Conoc\u00eda a muchos m\u00e9dicos iran\u00edes que no pudieron hacer lo mismo, pero mi marido lo hizo y tambi\u00e9n comenz\u00f3 su residencia en cirug\u00eda. Obtuvo una residencia en Chicago y por eso nos mudamos definitivamente.<\/span><\/p>\n<div id=\"attachment_5087\" style=\"width: 1480px\" class=\"wp-caption alignnone\"><img decoding=\"async\" aria-describedby=\"caption-attachment-5087\" class=\"size-full wp-image-5087\" src=\"https:\/\/borderlessmag.org\/wordpress\/wp-content\/uploads\/2021\/12\/Dad-at-the-Univ.-Chemistry-Lab.jpg\" alt=\"Ir\u00e1n, revoluci\u00f3n, universidad, Chicago, autora, hiyab, minifalda, Saper\" width=\"1470\" height=\"939\" \/><p id=\"caption-attachment-5087\" class=\"wp-caption-text\"><span style=\"font-weight: 400;\">El padre de Jacqueline Saper, el profesor Rahmat Lavi, centro, durante su clase de qu\u00edmica universitaria en la Universidad Elm-O-Sanat (Universidad de Ciencia y Tecnolog\u00eda de Ir\u00e1n) en 1975 en Teher\u00e1n, Ir\u00e1n. Foto: Cortes\u00eda de Jacqueline Saper<\/span><\/p><\/div>\n<p><span style=\"font-weight: 400;\">Regres\u00e9 a la universidad e inscrib\u00ed a mi hijo, que en ese entonces ten\u00eda 4 a\u00f1os, en preescolar. Fue un momento dif\u00edcil porque mi marido era solo un m\u00e9dico residente por lo que su salario era bajo.<\/span><\/p>\n<p><span style=\"font-weight: 400;\">Mi lema en la vida es sobrevivir, no hay otra manera. Como no buscamos refugio a trav\u00e9s de organizaciones, no obtuvimos ning\u00fan beneficio y no recibimos ning\u00fan financiamiento del gobierno. Somos inmigrantes muy orgullosos, hemos contribuido a la sociedad estadounidense y mi esposo ha servido como m\u00e9dico durante m\u00e1s de 30 a\u00f1os. Me titul\u00e9 como contadora p\u00fablica certificada, mi hija es abogada y mi hijo, cirujano. Ni mis hijos ni yo hubi\u00e9ramos tenido esta oportunidad si nos hubi\u00e9ramos quedado en Ir\u00e1n.<\/span><\/p>\n<p><b>Revista Borderless: <\/b>\u00bfCu\u00e1l considera es el concepto m\u00e1s equivocado que la gente tiene sobre Ir\u00e1n?<\/p>\n<p><b>Jacqueline Saper:<\/b><span style=\"font-weight: 400;\"> Estoy muy orgullosa de ser iran\u00ed. La gente est\u00e1 mal guiada por el Medio Oriente. Tambi\u00e9n tienen miedo. S\u00ed, es una regi\u00f3n que siempre est\u00e1 llena de conflictos. Pero es rica en cultura.<\/span><\/p>\n<p><span style=\"font-weight: 400;\">Siempre hablo de Ir\u00e1n para educar a la gente. Ir\u00e1n no es ver a todo el mundo gritando y los ayatol\u00e1s gritando a coro \"\u00a1Muerte a Am\u00e9rica!\". La mayor\u00eda de los iran\u00edes son j\u00f3venes y tienen acceso a las redes sociales, y est\u00e1n expuestos al cine y a la cultura estadounidense. Hay belleza, naturaleza, rica historia, poes\u00eda, exquisita cocina, arte. No son gente b\u00e1rbara.<\/span><\/p>\n<div id=\"attachment_5089\" style=\"width: 1470px\" class=\"wp-caption alignnone\"><img decoding=\"async\" aria-describedby=\"caption-attachment-5089\" class=\"wp-image-5089 size-full\" src=\"https:\/\/borderlessmag.org\/wordpress\/wp-content\/uploads\/2021\/12\/Me-with-hijab.jpg\" alt=\"Iran\u00ed, revoluci\u00f3n, Ir\u00e1n, Chicago, autora, hiyab, minifalda\" width=\"1460\" height=\"1920\" \/><p id=\"caption-attachment-5089\" class=\"wp-caption-text\"><span style=\"font-weight: 400;\">Jacqueline Saper en 1985 en Shiraz, Ir\u00e1n. Foto: Cortes\u00eda de Jacqueline Saper<\/span><\/p><\/div>\n<p><span style=\"font-weight: 400;\">Antes de que el hijab se impusiera como ley, las mujeres ten\u00edan la opci\u00f3n de usarlo y se basaba en la elecci\u00f3n. Despu\u00e9s de la revoluci\u00f3n, los hijabs se impusieron sin importar la etnia o religi\u00f3n con la que te identificabas. Solo nos permit\u00edan llevar hijabs negros, grises o caf\u00e9s. Incluso un mech\u00f3n de pelo pod\u00eda ser motivo para que te arrestaran.<\/span><\/p>\n<p><span style=\"font-weight: 400;\">Sin embargo, cuarenta a\u00f1os despu\u00e9s la estricta Rep\u00fablica Isl\u00e1mica que los fundadores esperaban, no es lo que vemos en el Ir\u00e1n de hoy. Ir\u00e1n ha evolucionado y las mujeres modernas de Ir\u00e1n son en realidad las m\u00e1s grandes opositoras a las restricciones estrictas.<\/span><\/p>\n<p><b>Revista Borderless: <\/b>\u00bfHa podido volver?<\/p>\n<p><span style=\"font-weight: 400;\">Jacqueline Saper: Lamentablemente no he vuelto a Ir\u00e1n desde que me fui. Mi pa\u00eds es Estados Unidos, pero no he olvidado a mi pa\u00eds natal.<\/span><\/p>\n<p>&nbsp;<\/p>\n<p><i><span style=\"font-weight: 400;\">Este art\u00edculo\/entrevista ha sido editado para mayor extensi\u00f3n y claridad.<\/span><\/i><\/p>\n<p><i data-stringify-type=\"italic\">Este<\/i><i data-stringify-type=\"italic\">\u00a0art\u00edculo<\/i><i data-stringify-type=\"italic\"> translated by <span style=\"font-weight: 400;\">Gisela Orozco <\/span>en espa\u00f1ol gracias al proyecto \"Traduciendo las noticias de Chicago\", del Instituto de Noticias Sin Fines de Lucro (INN).<\/i><\/p>\n<h4 id=\"nuestro-trabajo-es-posible-gracias-a-donaciones-de-personas-como-tu-apoya-a-el-periodismo-de-alta-calidad-realizando-una-donacion-deducible-de-impuestos-hoy\" class=\"pk-content-block pk-block-bg pk-block-bg-light\" style=\"text-align: left;\"><span style=\"color: #993300;\">Nuestro trabajo es posible gracias a donaciones de personas como t\u00fa. Apoya al periodismo de alta calidad realizando una donaci\u00f3n deducible de impuestos hoy. \u00a0 \u00a0 \u00a0 \u00a0 \u00a0 \u00a0 \u00a0 \u00a0 \u00a0 \u00a0 \u00a0 \u00a0 \u00a0 \u00a0 \u00a0 \u00a0 \u00a0 \u00a0 \u00a0 \u00a0 \u00a0 \u00a0 \u00a0 \u00a0 \u00a0 \u00a0 \u00a0 \u00a0 \u00a0 \u00a0 \u00a0 \u00a0 \u00a0 \u00a0 \u00a0 \u00a0 \u00a0 \u00a0 \u00a0 \u00a0 \u00a0 \u00a0 \u00a0 \u00a0 \u00a0 \u00a0 \u00a0 \u00a0 \u00a0 \u00a0 \u00a0\u00a0<\/span><a class=\"pk-button pk-button-md pk-button-primary pk-font-primary\" href=\"https:\/\/borderlessmag.org\/es\/donar\/\" target=\"_blank\" >\n\t\t\t Donar \n\t\t<\/a><\/h4>","protected":false},"excerpt":{"rendered":"<p>La autora local Jacqueline Saper era joven durante la revoluci\u00f3n iran\u00ed de 1979 y posteriormente solicit\u00f3 asilo en Estados Unidos.<\/p>","protected":false},"author":9,"featured_media":5088,"comment_status":"closed","ping_status":"closed","sticky":false,"template":"","format":"standard","meta":{"inline_featured_image":false,"footnotes":""},"categories":[1],"tags":[],"coauthors":[211],"class_list":{"0":"post-5563","1":"post","2":"type-post","3":"status-publish","4":"format-standard","5":"has-post-thumbnail","7":"category-immigration-policy"},"yoast_head":"<!-- This site is optimized with the Yoast SEO Premium plugin v27.3 (Yoast SEO v27.3) - https:\/\/yoast.com\/product\/yoast-seo-premium-wordpress\/ -->\n<title>Residente de Chicago Recuerda al Ir\u00e1n Revolucionario &#8211; Borderless Magazine NFP<\/title>\n<meta name=\"description\" content=\"La autora local Jacqueline Saper era joven durante la revoluci\u00f3n iran\u00ed de 1979 y posteriormente solicit\u00f3 asilo en Estados Unidos.\" \/>\n<meta name=\"robots\" content=\"index, follow, max-snippet:-1, max-image-preview:large, max-video-preview:-1\" \/>\n<link rel=\"canonical\" href=\"https:\/\/borderlessmag.org\/es\/2021\/04\/13\/residente-de-chicago-recuerda-al-iran-revolucionario\/\" \/>\n<meta property=\"og:locale\" content=\"es_MX\" \/>\n<meta property=\"og:type\" content=\"article\" \/>\n<meta property=\"og:title\" content=\"Residente de Chicago Recuerda al Ir\u00e1n Revolucionario &#8211; Borderless Magazine NFP\" \/>\n<meta property=\"og:description\" content=\"Residente de Chicago Recuerda al Ir\u00e1n Revolucionario &#8211; Borderless Magazine NFP\" \/>\n<meta property=\"og:url\" content=\"https:\/\/borderlessmag.org\/es\/2021\/04\/13\/residente-de-chicago-recuerda-al-iran-revolucionario\/\" \/>\n<meta property=\"og:site_name\" content=\"Borderless Magazine NFP\" \/>\n<meta property=\"article:publisher\" content=\"https:\/\/www.facebook.com\/BorderlessMagazine\" \/>\n<meta property=\"article:published_time\" content=\"2021-04-13T17:47:44+00:00\" \/>\n<meta property=\"article:modified_time\" content=\"2022-09-30T17:59:37+00:00\" \/>\n<meta property=\"og:image\" content=\"https:\/\/borderlessmag.org\/wordpress\/wp-content\/uploads\/2021\/03\/featured.jpg\" \/>\n\t<meta property=\"og:image:width\" content=\"1500\" \/>\n\t<meta property=\"og:image:height\" content=\"775\" \/>\n\t<meta property=\"og:image:type\" content=\"image\/jpeg\" \/>\n<meta name=\"author\" content=\"Diane Bou Khalil\" \/>\n<meta name=\"twitter:card\" content=\"summary_large_image\" \/>\n<meta name=\"twitter:label1\" content=\"Escrito por\" \/>\n\t<meta name=\"twitter:data1\" content=\"Diane Bou Khalil\" \/>\n\t<meta name=\"twitter:label2\" content=\"Tiempo de lectura\" \/>\n\t<meta name=\"twitter:data2\" content=\"6 minutos\" \/>\n\t<meta name=\"twitter:label3\" content=\"Written by\" \/>\n\t<meta name=\"twitter:data3\" content=\"Diane Bou Khalil\" \/>\n<script type=\"application\/ld+json\" class=\"yoast-schema-graph\">{\"@context\":\"https:\\\/\\\/schema.org\",\"@graph\":[{\"@type\":\"NewsArticle\",\"@id\":\"https:\\\/\\\/borderlessmag.org\\\/2021\\\/04\\\/13\\\/residente-de-chicago-recuerda-al-iran-revolucionario\\\/#article\",\"isPartOf\":{\"@id\":\"https:\\\/\\\/borderlessmag.org\\\/2021\\\/04\\\/13\\\/residente-de-chicago-recuerda-al-iran-revolucionario\\\/\"},\"author\":{\"name\":\"Diane Bou Khalil\",\"@id\":\"https:\\\/\\\/borderlessmag.org\\\/#\\\/schema\\\/person\\\/0618f82de4f96e41cf77d6a0573321cf\"},\"headline\":\"Residente de Chicago Recuerda al Ir\u00e1n Revolucionario\",\"datePublished\":\"2021-04-13T17:47:44+00:00\",\"dateModified\":\"2022-09-30T17:59:37+00:00\",\"mainEntityOfPage\":{\"@id\":\"https:\\\/\\\/borderlessmag.org\\\/2021\\\/04\\\/13\\\/residente-de-chicago-recuerda-al-iran-revolucionario\\\/\"},\"wordCount\":1285,\"publisher\":{\"@id\":\"https:\\\/\\\/borderlessmag.org\\\/#organization\"},\"image\":{\"@id\":\"https:\\\/\\\/borderlessmag.org\\\/2021\\\/04\\\/13\\\/residente-de-chicago-recuerda-al-iran-revolucionario\\\/#primaryimage\"},\"thumbnailUrl\":\"https:\\\/\\\/borderlessmag.org\\\/wordpress\\\/wp-content\\\/uploads\\\/2021\\\/03\\\/featured.jpg\",\"articleSection\":[\"Immigration Policy\"],\"inLanguage\":\"es\",\"copyrightYear\":\"2021\",\"copyrightHolder\":{\"@id\":\"https:\\\/\\\/borderlessmag.org\\\/es\\\/#organization\"}},{\"@type\":\"WebPage\",\"@id\":\"https:\\\/\\\/borderlessmag.org\\\/2021\\\/04\\\/13\\\/residente-de-chicago-recuerda-al-iran-revolucionario\\\/\",\"url\":\"https:\\\/\\\/borderlessmag.org\\\/2021\\\/04\\\/13\\\/residente-de-chicago-recuerda-al-iran-revolucionario\\\/\",\"name\":\"Residente de Chicago Recuerda al Ir\u00e1n Revolucionario &#8211; Borderless Magazine NFP\",\"isPartOf\":{\"@id\":\"https:\\\/\\\/borderlessmag.org\\\/#website\"},\"primaryImageOfPage\":{\"@id\":\"https:\\\/\\\/borderlessmag.org\\\/2021\\\/04\\\/13\\\/residente-de-chicago-recuerda-al-iran-revolucionario\\\/#primaryimage\"},\"image\":{\"@id\":\"https:\\\/\\\/borderlessmag.org\\\/2021\\\/04\\\/13\\\/residente-de-chicago-recuerda-al-iran-revolucionario\\\/#primaryimage\"},\"thumbnailUrl\":\"https:\\\/\\\/borderlessmag.org\\\/wordpress\\\/wp-content\\\/uploads\\\/2021\\\/03\\\/featured.jpg\",\"datePublished\":\"2021-04-13T17:47:44+00:00\",\"dateModified\":\"2022-09-30T17:59:37+00:00\",\"description\":\"La autora local Jacqueline Saper era joven durante la revoluci\u00f3n iran\u00ed de 1979 y posteriormente solicit\u00f3 asilo en Estados Unidos.\",\"inLanguage\":\"es\",\"potentialAction\":[{\"@type\":\"ReadAction\",\"target\":[\"https:\\\/\\\/borderlessmag.org\\\/2021\\\/04\\\/13\\\/residente-de-chicago-recuerda-al-iran-revolucionario\\\/\"]}]},{\"@type\":\"ImageObject\",\"inLanguage\":\"es\",\"@id\":\"https:\\\/\\\/borderlessmag.org\\\/2021\\\/04\\\/13\\\/residente-de-chicago-recuerda-al-iran-revolucionario\\\/#primaryimage\",\"url\":\"https:\\\/\\\/borderlessmag.org\\\/wordpress\\\/wp-content\\\/uploads\\\/2021\\\/03\\\/featured.jpg\",\"contentUrl\":\"https:\\\/\\\/borderlessmag.org\\\/wordpress\\\/wp-content\\\/uploads\\\/2021\\\/03\\\/featured.jpg\",\"caption\":\"Jacqueline Saper with her father, Rahmat Lavi, and her two children in 1985 at B\u0101gh-e Eram Park in Shiraz, Iran.\"},{\"@type\":\"WebSite\",\"@id\":\"https:\\\/\\\/borderlessmag.org\\\/#website\",\"url\":\"https:\\\/\\\/borderlessmag.org\\\/\",\"name\":\"Borderless Magazine NFP\",\"description\":\"Stories about immigration and immigrants\",\"publisher\":{\"@id\":\"https:\\\/\\\/borderlessmag.org\\\/#organization\"},\"alternateName\":\"Borderless\",\"potentialAction\":[{\"@type\":\"SearchAction\",\"target\":{\"@type\":\"EntryPoint\",\"urlTemplate\":\"https:\\\/\\\/borderlessmag.org\\\/?s={search_term_string}\"},\"query-input\":{\"@type\":\"PropertyValueSpecification\",\"valueRequired\":true,\"valueName\":\"search_term_string\"}}],\"inLanguage\":\"es\"},{\"@type\":\"Organization\",\"@id\":\"https:\\\/\\\/borderlessmag.org\\\/#organization\",\"name\":\"Borderless Magazine NFP\",\"alternateName\":\"Borderless Mag\",\"url\":\"https:\\\/\\\/borderlessmag.org\\\/\",\"logo\":{\"@type\":\"ImageObject\",\"inLanguage\":\"es\",\"@id\":\"https:\\\/\\\/borderlessmag.org\\\/#\\\/schema\\\/logo\\\/image\\\/\",\"url\":\"https:\\\/\\\/borderlessmag.org\\\/wordpress\\\/wp-content\\\/uploads\\\/2025\\\/08\\\/BorderlessLogo_main_square.jpg\",\"contentUrl\":\"https:\\\/\\\/borderlessmag.org\\\/wordpress\\\/wp-content\\\/uploads\\\/2025\\\/08\\\/BorderlessLogo_main_square.jpg\",\"width\":696,\"height\":696,\"caption\":\"Borderless Magazine NFP\"},\"image\":{\"@id\":\"https:\\\/\\\/borderlessmag.org\\\/#\\\/schema\\\/logo\\\/image\\\/\"},\"sameAs\":[\"https:\\\/\\\/www.facebook.com\\\/BorderlessMagazine\",\"https:\\\/\\\/www.instagram.com\\\/borderless_mag\\\/\",\"https:\\\/\\\/www.tiktok.com\\\/@borderless_mag\"]},{\"@type\":\"Person\",\"@id\":\"https:\\\/\\\/borderlessmag.org\\\/#\\\/schema\\\/person\\\/0618f82de4f96e41cf77d6a0573321cf\",\"name\":\"Diane Bou Khalil\",\"image\":{\"@type\":\"ImageObject\",\"inLanguage\":\"es\",\"@id\":\"https:\\\/\\\/secure.gravatar.com\\\/avatar\\\/8ab266732771c672da164c43f58b943cd205d109c8460ea50d582b0080f046a8?s=96&d=mm&r=gc5a4ac7eb3eec9681687e712dd1376b2\",\"url\":\"https:\\\/\\\/secure.gravatar.com\\\/avatar\\\/8ab266732771c672da164c43f58b943cd205d109c8460ea50d582b0080f046a8?s=96&d=mm&r=g\",\"contentUrl\":\"https:\\\/\\\/secure.gravatar.com\\\/avatar\\\/8ab266732771c672da164c43f58b943cd205d109c8460ea50d582b0080f046a8?s=96&d=mm&r=g\",\"caption\":\"Diane Bou Khalil\"},\"url\":\"https:\\\/\\\/borderlessmag.org\\\/es\\\/author\\\/diane-bou-khalil\\\/\"}]}<\/script>\n<!-- \/ Yoast SEO Premium plugin. -->","yoast_head_json":{"title":"Residente de Chicago Recuerda al Ir\u00e1n Revolucionario - Borderless Magazine NFP","description":"La autora local Jacqueline Saper era joven durante la revoluci\u00f3n iran\u00ed de 1979 y posteriormente solicit\u00f3 asilo en Estados Unidos.","robots":{"index":"index","follow":"follow","max-snippet":"max-snippet:-1","max-image-preview":"max-image-preview:large","max-video-preview":"max-video-preview:-1"},"canonical":"https:\/\/borderlessmag.org\/es\/2021\/04\/13\/residente-de-chicago-recuerda-al-iran-revolucionario\/","og_locale":"es_MX","og_type":"article","og_title":"Residente de Chicago Recuerda al Ir\u00e1n Revolucionario &#8211; Borderless Magazine NFP","og_description":"Residente de Chicago Recuerda al Ir\u00e1n Revolucionario &#8211; Borderless Magazine NFP","og_url":"https:\/\/borderlessmag.org\/es\/2021\/04\/13\/residente-de-chicago-recuerda-al-iran-revolucionario\/","og_site_name":"Borderless Magazine NFP","article_publisher":"https:\/\/www.facebook.com\/BorderlessMagazine","article_published_time":"2021-04-13T17:47:44+00:00","article_modified_time":"2022-09-30T17:59:37+00:00","og_image":[{"width":1500,"height":775,"url":"https:\/\/borderlessmag.org\/wordpress\/wp-content\/uploads\/2021\/03\/featured.jpg","type":"image\/jpeg"}],"author":"Diane Bou Khalil","twitter_card":"summary_large_image","twitter_misc":{"Escrito por":"Diane Bou Khalil","Tiempo de lectura":"6 minutos","Written by":"Diane Bou Khalil"},"schema":{"@context":"https:\/\/schema.org","@graph":[{"@type":"NewsArticle","@id":"https:\/\/borderlessmag.org\/2021\/04\/13\/residente-de-chicago-recuerda-al-iran-revolucionario\/#article","isPartOf":{"@id":"https:\/\/borderlessmag.org\/2021\/04\/13\/residente-de-chicago-recuerda-al-iran-revolucionario\/"},"author":{"name":"Diane Bou Khalil","@id":"https:\/\/borderlessmag.org\/#\/schema\/person\/0618f82de4f96e41cf77d6a0573321cf"},"headline":"Residente de Chicago Recuerda al Ir\u00e1n Revolucionario","datePublished":"2021-04-13T17:47:44+00:00","dateModified":"2022-09-30T17:59:37+00:00","mainEntityOfPage":{"@id":"https:\/\/borderlessmag.org\/2021\/04\/13\/residente-de-chicago-recuerda-al-iran-revolucionario\/"},"wordCount":1285,"publisher":{"@id":"https:\/\/borderlessmag.org\/#organization"},"image":{"@id":"https:\/\/borderlessmag.org\/2021\/04\/13\/residente-de-chicago-recuerda-al-iran-revolucionario\/#primaryimage"},"thumbnailUrl":"https:\/\/borderlessmag.org\/wordpress\/wp-content\/uploads\/2021\/03\/featured.jpg","articleSection":["Immigration Policy"],"inLanguage":"es","copyrightYear":"2021","copyrightHolder":{"@id":"https:\/\/borderlessmag.org\/es\/#organization"}},{"@type":"WebPage","@id":"https:\/\/borderlessmag.org\/2021\/04\/13\/residente-de-chicago-recuerda-al-iran-revolucionario\/","url":"https:\/\/borderlessmag.org\/2021\/04\/13\/residente-de-chicago-recuerda-al-iran-revolucionario\/","name":"Residente de Chicago Recuerda al Ir\u00e1n Revolucionario - Borderless Magazine NFP","isPartOf":{"@id":"https:\/\/borderlessmag.org\/#website"},"primaryImageOfPage":{"@id":"https:\/\/borderlessmag.org\/2021\/04\/13\/residente-de-chicago-recuerda-al-iran-revolucionario\/#primaryimage"},"image":{"@id":"https:\/\/borderlessmag.org\/2021\/04\/13\/residente-de-chicago-recuerda-al-iran-revolucionario\/#primaryimage"},"thumbnailUrl":"https:\/\/borderlessmag.org\/wordpress\/wp-content\/uploads\/2021\/03\/featured.jpg","datePublished":"2021-04-13T17:47:44+00:00","dateModified":"2022-09-30T17:59:37+00:00","description":"La autora local Jacqueline Saper era joven durante la revoluci\u00f3n iran\u00ed de 1979 y posteriormente solicit\u00f3 asilo en Estados Unidos.","inLanguage":"es","potentialAction":[{"@type":"ReadAction","target":["https:\/\/borderlessmag.org\/2021\/04\/13\/residente-de-chicago-recuerda-al-iran-revolucionario\/"]}]},{"@type":"ImageObject","inLanguage":"es","@id":"https:\/\/borderlessmag.org\/2021\/04\/13\/residente-de-chicago-recuerda-al-iran-revolucionario\/#primaryimage","url":"https:\/\/borderlessmag.org\/wordpress\/wp-content\/uploads\/2021\/03\/featured.jpg","contentUrl":"https:\/\/borderlessmag.org\/wordpress\/wp-content\/uploads\/2021\/03\/featured.jpg","caption":"Jacqueline Saper with her father, Rahmat Lavi, and her two children in 1985 at B\u0101gh-e Eram Park in Shiraz, Iran."},{"@type":"WebSite","@id":"https:\/\/borderlessmag.org\/#website","url":"https:\/\/borderlessmag.org\/","name":"Revista Borderless NFP","description":"Historias sobre inmigraci\u00f3n e inmigrantes","publisher":{"@id":"https:\/\/borderlessmag.org\/#organization"},"alternateName":"Borderless","potentialAction":[{"@type":"SearchAction","target":{"@type":"EntryPoint","urlTemplate":"https:\/\/borderlessmag.org\/?s={search_term_string}"},"query-input":{"@type":"PropertyValueSpecification","valueRequired":true,"valueName":"search_term_string"}}],"inLanguage":"es"},{"@type":"Organization","@id":"https:\/\/borderlessmag.org\/#organization","name":"Revista Borderless NFP","alternateName":"Borderless Mag","url":"https:\/\/borderlessmag.org\/","logo":{"@type":"ImageObject","inLanguage":"es","@id":"https:\/\/borderlessmag.org\/#\/schema\/logo\/image\/","url":"https:\/\/borderlessmag.org\/wordpress\/wp-content\/uploads\/2025\/08\/BorderlessLogo_main_square.jpg","contentUrl":"https:\/\/borderlessmag.org\/wordpress\/wp-content\/uploads\/2025\/08\/BorderlessLogo_main_square.jpg","width":696,"height":696,"caption":"Borderless Magazine NFP"},"image":{"@id":"https:\/\/borderlessmag.org\/#\/schema\/logo\/image\/"},"sameAs":["https:\/\/www.facebook.com\/BorderlessMagazine","https:\/\/www.instagram.com\/borderless_mag\/","https:\/\/www.tiktok.com\/@borderless_mag"]},{"@type":"Person","@id":"https:\/\/borderlessmag.org\/#\/schema\/person\/0618f82de4f96e41cf77d6a0573321cf","name":"Diane Bou Khalil","image":{"@type":"ImageObject","inLanguage":"es","@id":"https:\/\/secure.gravatar.com\/avatar\/8ab266732771c672da164c43f58b943cd205d109c8460ea50d582b0080f046a8?s=96&d=mm&r=gc5a4ac7eb3eec9681687e712dd1376b2","url":"https:\/\/secure.gravatar.com\/avatar\/8ab266732771c672da164c43f58b943cd205d109c8460ea50d582b0080f046a8?s=96&d=mm&r=g","contentUrl":"https:\/\/secure.gravatar.com\/avatar\/8ab266732771c672da164c43f58b943cd205d109c8460ea50d582b0080f046a8?s=96&d=mm&r=g","caption":"Diane Bou Khalil"},"url":"https:\/\/borderlessmag.org\/es\/author\/diane-bou-khalil\/"}]}},"cc_featured_image_caption":{"caption_text":"Arriba: Jacqueline Saper en 1985 con su padre, Rahmat Lavi, y sus dos hijos, en el jard\u00edn de Eram en Shiraz, Ir\u00e1n.","source_text":"","source_url":""},"_links":{"self":[{"href":"https:\/\/borderlessmag.org\/es\/wp-json\/wp\/v2\/posts\/5563","targetHints":{"allow":["GET"]}}],"collection":[{"href":"https:\/\/borderlessmag.org\/es\/wp-json\/wp\/v2\/posts"}],"about":[{"href":"https:\/\/borderlessmag.org\/es\/wp-json\/wp\/v2\/types\/post"}],"author":[{"embeddable":true,"href":"https:\/\/borderlessmag.org\/es\/wp-json\/wp\/v2\/users\/9"}],"replies":[{"embeddable":true,"href":"https:\/\/borderlessmag.org\/es\/wp-json\/wp\/v2\/comments?post=5563"}],"version-history":[{"count":0,"href":"https:\/\/borderlessmag.org\/es\/wp-json\/wp\/v2\/posts\/5563\/revisions"}],"wp:featuredmedia":[{"embeddable":true,"href":"https:\/\/borderlessmag.org\/es\/wp-json\/wp\/v2\/media\/5088"}],"wp:attachment":[{"href":"https:\/\/borderlessmag.org\/es\/wp-json\/wp\/v2\/media?parent=5563"}],"wp:term":[{"taxonomy":"category","embeddable":true,"href":"https:\/\/borderlessmag.org\/es\/wp-json\/wp\/v2\/categories?post=5563"},{"taxonomy":"post_tag","embeddable":true,"href":"https:\/\/borderlessmag.org\/es\/wp-json\/wp\/v2\/tags?post=5563"},{"taxonomy":"author","embeddable":true,"href":"https:\/\/borderlessmag.org\/es\/wp-json\/wp\/v2\/coauthors?post=5563"}],"curies":[{"name":"wp","href":"https:\/\/api.w.org\/{rel}","templated":true}]}}