{"id":5339,"date":"2021-03-31T08:03:36","date_gmt":"2021-03-31T13:03:36","guid":{"rendered":"https:\/\/borderlessmag.org\/?p=5339"},"modified":"2022-09-30T13:00:23","modified_gmt":"2022-09-30T18:00:23","slug":"el-condado-de-cook-pretende-interrumpir-la-cadena-que-va-de-la-condena-a-la-deportacion","status":"publish","type":"post","link":"https:\/\/borderlessmag.org\/es\/2021\/03\/31\/cook-county-aims-to-disrupt-the-conviction-to-deportation-pipeline\/","title":{"rendered":"El condado de Cook se propone interrumpir el proceso que conduce de la condena a la deportaci\u00f3n"},"content":{"rendered":"<p><a href=\"https:\/\/borderlessmag.org\/2021\/03\/31\/el-condado-de-cook-tiene-como-objetivo-interrumpir-el-proceso-de-condena-a-deportacion\/\">Leer en espa\u00f1ol<\/a><\/p>\n<p><span style=\"font-weight: 400;\">Alejandra Cano thought she was in the clear.<\/span><\/p>\n<p><span style=\"font-weight: 400;\">It had been five years since she got sober after a decades long struggle with drug addiction. She racked up several misdemeanors when she was using, mostly for shoplifting. But that was another life. In this one, Cano, 46, was a working single mom who lived in a comfortable first-floor apartment on the West Side of Chicago with her two teenage sons. And after almost 20 years of not seeing her dad or her homeland, Cano decided to fly to Chile in August 2019.<\/span><\/p>\n<p><span style=\"font-weight: 400;\">\u201cI still had my green card. I had no reason to worry,\u201d Cano said.<\/span><\/p>\n<p><span style=\"font-weight: 400;\">She was wrong. Upon her return from Chile, U.S. Customs and Border Protection agents at O\u2019Hare International Airport pulled Cano aside. Her rap sheet had popped up when they ran her fingerprints at the customs checkpoint, even though her last conviction was five years earlier<\/span><span style=\"font-weight: 400;\">. <\/span><span style=\"font-weight: 400;\">After hours of waiting alongside other noncitizens, an agent took away Cano\u2019s green card. The government is now seeking to revoke her legal status and deport her.<\/span><\/p>\n<p><span style=\"font-weight: 400;\">Cano is one of thousands of people \u2014 including undocumented immigrants, visa holders, and lawful permanent residents \u2014 who go through deportation proceedings in Chicago each year, according to federal immigration court data collected by Syracuse University\u2019s Transactional Records Access Clearinghouse. Many end up there via the criminal justice system. Not only do arrests draw the attention of U.S. Immigration and Customs Enforcement, certain criminal convictions can also trigger a deportation case. That includes offenses that, for a citizen, might mean only a court fee or short jail sentence. But noncitizens can end up being punished further with deportation \u2014 what\u2019s known as a \u201ccollateral consequence,\u201d akin to the loss of voting rights and other civil penalties that get tacked on to criminal convictions.<\/span><\/p>\n<div id=\"attachment_5433\" style=\"width: 1034px\" class=\"wp-caption alignnone\"><img decoding=\"async\" aria-describedby=\"caption-attachment-5433\" class=\"size-large wp-image-5433\" src=\"https:\/\/borderlessmag.org\/wordpress\/wp-content\/uploads\/2022\/01\/20210316_ImmigrationUnit_99-1024x683.jpg\" alt=\"immigrants, conviction, court, criminalization, deportation, defender, attorney, courts, representation\" width=\"1024\" height=\"683\" \/><p id=\"caption-attachment-5433\" class=\"wp-caption-text\">Alejandra Cano and her high school son Nico Ortiz outside their home Tuesday, March 16, in Evanston, Illinois. April Alonso for Borderless Magazine\/CatchLight Local<\/p><\/div>\n<p><span style=\"font-weight: 400;\">The Cook County Public Defender\u2019s Office estimates that its staff represents hundreds of noncitizens in felony cases at any given time \u2014 all of which could result in such collateral consequences. A new immigration unit within the public defender\u2019s office aims to disrupt this conviction-to-deportation pipeline. Working with public defenders, prosecutors, and community groups, the unit will ensure that noncitizens are warned when a plea deal could cost them their status and their home.<\/span><\/p>\n<p><span style=\"font-weight: 400;\">While Illinois has long <\/span><a href=\"https:\/\/law.justia.com\/cases\/illinois\/supreme-court\/1985\/60274-7.html\"><span style=\"font-weight: 400;\">required defense attorneys to do so<\/span><\/a><span style=\"font-weight: 400;\">, Cano said her Cook County public defenders never did \u2014 an oversight that\u2019s all too easy under the current system, according to several immigration and defense attorneys in Cook County who spoke to Injustice Watch and Borderless Magazine.<\/span><\/p>\n<p><span style=\"font-weight: 400;\">Three of the five misdemeanors that Cano pleaded guilty to between 2005 and 2013 were for retail theft, making her deportable <\/span><a href=\"https:\/\/www.shouselaw.com\/ca\/blog\/shoplifting\/is-shoplifting-a-crime-of-moral-turpitude\/#:~:text=Shoplifting%20is%20often%20a%20crime,a%20non%2Dcitizen's%20immigration%20status.&amp;text=Such%20petty%20offenses%20are%20exempted%20from%20crimes%20of%20moral%20turpitude.\"><span style=\"font-weight: 400;\">under federal immigration law<\/span><\/a><span style=\"font-weight: 400;\">.<\/span><\/p>\n<p><span style=\"font-weight: 400;\">Had she been warned of this, Cano said she would\u2019ve thought twice before boarding a plane. \u201cAt the very least, I would\u2019ve hired an immigration lawyer to help me figure out what was going on,\u201d she said.<\/span><\/p>\n<p><span style=\"font-weight: 400;\">While the scope of the new immigration unit is currently limited to advising public defenders, county officials say they ultimately want to provide free immigration attorneys to more immigrants facing deportation in Chicago. But fulfilling this promise will require changing state law, as well as overcoming the fiscal constraints that have hampered the public defender\u2019s office for decades.<\/span><\/p>\n<h3 id=\"a-deportable-offense\"><b>A deportable offense<\/b><\/h3>\n<p><span style=\"font-weight: 400;\">Immigration issues loom large within the court system in Cook County, where one in five residents was born in another country. Most of those residents live in metro Chicago, which is home to 480,000 <\/span><a href=\"https:\/\/www.dhs.gov\/immigration-statistics\/lawful-permanent-residents\"><span style=\"font-weight: 400;\">green card holders<\/span><\/a><span style=\"font-weight: 400;\">\u00a0and an estimated 460,000 undocumented immigrants, according to <\/span><a href=\"https:\/\/www.thechicagocouncil.org\/research?keywords=&amp;issues%5B%5D=86&amp;date=\"><span style=\"font-weight: 400;\">a recent<\/span><\/a><span style=\"font-weight: 400;\"> study published by The Chicago Council on Global Affairs.<\/span><\/p>\n<p><span style=\"font-weight: 400;\">It\u2019s unclear how many noncitizens are facing criminal charges in Cook County; the circuit court doesn\u2019t track a defendant\u2019s immigration status. <\/span><span style=\"font-weight: 400;\">An internal survey conducted last year found that Cook County public defenders collectively represented approximately 700 noncitizens from more than 80 different countries in open felony cases.<\/span><\/p>\n<p><span style=\"font-weight: 400;\">&#8220;All those folks face immigration consequences stemming from that criminal case,&#8221; said incoming Cook County Public Defender Sharone Mitchell Jr., who takes the reins April 1.<\/span><\/p>\n<p><span style=\"font-weight: 400;\">When it comes to which crimes could get a noncitizen deported, immigration law is both exact and vague. Deportable convictions generally fall under two categories: aggravated felonies \u2014 <\/span><span style=\"font-weight: 400;\">a laundry list of more than 30 types of offenses<\/span><span style=\"font-weight: 400;\">, including drug trafficking, filing a false tax return, and failing to appear in court \u2014\u00a0and crimes \u201c<\/span><a href=\"https:\/\/www.ilrc.org\/sites\/default\/files\/resources\/all_those_rules_cimt_june_2020.pdf\"><span style=\"font-weight: 400;\">involving moral turpitude<\/span><\/a><span style=\"font-weight: 400;\">.\u201d<\/span><\/p>\n<p><span style=\"font-weight: 400;\">The latter category is purposely vague; even the Justice Department has said the term is \u201c<\/span><a href=\"https:\/\/www.justice.gov\/archives\/jm\/criminal-resource-manual-1934-appendix-d-grounds-judicial-deportation\"><span style=\"font-weight: 400;\">difficult to define with precision<\/span><\/a><span style=\"font-weight: 400;\">.\u201d Murder and other violent acts are included, but so are nonviolent crimes, such as embezzlement, fraud, forgery, and theft. In the absence of a clear definition, immigration courts make determinations on a <\/span><span style=\"font-weight: 400;\">case-by-case basis<\/span><span style=\"font-weight: 400;\">, informed by relevant case law and state criminal statutes.<\/span><\/p>\n\n\t\t<style type=\"text\/css\">\n\t\t\t#gallery-1 {\n\t\t\t\tmargin: auto;\n\t\t\t}\n\t\t\t#gallery-1 .gallery-item {\n\t\t\t\tfloat: left;\n\t\t\t\tmargin-top: 10px;\n\t\t\t\ttext-align: center;\n\t\t\t\twidth: 100%;\n\t\t\t}\n\t\t\t#gallery-1 img {\n\t\t\t\tborder: 2px solid #cfcfcf;\n\t\t\t}\n\t\t\t#gallery-1 .gallery-caption {\n\t\t\t\tmargin-left: 0;\n\t\t\t}\n\t\t\t\/* see gallery_shortcode() in wp-includes\/media.php *\/\n\t\t<\/style>\n\t\t<div id='gallery-1' class='gallery galleryid-5339 gallery-columns-1 gallery-size-medium'><dl class='gallery-item'>\n\t\t\t<dt class='gallery-icon landscape'>\n\t\t\t\t<img decoding=\"async\" width=\"1\" height=\"1\" src=\"https:\/\/borderlessmag.org\/wordpress\/wp-content\/uploads\/2021\/03\/Insta.png\" class=\"attachment-medium size-medium\" alt=\"\" \/>\n\t\t\t<\/dt><\/dl><br style=\"clear: both\" \/><dl class='gallery-item'>\n\t\t\t<dt class='gallery-icon landscape'>\n\t\t\t\t<img decoding=\"async\" width=\"1\" height=\"1\" src=\"https:\/\/borderlessmag.org\/wordpress\/wp-content\/uploads\/2021\/03\/Insta-1.png\" class=\"attachment-medium size-medium\" alt=\"courts, deportation, noncitizens, criminalization, representation, tips\" \/>\n\t\t\t<\/dt><\/dl><br style=\"clear: both\" \/><dl class='gallery-item'>\n\t\t\t<dt class='gallery-icon landscape'>\n\t\t\t\t<img decoding=\"async\" width=\"1\" height=\"1\" src=\"https:\/\/borderlessmag.org\/wordpress\/wp-content\/uploads\/2021\/03\/Insta-2.png\" class=\"attachment-medium size-medium\" alt=\"\" \/>\n\t\t\t<\/dt><\/dl><br style=\"clear: both\" \/><dl class='gallery-item'>\n\t\t\t<dt class='gallery-icon landscape'>\n\t\t\t\t<img decoding=\"async\" width=\"1\" height=\"1\" src=\"https:\/\/borderlessmag.org\/wordpress\/wp-content\/uploads\/2021\/03\/Insta-3.png\" class=\"attachment-medium size-medium\" alt=\"\" \/>\n\t\t\t<\/dt><\/dl><br style=\"clear: both\" \/><dl class='gallery-item'>\n\t\t\t<dt class='gallery-icon landscape'>\n\t\t\t\t<img decoding=\"async\" width=\"1\" height=\"1\" src=\"https:\/\/borderlessmag.org\/wordpress\/wp-content\/uploads\/2021\/03\/Insta-4.png\" class=\"attachment-medium size-medium\" alt=\"\" \/>\n\t\t\t<\/dt><\/dl><br style=\"clear: both\" \/><dl class='gallery-item'>\n\t\t\t<dt class='gallery-icon landscape'>\n\t\t\t\t<img decoding=\"async\" width=\"1\" height=\"1\" src=\"https:\/\/borderlessmag.org\/wordpress\/wp-content\/uploads\/2021\/03\/Insta-5.png\" class=\"attachment-medium size-medium\" alt=\"\" \/>\n\t\t\t<\/dt><\/dl><br style=\"clear: both\" \/>\n\t\t<\/div>\n\n<p><span style=\"color: #808080;\"><a href=\"https:\/\/borderlessmag.org\/wordpress\/wp-content\/uploads\/2021\/03\/An-immigration-lawyer_s-tips-for-noncitizens.pdf\">Download<\/a> a shareable PDF of an immigration lawyer&#8217;s tips for noncitizens in criminal court.\u00a0<\/span><\/p>\n<p><span style=\"font-weight: 400;\">To make matters more complicated, alternative sentences, such as probation, restitution, community service, and drug rehabilitation \u2014 options regularly sought out when looking to cut a deal with prosecutors \u2014 <\/span><a href=\"https:\/\/www.ilrc.org\/sites\/default\/files\/resources\/ijn-conviction-definition-factsheet.pdf\"><span style=\"font-weight: 400;\">may also put a noncitizen at risk for deportation<\/span><\/a><span style=\"font-weight: 400;\">.<\/span><\/p>\n<p><span style=\"font-weight: 400;\">For these reasons, anticipating collateral immigration consequences can prove difficult, even for the most informed criminal defense attorneys. Nevertheless, <\/span><a href=\"https:\/\/www.oyez.org\/cases\/2009\/08-651\"><span style=\"font-weight: 400;\">in the 2010 <\/span><i><span style=\"font-weight: 400;\">Padilla v. Kentucky <\/span><\/i><span style=\"font-weight: 400;\">ruling<\/span><\/a><span style=\"font-weight: 400;\">, the U.S. Supreme Court held that, under the Sixth Amendment, attorneys have an obligation to ask clients about their citizenship status and inform them whether a plea deal carries a risk of deportation.<\/span><\/p>\n<p><span style=\"font-weight: 400;\">While the mandate from the courts is clear in theory, multiple Chicago immigration attorneys told Injustice Watch and Borderless Magazine that, in practice, gaps in the system frequently leave immigrant clients unprotected from collateral consequences.<\/span><\/p>\n<p><span style=\"font-weight: 400;\">Kate Ramos, a supervising attorney at the National Immigrant Justice Center, a Chicago-based nonprofit, is representing Cano in her deportation proceedings. Cano isn\u2019t the only client who landed in deportation proceedings following a plea deal, Ramos said: \u201cA lot of our clients come in and tell me \u2026 they were not aware of the consequences.\u201d<\/span><\/p>\n<p><span style=\"font-weight: 400;\">Having a dedicated immigration unit in the public defender\u2019s office could matter, according to Ramos. \u201cPublic defenders are not immigration attorneys,\u201d she said. \u201cThey\u2019re looking [out] for the good for their clients from a criminal standpoint, [and] that\u2019s why it\u2019s important to have an office that can really focus on both.\u201d<\/span><\/p>\n<p><span style=\"font-weight: 400;\">Before the immigration unit got up and running, public defenders consulted with immigration lawyers on a case-by-case basis.<\/span><\/p>\n<p><span style=\"font-weight: 400;\">But Angela Kilpatrick, the head public defender at Cook County&#8217;s Bridgeview courthouse, said sometimes it&#8217;s hard to square the most immediate relief for a client \u2014 taking a plea deal to get out of custody, for example \u2014 with the potential impact to their immigration status down the line.<\/span><\/p>\n<p><span style=\"font-weight: 400;\">Having an in-house immigration lawyer to advise public defenders on these concerns will go a long way toward creating a \u201c360-degree, bubblewrap approach on how we do [criminal] defense,&#8221; she said.<\/span><\/p>\n<div id=\"attachment_5435\" style=\"width: 1034px\" class=\"wp-caption alignnone\"><img decoding=\"async\" aria-describedby=\"caption-attachment-5435\" class=\"size-large wp-image-5435\" src=\"https:\/\/borderlessmag.org\/wordpress\/wp-content\/uploads\/2022\/01\/20210322_ImmigrationUnit_170-1024x683.jpg\" alt=\"immigrants, conviction, court, criminalization, deportation, defender, attorney, courts, representation\" width=\"1024\" height=\"683\" \/><p id=\"caption-attachment-5435\" class=\"wp-caption-text\">Hena Mansori, the head attorney of the new immigration unit in the Cook County Public Defender\u2019s Office, near her home March 22, on the Northwest Side of Chicago. April Alonso for Borderless Magazine\/CatchLight Local<\/p><\/div>\n<p><span style=\"font-weight: 400;\">Heading the unit is longtime immigration lawyer Hena Mansori, who worked at the National Immigrant Justice Center for more than a decade. Since January, she has been busy training dozens of Cook County public defenders via Zoom and developing a new intake system to identify and track cases where public defenders are representing noncitizens. The system will be protected by attorney-client privileges, so clients won\u2019t have to worry about being targeted by ICE.<\/span><\/p>\n<p><span style=\"font-weight: 400;\">The immigration unit is still a team of one, but the county plans to hire two more immigration lawyers and a case manager to join Mansori later this year, she said.<\/span><\/p>\n<p><span style=\"font-weight: 400;\">Mansori also hopes to put knowledge directly in the hands of immigrant communities through information sessions with community partners. At a virtual training with the Chicago-based United African Organization in November, Mansori explained how a criminal conviction may lead to deportation, and she fielded questions from an audience of about 40.<\/span><\/p>\n\t\t<div class=\"pk-inline-posts\">\n\t\t\t\t\t\t\t<h5 class=\"pk-inline-posts-title pk-title pk-font-block\">\n\t\t\t\t\tRead more\t\t\t\t<\/h5>\n\t\t\t\n\t\t\t<div class=\"pk-inline-posts-container pk-inline-posts-template-list\"\n\t\t\t\tdata-columns=\"1\">\n\t\t\t\t\t\t<article id=\"post-4617\" class=\"post-4617 post type-post status-publish format-standard has-post-thumbnail category-immigration-policy tag-santos\">\n\t\t\t<div class=\"pk-post-outer\">\n\n\t\t\t\t\t\t\t\t<div class=\"pk-post-inner\">\n\t\t\t\t\t<div class=\"entry-thumbnail\">\n\t\t\t\t\t\t<div class=\"pk-overlay pk-overlay-ratio pk-ratio-landscape\">\n\t\t\t\t\t\t\t<div class=\"pk-overlay-background\">\n\t\t\t\t\t\t\t\t<a href=\"https:\/\/borderlessmag.org\/es\/2021\/01\/13\/for-undocumented-immigrants-a-shot-at-lawful-residency-requires-risking-it-all\/\" class=\"pk-overlay-link\">\n\t\t\t\t\t\t\t\t\t<img decoding=\"async\" width=\"1\" height=\"1\" src=\"https:\/\/borderlessmag.org\/wordpress\/wp-content\/uploads\/2021\/01\/2021_01_08_BL_CancellationofRemoval_SCF_UNCROPPED_03-1.jpg\" class=\"attachment-pk-thumbnail size-pk-thumbnail wp-post-image\" alt=\"\" \/>\t\t\t\t\t\t\t\t<\/a>\n\t\t\t\t\t\t\t<\/div>\n\t\t\t\t\t\t<\/div>\n\t\t\t\t\t<\/div>\n\t\t\t\t<\/div>\n\t\t\t\t\n\t\t\t\t<div class=\"pk-post-inner\">\n\t\t\t\t\t<header>\n\t\t\t\t\t\t<h3 class=\"pk-title\"><a href=\"https:\/\/borderlessmag.org\/es\/2021\/01\/13\/for-undocumented-immigrants-a-shot-at-lawful-residency-requires-risking-it-all\/\" rel=\"bookmark\">For Undocumented Immigrants, a Shot at Lawful Residency Requires Risking It All<\/a><\/h3>\t\t\t\t\t\t\t<div class=\"pk-post-meta\">\n\t\t\t\t\t\t\t\t<span class=\"pk-meta-author meta-author\"><span class=\"author vcard\"><a class=\"url fn n\" href=\"https:\/\/borderlessmag.org\/es\/author\/yilun-cheng\/\" title=\"View all posts by Yilun Cheng\">Yilun Cheng<\/a><\/span><\/span>\t\t\t\t\t\t\t\t<span class=\"sep\">\u00b7<\/span>\n\t\t\t\t\t\t\t\t<span class=\"pk-meta-date meta-date\"><a href=\"https:\/\/borderlessmag.org\/es\/2021\/01\/13\/for-undocumented-immigrants-a-shot-at-lawful-residency-requires-risking-it-all\/\" rel=\"bookmark\">enero 13, 2021<\/a><\/span>\t\t\t\t\t\t\t<\/div>\n\t\t\t\t\t\t\t\t\t\t\t\t<\/header><!-- .entry-header -->\n\t\t\t\t<\/div><!-- .post-inner -->\n\n\t\t\t<\/div><!-- .post-outer -->\n\t\t<\/article>\n\t\t\t\t<\/div>\n\t\t<\/div>\n\t\t\n<p><span style=\"font-weight: 400;\">\u201c[The immigration unit] is critical for our community,\u201d United African Organization Programs Director Fasika Alem said. \u201cLike all other Black people, the interaction of African immigrants with law enforcement is greater because we live in communities that are overpoliced.\u201d<\/span><\/p>\n<p><span style=\"font-weight: 400;\">While Black immigrants make up about 7% of the total noncitizens residing in the U.S., they made up more than 20% of immigrants facing deportation on criminal grounds between 2003 and 2015, <\/span><a href=\"http:\/\/stateofblackimmigrants.com\/wp-content\/uploads\/2018\/09\/sobi-fullreport-jan22.pdf\"><span style=\"font-weight: 400;\">according to an analysis<\/span><\/a><span style=\"font-weight: 400;\"> of federal immigration data by New York University School of Law\u2019s Immigrant Rights Clinic.<\/span><\/p>\n<p><span style=\"font-weight: 400;\">Alem\u2019s group is part of the coalition of activist and civil rights groups that pushed to establish the immigration unit. While she applauds its launch, she said officials shouldn\u2019t lose sight of what she thinks is the main goal: universal representation for all immigrants in need of a lawyer in Chicago.<\/span><\/p>\n<p><span style=\"font-weight: 400;\">\u201cWe\u2019re going to continue to push for that. The sooner, the better,\u201d she said.<\/span><\/p>\n<h3 id=\"a-lawyer-for-every-immigrant\"><b>A lawyer for every immigrant<\/b><\/h3>\n<p><span style=\"font-weight: 400;\">While the Sixth Amendment guarantees criminal defendants a right to a lawyer, that same right does not extend to immigration court. Last fiscal year, 66% of immigrants in deportation proceedings nationwide did not have a lawyer, according to Syracuse University\u2019s Transactional Records Access Clearinghouse. At the Chicago Immigration Court, that figure was closer to 70%.<\/span><\/p>\n<p><span style=\"font-weight: 400;\">When immigrants facing deportation do have a lawyer, they are up to <\/span><a href=\"https:\/\/www.vera.org\/downloads\/publications\/a-federal-defender-service-for-immigrants.pdf\"><span style=\"font-weight: 400;\">10 times more likely<\/span><\/a><span style=\"font-weight: 400;\"> to win their cases, according to an analysis by the Vera Institute of Justice. Several localities already provide at least some publicly funded immigration defense. New York guarantees universal representation in immigration court statewide.<\/span><\/p>\n<div id=\"attachment_5436\" style=\"width: 343px\" class=\"wp-caption alignright\"><img decoding=\"async\" aria-describedby=\"caption-attachment-5436\" class=\"wp-image-5436 \" src=\"https:\/\/borderlessmag.org\/wordpress\/wp-content\/uploads\/2022\/01\/ImmigrationRepresentationViz-888x1024.png\" alt=\"\" width=\"333\" height=\"384\" \/><p id=\"caption-attachment-5436\" class=\"wp-caption-text\">Data provided by <span style=\"color: #800000;\"><a style=\"color: #800000;\" href=\"https:\/\/trac.syr.edu\/phptools\/immigration\/nta\/\">TRAC<\/a><\/span>.Michelle\u00a0 \u00a0 \u00a0 \u00a0 \u00a0 \u00a0Kanaar\/Borderless Magazine<\/p><\/div>\n<p><span style=\"font-weight: 400;\">It\u2019s unlikely that Illinois will follow suit anytime soon. The Cook County public defender\u2019s office is currently pushing an amendment to an Illinois law that would expand who public defenders can represent to include noncitizens with cases before Chicago\u2019s immigration court. The amendment passed out of an Illinois House committee in March.<\/span><\/p>\n<p><span style=\"font-weight: 400;\">Even if the measure succeeds, a lack of funding and personnel means that the county would still pick and choose which noncitizens get a lawyer. For the time being, the priority will be to provide immigration attorneys to defendants who are either currently represented by a Cook County public defender or have been in the past, according to Era Laudermilk, a legislative affairs deputy at the Cook County public defender\u2019s office.<\/span><\/p>\n<p><span style=\"font-weight: 400;\">\u201cOur goal \u2026 is to ensure that we\u2019re providing the most services that we can and balancing the needs of the central functions of the office without robbing Peter to pay Paul,\u201d said Mitchell, the <\/span><span style=\"font-weight: 400;\">incoming Cook County public defender<\/span><span style=\"font-weight: 400;\">.<\/span><\/p>\n<p><span style=\"font-weight: 400;\">That points to a larger concern for Xanat Sobrevilla, an organizer with Organized Communities Against Deportations, an immigrant rights group in Chicago. She worries that Cook County will not adequately fund the immigration unit or the public defender\u2019s office writ large to properly do its job, <\/span><a href=\"https:\/\/southsideweekly.com\/a-broken-shield\/\"><span style=\"font-weight: 400;\">as crushing caseloads<\/span><\/a><span style=\"font-weight: 400;\"> have <\/span><a href=\"https:\/\/repository.law.uic.edu\/cgi\/viewcontent.cgi?article=2723&amp;context=lawreview\"><span style=\"font-weight: 400;\">overburdened public defenders for years<\/span><\/a><span style=\"font-weight: 400;\">.<\/span><\/p>\n<p><span style=\"font-weight: 400;\">\u201cIf we can\u2019t stop the over-policing of [Black and brown] communities, then we won\u2019t stop more immigrants coming in contact with the criminal justice system,\u201d Sobrevilla said.<\/span><\/p>\n<p><span style=\"font-weight: 400;\">Mansori hopes to see the county eventually invest in universal representation, especially given the financial and emotional impact that detention during deportation proceedings has on family members. But for now, defending cases in which immigration law is murky could have a broader impact in stopping collateral consequences. Where immigration courts must interpret, for example, which types of crimes involve \u201cmoral turpitude,\u201d winning deportation relief in one case can \u201cset a precedent that benefits many others as well,\u201d Mansori said.<\/span><\/p>\n<p><span style=\"font-weight: 400;\">For her part, Cano is hopeful that more robust immigration defense in Cook County will mean that others won\u2019t have to go through what she did. Cano\u2019s case is still in limbo, as her hearing before an immigration judge was canceled because of the Covid-19 pandemic and has yet to be rescheduled.<\/span><\/p>\n<p><span style=\"font-weight: 400;\">Until she knows whether she can stay, Cano is taking it one day at a time.<\/span><\/p>\n<p><span style=\"font-weight: 400;\">\u201cThat\u2019s something I learned in recovery,\u201d she said.<\/span><\/p>\n<p>&nbsp;<\/p>\n<p><i><span style=\"font-weight: 400;\">Rita Oceguera contributed reporting. <\/span><\/i><i>This story is part of the\u00a0<a href=\"https:\/\/www.injusticewatch.org\/series\/collateral-consequences\/\" target=\"_blank\" rel=\"noopener\" data-saferedirecturl=\"https:\/\/www.google.com\/url?q=https:\/\/www.injusticewatch.org\/series\/collateral-consequences\/&amp;source=gmail&amp;ust=1617247452890000&amp;usg=AFQjCNFdcCd1a02BfGqTxHAvEeMQWCVupA\">collateral consequences series<\/a>, a partnership between <span style=\"font-weight: 400;\"><a href=\"https:\/\/www.injusticewatch.org\/news\/immigration\/2021\/cook-county-conviction-deportation-pipeline\">Injustice Watch<\/a><\/span> and Borderless Magazine to explore the criminal conviction to deportation pipeline in Cook County.<\/i><\/p>\n<h4 id=\"our-work-is-made-possible-thanks-to-donations-from-people-like-you-support-high-quality-reporting-by-making-a-tax-deductible-donation-today\" class=\"pk-content-block pk-block-bg pk-block-bg-light\" style=\"text-align: left;\"><span style=\"color: #993300;\">Our work is made possible thanks to donations from people like you. Support high-quality reporting by making a tax-deductible donation today. \u00a0 \u00a0 \u00a0 \u00a0 \u00a0 \u00a0 \u00a0 \u00a0 \u00a0 \u00a0 \u00a0 \u00a0 \u00a0 \u00a0 \u00a0 \u00a0 \u00a0 \u00a0 \u00a0 \u00a0 \u00a0 \u00a0 \u00a0 \u00a0 \u00a0 \u00a0 \u00a0 \u00a0 \u00a0 \u00a0 \u00a0 \u00a0 \u00a0 \u00a0 \u00a0 \u00a0 \u00a0 \u00a0 \u00a0 \u00a0 \u00a0 \u00a0 \u00a0 \u00a0 \u00a0 \u00a0 \u00a0 \u00a0 \u00a0 \u00a0 \u00a0 \u00a0 \u00a0 \u00a0 \u00a0 \u00a0 \u00a0 \u00a0 \u00a0 \u00a0 \u00a0 \u00a0 \u00a0 \u00a0 \u00a0\u00a0<\/span><a class=\"pk-button pk-button-md pk-button-primary pk-font-primary\" href=\"https:\/\/borderlessmag.org\/donate\/\" target=\"_blank\" >\n\t\t\t Donate \n\t\t<\/a><\/h4>\n","protected":false},"excerpt":{"rendered":"<p>Una nueva unidad dentro de la oficina del defensor p\u00fablico del Condado de Cook quiere una mejor representaci\u00f3n para los clientes no ciudadanos en riesgo de ser deportados.<\/p>","protected":false},"author":24,"featured_media":5434,"comment_status":"closed","ping_status":"closed","sticky":false,"template":"","format":"standard","meta":{"inline_featured_image":false,"footnotes":""},"categories":[107],"tags":[129],"coauthors":[245],"class_list":{"0":"post-5339","1":"post","2":"type-post","3":"status-publish","4":"format-standard","5":"has-post-thumbnail","7":"category-resources","8":"tag-conviction"},"yoast_head":"<!-- This site is optimized with the Yoast SEO Premium plugin v27.3 (Yoast SEO v27.3) - https:\/\/yoast.com\/product\/yoast-seo-premium-wordpress\/ -->\n<title>Cook County aims to disrupt the conviction-to-deportation pipeline<\/title>\n<meta name=\"description\" content=\"A new unit within the Cook County public defender&#039;s office wants better representation for noncitizens clients at risk of being deported.\" \/>\n<meta name=\"robots\" content=\"index, follow, max-snippet:-1, max-image-preview:large, max-video-preview:-1\" \/>\n<link rel=\"canonical\" href=\"https:\/\/borderlessmag.org\/es\/2021\/03\/31\/el-condado-de-cook-pretende-interrumpir-la-cadena-que-va-de-la-condena-a-la-deportacion\/\" \/>\n<meta property=\"og:locale\" content=\"es_MX\" \/>\n<meta property=\"og:type\" content=\"article\" \/>\n<meta property=\"og:title\" content=\"Cook County aims to disrupt the conviction-to-deportation pipeline &#8211; Resources &#8211; Borderless Magazine NFP\" \/>\n<meta property=\"og:description\" content=\"Cook County aims to disrupt the conviction-to-deportation pipeline &#8211; Resources &#8211; Borderless Magazine NFP\" \/>\n<meta property=\"og:url\" content=\"https:\/\/borderlessmag.org\/es\/2021\/03\/31\/el-condado-de-cook-pretende-interrumpir-la-cadena-que-va-de-la-condena-a-la-deportacion\/\" \/>\n<meta property=\"og:site_name\" content=\"Borderless Magazine NFP\" \/>\n<meta property=\"article:publisher\" content=\"https:\/\/www.facebook.com\/BorderlessMagazine\" \/>\n<meta property=\"article:published_time\" content=\"2021-03-31T13:03:36+00:00\" \/>\n<meta property=\"article:modified_time\" content=\"2022-09-30T18:00:23+00:00\" \/>\n<meta property=\"og:image\" content=\"https:\/\/borderlessmag.org\/wordpress\/wp-content\/uploads\/2021\/03\/20210316_ImmigrationUnit_featured.jpg\" \/>\n\t<meta property=\"og:image:width\" content=\"1500\" \/>\n\t<meta property=\"og:image:height\" content=\"775\" \/>\n\t<meta property=\"og:image:type\" content=\"image\/jpeg\" \/>\n<meta name=\"author\" content=\"Yilun Cheng\" \/>\n<meta name=\"twitter:card\" content=\"summary_large_image\" \/>\n<meta name=\"twitter:label1\" content=\"Escrito por\" \/>\n\t<meta name=\"twitter:data1\" content=\"Carlos Ballesteros\" \/>\n\t<meta name=\"twitter:label2\" content=\"Tiempo de lectura\" \/>\n\t<meta name=\"twitter:data2\" content=\"10 minutos\" \/>\n\t<meta name=\"twitter:label3\" content=\"Written by\" \/>\n\t<meta name=\"twitter:data3\" content=\"Yilun Cheng\" \/>\n<script type=\"application\/ld+json\" class=\"yoast-schema-graph\">{\"@context\":\"https:\\\/\\\/schema.org\",\"@graph\":[{\"@type\":\"NewsArticle\",\"@id\":\"https:\\\/\\\/borderlessmag.org\\\/2021\\\/03\\\/31\\\/cook-county-aims-to-disrupt-the-conviction-to-deportation-pipeline\\\/#article\",\"isPartOf\":{\"@id\":\"https:\\\/\\\/borderlessmag.org\\\/2021\\\/03\\\/31\\\/cook-county-aims-to-disrupt-the-conviction-to-deportation-pipeline\\\/\"},\"author\":{\"name\":\"Carlos Ballesteros\",\"@id\":\"https:\\\/\\\/borderlessmag.org\\\/#\\\/schema\\\/person\\\/4250b014f4cc7cf8c287667868043b81\"},\"headline\":\"Cook County aims to disrupt the conviction-to-deportation pipeline\",\"datePublished\":\"2021-03-31T13:03:36+00:00\",\"dateModified\":\"2022-09-30T18:00:23+00:00\",\"mainEntityOfPage\":{\"@id\":\"https:\\\/\\\/borderlessmag.org\\\/2021\\\/03\\\/31\\\/cook-county-aims-to-disrupt-the-conviction-to-deportation-pipeline\\\/\"},\"wordCount\":2182,\"publisher\":{\"@id\":\"https:\\\/\\\/borderlessmag.org\\\/#organization\"},\"image\":{\"@id\":\"https:\\\/\\\/borderlessmag.org\\\/2021\\\/03\\\/31\\\/cook-county-aims-to-disrupt-the-conviction-to-deportation-pipeline\\\/#primaryimage\"},\"thumbnailUrl\":\"https:\\\/\\\/borderlessmag.org\\\/wordpress\\\/wp-content\\\/uploads\\\/2021\\\/03\\\/20210316_ImmigrationUnit_featured.jpg\",\"keywords\":[\"conviction\"],\"articleSection\":[\"Resources\"],\"inLanguage\":\"es\",\"copyrightYear\":\"2021\",\"copyrightHolder\":{\"@id\":\"https:\\\/\\\/borderlessmag.org\\\/es\\\/#organization\"}},{\"@type\":\"WebPage\",\"@id\":\"https:\\\/\\\/borderlessmag.org\\\/2021\\\/03\\\/31\\\/cook-county-aims-to-disrupt-the-conviction-to-deportation-pipeline\\\/\",\"url\":\"https:\\\/\\\/borderlessmag.org\\\/2021\\\/03\\\/31\\\/cook-county-aims-to-disrupt-the-conviction-to-deportation-pipeline\\\/\",\"name\":\"Cook County aims to disrupt the conviction-to-deportation pipeline\",\"isPartOf\":{\"@id\":\"https:\\\/\\\/borderlessmag.org\\\/#website\"},\"primaryImageOfPage\":{\"@id\":\"https:\\\/\\\/borderlessmag.org\\\/2021\\\/03\\\/31\\\/cook-county-aims-to-disrupt-the-conviction-to-deportation-pipeline\\\/#primaryimage\"},\"image\":{\"@id\":\"https:\\\/\\\/borderlessmag.org\\\/2021\\\/03\\\/31\\\/cook-county-aims-to-disrupt-the-conviction-to-deportation-pipeline\\\/#primaryimage\"},\"thumbnailUrl\":\"https:\\\/\\\/borderlessmag.org\\\/wordpress\\\/wp-content\\\/uploads\\\/2021\\\/03\\\/20210316_ImmigrationUnit_featured.jpg\",\"datePublished\":\"2021-03-31T13:03:36+00:00\",\"dateModified\":\"2022-09-30T18:00:23+00:00\",\"description\":\"A new unit within the Cook County public defender's office wants better representation for noncitizens clients at risk of being deported.\",\"inLanguage\":\"es\",\"potentialAction\":[{\"@type\":\"ReadAction\",\"target\":[\"https:\\\/\\\/borderlessmag.org\\\/2021\\\/03\\\/31\\\/cook-county-aims-to-disrupt-the-conviction-to-deportation-pipeline\\\/\"]}]},{\"@type\":\"ImageObject\",\"inLanguage\":\"es\",\"@id\":\"https:\\\/\\\/borderlessmag.org\\\/2021\\\/03\\\/31\\\/cook-county-aims-to-disrupt-the-conviction-to-deportation-pipeline\\\/#primaryimage\",\"url\":\"https:\\\/\\\/borderlessmag.org\\\/wordpress\\\/wp-content\\\/uploads\\\/2021\\\/03\\\/20210316_ImmigrationUnit_featured.jpg\",\"contentUrl\":\"https:\\\/\\\/borderlessmag.org\\\/wordpress\\\/wp-content\\\/uploads\\\/2021\\\/03\\\/20210316_ImmigrationUnit_featured.jpg\",\"caption\":\"Alejandra Cano outside her home Tuesday, March 16, in Evanston, Illinois.\"},{\"@type\":\"WebSite\",\"@id\":\"https:\\\/\\\/borderlessmag.org\\\/#website\",\"url\":\"https:\\\/\\\/borderlessmag.org\\\/\",\"name\":\"Borderless Magazine NFP\",\"description\":\"Stories about immigration and immigrants\",\"publisher\":{\"@id\":\"https:\\\/\\\/borderlessmag.org\\\/#organization\"},\"alternateName\":\"Borderless\",\"potentialAction\":[{\"@type\":\"SearchAction\",\"target\":{\"@type\":\"EntryPoint\",\"urlTemplate\":\"https:\\\/\\\/borderlessmag.org\\\/?s={search_term_string}\"},\"query-input\":{\"@type\":\"PropertyValueSpecification\",\"valueRequired\":true,\"valueName\":\"search_term_string\"}}],\"inLanguage\":\"es\"},{\"@type\":\"Organization\",\"@id\":\"https:\\\/\\\/borderlessmag.org\\\/#organization\",\"name\":\"Borderless Magazine NFP\",\"alternateName\":\"Borderless Mag\",\"url\":\"https:\\\/\\\/borderlessmag.org\\\/\",\"logo\":{\"@type\":\"ImageObject\",\"inLanguage\":\"es\",\"@id\":\"https:\\\/\\\/borderlessmag.org\\\/#\\\/schema\\\/logo\\\/image\\\/\",\"url\":\"https:\\\/\\\/borderlessmag.org\\\/wordpress\\\/wp-content\\\/uploads\\\/2025\\\/08\\\/BorderlessLogo_main_square.jpg\",\"contentUrl\":\"https:\\\/\\\/borderlessmag.org\\\/wordpress\\\/wp-content\\\/uploads\\\/2025\\\/08\\\/BorderlessLogo_main_square.jpg\",\"width\":696,\"height\":696,\"caption\":\"Borderless Magazine NFP\"},\"image\":{\"@id\":\"https:\\\/\\\/borderlessmag.org\\\/#\\\/schema\\\/logo\\\/image\\\/\"},\"sameAs\":[\"https:\\\/\\\/www.facebook.com\\\/BorderlessMagazine\",\"https:\\\/\\\/www.instagram.com\\\/borderless_mag\\\/\",\"https:\\\/\\\/www.tiktok.com\\\/@borderless_mag\"]},{\"@type\":\"Person\",\"@id\":\"https:\\\/\\\/borderlessmag.org\\\/#\\\/schema\\\/person\\\/4250b014f4cc7cf8c287667868043b81\",\"name\":\"Carlos Ballesteros\",\"image\":{\"@type\":\"ImageObject\",\"inLanguage\":\"es\",\"@id\":\"https:\\\/\\\/secure.gravatar.com\\\/avatar\\\/205463ef16779b3a260153939afce267f70a31543e6191bfa93a84a534310d90?s=96&d=mm&r=g10f08e886acac38b2bde0eb8cfeff78e\",\"url\":\"https:\\\/\\\/secure.gravatar.com\\\/avatar\\\/205463ef16779b3a260153939afce267f70a31543e6191bfa93a84a534310d90?s=96&d=mm&r=g\",\"contentUrl\":\"https:\\\/\\\/secure.gravatar.com\\\/avatar\\\/205463ef16779b3a260153939afce267f70a31543e6191bfa93a84a534310d90?s=96&d=mm&r=g\",\"caption\":\"Carlos Ballesteros\"},\"url\":\"https:\\\/\\\/borderlessmag.org\\\/es\\\/author\\\/carlos-ballesteros\\\/\"}]}<\/script>\n<!-- \/ Yoast SEO Premium plugin. -->","yoast_head_json":{"title":"El condado de Cook se propone interrumpir el proceso que conduce de la condena a la deportaci\u00f3n","description":"Una nueva unidad dentro de la oficina del defensor p\u00fablico del Condado de Cook quiere una mejor representaci\u00f3n para los clientes no ciudadanos en riesgo de ser deportados.","robots":{"index":"index","follow":"follow","max-snippet":"max-snippet:-1","max-image-preview":"max-image-preview:large","max-video-preview":"max-video-preview:-1"},"canonical":"https:\/\/borderlessmag.org\/es\/2021\/03\/31\/el-condado-de-cook-pretende-interrumpir-la-cadena-que-va-de-la-condena-a-la-deportacion\/","og_locale":"es_MX","og_type":"article","og_title":"Cook County aims to disrupt the conviction-to-deportation pipeline &#8211; Resources &#8211; Borderless Magazine NFP","og_description":"Cook County aims to disrupt the conviction-to-deportation pipeline &#8211; Resources &#8211; Borderless Magazine NFP","og_url":"https:\/\/borderlessmag.org\/es\/2021\/03\/31\/el-condado-de-cook-pretende-interrumpir-la-cadena-que-va-de-la-condena-a-la-deportacion\/","og_site_name":"Borderless Magazine NFP","article_publisher":"https:\/\/www.facebook.com\/BorderlessMagazine","article_published_time":"2021-03-31T13:03:36+00:00","article_modified_time":"2022-09-30T18:00:23+00:00","og_image":[{"width":1500,"height":775,"url":"https:\/\/borderlessmag.org\/wordpress\/wp-content\/uploads\/2021\/03\/20210316_ImmigrationUnit_featured.jpg","type":"image\/jpeg"}],"author":"Yilun Cheng","twitter_card":"summary_large_image","twitter_misc":{"Escrito por":"Carlos Ballesteros","Tiempo de lectura":"10 minutos","Written by":"Yilun Cheng"},"schema":{"@context":"https:\/\/schema.org","@graph":[{"@type":"NewsArticle","@id":"https:\/\/borderlessmag.org\/2021\/03\/31\/cook-county-aims-to-disrupt-the-conviction-to-deportation-pipeline\/#article","isPartOf":{"@id":"https:\/\/borderlessmag.org\/2021\/03\/31\/cook-county-aims-to-disrupt-the-conviction-to-deportation-pipeline\/"},"author":{"name":"Carlos Ballesteros","@id":"https:\/\/borderlessmag.org\/#\/schema\/person\/4250b014f4cc7cf8c287667868043b81"},"headline":"Cook County aims to disrupt the conviction-to-deportation pipeline","datePublished":"2021-03-31T13:03:36+00:00","dateModified":"2022-09-30T18:00:23+00:00","mainEntityOfPage":{"@id":"https:\/\/borderlessmag.org\/2021\/03\/31\/cook-county-aims-to-disrupt-the-conviction-to-deportation-pipeline\/"},"wordCount":2182,"publisher":{"@id":"https:\/\/borderlessmag.org\/#organization"},"image":{"@id":"https:\/\/borderlessmag.org\/2021\/03\/31\/cook-county-aims-to-disrupt-the-conviction-to-deportation-pipeline\/#primaryimage"},"thumbnailUrl":"https:\/\/borderlessmag.org\/wordpress\/wp-content\/uploads\/2021\/03\/20210316_ImmigrationUnit_featured.jpg","keywords":["conviction"],"articleSection":["Resources"],"inLanguage":"es","copyrightYear":"2021","copyrightHolder":{"@id":"https:\/\/borderlessmag.org\/es\/#organization"}},{"@type":"WebPage","@id":"https:\/\/borderlessmag.org\/2021\/03\/31\/cook-county-aims-to-disrupt-the-conviction-to-deportation-pipeline\/","url":"https:\/\/borderlessmag.org\/2021\/03\/31\/cook-county-aims-to-disrupt-the-conviction-to-deportation-pipeline\/","name":"El condado de Cook se propone interrumpir el proceso que conduce de la condena a la deportaci\u00f3n","isPartOf":{"@id":"https:\/\/borderlessmag.org\/#website"},"primaryImageOfPage":{"@id":"https:\/\/borderlessmag.org\/2021\/03\/31\/cook-county-aims-to-disrupt-the-conviction-to-deportation-pipeline\/#primaryimage"},"image":{"@id":"https:\/\/borderlessmag.org\/2021\/03\/31\/cook-county-aims-to-disrupt-the-conviction-to-deportation-pipeline\/#primaryimage"},"thumbnailUrl":"https:\/\/borderlessmag.org\/wordpress\/wp-content\/uploads\/2021\/03\/20210316_ImmigrationUnit_featured.jpg","datePublished":"2021-03-31T13:03:36+00:00","dateModified":"2022-09-30T18:00:23+00:00","description":"Una nueva unidad dentro de la oficina del defensor p\u00fablico del Condado de Cook quiere una mejor representaci\u00f3n para los clientes no ciudadanos en riesgo de ser deportados.","inLanguage":"es","potentialAction":[{"@type":"ReadAction","target":["https:\/\/borderlessmag.org\/2021\/03\/31\/cook-county-aims-to-disrupt-the-conviction-to-deportation-pipeline\/"]}]},{"@type":"ImageObject","inLanguage":"es","@id":"https:\/\/borderlessmag.org\/2021\/03\/31\/cook-county-aims-to-disrupt-the-conviction-to-deportation-pipeline\/#primaryimage","url":"https:\/\/borderlessmag.org\/wordpress\/wp-content\/uploads\/2021\/03\/20210316_ImmigrationUnit_featured.jpg","contentUrl":"https:\/\/borderlessmag.org\/wordpress\/wp-content\/uploads\/2021\/03\/20210316_ImmigrationUnit_featured.jpg","caption":"Alejandra Cano outside her home Tuesday, March 16, in Evanston, Illinois."},{"@type":"WebSite","@id":"https:\/\/borderlessmag.org\/#website","url":"https:\/\/borderlessmag.org\/","name":"Revista Borderless NFP","description":"Historias sobre inmigraci\u00f3n e inmigrantes","publisher":{"@id":"https:\/\/borderlessmag.org\/#organization"},"alternateName":"Borderless","potentialAction":[{"@type":"SearchAction","target":{"@type":"EntryPoint","urlTemplate":"https:\/\/borderlessmag.org\/?s={search_term_string}"},"query-input":{"@type":"PropertyValueSpecification","valueRequired":true,"valueName":"search_term_string"}}],"inLanguage":"es"},{"@type":"Organization","@id":"https:\/\/borderlessmag.org\/#organization","name":"Revista Borderless NFP","alternateName":"Borderless Mag","url":"https:\/\/borderlessmag.org\/","logo":{"@type":"ImageObject","inLanguage":"es","@id":"https:\/\/borderlessmag.org\/#\/schema\/logo\/image\/","url":"https:\/\/borderlessmag.org\/wordpress\/wp-content\/uploads\/2025\/08\/BorderlessLogo_main_square.jpg","contentUrl":"https:\/\/borderlessmag.org\/wordpress\/wp-content\/uploads\/2025\/08\/BorderlessLogo_main_square.jpg","width":696,"height":696,"caption":"Borderless Magazine NFP"},"image":{"@id":"https:\/\/borderlessmag.org\/#\/schema\/logo\/image\/"},"sameAs":["https:\/\/www.facebook.com\/BorderlessMagazine","https:\/\/www.instagram.com\/borderless_mag\/","https:\/\/www.tiktok.com\/@borderless_mag"]},{"@type":"Person","@id":"https:\/\/borderlessmag.org\/#\/schema\/person\/4250b014f4cc7cf8c287667868043b81","name":"Carlos Ballesteros","image":{"@type":"ImageObject","inLanguage":"es","@id":"https:\/\/secure.gravatar.com\/avatar\/205463ef16779b3a260153939afce267f70a31543e6191bfa93a84a534310d90?s=96&d=mm&r=g10f08e886acac38b2bde0eb8cfeff78e","url":"https:\/\/secure.gravatar.com\/avatar\/205463ef16779b3a260153939afce267f70a31543e6191bfa93a84a534310d90?s=96&d=mm&r=g","contentUrl":"https:\/\/secure.gravatar.com\/avatar\/205463ef16779b3a260153939afce267f70a31543e6191bfa93a84a534310d90?s=96&d=mm&r=g","caption":"Carlos Ballesteros"},"url":"https:\/\/borderlessmag.org\/es\/author\/carlos-ballesteros\/"}]}},"cc_featured_image_caption":{"caption_text":"Alejandra Cano outside her home Tuesday, March 16, in Evanston, Illinois. ","source_text":"","source_url":""},"_links":{"self":[{"href":"https:\/\/borderlessmag.org\/es\/wp-json\/wp\/v2\/posts\/5339","targetHints":{"allow":["GET"]}}],"collection":[{"href":"https:\/\/borderlessmag.org\/es\/wp-json\/wp\/v2\/posts"}],"about":[{"href":"https:\/\/borderlessmag.org\/es\/wp-json\/wp\/v2\/types\/post"}],"author":[{"embeddable":true,"href":"https:\/\/borderlessmag.org\/es\/wp-json\/wp\/v2\/users\/24"}],"replies":[{"embeddable":true,"href":"https:\/\/borderlessmag.org\/es\/wp-json\/wp\/v2\/comments?post=5339"}],"version-history":[{"count":0,"href":"https:\/\/borderlessmag.org\/es\/wp-json\/wp\/v2\/posts\/5339\/revisions"}],"wp:featuredmedia":[{"embeddable":true,"href":"https:\/\/borderlessmag.org\/es\/wp-json\/wp\/v2\/media\/5434"}],"wp:attachment":[{"href":"https:\/\/borderlessmag.org\/es\/wp-json\/wp\/v2\/media?parent=5339"}],"wp:term":[{"taxonomy":"category","embeddable":true,"href":"https:\/\/borderlessmag.org\/es\/wp-json\/wp\/v2\/categories?post=5339"},{"taxonomy":"post_tag","embeddable":true,"href":"https:\/\/borderlessmag.org\/es\/wp-json\/wp\/v2\/tags?post=5339"},{"taxonomy":"author","embeddable":true,"href":"https:\/\/borderlessmag.org\/es\/wp-json\/wp\/v2\/coauthors?post=5339"}],"curies":[{"name":"wp","href":"https:\/\/api.w.org\/{rel}","templated":true}]}}