{"id":4825,"date":"2021-02-03T10:23:07","date_gmt":"2021-02-03T16:23:07","guid":{"rendered":"https:\/\/borderlessmag.org\/?p=4825"},"modified":"2025-10-08T09:55:07","modified_gmt":"2025-10-08T14:55:07","slug":"los-lideres-de-la-comunidad-latina-trabajan-para-superar-las-dudas-sobre-la-vacuna-contra-la-covirosis","status":"publish","type":"post","link":"https:\/\/borderlessmag.org\/es\/2021\/02\/03\/latinx-community-leaders-work-to-overcome-covid-vaccine-hesitancy\/","title":{"rendered":"L\u00edderes de la comunidad latina trabajan para vencer las reticencias a la vacuna COVID"},"content":{"rendered":"<p><span style=\"font-weight: 400; color: #808080;\">Arriba: La Dra. Marina Del Rios de University of Illinois Health, la primera persona en vacunarse contra el COVID-19 en Chicago, recibe su 2\u00aa y \u00faltima dosis en el Norwegian American Hospital el martes. Ashlee Rezin Garcia\/Sun-Times<\/span><\/p>\n<p><strong><span style=\"color: #800000;\"><a style=\"color: #800000;\" href=\"https:\/\/borderlessmag.org\/es\/2021\/02\/08\/lideres-hispanos-trabajan-para-superar-el-escepticismo-sobre-la-vacuna-del-covid-19\/\">Read in English<\/a><\/span><\/strong><\/p>\n<p><span style=\"font-weight: 400;\">Cuando este invierno Jorge M\u00fajica vio un v\u00eddeo en YouTube en el que se afirmaba que las vacunas COVID-19 contienen c\u00e9lulas de fetos abortados, no se lo pod\u00eda creer. Se sinti\u00f3 a\u00fan m\u00e1s perturbado al d\u00eda siguiente, cuando vio otro v\u00eddeo que traduc\u00eda la <\/span><a href=\"https:\/\/www.nebraskamed.com\/COVID\/you-asked-we-answered-do-the-covid-19-vaccines-contain-aborted-fetal-cells\"><span style=\"font-weight: 400;\">desinformaci\u00f3n<\/span><\/a><span style=\"font-weight: 400;\"> al espa\u00f1ol.\u00a0<\/span><\/p>\n<p><span style=\"font-weight: 400;\">En los \u00faltimos meses, el veterano organizador con <\/span><a href=\"https:\/\/www.arisechicago.org\/\"><span style=\"font-weight: 400;\">Arise Chicago<\/span><\/a><span style=\"font-weight: 400;\">una organizaci\u00f3n de defensa de los derechos de los trabajadores, ha escuchado una amplia gama de objeciones a las vacunas COVID-19 por parte de la poblaci\u00f3n inmigrante hispanohablante. Sus argumentos van desde la preocupaci\u00f3n leg\u00edtima por los efectos secundarios hasta teor\u00edas conspirativas.\u00a0<\/span><\/p>\n<p><span style=\"font-weight: 400;\">Frustrado por la desinformaci\u00f3n rampante y la falta de material educativo en espa\u00f1ol sobre la seguridad de las vacunas, M\u00fajica tom\u00f3 cartas en el asunto. En diciembre, desde su apartamento del barrio de Pilsen, en Chicago, se puso en directo en Facebook para explicar en espa\u00f1ol conceptos fundamentales como qu\u00e9 es una vacuna y c\u00f3mo interact\u00faa con el cuerpo humano. Los 80 minutos <\/span><a href=\"https:\/\/www.facebook.com\/jmujicam\/videos\/10223955910342872\"><span style=\"font-weight: 400;\">v\u00eddeo<\/span><\/a><span style=\"font-weight: 400;\"> ha recibido m\u00e1s de 4.700 visitas.<\/span><\/p>\n<p><iframe loading=\"lazy\" style=\"border: none; overflow: hidden;\" src=\"https:\/\/www.facebook.com\/plugins\/video.php?height=314&amp;href=https%3A%2F%2Fwww.facebook.com%2Fjmujicam%2Fvideos%2F10223955910342872%2F&amp;show_text=true&amp;width=560\" width=\"560\" height=\"429\" frameborder=\"0\" scrolling=\"no\" allowfullscreen=\"allowfullscreen\"><\/iframe><\/p>\n<p><span style=\"font-weight: 400; color: #808080;\">Jorge M\u00fajica entra en directo en Facebook para explicar en espa\u00f1ol conceptos fundamentales como qu\u00e9 es una vacuna y c\u00f3mo interact\u00faa con el cuerpo humano. <\/span><\/p>\n<p><span style=\"font-weight: 400;\">\"La gente dec\u00eda que de ninguna manera se vacunar\u00edan y que preferir\u00edan dimitir de sus puestos de trabajo\", dijo M\u00fajica. \"Despu\u00e9s del v\u00eddeo, realmente conseguimos que estas personas dijeran: 'Estaba en contra, pero lo que has dicho tiene sentido, as\u00ed que me vacunar\u00e9'\".\u00a0<\/span><\/p>\n<p><span style=\"font-weight: 400;\">Chicago ha entrado en <\/span><a href=\"https:\/\/www.dph.illinois.gov\/covid19\/vaccination-plan\"><span style=\"font-weight: 400;\">Fase 1B de las vacunas COVID-19<\/span><\/a><span style=\"font-weight: 400;\">que permite a los trabajadores esenciales de primera l\u00ednea y a los residentes mayores de 65 a\u00f1os recibir sus primeras dosis. Pero la poblaci\u00f3n latina de la ciudad, a pesar de ser uno de los grupos m\u00e1s afectados por la pandemia, est\u00e1 recibiendo las vacunas en <\/span><a href=\"https:\/\/chicago.suntimes.com\/coronavirus\/2021\/1\/25\/22248946\/coronavirus-vaccinations-chicago-race-racial-disparity-mayor-lightfoot-covid-19\"><span style=\"font-weight: 400;\">tipos mucho m\u00e1s bajos<\/span><\/a><span style=\"font-weight: 400;\"> que los residentes blancos.\u00a0<\/span><\/p>\n<p><span style=\"font-weight: 400;\">Aunque activistas como M\u00fajica han tomado la iniciativa de educar a sus comunidades, las ideas err\u00f3neas sobre las vacunas y la profunda desconfianza hacia el gobierno siguen disuadiendo a algunos inmigrantes latinos de vacunarse. Los inmigrantes indocumentados se enfrentan a obst\u00e1culos adicionales, como la preocupaci\u00f3n por la posibilidad de revelar su estatus migratorio a los funcionarios de salud del gobierno y la confusi\u00f3n en cuanto a si son elegibles para una vacuna.<\/span><\/p>\n<p><span style=\"font-weight: 400;\">Hasta ahora, los proveedores de servicios sanitarios han administrado <\/span><span style=\"font-weight: 400;\">m\u00e1s de 190.000 vacunas<\/span><span style=\"font-weight: 400;\"> dosis en Chicago. Seg\u00fan los responsables municipales, no existen datos completos sobre raza y etnia, ya que los socios sanitarios no suelen recoger esta informaci\u00f3n de los receptores de las vacunas. El Departamento de Salud P\u00fablica de Chicago <\/span><a href=\"https:\/\/www.chicago.gov\/city\/en\/depts\/mayor\/press_room\/press_releases\/2021\/january\/EquityVaccineDistribution.html\"><span style=\"font-weight: 400;\">de estimados<\/span><\/a><span style=\"font-weight: 400;\"> que s\u00f3lo el 17% de todas las personas que han recibido una primera dosis son latinas, aunque <\/span><a href=\"https:\/\/www.census.gov\/quickfacts\/fact\/table\/chicagocityillinois\/HSD410219\"><span style=\"font-weight: 400;\">datos censales<\/span><\/a><span style=\"font-weight: 400;\"> muestran que este grupo representa casi el 30% de la poblaci\u00f3n total de la ciudad. Esta brecha es especialmente preocupante si se tiene en cuenta que los residentes latinos presentan las tasas de mortalidad COVID-19 m\u00e1s elevadas entre los habitantes de Chicago: cuatro veces m\u00e1s altas que las de los residentes blancos, una tasa de mortalidad que se sit\u00faa entre las m\u00e1s altas de la ciudad. <\/span><a href=\"https:\/\/www.chicago.gov\/content\/dam\/city\/sites\/covid\/documents\/RERRT_Virtual_Town_Hall_11_21_20_Protect_Chicago_EN.pdf\"><span style=\"font-weight: 400;\">an\u00e1lisis reciente<\/span><\/a><span style=\"font-weight: 400;\"> espect\u00e1culos.\u00a0<\/span><\/p>\n<blockquote class=\"twitter-tweet\">\n<p dir=\"ltr\" lang=\"en\">A partir del 2 de febrero de 2021, Chicago reporta 45.404 personas completamente vacunadas: 1,6% de la poblaci\u00f3n.<\/p>\n<p>Qui\u00e9n se muere: Qui\u00e9n est\u00e1 vacunado: <a href=\"https:\/\/t.co\/7i8CcER26v\">pic.twitter.com\/7i8CcER26v<\/a><\/p>\n<p>- ChiVaxBot (@ChiVaxBot) <a href=\"https:\/\/twitter.com\/ChiVaxBot\/status\/1356784786250076160?ref_src=twsrc%5Etfw\">3 de febrero de 2021<\/a><\/p><\/blockquote>\n<p><script async src=\"https:\/\/platform.twitter.com\/widgets.js\" charset=\"utf-8\"><\/script><\/p>\n<p><span style=\"color: #808080;\"><span style=\"color: #800000;\"><a style=\"color: #800000;\" href=\"https:\/\/southsideweekly.com\/\"><span style=\"font-weight: 400;\">Semanario South Side<\/span><\/a><\/span><span style=\"font-weight: 400;\"> c\u00f3digo abierto <\/span><span style=\"color: #800000;\"><a style=\"color: #800000;\" href=\"https:\/\/twitter.com\/ChiVaxBot\"><span style=\"font-weight: 400;\">Twitter bot<\/span><\/a><\/span><span style=\"font-weight: 400;\"><span style=\"color: #800000;\">,<\/span> creado por Bea Malsky y Charmaine Runes, visualiza las concentraciones relativas de muertes por COVID-19 y residentes completamente vacunados hasta la fecha. Los c\u00f3digos postales predominantemente negros y latinos tienen el mayor n\u00famero de muertes por COVID-19 y, sin embargo, las tasas m\u00e1s bajas de vacunaci\u00f3n completa en Chicago. Las cifras se actualizan diariamente.\u00a0<\/span><\/span><\/p>\n<p><span style=\"font-weight: 400;\">La disparidad llev\u00f3 a la alcaldesa Lori Lightfoot a <\/span><a href=\"https:\/\/www.chicago.gov\/city\/en\/depts\/mayor\/press_room\/press_releases\/2021\/january\/EquityVaccineDistribution.html\"><span style=\"font-weight: 400;\">anunciar<\/span><\/a><span style=\"font-weight: 400;\"> un nuevo plan la semana pasada para distribuir m\u00e1s dosis a las comunidades minoritarias m\u00e1s necesitadas. Protect Chicago Plus se asociar\u00e1 con organizaciones locales de los barrios del sur y el oeste para desarrollar cl\u00ednicas de vacunaci\u00f3n, equipos de ataque y otras estrategias de distribuci\u00f3n.<\/span><\/p>\n<p><span style=\"font-weight: 400;\">Uno de los mayores retos de los funcionarios de salud p\u00fablica ser\u00e1 superar la falta de confianza en la vacuna. Seg\u00fan <\/span><a href=\"https:\/\/www.kff.org\/coronavirus-covid-19\/report\/kff-covid-19-vaccine-monitor-december-2020\/\"><span style=\"font-weight: 400;\">encuestas<\/span><\/a><span style=\"font-weight: 400;\"> de la Kaiser Family Foundation, publicado el pasado mes de diciembre, s\u00f3lo el 26% de los adultos latinos manifestaron que se vacunar\u00edan lo antes posible, en comparaci\u00f3n con el 40% de los adultos blancos. Aproximadamente <\/span><a href=\"https:\/\/www.kff.org\/coronavirus-covid-19\/report\/kff-covid-19-vaccine-monitor-january-2021\/\"><span style=\"font-weight: 400;\">seis de cada diez encuestados negros y latinos <\/span><\/a><span style=\"font-weight: 400;\">dijeron que no sab\u00edan d\u00f3nde vacunarse, mientras que s\u00f3lo la mitad de los adultos blancos dijeron lo mismo. Adem\u00e1s, aproximadamente un tercio de los adultos latinos no cree que el proceso de desarrollo de vacunas tenga en cuenta sus necesidades.\u00a0<\/span><\/p>\n<p><span style=\"font-weight: 400;\">Entre estos adultos se encuentran personas como \"Roberto\", un inmigrante mexicano de 55 a\u00f1os que pidi\u00f3 utilizar un seud\u00f3nimo por temor a ser perseguido por sus creencias. Roberto vive en Logan Square con su familia y se gana la vida construyendo equipos de procesamiento de alimentos.\u00a0<\/span><\/p>\n<p><span style=\"font-weight: 400;\">Como maquinista, Roberto pasa la mayor parte de su jornada laboral en un espacio aislado. Dice que si su jefe le obliga a vacunarse, dejar\u00e1 el trabajo.\u00a0<\/span><\/p>\n<p><span style=\"font-weight: 400;\">\"La vacuna no nos va a ayudar en nada, y no te puedes fiar de ning\u00fan medicamento porque no sabes lo que contiene\", afirm\u00f3 Roberto. A\u00f1adi\u00f3 que el gobierno est\u00e1 dejando que el coronavirus se desboque para \"ponernos en jaque\" y controlar a la poblaci\u00f3n.<\/span><\/p>\n<p><span style=\"font-weight: 400;\">Roberto es uno de los cientos de miles de seguidores de Shiva Ayyadurai, un influencer indio-estadounidense que utiliza plataformas en l\u00ednea como YouTube para impulsar conspiraciones del \"Estado profundo\" y teor\u00edas m\u00e9dicas infundadas. Los contenidos en los que aparecen estas teor\u00edas conspirativas son <\/span><a href=\"https:\/\/www.nbcnews.com\/news\/latino\/spanish-language-disinformation-intensifies-among-florida-latinos-worrying-democrats-n1240361\"><span style=\"font-weight: 400;\">compartidos con frecuencia<\/span><\/a><span style=\"font-weight: 400;\"> en canales de YouTube en espa\u00f1ol como GR8 Am\u00e9rica e Informativo G24, p\u00e1ginas de Facebook y grupos de WhatsApp.<\/span><\/p>\n<p><span style=\"font-weight: 400;\">Aunque la hija de Roberto, en edad universitaria, dio positivo en COVID-19 el pasado mes de octubre, Roberto afirma que no cree que \u00e9l mismo pueda contraer el virus. No lleva mascarilla y dice que no se vacunar\u00e1.\u00a0\u00a0<\/span><\/p>\n<p><span style=\"font-weight: 400;\">Las campa\u00f1as de desinformaci\u00f3n en l\u00ednea y los canales de las redes sociales que se desv\u00edan de los puntos de vista cient\u00edficos est\u00e1n contribuyendo a los altos niveles de indecisi\u00f3n de los inmigrantes latinos sobre las vacunas, pero su desconexi\u00f3n con el gobierno va m\u00e1s all\u00e1 de unos pocos canales de YouTube, seg\u00fan Sofia Zaman, directora ejecutiva de <\/span><a href=\"https:\/\/www.raisetheflooralliance.org\"><span style=\"font-weight: 400;\">Alianza \"Levantemos el Suelo<\/span><\/a><span style=\"font-weight: 400;\">organizaci\u00f3n con sede en Chicago que atiende a trabajadores inmigrantes y con salarios bajos.\u00a0<\/span><\/p>\n<p><img decoding=\"async\" class=\"alignnone wp-image-4830 size-full\" src=\"https:\/\/borderlessmag.org\/wordpress\/wp-content\/uploads\/2022\/01\/Screen-Shot-2021-02-02-at-12.59.53-PM.png\" alt=\"vacuna, folleto, espa\u00f1ol, Covid, Chicago, salud, p\u00fablica\" width=\"1710\" height=\"622\" \/><\/p>\n<p><span style=\"color: #808080;\">El Departamento de Salud P\u00fablica de Chicago ofrece un<\/span> <span style=\"color: #800000;\"><a style=\"color: #800000;\" href=\"https:\/\/borderlessmag.org\/wordpress\/wp-content\/uploads\/2021\/02\/Vax-Fact-Sheet-SPA.pdf\">hoja informativa sobre la vacuna en espa\u00f1ol<\/a>.<\/span><\/p>\n<p><span style=\"font-weight: 400;\">\"La gente no quiere inyectarse la llamada 'vacuna Trump'\", dijo Zaman. \"La administraci\u00f3n Trump ha sido incre\u00edblemente hostil y realmente ha avivado el fuego de la supremac\u00eda blanca en este pa\u00eds. Y por eso ha habido una larga campa\u00f1a para instigar e infundir miedo.\"<\/span><\/p>\n<p><span style=\"font-weight: 400;\">\"Hay muchas noticias falsas\", a\u00f1adi\u00f3. \"Pero al mismo tiempo, la historia de este pa\u00eds y la historia del sector sanitario no tienen un gran historial. Hay mucho da\u00f1o que tenemos que reconocer que se ha hecho a nuestras comunidades\".<\/span><\/p>\n<p><span style=\"font-weight: 400;\">Este historial incluye m\u00e9dicos <\/span><a href=\"https:\/\/www.panoramas.pitt.edu\/health-and-society\/dark-history-forced-sterilization-latina-women\"><span style=\"font-weight: 400;\">esterilizar a la fuerza a las latinas<\/span><\/a><span style=\"font-weight: 400;\"> y <\/span><a href=\"https:\/\/guides.loc.gov\/latinx-civil-rights\/madrigal-v-quilligan\"><span style=\"font-weight: 400;\">otros inmigrantes<\/span><\/a><span style=\"font-weight: 400;\">. Tan reciente como el pasado mes de septiembre, <\/span><a href=\"https:\/\/projectsouth.org\/wp-content\/uploads\/2020\/09\/OIG-ICDC-Complaint-1.pdf\"><span style=\"font-weight: 400;\">una denuncia<\/span><\/a><span style=\"font-weight: 400;\"> revel\u00f3 que las mujeres detenidas en un centro del Servicio de Inmigraci\u00f3n y Control de Aduanas (ICE) en Ocilla, Georgia, fueron presionadas para someterse a procedimientos ginecol\u00f3gicos que inclu\u00edan histerectom\u00edas.\u00a0<\/span><\/p>\n<p><span style=\"font-weight: 400;\">Jim Witte, director del Instituto de Investigaci\u00f3n sobre Inmigraci\u00f3n de la Universidad George Mason, destac\u00f3 c\u00f3mo las preocupaciones espec\u00edficas de los inmigrantes -entre ellas el miedo a las detenciones y deportaciones- tambi\u00e9n han exacerbado la indecisi\u00f3n ante las vacunas.\u00a0<\/span><\/p>\n<p><span style=\"font-weight: 400;\">\"Existe el temor de que si quieres vacunarte, la gente descubra que no est\u00e1s aqu\u00ed con la debida autorizaci\u00f3n\", dijo Witte. \"Si en un hogar hay varios estatus de inmigrante, puede que toda la familia se muestre reacia a vacunarse porque no quieren dar su direcci\u00f3n\".<\/span><\/p>\n<p><span style=\"font-weight: 400;\">Aunque el ICE dijo que no llevar\u00eda a cabo redadas en centros sanitarios o cerca de ellos, Witte se\u00f1al\u00f3 que d\u00e9cadas de desconfianza, sumadas a la ret\u00f3rica antiinmigrante difundida por el expresidente Donald Trump, se ciernen sobre millones de familias inmigrantes. El pasado mes de marzo, justo un d\u00eda antes de que el ICE anunciara que \"retrasar\u00eda las acciones de aplicaci\u00f3n de la ley\" ante la pandemia, agentes de inmigraci\u00f3n equipados con m\u00e1scaras N95 estaban llevando a cabo operaciones de aplicaci\u00f3n de la ley, el <\/span><i><span style=\"font-weight: 400;\">Los Angeles Times<\/span><\/i> <a href=\"https:\/\/www.latimes.com\/california\/story\/2020-03-17\/for-ice-agents-its-business-as-unusual-day-after-sweeping-coronavirus-order?fbclid=IwAR0oJbcwgrdZbgqQ-ebgNZ31dBWiFrwNjY6g2WuQG1PZjZ62detdG405Nrw\"><span style=\"font-weight: 400;\">inform\u00f3<\/span><\/a><span style=\"font-weight: 400;\">.\u00a0<\/span><\/p>\n<p><span style=\"font-weight: 400;\">El Departamento de Salud P\u00fablica de Illinois ha<\/span><a href=\"https:\/\/www.dph.illinois.gov\/covid19\/vaccine-faq\"> <span style=\"font-weight: 400;\">aclarado<\/span><\/a><span style=\"font-weight: 400;\"> que todos los residentes, independientemente de su estatus migratorio, pueden recibir las vacunas COVID-19. Pero en otros estados, los mensajes enga\u00f1osos de los funcionarios han aumentado la ansiedad y la confusi\u00f3n de los inmigrantes. El gobernador de Nebraska, Pete Ricketts, por ejemplo,<\/span><a href=\"https:\/\/www.washingtonpost.com\/nation\/2021\/01\/06\/nebraska-covid-vaccine-immigrants-meatpacking\/\"> <span style=\"font-weight: 400;\">aleg\u00f3 falsamente<\/span><\/a><span style=\"font-weight: 400;\"> que los inmigrantes indocumentados no pueden recibir la vacuna COVID-19.<\/span><\/p>\n<p><span style=\"font-weight: 400;\">Para superar los contratiempos, los funcionarios federales, estatales y locales tendr\u00e1n que replantearse sus estrategias de comunicaci\u00f3n. Una soluci\u00f3n es recurrir a la ayuda de organizadores locales, como M\u00fajica, que pueden actuar como intermediarios culturales para la poblaci\u00f3n latina.<\/span><\/p>\n<p><span style=\"font-weight: 400;\">\"Algunas comunidades de inmigrantes dependen realmente de sus organizaciones locales para buscar informaci\u00f3n cultural y ling\u00fc\u00edsticamente espec\u00edfica sobre salud, especialmente porque algunas de ellas no tienen una cl\u00ednica habitual\", dijo Randy Capps, Director de Investigaci\u00f3n de Programas de EE.UU. del Instituto de Pol\u00edtica Migratoria. Sugiri\u00f3 que los funcionarios sanitarios <\/span><a href=\"https:\/\/borderlessmag.org\/es\/2021\/01\/26\/las-promotoras-de-salud-luchan-contra-las-conspiraciones-de-las-vacunas-en-las-comunidades-latinas-de-chicago\/\"><span style=\"font-weight: 400;\">reclutar int\u00e9rpretes, defensores de la salud y activistas en los barrios latinos<\/span><\/a><span style=\"font-weight: 400;\"> trabajar como intermediarios entre los inmigrantes y los proveedores de asistencia sanitaria.<\/span><\/p>\n\t\t<div class=\"pk-inline-posts\">\n\t\t\t\t\t\t\t<h5 class=\"pk-inline-posts-title pk-title pk-font-block\">\n\t\t\t\t\tSeguir leyendo\t\t\t\t<\/h5>\n\t\t\t\n\t\t\t<div class=\"pk-inline-posts-container pk-inline-posts-template-list\"\n\t\t\t\tdata-columns=\"1\">\n\t\t\t\t\t\t<article id=\"post-4764\" class=\"post-4764 post type-post status-publish format-standard has-post-thumbnail category-environmentandhealth tag-promotora\">\n\t\t\t<div class=\"pk-post-outer\">\n\n\t\t\t\t\t\t\t\t<div class=\"pk-post-inner\">\n\t\t\t\t\t<div class=\"entry-thumbnail\">\n\t\t\t\t\t\t<div class=\"pk-overlay pk-overlay-ratio pk-ratio-landscape\">\n\t\t\t\t\t\t\t<div class=\"pk-overlay-background\">\n\t\t\t\t\t\t\t\t<a href=\"https:\/\/borderlessmag.org\/es\/2021\/01\/26\/how-promotoras-de-salud-are-fighting-vaccine-conspiracies-in-chicagos-latino-communities\/\" class=\"pk-overlay-link\">\n\t\t\t\t\t\t\t\t\t<img decoding=\"async\" width=\"1\" height=\"1\" src=\"https:\/\/borderlessmag.org\/wordpress\/wp-content\/uploads\/2021\/01\/20210115_Margarita_Sanchez_mm00028-featured.jpg\" class=\"attachment-pk-thumbnail size-pk-thumbnail wp-post-image\" alt=\"salud, COVID, latinx, desinformaci\u00f3n\" \/>\t\t\t\t\t\t\t\t<\/a>\n\t\t\t\t\t\t\t<\/div>\n\t\t\t\t\t\t<\/div>\n\t\t\t\t\t<\/div>\n\t\t\t\t<\/div>\n\t\t\t\t\n\t\t\t\t<div class=\"pk-post-inner\">\n\t\t\t\t\t<header>\n\t\t\t\t\t\t<h3 class=\"pk-title\"><a href=\"https:\/\/borderlessmag.org\/es\/2021\/01\/26\/how-promotoras-de-salud-are-fighting-vaccine-conspiracies-in-chicagos-latino-communities\/\" rel=\"bookmark\">C\u00f3mo las Promotoras de Salud luchan contra las conspiraciones en torno a las vacunas en las comunidades latinas de Chicago<\/a><\/h3>\t\t\t\t\t\t\t<div class=\"pk-post-meta\">\n\t\t\t\t\t\t\t\t<span class=\"pk-meta-author meta-author\"><span class=\"author vcard\"><a class=\"url fn n\" href=\"https:\/\/borderlessmag.org\/es\/author\/maria-ines-zamudio\/\" title=\"Ver todas las entradas de Mar\u00eda In\u00e9s Zamudio\">Mar\u00eda In\u00e9s Zamudio<\/a><\/span><\/span>\t\t\t\t\t\t\t\t<span class=\"sep\">-<\/span>\n\t\t\t\t\t\t\t\t<span class=\"pk-meta-date meta-date\"><a href=\"https:\/\/borderlessmag.org\/es\/2021\/01\/26\/how-promotoras-de-salud-are-fighting-vaccine-conspiracies-in-chicagos-latino-communities\/\" rel=\"bookmark\">26 de enero de 2021<\/a><\/span>\t\t\t\t\t\t\t<\/div>\n\t\t\t\t\t\t\t\t\t\t\t\t<\/header><!-- .entry-header -->\n\t\t\t\t<\/div><!-- .post-inner -->\n\n\t\t\t<\/div><!-- .post-outer -->\n\t\t<\/article>\n\t\t\t\t<\/div>\n\t\t<\/div>\n\t\t\n<p><span style=\"font-weight: 400;\">\"Soy optimista y creo que los inmigrantes aprovechar\u00e1n la vacuna si est\u00e1 disponible y accesible en un entorno no amenazador\", a\u00f1adi\u00f3 Capps.<\/span><\/p>\n<p><span style=\"font-weight: 400;\">A medida que el estado redobla sus esfuerzos de vacunaci\u00f3n, m\u00e1s de 70 organizaciones Latinx, funcionarios electos y expertos en salud se han unido a los <\/span><a href=\"http:\/\/illinoisunidos.com\/\"><span style=\"font-weight: 400;\">Iniciativa COVID-19 para los latinos de Illinois<\/span><\/a><span style=\"font-weight: 400;\">una coalici\u00f3n que utiliza campa\u00f1as biling\u00fces para educar a las comunidades latinas sobre el coronavirus. M\u00fajica, que trabaja con Arise Chicago, participa en la iniciativa, que lleva nueve meses en marcha, desde junio. Al principio, fue dif\u00edcil conseguir que los funcionarios de salud p\u00fablica participaran en sus reuniones, dijo, \"pero ahora nos toman en serio\".\u00a0<\/span><\/p>\n<p><span style=\"font-weight: 400;\">La iniciativa ha publicado una serie de hojas informativas, tanto en ingl\u00e9s como en espa\u00f1ol, sobre la COVID-19. Seg\u00fan un portavoz de la alianza, este mes publicar\u00e1 nuevos materiales biling\u00fces para abordar las preocupaciones de la comunidad sobre las vacunas. La Iniciativa, dijo M\u00fajica, tambi\u00e9n est\u00e1 impulsando una ordenanza municipal para que sea obligatorio que todos los empleadores coloquen informaci\u00f3n del Departamento de Salud en los lugares de trabajo, de modo que los trabajadores inmigrantes puedan acceder f\u00e1cilmente a informaci\u00f3n objetiva sobre las vacunas.<\/span><\/p>\n<p><span style=\"font-weight: 400;\">M\u00fajica sigue haciendo labores de divulgaci\u00f3n y educaci\u00f3n por su cuenta. El Consulado de M\u00e9xico en Chicago le ha invitado a vacunarse en directo por televisi\u00f3n en las pr\u00f3ximas semanas. Espera que esto convenza a otros residentes latinos de que las vacunas COVID-19 no s\u00f3lo son seguras, sino tambi\u00e9n vitales para su salud y seguridad.<\/span><\/p>\n<p><span style=\"font-weight: 400;\">\"La vacuna ha sido estudiada. Ha cumplido todos los pasos de c\u00f3mo se desarrolla una vacuna\", dijo M\u00fajica. \"Deber\u00eda ser f\u00e1cil para la gente obtener la informaci\u00f3n\".<\/span><\/p>\n<hr \/>\n<p><em><span style=\"color: #000000;\"><img decoding=\"async\" class=\"wp-image-3430 alignleft\" src=\"https:\/\/borderlessmag.org\/wordpress\/wp-content\/uploads\/2022\/01\/Essential-Workers-logo-web.png\" alt=\"\" width=\"141\" height=\"141\" \/>Esta historia forma parte del<span style=\"color: #993300;\"> <a style=\"color: #993300;\" href=\"http:\/\/www.solvingforchicago.org\/\" target=\"_blank\" rel=\"noopener noreferrer\" data-saferedirecturl=\"https:\/\/www.google.com\/url?q=http:\/\/www.solvingforchicago.org&amp;source=gmail&amp;ust=1599166170718000&amp;usg=AFQjCNGi-Z25_IfL8jax1x-hhir-ZI7LaQ\">Soluciones para Chicago<\/a> <\/span>esfuerzo de colaboraci\u00f3n de las redacciones para cubrir a los trabajadores considerados \"esenciales\" durante COVID-19 y c\u00f3mo la pandemia est\u00e1 reconfigurando el trabajo y el empleo.<\/span><\/em><\/p>\n<p><em><span style=\"color: #000000;\">Es un proyecto de la Local Media Foundation con el apoyo de la Google News Initiative y la Solutions Journalism Network. Entre los 19 socios se encuentran WBEZ, WTTW, Chicago Reader, Chicago Defender, La Raza, Shaw Media, Block Club Chicago, Borderless Magazine, South Side Weekly, Injustice Watch, Austin Weekly News, Wednesday Journal, Forest Park Review, Riverside Brookfield Landmark, Windy City Times, Hyde Park Herald, Inside Publications, Loop North News, Rebellious Magazine y Chicago Music Guide.<\/span><\/em><\/p>\n<h4 id=\"our-work-is-made-possible-thanks-to-donations-from-people-like-you-support-high-quality-reporting-by-making-a-tax-deductible-donation-today\" class=\"pk-content-block pk-block-bg pk-block-bg-light\" style=\"text-align: left;\"><span style=\"color: #993300;\">Nuestro trabajo es posible gracias a las donaciones de personas como usted. Apoye la informaci\u00f3n de alta calidad haciendo una donaci\u00f3n deducible de impuestos hoy mismo. \u00a0 \u00a0 \u00a0 \u00a0 \u00a0 \u00a0 \u00a0 \u00a0 \u00a0 \u00a0 \u00a0 \u00a0 \u00a0 \u00a0 \u00a0 \u00a0 \u00a0 \u00a0 \u00a0 \u00a0 \u00a0 \u00a0 \u00a0 \u00a0 \u00a0 \u00a0 \u00a0 \u00a0 \u00a0 \u00a0 \u00a0 \u00a0 \u00a0 \u00a0 \u00a0 \u00a0 \u00a0 \u00a0 \u00a0 \u00a0 \u00a0 \u00a0 \u00a0 \u00a0 \u00a0 \u00a0 \u00a0 \u00a0 \u00a0 \u00a0 \u00a0 \u00a0 \u00a0 \u00a0 \u00a0 \u00a0 \u00a0 \u00a0 \u00a0 \u00a0 \u00a0 \u00a0 \u00a0 \u00a0 \u00a0\u00a0<\/span><a class=\"pk-button pk-button-md pk-button-primary pk-font-primary\" href=\"https:\/\/borderlessmag.org\/es\/donar\/\" target=\"_blank\" >\n\t\t\t Donar \n\t\t<\/a><\/h4>","protected":false},"excerpt":{"rendered":"<p>Los activistas est\u00e1n abordando las bajas tasas de vacunaci\u00f3n en las comunidades latinas, pero se enfrentan a grandes obst\u00e1culos, desde teor\u00edas conspirativas hasta la desconfianza en el gobierno.<\/p>","protected":false},"author":77,"featured_media":4798,"comment_status":"closed","ping_status":"closed","sticky":false,"template":"","format":"standard","meta":{"inline_featured_image":false,"footnotes":""},"categories":[325],"tags":[117,118],"coauthors":[297],"class_list":{"0":"post-4825","1":"post","2":"type-post","3":"status-publish","4":"format-standard","5":"has-post-thumbnail","7":"category-environmentandhealth","8":"tag-latinxvaccine","9":"tag-vaccinehesitancy"},"yoast_head":"<!-- This site is optimized with the Yoast SEO Premium plugin v27.3 (Yoast SEO v27.3) - https:\/\/yoast.com\/product\/yoast-seo-premium-wordpress\/ -->\n<title>Latinx Community Leaders Work to Overcome COVID Vaccine Hesitancy &#8211; Borderless Magazine NFP<\/title>\n<meta name=\"description\" content=\"Activists are addressing low vaccination rates within Latinx communities, but they face major hurdles from conspiracy theories to distrust of the government.\" \/>\n<meta name=\"robots\" content=\"index, follow, max-snippet:-1, max-image-preview:large, max-video-preview:-1\" \/>\n<link rel=\"canonical\" href=\"https:\/\/borderlessmag.org\/es\/2021\/02\/03\/los-lideres-de-la-comunidad-latina-trabajan-para-superar-las-dudas-sobre-la-vacuna-contra-la-covirosis\/\" \/>\n<meta property=\"og:locale\" content=\"es_MX\" \/>\n<meta property=\"og:type\" content=\"article\" \/>\n<meta property=\"og:title\" content=\"Latinx Community Leaders Work to Overcome COVID Vaccine Hesitancy &#8211; Borderless Magazine NFP\" \/>\n<meta property=\"og:description\" content=\"Latinx Community Leaders Work to Overcome COVID Vaccine Hesitancy &#8211; Borderless Magazine NFP\" \/>\n<meta property=\"og:url\" content=\"https:\/\/borderlessmag.org\/es\/2021\/02\/03\/los-lideres-de-la-comunidad-latina-trabajan-para-superar-las-dudas-sobre-la-vacuna-contra-la-covirosis\/\" \/>\n<meta property=\"og:site_name\" content=\"Borderless Magazine NFP\" \/>\n<meta property=\"article:publisher\" content=\"https:\/\/www.facebook.com\/BorderlessMagazine\" \/>\n<meta property=\"article:published_time\" content=\"2021-02-03T16:23:07+00:00\" \/>\n<meta property=\"article:modified_time\" content=\"2025-10-08T14:55:07+00:00\" \/>\n<meta property=\"og:image\" content=\"https:\/\/borderlessmag.org\/wordpress\/wp-content\/uploads\/2021\/02\/CV_VACCINES_010621_03-featured.jpg\" \/>\n\t<meta property=\"og:image:width\" content=\"1\" \/>\n\t<meta property=\"og:image:height\" content=\"1\" \/>\n\t<meta property=\"og:image:type\" content=\"image\/jpeg\" \/>\n<meta name=\"author\" content=\"Mar\u00eda In\u00e9s Zamudio\" \/>\n<meta name=\"twitter:card\" content=\"summary_large_image\" \/>\n<meta name=\"twitter:label1\" content=\"Escrito por\" \/>\n\t<meta name=\"twitter:data1\" content=\"Yilun Cheng\" \/>\n\t<meta name=\"twitter:label2\" content=\"Tiempo de lectura\" \/>\n\t<meta name=\"twitter:data2\" content=\"9 minutos\" \/>\n\t<meta name=\"twitter:label3\" content=\"Written by\" \/>\n\t<meta name=\"twitter:data3\" content=\"Mar\u00eda In\u00e9s Zamudio\" \/>\n<script type=\"application\/ld+json\" class=\"yoast-schema-graph\">{\"@context\":\"https:\\\/\\\/schema.org\",\"@graph\":[{\"@type\":\"NewsArticle\",\"@id\":\"https:\\\/\\\/borderlessmag.org\\\/2021\\\/02\\\/03\\\/latinx-community-leaders-work-to-overcome-covid-vaccine-hesitancy\\\/#article\",\"isPartOf\":{\"@id\":\"https:\\\/\\\/borderlessmag.org\\\/2021\\\/02\\\/03\\\/latinx-community-leaders-work-to-overcome-covid-vaccine-hesitancy\\\/\"},\"author\":{\"name\":\"Yilun Cheng\",\"@id\":\"https:\\\/\\\/borderlessmag.org\\\/#\\\/schema\\\/person\\\/6b2eaa9718b2dfc253f616298c3152fa\"},\"headline\":\"Latinx Community Leaders Work to Overcome COVID Vaccine Hesitancy\",\"datePublished\":\"2021-02-03T16:23:07+00:00\",\"dateModified\":\"2025-10-08T14:55:07+00:00\",\"mainEntityOfPage\":{\"@id\":\"https:\\\/\\\/borderlessmag.org\\\/2021\\\/02\\\/03\\\/latinx-community-leaders-work-to-overcome-covid-vaccine-hesitancy\\\/\"},\"wordCount\":1888,\"publisher\":{\"@id\":\"https:\\\/\\\/borderlessmag.org\\\/#organization\"},\"image\":{\"@id\":\"https:\\\/\\\/borderlessmag.org\\\/2021\\\/02\\\/03\\\/latinx-community-leaders-work-to-overcome-covid-vaccine-hesitancy\\\/#primaryimage\"},\"thumbnailUrl\":\"https:\\\/\\\/borderlessmag.org\\\/wordpress\\\/wp-content\\\/uploads\\\/2021\\\/02\\\/CV_VACCINES_010621_03-featured.jpg\",\"keywords\":[\"LatinxVaccine\",\"VaccineHesitancy\"],\"articleSection\":[\"Environment and Health\"],\"inLanguage\":\"es\",\"copyrightYear\":\"2021\",\"copyrightHolder\":{\"@id\":\"https:\\\/\\\/borderlessmag.org\\\/es\\\/#organization\"}},{\"@type\":\"WebPage\",\"@id\":\"https:\\\/\\\/borderlessmag.org\\\/2021\\\/02\\\/03\\\/latinx-community-leaders-work-to-overcome-covid-vaccine-hesitancy\\\/\",\"url\":\"https:\\\/\\\/borderlessmag.org\\\/2021\\\/02\\\/03\\\/latinx-community-leaders-work-to-overcome-covid-vaccine-hesitancy\\\/\",\"name\":\"Latinx Community Leaders Work to Overcome COVID Vaccine Hesitancy &#8211; Borderless Magazine NFP\",\"isPartOf\":{\"@id\":\"https:\\\/\\\/borderlessmag.org\\\/#website\"},\"primaryImageOfPage\":{\"@id\":\"https:\\\/\\\/borderlessmag.org\\\/2021\\\/02\\\/03\\\/latinx-community-leaders-work-to-overcome-covid-vaccine-hesitancy\\\/#primaryimage\"},\"image\":{\"@id\":\"https:\\\/\\\/borderlessmag.org\\\/2021\\\/02\\\/03\\\/latinx-community-leaders-work-to-overcome-covid-vaccine-hesitancy\\\/#primaryimage\"},\"thumbnailUrl\":\"https:\\\/\\\/borderlessmag.org\\\/wordpress\\\/wp-content\\\/uploads\\\/2021\\\/02\\\/CV_VACCINES_010621_03-featured.jpg\",\"datePublished\":\"2021-02-03T16:23:07+00:00\",\"dateModified\":\"2025-10-08T14:55:07+00:00\",\"description\":\"Activists are addressing low vaccination rates within Latinx communities, but they face major hurdles from conspiracy theories to distrust of the government.\",\"inLanguage\":\"es\",\"potentialAction\":[{\"@type\":\"ReadAction\",\"target\":[\"https:\\\/\\\/borderlessmag.org\\\/2021\\\/02\\\/03\\\/latinx-community-leaders-work-to-overcome-covid-vaccine-hesitancy\\\/\"]}]},{\"@type\":\"ImageObject\",\"inLanguage\":\"es\",\"@id\":\"https:\\\/\\\/borderlessmag.org\\\/2021\\\/02\\\/03\\\/latinx-community-leaders-work-to-overcome-covid-vaccine-hesitancy\\\/#primaryimage\",\"url\":\"https:\\\/\\\/borderlessmag.org\\\/wordpress\\\/wp-content\\\/uploads\\\/2021\\\/02\\\/CV_VACCINES_010621_03-featured.jpg\",\"contentUrl\":\"https:\\\/\\\/borderlessmag.org\\\/wordpress\\\/wp-content\\\/uploads\\\/2021\\\/02\\\/CV_VACCINES_010621_03-featured.jpg\",\"caption\":\"Dr. Marina Del Rios, from University of Illinois Hospital &amp; Health Sciences System, the first person to get the Pfizer-BioNTech COVID-19 vaccine in Chicago, gets her 2nd and final dose of the vaccination at Norwegian American Hospital on the West Side, Tuesday morning, Jan. 5, 2021.\"},{\"@type\":\"WebSite\",\"@id\":\"https:\\\/\\\/borderlessmag.org\\\/#website\",\"url\":\"https:\\\/\\\/borderlessmag.org\\\/\",\"name\":\"Borderless Magazine NFP\",\"description\":\"Stories about immigration and immigrants\",\"publisher\":{\"@id\":\"https:\\\/\\\/borderlessmag.org\\\/#organization\"},\"alternateName\":\"Borderless\",\"potentialAction\":[{\"@type\":\"SearchAction\",\"target\":{\"@type\":\"EntryPoint\",\"urlTemplate\":\"https:\\\/\\\/borderlessmag.org\\\/?s={search_term_string}\"},\"query-input\":{\"@type\":\"PropertyValueSpecification\",\"valueRequired\":true,\"valueName\":\"search_term_string\"}}],\"inLanguage\":\"es\"},{\"@type\":\"Organization\",\"@id\":\"https:\\\/\\\/borderlessmag.org\\\/#organization\",\"name\":\"Borderless Magazine NFP\",\"alternateName\":\"Borderless Mag\",\"url\":\"https:\\\/\\\/borderlessmag.org\\\/\",\"logo\":{\"@type\":\"ImageObject\",\"inLanguage\":\"es\",\"@id\":\"https:\\\/\\\/borderlessmag.org\\\/#\\\/schema\\\/logo\\\/image\\\/\",\"url\":\"https:\\\/\\\/borderlessmag.org\\\/wordpress\\\/wp-content\\\/uploads\\\/2025\\\/08\\\/BorderlessLogo_main_square.jpg\",\"contentUrl\":\"https:\\\/\\\/borderlessmag.org\\\/wordpress\\\/wp-content\\\/uploads\\\/2025\\\/08\\\/BorderlessLogo_main_square.jpg\",\"width\":696,\"height\":696,\"caption\":\"Borderless Magazine NFP\"},\"image\":{\"@id\":\"https:\\\/\\\/borderlessmag.org\\\/#\\\/schema\\\/logo\\\/image\\\/\"},\"sameAs\":[\"https:\\\/\\\/www.facebook.com\\\/BorderlessMagazine\",\"https:\\\/\\\/www.instagram.com\\\/borderless_mag\\\/\",\"https:\\\/\\\/www.tiktok.com\\\/@borderless_mag\"]},{\"@type\":\"Person\",\"@id\":\"https:\\\/\\\/borderlessmag.org\\\/#\\\/schema\\\/person\\\/6b2eaa9718b2dfc253f616298c3152fa\",\"name\":\"Yilun Cheng\",\"image\":{\"@type\":\"ImageObject\",\"inLanguage\":\"es\",\"@id\":\"https:\\\/\\\/secure.gravatar.com\\\/avatar\\\/6f5414d73dd1a1b52a6544f7681ed47aa9e7cfebe4f195614d78495346eb21b1?s=96&d=mm&r=g293ee4b32d46d5d7bba49cdd2ffab7ad\",\"url\":\"https:\\\/\\\/secure.gravatar.com\\\/avatar\\\/6f5414d73dd1a1b52a6544f7681ed47aa9e7cfebe4f195614d78495346eb21b1?s=96&d=mm&r=g\",\"contentUrl\":\"https:\\\/\\\/secure.gravatar.com\\\/avatar\\\/6f5414d73dd1a1b52a6544f7681ed47aa9e7cfebe4f195614d78495346eb21b1?s=96&d=mm&r=g\",\"caption\":\"Yilun Cheng\"},\"url\":\"https:\\\/\\\/borderlessmag.org\\\/es\\\/author\\\/yilun-cheng\\\/\"}]}<\/script>\n<!-- \/ Yoast SEO Premium plugin. -->","yoast_head_json":{"title":"L\u00edderes de la comunidad latina trabajan para vencer las reticencias a la vacuna COVID - Borderless Magazine NFP","description":"Los activistas est\u00e1n abordando las bajas tasas de vacunaci\u00f3n en las comunidades latinas, pero se enfrentan a grandes obst\u00e1culos, desde teor\u00edas conspirativas hasta la desconfianza en el gobierno.","robots":{"index":"index","follow":"follow","max-snippet":"max-snippet:-1","max-image-preview":"max-image-preview:large","max-video-preview":"max-video-preview:-1"},"canonical":"https:\/\/borderlessmag.org\/es\/2021\/02\/03\/los-lideres-de-la-comunidad-latina-trabajan-para-superar-las-dudas-sobre-la-vacuna-contra-la-covirosis\/","og_locale":"es_MX","og_type":"article","og_title":"Latinx Community Leaders Work to Overcome COVID Vaccine Hesitancy &#8211; Borderless Magazine NFP","og_description":"Latinx Community Leaders Work to Overcome COVID Vaccine Hesitancy &#8211; Borderless Magazine NFP","og_url":"https:\/\/borderlessmag.org\/es\/2021\/02\/03\/los-lideres-de-la-comunidad-latina-trabajan-para-superar-las-dudas-sobre-la-vacuna-contra-la-covirosis\/","og_site_name":"Borderless Magazine NFP","article_publisher":"https:\/\/www.facebook.com\/BorderlessMagazine","article_published_time":"2021-02-03T16:23:07+00:00","article_modified_time":"2025-10-08T14:55:07+00:00","og_image":[{"url":"https:\/\/borderlessmag.org\/wordpress\/wp-content\/uploads\/2021\/02\/CV_VACCINES_010621_03-featured.jpg","width":1,"height":1,"type":"image\/jpeg"}],"author":"Mar\u00eda In\u00e9s Zamudio","twitter_card":"summary_large_image","twitter_misc":{"Escrito por":"Yilun Cheng","Tiempo de lectura":"9 minutos","Written by":"Mar\u00eda In\u00e9s Zamudio"},"schema":{"@context":"https:\/\/schema.org","@graph":[{"@type":"NewsArticle","@id":"https:\/\/borderlessmag.org\/2021\/02\/03\/latinx-community-leaders-work-to-overcome-covid-vaccine-hesitancy\/#article","isPartOf":{"@id":"https:\/\/borderlessmag.org\/2021\/02\/03\/latinx-community-leaders-work-to-overcome-covid-vaccine-hesitancy\/"},"author":{"name":"Yilun Cheng","@id":"https:\/\/borderlessmag.org\/#\/schema\/person\/6b2eaa9718b2dfc253f616298c3152fa"},"headline":"Latinx Community Leaders Work to Overcome COVID Vaccine Hesitancy","datePublished":"2021-02-03T16:23:07+00:00","dateModified":"2025-10-08T14:55:07+00:00","mainEntityOfPage":{"@id":"https:\/\/borderlessmag.org\/2021\/02\/03\/latinx-community-leaders-work-to-overcome-covid-vaccine-hesitancy\/"},"wordCount":1888,"publisher":{"@id":"https:\/\/borderlessmag.org\/#organization"},"image":{"@id":"https:\/\/borderlessmag.org\/2021\/02\/03\/latinx-community-leaders-work-to-overcome-covid-vaccine-hesitancy\/#primaryimage"},"thumbnailUrl":"https:\/\/borderlessmag.org\/wordpress\/wp-content\/uploads\/2021\/02\/CV_VACCINES_010621_03-featured.jpg","keywords":["LatinxVaccine","VaccineHesitancy"],"articleSection":["Environment and Health"],"inLanguage":"es","copyrightYear":"2021","copyrightHolder":{"@id":"https:\/\/borderlessmag.org\/es\/#organization"}},{"@type":"WebPage","@id":"https:\/\/borderlessmag.org\/2021\/02\/03\/latinx-community-leaders-work-to-overcome-covid-vaccine-hesitancy\/","url":"https:\/\/borderlessmag.org\/2021\/02\/03\/latinx-community-leaders-work-to-overcome-covid-vaccine-hesitancy\/","name":"L\u00edderes de la comunidad latina trabajan para vencer las reticencias a la vacuna COVID - Borderless Magazine NFP","isPartOf":{"@id":"https:\/\/borderlessmag.org\/#website"},"primaryImageOfPage":{"@id":"https:\/\/borderlessmag.org\/2021\/02\/03\/latinx-community-leaders-work-to-overcome-covid-vaccine-hesitancy\/#primaryimage"},"image":{"@id":"https:\/\/borderlessmag.org\/2021\/02\/03\/latinx-community-leaders-work-to-overcome-covid-vaccine-hesitancy\/#primaryimage"},"thumbnailUrl":"https:\/\/borderlessmag.org\/wordpress\/wp-content\/uploads\/2021\/02\/CV_VACCINES_010621_03-featured.jpg","datePublished":"2021-02-03T16:23:07+00:00","dateModified":"2025-10-08T14:55:07+00:00","description":"Los activistas est\u00e1n abordando las bajas tasas de vacunaci\u00f3n en las comunidades latinas, pero se enfrentan a grandes obst\u00e1culos, desde teor\u00edas conspirativas hasta la desconfianza en el gobierno.","inLanguage":"es","potentialAction":[{"@type":"ReadAction","target":["https:\/\/borderlessmag.org\/2021\/02\/03\/latinx-community-leaders-work-to-overcome-covid-vaccine-hesitancy\/"]}]},{"@type":"ImageObject","inLanguage":"es","@id":"https:\/\/borderlessmag.org\/2021\/02\/03\/latinx-community-leaders-work-to-overcome-covid-vaccine-hesitancy\/#primaryimage","url":"https:\/\/borderlessmag.org\/wordpress\/wp-content\/uploads\/2021\/02\/CV_VACCINES_010621_03-featured.jpg","contentUrl":"https:\/\/borderlessmag.org\/wordpress\/wp-content\/uploads\/2021\/02\/CV_VACCINES_010621_03-featured.jpg","caption":"Dr. Marina Del Rios, from University of Illinois Hospital &amp; Health Sciences System, the first person to get the Pfizer-BioNTech COVID-19 vaccine in Chicago, gets her 2nd and final dose of the vaccination at Norwegian American Hospital on the West Side, Tuesday morning, Jan. 5, 2021."},{"@type":"WebSite","@id":"https:\/\/borderlessmag.org\/#website","url":"https:\/\/borderlessmag.org\/","name":"Revista Borderless NFP","description":"Historias sobre inmigraci\u00f3n e inmigrantes","publisher":{"@id":"https:\/\/borderlessmag.org\/#organization"},"alternateName":"Borderless","potentialAction":[{"@type":"SearchAction","target":{"@type":"EntryPoint","urlTemplate":"https:\/\/borderlessmag.org\/?s={search_term_string}"},"query-input":{"@type":"PropertyValueSpecification","valueRequired":true,"valueName":"search_term_string"}}],"inLanguage":"es"},{"@type":"Organization","@id":"https:\/\/borderlessmag.org\/#organization","name":"Revista Borderless NFP","alternateName":"Borderless Mag","url":"https:\/\/borderlessmag.org\/","logo":{"@type":"ImageObject","inLanguage":"es","@id":"https:\/\/borderlessmag.org\/#\/schema\/logo\/image\/","url":"https:\/\/borderlessmag.org\/wordpress\/wp-content\/uploads\/2025\/08\/BorderlessLogo_main_square.jpg","contentUrl":"https:\/\/borderlessmag.org\/wordpress\/wp-content\/uploads\/2025\/08\/BorderlessLogo_main_square.jpg","width":696,"height":696,"caption":"Borderless Magazine NFP"},"image":{"@id":"https:\/\/borderlessmag.org\/#\/schema\/logo\/image\/"},"sameAs":["https:\/\/www.facebook.com\/BorderlessMagazine","https:\/\/www.instagram.com\/borderless_mag\/","https:\/\/www.tiktok.com\/@borderless_mag"]},{"@type":"Person","@id":"https:\/\/borderlessmag.org\/#\/schema\/person\/6b2eaa9718b2dfc253f616298c3152fa","name":"Yilun Cheng","image":{"@type":"ImageObject","inLanguage":"es","@id":"https:\/\/secure.gravatar.com\/avatar\/6f5414d73dd1a1b52a6544f7681ed47aa9e7cfebe4f195614d78495346eb21b1?s=96&d=mm&r=g293ee4b32d46d5d7bba49cdd2ffab7ad","url":"https:\/\/secure.gravatar.com\/avatar\/6f5414d73dd1a1b52a6544f7681ed47aa9e7cfebe4f195614d78495346eb21b1?s=96&d=mm&r=g","contentUrl":"https:\/\/secure.gravatar.com\/avatar\/6f5414d73dd1a1b52a6544f7681ed47aa9e7cfebe4f195614d78495346eb21b1?s=96&d=mm&r=g","caption":"Yilun Cheng"},"url":"https:\/\/borderlessmag.org\/es\/author\/yilun-cheng\/"}]}},"cc_featured_image_caption":{"caption_text":"","source_text":"","source_url":""},"_links":{"self":[{"href":"https:\/\/borderlessmag.org\/es\/wp-json\/wp\/v2\/posts\/4825","targetHints":{"allow":["GET"]}}],"collection":[{"href":"https:\/\/borderlessmag.org\/es\/wp-json\/wp\/v2\/posts"}],"about":[{"href":"https:\/\/borderlessmag.org\/es\/wp-json\/wp\/v2\/types\/post"}],"author":[{"embeddable":true,"href":"https:\/\/borderlessmag.org\/es\/wp-json\/wp\/v2\/users\/77"}],"replies":[{"embeddable":true,"href":"https:\/\/borderlessmag.org\/es\/wp-json\/wp\/v2\/comments?post=4825"}],"version-history":[{"count":1,"href":"https:\/\/borderlessmag.org\/es\/wp-json\/wp\/v2\/posts\/4825\/revisions"}],"predecessor-version":[{"id":29750,"href":"https:\/\/borderlessmag.org\/es\/wp-json\/wp\/v2\/posts\/4825\/revisions\/29750"}],"wp:featuredmedia":[{"embeddable":true,"href":"https:\/\/borderlessmag.org\/es\/wp-json\/wp\/v2\/media\/4798"}],"wp:attachment":[{"href":"https:\/\/borderlessmag.org\/es\/wp-json\/wp\/v2\/media?parent=4825"}],"wp:term":[{"taxonomy":"category","embeddable":true,"href":"https:\/\/borderlessmag.org\/es\/wp-json\/wp\/v2\/categories?post=4825"},{"taxonomy":"post_tag","embeddable":true,"href":"https:\/\/borderlessmag.org\/es\/wp-json\/wp\/v2\/tags?post=4825"},{"taxonomy":"author","embeddable":true,"href":"https:\/\/borderlessmag.org\/es\/wp-json\/wp\/v2\/coauthors?post=4825"}],"curies":[{"name":"wp","href":"https:\/\/api.w.org\/{rel}","templated":true}]}}