{"id":4750,"date":"2021-01-25T16:39:46","date_gmt":"2021-01-25T22:39:46","guid":{"rendered":"https:\/\/borderlessmag.org\/?p=4750"},"modified":"2022-09-30T12:48:25","modified_gmt":"2022-09-30T17:48:25","slug":"una-agenda-de-inmigracion-para-y-por-el-pueblo","status":"publish","type":"post","link":"https:\/\/borderlessmag.org\/es\/2021\/01\/25\/una-agenda-de-inmigracion-para-y-por-el-pueblo\/","title":{"rendered":"Una agenda de inmigraci\u00f3n para y por el pueblo"},"content":{"rendered":"<p><span style=\"color: #808080;\"><span style=\"font-weight: 400;\">Ilustraci\u00f3n<\/span> por Brian Herrera para Borderless Magazine\/<\/span><a href=\"https:\/\/www.catchlight.io\/local\">CatchLight Local Chicago<\/a><\/p>\n<p><strong><i>Este <\/i><em><a href=\"https:\/\/borderlessmag.org\/es\/2021\/01\/20\/una-agenda-popular-para-la-inmigracion\/\">art\u00edculo<\/a><\/em><a href=\"https:\/\/borderlessmag.org\/es\/2021\/01\/20\/una-agenda-popular-para-la-inmigracion\/\"><i>, <\/i><\/a><i>publicado originalmente en ingl\u00e9s por Borderless Magazine, est\u00e1 disponible en espa\u00f1ol gracias al proyecto \"Traduciendo las noticias de Chicago\", del Instituto de Noticias Sin Fines de Lucro (INN).<\/i><\/strong><\/p>\n<p><strong><a href=\"https:\/\/borderlessmag.org\/es\/2021\/01\/13\/para-los-inmigrantes-indocumentados-una-oportunidad-de-residencia-legal-requiere-arriesgarlo-todo\/\">Leer en ingl\u00e9s<\/a><\/strong><\/p>\n<p><span style=\"font-weight: 400;\">Joe Biden se convirti\u00f3 en el 46\u00ba presidente de los Estados Unidos el mi\u00e9rcoles pasado. Su presidencia inicia luego de cuatro a\u00f1os de cambios dram\u00e1ticos al sistema de inmigraci\u00f3n de la naci\u00f3n y restricciones sin precedentes para los refugiados y <\/span><a href=\"https:\/\/borderlessmag.org\/es\/2020\/10\/08\/un-abogado-de-inmigracion-sobre-la-proteccion-de-los-derechos-de-los-solicitantes-de-asilo\/\"><span style=\"font-weight: 400;\">solicitantes de asilo.<\/span><\/a><\/p>\n<p><span style=\"font-weight: 400;\">Biden ya ha prometido revertir a inicios de su mandato muchas de las pol\u00edticas de inmigraci\u00f3n del presidente Trump.<\/span> <a href=\"https:\/\/bluevirginia.us\/2021\/01\/memo-from-incoming-white-house-chief-of-staff-ron-klain-on-the-first-ten-days-of-the-administration\"><span style=\"font-weight: 400;\">Un memorando de Ron Klain nuevo jefe de personal enviado el s\u00e1bado pasado al personal superior,<\/span><\/a> <span style=\"font-weight: 400;\">indica que Biden tiene la intenci\u00f3n de firmar cerca de una docena de acciones ejecutivas en y poco despu\u00e9s del D\u00eda de la Inauguraci\u00f3n, incluyendo una medida para poner fin a la prohibici\u00f3n musulmana de Trump. El presidente electo tambi\u00e9n planea presentar al Congreso un proyecto de reforma migratoria integral.<\/span><\/p>\n<p><span style=\"font-weight: 400;\">El plan propuesto<\/span><span style=\"font-weight: 400;\"> permitir\u00e1 a los beneficiarios de DACA y otros, a solicitar tarjetas de residencia permanente y restaurar los programas de refugiados y asilo a su estado anterior al mandato de Trump, seg\u00fan los funcionarios de transici\u00f3n.<\/span><\/p>\n<p>Borderless Magazine pregunt\u00f3 a los organizadores de inmigrantes y sus aliados en Chicago qu\u00e9 es lo que esperan que el presidente Biden cambie el sistema de inmigraci\u00f3n. Esto es lo que dijeron.<\/p>\n<h3 id=\"inmigracion-inversa-y-prohibicion-de-viaje\"><b>Inmigraci\u00f3n inversa y prohibici\u00f3n de viajar<\/b><\/h3>\n<p><em><span style=\"font-weight: 400;\">Jims Porter, gerente de comunicaciones y abogac\u00eda de <\/span><a href=\"http:\/\/www.refugeeone.org\/\">RefugeeOne<\/a><\/em><\/p>\n<p><span style=\"font-weight: 400;\">Algunas de las primeras acciones de la administraci\u00f3n Trump fueron los ataques directos a las comunidades de inmigrantes, empezando con las prohibiciones racistas de viajes, dirigidas a refugiados e inmigrantes musulmanes.<\/span><\/p>\n<p><span style=\"font-weight: 400;\">Desde el primer d\u00eda, estas comunidades han sido atacadas.<\/span><\/p>\n<p><span style=\"font-weight: 400;\">Si bien reconocemos el potencial de la legislaci\u00f3n pro inmigrante bajo el nuevo Congreso, tambi\u00e9n hay una necesidad urgente y una oportunidad para que la administraci\u00f3n Biden tome medidas ejecutivas para revocar muchas de las proclamaciones y pol\u00edticas de Trump.<\/span><\/p>\n<p><span style=\"font-weight: 400;\">Estas incluyen la expansi\u00f3n de <\/span><a href=\"https:\/\/borderlessmag.org\/es\/2020\/06\/18\/me-senti-abrumada-de-alegria-y-alivio-una-beneficiaria-del-daca-reacciona-ante-la-decision-del-tribunal-supremo-de-proteger-el-daca\/\"><span style=\"font-weight: 400;\">DACA<\/span><\/a><span style=\"font-weight: 400;\"> y del <\/span><a href=\"https:\/\/borderlessmag.org\/es\/2020\/09\/28\/tras-la-sentencia-del-tribunal-que-le-espera-al-tps\/\"><span style=\"font-weight: 400;\">Estatus de Protecci\u00f3n Temporal<\/span> <\/a><span style=\"font-weight: 400;\">(TPS, por sus siglas en ingl\u00e9s); imponer una moratoria a las ejecuciones, detenciones y deportaciones del Servicio de Inmigraci\u00f3n y Control de Aduanas (ICE, por sus siglas en ingl\u00e9s); restaurar la reubicaci\u00f3n de refugiados a las normas hist\u00f3ricas; anular las reglas de cargos p\u00fablicos, la pol\u00edtica de \"Permanecer en M\u00e9xico\" y la prohibici\u00f3n de viaje.<\/span><\/p>\n<h3 id=\"restaurar-el-programa-de-refugiados-de-los-estados-unidos\"><b>Restaurar el Programa de refugiados de los Estados Unidos<\/b><\/h3>\n<p><i><span style=\"font-weight: 400;\">El Dr. Zaher Sahloul, copresidente de la<\/span><\/i><em><a href=\"https:\/\/ibic.us\/\"> Coalici\u00f3n de Negocios de Inmigraci\u00f3n en Illinois<\/a><\/em><\/p>\n<p><span style=\"font-weight: 400;\">El presidente Trump y su agenda xen\u00f3foba -orquestada por los supremacistas blancos Stephen Miller y Stephen Bannon- promulgaron pol\u00edticas hostiles a los inmigrantes y refugiados y contra todos los valores estadounidenses. Es vergonzoso que s\u00f3lo hayamos reubicado a docenas de refugiados sirios de un total de seis millones en medio de una crisis mundial de refugiados. Los inmigrantes y refugiados traen prosperidad, creaci\u00f3n de empleo, vitalidad econ\u00f3mica y diversidad a nuestros vecindarios y ciudades.<\/span><\/p>\n<p><span style=\"font-weight: 400;\">Espero que la administraci\u00f3n Biden rectifique primero lo que ha sido destruido por Trump,<\/span> <a href=\"https:\/\/borderlessmag.org\/es\/2019\/11\/20\/los-recortes-de-financiacion-de-trump-obligan-a-cerrar-clinicas-y-organizaciones-que-atienden-a-refugiados\/\"><span style=\"font-weight: 400;\">al abrir nuevamente nuestras puertas a diversos inmigrantes y aumentar nuestra cuota de refugiados reasentados<\/span><\/a><span style=\"font-weight: 400;\"> a 120 mil por a\u00f1o, como prometi\u00f3. Esto deber\u00eda incluir un mayor n\u00famero de refugiados sirios y musulmanes. En \u00faltima instancia, es importante que la administraci\u00f3n Biden priorice la reforma migratoria integral y no cometa el mismo error que la administraci\u00f3n de Obama: dejarla en segundo plano.<\/span><\/p>\n<h3 id=\"abolir-la-detencion-de-inmigrantes\"><b>Abolir la detenci\u00f3n de inmigrantes<\/b><\/h3>\n<p><i><span style=\"font-weight: 400;\">Colin McCormick, director de programas de la<\/span><\/i><em><a href=\"https:\/\/www.icdichicago.org\/\"> Comunidad Interreligiosa para Inmigrantes Detenidos<\/a><\/em><\/p>\n<p><span style=\"font-weight: 400;\">El ICDI insta a la administraci\u00f3n entrante de Biden a hacer de la abolici\u00f3n de la detenci\u00f3n de inmigrantes su mayor prioridad.<\/span><\/p>\n<p><span style=\"font-weight: 400;\">El complejo industrial de inmigraci\u00f3n encarcela cruel e inhumanamente a individuos simplemente por haber nacido en otro pa\u00eds. Las alternativas a la detenci\u00f3n de inmigrantes se pueden ver en todo el mundo, y la administraci\u00f3n de Biden debe trabajar para abolir los centros de detenci\u00f3n y los contratos de ICE con las c\u00e1rceles locales.<\/span><\/p>\n<p><span style=\"font-weight: 400;\">Cada a\u00f1o, el ICDI trabaja con cientos de miles de inmigrantes de diversos or\u00edgenes en nuestros programas. Apoyamos a los solicitantes de asilo que llegan a la frontera en busca de refugio, as\u00ed como a las personas que se enfrentan al sistema de justicia penal.<\/span><span style=\"font-weight: 400;\">,<\/span><a href=\"https:\/\/borderlessmag.org\/es\/2020\/01\/29\/la-lucha-para-liberar-a-beto\/\"><span style=\"font-weight: 400;\"> despu\u00e9s de haber sido transferidos de la custodia policial a la custodia de ICE.<\/span><\/a><\/p>\n<p><span style=\"font-weight: 400;\">Independientemente de por qu\u00e9 alguien es detenido por el ICE, nadie deber\u00eda enfrentarse a la crueldad de la detenci\u00f3n de inmigrantes. Las alternativas a la detenci\u00f3n de inmigrantes van desde patrocinios personales hasta patrocinios organizacionales, como <\/span><a href=\"https:\/\/borderlessmag.org\/es\/2019\/10\/23\/las-angustiosas-historias-de-seis-solicitantes-de-asilo-que-ahora-viven-en-chicago\/\"><span style=\"font-weight: 400;\">el programa de vivienda del ICDI.<\/span><\/a><\/p>\n<h3 id=\"reconocer-la-detencion-como-una-crisis-de-salud-publica-y-liberar-inmediatamente-a-los-detenidos\"><b>Reconocer la detenci\u00f3n como una crisis de salud p\u00fablica y liberar inmediatamente a los detenidos<\/b><\/h3>\n<p><i><span style=\"font-weight: 400;\">Jesse Johnson, miembro de la junta directiva de<\/span><\/i><a href=\"http:\/\/www.mibfc.org\/\"><i><span style=\"font-weight: 400;\"> la Coalici\u00f3n del Fondo para Fianzas de Inmigraci\u00f3n del Medio Oeste<\/span><\/i><\/a><\/p>\n<p><span style=\"font-weight: 400;\">El presidente electo Biden tiene que dirigir al ICE y a los tribunales de inmigraci\u00f3n para liberar a las personas de la detenci\u00f3n de inmigrantes, ya sea en libertad condicional o bajo fianza, especialmente debido a la pandemia COVID-19.<\/span><\/p>\n<p><span style=\"font-weight: 400;\">Desde que el ICE comenz\u00f3 las pruebas en febrero de 2020, ha habido 231 casos confirmados de COVID-19 en instalaciones del \u00e1rea de Chicago. Esto incluye 110 casos en el Centro de Detenci\u00f3n del Condado de Pulaski en Ullin. Esto es inaceptable cuando hay alternativas a la detenci\u00f3n. Necesitamos liberarlos a todos y terminar las detenciones.<\/span><\/p>\n<h3 id=\"proporcionar-un-camino-a-la-ciudadania\"><b>Proporcionar un camino a la ciudadan\u00eda<\/b><\/h3>\n<p><i><span style=\"font-weight: 400;\">Megan Singson, especialista en comunicaciones en Asia Americans Advancing Justice - Chicago<\/span><\/i><\/p>\n<p><span style=\"font-weight: 400;\">Creemos que las prioridades de Biden deber\u00edan ser crear un camino hacia la ciudadan\u00eda <\/span><a href=\"https:\/\/borderlessmag.org\/es\/2021\/01\/13\/para-los-inmigrantes-indocumentados-una-oportunidad-de-residencia-legal-requiere-arriesgarlo-todo\/\"><span style=\"font-weight: 400;\">para los 11 millones de inmigrantes indocumentados <\/span><\/a><span style=\"font-weight: 400;\">sin ninguna penalizaci\u00f3n ni mayores provisiones de aplicaci\u00f3n; mejorar nuestro sistema familiar de inmigraci\u00f3n basado en la aplicaci\u00f3n de las disposiciones de la Ley de reunificaci\u00f3n de las familias, y ordenando una moratoria de las deportaciones.<\/span><\/p>\n<h3 id=\"aumentar-el-acceso-al-idioma\"><b>Aumentar el acceso al idioma<\/b><\/h3>\n<p><i><span style=\"font-weight: 400;\">Sarah Pajeau, directora de programas del<\/span><\/i> <a href=\"https:\/\/rccchicago.org\/\"><i><span style=\"font-weight: 400;\">Centro Cultural Rohingya<\/span><\/i><\/a><\/p>\n<p><span style=\"font-weight: 400;\">Una prioridad es dar acceso a los inmigrantes a int\u00e9rpretes durante <\/span><a href=\"https:\/\/borderlessmag.org\/es\/2017\/05\/11\/aram-han-sifuentes\/\"><span style=\"font-weight: 400;\">sus procesos de solicitud de ciudadan\u00eda y entrevista<\/span><span style=\"font-weight: 400;\">.<\/span><\/a><span style=\"font-weight: 400;\"> Espec\u00edficamente para las personas mayores que son rohingyas, es extremadamente dif\u00edcil aprender ingl\u00e9s escribiendo, leyendo e incluso hablando, debido a su falta de educaci\u00f3n formal y trauma.<\/span><\/p>\n<h3 id=\"adoptar-una-narrativa-pro-migrante-y-pro-migracion\"><b>Adoptar una narrativa pro-migrante y pro-migraci\u00f3n<\/b><\/h3>\n<p><i><span style=\"font-weight: 400;\">Oscar Chac\u00f3n, director ejecutivo de<\/span><\/i> <a href=\"https:\/\/www.alianzaamericas.org\/?lang=en\"><i><span style=\"font-weight: 400;\">Alianza Am\u00e9ricas<\/span><\/i><\/a><\/p>\n<p><span style=\"font-weight: 400;\">A lo largo de las \u00faltimas cuatro d\u00e9cadas, fuerzas pol\u00edticas motivadas por prejuicios supremacistas blancos y xen\u00f3fobos han promovido constantemente una narrativa anti-inmigrante, que presenta al pueblo de M\u00e9xico y otros pa\u00edses latinoamericanos como una amenaza para los Estados Unidos.<\/span><\/p>\n<p><span style=\"font-weight: 400;\">Desafortunadamente, este esfuerzo ha logrado penetrar los c\u00edrculos de liderazgo de los dos partidos pol\u00edticos predominantes, as\u00ed como la mentalidad de muchas organizaciones que son parte del campo de la reforma pro-inmigrante. Consideramos urgente que la Administraci\u00f3n Biden-Harris adopte una narrativa genuinamente apegada a la verdad con respecto a los inmigrantes en general y particularmente, a la del pueblo de M\u00e9xico y otros pa\u00edses latinoamericanos.<\/span><\/p>\n<p><span style=\"font-weight: 400;\">Tal narrativa debe centrarse en el hecho de que estas poblaciones han sido un factor muy positivo en la vida de los Estados Unidos. Esto es esencial para crear el entorno adecuado para que la opini\u00f3n p\u00fablica apoye las reformas de la pol\u00edtica de inmigraci\u00f3n. Parte de esta nueva narrativa debe incluir el reconocimiento de la restrictiva, exclusiva y punitiva Ley de Reforma a la Inmigraci\u00f3n Ilegal y Responsabilidad de los Inmigrantes de 1996 como un error grave que debe ser corregido r\u00e1pidamente.<\/span><\/p>\n<p><span style=\"font-weight: 400;\">El coste humano infringido por esta ley es enorme, y su legislaci\u00f3n es posible gracias a la prevalencia de la narrativa t\u00f3xica, racista y xen\u00f3foba antes mencionada.<\/span><\/p>\n<p><i><span style=\"font-weight: 400;\">Nota del editor:<\/span><\/i><span style=\"font-weight: 400;\"> Este es un extracto editado de la declaraci\u00f3n completa de Alianza Am\u00e9ricas, que puede leerse completa en<\/span><a href=\"https:\/\/www.alianzaamericas.org\/tools\/agenda-biden-harris\/?lang=en\"><span style=\"font-weight: 400;\"> este enlace<\/span><\/a><span style=\"font-weight: 400;\">.<\/span><\/p>\n<h3 id=\"dejar-que-las-comunidades-lideren\"><b>Dejar que las comunidades lideren<\/b><\/h3>\n<p><a href=\"https:\/\/www.organizedcommunities.org\/\"><span style=\"font-weight: 400;\">Comunidades Organizadas Contra las Deportaciones\u00a0<\/span><\/a><\/p>\n<p><span style=\"font-weight: 400;\">Al igual que han seguido aumentando las pol\u00edticas represivas y la violencia estatal, tambi\u00e9n lo ha hecho la resistencia del pueblo. La respuesta negligente del gobierno a la pandemia ha movilizado a la gente para fortalecer las redes de apoyo mutuo, que nos han recordado que SOMOS LO QUE NECESITAMOS. Podemos prosperar como comunidad cuando nos organizamos y confiamos en nuestra imaginaci\u00f3n y corazones radicales.<\/span><\/p>\n<p><span style=\"font-weight: 400;\">Que Biden est\u00e9 en el cargo no significa m\u00e1s seguridad para nosotros y no vamos a bajar la guardia. Hay mucho da\u00f1o que necesita ser reparado y muchas m\u00e1s estructuras que necesitan ser desmanteladas. Nuestros seres queridos siguen encerrados, siguen siendo deportados, siguen siendo asesinados, y sabemos que este no es el momento de reducir la presi\u00f3n, sino de nivelar y mejorar nuestras t\u00e1cticas.\u00a0<\/span><\/p>\n<p><span style=\"font-weight: 400;\">Continuaremos siendo solidarios con el Movimiento por la Liberaci\u00f3n Negra<\/span><a href=\"https:\/\/borderlessmag.org\/es\/2020\/06\/11\/guia-popular-de-lucha-contra-el-racismo\/\"><span style=\"font-weight: 400;\">,<\/span><span style=\"font-weight: 400;\"> exigiendo la remoci\u00f3n de minas y la abolici\u00f3n de la polic\u00eda.\u00a0<\/span><\/a><\/p>\n<p><span style=\"font-weight: 400;\">Tambi\u00e9n seguiremos pidiendo la abolici\u00f3n del ICE, el CBP y las prisiones. Porque creemos en nuestro pueblo, que puede sanar colectivamente y crear colectivamente, nuevas realidades.<\/span><\/p>\n<p><i><span style=\"font-weight: 400;\">Nota del editor: <\/span><\/i><span style=\"font-weight: 400;\">Este es un extracto editado de la declaraci\u00f3n completa de OCAD, que puede leerse completa en <\/span><a href=\"https:\/\/www.organizedcommunities.org\/blog-posts\/movement-did-this-our-next-target-is-clear\"><span style=\"font-weight: 400;\">este enlace.<\/span><\/a><\/p>\n<p>&nbsp;<\/p>\n<p><b><i>Traducido por Gisela Orozco<\/i><\/b><\/p>\n<h4 id=\"nuestro-trabajo-es-posible-gracias-a-donaciones-de-personas-como-tu-apoya-a-el-periodismo-de-alta-calidad-realizando-una-donacion-deducible-de-impuestos-hoy\" class=\"pk-content-block pk-block-bg pk-block-bg-light\" style=\"text-align: left;\"><span style=\"color: #993300;\">Nuestro trabajo es posible gracias a donaciones de personas como t\u00fa. Apoya al periodismo de alta calidad realizando una donaci\u00f3n deducible de impuestos hoy. \u00a0 \u00a0 \u00a0 \u00a0 \u00a0 \u00a0 \u00a0 \u00a0 \u00a0 \u00a0 \u00a0 \u00a0 \u00a0 \u00a0 \u00a0 \u00a0 \u00a0 \u00a0 \u00a0 \u00a0 \u00a0 \u00a0 \u00a0 \u00a0 \u00a0 \u00a0 \u00a0 \u00a0 \u00a0 \u00a0 \u00a0 \u00a0 \u00a0 \u00a0 \u00a0 \u00a0 \u00a0 \u00a0 \u00a0 \u00a0 \u00a0 \u00a0 \u00a0 \u00a0 \u00a0 \u00a0 \u00a0 \u00a0 \u00a0 \u00a0 \u00a0\u00a0<\/span><a class=\"pk-button pk-button-md pk-button-primary pk-font-primary\" href=\"https:\/\/borderlessmag.org\/es\/donar\/\" target=\"_blank\" >\n\t\t\t Donar \n\t\t<\/a><\/h4>","protected":false},"excerpt":{"rendered":"<p>Organizadores locales comparten las pol\u00edticas de inmigraci\u00f3n que consideran deber\u00edan priorizar el presidente Biden.\u00a0<\/p>","protected":false},"author":9,"featured_media":4681,"comment_status":"closed","ping_status":"closed","sticky":false,"template":"","format":"standard","meta":{"inline_featured_image":false,"footnotes":""},"categories":[1],"tags":[],"coauthors":[211],"class_list":{"0":"post-4750","1":"post","2":"type-post","3":"status-publish","4":"format-standard","5":"has-post-thumbnail","7":"category-immigration-policy"},"yoast_head":"<!-- This site is optimized with the Yoast SEO Premium plugin v27.3 (Yoast SEO v27.3) - https:\/\/yoast.com\/product\/yoast-seo-premium-wordpress\/ -->\n<title>Una agenda de inmigraci\u00f3n para y por el pueblo &#8211; Borderless Magazine NFP<\/title>\n<meta name=\"description\" content=\"Organizadores locales comparten las pol\u00edticas de inmigraci\u00f3n que consideran deber\u00edan priorizar el presidente Biden.\u00a0\" \/>\n<meta name=\"robots\" content=\"index, follow, max-snippet:-1, max-image-preview:large, max-video-preview:-1\" \/>\n<link rel=\"canonical\" href=\"https:\/\/borderlessmag.org\/es\/2021\/01\/25\/una-agenda-de-inmigracion-para-y-por-el-pueblo\/\" \/>\n<meta property=\"og:locale\" content=\"es_MX\" \/>\n<meta property=\"og:type\" content=\"article\" \/>\n<meta property=\"og:title\" content=\"Una agenda de inmigraci\u00f3n para y por el pueblo &#8211; Borderless Magazine NFP\" \/>\n<meta property=\"og:description\" content=\"Una agenda de inmigraci\u00f3n para y por el pueblo &#8211; Borderless Magazine NFP\" \/>\n<meta property=\"og:url\" content=\"https:\/\/borderlessmag.org\/es\/2021\/01\/25\/una-agenda-de-inmigracion-para-y-por-el-pueblo\/\" \/>\n<meta property=\"og:site_name\" content=\"Borderless Magazine NFP\" \/>\n<meta property=\"article:publisher\" content=\"https:\/\/www.facebook.com\/BorderlessMagazine\" \/>\n<meta property=\"article:published_time\" content=\"2021-01-25T22:39:46+00:00\" \/>\n<meta property=\"article:modified_time\" content=\"2022-09-30T17:48:25+00:00\" \/>\n<meta property=\"og:image\" content=\"https:\/\/borderlessmag.org\/wordpress\/wp-content\/uploads\/2021\/01\/PeoplesAgenda_v2-1-featured.jpg\" \/>\n\t<meta property=\"og:image:width\" content=\"1440\" \/>\n\t<meta property=\"og:image:height\" content=\"650\" \/>\n\t<meta property=\"og:image:type\" content=\"image\/jpeg\" \/>\n<meta name=\"author\" content=\"Diane Bou Khalil\" \/>\n<meta name=\"twitter:card\" content=\"summary_large_image\" \/>\n<meta name=\"twitter:label1\" content=\"Escrito por\" \/>\n\t<meta name=\"twitter:data1\" content=\"Diane Bou Khalil\" \/>\n\t<meta name=\"twitter:label2\" content=\"Tiempo de lectura\" \/>\n\t<meta name=\"twitter:data2\" content=\"7 minutos\" \/>\n\t<meta name=\"twitter:label3\" content=\"Written by\" \/>\n\t<meta name=\"twitter:data3\" content=\"Diane Bou Khalil\" \/>\n<script type=\"application\/ld+json\" class=\"yoast-schema-graph\">{\"@context\":\"https:\\\/\\\/schema.org\",\"@graph\":[{\"@type\":\"NewsArticle\",\"@id\":\"https:\\\/\\\/borderlessmag.org\\\/2021\\\/01\\\/25\\\/una-agenda-de-inmigracion-para-y-por-el-pueblo\\\/#article\",\"isPartOf\":{\"@id\":\"https:\\\/\\\/borderlessmag.org\\\/2021\\\/01\\\/25\\\/una-agenda-de-inmigracion-para-y-por-el-pueblo\\\/\"},\"author\":{\"name\":\"Diane Bou Khalil\",\"@id\":\"https:\\\/\\\/borderlessmag.org\\\/#\\\/schema\\\/person\\\/0618f82de4f96e41cf77d6a0573321cf\"},\"headline\":\"Una agenda de inmigraci\u00f3n para y por el pueblo\",\"datePublished\":\"2021-01-25T22:39:46+00:00\",\"dateModified\":\"2022-09-30T17:48:25+00:00\",\"mainEntityOfPage\":{\"@id\":\"https:\\\/\\\/borderlessmag.org\\\/2021\\\/01\\\/25\\\/una-agenda-de-inmigracion-para-y-por-el-pueblo\\\/\"},\"wordCount\":1674,\"publisher\":{\"@id\":\"https:\\\/\\\/borderlessmag.org\\\/#organization\"},\"image\":{\"@id\":\"https:\\\/\\\/borderlessmag.org\\\/2021\\\/01\\\/25\\\/una-agenda-de-inmigracion-para-y-por-el-pueblo\\\/#primaryimage\"},\"thumbnailUrl\":\"https:\\\/\\\/borderlessmag.org\\\/wordpress\\\/wp-content\\\/uploads\\\/2021\\\/01\\\/PeoplesAgenda_v2-1-featured.jpg\",\"articleSection\":[\"Immigration Policy\"],\"inLanguage\":\"es\",\"copyrightYear\":\"2021\",\"copyrightHolder\":{\"@id\":\"https:\\\/\\\/borderlessmag.org\\\/es\\\/#organization\"}},{\"@type\":\"WebPage\",\"@id\":\"https:\\\/\\\/borderlessmag.org\\\/2021\\\/01\\\/25\\\/una-agenda-de-inmigracion-para-y-por-el-pueblo\\\/\",\"url\":\"https:\\\/\\\/borderlessmag.org\\\/2021\\\/01\\\/25\\\/una-agenda-de-inmigracion-para-y-por-el-pueblo\\\/\",\"name\":\"Una agenda de inmigraci\u00f3n para y por el pueblo &#8211; Borderless Magazine NFP\",\"isPartOf\":{\"@id\":\"https:\\\/\\\/borderlessmag.org\\\/#website\"},\"primaryImageOfPage\":{\"@id\":\"https:\\\/\\\/borderlessmag.org\\\/2021\\\/01\\\/25\\\/una-agenda-de-inmigracion-para-y-por-el-pueblo\\\/#primaryimage\"},\"image\":{\"@id\":\"https:\\\/\\\/borderlessmag.org\\\/2021\\\/01\\\/25\\\/una-agenda-de-inmigracion-para-y-por-el-pueblo\\\/#primaryimage\"},\"thumbnailUrl\":\"https:\\\/\\\/borderlessmag.org\\\/wordpress\\\/wp-content\\\/uploads\\\/2021\\\/01\\\/PeoplesAgenda_v2-1-featured.jpg\",\"datePublished\":\"2021-01-25T22:39:46+00:00\",\"dateModified\":\"2022-09-30T17:48:25+00:00\",\"description\":\"Organizadores locales comparten las pol\u00edticas de inmigraci\u00f3n que consideran deber\u00edan priorizar el presidente Biden.\u00a0\",\"inLanguage\":\"es\",\"potentialAction\":[{\"@type\":\"ReadAction\",\"target\":[\"https:\\\/\\\/borderlessmag.org\\\/2021\\\/01\\\/25\\\/una-agenda-de-inmigracion-para-y-por-el-pueblo\\\/\"]}]},{\"@type\":\"ImageObject\",\"inLanguage\":\"es\",\"@id\":\"https:\\\/\\\/borderlessmag.org\\\/2021\\\/01\\\/25\\\/una-agenda-de-inmigracion-para-y-por-el-pueblo\\\/#primaryimage\",\"url\":\"https:\\\/\\\/borderlessmag.org\\\/wordpress\\\/wp-content\\\/uploads\\\/2021\\\/01\\\/PeoplesAgenda_v2-1-featured.jpg\",\"contentUrl\":\"https:\\\/\\\/borderlessmag.org\\\/wordpress\\\/wp-content\\\/uploads\\\/2021\\\/01\\\/PeoplesAgenda_v2-1-featured.jpg\",\"caption\":\"president, United States, immigration, administration, peace, DACA,\"},{\"@type\":\"WebSite\",\"@id\":\"https:\\\/\\\/borderlessmag.org\\\/#website\",\"url\":\"https:\\\/\\\/borderlessmag.org\\\/\",\"name\":\"Borderless Magazine NFP\",\"description\":\"Stories about immigration and immigrants\",\"publisher\":{\"@id\":\"https:\\\/\\\/borderlessmag.org\\\/#organization\"},\"alternateName\":\"Borderless\",\"potentialAction\":[{\"@type\":\"SearchAction\",\"target\":{\"@type\":\"EntryPoint\",\"urlTemplate\":\"https:\\\/\\\/borderlessmag.org\\\/?s={search_term_string}\"},\"query-input\":{\"@type\":\"PropertyValueSpecification\",\"valueRequired\":true,\"valueName\":\"search_term_string\"}}],\"inLanguage\":\"es\"},{\"@type\":\"Organization\",\"@id\":\"https:\\\/\\\/borderlessmag.org\\\/#organization\",\"name\":\"Borderless Magazine NFP\",\"alternateName\":\"Borderless Mag\",\"url\":\"https:\\\/\\\/borderlessmag.org\\\/\",\"logo\":{\"@type\":\"ImageObject\",\"inLanguage\":\"es\",\"@id\":\"https:\\\/\\\/borderlessmag.org\\\/#\\\/schema\\\/logo\\\/image\\\/\",\"url\":\"https:\\\/\\\/borderlessmag.org\\\/wordpress\\\/wp-content\\\/uploads\\\/2025\\\/08\\\/BorderlessLogo_main_square.jpg\",\"contentUrl\":\"https:\\\/\\\/borderlessmag.org\\\/wordpress\\\/wp-content\\\/uploads\\\/2025\\\/08\\\/BorderlessLogo_main_square.jpg\",\"width\":696,\"height\":696,\"caption\":\"Borderless Magazine NFP\"},\"image\":{\"@id\":\"https:\\\/\\\/borderlessmag.org\\\/#\\\/schema\\\/logo\\\/image\\\/\"},\"sameAs\":[\"https:\\\/\\\/www.facebook.com\\\/BorderlessMagazine\",\"https:\\\/\\\/www.instagram.com\\\/borderless_mag\\\/\",\"https:\\\/\\\/www.tiktok.com\\\/@borderless_mag\"]},{\"@type\":\"Person\",\"@id\":\"https:\\\/\\\/borderlessmag.org\\\/#\\\/schema\\\/person\\\/0618f82de4f96e41cf77d6a0573321cf\",\"name\":\"Diane Bou Khalil\",\"image\":{\"@type\":\"ImageObject\",\"inLanguage\":\"es\",\"@id\":\"https:\\\/\\\/secure.gravatar.com\\\/avatar\\\/8ab266732771c672da164c43f58b943cd205d109c8460ea50d582b0080f046a8?s=96&d=mm&r=gc5a4ac7eb3eec9681687e712dd1376b2\",\"url\":\"https:\\\/\\\/secure.gravatar.com\\\/avatar\\\/8ab266732771c672da164c43f58b943cd205d109c8460ea50d582b0080f046a8?s=96&d=mm&r=g\",\"contentUrl\":\"https:\\\/\\\/secure.gravatar.com\\\/avatar\\\/8ab266732771c672da164c43f58b943cd205d109c8460ea50d582b0080f046a8?s=96&d=mm&r=g\",\"caption\":\"Diane Bou Khalil\"},\"url\":\"https:\\\/\\\/borderlessmag.org\\\/es\\\/author\\\/diane-bou-khalil\\\/\"}]}<\/script>\n<!-- \/ Yoast SEO Premium plugin. -->","yoast_head_json":{"title":"Una agenda de inmigraci\u00f3n para y por el pueblo - Borderless Magazine NFP","description":"Organizadores locales comparten las pol\u00edticas de inmigraci\u00f3n que consideran deber\u00edan priorizar el presidente Biden.\u00a0","robots":{"index":"index","follow":"follow","max-snippet":"max-snippet:-1","max-image-preview":"max-image-preview:large","max-video-preview":"max-video-preview:-1"},"canonical":"https:\/\/borderlessmag.org\/es\/2021\/01\/25\/una-agenda-de-inmigracion-para-y-por-el-pueblo\/","og_locale":"es_MX","og_type":"article","og_title":"Una agenda de inmigraci\u00f3n para y por el pueblo &#8211; Borderless Magazine NFP","og_description":"Una agenda de inmigraci\u00f3n para y por el pueblo &#8211; Borderless Magazine NFP","og_url":"https:\/\/borderlessmag.org\/es\/2021\/01\/25\/una-agenda-de-inmigracion-para-y-por-el-pueblo\/","og_site_name":"Borderless Magazine NFP","article_publisher":"https:\/\/www.facebook.com\/BorderlessMagazine","article_published_time":"2021-01-25T22:39:46+00:00","article_modified_time":"2022-09-30T17:48:25+00:00","og_image":[{"width":1440,"height":650,"url":"https:\/\/borderlessmag.org\/wordpress\/wp-content\/uploads\/2021\/01\/PeoplesAgenda_v2-1-featured.jpg","type":"image\/jpeg"}],"author":"Diane Bou Khalil","twitter_card":"summary_large_image","twitter_misc":{"Escrito por":"Diane Bou Khalil","Tiempo de lectura":"7 minutos","Written by":"Diane Bou Khalil"},"schema":{"@context":"https:\/\/schema.org","@graph":[{"@type":"NewsArticle","@id":"https:\/\/borderlessmag.org\/2021\/01\/25\/una-agenda-de-inmigracion-para-y-por-el-pueblo\/#article","isPartOf":{"@id":"https:\/\/borderlessmag.org\/2021\/01\/25\/una-agenda-de-inmigracion-para-y-por-el-pueblo\/"},"author":{"name":"Diane Bou Khalil","@id":"https:\/\/borderlessmag.org\/#\/schema\/person\/0618f82de4f96e41cf77d6a0573321cf"},"headline":"Una agenda de inmigraci\u00f3n para y por el pueblo","datePublished":"2021-01-25T22:39:46+00:00","dateModified":"2022-09-30T17:48:25+00:00","mainEntityOfPage":{"@id":"https:\/\/borderlessmag.org\/2021\/01\/25\/una-agenda-de-inmigracion-para-y-por-el-pueblo\/"},"wordCount":1674,"publisher":{"@id":"https:\/\/borderlessmag.org\/#organization"},"image":{"@id":"https:\/\/borderlessmag.org\/2021\/01\/25\/una-agenda-de-inmigracion-para-y-por-el-pueblo\/#primaryimage"},"thumbnailUrl":"https:\/\/borderlessmag.org\/wordpress\/wp-content\/uploads\/2021\/01\/PeoplesAgenda_v2-1-featured.jpg","articleSection":["Immigration Policy"],"inLanguage":"es","copyrightYear":"2021","copyrightHolder":{"@id":"https:\/\/borderlessmag.org\/es\/#organization"}},{"@type":"WebPage","@id":"https:\/\/borderlessmag.org\/2021\/01\/25\/una-agenda-de-inmigracion-para-y-por-el-pueblo\/","url":"https:\/\/borderlessmag.org\/2021\/01\/25\/una-agenda-de-inmigracion-para-y-por-el-pueblo\/","name":"Una agenda de inmigraci\u00f3n para y por el pueblo - Borderless Magazine NFP","isPartOf":{"@id":"https:\/\/borderlessmag.org\/#website"},"primaryImageOfPage":{"@id":"https:\/\/borderlessmag.org\/2021\/01\/25\/una-agenda-de-inmigracion-para-y-por-el-pueblo\/#primaryimage"},"image":{"@id":"https:\/\/borderlessmag.org\/2021\/01\/25\/una-agenda-de-inmigracion-para-y-por-el-pueblo\/#primaryimage"},"thumbnailUrl":"https:\/\/borderlessmag.org\/wordpress\/wp-content\/uploads\/2021\/01\/PeoplesAgenda_v2-1-featured.jpg","datePublished":"2021-01-25T22:39:46+00:00","dateModified":"2022-09-30T17:48:25+00:00","description":"Organizadores locales comparten las pol\u00edticas de inmigraci\u00f3n que consideran deber\u00edan priorizar el presidente Biden.\u00a0","inLanguage":"es","potentialAction":[{"@type":"ReadAction","target":["https:\/\/borderlessmag.org\/2021\/01\/25\/una-agenda-de-inmigracion-para-y-por-el-pueblo\/"]}]},{"@type":"ImageObject","inLanguage":"es","@id":"https:\/\/borderlessmag.org\/2021\/01\/25\/una-agenda-de-inmigracion-para-y-por-el-pueblo\/#primaryimage","url":"https:\/\/borderlessmag.org\/wordpress\/wp-content\/uploads\/2021\/01\/PeoplesAgenda_v2-1-featured.jpg","contentUrl":"https:\/\/borderlessmag.org\/wordpress\/wp-content\/uploads\/2021\/01\/PeoplesAgenda_v2-1-featured.jpg","caption":"president, United States, immigration, administration, peace, DACA,"},{"@type":"WebSite","@id":"https:\/\/borderlessmag.org\/#website","url":"https:\/\/borderlessmag.org\/","name":"Revista Borderless NFP","description":"Historias sobre inmigraci\u00f3n e inmigrantes","publisher":{"@id":"https:\/\/borderlessmag.org\/#organization"},"alternateName":"Borderless","potentialAction":[{"@type":"SearchAction","target":{"@type":"EntryPoint","urlTemplate":"https:\/\/borderlessmag.org\/?s={search_term_string}"},"query-input":{"@type":"PropertyValueSpecification","valueRequired":true,"valueName":"search_term_string"}}],"inLanguage":"es"},{"@type":"Organization","@id":"https:\/\/borderlessmag.org\/#organization","name":"Revista Borderless NFP","alternateName":"Borderless Mag","url":"https:\/\/borderlessmag.org\/","logo":{"@type":"ImageObject","inLanguage":"es","@id":"https:\/\/borderlessmag.org\/#\/schema\/logo\/image\/","url":"https:\/\/borderlessmag.org\/wordpress\/wp-content\/uploads\/2025\/08\/BorderlessLogo_main_square.jpg","contentUrl":"https:\/\/borderlessmag.org\/wordpress\/wp-content\/uploads\/2025\/08\/BorderlessLogo_main_square.jpg","width":696,"height":696,"caption":"Borderless Magazine NFP"},"image":{"@id":"https:\/\/borderlessmag.org\/#\/schema\/logo\/image\/"},"sameAs":["https:\/\/www.facebook.com\/BorderlessMagazine","https:\/\/www.instagram.com\/borderless_mag\/","https:\/\/www.tiktok.com\/@borderless_mag"]},{"@type":"Person","@id":"https:\/\/borderlessmag.org\/#\/schema\/person\/0618f82de4f96e41cf77d6a0573321cf","name":"Diane Bou Khalil","image":{"@type":"ImageObject","inLanguage":"es","@id":"https:\/\/secure.gravatar.com\/avatar\/8ab266732771c672da164c43f58b943cd205d109c8460ea50d582b0080f046a8?s=96&d=mm&r=gc5a4ac7eb3eec9681687e712dd1376b2","url":"https:\/\/secure.gravatar.com\/avatar\/8ab266732771c672da164c43f58b943cd205d109c8460ea50d582b0080f046a8?s=96&d=mm&r=g","contentUrl":"https:\/\/secure.gravatar.com\/avatar\/8ab266732771c672da164c43f58b943cd205d109c8460ea50d582b0080f046a8?s=96&d=mm&r=g","caption":"Diane Bou Khalil"},"url":"https:\/\/borderlessmag.org\/es\/author\/diane-bou-khalil\/"}]}},"cc_featured_image_caption":{"caption_text":"","source_text":"","source_url":""},"_links":{"self":[{"href":"https:\/\/borderlessmag.org\/es\/wp-json\/wp\/v2\/posts\/4750","targetHints":{"allow":["GET"]}}],"collection":[{"href":"https:\/\/borderlessmag.org\/es\/wp-json\/wp\/v2\/posts"}],"about":[{"href":"https:\/\/borderlessmag.org\/es\/wp-json\/wp\/v2\/types\/post"}],"author":[{"embeddable":true,"href":"https:\/\/borderlessmag.org\/es\/wp-json\/wp\/v2\/users\/9"}],"replies":[{"embeddable":true,"href":"https:\/\/borderlessmag.org\/es\/wp-json\/wp\/v2\/comments?post=4750"}],"version-history":[{"count":0,"href":"https:\/\/borderlessmag.org\/es\/wp-json\/wp\/v2\/posts\/4750\/revisions"}],"wp:featuredmedia":[{"embeddable":true,"href":"https:\/\/borderlessmag.org\/es\/wp-json\/wp\/v2\/media\/4681"}],"wp:attachment":[{"href":"https:\/\/borderlessmag.org\/es\/wp-json\/wp\/v2\/media?parent=4750"}],"wp:term":[{"taxonomy":"category","embeddable":true,"href":"https:\/\/borderlessmag.org\/es\/wp-json\/wp\/v2\/categories?post=4750"},{"taxonomy":"post_tag","embeddable":true,"href":"https:\/\/borderlessmag.org\/es\/wp-json\/wp\/v2\/tags?post=4750"},{"taxonomy":"author","embeddable":true,"href":"https:\/\/borderlessmag.org\/es\/wp-json\/wp\/v2\/coauthors?post=4750"}],"curies":[{"name":"wp","href":"https:\/\/api.w.org\/{rel}","templated":true}]}}