{"id":4683,"date":"2021-01-20T09:19:26","date_gmt":"2021-01-20T15:19:26","guid":{"rendered":"https:\/\/borderlessmag.org\/?p=4683"},"modified":"2022-09-30T12:48:23","modified_gmt":"2022-09-30T17:48:23","slug":"una-agenda-popular-para-la-inmigracion","status":"publish","type":"post","link":"https:\/\/borderlessmag.org\/es\/2021\/01\/20\/a-peoples-agenda-for-immigration\/","title":{"rendered":"Una Agenda Popular para la Inmigraci\u00f3n"},"content":{"rendered":"<p><span style=\"color: #808080;\">Illustration by Brian Herrera for Borderless Magazine\/<a href=\"https:\/\/www.catchlight.io\/local\">CatchLight Local Chicago<\/a><\/span><\/p>\n<p><span style=\"color: #800000;\"><a style=\"color: #800000;\" href=\"https:\/\/borderlessmag.org\/2021\/01\/25\/una-agenda-de-inmigracion-para-y-por-el-pueblo\/\"><strong>Leer en espa\u00f1ol<\/strong><\/a><\/span><\/p>\n<p><span style=\"font-weight: 400;\">Today, Joe Biden will be inaugurated as the 46th president of the United States. His presidency follows four years of dramatic changes to the nation\u2019s immigration system and unprecedented restrictions on refugees and <a href=\"https:\/\/borderlessmag.org\/2020\/10\/08\/an-immigration-attorney-on-protecting-the-rights-of-asylum-seekers\/\">asylum seekers<\/a>.<\/span><\/p>\n<p><span style=\"font-weight: 400;\">Already, Biden has promised to reverse many of President Trump\u2019s immigration policies early in his tenure. A <\/span><a href=\"https:\/\/bluevirginia.us\/2021\/01\/memo-from-incoming-white-house-chief-of-staff-ron-klain-on-the-first-ten-days-of-the-administration\"><span style=\"font-weight: 400;\">memo from incoming chief of staff Ron Klain, sent to senior staff <\/span><\/a><span style=\"font-weight: 400;\">on Saturday, indicates that Biden intends to sign close to a dozen executive actions on and shortly after Inauguration Day, including a measure to end Trump\u2019s Muslim ban. The president-elect also plans to submit a comprehensive immigration reform bill to Congress. The proposed plan will allow DACA recipients and others to apply for green cards and restore refugee and asylum programs to their pre-Trump state, according to transition officials.\u00a0<\/span><\/p>\n<p><i><span style=\"font-weight: 400;\">Borderless Magazine<\/span><\/i><span style=\"font-weight: 400;\"> asked immigrant organizers and their allies in Chicago how they hope President Biden will change the immigration system. Here is what they said.<\/span><\/p>\n<hr \/>\n<h3 id=\"reverse-immigration-and-travel-bans\"><b>Reverse Immigration and Travel Bans<\/b><\/h3>\n<p><i><span style=\"font-weight: 400;\">Jims Porter, communications and advocacy manager at <\/span><\/i><a href=\"http:\/\/www.refugeeone.org\"><i><span style=\"font-weight: 400;\">RefugeeOne<\/span><\/i><span style=\"font-weight: 400;\"><br \/>\n<\/span><\/a><\/p>\n<p><span style=\"font-weight: 400;\">Some of the Trump Administration\u2019s first actions were direct attacks on immigrant communities, starting with the racist travel bans targeting refugees and Muslim immigrants. From day one, these communities have been under attack.\u00a0<\/span><\/p>\n<p><span style=\"font-weight: 400;\">While we recognize the potential for pro-immigrant legislation under the new Congress, there\u2019s also an urgent need and opportunity for the Biden administration to take executive action to rescind many of Trump\u2019s proclamations and policies. These include expanding <a href=\"https:\/\/borderlessmag.org\/2020\/06\/18\/i-was-overwhelmed-with-joy-and-relief-a-daca-recipient-reacts-to-supreme-courts-decision-to-protect-daca\/\">DACA<\/a> and <a href=\"https:\/\/borderlessmag.org\/2020\/09\/28\/after-court-ruling-whats-next-for-tps\/\">Temporary Protected Status<\/a>; imposing a moratorium on ICE enforcement, detention and deportations; restoring refugee resettlement to historic norms; and rescinding the public charge rules, the <\/span><span style=\"font-weight: 400;\">\u201cRemain in Mexico\u201d policy<\/span><span style=\"font-weight: 400;\"> and travel bans.<\/span><\/p>\n<h3 id=\"restore-the-u-s-refugee-program\"><b>Restore the U.S. Refugee Program<\/b><\/h3>\n<p><i><\/i><i><span style=\"font-weight: 400;\">Dr. Zaher Sahloul, co-chair of the\u00a0<\/span><\/i><a href=\"https:\/\/ibic.us\"><i><span style=\"font-weight: 400;\">Illinois Business Immigration Coalition<\/span><\/i><\/a><\/p>\n<p><span style=\"font-weight: 400;\">President Trump and his xenophobic agenda\u2014orchestrated by white supremacists Stephen Miller and Stephen Bannon\u2014enacted policies that are hostile to immigrants and refugees and against all American values. It is shameful that we resettled only dozens of Syrian refugees out of six million in the midst of a global refugee crisis. Immigrants and refugees bring prosperity, job creation, economic vitality and diversity to our neighborhoods and towns.\u00a0<\/span><\/p>\n<p><span style=\"font-weight: 400;\">I hope that the Biden administration first rectifies what has been destroyed by Trump by <a href=\"https:\/\/borderlessmag.org\/2019\/11\/20\/funding-cuts-under-trump-are-forcing-clinics-and-organizations-that-serve-refugees-to-close\/\">reopening our doors to diverse immigrants and increasing our share of refugees resettled<\/a> to 120,000 per year, as he promised. This should include larger numbers of Syrian and Muslim refugees. Ultimately, it is important that the Biden administration prioritizes comprehensive immigration reform and doesn\u2019t make the same mistake as the Obama administration: placing it on the back burner.\u00a0<\/span><\/p>\n<h3 id=\"abolish-immigration-detention\"><b>Abolish Immigration Detention<\/b><\/h3>\n<p><i><span style=\"font-weight: 400;\">Colin McCormick, program director at <\/span><\/i><a href=\"https:\/\/www.icdichicago.org\"><i><span style=\"font-weight: 400;\">Interfaith Community for Detained Immigrants<\/span><\/i><\/a><\/p>\n<p><span style=\"font-weight: 400;\">The ICDI urges the incoming Biden administration to make abolition of immigration detention its biggest priority. The immigration industrial complex cruelly and inhumanely jail individuals simply for being born in another country. Alternatives to immigrant detention can be seen around the world, and the Biden administration must work toward abolishing detention centers and ICE contracts with local jails.<\/span><\/p>\n<p><span style=\"font-weight: 400;\">ICDI works with hundreds to thousands of diverse immigrants each year in our programs. We support asylum seekers who come to the border seeking refuge as well as individuals who are facing the criminal justice system, <a href=\"https:\/\/borderlessmag.org\/2020\/01\/29\/the-fight-to-release-beto\/\">having been transferred from police custody to ICE custody<\/a>. Regardless of why someone is detained by ICE, no one should face the cruelty of immigrant detention. Alternatives to immigrant detention range from personal sponsorships to organizational sponsorships, like the <a href=\"https:\/\/borderlessmag.org\/2019\/10\/23\/the-harrowing-stories-of-six-asylum-seekers-who-now-call-chicago-home\/\">ICDI housing program<\/a>.\u00a0<\/span><\/p>\n<h3 id=\"recognize-detention-as-a-public-health-crisis-and-immediately-free-detainees\"><b>Recognize Detention As a Public Health Crisis\u2014and Immediately Free Detainees<\/b><\/h3>\n<p><i><span style=\"font-weight: 400;\">Jesse Johnson, board member of <\/span><\/i><a href=\"http:\/\/www.mibfc.org\"><i><span style=\"font-weight: 400;\">Midwest Immigrant Bond Fund Coalition<\/span><\/i><\/a><i><span style=\"font-weight: 400;\">\u00a0<\/span><\/i><\/p>\n<p><span style=\"font-weight: 400;\">President-elect Biden needs to direct ICE and the immigration courts to <a href=\"https:\/\/borderlessmag.org\/2020\/04\/15\/locked-up-with-covid-19\/\">release individuals from immigration detention<\/a>, either on parole or bond, especially due to the COVID-19 pandemic. Since ICE began testing in February 2020, there have been 231 total confirmed COVID-19 cases in Chicago-area facilities. This includes 110 cases at the Pulaski County Detention Center in Ullin. This is unacceptable when there are alternatives to detention. We need to #FreeThemAll and #EndDetention.\u00a0<\/span><\/p>\n<h3 id=\"provide-a-path-to-citizenship\"><b>Provide a Path to Citizenship<\/b><\/h3>\n<p><i><span style=\"font-weight: 400;\">Megan Singson, communications specialist at <\/span><\/i><a href=\"https:\/\/www.advancingjustice-chicago.org\/\"><i><span style=\"font-weight: 400;\">Asian Americans Advancing Justice &#8211; Chicago<\/span><\/i><\/a><\/p>\n<p><span style=\"font-weight: 400;\">We believe Biden&#8217;s top priorities should be creating a path to <a href=\"https:\/\/borderlessmag.org\/2021\/01\/13\/for-undocumented-immigrants-a-shot-at-lawful-residency-requires-risking-it-all\/\">citizenship for all 11 million undocumented immigrants<\/a> without any criminalization or increased enforcement provisions; improving our family-based immigration system by implementing the provisions of the Reuniting Families Act; and ordering a moratorium on deportations.<\/span><\/p>\n<h3 id=\"increase-language-access\"><b>Increase Language Access<\/b><\/h3>\n<p><i><span style=\"font-weight: 400;\">Sarah Pajeau, program manager at <\/span><\/i><a href=\"https:\/\/rccchicago.org\"><i><span style=\"font-weight: 400;\">Rohingya Culture Center<\/span><\/i><span style=\"font-weight: 400;\"><br \/>\n<\/span><\/a><\/p>\n<p><span style=\"font-weight: 400;\">[An] important priority is giving [immigrants] access to interpreters during their <a href=\"https:\/\/borderlessmag.org\/2017\/05\/11\/aram-han-sifuentes\/\">citizenship application and interview processes.<\/a> Specifically for Rohingya seniors, it is extremely difficult to learn English writing, reading and even speaking due to their lack of formal education and trauma.<\/span><\/p>\n<h3 id=\"adopt-a-pro-migrant-and-pro-migration-narrative\"><b>Adopt a Pro-migrant and Pro-migration Narrative<\/b><\/h3>\n<p><i><span style=\"font-weight: 400;\">Oscar Chac\u00f3n, executive director of <\/span><\/i><a href=\"https:\/\/www.alianzaamericas.org\/?lang=en\"><i><span style=\"font-weight: 400;\">Alianza Americas<\/span><\/i><\/a><\/p>\n<p><span style=\"font-weight: 400;\">Throughout the last four decades, political forces motivated by <a href=\"https:\/\/borderlessmag.org\/2020\/08\/12\/racism-homelessness-and-a-lack-of-opportunities\/\">white supremacist and xenophobic prejudices<\/a> have consistently promoted an anti-immigrant narrative, which presents the people of Mexico and other Latin American countries as a threat to the United States of America. Unfortunately, this effort has managed to penetrate the leadership circles of the two dominant political parties, as well as the mindset of many organizations that are part of the pro-immigrant and pro-immigration reform field. We consider urgent for the Biden-Harris Administration to adopt a narrative genuinely attached to the truth regarding immigrants in general, and in particular the people of Mexico and other Latin American countries.<\/span><\/p>\n<p><span style=\"font-weight: 400;\">Such a narrative must focus on the fact that these populations have been a vastly positive factor in the life of the USA. This is essential to create the appropriate environment for public opinion to support immigration policy reforms. Part of this new narrative must include a recognition of the restrictive, exclusive and punitive<\/span><span style=\"font-weight: 400;\"> Illegal Immigration Reform and Immigrant Responsibility Act of 1996<\/span><span style=\"font-weight: 400;\"> as a serious error that must be promptly corrected. The human cost infringed by this law is enormous, and its legislation made possible by the prevalence of the toxic, racist and xenophobic narrative mentioned before.<\/span><span style=\"font-weight: 400;\"><br \/>\n<\/span><i><span style=\"font-weight: 400;\">Editor\u2019s note: This is an edited <\/span><\/i><span style=\"font-weight: 400;\">excerpt<\/span><i><span style=\"font-weight: 400;\"> from Alianza Americas\u2019 full statement, viewable <\/span><\/i><a href=\"https:\/\/www.alianzaamericas.org\/tools\/agenda-biden-harris\/?lang=en\"><i><span style=\"font-weight: 400;\">here<\/span><\/i><\/a><i><span style=\"font-weight: 400;\">.\u00a0\u00a0<\/span><\/i><\/p>\n<h3 id=\"let-communities-lead\"><b>Let Communities Lead<\/b><\/h3>\n<p><a href=\"https:\/\/www.organizedcommunities.org\/\"><i><span style=\"font-weight: 400;\">Organized Communities Against Deportation<\/span><\/i><\/a><i><span style=\"font-weight: 400;\"> team<\/span><\/i><\/p>\n<p><span style=\"font-weight: 400;\">Just as repressive policies and state violence have continued to rise, so has the resistance of the people. The government\u2019s negligent response to the pandemic has mobilized people to strengthen mutual support networks, which have reminded us that WE ARE WHAT WE NEED. We can thrive as a community when we organize and trust our radical imagination and hearts.<\/span><\/p>\n<p><span style=\"font-weight: 400;\">Biden in office does not mean more safety for us, and we are not going to let our guards down. There\u2019s a lot of harm that needs to be repaired and a lot more structures that need to be dismantled. Our loved ones are still locked up, they are still being deported, they are still being murdered, and we know this is not the time to lower the pressure but rather to level up and improve our tactics. We will continue to be in solidarity with the Black Liberation Movement, <a href=\"https:\/\/borderlessmag.org\/2020\/06\/11\/the-peoples-guide-to-fighting-racism\/\">demanding to defund and abolish the police<\/a>. We will also continue to call for the abolition of ICE, CBP and prisons. Because we believe in our people, collectively healing and collectively creating new realities.<\/span><span style=\"font-weight: 400;\"><br \/>\n<\/span><i><span style=\"font-weight: 400;\">Editor\u2019s note: This is an edited excerpt from OCAD\u2019s full statement, viewable <\/span><\/i><a href=\"https:\/\/www.organizedcommunities.org\/blog-posts\/movement-did-this-our-next-target-is-clear\"><i><span style=\"font-weight: 400;\">here<\/span><\/i><\/a><i><span style=\"font-weight: 400;\">.\u00a0\u00a0\u00a0<\/span><\/i><\/p>\n<h4 id=\"our-work-is-made-possible-thanks-to-donations-from-people-like-you-support-high-quality-reporting-by-making-a-tax-deductible-donation-today\" class=\"pk-content-block pk-block-bg pk-block-bg-light\" style=\"text-align: left;\"><span style=\"color: #993300;\">Our work is made possible thanks to donations from people like you. Support high-quality reporting by making a tax-deductible donation today. \u00a0 \u00a0 \u00a0 \u00a0 \u00a0 \u00a0 \u00a0 \u00a0 \u00a0 \u00a0 \u00a0 \u00a0 \u00a0 \u00a0 \u00a0 \u00a0 \u00a0 \u00a0 \u00a0 \u00a0 \u00a0 \u00a0 \u00a0 \u00a0 \u00a0 \u00a0 \u00a0 \u00a0 \u00a0 \u00a0 \u00a0 \u00a0 \u00a0 \u00a0 \u00a0 \u00a0 \u00a0 \u00a0 \u00a0 \u00a0 \u00a0 \u00a0 \u00a0 \u00a0 \u00a0 \u00a0 \u00a0 \u00a0 \u00a0 \u00a0 \u00a0 \u00a0 \u00a0 \u00a0 \u00a0 \u00a0 \u00a0 \u00a0 \u00a0 \u00a0 \u00a0 \u00a0 \u00a0 \u00a0 \u00a0\u00a0<\/span><a class=\"pk-button pk-button-md pk-button-primary pk-font-primary\" href=\"https:\/\/borderlessmag.org\/donate\/\" target=\"_blank\" >\n\t\t\t Donate \n\t\t<\/a><\/h4>\n<p>&nbsp;<\/p>\n","protected":false},"excerpt":{"rendered":"<p>Los organizadores locales comparten las pol\u00edticas de inmigraci\u00f3n a las que creen que el Presidente Biden deber\u00eda dar prioridad.<\/p>","protected":false},"author":9,"featured_media":4681,"comment_status":"closed","ping_status":"closed","sticky":false,"template":"","format":"standard","meta":{"inline_featured_image":false,"footnotes":""},"categories":[1],"tags":[],"coauthors":[211],"class_list":{"0":"post-4683","1":"post","2":"type-post","3":"status-publish","4":"format-standard","5":"has-post-thumbnail","7":"category-immigration-policy"},"yoast_head":"<!-- This site is optimized with the Yoast SEO Premium plugin v27.3 (Yoast SEO v27.3) - https:\/\/yoast.com\/product\/yoast-seo-premium-wordpress\/ -->\n<title>A People&#039;s Agenda for Immigration &#8211; Borderless Magazine NFP<\/title>\n<meta name=\"description\" content=\"Chicago immigrant organizers share the immigration policies that they believe President Biden should prioritize.\" \/>\n<meta name=\"robots\" content=\"index, follow, max-snippet:-1, max-image-preview:large, max-video-preview:-1\" \/>\n<link rel=\"canonical\" href=\"https:\/\/borderlessmag.org\/es\/2021\/01\/20\/una-agenda-popular-para-la-inmigracion\/\" \/>\n<meta property=\"og:locale\" content=\"es_MX\" \/>\n<meta property=\"og:type\" content=\"article\" \/>\n<meta property=\"og:title\" content=\"A People&#039;s Agenda for Immigration &#8211; Borderless Magazine NFP\" \/>\n<meta property=\"og:description\" content=\"A People&#039;s Agenda for Immigration &#8211; Borderless Magazine NFP\" \/>\n<meta property=\"og:url\" content=\"https:\/\/borderlessmag.org\/es\/2021\/01\/20\/una-agenda-popular-para-la-inmigracion\/\" \/>\n<meta property=\"og:site_name\" content=\"Borderless Magazine NFP\" \/>\n<meta property=\"article:publisher\" content=\"https:\/\/www.facebook.com\/BorderlessMagazine\" \/>\n<meta property=\"article:published_time\" content=\"2021-01-20T15:19:26+00:00\" \/>\n<meta property=\"article:modified_time\" content=\"2022-09-30T17:48:23+00:00\" \/>\n<meta property=\"og:image\" content=\"https:\/\/borderlessmag.org\/wordpress\/wp-content\/uploads\/2021\/01\/PeoplesAgenda_v2-1-featured.jpg\" \/>\n\t<meta property=\"og:image:width\" content=\"1440\" \/>\n\t<meta property=\"og:image:height\" content=\"650\" \/>\n\t<meta property=\"og:image:type\" content=\"image\/jpeg\" \/>\n<meta name=\"author\" content=\"Diane Bou Khalil\" \/>\n<meta name=\"twitter:card\" content=\"summary_large_image\" \/>\n<meta name=\"twitter:label1\" content=\"Escrito por\" \/>\n\t<meta name=\"twitter:data1\" content=\"Diane Bou Khalil\" \/>\n\t<meta name=\"twitter:label2\" content=\"Tiempo de lectura\" \/>\n\t<meta name=\"twitter:data2\" content=\"6 minutos\" \/>\n\t<meta name=\"twitter:label3\" content=\"Written by\" \/>\n\t<meta name=\"twitter:data3\" content=\"Diane Bou Khalil\" \/>\n<script type=\"application\/ld+json\" class=\"yoast-schema-graph\">{\"@context\":\"https:\\\/\\\/schema.org\",\"@graph\":[{\"@type\":\"NewsArticle\",\"@id\":\"https:\\\/\\\/borderlessmag.org\\\/2021\\\/01\\\/20\\\/a-peoples-agenda-for-immigration\\\/#article\",\"isPartOf\":{\"@id\":\"https:\\\/\\\/borderlessmag.org\\\/2021\\\/01\\\/20\\\/a-peoples-agenda-for-immigration\\\/\"},\"author\":{\"name\":\"Diane Bou Khalil\",\"@id\":\"https:\\\/\\\/borderlessmag.org\\\/#\\\/schema\\\/person\\\/0618f82de4f96e41cf77d6a0573321cf\"},\"headline\":\"A People&#8217;s Agenda for Immigration\",\"datePublished\":\"2021-01-20T15:19:26+00:00\",\"dateModified\":\"2022-09-30T17:48:23+00:00\",\"mainEntityOfPage\":{\"@id\":\"https:\\\/\\\/borderlessmag.org\\\/2021\\\/01\\\/20\\\/a-peoples-agenda-for-immigration\\\/\"},\"wordCount\":1293,\"publisher\":{\"@id\":\"https:\\\/\\\/borderlessmag.org\\\/#organization\"},\"image\":{\"@id\":\"https:\\\/\\\/borderlessmag.org\\\/2021\\\/01\\\/20\\\/a-peoples-agenda-for-immigration\\\/#primaryimage\"},\"thumbnailUrl\":\"https:\\\/\\\/borderlessmag.org\\\/wordpress\\\/wp-content\\\/uploads\\\/2021\\\/01\\\/PeoplesAgenda_v2-1-featured.jpg\",\"articleSection\":[\"Immigration Policy\"],\"inLanguage\":\"es\",\"copyrightYear\":\"2021\",\"copyrightHolder\":{\"@id\":\"https:\\\/\\\/borderlessmag.org\\\/es\\\/#organization\"}},{\"@type\":\"WebPage\",\"@id\":\"https:\\\/\\\/borderlessmag.org\\\/2021\\\/01\\\/20\\\/a-peoples-agenda-for-immigration\\\/\",\"url\":\"https:\\\/\\\/borderlessmag.org\\\/2021\\\/01\\\/20\\\/a-peoples-agenda-for-immigration\\\/\",\"name\":\"A People's Agenda for Immigration &#8211; Borderless Magazine NFP\",\"isPartOf\":{\"@id\":\"https:\\\/\\\/borderlessmag.org\\\/#website\"},\"primaryImageOfPage\":{\"@id\":\"https:\\\/\\\/borderlessmag.org\\\/2021\\\/01\\\/20\\\/a-peoples-agenda-for-immigration\\\/#primaryimage\"},\"image\":{\"@id\":\"https:\\\/\\\/borderlessmag.org\\\/2021\\\/01\\\/20\\\/a-peoples-agenda-for-immigration\\\/#primaryimage\"},\"thumbnailUrl\":\"https:\\\/\\\/borderlessmag.org\\\/wordpress\\\/wp-content\\\/uploads\\\/2021\\\/01\\\/PeoplesAgenda_v2-1-featured.jpg\",\"datePublished\":\"2021-01-20T15:19:26+00:00\",\"dateModified\":\"2022-09-30T17:48:23+00:00\",\"description\":\"Chicago immigrant organizers share the immigration policies that they believe President Biden should prioritize.\",\"inLanguage\":\"es\",\"potentialAction\":[{\"@type\":\"ReadAction\",\"target\":[\"https:\\\/\\\/borderlessmag.org\\\/2021\\\/01\\\/20\\\/a-peoples-agenda-for-immigration\\\/\"]}]},{\"@type\":\"ImageObject\",\"inLanguage\":\"es\",\"@id\":\"https:\\\/\\\/borderlessmag.org\\\/2021\\\/01\\\/20\\\/a-peoples-agenda-for-immigration\\\/#primaryimage\",\"url\":\"https:\\\/\\\/borderlessmag.org\\\/wordpress\\\/wp-content\\\/uploads\\\/2021\\\/01\\\/PeoplesAgenda_v2-1-featured.jpg\",\"contentUrl\":\"https:\\\/\\\/borderlessmag.org\\\/wordpress\\\/wp-content\\\/uploads\\\/2021\\\/01\\\/PeoplesAgenda_v2-1-featured.jpg\",\"caption\":\"president, United States, immigration, administration, peace, DACA,\"},{\"@type\":\"WebSite\",\"@id\":\"https:\\\/\\\/borderlessmag.org\\\/#website\",\"url\":\"https:\\\/\\\/borderlessmag.org\\\/\",\"name\":\"Borderless Magazine NFP\",\"description\":\"Stories about immigration and immigrants\",\"publisher\":{\"@id\":\"https:\\\/\\\/borderlessmag.org\\\/#organization\"},\"alternateName\":\"Borderless\",\"potentialAction\":[{\"@type\":\"SearchAction\",\"target\":{\"@type\":\"EntryPoint\",\"urlTemplate\":\"https:\\\/\\\/borderlessmag.org\\\/?s={search_term_string}\"},\"query-input\":{\"@type\":\"PropertyValueSpecification\",\"valueRequired\":true,\"valueName\":\"search_term_string\"}}],\"inLanguage\":\"es\"},{\"@type\":\"Organization\",\"@id\":\"https:\\\/\\\/borderlessmag.org\\\/#organization\",\"name\":\"Borderless Magazine NFP\",\"alternateName\":\"Borderless Mag\",\"url\":\"https:\\\/\\\/borderlessmag.org\\\/\",\"logo\":{\"@type\":\"ImageObject\",\"inLanguage\":\"es\",\"@id\":\"https:\\\/\\\/borderlessmag.org\\\/#\\\/schema\\\/logo\\\/image\\\/\",\"url\":\"https:\\\/\\\/borderlessmag.org\\\/wordpress\\\/wp-content\\\/uploads\\\/2025\\\/08\\\/BorderlessLogo_main_square.jpg\",\"contentUrl\":\"https:\\\/\\\/borderlessmag.org\\\/wordpress\\\/wp-content\\\/uploads\\\/2025\\\/08\\\/BorderlessLogo_main_square.jpg\",\"width\":696,\"height\":696,\"caption\":\"Borderless Magazine NFP\"},\"image\":{\"@id\":\"https:\\\/\\\/borderlessmag.org\\\/#\\\/schema\\\/logo\\\/image\\\/\"},\"sameAs\":[\"https:\\\/\\\/www.facebook.com\\\/BorderlessMagazine\",\"https:\\\/\\\/www.instagram.com\\\/borderless_mag\\\/\",\"https:\\\/\\\/www.tiktok.com\\\/@borderless_mag\"]},{\"@type\":\"Person\",\"@id\":\"https:\\\/\\\/borderlessmag.org\\\/#\\\/schema\\\/person\\\/0618f82de4f96e41cf77d6a0573321cf\",\"name\":\"Diane Bou Khalil\",\"image\":{\"@type\":\"ImageObject\",\"inLanguage\":\"es\",\"@id\":\"https:\\\/\\\/secure.gravatar.com\\\/avatar\\\/8ab266732771c672da164c43f58b943cd205d109c8460ea50d582b0080f046a8?s=96&d=mm&r=gc5a4ac7eb3eec9681687e712dd1376b2\",\"url\":\"https:\\\/\\\/secure.gravatar.com\\\/avatar\\\/8ab266732771c672da164c43f58b943cd205d109c8460ea50d582b0080f046a8?s=96&d=mm&r=g\",\"contentUrl\":\"https:\\\/\\\/secure.gravatar.com\\\/avatar\\\/8ab266732771c672da164c43f58b943cd205d109c8460ea50d582b0080f046a8?s=96&d=mm&r=g\",\"caption\":\"Diane Bou Khalil\"},\"url\":\"https:\\\/\\\/borderlessmag.org\\\/es\\\/author\\\/diane-bou-khalil\\\/\"}]}<\/script>\n<!-- \/ Yoast SEO Premium plugin. -->","yoast_head_json":{"title":"Una agenda popular para la inmigraci\u00f3n - Borderless Magazine NFP","description":"Organizadores de inmigrantes de Chicago comparten las pol\u00edticas de inmigraci\u00f3n que creen que el Presidente Biden deber\u00eda priorizar.","robots":{"index":"index","follow":"follow","max-snippet":"max-snippet:-1","max-image-preview":"max-image-preview:large","max-video-preview":"max-video-preview:-1"},"canonical":"https:\/\/borderlessmag.org\/es\/2021\/01\/20\/una-agenda-popular-para-la-inmigracion\/","og_locale":"es_MX","og_type":"article","og_title":"A People's Agenda for Immigration &#8211; Borderless Magazine NFP","og_description":"A People's Agenda for Immigration &#8211; Borderless Magazine NFP","og_url":"https:\/\/borderlessmag.org\/es\/2021\/01\/20\/una-agenda-popular-para-la-inmigracion\/","og_site_name":"Borderless Magazine NFP","article_publisher":"https:\/\/www.facebook.com\/BorderlessMagazine","article_published_time":"2021-01-20T15:19:26+00:00","article_modified_time":"2022-09-30T17:48:23+00:00","og_image":[{"width":1440,"height":650,"url":"https:\/\/borderlessmag.org\/wordpress\/wp-content\/uploads\/2021\/01\/PeoplesAgenda_v2-1-featured.jpg","type":"image\/jpeg"}],"author":"Diane Bou Khalil","twitter_card":"summary_large_image","twitter_misc":{"Escrito por":"Diane Bou Khalil","Tiempo de lectura":"6 minutos","Written by":"Diane Bou Khalil"},"schema":{"@context":"https:\/\/schema.org","@graph":[{"@type":"NewsArticle","@id":"https:\/\/borderlessmag.org\/2021\/01\/20\/a-peoples-agenda-for-immigration\/#article","isPartOf":{"@id":"https:\/\/borderlessmag.org\/2021\/01\/20\/a-peoples-agenda-for-immigration\/"},"author":{"name":"Diane Bou Khalil","@id":"https:\/\/borderlessmag.org\/#\/schema\/person\/0618f82de4f96e41cf77d6a0573321cf"},"headline":"A People&#8217;s Agenda for Immigration","datePublished":"2021-01-20T15:19:26+00:00","dateModified":"2022-09-30T17:48:23+00:00","mainEntityOfPage":{"@id":"https:\/\/borderlessmag.org\/2021\/01\/20\/a-peoples-agenda-for-immigration\/"},"wordCount":1293,"publisher":{"@id":"https:\/\/borderlessmag.org\/#organization"},"image":{"@id":"https:\/\/borderlessmag.org\/2021\/01\/20\/a-peoples-agenda-for-immigration\/#primaryimage"},"thumbnailUrl":"https:\/\/borderlessmag.org\/wordpress\/wp-content\/uploads\/2021\/01\/PeoplesAgenda_v2-1-featured.jpg","articleSection":["Immigration Policy"],"inLanguage":"es","copyrightYear":"2021","copyrightHolder":{"@id":"https:\/\/borderlessmag.org\/es\/#organization"}},{"@type":"WebPage","@id":"https:\/\/borderlessmag.org\/2021\/01\/20\/a-peoples-agenda-for-immigration\/","url":"https:\/\/borderlessmag.org\/2021\/01\/20\/a-peoples-agenda-for-immigration\/","name":"Una agenda popular para la inmigraci\u00f3n - Borderless Magazine NFP","isPartOf":{"@id":"https:\/\/borderlessmag.org\/#website"},"primaryImageOfPage":{"@id":"https:\/\/borderlessmag.org\/2021\/01\/20\/a-peoples-agenda-for-immigration\/#primaryimage"},"image":{"@id":"https:\/\/borderlessmag.org\/2021\/01\/20\/a-peoples-agenda-for-immigration\/#primaryimage"},"thumbnailUrl":"https:\/\/borderlessmag.org\/wordpress\/wp-content\/uploads\/2021\/01\/PeoplesAgenda_v2-1-featured.jpg","datePublished":"2021-01-20T15:19:26+00:00","dateModified":"2022-09-30T17:48:23+00:00","description":"Organizadores de inmigrantes de Chicago comparten las pol\u00edticas de inmigraci\u00f3n que creen que el Presidente Biden deber\u00eda priorizar.","inLanguage":"es","potentialAction":[{"@type":"ReadAction","target":["https:\/\/borderlessmag.org\/2021\/01\/20\/a-peoples-agenda-for-immigration\/"]}]},{"@type":"ImageObject","inLanguage":"es","@id":"https:\/\/borderlessmag.org\/2021\/01\/20\/a-peoples-agenda-for-immigration\/#primaryimage","url":"https:\/\/borderlessmag.org\/wordpress\/wp-content\/uploads\/2021\/01\/PeoplesAgenda_v2-1-featured.jpg","contentUrl":"https:\/\/borderlessmag.org\/wordpress\/wp-content\/uploads\/2021\/01\/PeoplesAgenda_v2-1-featured.jpg","caption":"president, United States, immigration, administration, peace, DACA,"},{"@type":"WebSite","@id":"https:\/\/borderlessmag.org\/#website","url":"https:\/\/borderlessmag.org\/","name":"Revista Borderless NFP","description":"Historias sobre inmigraci\u00f3n e inmigrantes","publisher":{"@id":"https:\/\/borderlessmag.org\/#organization"},"alternateName":"Borderless","potentialAction":[{"@type":"SearchAction","target":{"@type":"EntryPoint","urlTemplate":"https:\/\/borderlessmag.org\/?s={search_term_string}"},"query-input":{"@type":"PropertyValueSpecification","valueRequired":true,"valueName":"search_term_string"}}],"inLanguage":"es"},{"@type":"Organization","@id":"https:\/\/borderlessmag.org\/#organization","name":"Revista Borderless NFP","alternateName":"Borderless Mag","url":"https:\/\/borderlessmag.org\/","logo":{"@type":"ImageObject","inLanguage":"es","@id":"https:\/\/borderlessmag.org\/#\/schema\/logo\/image\/","url":"https:\/\/borderlessmag.org\/wordpress\/wp-content\/uploads\/2025\/08\/BorderlessLogo_main_square.jpg","contentUrl":"https:\/\/borderlessmag.org\/wordpress\/wp-content\/uploads\/2025\/08\/BorderlessLogo_main_square.jpg","width":696,"height":696,"caption":"Borderless Magazine NFP"},"image":{"@id":"https:\/\/borderlessmag.org\/#\/schema\/logo\/image\/"},"sameAs":["https:\/\/www.facebook.com\/BorderlessMagazine","https:\/\/www.instagram.com\/borderless_mag\/","https:\/\/www.tiktok.com\/@borderless_mag"]},{"@type":"Person","@id":"https:\/\/borderlessmag.org\/#\/schema\/person\/0618f82de4f96e41cf77d6a0573321cf","name":"Diane Bou Khalil","image":{"@type":"ImageObject","inLanguage":"es","@id":"https:\/\/secure.gravatar.com\/avatar\/8ab266732771c672da164c43f58b943cd205d109c8460ea50d582b0080f046a8?s=96&d=mm&r=gc5a4ac7eb3eec9681687e712dd1376b2","url":"https:\/\/secure.gravatar.com\/avatar\/8ab266732771c672da164c43f58b943cd205d109c8460ea50d582b0080f046a8?s=96&d=mm&r=g","contentUrl":"https:\/\/secure.gravatar.com\/avatar\/8ab266732771c672da164c43f58b943cd205d109c8460ea50d582b0080f046a8?s=96&d=mm&r=g","caption":"Diane Bou Khalil"},"url":"https:\/\/borderlessmag.org\/es\/author\/diane-bou-khalil\/"}]}},"cc_featured_image_caption":{"caption_text":"","source_text":"","source_url":""},"_links":{"self":[{"href":"https:\/\/borderlessmag.org\/es\/wp-json\/wp\/v2\/posts\/4683","targetHints":{"allow":["GET"]}}],"collection":[{"href":"https:\/\/borderlessmag.org\/es\/wp-json\/wp\/v2\/posts"}],"about":[{"href":"https:\/\/borderlessmag.org\/es\/wp-json\/wp\/v2\/types\/post"}],"author":[{"embeddable":true,"href":"https:\/\/borderlessmag.org\/es\/wp-json\/wp\/v2\/users\/9"}],"replies":[{"embeddable":true,"href":"https:\/\/borderlessmag.org\/es\/wp-json\/wp\/v2\/comments?post=4683"}],"version-history":[{"count":0,"href":"https:\/\/borderlessmag.org\/es\/wp-json\/wp\/v2\/posts\/4683\/revisions"}],"wp:featuredmedia":[{"embeddable":true,"href":"https:\/\/borderlessmag.org\/es\/wp-json\/wp\/v2\/media\/4681"}],"wp:attachment":[{"href":"https:\/\/borderlessmag.org\/es\/wp-json\/wp\/v2\/media?parent=4683"}],"wp:term":[{"taxonomy":"category","embeddable":true,"href":"https:\/\/borderlessmag.org\/es\/wp-json\/wp\/v2\/categories?post=4683"},{"taxonomy":"post_tag","embeddable":true,"href":"https:\/\/borderlessmag.org\/es\/wp-json\/wp\/v2\/tags?post=4683"},{"taxonomy":"author","embeddable":true,"href":"https:\/\/borderlessmag.org\/es\/wp-json\/wp\/v2\/coauthors?post=4683"}],"curies":[{"name":"wp","href":"https:\/\/api.w.org\/{rel}","templated":true}]}}