{"id":3755,"date":"2020-10-08T15:42:42","date_gmt":"2020-10-08T20:42:42","guid":{"rendered":"http:\/\/borderlessmag.org\/?p=3755"},"modified":"2022-01-05T14:24:32","modified_gmt":"2022-01-05T20:24:32","slug":"una-abogada-de-inmigracion-lucha-por-los-derechos-de-los-refugiados","status":"publish","type":"post","link":"https:\/\/borderlessmag.org\/es\/2020\/10\/08\/una-abogada-de-inmigracion-lucha-por-los-derechos-de-los-refugiados\/","title":{"rendered":"Una abogada de inmigraci\u00f3n lucha por los derechos de los refugiados"},"content":{"rendered":"<p><span style=\"color: #808080;\">Arriba: Empleados de Las Americas enfrente un mural por <span style=\"color: #800000;\"><a style=\"color: #800000;\" href=\"http:\/\/www.cimione.com\/\" target=\"_blank\" rel=\"noopener noreferrer\" data-saferedirecturl=\"https:\/\/www.google.com\/url?q=http:\/\/www.cimione.com\/&amp;source=gmail&amp;ust=1602196231421000&amp;usg=AFQjCNH8OxWb_T6CJoHhIJqDAKcpISZsAA\">Cimi Alvarado<\/a> <\/span>fuera de la oficina.<\/span><\/p>\n<p><span style=\"color: #808080;\">Ilustraciones por Brian Herrera\/Borderless Magazine<\/span><\/p>\n<p><a href=\"https:\/\/borderlessmag.org\/es\/2020\/10\/08\/un-abogado-de-inmigracion-sobre-la-proteccion-de-los-derechos-de-los-solicitantes-de-asilo\/\"><span style=\"color: #800000;\"><strong>Leer en ingl\u00e9s<\/strong><\/span><\/a><\/p>\n<p><i><span style=\"font-weight: 400;\">Linda Rivas sue\u00f1a con un futuro en el que su trabajo ya no sea necesario. La directora ejecutiva de <a href=\"https:\/\/las-americas.org\/\">Centro de Defensa de los Inmigrantes de Las Am\u00e9ricas<\/a>-una organizaci\u00f3n ubicada en Texas que ayuda a inmigrantes de bajos recursos-es tambi\u00e9n una inmigrante. Cuando era joven, Las Americas le brind\u00f3 ayuda a algunos miembros de su familia, inspir\u00e1ndola a ayudar a las comunidades necesitadas. Hoy en d\u00eda, ella se dedica a brindar asistencia legal a inmigrantes que est\u00e1n en centros de detenci\u00f3n en El Paso.<\/span><\/i><\/p>\n<hr \/>\n<p><span style=\"font-weight: 400;\">Nac\u00ed en Pachuca, Hidalgo. Mi padre era mexicano y mi madre era una ciudadana americana. Cuando ten\u00eda cuatro a\u00f1os nos fuimos a El Paso y consegu\u00ed mi ciudadan\u00eda. Mi mam\u00e1 logr\u00f3 conseguirme a m\u00ed y a mi padre nuestra ciudadan\u00eda americana por s\u00ed sola. No contrat\u00f3 ning\u00fan abogado.<\/span><\/p>\n<p><span style=\"font-weight: 400;\">En los 90s, algunos miembros de mi familia recibieron ayuda de Las Americas y eso cambi\u00f3 sus vidas. Eso siempre se me qued\u00f3 grabado. Me acuerdo de que dec\u00edan cosas como \"Le tenemos que llevar esto a la abogada\". Y me acuerdo de eso cuando nos hablan nuestros clientes; a veces est\u00e1n muy estresados y desesperados porque \u00faltimamente hay muchos cambios en la pol\u00edtica. Gestionar lo que est\u00e1n pasando es algo que est\u00e1 muy cerca de mi coraz\u00f3n porque mi familia tambi\u00e9n pas\u00f3 por todo eso. As\u00ed que, poder volver y ser parte de esto para m\u00ed es un sue\u00f1o hecho realidad.<\/span><\/p>\n<p><span style=\"font-weight: 400;\">Me intrigaba mucho como la abogada de mi familia ten\u00eda tanto poder de cambiar sus vidas. Y yo quer\u00eda ser alguien que ayudara a familias como la m\u00eda. Decid\u00ed ir a la escuela de leyes, y busqu\u00e9 oportunidades de voluntariado. En la universidad no tuve mucho tiempo de hacer actividades extracurriculares: Mi mam\u00e1 hab\u00eda fallecido, y tuve que cuidar de mi hermano menor que tiene <\/span><span style=\"font-weight: 400;\">TDAH. Una vez que mi hermano creci\u00f3, finalmente tuve la oportunidad de ser voluntaria en un centro para inmigrantes.<\/span><\/p>\n<p><img decoding=\"async\" class=\"wp-image-3748 aligncenter\" src=\"https:\/\/borderlessmag.org\/wordpress\/wp-content\/uploads\/2020\/10\/image1.jpeg\" alt=\"\" width=\"600\" height=\"654\" \/><\/p>\n<p><span style=\"font-weight: 400;\">Despu\u00e9s de ser voluntaria ah\u00ed es como si te picara un bicho. Simplemente supe que ese era el lugar en el que quer\u00eda estar. Estas personas necesitan a alguien que las acompa\u00f1e en este viaje tan dif\u00edcil y complicado que es navegar en el sistema de inmigraci\u00f3n de los Estados Unidos. Y como voluntaria, navegas pensando entre: \"\u00bfTengo un complejo de salvador? \u00bfO realmente estoy empoderando a las personas?\"<\/span><\/p>\n<p><span style=\"font-weight: 400;\">Por eso siempre digo que es un honor servir a las personas que nos toca servir. <\/span><span style=\"font-weight: 400;\">Los empoderamos gui\u00e1ndonos a trav\u00e9s de este proceso legal tan complicado que est\u00e1 dise\u00f1ado para que fracasen.<\/span><\/p>\n<p><span style=\"font-weight: 400;\">Si somos capaces de romper eso y conseguirles alg\u00fan tipo de estatus legal o sacarlos de alguna situaci\u00f3n peligrosa, para m\u00ed, eso es todo lo que me propongo hacer. Una parte muy frustrante de mi trabajo es ver c\u00f3mo la gente piensa que los inmigrantes son indocumentados porque quieren serlo, y que, si tan solo hubieran seguido las reglas, o esperado en la l\u00ednea, o llenado los documentos adecuados, estar\u00edan bien. Ese no es el caso.<\/span><span style=\"font-weight: 400;\">\u00a0<\/span><\/p>\n<p><span style=\"font-weight: 400;\">Perd\u00ed a mi mam\u00e1 cuando ten\u00eda 17, y luego a mi pap\u00e1 hace cuatro a\u00f1os. Ha sido dif\u00edcil. Pero al mismo tiempo, esta p\u00e9rdida me ayuda a relacionarme con mis clientes. Ellos tambi\u00e9n han sufrido grandes p\u00e9rdidas al abandonar sus pa\u00edses de origen.<\/span><\/p>\n<p><span style=\"font-weight: 400;\">En mis casi seis a\u00f1os trabajando con Las Americas, un caso que en verdad me ha impactado fue el caso de Al\u00eda y Mar\u00eda. Mar\u00eda y sus hijos vinieron a los Estados Unidos en el 2014 despu\u00e9s de que su esposo fuera asesinado en Ciudad Ju\u00e1rez. Llegando solicitaron asilo. Mientras estaban tratando de navegar por el sistema judicial, Al\u00eda, la hija de seis a\u00f1os de Mar\u00eda, fue diagnosticada de un caso muy grave de c\u00e1ncer de hueso. La familia perdi\u00f3 el caso en una etapa muy temprana, y luego vinieron a Las Americas. Luchamos mucho, y mientras el c\u00e1ncer de Al\u00eda segu\u00eda empeorando, Mar\u00eda enfrentaba la deportaci\u00f3n. <\/span><span style=\"font-weight: 400;\">Solicitamos a ICE que suspendiera la deportaci\u00f3n. Dijeron que s\u00ed.<\/span><\/p>\n<p><span style=\"font-weight: 400;\">Luchamos tanto, y la dejaron quedarse por seis meses. Despu\u00e9s, Mar\u00eda termin\u00f3 cas\u00e1ndose con su exesposo, el cual es el padre de sus primeras dos hijas. Debido a que \u00e9l es un ciudadano americano, pudimos ayudarla a obtener un estatus migratorio. Si no se hubiera casado con \u00e9l, no s\u00e9 cu\u00e1nto m\u00e1s podr\u00edamos haberla protegido de la deportaci\u00f3n. Para m\u00ed, Mar\u00eda muestra la perseverancia de una madre que es una luchadora. Ella es el portarretrato de una refugiada que hace todo lo que puede en la peor de las circunstancias.<\/span><\/p>\n<div id=\"attachment_3747\" style=\"width: 610px\" class=\"wp-caption aligncenter\"><img decoding=\"async\" aria-describedby=\"caption-attachment-3747\" class=\"wp-image-3747\" src=\"https:\/\/borderlessmag.org\/wordpress\/wp-content\/uploads\/2020\/10\/image0.jpeg\" alt=\"\" width=\"600\" height=\"659\" \/><p id=\"caption-attachment-3747\" class=\"wp-caption-text\">Linda Rivas con sus dos hijos.<\/p><\/div>\n<p><span style=\"font-weight: 400;\">Me pregunto c\u00f3mo ser\u00eda si en verdad cont\u00e1ramos con reformas de inmigraci\u00f3n. \u00bfQu\u00e9 significa si tuvi\u00e9ramos la habilidad moral para que las personas vivieran a salvo en este pa\u00eds, que no vivieran entre las sombras, que no tuvieran miedo a la deportaci\u00f3n? Pienso en lo mucho que podr\u00edan crecer y florecer.<\/span><\/p>\n<p><span style=\"font-weight: 400;\">En verdad estamos perdiendo la oportunidad de honrarlos y permitirles ser parte del \u00e9xito de las comunidades alrededor del pa\u00eds. Muchos inmigrantes han contribuido a nuestra comunidad. Estas son personas que han criado doctores, enfermeras, y profesores. Ellos poseen y crean negocios. Veo sus vidas en un paquete cuando voy y se lo llevo al gobierno pidiendo que les concedan la ciudadan\u00eda. Para m\u00ed, ese paquete representa tanta fuerza y resiliencia.<\/span><\/p>\n<p><span style=\"font-weight: 400;\">Amo trabajar en Las Americas. Representa mucha esperanza en la comunidad; ofrece una de las primeras defensas en contra de pol\u00edticas da\u00f1inas que afectan a refugiados. Sin embargo, queremos un futuro en el que Las Americas no tenga que existir. Queremos un futuro en donde la migraci\u00f3n es un derecho humano y que sea reconocido como tal. Queremos un futuro en el que no tengamos que estar luchando constantemente-donde la batalla ya haya sido ganada. Y definitivamente ese es el futuro que so\u00f1amos continuamente. Actualmente, no estamos ni cerca del final.<\/span><\/p>\n<div class=\"pk-callout\">Lee m\u00e1s <span style=\"color: #993300;\"><a style=\"color: #993300;\" href=\"https:\/\/borderlessmag.org\/es\/categoria\/postales-desde-la-frontera\/\">Postales de la Frontera<\/a> <\/span>aqu\u00ed.<\/div>\n<h4 id=\"our-work-is-made-possible-thanks-to-donations-from-people-like-you-support-high-quality-reporting-by-making-a-tax-deductible-donation-today\" class=\"pk-content-block pk-block-bg pk-block-bg-light\" style=\"text-align: left;\"><span style=\"color: #993300;\">Nuestro trabajo es posible gracias a las donaciones de personas como usted. Apoye la informaci\u00f3n de alta calidad haciendo una donaci\u00f3n deducible de impuestos hoy mismo.\u00a0 \u00a0 \u00a0 \u00a0 \u00a0 \u00a0 \u00a0 \u00a0 \u00a0 \u00a0 \u00a0 \u00a0 \u00a0 \u00a0 \u00a0 \u00a0 \u00a0 \u00a0 \u00a0 \u00a0 \u00a0 \u00a0 \u00a0 \u00a0 \u00a0 \u00a0 \u00a0 \u00a0 \u00a0 \u00a0 \u00a0 \u00a0 \u00a0 \u00a0 \u00a0 \u00a0 \u00a0 \u00a0 \u00a0 \u00a0 \u00a0 \u00a0 \u00a0 \u00a0 \u00a0 \u00a0 \u00a0 \u00a0 \u00a0 \u00a0 \u00a0 \u00a0 \u00a0 \u00a0 \u00a0 \u00a0 \u00a0 \u00a0 \u00a0 \u00a0<\/span><a class=\"pk-button pk-button-md pk-button-primary pk-font-primary\" href=\"https:\/\/borderlessmag.org\/es\/donar\/\" target=\"_blank\" >\n\t\t\t Donar \n\t\t<\/a><\/h4>","protected":false},"excerpt":{"rendered":"<p>De voluntaria a abogada, Linda Rivas lucha en la batalla cuesta arriba de las reformas de inmigraci\u00f3n.<\/p>","protected":false},"author":29,"featured_media":3768,"comment_status":"closed","ping_status":"closed","sticky":false,"template":"","format":"standard","meta":{"inline_featured_image":false,"footnotes":""},"categories":[28],"tags":[],"coauthors":[205],"class_list":{"0":"post-3755","1":"post","2":"type-post","3":"status-publish","4":"format-standard","5":"has-post-thumbnail","7":"category-as-told-to"},"yoast_head":"<!-- This site is optimized with the Yoast SEO Premium plugin v27.3 (Yoast SEO v27.3) - https:\/\/yoast.com\/product\/yoast-seo-premium-wordpress\/ -->\n<title>Una abogada de inmigraci\u00f3n lucha por los derechos de los refugiados &#8211; Borderless Magazine NFP<\/title>\n<meta name=\"description\" content=\"De voluntaria a abogada, Linda Rivas lucha en la batalla cuesta arriba de las reformas de inmigraci\u00f3n.\" \/>\n<meta name=\"robots\" content=\"index, follow, max-snippet:-1, max-image-preview:large, max-video-preview:-1\" \/>\n<link rel=\"canonical\" href=\"https:\/\/borderlessmag.org\/es\/2020\/10\/08\/una-abogada-de-inmigracion-lucha-por-los-derechos-de-los-refugiados\/\" \/>\n<meta property=\"og:locale\" content=\"es_MX\" \/>\n<meta property=\"og:type\" content=\"article\" \/>\n<meta property=\"og:title\" content=\"Una abogada de inmigraci\u00f3n lucha por los derechos de los refugiados &#8211; Borderless Magazine NFP\" \/>\n<meta property=\"og:description\" content=\"Una abogada de inmigraci\u00f3n lucha por los derechos de los refugiados &#8211; Borderless Magazine NFP\" \/>\n<meta property=\"og:url\" content=\"https:\/\/borderlessmag.org\/es\/2020\/10\/08\/una-abogada-de-inmigracion-lucha-por-los-derechos-de-los-refugiados\/\" \/>\n<meta property=\"og:site_name\" content=\"Borderless Magazine NFP\" \/>\n<meta property=\"article:publisher\" content=\"https:\/\/www.facebook.com\/BorderlessMagazine\" \/>\n<meta property=\"article:published_time\" content=\"2020-10-08T20:42:42+00:00\" \/>\n<meta property=\"article:modified_time\" content=\"2022-01-05T20:24:32+00:00\" \/>\n<meta property=\"og:image\" content=\"https:\/\/borderlessmag.org\/wordpress\/wp-content\/uploads\/2020\/10\/image0-copy-scaled.jpeg\" \/>\n\t<meta property=\"og:image:width\" content=\"1920\" \/>\n\t<meta property=\"og:image:height\" content=\"821\" \/>\n\t<meta property=\"og:image:type\" content=\"image\/jpeg\" \/>\n<meta name=\"author\" content=\"Claudia Hern\u00e1ndez\" \/>\n<meta name=\"twitter:card\" content=\"summary_large_image\" \/>\n<meta name=\"twitter:label1\" content=\"Escrito por\" \/>\n\t<meta name=\"twitter:data1\" content=\"Claudia Hern\u00e1ndez\" \/>\n\t<meta name=\"twitter:label2\" content=\"Tiempo de lectura\" \/>\n\t<meta name=\"twitter:data2\" content=\"6 minutos\" \/>\n\t<meta name=\"twitter:label3\" content=\"Written by\" \/>\n\t<meta name=\"twitter:data3\" content=\"Claudia Hern\u00e1ndez\" \/>\n<script type=\"application\/ld+json\" class=\"yoast-schema-graph\">{\"@context\":\"https:\\\/\\\/schema.org\",\"@graph\":[{\"@type\":\"NewsArticle\",\"@id\":\"https:\\\/\\\/borderlessmag.org\\\/2020\\\/10\\\/08\\\/una-abogada-de-inmigracion-lucha-por-los-derechos-de-los-refugiados\\\/#article\",\"isPartOf\":{\"@id\":\"https:\\\/\\\/borderlessmag.org\\\/2020\\\/10\\\/08\\\/una-abogada-de-inmigracion-lucha-por-los-derechos-de-los-refugiados\\\/\"},\"author\":{\"name\":\"Claudia Hern\u00e1ndez\",\"@id\":\"https:\\\/\\\/borderlessmag.org\\\/#\\\/schema\\\/person\\\/9276d915239cd808fa90ed5ccd24bf80\"},\"headline\":\"Una abogada de inmigraci\u00f3n lucha por los derechos de los refugiados\",\"datePublished\":\"2020-10-08T20:42:42+00:00\",\"dateModified\":\"2022-01-05T20:24:32+00:00\",\"mainEntityOfPage\":{\"@id\":\"https:\\\/\\\/borderlessmag.org\\\/2020\\\/10\\\/08\\\/una-abogada-de-inmigracion-lucha-por-los-derechos-de-los-refugiados\\\/\"},\"wordCount\":1135,\"publisher\":{\"@id\":\"https:\\\/\\\/borderlessmag.org\\\/#organization\"},\"image\":{\"@id\":\"https:\\\/\\\/borderlessmag.org\\\/2020\\\/10\\\/08\\\/una-abogada-de-inmigracion-lucha-por-los-derechos-de-los-refugiados\\\/#primaryimage\"},\"thumbnailUrl\":\"https:\\\/\\\/borderlessmag.org\\\/wordpress\\\/wp-content\\\/uploads\\\/2020\\\/10\\\/image0-copy-scaled.jpeg\",\"articleSection\":[\"As Told To\"],\"inLanguage\":\"es\",\"copyrightYear\":\"2020\",\"copyrightHolder\":{\"@id\":\"https:\\\/\\\/borderlessmag.org\\\/es\\\/#organization\"}},{\"@type\":\"WebPage\",\"@id\":\"https:\\\/\\\/borderlessmag.org\\\/2020\\\/10\\\/08\\\/una-abogada-de-inmigracion-lucha-por-los-derechos-de-los-refugiados\\\/\",\"url\":\"https:\\\/\\\/borderlessmag.org\\\/2020\\\/10\\\/08\\\/una-abogada-de-inmigracion-lucha-por-los-derechos-de-los-refugiados\\\/\",\"name\":\"Una abogada de inmigraci\u00f3n lucha por los derechos de los refugiados &#8211; Borderless Magazine NFP\",\"isPartOf\":{\"@id\":\"https:\\\/\\\/borderlessmag.org\\\/#website\"},\"primaryImageOfPage\":{\"@id\":\"https:\\\/\\\/borderlessmag.org\\\/2020\\\/10\\\/08\\\/una-abogada-de-inmigracion-lucha-por-los-derechos-de-los-refugiados\\\/#primaryimage\"},\"image\":{\"@id\":\"https:\\\/\\\/borderlessmag.org\\\/2020\\\/10\\\/08\\\/una-abogada-de-inmigracion-lucha-por-los-derechos-de-los-refugiados\\\/#primaryimage\"},\"thumbnailUrl\":\"https:\\\/\\\/borderlessmag.org\\\/wordpress\\\/wp-content\\\/uploads\\\/2020\\\/10\\\/image0-copy-scaled.jpeg\",\"datePublished\":\"2020-10-08T20:42:42+00:00\",\"dateModified\":\"2022-01-05T20:24:32+00:00\",\"description\":\"De voluntaria a abogada, Linda Rivas lucha en la batalla cuesta arriba de las reformas de inmigraci\u00f3n.\",\"inLanguage\":\"es\",\"potentialAction\":[{\"@type\":\"ReadAction\",\"target\":[\"https:\\\/\\\/borderlessmag.org\\\/2020\\\/10\\\/08\\\/una-abogada-de-inmigracion-lucha-por-los-derechos-de-los-refugiados\\\/\"]}]},{\"@type\":\"ImageObject\",\"inLanguage\":\"es\",\"@id\":\"https:\\\/\\\/borderlessmag.org\\\/2020\\\/10\\\/08\\\/una-abogada-de-inmigracion-lucha-por-los-derechos-de-los-refugiados\\\/#primaryimage\",\"url\":\"https:\\\/\\\/borderlessmag.org\\\/wordpress\\\/wp-content\\\/uploads\\\/2020\\\/10\\\/image0-copy-scaled.jpeg\",\"contentUrl\":\"https:\\\/\\\/borderlessmag.org\\\/wordpress\\\/wp-content\\\/uploads\\\/2020\\\/10\\\/image0-copy-scaled.jpeg\"},{\"@type\":\"WebSite\",\"@id\":\"https:\\\/\\\/borderlessmag.org\\\/#website\",\"url\":\"https:\\\/\\\/borderlessmag.org\\\/\",\"name\":\"Borderless Magazine NFP\",\"description\":\"Stories about immigration and immigrants\",\"publisher\":{\"@id\":\"https:\\\/\\\/borderlessmag.org\\\/#organization\"},\"alternateName\":\"Borderless\",\"potentialAction\":[{\"@type\":\"SearchAction\",\"target\":{\"@type\":\"EntryPoint\",\"urlTemplate\":\"https:\\\/\\\/borderlessmag.org\\\/?s={search_term_string}\"},\"query-input\":{\"@type\":\"PropertyValueSpecification\",\"valueRequired\":true,\"valueName\":\"search_term_string\"}}],\"inLanguage\":\"es\"},{\"@type\":\"Organization\",\"@id\":\"https:\\\/\\\/borderlessmag.org\\\/#organization\",\"name\":\"Borderless Magazine NFP\",\"alternateName\":\"Borderless Mag\",\"url\":\"https:\\\/\\\/borderlessmag.org\\\/\",\"logo\":{\"@type\":\"ImageObject\",\"inLanguage\":\"es\",\"@id\":\"https:\\\/\\\/borderlessmag.org\\\/#\\\/schema\\\/logo\\\/image\\\/\",\"url\":\"https:\\\/\\\/borderlessmag.org\\\/wordpress\\\/wp-content\\\/uploads\\\/2025\\\/08\\\/BorderlessLogo_main_square.jpg\",\"contentUrl\":\"https:\\\/\\\/borderlessmag.org\\\/wordpress\\\/wp-content\\\/uploads\\\/2025\\\/08\\\/BorderlessLogo_main_square.jpg\",\"width\":696,\"height\":696,\"caption\":\"Borderless Magazine NFP\"},\"image\":{\"@id\":\"https:\\\/\\\/borderlessmag.org\\\/#\\\/schema\\\/logo\\\/image\\\/\"},\"sameAs\":[\"https:\\\/\\\/www.facebook.com\\\/BorderlessMagazine\",\"https:\\\/\\\/www.instagram.com\\\/borderless_mag\\\/\",\"https:\\\/\\\/www.tiktok.com\\\/@borderless_mag\"]},{\"@type\":\"Person\",\"@id\":\"https:\\\/\\\/borderlessmag.org\\\/#\\\/schema\\\/person\\\/9276d915239cd808fa90ed5ccd24bf80\",\"name\":\"Claudia Hern\u00e1ndez\",\"image\":{\"@type\":\"ImageObject\",\"inLanguage\":\"es\",\"@id\":\"https:\\\/\\\/secure.gravatar.com\\\/avatar\\\/432f6917cc8bc5936df27f23cc1a60df646ffe62fc4c8a03770c886a13b418c1?s=96&d=mm&r=gf1071a07f9790ebcb532395595efa482\",\"url\":\"https:\\\/\\\/secure.gravatar.com\\\/avatar\\\/432f6917cc8bc5936df27f23cc1a60df646ffe62fc4c8a03770c886a13b418c1?s=96&d=mm&r=g\",\"contentUrl\":\"https:\\\/\\\/secure.gravatar.com\\\/avatar\\\/432f6917cc8bc5936df27f23cc1a60df646ffe62fc4c8a03770c886a13b418c1?s=96&d=mm&r=g\",\"caption\":\"Claudia Hern\u00e1ndez\"},\"url\":\"https:\\\/\\\/borderlessmag.org\\\/es\\\/author\\\/claudia-hernandez\\\/\"}]}<\/script>\n<!-- \/ Yoast SEO Premium plugin. -->","yoast_head_json":{"title":"Una abogada de inmigraci\u00f3n lucha por los derechos de los refugiados - Borderless Magazine NFP","description":"De voluntaria a abogada, Linda Rivas lucha en la batalla cuesta arriba de las reformas de inmigraci\u00f3n.","robots":{"index":"index","follow":"follow","max-snippet":"max-snippet:-1","max-image-preview":"max-image-preview:large","max-video-preview":"max-video-preview:-1"},"canonical":"https:\/\/borderlessmag.org\/es\/2020\/10\/08\/una-abogada-de-inmigracion-lucha-por-los-derechos-de-los-refugiados\/","og_locale":"es_MX","og_type":"article","og_title":"Una abogada de inmigraci\u00f3n lucha por los derechos de los refugiados &#8211; Borderless Magazine NFP","og_description":"Una abogada de inmigraci\u00f3n lucha por los derechos de los refugiados &#8211; Borderless Magazine NFP","og_url":"https:\/\/borderlessmag.org\/es\/2020\/10\/08\/una-abogada-de-inmigracion-lucha-por-los-derechos-de-los-refugiados\/","og_site_name":"Borderless Magazine NFP","article_publisher":"https:\/\/www.facebook.com\/BorderlessMagazine","article_published_time":"2020-10-08T20:42:42+00:00","article_modified_time":"2022-01-05T20:24:32+00:00","og_image":[{"width":1920,"height":821,"url":"https:\/\/borderlessmag.org\/wordpress\/wp-content\/uploads\/2020\/10\/image0-copy-scaled.jpeg","type":"image\/jpeg"}],"author":"Claudia Hern\u00e1ndez","twitter_card":"summary_large_image","twitter_misc":{"Escrito por":"Claudia Hern\u00e1ndez","Tiempo de lectura":"6 minutos","Written by":"Claudia Hern\u00e1ndez"},"schema":{"@context":"https:\/\/schema.org","@graph":[{"@type":"NewsArticle","@id":"https:\/\/borderlessmag.org\/2020\/10\/08\/una-abogada-de-inmigracion-lucha-por-los-derechos-de-los-refugiados\/#article","isPartOf":{"@id":"https:\/\/borderlessmag.org\/2020\/10\/08\/una-abogada-de-inmigracion-lucha-por-los-derechos-de-los-refugiados\/"},"author":{"name":"Claudia Hern\u00e1ndez","@id":"https:\/\/borderlessmag.org\/#\/schema\/person\/9276d915239cd808fa90ed5ccd24bf80"},"headline":"Una abogada de inmigraci\u00f3n lucha por los derechos de los refugiados","datePublished":"2020-10-08T20:42:42+00:00","dateModified":"2022-01-05T20:24:32+00:00","mainEntityOfPage":{"@id":"https:\/\/borderlessmag.org\/2020\/10\/08\/una-abogada-de-inmigracion-lucha-por-los-derechos-de-los-refugiados\/"},"wordCount":1135,"publisher":{"@id":"https:\/\/borderlessmag.org\/#organization"},"image":{"@id":"https:\/\/borderlessmag.org\/2020\/10\/08\/una-abogada-de-inmigracion-lucha-por-los-derechos-de-los-refugiados\/#primaryimage"},"thumbnailUrl":"https:\/\/borderlessmag.org\/wordpress\/wp-content\/uploads\/2020\/10\/image0-copy-scaled.jpeg","articleSection":["As Told To"],"inLanguage":"es","copyrightYear":"2020","copyrightHolder":{"@id":"https:\/\/borderlessmag.org\/es\/#organization"}},{"@type":"WebPage","@id":"https:\/\/borderlessmag.org\/2020\/10\/08\/una-abogada-de-inmigracion-lucha-por-los-derechos-de-los-refugiados\/","url":"https:\/\/borderlessmag.org\/2020\/10\/08\/una-abogada-de-inmigracion-lucha-por-los-derechos-de-los-refugiados\/","name":"Una abogada de inmigraci\u00f3n lucha por los derechos de los refugiados - Borderless Magazine NFP","isPartOf":{"@id":"https:\/\/borderlessmag.org\/#website"},"primaryImageOfPage":{"@id":"https:\/\/borderlessmag.org\/2020\/10\/08\/una-abogada-de-inmigracion-lucha-por-los-derechos-de-los-refugiados\/#primaryimage"},"image":{"@id":"https:\/\/borderlessmag.org\/2020\/10\/08\/una-abogada-de-inmigracion-lucha-por-los-derechos-de-los-refugiados\/#primaryimage"},"thumbnailUrl":"https:\/\/borderlessmag.org\/wordpress\/wp-content\/uploads\/2020\/10\/image0-copy-scaled.jpeg","datePublished":"2020-10-08T20:42:42+00:00","dateModified":"2022-01-05T20:24:32+00:00","description":"De voluntaria a abogada, Linda Rivas lucha en la batalla cuesta arriba de las reformas de inmigraci\u00f3n.","inLanguage":"es","potentialAction":[{"@type":"ReadAction","target":["https:\/\/borderlessmag.org\/2020\/10\/08\/una-abogada-de-inmigracion-lucha-por-los-derechos-de-los-refugiados\/"]}]},{"@type":"ImageObject","inLanguage":"es","@id":"https:\/\/borderlessmag.org\/2020\/10\/08\/una-abogada-de-inmigracion-lucha-por-los-derechos-de-los-refugiados\/#primaryimage","url":"https:\/\/borderlessmag.org\/wordpress\/wp-content\/uploads\/2020\/10\/image0-copy-scaled.jpeg","contentUrl":"https:\/\/borderlessmag.org\/wordpress\/wp-content\/uploads\/2020\/10\/image0-copy-scaled.jpeg"},{"@type":"WebSite","@id":"https:\/\/borderlessmag.org\/#website","url":"https:\/\/borderlessmag.org\/","name":"Revista Borderless NFP","description":"Historias sobre inmigraci\u00f3n e inmigrantes","publisher":{"@id":"https:\/\/borderlessmag.org\/#organization"},"alternateName":"Borderless","potentialAction":[{"@type":"SearchAction","target":{"@type":"EntryPoint","urlTemplate":"https:\/\/borderlessmag.org\/?s={search_term_string}"},"query-input":{"@type":"PropertyValueSpecification","valueRequired":true,"valueName":"search_term_string"}}],"inLanguage":"es"},{"@type":"Organization","@id":"https:\/\/borderlessmag.org\/#organization","name":"Revista Borderless NFP","alternateName":"Borderless Mag","url":"https:\/\/borderlessmag.org\/","logo":{"@type":"ImageObject","inLanguage":"es","@id":"https:\/\/borderlessmag.org\/#\/schema\/logo\/image\/","url":"https:\/\/borderlessmag.org\/wordpress\/wp-content\/uploads\/2025\/08\/BorderlessLogo_main_square.jpg","contentUrl":"https:\/\/borderlessmag.org\/wordpress\/wp-content\/uploads\/2025\/08\/BorderlessLogo_main_square.jpg","width":696,"height":696,"caption":"Borderless Magazine NFP"},"image":{"@id":"https:\/\/borderlessmag.org\/#\/schema\/logo\/image\/"},"sameAs":["https:\/\/www.facebook.com\/BorderlessMagazine","https:\/\/www.instagram.com\/borderless_mag\/","https:\/\/www.tiktok.com\/@borderless_mag"]},{"@type":"Person","@id":"https:\/\/borderlessmag.org\/#\/schema\/person\/9276d915239cd808fa90ed5ccd24bf80","name":"Claudia Hern\u00e1ndez","image":{"@type":"ImageObject","inLanguage":"es","@id":"https:\/\/secure.gravatar.com\/avatar\/432f6917cc8bc5936df27f23cc1a60df646ffe62fc4c8a03770c886a13b418c1?s=96&d=mm&r=gf1071a07f9790ebcb532395595efa482","url":"https:\/\/secure.gravatar.com\/avatar\/432f6917cc8bc5936df27f23cc1a60df646ffe62fc4c8a03770c886a13b418c1?s=96&d=mm&r=g","contentUrl":"https:\/\/secure.gravatar.com\/avatar\/432f6917cc8bc5936df27f23cc1a60df646ffe62fc4c8a03770c886a13b418c1?s=96&d=mm&r=g","caption":"Claudia Hern\u00e1ndez"},"url":"https:\/\/borderlessmag.org\/es\/author\/claudia-hernandez\/"}]}},"cc_featured_image_caption":{"caption_text":false,"source_text":false,"source_url":false},"_links":{"self":[{"href":"https:\/\/borderlessmag.org\/es\/wp-json\/wp\/v2\/posts\/3755","targetHints":{"allow":["GET"]}}],"collection":[{"href":"https:\/\/borderlessmag.org\/es\/wp-json\/wp\/v2\/posts"}],"about":[{"href":"https:\/\/borderlessmag.org\/es\/wp-json\/wp\/v2\/types\/post"}],"author":[{"embeddable":true,"href":"https:\/\/borderlessmag.org\/es\/wp-json\/wp\/v2\/users\/29"}],"replies":[{"embeddable":true,"href":"https:\/\/borderlessmag.org\/es\/wp-json\/wp\/v2\/comments?post=3755"}],"version-history":[{"count":0,"href":"https:\/\/borderlessmag.org\/es\/wp-json\/wp\/v2\/posts\/3755\/revisions"}],"wp:featuredmedia":[{"embeddable":true,"href":"https:\/\/borderlessmag.org\/es\/wp-json\/wp\/v2\/media\/3768"}],"wp:attachment":[{"href":"https:\/\/borderlessmag.org\/es\/wp-json\/wp\/v2\/media?parent=3755"}],"wp:term":[{"taxonomy":"category","embeddable":true,"href":"https:\/\/borderlessmag.org\/es\/wp-json\/wp\/v2\/categories?post=3755"},{"taxonomy":"post_tag","embeddable":true,"href":"https:\/\/borderlessmag.org\/es\/wp-json\/wp\/v2\/tags?post=3755"},{"taxonomy":"author","embeddable":true,"href":"https:\/\/borderlessmag.org\/es\/wp-json\/wp\/v2\/coauthors?post=3755"}],"curies":[{"name":"wp","href":"https:\/\/api.w.org\/{rel}","templated":true}]}}