{"id":3222,"date":"2020-08-12T16:25:25","date_gmt":"2020-08-12T16:25:25","guid":{"rendered":"http:\/\/borderlessmag.org\/?p=3222"},"modified":"2020-08-12T16:25:25","modified_gmt":"2020-08-12T16:25:25","slug":"racismo-sin-hogar-y-falta-de-oportunidades","status":"publish","type":"post","link":"https:\/\/borderlessmag.org\/es\/2020\/08\/12\/racism-homelessness-and-a-lack-of-opportunities\/","title":{"rendered":"Racismo, desamparo y falta de oportunidades: La lucha de un estudiante mexicano por permanecer en EE.UU."},"content":{"rendered":"<p><span style=\"color: #808080;\">Ilustraciones de Brian Herrera\/Borderless Magazine<\/span><\/p>\n<p><a href=\"https:\/\/borderlessmag.org\/es\/2020\/08\/12\/un-estudiante-mexicano-sin-hogar-experimenta-racismo-y-falta-de-oportunidades-mientras-intenta-estudiar-en-los-estados-unidos\/\"><span style=\"color: #993300;\"><strong>Read in English<\/strong><\/span><\/a><\/p>\n<p><em><span style=\"color: #000000;\"><span style=\"font-weight: 400;\">El sue\u00f1o de Lupita es ser periodista. Originaria del estado mexicano de Chihuahua, sabe que la profesi\u00f3n que ha elegido es peligrosa. <\/span><span style=\"color: #800000;\"><a style=\"color: #800000;\" href=\"https:\/\/cpj.org\/data\/killed\/americas\/mexico\/?status=Killed&amp;motiveConfirmed%5B%5D=Confirmed&amp;type%5B%5D=Journalist&amp;cc_fips%5B%5D=MX&amp;start_year=1992&amp;end_year=2020&amp;group_by=location\"><span style=\"font-weight: 400;\">M\u00e1s de cincuenta periodistas asesinados<\/span><\/a><\/span><span style=\"font-weight: 400;\"> por sus reportajes en M\u00e9xico desde 1992, seg\u00fan el Comit\u00e9 para la Protecci\u00f3n de los Periodistas.<\/span><\/span><\/em><\/p>\n<p><em><span style=\"font-weight: 400; color: #000000;\">A pesar de los peligros, Lupita decidi\u00f3 venir a Estados Unidos en 2013 con la esperanza de estudiar periodismo. Pero debido a los empleadores racistas y ahora a la pandemia de COVID-19, perseguir su sue\u00f1o no ha sido nada f\u00e1cil.\u00a0\u00a0<\/span><\/em><\/p>\n<hr \/>\n<p><span style=\"font-weight: 400; color: #000000;\">Cuando ten\u00eda 18 a\u00f1os decid\u00ed que quer\u00eda ser periodista. Pero me di cuenta de que no hab\u00eda forma de estudiar o ejercer el periodismo en mi ciudad natal, Chihuahua (M\u00e9xico). Ser mujer periodista en M\u00e9xico es muy peligroso.\u00a0<\/span><\/p>\n<p><span style=\"color: #000000;\"><span style=\"font-weight: 400;\">Decid\u00ed venir a Estados Unidos a trav\u00e9s de un programa au pair<\/span><span style=\"font-weight: 400;\"> hace unos siete a\u00f1os. Mi plan era trabajar de ni\u00f1era y luego solicitar un visado de estudiante para estudiar periodismo en un colegio comunitario. Las dos primeras familias que me acogieron fueron incre\u00edbles. Respetaban mucho lo que yo hac\u00eda: trabajar y estudiar en otro pa\u00eds. Al cabo de un tiempo, decid\u00ed solicitar un visado de estudiante y empec\u00e9 a trabajar como ni\u00f1era de forma independiente.\u00a0<\/span><\/span><\/p>\n<p><span style=\"font-weight: 400; color: #000000;\">Pero la tercera familia con la que me colocaron era diferente. Esa familia era muy rica y trabajaba en pol\u00edtica para el Partido Republicano. Cuando llevaba a sus hijos a casa de sus amigos, los padres me interrogaban y me lanzaban miradas hostiles. Pero yo intentaba ignorarlos y me dec\u00eda que era parte del trabajo.<\/span><\/p>\n<p><span style=\"font-weight: 400; color: #000000;\">Las cosas empeoraron cuando Donald Trump se convirti\u00f3 en presidente. La gente se sinti\u00f3 m\u00e1s animada a decirme cosas. Una vez, un pariente de la familia para la que trabajaba me pregunt\u00f3 si estaba en Estados Unidos legalmente. Dijeron que si no lo estaba llamar\u00edan al ICE.\u00a0<\/span><\/p>\n<p><span style=\"font-weight: 400; color: #000000;\">Les dije que ten\u00eda un visado de estudiante, pero segu\u00eda preocupada. Sab\u00eda que con \u00e9l no pod\u00eda trabajar de ni\u00f1era, s\u00f3lo empleos en mi campus. Pero los trabajos universitarios son muy limitados y es imposible ganar dinero para pagar mis gastos con ellos. Aunque no quer\u00eda hacerlo, tuve que trabajar fuera del campus.<\/span><\/p>\n<p><img decoding=\"async\" class=\"wp-image-3225 alignleft\" src=\"https:\/\/borderlessmag.org\/wordpress\/wp-content\/uploads\/2020\/08\/Cap.jpg\" alt=\"graduaci\u00f3n, inmigrante, M\u00e9xico\" width=\"400\" height=\"613\" \/><\/p>\n<p><span style=\"font-weight: 400; color: #000000;\">Siempre iba al d\u00eda con las clases en mi colegio y sacaba sobresalientes, lo que me ayud\u00f3 a conseguir una beca. Adem\u00e1s de estudiar, era redactora jefe de la redacci\u00f3n del colegio, compet\u00eda en cross y trabajaba 45 horas a la semana de ni\u00f1era.<\/span><\/p>\n<p><span style=\"font-weight: 400; color: #000000;\">No dorm\u00ed e intent\u00e9 mantenerme positiva, pero era mucha presi\u00f3n. Ya estaba tan estresada que cuando la gente me preguntaba por mi situaci\u00f3n legal me sent\u00eda fatal. La familia para la que trabajaba era abiertamente republicana y dec\u00eda en voz alta que estaba en contra de los inmigrantes. Siempre hablaban de inmigraci\u00f3n en las reuniones familiares y no les importaba que yo estuviera con ellos. Sin embargo, su casa estaba llena de trabajadores indocumentados. Eran unos hip\u00f3critas.<\/span><span style=\"font-weight: 400; color: #000000;\">\u00a0<\/span><\/p>\n<p><span style=\"font-weight: 400; color: #000000;\">Cuando me gradu\u00e9 en el colegio comunitario consegu\u00ed una beca en la universidad de mis sue\u00f1os. Pero cuando volv\u00ed de las vacaciones de verano me dijeron que la beca no se hab\u00eda tramitado y que ten\u00eda que pagar la matr\u00edcula de estudiante internacional. Intent\u00e9 seguir matriculada pero me dijeron que ten\u00eda que salir del pa\u00eds porque estaba a punto de violar las restricciones de mi visado de estudiante.\u00a0<\/span><\/p>\n<p><span style=\"font-weight: 400; color: #000000;\">Me puse en contacto con mi familia, pero no pod\u00edan pagar $20.000 de matr\u00edcula.\u00a0<\/span><\/p>\n<p><span style=\"font-weight: 400; color: #000000;\">Tuve que volver a M\u00e9xico. Fue muy triste porque por m\u00e1s que luchaba las puertas se me cerraban. Yo era una excelente estudiante pero como era internacional nadie estaba dispuesto a ayudarme. Encima Trump estaba luchando por echar a los estudiantes internacionales a pesar de que pagamos tres veces la colegiatura que un estudiante estadounidense.\u00a0<\/span><\/p>\n<p><span style=\"font-weight: 400; color: #000000;\">Decid\u00ed investigar otras universidades que ofrecieran buenas ofertas para estudiantes internacionales. La Universidad de Texas en El Paso ten\u00eda un programa muy asequible para m\u00ed. Nunca antes hab\u00eda pensado en estudiar en El Paso a pesar de que est\u00e1 relativamente cerca de mi ciudad natal. Despu\u00e9s de aplicar empec\u00e9 all\u00ed en la primavera de 2019.\u00a0<\/span><\/p>\n<p><span style=\"font-weight: 400; color: #000000;\">Pero despu\u00e9s de todo lo ocurrido no me sent\u00eda motivada cuando me mud\u00e9 a El Paso. Aunque saqu\u00e9 buenas notas y empec\u00e9 a trabajar en el peri\u00f3dico de la escuela, segu\u00eda sinti\u00e9ndome como una intrusa. En el segundo semestre me di cuenta de la suerte que ten\u00eda de vivir a s\u00f3lo cinco horas de Chihuahua. Intentaba volver a casa al menos una vez al mes para ver a mi familia y recargar las pilas. Poder ir y venir entre Estados Unidos y M\u00e9xico me ayud\u00f3 a sentirme bien de nuevo.\u00a0<\/span><\/p>\n<p><img decoding=\"async\" class=\"wp-image-3226 alignright\" src=\"https:\/\/borderlessmag.org\/wordpress\/wp-content\/uploads\/2020\/08\/Car.jpg\" alt=\"\" width=\"400\" height=\"491\" \/><\/p>\n<p><span style=\"font-weight: 400; color: #000000;\">Mientras estuve en El Paso encontr\u00e9 trabajo como ni\u00f1era y me mud\u00e9 con la familia. Este trabajo me ayud\u00f3 a equilibrar mi vida y me sent\u00ed mucho m\u00e1s parte de la comunidad y productiva. Era feliz y todo iba bien.\u00a0<\/span><\/p>\n<p><span style=\"font-weight: 400; color: #000000;\">Pero entonces lleg\u00f3 la pandemia y todo cambi\u00f3. Ya no pod\u00eda quedarme con la familia porque no quer\u00edan correr el riesgo de contraer COVID y me qued\u00e9 sin hogar. Lo \u00fanico que ten\u00eda era mi furgoneta, que se convirti\u00f3 en mi hogar. Estaba tan ocupada pagando mis estudios que no ten\u00eda dinero para nada m\u00e1s.\u00a0<\/span><\/p>\n<p><span style=\"font-weight: 400; color: #000000;\">Ahora mismo estoy ayudando a mi novio con su negocio de construcci\u00f3n porque no encuentro otro trabajo. Y con la pandemia se ha vuelto m\u00e1s dif\u00edcil que te contraten como estudiante internacional. Algunas empresas ni siquiera te entrevistan si no eres ciudadana estadounidense porque pronto necesitar\u00e9 un visado de trabajo y es dif\u00edcil obtenerlo. Las empresas no quieren correr ese riesgo. Es frustrante porque tengo buenas notas y un curr\u00edculum s\u00f3lido, pero nada de eso parece importar ahora.<\/span><\/p>\n<p><span style=\"font-weight: 400; color: #000000;\">Sin embargo, estoy deseando graduarme en la universidad y empezar por fin a trabajar como periodista profesional. Mi plan es intentar quedarme en Estados Unidos porque aqu\u00ed s\u00e9 que puedo estar segura.<\/span><span style=\"font-weight: 400; color: #000000;\">\u00a0<\/span><\/p>\n<p><span style=\"font-weight: 400; color: #000000;\">Y tengo la esperanza de que este pa\u00eds acabe con su cultura racista y cambie para bien. Creo que si la gente dejara de fijarse en la procedencia de las personas, su color de piel o su acento, el pa\u00eds ir\u00eda mejor.\u00a0<\/span><\/p>\n<p><span style=\"font-weight: 400; color: #000000;\">No se trata de ignorarlo, sino simplemente de aceptar esas diferencias. Es frustrante cuando tus solicitudes de empleo simplemente son rechazadas porque escribes que tienes visado. Se supone que este es el pa\u00eds de las oportunidades, pero eso solo parece ser cierto para algunas personas.\u00a0<\/span><\/p>\n<h5 id=\"read-more-postcards-from-the-border-here\"><strong>Seguir leyendo <span style=\"color: #993300;\"><a style=\"color: #993300;\" href=\"https:\/\/borderlessmag.org\/es\/categoria\/postales-desde-la-frontera\/\">Postales desde la frontera<\/a>\u00a0<\/span>aqu\u00ed.<\/strong><\/h5>\n<h4 id=\"our-work-is-made-possible-thanks-to-donations-from-people-like-you-support-high-quality-reporting-by-making-a-tax-deductible-donation-today\" class=\"pk-content-block pk-block-bg pk-block-bg-light\" style=\"text-align: left;\"><span style=\"color: #993300;\">Nuestro trabajo es posible gracias a las donaciones de personas como usted. Apoye la informaci\u00f3n de alta calidad haciendo una donaci\u00f3n deducible de impuestos hoy mismo.\u00a0 \u00a0 \u00a0 \u00a0 \u00a0 \u00a0 \u00a0 \u00a0 \u00a0 \u00a0 \u00a0 \u00a0 \u00a0 \u00a0 \u00a0 \u00a0 \u00a0 \u00a0 \u00a0 \u00a0 \u00a0 \u00a0 \u00a0 \u00a0 \u00a0 \u00a0 \u00a0 \u00a0 \u00a0 \u00a0 \u00a0 \u00a0 \u00a0 \u00a0 \u00a0 \u00a0 \u00a0 \u00a0 \u00a0 \u00a0 \u00a0 \u00a0 \u00a0 \u00a0 \u00a0 \u00a0 \u00a0 \u00a0 \u00a0 \u00a0 \u00a0 \u00a0 \u00a0 \u00a0 \u00a0 \u00a0 \u00a0 \u00a0 \u00a0 \u00a0<\/span><a class=\"pk-button pk-button-md pk-button-primary pk-font-primary\" href=\"https:\/\/borderlessmag.org\/es\/donar\/\" target=\"_blank\" >\n\t\t\t Donar \n\t\t<\/a><\/h4>","protected":false},"excerpt":{"rendered":"<p>Lupita lleg\u00f3 a Estados Unidos y empez\u00f3 a estudiar periodismo, pero ahora se ha quedado sin hogar durante la pandemia de COVID-19.\u00a0<\/p>","protected":false},"author":29,"featured_media":3227,"comment_status":"open","ping_status":"open","sticky":false,"template":"","format":"standard","meta":{"inline_featured_image":false,"footnotes":""},"categories":[28],"tags":[],"coauthors":[],"class_list":{"0":"post-3222","1":"post","2":"type-post","3":"status-publish","4":"format-standard","5":"has-post-thumbnail","7":"category-as-told-to"},"yoast_head":"<!-- This site is optimized with the Yoast SEO Premium plugin v27.3 (Yoast SEO v27.3) - https:\/\/yoast.com\/product\/yoast-seo-premium-wordpress\/ -->\n<title>Racism, Homelessness and a Lack of Opportunities: A Mexican Student\u2019s Struggle to Stay in the US &#8211; Borderless Magazine NFP<\/title>\n<meta name=\"description\" content=\"Lupita came to the U.S. and started studying journalism but she\u2019s now homeless during the COVID-19 pandemic.\u00a0\" \/>\n<meta name=\"robots\" content=\"index, follow, max-snippet:-1, max-image-preview:large, max-video-preview:-1\" \/>\n<link rel=\"canonical\" href=\"https:\/\/borderlessmag.org\/es\/2020\/08\/12\/racismo-sin-hogar-y-falta-de-oportunidades\/\" \/>\n<meta property=\"og:locale\" content=\"es_MX\" \/>\n<meta property=\"og:type\" content=\"article\" \/>\n<meta property=\"og:title\" content=\"Racism, Homelessness and a Lack of Opportunities: A Mexican Student\u2019s Struggle to Stay in the US &#8211; Borderless Magazine NFP\" \/>\n<meta property=\"og:description\" content=\"Racism, Homelessness and a Lack of Opportunities: A Mexican Student\u2019s Struggle to Stay in the US &#8211; Borderless Magazine NFP\" \/>\n<meta property=\"og:url\" content=\"https:\/\/borderlessmag.org\/es\/2020\/08\/12\/racismo-sin-hogar-y-falta-de-oportunidades\/\" \/>\n<meta property=\"og:site_name\" content=\"Borderless Magazine NFP\" \/>\n<meta property=\"article:publisher\" content=\"https:\/\/www.facebook.com\/BorderlessMagazine\" \/>\n<meta property=\"article:published_time\" content=\"2020-08-12T16:25:25+00:00\" \/>\n<meta property=\"og:image\" content=\"https:\/\/borderlessmag.org\/wordpress\/wp-content\/uploads\/2020\/08\/Marias-Portrait-scaled.jpg\" \/>\n\t<meta property=\"og:image:width\" content=\"1920\" \/>\n\t<meta property=\"og:image:height\" content=\"866\" \/>\n\t<meta property=\"og:image:type\" content=\"image\/jpeg\" \/>\n<meta name=\"author\" content=\"Claudia Hern\u00e1ndez\" \/>\n<meta name=\"twitter:card\" content=\"summary_large_image\" \/>\n<meta name=\"twitter:label1\" content=\"Escrito por\" \/>\n\t<meta name=\"twitter:data1\" content=\"Claudia Hern\u00e1ndez\" \/>\n\t<meta name=\"twitter:label2\" content=\"Tiempo de lectura\" \/>\n\t<meta name=\"twitter:data2\" content=\"6 minutos\" \/>\n\t<meta name=\"twitter:label3\" content=\"Written by\" \/>\n\t<meta name=\"twitter:data3\" content=\"Claudia Hern\u00e1ndez\" \/>\n<script type=\"application\/ld+json\" class=\"yoast-schema-graph\">{\"@context\":\"https:\\\/\\\/schema.org\",\"@graph\":[{\"@type\":\"NewsArticle\",\"@id\":\"https:\\\/\\\/borderlessmag.org\\\/2020\\\/08\\\/12\\\/racism-homelessness-and-a-lack-of-opportunities\\\/#article\",\"isPartOf\":{\"@id\":\"https:\\\/\\\/borderlessmag.org\\\/2020\\\/08\\\/12\\\/racism-homelessness-and-a-lack-of-opportunities\\\/\"},\"author\":{\"name\":\"Claudia Hern\u00e1ndez\",\"@id\":\"https:\\\/\\\/borderlessmag.org\\\/#\\\/schema\\\/person\\\/9276d915239cd808fa90ed5ccd24bf80\"},\"headline\":\"Racism, Homelessness and a Lack of Opportunities: A Mexican Student\u2019s Struggle to Stay in the US\",\"datePublished\":\"2020-08-12T16:25:25+00:00\",\"mainEntityOfPage\":{\"@id\":\"https:\\\/\\\/borderlessmag.org\\\/2020\\\/08\\\/12\\\/racism-homelessness-and-a-lack-of-opportunities\\\/\"},\"wordCount\":1199,\"commentCount\":0,\"publisher\":{\"@id\":\"https:\\\/\\\/borderlessmag.org\\\/#organization\"},\"image\":{\"@id\":\"https:\\\/\\\/borderlessmag.org\\\/2020\\\/08\\\/12\\\/racism-homelessness-and-a-lack-of-opportunities\\\/#primaryimage\"},\"thumbnailUrl\":\"https:\\\/\\\/borderlessmag.org\\\/wordpress\\\/wp-content\\\/uploads\\\/2020\\\/08\\\/Marias-Portrait-scaled.jpg\",\"articleSection\":[\"As Told To\"],\"inLanguage\":\"es\",\"copyrightYear\":\"2020\",\"copyrightHolder\":{\"@id\":\"https:\\\/\\\/borderlessmag.org\\\/es\\\/#organization\"}},{\"@type\":\"WebPage\",\"@id\":\"https:\\\/\\\/borderlessmag.org\\\/2020\\\/08\\\/12\\\/racism-homelessness-and-a-lack-of-opportunities\\\/\",\"url\":\"https:\\\/\\\/borderlessmag.org\\\/2020\\\/08\\\/12\\\/racism-homelessness-and-a-lack-of-opportunities\\\/\",\"name\":\"Racism, Homelessness and a Lack of Opportunities: A Mexican Student\u2019s Struggle to Stay in the US &#8211; Borderless Magazine NFP\",\"isPartOf\":{\"@id\":\"https:\\\/\\\/borderlessmag.org\\\/#website\"},\"primaryImageOfPage\":{\"@id\":\"https:\\\/\\\/borderlessmag.org\\\/2020\\\/08\\\/12\\\/racism-homelessness-and-a-lack-of-opportunities\\\/#primaryimage\"},\"image\":{\"@id\":\"https:\\\/\\\/borderlessmag.org\\\/2020\\\/08\\\/12\\\/racism-homelessness-and-a-lack-of-opportunities\\\/#primaryimage\"},\"thumbnailUrl\":\"https:\\\/\\\/borderlessmag.org\\\/wordpress\\\/wp-content\\\/uploads\\\/2020\\\/08\\\/Marias-Portrait-scaled.jpg\",\"datePublished\":\"2020-08-12T16:25:25+00:00\",\"description\":\"Lupita came to the U.S. and started studying journalism but she\u2019s now homeless during the COVID-19 pandemic.\u00a0\",\"inLanguage\":\"es\",\"potentialAction\":[{\"@type\":\"ReadAction\",\"target\":[\"https:\\\/\\\/borderlessmag.org\\\/2020\\\/08\\\/12\\\/racism-homelessness-and-a-lack-of-opportunities\\\/\"]}]},{\"@type\":\"ImageObject\",\"inLanguage\":\"es\",\"@id\":\"https:\\\/\\\/borderlessmag.org\\\/2020\\\/08\\\/12\\\/racism-homelessness-and-a-lack-of-opportunities\\\/#primaryimage\",\"url\":\"https:\\\/\\\/borderlessmag.org\\\/wordpress\\\/wp-content\\\/uploads\\\/2020\\\/08\\\/Marias-Portrait-scaled.jpg\",\"contentUrl\":\"https:\\\/\\\/borderlessmag.org\\\/wordpress\\\/wp-content\\\/uploads\\\/2020\\\/08\\\/Marias-Portrait-scaled.jpg\",\"caption\":\"estudiante, Mexicana, imigrante\"},{\"@type\":\"WebSite\",\"@id\":\"https:\\\/\\\/borderlessmag.org\\\/#website\",\"url\":\"https:\\\/\\\/borderlessmag.org\\\/\",\"name\":\"Borderless Magazine NFP\",\"description\":\"Stories about immigration and immigrants\",\"publisher\":{\"@id\":\"https:\\\/\\\/borderlessmag.org\\\/#organization\"},\"alternateName\":\"Borderless\",\"potentialAction\":[{\"@type\":\"SearchAction\",\"target\":{\"@type\":\"EntryPoint\",\"urlTemplate\":\"https:\\\/\\\/borderlessmag.org\\\/?s={search_term_string}\"},\"query-input\":{\"@type\":\"PropertyValueSpecification\",\"valueRequired\":true,\"valueName\":\"search_term_string\"}}],\"inLanguage\":\"es\"},{\"@type\":\"Organization\",\"@id\":\"https:\\\/\\\/borderlessmag.org\\\/#organization\",\"name\":\"Borderless Magazine NFP\",\"alternateName\":\"Borderless Mag\",\"url\":\"https:\\\/\\\/borderlessmag.org\\\/\",\"logo\":{\"@type\":\"ImageObject\",\"inLanguage\":\"es\",\"@id\":\"https:\\\/\\\/borderlessmag.org\\\/#\\\/schema\\\/logo\\\/image\\\/\",\"url\":\"https:\\\/\\\/borderlessmag.org\\\/wordpress\\\/wp-content\\\/uploads\\\/2025\\\/08\\\/BorderlessLogo_main_square.jpg\",\"contentUrl\":\"https:\\\/\\\/borderlessmag.org\\\/wordpress\\\/wp-content\\\/uploads\\\/2025\\\/08\\\/BorderlessLogo_main_square.jpg\",\"width\":696,\"height\":696,\"caption\":\"Borderless Magazine NFP\"},\"image\":{\"@id\":\"https:\\\/\\\/borderlessmag.org\\\/#\\\/schema\\\/logo\\\/image\\\/\"},\"sameAs\":[\"https:\\\/\\\/www.facebook.com\\\/BorderlessMagazine\",\"https:\\\/\\\/www.instagram.com\\\/borderless_mag\\\/\",\"https:\\\/\\\/www.tiktok.com\\\/@borderless_mag\"]},{\"@type\":\"Person\",\"@id\":\"https:\\\/\\\/borderlessmag.org\\\/#\\\/schema\\\/person\\\/9276d915239cd808fa90ed5ccd24bf80\",\"name\":\"Claudia Hern\u00e1ndez\",\"image\":{\"@type\":\"ImageObject\",\"inLanguage\":\"es\",\"@id\":\"https:\\\/\\\/secure.gravatar.com\\\/avatar\\\/432f6917cc8bc5936df27f23cc1a60df646ffe62fc4c8a03770c886a13b418c1?s=96&d=mm&r=gf1071a07f9790ebcb532395595efa482\",\"url\":\"https:\\\/\\\/secure.gravatar.com\\\/avatar\\\/432f6917cc8bc5936df27f23cc1a60df646ffe62fc4c8a03770c886a13b418c1?s=96&d=mm&r=g\",\"contentUrl\":\"https:\\\/\\\/secure.gravatar.com\\\/avatar\\\/432f6917cc8bc5936df27f23cc1a60df646ffe62fc4c8a03770c886a13b418c1?s=96&d=mm&r=g\",\"caption\":\"Claudia Hern\u00e1ndez\"},\"url\":\"https:\\\/\\\/borderlessmag.org\\\/es\\\/author\\\/claudia-hernandez\\\/\"}]}<\/script>\n<!-- \/ Yoast SEO Premium plugin. -->","yoast_head_json":{"title":"Racismo, desamparo y falta de oportunidades: La lucha de un estudiante mexicano por permanecer en EE.UU. - Borderless Magazine NFP","description":"Lupita lleg\u00f3 a Estados Unidos y empez\u00f3 a estudiar periodismo, pero ahora se ha quedado sin hogar durante la pandemia de COVID-19.\u00a0","robots":{"index":"index","follow":"follow","max-snippet":"max-snippet:-1","max-image-preview":"max-image-preview:large","max-video-preview":"max-video-preview:-1"},"canonical":"https:\/\/borderlessmag.org\/es\/2020\/08\/12\/racismo-sin-hogar-y-falta-de-oportunidades\/","og_locale":"es_MX","og_type":"article","og_title":"Racism, Homelessness and a Lack of Opportunities: A Mexican Student\u2019s Struggle to Stay in the US &#8211; Borderless Magazine NFP","og_description":"Racism, Homelessness and a Lack of Opportunities: A Mexican Student\u2019s Struggle to Stay in the US &#8211; Borderless Magazine NFP","og_url":"https:\/\/borderlessmag.org\/es\/2020\/08\/12\/racismo-sin-hogar-y-falta-de-oportunidades\/","og_site_name":"Borderless Magazine NFP","article_publisher":"https:\/\/www.facebook.com\/BorderlessMagazine","article_published_time":"2020-08-12T16:25:25+00:00","og_image":[{"width":1920,"height":866,"url":"https:\/\/borderlessmag.org\/wordpress\/wp-content\/uploads\/2020\/08\/Marias-Portrait-scaled.jpg","type":"image\/jpeg"}],"author":"Claudia Hern\u00e1ndez","twitter_card":"summary_large_image","twitter_misc":{"Escrito por":"Claudia Hern\u00e1ndez","Tiempo de lectura":"6 minutos","Written by":"Claudia Hern\u00e1ndez"},"schema":{"@context":"https:\/\/schema.org","@graph":[{"@type":"NewsArticle","@id":"https:\/\/borderlessmag.org\/2020\/08\/12\/racism-homelessness-and-a-lack-of-opportunities\/#article","isPartOf":{"@id":"https:\/\/borderlessmag.org\/2020\/08\/12\/racism-homelessness-and-a-lack-of-opportunities\/"},"author":{"name":"Claudia Hern\u00e1ndez","@id":"https:\/\/borderlessmag.org\/#\/schema\/person\/9276d915239cd808fa90ed5ccd24bf80"},"headline":"Racism, Homelessness and a Lack of Opportunities: A Mexican Student\u2019s Struggle to Stay in the US","datePublished":"2020-08-12T16:25:25+00:00","mainEntityOfPage":{"@id":"https:\/\/borderlessmag.org\/2020\/08\/12\/racism-homelessness-and-a-lack-of-opportunities\/"},"wordCount":1199,"commentCount":0,"publisher":{"@id":"https:\/\/borderlessmag.org\/#organization"},"image":{"@id":"https:\/\/borderlessmag.org\/2020\/08\/12\/racism-homelessness-and-a-lack-of-opportunities\/#primaryimage"},"thumbnailUrl":"https:\/\/borderlessmag.org\/wordpress\/wp-content\/uploads\/2020\/08\/Marias-Portrait-scaled.jpg","articleSection":["As Told To"],"inLanguage":"es","copyrightYear":"2020","copyrightHolder":{"@id":"https:\/\/borderlessmag.org\/es\/#organization"}},{"@type":"WebPage","@id":"https:\/\/borderlessmag.org\/2020\/08\/12\/racism-homelessness-and-a-lack-of-opportunities\/","url":"https:\/\/borderlessmag.org\/2020\/08\/12\/racism-homelessness-and-a-lack-of-opportunities\/","name":"Racismo, desamparo y falta de oportunidades: La lucha de un estudiante mexicano por permanecer en EE.UU. - Borderless Magazine NFP","isPartOf":{"@id":"https:\/\/borderlessmag.org\/#website"},"primaryImageOfPage":{"@id":"https:\/\/borderlessmag.org\/2020\/08\/12\/racism-homelessness-and-a-lack-of-opportunities\/#primaryimage"},"image":{"@id":"https:\/\/borderlessmag.org\/2020\/08\/12\/racism-homelessness-and-a-lack-of-opportunities\/#primaryimage"},"thumbnailUrl":"https:\/\/borderlessmag.org\/wordpress\/wp-content\/uploads\/2020\/08\/Marias-Portrait-scaled.jpg","datePublished":"2020-08-12T16:25:25+00:00","description":"Lupita lleg\u00f3 a Estados Unidos y empez\u00f3 a estudiar periodismo, pero ahora se ha quedado sin hogar durante la pandemia de COVID-19.\u00a0","inLanguage":"es","potentialAction":[{"@type":"ReadAction","target":["https:\/\/borderlessmag.org\/2020\/08\/12\/racism-homelessness-and-a-lack-of-opportunities\/"]}]},{"@type":"ImageObject","inLanguage":"es","@id":"https:\/\/borderlessmag.org\/2020\/08\/12\/racism-homelessness-and-a-lack-of-opportunities\/#primaryimage","url":"https:\/\/borderlessmag.org\/wordpress\/wp-content\/uploads\/2020\/08\/Marias-Portrait-scaled.jpg","contentUrl":"https:\/\/borderlessmag.org\/wordpress\/wp-content\/uploads\/2020\/08\/Marias-Portrait-scaled.jpg","caption":"estudiante, Mexicana, imigrante"},{"@type":"WebSite","@id":"https:\/\/borderlessmag.org\/#website","url":"https:\/\/borderlessmag.org\/","name":"Revista Borderless NFP","description":"Historias sobre inmigraci\u00f3n e inmigrantes","publisher":{"@id":"https:\/\/borderlessmag.org\/#organization"},"alternateName":"Borderless","potentialAction":[{"@type":"SearchAction","target":{"@type":"EntryPoint","urlTemplate":"https:\/\/borderlessmag.org\/?s={search_term_string}"},"query-input":{"@type":"PropertyValueSpecification","valueRequired":true,"valueName":"search_term_string"}}],"inLanguage":"es"},{"@type":"Organization","@id":"https:\/\/borderlessmag.org\/#organization","name":"Revista Borderless NFP","alternateName":"Borderless Mag","url":"https:\/\/borderlessmag.org\/","logo":{"@type":"ImageObject","inLanguage":"es","@id":"https:\/\/borderlessmag.org\/#\/schema\/logo\/image\/","url":"https:\/\/borderlessmag.org\/wordpress\/wp-content\/uploads\/2025\/08\/BorderlessLogo_main_square.jpg","contentUrl":"https:\/\/borderlessmag.org\/wordpress\/wp-content\/uploads\/2025\/08\/BorderlessLogo_main_square.jpg","width":696,"height":696,"caption":"Borderless Magazine NFP"},"image":{"@id":"https:\/\/borderlessmag.org\/#\/schema\/logo\/image\/"},"sameAs":["https:\/\/www.facebook.com\/BorderlessMagazine","https:\/\/www.instagram.com\/borderless_mag\/","https:\/\/www.tiktok.com\/@borderless_mag"]},{"@type":"Person","@id":"https:\/\/borderlessmag.org\/#\/schema\/person\/9276d915239cd808fa90ed5ccd24bf80","name":"Claudia Hern\u00e1ndez","image":{"@type":"ImageObject","inLanguage":"es","@id":"https:\/\/secure.gravatar.com\/avatar\/432f6917cc8bc5936df27f23cc1a60df646ffe62fc4c8a03770c886a13b418c1?s=96&d=mm&r=gf1071a07f9790ebcb532395595efa482","url":"https:\/\/secure.gravatar.com\/avatar\/432f6917cc8bc5936df27f23cc1a60df646ffe62fc4c8a03770c886a13b418c1?s=96&d=mm&r=g","contentUrl":"https:\/\/secure.gravatar.com\/avatar\/432f6917cc8bc5936df27f23cc1a60df646ffe62fc4c8a03770c886a13b418c1?s=96&d=mm&r=g","caption":"Claudia Hern\u00e1ndez"},"url":"https:\/\/borderlessmag.org\/es\/author\/claudia-hernandez\/"}]}},"cc_featured_image_caption":{"caption_text":false,"source_text":false,"source_url":false},"_links":{"self":[{"href":"https:\/\/borderlessmag.org\/es\/wp-json\/wp\/v2\/posts\/3222","targetHints":{"allow":["GET"]}}],"collection":[{"href":"https:\/\/borderlessmag.org\/es\/wp-json\/wp\/v2\/posts"}],"about":[{"href":"https:\/\/borderlessmag.org\/es\/wp-json\/wp\/v2\/types\/post"}],"author":[{"embeddable":true,"href":"https:\/\/borderlessmag.org\/es\/wp-json\/wp\/v2\/users\/29"}],"replies":[{"embeddable":true,"href":"https:\/\/borderlessmag.org\/es\/wp-json\/wp\/v2\/comments?post=3222"}],"version-history":[{"count":0,"href":"https:\/\/borderlessmag.org\/es\/wp-json\/wp\/v2\/posts\/3222\/revisions"}],"wp:featuredmedia":[{"embeddable":true,"href":"https:\/\/borderlessmag.org\/es\/wp-json\/wp\/v2\/media\/3227"}],"wp:attachment":[{"href":"https:\/\/borderlessmag.org\/es\/wp-json\/wp\/v2\/media?parent=3222"}],"wp:term":[{"taxonomy":"category","embeddable":true,"href":"https:\/\/borderlessmag.org\/es\/wp-json\/wp\/v2\/categories?post=3222"},{"taxonomy":"post_tag","embeddable":true,"href":"https:\/\/borderlessmag.org\/es\/wp-json\/wp\/v2\/tags?post=3222"},{"taxonomy":"author","embeddable":true,"href":"https:\/\/borderlessmag.org\/es\/wp-json\/wp\/v2\/coauthors?post=3222"}],"curies":[{"name":"wp","href":"https:\/\/api.w.org\/{rel}","templated":true}]}}