{"id":31725,"date":"2026-01-08T07:00:39","date_gmt":"2026-01-08T13:00:39","guid":{"rendered":"https:\/\/borderlessmag.org\/?p=31725"},"modified":"2026-02-02T15:56:16","modified_gmt":"2026-02-02T21:56:16","slug":"ice-vigilancia-de-redes-sociales-inmigracion-aplicaciones-aplicacion-chicago","status":"publish","type":"post","link":"https:\/\/borderlessmag.org\/es\/2026\/01\/08\/ice-social-media-surveillance-immigration-applications-enforcement-chicago\/","title":{"rendered":"ICE Puede Acceder a Tus Redes Sociales. Esto Es Lo Que Debes Saber"},"content":{"rendered":"<div id=\"fws_69ec94bbb4846\"  data-column-margin=\"default\" data-midnight=\"dark\"  class=\"wpb_row vc_row-fluid vc_row\"  style=\"padding-top: 0px; padding-bottom: 0px; \"><div class=\"row-bg-wrap\" data-bg-animation=\"none\" data-bg-animation-delay=\"\" data-bg-overlay=\"false\"><div class=\"inner-wrap row-bg-layer\" ><div class=\"row-bg viewport-desktop\"  style=\"\"><\/div><\/div><\/div><div class=\"row_col_wrap_12 col span_12 dark left\">\n\t<div  class=\"vc_col-sm-2 vc_hidden-sm vc_hidden-xs wpb_column column_container vc_column_container col no-extra-padding inherit_tablet inherit_phone\"  data-padding-pos=\"all\" data-has-bg-color=\"false\" data-bg-color=\"\" data-bg-opacity=\"1\" data-animation=\"\" data-delay=\"0\" >\n\t\t<div class=\"vc_column-inner\" >\n\t\t\t<div class=\"wpb_wrapper\">\n\t\t\t\t\n\t\t\t<\/div> \n\t\t<\/div>\n\t<\/div> \n\n\t<div  class=\"vc_col-sm-8 wpb_column column_container vc_column_container col padding-3-percent inherit_tablet inherit_phone\"  data-padding-pos=\"all\" data-has-bg-color=\"false\" data-bg-color=\"\" data-bg-opacity=\"1\" data-animation=\"\" data-delay=\"0\" >\n\t\t<div class=\"vc_column-inner\" >\n\t\t\t<div class=\"wpb_wrapper\">\n\t\t\t\t\n<div class=\"wpb_text_column wpb_content_element\" >\n\t<p><span style=\"font-weight: 400;\">La administraci\u00f3n del presidente Donald Trump est\u00e1 monitoreando las cuentas de redes sociales de inmigrantes y utilizando software de Inteligencia Artificial (IA) para llevar a cabo sus esfuerzos de vigilancia.<\/span><\/p>\n<p><span style=\"font-weight: 400;\">En virtud de una serie de directivas, el Departamento de Seguridad Nacional (DHS, por sus siglas en ingl\u00e9s) <\/span><a href=\"https:\/\/www.brennancenter.org\/our-work\/research-reports\/governments-growing-trove-social-media-data\"><span style=\"font-weight: 400;\">est\u00e1 monitoreando la actividad en las redes sociales de los inmigrantes y viajeros que ingresan a Estados Unidos.<\/span><\/a><span style=\"font-weight: 400;\"> Las crecientes capacidades de vigilancia del Servicio de Inmigraci\u00f3n y Control de Aduanas (ICE, por sus siglas en ingl\u00e9s) ha generado preocupaci\u00f3n, y cr\u00edticos mencionan que la vigilancia es como un atentado contra la libertad de expresi\u00f3n.\u00a0\u00a0<\/span><\/p>\n<p><span style=\"font-weight: 400;\">Seg\u00fan los expertos, estas pol\u00edticas pueden afectar a los <\/span><a href=\"https:\/\/www.state.gov\/releases\/office-of-the-spokesperson\/2025\/06\/announcement-of-expanded-screening-and-vetting-for-visa-applicants\"><span style=\"font-weight: 400;\">solicitantes de visas estudiantiles<\/span><\/a><span style=\"font-weight: 400;\">, titulares de la tarjeta de residencia permanente y solicitantes de la visa H-1B, as\u00ed como a sus dependientes.<\/span><\/p>\n<\/div>\n\n\n\n\n\t\t<div id=\"fws_69ec94bbb5cc8\"  data-column-margin=\"default\" data-midnight=\"dark\"  class=\"wpb_row vc_row-fluid vc_row vc_row-o-equal-height vc_row-flex vc_row-o-content-middle large top_margin_20px bottom_margin_20px\"  style=\"padding-top: 0px; padding-bottom: 0px; \"><div class=\"row-bg-wrap\" data-bg-animation=\"none\" data-bg-animation-delay=\"\" data-bg-overlay=\"true\"><div class=\"inner-wrap row-bg-layer\" ><div class=\"row-bg viewport-desktop\"  style=\"\"><\/div><\/div><div class=\"row-bg-overlay row-bg-layer\" style=\"background: ##FFFFFF; background: linear-gradient(90deg,##FFFFFF 0%,##FFFFFF 100%);  opacity: 1; \"><\/div><\/div><div class=\"row_col_wrap_12 col span_12 dark left\">\n\t<div  class=\"vc_col-sm-12 wpb_column column_container vc_column_container col padding-3-percent force-phone-text-align-center inherit_tablet inherit_phone border_top_desktop_1px border_bottom_desktop_1px border_color_000000 border_style_solid\"  data-padding-pos=\"all\" data-has-bg-color=\"false\" data-bg-color=\"\" data-bg-opacity=\"1\" data-animation=\"\" data-delay=\"0\" >\n\t\t<div class=\"vc_column-inner\" >\n\t\t\t<div class=\"wpb_wrapper\">\n\t\t\t\t<div id=\"fws_69ec94bbb6496\" data-midnight=\"\" data-column-margin=\"default\" class=\"wpb_row vc_row-fluid vc_row inner_row vc_row-o-equal-height vc_row-flex vc_row-o-content-middle\"  style=\"\"><div class=\"row-bg-wrap\"> <div class=\"row-bg\" ><\/div> <\/div><div class=\"row_col_wrap_12_inner col span_12  left\">\n\t<div  class=\"vc_col-sm-7 wpb_column column_container vc_column_container col child_column no-extra-padding inherit_tablet inherit_phone\"   data-padding-pos=\"all\" data-has-bg-color=\"false\" data-bg-color=\"\" data-bg-opacity=\"1\" data-animation=\"\" data-delay=\"0\" >\n\t\t<div class=\"vc_column-inner\" >\n\t\t<div class=\"wpb_wrapper\">\n\t\t\t\n<div class=\"wpb_text_column wpb_content_element\" >\n\t<h3 id=\"news-that-puts-power-under-the-spotlight-and-communities-at-the-center\"><strong>Noticias que ponen el poder en el punto de mira y a las comunidades en el centro.<\/strong><\/h3>\n<p>Suscr\u00edbase a nuestro bolet\u00edn gratuito y reciba actualizaciones dos veces por semana. <\/p>\n<\/div>\n\n\n\n\n\t\t<\/div> \n\t<\/div>\n\t<\/div> \n\n\t<div style=\"margin-top: -20px; \" class=\"vc_col-sm-5 wpb_column column_container vc_column_container col child_column neg-marg no-extra-padding inherit_tablet inherit_phone\"   data-padding-pos=\"all\" data-has-bg-color=\"false\" data-bg-color=\"\" data-bg-opacity=\"1\" data-animation=\"\" data-delay=\"0\" >\n\t\t<div class=\"vc_column-inner\" >\n\t\t<div class=\"wpb_wrapper\">\n\t\t\t\n\t<div class=\"wpb_raw_code wpb_raw_html wpb_content_element\" >\n\t\t<div class=\"wpb_wrapper\">\n\t\t\t<div class=\"_form_1\"><\/div><script src=\"https:\/\/borderlessmag.bluelena.io\/f\/embed.php?id=1\" charset=\"utf-8\"><\/script>\n\t\t<\/div>\n\t<\/div>\n\n\t\t<\/div> \n\t<\/div>\n\t<\/div> \n<\/div><\/div>\n\t\t\t<\/div> \n\t\t<\/div>\n\t<\/div> \n<\/div><\/div>\n\n<div class=\"wpb_text_column wpb_content_element\" >\n\t<p><span style=\"font-weight: 400;\">Borderless Magazine ha hablado con abogados sobre los contenidos que vigila el gobierno y sobre c\u00f3mo los inmigrantes pueden proteger su identidad en las redes sociales.\u00a0<\/span><\/p>\n<p><b><i>Este art\u00edculo es solo para fines educativos e informativos y no debe interpretarse como asesoramiento legal.<\/i><\/b><\/p>\n<h2 id=\"why-are-federal-officials-reviewing-social-media-accounts\"><span style=\"font-weight: 400;\">\u00bfPor qu\u00e9 los funcionarios federales revisan las cuentas de redes sociales?\u00a0<\/span><\/h2>\n<p><span style=\"font-weight: 400;\">La <\/span><a href=\"https:\/\/travel.state.gov\/content\/travel\/en\/News\/visas-news\/announcement-of-expanded-screening-and-vetting-for-h-1b-and-dependent-h-4-visa-applicants.html\"><span style=\"font-weight: 400;\">revisi\u00f3n de las cuentas de redes sociales por parte del gobierno federal<\/span><\/a><span style=\"font-weight: 400;\"> tiene por objeto monitorear la actividad en redes sociales de los solicitantes de visa para detectar amenazas a la seguridad nacional. <\/span><a href=\"https:\/\/www.brennancenter.org\/our-work\/research-reports\/governments-growing-trove-social-media-data\"><span style=\"font-weight: 400;\">Este tipo de vigilancia puede ocurrir en casi todas las fases del proceso de inmigraci\u00f3n<\/span><\/a><span style=\"font-weight: 400;\"> a trav\u00e9s de solicitudes de visas, herramientas de control de IA y controles continuos \u2014 extrayendo contenidos de las redes sociales e introduci\u00e9ndolos en las bases de datos gubernamentales.<\/span><\/p>\n<p><span style=\"font-weight: 400;\">Una vez que se recopilan los datos, ya sea en la frontera, durante el proceso de solicitud de visa u otra solicitud relacionada con la inmigraci\u00f3n, las agencias gubernamentales pueden conservarlos, utilizarlos o compartirlos.\u00a0<\/span><\/p>\n<p><span style=\"font-weight: 400;\">Esta <\/span><a href=\"https:\/\/www.dhs.gov\/sites\/default\/files\/publications\/pia-uscis-fdnsciv-february2019_0.pdf?inline=1\"><span style=\"font-weight: 400;\">Revisi\u00f3n Continua de Inmigraci\u00f3n<\/span><\/a><span style=\"font-weight: 400;\"> vigila a las personas mucho despu\u00e9s de que hayan llegado a Estados Unidos e identifica cualquier nueva informaci\u00f3n en l\u00ednea que el gobierno considere que pueda representar una preocupaci\u00f3n para la seguridad nacional o la seguridad p\u00fablica.\u00a0<\/span><\/p>\n<h2 id=\"who-is-being-monitored\"><span style=\"font-weight: 400;\">\u00bfQui\u00e9n est\u00e1 siendo vigilado?<\/span><\/h2>\n<p><span style=\"font-weight: 400;\">Los que no ciudadanos, los inmigrantes con estatus legal y los inmigrantes con solicitudes pendientes podr\u00edan ser objeto de vigilancia.\u00a0<\/span><\/p>\n<p><span style=\"font-weight: 400;\">DHS est\u00e1 <\/span><a href=\"https:\/\/travel.state.gov\/content\/travel\/en\/News\/visas-news\/announcement-of-expanded-screening-and-vetting-for-h-1b-and-dependent-h-4-visa-applicants.html\"><span style=\"font-weight: 400;\">revisando las cuentas en l\u00ednea de todos los solicitantes de la visa H-1B y sus dependientes.<\/span><\/a><span style=\"font-weight: 400;\"> Los estudiantes y visitantes de intercambio ya est\u00e1n sujetos a esta revisi\u00f3n. Seg\u00fan el gobierno federal, se les est\u00e1 indicando a todos los solicitantes de visa que deben ajustar la configuraci\u00f3n de privacidad de sus perfiles en las redes sociales a \"p\u00fablico.\"<\/span><\/p>\n<h2 id=\"what-social-media-posts-could-be-flagged\"><span style=\"font-weight: 400;\">\u00bfQu\u00e9 publicaciones en las redes sociales podr\u00edan ser se\u00f1aladas?<\/span><\/h2>\n<p><span style=\"font-weight: 400;\">La <\/span><a href=\"https:\/\/bechtel.stanford.edu\/news\/social-media-vetting-us-visa-applications\"><span style=\"font-weight: 400;\">administraci\u00f3n Trump ha estado se\u00f1alando las publicaciones en las redes sociales<\/span><\/a><span style=\"font-weight: 400;\"> que critican a Estados Unidos y sus pol\u00edticas, sugieren delitos y apoyan a grupos que Estados Unidos considera organizaciones terroristas.<\/span><\/p>\n<p><a href=\"https:\/\/www.eff.org\/\"><span style=\"font-weight: 400;\">Electronic Frontier Foundation<\/span><\/a><span style=\"font-weight: 400;\"> (EFF, por sus siglas en ingl\u00e9s), y una de sus abogadas, Lisa Femia, advierte que cualquier informaci\u00f3n que los inmigrantes compartan en las redes sociales puede ser monitoreada por el gobierno y utilizada en su contra.\u00a0<\/span><\/p>\n<p><span style=\"font-weight: 400;\">\"Desafortunadamente, los inmigrantes y los no ciudadanos ahora deben asumir que cualquier cosa que compartan p\u00fablicamente en las redes sociales puede ser vigilada por el gobierno y potencialmente utilizada en su contra,\" dijo. <\/span><\/p>\n<\/div>\n\n\n\n\n\t\t\t<\/div> \n\t\t<\/div>\n\t<\/div> \n\n\t<div  class=\"vc_col-sm-2 vc_hidden-sm vc_hidden-xs wpb_column column_container vc_column_container col no-extra-padding inherit_tablet inherit_phone\"  data-padding-pos=\"all\" data-has-bg-color=\"false\" data-bg-color=\"\" data-bg-opacity=\"1\" data-animation=\"\" data-delay=\"0\" >\n\t\t<div class=\"vc_column-inner\" >\n\t\t\t<div class=\"wpb_wrapper\">\n\t\t\t\t\n\t\t\t<\/div> \n\t\t<\/div>\n\t<\/div> \n<\/div><\/div>\n\t\t<div id=\"fws_69ec94bbb858c\"  data-column-margin=\"default\" data-midnight=\"dark\"  class=\"wpb_row vc_row-fluid vc_row\"  style=\"padding-top: 0px; padding-bottom: 0px; \"><div class=\"row-bg-wrap\" data-bg-animation=\"none\" data-bg-animation-delay=\"\" data-bg-overlay=\"false\"><div class=\"inner-wrap row-bg-layer\" ><div class=\"row-bg viewport-desktop\"  style=\"\"><\/div><\/div><\/div><div class=\"row_col_wrap_12 col span_12 dark left\">\n\t<div  class=\"vc_col-sm-2 vc_hidden-sm vc_hidden-xs wpb_column column_container vc_column_container col no-extra-padding inherit_tablet inherit_phone\"  data-padding-pos=\"all\" data-has-bg-color=\"false\" data-bg-color=\"\" data-bg-opacity=\"1\" data-animation=\"\" data-delay=\"0\" >\n\t\t<div class=\"vc_column-inner\" >\n\t\t\t<div class=\"wpb_wrapper\">\n\t\t\t\t\n\t\t\t<\/div> \n\t\t<\/div>\n\t<\/div> \n\n\t<div  class=\"vc_col-sm-8 wpb_column column_container vc_column_container col top_padding_desktop_0pct bottom_padding_desktop_0pct\"  data-padding-pos=\"all\" data-has-bg-color=\"false\" data-bg-color=\"\" data-bg-opacity=\"1\" data-animation=\"\" data-delay=\"0\" >\n\t\t<div class=\"vc_column-inner\" >\n\t\t\t<div class=\"wpb_wrapper\">\n\t\t\t\t<div id=\"fws_69ec94bbb8ff8\" data-midnight=\"\" data-column-margin=\"default\" class=\"wpb_row vc_row-fluid vc_row inner_row\"  style=\"\"><div class=\"row-bg-wrap\"> <div class=\"row-bg\" ><\/div> <\/div><div class=\"row_col_wrap_12_inner col span_12  left\">\n\t<div  class=\"vc_col-sm-12 wpb_column column_container vc_column_container col child_column no-extra-padding inherit_tablet inherit_phone border_bottom_desktop_1px border_color_000000 border_style_solid\"   data-padding-pos=\"all\" data-has-bg-color=\"false\" data-bg-color=\"\" data-bg-opacity=\"1\" data-animation=\"\" data-delay=\"0\" >\n\t\t<div class=\"vc_column-inner\" >\n\t\t<div class=\"wpb_wrapper\">\n\t\t\t<div class=\"vc_separator wpb_content_element vc_separator_align_center vc_sep_width_100 vc_sep_pos_align_center vc_sep_color_black wpb_content_element vc_separator-has-text\" ><span class=\"vc_sep_holder vc_sep_holder_l\"><span class=\"vc_sep_line\"><\/span><\/span><h4 id=\"read-more-of-our-coverage\">M\u00e1s informaci\u00f3n<\/h4><span class=\"vc_sep_holder vc_sep_holder_r\"><span class=\"vc_sep_line\"><\/span><\/span>\n<\/div>\n<div class=\"wpb_text_column wpb_content_element\" >\n\t\t\t<div class=\"pk-inline-posts\">\n\t\t\t\n\t\t\t<div class=\"pk-inline-posts-container pk-inline-posts-template-list\"\n\t\t\t\tdata-columns=\"1\">\n\t\t\t\t\t\t<article id=\"post-30983\" class=\"post-30983 post type-post status-publish format-standard has-post-thumbnail category-immigration-policy category-labor category-resources tag-businesskyr\">\n\t\t\t<div class=\"pk-post-outer\">\n\n\t\t\t\t\t\t\t\t<div class=\"pk-post-inner\">\n\t\t\t\t\t<div class=\"entry-thumbnail\">\n\t\t\t\t\t\t<div class=\"pk-overlay pk-overlay-ratio pk-ratio-landscape\">\n\t\t\t\t\t\t\t<div class=\"pk-overlay-background\">\n\t\t\t\t\t\t\t\t<a href=\"https:\/\/borderlessmag.org\/es\/2025\/11\/18\/chicago-immigration-crackdown-businesses-employees-know-your-rights\/\" class=\"pk-overlay-link\">\n\t\t\t\t\t\t\t\t\t<img decoding=\"async\" width=\"300\" height=\"225\" src=\"https:\/\/borderlessmag.org\/wordpress\/wp-content\/uploads\/2025\/11\/2025.10.22_SmallBusinessKYR_Featured-300x225.jpg\" class=\"attachment-pk-thumbnail size-pk-thumbnail wp-post-image\" alt=\"Jorge M\u00fajica Murias, un organizador de Arise Chicago, se encuentra en la parte delantera de una peque\u00f1a sala de reuniones mientras gu\u00eda a los propietarios de peque\u00f1as empresas a trav\u00e9s de escenarios de juegos de rol para prepararlos en caso de que se encuentren con oficiales de ICE el 21 de octubre de 2025.\" \/>\t\t\t\t\t\t\t\t<\/a>\n\t\t\t\t\t\t\t<\/div>\n\t\t\t\t\t\t<\/div>\n\t\t\t\t\t<\/div>\n\t\t\t\t<\/div>\n\t\t\t\t\n\t\t\t\t<div class=\"pk-post-inner\">\n\t\t\t\t\t<header>\n\t\t\t\t\t\t<h3 class=\"pk-title\"><a href=\"https:\/\/borderlessmag.org\/es\/2025\/11\/18\/chicago-immigration-crackdown-businesses-employees-know-your-rights\/\" rel=\"bookmark\">\u00bfQu\u00e9 Pueden Hacer los Peque\u00f1os Negocios de Chicago si el ICE Est\u00e1 en Su Puerta?<\/a><\/h3>\t\t\t\t\t\t\t<div class=\"pk-post-meta\">\n\t\t\t\t\t\t\t\t<span class=\"pk-meta-author meta-author\"><span class=\"author vcard\"><a class=\"url fn n\" href=\"https:\/\/borderlessmag.org\/es\/author\/tara-mobasher\/\" title=\"Ver todas las publicaciones de Tara Mobasher\">Tara Mobasher<\/a><\/span><\/span>\t\t\t\t\t\t\t\t<span class=\"sep\">-<\/span>\n\t\t\t\t\t\t\t\t<span class=\"pk-meta-date meta-date\"><a href=\"https:\/\/borderlessmag.org\/es\/2025\/11\/18\/chicago-immigration-crackdown-businesses-employees-know-your-rights\/\" rel=\"bookmark\">18 de noviembre de 2025<\/a><\/span>\t\t\t\t\t\t\t<\/div>\n\t\t\t\t\t\t\t\t\t\t\t\t<\/header><!-- .entry-header -->\n\t\t\t\t<\/div><!-- .post-inner -->\n\n\t\t\t<\/div><!-- .post-outer -->\n\t\t<\/article>\n\t\t\t\t<\/div>\n\t\t<\/div>\n\t\t\n<\/div>\n\n\n\n\n\t\t<\/div> \n\t<\/div>\n\t<\/div> \n<\/div><\/div>\n<div class=\"wpb_text_column wpb_content_element\" >\n\t<p><span style=\"font-weight: 400;\">Seg\u00fan Tracie Lynn Morgan, abogada fundadora de Hope Immigration, otros tipos de publicaciones que podr\u00edan clasificarse como activismo tambi\u00e9n pueden ser motivo de preocupaci\u00f3n para las agencias de seguridad.<\/span><\/p>\n<p><span style=\"font-weight: 400;\">\"Publicaciones sobre opiniones pol\u00edticas, protestas, organizaci\u00f3n comunitaria o defensa de los derechos de los inmigrantes \u2014 si bien est\u00e1n protegidas por la libertad de expresi\u00f3n \u2014 pueden llamar la atenci\u00f3n de los servicios de vigilancia o de control,\" dijo Morgan.<\/span><\/p>\n<h2 id=\"could-some-social-media-posts-potentially-impact-immigration-applications\"><span style=\"font-weight: 400;\">\u00bfPodr\u00edan algunas publicaciones en redes sociales afectar las solicitudes de inmigraci\u00f3n?\u00a0<\/span><\/h2>\n<p><span style=\"font-weight: 400;\">Se han detenido personas que no son ciudadanos por sus publicaciones en las redes sociales. En un caso, un beneficiario de la Acci\u00f3n Diferida para los Llegados en la Infancia (<\/span><a href=\"https:\/\/www.theguardian.com\/us-news\/2025\/dec\/12\/photojournalist-detained-ice-social-media#:~:text=His%20detention%20and%20loss%20of,in%20its%20mass%20deportation%20plans.\"><span style=\"font-weight: 400;\">DACA, por sus siglas en ingl\u00e9s) y fotoperiodista en Georgia<\/span><\/a><span style=\"font-weight: 400;\"> fue detenido por sus publicaciones en las redes sociales que hac\u00edan referencia a presos pol\u00edticos y su fe. El gobierno justific\u00f3 la detenci\u00f3n por sus reportajes sobre protestas propalestinas y la <\/span><a href=\"https:\/\/mlfa.org\/fbi-allegedly-targeted-filipino-american-journalist-who-is-now-in-ice-detention\/\"><span style=\"font-weight: 400;\">\"guerra global contra el terrorismo.\"<\/span><\/a><span style=\"font-weight: 400;\">\u00a0 Ya'akub Vijandre y su equipo de defensa legal afirman que sus publicaciones estaban protegidas por la Constituci\u00f3n y que se le persigue debido a su fe musulmana.<\/span><\/p>\n<p><span style=\"font-weight: 400;\">En otro caso, un estudiante internacional en la Universidad de Harvard <\/span><a href=\"https:\/\/www.eff.org\/deeplinks\/2019\/08\/harvard-students-deportation-raises-concerns-about-border-device-searches-and#:~:text=According%20to%20a%20Harvard%20Crimson%20article%2C%20an,denied%20his%20admission%20to%20the%20United%20States\"><span style=\"font-weight: 400;\">fue deportado a L\u00edbano<\/span><\/a><span style=\"font-weight: 400;\"> despu\u00e9s de que agentes de la Oficina de Aduanas y Protecci\u00f3n Fronteriza de Estados Unidos (CBP, por sus siglas en ingl\u00e9s) lo interrogaran durante horas, registraran sus dispositivos y lo confrontaran sobre publicaciones pol\u00edticas que sus amigos hab\u00edan hecho en las redes sociales.<\/span><\/p>\n<p><span style=\"font-weight: 400;\">Los expertos recomiendan que los inmigrantes con diversos estatus legales asuman que cualquier publicaci\u00f3n p\u00fablica est\u00e1 siendo monitoreada. Se\u00f1alan que la actividad en las redes sociales puede ser utilizada en su contra, lo que podr\u00eda afectar sus solicitudes de inmigraci\u00f3n. En algunos casos, el gobierno federal puede cancelar o denegar visas bas\u00e1ndose en la actividad en las redes sociales, seg\u00fan <\/span><span style=\"font-weight: 400;\">Morgan.<\/span><\/p>\n<p><span style=\"font-weight: 400;\">\"Cualquier publicaci\u00f3n, comentario o perfil p\u00fablico es potencialmente visible para las fuerzas del orden u otros terceros,\" dijo Morgan. \"Nada desaparece en l\u00ednea. Aunque alguien borre una publicaci\u00f3n, pueden existir copias, pueden resurgir capturas de pantalla o pueden quedar metadatos \u2014 lo que podr\u00eda afectar futuros tr\u00e1mites de visa, residencia o procesos legales.\"<\/span><\/p>\n<p><span style=\"font-weight: 400;\">Seg\u00fan el bufete de abogados de inmigraci\u00f3n <\/span><a href=\"https:\/\/www.markjacobslaw.com\/social-media-use-and-your-immigration-case-updates-for-2025\/\"><span style=\"font-weight: 400;\">Mark Jacobs, abogado y asesor jur\u00eddico,<\/span><\/a><span style=\"font-weight: 400;\"> el gobierno federal puede cancelar o denegar visas si interpreta que las publicaciones de un individuo en las redes sociales sugieren una <\/span><a href=\"https:\/\/www.reuters.com\/world\/us\/trump-administration-resuming-student-visa-appointments-state-dept-official-says-2025-06-18\/#:~:text=Summary,Sign%20up%20here.\"><span style=\"font-weight: 400;\">\"actitud hostil\"<\/span><\/a><span style=\"font-weight: 400;\"> hacia los ciudadanos o la cultura estadounidense.\u00a0<\/span><\/p>\n<h2 id=\"what-current-legal-protections-exist-for-social-media-privacy\"><span style=\"font-weight: 400;\">\u00bfQu\u00e9 protecciones legales existen actualmente para la privacidad en las redes sociales?<\/span><\/h2>\n<p><span style=\"font-weight: 400;\">La vigilancia de las redes sociales puede constituir una violaci\u00f3n de la Primera Enmienda cuando perturba la libertad de expresi\u00f3n sin tener un objetivo gubernamental leg\u00edtimo, seg\u00fan el <\/span><a href=\"https:\/\/www.brennancenter.org\/our-work\/research-reports\/federal-government-social-media-surveillance-explained\"><span style=\"font-weight: 400;\">Brennan Center for Justice.<\/span><\/a><span style=\"font-weight: 400;\">\u00a0<\/span><\/p>\n<p><span style=\"font-weight: 400;\">La <\/span><a href=\"https:\/\/www.brennancenter.org\/our-work\/research-reports\/federal-government-social-media-surveillance-explained\"><span style=\"font-weight: 400;\">Ley de Privacidad de EE.UU. de 1974 establece restricciones<\/span><\/a><span style=\"font-weight: 400;\"> sobre la recopilaci\u00f3n, el almacenamiento y el intercambio de informaci\u00f3n identificable sobre ciudadanos estadounidenses y residentes permanentes, lo que incluye datos de redes sociales. En Illinois, la<\/span><a href=\"https:\/\/labor.illinois.gov\/laws-rules\/conmed\/privacy-workplace.html\"><span style=\"font-weight: 400;\"> Ley del Derecho a la Privacidad en el Lugar de Trabajo<\/span><\/a><span style=\"font-weight: 400;\"> tambi\u00e9n considera ilegal que un empleador solicite, exija u obligue a un empleado a proporcionar acceso a sus cuentas personales en l\u00ednea.\u00a0<\/span><\/p>\n<h2 id=\"how-can-noncitizens-and-immigrants-protect-their-identities-on-social-media\"><span style=\"font-weight: 400;\">\u00bfC\u00f3mo pueden los no ciudadanos e inmigrantes proteger su identidad en las redes sociales?<\/span><\/h2>\n<p><span style=\"font-weight: 400;\">ICE recopila informaci\u00f3n de fuentes \"p\u00fablicamente disponibles,\" dijo Morgan. \"Eso significa que si tus redes sociales no est\u00e1n protegidas, las encontrar\u00e1n.\"<\/span><\/p>\n<p><span style=\"font-weight: 400;\">Para proteger su privacidad en las redes sociales, dice Morgan, los no ciudadanos y los inmigrantes pueden seguir estas recomendaciones:\u00a0<\/span><\/p>\n<ul>\n<li style=\"font-weight: 400;\" aria-level=\"1\"><span style=\"font-weight: 400;\">Revisa y actualiza tu configuraci\u00f3n de privacidad con regularidad.\u00a0\u00a0<\/span><\/li>\n<li style=\"font-weight: 400;\" aria-level=\"1\"><span style=\"font-weight: 400;\">Evita publicar tu nombre legal completo, fecha de nacimiento, direcci\u00f3n, estatus de visa, relaciones familiares, historial de inmigraci\u00f3n, fotos de identificaci\u00f3n o documentos legales.<\/span><\/li>\n<li style=\"font-weight: 400;\" aria-level=\"1\"><span style=\"font-weight: 400;\">Revisa tus amigos y contactos; aunque las publicaciones sean \"privadas,\" los c\u00edrculos \u00edntimos pueden exponer informaci\u00f3n personal sin querer.<\/span><\/li>\n<li style=\"font-weight: 400;\" aria-level=\"1\"><span style=\"font-weight: 400;\">Utiliza seud\u00f3nimos siempre que sea posible, especialmente en plataformas donde se habla de activismo o se comparten opiniones y experiencias personales.<\/span><\/li>\n<li style=\"font-weight: 400;\" aria-level=\"1\"><span style=\"font-weight: 400;\">Evita hablar de temas delicados como el estatus migratorio, asuntos legales, planes de viaje u organizaci\u00f3n comunitaria.<\/span><\/li>\n<li style=\"font-weight: 400;\" aria-level=\"1\"><span style=\"font-weight: 400;\">Considera la posibilidad de tener diferentes tipos de cuentas \u2014 una para contactos personales con acceso restringido y otra con un perfil p\u00fablico donde compartas menos contenido sensible.<\/span><\/li>\n<\/ul>\n<p><i><span style=\"font-weight: 400;\">Tara Mobasher es reportera y redactora del bolet\u00edn de Borderless Magazine. Env\u00eda un correo electr\u00f3nico a Tara a <\/span><\/i><a href=\"mailto:tara@borderlessmag.org\"><i><span style=\"font-weight: 400;\">tara@borderlessmag.org<\/span><\/i><\/a><i><span style=\"font-weight: 400;\">.\u00a0<\/span><\/i><\/p>\n<\/div>\n\n\n\n\n\t\t\t<\/div> \n\t\t<\/div>\n\t<\/div> \n\n\t<div  class=\"vc_col-sm-2 vc_hidden-sm vc_hidden-xs wpb_column column_container vc_column_container col no-extra-padding inherit_tablet inherit_phone\"  data-padding-pos=\"all\" data-has-bg-color=\"false\" data-bg-color=\"\" data-bg-opacity=\"1\" data-animation=\"\" data-delay=\"0\" >\n\t\t<div class=\"vc_column-inner\" >\n\t\t\t<div class=\"wpb_wrapper\">\n\t\t\t\t\n\t<div class=\"wpb_widgetised_column wpb_content_element\">\n\t\t<div id=\"sidebar\" data-nectar-ss=\"true\" class=\"wpb_wrapper\">\n\t\t\t<div id=\"custom_html-4 1articleright\" class=\"widget_text widget widget_custom_html\"><h3 id=\"wordpress-popular-posts\" class=\"widget-title\">Entradas populares de WordPress<\/h3><div class=\"textwidget custom-html-widget\"><h4 id=\"trending-posts\" class=\"widget-title\">Tendencias<\/h4><div class=\"wpp-shortcode\"><script type=\"application\/json\" data-id=\"wpp-shortcode-inline-js\">{\"title\":\"Trending Posts\",\"limit\":\"3\",\"offset\":0,\"range\":\"custom\",\"time_quantity\":\"124\",\"time_unit\":\"day\",\"freshness\":\"1\",\"order_by\":\"views\",\"post_type\":\"post\",\"pid\":\"\",\"exclude\":\"\",\"cat\":\"\",\"taxonomy\":\"category\",\"term_id\":\"\",\"author\":\"\",\"shorten_title\":{\"active\":false,\"length\":0,\"words\":false},\"post-excerpt\":{\"active\":false,\"length\":0,\"keep_format\":false,\"words\":false},\"thumbnail\":{\"active\":true,\"build\":\"predefined\",\"width\":\"240\",\"height\":\"160\"},\"rating\":false,\"stats_tag\":{\"comment_count\":false,\"views\":false,\"author\":false,\"date\":{\"active\":false,\"format\":\"F j, Y\"},\"category\":false,\"taxonomy\":{\"active\":false,\"name\":\"category\"}},\"markup\":{\"custom_html\":true,\"wpp-start\":\"&lt;ul class=&quot;wpp-list wpp-cardview&quot;&gt;\",\"wpp-end\":\"&lt;\\\/ul&gt;\",\"title-start\":\"&lt;h4 class=&quot;widget-title&quot;&gt;\",\"title-end\":\"&lt;\\\/h4&gt;\",\"post-html\":\"&lt;li&gt;{thumb} {title} {stats}&lt;\\\/li&gt;\"},\"theme\":{\"name\":\"\"}}<\/script><div class=\"wpp-shortcode-placeholder\"><\/div><\/div><\/div><\/div>\n\t\t<\/div> \n\t<\/div> \n\t\t\t<\/div> \n\t\t<\/div>\n\t<\/div> \n<\/div><\/div>","protected":false},"excerpt":{"rendered":"<p>Las agencias federales est\u00e1n trabajando para ampliar la vigilancia de las redes sociales como parte de los esfuerzos de inmigraci\u00f3n de Trump. Borderless Magazine habl\u00f3 con expertos para que explicaran qu\u00e9 informaci\u00f3n vigila el gobierno y c\u00f3mo proteger tu identidad en las redes sociales. <\/p>","protected":false},"author":144,"featured_media":31637,"comment_status":"closed","ping_status":"closed","sticky":false,"template":"","format":"standard","meta":{"inline_featured_image":false,"footnotes":""},"categories":[855,1,856,53,308],"tags":[902],"coauthors":[588],"class_list":{"0":"post-31725","1":"post","2":"type-post","3":"status-publish","4":"format-standard","5":"has-post-thumbnail","7":"category-featured","8":"category-immigration-policy","9":"category-latest","10":"category-staff-pick","11":"category-top-stories","12":"tag-icesocialmedia"},"yoast_head":"<!-- This site is optimized with the Yoast SEO Premium plugin v27.3 (Yoast SEO v27.3) - https:\/\/yoast.com\/product\/yoast-seo-premium-wordpress\/ -->\n<title>ICE Can Access Your Social Media. Here\u2019s Five Things To Know<\/title>\n<meta name=\"description\" content=\"Federal agencies are amplifying their social media surveillance with new technology to aid deportation efforts.\" \/>\n<meta name=\"robots\" content=\"index, follow, max-snippet:-1, max-image-preview:large, max-video-preview:-1\" \/>\n<link rel=\"canonical\" href=\"https:\/\/borderlessmag.org\/es\/2026\/01\/08\/ice-vigilancia-de-redes-sociales-inmigracion-aplicaciones-aplicacion-chicago\/\" \/>\n<meta property=\"og:locale\" content=\"es_MX\" \/>\n<meta property=\"og:type\" content=\"article\" \/>\n<meta property=\"og:title\" content=\"ICE Can Access Your Social Media. Here\u2019s What To Know &#8211; Featured &#8211; Borderless Magazine NFP\" \/>\n<meta property=\"og:description\" content=\"ICE Can Access Your Social Media. Here\u2019s What To Know &#8211; Featured &#8211; Borderless Magazine NFP\" \/>\n<meta property=\"og:url\" content=\"https:\/\/borderlessmag.org\/es\/2026\/01\/08\/ice-vigilancia-de-redes-sociales-inmigracion-aplicaciones-aplicacion-chicago\/\" \/>\n<meta property=\"og:site_name\" content=\"Borderless Magazine NFP\" \/>\n<meta property=\"article:publisher\" content=\"https:\/\/www.facebook.com\/BorderlessMagazine\" \/>\n<meta property=\"article:published_time\" content=\"2026-01-08T13:00:39+00:00\" \/>\n<meta property=\"article:modified_time\" content=\"2026-02-02T21:56:16+00:00\" \/>\n<meta property=\"og:image\" content=\"https:\/\/borderlessmag.org\/wordpress\/wp-content\/uploads\/2026\/01\/2026_01_08_ICESocialMedia_Featured_Updated.jpg\" \/>\n\t<meta property=\"og:image:width\" content=\"1920\" \/>\n\t<meta property=\"og:image:height\" content=\"1280\" \/>\n\t<meta property=\"og:image:type\" content=\"image\/jpeg\" \/>\n<meta name=\"author\" content=\"Tara Mobasher\" \/>\n<meta name=\"twitter:card\" content=\"summary_large_image\" \/>\n<meta name=\"twitter:label1\" content=\"Escrito por\" \/>\n\t<meta name=\"twitter:data1\" content=\"Tara Mobasher\" \/>\n\t<meta name=\"twitter:label2\" content=\"Tiempo de lectura\" \/>\n\t<meta name=\"twitter:data2\" content=\"5 minutos\" \/>\n\t<meta name=\"twitter:label3\" content=\"Written by\" \/>\n\t<meta name=\"twitter:data3\" content=\"Tara Mobasher\" \/>\n<script type=\"application\/ld+json\" class=\"yoast-schema-graph\">{\"@context\":\"https:\\\/\\\/schema.org\",\"@graph\":[{\"@type\":\"NewsArticle\",\"@id\":\"https:\\\/\\\/borderlessmag.org\\\/2026\\\/01\\\/08\\\/ice-social-media-surveillance-immigration-applications-enforcement-chicago\\\/#article\",\"isPartOf\":{\"@id\":\"https:\\\/\\\/borderlessmag.org\\\/2026\\\/01\\\/08\\\/ice-social-media-surveillance-immigration-applications-enforcement-chicago\\\/\"},\"author\":{\"name\":\"Tara Mobasher\",\"@id\":\"https:\\\/\\\/borderlessmag.org\\\/#\\\/schema\\\/person\\\/e7a92bbc4a300bae54f1b09f3c83a913\"},\"headline\":\"ICE Can Access Your Social Media. Here\u2019s What To Know\",\"datePublished\":\"2026-01-08T13:00:39+00:00\",\"dateModified\":\"2026-02-02T21:56:16+00:00\",\"mainEntityOfPage\":{\"@id\":\"https:\\\/\\\/borderlessmag.org\\\/2026\\\/01\\\/08\\\/ice-social-media-surveillance-immigration-applications-enforcement-chicago\\\/\"},\"wordCount\":1949,\"publisher\":{\"@id\":\"https:\\\/\\\/borderlessmag.org\\\/#organization\"},\"image\":{\"@id\":\"https:\\\/\\\/borderlessmag.org\\\/2026\\\/01\\\/08\\\/ice-social-media-surveillance-immigration-applications-enforcement-chicago\\\/#primaryimage\"},\"thumbnailUrl\":\"https:\\\/\\\/borderlessmag.org\\\/wordpress\\\/wp-content\\\/uploads\\\/2026\\\/01\\\/2026_01_08_ICESocialMedia_Featured_Updated.jpg\",\"keywords\":[\"ICESocialMedia\"],\"articleSection\":[\"Featured\",\"Immigration Policy\",\"Latest\",\"Staff Pick\",\"Top Stories\"],\"inLanguage\":\"es\",\"copyrightYear\":\"2025\",\"copyrightHolder\":{\"@id\":\"https:\\\/\\\/borderlessmag.org\\\/es\\\/#organization\"}},{\"@type\":\"WebPage\",\"@id\":\"https:\\\/\\\/borderlessmag.org\\\/2026\\\/01\\\/08\\\/ice-social-media-surveillance-immigration-applications-enforcement-chicago\\\/\",\"url\":\"https:\\\/\\\/borderlessmag.org\\\/2026\\\/01\\\/08\\\/ice-social-media-surveillance-immigration-applications-enforcement-chicago\\\/\",\"name\":\"ICE Can Access Your Social Media. Here\u2019s Five Things To Know\",\"isPartOf\":{\"@id\":\"https:\\\/\\\/borderlessmag.org\\\/#website\"},\"primaryImageOfPage\":{\"@id\":\"https:\\\/\\\/borderlessmag.org\\\/2026\\\/01\\\/08\\\/ice-social-media-surveillance-immigration-applications-enforcement-chicago\\\/#primaryimage\"},\"image\":{\"@id\":\"https:\\\/\\\/borderlessmag.org\\\/2026\\\/01\\\/08\\\/ice-social-media-surveillance-immigration-applications-enforcement-chicago\\\/#primaryimage\"},\"thumbnailUrl\":\"https:\\\/\\\/borderlessmag.org\\\/wordpress\\\/wp-content\\\/uploads\\\/2026\\\/01\\\/2026_01_08_ICESocialMedia_Featured_Updated.jpg\",\"datePublished\":\"2026-01-08T13:00:39+00:00\",\"dateModified\":\"2026-02-02T21:56:16+00:00\",\"description\":\"Federal agencies are amplifying their social media surveillance with new technology to aid deportation efforts.\",\"inLanguage\":\"es\",\"potentialAction\":[{\"@type\":\"ReadAction\",\"target\":[\"https:\\\/\\\/borderlessmag.org\\\/2026\\\/01\\\/08\\\/ice-social-media-surveillance-immigration-applications-enforcement-chicago\\\/\"]}]},{\"@type\":\"ImageObject\",\"inLanguage\":\"es\",\"@id\":\"https:\\\/\\\/borderlessmag.org\\\/2026\\\/01\\\/08\\\/ice-social-media-surveillance-immigration-applications-enforcement-chicago\\\/#primaryimage\",\"url\":\"https:\\\/\\\/borderlessmag.org\\\/wordpress\\\/wp-content\\\/uploads\\\/2026\\\/01\\\/2026_01_08_ICESocialMedia_Featured_Updated.jpg\",\"contentUrl\":\"https:\\\/\\\/borderlessmag.org\\\/wordpress\\\/wp-content\\\/uploads\\\/2026\\\/01\\\/2026_01_08_ICESocialMedia_Featured_Updated.jpg\",\"width\":1920,\"height\":1280},{\"@type\":\"WebSite\",\"@id\":\"https:\\\/\\\/borderlessmag.org\\\/#website\",\"url\":\"https:\\\/\\\/borderlessmag.org\\\/\",\"name\":\"Borderless Magazine NFP\",\"description\":\"Stories about immigration and immigrants\",\"publisher\":{\"@id\":\"https:\\\/\\\/borderlessmag.org\\\/#organization\"},\"alternateName\":\"Borderless\",\"potentialAction\":[{\"@type\":\"SearchAction\",\"target\":{\"@type\":\"EntryPoint\",\"urlTemplate\":\"https:\\\/\\\/borderlessmag.org\\\/?s={search_term_string}\"},\"query-input\":{\"@type\":\"PropertyValueSpecification\",\"valueRequired\":true,\"valueName\":\"search_term_string\"}}],\"inLanguage\":\"es\"},{\"@type\":\"Organization\",\"@id\":\"https:\\\/\\\/borderlessmag.org\\\/#organization\",\"name\":\"Borderless Magazine NFP\",\"alternateName\":\"Borderless Mag\",\"url\":\"https:\\\/\\\/borderlessmag.org\\\/\",\"logo\":{\"@type\":\"ImageObject\",\"inLanguage\":\"es\",\"@id\":\"https:\\\/\\\/borderlessmag.org\\\/#\\\/schema\\\/logo\\\/image\\\/\",\"url\":\"https:\\\/\\\/borderlessmag.org\\\/wordpress\\\/wp-content\\\/uploads\\\/2025\\\/08\\\/BorderlessLogo_main_square.jpg\",\"contentUrl\":\"https:\\\/\\\/borderlessmag.org\\\/wordpress\\\/wp-content\\\/uploads\\\/2025\\\/08\\\/BorderlessLogo_main_square.jpg\",\"width\":696,\"height\":696,\"caption\":\"Borderless Magazine NFP\"},\"image\":{\"@id\":\"https:\\\/\\\/borderlessmag.org\\\/#\\\/schema\\\/logo\\\/image\\\/\"},\"sameAs\":[\"https:\\\/\\\/www.facebook.com\\\/BorderlessMagazine\",\"https:\\\/\\\/www.instagram.com\\\/borderless_mag\\\/\",\"https:\\\/\\\/www.tiktok.com\\\/@borderless_mag\"]},{\"@type\":\"Person\",\"@id\":\"https:\\\/\\\/borderlessmag.org\\\/#\\\/schema\\\/person\\\/e7a92bbc4a300bae54f1b09f3c83a913\",\"name\":\"Tara Mobasher\",\"image\":{\"@type\":\"ImageObject\",\"inLanguage\":\"es\",\"@id\":\"https:\\\/\\\/secure.gravatar.com\\\/avatar\\\/487def87dbc2be326c0ab4e1df80b377edd569200fb4b36a54f81dbd210460b5?s=96&d=mm&r=g1fbe5bcb6b5f74438eebdcc53311f967\",\"url\":\"https:\\\/\\\/secure.gravatar.com\\\/avatar\\\/487def87dbc2be326c0ab4e1df80b377edd569200fb4b36a54f81dbd210460b5?s=96&d=mm&r=g\",\"contentUrl\":\"https:\\\/\\\/secure.gravatar.com\\\/avatar\\\/487def87dbc2be326c0ab4e1df80b377edd569200fb4b36a54f81dbd210460b5?s=96&d=mm&r=g\",\"caption\":\"Tara Mobasher\"},\"url\":\"https:\\\/\\\/borderlessmag.org\\\/es\\\/author\\\/tara-mobasher\\\/\"}]}<\/script>\n<!-- \/ Yoast SEO Premium plugin. -->","yoast_head_json":{"title":"ICE puede acceder a tus redes sociales. Cinco cosas que debes saber","description":"Las agencias federales est\u00e1n ampliando su vigilancia de las redes sociales con nuevas tecnolog\u00edas para contribuir a los esfuerzos de deportaci\u00f3n.","robots":{"index":"index","follow":"follow","max-snippet":"max-snippet:-1","max-image-preview":"max-image-preview:large","max-video-preview":"max-video-preview:-1"},"canonical":"https:\/\/borderlessmag.org\/es\/2026\/01\/08\/ice-vigilancia-de-redes-sociales-inmigracion-aplicaciones-aplicacion-chicago\/","og_locale":"es_MX","og_type":"article","og_title":"ICE Can Access Your Social Media. Here\u2019s What To Know &#8211; Featured &#8211; Borderless Magazine NFP","og_description":"ICE Can Access Your Social Media. Here\u2019s What To Know &#8211; Featured &#8211; Borderless Magazine NFP","og_url":"https:\/\/borderlessmag.org\/es\/2026\/01\/08\/ice-vigilancia-de-redes-sociales-inmigracion-aplicaciones-aplicacion-chicago\/","og_site_name":"Borderless Magazine NFP","article_publisher":"https:\/\/www.facebook.com\/BorderlessMagazine","article_published_time":"2026-01-08T13:00:39+00:00","article_modified_time":"2026-02-02T21:56:16+00:00","og_image":[{"width":1920,"height":1280,"url":"https:\/\/borderlessmag.org\/wordpress\/wp-content\/uploads\/2026\/01\/2026_01_08_ICESocialMedia_Featured_Updated.jpg","type":"image\/jpeg"}],"author":"Tara Mobasher","twitter_card":"summary_large_image","twitter_misc":{"Escrito por":"Tara Mobasher","Tiempo de lectura":"5 minutos","Written by":"Tara Mobasher"},"schema":{"@context":"https:\/\/schema.org","@graph":[{"@type":"NewsArticle","@id":"https:\/\/borderlessmag.org\/2026\/01\/08\/ice-social-media-surveillance-immigration-applications-enforcement-chicago\/#article","isPartOf":{"@id":"https:\/\/borderlessmag.org\/2026\/01\/08\/ice-social-media-surveillance-immigration-applications-enforcement-chicago\/"},"author":{"name":"Tara Mobasher","@id":"https:\/\/borderlessmag.org\/#\/schema\/person\/e7a92bbc4a300bae54f1b09f3c83a913"},"headline":"ICE Can Access Your Social Media. Here\u2019s What To Know","datePublished":"2026-01-08T13:00:39+00:00","dateModified":"2026-02-02T21:56:16+00:00","mainEntityOfPage":{"@id":"https:\/\/borderlessmag.org\/2026\/01\/08\/ice-social-media-surveillance-immigration-applications-enforcement-chicago\/"},"wordCount":1949,"publisher":{"@id":"https:\/\/borderlessmag.org\/#organization"},"image":{"@id":"https:\/\/borderlessmag.org\/2026\/01\/08\/ice-social-media-surveillance-immigration-applications-enforcement-chicago\/#primaryimage"},"thumbnailUrl":"https:\/\/borderlessmag.org\/wordpress\/wp-content\/uploads\/2026\/01\/2026_01_08_ICESocialMedia_Featured_Updated.jpg","keywords":["ICESocialMedia"],"articleSection":["Featured","Immigration Policy","Latest","Staff Pick","Top Stories"],"inLanguage":"es","copyrightYear":"2025","copyrightHolder":{"@id":"https:\/\/borderlessmag.org\/es\/#organization"}},{"@type":"WebPage","@id":"https:\/\/borderlessmag.org\/2026\/01\/08\/ice-social-media-surveillance-immigration-applications-enforcement-chicago\/","url":"https:\/\/borderlessmag.org\/2026\/01\/08\/ice-social-media-surveillance-immigration-applications-enforcement-chicago\/","name":"ICE puede acceder a tus redes sociales. Cinco cosas que debes saber","isPartOf":{"@id":"https:\/\/borderlessmag.org\/#website"},"primaryImageOfPage":{"@id":"https:\/\/borderlessmag.org\/2026\/01\/08\/ice-social-media-surveillance-immigration-applications-enforcement-chicago\/#primaryimage"},"image":{"@id":"https:\/\/borderlessmag.org\/2026\/01\/08\/ice-social-media-surveillance-immigration-applications-enforcement-chicago\/#primaryimage"},"thumbnailUrl":"https:\/\/borderlessmag.org\/wordpress\/wp-content\/uploads\/2026\/01\/2026_01_08_ICESocialMedia_Featured_Updated.jpg","datePublished":"2026-01-08T13:00:39+00:00","dateModified":"2026-02-02T21:56:16+00:00","description":"Las agencias federales est\u00e1n ampliando su vigilancia de las redes sociales con nuevas tecnolog\u00edas para contribuir a los esfuerzos de deportaci\u00f3n.","inLanguage":"es","potentialAction":[{"@type":"ReadAction","target":["https:\/\/borderlessmag.org\/2026\/01\/08\/ice-social-media-surveillance-immigration-applications-enforcement-chicago\/"]}]},{"@type":"ImageObject","inLanguage":"es","@id":"https:\/\/borderlessmag.org\/2026\/01\/08\/ice-social-media-surveillance-immigration-applications-enforcement-chicago\/#primaryimage","url":"https:\/\/borderlessmag.org\/wordpress\/wp-content\/uploads\/2026\/01\/2026_01_08_ICESocialMedia_Featured_Updated.jpg","contentUrl":"https:\/\/borderlessmag.org\/wordpress\/wp-content\/uploads\/2026\/01\/2026_01_08_ICESocialMedia_Featured_Updated.jpg","width":1920,"height":1280},{"@type":"WebSite","@id":"https:\/\/borderlessmag.org\/#website","url":"https:\/\/borderlessmag.org\/","name":"Revista Borderless NFP","description":"Historias sobre inmigraci\u00f3n e inmigrantes","publisher":{"@id":"https:\/\/borderlessmag.org\/#organization"},"alternateName":"Borderless","potentialAction":[{"@type":"SearchAction","target":{"@type":"EntryPoint","urlTemplate":"https:\/\/borderlessmag.org\/?s={search_term_string}"},"query-input":{"@type":"PropertyValueSpecification","valueRequired":true,"valueName":"search_term_string"}}],"inLanguage":"es"},{"@type":"Organization","@id":"https:\/\/borderlessmag.org\/#organization","name":"Revista Borderless NFP","alternateName":"Borderless Mag","url":"https:\/\/borderlessmag.org\/","logo":{"@type":"ImageObject","inLanguage":"es","@id":"https:\/\/borderlessmag.org\/#\/schema\/logo\/image\/","url":"https:\/\/borderlessmag.org\/wordpress\/wp-content\/uploads\/2025\/08\/BorderlessLogo_main_square.jpg","contentUrl":"https:\/\/borderlessmag.org\/wordpress\/wp-content\/uploads\/2025\/08\/BorderlessLogo_main_square.jpg","width":696,"height":696,"caption":"Borderless Magazine NFP"},"image":{"@id":"https:\/\/borderlessmag.org\/#\/schema\/logo\/image\/"},"sameAs":["https:\/\/www.facebook.com\/BorderlessMagazine","https:\/\/www.instagram.com\/borderless_mag\/","https:\/\/www.tiktok.com\/@borderless_mag"]},{"@type":"Person","@id":"https:\/\/borderlessmag.org\/#\/schema\/person\/e7a92bbc4a300bae54f1b09f3c83a913","name":"Tara Mobasher","image":{"@type":"ImageObject","inLanguage":"es","@id":"https:\/\/secure.gravatar.com\/avatar\/487def87dbc2be326c0ab4e1df80b377edd569200fb4b36a54f81dbd210460b5?s=96&d=mm&r=g1fbe5bcb6b5f74438eebdcc53311f967","url":"https:\/\/secure.gravatar.com\/avatar\/487def87dbc2be326c0ab4e1df80b377edd569200fb4b36a54f81dbd210460b5?s=96&d=mm&r=g","contentUrl":"https:\/\/secure.gravatar.com\/avatar\/487def87dbc2be326c0ab4e1df80b377edd569200fb4b36a54f81dbd210460b5?s=96&d=mm&r=g","caption":"Tara Mobasher"},"url":"https:\/\/borderlessmag.org\/es\/author\/tara-mobasher\/"}]}},"cc_featured_image_caption":{"caption_text":"","source_text":"","source_url":""},"_links":{"self":[{"href":"https:\/\/borderlessmag.org\/es\/wp-json\/wp\/v2\/posts\/31725","targetHints":{"allow":["GET"]}}],"collection":[{"href":"https:\/\/borderlessmag.org\/es\/wp-json\/wp\/v2\/posts"}],"about":[{"href":"https:\/\/borderlessmag.org\/es\/wp-json\/wp\/v2\/types\/post"}],"author":[{"embeddable":true,"href":"https:\/\/borderlessmag.org\/es\/wp-json\/wp\/v2\/users\/144"}],"replies":[{"embeddable":true,"href":"https:\/\/borderlessmag.org\/es\/wp-json\/wp\/v2\/comments?post=31725"}],"version-history":[{"count":7,"href":"https:\/\/borderlessmag.org\/es\/wp-json\/wp\/v2\/posts\/31725\/revisions"}],"predecessor-version":[{"id":31838,"href":"https:\/\/borderlessmag.org\/es\/wp-json\/wp\/v2\/posts\/31725\/revisions\/31838"}],"wp:featuredmedia":[{"embeddable":true,"href":"https:\/\/borderlessmag.org\/es\/wp-json\/wp\/v2\/media\/31637"}],"wp:attachment":[{"href":"https:\/\/borderlessmag.org\/es\/wp-json\/wp\/v2\/media?parent=31725"}],"wp:term":[{"taxonomy":"category","embeddable":true,"href":"https:\/\/borderlessmag.org\/es\/wp-json\/wp\/v2\/categories?post=31725"},{"taxonomy":"post_tag","embeddable":true,"href":"https:\/\/borderlessmag.org\/es\/wp-json\/wp\/v2\/tags?post=31725"},{"taxonomy":"author","embeddable":true,"href":"https:\/\/borderlessmag.org\/es\/wp-json\/wp\/v2\/coauthors?post=31725"}],"curies":[{"name":"wp","href":"https:\/\/api.w.org\/{rel}","templated":true}]}}