{"id":31411,"date":"2025-12-10T16:45:18","date_gmt":"2025-12-10T22:45:18","guid":{"rendered":"https:\/\/borderlessmag.org\/?p=31411"},"modified":"2025-12-10T16:45:18","modified_gmt":"2025-12-10T22:45:18","slug":"el-gobernador-pritzker-firma-leyes-para-proteger-mejor-a-los-inmigrantes-demandan-a-los-agentes-federales-tras-un-bombardeo-a-mitad-de-camino","status":"publish","type":"post","link":"https:\/\/borderlessmag.org\/es\/2025\/12\/10\/gov-pritzker-signs-laws-to-better-protect-immigrants-sue-federal-agents-after-midway-blitz\/","title":{"rendered":"El Gobernador Pritzker Firma Leyes para Proteger a los Inmigrantes y Demanda a Agentes Federales tras Operaci\u00f3n Midway Blitz"},"content":{"rendered":"<div id=\"fws_69ee3afaae4e0\"  data-column-margin=\"default\" data-midnight=\"dark\"  class=\"wpb_row vc_row-fluid vc_row\"  style=\"padding-top: 0px; padding-bottom: 0px; \"><div class=\"row-bg-wrap\" data-bg-animation=\"none\" data-bg-animation-delay=\"\" data-bg-overlay=\"false\"><div class=\"inner-wrap row-bg-layer\" ><div class=\"row-bg viewport-desktop\"  style=\"\"><\/div><\/div><\/div><div class=\"row_col_wrap_12 col span_12 dark left\">\n\t<div  class=\"vc_col-sm-2 vc_hidden-sm vc_hidden-xs wpb_column column_container vc_column_container col no-extra-padding inherit_tablet inherit_phone\"  data-padding-pos=\"all\" data-has-bg-color=\"false\" data-bg-color=\"\" data-bg-opacity=\"1\" data-animation=\"\" data-delay=\"0\" >\n\t\t<div class=\"vc_column-inner\" >\n\t\t\t<div class=\"wpb_wrapper\">\n\t\t\t\t\n\t\t\t<\/div> \n\t\t<\/div>\n\t<\/div> \n\n\t<div  class=\"vc_col-sm-8 wpb_column column_container vc_column_container col padding-3-percent inherit_tablet inherit_phone\"  data-padding-pos=\"all\" data-has-bg-color=\"false\" data-bg-color=\"\" data-bg-opacity=\"1\" data-animation=\"\" data-delay=\"0\" >\n\t\t<div class=\"vc_column-inner\" >\n\t\t\t<div class=\"wpb_wrapper\">\n\t\t\t\t\n<div class=\"wpb_text_column wpb_content_element\" >\n\t<p><em>Esta<a href=\"https:\/\/blockclubchicago.org\/2025\/09\/29\/ice-fires-chemical-weapon-at-reporter-in-chicago-unprovoked-attack-under-investigation\/\">\u00a0historia fue originalmente\u00a0<\/a>publicada en Block Club Chicago, una sala de prensa sin fines de lucro enfocada en reportar sobre los vecindarios de Chicago.\u00a0<a href=\"https:\/\/pico.link\/blockclubchicago\/login?id=RegistrationWizard_blockclubchicago&amp;short_code=kvrky26d\">Suscr\u00edbete a su bolet\u00edn diario gratuito<\/a>.<\/em><\/p>\n<p>CHICAGO - El gobernador JB Pritzker firm\u00f3 un  proyecto de ley destinado a proteger a los inmigrantes en Illinois para hacerle frente a la <a href=\"https:\/\/borderlessmag.org\/es\/2025\/09\/05\/guardia-nacional-de-chicago-donald-trump-jb-pritzker-hielo-redadas-inmigracion\/\">Operaci\u00f3n Midway Blitz<\/a> \u2014 la reciente iniciativa del gobierno federal para hacer cumplir las leyes de inmigraci\u00f3n.<\/p>\n<div class=\"wp-block-group alignright is-style-default\">\n<div class=\"wp-block-group__inner-container is-layout-constrained wp-container-core-group-is-layout-c6b4b7cd wp-block-group-is-layout-constrained\">\n<h2 id=\"h-listen\" class=\"wp-block-heading sidebar\"><span id=\"\"><\/span><\/h2>\n<\/div>\n<\/div>\n<div class=\"ppjs__button ppjs__share-button\">Pritzker firm\u00f3 los proyectos de ley el martes por la ma\u00f1ana en La Villita, un vecindario de Chicago conocido por su comunidad inmigrante pero que se ha visto muy afectado por Midway Blitz.<\/div>\n<p>Durante la operaci\u00f3n, agentes federales han arrestado al menos 3.000 personas, han lanzado gases lacrim\u00f3genos en vecindarios y suburbios de Chicago y han detenido a ciudadanos estadounidenses, entre otras cosas.<\/p>\n<\/div>\n\n\n\n\n\t\t<div id=\"fws_69ee3afaaf738\"  data-column-margin=\"default\" data-midnight=\"dark\"  class=\"wpb_row vc_row-fluid vc_row vc_row-o-equal-height vc_row-flex vc_row-o-content-middle large top_margin_20px bottom_margin_20px\"  style=\"padding-top: 0px; padding-bottom: 0px; \"><div class=\"row-bg-wrap\" data-bg-animation=\"none\" data-bg-animation-delay=\"\" data-bg-overlay=\"true\"><div class=\"inner-wrap row-bg-layer\" ><div class=\"row-bg viewport-desktop\"  style=\"\"><\/div><\/div><div class=\"row-bg-overlay row-bg-layer\" style=\"background: ##FFFFFF; background: linear-gradient(90deg,##FFFFFF 0%,##FFFFFF 100%);  opacity: 1; \"><\/div><\/div><div class=\"row_col_wrap_12 col span_12 dark left\">\n\t<div  class=\"vc_col-sm-12 wpb_column column_container vc_column_container col padding-3-percent force-phone-text-align-center inherit_tablet inherit_phone border_top_desktop_1px border_bottom_desktop_1px border_color_000000 border_style_solid\"  data-padding-pos=\"all\" data-has-bg-color=\"false\" data-bg-color=\"\" data-bg-opacity=\"1\" data-animation=\"\" data-delay=\"0\" >\n\t\t<div class=\"vc_column-inner\" >\n\t\t\t<div class=\"wpb_wrapper\">\n\t\t\t\t<div id=\"fws_69ee3afaafde2\" data-midnight=\"\" data-column-margin=\"default\" class=\"wpb_row vc_row-fluid vc_row inner_row vc_row-o-equal-height vc_row-flex vc_row-o-content-middle\"  style=\"\"><div class=\"row-bg-wrap\"> <div class=\"row-bg\" ><\/div> <\/div><div class=\"row_col_wrap_12_inner col span_12  left\">\n\t<div  class=\"vc_col-sm-7 wpb_column column_container vc_column_container col child_column no-extra-padding inherit_tablet inherit_phone\"   data-padding-pos=\"all\" data-has-bg-color=\"false\" data-bg-color=\"\" data-bg-opacity=\"1\" data-animation=\"\" data-delay=\"0\" >\n\t\t<div class=\"vc_column-inner\" >\n\t\t<div class=\"wpb_wrapper\">\n\t\t\t\n<div class=\"wpb_text_column wpb_content_element\" >\n\t<h3 id=\"news-that-puts-power-under-the-spotlight-and-communities-at-the-center\"><strong>Noticias que ponen el poder en el punto de mira y a las comunidades en el centro.<\/strong><\/h3>\n<p>Suscr\u00edbase a nuestro bolet\u00edn gratuito y reciba actualizaciones dos veces por semana. <\/p>\n<\/div>\n\n\n\n\n\t\t<\/div> \n\t<\/div>\n\t<\/div> \n\n\t<div style=\"margin-top: -20px; \" class=\"vc_col-sm-5 wpb_column column_container vc_column_container col child_column neg-marg no-extra-padding inherit_tablet inherit_phone\"   data-padding-pos=\"all\" data-has-bg-color=\"false\" data-bg-color=\"\" data-bg-opacity=\"1\" data-animation=\"\" data-delay=\"0\" >\n\t\t<div class=\"vc_column-inner\" >\n\t\t<div class=\"wpb_wrapper\">\n\t\t\t\n\t<div class=\"wpb_raw_code wpb_raw_html wpb_content_element\" >\n\t\t<div class=\"wpb_wrapper\">\n\t\t\t<div class=\"_form_1\"><\/div><script src=\"https:\/\/borderlessmag.bluelena.io\/f\/embed.php?id=1\" charset=\"utf-8\"><\/script>\n\t\t<\/div>\n\t<\/div>\n\n\t\t<\/div> \n\t<\/div>\n\t<\/div> \n<\/div><\/div>\n\t\t\t<\/div> \n\t\t<\/div>\n\t<\/div> \n<\/div><\/div>\n\n<div class=\"wpb_text_column wpb_content_element\" >\n\t<p>\"En los \u00faltimos meses, la \u00e1rea de Chicago ha sido sometida a una implacable campa\u00f1a de crueldad e intimidaci\u00f3n y abuso a manos de agentes de ICE y de la Patrulla Fronteriza bajo el mando del presidente Trump y consentida por el Congreso republicano\", dijo Pritzker. \"Nuestra gente se ha visto obligada a vivir con miedo\".<\/p>\n<aside class=\"scaip scaip-1\">\n<div class=\"newspack_global_ad scaip-1 fixed-height\">\n<div id=\"div-gpt-ad-f678132859-0\" data-google-query-id=\"CNzDhe7js5EDFTGMywEdr3U5_w\">\n<div id=\"google_ads_iframe_\/22997378029\/newspack-in-article-2-6511c2970b70d_0__container__\">Las leyes pretenden impedir que los agentes detengan a personas en los tribunales estatales, obligar a hospitales y proveedores de atenci\u00f3n sanitaria a prepararse para las visitas de agentes de inmigraci\u00f3n a sus instalaciones y proteger a las personas en guarder\u00edas, colegios comunitarios y universidades p\u00fablicas. Una de las leyes tambi\u00e9n facilita que la gente demande a los agentes federales si ellos han violado sus derechos constitucionales estatales o federales.<\/div>\n<\/div>\n<\/div>\n<\/aside>\n<p>Las nuevas leyes no detendr\u00e1n la aplicaci\u00f3n de las leyes federales de inmigraci\u00f3n, pero dar\u00e1n al estado \"nuevas herramientas de protecci\u00f3n\" y simbolizar\u00e1n la resistencia del estado \"contra aquellos que aterrorizan a nuestras comunidades y a nuestro estado\", dijo Pritzker.<\/p>\n<p>Pritzker dijo que los proyectos de ley tambi\u00e9n env\u00edan un mensaje a Trump, a la secretaria de Seguridad Nacional, Kristi Noem, y al jefe de la Patrulla Fronteriza, Greg Bovino.<\/p>\n<p>\"Su divisi\u00f3n y crueldad no son bienvenidas aqu\u00ed\", dijo Pritzker.<\/p>\n<p>M\u00e1s informaci\u00f3n sobre las nuevas leyes:<\/p>\n<h2 id=\"h-banning-ice-arrests-at-state-courthouses\" class=\"wp-block-heading\"><span id=\"banning-ice-arrests-at-state-courthouses\">Prohibici\u00f3n de las detenciones de ICE en los tribunales estatales<\/span><\/h2>\n<p>La Ley de Acceso, Seguridad y Participaci\u00f3n en los Tribunales proh\u00edbe las detenciones realizadas sin orden judicial en los tribunales estatales o de camino a ellos y permite que cualquiera que viole la ley sea responsable de da\u00f1os civiles por detenci\u00f3n ilegal, incluyendo da\u00f1os reales y da\u00f1os legales de $10.000.<\/p>\n<p>La ley proh\u00edbe detener sin orden judicial a cualquier persona \"que se dirija al lugar del procedimiento judicial, permanezca en \u00e9l o regrese de \u00e9l\", seg\u00fan el texto del proyecto de ley.<\/p>\n<p>Seg\u00fan la coalici\u00f3n, en los \u00faltimos meses se han producido m\u00e1s de una decena de detenciones relacionadas con la inmigraci\u00f3n en los juzgados de los condados o en sus alrededores.<\/p>\n<p>Estas detenciones y la presencia de agentes y veh\u00edculos de inmigraci\u00f3n en el exterior de los juzgados han tenido \"un importante efecto negativo en el sistema judicial\", seg\u00fan declar\u00f3 anteriormente Alexa Van Brunt, directora de la Cl\u00ednica del Centro de Justicia MacArthur de la Facultad de Derecho Northwestern Pritzker.<\/p>\n<p>Las v\u00edctimas, los testigos y los visitantes de los tribunales se han mantenido alejados de los juzgados, han faltado a las citas judiciales o no han solicitado \u00f3rdenes de protecci\u00f3n en casos de violencia dom\u00e9stica, seg\u00fan defensores.<\/p>\n<\/div>\n\n\n\n\n\t\t\t<\/div> \n\t\t<\/div>\n\t<\/div> \n\n\t<div  class=\"vc_col-sm-2 vc_hidden-sm vc_hidden-xs wpb_column column_container vc_column_container col no-extra-padding inherit_tablet inherit_phone\"  data-padding-pos=\"all\" data-has-bg-color=\"false\" data-bg-color=\"\" data-bg-opacity=\"1\" data-animation=\"\" data-delay=\"0\" >\n\t\t<div class=\"vc_column-inner\" >\n\t\t\t<div class=\"wpb_wrapper\">\n\t\t\t\t\n\t\t\t<\/div> \n\t\t<\/div>\n\t<\/div> \n<\/div><\/div>\n\t\t<div id=\"fws_69ee3afab1ae1\"  data-column-margin=\"default\" data-midnight=\"dark\"  class=\"wpb_row vc_row-fluid vc_row\"  style=\"padding-top: 0px; padding-bottom: 0px; \"><div class=\"row-bg-wrap\" data-bg-animation=\"none\" data-bg-animation-delay=\"\" data-bg-overlay=\"false\"><div class=\"inner-wrap row-bg-layer\" ><div class=\"row-bg viewport-desktop\"  style=\"\"><\/div><\/div><\/div><div class=\"row_col_wrap_12 col span_12 dark left\">\n\t<div  class=\"vc_col-sm-2 vc_hidden-sm vc_hidden-xs wpb_column column_container vc_column_container col no-extra-padding inherit_tablet inherit_phone\"  data-padding-pos=\"all\" data-has-bg-color=\"false\" data-bg-color=\"\" data-bg-opacity=\"1\" data-animation=\"\" data-delay=\"0\" >\n\t\t<div class=\"vc_column-inner\" >\n\t\t\t<div class=\"wpb_wrapper\">\n\t\t\t\t\n\t\t\t<\/div> \n\t\t<\/div>\n\t<\/div> \n\n\t<div  class=\"vc_col-sm-8 wpb_column column_container vc_column_container col padding-3-percent inherit_tablet inherit_phone\"  data-padding-pos=\"all\" data-has-bg-color=\"false\" data-bg-color=\"\" data-bg-opacity=\"1\" data-animation=\"\" data-delay=\"0\" >\n\t\t<div class=\"vc_column-inner\" >\n\t\t\t<div class=\"wpb_wrapper\">\n\t\t\t\t<div id=\"fws_69ee3afab23a1\" data-midnight=\"\" data-column-margin=\"default\" class=\"wpb_row vc_row-fluid vc_row inner_row\"  style=\"\"><div class=\"row-bg-wrap\"> <div class=\"row-bg\" ><\/div> <\/div><div class=\"row_col_wrap_12_inner col span_12  left\">\n\t<div  class=\"vc_col-sm-12 wpb_column column_container vc_column_container col child_column no-extra-padding inherit_tablet inherit_phone border_bottom_desktop_1px border_color_000000 border_style_solid\"   data-padding-pos=\"all\" data-has-bg-color=\"false\" data-bg-color=\"\" data-bg-opacity=\"1\" data-animation=\"\" data-delay=\"0\" >\n\t\t<div class=\"vc_column-inner\" >\n\t\t<div class=\"wpb_wrapper\">\n\t\t\t<div class=\"vc_separator wpb_content_element vc_separator_align_center vc_sep_width_100 vc_sep_pos_align_center vc_sep_color_black wpb_content_element vc_separator-has-text\" ><span class=\"vc_sep_holder vc_sep_holder_l\"><span class=\"vc_sep_line\"><\/span><\/span><h4 id=\"read-more-of-our-coverage\">M\u00e1s informaci\u00f3n<\/h4><span class=\"vc_sep_holder vc_sep_holder_r\"><span class=\"vc_sep_line\"><\/span><\/span>\n<\/div>\n<div class=\"wpb_text_column wpb_content_element\" >\n\t\t\t<div class=\"pk-inline-posts\">\n\t\t\t\n\t\t\t<div class=\"pk-inline-posts-container pk-inline-posts-template-list\"\n\t\t\t\tdata-columns=\"1\">\n\t\t\t\t\t\t<article id=\"post-29601\" class=\"post-29601 post type-post status-publish format-standard has-post-thumbnail category-enforcementandcourts category-immigration-policy tag-icetactics\">\n\t\t\t<div class=\"pk-post-outer\">\n\n\t\t\t\t\t\t\t\t<div class=\"pk-post-inner\">\n\t\t\t\t\t<div class=\"entry-thumbnail\">\n\t\t\t\t\t\t<div class=\"pk-overlay pk-overlay-ratio pk-ratio-landscape\">\n\t\t\t\t\t\t\t<div class=\"pk-overlay-background\">\n\t\t\t\t\t\t\t\t<a href=\"https:\/\/borderlessmag.org\/es\/2025\/10\/07\/chicago-officials-community-leaders-push-back-against-ices-aggressive-tactics-this-is-about-control\/\" class=\"pk-overlay-link\">\n\t\t\t\t\t\t\t\t\t<img decoding=\"async\" width=\"300\" height=\"225\" src=\"https:\/\/borderlessmag.org\/wordpress\/wp-content\/uploads\/2025\/10\/2025_10_07_ICETacticsChi_Featured-300x225.jpg\" class=\"attachment-pk-thumbnail size-pk-thumbnail wp-post-image\" alt=\"Agentes federales con m\u00e1scaras antig\u00e1s y uniformes de faena caminan entre gases lacrim\u00f3genos se\u00f1alando la direcci\u00f3n que ordenan a los manifestantes.\" \/>\t\t\t\t\t\t\t\t<\/a>\n\t\t\t\t\t\t\t<\/div>\n\t\t\t\t\t\t<\/div>\n\t\t\t\t\t<\/div>\n\t\t\t\t<\/div>\n\t\t\t\t\n\t\t\t\t<div class=\"pk-post-inner\">\n\t\t\t\t\t<header>\n\t\t\t\t\t\t<h3 class=\"pk-title\"><a href=\"https:\/\/borderlessmag.org\/es\/2025\/10\/07\/chicago-officials-community-leaders-push-back-against-ices-aggressive-tactics-this-is-about-control\/\" rel=\"bookmark\">Funcionarios de Chicago y l\u00edderes comunitarios se oponen a las t\u00e1cticas agresivas de ICE: 'Se trata de control'<\/a><\/h3>\t\t\t\t\t\t\t<div class=\"pk-post-meta\">\n\t\t\t\t\t\t\t\t<span class=\"pk-meta-author meta-author\"><span class=\"author vcard\"><a class=\"url fn n\" href=\"https:\/\/borderlessmag.org\/es\/author\/tara-mobasher\/\" title=\"Ver todas las publicaciones de Tara Mobasher\">Tara Mobasher<\/a><\/span><\/span>\t\t\t\t\t\t\t\t<span class=\"sep\">-<\/span>\n\t\t\t\t\t\t\t\t<span class=\"pk-meta-date meta-date\"><a href=\"https:\/\/borderlessmag.org\/es\/2025\/10\/07\/chicago-officials-community-leaders-push-back-against-ices-aggressive-tactics-this-is-about-control\/\" rel=\"bookmark\">7 de octubre de 2025<\/a><\/span>\t\t\t\t\t\t\t<\/div>\n\t\t\t\t\t\t\t\t\t\t\t\t<\/header><!-- .entry-header -->\n\t\t\t\t<\/div><!-- .post-inner -->\n\n\t\t\t<\/div><!-- .post-outer -->\n\t\t<\/article>\n\t\t\t\t<\/div>\n\t\t<\/div>\n\t\t\n<\/div>\n\n\n\n\n\t\t<\/div> \n\t<\/div>\n\t<\/div> \n<\/div><\/div>\n<div class=\"wpb_text_column wpb_content_element\" >\n\t<p>A principios de septiembre,\u00a0<a href=\"https:\/\/blockclubchicago.org\/2025\/09\/04\/immigration-advocates-sound-alarm-after-ice-arrests-at-domestic-violence-court\/\" target=\"_blank\" rel=\"noreferrer noopener\" data-wpel-link=\"internal\">dos personas fueron detenidas por agentes de ICE en el Juzgado de Violencia Dom\u00e9stica del condado de Cook.<\/a>\u00a0Los inmigrantes y las familias de estatus mixto que se enfrentan a la violencia dom\u00e9stica se ven en la posici\u00f3n de tener que elegir entre proteger su seguridad o la posibilidad de ser perseguidos por agentes federales y separados de sus familias, dijo Nina Sede\u00f1o, analista principal de pol\u00edtica de inmigraci\u00f3n del Latino Policy Forum.<\/p>\n<p>La Oficina del Defensor del Condado de Cook dijo en un comunicado enviado por correo electr\u00f3nico que la legislaci\u00f3n es \"urgentemente necesaria para proteger a todos los habitantes de Illinois y para garantizar que los tribunales de todo el estado permanezcan abiertos y accesibles a todos los miembros del p\u00fablico, independientemente de su estatus migratorio.\"<\/p>\n<p>En octubre, un\u00a0<a href=\"https:\/\/blockclubchicago.org\/2025\/10\/15\/cook-county-judge-bans-civil-immigration-arrests-at-courthouses\/\" target=\"_blank\" rel=\"noreferrer noopener\" data-wpel-link=\"internal\">juez del condado de Cook prohibi\u00f3 las detenciones civiles en los edificios de los tribunales del condado<\/a>, una medida apoyada por grupos legales y la Oficina del Defensor del Condado de Cook. Esa orden proh\u00edbe las detenciones de inmigraci\u00f3n sin una orden judicial para cualquier \"parte, testigo o testigo potencial\" en los tribunales del condado, incluyendo lugares hacia y desde los tribunales como estacionamientos, aceras y entradas.<\/p>\n<h2 id=\"h-ice-in-health-centers\" class=\"wp-block-heading\"><span id=\"ice-in-health-centers\">ICE en los centros de salud<\/span><\/h2>\n<p>Otra iniciativa, la Ley de Santidad y Privacidad de la Atenci\u00f3n Sanitaria, pretende garantizar que los proveedores y el personal sanitario puedan prestar una atenci\u00f3n de calidad sin interferencias de las fuerzas de seguridad.<\/p>\n<p>El proyecto de ley le pide a los hospitales que tengan procedimientos para responder en caso de que agentes de inmigraci\u00f3n entren en sus instalaciones y que designen a una persona de contacto que interact\u00fae con los agentes de inmigraci\u00f3n. El proyecto de ley tambi\u00e9n le pide a los hospitales que tengan un espacio designado para que los agentes de la ley permanezcan y esperen en un hospital.<\/p>\n<p>Los hospitales deben presentar estas pol\u00edticas al Departamento de Salud P\u00fablica y podr\u00edan ser multados si no lo hacen.<\/p>\n<p>La representante Dagmara \"Dee\" Avelar, una de las promotoras de la Ley de Santidad y Privacidad de la Atenci\u00f3n Sanitaria, dijo anteriormente que el proyecto de ley pretende proteger a los trabajadores sanitarios y a los pacientes.<\/p>\n<p>El mes pasado,\u00a0<a href=\"https:\/\/blockclubchicago.org\/2025\/10\/03\/federal-agents-handcuff-chicago-alderperson-who-tried-to-help-immigrant\/\" target=\"_blank\" rel=\"noreferrer noopener\" data-wpel-link=\"internal\">agentes federales esposaron a la cjal. Jessie Fuentes (26\u00ba) en un hospital de Humboldt Park<\/a>\u00a0cuando les pregunt\u00f3 si ten\u00edan una orden judicial para detener a un hombre esposado llevado a la sala de emergencias del hospital. Tambi\u00e9n existen alertas sobre la presencia de agentes federales en hospitales de los suburbios.<\/p>\n<h2 id=\"h-protections-for-early-childhood-centers-and-universities\" class=\"wp-block-heading\"><span id=\"protections-for-early-childhood-centers-and-universities\">Protecciones para centros de educaci\u00f3n infantil y universidades<\/span><\/h2>\n<p>Los proyectos de ley crean protecciones para los estudiantes de guarder\u00edas, colegios comunitarios y universidades p\u00fablicas.<\/p>\n<p>La Ley de Educaci\u00f3n Superior P\u00fablica se modific\u00f3 para exigir que las universidades p\u00fablicas y los colegios comunitarios cuenten con procedimientos para revisar y autorizar las solicitudes de los agentes de la ley que intenten entrar en el campus de una escuela antes del 1 de enero de 2026, seg\u00fan el texto del proyecto de ley. Tambi\u00e9n proh\u00edbe a los centros educativos compartir o amenazar con compartir informaci\u00f3n sobre el estatus migratorio o ciudadan\u00eda de estudiantes, empleados y otras personas. Adem\u00e1s, proh\u00edbe a las escuelas evitar que estudiantes o empleados ofrezcan derechos constitucionales e informaci\u00f3n sobre inmigraci\u00f3n.<\/p>\n<p>Este a\u00f1o,\u00a0<a href=\"https:\/\/www.chalkbeat.org\/chicago\/2025\/08\/19\/illinois-passes-law-to-protect-immigrant-students\/\" target=\"_blank\" rel=\"noreferrer noopener external\" data-wpel-link=\"external\">Illinois aprob\u00f3 la Ley de Escuelas Seguras para Todos,\u00a0<\/a>que impulsa a las escuelas p\u00fablicas adoptar pol\u00edticas que indiquen c\u00f3mo deben responder si los funcionarios de inmigraci\u00f3n acuden a una escuela,\u00a0<a href=\"https:\/\/www.chalkbeat.org\/chicago\/2025\/08\/19\/illinois-passes-law-to-protect-immigrant-students\/\" target=\"_blank\" rel=\"noreferrer noopener external\" data-wpel-link=\"external\">seg\u00fan Chalkbeat.<\/a>\u00a0Entrar\u00e1 en vigor el 1 de enero.<\/p>\n<p>Los legisladores tambi\u00e9n modificaron la Ley de Atenci\u00f3n a la Infancia de 1969 para exigir que las guarder\u00edas autorizadas no compartan informaci\u00f3n sobre el estatus migratorio o ciudadan\u00eda a menos que lo exija la ley. Tambi\u00e9n le pide a las guarder\u00edas que no permitan la entrada de agentes de inmigraci\u00f3n en sus instalaciones a menos que presenten un documento de identidad v\u00e1lido y una orden judicial o citaci\u00f3n judicial.<\/p>\n<\/div>\n\n\n\n\n\t\t\t<\/div> \n\t\t<\/div>\n\t<\/div> \n\n\t<div  class=\"vc_col-sm-2 vc_hidden-sm vc_hidden-xs wpb_column column_container vc_column_container col no-extra-padding inherit_tablet inherit_phone\"  data-padding-pos=\"all\" data-has-bg-color=\"false\" data-bg-color=\"\" data-bg-opacity=\"1\" data-animation=\"\" data-delay=\"0\" >\n\t\t<div class=\"vc_column-inner\" >\n\t\t\t<div class=\"wpb_wrapper\">\n\t\t\t\t\n\t<div class=\"wpb_widgetised_column wpb_content_element\">\n\t\t<div id=\"sidebar\" data-nectar-ss=\"true\" class=\"wpb_wrapper\">\n\t\t\t<div id=\"custom_html-4 1articleright\" class=\"widget_text widget widget_custom_html\"><h3 id=\"wordpress-popular-posts\" class=\"widget-title\">Entradas populares de WordPress<\/h3><div class=\"textwidget custom-html-widget\"><h4 id=\"trending-posts\" class=\"widget-title\">Tendencias<\/h4><div class=\"wpp-shortcode\"><script type=\"application\/json\" data-id=\"wpp-shortcode-inline-js\">{\"title\":\"Trending Posts\",\"limit\":\"3\",\"offset\":0,\"range\":\"custom\",\"time_quantity\":\"124\",\"time_unit\":\"day\",\"freshness\":\"1\",\"order_by\":\"views\",\"post_type\":\"post\",\"pid\":\"\",\"exclude\":\"\",\"cat\":\"\",\"taxonomy\":\"category\",\"term_id\":\"\",\"author\":\"\",\"shorten_title\":{\"active\":false,\"length\":0,\"words\":false},\"post-excerpt\":{\"active\":false,\"length\":0,\"keep_format\":false,\"words\":false},\"thumbnail\":{\"active\":true,\"build\":\"predefined\",\"width\":\"240\",\"height\":\"160\"},\"rating\":false,\"stats_tag\":{\"comment_count\":false,\"views\":false,\"author\":false,\"date\":{\"active\":false,\"format\":\"F j, Y\"},\"category\":false,\"taxonomy\":{\"active\":false,\"name\":\"category\"}},\"markup\":{\"custom_html\":true,\"wpp-start\":\"&lt;ul class=&quot;wpp-list wpp-cardview&quot;&gt;\",\"wpp-end\":\"&lt;\\\/ul&gt;\",\"title-start\":\"&lt;h4 class=&quot;widget-title&quot;&gt;\",\"title-end\":\"&lt;\\\/h4&gt;\",\"post-html\":\"&lt;li&gt;{thumb} {title} {stats}&lt;\\\/li&gt;\"},\"theme\":{\"name\":\"\"}}<\/script><div class=\"wpp-shortcode-placeholder\"><\/div><\/div><\/div><\/div>\n\t\t<\/div> \n\t<\/div> \n\t\t\t<\/div> \n\t\t<\/div>\n\t<\/div> \n<\/div><\/div>","protected":false},"excerpt":{"rendered":"<p>Las nuevas leyes no detendr\u00e1n la aplicaci\u00f3n de las leyes federales de inmigraci\u00f3n, pero dar\u00e1n al estado \"nuevas herramientas de protecci\u00f3n\" y simbolizar\u00e1n la resistencia \"contra quienes aterrorizan a nuestras comunidades y a nuestro estado\", dijo el gobernador JB Pritzker. <\/p>","protected":false},"author":48,"featured_media":31409,"comment_status":"closed","ping_status":"closed","sticky":false,"template":"","format":"standard","meta":{"inline_featured_image":false,"footnotes":""},"categories":[1],"tags":[891],"coauthors":[271,653],"class_list":{"0":"post-31411","1":"post","2":"type-post","3":"status-publish","4":"format-standard","5":"has-post-thumbnail","7":"category-immigration-policy","8":"tag-protectiontools"},"yoast_head":"<!-- This site is optimized with the Yoast SEO Premium plugin v27.3 (Yoast SEO v27.3) - https:\/\/yoast.com\/product\/yoast-seo-premium-wordpress\/ -->\n<title>Gov. Pritzker Signs Laws To Better Protect Immigrants, Sue Federal Agents After Midway Blitz &#8211; Borderless Magazine NFP<\/title>\n<meta name=\"description\" content=\"The new laws won\u2019t stop federal immigration enforcement, but they will give the state \u201cnew protective tools\u201d and symbolize resistance \u201cagainst those terrorizing our communities and our state,\u201d Gov. JB Pritzker said.\" \/>\n<meta name=\"robots\" content=\"index, follow, max-snippet:-1, max-image-preview:large, max-video-preview:-1\" \/>\n<link rel=\"canonical\" href=\"https:\/\/borderlessmag.org\/es\/2025\/12\/10\/el-gobernador-pritzker-firma-leyes-para-proteger-mejor-a-los-inmigrantes-demandan-a-los-agentes-federales-tras-un-bombardeo-a-mitad-de-camino\/\" \/>\n<meta property=\"og:locale\" content=\"es_MX\" \/>\n<meta property=\"og:type\" content=\"article\" \/>\n<meta property=\"og:title\" content=\"Gov. Pritzker Signs Laws To Better Protect Immigrants, Sue Federal Agents After Midway Blitz &#8211; Borderless Magazine NFP\" \/>\n<meta property=\"og:description\" content=\"Gov. Pritzker Signs Laws To Better Protect Immigrants, Sue Federal Agents After Midway Blitz &#8211; Borderless Magazine NFP\" \/>\n<meta property=\"og:url\" content=\"https:\/\/borderlessmag.org\/es\/2025\/12\/10\/el-gobernador-pritzker-firma-leyes-para-proteger-mejor-a-los-inmigrantes-demandan-a-los-agentes-federales-tras-un-bombardeo-a-mitad-de-camino\/\" \/>\n<meta property=\"og:site_name\" content=\"Borderless Magazine NFP\" \/>\n<meta property=\"article:publisher\" content=\"https:\/\/www.facebook.com\/BorderlessMagazine\" \/>\n<meta property=\"article:published_time\" content=\"2025-12-10T22:45:18+00:00\" \/>\n<meta property=\"og:image\" content=\"https:\/\/borderlessmag.org\/wordpress\/wp-content\/uploads\/2025\/12\/CBP_5737.jpg\" \/>\n\t<meta property=\"og:image:width\" content=\"1920\" \/>\n\t<meta property=\"og:image:height\" content=\"1280\" \/>\n\t<meta property=\"og:image:type\" content=\"image\/jpeg\" \/>\n<meta name=\"author\" content=\"Tara Mobasher\" \/>\n<meta name=\"twitter:card\" content=\"summary_large_image\" \/>\n<meta name=\"twitter:label1\" content=\"Escrito por\" \/>\n\t<meta name=\"twitter:data1\" content=\"Kelly Bauer\" \/>\n\t<meta name=\"twitter:label2\" content=\"Tiempo de lectura\" \/>\n\t<meta name=\"twitter:data2\" content=\"5 minutos\" \/>\n\t<meta name=\"twitter:label3\" content=\"Written by\" \/>\n\t<meta name=\"twitter:data3\" content=\"Tara Mobasher\" \/>\n<script type=\"application\/ld+json\" class=\"yoast-schema-graph\">{\"@context\":\"https:\\\/\\\/schema.org\",\"@graph\":[{\"@type\":\"NewsArticle\",\"@id\":\"https:\\\/\\\/borderlessmag.org\\\/2025\\\/12\\\/10\\\/gov-pritzker-signs-laws-to-better-protect-immigrants-sue-federal-agents-after-midway-blitz\\\/#article\",\"isPartOf\":{\"@id\":\"https:\\\/\\\/borderlessmag.org\\\/2025\\\/12\\\/10\\\/gov-pritzker-signs-laws-to-better-protect-immigrants-sue-federal-agents-after-midway-blitz\\\/\"},\"author\":{\"name\":\"Kelly Bauer\",\"@id\":\"https:\\\/\\\/borderlessmag.org\\\/#\\\/schema\\\/person\\\/2ab6d8a183dcec0a4556077df2a46217\"},\"headline\":\"Gov. Pritzker Signs Laws To Better Protect Immigrants, Sue Federal Agents After Midway Blitz\",\"datePublished\":\"2025-12-10T22:45:18+00:00\",\"mainEntityOfPage\":{\"@id\":\"https:\\\/\\\/borderlessmag.org\\\/2025\\\/12\\\/10\\\/gov-pritzker-signs-laws-to-better-protect-immigrants-sue-federal-agents-after-midway-blitz\\\/\"},\"wordCount\":1954,\"publisher\":{\"@id\":\"https:\\\/\\\/borderlessmag.org\\\/#organization\"},\"image\":{\"@id\":\"https:\\\/\\\/borderlessmag.org\\\/2025\\\/12\\\/10\\\/gov-pritzker-signs-laws-to-better-protect-immigrants-sue-federal-agents-after-midway-blitz\\\/#primaryimage\"},\"thumbnailUrl\":\"https:\\\/\\\/borderlessmag.org\\\/wordpress\\\/wp-content\\\/uploads\\\/2025\\\/12\\\/CBP_5737.jpg\",\"keywords\":[\"ProtectionTools\"],\"articleSection\":[\"Immigration Policy\"],\"inLanguage\":\"es\",\"copyrightYear\":\"2025\",\"copyrightHolder\":{\"@id\":\"https:\\\/\\\/borderlessmag.org\\\/es\\\/#organization\"}},{\"@type\":\"WebPage\",\"@id\":\"https:\\\/\\\/borderlessmag.org\\\/2025\\\/12\\\/10\\\/gov-pritzker-signs-laws-to-better-protect-immigrants-sue-federal-agents-after-midway-blitz\\\/\",\"url\":\"https:\\\/\\\/borderlessmag.org\\\/2025\\\/12\\\/10\\\/gov-pritzker-signs-laws-to-better-protect-immigrants-sue-federal-agents-after-midway-blitz\\\/\",\"name\":\"Gov. Pritzker Signs Laws To Better Protect Immigrants, Sue Federal Agents After Midway Blitz &#8211; Borderless Magazine NFP\",\"isPartOf\":{\"@id\":\"https:\\\/\\\/borderlessmag.org\\\/#website\"},\"primaryImageOfPage\":{\"@id\":\"https:\\\/\\\/borderlessmag.org\\\/2025\\\/12\\\/10\\\/gov-pritzker-signs-laws-to-better-protect-immigrants-sue-federal-agents-after-midway-blitz\\\/#primaryimage\"},\"image\":{\"@id\":\"https:\\\/\\\/borderlessmag.org\\\/2025\\\/12\\\/10\\\/gov-pritzker-signs-laws-to-better-protect-immigrants-sue-federal-agents-after-midway-blitz\\\/#primaryimage\"},\"thumbnailUrl\":\"https:\\\/\\\/borderlessmag.org\\\/wordpress\\\/wp-content\\\/uploads\\\/2025\\\/12\\\/CBP_5737.jpg\",\"datePublished\":\"2025-12-10T22:45:18+00:00\",\"description\":\"The new laws won\u2019t stop federal immigration enforcement, but they will give the state \u201cnew protective tools\u201d and symbolize resistance \u201cagainst those terrorizing our communities and our state,\u201d Gov. JB Pritzker said.\",\"inLanguage\":\"es\",\"potentialAction\":[{\"@type\":\"ReadAction\",\"target\":[\"https:\\\/\\\/borderlessmag.org\\\/2025\\\/12\\\/10\\\/gov-pritzker-signs-laws-to-better-protect-immigrants-sue-federal-agents-after-midway-blitz\\\/\"]}]},{\"@type\":\"ImageObject\",\"inLanguage\":\"es\",\"@id\":\"https:\\\/\\\/borderlessmag.org\\\/2025\\\/12\\\/10\\\/gov-pritzker-signs-laws-to-better-protect-immigrants-sue-federal-agents-after-midway-blitz\\\/#primaryimage\",\"url\":\"https:\\\/\\\/borderlessmag.org\\\/wordpress\\\/wp-content\\\/uploads\\\/2025\\\/12\\\/CBP_5737.jpg\",\"contentUrl\":\"https:\\\/\\\/borderlessmag.org\\\/wordpress\\\/wp-content\\\/uploads\\\/2025\\\/12\\\/CBP_5737.jpg\",\"width\":1920,\"height\":1280},{\"@type\":\"WebSite\",\"@id\":\"https:\\\/\\\/borderlessmag.org\\\/#website\",\"url\":\"https:\\\/\\\/borderlessmag.org\\\/\",\"name\":\"Borderless Magazine NFP\",\"description\":\"Stories about immigration and immigrants\",\"publisher\":{\"@id\":\"https:\\\/\\\/borderlessmag.org\\\/#organization\"},\"alternateName\":\"Borderless\",\"potentialAction\":[{\"@type\":\"SearchAction\",\"target\":{\"@type\":\"EntryPoint\",\"urlTemplate\":\"https:\\\/\\\/borderlessmag.org\\\/?s={search_term_string}\"},\"query-input\":{\"@type\":\"PropertyValueSpecification\",\"valueRequired\":true,\"valueName\":\"search_term_string\"}}],\"inLanguage\":\"es\"},{\"@type\":\"Organization\",\"@id\":\"https:\\\/\\\/borderlessmag.org\\\/#organization\",\"name\":\"Borderless Magazine NFP\",\"alternateName\":\"Borderless Mag\",\"url\":\"https:\\\/\\\/borderlessmag.org\\\/\",\"logo\":{\"@type\":\"ImageObject\",\"inLanguage\":\"es\",\"@id\":\"https:\\\/\\\/borderlessmag.org\\\/#\\\/schema\\\/logo\\\/image\\\/\",\"url\":\"https:\\\/\\\/borderlessmag.org\\\/wordpress\\\/wp-content\\\/uploads\\\/2025\\\/08\\\/BorderlessLogo_main_square.jpg\",\"contentUrl\":\"https:\\\/\\\/borderlessmag.org\\\/wordpress\\\/wp-content\\\/uploads\\\/2025\\\/08\\\/BorderlessLogo_main_square.jpg\",\"width\":696,\"height\":696,\"caption\":\"Borderless Magazine NFP\"},\"image\":{\"@id\":\"https:\\\/\\\/borderlessmag.org\\\/#\\\/schema\\\/logo\\\/image\\\/\"},\"sameAs\":[\"https:\\\/\\\/www.facebook.com\\\/BorderlessMagazine\",\"https:\\\/\\\/www.instagram.com\\\/borderless_mag\\\/\",\"https:\\\/\\\/www.tiktok.com\\\/@borderless_mag\"]},{\"@type\":\"Person\",\"@id\":\"https:\\\/\\\/borderlessmag.org\\\/#\\\/schema\\\/person\\\/2ab6d8a183dcec0a4556077df2a46217\",\"name\":\"Kelly Bauer\",\"image\":{\"@type\":\"ImageObject\",\"inLanguage\":\"es\",\"@id\":\"https:\\\/\\\/secure.gravatar.com\\\/avatar\\\/2d2e31f68bd2ac4a6ee3ea1ae41e426a5962c6bc8a764b0a7cca894a75595462?s=96&d=mm&r=gf8b491bef29f65615c820d550ccb3849\",\"url\":\"https:\\\/\\\/secure.gravatar.com\\\/avatar\\\/2d2e31f68bd2ac4a6ee3ea1ae41e426a5962c6bc8a764b0a7cca894a75595462?s=96&d=mm&r=g\",\"contentUrl\":\"https:\\\/\\\/secure.gravatar.com\\\/avatar\\\/2d2e31f68bd2ac4a6ee3ea1ae41e426a5962c6bc8a764b0a7cca894a75595462?s=96&d=mm&r=g\",\"caption\":\"Kelly Bauer\"},\"url\":\"https:\\\/\\\/borderlessmag.org\\\/es\\\/author\\\/kelly-bauer\\\/\"}]}<\/script>\n<!-- \/ Yoast SEO Premium plugin. -->","yoast_head_json":{"title":"El gobernador Pritzker firma leyes para proteger mejor a los inmigrantes y demanda a los agentes federales tras un bombardeo a mitad de camino - Borderless Magazine NFP","description":"Las nuevas leyes no detendr\u00e1n la aplicaci\u00f3n de las leyes federales de inmigraci\u00f3n, pero dar\u00e1n al estado \"nuevas herramientas de protecci\u00f3n\" y simbolizar\u00e1n la resistencia \"contra quienes aterrorizan a nuestras comunidades y a nuestro estado\", dijo el gobernador JB Pritzker.","robots":{"index":"index","follow":"follow","max-snippet":"max-snippet:-1","max-image-preview":"max-image-preview:large","max-video-preview":"max-video-preview:-1"},"canonical":"https:\/\/borderlessmag.org\/es\/2025\/12\/10\/el-gobernador-pritzker-firma-leyes-para-proteger-mejor-a-los-inmigrantes-demandan-a-los-agentes-federales-tras-un-bombardeo-a-mitad-de-camino\/","og_locale":"es_MX","og_type":"article","og_title":"Gov. Pritzker Signs Laws To Better Protect Immigrants, Sue Federal Agents After Midway Blitz &#8211; Borderless Magazine NFP","og_description":"Gov. Pritzker Signs Laws To Better Protect Immigrants, Sue Federal Agents After Midway Blitz &#8211; Borderless Magazine NFP","og_url":"https:\/\/borderlessmag.org\/es\/2025\/12\/10\/el-gobernador-pritzker-firma-leyes-para-proteger-mejor-a-los-inmigrantes-demandan-a-los-agentes-federales-tras-un-bombardeo-a-mitad-de-camino\/","og_site_name":"Borderless Magazine NFP","article_publisher":"https:\/\/www.facebook.com\/BorderlessMagazine","article_published_time":"2025-12-10T22:45:18+00:00","og_image":[{"width":1920,"height":1280,"url":"https:\/\/borderlessmag.org\/wordpress\/wp-content\/uploads\/2025\/12\/CBP_5737.jpg","type":"image\/jpeg"}],"author":"Tara Mobasher","twitter_card":"summary_large_image","twitter_misc":{"Escrito por":"Kelly Bauer","Tiempo de lectura":"5 minutos","Written by":"Tara Mobasher"},"schema":{"@context":"https:\/\/schema.org","@graph":[{"@type":"NewsArticle","@id":"https:\/\/borderlessmag.org\/2025\/12\/10\/gov-pritzker-signs-laws-to-better-protect-immigrants-sue-federal-agents-after-midway-blitz\/#article","isPartOf":{"@id":"https:\/\/borderlessmag.org\/2025\/12\/10\/gov-pritzker-signs-laws-to-better-protect-immigrants-sue-federal-agents-after-midway-blitz\/"},"author":{"name":"Kelly Bauer","@id":"https:\/\/borderlessmag.org\/#\/schema\/person\/2ab6d8a183dcec0a4556077df2a46217"},"headline":"Gov. Pritzker Signs Laws To Better Protect Immigrants, Sue Federal Agents After Midway Blitz","datePublished":"2025-12-10T22:45:18+00:00","mainEntityOfPage":{"@id":"https:\/\/borderlessmag.org\/2025\/12\/10\/gov-pritzker-signs-laws-to-better-protect-immigrants-sue-federal-agents-after-midway-blitz\/"},"wordCount":1954,"publisher":{"@id":"https:\/\/borderlessmag.org\/#organization"},"image":{"@id":"https:\/\/borderlessmag.org\/2025\/12\/10\/gov-pritzker-signs-laws-to-better-protect-immigrants-sue-federal-agents-after-midway-blitz\/#primaryimage"},"thumbnailUrl":"https:\/\/borderlessmag.org\/wordpress\/wp-content\/uploads\/2025\/12\/CBP_5737.jpg","keywords":["ProtectionTools"],"articleSection":["Immigration Policy"],"inLanguage":"es","copyrightYear":"2025","copyrightHolder":{"@id":"https:\/\/borderlessmag.org\/es\/#organization"}},{"@type":"WebPage","@id":"https:\/\/borderlessmag.org\/2025\/12\/10\/gov-pritzker-signs-laws-to-better-protect-immigrants-sue-federal-agents-after-midway-blitz\/","url":"https:\/\/borderlessmag.org\/2025\/12\/10\/gov-pritzker-signs-laws-to-better-protect-immigrants-sue-federal-agents-after-midway-blitz\/","name":"El gobernador Pritzker firma leyes para proteger mejor a los inmigrantes y demanda a los agentes federales tras un bombardeo a mitad de camino - Borderless Magazine NFP","isPartOf":{"@id":"https:\/\/borderlessmag.org\/#website"},"primaryImageOfPage":{"@id":"https:\/\/borderlessmag.org\/2025\/12\/10\/gov-pritzker-signs-laws-to-better-protect-immigrants-sue-federal-agents-after-midway-blitz\/#primaryimage"},"image":{"@id":"https:\/\/borderlessmag.org\/2025\/12\/10\/gov-pritzker-signs-laws-to-better-protect-immigrants-sue-federal-agents-after-midway-blitz\/#primaryimage"},"thumbnailUrl":"https:\/\/borderlessmag.org\/wordpress\/wp-content\/uploads\/2025\/12\/CBP_5737.jpg","datePublished":"2025-12-10T22:45:18+00:00","description":"Las nuevas leyes no detendr\u00e1n la aplicaci\u00f3n de las leyes federales de inmigraci\u00f3n, pero dar\u00e1n al estado \"nuevas herramientas de protecci\u00f3n\" y simbolizar\u00e1n la resistencia \"contra quienes aterrorizan a nuestras comunidades y a nuestro estado\", dijo el gobernador JB Pritzker.","inLanguage":"es","potentialAction":[{"@type":"ReadAction","target":["https:\/\/borderlessmag.org\/2025\/12\/10\/gov-pritzker-signs-laws-to-better-protect-immigrants-sue-federal-agents-after-midway-blitz\/"]}]},{"@type":"ImageObject","inLanguage":"es","@id":"https:\/\/borderlessmag.org\/2025\/12\/10\/gov-pritzker-signs-laws-to-better-protect-immigrants-sue-federal-agents-after-midway-blitz\/#primaryimage","url":"https:\/\/borderlessmag.org\/wordpress\/wp-content\/uploads\/2025\/12\/CBP_5737.jpg","contentUrl":"https:\/\/borderlessmag.org\/wordpress\/wp-content\/uploads\/2025\/12\/CBP_5737.jpg","width":1920,"height":1280},{"@type":"WebSite","@id":"https:\/\/borderlessmag.org\/#website","url":"https:\/\/borderlessmag.org\/","name":"Revista Borderless NFP","description":"Historias sobre inmigraci\u00f3n e inmigrantes","publisher":{"@id":"https:\/\/borderlessmag.org\/#organization"},"alternateName":"Borderless","potentialAction":[{"@type":"SearchAction","target":{"@type":"EntryPoint","urlTemplate":"https:\/\/borderlessmag.org\/?s={search_term_string}"},"query-input":{"@type":"PropertyValueSpecification","valueRequired":true,"valueName":"search_term_string"}}],"inLanguage":"es"},{"@type":"Organization","@id":"https:\/\/borderlessmag.org\/#organization","name":"Revista Borderless NFP","alternateName":"Borderless Mag","url":"https:\/\/borderlessmag.org\/","logo":{"@type":"ImageObject","inLanguage":"es","@id":"https:\/\/borderlessmag.org\/#\/schema\/logo\/image\/","url":"https:\/\/borderlessmag.org\/wordpress\/wp-content\/uploads\/2025\/08\/BorderlessLogo_main_square.jpg","contentUrl":"https:\/\/borderlessmag.org\/wordpress\/wp-content\/uploads\/2025\/08\/BorderlessLogo_main_square.jpg","width":696,"height":696,"caption":"Borderless Magazine NFP"},"image":{"@id":"https:\/\/borderlessmag.org\/#\/schema\/logo\/image\/"},"sameAs":["https:\/\/www.facebook.com\/BorderlessMagazine","https:\/\/www.instagram.com\/borderless_mag\/","https:\/\/www.tiktok.com\/@borderless_mag"]},{"@type":"Person","@id":"https:\/\/borderlessmag.org\/#\/schema\/person\/2ab6d8a183dcec0a4556077df2a46217","name":"Kelly Bauer","image":{"@type":"ImageObject","inLanguage":"es","@id":"https:\/\/secure.gravatar.com\/avatar\/2d2e31f68bd2ac4a6ee3ea1ae41e426a5962c6bc8a764b0a7cca894a75595462?s=96&d=mm&r=gf8b491bef29f65615c820d550ccb3849","url":"https:\/\/secure.gravatar.com\/avatar\/2d2e31f68bd2ac4a6ee3ea1ae41e426a5962c6bc8a764b0a7cca894a75595462?s=96&d=mm&r=g","contentUrl":"https:\/\/secure.gravatar.com\/avatar\/2d2e31f68bd2ac4a6ee3ea1ae41e426a5962c6bc8a764b0a7cca894a75595462?s=96&d=mm&r=g","caption":"Kelly Bauer"},"url":"https:\/\/borderlessmag.org\/es\/author\/kelly-bauer\/"}]}},"cc_featured_image_caption":{"caption_text":"Gov. JB Pritzker held a news conference Tuesday at La Villita Community Church, 2300 S. Millard St., to celebrate signing HB1312, a package of bills that includes protections for immigrants in licensed childcare centers, higher education institutions and state courthouses. ","source_text":"","source_url":""},"_links":{"self":[{"href":"https:\/\/borderlessmag.org\/es\/wp-json\/wp\/v2\/posts\/31411","targetHints":{"allow":["GET"]}}],"collection":[{"href":"https:\/\/borderlessmag.org\/es\/wp-json\/wp\/v2\/posts"}],"about":[{"href":"https:\/\/borderlessmag.org\/es\/wp-json\/wp\/v2\/types\/post"}],"author":[{"embeddable":true,"href":"https:\/\/borderlessmag.org\/es\/wp-json\/wp\/v2\/users\/48"}],"replies":[{"embeddable":true,"href":"https:\/\/borderlessmag.org\/es\/wp-json\/wp\/v2\/comments?post=31411"}],"version-history":[{"count":6,"href":"https:\/\/borderlessmag.org\/es\/wp-json\/wp\/v2\/posts\/31411\/revisions"}],"predecessor-version":[{"id":31433,"href":"https:\/\/borderlessmag.org\/es\/wp-json\/wp\/v2\/posts\/31411\/revisions\/31433"}],"wp:featuredmedia":[{"embeddable":true,"href":"https:\/\/borderlessmag.org\/es\/wp-json\/wp\/v2\/media\/31409"}],"wp:attachment":[{"href":"https:\/\/borderlessmag.org\/es\/wp-json\/wp\/v2\/media?parent=31411"}],"wp:term":[{"taxonomy":"category","embeddable":true,"href":"https:\/\/borderlessmag.org\/es\/wp-json\/wp\/v2\/categories?post=31411"},{"taxonomy":"post_tag","embeddable":true,"href":"https:\/\/borderlessmag.org\/es\/wp-json\/wp\/v2\/tags?post=31411"},{"taxonomy":"author","embeddable":true,"href":"https:\/\/borderlessmag.org\/es\/wp-json\/wp\/v2\/coauthors?post=31411"}],"curies":[{"name":"wp","href":"https:\/\/api.w.org\/{rel}","templated":true}]}}