{"id":30773,"date":"2025-10-31T10:27:21","date_gmt":"2025-10-31T15:27:21","guid":{"rendered":"https:\/\/borderlessmag.org\/?p=30773"},"modified":"2026-01-28T10:49:51","modified_gmt":"2026-01-28T16:49:51","slug":"el-juez-ordena-la-puesta-en-libertad-del-padre-de-un-enfermo-de-cancer-detenido-por-ice-alegando-carecer-de-antecedentes-penales","status":"publish","type":"post","link":"https:\/\/borderlessmag.org\/es\/2025\/10\/31\/judge-orders-release-of-cancer-patients-father-arrested-by-ice-citing-no-criminal-record\/","title":{"rendered":"Juez Ordena La Libertad de Padre De Hija Que Lucha Contra el C\u00e1ncer Detenido por ICE, Alegando Que No Tiene Antecedentes Penales"},"content":{"rendered":"<div id=\"fws_69ee3b35aefae\"  data-column-margin=\"default\" data-midnight=\"dark\"  class=\"wpb_row vc_row-fluid vc_row\"  style=\"padding-top: 0px; padding-bottom: 0px; \"><div class=\"row-bg-wrap\" data-bg-animation=\"none\" data-bg-animation-delay=\"\" data-bg-overlay=\"false\"><div class=\"inner-wrap row-bg-layer\" ><div class=\"row-bg viewport-desktop\"  style=\"\"><\/div><\/div><\/div><div class=\"row_col_wrap_12 col span_12 dark left\">\n\t<div  class=\"vc_col-sm-2 vc_hidden-sm vc_hidden-xs wpb_column column_container vc_column_container col no-extra-padding inherit_tablet inherit_phone\"  data-padding-pos=\"all\" data-has-bg-color=\"false\" data-bg-color=\"\" data-bg-opacity=\"1\" data-animation=\"\" data-delay=\"0\" >\n\t\t<div class=\"vc_column-inner\" >\n\t\t\t<div class=\"wpb_wrapper\">\n\t\t\t\t\n\t\t\t<\/div> \n\t\t<\/div>\n\t<\/div> \n\n\t<div  class=\"vc_col-sm-8 wpb_column column_container vc_column_container col padding-3-percent inherit_tablet inherit_phone\"  data-padding-pos=\"all\" data-has-bg-color=\"false\" data-bg-color=\"\" data-bg-opacity=\"1\" data-animation=\"\" data-delay=\"0\" >\n\t\t<div class=\"vc_column-inner\" >\n\t\t\t<div class=\"wpb_wrapper\">\n\t\t\t\t\n<div class=\"wpb_text_column wpb_content_element\" >\n\t<p><em>Esta<a href=\"https:\/\/blockclubchicago.org\/2025\/09\/29\/ice-fires-chemical-weapon-at-reporter-in-chicago-unprovoked-attack-under-investigation\/\">\u00a0historia fue originalmente\u00a0<\/a>publicada en Block Club Chicago, una sala de prensa sin fines de lucro enfocada en reportar sobre los vecindarios de Chicago.\u00a0<a href=\"https:\/\/pico.link\/blockclubchicago\/login?id=RegistrationWizard_blockclubchicago&amp;short_code=kvrky26d\">Suscr\u00edbete a su bolet\u00edn diario gratuito<\/a>.<\/em><\/p>\n<p>CHICAGO - Rub\u00e9n Torres Maldonado, un hombre de Chicago al que agentes federales detuvieron un d\u00eda despu\u00e9s de que su hija fuera dada de alta de un hospital donde pas\u00f3 un mes recibiendo quimioterapia, ha quedado en libertad bajo fianza y regresar\u00e1 a casa.<\/p>\n<div class=\"wp-block-group alignright is-style-default\">\n<div class=\"wp-block-group__inner-container is-layout-constrained wp-container-core-group-is-layout-c6b4b7cd wp-block-group-is-layout-constrained\"><\/div>\n<\/div>\n<div class=\"wp-block-group alignright is-style-default\">\n<div class=\"wp-block-group__inner-container is-layout-constrained wp-container-core-group-is-layout-c6b4b7cd wp-block-group-is-layout-constrained\">\n<div id=\"pp-podcast-358\" class=\"pp-podcast single-episode no-header header-hidden modern special-style playerview list-default media-audio hide-download hide-description hide-content pp-podcast-added narrow-player\" data-teaser=\"\" data-elength=\"18\" data-eunit=\"\">\n<div class=\"pp-podcast__wrapper\">\n<div class=\"pp-podcast__content pod-content\">\n<div class=\"pp-podcast__single\">\n<div class=\"pp-podcast__player\">\n<div class=\"pp-player-episode\">\n<div id=\"pp-podcast-358-player-html5\" class=\"ppjs__container pp-podcast-episode ppjs__audio\">\n<div class=\"ppjs__inner\">\n<div class=\"ppjs__controls\">\n<div class=\"ppjs__atime-container\"><\/div>\n<\/div>\n<\/div>\n<\/div>\n<\/div>\n<\/div>\n<\/div>\n<\/div>\n<\/div>\n<\/div>\n<\/div>\n<\/div>\n<p>Durante una audiencia de fianza el jueves por la ma\u00f1ana, la juez de inmigraci\u00f3n Eva S. Saltzman fij\u00f3 una fianza de $2.000 para Torres Maldonado, afirmando que no ve\u00eda \"nada en el expediente\" que indicara que representaba un peligro para la comunidad.<\/p>\n<p>Saltzman cit\u00f3 los fuertes lazos familiares y comunitarios de Torres Maldonado, su falta de antecedentes penales y su derecho a solicitar la cancelaci\u00f3n de su deportaci\u00f3n dado que enfrenta dificultades para miembros de su familia que son ciudadanos estadounidenses.<\/p>\n<\/div>\n\n\n\n\n\t\t<div id=\"fws_69ee3b35b025f\"  data-column-margin=\"default\" data-midnight=\"dark\"  class=\"wpb_row vc_row-fluid vc_row vc_row-o-equal-height vc_row-flex vc_row-o-content-middle large top_margin_20px bottom_margin_20px\"  style=\"padding-top: 0px; padding-bottom: 0px; \"><div class=\"row-bg-wrap\" data-bg-animation=\"none\" data-bg-animation-delay=\"\" data-bg-overlay=\"true\"><div class=\"inner-wrap row-bg-layer\" ><div class=\"row-bg viewport-desktop\"  style=\"\"><\/div><\/div><div class=\"row-bg-overlay row-bg-layer\" style=\"background: ##FFFFFF; background: linear-gradient(90deg,##FFFFFF 0%,##FFFFFF 100%);  opacity: 1; \"><\/div><\/div><div class=\"row_col_wrap_12 col span_12 dark left\">\n\t<div  class=\"vc_col-sm-12 wpb_column column_container vc_column_container col padding-3-percent force-phone-text-align-center inherit_tablet inherit_phone border_top_desktop_1px border_bottom_desktop_1px border_color_000000 border_style_solid\"  data-padding-pos=\"all\" data-has-bg-color=\"false\" data-bg-color=\"\" data-bg-opacity=\"1\" data-animation=\"\" data-delay=\"0\" >\n\t\t<div class=\"vc_column-inner\" >\n\t\t\t<div class=\"wpb_wrapper\">\n\t\t\t\t<div id=\"fws_69ee3b35b0903\" data-midnight=\"\" data-column-margin=\"default\" class=\"wpb_row vc_row-fluid vc_row inner_row vc_row-o-equal-height vc_row-flex vc_row-o-content-middle\"  style=\"\"><div class=\"row-bg-wrap\"> <div class=\"row-bg\" ><\/div> <\/div><div class=\"row_col_wrap_12_inner col span_12  left\">\n\t<div  class=\"vc_col-sm-7 wpb_column column_container vc_column_container col child_column no-extra-padding inherit_tablet inherit_phone\"   data-padding-pos=\"all\" data-has-bg-color=\"false\" data-bg-color=\"\" data-bg-opacity=\"1\" data-animation=\"\" data-delay=\"0\" >\n\t\t<div class=\"vc_column-inner\" >\n\t\t<div class=\"wpb_wrapper\">\n\t\t\t\n<div class=\"wpb_text_column wpb_content_element\" >\n\t<h3 id=\"news-that-puts-power-under-the-spotlight-and-communities-at-the-center\"><strong>Noticias que ponen el poder en el punto de mira y a las comunidades en el centro.<\/strong><\/h3>\n<p>Suscr\u00edbase a nuestro bolet\u00edn gratuito y reciba actualizaciones dos veces por semana. <\/p>\n<\/div>\n\n\n\n\n\t\t<\/div> \n\t<\/div>\n\t<\/div> \n\n\t<div style=\"margin-top: -20px; \" class=\"vc_col-sm-5 wpb_column column_container vc_column_container col child_column neg-marg no-extra-padding inherit_tablet inherit_phone\"   data-padding-pos=\"all\" data-has-bg-color=\"false\" data-bg-color=\"\" data-bg-opacity=\"1\" data-animation=\"\" data-delay=\"0\" >\n\t\t<div class=\"vc_column-inner\" >\n\t\t<div class=\"wpb_wrapper\">\n\t\t\t\n\t<div class=\"wpb_raw_code wpb_raw_html wpb_content_element\" >\n\t\t<div class=\"wpb_wrapper\">\n\t\t\t<div class=\"_form_1\"><\/div><script src=\"https:\/\/borderlessmag.bluelena.io\/f\/embed.php?id=1\" charset=\"utf-8\"><\/script>\n\t\t<\/div>\n\t<\/div>\n\n\t\t<\/div> \n\t<\/div>\n\t<\/div> \n<\/div><\/div>\n\t\t\t<\/div> \n\t\t<\/div>\n\t<\/div> \n<\/div><\/div>\n\n<div class=\"wpb_text_column wpb_content_element\" >\n\t<p>Torres Maldonado compareci\u00f3 por v\u00eddeo desde un centro de detenci\u00f3n federal de Indiana, vestido con ropa de prisi\u00f3n naranja y blanca. La audiencia dur\u00f3 menos de 15 minutos.<\/p>\n<p>\"Deber\u00eda ser dado de alta tan pronto como hoy o ma\u00f1ana\", dijo Saltzman. \"Agradezco que est\u00e9 ansioso por volver a casa y estar con su familia. Le deseo mucha suerte en el futuro y que su hija se recupere totalmente.\"<\/p>\n<\/div>\n\n\n\n\n\t\t\t<\/div> \n\t\t<\/div>\n\t<\/div> \n\n\t<div  class=\"vc_col-sm-2 vc_hidden-sm vc_hidden-xs wpb_column column_container vc_column_container col no-extra-padding inherit_tablet inherit_phone\"  data-padding-pos=\"all\" data-has-bg-color=\"false\" data-bg-color=\"\" data-bg-opacity=\"1\" data-animation=\"\" data-delay=\"0\" >\n\t\t<div class=\"vc_column-inner\" >\n\t\t\t<div class=\"wpb_wrapper\">\n\t\t\t\t\n\t\t\t<\/div> \n\t\t<\/div>\n\t<\/div> \n<\/div><\/div>\n\t\t<div id=\"fws_69ee3b35b248e\"  data-column-margin=\"default\" data-midnight=\"dark\"  class=\"wpb_row vc_row-fluid vc_row\"  style=\"padding-top: 0px; padding-bottom: 0px; \"><div class=\"row-bg-wrap\" data-bg-animation=\"none\" data-bg-animation-delay=\"\" data-bg-overlay=\"false\"><div class=\"inner-wrap row-bg-layer\" ><div class=\"row-bg viewport-desktop\"  style=\"\"><\/div><\/div><\/div><div class=\"row_col_wrap_12 col span_12 dark left\">\n\t<div  class=\"vc_col-sm-2 vc_hidden-sm vc_hidden-xs wpb_column column_container vc_column_container col no-extra-padding inherit_tablet inherit_phone\"  data-padding-pos=\"all\" data-has-bg-color=\"false\" data-bg-color=\"\" data-bg-opacity=\"1\" data-animation=\"\" data-delay=\"0\" >\n\t\t<div class=\"vc_column-inner\" >\n\t\t\t<div class=\"wpb_wrapper\">\n\t\t\t\t\n\t\t\t<\/div> \n\t\t<\/div>\n\t<\/div> \n\n\t<div  class=\"vc_col-sm-8 wpb_column column_container vc_column_container col left_padding_desktop_3pct top_padding_desktop_0pct right_padding_desktop_3pct bottom_padding_desktop_0pct\"  data-padding-pos=\"all\" data-has-bg-color=\"false\" data-bg-color=\"\" data-bg-opacity=\"1\" data-animation=\"\" data-delay=\"0\" >\n\t\t<div class=\"vc_column-inner\" >\n\t\t\t<div class=\"wpb_wrapper\">\n\t\t\t\t<div class=\"img-with-aniamtion-wrap center\" data-max-width=\"100%\" data-max-width-mobile=\"default\" data-shadow=\"none\" data-animation=\"fade-in\"  style=\"margin-top: 3%; margin-bottom: 3%; \">\r\n      <div class=\"inner\">\r\n        <div class=\"hover-wrap\"> \r\n          <div class=\"hover-wrap-inner\">\r\n            <img decoding=\"async\" class=\"img-with-animation skip-lazy\" data-delay=\"0\" height=\"1280\" width=\"1920\" data-animation=\"fade-in\" src=\"https:\/\/borderlessmag.org\/wordpress\/wp-content\/uploads\/2025\/10\/ruben1-scaled-e1761496174604.jpg\" alt=\"Rub\u00e9n Torres Maldonado sostiene a su hijo, Nathan, fuera de un cami\u00f3n de bomberos abierto.\" srcset=\"https:\/\/borderlessmag.org\/wordpress\/wp-content\/uploads\/2025\/10\/ruben1-scaled-e1761496174604.jpg 1920w, https:\/\/borderlessmag.org\/wordpress\/wp-content\/uploads\/2025\/10\/ruben1-scaled-e1761496174604-1536x1024.jpg 1536w, https:\/\/borderlessmag.org\/wordpress\/wp-content\/uploads\/2025\/10\/ruben1-scaled-e1761496174604-18x12.jpg 18w, https:\/\/borderlessmag.org\/wordpress\/wp-content\/uploads\/2025\/10\/ruben1-scaled-e1761496174604-150x100.jpg 150w, https:\/\/borderlessmag.org\/wordpress\/wp-content\/uploads\/2025\/10\/ruben1-scaled-e1761496174604-240x160.jpg 240w, https:\/\/borderlessmag.org\/wordpress\/wp-content\/uploads\/2025\/10\/ruben1-scaled-e1761496174604-300x200.jpg 300w, https:\/\/borderlessmag.org\/wordpress\/wp-content\/uploads\/2025\/10\/ruben1-scaled-e1761496174604-600x400.jpg 600w, https:\/\/borderlessmag.org\/wordpress\/wp-content\/uploads\/2025\/10\/ruben1-scaled-e1761496174604-900x600.jpg 900w, https:\/\/borderlessmag.org\/wordpress\/wp-content\/uploads\/2025\/10\/ruben1-scaled-e1761496174604-1200x800.jpg 1200w, https:\/\/borderlessmag.org\/wordpress\/wp-content\/uploads\/2025\/10\/ruben1-scaled-e1761496174604-1500x1000.jpg 1500w, https:\/\/borderlessmag.org\/wordpress\/wp-content\/uploads\/2025\/10\/ruben1-scaled-e1761496174604-1245x830.jpg 1245w, https:\/\/borderlessmag.org\/wordpress\/wp-content\/uploads\/2025\/10\/ruben1-scaled-e1761496174604-768x512.jpg 768w\" sizes=\"(min-width: 1450px) 75vw, (min-width: 1000px) 85vw, 100vw\" \/>\r\n         <\/div>\r\n      <\/div><span class=\"vc_figure-caption ccfic-text media-caption\">Rub\u00e9n Torres Maldonado y su hijo, Nathan.<\/span><span class=\"media-credit\">Proporcionado\/Ofelia Torres<\/span><\/div><\/div>\n\t\t\t<\/div> \n\t\t<\/div>\n\t<\/div> \n\n\t<div  class=\"vc_col-sm-2 vc_hidden-sm vc_hidden-xs wpb_column column_container vc_column_container col no-extra-padding inherit_tablet inherit_phone\"  data-padding-pos=\"all\" data-has-bg-color=\"false\" data-bg-color=\"\" data-bg-opacity=\"1\" data-animation=\"\" data-delay=\"0\" >\n\t\t<div class=\"vc_column-inner\" >\n\t\t\t<div class=\"wpb_wrapper\">\n\t\t\t\t\n\t\t\t<\/div> \n\t\t<\/div>\n\t<\/div> \n<\/div><\/div>\n\t\t<div id=\"fws_69ee3b35b385e\"  data-column-margin=\"default\" data-midnight=\"dark\"  class=\"wpb_row vc_row-fluid vc_row\"  style=\"padding-top: 0px; padding-bottom: 0px; \"><div class=\"row-bg-wrap\" data-bg-animation=\"none\" data-bg-animation-delay=\"\" data-bg-overlay=\"false\"><div class=\"inner-wrap row-bg-layer\" ><div class=\"row-bg viewport-desktop\"  style=\"\"><\/div><\/div><\/div><div class=\"row_col_wrap_12 col span_12 dark left\">\n\t<div  class=\"vc_col-sm-2 vc_hidden-sm vc_hidden-xs wpb_column column_container vc_column_container col no-extra-padding inherit_tablet inherit_phone\"  data-padding-pos=\"all\" data-has-bg-color=\"false\" data-bg-color=\"\" data-bg-opacity=\"1\" data-animation=\"\" data-delay=\"0\" >\n\t\t<div class=\"vc_column-inner\" >\n\t\t\t<div class=\"wpb_wrapper\">\n\t\t\t\t\n\t\t\t<\/div> \n\t\t<\/div>\n\t<\/div> \n\n\t<div  class=\"vc_col-sm-8 wpb_column column_container vc_column_container col left_padding_desktop_3pct top_padding_desktop_0pct right_padding_desktop_3pct bottom_padding_desktop_0pct\"  data-padding-pos=\"all\" data-has-bg-color=\"false\" data-bg-color=\"\" data-bg-opacity=\"1\" data-animation=\"\" data-delay=\"0\" >\n\t\t<div class=\"vc_column-inner\" >\n\t\t\t<div class=\"wpb_wrapper\">\n\t\t\t\t\n<div class=\"wpb_text_column wpb_content_element\" >\n\t<p>Torres Maldonado, de 40 a\u00f1os, lleva detenido desde el 18 de octubre, cuando agentes federales de inmigraci\u00f3n lo arrestaron en el estacionamiento de un Home Depot de los suburbios de Niles. Sus abogados dijeron que se lo llevaron sin explicaciones y lo mantuvieron en condiciones de hacinamiento y condiciones antihigi\u00e9nicas en el centro de detenci\u00f3n de Broadview de ICE.<\/p>\n<div class=\"wp-block-group alignright is-style-default\">\n<div class=\"wp-block-group__inner-container is-layout-constrained wp-container-core-group-is-layout-c6b4b7cd wp-block-group-is-layout-constrained\"><\/div>\n<\/div>\n<div class=\"ppjs__button ppjs__share-button\">La semana pasada, el juez del distrito Jeremy Daniel dictamin\u00f3 que Torres Maldonado estaba siendo detenido ilegalmente y orden\u00f3 a que funcionarios de inmigraci\u00f3n llevaran a cabo la audiencia de fianza del jueves.<\/div>\n<p>Torres Maldonado vive en Chicago desde 2003 con su pareja, Sandibell Hidalgo, y sus dos hijos, Ofelia, de 16 a\u00f1os, y Nathan, de 4. No tiene antecedentes penales m\u00e1s all\u00e1 de peque\u00f1as multas de tr\u00e1fico y ha trabajado para la misma empresa durante dos d\u00e9cadas, seg\u00fan los expedientes judiciales.<\/p>\n<p>Ofelia Torres acababa de pasar 39 d\u00edas en el hospital recibiendo quimioterapia y radioterapia antes de que agentes federales se llevaran a su padre. A Ofelia Torres, estudiante de 16 a\u00f1os del instituto Lake View, le diagnosticaron una forma rara de c\u00e1ncer en diciembre.<\/p>\n<p>La adolescente dijo la semana pasada que intentaba mantener la calma, pero que quer\u00eda a su padre en casa mientras se recuperaba.<\/p>\n<p>En una conferencia de prensa que ocurri\u00f3 la semana pasada en Belmont Cragin, la diputada Delia C. Ram\u00edrez dijo que el caso de Torres Maldonado, y el trauma que ha causado a su familia, muestra c\u00f3mo la aplicaci\u00f3n de las leyes federales de inmigraci\u00f3n se ha convertido en \"una fuerza de terror\" dirigida contra las familias latinas e afroamericanas de los vecindarios de Chicago.<\/p>\n<p>\u2022 <a href=\"https:\/\/blockclubchicago.org\/2025\/10\/26\/ice-arrest-of-chicago-dad-to-teen-battling-cancer-is-unlawful-judge-rules\/\" data-wpel-link=\"internal\">ICE Detiene Ilegalmente en Chicago al Padre de Una Adolescente que Lucha Contra el C\u00e1ncer, Seg\u00fan un Juez<\/a><\/p>\n<p>\u2022 <a href=\"https:\/\/blockclubchicago.org\/2025\/10\/22\/local-leaders-demand-release-of-father-of-lake-view-cancer-patient-detained-by-ice\/\" data-wpel-link=\"internal\">Detenci\u00f3n de Padre Cuya Hija Lucha Contra el C\u00e1ncer es 'Inmoral', Dicen las Autoridades al Demandar su Liberaci\u00f3n<\/a><\/p>\n<p>\u2022 <a href=\"https:\/\/blockclubchicago.org\/2025\/10\/21\/a-chicago-high-schooler-had-just-returned-from-chemotherapy-then-ice-arrested-her-father\/\" data-wpel-link=\"internal\">Una Estudiante de Secundaria de Chicago Acababa de Regresar de Quimioterapia. Entonces ICE Detuvo a Su Padre<\/a><\/p>\n<\/div>\n\n\n\n\n\t\t\t<\/div> \n\t\t<\/div>\n\t<\/div> \n\n\t<div  class=\"vc_col-sm-2 vc_hidden-sm vc_hidden-xs wpb_column column_container vc_column_container col no-extra-padding inherit_tablet inherit_phone\"  data-padding-pos=\"all\" data-has-bg-color=\"false\" data-bg-color=\"\" data-bg-opacity=\"1\" data-animation=\"\" data-delay=\"0\" >\n\t\t<div class=\"vc_column-inner\" >\n\t\t\t<div class=\"wpb_wrapper\">\n\t\t\t\t\n\t\t\t<\/div> \n\t\t<\/div>\n\t<\/div> \n<\/div><\/div>","protected":false},"excerpt":{"rendered":"<p>Rub\u00e9n Torres Maldonado, cuya hija adolescente padece de c\u00e1ncer, obtuvo una fianza de $2.000 durante una audiencia celebrada el jueves por la ma\u00f1ana. <\/p>","protected":false},"author":122,"featured_media":30777,"comment_status":"closed","ping_status":"closed","sticky":false,"template":"","format":"standard","meta":{"inline_featured_image":false,"footnotes":""},"categories":[1],"tags":[868],"coauthors":[860],"class_list":{"0":"post-30773","1":"post","2":"type-post","3":"status-publish","4":"format-standard","5":"has-post-thumbnail","7":"category-immigration-policy","8":"tag-fatherarrested"},"yoast_head":"<!-- This site is optimized with the Yoast SEO Premium plugin v27.3 (Yoast SEO v27.3) - https:\/\/yoast.com\/product\/yoast-seo-premium-wordpress\/ -->\n<title>Judge Orders Release Of Cancer Patient\u2019s Father Arrested By ICE, Citing No Criminal Record<\/title>\n<meta name=\"description\" content=\"Ruben Torres Maldonado, whose teenage daughter has cancer, was granted a $2,000 bond during a hearing Thursday morning.\" \/>\n<meta name=\"robots\" content=\"index, follow, max-snippet:-1, max-image-preview:large, max-video-preview:-1\" \/>\n<link rel=\"canonical\" href=\"https:\/\/borderlessmag.org\/es\/2025\/10\/31\/el-juez-ordena-la-puesta-en-libertad-del-padre-de-un-enfermo-de-cancer-detenido-por-ice-alegando-carecer-de-antecedentes-penales\/\" \/>\n<meta property=\"og:locale\" content=\"es_MX\" \/>\n<meta property=\"og:type\" content=\"article\" \/>\n<meta property=\"og:title\" content=\"Judge Orders Release Of Cancer Patient\u2019s Father Arrested By ICE, Citing No Criminal Record &#8211; Immigration Policy &#8211; Borderless Magazine NFP\" \/>\n<meta property=\"og:description\" content=\"Judge Orders Release Of Cancer Patient\u2019s Father Arrested By ICE, Citing No Criminal Record &#8211; Immigration Policy &#8211; Borderless Magazine NFP\" \/>\n<meta property=\"og:url\" content=\"https:\/\/borderlessmag.org\/es\/2025\/10\/31\/el-juez-ordena-la-puesta-en-libertad-del-padre-de-un-enfermo-de-cancer-detenido-por-ice-alegando-carecer-de-antecedentes-penales\/\" \/>\n<meta property=\"og:site_name\" content=\"Borderless Magazine NFP\" \/>\n<meta property=\"article:publisher\" content=\"https:\/\/www.facebook.com\/BorderlessMagazine\" \/>\n<meta property=\"article:published_time\" content=\"2025-10-31T15:27:21+00:00\" \/>\n<meta property=\"article:modified_time\" content=\"2026-01-28T16:49:51+00:00\" \/>\n<meta property=\"og:image\" content=\"https:\/\/borderlessmag.org\/wordpress\/wp-content\/uploads\/2025\/10\/ruben6-1-scaled-1.jpg\" \/>\n\t<meta property=\"og:image:width\" content=\"1920\" \/>\n\t<meta property=\"og:image:height\" content=\"1440\" \/>\n\t<meta property=\"og:image:type\" content=\"image\/jpeg\" \/>\n<meta name=\"author\" content=\"Patrick Filbin\" \/>\n<meta name=\"twitter:card\" content=\"summary_large_image\" \/>\n<meta name=\"twitter:label1\" content=\"Escrito por\" \/>\n\t<meta name=\"twitter:data1\" content=\"Max Herman\" \/>\n\t<meta name=\"twitter:label2\" content=\"Tiempo de lectura\" \/>\n\t<meta name=\"twitter:data2\" content=\"3 minutos\" \/>\n\t<meta name=\"twitter:label3\" content=\"Written by\" \/>\n\t<meta name=\"twitter:data3\" content=\"Patrick Filbin\" \/>\n<script type=\"application\/ld+json\" class=\"yoast-schema-graph\">{\"@context\":\"https:\\\/\\\/schema.org\",\"@graph\":[{\"@type\":\"NewsArticle\",\"@id\":\"https:\\\/\\\/borderlessmag.org\\\/2025\\\/10\\\/31\\\/judge-orders-release-of-cancer-patients-father-arrested-by-ice-citing-no-criminal-record\\\/#article\",\"isPartOf\":{\"@id\":\"https:\\\/\\\/borderlessmag.org\\\/2025\\\/10\\\/31\\\/judge-orders-release-of-cancer-patients-father-arrested-by-ice-citing-no-criminal-record\\\/\"},\"author\":{\"name\":\"Max Herman\",\"@id\":\"https:\\\/\\\/borderlessmag.org\\\/#\\\/schema\\\/person\\\/96eda84bde3c5e7c87bf93ff9a377514\"},\"headline\":\"Judge Orders Release Of Cancer Patient\u2019s Father Arrested By ICE, Citing No Criminal Record\",\"datePublished\":\"2025-10-31T15:27:21+00:00\",\"dateModified\":\"2026-01-28T16:49:51+00:00\",\"mainEntityOfPage\":{\"@id\":\"https:\\\/\\\/borderlessmag.org\\\/2025\\\/10\\\/31\\\/judge-orders-release-of-cancer-patients-father-arrested-by-ice-citing-no-criminal-record\\\/\"},\"wordCount\":1635,\"publisher\":{\"@id\":\"https:\\\/\\\/borderlessmag.org\\\/#organization\"},\"image\":{\"@id\":\"https:\\\/\\\/borderlessmag.org\\\/2025\\\/10\\\/31\\\/judge-orders-release-of-cancer-patients-father-arrested-by-ice-citing-no-criminal-record\\\/#primaryimage\"},\"thumbnailUrl\":\"https:\\\/\\\/borderlessmag.org\\\/wordpress\\\/wp-content\\\/uploads\\\/2025\\\/10\\\/ruben6-1-scaled-1.jpg\",\"keywords\":[\"FatherArrested\"],\"articleSection\":[\"Immigration Policy\"],\"inLanguage\":\"es\",\"copyrightYear\":\"2025\",\"copyrightHolder\":{\"@id\":\"https:\\\/\\\/borderlessmag.org\\\/es\\\/#organization\"}},{\"@type\":\"WebPage\",\"@id\":\"https:\\\/\\\/borderlessmag.org\\\/2025\\\/10\\\/31\\\/judge-orders-release-of-cancer-patients-father-arrested-by-ice-citing-no-criminal-record\\\/\",\"url\":\"https:\\\/\\\/borderlessmag.org\\\/2025\\\/10\\\/31\\\/judge-orders-release-of-cancer-patients-father-arrested-by-ice-citing-no-criminal-record\\\/\",\"name\":\"Judge Orders Release Of Cancer Patient\u2019s Father Arrested By ICE, Citing No Criminal Record\",\"isPartOf\":{\"@id\":\"https:\\\/\\\/borderlessmag.org\\\/#website\"},\"primaryImageOfPage\":{\"@id\":\"https:\\\/\\\/borderlessmag.org\\\/2025\\\/10\\\/31\\\/judge-orders-release-of-cancer-patients-father-arrested-by-ice-citing-no-criminal-record\\\/#primaryimage\"},\"image\":{\"@id\":\"https:\\\/\\\/borderlessmag.org\\\/2025\\\/10\\\/31\\\/judge-orders-release-of-cancer-patients-father-arrested-by-ice-citing-no-criminal-record\\\/#primaryimage\"},\"thumbnailUrl\":\"https:\\\/\\\/borderlessmag.org\\\/wordpress\\\/wp-content\\\/uploads\\\/2025\\\/10\\\/ruben6-1-scaled-1.jpg\",\"datePublished\":\"2025-10-31T15:27:21+00:00\",\"dateModified\":\"2026-01-28T16:49:51+00:00\",\"description\":\"Ruben Torres Maldonado, whose teenage daughter has cancer, was granted a $2,000 bond during a hearing Thursday morning.\",\"inLanguage\":\"es\",\"potentialAction\":[{\"@type\":\"ReadAction\",\"target\":[\"https:\\\/\\\/borderlessmag.org\\\/2025\\\/10\\\/31\\\/judge-orders-release-of-cancer-patients-father-arrested-by-ice-citing-no-criminal-record\\\/\"]}]},{\"@type\":\"ImageObject\",\"inLanguage\":\"es\",\"@id\":\"https:\\\/\\\/borderlessmag.org\\\/2025\\\/10\\\/31\\\/judge-orders-release-of-cancer-patients-father-arrested-by-ice-citing-no-criminal-record\\\/#primaryimage\",\"url\":\"https:\\\/\\\/borderlessmag.org\\\/wordpress\\\/wp-content\\\/uploads\\\/2025\\\/10\\\/ruben6-1-scaled-1.jpg\",\"contentUrl\":\"https:\\\/\\\/borderlessmag.org\\\/wordpress\\\/wp-content\\\/uploads\\\/2025\\\/10\\\/ruben6-1-scaled-1.jpg\",\"width\":1920,\"height\":1440,\"caption\":\"Ruben Torres Maldonado and his 16-year-old daughter.\"},{\"@type\":\"WebSite\",\"@id\":\"https:\\\/\\\/borderlessmag.org\\\/#website\",\"url\":\"https:\\\/\\\/borderlessmag.org\\\/\",\"name\":\"Borderless Magazine NFP\",\"description\":\"Stories about immigration and immigrants\",\"publisher\":{\"@id\":\"https:\\\/\\\/borderlessmag.org\\\/#organization\"},\"alternateName\":\"Borderless\",\"potentialAction\":[{\"@type\":\"SearchAction\",\"target\":{\"@type\":\"EntryPoint\",\"urlTemplate\":\"https:\\\/\\\/borderlessmag.org\\\/?s={search_term_string}\"},\"query-input\":{\"@type\":\"PropertyValueSpecification\",\"valueRequired\":true,\"valueName\":\"search_term_string\"}}],\"inLanguage\":\"es\"},{\"@type\":\"Organization\",\"@id\":\"https:\\\/\\\/borderlessmag.org\\\/#organization\",\"name\":\"Borderless Magazine NFP\",\"alternateName\":\"Borderless Mag\",\"url\":\"https:\\\/\\\/borderlessmag.org\\\/\",\"logo\":{\"@type\":\"ImageObject\",\"inLanguage\":\"es\",\"@id\":\"https:\\\/\\\/borderlessmag.org\\\/#\\\/schema\\\/logo\\\/image\\\/\",\"url\":\"https:\\\/\\\/borderlessmag.org\\\/wordpress\\\/wp-content\\\/uploads\\\/2025\\\/08\\\/BorderlessLogo_main_square.jpg\",\"contentUrl\":\"https:\\\/\\\/borderlessmag.org\\\/wordpress\\\/wp-content\\\/uploads\\\/2025\\\/08\\\/BorderlessLogo_main_square.jpg\",\"width\":696,\"height\":696,\"caption\":\"Borderless Magazine NFP\"},\"image\":{\"@id\":\"https:\\\/\\\/borderlessmag.org\\\/#\\\/schema\\\/logo\\\/image\\\/\"},\"sameAs\":[\"https:\\\/\\\/www.facebook.com\\\/BorderlessMagazine\",\"https:\\\/\\\/www.instagram.com\\\/borderless_mag\\\/\",\"https:\\\/\\\/www.tiktok.com\\\/@borderless_mag\"]},{\"@type\":\"Person\",\"@id\":\"https:\\\/\\\/borderlessmag.org\\\/#\\\/schema\\\/person\\\/96eda84bde3c5e7c87bf93ff9a377514\",\"name\":\"Max Herman\",\"image\":{\"@type\":\"ImageObject\",\"inLanguage\":\"es\",\"@id\":\"https:\\\/\\\/secure.gravatar.com\\\/avatar\\\/5e8e57236ed67b3fb29c65f7a455c224356cc054b322c92ba7bce6669bf36186?s=96&d=mm&r=g694fef07c61742bd4b260741b2f07524\",\"url\":\"https:\\\/\\\/secure.gravatar.com\\\/avatar\\\/5e8e57236ed67b3fb29c65f7a455c224356cc054b322c92ba7bce6669bf36186?s=96&d=mm&r=g\",\"contentUrl\":\"https:\\\/\\\/secure.gravatar.com\\\/avatar\\\/5e8e57236ed67b3fb29c65f7a455c224356cc054b322c92ba7bce6669bf36186?s=96&d=mm&r=g\",\"caption\":\"Max Herman\"},\"url\":\"https:\\\/\\\/borderlessmag.org\\\/es\\\/author\\\/max-herman\\\/\"}]}<\/script>\n<!-- \/ Yoast SEO Premium plugin. -->","yoast_head_json":{"title":"Juez Ordena La Libertad de Padre De Hija Que Lucha Contra el C\u00e1ncer Detenido por ICE, Alegando Que No Tiene Antecedentes Penales","description":"Rub\u00e9n Torres Maldonado, cuya hija adolescente padece de c\u00e1ncer, obtuvo una fianza de $2.000 durante una audiencia celebrada el jueves por la ma\u00f1ana.","robots":{"index":"index","follow":"follow","max-snippet":"max-snippet:-1","max-image-preview":"max-image-preview:large","max-video-preview":"max-video-preview:-1"},"canonical":"https:\/\/borderlessmag.org\/es\/2025\/10\/31\/el-juez-ordena-la-puesta-en-libertad-del-padre-de-un-enfermo-de-cancer-detenido-por-ice-alegando-carecer-de-antecedentes-penales\/","og_locale":"es_MX","og_type":"article","og_title":"Judge Orders Release Of Cancer Patient\u2019s Father Arrested By ICE, Citing No Criminal Record &#8211; Immigration Policy &#8211; Borderless Magazine NFP","og_description":"Judge Orders Release Of Cancer Patient\u2019s Father Arrested By ICE, Citing No Criminal Record &#8211; Immigration Policy &#8211; Borderless Magazine NFP","og_url":"https:\/\/borderlessmag.org\/es\/2025\/10\/31\/el-juez-ordena-la-puesta-en-libertad-del-padre-de-un-enfermo-de-cancer-detenido-por-ice-alegando-carecer-de-antecedentes-penales\/","og_site_name":"Borderless Magazine NFP","article_publisher":"https:\/\/www.facebook.com\/BorderlessMagazine","article_published_time":"2025-10-31T15:27:21+00:00","article_modified_time":"2026-01-28T16:49:51+00:00","og_image":[{"width":1920,"height":1440,"url":"https:\/\/borderlessmag.org\/wordpress\/wp-content\/uploads\/2025\/10\/ruben6-1-scaled-1.jpg","type":"image\/jpeg"}],"author":"Patrick Filbin","twitter_card":"summary_large_image","twitter_misc":{"Escrito por":"Max Herman","Tiempo de lectura":"3 minutos","Written by":"Patrick Filbin"},"schema":{"@context":"https:\/\/schema.org","@graph":[{"@type":"NewsArticle","@id":"https:\/\/borderlessmag.org\/2025\/10\/31\/judge-orders-release-of-cancer-patients-father-arrested-by-ice-citing-no-criminal-record\/#article","isPartOf":{"@id":"https:\/\/borderlessmag.org\/2025\/10\/31\/judge-orders-release-of-cancer-patients-father-arrested-by-ice-citing-no-criminal-record\/"},"author":{"name":"Max Herman","@id":"https:\/\/borderlessmag.org\/#\/schema\/person\/96eda84bde3c5e7c87bf93ff9a377514"},"headline":"Judge Orders Release Of Cancer Patient\u2019s Father Arrested By ICE, Citing No Criminal Record","datePublished":"2025-10-31T15:27:21+00:00","dateModified":"2026-01-28T16:49:51+00:00","mainEntityOfPage":{"@id":"https:\/\/borderlessmag.org\/2025\/10\/31\/judge-orders-release-of-cancer-patients-father-arrested-by-ice-citing-no-criminal-record\/"},"wordCount":1635,"publisher":{"@id":"https:\/\/borderlessmag.org\/#organization"},"image":{"@id":"https:\/\/borderlessmag.org\/2025\/10\/31\/judge-orders-release-of-cancer-patients-father-arrested-by-ice-citing-no-criminal-record\/#primaryimage"},"thumbnailUrl":"https:\/\/borderlessmag.org\/wordpress\/wp-content\/uploads\/2025\/10\/ruben6-1-scaled-1.jpg","keywords":["FatherArrested"],"articleSection":["Immigration Policy"],"inLanguage":"es","copyrightYear":"2025","copyrightHolder":{"@id":"https:\/\/borderlessmag.org\/es\/#organization"}},{"@type":"WebPage","@id":"https:\/\/borderlessmag.org\/2025\/10\/31\/judge-orders-release-of-cancer-patients-father-arrested-by-ice-citing-no-criminal-record\/","url":"https:\/\/borderlessmag.org\/2025\/10\/31\/judge-orders-release-of-cancer-patients-father-arrested-by-ice-citing-no-criminal-record\/","name":"Juez Ordena La Libertad de Padre De Hija Que Lucha Contra el C\u00e1ncer Detenido por ICE, Alegando Que No Tiene Antecedentes Penales","isPartOf":{"@id":"https:\/\/borderlessmag.org\/#website"},"primaryImageOfPage":{"@id":"https:\/\/borderlessmag.org\/2025\/10\/31\/judge-orders-release-of-cancer-patients-father-arrested-by-ice-citing-no-criminal-record\/#primaryimage"},"image":{"@id":"https:\/\/borderlessmag.org\/2025\/10\/31\/judge-orders-release-of-cancer-patients-father-arrested-by-ice-citing-no-criminal-record\/#primaryimage"},"thumbnailUrl":"https:\/\/borderlessmag.org\/wordpress\/wp-content\/uploads\/2025\/10\/ruben6-1-scaled-1.jpg","datePublished":"2025-10-31T15:27:21+00:00","dateModified":"2026-01-28T16:49:51+00:00","description":"Rub\u00e9n Torres Maldonado, cuya hija adolescente padece de c\u00e1ncer, obtuvo una fianza de $2.000 durante una audiencia celebrada el jueves por la ma\u00f1ana.","inLanguage":"es","potentialAction":[{"@type":"ReadAction","target":["https:\/\/borderlessmag.org\/2025\/10\/31\/judge-orders-release-of-cancer-patients-father-arrested-by-ice-citing-no-criminal-record\/"]}]},{"@type":"ImageObject","inLanguage":"es","@id":"https:\/\/borderlessmag.org\/2025\/10\/31\/judge-orders-release-of-cancer-patients-father-arrested-by-ice-citing-no-criminal-record\/#primaryimage","url":"https:\/\/borderlessmag.org\/wordpress\/wp-content\/uploads\/2025\/10\/ruben6-1-scaled-1.jpg","contentUrl":"https:\/\/borderlessmag.org\/wordpress\/wp-content\/uploads\/2025\/10\/ruben6-1-scaled-1.jpg","width":1920,"height":1440,"caption":"Ruben Torres Maldonado and his 16-year-old daughter."},{"@type":"WebSite","@id":"https:\/\/borderlessmag.org\/#website","url":"https:\/\/borderlessmag.org\/","name":"Revista Borderless NFP","description":"Historias sobre inmigraci\u00f3n e inmigrantes","publisher":{"@id":"https:\/\/borderlessmag.org\/#organization"},"alternateName":"Borderless","potentialAction":[{"@type":"SearchAction","target":{"@type":"EntryPoint","urlTemplate":"https:\/\/borderlessmag.org\/?s={search_term_string}"},"query-input":{"@type":"PropertyValueSpecification","valueRequired":true,"valueName":"search_term_string"}}],"inLanguage":"es"},{"@type":"Organization","@id":"https:\/\/borderlessmag.org\/#organization","name":"Revista Borderless NFP","alternateName":"Borderless Mag","url":"https:\/\/borderlessmag.org\/","logo":{"@type":"ImageObject","inLanguage":"es","@id":"https:\/\/borderlessmag.org\/#\/schema\/logo\/image\/","url":"https:\/\/borderlessmag.org\/wordpress\/wp-content\/uploads\/2025\/08\/BorderlessLogo_main_square.jpg","contentUrl":"https:\/\/borderlessmag.org\/wordpress\/wp-content\/uploads\/2025\/08\/BorderlessLogo_main_square.jpg","width":696,"height":696,"caption":"Borderless Magazine NFP"},"image":{"@id":"https:\/\/borderlessmag.org\/#\/schema\/logo\/image\/"},"sameAs":["https:\/\/www.facebook.com\/BorderlessMagazine","https:\/\/www.instagram.com\/borderless_mag\/","https:\/\/www.tiktok.com\/@borderless_mag"]},{"@type":"Person","@id":"https:\/\/borderlessmag.org\/#\/schema\/person\/96eda84bde3c5e7c87bf93ff9a377514","name":"Max Herman","image":{"@type":"ImageObject","inLanguage":"es","@id":"https:\/\/secure.gravatar.com\/avatar\/5e8e57236ed67b3fb29c65f7a455c224356cc054b322c92ba7bce6669bf36186?s=96&d=mm&r=g694fef07c61742bd4b260741b2f07524","url":"https:\/\/secure.gravatar.com\/avatar\/5e8e57236ed67b3fb29c65f7a455c224356cc054b322c92ba7bce6669bf36186?s=96&d=mm&r=g","contentUrl":"https:\/\/secure.gravatar.com\/avatar\/5e8e57236ed67b3fb29c65f7a455c224356cc054b322c92ba7bce6669bf36186?s=96&d=mm&r=g","caption":"Max Herman"},"url":"https:\/\/borderlessmag.org\/es\/author\/max-herman\/"}]}},"cc_featured_image_caption":{"caption_text":"Ruben Torres Maldonado and his 16-year-old daughter,","source_text":"","source_url":""},"_links":{"self":[{"href":"https:\/\/borderlessmag.org\/es\/wp-json\/wp\/v2\/posts\/30773","targetHints":{"allow":["GET"]}}],"collection":[{"href":"https:\/\/borderlessmag.org\/es\/wp-json\/wp\/v2\/posts"}],"about":[{"href":"https:\/\/borderlessmag.org\/es\/wp-json\/wp\/v2\/types\/post"}],"author":[{"embeddable":true,"href":"https:\/\/borderlessmag.org\/es\/wp-json\/wp\/v2\/users\/122"}],"replies":[{"embeddable":true,"href":"https:\/\/borderlessmag.org\/es\/wp-json\/wp\/v2\/comments?post=30773"}],"version-history":[{"count":5,"href":"https:\/\/borderlessmag.org\/es\/wp-json\/wp\/v2\/posts\/30773\/revisions"}],"predecessor-version":[{"id":30786,"href":"https:\/\/borderlessmag.org\/es\/wp-json\/wp\/v2\/posts\/30773\/revisions\/30786"}],"wp:featuredmedia":[{"embeddable":true,"href":"https:\/\/borderlessmag.org\/es\/wp-json\/wp\/v2\/media\/30777"}],"wp:attachment":[{"href":"https:\/\/borderlessmag.org\/es\/wp-json\/wp\/v2\/media?parent=30773"}],"wp:term":[{"taxonomy":"category","embeddable":true,"href":"https:\/\/borderlessmag.org\/es\/wp-json\/wp\/v2\/categories?post=30773"},{"taxonomy":"post_tag","embeddable":true,"href":"https:\/\/borderlessmag.org\/es\/wp-json\/wp\/v2\/tags?post=30773"},{"taxonomy":"author","embeddable":true,"href":"https:\/\/borderlessmag.org\/es\/wp-json\/wp\/v2\/coauthors?post=30773"}],"curies":[{"name":"wp","href":"https:\/\/api.w.org\/{rel}","templated":true}]}}