{"id":2960,"date":"2020-07-08T15:45:53","date_gmt":"2020-07-08T15:45:53","guid":{"rendered":"http:\/\/borderlessmag.org\/?p=2960"},"modified":"2022-09-30T12:48:02","modified_gmt":"2022-09-30T17:48:02","slug":"lo-que-debe-saber-sobre-las-nuevas-restricciones-a-los-visados-de-trabajo","status":"publish","type":"post","link":"https:\/\/borderlessmag.org\/es\/2020\/07\/08\/what-you-need-to-know-about-the-new-restrictions-on-work-visas\/","title":{"rendered":"Lo que debe saber sobre las nuevas restricciones a los visados de trabajo"},"content":{"rendered":"<p><span style=\"color: #808080;\">Arriba: Ilustraci\u00f3n de los inmigrantes afectados por la prohibici\u00f3n de visados de trabajo. Brian Herrera\/Borderless Magazine<\/span><\/p>\n<p><a href=\"https:\/\/borderlessmag.org\/es\/2020\/07\/08\/lo-que-necesitas-saber-sobre-las-nuevas-restricciones-en-los-visados-de-trabajo\/\"><span style=\"color: #993300;\"><strong>Read in English.<\/strong><\/span><\/a><\/p>\n<p><span style=\"font-weight: 400;\"><span style=\"color: #000000;\">El presidente Donald Trump firm\u00f3 el 22 de junio una orden ejecutiva que restringe varios visados de trabajo hasta finales de 2020.<\/span> <\/span><span style=\"color: #800000;\"><span style=\"font-weight: 400;\">La orden<\/span><\/span><span style=\"font-weight: 400;\"><span style=\"color: #000000;\"> restringe todo, desde trabajadores tecnol\u00f3gicos a au pairs. Se espera que impida a m\u00e1s de 200.000 inmigrantes entrar en Estados Unidos para trabajar,<\/span> <\/span><span style=\"color: #800000;\"><a style=\"color: #800000;\" href=\"https:\/\/twitter.com\/MigrationPolicy\/status\/1275167186794024962\"><span style=\"font-weight: 400;\">seg\u00fan el Migration Policy Institute<\/span><\/a><span style=\"font-weight: 400;\">.\u00a0<\/span><\/span><\/p>\n<p><span style=\"font-weight: 400; color: #000000;\">He aqu\u00ed los detalles de la nueva orden.<\/span><\/p>\n<h3 id=\"what-does-it-say\"><b>\u00bfQu\u00e9 dice?<\/b><\/h3>\n<p><span style=\"color: #000000;\"><span style=\"font-weight: 400;\">La nueva orden ejecutiva proh\u00edbe temporalmente a los trabajadores extranjeros utilizar determinadas <\/span><span style=\"font-weight: 400;\">visados de no inmigrante de entrar en Estados Unidos hasta finales de 2020.\u00a0<\/span><\/span><\/p>\n<p><span style=\"color: #000000;\"><span style=\"font-weight: 400;\">La orden <\/span><span style=\"font-weight: 400;\">entr\u00f3 en vigor el 24 de junio y expira el 31 de diciembre, pero puede prorrogarse. <\/span><span style=\"font-weight: 400;\">ampliado.<\/span><span style=\"font-weight: 400;\">\u00a0<\/span><\/span><\/p>\n<h3 id=\"who-does-the-new-order-impact\"><b>\u00bfA qui\u00e9n afecta el nuevo orden?<\/b><\/h3>\n<p><span style=\"font-weight: 400; color: #000000;\">Se espera que impida la entrada en Estados Unidos de 219.000 inmigrantes de aqu\u00ed a finales de 2020, <\/span><span style=\"color: #800000;\"><a style=\"color: #800000;\" href=\"https:\/\/twitter.com\/MigrationPolicy\/status\/1275167186794024962\"><span style=\"font-weight: 400;\">seg\u00fan una estimaci\u00f3n del Migration Policy Institute.\u00a0<\/span><\/a><\/span><\/p>\n<p><span style=\"font-weight: 400; color: #000000;\">Estos son los visados de trabajo incluidos en la prohibici\u00f3n:<\/span><\/p>\n<p><span style=\"font-weight: 400; color: #000000;\">- La <strong>Visado H-1B<\/strong> para empleados con titulaci\u00f3n universitaria o superior en campos como la arquitectura, la industria inform\u00e1tica, la ingenier\u00eda y la ciencia. Este visado iba a emplear a 29.000 trabajadores extranjeros en EE.UU. de julio a diciembre de 2020, <\/span><span style=\"font-weight: 400;\"><a href=\"https:\/\/twitter.com\/MigrationPolicy\/status\/1275167186794024962\"><span style=\"color: #800000;\">seg\u00fan el Migration Policy Institute.<\/span><\/a><\/span><\/p>\n<p><span style=\"font-weight: 400;\"><span style=\"color: #000000;\">- La<strong> Visado H-2B<\/strong> para trabajadores que buscan empleos estacionales no agr\u00edcolas. Este tipo de visado proporciona empleo a personas que trabajan en tiendas de comestibles, trabajos de jardiner\u00eda, empresas de atenci\u00f3n al cliente, etc.<\/span> <\/span><span style=\"font-weight: 400; color: #800000;\"><a style=\"color: #800000;\" href=\"https:\/\/twitter.com\/MigrationPolicy\/status\/1275167186794024962\">M\u00e1s de 23.000 quedar\u00e1n en suspenso hasta que finalice la prohibici\u00f3n.<\/a><\/span><\/p>\n<p><span style=\"color: #000000;\"><span style=\"font-weight: 400;\">- La <strong>Visado J-1<\/strong> para <\/span><span style=\"font-weight: 400;\">empleados que buscan <\/span><span style=\"font-weight: 400;\">trabajar como becario, profesor, monitor de campamento o en cualquier programa de viajes de trabajo de verano. <\/span><\/span><span style=\"color: #800000;\"><a style=\"color: #800000;\" href=\"https:\/\/twitter.com\/MigrationPolicy\/status\/1275167186794024962\"><span style=\"font-weight: 400;\">Se calcula que 117.000 trabajadores extranjeros <\/span><\/a><\/span><span style=\"font-weight: 400; color: #000000;\">sufrir\u00e1n las consecuencias de la prohibici\u00f3n.<\/span><\/p>\n<p><span style=\"font-weight: 400; color: #000000;\">- La<strong> Visado L-1<\/strong> para directivos o ejecutivos que trabajen en empresas situadas fuera de Estados Unidos y quieran ser trasladados a una sucursal de su empresa en Estados Unidos. De julio a diciembre de 2020, <\/span><span style=\"color: #800000;\"><a style=\"color: #800000;\" href=\"https:\/\/twitter.com\/MigrationPolicy\/status\/1275167186794024962\"><span style=\"font-weight: 400;\">una estimaci\u00f3n de 6.000 visados <\/span><\/a><\/span><span style=\"font-weight: 400; color: #000000;\">quedar\u00e1 en suspenso.\u00a0<\/span><\/p>\n<h3 id=\"who-is-excluded-from-the-order\"><b>\u00bfQui\u00e9n queda excluido de la orden?<\/b><\/h3>\n<p><span style=\"font-weight: 400; color: #000000;\">Excluye a los trabajadores m\u00e9dicos que se ocupan de la investigaci\u00f3n de coronavirus. Tambi\u00e9n excluye a las personas que trabajan en restaurantes, empresas de catering y cualquier tipo de trabajo relacionado con la alimentaci\u00f3n.<\/span><\/p>\n<hr \/>\n<p style=\"text-align: center;\"><iframe loading=\"lazy\" src=\"https:\/\/www.youtube.com\/embed\/vjb-jo7G4A0\" width=\"560\" height=\"315\" frameborder=\"0\" allowfullscreen=\"allowfullscreen\"><\/iframe><\/p>\n<p><span style=\"color: #808080;\">Arriba: Diane Bou Khalil, reportera de la revista Borderless Magazine, habla con la abogada Kristen Harris sobre la orden ejecutiva relativa a los visados H-1B.\u00a0\u00a0<\/span><\/p>\n<hr \/>\n<h3 id=\"how-will-it-impact-work-visas-set-to-expire-before-the-end-of-the-year\"><b>\u00bfC\u00f3mo afectar\u00e1 a los visados de trabajo que expiran antes de fin de a\u00f1o?<\/b><\/h3>\n<p><span style=\"font-weight: 400;\"><span style=\"color: #000000;\">Las personas que ya se encuentran en Estados Unidos con un visado de trabajo de no inmigrante que expira antes de finales de 2020 pueden solicitar una pr\u00f3rroga antes de que expire el visado<\/span>, <\/span><span style=\"font-weight: 400; color: #800000;\"><a style=\"color: #800000;\" href=\"https:\/\/www.youtube.com\/watch?v=vjb-jo7G4A0&amp;\">dice la abogada de inmigraci\u00f3n Kristen Harris<\/a>.\u00a0<\/span><\/p>\n<p><span style=\"font-weight: 400; color: #000000;\">Los titulares de visados no deber\u00edan tener ning\u00fan problema para salir del pa\u00eds y acudir despu\u00e9s a un consulado o embajada estadounidense para solicitar un nuevo sello de visado H-1B para volver a Estados Unidos.<\/span><\/p>\n<p><span style=\"font-weight: 400; color: #000000;\">Harris recomienda, no obstante, que las personas que puedan permanecer en Estados Unidos lo hagan hasta que dispongan de m\u00e1s informaci\u00f3n sobre c\u00f3mo se est\u00e1 aplicando o prorrogando la orden.\u00a0<\/span><\/p>\n<h3 id=\"why-did-trump-restrict-these-visas\"><b>\u00bfPor qu\u00e9 restringi\u00f3 Trump estos visados?<\/b><\/h3>\n<p><span style=\"font-weight: 400; color: #000000;\">Trump argumenta que est\u00e1 protegiendo a los trabajadores estadounidenses y frenando la propagaci\u00f3n del coronavirus al reducir el n\u00famero de inmigrantes que entran en Estados Unidos durante el resto del a\u00f1o.<\/span><\/p>\n<p><span style=\"font-weight: 400; color: #000000;\">La tasa de desempleo de EE.UU. se sit\u00faa actualmente en el <\/span><span style=\"color: #800000;\"><a style=\"color: #800000;\" href=\"https:\/\/www.wsj.com\/articles\/june-jobs-report-coronavirus-2020-11593651420\"><span style=\"font-weight: 400;\">11,1 por ciento <\/span><\/a><\/span><span style=\"font-weight: 400;\">\u00a0<span style=\"color: #000000;\">y <\/span><\/span><span style=\"color: #800000;\"><a style=\"color: #800000;\" href=\"https:\/\/www.wsj.com\/articles\/how-many-u-s-workers-have-lost-jobs-during-coronavirus-pandemic-there-are-several-ways-to-count-11591176601\"><span style=\"font-weight: 400;\">unos 21 millones de personas<\/span><\/a><\/span><span style=\"font-weight: 400; color: #000000;\"> han perdido su empleo a causa de la pandemia COVID-19. En junio se a\u00f1adieron unos 4,8 millones de puestos de trabajo, pero la reanudaci\u00f3n de los paros podr\u00eda acelerar los continuos despidos, seg\u00fan el <\/span><span style=\"color: #800000;\"><span style=\"font-weight: 400;\">New York Times<\/span><span style=\"font-weight: 400;\">.<\/span><\/span><\/p>\n<h3 id=\"is-anyone-criticizing-the-order\"><b>\u00bfAlguien critica la orden?<\/b><\/h3>\n<p><span style=\"color: #800000;\"><a style=\"color: #800000;\" href=\"https:\/\/internetassociation.org\/statement-on-the-administrations-proclamation-suspending-the-entry-of-high-skilled-visa-holders\/\"><span style=\"font-weight: 400;\">La Asociaci\u00f3n de Internet<\/span><\/a><\/span><span style=\"font-weight: 400; color: #000000;\"> - entre cuyos miembros figuran Amazon, Google, Facebook, Microsoft, Twitter, Uber y PayPal- conden\u00f3 la orden de Trump.<\/span><\/p>\n<p><span style=\"font-weight: 400; color: #000000;\">Los \"diversos y consumados\" titulares de visados de trabajo en el sector tecnol\u00f3gico ayudan a atraer a los \"mejores y m\u00e1s brillantes\" para crear empleo y hacer crecer la econom\u00eda, afirm\u00f3 Sean Perryman, director de impacto social de la asociaci\u00f3n.\u00a0<\/span><\/p>\n<h3 id=\"what-is-unique-about-this-executive-order-compared-to-others-trump-has-signed-to-slow-or-stop-immigration\"><b>\u00bfQu\u00e9 tiene de particular esta orden ejecutiva en comparaci\u00f3n con otras que ha firmado Trump para frenar o detener la inmigraci\u00f3n?<\/b><\/h3>\n<p><span style=\"font-weight: 400; color: #000000;\">La orden del 22 de junio es \u00fanica por la rapidez con que entr\u00f3 en vigor.\u00a0<\/span><\/p>\n<p><span style=\"font-weight: 400; color: #000000;\">\"Llevo 14 a\u00f1os ejerciendo la abogac\u00eda de inmigraci\u00f3n y nunca hab\u00edamos visto algo as\u00ed\", dijo Harris.\u00a0<\/span><\/p>\n<p><span style=\"font-weight: 400; color: #000000;\">No es una coincidencia que esta orden se firmara d\u00edas despu\u00e9s de que <span style=\"color: #993300;\"><a style=\"color: #993300;\" href=\"https:\/\/borderlessmag.org\/es\/2020\/06\/18\/que-es-daca\/\">el Tribunal Supremo bloque\u00f3 a Trump el fin de DACA,<\/a> <\/span>dijo. La nueva orden es probablemente un intento de Trump de apaciguar a sus partidarios y continuar con sus pol\u00edticas de inmigraci\u00f3n de l\u00ednea dura.\u00a0<\/span><\/p>\n<p><span style=\"font-weight: 400; color: #000000;\">La orden del 22 de junio es la \u00faltima de una serie de prohibiciones de inmigraci\u00f3n que Trump ha promulgado desde que lleg\u00f3 a la presidencia. En abril, Trump firm\u00f3 <\/span><span style=\"color: #800000;\"><span style=\"font-weight: 400;\">una orden ejecutiva que suspende<\/span><\/span><span style=\"font-weight: 400; color: #000000;\"> nuevas aprobaciones de permisos de residencia durante 60 d\u00edas. Se calcula que esa orden impedir\u00e1 la entrada en Estados Unidos de 26.000 inmigrantes al mes, <\/span><span style=\"color: #800000;\"><a style=\"color: #800000;\" href=\"https:\/\/twitter.com\/MigrationPolicy\/status\/1253103285466206208\"><span style=\"font-weight: 400;\">seg\u00fan el Migration Policy Institute.<\/span><\/a><\/span><span style=\"font-weight: 400;\"><span style=\"color: #800000;\">\u00a0<\/span>\u00a0<\/span><\/p>\n<h4 id=\"our-work-is-made-possible-thanks-to-donations-from-people-like-you-support-high-quality-reporting-by-making-a-tax-deductible-donation-today\" class=\"pk-content-block pk-block-bg pk-block-bg-light\" style=\"text-align: left;\"><span style=\"color: #993300;\">Nuestro trabajo es posible gracias a las donaciones de personas como usted. Apoye la informaci\u00f3n de alta calidad haciendo una donaci\u00f3n deducible de impuestos hoy mismo.\u00a0 \u00a0 \u00a0 \u00a0 \u00a0 \u00a0 \u00a0 \u00a0 \u00a0 \u00a0 \u00a0 \u00a0 \u00a0 \u00a0 \u00a0 \u00a0 \u00a0 \u00a0 \u00a0 \u00a0 \u00a0 \u00a0 \u00a0 \u00a0 \u00a0 \u00a0 \u00a0 \u00a0 \u00a0 \u00a0 \u00a0 \u00a0 \u00a0 \u00a0 \u00a0 \u00a0 \u00a0 \u00a0 \u00a0 \u00a0 \u00a0 \u00a0 \u00a0 \u00a0 \u00a0 \u00a0 \u00a0 \u00a0 \u00a0 \u00a0 \u00a0 \u00a0 \u00a0 \u00a0 \u00a0 \u00a0 \u00a0 \u00a0 \u00a0 \u00a0<\/span><a class=\"pk-button pk-button-md pk-button-primary pk-font-primary\" href=\"https:\/\/borderlessmag.org\/es\/donar\/\" target=\"_blank\" >\n\t\t\t Donar \n\t\t<\/a><\/h4>","protected":false},"excerpt":{"rendered":"<p>C\u00f3mo afecta la nueva orden ejecutiva de Trump a las empresas estadounidenses y a los inmigrantes que trabajan o quieren trabajar en Estados Unidos.\u00a0<\/p>","protected":false},"author":29,"featured_media":2984,"comment_status":"closed","ping_status":"closed","sticky":false,"template":"","format":"standard","meta":{"inline_featured_image":false,"footnotes":""},"categories":[107],"tags":[],"coauthors":[205],"class_list":{"0":"post-2960","1":"post","2":"type-post","3":"status-publish","4":"format-standard","5":"has-post-thumbnail","7":"category-resources"},"yoast_head":"<!-- This site is optimized with the Yoast SEO Premium plugin v27.3 (Yoast SEO v27.3) - https:\/\/yoast.com\/product\/yoast-seo-premium-wordpress\/ -->\n<title>What You Need to Know About the New Restrictions on Work Visas &#8211; Borderless Magazine NFP<\/title>\n<meta name=\"description\" content=\"President Donald Trump signed an executive order restricting several work visas.\" \/>\n<meta name=\"robots\" content=\"index, follow, max-snippet:-1, max-image-preview:large, max-video-preview:-1\" \/>\n<link rel=\"canonical\" href=\"https:\/\/borderlessmag.org\/es\/2020\/07\/08\/lo-que-debe-saber-sobre-las-nuevas-restricciones-a-los-visados-de-trabajo\/\" \/>\n<meta property=\"og:locale\" content=\"es_MX\" \/>\n<meta property=\"og:type\" content=\"article\" \/>\n<meta property=\"og:title\" content=\"What You Need to Know About the New Restrictions on Work Visas &#8211; Resources &#8211; Borderless Magazine NFP\" \/>\n<meta property=\"og:description\" content=\"What You Need to Know About the New Restrictions on Work Visas &#8211; Resources &#8211; Borderless Magazine NFP\" \/>\n<meta property=\"og:url\" content=\"https:\/\/borderlessmag.org\/es\/2020\/07\/08\/lo-que-debe-saber-sobre-las-nuevas-restricciones-a-los-visados-de-trabajo\/\" \/>\n<meta property=\"og:site_name\" content=\"Borderless Magazine NFP\" \/>\n<meta property=\"article:publisher\" content=\"https:\/\/www.facebook.com\/BorderlessMagazine\" \/>\n<meta property=\"article:published_time\" content=\"2020-07-08T15:45:53+00:00\" \/>\n<meta property=\"article:modified_time\" content=\"2022-09-30T17:48:02+00:00\" \/>\n<meta property=\"og:image\" content=\"https:\/\/borderlessmag.org\/wordpress\/wp-content\/uploads\/2020\/07\/Immigrant-Worker_Stock-Illustration_1.jpg\" \/>\n\t<meta property=\"og:image:width\" content=\"1920\" \/>\n\t<meta property=\"og:image:height\" content=\"866\" \/>\n\t<meta property=\"og:image:type\" content=\"image\/jpeg\" \/>\n<meta name=\"author\" content=\"Claudia Hern\u00e1ndez\" \/>\n<meta name=\"twitter:card\" content=\"summary_large_image\" \/>\n<meta name=\"twitter:label1\" content=\"Escrito por\" \/>\n\t<meta name=\"twitter:data1\" content=\"Claudia Hern\u00e1ndez\" \/>\n\t<meta name=\"twitter:label2\" content=\"Tiempo de lectura\" \/>\n\t<meta name=\"twitter:data2\" content=\"4 minutos\" \/>\n\t<meta name=\"twitter:label3\" content=\"Written by\" \/>\n\t<meta name=\"twitter:data3\" content=\"Claudia Hern\u00e1ndez\" \/>\n<script type=\"application\/ld+json\" class=\"yoast-schema-graph\">{\"@context\":\"https:\\\/\\\/schema.org\",\"@graph\":[{\"@type\":\"NewsArticle\",\"@id\":\"https:\\\/\\\/borderlessmag.org\\\/2020\\\/07\\\/08\\\/what-you-need-to-know-about-the-new-restrictions-on-work-visas\\\/#article\",\"isPartOf\":{\"@id\":\"https:\\\/\\\/borderlessmag.org\\\/2020\\\/07\\\/08\\\/what-you-need-to-know-about-the-new-restrictions-on-work-visas\\\/\"},\"author\":{\"name\":\"Claudia Hern\u00e1ndez\",\"@id\":\"https:\\\/\\\/borderlessmag.org\\\/#\\\/schema\\\/person\\\/9276d915239cd808fa90ed5ccd24bf80\"},\"headline\":\"What You Need to Know About the New Restrictions on Work Visas\",\"datePublished\":\"2020-07-08T15:45:53+00:00\",\"dateModified\":\"2022-09-30T17:48:02+00:00\",\"mainEntityOfPage\":{\"@id\":\"https:\\\/\\\/borderlessmag.org\\\/2020\\\/07\\\/08\\\/what-you-need-to-know-about-the-new-restrictions-on-work-visas\\\/\"},\"wordCount\":819,\"publisher\":{\"@id\":\"https:\\\/\\\/borderlessmag.org\\\/#organization\"},\"image\":{\"@id\":\"https:\\\/\\\/borderlessmag.org\\\/2020\\\/07\\\/08\\\/what-you-need-to-know-about-the-new-restrictions-on-work-visas\\\/#primaryimage\"},\"thumbnailUrl\":\"https:\\\/\\\/borderlessmag.org\\\/wordpress\\\/wp-content\\\/uploads\\\/2020\\\/07\\\/Immigrant-Worker_Stock-Illustration_1.jpg\",\"articleSection\":[\"Resources\"],\"inLanguage\":\"es\",\"copyrightYear\":\"2020\",\"copyrightHolder\":{\"@id\":\"https:\\\/\\\/borderlessmag.org\\\/es\\\/#organization\"}},{\"@type\":\"WebPage\",\"@id\":\"https:\\\/\\\/borderlessmag.org\\\/2020\\\/07\\\/08\\\/what-you-need-to-know-about-the-new-restrictions-on-work-visas\\\/\",\"url\":\"https:\\\/\\\/borderlessmag.org\\\/2020\\\/07\\\/08\\\/what-you-need-to-know-about-the-new-restrictions-on-work-visas\\\/\",\"name\":\"What You Need to Know About the New Restrictions on Work Visas &#8211; Borderless Magazine NFP\",\"isPartOf\":{\"@id\":\"https:\\\/\\\/borderlessmag.org\\\/#website\"},\"primaryImageOfPage\":{\"@id\":\"https:\\\/\\\/borderlessmag.org\\\/2020\\\/07\\\/08\\\/what-you-need-to-know-about-the-new-restrictions-on-work-visas\\\/#primaryimage\"},\"image\":{\"@id\":\"https:\\\/\\\/borderlessmag.org\\\/2020\\\/07\\\/08\\\/what-you-need-to-know-about-the-new-restrictions-on-work-visas\\\/#primaryimage\"},\"thumbnailUrl\":\"https:\\\/\\\/borderlessmag.org\\\/wordpress\\\/wp-content\\\/uploads\\\/2020\\\/07\\\/Immigrant-Worker_Stock-Illustration_1.jpg\",\"datePublished\":\"2020-07-08T15:45:53+00:00\",\"dateModified\":\"2022-09-30T17:48:02+00:00\",\"description\":\"President Donald Trump signed an executive order restricting several work visas.\",\"inLanguage\":\"es\",\"potentialAction\":[{\"@type\":\"ReadAction\",\"target\":[\"https:\\\/\\\/borderlessmag.org\\\/2020\\\/07\\\/08\\\/what-you-need-to-know-about-the-new-restrictions-on-work-visas\\\/\"]}]},{\"@type\":\"ImageObject\",\"inLanguage\":\"es\",\"@id\":\"https:\\\/\\\/borderlessmag.org\\\/2020\\\/07\\\/08\\\/what-you-need-to-know-about-the-new-restrictions-on-work-visas\\\/#primaryimage\",\"url\":\"https:\\\/\\\/borderlessmag.org\\\/wordpress\\\/wp-content\\\/uploads\\\/2020\\\/07\\\/Immigrant-Worker_Stock-Illustration_1.jpg\",\"contentUrl\":\"https:\\\/\\\/borderlessmag.org\\\/wordpress\\\/wp-content\\\/uploads\\\/2020\\\/07\\\/Immigrant-Worker_Stock-Illustration_1.jpg\",\"caption\":\"immigrant work visa\"},{\"@type\":\"WebSite\",\"@id\":\"https:\\\/\\\/borderlessmag.org\\\/#website\",\"url\":\"https:\\\/\\\/borderlessmag.org\\\/\",\"name\":\"Borderless Magazine NFP\",\"description\":\"Stories about immigration and immigrants\",\"publisher\":{\"@id\":\"https:\\\/\\\/borderlessmag.org\\\/#organization\"},\"alternateName\":\"Borderless\",\"potentialAction\":[{\"@type\":\"SearchAction\",\"target\":{\"@type\":\"EntryPoint\",\"urlTemplate\":\"https:\\\/\\\/borderlessmag.org\\\/?s={search_term_string}\"},\"query-input\":{\"@type\":\"PropertyValueSpecification\",\"valueRequired\":true,\"valueName\":\"search_term_string\"}}],\"inLanguage\":\"es\"},{\"@type\":\"Organization\",\"@id\":\"https:\\\/\\\/borderlessmag.org\\\/#organization\",\"name\":\"Borderless Magazine NFP\",\"alternateName\":\"Borderless Mag\",\"url\":\"https:\\\/\\\/borderlessmag.org\\\/\",\"logo\":{\"@type\":\"ImageObject\",\"inLanguage\":\"es\",\"@id\":\"https:\\\/\\\/borderlessmag.org\\\/#\\\/schema\\\/logo\\\/image\\\/\",\"url\":\"https:\\\/\\\/borderlessmag.org\\\/wordpress\\\/wp-content\\\/uploads\\\/2025\\\/08\\\/BorderlessLogo_main_square.jpg\",\"contentUrl\":\"https:\\\/\\\/borderlessmag.org\\\/wordpress\\\/wp-content\\\/uploads\\\/2025\\\/08\\\/BorderlessLogo_main_square.jpg\",\"width\":696,\"height\":696,\"caption\":\"Borderless Magazine NFP\"},\"image\":{\"@id\":\"https:\\\/\\\/borderlessmag.org\\\/#\\\/schema\\\/logo\\\/image\\\/\"},\"sameAs\":[\"https:\\\/\\\/www.facebook.com\\\/BorderlessMagazine\",\"https:\\\/\\\/www.instagram.com\\\/borderless_mag\\\/\",\"https:\\\/\\\/www.tiktok.com\\\/@borderless_mag\"]},{\"@type\":\"Person\",\"@id\":\"https:\\\/\\\/borderlessmag.org\\\/#\\\/schema\\\/person\\\/9276d915239cd808fa90ed5ccd24bf80\",\"name\":\"Claudia Hern\u00e1ndez\",\"image\":{\"@type\":\"ImageObject\",\"inLanguage\":\"es\",\"@id\":\"https:\\\/\\\/secure.gravatar.com\\\/avatar\\\/432f6917cc8bc5936df27f23cc1a60df646ffe62fc4c8a03770c886a13b418c1?s=96&d=mm&r=gf1071a07f9790ebcb532395595efa482\",\"url\":\"https:\\\/\\\/secure.gravatar.com\\\/avatar\\\/432f6917cc8bc5936df27f23cc1a60df646ffe62fc4c8a03770c886a13b418c1?s=96&d=mm&r=g\",\"contentUrl\":\"https:\\\/\\\/secure.gravatar.com\\\/avatar\\\/432f6917cc8bc5936df27f23cc1a60df646ffe62fc4c8a03770c886a13b418c1?s=96&d=mm&r=g\",\"caption\":\"Claudia Hern\u00e1ndez\"},\"url\":\"https:\\\/\\\/borderlessmag.org\\\/es\\\/author\\\/claudia-hernandez\\\/\"}]}<\/script>\n<!-- \/ Yoast SEO Premium plugin. -->","yoast_head_json":{"title":"Lo que hay que saber sobre las nuevas restricciones a los visados de trabajo - Borderless Magazine NFP","description":"El presidente Donald Trump firm\u00f3 una orden ejecutiva que restringe varios visados de trabajo.","robots":{"index":"index","follow":"follow","max-snippet":"max-snippet:-1","max-image-preview":"max-image-preview:large","max-video-preview":"max-video-preview:-1"},"canonical":"https:\/\/borderlessmag.org\/es\/2020\/07\/08\/lo-que-debe-saber-sobre-las-nuevas-restricciones-a-los-visados-de-trabajo\/","og_locale":"es_MX","og_type":"article","og_title":"What You Need to Know About the New Restrictions on Work Visas &#8211; Resources &#8211; Borderless Magazine NFP","og_description":"What You Need to Know About the New Restrictions on Work Visas &#8211; Resources &#8211; Borderless Magazine NFP","og_url":"https:\/\/borderlessmag.org\/es\/2020\/07\/08\/lo-que-debe-saber-sobre-las-nuevas-restricciones-a-los-visados-de-trabajo\/","og_site_name":"Borderless Magazine NFP","article_publisher":"https:\/\/www.facebook.com\/BorderlessMagazine","article_published_time":"2020-07-08T15:45:53+00:00","article_modified_time":"2022-09-30T17:48:02+00:00","og_image":[{"width":1920,"height":866,"url":"https:\/\/borderlessmag.org\/wordpress\/wp-content\/uploads\/2020\/07\/Immigrant-Worker_Stock-Illustration_1.jpg","type":"image\/jpeg"}],"author":"Claudia Hern\u00e1ndez","twitter_card":"summary_large_image","twitter_misc":{"Escrito por":"Claudia Hern\u00e1ndez","Tiempo de lectura":"4 minutos","Written by":"Claudia Hern\u00e1ndez"},"schema":{"@context":"https:\/\/schema.org","@graph":[{"@type":"NewsArticle","@id":"https:\/\/borderlessmag.org\/2020\/07\/08\/what-you-need-to-know-about-the-new-restrictions-on-work-visas\/#article","isPartOf":{"@id":"https:\/\/borderlessmag.org\/2020\/07\/08\/what-you-need-to-know-about-the-new-restrictions-on-work-visas\/"},"author":{"name":"Claudia Hern\u00e1ndez","@id":"https:\/\/borderlessmag.org\/#\/schema\/person\/9276d915239cd808fa90ed5ccd24bf80"},"headline":"What You Need to Know About the New Restrictions on Work Visas","datePublished":"2020-07-08T15:45:53+00:00","dateModified":"2022-09-30T17:48:02+00:00","mainEntityOfPage":{"@id":"https:\/\/borderlessmag.org\/2020\/07\/08\/what-you-need-to-know-about-the-new-restrictions-on-work-visas\/"},"wordCount":819,"publisher":{"@id":"https:\/\/borderlessmag.org\/#organization"},"image":{"@id":"https:\/\/borderlessmag.org\/2020\/07\/08\/what-you-need-to-know-about-the-new-restrictions-on-work-visas\/#primaryimage"},"thumbnailUrl":"https:\/\/borderlessmag.org\/wordpress\/wp-content\/uploads\/2020\/07\/Immigrant-Worker_Stock-Illustration_1.jpg","articleSection":["Resources"],"inLanguage":"es","copyrightYear":"2020","copyrightHolder":{"@id":"https:\/\/borderlessmag.org\/es\/#organization"}},{"@type":"WebPage","@id":"https:\/\/borderlessmag.org\/2020\/07\/08\/what-you-need-to-know-about-the-new-restrictions-on-work-visas\/","url":"https:\/\/borderlessmag.org\/2020\/07\/08\/what-you-need-to-know-about-the-new-restrictions-on-work-visas\/","name":"Lo que hay que saber sobre las nuevas restricciones a los visados de trabajo - Borderless Magazine NFP","isPartOf":{"@id":"https:\/\/borderlessmag.org\/#website"},"primaryImageOfPage":{"@id":"https:\/\/borderlessmag.org\/2020\/07\/08\/what-you-need-to-know-about-the-new-restrictions-on-work-visas\/#primaryimage"},"image":{"@id":"https:\/\/borderlessmag.org\/2020\/07\/08\/what-you-need-to-know-about-the-new-restrictions-on-work-visas\/#primaryimage"},"thumbnailUrl":"https:\/\/borderlessmag.org\/wordpress\/wp-content\/uploads\/2020\/07\/Immigrant-Worker_Stock-Illustration_1.jpg","datePublished":"2020-07-08T15:45:53+00:00","dateModified":"2022-09-30T17:48:02+00:00","description":"El presidente Donald Trump firm\u00f3 una orden ejecutiva que restringe varios visados de trabajo.","inLanguage":"es","potentialAction":[{"@type":"ReadAction","target":["https:\/\/borderlessmag.org\/2020\/07\/08\/what-you-need-to-know-about-the-new-restrictions-on-work-visas\/"]}]},{"@type":"ImageObject","inLanguage":"es","@id":"https:\/\/borderlessmag.org\/2020\/07\/08\/what-you-need-to-know-about-the-new-restrictions-on-work-visas\/#primaryimage","url":"https:\/\/borderlessmag.org\/wordpress\/wp-content\/uploads\/2020\/07\/Immigrant-Worker_Stock-Illustration_1.jpg","contentUrl":"https:\/\/borderlessmag.org\/wordpress\/wp-content\/uploads\/2020\/07\/Immigrant-Worker_Stock-Illustration_1.jpg","caption":"immigrant work visa"},{"@type":"WebSite","@id":"https:\/\/borderlessmag.org\/#website","url":"https:\/\/borderlessmag.org\/","name":"Revista Borderless NFP","description":"Historias sobre inmigraci\u00f3n e inmigrantes","publisher":{"@id":"https:\/\/borderlessmag.org\/#organization"},"alternateName":"Borderless","potentialAction":[{"@type":"SearchAction","target":{"@type":"EntryPoint","urlTemplate":"https:\/\/borderlessmag.org\/?s={search_term_string}"},"query-input":{"@type":"PropertyValueSpecification","valueRequired":true,"valueName":"search_term_string"}}],"inLanguage":"es"},{"@type":"Organization","@id":"https:\/\/borderlessmag.org\/#organization","name":"Revista Borderless NFP","alternateName":"Borderless Mag","url":"https:\/\/borderlessmag.org\/","logo":{"@type":"ImageObject","inLanguage":"es","@id":"https:\/\/borderlessmag.org\/#\/schema\/logo\/image\/","url":"https:\/\/borderlessmag.org\/wordpress\/wp-content\/uploads\/2025\/08\/BorderlessLogo_main_square.jpg","contentUrl":"https:\/\/borderlessmag.org\/wordpress\/wp-content\/uploads\/2025\/08\/BorderlessLogo_main_square.jpg","width":696,"height":696,"caption":"Borderless Magazine NFP"},"image":{"@id":"https:\/\/borderlessmag.org\/#\/schema\/logo\/image\/"},"sameAs":["https:\/\/www.facebook.com\/BorderlessMagazine","https:\/\/www.instagram.com\/borderless_mag\/","https:\/\/www.tiktok.com\/@borderless_mag"]},{"@type":"Person","@id":"https:\/\/borderlessmag.org\/#\/schema\/person\/9276d915239cd808fa90ed5ccd24bf80","name":"Claudia Hern\u00e1ndez","image":{"@type":"ImageObject","inLanguage":"es","@id":"https:\/\/secure.gravatar.com\/avatar\/432f6917cc8bc5936df27f23cc1a60df646ffe62fc4c8a03770c886a13b418c1?s=96&d=mm&r=gf1071a07f9790ebcb532395595efa482","url":"https:\/\/secure.gravatar.com\/avatar\/432f6917cc8bc5936df27f23cc1a60df646ffe62fc4c8a03770c886a13b418c1?s=96&d=mm&r=g","contentUrl":"https:\/\/secure.gravatar.com\/avatar\/432f6917cc8bc5936df27f23cc1a60df646ffe62fc4c8a03770c886a13b418c1?s=96&d=mm&r=g","caption":"Claudia Hern\u00e1ndez"},"url":"https:\/\/borderlessmag.org\/es\/author\/claudia-hernandez\/"}]}},"cc_featured_image_caption":{"caption_text":"","source_text":"","source_url":""},"_links":{"self":[{"href":"https:\/\/borderlessmag.org\/es\/wp-json\/wp\/v2\/posts\/2960","targetHints":{"allow":["GET"]}}],"collection":[{"href":"https:\/\/borderlessmag.org\/es\/wp-json\/wp\/v2\/posts"}],"about":[{"href":"https:\/\/borderlessmag.org\/es\/wp-json\/wp\/v2\/types\/post"}],"author":[{"embeddable":true,"href":"https:\/\/borderlessmag.org\/es\/wp-json\/wp\/v2\/users\/29"}],"replies":[{"embeddable":true,"href":"https:\/\/borderlessmag.org\/es\/wp-json\/wp\/v2\/comments?post=2960"}],"version-history":[{"count":0,"href":"https:\/\/borderlessmag.org\/es\/wp-json\/wp\/v2\/posts\/2960\/revisions"}],"wp:featuredmedia":[{"embeddable":true,"href":"https:\/\/borderlessmag.org\/es\/wp-json\/wp\/v2\/media\/2984"}],"wp:attachment":[{"href":"https:\/\/borderlessmag.org\/es\/wp-json\/wp\/v2\/media?parent=2960"}],"wp:term":[{"taxonomy":"category","embeddable":true,"href":"https:\/\/borderlessmag.org\/es\/wp-json\/wp\/v2\/categories?post=2960"},{"taxonomy":"post_tag","embeddable":true,"href":"https:\/\/borderlessmag.org\/es\/wp-json\/wp\/v2\/tags?post=2960"},{"taxonomy":"author","embeddable":true,"href":"https:\/\/borderlessmag.org\/es\/wp-json\/wp\/v2\/coauthors?post=2960"}],"curies":[{"name":"wp","href":"https:\/\/api.w.org\/{rel}","templated":true}]}}