{"id":26151,"date":"2025-04-30T10:02:50","date_gmt":"2025-04-30T15:02:50","guid":{"rendered":"https:\/\/borderlessmag.org\/?p=26151"},"modified":"2025-10-09T10:12:31","modified_gmt":"2025-10-09T15:12:31","slug":"los-100-primeros-dias-de-trump-chicago-ciudad-santuario-inmigracion-conoce-tus-derechos","status":"publish","type":"post","link":"https:\/\/borderlessmag.org\/es\/2025\/04\/30\/trump-first-100-days-chicago-sanctuary-city-immigration-know-your-rights\/","title":{"rendered":"Defensores de los derechos de los inmigrantes \"luchan contra el miedo\" al cumplirse los primeros 100 d\u00edas de la administraci\u00f3n Trump"},"content":{"rendered":"\n\t\t<div id=\"fws_69ee3b396cccd\"  data-column-margin=\"default\" data-midnight=\"dark\"  class=\"wpb_row vc_row-fluid vc_row\"  style=\"padding-top: 0px; padding-bottom: 0px; \"><div class=\"row-bg-wrap\" data-bg-animation=\"none\" data-bg-animation-delay=\"\" data-bg-overlay=\"false\"><div class=\"inner-wrap row-bg-layer\" ><div class=\"row-bg viewport-desktop\"  style=\"\"><\/div><\/div><\/div><div class=\"row_col_wrap_12 col span_12 dark left\">\n\t<div  class=\"vc_col-sm-2 vc_hidden-sm vc_hidden-xs wpb_column column_container vc_column_container col no-extra-padding inherit_tablet inherit_phone \"  data-padding-pos=\"all\" data-has-bg-color=\"false\" data-bg-color=\"\" data-bg-opacity=\"1\" data-animation=\"\" data-delay=\"0\" >\n\t\t<div class=\"vc_column-inner\" >\n\t\t\t<div class=\"wpb_wrapper\">\n\t\t\t\t\n\t\t\t<\/div> \n\t\t<\/div>\n\t<\/div> \n\n\t<div  class=\"vc_col-sm-8 wpb_column column_container vc_column_container col padding-3-percent inherit_tablet inherit_phone \"  data-padding-pos=\"all\" data-has-bg-color=\"false\" data-bg-color=\"\" data-bg-opacity=\"1\" data-animation=\"\" data-delay=\"0\" >\n\t\t<div class=\"vc_column-inner\" >\n\t\t\t<div class=\"wpb_wrapper\">\n\t\t\t\t\n<div class=\"wpb_text_column wpb_content_element \" >\n\t<p>In his first 100 days in office, President Donald Trump\u2019s immigration agenda has faced countless challenges in federal courts, with much legal resistance coming from <a href=\"https:\/\/borderlessmag.org\/2025\/03\/05\/chicago-mayor-brandon-johnson-sanctuary-city-congress-hearing-washington\/\">sanctuary cities like Chicago<\/a>.<\/p>\n<p>Meanwhile, immigrant organizations have doubled down on their advocacy since Trump stepped into office.<\/p>\n<p>\u201cIn the face of this environment that is seeking to create a sense of constant fear in people, regular everyday neighbors and everyday people are coming together to build a stronger community, to protect one another,\u201d said Brandon Lee, communications director for the Illinois Coalition for Immigrant and Refugee Rights.<\/p>\n<\/div>\n\n\n\n<div class=\"templatera_shortcode\">\n\t\t<div id=\"fws_69ee3b396e257\"  data-column-margin=\"default\" data-midnight=\"dark\"  class=\"wpb_row vc_row-fluid vc_row vc_row-o-equal-height vc_row-flex vc_row-o-content-middle small\"  style=\"padding-top: 0px; padding-bottom: 0px; \"><div class=\"row-bg-wrap\" data-bg-animation=\"none\" data-bg-animation-delay=\"\" data-bg-overlay=\"false\"><div class=\"inner-wrap row-bg-layer\" ><div class=\"row-bg viewport-desktop\"  style=\"\"><\/div><\/div><\/div><div class=\"row_col_wrap_12 col span_12 dark left\">\n\t<div  class=\"vc_col-sm-12 wpb_column column_container vc_column_container col no-extra-padding inherit_tablet inherit_phone border_color_909090 border_style_solid \"  data-padding-pos=\"all\" data-has-bg-color=\"false\" data-bg-color=\"\" data-bg-opacity=\"1\" data-animation=\"\" data-delay=\"0\" >\n\t\t<div class=\"vc_column-inner\" >\n\t\t\t<div class=\"wpb_wrapper\">\n\t\t\t\t\n\t\t<div id=\"fws_69ee3b396eee4\"  data-column-margin=\"default\" data-midnight=\"dark\"  class=\"wpb_row vc_row-fluid vc_row vc_row-o-equal-height vc_row-flex vc_row-o-content-middle large top_margin_20px bottom_margin_20px\"  style=\"padding-top: 0px; padding-bottom: 0px; \"><div class=\"row-bg-wrap\" data-bg-animation=\"none\" data-bg-animation-delay=\"\" data-bg-overlay=\"true\"><div class=\"inner-wrap row-bg-layer\" ><div class=\"row-bg viewport-desktop\"  style=\"\"><\/div><\/div><div class=\"row-bg-overlay row-bg-layer\" style=\"background: #FFFFFF; background: linear-gradient(90deg,#FFFFFF 0%,#FFFFFF 100%);  opacity: 1; \"><\/div><\/div><div class=\"row_col_wrap_12 col span_12 dark left\">\n\t<div  class=\"vc_col-sm-12 wpb_column column_container vc_column_container col padding-3-percent force-phone-text-align-center inherit_tablet inherit_phone border_top_desktop_1px border_bottom_desktop_1px border_color_FFFFFF border_style_solid \"  data-padding-pos=\"all\" data-has-bg-color=\"false\" data-bg-color=\"\" data-bg-opacity=\"1\" data-animation=\"\" data-delay=\"0\" >\n\t\t<div class=\"vc_column-inner\" >\n\t\t\t<div class=\"wpb_wrapper\">\n\t\t\t\t<div id=\"fws_69ee3b396f6f7\" data-midnight=\"\" data-column-margin=\"default\" class=\"wpb_row vc_row-fluid vc_row inner_row vc_row-o-equal-height vc_row-flex vc_row-o-content-middle\"  style=\"\"><div class=\"row-bg-wrap\"> <div class=\"row-bg\" ><\/div> <\/div><div class=\"row_col_wrap_12_inner col span_12  left\">\n\t<div  class=\"vc_col-sm-7 wpb_column column_container vc_column_container col child_column no-extra-padding inherit_tablet inherit_phone \"   data-padding-pos=\"all\" data-has-bg-color=\"false\" data-bg-color=\"\" data-bg-opacity=\"1\" data-animation=\"\" data-delay=\"0\" >\n\t\t<div class=\"vc_column-inner\" >\n\t\t<div class=\"wpb_wrapper\">\n\t\t\t\n<div class=\"wpb_text_column wpb_content_element \" >\n\t<h4 id=\"news-that-puts-power-under-the-spotlight-and-communities-at-the-center\"><strong>News that puts power under the spotlight and communities at the center.<\/strong><\/h4>\n<p>Sign up for our free newsletter and get updates twice a week.<\/p>\n<\/div>\n\n\n\n\n\t\t<\/div> \n\t<\/div>\n\t<\/div> \n\n\t<div style=\"margin-top: -20px; \" class=\"vc_col-sm-5 wpb_column column_container vc_column_container col child_column neg-marg no-extra-padding inherit_tablet inherit_phone \"   data-padding-pos=\"all\" data-has-bg-color=\"false\" data-bg-color=\"\" data-bg-opacity=\"1\" data-animation=\"\" data-delay=\"0\" >\n\t\t<div class=\"vc_column-inner\" >\n\t\t<div class=\"wpb_wrapper\">\n\t\t\t\n\t<div class=\"wpb_raw_code wpb_raw_html wpb_content_element\" >\n\t\t<div class=\"wpb_wrapper\">\n\t\t\t<div class=\"_form_1\"><\/div><script src=\"https:\/\/borderlessmag.bluelena.io\/f\/embed.php?id=1\" charset=\"utf-8\"><\/script>\n\t\t<\/div>\n\t<\/div>\n\n\t\t<\/div> \n\t<\/div>\n\t<\/div> \n<\/div><\/div>\n\t\t\t<\/div> \n\t\t<\/div>\n\t<\/div> \n<\/div><\/div>\n\n\t\t\t<\/div> \n\t\t<\/div>\n\t<\/div> \n<\/div><\/div><\/div>\n<div class=\"wpb_text_column wpb_content_element \" >\n\t<p>Since his inauguration, Trump\u2019s top priority has been immigration enforcement. In his first 100 days, Trump has issued 175 <a href=\"https:\/\/borderlessmag.org\/2025\/01\/30\/executive-order-trump-immigration-policy-birthright-citizenship\/\">executive orders<\/a> \u2014 unprecedented in recent history \u2014 to overhaul the nation\u2019s current immigration system, according to an <a href=\"https:\/\/www.migrationpolicy.org\/news\/first-100-days-trump-second-term-immigration\">analysis<\/a> by the nonpartisan research group, Migration Policy Institute.<\/p>\n<p>These changes include:<\/p>\n<ul>\n<li aria-level=\"1\">limiting noncitizens\u2019 access to government benefits and refugee and asylum programs;<\/li>\n<li aria-level=\"1\">increasing scrutiny toward green card holders and visa applicants;<\/li>\n<li aria-level=\"1\">decreasing access to legal statuses such as Temporary Protected Status and parole;<\/li>\n<li aria-level=\"1\">directing non-immigration-related federal agencies toward immigration enforcement; and<\/li>\n<li aria-level=\"1\">expanding immigration detention both domestically and, most notably, to a terrorism confinement center in El Salvador<\/li>\n<\/ul>\n<p>Trump has also taken aim at <a href=\"https:\/\/borderlessmag.org\/2025\/04\/28\/donald-trump-immigration-ice-judge-hannah-dugan-arrest-shelley-richmond-joseph\/\">immigration judges<\/a>, lawyers representing immigrants and asylum seekers, and organizations challenging his administration\u2019s new policies in court. In late March, Trump signed a memo directing the U.S. attorney general to discipline attorneys and law firms who \u201c<a href=\"https:\/\/www.whitehouse.gov\/presidential-actions\/2025\/03\/preventing-abuses-of-the-legal-system-and-the-federal-court\/\">engage in frivolous, unreasonable, and vexatious litigation against the United States<\/a>.\u201d<\/p>\n<p>The actions have impacted Chicago schools, businesses, churches and homes in neighborhoods with high immigrant populations. Fears of deportation and ICE raids among immigrant communities without legal status have led to the <a href=\"https:\/\/www.timeout.com\/chicago\/news\/chicago-cancels-cinco-de-mayo-parade-heres-why-041125\">cancellation of large events<\/a> such as Little Village\u2019s annual Cinco de Mayo parade, as well as a decrease in foot traffic in immigrant-heavy neighborhoods.<\/p>\n<p>In response, Know Your Rights workshops led by immigrant advocacy groups and elected officials have popped up in churches, libraries and community centers across the city.<\/p>\n<\/div>\n\n\n\n\n\t\t\t<\/div> \n\t\t<\/div>\n\t<\/div> \n\n\t<div  class=\"vc_col-sm-2 vc_hidden-sm vc_hidden-xs wpb_column column_container vc_column_container col no-extra-padding inherit_tablet inherit_phone \"  data-padding-pos=\"all\" data-has-bg-color=\"false\" data-bg-color=\"\" data-bg-opacity=\"1\" data-animation=\"\" data-delay=\"0\" >\n\t\t<div class=\"vc_column-inner\" >\n\t\t\t<div class=\"wpb_wrapper\">\n\t\t\t\t\n\t\t\t<\/div> \n\t\t<\/div>\n\t<\/div> \n<\/div><\/div>\n\t\t<div id=\"fws_69ee3b3971342\"  data-column-margin=\"default\" data-midnight=\"dark\"  class=\"wpb_row vc_row-fluid vc_row article-image\"  style=\"padding-top: 0px; padding-bottom: 0px; \"><div class=\"row-bg-wrap\" data-bg-animation=\"none\" data-bg-animation-delay=\"\" data-bg-overlay=\"false\"><div class=\"inner-wrap row-bg-layer\" ><div class=\"row-bg viewport-desktop\"  style=\"\"><\/div><\/div><\/div><div class=\"row_col_wrap_12 col span_12 dark left\">\n\t<div  class=\"vc_col-sm-12 wpb_column column_container vc_column_container col no-extra-padding inherit_tablet inherit_phone \"  data-padding-pos=\"all\" data-has-bg-color=\"false\" data-bg-color=\"\" data-bg-opacity=\"1\" data-animation=\"\" data-delay=\"0\" >\n\t\t<div class=\"vc_column-inner\" >\n\t\t\t<div class=\"wpb_wrapper\">\n\t\t\t\t<div class=\"img-with-aniamtion-wrap center\" data-max-width=\"100%\" data-max-width-mobile=\"default\" data-shadow=\"none\" data-animation=\"fade-in\" >\r\n      <div class=\"inner\">\r\n        <div class=\"hover-wrap\"> \r\n          <div class=\"hover-wrap-inner\">\r\n            <img decoding=\"async\" class=\"img-with-animation skip-lazy \" data-delay=\"0\" height=\"1280\" width=\"1920\" data-animation=\"fade-in\" src=\"https:\/\/borderlessmag.org\/wordpress\/wp-content\/uploads\/2025\/04\/2025_01_20_KnowYourRightsFlyers_02.jpg\" alt=\"\" srcset=\"https:\/\/borderlessmag.org\/wordpress\/wp-content\/uploads\/2025\/04\/2025_01_20_KnowYourRightsFlyers_02.jpg 1920w, https:\/\/borderlessmag.org\/wordpress\/wp-content\/uploads\/2025\/04\/2025_01_20_KnowYourRightsFlyers_02-1536x1024.jpg 1536w, https:\/\/borderlessmag.org\/wordpress\/wp-content\/uploads\/2025\/04\/2025_01_20_KnowYourRightsFlyers_02-18x12.jpg 18w, https:\/\/borderlessmag.org\/wordpress\/wp-content\/uploads\/2025\/04\/2025_01_20_KnowYourRightsFlyers_02-150x100.jpg 150w, https:\/\/borderlessmag.org\/wordpress\/wp-content\/uploads\/2025\/04\/2025_01_20_KnowYourRightsFlyers_02-240x160.jpg 240w, https:\/\/borderlessmag.org\/wordpress\/wp-content\/uploads\/2025\/04\/2025_01_20_KnowYourRightsFlyers_02-300x200.jpg 300w, https:\/\/borderlessmag.org\/wordpress\/wp-content\/uploads\/2025\/04\/2025_01_20_KnowYourRightsFlyers_02-600x400.jpg 600w, https:\/\/borderlessmag.org\/wordpress\/wp-content\/uploads\/2025\/04\/2025_01_20_KnowYourRightsFlyers_02-900x600.jpg 900w, https:\/\/borderlessmag.org\/wordpress\/wp-content\/uploads\/2025\/04\/2025_01_20_KnowYourRightsFlyers_02-1200x800.jpg 1200w, https:\/\/borderlessmag.org\/wordpress\/wp-content\/uploads\/2025\/04\/2025_01_20_KnowYourRightsFlyers_02-1500x1000.jpg 1500w, https:\/\/borderlessmag.org\/wordpress\/wp-content\/uploads\/2025\/04\/2025_01_20_KnowYourRightsFlyers_02-1245x830.jpg 1245w, https:\/\/borderlessmag.org\/wordpress\/wp-content\/uploads\/2025\/04\/2025_01_20_KnowYourRightsFlyers_02-768x512.jpg 768w\" sizes=\"(min-width: 1450px) 75vw, (min-width: 1000px) 85vw, 100vw\" \/>\r\n         <\/div>\r\n      <\/div><span class=\"vc_figure-caption ccfic-text media-caption\">A volunteer holds Know Your Rights flyers outside the Belmont Blue Line CTA Station on the day of President Trump\u2019s inauguration, Monday, Jan. 20, 2025. <\/span><span class=\"media-credit\">Max Herman\/Borderless Magazine<\/span><\/div><\/div>\n\t\t\t<\/div> \n\t\t<\/div>\n\t<\/div> \n<\/div><\/div>\n\t\t<div id=\"fws_69ee3b39720e8\"  data-column-margin=\"default\" data-midnight=\"dark\"  class=\"wpb_row vc_row-fluid vc_row\"  style=\"padding-top: 0px; padding-bottom: 0px; \"><div class=\"row-bg-wrap\" data-bg-animation=\"none\" data-bg-animation-delay=\"\" data-bg-overlay=\"false\"><div class=\"inner-wrap row-bg-layer\" ><div class=\"row-bg viewport-desktop\"  style=\"\"><\/div><\/div><\/div><div class=\"row_col_wrap_12 col span_12 dark left\">\n\t<div  class=\"vc_col-sm-2 vc_hidden-sm vc_hidden-xs wpb_column column_container vc_column_container col no-extra-padding inherit_tablet inherit_phone \"  data-padding-pos=\"all\" data-has-bg-color=\"false\" data-bg-color=\"\" data-bg-opacity=\"1\" data-animation=\"\" data-delay=\"0\" >\n\t\t<div class=\"vc_column-inner\" >\n\t\t\t<div class=\"wpb_wrapper\">\n\t\t\t\t\n\t\t\t<\/div> \n\t\t<\/div>\n\t<\/div> \n\n\t<div  class=\"vc_col-sm-8 wpb_column column_container vc_column_container col padding-3-percent inherit_tablet inherit_phone \"  data-padding-pos=\"all\" data-has-bg-color=\"false\" data-bg-color=\"\" data-bg-opacity=\"1\" data-animation=\"\" data-delay=\"0\" >\n\t\t<div class=\"vc_column-inner\" >\n\t\t\t<div class=\"wpb_wrapper\">\n\t\t\t\t\n<div class=\"wpb_text_column wpb_content_element \" >\n\t<p>On the Southwest Side, for example, Brighton Park Neighborhood Council members have hosted in-person and virtual trainings to inform their neighbors about their <a href=\"https:\/\/borderlessmag.org\/2025\/01\/17\/know-your-rights-immigration-custom-enforcement-deportation-trump\/\">rights regardless of immigration status<\/a>. More than 1,000 community members have taken part in the sessions, according to BPNC Executive Director Patrick Brosnan.<\/p>\n<p>In an interview with CNN in January, Border Czar Tom Homan <a href=\"https:\/\/blockclubchicago.org\/2025\/01\/28\/chicago-very-well-educated-in-defying-ice-border-czar-says-after-immigration-crackdown-leads-to-100-arrests\/\">acknowledged the impact of Chicago\u2019s Know Your Rights efforts<\/a> to challenge the administration\u2019s goals of arresting noncitizens with criminal convictions.<\/p>\n<p>\u201cChicago [is] very well educated; they\u2019ve been educated how to defy ICE, how to hide from ICE,\u201d Homan said in January. \u201cThey call it \u2018Know Your Rights.\u2019 I call it how to escape arrest.\u201d<\/p>\n<p>Still, Chicagoans have been impacted by Trump\u2019s deportation efforts, including the family of <a href=\"https:\/\/www.wbez.org\/immigration\/2025\/04\/16\/a-chicago-man-was-deported-to-an-el-salvadoran-prison-his-family-says-they-saw-him-in-a-video-online\">Yeison Rodrigo Jaimes-Rincon<\/a>, whose wife found out he had been deported to El Salvador through a video, and <a href=\"https:\/\/southsideweekly.com\/no-warrant-no-warning-a-familys-fight-after-an-ice-arrest\/\">Abel Orozco Ortega<\/a>, who ICE arrested while he was on his way back from picking up tamales for himself and his wife.<\/p>\n<\/div>\n\n\n\n<div id=\"fws_69ee3b3972b8e\" data-midnight=\"\" data-column-margin=\"default\" class=\"wpb_row vc_row-fluid vc_row inner_row\"  style=\"\"><div class=\"row-bg-wrap\"> <div class=\"row-bg\" ><\/div> <\/div><div class=\"row_col_wrap_12_inner col span_12  left\">\n\t<div  class=\"vc_col-sm-12 wpb_column column_container vc_column_container col child_column no-extra-padding inherit_tablet inherit_phone border_bottom_desktop_1px border_color_000000 border_style_solid \"   data-padding-pos=\"all\" data-has-bg-color=\"false\" data-bg-color=\"\" data-bg-opacity=\"1\" data-animation=\"\" data-delay=\"0\" >\n\t\t<div class=\"vc_column-inner\" >\n\t\t<div class=\"wpb_wrapper\">\n\t\t\t<div class=\"vc_separator wpb_content_element vc_separator_align_center vc_sep_width_100 vc_sep_pos_align_center vc_sep_color_black wpb_content_element vc_separator-has-text\" ><span class=\"vc_sep_holder vc_sep_holder_l\"><span class=\"vc_sep_line\"><\/span><\/span><h4 id=\"read-more-of-our-coverage\">Read More of Our Coverage<\/h4><span class=\"vc_sep_holder vc_sep_holder_r\"><span class=\"vc_sep_line\"><\/span><\/span>\n<\/div>\n<div class=\"wpb_text_column wpb_content_element \" >\n\t\t\t<div class=\"pk-inline-posts\">\n\t\t\t\n\t\t\t<div class=\"pk-inline-posts-container pk-inline-posts-template-list\"\n\t\t\t\tdata-columns=\"1\">\n\t\t\t\t\t\t<article id=\"post-25057\" class=\"post-25057 post type-post status-publish format-standard has-post-thumbnail category-immigration-policy category-organizing tag-deportationthreat\">\n\t\t\t<div class=\"pk-post-outer\">\n\n\t\t\t\t\t\t\t\t<div class=\"pk-post-inner\">\n\t\t\t\t\t<div class=\"entry-thumbnail\">\n\t\t\t\t\t\t<div class=\"pk-overlay pk-overlay-ratio pk-ratio-landscape\">\n\t\t\t\t\t\t\t<div class=\"pk-overlay-background\">\n\t\t\t\t\t\t\t\t<a href=\"https:\/\/borderlessmag.org\/es\/2025\/01\/21\/chicago-donald-trump-inauguration-immigration-deportation-raids-ice-fear\/\" class=\"pk-overlay-link\">\n\t\t\t\t\t\t\t\t\t<img decoding=\"async\" width=\"300\" height=\"225\" src=\"https:\/\/borderlessmag.org\/wordpress\/wp-content\/uploads\/2025\/01\/2025_01_20_KnowYourRightsFlyers_Featured-300x225.jpg\" class=\"attachment-pk-thumbnail size-pk-thumbnail wp-post-image\" alt=\"\" \/>\t\t\t\t\t\t\t\t<\/a>\n\t\t\t\t\t\t\t<\/div>\n\t\t\t\t\t\t<\/div>\n\t\t\t\t\t<\/div>\n\t\t\t\t<\/div>\n\t\t\t\t\n\t\t\t\t<div class=\"pk-post-inner\">\n\t\t\t\t\t<header>\n\t\t\t\t\t\t<h3 class=\"pk-title\"><a href=\"https:\/\/borderlessmag.org\/es\/2025\/01\/21\/chicago-donald-trump-inauguration-immigration-deportation-raids-ice-fear\/\" rel=\"bookmark\">Donald Trump Stoked Fear Even Before Taking Office<\/a><\/h3>\t\t\t\t\t\t\t<div class=\"pk-post-meta\">\n\t\t\t\t\t\t\t\t<span class=\"pk-meta-author meta-author\"><span class=\"author vcard\"><a class=\"url fn n\" href=\"https:\/\/borderlessmag.org\/es\/author\/mauricio-pena\/\" title=\"View all posts by Mauricio Pe\u00f1a\">Mauricio Pe\u00f1a<\/a><\/span><\/span>\t\t\t\t\t\t\t\t<span class=\"sep\">\u00b7<\/span>\n\t\t\t\t\t\t\t\t<span class=\"pk-meta-date meta-date\"><a href=\"https:\/\/borderlessmag.org\/es\/2025\/01\/21\/chicago-donald-trump-inauguration-immigration-deportation-raids-ice-fear\/\" rel=\"bookmark\">enero 21, 2025<\/a><\/span>\t\t\t\t\t\t\t<\/div>\n\t\t\t\t\t\t\t\t\t\t\t\t<\/header><!-- .entry-header -->\n\t\t\t\t<\/div><!-- .post-inner -->\n\n\t\t\t<\/div><!-- .post-outer -->\n\t\t<\/article>\n\t\t\t\t<\/div>\n\t\t<\/div>\n\t\t\n<\/div>\n\n\n\n\n\t\t<\/div> \n\t<\/div>\n\t<\/div> \n<\/div><\/div>\n<div class=\"wpb_text_column wpb_content_element \" >\n\t<p>In response, some community organizations such as Organized Communities Against Deportations (OCAD) and ICIRR have expanded their \u201cRapid Response Networks.\u201d\u00a0 These include coalitions of neighbors and volunteers who follow up on suspected ICE activity to confirm ICE presence and inform local residents of their rights and of potential threats.<\/p>\n<p>Antonio Gutierrez, co-founder of OCAD, said the organizations connecting their Rapid Response Networks have expanded to 28 neighborhoods in response to increased ICE presence in Trump\u2019s first 100 days.<\/p>\n<p>\u201cWhat we have understood is that the only people that will keep us safe is us,\u201d Gutierrez said. \u201cWe are creating networks like the Rapid Response Networks in order to keep each other safe.\u201d<\/p>\n<p>Gutierrez noted an increase in calls to their Family Support Network hotline since Jan. 20, with 100 to 150 daily calls about ICE raids and detainments.<\/p>\n<p>Now, OCAD has expanded training and its hotline capacity from just two call responders before the inauguration to around 10 or 11.<\/p>\n<p>On top of grassroots efforts to inform community members and respond to ICE activity in neighborhoods, immigrant rights groups have also teamed up with Chicago\u2019s civil rights organizers to protest Trump\u2019s policies.<\/p>\n<p>Since Trump stepped into office, Chicago has seen tens of thousands of demonstrators <a href=\"https:\/\/borderlessmag.org\/2025\/03\/26\/chicago-trump-travel-ban-policy-immigrant-asian-arab-african-venezuela\/\">speak out against Trump\u2019s policies<\/a> impacting immigrants, LGBTQ+ community members, environmental protections and Palestinians. In early April, an estimated 30,000 people marched downtown for the \u201cHands Off\u201d day of protest against Trump. Two weeks later, thousands also protested as part of the national 50501 movement protesting the Trump administration.<\/p>\n<\/div>\n\n\n\n\n\t\t\t<\/div> \n\t\t<\/div>\n\t<\/div> \n\n\t<div  class=\"vc_col-sm-2 vc_hidden-sm vc_hidden-xs wpb_column column_container vc_column_container col no-extra-padding inherit_tablet inherit_phone \"  data-padding-pos=\"all\" data-has-bg-color=\"false\" data-bg-color=\"\" data-bg-opacity=\"1\" data-animation=\"\" data-delay=\"0\" >\n\t\t<div class=\"vc_column-inner\" >\n\t\t\t<div class=\"wpb_wrapper\">\n\t\t\t\t\n\t<div class=\"wpb_widgetised_column wpb_content_element\">\n\t\t<div id=\"sidebar\" data-nectar-ss=\"true\" class=\"wpb_wrapper\">\n\t\t\t<div id=\"custom_html-4 1articleright\" class=\"widget_text widget widget_custom_html\"><h3 id=\"wordpress-popular-posts\" class=\"widget-title\">WordPress Popular Posts<\/h3><div class=\"textwidget custom-html-widget\"><h4 id=\"trending-posts\" class=\"widget-title\">Trending Posts<\/h4><div class=\"wpp-shortcode\"><script type=\"application\/json\" data-id=\"wpp-shortcode-inline-js\">{\"title\":\"Trending Posts\",\"limit\":\"3\",\"offset\":0,\"range\":\"custom\",\"time_quantity\":\"124\",\"time_unit\":\"day\",\"freshness\":\"1\",\"order_by\":\"views\",\"post_type\":\"post\",\"pid\":\"\",\"exclude\":\"\",\"cat\":\"\",\"taxonomy\":\"category\",\"term_id\":\"\",\"author\":\"\",\"shorten_title\":{\"active\":false,\"length\":0,\"words\":false},\"post-excerpt\":{\"active\":false,\"length\":0,\"keep_format\":false,\"words\":false},\"thumbnail\":{\"active\":true,\"build\":\"predefined\",\"width\":\"240\",\"height\":\"160\"},\"rating\":false,\"stats_tag\":{\"comment_count\":false,\"views\":false,\"author\":false,\"date\":{\"active\":false,\"format\":\"F j, Y\"},\"category\":false,\"taxonomy\":{\"active\":false,\"name\":\"category\"}},\"markup\":{\"custom_html\":true,\"wpp-start\":\"&lt;ul class=&quot;wpp-list wpp-cardview&quot;&gt;\",\"wpp-end\":\"&lt;\\\/ul&gt;\",\"title-start\":\"&lt;h4 class=&quot;widget-title&quot;&gt;\",\"title-end\":\"&lt;\\\/h4&gt;\",\"post-html\":\"&lt;li&gt;{thumb} {title} {stats}&lt;\\\/li&gt;\"},\"theme\":{\"name\":\"\"}}<\/script><div class=\"wpp-shortcode-placeholder\"><\/div><\/div><\/div><\/div>\n\t\t<\/div> \n\t<\/div> \n\t\t\t<\/div> \n\t\t<\/div>\n\t<\/div> \n<\/div><\/div>\n\t\t<div id=\"fws_69ee3b397740e\"  data-column-margin=\"default\" data-midnight=\"dark\"  class=\"wpb_row vc_row-fluid vc_row article-image\"  style=\"padding-top: 0px; padding-bottom: 0px; \"><div class=\"row-bg-wrap\" data-bg-animation=\"none\" data-bg-animation-delay=\"\" data-bg-overlay=\"false\"><div class=\"inner-wrap row-bg-layer\" ><div class=\"row-bg viewport-desktop\"  style=\"\"><\/div><\/div><\/div><div class=\"row_col_wrap_12 col span_12 dark left\">\n\t<div  class=\"vc_col-sm-12 wpb_column column_container vc_column_container col no-extra-padding inherit_tablet inherit_phone \"  data-padding-pos=\"all\" data-has-bg-color=\"false\" data-bg-color=\"\" data-bg-opacity=\"1\" data-animation=\"\" data-delay=\"0\" >\n\t\t<div class=\"vc_column-inner\" >\n\t\t\t<div class=\"wpb_wrapper\">\n\t\t\t\t<div class=\"img-with-aniamtion-wrap center\" data-max-width=\"100%\" data-max-width-mobile=\"default\" data-shadow=\"none\" data-animation=\"fade-in\" >\r\n      <div class=\"inner\">\r\n        <div class=\"hover-wrap\"> \r\n          <div class=\"hover-wrap-inner\">\r\n            <img decoding=\"async\" class=\"img-with-animation skip-lazy \" data-delay=\"0\" height=\"1280\" width=\"1920\" data-animation=\"fade-in\" src=\"https:\/\/borderlessmag.org\/wordpress\/wp-content\/uploads\/2025\/04\/2025_04_30_Trump100Days_03.jpg\" alt=\"\" srcset=\"https:\/\/borderlessmag.org\/wordpress\/wp-content\/uploads\/2025\/04\/2025_04_30_Trump100Days_03.jpg 1920w, https:\/\/borderlessmag.org\/wordpress\/wp-content\/uploads\/2025\/04\/2025_04_30_Trump100Days_03-1536x1024.jpg 1536w, https:\/\/borderlessmag.org\/wordpress\/wp-content\/uploads\/2025\/04\/2025_04_30_Trump100Days_03-18x12.jpg 18w, https:\/\/borderlessmag.org\/wordpress\/wp-content\/uploads\/2025\/04\/2025_04_30_Trump100Days_03-150x100.jpg 150w, https:\/\/borderlessmag.org\/wordpress\/wp-content\/uploads\/2025\/04\/2025_04_30_Trump100Days_03-240x160.jpg 240w, https:\/\/borderlessmag.org\/wordpress\/wp-content\/uploads\/2025\/04\/2025_04_30_Trump100Days_03-300x200.jpg 300w, https:\/\/borderlessmag.org\/wordpress\/wp-content\/uploads\/2025\/04\/2025_04_30_Trump100Days_03-600x400.jpg 600w, https:\/\/borderlessmag.org\/wordpress\/wp-content\/uploads\/2025\/04\/2025_04_30_Trump100Days_03-900x600.jpg 900w, https:\/\/borderlessmag.org\/wordpress\/wp-content\/uploads\/2025\/04\/2025_04_30_Trump100Days_03-1200x800.jpg 1200w, https:\/\/borderlessmag.org\/wordpress\/wp-content\/uploads\/2025\/04\/2025_04_30_Trump100Days_03-1500x1000.jpg 1500w, https:\/\/borderlessmag.org\/wordpress\/wp-content\/uploads\/2025\/04\/2025_04_30_Trump100Days_03-1245x830.jpg 1245w, https:\/\/borderlessmag.org\/wordpress\/wp-content\/uploads\/2025\/04\/2025_04_30_Trump100Days_03-768x512.jpg 768w\" sizes=\"(min-width: 1450px) 75vw, (min-width: 1000px) 85vw, 100vw\" \/>\r\n         <\/div>\r\n      <\/div><span class=\"vc_figure-caption ccfic-text media-caption\">Demonstrators rally near the Chicago Water Tower to protest President Donald Trump\u2019s immigration policies on Saturday, Jan. 25, 2025. <\/span><span class=\"media-credit\">Max Herman\/Borderless Magazine<\/span><\/div><\/div>\n\t\t\t<\/div> \n\t\t<\/div>\n\t<\/div> \n<\/div><\/div>\n\t\t<div id=\"fws_69ee3b3978143\"  data-column-margin=\"default\" data-midnight=\"dark\"  class=\"wpb_row vc_row-fluid vc_row\"  style=\"padding-top: 0px; padding-bottom: 0px; \"><div class=\"row-bg-wrap\" data-bg-animation=\"none\" data-bg-animation-delay=\"\" data-bg-overlay=\"false\"><div class=\"inner-wrap row-bg-layer\" ><div class=\"row-bg viewport-desktop\"  style=\"\"><\/div><\/div><\/div><div class=\"row_col_wrap_12 col span_12 dark left\">\n\t<div  class=\"vc_col-sm-2 vc_hidden-sm vc_hidden-xs wpb_column column_container vc_column_container col no-extra-padding inherit_tablet inherit_phone \"  data-padding-pos=\"all\" data-has-bg-color=\"false\" data-bg-color=\"\" data-bg-opacity=\"1\" data-animation=\"\" data-delay=\"0\" >\n\t\t<div class=\"vc_column-inner\" >\n\t\t\t<div class=\"wpb_wrapper\">\n\t\t\t\t\n\t\t\t<\/div> \n\t\t<\/div>\n\t<\/div> \n\n\t<div  class=\"vc_col-sm-8 wpb_column column_container vc_column_container col padding-3-percent inherit_tablet inherit_phone \"  data-padding-pos=\"all\" data-has-bg-color=\"false\" data-bg-color=\"\" data-bg-opacity=\"1\" data-animation=\"\" data-delay=\"0\" >\n\t\t<div class=\"vc_column-inner\" >\n\t\t\t<div class=\"wpb_wrapper\">\n\t\t\t\t\n<div class=\"wpb_text_column wpb_content_element \" >\n\t<p>Chicago will likely see large protests again for May Day, which historically has been a day to advocate for workers\u2019 rights.<\/p>\n<p>\u201cThis is one of those moments where our communities are going to come out and say that we are fighting back against fear,\u201d Brandon Lee said. \u201cWe are fighting back against fear to protect immigrants, to protect students, to protect the right to education, to protect families and our neighbors.\u201d<\/p>\n<p>Members of the Japanese American activist group Nikkei Uprising will be among the many who demonstrate on May Day for civil rights.<\/p>\n<p>Mitsuru Nelson, an organizer with Nikkei Uprising, said protesting is a way to push for legislative change in local and national politics, bring more people into the movement and show solidarity.<\/p>\n<p>\u201cI want other people to feel that they&#8217;re not alone,\u201d said Nelson. \u201cWe&#8217;re here to fight for everyone.\u201d<\/p>\n<p><a href=\"https:\/\/jaclchicago.org\/programs\/next-generation-nikkei\/camp-daikon\/\" target=\"_blank\" rel=\"noopener\">Nikkei Uprising<\/a> is also considering how to expand and involve younger generations of Japanese Americans in its movement. It is facilitating a program called Camp Daikon that aims to connect younger Japanese Americans with their history and show them the community&#8217;s struggles in the U.S.<\/p>\n<p>The goal, Nelson said, is for younger generations to connect past struggles to what\u2019s going on in the world today.<\/p>\n<p>\u201cThe more people we have in the streets, the more the people in power see that we are the ones who have the power,\u201d Nelson said. \u201cThen I think actual change will end up happening.\u201d<\/p>\n<p>&nbsp;<\/p>\n<p><i>Katrina Pham is Borderless Magazine\u2019s audience engagement reporter. Email Katrina at katrina@borderlessmag.org.<\/i><\/p>\n<p><i>Tara Mobasher is a Northwestern Medill Reporting fellow at Borderless Magazine. Email Tara at <\/i><a href=\"mailto:Tara@borderlessmag.org\"><i>Tara@borderlessmag.org<\/i><\/a><i>.<\/i><\/p>\n<p><i>Aydali Campa is a Report for America corps member and covers environmental justice and immigrant communities for Borderless Magazine. Send her an email at aydali@borderlessmag.org.<\/i><\/p>\n<\/div>\n\n\n\n\n\t\t\t<\/div> \n\t\t<\/div>\n\t<\/div> \n\n\t<div  class=\"vc_col-sm-2 vc_hidden-sm vc_hidden-xs wpb_column column_container vc_column_container col no-extra-padding inherit_tablet inherit_phone \"  data-padding-pos=\"all\" data-has-bg-color=\"false\" data-bg-color=\"\" data-bg-opacity=\"1\" data-animation=\"\" data-delay=\"0\" >\n\t\t<div class=\"vc_column-inner\" >\n\t\t\t<div class=\"wpb_wrapper\">\n\t\t\t\t\n\t\t\t<\/div> \n\t\t<\/div>\n\t<\/div> \n<\/div><\/div>\n","protected":false},"excerpt":{"rendered":"<p>Al cumplirse los 100 d\u00edas del gobierno del presidente Donald Trump, las organizaciones de inmigrantes dicen que est\u00e1n ampliando sus esfuerzos e intensificando las manifestaciones en Chicago. <\/p>","protected":false},"author":140,"featured_media":26148,"comment_status":"closed","ping_status":"closed","sticky":false,"template":"","format":"standard","meta":{"inline_featured_image":false,"footnotes":""},"categories":[1,152],"tags":[761],"coauthors":[471,588,566],"class_list":{"0":"post-26151","1":"post","2":"type-post","3":"status-publish","4":"format-standard","5":"has-post-thumbnail","7":"category-immigration-policy","8":"category-organizing","9":"tag-trump100days"},"yoast_head":"<!-- This site is optimized with the Yoast SEO Premium plugin v27.3 (Yoast SEO v27.3) - https:\/\/yoast.com\/product\/yoast-seo-premium-wordpress\/ -->\n<title>Trump&#039;s First 100 Days: Chicago\u2019s Immigrant Advocates Fight Back<\/title>\n<meta name=\"description\" content=\"Amid ICE raids and rapid changes to immigration policies under Trump, Chicago\u2019s immigrant organizers ramp up efforts to protect communities.\" \/>\n<meta name=\"robots\" content=\"index, follow, max-snippet:-1, max-image-preview:large, max-video-preview:-1\" \/>\n<link rel=\"canonical\" href=\"https:\/\/borderlessmag.org\/es\/2025\/04\/30\/los-100-primeros-dias-de-trump-chicago-ciudad-santuario-inmigracion-conoce-tus-derechos\/\" \/>\n<meta property=\"og:locale\" content=\"es_MX\" \/>\n<meta property=\"og:type\" content=\"article\" \/>\n<meta property=\"og:title\" content=\"Immigrant Rights Advocates \u2018Fighting Back Against Fear\u2019 as Trump Administration Marks First 100 Days &#8211; Borderless Magazine NFP\" \/>\n<meta property=\"og:description\" content=\"Immigrant Rights Advocates \u2018Fighting Back Against Fear\u2019 as Trump Administration Marks First 100 Days &#8211; Borderless Magazine NFP\" \/>\n<meta property=\"og:url\" content=\"https:\/\/borderlessmag.org\/es\/2025\/04\/30\/los-100-primeros-dias-de-trump-chicago-ciudad-santuario-inmigracion-conoce-tus-derechos\/\" \/>\n<meta property=\"og:site_name\" content=\"Borderless Magazine NFP\" \/>\n<meta property=\"article:publisher\" content=\"https:\/\/www.facebook.com\/BorderlessMagazine\" \/>\n<meta property=\"article:published_time\" content=\"2025-04-30T15:02:50+00:00\" \/>\n<meta property=\"article:modified_time\" content=\"2025-10-09T15:12:31+00:00\" \/>\n<meta property=\"og:image\" content=\"https:\/\/borderlessmag.org\/wordpress\/wp-content\/uploads\/2025\/04\/2025_04_30_Trump100Days_01.jpg\" \/>\n\t<meta property=\"og:image:width\" content=\"1920\" \/>\n\t<meta property=\"og:image:height\" content=\"1277\" \/>\n\t<meta property=\"og:image:type\" content=\"image\/jpeg\" \/>\n<meta name=\"author\" content=\"Mauricio Pe\u00f1a\" \/>\n<meta name=\"twitter:card\" content=\"summary_large_image\" \/>\n<meta name=\"twitter:label1\" content=\"Escrito por\" \/>\n\t<meta name=\"twitter:data1\" content=\"Katrina Pham\" \/>\n\t<meta name=\"twitter:label2\" content=\"Tiempo de lectura\" \/>\n\t<meta name=\"twitter:data2\" content=\"14 minutos\" \/>\n\t<meta name=\"twitter:label3\" content=\"Written by\" \/>\n\t<meta name=\"twitter:data3\" content=\"Mauricio Pe\u00f1a\" \/>\n<script type=\"application\/ld+json\" class=\"yoast-schema-graph\">{\"@context\":\"https:\\\/\\\/schema.org\",\"@graph\":[{\"@type\":\"NewsArticle\",\"@id\":\"https:\\\/\\\/borderlessmag.org\\\/2025\\\/04\\\/30\\\/trump-first-100-days-chicago-sanctuary-city-immigration-know-your-rights\\\/#article\",\"isPartOf\":{\"@id\":\"https:\\\/\\\/borderlessmag.org\\\/2025\\\/04\\\/30\\\/trump-first-100-days-chicago-sanctuary-city-immigration-know-your-rights\\\/\"},\"author\":{\"name\":\"Katrina Pham\",\"@id\":\"https:\\\/\\\/borderlessmag.org\\\/#\\\/schema\\\/person\\\/bc9a5fb04ea9648eccfe947e70e83171\"},\"headline\":\"Immigrant Rights Advocates \u2018Fighting Back Against Fear\u2019 as Trump Administration Marks First 100 Days\",\"datePublished\":\"2025-04-30T15:02:50+00:00\",\"dateModified\":\"2025-10-09T15:12:31+00:00\",\"mainEntityOfPage\":{\"@id\":\"https:\\\/\\\/borderlessmag.org\\\/2025\\\/04\\\/30\\\/trump-first-100-days-chicago-sanctuary-city-immigration-know-your-rights\\\/\"},\"wordCount\":2784,\"publisher\":{\"@id\":\"https:\\\/\\\/borderlessmag.org\\\/#organization\"},\"image\":{\"@id\":\"https:\\\/\\\/borderlessmag.org\\\/2025\\\/04\\\/30\\\/trump-first-100-days-chicago-sanctuary-city-immigration-know-your-rights\\\/#primaryimage\"},\"thumbnailUrl\":\"https:\\\/\\\/borderlessmag.org\\\/wordpress\\\/wp-content\\\/uploads\\\/2025\\\/04\\\/2025_04_30_Trump100Days_01.jpg\",\"keywords\":[\"Trump100Days\"],\"articleSection\":[\"Immigration Policy\",\"Organizing\"],\"inLanguage\":\"es\",\"copyrightYear\":\"2025\",\"copyrightHolder\":{\"@id\":\"https:\\\/\\\/borderlessmag.org\\\/es\\\/#organization\"}},{\"@type\":\"WebPage\",\"@id\":\"https:\\\/\\\/borderlessmag.org\\\/2025\\\/04\\\/30\\\/trump-first-100-days-chicago-sanctuary-city-immigration-know-your-rights\\\/\",\"url\":\"https:\\\/\\\/borderlessmag.org\\\/2025\\\/04\\\/30\\\/trump-first-100-days-chicago-sanctuary-city-immigration-know-your-rights\\\/\",\"name\":\"Trump's First 100 Days: Chicago\u2019s Immigrant Advocates Fight Back\",\"isPartOf\":{\"@id\":\"https:\\\/\\\/borderlessmag.org\\\/#website\"},\"primaryImageOfPage\":{\"@id\":\"https:\\\/\\\/borderlessmag.org\\\/2025\\\/04\\\/30\\\/trump-first-100-days-chicago-sanctuary-city-immigration-know-your-rights\\\/#primaryimage\"},\"image\":{\"@id\":\"https:\\\/\\\/borderlessmag.org\\\/2025\\\/04\\\/30\\\/trump-first-100-days-chicago-sanctuary-city-immigration-know-your-rights\\\/#primaryimage\"},\"thumbnailUrl\":\"https:\\\/\\\/borderlessmag.org\\\/wordpress\\\/wp-content\\\/uploads\\\/2025\\\/04\\\/2025_04_30_Trump100Days_01.jpg\",\"datePublished\":\"2025-04-30T15:02:50+00:00\",\"dateModified\":\"2025-10-09T15:12:31+00:00\",\"description\":\"Amid ICE raids and rapid changes to immigration policies under Trump, Chicago\u2019s immigrant organizers ramp up efforts to protect communities.\",\"inLanguage\":\"es\",\"potentialAction\":[{\"@type\":\"ReadAction\",\"target\":[\"https:\\\/\\\/borderlessmag.org\\\/2025\\\/04\\\/30\\\/trump-first-100-days-chicago-sanctuary-city-immigration-know-your-rights\\\/\"]}]},{\"@type\":\"ImageObject\",\"inLanguage\":\"es\",\"@id\":\"https:\\\/\\\/borderlessmag.org\\\/2025\\\/04\\\/30\\\/trump-first-100-days-chicago-sanctuary-city-immigration-know-your-rights\\\/#primaryimage\",\"url\":\"https:\\\/\\\/borderlessmag.org\\\/wordpress\\\/wp-content\\\/uploads\\\/2025\\\/04\\\/2025_04_30_Trump100Days_01.jpg\",\"contentUrl\":\"https:\\\/\\\/borderlessmag.org\\\/wordpress\\\/wp-content\\\/uploads\\\/2025\\\/04\\\/2025_04_30_Trump100Days_01.jpg\",\"width\":1920,\"height\":1277,\"caption\":\"Immigrant advocates rally to raise awareness of a potential travel ban during a press conference at Federal Plaza on Wednesday, March 26, 2025.\"},{\"@type\":\"WebSite\",\"@id\":\"https:\\\/\\\/borderlessmag.org\\\/#website\",\"url\":\"https:\\\/\\\/borderlessmag.org\\\/\",\"name\":\"Borderless Magazine NFP\",\"description\":\"Stories about immigration and immigrants\",\"publisher\":{\"@id\":\"https:\\\/\\\/borderlessmag.org\\\/#organization\"},\"alternateName\":\"Borderless\",\"potentialAction\":[{\"@type\":\"SearchAction\",\"target\":{\"@type\":\"EntryPoint\",\"urlTemplate\":\"https:\\\/\\\/borderlessmag.org\\\/?s={search_term_string}\"},\"query-input\":{\"@type\":\"PropertyValueSpecification\",\"valueRequired\":true,\"valueName\":\"search_term_string\"}}],\"inLanguage\":\"es\"},{\"@type\":\"Organization\",\"@id\":\"https:\\\/\\\/borderlessmag.org\\\/#organization\",\"name\":\"Borderless Magazine NFP\",\"alternateName\":\"Borderless Mag\",\"url\":\"https:\\\/\\\/borderlessmag.org\\\/\",\"logo\":{\"@type\":\"ImageObject\",\"inLanguage\":\"es\",\"@id\":\"https:\\\/\\\/borderlessmag.org\\\/#\\\/schema\\\/logo\\\/image\\\/\",\"url\":\"https:\\\/\\\/borderlessmag.org\\\/wordpress\\\/wp-content\\\/uploads\\\/2025\\\/08\\\/BorderlessLogo_main_square.jpg\",\"contentUrl\":\"https:\\\/\\\/borderlessmag.org\\\/wordpress\\\/wp-content\\\/uploads\\\/2025\\\/08\\\/BorderlessLogo_main_square.jpg\",\"width\":696,\"height\":696,\"caption\":\"Borderless Magazine NFP\"},\"image\":{\"@id\":\"https:\\\/\\\/borderlessmag.org\\\/#\\\/schema\\\/logo\\\/image\\\/\"},\"sameAs\":[\"https:\\\/\\\/www.facebook.com\\\/BorderlessMagazine\",\"https:\\\/\\\/www.instagram.com\\\/borderless_mag\\\/\",\"https:\\\/\\\/www.tiktok.com\\\/@borderless_mag\"]},{\"@type\":\"Person\",\"@id\":\"https:\\\/\\\/borderlessmag.org\\\/#\\\/schema\\\/person\\\/bc9a5fb04ea9648eccfe947e70e83171\",\"name\":\"Katrina Pham\",\"image\":{\"@type\":\"ImageObject\",\"inLanguage\":\"es\",\"@id\":\"https:\\\/\\\/secure.gravatar.com\\\/avatar\\\/db79236ec9c3e42ea92b47ca58769b8e175f2c0be1a97ab0180670a84a2436a9?s=96&d=mm&r=gfd4f73a4dc7d6d85f2e9ce7dbfa9d5de\",\"url\":\"https:\\\/\\\/secure.gravatar.com\\\/avatar\\\/db79236ec9c3e42ea92b47ca58769b8e175f2c0be1a97ab0180670a84a2436a9?s=96&d=mm&r=g\",\"contentUrl\":\"https:\\\/\\\/secure.gravatar.com\\\/avatar\\\/db79236ec9c3e42ea92b47ca58769b8e175f2c0be1a97ab0180670a84a2436a9?s=96&d=mm&r=g\",\"caption\":\"Katrina Pham\"},\"url\":\"https:\\\/\\\/borderlessmag.org\\\/es\\\/author\\\/katrina\\\/\"}]}<\/script>\n<!-- \/ Yoast SEO Premium plugin. -->","yoast_head_json":{"title":"Los primeros 100 d\u00edas de Trump: Los defensores de los inmigrantes de Chicago contraatacan","description":"En medio de las redadas de ICE y los r\u00e1pidos cambios en las pol\u00edticas de inmigraci\u00f3n bajo Trump, los organizadores de inmigrantes de Chicago intensifican los esfuerzos para proteger a las comunidades.","robots":{"index":"index","follow":"follow","max-snippet":"max-snippet:-1","max-image-preview":"max-image-preview:large","max-video-preview":"max-video-preview:-1"},"canonical":"https:\/\/borderlessmag.org\/es\/2025\/04\/30\/los-100-primeros-dias-de-trump-chicago-ciudad-santuario-inmigracion-conoce-tus-derechos\/","og_locale":"es_MX","og_type":"article","og_title":"Immigrant Rights Advocates \u2018Fighting Back Against Fear\u2019 as Trump Administration Marks First 100 Days &#8211; Borderless Magazine NFP","og_description":"Immigrant Rights Advocates \u2018Fighting Back Against Fear\u2019 as Trump Administration Marks First 100 Days &#8211; Borderless Magazine NFP","og_url":"https:\/\/borderlessmag.org\/es\/2025\/04\/30\/los-100-primeros-dias-de-trump-chicago-ciudad-santuario-inmigracion-conoce-tus-derechos\/","og_site_name":"Borderless Magazine NFP","article_publisher":"https:\/\/www.facebook.com\/BorderlessMagazine","article_published_time":"2025-04-30T15:02:50+00:00","article_modified_time":"2025-10-09T15:12:31+00:00","og_image":[{"width":1920,"height":1277,"url":"https:\/\/borderlessmag.org\/wordpress\/wp-content\/uploads\/2025\/04\/2025_04_30_Trump100Days_01.jpg","type":"image\/jpeg"}],"author":"Mauricio Pe\u00f1a","twitter_card":"summary_large_image","twitter_misc":{"Escrito por":"Katrina Pham","Tiempo de lectura":"14 minutos","Written by":"Mauricio Pe\u00f1a"},"schema":{"@context":"https:\/\/schema.org","@graph":[{"@type":"NewsArticle","@id":"https:\/\/borderlessmag.org\/2025\/04\/30\/trump-first-100-days-chicago-sanctuary-city-immigration-know-your-rights\/#article","isPartOf":{"@id":"https:\/\/borderlessmag.org\/2025\/04\/30\/trump-first-100-days-chicago-sanctuary-city-immigration-know-your-rights\/"},"author":{"name":"Katrina Pham","@id":"https:\/\/borderlessmag.org\/#\/schema\/person\/bc9a5fb04ea9648eccfe947e70e83171"},"headline":"Immigrant Rights Advocates \u2018Fighting Back Against Fear\u2019 as Trump Administration Marks First 100 Days","datePublished":"2025-04-30T15:02:50+00:00","dateModified":"2025-10-09T15:12:31+00:00","mainEntityOfPage":{"@id":"https:\/\/borderlessmag.org\/2025\/04\/30\/trump-first-100-days-chicago-sanctuary-city-immigration-know-your-rights\/"},"wordCount":2784,"publisher":{"@id":"https:\/\/borderlessmag.org\/#organization"},"image":{"@id":"https:\/\/borderlessmag.org\/2025\/04\/30\/trump-first-100-days-chicago-sanctuary-city-immigration-know-your-rights\/#primaryimage"},"thumbnailUrl":"https:\/\/borderlessmag.org\/wordpress\/wp-content\/uploads\/2025\/04\/2025_04_30_Trump100Days_01.jpg","keywords":["Trump100Days"],"articleSection":["Immigration Policy","Organizing"],"inLanguage":"es","copyrightYear":"2025","copyrightHolder":{"@id":"https:\/\/borderlessmag.org\/es\/#organization"}},{"@type":"WebPage","@id":"https:\/\/borderlessmag.org\/2025\/04\/30\/trump-first-100-days-chicago-sanctuary-city-immigration-know-your-rights\/","url":"https:\/\/borderlessmag.org\/2025\/04\/30\/trump-first-100-days-chicago-sanctuary-city-immigration-know-your-rights\/","name":"Los primeros 100 d\u00edas de Trump: Los defensores de los inmigrantes de Chicago contraatacan","isPartOf":{"@id":"https:\/\/borderlessmag.org\/#website"},"primaryImageOfPage":{"@id":"https:\/\/borderlessmag.org\/2025\/04\/30\/trump-first-100-days-chicago-sanctuary-city-immigration-know-your-rights\/#primaryimage"},"image":{"@id":"https:\/\/borderlessmag.org\/2025\/04\/30\/trump-first-100-days-chicago-sanctuary-city-immigration-know-your-rights\/#primaryimage"},"thumbnailUrl":"https:\/\/borderlessmag.org\/wordpress\/wp-content\/uploads\/2025\/04\/2025_04_30_Trump100Days_01.jpg","datePublished":"2025-04-30T15:02:50+00:00","dateModified":"2025-10-09T15:12:31+00:00","description":"En medio de las redadas de ICE y los r\u00e1pidos cambios en las pol\u00edticas de inmigraci\u00f3n bajo Trump, los organizadores de inmigrantes de Chicago intensifican los esfuerzos para proteger a las comunidades.","inLanguage":"es","potentialAction":[{"@type":"ReadAction","target":["https:\/\/borderlessmag.org\/2025\/04\/30\/trump-first-100-days-chicago-sanctuary-city-immigration-know-your-rights\/"]}]},{"@type":"ImageObject","inLanguage":"es","@id":"https:\/\/borderlessmag.org\/2025\/04\/30\/trump-first-100-days-chicago-sanctuary-city-immigration-know-your-rights\/#primaryimage","url":"https:\/\/borderlessmag.org\/wordpress\/wp-content\/uploads\/2025\/04\/2025_04_30_Trump100Days_01.jpg","contentUrl":"https:\/\/borderlessmag.org\/wordpress\/wp-content\/uploads\/2025\/04\/2025_04_30_Trump100Days_01.jpg","width":1920,"height":1277,"caption":"Immigrant advocates rally to raise awareness of a potential travel ban during a press conference at Federal Plaza on Wednesday, March 26, 2025."},{"@type":"WebSite","@id":"https:\/\/borderlessmag.org\/#website","url":"https:\/\/borderlessmag.org\/","name":"Revista Borderless NFP","description":"Historias sobre inmigraci\u00f3n e inmigrantes","publisher":{"@id":"https:\/\/borderlessmag.org\/#organization"},"alternateName":"Borderless","potentialAction":[{"@type":"SearchAction","target":{"@type":"EntryPoint","urlTemplate":"https:\/\/borderlessmag.org\/?s={search_term_string}"},"query-input":{"@type":"PropertyValueSpecification","valueRequired":true,"valueName":"search_term_string"}}],"inLanguage":"es"},{"@type":"Organization","@id":"https:\/\/borderlessmag.org\/#organization","name":"Revista Borderless NFP","alternateName":"Borderless Mag","url":"https:\/\/borderlessmag.org\/","logo":{"@type":"ImageObject","inLanguage":"es","@id":"https:\/\/borderlessmag.org\/#\/schema\/logo\/image\/","url":"https:\/\/borderlessmag.org\/wordpress\/wp-content\/uploads\/2025\/08\/BorderlessLogo_main_square.jpg","contentUrl":"https:\/\/borderlessmag.org\/wordpress\/wp-content\/uploads\/2025\/08\/BorderlessLogo_main_square.jpg","width":696,"height":696,"caption":"Borderless Magazine NFP"},"image":{"@id":"https:\/\/borderlessmag.org\/#\/schema\/logo\/image\/"},"sameAs":["https:\/\/www.facebook.com\/BorderlessMagazine","https:\/\/www.instagram.com\/borderless_mag\/","https:\/\/www.tiktok.com\/@borderless_mag"]},{"@type":"Person","@id":"https:\/\/borderlessmag.org\/#\/schema\/person\/bc9a5fb04ea9648eccfe947e70e83171","name":"Katrina Pham","image":{"@type":"ImageObject","inLanguage":"es","@id":"https:\/\/secure.gravatar.com\/avatar\/db79236ec9c3e42ea92b47ca58769b8e175f2c0be1a97ab0180670a84a2436a9?s=96&d=mm&r=gfd4f73a4dc7d6d85f2e9ce7dbfa9d5de","url":"https:\/\/secure.gravatar.com\/avatar\/db79236ec9c3e42ea92b47ca58769b8e175f2c0be1a97ab0180670a84a2436a9?s=96&d=mm&r=g","contentUrl":"https:\/\/secure.gravatar.com\/avatar\/db79236ec9c3e42ea92b47ca58769b8e175f2c0be1a97ab0180670a84a2436a9?s=96&d=mm&r=g","caption":"Katrina Pham"},"url":"https:\/\/borderlessmag.org\/es\/author\/katrina\/"}]}},"cc_featured_image_caption":{"caption_text":"Immigrant advocates rally to raise awareness of a potential travel ban during a press conference at Federal Plaza on Wednesday, March 26, 2025.","source_text":"","source_url":""},"_links":{"self":[{"href":"https:\/\/borderlessmag.org\/es\/wp-json\/wp\/v2\/posts\/26151","targetHints":{"allow":["GET"]}}],"collection":[{"href":"https:\/\/borderlessmag.org\/es\/wp-json\/wp\/v2\/posts"}],"about":[{"href":"https:\/\/borderlessmag.org\/es\/wp-json\/wp\/v2\/types\/post"}],"author":[{"embeddable":true,"href":"https:\/\/borderlessmag.org\/es\/wp-json\/wp\/v2\/users\/140"}],"replies":[{"embeddable":true,"href":"https:\/\/borderlessmag.org\/es\/wp-json\/wp\/v2\/comments?post=26151"}],"version-history":[{"count":5,"href":"https:\/\/borderlessmag.org\/es\/wp-json\/wp\/v2\/posts\/26151\/revisions"}],"predecessor-version":[{"id":26158,"href":"https:\/\/borderlessmag.org\/es\/wp-json\/wp\/v2\/posts\/26151\/revisions\/26158"}],"wp:featuredmedia":[{"embeddable":true,"href":"https:\/\/borderlessmag.org\/es\/wp-json\/wp\/v2\/media\/26148"}],"wp:attachment":[{"href":"https:\/\/borderlessmag.org\/es\/wp-json\/wp\/v2\/media?parent=26151"}],"wp:term":[{"taxonomy":"category","embeddable":true,"href":"https:\/\/borderlessmag.org\/es\/wp-json\/wp\/v2\/categories?post=26151"},{"taxonomy":"post_tag","embeddable":true,"href":"https:\/\/borderlessmag.org\/es\/wp-json\/wp\/v2\/tags?post=26151"},{"taxonomy":"author","embeddable":true,"href":"https:\/\/borderlessmag.org\/es\/wp-json\/wp\/v2\/coauthors?post=26151"}],"curies":[{"name":"wp","href":"https:\/\/api.w.org\/{rel}","templated":true}]}}