{"id":2552,"date":"2020-05-20T17:46:16","date_gmt":"2020-05-20T17:46:16","guid":{"rendered":"http:\/\/borderlessmag.org\/?p=2552"},"modified":"2025-10-08T09:56:49","modified_gmt":"2025-10-08T14:56:49","slug":"despachos-desde-covid-19-encontrar-esperanza-en-la-comunidad-mexicana-de-wicker-parks","status":"publish","type":"post","link":"https:\/\/borderlessmag.org\/es\/2020\/05\/20\/dispatches-from-covid-19-finding-hope-in-wicker-parks-mexican-community\/","title":{"rendered":"Despachos desde COVID-19: Esperanza en la comunidad mexicana de Wicker Park"},"content":{"rendered":"<p><em><strong>Actualizaci\u00f3n del 26 de octubre de 2020:<\/strong>\u00a0<\/em><em>Lamentamos informar a nuestros lectores de que un antiguo colaborador ha sido acusado de delitos graves y de perjudicar a miembros vulnerables de la comunidad. Aunque el caso a\u00fan no se ha resuelto, se trata de una acusaci\u00f3n grave. Exigimos a nuestros colaboradores el m\u00e1ximo nivel de comportamiento \u00e9tico y las acusaciones formuladas contra este colaborador preocupan profundamente al personal y al consejo de Borderless Magazine.<\/em><\/p>\n<p><em>Borderless Magazine ya no tiene relaci\u00f3n con el colaborador, que inform\u00f3 y fotografi\u00f3 este art\u00edculo para nosotros en mayo de 2020. Estamos con los supervivientes y creemos en la dignidad inherente a toda persona. Si tienes m\u00e1s preguntas, escr\u00edbenos a board@borderlessmag.org. \u00bfNecesitas hablar con alguien? Llame a la l\u00ednea directa de crisis por violaci\u00f3n del \u00e1rea de Chicago al <span style=\"color: #993300;\">888-293-2080<\/span>.<\/em><\/p>\n<p><span style=\"color: #993300;\"><a style=\"color: #993300;\" href=\"https:\/\/borderlessmag.org\/es\/2020\/05\/20\/despachos-de-covid-19-la-comunidad-mexicana-de-wicker-park-mantiene-esperanza-a-pesar-de-que-su-demografia-ha-sido-duramente-afectada-por-la-pandemia\/\"><strong>Read in English.<\/strong><\/a><\/span><\/p>\n<p><span style=\"color: #000000;\"><span style=\"font-weight: 400;\">Mi madre puede descifrar el universo desde su cocina. Vivimos en el barrio Wicker Park de Chicago y mientras remueve su <\/span><i><span style=\"font-weight: 400;\">caf\u00e9 con leche<\/span><\/i><span style=\"font-weight: 400;\"> antes de que salga el sol es como el aroma de su <\/span><i><span style=\"font-weight: 400;\">taza de barro, <\/span><\/i><span style=\"font-weight: 400;\">o<\/span> <span style=\"font-weight: 400;\">taza de arcilla, hace que el mundo se despierte. Empieza a recibir mensajes de texto y de voz de nuestra familia en M\u00e9xico. Enciende las noticias y se prepara para el d\u00eda.\u00a0<\/span><\/span><\/p>\n<p><span style=\"color: #000000;\"><span style=\"font-weight: 400;\">Sol\u00eda creer que los acontecimientos mundiales ocurr\u00edan porque ella lo dec\u00eda. \"<\/span><i><span style=\"font-weight: 400;\">Se infl\u00f3 la tortilla. Va a nacer un ni\u00f1o<\/span><\/i><span style=\"font-weight: 400;\">o \"La tortilla se ha inflado. Va a nacer un ni\u00f1o\".<\/span> <span style=\"font-weight: 400;\">Seguro que alg\u00fan conocido anuncia que est\u00e1 esperando un beb\u00e9. \"<\/span><i><span style=\"font-weight: 400;\">La salsa salio picosa, alguien esta enojado,<\/span><\/i><span style=\"font-weight: 400;\">\" o \"La salsa est\u00e1 picante, alguien est\u00e1 enfadado\". Cuando mi abuela falleci\u00f3 el pasado diciembre, mi madre sab\u00eda que 2020 iba a ser un a\u00f1o duro.<\/span><\/span><\/p>\n<p><span style=\"color: #000000;\"><span style=\"font-weight: 400;\">La pandemia de coronavirus est\u00e1 devastando comunidades mexicano-americanas como la m\u00eda en Illinois. La pandemia ha dejado patente que muchos trabajadores esenciales de los que dependemos para mantener un poco de normalidad hoy en d\u00eda son inmigrantes. Esto nos ha costado mucho. Los latinos representan menos de una quinta parte de la poblaci\u00f3n del estado, pero tienen m\u00e1s <\/span><span style=\"color: #993300;\"><a style=\"color: #993300;\" href=\"https:\/\/chicago.suntimes.com\/coronavirus\/2020\/5\/1\/21244390\/latinos-coronavirus-cases-covid-19-illinois\"><span style=\"font-weight: 400;\">casos confirmados de COVID-19<\/span><\/a><\/span><span style=\"font-weight: 400;\"> que cualquier otro grupo racial o \u00e9tnico<\/span><span style=\"font-weight: 400;\">.<\/span><span style=\"font-weight: 400;\"> Tambi\u00e9n hemos sido de los m\u00e1s afectados por la recesi\u00f3n econ\u00f3mica<\/span><span style=\"font-weight: 400;\">. <\/span><span style=\"font-weight: 400;\">Casi <\/span><span style=\"color: #993300;\"><a style=\"color: #993300;\" href=\"https:\/\/www.pewresearch.org\/fact-tank\/2020\/04\/03\/u-s-latinos-among-hardest-hit-by-pay-cuts-job-losses-due-to-coronavirus\/?fbclid=IwAR3CjZSClNl0vCpfodRhP_8bqRaw9GxLKI0r2LhSa5aYJWJm4h8yip5fcB4\"><span style=\"font-weight: 400;\">la mitad de nosotros<\/span><\/a><\/span><span style=\"font-weight: 400;\"> tener a alguien en casa <\/span><span style=\"font-weight: 400;\">que ha perdido su trabajo o ha sufrido un recorte salarial a causa de la pandemia.<\/span><\/span><\/p>\n<div id=\"attachment_2563\" style=\"width: 1187px\" class=\"wp-caption alignnone\"><img decoding=\"async\" aria-describedby=\"caption-attachment-2563\" class=\"wp-image-2563 size-full\" src=\"https:\/\/borderlessmag.org\/wordpress\/wp-content\/uploads\/2020\/05\/052020_FernandoMoreno_06_web.jpg\" alt=\"Emma Roa, de Wicker Park\" width=\"1177\" height=\"785\" \/><p id=\"caption-attachment-2563\" class=\"wp-caption-text\">La madre del reportero, Emma Roa, fuera de su casa en el barrio de Wicker Park de Chicago, Ill. 18 de mayo de 2020. Fernando Moreno para Borderless Magazine<\/p><\/div>\n<p><span style=\"font-weight: 400; color: #000000;\">Aun as\u00ed, seguimos siendo resistentes. Ya sea por elecci\u00f3n o por necesidad, sabemos sobreponernos a nuestras dificultades. Trabajamos y esperamos un ma\u00f1ana mejor. Es la raz\u00f3n por la que hacemos el viaje a El Norte.<\/span><\/p>\n<p><span style=\"color: #000000;\"><span style=\"font-weight: 400;\">Este a\u00f1o cumplo 36 a\u00f1os. Es la misma edad que ten\u00eda mi madre cuando decidi\u00f3 viajar a Estados Unidos conmigo. Ella hu\u00eda de los abusos de mi padre y sab\u00eda <\/span><span style=\"color: #993300;\"><a style=\"color: #993300;\" href=\"https:\/\/abcnews.go.com\/International\/380-women-killed-mexico-year-activists-cultural-change\/story?id=69258389\"><span style=\"font-weight: 400;\">las mujeres son asesinadas con demasiada frecuencia en M\u00e9xico.<\/span><\/a><\/span><span style=\"font-weight: 400;\"> Las mujeres en relaciones dom\u00e9sticas abusivas a menudo no lo consiguen.\u00a0<\/span><\/span><\/p>\n<p><span style=\"font-weight: 400; color: #000000;\">No puedo ni empezar a comprender el valor que tuvo mi madre al dejar nuestro hogar hace 24 a\u00f1os. Tuvo que dejar atr\u00e1s a mi hermano mayor, que hab\u00eda huido de casa a los 13 a\u00f1os para escapar de los abusos de mi padre, junto con muchos familiares y amigos.\u00a0<\/span><\/p>\n<p><span style=\"color: #000000;\"><span style=\"font-weight: 400;\">Mi madre y yo nos despedimos de mi abuela en la estaci\u00f3n de autobuses. Iba a ser la \u00faltima vez que mi madre sintiera su abrazo. Con l\u00e1grimas en los ojos le prometi\u00f3 a mi abuela: \"<\/span><i><span style=\"font-weight: 400;\">Voy a volver.<\/span><\/i><span style=\"font-weight: 400;\">\" \"Volver\u00e9\".<\/span><\/span><\/p>\n<p><span style=\"font-weight: 400; color: #000000;\">Se convirti\u00f3 en una de los muchos inmigrantes que cargan con el insondable dolor de dejar a sus seres queridos en busca de una vida mejor en un pa\u00eds que nos desprecia y, sin embargo, nos necesita.<\/span><\/p>\n<p><span style=\"color: #000000;\"><span style=\"font-weight: 400;\">Llegamos a Chicago en enero de 1996 y desde entonces vivimos en la misma calle de Wicker Park. Cuando llegamos no conoc\u00edamos el idioma y nunca hab\u00edamos visto \u00e1rboles sin hojas ni frutos. Ven\u00edamos del estado de Morelos, \"<\/span><i><span style=\"font-weight: 400;\">el estado de la eterna primavera<\/span><\/i><span style=\"font-weight: 400;\">\"o el estado de la eterna primavera. Wicker Park ten\u00eda un aspecto sombr\u00edo en la fr\u00eda noche de invierno en que llegamos. Mi madre ech\u00f3 un vistazo a los \u00e1rboles desnudos y dijo: \"<\/span><i><span style=\"font-weight: 400;\">Van a hacer buena le\u00f1a.<\/span><\/i><span style=\"font-weight: 400;\">\" \"Ser\u00e1n una buena le\u00f1a\". Su mente siempre estaba centrada en nuestra supervivencia.<\/span><\/span><\/p>\n<p><span style=\"font-weight: 400; color: #000000;\">Wicker Park no era entonces el rico centro de la moda que es hoy. Era una comunidad de familias inmigrantes de bajos ingresos procedentes de M\u00e9xico y Polonia. Tambi\u00e9n era el centro de las disputas entre bandas. Cuando yo ten\u00eda unos 15 a\u00f1os, un joven negro fue perseguido y tiroteado en plena calle mientras mis amigos y yo jug\u00e1bamos al f\u00fatbol. Corrimos a refugiarnos. Una vez que la polic\u00eda y las ambulancias se fueron y se limpi\u00f3 la sangre, volvimos a jugar. Nos acostumbramos a los tiroteos casi todos los d\u00edas y a enterarnos de que hab\u00edan disparado a alguien la noche anterior. No tiene nada de normal, pero para nosotros era de esperar.<\/span><\/p>\n<p><span style=\"font-weight: 400; color: #000000;\">A pesar de las dificultades a las que nos enfrentamos aqu\u00ed, nuestra unida comunidad de inmigrantes hizo que nuestra a\u00f1oranza fuera un poco m\u00e1s soportable. Durante la pandemia hemos tenido una necesidad a\u00fan mayor de consuelo, ya que nuestros amigos han perdido el trabajo e incluso la vida a causa del coronavirus.\u00a0<\/span><\/p>\n<div id=\"attachment_2559\" style=\"width: 1221px\" class=\"wp-caption alignnone\"><img decoding=\"async\" aria-describedby=\"caption-attachment-2559\" class=\"wp-image-2559 size-full\" src=\"https:\/\/borderlessmag.org\/wordpress\/wp-content\/uploads\/2020\/05\/052020_FernandoMoreno_02_web.jpg\" alt=\"Jazmin Silva, de Wicker Park\" width=\"1211\" height=\"807\" \/><p id=\"caption-attachment-2559\" class=\"wp-caption-text\">Jazm\u00edn Silva es la gerente de la tienda Carnicer\u00edas Guanajuato, 1436 N Ashland Ave, en el barrio Wicker Park de Chicago, Ill. 14 de mayo de 2020. Fernando Moreno para Borderless Magazine<\/p><\/div>\n<p><span style=\"font-weight: 400; color: #000000;\">Durante este tiempo he encontrado consuelo en el sabor del hogar visitando negocios de propietarios mexicanos cerca de mi casa que han sobrevivido a d\u00e9cadas de aburguesamiento.<\/span><\/p>\n<p><span style=\"color: #000000;\"><span style=\"font-weight: 400;\">A poca distancia a pie se encuentra Carnicer\u00edas Guanajuato, una tienda de comestibles y taquer\u00eda en Ashland Avenue.  Acaban de celebrar su 35 aniversario y son un querido negocio familiar. En <\/span><i><span style=\"font-weight: 400;\">carnitas<\/span><\/i><span style=\"font-weight: 400;\"> y <\/span><i><span style=\"font-weight: 400;\">chicharr\u00f3n<\/span><\/i><span style=\"font-weight: 400;\"> atraen a gente de toda la ciudad y los suburbios, sobre todo los fines de semana.<\/span><\/span><\/p>\n<p><span style=\"font-weight: 400; color: #000000;\">No es s\u00f3lo una tienda de barrio, sino un destino para muchos inmigrantes mexicanos que siguen comiendo aqu\u00ed a pesar de haber sido expulsados de Wicker Park por los altos precios de los alquileres hace a\u00f1os.<\/span><\/p>\n<p><span style=\"font-weight: 400; color: #000000;\">\"Mi padre construy\u00f3 este negocio desde cero\", dijo la gerente de la tienda, Jazm\u00edn Silva, en una visita reciente. \"Es un privilegio continuar lo que \u00e9l empez\u00f3 y seguir adelante. Tenemos mucha de la misma clientela que tuvimos durante a\u00f1os\".<\/span><\/p>\n<p><span style=\"font-weight: 400; color: #000000;\">Estos d\u00edas voy a Carnicer\u00edas Guanajuato con una m\u00e1scara. La tienda sigue llena a pesar de que la taquer\u00eda de dentro es s\u00f3lo para llevar. Pero algunas secciones est\u00e1n notablemente vac\u00edas.<\/span><\/p>\n<p><span style=\"font-weight: 400; color: #000000;\">\"Incluso ahora seguimos viendo mucha escasez\", dijo Silva, se\u00f1alando la falta de carne y tortillas. \"Hay cosas que simplemente no conseguimos, o se acaban muy r\u00e1pido y pasan un par de d\u00edas hasta que conseguimos m\u00e1s\".<\/span><\/p>\n<p><span style=\"font-weight: 400; color: #000000;\">Aun as\u00ed, la vida de Silva no ha cambiado mucho desde que empez\u00f3 la pandemia.\u00a0<\/span><\/p>\n<p><span style=\"font-weight: 400; color: #000000;\">\"Vengo a trabajar todos los d\u00edas. No tengo d\u00edas libres. Siempre estoy trabajando. Lo \u00fanico que ha cambiado es que tengo que llevar mascarilla y guantes\", dice Silva.\u00a0<\/span><\/p>\n<p><span style=\"color: #000000;\"><span style=\"font-weight: 400;\">Media milla al sur pasando la calle Division en Ashland se encuentra otro de mis refugios: La Pasadita. El padre de David Espinoza abri\u00f3 la taquer\u00eda en 1976, cuando David ten\u00eda 11 a\u00f1os. Desde entonces ha sido un negocio familiar. Su famosa <\/span><i><span style=\"font-weight: 400;\">chiles rellenos <\/span><\/i><span style=\"font-weight: 400;\">est\u00e1n hechos con una receta de su abuela.<\/span><\/span><\/p>\n<div id=\"attachment_2564\" style=\"width: 666px\" class=\"wp-caption alignnone\"><img decoding=\"async\" aria-describedby=\"caption-attachment-2564\" class=\"wp-image-2564 size-full\" src=\"https:\/\/borderlessmag.org\/wordpress\/wp-content\/uploads\/2020\/05\/052020_FernandoMoreno_07_web.jpg\" alt=\"David Espinoza, de Wicker Park\" width=\"656\" height=\"874\" \/><p id=\"caption-attachment-2564\" class=\"wp-caption-text\">David Espinoza, propietario de La Pasadita, en el barrio Wicker Park de Chicago, Ill. 13 de mayo de 2020. Fernando Moreno para Borderless Magazine<\/p><\/div>\n<p><span style=\"font-weight: 400; color: #000000;\">\"Este es el barrio donde aterrizaron mis padres all\u00e1 por 1965\", dijo Espinoza. \"Todav\u00eda recibo clientes que cuando ten\u00edan 10 a\u00f1os su pap\u00e1 los tra\u00eda a comer tacos y ahora tambi\u00e9n traen a sus hijos a comer tacos\".<\/span><\/p>\n<p><span style=\"font-weight: 400; color: #000000;\">Pero la pandemia de coronavirus ha sacudido el negocio.\u00a0<\/span><\/p>\n<p><span style=\"font-weight: 400; color: #000000;\">\"Ha sido duro. Los precios de la carne se han duplicado\", dice Espinoza. \"Antes abr\u00edamos hasta la 1:30 de la madrugada. Ahora cerramos a las 22:30. No podemos permitirnos seguir abiertos. Los gastos generales son demasiado elevados\".<\/span><\/p>\n<p><span style=\"font-weight: 400; color: #000000;\">Los bares del barrio est\u00e1n cerrados y no hay partidos de los Bulls ni de los Cubs. Sin esa vida nocturna, La Pasadita ha perdido el cincuenta por ciento de su negocio habitual, dijo Espinoza.\u00a0<\/span><\/p>\n<p><span style=\"font-weight: 400; color: #000000;\">\"Ahora mismo estamos contando los c\u00e9ntimos\", dijo.<\/span><\/p>\n<p><span style=\"font-weight: 400; color: #000000;\">Entre l\u00e1grimas, Espinoza tambi\u00e9n se preocupa por sus empleados, que dependen de su trabajo para alimentar a sus familias. Ha reducido sus horas de trabajo, pero se niega a despedir a nadie.\u00a0<\/span><\/p>\n<p><span style=\"font-weight: 400; color: #000000;\">\"Todos vamos a salir adelante. No vamos a tener lo mismo que antes, pero es mejor tener un poco que no tener nada\", dijo Espinoza. \"Mi madre siempre nos dec\u00eda: 'Dios s\u00f3lo te da lo que puedes soportar y estar\u00e1s bien', y \u00e9sta es una de esas veces\".\u00a0<\/span><\/p>\n<p><span style=\"font-weight: 400; color: #000000;\">Esas palabras me recuerdan a mi propia madre mientras nos consuela a mi hermano peque\u00f1o, a mi hermana y a m\u00ed durante la pandemia.\u00a0<\/span><\/p>\n<div id=\"attachment_2562\" style=\"width: 1180px\" class=\"wp-caption alignnone\"><img decoding=\"async\" aria-describedby=\"caption-attachment-2562\" class=\"wp-image-2562 size-full\" src=\"https:\/\/borderlessmag.org\/wordpress\/wp-content\/uploads\/2020\/05\/052020_FernandoMoreno_05_web.jpg\" alt=\"Familia de Fernando Moreno\" width=\"1170\" height=\"780\" \/><p id=\"caption-attachment-2562\" class=\"wp-caption-text\">La familia del reportero -Arturo L\u00f3pez, Emma Roa y Abigail L\u00f3pez- fuera de su casa en el barrio Wicker Park de Chicago, Ill. 18 de mayo de 2020. Fernando Moreno para Borderless Magazine<\/p><\/div>\n<p><span style=\"font-weight: 400; color: #000000;\">Mi hermana est\u00e1 terminando el \u00faltimo curso del instituto por Internet y acaba de ser admitida en la Universidad de Stanford, donde tiene previsto especializarse en astrof\u00edsica. Ahora vivimos cinco personas en un piso de dos habitaciones, as\u00ed que no tiene mucho espacio para trabajar. Intenta dormir durante el d\u00eda, cuando nuestra madre utiliza la mesa de la cocina para cocinar, de modo que por la noche puede estudiar en ella.\u00a0<\/span><\/p>\n<p><span style=\"font-weight: 400; color: #000000;\">Mi hermano se grad\u00faa en la Universidad de Michigan como ingeniero aeroespacial este diciembre y se supon\u00eda que iba a estar en Sud\u00e1frica este verano participando en un programa de investigaci\u00f3n de la NASA. Habr\u00eda sido la primera persona de nuestra familia en viajar a otro pa\u00eds sin tener que temer cruzar fronteras. Ese viaje se cancel\u00f3 a causa del coronavirus.<\/span><\/p>\n<p><span style=\"font-weight: 400; color: #000000;\">Como beneficiario de DACA que trabaja en la comunidad, veo c\u00f3mo los barrios de inmigrantes son los m\u00e1s afectados. No s\u00f3lo los beneficiarios de DACA est\u00e1n excluidos de recibir dinero de la Ley CARES, pero <\/span><span style=\"color: #993300;\"><span style=\"font-weight: 400;\"><a style=\"color: #993300;\" href=\"https:\/\/borderlessmag.org\/es\/2020\/04\/08\/por-que-16-7-millones-de-personas-quedaron-fuera-del-plan-de-estimulo-covid-19\/\">los inmigrantes indocumentados no forman parte del paquete de est\u00edmulo<\/a><\/span> <\/span><span style=\"font-weight: 400; color: #000000;\">y no puedes solicitar el paro. El coronavirus no discrimina y no le importa si tienes papeles.<\/span><\/p>\n<div id=\"attachment_2558\" style=\"width: 1254px\" class=\"wp-caption alignnone\"><img decoding=\"async\" aria-describedby=\"caption-attachment-2558\" class=\"wp-image-2558 size-full\" src=\"https:\/\/borderlessmag.org\/wordpress\/wp-content\/uploads\/2020\/05\/052020_FernandoMoreno_01_web.jpg\" alt=\"Emma Roa prepara flan\" width=\"1244\" height=\"829\" \/><p id=\"caption-attachment-2558\" class=\"wp-caption-text\">Emma Roa prepara flan para su vecina en el barrio de Wicker Park de Chicago, Ill. 12 de mayo de 2020. Fernando Moreno para Borderless Magazine<\/p><\/div>\n<p><span style=\"color: #000000;\"><span style=\"font-weight: 400;\">Nuestra familia, como las de tantos otros inmigrantes mexicanos de nuestra comunidad, tiene muchos motivos para estar triste en estos momentos. Pero mi mam\u00e1 dice: \"<\/span><i><span style=\"font-weight: 400;\">La esperanza es lo \u00faltimo que muere\". <\/span><\/i><span style=\"font-weight: 400;\">\"La esperanza es lo \u00faltimo que muere\".\u00a0<\/span><\/span><\/p>\n<p><span style=\"color: #000000;\"><span style=\"font-weight: 400;\">No estamos seguros de c\u00f3mo o cu\u00e1ndo se controlar\u00e1 esta pandemia. Pero creo que el futuro traer\u00e1 d\u00edas mejores. Una mujer valiente y cari\u00f1osa que sorbe <\/span><i><span style=\"font-weight: 400;\">caf\u00e9 con leche<\/span><\/i><span style=\"font-weight: 400;\"> de ella <\/span><i><span style=\"font-weight: 400;\">taza de barro<\/span><\/i><span style=\"font-weight: 400;\"> cri\u00f3 a un astrof\u00edsico, ingeniero aeroespacial y l\u00edder comunitario en un peque\u00f1o apartamento de Wicker Park contra todo pron\u00f3stico. Ella esperaba un ma\u00f1ana mejor y dice que a\u00fan es posible. Debe serlo porque ella ya mantuvo esa conversaci\u00f3n con el universo desde la mesa de su cocina.<\/span><\/span><\/p>\n<p><span style=\"color: #000000;\"><i><span style=\"font-weight: 400;\">Fernando Moreno es el Director de Operaciones de <span style=\"color: #993300;\"><a style=\"color: #993300;\" href=\"http:\/\/www.spanishpublicradio.org\/\">Radio P\u00fablica Espa\u00f1ola<\/a><\/span>. Es licenciado por la Northeastern Illinois University y actualmente preside la Junta Directiva de <span style=\"color: #993300;\"><a style=\"color: #993300;\" href=\"https:\/\/www.first-defense.org\/\">Primera Defensa Asistencia Jur\u00eddica<\/a><\/span>y es miembro del consejo de la <span style=\"color: #993300;\"><a style=\"color: #993300;\" href=\"https:\/\/hbn-chicago.com\/\">Red Empresarial Hispana<\/a> <\/span>y <span style=\"color: #993300;\"><a style=\"color: #993300;\" href=\"https:\/\/www.cawpproject.com\/\">Artes comunitarias Wicker Park<\/a><\/span>.<\/span><\/i><\/span><\/p>\n<h4 id=\"our-work-is-made-possible-thanks-to-donations-from-people-like-you-support-high-quality-reporting-by-making-a-tax-deductible-donation-today\" class=\"pk-content-block pk-block-bg pk-block-bg-light\" style=\"text-align: left;\"><span style=\"color: #993300;\">Nuestro trabajo es posible gracias a las donaciones de personas como usted. Apoye la informaci\u00f3n de alta calidad haciendo una donaci\u00f3n deducible de impuestos hoy mismo.\u00a0 \u00a0 \u00a0 \u00a0 \u00a0 \u00a0 \u00a0 \u00a0 \u00a0 \u00a0 \u00a0 \u00a0 \u00a0 \u00a0 \u00a0 \u00a0 \u00a0 \u00a0 \u00a0 \u00a0 \u00a0\u00a0 \u00a0<\/span><br \/>\n<a class=\"pk-button pk-button-md pk-button-primary pk-font-primary\" href=\"https:\/\/borderlessmag.org\/es\/donar\/\" target=\"_blank\" >\n\t\t\t\nAp\u00f3yanos<br \/>\n\n\t\t<\/a><\/h4>","protected":false},"excerpt":{"rendered":"<p>El coronavirus ha devastado las comunidades latinas de Illinois. Pero en el barrio Wicker Park de Chicago, una familia trabaja y espera un ma\u00f1ana mejor.<\/p>","protected":false},"author":40,"featured_media":2560,"comment_status":"closed","ping_status":"closed","sticky":false,"template":"","format":"standard","meta":{"inline_featured_image":false,"footnotes":""},"categories":[318,325],"tags":[54,55,57,74,75,76],"coauthors":[260],"class_list":{"0":"post-2552","1":"post","2":"type-post","3":"status-publish","4":"format-standard","5":"has-post-thumbnail","7":"category-arts-culture","8":"category-environmentandhealth","9":"tag-chicago","10":"tag-chicago-immigration-news","11":"tag-immigration","12":"tag-mexican","13":"tag-news","14":"tag-wicker-park"},"yoast_head":"<!-- This site is optimized with the Yoast SEO Premium plugin v27.3 (Yoast SEO v27.3) - https:\/\/yoast.com\/product\/yoast-seo-premium-wordpress\/ -->\n<title>Finding Hope in the Mexican Community of Wicker Park<\/title>\n<meta name=\"description\" content=\"Fernando Moreno shares how he&#039;s finding solace during the COVID-19 pandemic through his family and the Mexican community in Chicago&#039;s Wicker Park.\" \/>\n<meta name=\"robots\" content=\"index, follow, max-snippet:-1, max-image-preview:large, max-video-preview:-1\" \/>\n<link rel=\"canonical\" href=\"https:\/\/borderlessmag.org\/es\/2020\/05\/20\/despachos-desde-covid-19-encontrar-esperanza-en-la-comunidad-mexicana-de-wicker-parks\/\" \/>\n<meta property=\"og:locale\" content=\"es_MX\" \/>\n<meta property=\"og:type\" content=\"article\" \/>\n<meta property=\"og:title\" content=\"Dispatches from COVID-19: Finding Hope in Wicker Park\u2019s Mexican Community &#8211; Arts &amp; Culture &#8211; Borderless Magazine NFP\" \/>\n<meta property=\"og:description\" content=\"Dispatches from COVID-19: Finding Hope in Wicker Park\u2019s Mexican Community &#8211; Arts &amp; Culture &#8211; Borderless Magazine NFP\" \/>\n<meta property=\"og:url\" content=\"https:\/\/borderlessmag.org\/es\/2020\/05\/20\/despachos-desde-covid-19-encontrar-esperanza-en-la-comunidad-mexicana-de-wicker-parks\/\" \/>\n<meta property=\"og:site_name\" content=\"Borderless Magazine NFP\" \/>\n<meta property=\"article:publisher\" content=\"https:\/\/www.facebook.com\/BorderlessMagazine\" \/>\n<meta property=\"article:published_time\" content=\"2020-05-20T17:46:16+00:00\" \/>\n<meta property=\"article:modified_time\" content=\"2025-10-08T14:56:49+00:00\" \/>\n<meta property=\"og:image\" content=\"https:\/\/borderlessmag.org\/wordpress\/wp-content\/uploads\/2020\/05\/052020_FernandoMoreno_03_featured.jpg\" \/>\n\t<meta property=\"og:image:width\" content=\"1\" \/>\n\t<meta property=\"og:image:height\" content=\"1\" \/>\n\t<meta property=\"og:image:type\" content=\"image\/jpeg\" \/>\n<meta name=\"author\" content=\"Fernando Moreno\" \/>\n<meta name=\"twitter:card\" content=\"summary_large_image\" \/>\n<meta name=\"twitter:label1\" content=\"Escrito por\" \/>\n\t<meta name=\"twitter:data1\" content=\"Fernando Moreno\" \/>\n\t<meta name=\"twitter:label2\" content=\"Tiempo de lectura\" \/>\n\t<meta name=\"twitter:data2\" content=\"10 minutos\" \/>\n\t<meta name=\"twitter:label3\" content=\"Written by\" \/>\n\t<meta name=\"twitter:data3\" content=\"Fernando Moreno\" \/>\n<script type=\"application\/ld+json\" class=\"yoast-schema-graph\">{\"@context\":\"https:\\\/\\\/schema.org\",\"@graph\":[{\"@type\":\"NewsArticle\",\"@id\":\"https:\\\/\\\/borderlessmag.org\\\/2020\\\/05\\\/20\\\/dispatches-from-covid-19-finding-hope-in-wicker-parks-mexican-community\\\/#article\",\"isPartOf\":{\"@id\":\"https:\\\/\\\/borderlessmag.org\\\/2020\\\/05\\\/20\\\/dispatches-from-covid-19-finding-hope-in-wicker-parks-mexican-community\\\/\"},\"author\":{\"name\":\"Fernando Moreno\",\"@id\":\"https:\\\/\\\/borderlessmag.org\\\/#\\\/schema\\\/person\\\/3f3394d207d05b2e4f129feaacd31d80\"},\"headline\":\"Dispatches from COVID-19: Finding Hope in Wicker Park\u2019s Mexican Community\",\"datePublished\":\"2020-05-20T17:46:16+00:00\",\"dateModified\":\"2025-10-08T14:56:49+00:00\",\"mainEntityOfPage\":{\"@id\":\"https:\\\/\\\/borderlessmag.org\\\/2020\\\/05\\\/20\\\/dispatches-from-covid-19-finding-hope-in-wicker-parks-mexican-community\\\/\"},\"wordCount\":1944,\"publisher\":{\"@id\":\"https:\\\/\\\/borderlessmag.org\\\/#organization\"},\"image\":{\"@id\":\"https:\\\/\\\/borderlessmag.org\\\/2020\\\/05\\\/20\\\/dispatches-from-covid-19-finding-hope-in-wicker-parks-mexican-community\\\/#primaryimage\"},\"thumbnailUrl\":\"https:\\\/\\\/borderlessmag.org\\\/wordpress\\\/wp-content\\\/uploads\\\/2020\\\/05\\\/052020_FernandoMoreno_03_featured.jpg\",\"keywords\":[\"Chicago\",\"Chicago Immigration News\",\"Immigration\",\"Mexican\",\"News\",\"Wicker Park\"],\"articleSection\":[\"Arts &amp; Culture\",\"Environment and Health\"],\"inLanguage\":\"es\",\"copyrightYear\":\"2020\",\"copyrightHolder\":{\"@id\":\"https:\\\/\\\/borderlessmag.org\\\/es\\\/#organization\"}},{\"@type\":\"WebPage\",\"@id\":\"https:\\\/\\\/borderlessmag.org\\\/2020\\\/05\\\/20\\\/dispatches-from-covid-19-finding-hope-in-wicker-parks-mexican-community\\\/\",\"url\":\"https:\\\/\\\/borderlessmag.org\\\/2020\\\/05\\\/20\\\/dispatches-from-covid-19-finding-hope-in-wicker-parks-mexican-community\\\/\",\"name\":\"Finding Hope in the Mexican Community of Wicker Park\",\"isPartOf\":{\"@id\":\"https:\\\/\\\/borderlessmag.org\\\/#website\"},\"primaryImageOfPage\":{\"@id\":\"https:\\\/\\\/borderlessmag.org\\\/2020\\\/05\\\/20\\\/dispatches-from-covid-19-finding-hope-in-wicker-parks-mexican-community\\\/#primaryimage\"},\"image\":{\"@id\":\"https:\\\/\\\/borderlessmag.org\\\/2020\\\/05\\\/20\\\/dispatches-from-covid-19-finding-hope-in-wicker-parks-mexican-community\\\/#primaryimage\"},\"thumbnailUrl\":\"https:\\\/\\\/borderlessmag.org\\\/wordpress\\\/wp-content\\\/uploads\\\/2020\\\/05\\\/052020_FernandoMoreno_03_featured.jpg\",\"datePublished\":\"2020-05-20T17:46:16+00:00\",\"dateModified\":\"2025-10-08T14:56:49+00:00\",\"description\":\"Fernando Moreno shares how he's finding solace during the COVID-19 pandemic through his family and the Mexican community in Chicago's Wicker Park.\",\"inLanguage\":\"es\",\"potentialAction\":[{\"@type\":\"ReadAction\",\"target\":[\"https:\\\/\\\/borderlessmag.org\\\/2020\\\/05\\\/20\\\/dispatches-from-covid-19-finding-hope-in-wicker-parks-mexican-community\\\/\"]}]},{\"@type\":\"ImageObject\",\"inLanguage\":\"es\",\"@id\":\"https:\\\/\\\/borderlessmag.org\\\/2020\\\/05\\\/20\\\/dispatches-from-covid-19-finding-hope-in-wicker-parks-mexican-community\\\/#primaryimage\",\"url\":\"https:\\\/\\\/borderlessmag.org\\\/wordpress\\\/wp-content\\\/uploads\\\/2020\\\/05\\\/052020_FernandoMoreno_03_featured.jpg\",\"contentUrl\":\"https:\\\/\\\/borderlessmag.org\\\/wordpress\\\/wp-content\\\/uploads\\\/2020\\\/05\\\/052020_FernandoMoreno_03_featured.jpg\",\"caption\":\"La Pasadita, 1140 N Ashland Ave., is a taco restaurant that\u2019s been serving the Wicker Park community for the last 44 years.\"},{\"@type\":\"WebSite\",\"@id\":\"https:\\\/\\\/borderlessmag.org\\\/#website\",\"url\":\"https:\\\/\\\/borderlessmag.org\\\/\",\"name\":\"Borderless Magazine NFP\",\"description\":\"Stories about immigration and immigrants\",\"publisher\":{\"@id\":\"https:\\\/\\\/borderlessmag.org\\\/#organization\"},\"alternateName\":\"Borderless\",\"potentialAction\":[{\"@type\":\"SearchAction\",\"target\":{\"@type\":\"EntryPoint\",\"urlTemplate\":\"https:\\\/\\\/borderlessmag.org\\\/?s={search_term_string}\"},\"query-input\":{\"@type\":\"PropertyValueSpecification\",\"valueRequired\":true,\"valueName\":\"search_term_string\"}}],\"inLanguage\":\"es\"},{\"@type\":\"Organization\",\"@id\":\"https:\\\/\\\/borderlessmag.org\\\/#organization\",\"name\":\"Borderless Magazine NFP\",\"alternateName\":\"Borderless Mag\",\"url\":\"https:\\\/\\\/borderlessmag.org\\\/\",\"logo\":{\"@type\":\"ImageObject\",\"inLanguage\":\"es\",\"@id\":\"https:\\\/\\\/borderlessmag.org\\\/#\\\/schema\\\/logo\\\/image\\\/\",\"url\":\"https:\\\/\\\/borderlessmag.org\\\/wordpress\\\/wp-content\\\/uploads\\\/2025\\\/08\\\/BorderlessLogo_main_square.jpg\",\"contentUrl\":\"https:\\\/\\\/borderlessmag.org\\\/wordpress\\\/wp-content\\\/uploads\\\/2025\\\/08\\\/BorderlessLogo_main_square.jpg\",\"width\":696,\"height\":696,\"caption\":\"Borderless Magazine NFP\"},\"image\":{\"@id\":\"https:\\\/\\\/borderlessmag.org\\\/#\\\/schema\\\/logo\\\/image\\\/\"},\"sameAs\":[\"https:\\\/\\\/www.facebook.com\\\/BorderlessMagazine\",\"https:\\\/\\\/www.instagram.com\\\/borderless_mag\\\/\",\"https:\\\/\\\/www.tiktok.com\\\/@borderless_mag\"]},{\"@type\":\"Person\",\"@id\":\"https:\\\/\\\/borderlessmag.org\\\/#\\\/schema\\\/person\\\/3f3394d207d05b2e4f129feaacd31d80\",\"name\":\"Fernando Moreno\",\"image\":{\"@type\":\"ImageObject\",\"inLanguage\":\"es\",\"@id\":\"https:\\\/\\\/secure.gravatar.com\\\/avatar\\\/425ab9f19d054c27b4545ca7b52ad03e40f2ba538fae83498123a674fc2917c0?s=96&d=mm&r=g8890f477e1c4657ed9f93854d6344a54\",\"url\":\"https:\\\/\\\/secure.gravatar.com\\\/avatar\\\/425ab9f19d054c27b4545ca7b52ad03e40f2ba538fae83498123a674fc2917c0?s=96&d=mm&r=g\",\"contentUrl\":\"https:\\\/\\\/secure.gravatar.com\\\/avatar\\\/425ab9f19d054c27b4545ca7b52ad03e40f2ba538fae83498123a674fc2917c0?s=96&d=mm&r=g\",\"caption\":\"Fernando Moreno\"},\"url\":\"https:\\\/\\\/borderlessmag.org\\\/es\\\/author\\\/fernando-moreno\\\/\"}]}<\/script>\n<!-- \/ Yoast SEO Premium plugin. -->","yoast_head_json":{"title":"Encontrar la esperanza en la comunidad mexicana de Wicker Park","description":"Fernando Moreno comparte c\u00f3mo est\u00e1 encontrando consuelo durante la pandemia de COVID-19 a trav\u00e9s de su familia y de la comunidad mexicana del Wicker Park de Chicago.","robots":{"index":"index","follow":"follow","max-snippet":"max-snippet:-1","max-image-preview":"max-image-preview:large","max-video-preview":"max-video-preview:-1"},"canonical":"https:\/\/borderlessmag.org\/es\/2020\/05\/20\/despachos-desde-covid-19-encontrar-esperanza-en-la-comunidad-mexicana-de-wicker-parks\/","og_locale":"es_MX","og_type":"article","og_title":"Dispatches from COVID-19: Finding Hope in Wicker Park\u2019s Mexican Community &#8211; Arts &amp; Culture &#8211; Borderless Magazine NFP","og_description":"Dispatches from COVID-19: Finding Hope in Wicker Park\u2019s Mexican Community &#8211; Arts &amp; Culture &#8211; Borderless Magazine NFP","og_url":"https:\/\/borderlessmag.org\/es\/2020\/05\/20\/despachos-desde-covid-19-encontrar-esperanza-en-la-comunidad-mexicana-de-wicker-parks\/","og_site_name":"Borderless Magazine NFP","article_publisher":"https:\/\/www.facebook.com\/BorderlessMagazine","article_published_time":"2020-05-20T17:46:16+00:00","article_modified_time":"2025-10-08T14:56:49+00:00","og_image":[{"url":"https:\/\/borderlessmag.org\/wordpress\/wp-content\/uploads\/2020\/05\/052020_FernandoMoreno_03_featured.jpg","width":1,"height":1,"type":"image\/jpeg"}],"author":"Fernando Moreno","twitter_card":"summary_large_image","twitter_misc":{"Escrito por":"Fernando Moreno","Tiempo de lectura":"10 minutos","Written by":"Fernando Moreno"},"schema":{"@context":"https:\/\/schema.org","@graph":[{"@type":"NewsArticle","@id":"https:\/\/borderlessmag.org\/2020\/05\/20\/dispatches-from-covid-19-finding-hope-in-wicker-parks-mexican-community\/#article","isPartOf":{"@id":"https:\/\/borderlessmag.org\/2020\/05\/20\/dispatches-from-covid-19-finding-hope-in-wicker-parks-mexican-community\/"},"author":{"name":"Fernando Moreno","@id":"https:\/\/borderlessmag.org\/#\/schema\/person\/3f3394d207d05b2e4f129feaacd31d80"},"headline":"Dispatches from COVID-19: Finding Hope in Wicker Park\u2019s Mexican Community","datePublished":"2020-05-20T17:46:16+00:00","dateModified":"2025-10-08T14:56:49+00:00","mainEntityOfPage":{"@id":"https:\/\/borderlessmag.org\/2020\/05\/20\/dispatches-from-covid-19-finding-hope-in-wicker-parks-mexican-community\/"},"wordCount":1944,"publisher":{"@id":"https:\/\/borderlessmag.org\/#organization"},"image":{"@id":"https:\/\/borderlessmag.org\/2020\/05\/20\/dispatches-from-covid-19-finding-hope-in-wicker-parks-mexican-community\/#primaryimage"},"thumbnailUrl":"https:\/\/borderlessmag.org\/wordpress\/wp-content\/uploads\/2020\/05\/052020_FernandoMoreno_03_featured.jpg","keywords":["Chicago","Chicago Immigration News","Immigration","Mexican","News","Wicker Park"],"articleSection":["Arts &amp; Culture","Environment and Health"],"inLanguage":"es","copyrightYear":"2020","copyrightHolder":{"@id":"https:\/\/borderlessmag.org\/es\/#organization"}},{"@type":"WebPage","@id":"https:\/\/borderlessmag.org\/2020\/05\/20\/dispatches-from-covid-19-finding-hope-in-wicker-parks-mexican-community\/","url":"https:\/\/borderlessmag.org\/2020\/05\/20\/dispatches-from-covid-19-finding-hope-in-wicker-parks-mexican-community\/","name":"Encontrar la esperanza en la comunidad mexicana de Wicker Park","isPartOf":{"@id":"https:\/\/borderlessmag.org\/#website"},"primaryImageOfPage":{"@id":"https:\/\/borderlessmag.org\/2020\/05\/20\/dispatches-from-covid-19-finding-hope-in-wicker-parks-mexican-community\/#primaryimage"},"image":{"@id":"https:\/\/borderlessmag.org\/2020\/05\/20\/dispatches-from-covid-19-finding-hope-in-wicker-parks-mexican-community\/#primaryimage"},"thumbnailUrl":"https:\/\/borderlessmag.org\/wordpress\/wp-content\/uploads\/2020\/05\/052020_FernandoMoreno_03_featured.jpg","datePublished":"2020-05-20T17:46:16+00:00","dateModified":"2025-10-08T14:56:49+00:00","description":"Fernando Moreno comparte c\u00f3mo est\u00e1 encontrando consuelo durante la pandemia de COVID-19 a trav\u00e9s de su familia y de la comunidad mexicana del Wicker Park de Chicago.","inLanguage":"es","potentialAction":[{"@type":"ReadAction","target":["https:\/\/borderlessmag.org\/2020\/05\/20\/dispatches-from-covid-19-finding-hope-in-wicker-parks-mexican-community\/"]}]},{"@type":"ImageObject","inLanguage":"es","@id":"https:\/\/borderlessmag.org\/2020\/05\/20\/dispatches-from-covid-19-finding-hope-in-wicker-parks-mexican-community\/#primaryimage","url":"https:\/\/borderlessmag.org\/wordpress\/wp-content\/uploads\/2020\/05\/052020_FernandoMoreno_03_featured.jpg","contentUrl":"https:\/\/borderlessmag.org\/wordpress\/wp-content\/uploads\/2020\/05\/052020_FernandoMoreno_03_featured.jpg","caption":"La Pasadita, 1140 N Ashland Ave., is a taco restaurant that\u2019s been serving the Wicker Park community for the last 44 years."},{"@type":"WebSite","@id":"https:\/\/borderlessmag.org\/#website","url":"https:\/\/borderlessmag.org\/","name":"Revista Borderless NFP","description":"Historias sobre inmigraci\u00f3n e inmigrantes","publisher":{"@id":"https:\/\/borderlessmag.org\/#organization"},"alternateName":"Borderless","potentialAction":[{"@type":"SearchAction","target":{"@type":"EntryPoint","urlTemplate":"https:\/\/borderlessmag.org\/?s={search_term_string}"},"query-input":{"@type":"PropertyValueSpecification","valueRequired":true,"valueName":"search_term_string"}}],"inLanguage":"es"},{"@type":"Organization","@id":"https:\/\/borderlessmag.org\/#organization","name":"Revista Borderless NFP","alternateName":"Borderless Mag","url":"https:\/\/borderlessmag.org\/","logo":{"@type":"ImageObject","inLanguage":"es","@id":"https:\/\/borderlessmag.org\/#\/schema\/logo\/image\/","url":"https:\/\/borderlessmag.org\/wordpress\/wp-content\/uploads\/2025\/08\/BorderlessLogo_main_square.jpg","contentUrl":"https:\/\/borderlessmag.org\/wordpress\/wp-content\/uploads\/2025\/08\/BorderlessLogo_main_square.jpg","width":696,"height":696,"caption":"Borderless Magazine NFP"},"image":{"@id":"https:\/\/borderlessmag.org\/#\/schema\/logo\/image\/"},"sameAs":["https:\/\/www.facebook.com\/BorderlessMagazine","https:\/\/www.instagram.com\/borderless_mag\/","https:\/\/www.tiktok.com\/@borderless_mag"]},{"@type":"Person","@id":"https:\/\/borderlessmag.org\/#\/schema\/person\/3f3394d207d05b2e4f129feaacd31d80","name":"Fernando Moreno","image":{"@type":"ImageObject","inLanguage":"es","@id":"https:\/\/secure.gravatar.com\/avatar\/425ab9f19d054c27b4545ca7b52ad03e40f2ba538fae83498123a674fc2917c0?s=96&d=mm&r=g8890f477e1c4657ed9f93854d6344a54","url":"https:\/\/secure.gravatar.com\/avatar\/425ab9f19d054c27b4545ca7b52ad03e40f2ba538fae83498123a674fc2917c0?s=96&d=mm&r=g","contentUrl":"https:\/\/secure.gravatar.com\/avatar\/425ab9f19d054c27b4545ca7b52ad03e40f2ba538fae83498123a674fc2917c0?s=96&d=mm&r=g","caption":"Fernando Moreno"},"url":"https:\/\/borderlessmag.org\/es\/author\/fernando-moreno\/"}]}},"cc_featured_image_caption":{"caption_text":"","source_text":"","source_url":""},"_links":{"self":[{"href":"https:\/\/borderlessmag.org\/es\/wp-json\/wp\/v2\/posts\/2552","targetHints":{"allow":["GET"]}}],"collection":[{"href":"https:\/\/borderlessmag.org\/es\/wp-json\/wp\/v2\/posts"}],"about":[{"href":"https:\/\/borderlessmag.org\/es\/wp-json\/wp\/v2\/types\/post"}],"author":[{"embeddable":true,"href":"https:\/\/borderlessmag.org\/es\/wp-json\/wp\/v2\/users\/40"}],"replies":[{"embeddable":true,"href":"https:\/\/borderlessmag.org\/es\/wp-json\/wp\/v2\/comments?post=2552"}],"version-history":[{"count":1,"href":"https:\/\/borderlessmag.org\/es\/wp-json\/wp\/v2\/posts\/2552\/revisions"}],"predecessor-version":[{"id":29768,"href":"https:\/\/borderlessmag.org\/es\/wp-json\/wp\/v2\/posts\/2552\/revisions\/29768"}],"wp:featuredmedia":[{"embeddable":true,"href":"https:\/\/borderlessmag.org\/es\/wp-json\/wp\/v2\/media\/2560"}],"wp:attachment":[{"href":"https:\/\/borderlessmag.org\/es\/wp-json\/wp\/v2\/media?parent=2552"}],"wp:term":[{"taxonomy":"category","embeddable":true,"href":"https:\/\/borderlessmag.org\/es\/wp-json\/wp\/v2\/categories?post=2552"},{"taxonomy":"post_tag","embeddable":true,"href":"https:\/\/borderlessmag.org\/es\/wp-json\/wp\/v2\/tags?post=2552"},{"taxonomy":"author","embeddable":true,"href":"https:\/\/borderlessmag.org\/es\/wp-json\/wp\/v2\/coauthors?post=2552"}],"curies":[{"name":"wp","href":"https:\/\/api.w.org\/{rel}","templated":true}]}}