{"id":25169,"date":"2025-01-30T11:02:28","date_gmt":"2025-01-30T17:02:28","guid":{"rendered":"https:\/\/borderlessmag.org\/?p=25169"},"modified":"2025-02-13T10:49:38","modified_gmt":"2025-02-13T16:49:38","slug":"orden-ejecutiva-trump-politica-de-inmigracion-ciudadania-por-derecho-de-nacimiento","status":"publish","type":"post","link":"https:\/\/borderlessmag.org\/es\/2025\/01\/30\/executive-order-trump-immigration-policy-birthright-citizenship\/","title":{"rendered":"C\u00f3mo las \u00f3rdenes ejecutivas dan forma a la pol\u00edtica de inmigraci\u00f3n de EE.UU."},"content":{"rendered":"\n\t\t<div id=\"fws_69f3ae0fb21e6\"  data-column-margin=\"default\" data-midnight=\"dark\"  class=\"wpb_row vc_row-fluid vc_row\"  style=\"padding-top: 0px; padding-bottom: 0px; \"><div class=\"row-bg-wrap\" data-bg-animation=\"none\" data-bg-animation-delay=\"\" data-bg-overlay=\"false\"><div class=\"inner-wrap row-bg-layer\" ><div class=\"row-bg viewport-desktop\"  style=\"\"><\/div><\/div><\/div><div class=\"row_col_wrap_12 col span_12 dark left\">\n\t<div  class=\"vc_col-sm-2 vc_hidden-sm vc_hidden-xs wpb_column column_container vc_column_container col no-extra-padding inherit_tablet inherit_phone \"  data-padding-pos=\"all\" data-has-bg-color=\"false\" data-bg-color=\"\" data-bg-opacity=\"1\" data-animation=\"\" data-delay=\"0\" >\n\t\t<div class=\"vc_column-inner\" >\n\t\t\t<div class=\"wpb_wrapper\">\n\t\t\t\t\n\t\t\t<\/div> \n\t\t<\/div>\n\t<\/div> \n\n\t<div  class=\"vc_col-sm-8 wpb_column column_container vc_column_container col padding-3-percent inherit_tablet inherit_phone \"  data-padding-pos=\"all\" data-has-bg-color=\"false\" data-bg-color=\"\" data-bg-opacity=\"1\" data-animation=\"\" data-delay=\"0\" >\n\t\t<div class=\"vc_column-inner\" >\n\t\t\t<div class=\"wpb_wrapper\">\n\t\t\t\t\n<div class=\"wpb_text_column wpb_content_element \" >\n\t<p>On his first day in office, President Donald Trump signed 26 executive orders\u00a0\u2014 more than any modern president. A number of those were related to immigration policy, including orders to suspend the U.S. refugee admissions program, designate certain cartel gangs as foreign terrorist groups and cut federal funds from sanctuary jurisdictions that refuse to cooperate with immigration enforcement operations.<\/p>\n<p>Some of those orders took effect instantly and had immediate impacts on the lives of asylum seekers and refugees, such as the suspension of the <a href=\"https:\/\/apnews.com\/article\/trump-immigration-cbp-one-border-app-652854b5f2a4e6ccd6ee2ccc729cbb55\">CBP One app for asylum seekers<\/a> at the border and the <a href=\"https:\/\/www.reuters.com\/world\/us\/trump-administration-canceling-flights-nearly-1660-afghan-refugees-say-us-2025-01-20\/\">cancellation of flights for Afghan refugees who were previously cleared by immigration officials.<\/a><\/p>\n<p>Other executive orders, including his attempt to <a href=\"https:\/\/borderlessmag.org\/2025\/01\/27\/donald-trump-birthright-citizenship-ban-constitution\/\">deny birthright citizenship<\/a> to children of parents without legal status, have faced several legal challenges that have stopped them from taking effect.<\/p>\n<\/div>\n\n\n\n<div class=\"templatera_shortcode\">\n\t\t<div id=\"fws_69f3ae0fb3b1e\"  data-column-margin=\"default\" data-midnight=\"dark\"  class=\"wpb_row vc_row-fluid vc_row vc_row-o-equal-height vc_row-flex vc_row-o-content-middle small\"  style=\"padding-top: 0px; padding-bottom: 0px; \"><div class=\"row-bg-wrap\" data-bg-animation=\"none\" data-bg-animation-delay=\"\" data-bg-overlay=\"false\"><div class=\"inner-wrap row-bg-layer\" ><div class=\"row-bg viewport-desktop\"  style=\"\"><\/div><\/div><\/div><div class=\"row_col_wrap_12 col span_12 dark left\">\n\t<div  class=\"vc_col-sm-12 wpb_column column_container vc_column_container col no-extra-padding inherit_tablet inherit_phone border_color_909090 border_style_solid \"  data-padding-pos=\"all\" data-has-bg-color=\"false\" data-bg-color=\"\" data-bg-opacity=\"1\" data-animation=\"\" data-delay=\"0\" >\n\t\t<div class=\"vc_column-inner\" >\n\t\t\t<div class=\"wpb_wrapper\">\n\t\t\t\t\n\t\t<div id=\"fws_69f3ae0fb471d\"  data-column-margin=\"default\" data-midnight=\"dark\"  class=\"wpb_row vc_row-fluid vc_row vc_row-o-equal-height vc_row-flex vc_row-o-content-middle large top_margin_20px bottom_margin_20px\"  style=\"padding-top: 0px; padding-bottom: 0px; \"><div class=\"row-bg-wrap\" data-bg-animation=\"none\" data-bg-animation-delay=\"\" data-bg-overlay=\"true\"><div class=\"inner-wrap row-bg-layer\" ><div class=\"row-bg viewport-desktop\"  style=\"\"><\/div><\/div><div class=\"row-bg-overlay row-bg-layer\" style=\"background: #FFFFFF; background: linear-gradient(90deg,#FFFFFF 0%,#FFFFFF 100%);  opacity: 1; \"><\/div><\/div><div class=\"row_col_wrap_12 col span_12 dark left\">\n\t<div  class=\"vc_col-sm-12 wpb_column column_container vc_column_container col padding-3-percent force-phone-text-align-center inherit_tablet inherit_phone border_top_desktop_1px border_bottom_desktop_1px border_color_FFFFFF border_style_solid \"  data-padding-pos=\"all\" data-has-bg-color=\"false\" data-bg-color=\"\" data-bg-opacity=\"1\" data-animation=\"\" data-delay=\"0\" >\n\t\t<div class=\"vc_column-inner\" >\n\t\t\t<div class=\"wpb_wrapper\">\n\t\t\t\t<div id=\"fws_69f3ae0fb4e1f\" data-midnight=\"\" data-column-margin=\"default\" class=\"wpb_row vc_row-fluid vc_row inner_row vc_row-o-equal-height vc_row-flex vc_row-o-content-middle\"  style=\"\"><div class=\"row-bg-wrap\"> <div class=\"row-bg\" ><\/div> <\/div><div class=\"row_col_wrap_12_inner col span_12  left\">\n\t<div  class=\"vc_col-sm-7 wpb_column column_container vc_column_container col child_column no-extra-padding inherit_tablet inherit_phone \"   data-padding-pos=\"all\" data-has-bg-color=\"false\" data-bg-color=\"\" data-bg-opacity=\"1\" data-animation=\"\" data-delay=\"0\" >\n\t\t<div class=\"vc_column-inner\" >\n\t\t<div class=\"wpb_wrapper\">\n\t\t\t\n<div class=\"wpb_text_column wpb_content_element \" >\n\t<h4 id=\"news-that-puts-power-under-the-spotlight-and-communities-at-the-center\"><strong>News that puts power under the spotlight and communities at the center.<\/strong><\/h4>\n<p>Sign up for our free newsletter and get updates twice a week.<\/p>\n<\/div>\n\n\n\n\n\t\t<\/div> \n\t<\/div>\n\t<\/div> \n\n\t<div style=\"margin-top: -20px; \" class=\"vc_col-sm-5 wpb_column column_container vc_column_container col child_column neg-marg no-extra-padding inherit_tablet inherit_phone \"   data-padding-pos=\"all\" data-has-bg-color=\"false\" data-bg-color=\"\" data-bg-opacity=\"1\" data-animation=\"\" data-delay=\"0\" >\n\t\t<div class=\"vc_column-inner\" >\n\t\t<div class=\"wpb_wrapper\">\n\t\t\t\n\t<div class=\"wpb_raw_code wpb_raw_html wpb_content_element\" >\n\t\t<div class=\"wpb_wrapper\">\n\t\t\t<div class=\"_form_1\"><\/div><script src=\"https:\/\/borderlessmag.bluelena.io\/f\/embed.php?id=1\" charset=\"utf-8\"><\/script>\n\t\t<\/div>\n\t<\/div>\n\n\t\t<\/div> \n\t<\/div>\n\t<\/div> \n<\/div><\/div>\n\t\t\t<\/div> \n\t\t<\/div>\n\t<\/div> \n<\/div><\/div>\n\n\t\t\t<\/div> \n\t\t<\/div>\n\t<\/div> \n<\/div><\/div><\/div>\n<div class=\"wpb_text_column wpb_content_element \" >\n\t<p>Amid the slew of executive orders, Borderless spoke to Colleen Putzel-Kavanaugh of the Migration Policy Institute (MPI) to explain executive orders, their limitations and the implications of using them to handle immigration policy.<\/p>\n<p><i>Colleen Putzel-Kavanaugh is an associate policy analyst with MPI&#8217;s U.S. Immigration Policy Program. MPI is an independent, nonpartisan think tank that conducts research and analysis on immigration policy.<\/i><\/p>\n<p><i>This interview has been edited for length and clarity.<\/i><\/p>\n<p><b>Borderless: What is an executive order?<\/b><\/p>\n<p><b>Colleen Putzel-Kavanaugh:<\/b> An executive order is an order given by the President to implement some sort of policy; it&#8217;s a policy directive. They function similarly to a law in that they need to be followed \u2014 but they don&#8217;t go through Congress, which leaves them wide open to litigation. That\u2019s why we\u2019ve seen so much back and forth with immigration policy via executive order. They could be in place, be litigated and then not be in place anymore.<\/p>\n<p><b>When does an executive order take effect? And does it happen immediately after one is issued?<\/b><\/p>\n<p>It depends on the order. Sometimes, an executive order gives a directive to take effect in a certain number of days. Sometimes, it would be effective immediately. Sometimes, an executive order sets up for something else.<\/p>\n<p><b>Is it common for a President to use executive orders to change immigration policy and why?<\/b><\/p>\n<p>Executive orders have played a huge part in immigration policy, particularly in the last 30 years. Up until recently, when Congress passed the Laken Riley Act, Congress hadn&#8217;t passed an immigration bill in about 30 years. Immigration bills typically died in Congress or didn&#8217;t get signed by the president. What that meant was that nothing actually changed within immigration policy unless it happened via executive order.<\/p>\n<p>In light of the recent passage of the Laken Riley Act, it&#8217;s really hard to know if that trend will continue. Will this Congress be more open to passing immigration legislation?<\/p>\n<p><b>To what extent can executive orders change immigration policy? What are some other limitations to enacting executive orders?<\/b><\/p>\n<p>We&#8217;ve heard about the Trump administration wanting to enact a mass deportation campaign. The executive orders that have been signed lay some groundwork for such an effort, but many of the directives include things such as \u201cICE needs to expand its detention capacity,\u201d or \u201cX number of agents need to be hired.\u201d<\/p>\n<p>While those are directives, they&#8217;re not always easy to implement because of the operational realities on the ground. Part of the limitation of executive orders is resources because they don&#8217;t come with any additional funding for these agencies to carry out their directives.<\/p>\n<p>Not only are there operational challenges, but executive orders can mean that immigration agencies are spread very thin. It can throw sand in the gears of all of these different operations that need to happen all at once.<\/p>\n<p>However, we are seeing more and more guidance being issued to different agencies after executive orders are signed. That matters because executive orders say really, really big ideas \u2014\u00a0but the nitty-gritty of how to actually enact an executive order often comes in the guidance to agencies that follows.<\/p>\n<\/div>\n\n\n\n\n\t\t\t<\/div> \n\t\t<\/div>\n\t<\/div> \n\n\t<div  class=\"vc_col-sm-2 vc_hidden-sm vc_hidden-xs wpb_column column_container vc_column_container col no-extra-padding inherit_tablet inherit_phone \"  data-padding-pos=\"all\" data-has-bg-color=\"false\" data-bg-color=\"\" data-bg-opacity=\"1\" data-animation=\"\" data-delay=\"0\" >\n\t\t<div class=\"vc_column-inner\" >\n\t\t\t<div class=\"wpb_wrapper\">\n\t\t\t\t\n\t\t\t<\/div> \n\t\t<\/div>\n\t<\/div> \n<\/div><\/div>\n\t\t<div id=\"fws_69f3ae0fb6bd9\"  data-column-margin=\"default\" data-midnight=\"dark\"  class=\"wpb_row vc_row-fluid vc_row article-image\"  style=\"padding-top: 0px; padding-bottom: 0px; \"><div class=\"row-bg-wrap\" data-bg-animation=\"none\" data-bg-animation-delay=\"\" data-bg-overlay=\"false\"><div class=\"inner-wrap row-bg-layer\" ><div class=\"row-bg viewport-desktop\"  style=\"\"><\/div><\/div><\/div><div class=\"row_col_wrap_12 col span_12 dark left\">\n\t<div  class=\"vc_col-sm-12 wpb_column column_container vc_column_container col no-extra-padding inherit_tablet inherit_phone \"  data-padding-pos=\"all\" data-has-bg-color=\"false\" data-bg-color=\"\" data-bg-opacity=\"1\" data-animation=\"\" data-delay=\"0\" >\n\t\t<div class=\"vc_column-inner\" >\n\t\t\t<div class=\"wpb_wrapper\">\n\t\t\t\t<div class=\"img-with-aniamtion-wrap center\" data-max-width=\"100%\" data-max-width-mobile=\"default\" data-shadow=\"none\" data-animation=\"fade-in\" >\r\n      <div class=\"inner\">\r\n        <div class=\"hover-wrap\"> \r\n          <div class=\"hover-wrap-inner\">\r\n            <img decoding=\"async\" class=\"img-with-animation skip-lazy \" data-delay=\"0\" height=\"1280\" width=\"1920\" data-animation=\"fade-in\" src=\"https:\/\/borderlessmag.org\/wordpress\/wp-content\/uploads\/2025\/01\/2024_01_30_ExecutiveOrder_QA_02.jpg\" alt=\"\" srcset=\"https:\/\/borderlessmag.org\/wordpress\/wp-content\/uploads\/2025\/01\/2024_01_30_ExecutiveOrder_QA_02.jpg 1920w, https:\/\/borderlessmag.org\/wordpress\/wp-content\/uploads\/2025\/01\/2024_01_30_ExecutiveOrder_QA_02-1536x1024.jpg 1536w, https:\/\/borderlessmag.org\/wordpress\/wp-content\/uploads\/2025\/01\/2024_01_30_ExecutiveOrder_QA_02-18x12.jpg 18w, https:\/\/borderlessmag.org\/wordpress\/wp-content\/uploads\/2025\/01\/2024_01_30_ExecutiveOrder_QA_02-150x100.jpg 150w, https:\/\/borderlessmag.org\/wordpress\/wp-content\/uploads\/2025\/01\/2024_01_30_ExecutiveOrder_QA_02-240x160.jpg 240w, https:\/\/borderlessmag.org\/wordpress\/wp-content\/uploads\/2025\/01\/2024_01_30_ExecutiveOrder_QA_02-300x200.jpg 300w, https:\/\/borderlessmag.org\/wordpress\/wp-content\/uploads\/2025\/01\/2024_01_30_ExecutiveOrder_QA_02-600x400.jpg 600w, https:\/\/borderlessmag.org\/wordpress\/wp-content\/uploads\/2025\/01\/2024_01_30_ExecutiveOrder_QA_02-900x600.jpg 900w, https:\/\/borderlessmag.org\/wordpress\/wp-content\/uploads\/2025\/01\/2024_01_30_ExecutiveOrder_QA_02-1200x800.jpg 1200w, https:\/\/borderlessmag.org\/wordpress\/wp-content\/uploads\/2025\/01\/2024_01_30_ExecutiveOrder_QA_02-1500x1000.jpg 1500w, https:\/\/borderlessmag.org\/wordpress\/wp-content\/uploads\/2025\/01\/2024_01_30_ExecutiveOrder_QA_02-1245x830.jpg 1245w, https:\/\/borderlessmag.org\/wordpress\/wp-content\/uploads\/2025\/01\/2024_01_30_ExecutiveOrder_QA_02-768x512.jpg 768w\" sizes=\"(min-width: 1450px) 75vw, (min-width: 1000px) 85vw, 100vw\" \/>\r\n         <\/div>\r\n      <\/div><span class=\"vc_figure-caption ccfic-text media-caption\">Colleen Putzel-Kavanaugh is an Associate Policy Analyst at the Migration Policy Institute.<\/span><span class=\"media-credit\">Photo courtesy of Colleen Putzel-Kavanaugh<\/span><\/div><\/div>\n\t\t\t<\/div> \n\t\t<\/div>\n\t<\/div> \n<\/div><\/div>\n\t\t<div id=\"fws_69f3ae0fb7b53\"  data-column-margin=\"default\" data-midnight=\"dark\"  class=\"wpb_row vc_row-fluid vc_row\"  style=\"padding-top: 0px; padding-bottom: 0px; \"><div class=\"row-bg-wrap\" data-bg-animation=\"none\" data-bg-animation-delay=\"\" data-bg-overlay=\"false\"><div class=\"inner-wrap row-bg-layer\" ><div class=\"row-bg viewport-desktop\"  style=\"\"><\/div><\/div><\/div><div class=\"row_col_wrap_12 col span_12 dark left\">\n\t<div  class=\"vc_col-sm-2 vc_hidden-sm vc_hidden-xs wpb_column column_container vc_column_container col no-extra-padding inherit_tablet inherit_phone \"  data-padding-pos=\"all\" data-has-bg-color=\"false\" data-bg-color=\"\" data-bg-opacity=\"1\" data-animation=\"\" data-delay=\"0\" >\n\t\t<div class=\"vc_column-inner\" >\n\t\t\t<div class=\"wpb_wrapper\">\n\t\t\t\t\n\t\t\t<\/div> \n\t\t<\/div>\n\t<\/div> \n\n\t<div  class=\"vc_col-sm-8 wpb_column column_container vc_column_container col padding-3-percent inherit_tablet inherit_phone \"  data-padding-pos=\"all\" data-has-bg-color=\"false\" data-bg-color=\"\" data-bg-opacity=\"1\" data-animation=\"\" data-delay=\"0\" >\n\t\t<div class=\"vc_column-inner\" >\n\t\t\t<div class=\"wpb_wrapper\">\n\t\t\t\t\n<div class=\"wpb_text_column wpb_content_element \" >\n\t<p><b>Have there been any long-term impacts on immigration policy that stem from an executive order? If so, what are some examples you can share?<\/b><\/p>\n<p>A lot of border measures might have a decrease in irregular border arrivals for a couple of months, and then it would go back up again. However, the <a href=\"https:\/\/www.dhs.gov\/archive\/securing-border\">Secure the Border rule<\/a> that happened in June [under President Joe Biden], coupled with different options for people to migrate more regularly\u00a0as well as increased enforcement from countries like Mexico or Panama, all came together to see this reduction in border arrivals.<\/p>\n<p><b>Biden\u2019s executive order to limit asylum at the border lived on past the end of his term. Is that common? Or is it more common for presidents \u2014 as Trump did in his first week in office \u2014 to rewrite and rescind executive orders issued in a previous administration? That is, do executive orders often change between presidential terms?<\/b><\/p>\n<p>We&#8217;ve seen a lot of flip-flop. One example is the interior guidance for ICE about who should be the top priorities for ICE for removal. Under Trump, essentially everyone and functionally anyone who had a removal order or who was in the country unauthorized was prioritized. Under the Biden administration, we saw those priorities narrowed, but now those policies have been rescinded, and we&#8217;re back to functionally targeting everyone who could be subject to removal.<\/p>\n<p>But then we&#8217;ve seen other rules have durability, like the \u201cRemain in Mexico\u201d program.<\/p>\n<\/div>\n\n\n\n<div id=\"fws_69f3ae0fb8782\" data-midnight=\"\" data-column-margin=\"default\" class=\"wpb_row vc_row-fluid vc_row inner_row\"  style=\"\"><div class=\"row-bg-wrap\"> <div class=\"row-bg\" ><\/div> <\/div><div class=\"row_col_wrap_12_inner col span_12  left\">\n\t<div  class=\"vc_col-sm-12 wpb_column column_container vc_column_container col child_column no-extra-padding inherit_tablet inherit_phone border_bottom_desktop_1px border_color_000000 border_style_solid \"   data-padding-pos=\"all\" data-has-bg-color=\"false\" data-bg-color=\"\" data-bg-opacity=\"1\" data-animation=\"\" data-delay=\"0\" >\n\t\t<div class=\"vc_column-inner\" >\n\t\t<div class=\"wpb_wrapper\">\n\t\t\t<div class=\"vc_separator wpb_content_element vc_separator_align_center vc_sep_width_100 vc_sep_pos_align_center vc_sep_color_black wpb_content_element vc_separator-has-text\" ><span class=\"vc_sep_holder vc_sep_holder_l\"><span class=\"vc_sep_line\"><\/span><\/span><h4 id=\"read-more-of-our-coverage\">Read More of Our Coverage<\/h4><span class=\"vc_sep_holder vc_sep_holder_r\"><span class=\"vc_sep_line\"><\/span><\/span>\n<\/div>\n<div class=\"wpb_text_column wpb_content_element \" >\n\t\t\t<div class=\"pk-inline-posts\">\n\t\t\t\n\t\t\t<div class=\"pk-inline-posts-container pk-inline-posts-template-list\"\n\t\t\t\tdata-columns=\"1\">\n\t\t\t\t\t\t<article id=\"post-33156\" class=\"post-33156 post type-post status-publish format-standard has-post-thumbnail category-environmentandhealth category-featured category-immigration-policy category-latest tag-illinoishospitals\">\n\t\t\t<div class=\"pk-post-outer\">\n\n\t\t\t\t\t\t\t\t<div class=\"pk-post-inner\">\n\t\t\t\t\t<div class=\"entry-thumbnail\">\n\t\t\t\t\t\t<div class=\"pk-overlay pk-overlay-ratio pk-ratio-landscape\">\n\t\t\t\t\t\t\t<div class=\"pk-overlay-background\">\n\t\t\t\t\t\t\t\t<a href=\"https:\/\/borderlessmag.org\/es\/2026\/04\/30\/illinois-hospitals-healthcare-sanctity-privacy-law-immigration-ice-pritzker\/\" class=\"pk-overlay-link\">\n\t\t\t\t\t\t\t\t\t<img decoding=\"async\" width=\"300\" height=\"225\" src=\"https:\/\/borderlessmag.org\/wordpress\/wp-content\/uploads\/2026\/04\/2026.04.30-PritzkerHospitalBill_HPHealth_Featured-300x225.jpg\" class=\"attachment-pk-thumbnail size-pk-thumbnail wp-post-image\" alt=\"The entrance to Humboldt Park Health on a sunny day.\" \/>\t\t\t\t\t\t\t\t<\/a>\n\t\t\t\t\t\t\t<\/div>\n\t\t\t\t\t\t<\/div>\n\t\t\t\t\t<\/div>\n\t\t\t\t<\/div>\n\t\t\t\t\n\t\t\t\t<div class=\"pk-post-inner\">\n\t\t\t\t\t<header>\n\t\t\t\t\t\t<h3 class=\"pk-title\"><a href=\"https:\/\/borderlessmag.org\/es\/2026\/04\/30\/illinois-hospitals-healthcare-sanctity-privacy-law-immigration-ice-pritzker\/\" rel=\"bookmark\">Illinois Hospitals Set Protocols for ICE. Whether Federal Agents Will Follow Them Is Not Clear.<\/a><\/h3>\t\t\t\t\t\t\t<div class=\"pk-post-meta\">\n\t\t\t\t\t\t\t\t<span class=\"pk-meta-author meta-author\"><span class=\"author vcard\"><a class=\"url fn n\" href=\"https:\/\/borderlessmag.org\/es\/author\/katrina\/\" title=\"View all posts by Katrina Pham\">Katrina Pham<\/a><\/span><\/span>\t\t\t\t\t\t\t\t<span class=\"sep\">\u00b7<\/span>\n\t\t\t\t\t\t\t\t<span class=\"pk-meta-date meta-date\"><a href=\"https:\/\/borderlessmag.org\/es\/2026\/04\/30\/illinois-hospitals-healthcare-sanctity-privacy-law-immigration-ice-pritzker\/\" rel=\"bookmark\">abril 30, 2026<\/a><\/span>\t\t\t\t\t\t\t<\/div>\n\t\t\t\t\t\t\t\t\t\t\t\t<\/header><!-- .entry-header -->\n\t\t\t\t<\/div><!-- .post-inner -->\n\n\t\t\t<\/div><!-- .post-outer -->\n\t\t<\/article>\n\t\t\t\t<\/div>\n\t\t<\/div>\n\t\t\n<\/div>\n\n\n\n\n\t\t<\/div> \n\t<\/div>\n\t<\/div> \n<\/div><\/div>\n<div class=\"wpb_text_column wpb_content_element \" >\n\t<p><b>In his first term, Trump only signed one executive order on his first day in office. This time around, Trump signed 26 executive orders on his first day, more than any modern president. How would you compare Trump\u2019s week one approach to immigration this term versus his previous term?\u00a0<\/b><\/p>\n<p>The Trump administration is coming into its second term with both the benefit of time and hindsight, having had four years to prepare and know what worked and didn\u2019t work previously.<\/p>\n<p>Many of his executive orders are already facing challenges, as they did in his first term, and may continue to face challenges, but we also see this combination that we didn&#8217;t see before: It&#8217;s not just a lot of orders; It&#8217;s a package of orders coming together to potentially change a lot of pieces of the immigration system as we currently know it.<\/p>\n<p>In the first term, they ordered a ban on travel from certain countries right away, and that was instantly litigated. This time, the executive order calls for reporting back to see if a travel ban is necessary for certain countries, so it&#8217;s somewhat enhanced.<\/p>\n<p><b>Some of his newly signed executive orders, like birthright citizenship, face legal challenges. What comes next?\u00a0<\/b><\/p>\n<p>It really depends on each different case. What&#8217;s also complicated is that there are often multiple cases against one of the executive orders. The birthright citizenship order, for example, has several different legal cases, so the lifetime of each of those cases may be different.<\/p>\n<p>The next steps would be to determine whether this is prohibited from going into effect or if it will still go into effect in some way.<\/p>\n<p><b>Is there anything else readers should understand as they hear more about executive orders?<\/b><\/p>\n<p>We&#8217;re seeing a litany of things coming out right now, both executive charters and rules published in the federal register and guidance to the agencies on carrying out these directives. I think that creates so much confusion and fear for people. Communities around the country are already really experiencing a chilling effect because of these.<\/p>\n<p>An executive order is a messaging tactic as much as it is a policy tactic. So, I always remind myself that executive orders are really important to pay attention to but are not necessarily something that will have immediate impacts because of all of the hurdles for those things to be put in place.<\/p>\n<p>This is just a reminder that fear, shock and awe are part of the tactic as much as changing policy on the ground is.<\/p>\n<p><i>Katrina Pham is Borderless Magazine\u2019s audience engagement reporter. Email Katrina at katrina@borderlessmag.org.<\/i><\/p>\n<p><i>Aydali Campa is a Report for America corps member and covers environmental justice and immigrant communities for Borderless Magazine. Send her an email at aydali@borderlessmag.org<\/i><\/p>\n<\/div>\n\n\n\n\n\t\t\t<\/div> \n\t\t<\/div>\n\t<\/div> \n\n\t<div  class=\"vc_col-sm-2 vc_hidden-sm vc_hidden-xs wpb_column column_container vc_column_container col no-extra-padding inherit_tablet inherit_phone \"  data-padding-pos=\"all\" data-has-bg-color=\"false\" data-bg-color=\"\" data-bg-opacity=\"1\" data-animation=\"\" data-delay=\"0\" >\n\t\t<div class=\"vc_column-inner\" >\n\t\t\t<div class=\"wpb_wrapper\">\n\t\t\t\t\n\t<div class=\"wpb_widgetised_column wpb_content_element\">\n\t\t<div id=\"sidebar\" data-nectar-ss=\"true\" class=\"wpb_wrapper\">\n\t\t\t<div id=\"custom_html-4 1articleright\" class=\"widget_text widget widget_custom_html\"><h3 id=\"wordpress-popular-posts\" class=\"widget-title\">WordPress Popular Posts<\/h3><div class=\"textwidget custom-html-widget\"><h4 id=\"trending-posts\" class=\"widget-title\">Trending Posts<\/h4><div class=\"wpp-shortcode\"><script type=\"application\/json\" data-id=\"wpp-shortcode-inline-js\">{\"title\":\"Trending Posts\",\"limit\":\"3\",\"offset\":0,\"range\":\"custom\",\"time_quantity\":\"124\",\"time_unit\":\"day\",\"freshness\":\"1\",\"order_by\":\"views\",\"post_type\":\"post\",\"pid\":\"\",\"exclude\":\"\",\"cat\":\"\",\"taxonomy\":\"category\",\"term_id\":\"\",\"author\":\"\",\"shorten_title\":{\"active\":false,\"length\":0,\"words\":false},\"post-excerpt\":{\"active\":false,\"length\":0,\"keep_format\":false,\"words\":false},\"thumbnail\":{\"active\":true,\"build\":\"predefined\",\"width\":\"240\",\"height\":\"160\"},\"rating\":false,\"stats_tag\":{\"comment_count\":false,\"views\":false,\"author\":false,\"date\":{\"active\":false,\"format\":\"F j, Y\"},\"category\":false,\"taxonomy\":{\"active\":false,\"name\":\"category\"}},\"markup\":{\"custom_html\":true,\"wpp-start\":\"&lt;ul class=&quot;wpp-list wpp-cardview&quot;&gt;\",\"wpp-end\":\"&lt;\\\/ul&gt;\",\"title-start\":\"&lt;h4 class=&quot;widget-title&quot;&gt;\",\"title-end\":\"&lt;\\\/h4&gt;\",\"post-html\":\"&lt;li&gt;{thumb} {title} {stats}&lt;\\\/li&gt;\"},\"theme\":{\"name\":\"\"}}<\/script><div class=\"wpp-shortcode-placeholder\"><\/div><\/div><\/div><\/div>\n\t\t<\/div> \n\t<\/div> \n\t\t\t<\/div> \n\t\t<\/div>\n\t<\/div> \n<\/div><\/div>\n","protected":false},"excerpt":{"rendered":"<p>El uso de \u00f3rdenes ejecutivas para cambiar la pol\u00edtica de inmigraci\u00f3n de Estados Unidos no es algo nuevo. Tampoco es tan f\u00e1cil de implementar como podr\u00eda pensarse.<\/p>","protected":false},"author":140,"featured_media":25163,"comment_status":"closed","ping_status":"closed","sticky":false,"template":"","format":"standard","meta":{"inline_featured_image":false,"footnotes":""},"categories":[1],"tags":[705],"coauthors":[471,566],"class_list":{"0":"post-25169","1":"post","2":"type-post","3":"status-publish","4":"format-standard","5":"has-post-thumbnail","7":"category-immigration-policy","8":"tag-executiveorder"},"yoast_head":"<!-- This site is optimized with the Yoast SEO Premium plugin v27.3 (Yoast SEO v27.3) - https:\/\/yoast.com\/product\/yoast-seo-premium-wordpress\/ -->\n<title>Trump is Signing Dozens of Executive Orders. How Do They Work? &#8211; Borderless Magazine NFP<\/title>\n<meta name=\"description\" content=\"President Donald Trump has signed a slew of executive orders targeting DEI initiatives and birthright citizenship. But there are limits to presidential power.\" \/>\n<meta name=\"robots\" content=\"index, follow, max-snippet:-1, max-image-preview:large, max-video-preview:-1\" \/>\n<link rel=\"canonical\" href=\"https:\/\/borderlessmag.org\/es\/2025\/01\/30\/orden-ejecutiva-trump-politica-de-inmigracion-ciudadania-por-derecho-de-nacimiento\/\" \/>\n<meta property=\"og:locale\" content=\"es_MX\" \/>\n<meta property=\"og:type\" content=\"article\" \/>\n<meta property=\"og:title\" content=\"How Executive Orders Shape U.S. Immigration Policy &#8211; Borderless Magazine NFP\" \/>\n<meta property=\"og:description\" content=\"How Executive Orders Shape U.S. Immigration Policy &#8211; Borderless Magazine NFP\" \/>\n<meta property=\"og:url\" content=\"https:\/\/borderlessmag.org\/es\/2025\/01\/30\/orden-ejecutiva-trump-politica-de-inmigracion-ciudadania-por-derecho-de-nacimiento\/\" \/>\n<meta property=\"og:site_name\" content=\"Borderless Magazine NFP\" \/>\n<meta property=\"article:publisher\" content=\"https:\/\/www.facebook.com\/BorderlessMagazine\" \/>\n<meta property=\"article:published_time\" content=\"2025-01-30T17:02:28+00:00\" \/>\n<meta property=\"article:modified_time\" content=\"2025-02-13T16:49:38+00:00\" \/>\n<meta property=\"og:image\" content=\"https:\/\/borderlessmag.org\/wordpress\/wp-content\/uploads\/2025\/01\/2025_01_25_TrumpProtest_02.jpg\" \/>\n\t<meta property=\"og:image:width\" content=\"1920\" \/>\n\t<meta property=\"og:image:height\" content=\"1280\" \/>\n\t<meta property=\"og:image:type\" content=\"image\/jpeg\" \/>\n<meta name=\"author\" content=\"Katrina Pham\" \/>\n<meta name=\"twitter:card\" content=\"summary_large_image\" \/>\n<meta name=\"twitter:label1\" content=\"Escrito por\" \/>\n\t<meta name=\"twitter:data1\" content=\"Katrina Pham\" \/>\n\t<meta name=\"twitter:label2\" content=\"Tiempo de lectura\" \/>\n\t<meta name=\"twitter:data2\" content=\"13 minutos\" \/>\n\t<meta name=\"twitter:label3\" content=\"Written by\" \/>\n\t<meta name=\"twitter:data3\" content=\"Katrina Pham\" \/>\n<script type=\"application\/ld+json\" class=\"yoast-schema-graph\">{\"@context\":\"https:\\\/\\\/schema.org\",\"@graph\":[{\"@type\":\"NewsArticle\",\"@id\":\"https:\\\/\\\/borderlessmag.org\\\/2025\\\/01\\\/30\\\/executive-order-trump-immigration-policy-birthright-citizenship\\\/#article\",\"isPartOf\":{\"@id\":\"https:\\\/\\\/borderlessmag.org\\\/2025\\\/01\\\/30\\\/executive-order-trump-immigration-policy-birthright-citizenship\\\/\"},\"author\":{\"name\":\"Katrina Pham\",\"@id\":\"https:\\\/\\\/borderlessmag.org\\\/#\\\/schema\\\/person\\\/bc9a5fb04ea9648eccfe947e70e83171\"},\"headline\":\"How Executive Orders Shape U.S. Immigration Policy\",\"datePublished\":\"2025-01-30T17:02:28+00:00\",\"dateModified\":\"2025-02-13T16:49:38+00:00\",\"mainEntityOfPage\":{\"@id\":\"https:\\\/\\\/borderlessmag.org\\\/2025\\\/01\\\/30\\\/executive-order-trump-immigration-policy-birthright-citizenship\\\/\"},\"wordCount\":2532,\"publisher\":{\"@id\":\"https:\\\/\\\/borderlessmag.org\\\/#organization\"},\"image\":{\"@id\":\"https:\\\/\\\/borderlessmag.org\\\/2025\\\/01\\\/30\\\/executive-order-trump-immigration-policy-birthright-citizenship\\\/#primaryimage\"},\"thumbnailUrl\":\"https:\\\/\\\/borderlessmag.org\\\/wordpress\\\/wp-content\\\/uploads\\\/2025\\\/01\\\/2025_01_25_TrumpProtest_02.jpg\",\"keywords\":[\"ExecutiveOrder\"],\"articleSection\":[\"Immigration Policy\"],\"inLanguage\":\"es\",\"copyrightYear\":\"2026\",\"copyrightHolder\":{\"@id\":\"https:\\\/\\\/borderlessmag.org\\\/es\\\/#organization\"}},{\"@type\":\"WebPage\",\"@id\":\"https:\\\/\\\/borderlessmag.org\\\/2025\\\/01\\\/30\\\/executive-order-trump-immigration-policy-birthright-citizenship\\\/\",\"url\":\"https:\\\/\\\/borderlessmag.org\\\/2025\\\/01\\\/30\\\/executive-order-trump-immigration-policy-birthright-citizenship\\\/\",\"name\":\"Trump is Signing Dozens of Executive Orders. How Do They Work? &#8211; Borderless Magazine NFP\",\"isPartOf\":{\"@id\":\"https:\\\/\\\/borderlessmag.org\\\/#website\"},\"primaryImageOfPage\":{\"@id\":\"https:\\\/\\\/borderlessmag.org\\\/2025\\\/01\\\/30\\\/executive-order-trump-immigration-policy-birthright-citizenship\\\/#primaryimage\"},\"image\":{\"@id\":\"https:\\\/\\\/borderlessmag.org\\\/2025\\\/01\\\/30\\\/executive-order-trump-immigration-policy-birthright-citizenship\\\/#primaryimage\"},\"thumbnailUrl\":\"https:\\\/\\\/borderlessmag.org\\\/wordpress\\\/wp-content\\\/uploads\\\/2025\\\/01\\\/2025_01_25_TrumpProtest_02.jpg\",\"datePublished\":\"2025-01-30T17:02:28+00:00\",\"dateModified\":\"2025-02-13T16:49:38+00:00\",\"description\":\"President Donald Trump has signed a slew of executive orders targeting DEI initiatives and birthright citizenship. But there are limits to presidential power.\",\"inLanguage\":\"es\",\"potentialAction\":[{\"@type\":\"ReadAction\",\"target\":[\"https:\\\/\\\/borderlessmag.org\\\/2025\\\/01\\\/30\\\/executive-order-trump-immigration-policy-birthright-citizenship\\\/\"]}]},{\"@type\":\"ImageObject\",\"inLanguage\":\"es\",\"@id\":\"https:\\\/\\\/borderlessmag.org\\\/2025\\\/01\\\/30\\\/executive-order-trump-immigration-policy-birthright-citizenship\\\/#primaryimage\",\"url\":\"https:\\\/\\\/borderlessmag.org\\\/wordpress\\\/wp-content\\\/uploads\\\/2025\\\/01\\\/2025_01_25_TrumpProtest_02.jpg\",\"contentUrl\":\"https:\\\/\\\/borderlessmag.org\\\/wordpress\\\/wp-content\\\/uploads\\\/2025\\\/01\\\/2025_01_25_TrumpProtest_02.jpg\",\"width\":1920,\"height\":1280,\"caption\":\"Demonstrators rally near the Chicago Water Tower during a protest of president Donald Trump and his policies on Saturday, Jan. 25, 2025.\"},{\"@type\":\"WebSite\",\"@id\":\"https:\\\/\\\/borderlessmag.org\\\/#website\",\"url\":\"https:\\\/\\\/borderlessmag.org\\\/\",\"name\":\"Borderless Magazine NFP\",\"description\":\"Stories about immigration and immigrants\",\"publisher\":{\"@id\":\"https:\\\/\\\/borderlessmag.org\\\/#organization\"},\"alternateName\":\"Borderless\",\"potentialAction\":[{\"@type\":\"SearchAction\",\"target\":{\"@type\":\"EntryPoint\",\"urlTemplate\":\"https:\\\/\\\/borderlessmag.org\\\/?s={search_term_string}\"},\"query-input\":{\"@type\":\"PropertyValueSpecification\",\"valueRequired\":true,\"valueName\":\"search_term_string\"}}],\"inLanguage\":\"es\"},{\"@type\":\"Organization\",\"@id\":\"https:\\\/\\\/borderlessmag.org\\\/#organization\",\"name\":\"Borderless Magazine NFP\",\"alternateName\":\"Borderless Mag\",\"url\":\"https:\\\/\\\/borderlessmag.org\\\/\",\"logo\":{\"@type\":\"ImageObject\",\"inLanguage\":\"es\",\"@id\":\"https:\\\/\\\/borderlessmag.org\\\/#\\\/schema\\\/logo\\\/image\\\/\",\"url\":\"https:\\\/\\\/borderlessmag.org\\\/wordpress\\\/wp-content\\\/uploads\\\/2025\\\/08\\\/BorderlessLogo_main_square.jpg\",\"contentUrl\":\"https:\\\/\\\/borderlessmag.org\\\/wordpress\\\/wp-content\\\/uploads\\\/2025\\\/08\\\/BorderlessLogo_main_square.jpg\",\"width\":696,\"height\":696,\"caption\":\"Borderless Magazine NFP\"},\"image\":{\"@id\":\"https:\\\/\\\/borderlessmag.org\\\/#\\\/schema\\\/logo\\\/image\\\/\"},\"sameAs\":[\"https:\\\/\\\/www.facebook.com\\\/BorderlessMagazine\",\"https:\\\/\\\/www.instagram.com\\\/borderless_mag\\\/\",\"https:\\\/\\\/www.tiktok.com\\\/@borderless_mag\"]},{\"@type\":\"Person\",\"@id\":\"https:\\\/\\\/borderlessmag.org\\\/#\\\/schema\\\/person\\\/bc9a5fb04ea9648eccfe947e70e83171\",\"name\":\"Katrina Pham\",\"image\":{\"@type\":\"ImageObject\",\"inLanguage\":\"es\",\"@id\":\"https:\\\/\\\/secure.gravatar.com\\\/avatar\\\/db79236ec9c3e42ea92b47ca58769b8e175f2c0be1a97ab0180670a84a2436a9?s=96&d=mm&r=gfd4f73a4dc7d6d85f2e9ce7dbfa9d5de\",\"url\":\"https:\\\/\\\/secure.gravatar.com\\\/avatar\\\/db79236ec9c3e42ea92b47ca58769b8e175f2c0be1a97ab0180670a84a2436a9?s=96&d=mm&r=g\",\"contentUrl\":\"https:\\\/\\\/secure.gravatar.com\\\/avatar\\\/db79236ec9c3e42ea92b47ca58769b8e175f2c0be1a97ab0180670a84a2436a9?s=96&d=mm&r=g\",\"caption\":\"Katrina Pham\"},\"url\":\"https:\\\/\\\/borderlessmag.org\\\/es\\\/author\\\/katrina\\\/\"}]}<\/script>\n<!-- \/ Yoast SEO Premium plugin. -->","yoast_head_json":{"title":"Trump est\u00e1 firmando docenas de \u00f3rdenes ejecutivas. \u00bfC\u00f3mo funcionan? - Revista Borderless NFP","description":"El presidente Donald Trump ha firmado una serie de \u00f3rdenes ejecutivas contra las iniciativas de DEI y la ciudadan\u00eda por derecho de nacimiento. Pero el poder presidencial tiene sus l\u00edmites.","robots":{"index":"index","follow":"follow","max-snippet":"max-snippet:-1","max-image-preview":"max-image-preview:large","max-video-preview":"max-video-preview:-1"},"canonical":"https:\/\/borderlessmag.org\/es\/2025\/01\/30\/orden-ejecutiva-trump-politica-de-inmigracion-ciudadania-por-derecho-de-nacimiento\/","og_locale":"es_MX","og_type":"article","og_title":"How Executive Orders Shape U.S. Immigration Policy &#8211; Borderless Magazine NFP","og_description":"How Executive Orders Shape U.S. Immigration Policy &#8211; Borderless Magazine NFP","og_url":"https:\/\/borderlessmag.org\/es\/2025\/01\/30\/orden-ejecutiva-trump-politica-de-inmigracion-ciudadania-por-derecho-de-nacimiento\/","og_site_name":"Borderless Magazine NFP","article_publisher":"https:\/\/www.facebook.com\/BorderlessMagazine","article_published_time":"2025-01-30T17:02:28+00:00","article_modified_time":"2025-02-13T16:49:38+00:00","og_image":[{"width":1920,"height":1280,"url":"https:\/\/borderlessmag.org\/wordpress\/wp-content\/uploads\/2025\/01\/2025_01_25_TrumpProtest_02.jpg","type":"image\/jpeg"}],"author":"Katrina Pham","twitter_card":"summary_large_image","twitter_misc":{"Escrito por":"Katrina Pham","Tiempo de lectura":"13 minutos","Written by":"Katrina Pham"},"schema":{"@context":"https:\/\/schema.org","@graph":[{"@type":"NewsArticle","@id":"https:\/\/borderlessmag.org\/2025\/01\/30\/executive-order-trump-immigration-policy-birthright-citizenship\/#article","isPartOf":{"@id":"https:\/\/borderlessmag.org\/2025\/01\/30\/executive-order-trump-immigration-policy-birthright-citizenship\/"},"author":{"name":"Katrina Pham","@id":"https:\/\/borderlessmag.org\/#\/schema\/person\/bc9a5fb04ea9648eccfe947e70e83171"},"headline":"How Executive Orders Shape U.S. Immigration Policy","datePublished":"2025-01-30T17:02:28+00:00","dateModified":"2025-02-13T16:49:38+00:00","mainEntityOfPage":{"@id":"https:\/\/borderlessmag.org\/2025\/01\/30\/executive-order-trump-immigration-policy-birthright-citizenship\/"},"wordCount":2532,"publisher":{"@id":"https:\/\/borderlessmag.org\/#organization"},"image":{"@id":"https:\/\/borderlessmag.org\/2025\/01\/30\/executive-order-trump-immigration-policy-birthright-citizenship\/#primaryimage"},"thumbnailUrl":"https:\/\/borderlessmag.org\/wordpress\/wp-content\/uploads\/2025\/01\/2025_01_25_TrumpProtest_02.jpg","keywords":["ExecutiveOrder"],"articleSection":["Immigration Policy"],"inLanguage":"es","copyrightYear":"2026","copyrightHolder":{"@id":"https:\/\/borderlessmag.org\/es\/#organization"}},{"@type":"WebPage","@id":"https:\/\/borderlessmag.org\/2025\/01\/30\/executive-order-trump-immigration-policy-birthright-citizenship\/","url":"https:\/\/borderlessmag.org\/2025\/01\/30\/executive-order-trump-immigration-policy-birthright-citizenship\/","name":"Trump est\u00e1 firmando docenas de \u00f3rdenes ejecutivas. \u00bfC\u00f3mo funcionan? - Revista Borderless NFP","isPartOf":{"@id":"https:\/\/borderlessmag.org\/#website"},"primaryImageOfPage":{"@id":"https:\/\/borderlessmag.org\/2025\/01\/30\/executive-order-trump-immigration-policy-birthright-citizenship\/#primaryimage"},"image":{"@id":"https:\/\/borderlessmag.org\/2025\/01\/30\/executive-order-trump-immigration-policy-birthright-citizenship\/#primaryimage"},"thumbnailUrl":"https:\/\/borderlessmag.org\/wordpress\/wp-content\/uploads\/2025\/01\/2025_01_25_TrumpProtest_02.jpg","datePublished":"2025-01-30T17:02:28+00:00","dateModified":"2025-02-13T16:49:38+00:00","description":"El presidente Donald Trump ha firmado una serie de \u00f3rdenes ejecutivas contra las iniciativas de DEI y la ciudadan\u00eda por derecho de nacimiento. Pero el poder presidencial tiene sus l\u00edmites.","inLanguage":"es","potentialAction":[{"@type":"ReadAction","target":["https:\/\/borderlessmag.org\/2025\/01\/30\/executive-order-trump-immigration-policy-birthright-citizenship\/"]}]},{"@type":"ImageObject","inLanguage":"es","@id":"https:\/\/borderlessmag.org\/2025\/01\/30\/executive-order-trump-immigration-policy-birthright-citizenship\/#primaryimage","url":"https:\/\/borderlessmag.org\/wordpress\/wp-content\/uploads\/2025\/01\/2025_01_25_TrumpProtest_02.jpg","contentUrl":"https:\/\/borderlessmag.org\/wordpress\/wp-content\/uploads\/2025\/01\/2025_01_25_TrumpProtest_02.jpg","width":1920,"height":1280,"caption":"Demonstrators rally near the Chicago Water Tower during a protest of president Donald Trump and his policies on Saturday, Jan. 25, 2025."},{"@type":"WebSite","@id":"https:\/\/borderlessmag.org\/#website","url":"https:\/\/borderlessmag.org\/","name":"Revista Borderless NFP","description":"Historias sobre inmigraci\u00f3n e inmigrantes","publisher":{"@id":"https:\/\/borderlessmag.org\/#organization"},"alternateName":"Borderless","potentialAction":[{"@type":"SearchAction","target":{"@type":"EntryPoint","urlTemplate":"https:\/\/borderlessmag.org\/?s={search_term_string}"},"query-input":{"@type":"PropertyValueSpecification","valueRequired":true,"valueName":"search_term_string"}}],"inLanguage":"es"},{"@type":"Organization","@id":"https:\/\/borderlessmag.org\/#organization","name":"Revista Borderless NFP","alternateName":"Borderless Mag","url":"https:\/\/borderlessmag.org\/","logo":{"@type":"ImageObject","inLanguage":"es","@id":"https:\/\/borderlessmag.org\/#\/schema\/logo\/image\/","url":"https:\/\/borderlessmag.org\/wordpress\/wp-content\/uploads\/2025\/08\/BorderlessLogo_main_square.jpg","contentUrl":"https:\/\/borderlessmag.org\/wordpress\/wp-content\/uploads\/2025\/08\/BorderlessLogo_main_square.jpg","width":696,"height":696,"caption":"Borderless Magazine NFP"},"image":{"@id":"https:\/\/borderlessmag.org\/#\/schema\/logo\/image\/"},"sameAs":["https:\/\/www.facebook.com\/BorderlessMagazine","https:\/\/www.instagram.com\/borderless_mag\/","https:\/\/www.tiktok.com\/@borderless_mag"]},{"@type":"Person","@id":"https:\/\/borderlessmag.org\/#\/schema\/person\/bc9a5fb04ea9648eccfe947e70e83171","name":"Katrina Pham","image":{"@type":"ImageObject","inLanguage":"es","@id":"https:\/\/secure.gravatar.com\/avatar\/db79236ec9c3e42ea92b47ca58769b8e175f2c0be1a97ab0180670a84a2436a9?s=96&d=mm&r=gfd4f73a4dc7d6d85f2e9ce7dbfa9d5de","url":"https:\/\/secure.gravatar.com\/avatar\/db79236ec9c3e42ea92b47ca58769b8e175f2c0be1a97ab0180670a84a2436a9?s=96&d=mm&r=g","contentUrl":"https:\/\/secure.gravatar.com\/avatar\/db79236ec9c3e42ea92b47ca58769b8e175f2c0be1a97ab0180670a84a2436a9?s=96&d=mm&r=g","caption":"Katrina Pham"},"url":"https:\/\/borderlessmag.org\/es\/author\/katrina\/"}]}},"cc_featured_image_caption":{"caption_text":"Demonstrators rallied near the Chicago Water Tower on Saturday, Jan. 25, 2025, in protest of President Donald Trump and his policies.","source_text":"","source_url":""},"_links":{"self":[{"href":"https:\/\/borderlessmag.org\/es\/wp-json\/wp\/v2\/posts\/25169","targetHints":{"allow":["GET"]}}],"collection":[{"href":"https:\/\/borderlessmag.org\/es\/wp-json\/wp\/v2\/posts"}],"about":[{"href":"https:\/\/borderlessmag.org\/es\/wp-json\/wp\/v2\/types\/post"}],"author":[{"embeddable":true,"href":"https:\/\/borderlessmag.org\/es\/wp-json\/wp\/v2\/users\/140"}],"replies":[{"embeddable":true,"href":"https:\/\/borderlessmag.org\/es\/wp-json\/wp\/v2\/comments?post=25169"}],"version-history":[{"count":8,"href":"https:\/\/borderlessmag.org\/es\/wp-json\/wp\/v2\/posts\/25169\/revisions"}],"predecessor-version":[{"id":25175,"href":"https:\/\/borderlessmag.org\/es\/wp-json\/wp\/v2\/posts\/25169\/revisions\/25175"}],"wp:featuredmedia":[{"embeddable":true,"href":"https:\/\/borderlessmag.org\/es\/wp-json\/wp\/v2\/media\/25163"}],"wp:attachment":[{"href":"https:\/\/borderlessmag.org\/es\/wp-json\/wp\/v2\/media?parent=25169"}],"wp:term":[{"taxonomy":"category","embeddable":true,"href":"https:\/\/borderlessmag.org\/es\/wp-json\/wp\/v2\/categories?post=25169"},{"taxonomy":"post_tag","embeddable":true,"href":"https:\/\/borderlessmag.org\/es\/wp-json\/wp\/v2\/tags?post=25169"},{"taxonomy":"author","embeddable":true,"href":"https:\/\/borderlessmag.org\/es\/wp-json\/wp\/v2\/coauthors?post=25169"}],"curies":[{"name":"wp","href":"https:\/\/api.w.org\/{rel}","templated":true}]}}