{"id":24870,"date":"2025-01-10T10:43:16","date_gmt":"2025-01-10T16:43:16","guid":{"rendered":"https:\/\/borderlessmag.org\/?p=24870"},"modified":"2025-01-16T11:07:22","modified_gmt":"2025-01-16T17:07:22","slug":"museo-de-chicago-arte-contemporaneo-tres-reyes-magos-ninos-emigrantes","status":"publish","type":"post","link":"https:\/\/borderlessmag.org\/es\/2025\/01\/10\/chicago-museum-contemporary-art-three-kings-reyes-magos-migrant-children\/","title":{"rendered":"Los ni\u00f1os inmigrantes celebran el D\u00eda de Reyes en el Museo de Arte Contempor\u00e1neo: \"Aqu\u00ed siempre sois bienvenidos"},"content":{"rendered":"<div id=\"fws_69f34e1022342\"  data-column-margin=\"default\" data-midnight=\"dark\"  class=\"wpb_row vc_row-fluid vc_row\"  style=\"padding-top: 0px; padding-bottom: 0px; \"><div class=\"row-bg-wrap\" data-bg-animation=\"none\" data-bg-animation-delay=\"\" data-bg-overlay=\"false\"><div class=\"inner-wrap row-bg-layer\" ><div class=\"row-bg viewport-desktop\"  style=\"\"><\/div><\/div><\/div><div class=\"row_col_wrap_12 col span_12 dark left\">\n\t<div  class=\"vc_col-sm-2 vc_hidden-sm vc_hidden-xs wpb_column column_container vc_column_container col no-extra-padding inherit_tablet inherit_phone\"  data-padding-pos=\"all\" data-has-bg-color=\"false\" data-bg-color=\"\" data-bg-opacity=\"1\" data-animation=\"\" data-delay=\"0\" >\n\t\t<div class=\"vc_column-inner\" >\n\t\t\t<div class=\"wpb_wrapper\">\n\t\t\t\t\n\t\t\t<\/div> \n\t\t<\/div>\n\t<\/div> \n\n\t<div  class=\"vc_col-sm-8 wpb_column column_container vc_column_container col padding-3-percent inherit_tablet inherit_phone\"  data-padding-pos=\"all\" data-has-bg-color=\"false\" data-bg-color=\"\" data-bg-opacity=\"1\" data-animation=\"\" data-delay=\"0\" >\n\t\t<div class=\"vc_column-inner\" >\n\t\t\t<div class=\"wpb_wrapper\">\n\t\t\t\t\n<div class=\"wpb_text_column wpb_content_element\" >\n\t<p><span style=\"font-weight: 400;\">Rodeados de pinturas y esculturas, m\u00e1s de 30 ni\u00f1os migrantes participaron en la ruptura de la Rosca de Reyes en el Museo de Arte Contempor\u00e1neo.<\/span><\/p>\n<p><span style=\"font-weight: 400;\">El Museo acogi\u00f3 la celebraci\u00f3n de <\/span><span style=\"font-weight: 400;\">D\u00eda de Los Reyes, el mi\u00e9rcoles como parte de una colaboraci\u00f3n con el Consulado de M\u00e9xico en Chicago.\u00a0<\/span><\/p>\n<p><span style=\"font-weight: 400;\">El D\u00eda de Reyes se celebra el 6 de enero, duod\u00e9cimo d\u00eda despu\u00e9s de Navidad, en toda Am\u00e9rica Latina. Marca el final de las vacaciones de Navidad.\u00a0<\/span><\/p>\n<\/div>\n\n\n\n<div class=\"templatera_shortcode\">\n\t\t<div id=\"fws_69f34e102391b\"  data-column-margin=\"default\" data-midnight=\"dark\"  class=\"wpb_row vc_row-fluid vc_row vc_row-o-equal-height vc_row-flex vc_row-o-content-middle small\"  style=\"padding-top: 0px; padding-bottom: 0px; \"><div class=\"row-bg-wrap\" data-bg-animation=\"none\" data-bg-animation-delay=\"\" data-bg-overlay=\"false\"><div class=\"inner-wrap row-bg-layer\" ><div class=\"row-bg viewport-desktop\"  style=\"\"><\/div><\/div><\/div><div class=\"row_col_wrap_12 col span_12 dark left\">\n\t<div  class=\"vc_col-sm-12 wpb_column column_container vc_column_container col no-extra-padding inherit_tablet inherit_phone border_color_909090 border_style_solid\"  data-padding-pos=\"all\" data-has-bg-color=\"false\" data-bg-color=\"\" data-bg-opacity=\"1\" data-animation=\"\" data-delay=\"0\" >\n\t\t<div class=\"vc_column-inner\" >\n\t\t\t<div class=\"wpb_wrapper\">\n\t\t\t\t\n\t\t<div id=\"fws_69f34e10245f2\"  data-column-margin=\"default\" data-midnight=\"dark\"  class=\"wpb_row vc_row-fluid vc_row vc_row-o-equal-height vc_row-flex vc_row-o-content-middle large top_margin_20px bottom_margin_20px\"  style=\"padding-top: 0px; padding-bottom: 0px; \"><div class=\"row-bg-wrap\" data-bg-animation=\"none\" data-bg-animation-delay=\"\" data-bg-overlay=\"true\"><div class=\"inner-wrap row-bg-layer\" ><div class=\"row-bg viewport-desktop\"  style=\"\"><\/div><\/div><div class=\"row-bg-overlay row-bg-layer\" style=\"background: #FFFFFF; background: linear-gradient(90deg,#FFFFFF 0%,#FFFFFF 100%);  opacity: 1; \"><\/div><\/div><div class=\"row_col_wrap_12 col span_12 dark left\">\n\t<div  class=\"vc_col-sm-12 wpb_column column_container vc_column_container col padding-3-percent force-phone-text-align-center inherit_tablet inherit_phone border_top_desktop_1px border_bottom_desktop_1px border_color_FFFFFF border_style_solid\"  data-padding-pos=\"all\" data-has-bg-color=\"false\" data-bg-color=\"\" data-bg-opacity=\"1\" data-animation=\"\" data-delay=\"0\" >\n\t\t<div class=\"vc_column-inner\" >\n\t\t\t<div class=\"wpb_wrapper\">\n\t\t\t\t<div id=\"fws_69f34e1024f2a\" data-midnight=\"\" data-column-margin=\"default\" class=\"wpb_row vc_row-fluid vc_row inner_row vc_row-o-equal-height vc_row-flex vc_row-o-content-middle\"  style=\"\"><div class=\"row-bg-wrap\"> <div class=\"row-bg\" ><\/div> <\/div><div class=\"row_col_wrap_12_inner col span_12  left\">\n\t<div  class=\"vc_col-sm-7 wpb_column column_container vc_column_container col child_column no-extra-padding inherit_tablet inherit_phone\"   data-padding-pos=\"all\" data-has-bg-color=\"false\" data-bg-color=\"\" data-bg-opacity=\"1\" data-animation=\"\" data-delay=\"0\" >\n\t\t<div class=\"vc_column-inner\" >\n\t\t<div class=\"wpb_wrapper\">\n\t\t\t\n<div class=\"wpb_text_column wpb_content_element\" >\n\t<h4 id=\"news-that-puts-power-under-the-spotlight-and-communities-at-the-center\"><strong>Noticias que ponen el poder en el punto de mira y a las comunidades en el centro.<\/strong><\/h4>\n<p>Suscr\u00edbase a nuestro bolet\u00edn gratuito y reciba actualizaciones dos veces por semana.<\/p>\n<\/div>\n\n\n\n\n\t\t<\/div> \n\t<\/div>\n\t<\/div> \n\n\t<div style=\"margin-top: -20px; \" class=\"vc_col-sm-5 wpb_column column_container vc_column_container col child_column neg-marg no-extra-padding inherit_tablet inherit_phone\"   data-padding-pos=\"all\" data-has-bg-color=\"false\" data-bg-color=\"\" data-bg-opacity=\"1\" data-animation=\"\" data-delay=\"0\" >\n\t\t<div class=\"vc_column-inner\" >\n\t\t<div class=\"wpb_wrapper\">\n\t\t\t\n\t<div class=\"wpb_raw_code wpb_raw_html wpb_content_element\" >\n\t\t<div class=\"wpb_wrapper\">\n\t\t\t<div class=\"_form_1\"><\/div><script src=\"https:\/\/borderlessmag.bluelena.io\/f\/embed.php?id=1\" charset=\"utf-8\"><\/script>\n\t\t<\/div>\n\t<\/div>\n\n\t\t<\/div> \n\t<\/div>\n\t<\/div> \n<\/div><\/div>\n\t\t\t<\/div> \n\t\t<\/div>\n\t<\/div> \n<\/div><\/div>\n\n\t\t\t<\/div> \n\t\t<\/div>\n\t<\/div> \n<\/div><\/div><\/div>\n<div class=\"wpb_text_column wpb_content_element\" >\n\t<p><span style=\"font-weight: 400;\">Las familias suelen celebrarlo partiendo la Rosca de Reyes, un pan dulce relleno de una o varias figuritas que representan al ni\u00f1o Jes\u00fas. Quien encuentra la figurita suele preparar tamales o celebrar una fiesta el d\u00eda de la Candelaria, en febrero.\u00a0<\/span><\/p>\n<p><span style=\"font-weight: 400;\">\"Los museos ya no pueden ser esos lugares que son s\u00f3lo para unos pocos\", afirma Manuel Venegas, director de relaciones con los medios del MCA. \"Tiene que ser para todos. La forma de hacerlo es permitiendo que la gente acceda al programa en su propio idioma\".\u00a0<\/span><\/p>\n<p><span style=\"font-weight: 400;\">A lo largo de las celebraciones, los ni\u00f1os, que son menores no acompa\u00f1ados, se desplazaron en grupos a diferentes estaciones art\u00edsticas donde hicieron coronas, guantes y fanzines y tambi\u00e9n pudieron recorrer partes del museo. El acto se celebr\u00f3 tanto en ingl\u00e9s como en espa\u00f1ol.\u00a0<\/span><\/p>\n<p>Los menores no acompa\u00f1ados son ni\u00f1os indocumentados que cruzan a Estados Unidos sin un progenitor o tutor legal.<\/p>\n<\/div>\n\n\n\n\n\t\t\t<\/div> \n\t\t<\/div>\n\t<\/div> \n\n\t<div  class=\"vc_col-sm-2 vc_hidden-sm vc_hidden-xs wpb_column column_container vc_column_container col no-extra-padding inherit_tablet inherit_phone\"  data-padding-pos=\"all\" data-has-bg-color=\"false\" data-bg-color=\"\" data-bg-opacity=\"1\" data-animation=\"\" data-delay=\"0\" >\n\t\t<div class=\"vc_column-inner\" >\n\t\t\t<div class=\"wpb_wrapper\">\n\t\t\t\t\n\t\t\t<\/div> \n\t\t<\/div>\n\t<\/div> \n<\/div><\/div>\n\t\t<div id=\"fws_69f34e1026dd8\"  data-column-margin=\"default\" data-midnight=\"dark\"  class=\"wpb_row vc_row-fluid vc_row\"  style=\"padding-top: 0px; padding-bottom: 0px; \"><div class=\"row-bg-wrap\" data-bg-animation=\"none\" data-bg-animation-delay=\"\" data-bg-overlay=\"false\"><div class=\"inner-wrap row-bg-layer\" ><div class=\"row-bg viewport-desktop\"  style=\"\"><\/div><\/div><\/div><div class=\"row_col_wrap_12 col span_12 dark left\">\n\t<div  class=\"vc_col-sm-12 wpb_column column_container vc_column_container col no-extra-padding inherit_tablet inherit_phone\"  data-padding-pos=\"all\" data-has-bg-color=\"false\" data-bg-color=\"\" data-bg-opacity=\"1\" data-animation=\"\" data-delay=\"0\" >\n\t\t<div class=\"vc_column-inner\" >\n\t\t\t<div class=\"wpb_wrapper\">\n\t\t\t\t<div class=\"nectar-flickity not-initialized nectar-carousel tb-spacing-0\" data-centered-cells=\"false\" data-pause-on-hover=\"\" data-touch-icon-color=\"default\" data-control-color=\"default\" data-overflow=\"visible\" data-r-bottom-total=\"\" data-drag-scale=\"\" data-wrap=\"wrap\" data-spacing=\"default\" data-controls=\"next_prev_arrows_overlaid\" data-pagination-alignment=\"default\" data-adaptive-height=\"\" data-border-radius=\"none\" data-column-border=\"\" data-column-padding=\"0\" data-format=\"default\" data-autoplay=\"\" data-autoplay-dur=\"5000\" data-control-style=\"material_pagination\" data-desktop-columns=\"2\" data-small-desktop-columns=\"2\" data-tablet-columns=\"1\" data-phone-columns=\"1\" data-column-color=\"\"><div class=\"flickity-viewport\"> <div class=\"flickity-slider\"><div class=\"cell\"><div class=\"inner-wrap-outer\"><div class=\"inner-wrap\" ><div class=\"img-with-aniamtion-wrap\" data-max-width=\"100%\" data-max-width-mobile=\"default\" data-shadow=\"none\" data-animation=\"none\" >\r\n      <div class=\"inner\">\r\n        <div class=\"hover-wrap\"> \r\n          <div class=\"hover-wrap-inner\">\r\n            <img decoding=\"async\" class=\"img-with-animation skip-lazy\" data-delay=\"0\" height=\"1280\" width=\"1920\" data-animation=\"none\" src=\"https:\/\/borderlessmag.org\/wordpress\/wp-content\/uploads\/2025\/01\/2024_01_10-Three-Kings_02.jpg\" alt=\"\" srcset=\"https:\/\/borderlessmag.org\/wordpress\/wp-content\/uploads\/2025\/01\/2024_01_10-Three-Kings_02.jpg 1920w, https:\/\/borderlessmag.org\/wordpress\/wp-content\/uploads\/2025\/01\/2024_01_10-Three-Kings_02-1536x1024.jpg 1536w, https:\/\/borderlessmag.org\/wordpress\/wp-content\/uploads\/2025\/01\/2024_01_10-Three-Kings_02-18x12.jpg 18w, https:\/\/borderlessmag.org\/wordpress\/wp-content\/uploads\/2025\/01\/2024_01_10-Three-Kings_02-150x100.jpg 150w, https:\/\/borderlessmag.org\/wordpress\/wp-content\/uploads\/2025\/01\/2024_01_10-Three-Kings_02-240x160.jpg 240w, https:\/\/borderlessmag.org\/wordpress\/wp-content\/uploads\/2025\/01\/2024_01_10-Three-Kings_02-300x200.jpg 300w, https:\/\/borderlessmag.org\/wordpress\/wp-content\/uploads\/2025\/01\/2024_01_10-Three-Kings_02-600x400.jpg 600w, https:\/\/borderlessmag.org\/wordpress\/wp-content\/uploads\/2025\/01\/2024_01_10-Three-Kings_02-900x600.jpg 900w, https:\/\/borderlessmag.org\/wordpress\/wp-content\/uploads\/2025\/01\/2024_01_10-Three-Kings_02-1200x800.jpg 1200w, https:\/\/borderlessmag.org\/wordpress\/wp-content\/uploads\/2025\/01\/2024_01_10-Three-Kings_02-1500x1000.jpg 1500w, https:\/\/borderlessmag.org\/wordpress\/wp-content\/uploads\/2025\/01\/2024_01_10-Three-Kings_02-1245x830.jpg 1245w, https:\/\/borderlessmag.org\/wordpress\/wp-content\/uploads\/2025\/01\/2024_01_10-Three-Kings_02-768x512.jpg 768w\" sizes=\"(min-width: 1450px) 75vw, (min-width: 1000px) 85vw, 100vw\" \/>\r\n         <\/div>\r\n      <\/div><span class=\"vc_figure-caption ccfic-text media-caption\">J\u00f3venes inmigrantes crean coronas como parte de una actividad art\u00edstica para celebrar el D\u00eda de Reyes en el MCA de Chicago.<\/span><span class=\"media-credit\">\u00d3scar G\u00f3mez\/Borderless Magazine<\/span><\/div><\/div>\n<div class=\"wpb_text_column wpb_content_element\" >\n\t<\/div>\n\n\n\n<\/div><\/div><\/div><div class=\"cell\"><div class=\"inner-wrap-outer\"><div class=\"inner-wrap\" ><div class=\"img-with-aniamtion-wrap\" data-max-width=\"100%\" data-max-width-mobile=\"default\" data-shadow=\"none\" data-animation=\"none\" >\r\n      <div class=\"inner\">\r\n        <div class=\"hover-wrap\"> \r\n          <div class=\"hover-wrap-inner\">\r\n            <img decoding=\"async\" class=\"img-with-animation skip-lazy\" data-delay=\"0\" height=\"1280\" width=\"1920\" data-animation=\"none\" src=\"https:\/\/borderlessmag.org\/wordpress\/wp-content\/uploads\/2025\/01\/2024_01_10-Three-Kings_03.jpg\" alt=\"\" srcset=\"https:\/\/borderlessmag.org\/wordpress\/wp-content\/uploads\/2025\/01\/2024_01_10-Three-Kings_03.jpg 1920w, https:\/\/borderlessmag.org\/wordpress\/wp-content\/uploads\/2025\/01\/2024_01_10-Three-Kings_03-1536x1024.jpg 1536w, https:\/\/borderlessmag.org\/wordpress\/wp-content\/uploads\/2025\/01\/2024_01_10-Three-Kings_03-18x12.jpg 18w, https:\/\/borderlessmag.org\/wordpress\/wp-content\/uploads\/2025\/01\/2024_01_10-Three-Kings_03-150x100.jpg 150w, https:\/\/borderlessmag.org\/wordpress\/wp-content\/uploads\/2025\/01\/2024_01_10-Three-Kings_03-240x160.jpg 240w, https:\/\/borderlessmag.org\/wordpress\/wp-content\/uploads\/2025\/01\/2024_01_10-Three-Kings_03-300x200.jpg 300w, https:\/\/borderlessmag.org\/wordpress\/wp-content\/uploads\/2025\/01\/2024_01_10-Three-Kings_03-600x400.jpg 600w, https:\/\/borderlessmag.org\/wordpress\/wp-content\/uploads\/2025\/01\/2024_01_10-Three-Kings_03-900x600.jpg 900w, https:\/\/borderlessmag.org\/wordpress\/wp-content\/uploads\/2025\/01\/2024_01_10-Three-Kings_03-1200x800.jpg 1200w, https:\/\/borderlessmag.org\/wordpress\/wp-content\/uploads\/2025\/01\/2024_01_10-Three-Kings_03-1500x1000.jpg 1500w, https:\/\/borderlessmag.org\/wordpress\/wp-content\/uploads\/2025\/01\/2024_01_10-Three-Kings_03-1245x830.jpg 1245w, https:\/\/borderlessmag.org\/wordpress\/wp-content\/uploads\/2025\/01\/2024_01_10-Three-Kings_03-768x512.jpg 768w\" sizes=\"(min-width: 1450px) 75vw, (min-width: 1000px) 85vw, 100vw\" \/>\r\n         <\/div>\r\n      <\/div><span class=\"vc_figure-caption ccfic-text media-caption\">Samantha Conde Mart\u00ednez, del consulado de M\u00e9xico en Chicago, habla con los participantes en el acto del D\u00eda de Reyes en el MCA. <\/span><span class=\"media-credit\">\u00d3scar G\u00f3mez\/Borderless Magazine<\/span><\/div><\/div>\n<div class=\"wpb_text_column wpb_content_element\" >\n\t<\/div>\n\n\n\n<\/div><\/div><\/div><div class=\"cell\"><div class=\"inner-wrap-outer\"><div class=\"inner-wrap\" ><div class=\"img-with-aniamtion-wrap\" data-max-width=\"100%\" data-max-width-mobile=\"default\" data-shadow=\"none\" data-animation=\"none\" >\r\n      <div class=\"inner\">\r\n        <div class=\"hover-wrap\"> \r\n          <div class=\"hover-wrap-inner\">\r\n            <img decoding=\"async\" class=\"img-with-animation skip-lazy\" data-delay=\"0\" height=\"1280\" width=\"1920\" data-animation=\"none\" src=\"https:\/\/borderlessmag.org\/wordpress\/wp-content\/uploads\/2025\/01\/2024_01_10-Three-Kings_04.jpg\" alt=\"\" srcset=\"https:\/\/borderlessmag.org\/wordpress\/wp-content\/uploads\/2025\/01\/2024_01_10-Three-Kings_04.jpg 1920w, https:\/\/borderlessmag.org\/wordpress\/wp-content\/uploads\/2025\/01\/2024_01_10-Three-Kings_04-1536x1024.jpg 1536w, https:\/\/borderlessmag.org\/wordpress\/wp-content\/uploads\/2025\/01\/2024_01_10-Three-Kings_04-18x12.jpg 18w, https:\/\/borderlessmag.org\/wordpress\/wp-content\/uploads\/2025\/01\/2024_01_10-Three-Kings_04-150x100.jpg 150w, https:\/\/borderlessmag.org\/wordpress\/wp-content\/uploads\/2025\/01\/2024_01_10-Three-Kings_04-240x160.jpg 240w, https:\/\/borderlessmag.org\/wordpress\/wp-content\/uploads\/2025\/01\/2024_01_10-Three-Kings_04-300x200.jpg 300w, https:\/\/borderlessmag.org\/wordpress\/wp-content\/uploads\/2025\/01\/2024_01_10-Three-Kings_04-600x400.jpg 600w, https:\/\/borderlessmag.org\/wordpress\/wp-content\/uploads\/2025\/01\/2024_01_10-Three-Kings_04-900x600.jpg 900w, https:\/\/borderlessmag.org\/wordpress\/wp-content\/uploads\/2025\/01\/2024_01_10-Three-Kings_04-1200x800.jpg 1200w, https:\/\/borderlessmag.org\/wordpress\/wp-content\/uploads\/2025\/01\/2024_01_10-Three-Kings_04-1500x1000.jpg 1500w, https:\/\/borderlessmag.org\/wordpress\/wp-content\/uploads\/2025\/01\/2024_01_10-Three-Kings_04-1245x830.jpg 1245w, https:\/\/borderlessmag.org\/wordpress\/wp-content\/uploads\/2025\/01\/2024_01_10-Three-Kings_04-768x512.jpg 768w\" sizes=\"(min-width: 1450px) 75vw, (min-width: 1000px) 85vw, 100vw\" \/>\r\n         <\/div>\r\n      <\/div><span class=\"vc_figure-caption ccfic-text media-caption\">Bolas de algod\u00f3n utilizadas en las actividades art\u00edsticas para los j\u00f3venes inmigrantes en el MCA de Chicago.<\/span><span class=\"media-credit\">\u00d3scar G\u00f3mez\/Borderless Magazine<\/span><\/div><\/div>\n<div class=\"wpb_text_column wpb_content_element\" >\n\t<\/div>\n\n\n\n<\/div><\/div><\/div><div class=\"cell\"><div class=\"inner-wrap-outer\"><div class=\"inner-wrap\" ><div class=\"img-with-aniamtion-wrap\" data-max-width=\"100%\" data-max-width-mobile=\"default\" data-shadow=\"none\" data-animation=\"none\" >\r\n      <div class=\"inner\">\r\n        <div class=\"hover-wrap\"> \r\n          <div class=\"hover-wrap-inner\">\r\n            <img decoding=\"async\" class=\"img-with-animation skip-lazy\" data-delay=\"0\" height=\"1280\" width=\"1920\" data-animation=\"none\" src=\"https:\/\/borderlessmag.org\/wordpress\/wp-content\/uploads\/2025\/01\/2024_01_10-Three-Kings_05.jpg\" alt=\"\" srcset=\"https:\/\/borderlessmag.org\/wordpress\/wp-content\/uploads\/2025\/01\/2024_01_10-Three-Kings_05.jpg 1920w, https:\/\/borderlessmag.org\/wordpress\/wp-content\/uploads\/2025\/01\/2024_01_10-Three-Kings_05-1536x1024.jpg 1536w, https:\/\/borderlessmag.org\/wordpress\/wp-content\/uploads\/2025\/01\/2024_01_10-Three-Kings_05-18x12.jpg 18w, https:\/\/borderlessmag.org\/wordpress\/wp-content\/uploads\/2025\/01\/2024_01_10-Three-Kings_05-150x100.jpg 150w, https:\/\/borderlessmag.org\/wordpress\/wp-content\/uploads\/2025\/01\/2024_01_10-Three-Kings_05-240x160.jpg 240w, https:\/\/borderlessmag.org\/wordpress\/wp-content\/uploads\/2025\/01\/2024_01_10-Three-Kings_05-300x200.jpg 300w, https:\/\/borderlessmag.org\/wordpress\/wp-content\/uploads\/2025\/01\/2024_01_10-Three-Kings_05-600x400.jpg 600w, https:\/\/borderlessmag.org\/wordpress\/wp-content\/uploads\/2025\/01\/2024_01_10-Three-Kings_05-900x600.jpg 900w, https:\/\/borderlessmag.org\/wordpress\/wp-content\/uploads\/2025\/01\/2024_01_10-Three-Kings_05-1200x800.jpg 1200w, https:\/\/borderlessmag.org\/wordpress\/wp-content\/uploads\/2025\/01\/2024_01_10-Three-Kings_05-1500x1000.jpg 1500w, https:\/\/borderlessmag.org\/wordpress\/wp-content\/uploads\/2025\/01\/2024_01_10-Three-Kings_05-1245x830.jpg 1245w, https:\/\/borderlessmag.org\/wordpress\/wp-content\/uploads\/2025\/01\/2024_01_10-Three-Kings_05-768x512.jpg 768w\" sizes=\"(min-width: 1450px) 75vw, (min-width: 1000px) 85vw, 100vw\" \/>\r\n         <\/div>\r\n      <\/div><span class=\"vc_figure-caption ccfic-text media-caption\">Los j\u00f3venes inmigrantes visitan el MCA con su gu\u00eda en Chicago.<\/span><span class=\"media-credit\">\u00d3scar G\u00f3mez\/Borderless Magazine<\/span><\/div><\/div><\/div><\/div><\/div><div class=\"cell\"><div class=\"inner-wrap-outer\"><div class=\"inner-wrap\" ><div class=\"img-with-aniamtion-wrap\" data-max-width=\"100%\" data-max-width-mobile=\"default\" data-shadow=\"none\" data-animation=\"none\" >\r\n      <div class=\"inner\">\r\n        <div class=\"hover-wrap\"> \r\n          <div class=\"hover-wrap-inner\">\r\n            <img decoding=\"async\" class=\"img-with-animation skip-lazy\" data-delay=\"0\" height=\"1280\" width=\"1920\" data-animation=\"none\" src=\"https:\/\/borderlessmag.org\/wordpress\/wp-content\/uploads\/2025\/01\/2024_01_10-Three-Kings_06.jpg\" alt=\"\" srcset=\"https:\/\/borderlessmag.org\/wordpress\/wp-content\/uploads\/2025\/01\/2024_01_10-Three-Kings_06.jpg 1920w, https:\/\/borderlessmag.org\/wordpress\/wp-content\/uploads\/2025\/01\/2024_01_10-Three-Kings_06-1536x1024.jpg 1536w, https:\/\/borderlessmag.org\/wordpress\/wp-content\/uploads\/2025\/01\/2024_01_10-Three-Kings_06-18x12.jpg 18w, https:\/\/borderlessmag.org\/wordpress\/wp-content\/uploads\/2025\/01\/2024_01_10-Three-Kings_06-150x100.jpg 150w, https:\/\/borderlessmag.org\/wordpress\/wp-content\/uploads\/2025\/01\/2024_01_10-Three-Kings_06-240x160.jpg 240w, https:\/\/borderlessmag.org\/wordpress\/wp-content\/uploads\/2025\/01\/2024_01_10-Three-Kings_06-300x200.jpg 300w, https:\/\/borderlessmag.org\/wordpress\/wp-content\/uploads\/2025\/01\/2024_01_10-Three-Kings_06-600x400.jpg 600w, https:\/\/borderlessmag.org\/wordpress\/wp-content\/uploads\/2025\/01\/2024_01_10-Three-Kings_06-900x600.jpg 900w, https:\/\/borderlessmag.org\/wordpress\/wp-content\/uploads\/2025\/01\/2024_01_10-Three-Kings_06-1200x800.jpg 1200w, https:\/\/borderlessmag.org\/wordpress\/wp-content\/uploads\/2025\/01\/2024_01_10-Three-Kings_06-1500x1000.jpg 1500w, https:\/\/borderlessmag.org\/wordpress\/wp-content\/uploads\/2025\/01\/2024_01_10-Three-Kings_06-1245x830.jpg 1245w, https:\/\/borderlessmag.org\/wordpress\/wp-content\/uploads\/2025\/01\/2024_01_10-Three-Kings_06-768x512.jpg 768w\" sizes=\"(min-width: 1450px) 75vw, (min-width: 1000px) 85vw, 100vw\" \/>\r\n         <\/div>\r\n      <\/div><span class=\"vc_figure-caption ccfic-text media-caption\">Guantes y coronas creados por los ni\u00f1os durante las actividades art\u00edsticas para celebrar el D\u00eda de Reyes rodean un trozo de Rosca de Reyes en el MCA de Chicago.<\/span><span class=\"media-credit\">\u00d3scar G\u00f3mez\/Borderless Magazine<\/span><\/div><\/div><\/div><\/div><\/div><\/div><\/div><\/div>\n\t\t\t<\/div> \n\t\t<\/div>\n\t<\/div> \n<\/div><\/div>\n\t\t<div id=\"fws_69f34e1029ee1\"  data-column-margin=\"default\" data-midnight=\"dark\"  class=\"wpb_row vc_row-fluid vc_row\"  style=\"padding-top: 0px; padding-bottom: 0px; \"><div class=\"row-bg-wrap\" data-bg-animation=\"none\" data-bg-animation-delay=\"\" data-bg-overlay=\"false\"><div class=\"inner-wrap row-bg-layer\" ><div class=\"row-bg viewport-desktop\"  style=\"\"><\/div><\/div><\/div><div class=\"row_col_wrap_12 col span_12 dark left\">\n\t<div  class=\"vc_col-sm-2 vc_hidden-sm vc_hidden-xs wpb_column column_container vc_column_container col no-extra-padding inherit_tablet inherit_phone\"  data-padding-pos=\"all\" data-has-bg-color=\"false\" data-bg-color=\"\" data-bg-opacity=\"1\" data-animation=\"\" data-delay=\"0\" >\n\t\t<div class=\"vc_column-inner\" >\n\t\t\t<div class=\"wpb_wrapper\">\n\t\t\t\t\n\t\t\t<\/div> \n\t\t<\/div>\n\t<\/div> \n\n\t<div  class=\"vc_col-sm-8 wpb_column column_container vc_column_container col padding-3-percent inherit_tablet inherit_phone\"  data-padding-pos=\"all\" data-has-bg-color=\"false\" data-bg-color=\"\" data-bg-opacity=\"1\" data-animation=\"\" data-delay=\"0\" >\n\t\t<div class=\"vc_column-inner\" >\n\t\t\t<div class=\"wpb_wrapper\">\n\t\t\t\t\n<div class=\"wpb_text_column wpb_content_element\" >\n\t<p><span style=\"font-weight: 400;\">\"Es importante que sepan que tienen comunidad, no s\u00f3lo entre ustedes, sino que tienen comunidad aqu\u00ed con nosotros\", dijo Alicia Sandoval Vadillo, gerente de programas estudiantiles y familiares de MCA. \"Aqu\u00ed siempre sois bienvenidos\".\u00a0<\/span><\/p>\n<p><span style=\"font-weight: 400;\">Este evento es el segundo a\u00f1o de esta colaboraci\u00f3n, y forma parte del plan en curso del MCA para incorporar a su programaci\u00f3n contenidos m\u00e1s biling\u00fces, inclusivos y multiculturales.<\/span><\/p>\n<\/div>\n\n\n\n<div id=\"fws_69f34e102a8d0\" data-midnight=\"\" data-column-margin=\"default\" class=\"wpb_row vc_row-fluid vc_row inner_row\"  style=\"\"><div class=\"row-bg-wrap\"> <div class=\"row-bg\" ><\/div> <\/div><div class=\"row_col_wrap_12_inner col span_12  left\">\n\t<div  class=\"vc_col-sm-12 wpb_column column_container vc_column_container col child_column no-extra-padding inherit_tablet inherit_phone border_bottom_desktop_1px border_color_000000 border_style_solid\"   data-padding-pos=\"all\" data-has-bg-color=\"false\" data-bg-color=\"\" data-bg-opacity=\"1\" data-animation=\"\" data-delay=\"0\" >\n\t\t<div class=\"vc_column-inner\" >\n\t\t<div class=\"wpb_wrapper\">\n\t\t\t<div class=\"vc_separator wpb_content_element vc_separator_align_center vc_sep_width_100 vc_sep_pos_align_center vc_sep_color_black wpb_content_element vc_separator-has-text\" ><span class=\"vc_sep_holder vc_sep_holder_l\"><span class=\"vc_sep_line\"><\/span><\/span><h4 id=\"read-more-of-our-coverage\">M\u00e1s informaci\u00f3n<\/h4><span class=\"vc_sep_holder vc_sep_holder_r\"><span class=\"vc_sep_line\"><\/span><\/span>\n<\/div>\n<div class=\"wpb_text_column wpb_content_element\" >\n\t\t\t<div class=\"pk-inline-posts\">\n\t\t\t\n\t\t\t<div class=\"pk-inline-posts-container pk-inline-posts-template-list\"\n\t\t\t\tdata-columns=\"1\">\n\t\t\t\t\t\t<article id=\"post-24282\" class=\"post-24282 post type-post status-publish format-standard has-post-thumbnail category-arts-culture tag-guadalupe\">\n\t\t\t<div class=\"pk-post-outer\">\n\n\t\t\t\t\t\t\t\t<div class=\"pk-post-inner\">\n\t\t\t\t\t<div class=\"entry-thumbnail\">\n\t\t\t\t\t\t<div class=\"pk-overlay pk-overlay-ratio pk-ratio-landscape\">\n\t\t\t\t\t\t\t<div class=\"pk-overlay-background\">\n\t\t\t\t\t\t\t\t<a href=\"https:\/\/borderlessmag.org\/es\/2024\/12\/12\/chicago-virgin-of-guadalupe-procession-shrine-des-plaines\/\" class=\"pk-overlay-link\">\n\t\t\t\t\t\t\t\t\t<img decoding=\"async\" width=\"300\" height=\"225\" src=\"https:\/\/borderlessmag.org\/wordpress\/wp-content\/uploads\/2024\/12\/2024_12_09-Pilgrimage_01-300x225.jpg\" class=\"attachment-pk-thumbnail size-pk-thumbnail wp-post-image\" alt=\"\" longdesc=\"https:\/\/borderlessmag.org\/es?longdesc=24283&amp;referrer=24282\" id=\"longdesc-return-24283\" \/>\t\t\t\t\t\t\t\t<\/a>\n\t\t\t\t\t\t\t<\/div>\n\t\t\t\t\t\t<\/div>\n\t\t\t\t\t<\/div>\n\t\t\t\t<\/div>\n\t\t\t\t\n\t\t\t\t<div class=\"pk-post-inner\">\n\t\t\t\t\t<header>\n\t\t\t\t\t\t<h3 class=\"pk-title\"><a href=\"https:\/\/borderlessmag.org\/es\/2024\/12\/12\/chicago-virgin-of-guadalupe-procession-shrine-des-plaines\/\" rel=\"bookmark\">Me da alegr\u00eda\": Cientos de personas se re\u00fanen a caballo para honrar a la Virgen de Guadalupe<\/a><\/h3>\t\t\t\t\t\t\t<div class=\"pk-post-meta\">\n\t\t\t\t\t\t\t\t<span class=\"pk-meta-author meta-author\"><span class=\"author vcard\"><a class=\"url fn n\" href=\"https:\/\/borderlessmag.org\/es\/author\/mauricio-pena\/\" title=\"Ver todas las publicaciones de Aydali Campa\">Aydali Campa<\/a><\/span><\/span>\t\t\t\t\t\t\t\t<span class=\"sep\">-<\/span>\n\t\t\t\t\t\t\t\t<span class=\"pk-meta-date meta-date\"><a href=\"https:\/\/borderlessmag.org\/es\/2024\/12\/12\/chicago-virgin-of-guadalupe-procession-shrine-des-plaines\/\" rel=\"bookmark\">12 de diciembre de 2024<\/a><\/span>\t\t\t\t\t\t\t<\/div>\n\t\t\t\t\t\t\t\t\t\t\t\t<\/header><!-- .entry-header -->\n\t\t\t\t<\/div><!-- .post-inner -->\n\n\t\t\t<\/div><!-- .post-outer -->\n\t\t<\/article>\n\t\t\t\t<\/div>\n\t\t<\/div>\n\t\t\n<\/div>\n\n\n\n\n\t\t<\/div> \n\t<\/div>\n\t<\/div> \n<\/div><\/div>\n<div class=\"wpb_text_column wpb_content_element\" >\n\t<p><span style=\"font-weight: 400;\">\"Pensamos que era la oportunidad perfecta para acercar a los menores no acompa\u00f1ados al arte y a sus ra\u00edces y tradiciones\", dijo Samantha <\/span><span style=\"font-weight: 400;\">Conde Mart\u00ednez, del consulado mexicano en Chicago. \"A veces podemos pensar que el arte no es para todos, y a veces los migrantes pueden no sentirse representados a trav\u00e9s del arte\".\u00a0<\/span><\/p>\n<p><span style=\"font-weight: 400;\">Los actos del d\u00eda finalizaron con el corte de la Rosca de Reyes. El MCA tiene previsto organizar m\u00e1s programas para atraer a distintas comunidades al museo.<\/span><\/p>\n<p><span style=\"font-weight: 400;\">\"Durante muchos a\u00f1os, las familias no tuvieron la oportunidad de trasladarse al centro\", dijo Venegas. \"Queremos aprovechar esta oportunidad para llevarles el museo\".<\/span><\/p>\n<p><i><span style=\"font-weight: 400;\">Tara Mobasher es becaria de Northwestern Medill Reporting en Borderless Magazine. Env\u00ede un correo electr\u00f3nico a Tara a Tara@borderlessmag.org.<\/span><\/i><\/p>\n<\/div>\n\n\n\n\n\t\t\t<\/div> \n\t\t<\/div>\n\t<\/div> \n\n\t<div  class=\"vc_col-sm-2 vc_hidden-sm vc_hidden-xs wpb_column column_container vc_column_container col no-extra-padding inherit_tablet inherit_phone\"  data-padding-pos=\"all\" data-has-bg-color=\"false\" data-bg-color=\"\" data-bg-opacity=\"1\" data-animation=\"\" data-delay=\"0\" >\n\t\t<div class=\"vc_column-inner\" >\n\t\t\t<div class=\"wpb_wrapper\">\n\t\t\t\t\n\t<div class=\"wpb_widgetised_column wpb_content_element\">\n\t\t<div id=\"sidebar\" data-nectar-ss=\"true\" class=\"wpb_wrapper\">\n\t\t\t<div id=\"custom_html-4 1articleright\" class=\"widget_text widget widget_custom_html\"><h3 id=\"wordpress-popular-posts\" class=\"widget-title\">Entradas populares de WordPress<\/h3><div class=\"textwidget custom-html-widget\"><h4 id=\"trending-posts\" class=\"widget-title\">Tendencias<\/h4><div class=\"wpp-shortcode\"><script type=\"application\/json\" data-id=\"wpp-shortcode-inline-js\">{\"title\":\"Trending Posts\",\"limit\":\"3\",\"offset\":0,\"range\":\"custom\",\"time_quantity\":\"124\",\"time_unit\":\"day\",\"freshness\":\"1\",\"order_by\":\"views\",\"post_type\":\"post\",\"pid\":\"\",\"exclude\":\"\",\"cat\":\"\",\"taxonomy\":\"category\",\"term_id\":\"\",\"author\":\"\",\"shorten_title\":{\"active\":false,\"length\":0,\"words\":false},\"post-excerpt\":{\"active\":false,\"length\":0,\"keep_format\":false,\"words\":false},\"thumbnail\":{\"active\":true,\"build\":\"predefined\",\"width\":\"240\",\"height\":\"160\"},\"rating\":false,\"stats_tag\":{\"comment_count\":false,\"views\":false,\"author\":false,\"date\":{\"active\":false,\"format\":\"F j, Y\"},\"category\":false,\"taxonomy\":{\"active\":false,\"name\":\"category\"}},\"markup\":{\"custom_html\":true,\"wpp-start\":\"&lt;ul class=&quot;wpp-list wpp-cardview&quot;&gt;\",\"wpp-end\":\"&lt;\\\/ul&gt;\",\"title-start\":\"&lt;h4 class=&quot;widget-title&quot;&gt;\",\"title-end\":\"&lt;\\\/h4&gt;\",\"post-html\":\"&lt;li&gt;{thumb} {title} {stats}&lt;\\\/li&gt;\"},\"theme\":{\"name\":\"\"}}<\/script><div class=\"wpp-shortcode-placeholder\"><\/div><\/div><\/div><\/div>\n\t\t<\/div> \n\t<\/div> \n\t\t\t<\/div> \n\t\t<\/div>\n\t<\/div> \n<\/div><\/div>","protected":false},"excerpt":{"rendered":"<p>M\u00e1s de 30 ni\u00f1os se reunieron en el museo para celebrar la ruptura de la Rosca de Reyes.<\/p>","protected":false},"author":144,"featured_media":24867,"comment_status":"closed","ping_status":"closed","sticky":false,"template":"","format":"standard","meta":{"inline_featured_image":false,"footnotes":""},"categories":[318,324],"tags":[691],"coauthors":[588],"class_list":{"0":"post-24870","1":"post","2":"type-post","3":"status-publish","4":"format-standard","5":"has-post-thumbnail","7":"category-arts-culture","8":"category-visuals","9":"tag-threekings"},"yoast_head":"<!-- This site is optimized with the Yoast SEO Premium plugin v27.3 (Yoast SEO v27.3) - https:\/\/yoast.com\/product\/yoast-seo-premium-wordpress\/ -->\n<title>Migrant Children Celebrate Three Kings Day at Museum of Contemporary Art &#8211; Borderless Magazine NFP<\/title>\n<meta name=\"description\" content=\"More than 30 children gathered at the museum to celebrate the breaking of the Rosca de Reyes at the Museum of Contemporary Art.\" \/>\n<meta name=\"robots\" content=\"index, follow, max-snippet:-1, max-image-preview:large, max-video-preview:-1\" \/>\n<link rel=\"canonical\" href=\"https:\/\/borderlessmag.org\/es\/2025\/01\/10\/museo-de-chicago-arte-contemporaneo-tres-reyes-magos-ninos-emigrantes\/\" \/>\n<meta property=\"og:locale\" content=\"es_MX\" \/>\n<meta property=\"og:type\" content=\"article\" \/>\n<meta property=\"og:title\" content=\"Migrant Children Celebrate Three Kings Day at Museum of Contemporary Art: \u2018You\u2019re Always Welcome Here\u2019 &#8211; Visuals &#8211; Borderless Magazine NFP\" \/>\n<meta property=\"og:description\" content=\"Migrant Children Celebrate Three Kings Day at Museum of Contemporary Art: \u2018You\u2019re Always Welcome Here\u2019 &#8211; Visuals &#8211; Borderless Magazine NFP\" \/>\n<meta property=\"og:url\" content=\"https:\/\/borderlessmag.org\/es\/2025\/01\/10\/museo-de-chicago-arte-contemporaneo-tres-reyes-magos-ninos-emigrantes\/\" \/>\n<meta property=\"og:site_name\" content=\"Borderless Magazine NFP\" \/>\n<meta property=\"article:publisher\" content=\"https:\/\/www.facebook.com\/BorderlessMagazine\" \/>\n<meta property=\"article:published_time\" content=\"2025-01-10T16:43:16+00:00\" \/>\n<meta property=\"article:modified_time\" content=\"2025-01-16T17:07:22+00:00\" \/>\n<meta property=\"og:image\" content=\"https:\/\/borderlessmag.org\/wordpress\/wp-content\/uploads\/2025\/01\/2024_01_10-Three-Kings_01_Featured.jpg\" \/>\n\t<meta property=\"og:image:width\" content=\"1920\" \/>\n\t<meta property=\"og:image:height\" content=\"1280\" \/>\n\t<meta property=\"og:image:type\" content=\"image\/jpeg\" \/>\n<meta name=\"author\" content=\"Aydali Campa\" \/>\n<meta name=\"twitter:card\" content=\"summary_large_image\" \/>\n<meta name=\"twitter:label1\" content=\"Escrito por\" \/>\n\t<meta name=\"twitter:data1\" content=\"Tara Mobasher\" \/>\n\t<meta name=\"twitter:label2\" content=\"Tiempo de lectura\" \/>\n\t<meta name=\"twitter:data2\" content=\"9 minutos\" \/>\n\t<meta name=\"twitter:label3\" content=\"Written by\" \/>\n\t<meta name=\"twitter:data3\" content=\"Aydali Campa\" \/>\n<script type=\"application\/ld+json\" class=\"yoast-schema-graph\">{\"@context\":\"https:\\\/\\\/schema.org\",\"@graph\":[{\"@type\":\"NewsArticle\",\"@id\":\"https:\\\/\\\/borderlessmag.org\\\/2025\\\/01\\\/10\\\/chicago-museum-contemporary-art-three-kings-reyes-magos-migrant-children\\\/#article\",\"isPartOf\":{\"@id\":\"https:\\\/\\\/borderlessmag.org\\\/2025\\\/01\\\/10\\\/chicago-museum-contemporary-art-three-kings-reyes-magos-migrant-children\\\/\"},\"author\":{\"name\":\"Tara Mobasher\",\"@id\":\"https:\\\/\\\/borderlessmag.org\\\/#\\\/schema\\\/person\\\/e7a92bbc4a300bae54f1b09f3c83a913\"},\"headline\":\"Migrant Children Celebrate Three Kings Day at Museum of Contemporary Art: \u2018You\u2019re Always Welcome Here\u2019\",\"datePublished\":\"2025-01-10T16:43:16+00:00\",\"dateModified\":\"2025-01-16T17:07:22+00:00\",\"mainEntityOfPage\":{\"@id\":\"https:\\\/\\\/borderlessmag.org\\\/2025\\\/01\\\/10\\\/chicago-museum-contemporary-art-three-kings-reyes-magos-migrant-children\\\/\"},\"wordCount\":1908,\"publisher\":{\"@id\":\"https:\\\/\\\/borderlessmag.org\\\/#organization\"},\"image\":{\"@id\":\"https:\\\/\\\/borderlessmag.org\\\/2025\\\/01\\\/10\\\/chicago-museum-contemporary-art-three-kings-reyes-magos-migrant-children\\\/#primaryimage\"},\"thumbnailUrl\":\"https:\\\/\\\/borderlessmag.org\\\/wordpress\\\/wp-content\\\/uploads\\\/2025\\\/01\\\/2024_01_10-Three-Kings_01_Featured.jpg\",\"keywords\":[\"ThreeKings\"],\"articleSection\":[\"Arts &amp; Culture\",\"Visuals\"],\"inLanguage\":\"es\",\"copyrightYear\":\"2024\",\"copyrightHolder\":{\"@id\":\"https:\\\/\\\/borderlessmag.org\\\/es\\\/#organization\"}},{\"@type\":\"WebPage\",\"@id\":\"https:\\\/\\\/borderlessmag.org\\\/2025\\\/01\\\/10\\\/chicago-museum-contemporary-art-three-kings-reyes-magos-migrant-children\\\/\",\"url\":\"https:\\\/\\\/borderlessmag.org\\\/2025\\\/01\\\/10\\\/chicago-museum-contemporary-art-three-kings-reyes-magos-migrant-children\\\/\",\"name\":\"Migrant Children Celebrate Three Kings Day at Museum of Contemporary Art &#8211; Borderless Magazine NFP\",\"isPartOf\":{\"@id\":\"https:\\\/\\\/borderlessmag.org\\\/#website\"},\"primaryImageOfPage\":{\"@id\":\"https:\\\/\\\/borderlessmag.org\\\/2025\\\/01\\\/10\\\/chicago-museum-contemporary-art-three-kings-reyes-magos-migrant-children\\\/#primaryimage\"},\"image\":{\"@id\":\"https:\\\/\\\/borderlessmag.org\\\/2025\\\/01\\\/10\\\/chicago-museum-contemporary-art-three-kings-reyes-magos-migrant-children\\\/#primaryimage\"},\"thumbnailUrl\":\"https:\\\/\\\/borderlessmag.org\\\/wordpress\\\/wp-content\\\/uploads\\\/2025\\\/01\\\/2024_01_10-Three-Kings_01_Featured.jpg\",\"datePublished\":\"2025-01-10T16:43:16+00:00\",\"dateModified\":\"2025-01-16T17:07:22+00:00\",\"description\":\"More than 30 children gathered at the museum to celebrate the breaking of the Rosca de Reyes at the Museum of Contemporary Art.\",\"inLanguage\":\"es\",\"potentialAction\":[{\"@type\":\"ReadAction\",\"target\":[\"https:\\\/\\\/borderlessmag.org\\\/2025\\\/01\\\/10\\\/chicago-museum-contemporary-art-three-kings-reyes-magos-migrant-children\\\/\"]}]},{\"@type\":\"ImageObject\",\"inLanguage\":\"es\",\"@id\":\"https:\\\/\\\/borderlessmag.org\\\/2025\\\/01\\\/10\\\/chicago-museum-contemporary-art-three-kings-reyes-magos-migrant-children\\\/#primaryimage\",\"url\":\"https:\\\/\\\/borderlessmag.org\\\/wordpress\\\/wp-content\\\/uploads\\\/2025\\\/01\\\/2024_01_10-Three-Kings_01_Featured.jpg\",\"contentUrl\":\"https:\\\/\\\/borderlessmag.org\\\/wordpress\\\/wp-content\\\/uploads\\\/2025\\\/01\\\/2024_01_10-Three-Kings_01_Featured.jpg\",\"width\":1920,\"height\":1280,\"caption\":\"A group of young migrant girls create zines as part of an art activity to celebrate Three Kings Day at the MCA in Chicago.\"},{\"@type\":\"WebSite\",\"@id\":\"https:\\\/\\\/borderlessmag.org\\\/#website\",\"url\":\"https:\\\/\\\/borderlessmag.org\\\/\",\"name\":\"Borderless Magazine NFP\",\"description\":\"Stories about immigration and immigrants\",\"publisher\":{\"@id\":\"https:\\\/\\\/borderlessmag.org\\\/#organization\"},\"alternateName\":\"Borderless\",\"potentialAction\":[{\"@type\":\"SearchAction\",\"target\":{\"@type\":\"EntryPoint\",\"urlTemplate\":\"https:\\\/\\\/borderlessmag.org\\\/?s={search_term_string}\"},\"query-input\":{\"@type\":\"PropertyValueSpecification\",\"valueRequired\":true,\"valueName\":\"search_term_string\"}}],\"inLanguage\":\"es\"},{\"@type\":\"Organization\",\"@id\":\"https:\\\/\\\/borderlessmag.org\\\/#organization\",\"name\":\"Borderless Magazine NFP\",\"alternateName\":\"Borderless Mag\",\"url\":\"https:\\\/\\\/borderlessmag.org\\\/\",\"logo\":{\"@type\":\"ImageObject\",\"inLanguage\":\"es\",\"@id\":\"https:\\\/\\\/borderlessmag.org\\\/#\\\/schema\\\/logo\\\/image\\\/\",\"url\":\"https:\\\/\\\/borderlessmag.org\\\/wordpress\\\/wp-content\\\/uploads\\\/2025\\\/08\\\/BorderlessLogo_main_square.jpg\",\"contentUrl\":\"https:\\\/\\\/borderlessmag.org\\\/wordpress\\\/wp-content\\\/uploads\\\/2025\\\/08\\\/BorderlessLogo_main_square.jpg\",\"width\":696,\"height\":696,\"caption\":\"Borderless Magazine NFP\"},\"image\":{\"@id\":\"https:\\\/\\\/borderlessmag.org\\\/#\\\/schema\\\/logo\\\/image\\\/\"},\"sameAs\":[\"https:\\\/\\\/www.facebook.com\\\/BorderlessMagazine\",\"https:\\\/\\\/www.instagram.com\\\/borderless_mag\\\/\",\"https:\\\/\\\/www.tiktok.com\\\/@borderless_mag\"]},{\"@type\":\"Person\",\"@id\":\"https:\\\/\\\/borderlessmag.org\\\/#\\\/schema\\\/person\\\/e7a92bbc4a300bae54f1b09f3c83a913\",\"name\":\"Tara Mobasher\",\"image\":{\"@type\":\"ImageObject\",\"inLanguage\":\"es\",\"@id\":\"https:\\\/\\\/secure.gravatar.com\\\/avatar\\\/487def87dbc2be326c0ab4e1df80b377edd569200fb4b36a54f81dbd210460b5?s=96&d=mm&r=g1fbe5bcb6b5f74438eebdcc53311f967\",\"url\":\"https:\\\/\\\/secure.gravatar.com\\\/avatar\\\/487def87dbc2be326c0ab4e1df80b377edd569200fb4b36a54f81dbd210460b5?s=96&d=mm&r=g\",\"contentUrl\":\"https:\\\/\\\/secure.gravatar.com\\\/avatar\\\/487def87dbc2be326c0ab4e1df80b377edd569200fb4b36a54f81dbd210460b5?s=96&d=mm&r=g\",\"caption\":\"Tara Mobasher\"},\"url\":\"https:\\\/\\\/borderlessmag.org\\\/es\\\/author\\\/tara-mobasher\\\/\"}]}<\/script>\n<!-- \/ Yoast SEO Premium plugin. -->","yoast_head_json":{"title":"Los ni\u00f1os migrantes celebran el D\u00eda de Reyes en el Museo de Arte Contempor\u00e1neo - Borderless Magazine NFP","description":"M\u00e1s de 30 ni\u00f1os se reunieron en el museo para celebrar la ruptura de la Rosca de Reyes en el Museo de Arte Contempor\u00e1neo.","robots":{"index":"index","follow":"follow","max-snippet":"max-snippet:-1","max-image-preview":"max-image-preview:large","max-video-preview":"max-video-preview:-1"},"canonical":"https:\/\/borderlessmag.org\/es\/2025\/01\/10\/museo-de-chicago-arte-contemporaneo-tres-reyes-magos-ninos-emigrantes\/","og_locale":"es_MX","og_type":"article","og_title":"Migrant Children Celebrate Three Kings Day at Museum of Contemporary Art: \u2018You\u2019re Always Welcome Here\u2019 &#8211; Visuals &#8211; Borderless Magazine NFP","og_description":"Migrant Children Celebrate Three Kings Day at Museum of Contemporary Art: \u2018You\u2019re Always Welcome Here\u2019 &#8211; Visuals &#8211; Borderless Magazine NFP","og_url":"https:\/\/borderlessmag.org\/es\/2025\/01\/10\/museo-de-chicago-arte-contemporaneo-tres-reyes-magos-ninos-emigrantes\/","og_site_name":"Borderless Magazine NFP","article_publisher":"https:\/\/www.facebook.com\/BorderlessMagazine","article_published_time":"2025-01-10T16:43:16+00:00","article_modified_time":"2025-01-16T17:07:22+00:00","og_image":[{"width":1920,"height":1280,"url":"https:\/\/borderlessmag.org\/wordpress\/wp-content\/uploads\/2025\/01\/2024_01_10-Three-Kings_01_Featured.jpg","type":"image\/jpeg"}],"author":"Aydali Campa","twitter_card":"summary_large_image","twitter_misc":{"Escrito por":"Tara Mobasher","Tiempo de lectura":"9 minutos","Written by":"Aydali Campa"},"schema":{"@context":"https:\/\/schema.org","@graph":[{"@type":"NewsArticle","@id":"https:\/\/borderlessmag.org\/2025\/01\/10\/chicago-museum-contemporary-art-three-kings-reyes-magos-migrant-children\/#article","isPartOf":{"@id":"https:\/\/borderlessmag.org\/2025\/01\/10\/chicago-museum-contemporary-art-three-kings-reyes-magos-migrant-children\/"},"author":{"name":"Tara Mobasher","@id":"https:\/\/borderlessmag.org\/#\/schema\/person\/e7a92bbc4a300bae54f1b09f3c83a913"},"headline":"Migrant Children Celebrate Three Kings Day at Museum of Contemporary Art: \u2018You\u2019re Always Welcome Here\u2019","datePublished":"2025-01-10T16:43:16+00:00","dateModified":"2025-01-16T17:07:22+00:00","mainEntityOfPage":{"@id":"https:\/\/borderlessmag.org\/2025\/01\/10\/chicago-museum-contemporary-art-three-kings-reyes-magos-migrant-children\/"},"wordCount":1908,"publisher":{"@id":"https:\/\/borderlessmag.org\/#organization"},"image":{"@id":"https:\/\/borderlessmag.org\/2025\/01\/10\/chicago-museum-contemporary-art-three-kings-reyes-magos-migrant-children\/#primaryimage"},"thumbnailUrl":"https:\/\/borderlessmag.org\/wordpress\/wp-content\/uploads\/2025\/01\/2024_01_10-Three-Kings_01_Featured.jpg","keywords":["ThreeKings"],"articleSection":["Arts &amp; Culture","Visuals"],"inLanguage":"es","copyrightYear":"2024","copyrightHolder":{"@id":"https:\/\/borderlessmag.org\/es\/#organization"}},{"@type":"WebPage","@id":"https:\/\/borderlessmag.org\/2025\/01\/10\/chicago-museum-contemporary-art-three-kings-reyes-magos-migrant-children\/","url":"https:\/\/borderlessmag.org\/2025\/01\/10\/chicago-museum-contemporary-art-three-kings-reyes-magos-migrant-children\/","name":"Los ni\u00f1os migrantes celebran el D\u00eda de Reyes en el Museo de Arte Contempor\u00e1neo - Borderless Magazine NFP","isPartOf":{"@id":"https:\/\/borderlessmag.org\/#website"},"primaryImageOfPage":{"@id":"https:\/\/borderlessmag.org\/2025\/01\/10\/chicago-museum-contemporary-art-three-kings-reyes-magos-migrant-children\/#primaryimage"},"image":{"@id":"https:\/\/borderlessmag.org\/2025\/01\/10\/chicago-museum-contemporary-art-three-kings-reyes-magos-migrant-children\/#primaryimage"},"thumbnailUrl":"https:\/\/borderlessmag.org\/wordpress\/wp-content\/uploads\/2025\/01\/2024_01_10-Three-Kings_01_Featured.jpg","datePublished":"2025-01-10T16:43:16+00:00","dateModified":"2025-01-16T17:07:22+00:00","description":"M\u00e1s de 30 ni\u00f1os se reunieron en el museo para celebrar la ruptura de la Rosca de Reyes en el Museo de Arte Contempor\u00e1neo.","inLanguage":"es","potentialAction":[{"@type":"ReadAction","target":["https:\/\/borderlessmag.org\/2025\/01\/10\/chicago-museum-contemporary-art-three-kings-reyes-magos-migrant-children\/"]}]},{"@type":"ImageObject","inLanguage":"es","@id":"https:\/\/borderlessmag.org\/2025\/01\/10\/chicago-museum-contemporary-art-three-kings-reyes-magos-migrant-children\/#primaryimage","url":"https:\/\/borderlessmag.org\/wordpress\/wp-content\/uploads\/2025\/01\/2024_01_10-Three-Kings_01_Featured.jpg","contentUrl":"https:\/\/borderlessmag.org\/wordpress\/wp-content\/uploads\/2025\/01\/2024_01_10-Three-Kings_01_Featured.jpg","width":1920,"height":1280,"caption":"A group of young migrant girls create zines as part of an art activity to celebrate Three Kings Day at the MCA in Chicago."},{"@type":"WebSite","@id":"https:\/\/borderlessmag.org\/#website","url":"https:\/\/borderlessmag.org\/","name":"Revista Borderless NFP","description":"Historias sobre inmigraci\u00f3n e inmigrantes","publisher":{"@id":"https:\/\/borderlessmag.org\/#organization"},"alternateName":"Borderless","potentialAction":[{"@type":"SearchAction","target":{"@type":"EntryPoint","urlTemplate":"https:\/\/borderlessmag.org\/?s={search_term_string}"},"query-input":{"@type":"PropertyValueSpecification","valueRequired":true,"valueName":"search_term_string"}}],"inLanguage":"es"},{"@type":"Organization","@id":"https:\/\/borderlessmag.org\/#organization","name":"Revista Borderless NFP","alternateName":"Borderless Mag","url":"https:\/\/borderlessmag.org\/","logo":{"@type":"ImageObject","inLanguage":"es","@id":"https:\/\/borderlessmag.org\/#\/schema\/logo\/image\/","url":"https:\/\/borderlessmag.org\/wordpress\/wp-content\/uploads\/2025\/08\/BorderlessLogo_main_square.jpg","contentUrl":"https:\/\/borderlessmag.org\/wordpress\/wp-content\/uploads\/2025\/08\/BorderlessLogo_main_square.jpg","width":696,"height":696,"caption":"Borderless Magazine NFP"},"image":{"@id":"https:\/\/borderlessmag.org\/#\/schema\/logo\/image\/"},"sameAs":["https:\/\/www.facebook.com\/BorderlessMagazine","https:\/\/www.instagram.com\/borderless_mag\/","https:\/\/www.tiktok.com\/@borderless_mag"]},{"@type":"Person","@id":"https:\/\/borderlessmag.org\/#\/schema\/person\/e7a92bbc4a300bae54f1b09f3c83a913","name":"Tara Mobasher","image":{"@type":"ImageObject","inLanguage":"es","@id":"https:\/\/secure.gravatar.com\/avatar\/487def87dbc2be326c0ab4e1df80b377edd569200fb4b36a54f81dbd210460b5?s=96&d=mm&r=g1fbe5bcb6b5f74438eebdcc53311f967","url":"https:\/\/secure.gravatar.com\/avatar\/487def87dbc2be326c0ab4e1df80b377edd569200fb4b36a54f81dbd210460b5?s=96&d=mm&r=g","contentUrl":"https:\/\/secure.gravatar.com\/avatar\/487def87dbc2be326c0ab4e1df80b377edd569200fb4b36a54f81dbd210460b5?s=96&d=mm&r=g","caption":"Tara Mobasher"},"url":"https:\/\/borderlessmag.org\/es\/author\/tara-mobasher\/"}]}},"cc_featured_image_caption":{"caption_text":"A group of young migrant girls create zines as part of an art activity to celebrate Three Kings Day at the Museum of Contemporary Art in Chicago. ","source_text":"","source_url":""},"_links":{"self":[{"href":"https:\/\/borderlessmag.org\/es\/wp-json\/wp\/v2\/posts\/24870","targetHints":{"allow":["GET"]}}],"collection":[{"href":"https:\/\/borderlessmag.org\/es\/wp-json\/wp\/v2\/posts"}],"about":[{"href":"https:\/\/borderlessmag.org\/es\/wp-json\/wp\/v2\/types\/post"}],"author":[{"embeddable":true,"href":"https:\/\/borderlessmag.org\/es\/wp-json\/wp\/v2\/users\/144"}],"replies":[{"embeddable":true,"href":"https:\/\/borderlessmag.org\/es\/wp-json\/wp\/v2\/comments?post=24870"}],"version-history":[{"count":13,"href":"https:\/\/borderlessmag.org\/es\/wp-json\/wp\/v2\/posts\/24870\/revisions"}],"predecessor-version":[{"id":24897,"href":"https:\/\/borderlessmag.org\/es\/wp-json\/wp\/v2\/posts\/24870\/revisions\/24897"}],"wp:featuredmedia":[{"embeddable":true,"href":"https:\/\/borderlessmag.org\/es\/wp-json\/wp\/v2\/media\/24867"}],"wp:attachment":[{"href":"https:\/\/borderlessmag.org\/es\/wp-json\/wp\/v2\/media?parent=24870"}],"wp:term":[{"taxonomy":"category","embeddable":true,"href":"https:\/\/borderlessmag.org\/es\/wp-json\/wp\/v2\/categories?post=24870"},{"taxonomy":"post_tag","embeddable":true,"href":"https:\/\/borderlessmag.org\/es\/wp-json\/wp\/v2\/tags?post=24870"},{"taxonomy":"author","embeddable":true,"href":"https:\/\/borderlessmag.org\/es\/wp-json\/wp\/v2\/coauthors?post=24870"}],"curies":[{"name":"wp","href":"https:\/\/api.w.org\/{rel}","templated":true}]}}