{"id":24790,"date":"2025-01-07T07:00:37","date_gmt":"2025-01-07T13:00:37","guid":{"rendered":"https:\/\/borderlessmag.org\/?p=24790"},"modified":"2025-01-16T11:07:44","modified_gmt":"2025-01-16T17:07:44","slug":"presidente-trump-politica-migratoria-trump-deportacion-operacion-aurora-daca","status":"publish","type":"post","link":"https:\/\/borderlessmag.org\/es\/2025\/01\/07\/president-trump-immigration-policy-trump-deportation-operation-aurora-daca\/","title":{"rendered":"Lo que Borderless seguir\u00e1 en materia de inmigraci\u00f3n en 2025"},"content":{"rendered":"<div id=\"fws_69ee3b5069aa1\"  data-column-margin=\"default\" data-midnight=\"dark\"  class=\"wpb_row vc_row-fluid vc_row\"  style=\"padding-top: 0px; padding-bottom: 0px; \"><div class=\"row-bg-wrap\" data-bg-animation=\"none\" data-bg-animation-delay=\"\" data-bg-overlay=\"false\"><div class=\"inner-wrap row-bg-layer\" ><div class=\"row-bg viewport-desktop\"  style=\"\"><\/div><\/div><\/div><div class=\"row_col_wrap_12 col span_12 dark left\">\n\t<div  class=\"vc_col-sm-2 vc_hidden-sm vc_hidden-xs wpb_column column_container vc_column_container col no-extra-padding inherit_tablet inherit_phone\"  data-padding-pos=\"all\" data-has-bg-color=\"false\" data-bg-color=\"\" data-bg-opacity=\"1\" data-animation=\"\" data-delay=\"0\" >\n\t\t<div class=\"vc_column-inner\" >\n\t\t\t<div class=\"wpb_wrapper\">\n\t\t\t\t\n\t\t\t<\/div> \n\t\t<\/div>\n\t<\/div> \n\n\t<div  class=\"vc_col-sm-8 wpb_column column_container vc_column_container col padding-3-percent inherit_tablet inherit_phone\"  data-padding-pos=\"all\" data-has-bg-color=\"false\" data-bg-color=\"\" data-bg-opacity=\"1\" data-animation=\"\" data-delay=\"0\" >\n\t\t<div class=\"vc_column-inner\" >\n\t\t\t<div class=\"wpb_wrapper\">\n\t\t\t\t\n<div class=\"wpb_text_column wpb_content_element\" >\n\t<p>Durante gran parte del a\u00f1o pasado, las elecciones presidenciales dominaron los titulares. La inmigraci\u00f3n y <a href=\"https:\/\/blockclubchicago.org\/2024\/09\/03\/no-armed-venezuelan-migrants-did-not-take-over-a-chicago-apartment-building\/\">informaci\u00f3n falsa sobre los reci\u00e9n llegados<\/a> y <a href=\"https:\/\/borderlessmag.org\/es\/2024\/10\/29\/elecciones-presidenciales-2024-kamala-harris-donald-trump-inmigracion-seguridad-fronteriza\/\">comunidades de inmigrantes<\/a> fue uno de los temas centrales de la campa\u00f1a. Chicago desempe\u00f1\u00f3 un papel fundamental en las elecciones al acoger el<a href=\"https:\/\/borderlessmag.org\/es\/2024\/08\/22\/convencion-nacional-republicano-democrata-kamala-harris-donald-trump-elecciones-inmigracion\/\"> Convenci\u00f3n Nacional Dem\u00f3crata <\/a>incluso mientras los funcionarios de la ciudad sorteaban las cr\u00edticas sobre las condiciones de los albergues para inmigrantes.<\/p>\n<p>Borderless Magazine se hizo eco de estas historias y de c\u00f3mo las comunidades de inmigrantes se desenvolvieron en ellas. <a href=\"https:\/\/borderlessmag.org\/es\/2024\/05\/14\/tribunal-de-inmigracion-retraso-federal-escasez-de-abogados-recien-llegados-chicago-illinois\/\">tribunal de inmigraci\u00f3n sin abogados<\/a>, <a href=\"https:\/\/borderlessmag.org\/es\/2024\/10\/01\/chicago-pilsen-refugio-inmigrantes-solicitantes-de-asilo-venezuela\/\">albergue de inmigrantes<\/a> retos y mucho m\u00e1s. Al comenzar el nuevo a\u00f1o, he aqu\u00ed algunas historias que seguiremos de cerca en 2025. Sus preguntas, observaciones y experiencias son fundamentales para nuestro trabajo. <span style=\"font-weight: 400;\">Comp\u00e1rtalas con nosotros en <a href=\"https:\/\/www.instagram.com\/borderless_mag\/\">redes sociales<\/a> o por correo electr\u00f3nico a info@borderlessmag.org.\u00a0<\/span><\/p>\n<h2 id=\"donald-trumps-asylum-and-travel-restrictions\">Las restricciones de asilo y viajes de Donald Trump<\/h2>\n<p>Presidente electo Donald Trump <a href=\"https:\/\/borderlessmag.org\/es\/2024\/11\/06\/resultados-elecciones-presidenciales-kamala-harris-donald-trump-illinois\/\">derrot\u00f3 a la Vicepresidenta Kamala Harris<\/a> en unas pol\u00e9micas elecciones presidenciales. Para su segundo mandato, Trump promete reinstaurar su prohibici\u00f3n de viajar a los pa\u00edses musulmanes, que prohibi\u00f3 en 2017 la entrada en Estados Unidos a inmigrantes de seis pa\u00edses de mayor\u00eda musulmana.<\/p>\n<\/div>\n\n\n\n<div class=\"templatera_shortcode\">\n\t\t<div id=\"fws_69ee3b506b0f1\"  data-column-margin=\"default\" data-midnight=\"dark\"  class=\"wpb_row vc_row-fluid vc_row vc_row-o-equal-height vc_row-flex vc_row-o-content-middle small\"  style=\"padding-top: 0px; padding-bottom: 0px; \"><div class=\"row-bg-wrap\" data-bg-animation=\"none\" data-bg-animation-delay=\"\" data-bg-overlay=\"false\"><div class=\"inner-wrap row-bg-layer\" ><div class=\"row-bg viewport-desktop\"  style=\"\"><\/div><\/div><\/div><div class=\"row_col_wrap_12 col span_12 dark left\">\n\t<div  class=\"vc_col-sm-12 wpb_column column_container vc_column_container col no-extra-padding inherit_tablet inherit_phone border_color_909090 border_style_solid\"  data-padding-pos=\"all\" data-has-bg-color=\"false\" data-bg-color=\"\" data-bg-opacity=\"1\" data-animation=\"\" data-delay=\"0\" >\n\t\t<div class=\"vc_column-inner\" >\n\t\t\t<div class=\"wpb_wrapper\">\n\t\t\t\t\n\t\t<div id=\"fws_69ee3b506bdd6\"  data-column-margin=\"default\" data-midnight=\"dark\"  class=\"wpb_row vc_row-fluid vc_row vc_row-o-equal-height vc_row-flex vc_row-o-content-middle large top_margin_20px bottom_margin_20px\"  style=\"padding-top: 0px; padding-bottom: 0px; \"><div class=\"row-bg-wrap\" data-bg-animation=\"none\" data-bg-animation-delay=\"\" data-bg-overlay=\"true\"><div class=\"inner-wrap row-bg-layer\" ><div class=\"row-bg viewport-desktop\"  style=\"\"><\/div><\/div><div class=\"row-bg-overlay row-bg-layer\" style=\"background: #FFFFFF; background: linear-gradient(90deg,#FFFFFF 0%,#FFFFFF 100%);  opacity: 1; \"><\/div><\/div><div class=\"row_col_wrap_12 col span_12 dark left\">\n\t<div  class=\"vc_col-sm-12 wpb_column column_container vc_column_container col padding-3-percent force-phone-text-align-center inherit_tablet inherit_phone border_top_desktop_1px border_bottom_desktop_1px border_color_FFFFFF border_style_solid\"  data-padding-pos=\"all\" data-has-bg-color=\"false\" data-bg-color=\"\" data-bg-opacity=\"1\" data-animation=\"\" data-delay=\"0\" >\n\t\t<div class=\"vc_column-inner\" >\n\t\t\t<div class=\"wpb_wrapper\">\n\t\t\t\t<div id=\"fws_69ee3b506c579\" data-midnight=\"\" data-column-margin=\"default\" class=\"wpb_row vc_row-fluid vc_row inner_row vc_row-o-equal-height vc_row-flex vc_row-o-content-middle\"  style=\"\"><div class=\"row-bg-wrap\"> <div class=\"row-bg\" ><\/div> <\/div><div class=\"row_col_wrap_12_inner col span_12  left\">\n\t<div  class=\"vc_col-sm-7 wpb_column column_container vc_column_container col child_column no-extra-padding inherit_tablet inherit_phone\"   data-padding-pos=\"all\" data-has-bg-color=\"false\" data-bg-color=\"\" data-bg-opacity=\"1\" data-animation=\"\" data-delay=\"0\" >\n\t\t<div class=\"vc_column-inner\" >\n\t\t<div class=\"wpb_wrapper\">\n\t\t\t\n<div class=\"wpb_text_column wpb_content_element\" >\n\t<h4 id=\"news-that-puts-power-under-the-spotlight-and-communities-at-the-center\"><strong>Noticias que ponen el poder en el punto de mira y a las comunidades en el centro.<\/strong><\/h4>\n<p>Suscr\u00edbase a nuestro bolet\u00edn gratuito y reciba actualizaciones dos veces por semana.<\/p>\n<\/div>\n\n\n\n\n\t\t<\/div> \n\t<\/div>\n\t<\/div> \n\n\t<div style=\"margin-top: -20px; \" class=\"vc_col-sm-5 wpb_column column_container vc_column_container col child_column neg-marg no-extra-padding inherit_tablet inherit_phone\"   data-padding-pos=\"all\" data-has-bg-color=\"false\" data-bg-color=\"\" data-bg-opacity=\"1\" data-animation=\"\" data-delay=\"0\" >\n\t\t<div class=\"vc_column-inner\" >\n\t\t<div class=\"wpb_wrapper\">\n\t\t\t\n\t<div class=\"wpb_raw_code wpb_raw_html wpb_content_element\" >\n\t\t<div class=\"wpb_wrapper\">\n\t\t\t<div class=\"_form_1\"><\/div><script src=\"https:\/\/borderlessmag.bluelena.io\/f\/embed.php?id=1\" charset=\"utf-8\"><\/script>\n\t\t<\/div>\n\t<\/div>\n\n\t\t<\/div> \n\t<\/div>\n\t<\/div> \n<\/div><\/div>\n\t\t\t<\/div> \n\t\t<\/div>\n\t<\/div> \n<\/div><\/div>\n\n\t\t\t<\/div> \n\t\t<\/div>\n\t<\/div> \n<\/div><\/div><\/div>\n\t\t\t<\/div> \n\t\t<\/div>\n\t<\/div> \n\n\t<div  class=\"vc_col-sm-2 vc_hidden-sm vc_hidden-xs wpb_column column_container vc_column_container col no-extra-padding inherit_tablet inherit_phone\"  data-padding-pos=\"all\" data-has-bg-color=\"false\" data-bg-color=\"\" data-bg-opacity=\"1\" data-animation=\"\" data-delay=\"0\" >\n\t\t<div class=\"vc_column-inner\" >\n\t\t\t<div class=\"wpb_wrapper\">\n\t\t\t\t\n\t\t\t<\/div> \n\t\t<\/div>\n\t<\/div> \n<\/div><\/div>\n\t\t<div id=\"fws_69ee3b506e3e5\"  data-column-margin=\"default\" data-midnight=\"dark\"  class=\"wpb_row vc_row-fluid vc_row\"  style=\"padding-top: 0px; padding-bottom: 0px; \"><div class=\"row-bg-wrap\" data-bg-animation=\"none\" data-bg-animation-delay=\"\" data-bg-overlay=\"false\"><div class=\"inner-wrap row-bg-layer\" ><div class=\"row-bg viewport-desktop\"  style=\"\"><\/div><\/div><\/div><div class=\"row_col_wrap_12 col span_12 dark left\">\n\t<div  class=\"vc_col-sm-2 vc_hidden-sm vc_hidden-xs wpb_column column_container vc_column_container col no-extra-padding inherit_tablet inherit_phone\"  data-padding-pos=\"all\" data-has-bg-color=\"false\" data-bg-color=\"\" data-bg-opacity=\"1\" data-animation=\"\" data-delay=\"0\" >\n\t\t<div class=\"vc_column-inner\" >\n\t\t\t<div class=\"wpb_wrapper\">\n\t\t\t\t\n\t\t\t<\/div> \n\t\t<\/div>\n\t<\/div> \n\n\t<div  class=\"vc_col-sm-8 wpb_column column_container vc_column_container col padding-3-percent inherit_tablet inherit_phone\"  data-padding-pos=\"all\" data-has-bg-color=\"false\" data-bg-color=\"\" data-bg-opacity=\"1\" data-animation=\"\" data-delay=\"0\" >\n\t\t<div class=\"vc_column-inner\" >\n\t\t\t<div class=\"wpb_wrapper\">\n\t\t\t\t\n<div class=\"wpb_text_column wpb_content_element\" >\n\t<p>Trump tambi\u00e9n ha prometido restricciones m\u00e1s significativas para los solicitantes de asilo. Planea restablecer el T\u00edtulo 42, una pol\u00edtica que utiliz\u00f3 anteriormente durante la pandemia del COVID-19 para <a href=\"https:\/\/apnews.com\/article\/immigration-biden-border-title-42-mexico-asylum-be4e0b15b27adb9bede87b9bbefb798d\">rechazar a los solicitantes de asilo<\/a> de entrar por la frontera entre Estados Unidos y M\u00e9xico. Pretende reinstaurar los Protocolos de Protecci\u00f3n de Migrantes (MPP), tambi\u00e9n conocidos como su pol\u00edtica de \"Permanecer en M\u00e9xico\", que obligaban a los solicitantes de asilo a esperar en M\u00e9xico... <a href=\"https:\/\/abcnews.go.com\/Politics\/mexico-rejects-effort-reinstate-remain-mexico-policy-asylum\/story?id=96939554\">a menudo en condiciones peligrosas<\/a> - durante sus procedimientos ante el tribunal de inmigraci\u00f3n.<\/p>\n<h2 id=\"mass-deportation-threats\">Amenazas de deportaci\u00f3n masiva<\/h2>\n<p>El mes pasado, Tom Homan, ex director en funciones del Servicio de Inmigraci\u00f3n y Control de Aduanas de EE.UU. y zar de la frontera elegido por Trump. <a href=\"https:\/\/borderlessmag.org\/es\/2024\/12\/11\/chicago-trump-tom-homan-brandon-johnson-asilo-refugiados-inmigrantes-deportaciones\/\">amenaz\u00f3 con iniciar deportaciones masivas en Chicago. <\/a>La amenaza est\u00e1 en consonancia con la ret\u00f3rica de la campa\u00f1a de Trump, en la que prometi\u00f3 llevar a cabo deportaciones masivas de personas que hubieran entrado en el pa\u00eds sin autorizaci\u00f3n. Prometi\u00f3 invocar la Ley de Enemigos Extranjeros de 1798 para llevar a cabo la \"Operaci\u00f3n Aurora\", una iniciativa que deportar\u00eda a inmigrantes con condenas penales y sin estatus legal permanente.<\/p>\n<p>La Ley de Extranjeros Enemigos s\u00f3lo se ha utilizado otras tres veces en la historia de Estados Unidos: durante la Guerra de 1812, la Primera Guerra Mundial y la Segunda Guerra Mundial. Esta ley centenaria permite al presidente detener, reubicar o deportar a no ciudadanos de un pa\u00eds considerado \"enemigo\" de Estados Unidos en tiempo de guerra.<span style=\"font-weight: 400;\">\u00a0<\/span><span style=\"font-weight: 400;\">Trump ha prometido utilizar al ej\u00e9rcito estadounidense para llevar a cabo deportaciones masivas, una acci\u00f3n que probablemente se enfrentar\u00eda a obst\u00e1culos legales <\/span><a href=\"https:\/\/apnews.com\/article\/deportation-trump-immigration-ice-border-ba586dc760a5ffab73c0611fbf924df9\"><span style=\"font-weight: 400;\">y retos log\u00edsticos<\/span><\/a><span style=\"font-weight: 400;\">.<\/span><\/p>\n<h2 id=\"dacas-uncertain-future\">El incierto futuro de DACA<\/h2>\n<p><span style=\"font-weight: 400;\">El futuro del programa de Acci\u00f3n Diferida para los Llegados en la Infancia (DACA) del expresidente Barack Obama sigue sin estar claro. Durante su primer mandato, Trump hizo m\u00faltiples intentos de poner fin al programa, que protege a los inmigrantes sin estatus legal permanente que fueron tra\u00eddos a Estados Unidos cuando eran ni\u00f1os, tambi\u00e9n conocidos como DREAMers. El presidente entrante declar\u00f3 recientemente que quiere \"<\/span><a href=\"https:\/\/www.nbcnews.com\/politics\/donald-trump\/trump-interview-meet-press-kristen-welker-election-president-rcna182857\"><span style=\"font-weight: 400;\">elaborar algo<\/span><\/a><span style=\"font-weight: 400;\">\" con los dem\u00f3cratas sobre el futuro de los DREAMers del pa\u00eds. Mientras tanto, el Tribunal Supremo podr\u00eda decidir la legalidad de DACA este a\u00f1o.<\/span><\/p>\n<\/div>\n\n\n\n<div id=\"fws_69ee3b506ee35\" data-midnight=\"\" data-column-margin=\"default\" class=\"wpb_row vc_row-fluid vc_row inner_row\"  style=\"\"><div class=\"row-bg-wrap\"> <div class=\"row-bg\" ><\/div> <\/div><div class=\"row_col_wrap_12_inner col span_12  left\">\n\t<div  class=\"vc_col-sm-12 wpb_column column_container vc_column_container col child_column no-extra-padding inherit_tablet inherit_phone border_bottom_desktop_1px border_color_000000 border_style_solid\"   data-padding-pos=\"all\" data-has-bg-color=\"false\" data-bg-color=\"\" data-bg-opacity=\"1\" data-animation=\"\" data-delay=\"0\" >\n\t\t<div class=\"vc_column-inner\" >\n\t\t<div class=\"wpb_wrapper\">\n\t\t\t<div class=\"vc_separator wpb_content_element vc_separator_align_center vc_sep_width_100 vc_sep_pos_align_center vc_sep_color_black wpb_content_element vc_separator-has-text\" ><span class=\"vc_sep_holder vc_sep_holder_l\"><span class=\"vc_sep_line\"><\/span><\/span><h4 id=\"read-more-of-our-coverage\">M\u00e1s informaci\u00f3n<\/h4><span class=\"vc_sep_holder vc_sep_holder_r\"><span class=\"vc_sep_line\"><\/span><\/span>\n<\/div>\n<div class=\"wpb_text_column wpb_content_element\" >\n\t\t\t<div class=\"pk-inline-posts\">\n\t\t\t\n\t\t\t<div class=\"pk-inline-posts-container pk-inline-posts-template-list\"\n\t\t\t\tdata-columns=\"1\">\n\t\t\t\t\t\t<article id=\"post-33116\" class=\"post-33116 post type-post status-publish format-standard has-post-thumbnail category-enforcementandcourts category-featured category-immigration-policy tag-publicdefendersunit\">\n\t\t\t<div class=\"pk-post-outer\">\n\n\t\t\t\t\t\t\t\t<div class=\"pk-post-inner\">\n\t\t\t\t\t<div class=\"entry-thumbnail\">\n\t\t\t\t\t\t<div class=\"pk-overlay pk-overlay-ratio pk-ratio-landscape\">\n\t\t\t\t\t\t\t<div class=\"pk-overlay-background\">\n\t\t\t\t\t\t\t\t<a href=\"https:\/\/borderlessmag.org\/es\/2026\/04\/24\/cook-county-public-defender-trump-detentions-immigration-law-court\/\" class=\"pk-overlay-link\">\n\t\t\t\t\t\t\t\t\t<img decoding=\"async\" width=\"300\" height=\"225\" src=\"https:\/\/borderlessmag.org\/wordpress\/wp-content\/uploads\/2026\/04\/2026.04.21_PublicDefenders_Cruz-CF-Featured-300x225.jpg\" class=\"attachment-pk-thumbnail size-pk-thumbnail wp-post-image\" alt=\"El defensor p\u00fablico del condado de Cook, Cruz Rodr\u00edguez, se sienta en su escritorio frente a su computadora. Un mazo y t\u00edtulos acad\u00e9micos est\u00e1n en los estantes detr\u00e1s de \u00e9l.\" \/>\t\t\t\t\t\t\t\t<\/a>\n\t\t\t\t\t\t\t<\/div>\n\t\t\t\t\t\t<\/div>\n\t\t\t\t\t<\/div>\n\t\t\t\t<\/div>\n\t\t\t\t\n\t\t\t\t<div class=\"pk-post-inner\">\n\t\t\t\t\t<header>\n\t\t\t\t\t\t<h3 class=\"pk-title\"><a href=\"https:\/\/borderlessmag.org\/es\/2026\/04\/24\/cook-county-public-defender-trump-detentions-immigration-law-court\/\" rel=\"bookmark\">La defensor\u00eda p\u00fablica del condado de Cook cre\u00f3 una unidad de inmigraci\u00f3n hace cinco a\u00f1os. El \u00faltimo a\u00f1o la puso a prueba.<\/a><\/h3>\t\t\t\t\t\t\t<div class=\"pk-post-meta\">\n\t\t\t\t\t\t\t\t<span class=\"pk-meta-author meta-author\"><span class=\"author vcard\"><a class=\"url fn n\" href=\"https:\/\/borderlessmag.org\/es\/author\/max-herman\/\" title=\"Ver todas las publicaciones de Aydali Campa\">Aydali Campa<\/a><\/span><\/span>\t\t\t\t\t\t\t\t<span class=\"sep\">-<\/span>\n\t\t\t\t\t\t\t\t<span class=\"pk-meta-date meta-date\"><a href=\"https:\/\/borderlessmag.org\/es\/2026\/04\/24\/cook-county-public-defender-trump-detentions-immigration-law-court\/\" rel=\"bookmark\">24 de abril de 2026<\/a><\/span>\t\t\t\t\t\t\t<\/div>\n\t\t\t\t\t\t\t\t\t\t\t\t<\/header><!-- .entry-header -->\n\t\t\t\t<\/div><!-- .post-inner -->\n\n\t\t\t<\/div><!-- .post-outer -->\n\t\t<\/article>\n\t\t\t\t<\/div>\n\t\t<\/div>\n\t\t\n<\/div>\n\n\n\n\n\t\t<\/div> \n\t<\/div>\n\t<\/div> \n<\/div><\/div>\n<div class=\"wpb_text_column wpb_content_element\" >\n\t<h2 id=\"trumps-environmental-policy\">La pol\u00edtica medioambiental de Trump<\/h2>\n<p>Illinois se enfrenta a la <a href=\"https:\/\/stateclimatologist.web.illinois.edu\/climate-change-in-illinois\/\">amenaza de inundaciones m\u00e1s frecuentes<\/a> y d\u00edas de calor extremo exacerbados por el cambio clim\u00e1tico. Chicago tambi\u00e9n tiene algunas de las <a href=\"https:\/\/www.theguardian.com\/us-news\/2023\/mar\/08\/10-most-air-polluted-places-to-live-us\">la peor contaminaci\u00f3n atmosf\u00e9rica del pa\u00eds<\/a>El tr\u00e1fico de camiones pesados procedentes de almacenes e instalaciones de fabricaci\u00f3n cercanas concentra la mayor parte de la contaminaci\u00f3n en los barrios negros y marrones de las zonas sur y oeste.<\/p>\n<p>Trump heredar\u00e1 cientos de miles de millones de d\u00f3lares en programas de la Ley de Reducci\u00f3n de la Inflaci\u00f3n (IRA) de 2022 y de la Ley Bipartidista de Infraestructuras de 2021, actualmente en fase de despliegue. Cientos de millones de d\u00f3lares son <a href=\"https:\/\/www.epa.gov\/newsreleases\/epa-announces-more-430-million-illinois-community-driven-solutions-cut-climate#:~:text=%22Thanks%20to%20President%20Biden's%20landmark,strengthen%20and%20accelerate%20that%20work.%22\">ya fluye<\/a> en Illinois para abordar los problemas medioambientales, pero tales iniciativas podr\u00edan encontrar obst\u00e1culos por parte de una administraci\u00f3n que ha calificado el cambio clim\u00e1tico de enga\u00f1o.<\/p>\n<p>la <a href=\"https:\/\/borderlessmag.org\/es\/2024\/10\/28\/trump-harris-elecciones-medio-ambiente-cambio-climatico-chicago\/\">aliados conservadores autor del Proyecto 2025, <\/a>una lista de deseos de medidas propuestas por la Fundaci\u00f3n Heritage para el pr\u00f3ximo presidente republicano. El documento pide eliminar la Oficina de Justicia Medioambiental y Derechos Civiles, revisar el programa de subvenciones de la EPA y \"utilizar la aplicaci\u00f3n de la ley para garantizar el cumplimiento, no para lograr objetivos extraestatutarios.\"<\/p>\n<h2 id=\"how-chicago-will-respond-to-trumps-threats\">C\u00f3mo responder\u00e1 Chicago a las amenazas de Trump<\/h2>\n<p><span style=\"font-weight: 400;\">Mientras los l\u00edderes de Chicago e Illinois navegan por una segunda presidencia de Trump, Borderless evaluar\u00e1 c\u00f3mo las pol\u00edticas federales afectar\u00e1n la ordenanza Welcoming City de la ciudad. Seg\u00fan la ley, el Departamento de Polic\u00eda de Chicago no pregunta sobre el estatus migratorio ni revela informaci\u00f3n migratoria a funcionarios federales. <\/span><\/p>\n<p><span style=\"font-weight: 400;\">En 2021, la entonces alcaldesa Lori Lightfoot reforz\u00f3 la ley para impedir que la polic\u00eda <\/span><a href=\"https:\/\/www.chicagotribune.com\/2021\/02\/23\/mayor-lori-lightfoot-signs-welcoming-city-ordinance-update-ending-chicago-police-cooperation-with-federal-immigration-agents\/\"><span style=\"font-weight: 400;\">cooperar con organismos federales como el Servicio de Inmigraci\u00f3n y Control de Aduanas en todos los casos, incluidos aquellos con cargos o condenas penales.<\/span><\/a><span style=\"font-weight: 400;\"> Sin embargo, la administraci\u00f3n de Trump y su gabinete han prometido atacar Chicago y otras ciudades santuario con deportaciones y otras medidas de inmigraci\u00f3n. Borderless observar\u00e1 c\u00f3mo responden la ciudad y los grupos que ayudan a los inmigrantes a estos planes.<\/span><\/p>\n<\/div>\n\n\n\n\n\t\t\t<\/div> \n\t\t<\/div>\n\t<\/div> \n\n\t<div  class=\"vc_col-sm-2 vc_hidden-sm vc_hidden-xs wpb_column column_container vc_column_container col no-extra-padding inherit_tablet inherit_phone\"  data-padding-pos=\"all\" data-has-bg-color=\"false\" data-bg-color=\"\" data-bg-opacity=\"1\" data-animation=\"\" data-delay=\"0\" >\n\t\t<div class=\"vc_column-inner\" >\n\t\t\t<div class=\"wpb_wrapper\">\n\t\t\t\t\n\t<div class=\"wpb_widgetised_column wpb_content_element\">\n\t\t<div id=\"sidebar\" data-nectar-ss=\"true\" class=\"wpb_wrapper\">\n\t\t\t<div id=\"custom_html-4 1articleright\" class=\"widget_text widget widget_custom_html\"><h3 id=\"wordpress-popular-posts\" class=\"widget-title\">Entradas populares de WordPress<\/h3><div class=\"textwidget custom-html-widget\"><h4 id=\"trending-posts\" class=\"widget-title\">Tendencias<\/h4><div class=\"wpp-shortcode\"><script type=\"application\/json\" data-id=\"wpp-shortcode-inline-js\">{\"title\":\"Trending Posts\",\"limit\":\"3\",\"offset\":0,\"range\":\"custom\",\"time_quantity\":\"124\",\"time_unit\":\"day\",\"freshness\":\"1\",\"order_by\":\"views\",\"post_type\":\"post\",\"pid\":\"\",\"exclude\":\"\",\"cat\":\"\",\"taxonomy\":\"category\",\"term_id\":\"\",\"author\":\"\",\"shorten_title\":{\"active\":false,\"length\":0,\"words\":false},\"post-excerpt\":{\"active\":false,\"length\":0,\"keep_format\":false,\"words\":false},\"thumbnail\":{\"active\":true,\"build\":\"predefined\",\"width\":\"240\",\"height\":\"160\"},\"rating\":false,\"stats_tag\":{\"comment_count\":false,\"views\":false,\"author\":false,\"date\":{\"active\":false,\"format\":\"F j, Y\"},\"category\":false,\"taxonomy\":{\"active\":false,\"name\":\"category\"}},\"markup\":{\"custom_html\":true,\"wpp-start\":\"&lt;ul class=&quot;wpp-list wpp-cardview&quot;&gt;\",\"wpp-end\":\"&lt;\\\/ul&gt;\",\"title-start\":\"&lt;h4 class=&quot;widget-title&quot;&gt;\",\"title-end\":\"&lt;\\\/h4&gt;\",\"post-html\":\"&lt;li&gt;{thumb} {title} {stats}&lt;\\\/li&gt;\"},\"theme\":{\"name\":\"\"}}<\/script><div class=\"wpp-shortcode-placeholder\"><\/div><\/div><\/div><\/div>\n\t\t<\/div> \n\t<\/div> \n\t\t\t<\/div> \n\t\t<\/div>\n\t<\/div> \n<\/div><\/div>","protected":false},"excerpt":{"rendered":"<p>El segundo mandato del presidente Donald Trump, la pol\u00edtica medioambiental y m\u00e1s historias que seguiremos en el nuevo a\u00f1o.<\/p>","protected":false},"author":11,"featured_media":24764,"comment_status":"closed","ping_status":"closed","sticky":false,"template":"","format":"standard","meta":{"inline_featured_image":false,"footnotes":""},"categories":[1],"tags":[687],"coauthors":[207],"class_list":{"0":"post-24790","1":"post","2":"type-post","3":"status-publish","4":"format-standard","5":"has-post-thumbnail","7":"category-immigration-policy","8":"tag-2025preview"},"yoast_head":"<!-- This site is optimized with the Yoast SEO Premium plugin v27.3 (Yoast SEO v27.3) - https:\/\/yoast.com\/product\/yoast-seo-premium-wordpress\/ -->\n<title>What Borderless Is Watching on the Immigration Beat in 2025 &#8211; Borderless Magazine NFP<\/title>\n<meta name=\"description\" content=\"President Donald Trump&#039;s second term, environmental policy and more stories we will follow in the new year.\" \/>\n<meta name=\"robots\" content=\"index, follow, max-snippet:-1, max-image-preview:large, max-video-preview:-1\" \/>\n<link rel=\"canonical\" href=\"https:\/\/borderlessmag.org\/es\/2025\/01\/07\/presidente-trump-politica-migratoria-trump-deportacion-operacion-aurora-daca\/\" \/>\n<meta property=\"og:locale\" content=\"es_MX\" \/>\n<meta property=\"og:type\" content=\"article\" \/>\n<meta property=\"og:title\" content=\"What Borderless Is Watching on the Immigration Beat in 2025 &#8211; Borderless Magazine NFP\" \/>\n<meta property=\"og:description\" content=\"What Borderless Is Watching on the Immigration Beat in 2025 &#8211; Borderless Magazine NFP\" \/>\n<meta property=\"og:url\" content=\"https:\/\/borderlessmag.org\/es\/2025\/01\/07\/presidente-trump-politica-migratoria-trump-deportacion-operacion-aurora-daca\/\" \/>\n<meta property=\"og:site_name\" content=\"Borderless Magazine NFP\" \/>\n<meta property=\"article:publisher\" content=\"https:\/\/www.facebook.com\/BorderlessMagazine\" \/>\n<meta property=\"article:published_time\" content=\"2025-01-07T13:00:37+00:00\" \/>\n<meta property=\"article:modified_time\" content=\"2025-01-16T17:07:44+00:00\" \/>\n<meta property=\"og:image\" content=\"https:\/\/borderlessmag.org\/wordpress\/wp-content\/uploads\/2025\/01\/2025.01.07-2025-Preview_Featured.jpg\" \/>\n\t<meta property=\"og:image:width\" content=\"1080\" \/>\n\t<meta property=\"og:image:height\" content=\"720\" \/>\n\t<meta property=\"og:image:type\" content=\"image\/jpeg\" \/>\n<meta name=\"author\" content=\"Aydali Campa\" \/>\n<meta name=\"twitter:card\" content=\"summary_large_image\" \/>\n<meta name=\"twitter:label1\" content=\"Escrito por\" \/>\n\t<meta name=\"twitter:data1\" content=\"Borderless Magazine Staff\" \/>\n\t<meta name=\"twitter:label2\" content=\"Tiempo de lectura\" \/>\n\t<meta name=\"twitter:data2\" content=\"8 minutos\" \/>\n\t<meta name=\"twitter:label3\" content=\"Written by\" \/>\n\t<meta name=\"twitter:data3\" content=\"Aydali Campa\" \/>\n<script type=\"application\/ld+json\" class=\"yoast-schema-graph\">{\"@context\":\"https:\\\/\\\/schema.org\",\"@graph\":[{\"@type\":\"NewsArticle\",\"@id\":\"https:\\\/\\\/borderlessmag.org\\\/2025\\\/01\\\/07\\\/president-trump-immigration-policy-trump-deportation-operation-aurora-daca\\\/#article\",\"isPartOf\":{\"@id\":\"https:\\\/\\\/borderlessmag.org\\\/2025\\\/01\\\/07\\\/president-trump-immigration-policy-trump-deportation-operation-aurora-daca\\\/\"},\"author\":{\"name\":\"Borderless Magazine Staff\",\"@id\":\"https:\\\/\\\/borderlessmag.org\\\/#\\\/schema\\\/person\\\/494d06540b1771aee68324a4f83ee84b\"},\"headline\":\"What Borderless Is Watching on the Immigration Beat in 2025\",\"datePublished\":\"2025-01-07T13:00:37+00:00\",\"dateModified\":\"2025-01-16T17:07:44+00:00\",\"mainEntityOfPage\":{\"@id\":\"https:\\\/\\\/borderlessmag.org\\\/2025\\\/01\\\/07\\\/president-trump-immigration-policy-trump-deportation-operation-aurora-daca\\\/\"},\"wordCount\":1695,\"publisher\":{\"@id\":\"https:\\\/\\\/borderlessmag.org\\\/#organization\"},\"image\":{\"@id\":\"https:\\\/\\\/borderlessmag.org\\\/2025\\\/01\\\/07\\\/president-trump-immigration-policy-trump-deportation-operation-aurora-daca\\\/#primaryimage\"},\"thumbnailUrl\":\"https:\\\/\\\/borderlessmag.org\\\/wordpress\\\/wp-content\\\/uploads\\\/2025\\\/01\\\/2025.01.07-2025-Preview_Featured.jpg\",\"keywords\":[\"2025Preview\"],\"articleSection\":[\"Immigration Policy\"],\"inLanguage\":\"es\",\"copyrightYear\":\"2026\",\"copyrightHolder\":{\"@id\":\"https:\\\/\\\/borderlessmag.org\\\/es\\\/#organization\"}},{\"@type\":\"WebPage\",\"@id\":\"https:\\\/\\\/borderlessmag.org\\\/2025\\\/01\\\/07\\\/president-trump-immigration-policy-trump-deportation-operation-aurora-daca\\\/\",\"url\":\"https:\\\/\\\/borderlessmag.org\\\/2025\\\/01\\\/07\\\/president-trump-immigration-policy-trump-deportation-operation-aurora-daca\\\/\",\"name\":\"What Borderless Is Watching on the Immigration Beat in 2025 &#8211; Borderless Magazine NFP\",\"isPartOf\":{\"@id\":\"https:\\\/\\\/borderlessmag.org\\\/#website\"},\"primaryImageOfPage\":{\"@id\":\"https:\\\/\\\/borderlessmag.org\\\/2025\\\/01\\\/07\\\/president-trump-immigration-policy-trump-deportation-operation-aurora-daca\\\/#primaryimage\"},\"image\":{\"@id\":\"https:\\\/\\\/borderlessmag.org\\\/2025\\\/01\\\/07\\\/president-trump-immigration-policy-trump-deportation-operation-aurora-daca\\\/#primaryimage\"},\"thumbnailUrl\":\"https:\\\/\\\/borderlessmag.org\\\/wordpress\\\/wp-content\\\/uploads\\\/2025\\\/01\\\/2025.01.07-2025-Preview_Featured.jpg\",\"datePublished\":\"2025-01-07T13:00:37+00:00\",\"dateModified\":\"2025-01-16T17:07:44+00:00\",\"description\":\"President Donald Trump's second term, environmental policy and more stories we will follow in the new year.\",\"inLanguage\":\"es\",\"potentialAction\":[{\"@type\":\"ReadAction\",\"target\":[\"https:\\\/\\\/borderlessmag.org\\\/2025\\\/01\\\/07\\\/president-trump-immigration-policy-trump-deportation-operation-aurora-daca\\\/\"]}]},{\"@type\":\"ImageObject\",\"inLanguage\":\"es\",\"@id\":\"https:\\\/\\\/borderlessmag.org\\\/2025\\\/01\\\/07\\\/president-trump-immigration-policy-trump-deportation-operation-aurora-daca\\\/#primaryimage\",\"url\":\"https:\\\/\\\/borderlessmag.org\\\/wordpress\\\/wp-content\\\/uploads\\\/2025\\\/01\\\/2025.01.07-2025-Preview_Featured.jpg\",\"contentUrl\":\"https:\\\/\\\/borderlessmag.org\\\/wordpress\\\/wp-content\\\/uploads\\\/2025\\\/01\\\/2025.01.07-2025-Preview_Featured.jpg\",\"width\":1920,\"height\":1280,\"caption\":\"Presidential elect Donald Trump partakes in a panel of journalists at the National Association of Black Journalists annual convention at the Hilton Chicago on July 31, 2024.\"},{\"@type\":\"WebSite\",\"@id\":\"https:\\\/\\\/borderlessmag.org\\\/#website\",\"url\":\"https:\\\/\\\/borderlessmag.org\\\/\",\"name\":\"Borderless Magazine NFP\",\"description\":\"Stories about immigration and immigrants\",\"publisher\":{\"@id\":\"https:\\\/\\\/borderlessmag.org\\\/#organization\"},\"alternateName\":\"Borderless\",\"potentialAction\":[{\"@type\":\"SearchAction\",\"target\":{\"@type\":\"EntryPoint\",\"urlTemplate\":\"https:\\\/\\\/borderlessmag.org\\\/?s={search_term_string}\"},\"query-input\":{\"@type\":\"PropertyValueSpecification\",\"valueRequired\":true,\"valueName\":\"search_term_string\"}}],\"inLanguage\":\"es\"},{\"@type\":\"Organization\",\"@id\":\"https:\\\/\\\/borderlessmag.org\\\/#organization\",\"name\":\"Borderless Magazine NFP\",\"alternateName\":\"Borderless Mag\",\"url\":\"https:\\\/\\\/borderlessmag.org\\\/\",\"logo\":{\"@type\":\"ImageObject\",\"inLanguage\":\"es\",\"@id\":\"https:\\\/\\\/borderlessmag.org\\\/#\\\/schema\\\/logo\\\/image\\\/\",\"url\":\"https:\\\/\\\/borderlessmag.org\\\/wordpress\\\/wp-content\\\/uploads\\\/2025\\\/08\\\/BorderlessLogo_main_square.jpg\",\"contentUrl\":\"https:\\\/\\\/borderlessmag.org\\\/wordpress\\\/wp-content\\\/uploads\\\/2025\\\/08\\\/BorderlessLogo_main_square.jpg\",\"width\":696,\"height\":696,\"caption\":\"Borderless Magazine NFP\"},\"image\":{\"@id\":\"https:\\\/\\\/borderlessmag.org\\\/#\\\/schema\\\/logo\\\/image\\\/\"},\"sameAs\":[\"https:\\\/\\\/www.facebook.com\\\/BorderlessMagazine\",\"https:\\\/\\\/www.instagram.com\\\/borderless_mag\\\/\",\"https:\\\/\\\/www.tiktok.com\\\/@borderless_mag\"]},{\"@type\":\"Person\",\"@id\":\"https:\\\/\\\/borderlessmag.org\\\/#\\\/schema\\\/person\\\/494d06540b1771aee68324a4f83ee84b\",\"name\":\"Borderless Magazine Staff\",\"image\":{\"@type\":\"ImageObject\",\"inLanguage\":\"es\",\"@id\":\"https:\\\/\\\/secure.gravatar.com\\\/avatar\\\/73a36bdc4111db6c9a6fe479707fda14a1503b55989da2e353b9cf5ac0835687?s=96&d=mm&r=g3712cb91a44b036a2a2fc35f3c060522\",\"url\":\"https:\\\/\\\/secure.gravatar.com\\\/avatar\\\/73a36bdc4111db6c9a6fe479707fda14a1503b55989da2e353b9cf5ac0835687?s=96&d=mm&r=g\",\"contentUrl\":\"https:\\\/\\\/secure.gravatar.com\\\/avatar\\\/73a36bdc4111db6c9a6fe479707fda14a1503b55989da2e353b9cf5ac0835687?s=96&d=mm&r=g\",\"caption\":\"Borderless Magazine Staff\"},\"url\":\"https:\\\/\\\/borderlessmag.org\\\/es\\\/author\\\/borderless-magazine-staff\\\/\"}]}<\/script>\n<!-- \/ Yoast SEO Premium plugin. -->","yoast_head_json":{"title":"Lo que Borderless est\u00e1 observando en materia de inmigraci\u00f3n en 2025 - Revista Borderless PNF","description":"El segundo mandato del presidente Donald Trump, la pol\u00edtica medioambiental y m\u00e1s historias que seguiremos en el nuevo a\u00f1o.","robots":{"index":"index","follow":"follow","max-snippet":"max-snippet:-1","max-image-preview":"max-image-preview:large","max-video-preview":"max-video-preview:-1"},"canonical":"https:\/\/borderlessmag.org\/es\/2025\/01\/07\/presidente-trump-politica-migratoria-trump-deportacion-operacion-aurora-daca\/","og_locale":"es_MX","og_type":"article","og_title":"What Borderless Is Watching on the Immigration Beat in 2025 &#8211; Borderless Magazine NFP","og_description":"What Borderless Is Watching on the Immigration Beat in 2025 &#8211; Borderless Magazine NFP","og_url":"https:\/\/borderlessmag.org\/es\/2025\/01\/07\/presidente-trump-politica-migratoria-trump-deportacion-operacion-aurora-daca\/","og_site_name":"Borderless Magazine NFP","article_publisher":"https:\/\/www.facebook.com\/BorderlessMagazine","article_published_time":"2025-01-07T13:00:37+00:00","article_modified_time":"2025-01-16T17:07:44+00:00","og_image":[{"url":"https:\/\/borderlessmag.org\/wordpress\/wp-content\/uploads\/2025\/01\/2025.01.07-2025-Preview_Featured.jpg","width":1080,"height":720,"type":"image\/jpeg"}],"author":"Aydali Campa","twitter_card":"summary_large_image","twitter_misc":{"Escrito por":"Borderless Magazine Staff","Tiempo de lectura":"8 minutos","Written by":"Aydali Campa"},"schema":{"@context":"https:\/\/schema.org","@graph":[{"@type":"NewsArticle","@id":"https:\/\/borderlessmag.org\/2025\/01\/07\/president-trump-immigration-policy-trump-deportation-operation-aurora-daca\/#article","isPartOf":{"@id":"https:\/\/borderlessmag.org\/2025\/01\/07\/president-trump-immigration-policy-trump-deportation-operation-aurora-daca\/"},"author":{"name":"Borderless Magazine Staff","@id":"https:\/\/borderlessmag.org\/#\/schema\/person\/494d06540b1771aee68324a4f83ee84b"},"headline":"What Borderless Is Watching on the Immigration Beat in 2025","datePublished":"2025-01-07T13:00:37+00:00","dateModified":"2025-01-16T17:07:44+00:00","mainEntityOfPage":{"@id":"https:\/\/borderlessmag.org\/2025\/01\/07\/president-trump-immigration-policy-trump-deportation-operation-aurora-daca\/"},"wordCount":1695,"publisher":{"@id":"https:\/\/borderlessmag.org\/#organization"},"image":{"@id":"https:\/\/borderlessmag.org\/2025\/01\/07\/president-trump-immigration-policy-trump-deportation-operation-aurora-daca\/#primaryimage"},"thumbnailUrl":"https:\/\/borderlessmag.org\/wordpress\/wp-content\/uploads\/2025\/01\/2025.01.07-2025-Preview_Featured.jpg","keywords":["2025Preview"],"articleSection":["Immigration Policy"],"inLanguage":"es","copyrightYear":"2026","copyrightHolder":{"@id":"https:\/\/borderlessmag.org\/es\/#organization"}},{"@type":"WebPage","@id":"https:\/\/borderlessmag.org\/2025\/01\/07\/president-trump-immigration-policy-trump-deportation-operation-aurora-daca\/","url":"https:\/\/borderlessmag.org\/2025\/01\/07\/president-trump-immigration-policy-trump-deportation-operation-aurora-daca\/","name":"Lo que Borderless est\u00e1 observando en materia de inmigraci\u00f3n en 2025 - Revista Borderless PNF","isPartOf":{"@id":"https:\/\/borderlessmag.org\/#website"},"primaryImageOfPage":{"@id":"https:\/\/borderlessmag.org\/2025\/01\/07\/president-trump-immigration-policy-trump-deportation-operation-aurora-daca\/#primaryimage"},"image":{"@id":"https:\/\/borderlessmag.org\/2025\/01\/07\/president-trump-immigration-policy-trump-deportation-operation-aurora-daca\/#primaryimage"},"thumbnailUrl":"https:\/\/borderlessmag.org\/wordpress\/wp-content\/uploads\/2025\/01\/2025.01.07-2025-Preview_Featured.jpg","datePublished":"2025-01-07T13:00:37+00:00","dateModified":"2025-01-16T17:07:44+00:00","description":"El segundo mandato del presidente Donald Trump, la pol\u00edtica medioambiental y m\u00e1s historias que seguiremos en el nuevo a\u00f1o.","inLanguage":"es","potentialAction":[{"@type":"ReadAction","target":["https:\/\/borderlessmag.org\/2025\/01\/07\/president-trump-immigration-policy-trump-deportation-operation-aurora-daca\/"]}]},{"@type":"ImageObject","inLanguage":"es","@id":"https:\/\/borderlessmag.org\/2025\/01\/07\/president-trump-immigration-policy-trump-deportation-operation-aurora-daca\/#primaryimage","url":"https:\/\/borderlessmag.org\/wordpress\/wp-content\/uploads\/2025\/01\/2025.01.07-2025-Preview_Featured.jpg","contentUrl":"https:\/\/borderlessmag.org\/wordpress\/wp-content\/uploads\/2025\/01\/2025.01.07-2025-Preview_Featured.jpg","width":1920,"height":1280,"caption":"Presidential elect Donald Trump partakes in a panel of journalists at the National Association of Black Journalists annual convention at the Hilton Chicago on July 31, 2024."},{"@type":"WebSite","@id":"https:\/\/borderlessmag.org\/#website","url":"https:\/\/borderlessmag.org\/","name":"Revista Borderless NFP","description":"Historias sobre inmigraci\u00f3n e inmigrantes","publisher":{"@id":"https:\/\/borderlessmag.org\/#organization"},"alternateName":"Borderless","potentialAction":[{"@type":"SearchAction","target":{"@type":"EntryPoint","urlTemplate":"https:\/\/borderlessmag.org\/?s={search_term_string}"},"query-input":{"@type":"PropertyValueSpecification","valueRequired":true,"valueName":"search_term_string"}}],"inLanguage":"es"},{"@type":"Organization","@id":"https:\/\/borderlessmag.org\/#organization","name":"Revista Borderless NFP","alternateName":"Borderless Mag","url":"https:\/\/borderlessmag.org\/","logo":{"@type":"ImageObject","inLanguage":"es","@id":"https:\/\/borderlessmag.org\/#\/schema\/logo\/image\/","url":"https:\/\/borderlessmag.org\/wordpress\/wp-content\/uploads\/2025\/08\/BorderlessLogo_main_square.jpg","contentUrl":"https:\/\/borderlessmag.org\/wordpress\/wp-content\/uploads\/2025\/08\/BorderlessLogo_main_square.jpg","width":696,"height":696,"caption":"Borderless Magazine NFP"},"image":{"@id":"https:\/\/borderlessmag.org\/#\/schema\/logo\/image\/"},"sameAs":["https:\/\/www.facebook.com\/BorderlessMagazine","https:\/\/www.instagram.com\/borderless_mag\/","https:\/\/www.tiktok.com\/@borderless_mag"]},{"@type":"Person","@id":"https:\/\/borderlessmag.org\/#\/schema\/person\/494d06540b1771aee68324a4f83ee84b","name":"Personal de Borderless Magazine","image":{"@type":"ImageObject","inLanguage":"es","@id":"https:\/\/secure.gravatar.com\/avatar\/73a36bdc4111db6c9a6fe479707fda14a1503b55989da2e353b9cf5ac0835687?s=96&d=mm&r=g3712cb91a44b036a2a2fc35f3c060522","url":"https:\/\/secure.gravatar.com\/avatar\/73a36bdc4111db6c9a6fe479707fda14a1503b55989da2e353b9cf5ac0835687?s=96&d=mm&r=g","contentUrl":"https:\/\/secure.gravatar.com\/avatar\/73a36bdc4111db6c9a6fe479707fda14a1503b55989da2e353b9cf5ac0835687?s=96&d=mm&r=g","caption":"Borderless Magazine Staff"},"url":"https:\/\/borderlessmag.org\/es\/author\/borderless-magazine-staff\/"}]}},"cc_featured_image_caption":{"caption_text":"President-elect Donald Trump participates in a panel of journalists at the National Association of Black Journalists annual convention at the Hilton Chicago on July 31, 2024. ","source_text":"","source_url":""},"_links":{"self":[{"href":"https:\/\/borderlessmag.org\/es\/wp-json\/wp\/v2\/posts\/24790","targetHints":{"allow":["GET"]}}],"collection":[{"href":"https:\/\/borderlessmag.org\/es\/wp-json\/wp\/v2\/posts"}],"about":[{"href":"https:\/\/borderlessmag.org\/es\/wp-json\/wp\/v2\/types\/post"}],"author":[{"embeddable":true,"href":"https:\/\/borderlessmag.org\/es\/wp-json\/wp\/v2\/users\/11"}],"replies":[{"embeddable":true,"href":"https:\/\/borderlessmag.org\/es\/wp-json\/wp\/v2\/comments?post=24790"}],"version-history":[{"count":12,"href":"https:\/\/borderlessmag.org\/es\/wp-json\/wp\/v2\/posts\/24790\/revisions"}],"predecessor-version":[{"id":24818,"href":"https:\/\/borderlessmag.org\/es\/wp-json\/wp\/v2\/posts\/24790\/revisions\/24818"}],"wp:featuredmedia":[{"embeddable":true,"href":"https:\/\/borderlessmag.org\/es\/wp-json\/wp\/v2\/media\/24764"}],"wp:attachment":[{"href":"https:\/\/borderlessmag.org\/es\/wp-json\/wp\/v2\/media?parent=24790"}],"wp:term":[{"taxonomy":"category","embeddable":true,"href":"https:\/\/borderlessmag.org\/es\/wp-json\/wp\/v2\/categories?post=24790"},{"taxonomy":"post_tag","embeddable":true,"href":"https:\/\/borderlessmag.org\/es\/wp-json\/wp\/v2\/tags?post=24790"},{"taxonomy":"author","embeddable":true,"href":"https:\/\/borderlessmag.org\/es\/wp-json\/wp\/v2\/coauthors?post=24790"}],"curies":[{"name":"wp","href":"https:\/\/api.w.org\/{rel}","templated":true}]}}