{"id":2422,"date":"2020-04-15T19:12:55","date_gmt":"2020-04-15T19:12:55","guid":{"rendered":"http:\/\/borderlessmag.org\/?p=2422"},"modified":"2025-10-08T09:56:32","modified_gmt":"2025-10-08T14:56:32","slug":"encerrado-con-covid-19","status":"publish","type":"post","link":"https:\/\/borderlessmag.org\/es\/2020\/04\/15\/locked-up-with-covid-19\/","title":{"rendered":"Encerrado con COVID-19"},"content":{"rendered":"<p><span style=\"color: #808080;\">Above: Francisco Silva Flores pictured outside his Albany Park home on April 14, 2020. Photo by Michelle Kanaar.<\/span><\/p>\n<p><em><strong>Update, April 16, 2020:<\/strong>\u00a0The Department of Justice <a href=\"https:\/\/twitter.com\/DOJ_EOIR\/status\/1250623694457769986\">announced at 10:14 pm on Wednesday April 15<\/a> that the Chicago Immigration Court will be closed Thursday April 16. The closure was due to\u00a0someone who had been to court to support a family member testing positive for COVID-19, said a source inside the court.<\/em><\/p>\n<p>&nbsp;<\/p>\n<p><span style=\"font-weight: 400; color: #000000;\">When Francisco Silva Flores started feeling sick last month while detained by Immigration and Customs Enforcement at the Kankakee County jail, he was worried. The 49-year-old\u2019s eyes were watery and felt infected, his nose was stuffy, and his entire body ached.<\/span><\/p>\n<p><span style=\"font-weight: 400; color: #000000;\">Flores said he had heard about the coronavirus pandemic from the jail common room\u2019s television. News reports explained how certain groups were at a higher risk of dying from the virus. Flores was recently diagnosed with diabetes and was concerned he could die if exposed to COVID-19. There were also rumors that someone at the detention center was already infected with the virus. With people being transferred into and out of the detention center every week, it was easy to see how the infection could quickly spread.\u00a0<\/span><\/p>\n<p><span style=\"font-weight: 400; color: #000000;\">\u201cEveryone said that if the coronavirus got in the detention center through an individual or a guard, it would be terrible,\u201d Flores said. \u201cIt\u2019s not possible to have good hygiene there or wash yourself well since you have to share the bathroom with another 40 people or so.\u201d<\/span><\/p>\n<div id=\"attachment_2442\" style=\"width: 1306px\" class=\"wp-caption alignnone\"><img decoding=\"async\" aria-describedby=\"caption-attachment-2442\" class=\"wp-image-2442 size-full\" src=\"https:\/\/borderlessmag.org\/wordpress\/wp-content\/uploads\/2022\/01\/041420_FranciscoSilvaFlores-3-web.jpg\" alt=\"Francisco Silva Flores\" width=\"1296\" height=\"864\" \/><p id=\"caption-attachment-2442\" class=\"wp-caption-text\">Francisco Silva Flores pictured outside his Albany Park home on April 14, 2020. Flores was released from Kankakee County Jail on March 25, 2020 after Immigration and Customs Enforcement had taken him into custody in August 2019. Photo by Michelle Kanaar.<\/p><\/div>\n<p><span style=\"font-weight: 400; color: #000000;\">Flores asked to see a doctor and was told by a nurse an appointment would be scheduled. Three weeks later he said he had yet to see a doctor and still felt sick.\u00a0<\/span><\/p>\n<p><span style=\"font-weight: 400; color: #000000;\">The jail has a medical team on staff and nurses come to see the immigrant detainees twice a day, according to Chad Kolitwenzew, the chief of corrections at the Kankakee County Sheriff\u2019s Office. Kolitwenzew was not familiar with Flores\u2019 illness in particular, but said that the jail has been taking steps to protect both detainees and corrections officers from COVID-19 since early March when they stopped allowing in-person visits to the jail. He said that the jail posted information about COVID-19 sometime in the first half of March and that the facility is cleaned four times a day.<\/span><\/p>\n<p><span style=\"font-weight: 400; color: #000000;\">Despite these steps, Flores\u2019 family and attorneys feared for his safety.\u00a0<\/span><\/p>\n<p><span style=\"font-weight: 400; color: #000000;\">\u201cWe know immigration jails and prisons can be hotspots for diseases like this. Francisco would be very susceptible to getting infected with COVID-19 and it would be incredibly dangerous to his health because of his diabetes diagnosis,\u201d said Alison Heinen, an attorney and Equal Justice Works fellow at <span style=\"color: #993300;\"><a style=\"color: #993300;\" href=\"https:\/\/www.beyondlegalaid.org\/\">Beyond Legal Aid<\/a><\/span> representing Flores.\u00a0<\/span><\/p>\n<p><span style=\"font-weight: 400; color: #000000;\">\u201cThat just wasn\u2019t acceptable to us,\u201d Heinen said.<\/span><\/p>\n<p><span style=\"color: #000000;\"><span style=\"font-weight: 400;\">As COVID-19 spreads throughout the United States a growing number of people are warning that a widespread outbreak in the immigrant detention system is very possible. A similar <\/span><span style=\"color: #993300;\"><a style=\"color: #993300;\" href=\"https:\/\/blockclubchicago.org\/2020\/04\/14\/181-cook-county-jail-staffers-have-coronavirus-remaining-guards-are-overworked-forced-to-cut-corners-union-says\/\"><span style=\"font-weight: 400;\">outbreak at the Cook County Jail<\/span><\/a><\/span><span style=\"font-weight: 400;\"> in Chicago has caused over 300 detainees to contract coronavirus and at least three to die. At the same time detained immigrants, their lawyers, and community leaders struggle to navigate an immigration court and detention system straining under the pressure of the pandemic.<\/span><\/span><\/p>\n<p><span style=\"color: #000000;\"><b>A \u201cHotspot\u201d For Disease<\/b><\/span><\/p>\n<p><span style=\"color: #000000;\"><span style=\"font-weight: 400;\">The United States <\/span><span style=\"color: #993300;\"><a style=\"color: #993300;\" href=\"https:\/\/borderlessmag.org\/2019\/11\/27\/migrating-to-prison\/\"><span style=\"font-weight: 400;\">incarcerates more immigrants than any other nation in the world<\/span><\/a><span style=\"font-weight: 400;\">. ICE currently has <\/span><a style=\"color: #993300;\" href=\"https:\/\/whistleblower.org\/wp-content\/uploads\/2020\/03\/Drs.-Allen-and-Rich-3.20.2020-Letter-to-Congress.pdf\"><span style=\"font-weight: 400;\">an estimated 37,000 immigrants detained in more than 130 facilities<\/span><\/a><\/span><span style=\"font-weight: 400;\"> across the country \u2014 including county jails and privately-run facilities. Kanakee\u2019s Jerome Combs Detention Center, an hour outside of Chicago, is one of several immigrant detention centers in the Midwest.<\/span><\/span><\/p>\n<p><span style=\"color: #000000;\"><span style=\"font-weight: 400;\">Washing hands, sanitizing surfaces and social distancing are key to slowing the spread of the coronavirus, according to the <\/span><\/span><span style=\"color: #993300;\">Centers for Disease Control.<\/span><\/p>\n<p><span style=\"color: #000000;\"><span style=\"font-weight: 400;\">Yet Immigration attorneys and advocates have long criticized the <\/span><span style=\"color: #993300;\"><a style=\"color: #993300;\" href=\"https:\/\/www.npr.org\/local\/309\/2019\/10\/09\/768549892\/lawmakers-make-surprise-visit-to-kankakee-detention-center\"><span style=\"font-weight: 400;\">medical care<\/span><\/a><\/span><span style=\"font-weight: 400;\"> and <\/span><span style=\"color: #993300;\"><a style=\"color: #993300;\" href=\"https:\/\/www.freedomforimmigrants.org\/map\"><span style=\"font-weight: 400;\">cleanliness<\/span><\/a><\/span><span style=\"font-weight: 400;\"> of such facilities. With the spread of COVID-19 the advocacy organization Freedom for Immigrants set up a hotline to address the pandemic and has received complaints about a lack of soap, hand sanitizer and cleaning supplies <\/span><span style=\"color: #993300;\"><a style=\"color: #993300;\" href=\"https:\/\/www.freedomforimmigrants.org\/map\"><span style=\"font-weight: 400;\">at 28 immigrant detention centers<\/span><\/a><\/span><span style=\"font-weight: 400;\">.<\/span><\/span><\/p>\n<p><span style=\"color: #000000;\"><span style=\"font-weight: 400;\">\u201cOvercrowding, poor sanitation, inadequate healthcare, and difficulty containing contagious diseases are well documented in ICE&#8217;s immigration detention system,\u201d said Allen S. Keller and Benjamin D. Wagner of New York University\u2019s School of Medicine, <\/span><span style=\"color: #993300;\"><a style=\"color: #993300;\" href=\"https:\/\/www.thelancet.com\/journals\/lanpub\/article\/PIIS2468-2667(20)30081-5\/fulltext#%20\"><span style=\"font-weight: 400;\">in a recent article in the Lancet Public Health journal<\/span><\/a><\/span><span style=\"font-weight: 400;\">. \u201cDistancing and other necessary measures to prevent SARS-CoV-2 [the virus that causes COVID-19] from spreading are not possible in immigrant prisons.\u201d<\/span><\/span><\/p>\n<p><span style=\"color: #000000;\"><span style=\"font-weight: 400;\">Last summer at least two detainees at the Kenosha detention center in Wisconsin were <\/span><a style=\"color: #000000;\" href=\"https:\/\/www.jsonline.com\/story\/news\/local\/2019\/06\/07\/mumps-cases-kenosha-jail-two-detainees-treated-vaccines-given\/1388058001\/\"><span style=\"font-weight: 400;\"><span style=\"color: #993300;\">treated for mumps<\/span><\/span><\/a><span style=\"font-weight: 400;\">. By this March the Kenosha County sheriff&#8217;s office told ICE it would not take any new detainees due to concerns about the spread of coronavirus in the jail.\u00a0<\/span><\/span><\/p>\n<p><span style=\"color: #000000;\"><span style=\"color: #993300;\"><a style=\"color: #993300;\" href=\"https:\/\/www.jsonline.com\/story\/news\/2020\/03\/17\/ice-pulls-170-detainees-kenosha-county-jail-after-sheriff-declines-take-more\/5072038002\/\"><span style=\"font-weight: 400;\">ICE then moved all 170 detainees<\/span><\/a><\/span><span style=\"font-weight: 400;\">\u00a0who were housed in the Kenosha facility, which is an hour north of Chicago. Attorneys for the detainees said many were sent to facilities as far away as Texas.<\/span><\/span><\/p>\n<p><span style=\"color: #000000;\"><span style=\"font-weight: 400;\">Two doctors who have extensive experience in the immigrant detention system wrote in a March 19 letter to the House Committee on Homeland Security that the shuffling of detainees around the country like this\u00a0<\/span><span style=\"color: #993300;\"><a style=\"color: #993300;\" href=\"https:\/\/whistleblower.org\/wp-content\/uploads\/2020\/03\/Drs.-Allen-and-Rich-3.20.2020-Letter-to-Congress.pdf\"><span style=\"font-weight: 400;\">\u201ccould rapidly disseminate the virus throughout the entire system with devastating consequences to public health.\u201d<\/span><\/a><\/span><\/span><\/p>\n<p><span style=\"color: #000000;\"><span style=\"font-weight: 400;\">ICE outlined its requirements for detention centers in response to the COVID-19 pandemic in an <\/span><span style=\"color: #993300;\"><a style=\"color: #993300;\" href=\"https:\/\/www.ice.gov\/doclib\/coronavirus\/eroCOVID19responseReqsCleanFacilities.pdf\"><span style=\"font-weight: 400;\">April 10 document<\/span><\/a><\/span><span style=\"font-weight: 400;\">. These include reporting all suspected and confirmed coronavirus cases to ICE headquarters and ensuring that facilities have enough soap, hand sanitizer and face masks in case of a COVID-19 outbreak.<\/span><\/span><\/p>\n<p><span style=\"color: #000000;\"><span style=\"font-weight: 400;\">ICE had <\/span><span style=\"color: #993300;\"><a style=\"color: #993300;\" href=\"https:\/\/www.ice.gov\/coronavirus\"><span style=\"font-weight: 400;\">89 confirmed cases of COVID-19<\/span><\/a><\/span><span style=\"font-weight: 400;\"> among those in their custody as of midday April 15, including three in the Pulaski County Detention Center in southern Illinois.\u00a0<\/span><\/span><\/p>\n<p><span style=\"font-weight: 400; color: #000000;\">ICE has full authority to release detained immigrants and has made efforts in recent weeks to release high-risk detainees like Flores and those who have tested positive for COVID-19.\u00a0<\/span><\/p>\n<p><span style=\"color: #000000;\"><span style=\"font-weight: 400;\">Last month ICE\u2019s Enforcement and Removal Operations <\/span><a style=\"color: #000000;\" href=\"https:\/\/www.ice.gov\/coronavirus\"><span style=\"font-weight: 400;\"><span style=\"color: #993300;\">identified more than 550 detainees over the age of 60 or pregnant who they deemed might be at a higher risk<\/span><\/span><\/a><span style=\"font-weight: 400;\"> for severe illness during the COVID-19 pandemic. Of these, ICE found that more than 160 detainees could be released <\/span><span style=\"color: #993300;\"><a style=\"color: #993300;\" href=\"https:\/\/www.ice.gov\/coronavirus\"><span style=\"font-weight: 400;\">\u201cafter evaluating their immigration history, criminal record, potential threat to public safety, flight risk, and national security concerns.\u201d<\/span><\/a><\/span><\/span><\/p>\n<p><span style=\"color: #000000;\"><span style=\"font-weight: 400;\">Additionally, ICE has been reducing the number of new immigrants it detains. The agency<\/span><span style=\"color: #993300;\"><a style=\"color: #993300;\" href=\"https:\/\/www.ice.gov\/coronavirus\"><span style=\"font-weight: 400;\"> reported April 6<\/span><\/a><\/span><span style=\"font-weight: 400;\"> that the detained population has dropped by more than 4,000 people since March 1, 2020, with a more than 60 percent decrease in new detainees when compared to this time last year.\u00a0<\/span><\/span><\/p>\n<p><span style=\"color: #000000;\"><b>Confusion At The Court<\/b><\/span><\/p>\n<p><span style=\"font-weight: 400; color: #000000;\">The detainees ICE chooses to keep in detention may still be released by either posting bail or through the orders of an immigration judge.\u00a0<\/span><\/p>\n<p><span style=\"color: #000000;\"><span style=\"font-weight: 400;\">When the Chicago Immigration Court rolled out coronavirus prevention measures last month, hearings for non-detained immigrants were postponed. Attorneys representing detained immigrants <\/span><span style=\"color: #993300;\"><span style=\"font-weight: 400;\">were also encouraged to stay home and represent their clients by phone<\/span><\/span><span style=\"font-weight: 400;\">. But in a system reliant on paper and in-person meetings, the transition has not been smooth.<\/span><\/span><\/p>\n<div id=\"attachment_2440\" style=\"width: 1117px\" class=\"wp-caption alignnone\"><img decoding=\"async\" aria-describedby=\"caption-attachment-2440\" class=\"wp-image-2440 size-full\" src=\"https:\/\/borderlessmag.org\/wordpress\/wp-content\/uploads\/2022\/01\/040820_ImmigrationCourt-1-web.jpg\" alt=\"Chicago's Immigration Court\" width=\"1107\" height=\"738\" \/><p id=\"caption-attachment-2440\" class=\"wp-caption-text\">Chicago&#8217;s Immigration Court remains open on April 8, 2020. Last month unions for immigration judges and government immigration prosecutors, as well as the national association of immigration lawyers, came together demanding all immigration courts be closed for the duration of the coronavirus pandemic, as many federal district courts and local courts have done. Photo by Michelle Kanaar.<\/p><\/div>\n<p><span style=\"color: #000000;\"><span style=\"font-weight: 400;\">\u201cI called the courthouse and asked, \u2018Can I email or fax the motion?\u2019 And they were like, \u2018No, you need to FedEx it over,\u201d said Elisabeth Carlson, an immigration attorney at <\/span><span style=\"color: #993300;\"><a style=\"color: #993300;\" href=\"http:\/\/www.klc-ltd.com\/\"><span style=\"font-weight: 400;\">Kempster, Corcoran Quiceno &amp; Lenz-Calvo, Ltd.<\/span><\/a><\/span><span style=\"font-weight: 400;\"> \u201cYou just hope that they open the FedEx and look at it.\u201d<\/span><\/span><\/p>\n<p><span style=\"font-weight: 400; color: #000000;\">Carlson was scheduled to represent a man picked up by ICE in Indiana after a traffic stop. Following the court\u2019s guidance, she sent in a motion to appear via phone at the March 30 hearing along with her cell phone number since her law office was closed. But at the time of the hearing her cell phone never rang.<\/span><\/p>\n<p><span style=\"font-weight: 400; color: #000000;\">\u201cWhen I called the courthouse, the clerk was like, \u2018I can\u2019t leave my desk.\u201d And I said, \u2018Can you email, can you buzz the judge? Can you help me here?\u2019 She was not able to help me,\u201d Carlson said.<\/span><\/p>\n<p><span style=\"color: #000000;\"><span style=\"font-weight: 400;\">She eventually drove to the courthouse only to learn the hearing had been moved to later in the week. It\u2019s likely she would have missed the second court date too, if she had not come to the court building. The government would have likely mailed her the hearing notice through the U.S. Postal Service and it probably wouldn\u2019t have arrived in time, she said.<\/span><span style=\"font-weight: 400;\">\u00a0<\/span><\/span><\/p>\n<p><span style=\"font-weight: 400; color: #000000;\">\u201cThat\u2019s the frustration. Everything is backlogged and not working perfectly,\u201d Carlson said.\u00a0<\/span><\/p>\n<p><span style=\"font-weight: 400; color: #000000;\">The judge later apologized and explained that she had called another number the court had on file instead of Carlson\u2019s cell phone number. But Carlson says she would rather risk getting sick by going into a courtroom for future hearings than try the phone system again.\u00a0\u00a0<\/span><\/p>\n<p><span style=\"font-weight: 400; color: #000000;\">\u201cWhether you feel like you can diligently represent your client when you\u2019re not there in person is an X-factor, and I\u2019m not there yet,\u201d she said.\u00a0<\/span><\/p>\n<p><span style=\"font-weight: 400; color: #000000;\">The Department of Justice\u2019s Executive Office for Immigration Review, which runs the court system, has taken steps in recent days to streamline the telephone process and set up email addresses so attorneys can submit paperwork online instead of in person or via FedEx.\u00a0<\/span><\/p>\n<p><span style=\"font-weight: 400; color: #000000;\">Gail Montenegro, a Chicago spokesperson for EOIR, said that they do not track how often a judge has trouble getting a hold of attorneys during hearings, and they have continued to encourage attorneys to represent their clients by phone.\u00a0<\/span><\/p>\n<p><span style=\"font-weight: 400; color: #000000;\">\u201cEOIR takes the safety, health, and well-being of its employees very seriously, and will continue responding to this rapidly evolving pandemic, while ensuring the continuation of its critical missions,\u201d said Montenegro. <\/span><\/p>\n<p><span style=\"font-weight: 400; color: #000000;\">But a growing number of professional and community organizations say more is needed.\u00a0<\/span><\/p>\n<p><span style=\"color: #000000;\"><b>A Total Shutdown?<\/b><\/span><\/p>\n<p><span style=\"color: #000000;\"><span style=\"font-weight: 400;\">In an unprecedented move last month, unions for immigration judges and government immigration prosecutors, as well as the national association of immigration lawyers, came together demanding <\/span><span style=\"color: #993300;\"><a style=\"color: #993300;\" href=\"https:\/\/www.naij-usa.org\/images\/uploads\/newsroom\/2020.03.15.00.pdf\"><span style=\"font-weight: 400;\">all immigration courts<\/span><\/a><\/span><span style=\"font-weight: 400;\"> be closed for the duration of the coronavirus pandemic, as many federal district courts and local courts have done.\u00a0<\/span><\/span><\/p>\n<p><span style=\"color: #000000;\"><span style=\"font-weight: 400;\">\u201cAcross the nation public health experts and government officials are trying to slow the spread of the coronavirus through social distancing, banning group gatherings, disinfecting surfaces and other means,\u201d said Judge Ashley Tabaddor, president of the National Association of Immigration <span style=\"color: #000000;\">Judges, <\/span><\/span><span style=\"color: #993300;\"><a style=\"color: #993300;\" href=\"https:\/\/www.aila.org\/advo-media\/press-releases\/2020\/close-immigration-courts\"><span style=\"font-weight: 400;\">in a statement renewing their demand on March 22<\/span><\/a><span style=\"font-weight: 400;\">.\u00a0<\/span><\/span><\/span><\/p>\n<p><span style=\"font-weight: 400; color: #000000;\">\u201cFailing to close all of the nation\u2019s Immigration Courts, both non-detained and detained settings, now will exacerbate a once-in-a-century public health crisis and lead to a greater loss of life. We cannot afford to wait another week,\u201d she said.<\/span><\/p>\n<p><span style=\"color: #000000;\"><span style=\"font-weight: 400;\">The Department of Justice has postponed all hearings scheduled for non-detained immigrants through May 1 and has closed some of the 68 immigration courts nationwide temporarily as cases of COVID-19 among staff or other issues arise at individual courthouses. It\u2019s announcing court closures via their website and on <\/span><span style=\"color: #993300;\"><a style=\"color: #993300;\" href=\"https:\/\/twitter.com\/doj_eoir?lang=en\"><span style=\"font-weight: 400;\">Twitter<\/span><\/a><\/span><span style=\"font-weight: 400;\">, often the night before or morning of the closure, adding to attorneys\u2019 confusion.<\/span><\/span><\/p>\n<p><span style=\"font-weight: 400; color: #000000;\">The Chicago Immigration Court\u2019s Montenegro said the office \u201chas been carefully reviewing the information available from local, state, regional, and federal officials related to the coronavirus pandemic\u201d and that \u201cthe agency continues to evaluate the dynamic situation nationwide and will make decisions for each location as more information becomes available.\u201d<\/span><\/p>\n<p><span style=\"font-weight: 400; color: #000000;\">But local representatives from the American Immigration Lawyers Association and the National Association of Immigration Judges say that the courts should be shut down altogether, as the criminal and civil courts have been in Chicago.\u00a0<\/span><\/p>\n<div id=\"attachment_2439\" style=\"width: 1351px\" class=\"wp-caption alignnone\"><img decoding=\"async\" aria-describedby=\"caption-attachment-2439\" class=\"wp-image-2439 size-full\" src=\"https:\/\/borderlessmag.org\/wordpress\/wp-content\/uploads\/2022\/01\/041020_JudgeCole-10-web.jpg\" alt=\"Judge Samuel Cole of Chicago\u2019s Immigration Court\" width=\"1341\" height=\"894\" \/><p id=\"caption-attachment-2439\" class=\"wp-caption-text\">Judge Samuel Cole of Chicago\u2019s Immigration Court and director of communications of the National Association of Immigration Judges, pictured on April 10, 2020 outside his home in suburban Chicago. Photo by Michelle Kanaar.<\/p><\/div>\n<p><span style=\"font-weight: 400; color: #000000;\">\u201cWe are really an outlier,\u201d said Judge Samuel Cole of Chicago\u2019s Immigration Court. He also serves as the director of communications for the NAIJ.\u00a0<\/span><\/p>\n<p><span style=\"font-weight: 400; color: #000000;\">\u201c[The Executive Office for Immigration Review] is refusing to take the required steps that it should take in accordance with the public health guidance,\u201d Cole said.<\/span><\/p>\n<p><span style=\"font-weight: 400; color: #000000;\">Urgent court matters, like bond hearings, should be conducted over the phone with judges, clerks and attorneys all working from home, Cole argued.\u00a0<\/span><\/p>\n<p><span style=\"font-weight: 400; color: #000000;\">\u201cThis is not 21st century technology that we need to use to do this. It\u2019s conference call technology,\u201d Cole said.\u00a0<\/span><\/p>\n<p><span style=\"font-weight: 400; color: #000000;\">In Chicago, immigration court has remained open for detainee hearings, but families were not able to post bail to release their detained loved ones for almost a week last month when the local ICE Enforcement and Removal Operations field office shut down. ERO suggested people travel to one of the four ERO Chicago sub-offices to make immigration bond payments during that time \u2014 one of which is in Wichita, Kansas and 700 miles away from Chicago.\u00a0<\/span><\/p>\n<p><span style=\"font-weight: 400; color: #000000;\">Once a family posts bond for a detainee or ICE decides to release them they must now travel to the jail or private detention center in order to pick them up unless they are being held at the McHenry County facility. Previously, the government would transport detainees to Chicago after releasing them.\u00a0<\/span><\/p>\n<p><span style=\"color: #000000;\"><b>Exposing Larger Problems<\/b><\/span><\/p>\n<p><span style=\"font-weight: 400; color: #000000;\">What is happening at the immigration court during the pandemic is indicative of larger problems with the court being under the control of the U.S. Attorney General William Barr, said Cole.<\/span><\/p>\n<p><span style=\"font-weight: 400; color: #000000;\">\u201cThis really shows the need to take the immigration courts out of politics,\u201d he said. \u201cWhat is going on here is the result of the immigration courts being used as an arm of the immigration enforcement agency instead of as a neutral court. This is absolutely exhibit number one to the need for an independent immigration court.\u201d<\/span><\/p>\n<p><span style=\"font-weight: 400; color: #000000;\">Heinen, Flores\u2019 attorney, agrees. The COVID-19 crisis has shined light on larger issues of how people are prosecuted and detained for immigration violations in the United States. Once an immigrant is caught in the system what ICE or a judge decides regarding someone\u2019s release seems very inconsistent, Heinen said.\u00a0<\/span><\/p>\n<p><span style=\"font-weight: 400; color: #000000;\">A release can depend on anything from what region an immigrant is in to whether they\u2019re in a giant, privately contracted detention center or a smaller county jail just contracting out beds for ICE.<\/span><\/p>\n<p><span style=\"font-weight: 400; color: #000000;\">\u201cOr it could depend on what judge you have,\u201d Heinen said. \u201cIt feels like a mess. There\u2019s a lot of harm in that unknown and in not being able to let people know whether they have to sit there and worry for their safety and well-being and whether they\u2019re going to even live if they contract this virus.\u201d<\/span><\/p>\n<p><span style=\"color: #000000;\"><span style=\"font-weight: 400;\">In recent weeks, prominent national organizations as well local ones like the <\/span><a style=\"color: #000000;\" href=\"https:\/\/www.icirr.org\/everybodyin\"><span style=\"font-weight: 400;\"><span style=\"color: #993300;\">Illinois Coalition for Immigrant and Refugee Rights<\/span><\/span><\/a><span style=\"font-weight: 400;\"> have called on ICE to release all detained immigrants in order to prevent the spread of the coronavirus. Former ICE director John Sandweg, who served under former President Barack Obama, recently lent his voice to the campaign. He argued <\/span><a style=\"color: #000000;\" href=\"https:\/\/www.theatlantic.com\/ideas\/archive\/2020\/03\/release-ice-detainees\/608536\/\"><span style=\"font-weight: 400;\">\u00a0<span style=\"color: #993300;\">\u201cpreventing the virus from being introduced into these facilities is impossible.\u201d<\/span><\/span><\/a><\/span><\/p>\n<p><span style=\"font-weight: 400; color: #000000;\">Both ICE and immigration courts have stated that they have no plans to shut down detention centers or cancel all hearings. But they do assert they\u2019ve taken steps to curb the spread of coronavirus in their facilities.<\/span><\/p>\n<p><span style=\"color: #000000;\"><b>Healing At Home<\/b><\/span><\/p>\n<p><span style=\"font-weight: 400; color: #000000;\">Before being sent to Kankakee Flores lived in Chicago\u2019s Albany Park neighborhood for twenty years. He supported his partner and teenage son by working at a dry cleaner\u2019s. ICE became interested in him after he was convicted of a DUI. He was taken into custody in August of last year during a check-in at ICE\u2019s field office downtown.\u00a0<\/span><\/p>\n<p><span style=\"font-weight: 400; color: #000000;\">ICE then began the process of trying to deport him to Mexico. But in January, an immigration court judge granted him relief from removal allowing him to stay in the United States. The government\u2019s lawyers appealed the decision and ICE said Flores had to remain at Kankakee.\u00a0<\/span><\/p>\n<p><span style=\"font-weight: 400; color: #000000;\">Flores had been detained for nearly seven months by the time Gov. J.B. Pritzker shut down all schools in Illinois and imposed a stay-at-home order to curb the spread of the coronavirus.\u00a0<\/span><\/p>\n<p><span style=\"font-weight: 400; color: #000000;\">\u201cWhat it all comes down to is that he was an extremely low-risk individual to begin with based on his record. The judge had already granted him relief, the government would have his information and would know where he is,\u201d Heinen said. \u201cFrancisco could better manage his health outside of a detention center where he was only getting minimal treatment and very little access to medical professionals.\u201d\u00a0<\/span><\/p>\n<p><span style=\"font-weight: 400; color: #000000;\">Flores\u2019 attorneys at Beyond Legal Aid had planned on making a humanitarian parole request to ICE because of his health condition. Before they could, however, ICE released him from Kankakee on March 25.\u00a0<\/span><\/p>\n<div id=\"attachment_2433\" style=\"width: 1546px\" class=\"wp-caption alignnone\"><img decoding=\"async\" aria-describedby=\"caption-attachment-2433\" class=\"wp-image-2433 size-full\" src=\"https:\/\/borderlessmag.org\/wordpress\/wp-content\/uploads\/2022\/01\/041420_FranciscoSilvaFlores-1.jpg\" alt=\"Francisco Silva Flores released from an immigration detention center.\" width=\"1536\" height=\"1152\" \/><p id=\"caption-attachment-2433\" class=\"wp-caption-text\">Rodrigo Anzures-Oyorzabal, Francisco Silva Flores, Felipe, and Irene Romulo pose for a photo after Flores was released from Kankakee County Jail on March 25, 2020. Photo Courtesy of Irene Romulo.<\/p><\/div>\n<p><span style=\"font-weight: 400; color: #000000;\">\u201cMy wife and son are happy that I am back home now,\u201d Flores said.<\/span><\/p>\n<p><span style=\"font-weight: 400; color: #000000;\">Since returning home Flores has slowly recovered. He\u2019s not sure what he was sick with but now that he\u2019s out his thoughts are with the people still at Kankakee. Especially the elderly detainees.\u00a0<\/span><\/p>\n<p><span style=\"font-weight: 400; color: #000000;\">\u201cI wish the doctors there would take better care of people, regardless of their immigration cases, which are very arbitrary for many people,\u201d said Flores.\u00a0<\/span><\/p>\n<p>&nbsp;<\/p>\n<p><span style=\"color: #000000;\"><i><span style=\"font-weight: 400;\">Michelle Kanaar contributed to the reporting of this story.\u00a0<\/span><\/i><\/span><\/p>\n<p><em><span style=\"color: #000000;\">Have questions about the coronavirus and how to protect yourself from COVID-19?<\/span> <span style=\"color: #993300;\"><a style=\"color: #993300;\" href=\"https:\/\/www.cdc.gov\/coronavirus\/2019-nCoV\/index.html\">Read the CDC&#8217;s guide to the coronavirus here.<\/a><\/span><\/em><\/p>\n<p>&nbsp;<\/p>\n<div class=\"pk-content-block pk-block-bg pk-block-bg-light\" style=\"text-align: left;\"><span style=\"color: #993300;\">Our work is made possible thanks to donations from people like you. Support high-quality reporting by making a tax-deductible donation today.\u00a0 \u00a0 \u00a0 \u00a0 \u00a0 \u00a0 \u00a0 \u00a0 \u00a0 \u00a0 \u00a0 \u00a0 \u00a0 \u00a0 \u00a0 \u00a0 \u00a0 \u00a0 \u00a0 \u00a0 \u00a0\u00a0 \u00a0<\/span><br \/>\n<a class=\"pk-button pk-button-md pk-button-primary pk-font-primary\" href=\"https:\/\/donorbox.org\/regular-donations-4\" target=\"_blank\" >\n\t\t\t\nSupport Us<br \/>\n\n\t\t<\/a><\/div>\n","protected":false},"excerpt":{"rendered":"<p>C\u00f3mo la pandemia de coronavirus est\u00e1 poniendo a prueba los sistemas judiciales y de detenci\u00f3n de inmigrantes en el Medio Oeste.<\/p>","protected":false},"author":7,"featured_media":2436,"comment_status":"closed","ping_status":"closed","sticky":false,"template":"","format":"standard","meta":{"inline_featured_image":false,"footnotes":""},"categories":[325,66],"tags":[54,55,61,56,684,67,57,65,58],"coauthors":[213],"class_list":{"0":"post-2422","1":"post","2":"type-post","3":"status-publish","4":"format-standard","5":"has-post-thumbnail","7":"category-environmentandhealth","8":"category-investigation","9":"tag-chicago","10":"tag-chicago-immigration-news","11":"tag-coronavirus","12":"tag-covid-19","13":"tag-covidprison","14":"tag-flores","15":"tag-immigration","16":"tag-immigration-detention-center","17":"tag-immigration-news"},"yoast_head":"<!-- This site is optimized with the Yoast SEO Premium plugin v27.3 (Yoast SEO v27.3) - https:\/\/yoast.com\/product\/yoast-seo-premium-wordpress\/ -->\n<title>Locked Up With COVID-19 &#8211; Borderless Magazine NFP<\/title>\n<meta name=\"description\" content=\"Francisco began feeling sick while detained by Immigration and Customs Enforcement. As COVID-19 spreads, detention centers are hot beds for the virus.\" \/>\n<meta name=\"robots\" content=\"index, follow, max-snippet:-1, max-image-preview:large, max-video-preview:-1\" \/>\n<link rel=\"canonical\" href=\"https:\/\/borderlessmag.org\/es\/2020\/04\/15\/encerrado-con-covid-19\/\" \/>\n<meta property=\"og:locale\" content=\"es_MX\" \/>\n<meta property=\"og:type\" content=\"article\" \/>\n<meta property=\"og:title\" content=\"Locked Up With COVID-19 &#8211; Investigation &#8211; Borderless Magazine NFP\" \/>\n<meta property=\"og:description\" content=\"Locked Up With COVID-19 &#8211; Investigation &#8211; Borderless Magazine NFP\" \/>\n<meta property=\"og:url\" content=\"https:\/\/borderlessmag.org\/es\/2020\/04\/15\/encerrado-con-covid-19\/\" \/>\n<meta property=\"og:site_name\" content=\"Borderless Magazine NFP\" \/>\n<meta property=\"article:publisher\" content=\"https:\/\/www.facebook.com\/BorderlessMagazine\" \/>\n<meta property=\"article:published_time\" content=\"2020-04-15T19:12:55+00:00\" \/>\n<meta property=\"article:modified_time\" content=\"2025-10-08T14:56:32+00:00\" \/>\n<meta property=\"og:image\" content=\"https:\/\/borderlessmag.org\/wordpress\/wp-content\/uploads\/2020\/04\/041420_FranciscoSilvaFlores-4-featured.jpg\" \/>\n\t<meta property=\"og:image:width\" content=\"1\" \/>\n\t<meta property=\"og:image:height\" content=\"1\" \/>\n\t<meta property=\"og:image:type\" content=\"image\/jpeg\" \/>\n<meta name=\"author\" content=\"Nissa Rhee\" \/>\n<meta name=\"twitter:card\" content=\"summary_large_image\" \/>\n<meta name=\"twitter:label1\" content=\"Escrito por\" \/>\n\t<meta name=\"twitter:data1\" content=\"Nissa Rhee\" \/>\n\t<meta name=\"twitter:label2\" content=\"Tiempo de lectura\" \/>\n\t<meta name=\"twitter:data2\" content=\"14 minutos\" \/>\n\t<meta name=\"twitter:label3\" content=\"Written by\" \/>\n\t<meta name=\"twitter:data3\" content=\"Nissa Rhee\" \/>\n<script type=\"application\/ld+json\" class=\"yoast-schema-graph\">{\"@context\":\"https:\\\/\\\/schema.org\",\"@graph\":[{\"@type\":\"NewsArticle\",\"@id\":\"https:\\\/\\\/borderlessmag.org\\\/2020\\\/04\\\/15\\\/locked-up-with-covid-19\\\/#article\",\"isPartOf\":{\"@id\":\"https:\\\/\\\/borderlessmag.org\\\/2020\\\/04\\\/15\\\/locked-up-with-covid-19\\\/\"},\"author\":{\"name\":\"Nissa Rhee\",\"@id\":\"https:\\\/\\\/borderlessmag.org\\\/#\\\/schema\\\/person\\\/9e1f6ef1d1399b3c22a3df50fa970740\"},\"headline\":\"Locked Up With COVID-19\",\"datePublished\":\"2020-04-15T19:12:55+00:00\",\"dateModified\":\"2025-10-08T14:56:32+00:00\",\"mainEntityOfPage\":{\"@id\":\"https:\\\/\\\/borderlessmag.org\\\/2020\\\/04\\\/15\\\/locked-up-with-covid-19\\\/\"},\"wordCount\":2997,\"publisher\":{\"@id\":\"https:\\\/\\\/borderlessmag.org\\\/#organization\"},\"image\":{\"@id\":\"https:\\\/\\\/borderlessmag.org\\\/2020\\\/04\\\/15\\\/locked-up-with-covid-19\\\/#primaryimage\"},\"thumbnailUrl\":\"https:\\\/\\\/borderlessmag.org\\\/wordpress\\\/wp-content\\\/uploads\\\/2020\\\/04\\\/041420_FranciscoSilvaFlores-4-featured.jpg\",\"keywords\":[\"Chicago\",\"Chicago Immigration News\",\"coronavirus\",\"COVID-19\",\"covidprison\",\"Flores\",\"Immigration\",\"Immigration detention center\",\"Immigration news\"],\"articleSection\":[\"Environment and Health\",\"Investigation\"],\"inLanguage\":\"es\",\"copyrightYear\":\"2020\",\"copyrightHolder\":{\"@id\":\"https:\\\/\\\/borderlessmag.org\\\/es\\\/#organization\"}},{\"@type\":\"WebPage\",\"@id\":\"https:\\\/\\\/borderlessmag.org\\\/2020\\\/04\\\/15\\\/locked-up-with-covid-19\\\/\",\"url\":\"https:\\\/\\\/borderlessmag.org\\\/2020\\\/04\\\/15\\\/locked-up-with-covid-19\\\/\",\"name\":\"Locked Up With COVID-19 &#8211; Borderless Magazine NFP\",\"isPartOf\":{\"@id\":\"https:\\\/\\\/borderlessmag.org\\\/#website\"},\"primaryImageOfPage\":{\"@id\":\"https:\\\/\\\/borderlessmag.org\\\/2020\\\/04\\\/15\\\/locked-up-with-covid-19\\\/#primaryimage\"},\"image\":{\"@id\":\"https:\\\/\\\/borderlessmag.org\\\/2020\\\/04\\\/15\\\/locked-up-with-covid-19\\\/#primaryimage\"},\"thumbnailUrl\":\"https:\\\/\\\/borderlessmag.org\\\/wordpress\\\/wp-content\\\/uploads\\\/2020\\\/04\\\/041420_FranciscoSilvaFlores-4-featured.jpg\",\"datePublished\":\"2020-04-15T19:12:55+00:00\",\"dateModified\":\"2025-10-08T14:56:32+00:00\",\"description\":\"Francisco began feeling sick while detained by Immigration and Customs Enforcement. As COVID-19 spreads, detention centers are hot beds for the virus.\",\"inLanguage\":\"es\",\"potentialAction\":[{\"@type\":\"ReadAction\",\"target\":[\"https:\\\/\\\/borderlessmag.org\\\/2020\\\/04\\\/15\\\/locked-up-with-covid-19\\\/\"]}]},{\"@type\":\"ImageObject\",\"inLanguage\":\"es\",\"@id\":\"https:\\\/\\\/borderlessmag.org\\\/2020\\\/04\\\/15\\\/locked-up-with-covid-19\\\/#primaryimage\",\"url\":\"https:\\\/\\\/borderlessmag.org\\\/wordpress\\\/wp-content\\\/uploads\\\/2020\\\/04\\\/041420_FranciscoSilvaFlores-4-featured.jpg\",\"contentUrl\":\"https:\\\/\\\/borderlessmag.org\\\/wordpress\\\/wp-content\\\/uploads\\\/2020\\\/04\\\/041420_FranciscoSilvaFlores-4-featured.jpg\",\"caption\":\"Francisco Silva Flores pictured outside his Albany Park home on April 14, 2020. Flores was released from Kankakee County Jail on March 25, 2020 after Immigration and Customs Enforcement took him into custody in August, 2019.\"},{\"@type\":\"WebSite\",\"@id\":\"https:\\\/\\\/borderlessmag.org\\\/#website\",\"url\":\"https:\\\/\\\/borderlessmag.org\\\/\",\"name\":\"Borderless Magazine NFP\",\"description\":\"Stories about immigration and immigrants\",\"publisher\":{\"@id\":\"https:\\\/\\\/borderlessmag.org\\\/#organization\"},\"alternateName\":\"Borderless\",\"potentialAction\":[{\"@type\":\"SearchAction\",\"target\":{\"@type\":\"EntryPoint\",\"urlTemplate\":\"https:\\\/\\\/borderlessmag.org\\\/?s={search_term_string}\"},\"query-input\":{\"@type\":\"PropertyValueSpecification\",\"valueRequired\":true,\"valueName\":\"search_term_string\"}}],\"inLanguage\":\"es\"},{\"@type\":\"Organization\",\"@id\":\"https:\\\/\\\/borderlessmag.org\\\/#organization\",\"name\":\"Borderless Magazine NFP\",\"alternateName\":\"Borderless Mag\",\"url\":\"https:\\\/\\\/borderlessmag.org\\\/\",\"logo\":{\"@type\":\"ImageObject\",\"inLanguage\":\"es\",\"@id\":\"https:\\\/\\\/borderlessmag.org\\\/#\\\/schema\\\/logo\\\/image\\\/\",\"url\":\"https:\\\/\\\/borderlessmag.org\\\/wordpress\\\/wp-content\\\/uploads\\\/2025\\\/08\\\/BorderlessLogo_main_square.jpg\",\"contentUrl\":\"https:\\\/\\\/borderlessmag.org\\\/wordpress\\\/wp-content\\\/uploads\\\/2025\\\/08\\\/BorderlessLogo_main_square.jpg\",\"width\":696,\"height\":696,\"caption\":\"Borderless Magazine NFP\"},\"image\":{\"@id\":\"https:\\\/\\\/borderlessmag.org\\\/#\\\/schema\\\/logo\\\/image\\\/\"},\"sameAs\":[\"https:\\\/\\\/www.facebook.com\\\/BorderlessMagazine\",\"https:\\\/\\\/www.instagram.com\\\/borderless_mag\\\/\",\"https:\\\/\\\/www.tiktok.com\\\/@borderless_mag\"]},{\"@type\":\"Person\",\"@id\":\"https:\\\/\\\/borderlessmag.org\\\/#\\\/schema\\\/person\\\/9e1f6ef1d1399b3c22a3df50fa970740\",\"name\":\"Nissa Rhee\",\"image\":{\"@type\":\"ImageObject\",\"inLanguage\":\"es\",\"@id\":\"https:\\\/\\\/secure.gravatar.com\\\/avatar\\\/343701f977b46053f6602c06aae6fe8224c8310bb9e2931b66e3a2a9041f4306?s=96&d=mm&r=ga78406e3af194ed17f6d178b0e1e9952\",\"url\":\"https:\\\/\\\/secure.gravatar.com\\\/avatar\\\/343701f977b46053f6602c06aae6fe8224c8310bb9e2931b66e3a2a9041f4306?s=96&d=mm&r=g\",\"contentUrl\":\"https:\\\/\\\/secure.gravatar.com\\\/avatar\\\/343701f977b46053f6602c06aae6fe8224c8310bb9e2931b66e3a2a9041f4306?s=96&d=mm&r=g\",\"caption\":\"Nissa Rhee\"},\"description\":\"Nissa is a Peabody-award nominated journalist whose work has appeared in The Christian Science Monitor and Chicago magazine, among others. In her 15-year career, she has covered global issues as a producer at Chicago Public Radio, served as a foreign correspondent in South Korea and Vietnam, and reported on police abuse and gun violence in Chicago. In 2019, she received the Chicago Headline Club award for best online feature story. Previously, she served as a reporting fellow at the Dart Center for Journalism and Trauma and a juvenile justice reporting fellow at the John Jay College of Criminal Justice. She holds a bachelor\u2019s degree from the University of Chicago and a Master\u2019s degree in International Studies from the University of Queensland\",\"url\":\"https:\\\/\\\/borderlessmag.org\\\/es\\\/author\\\/nissa-rhee\\\/\"}]}<\/script>\n<!-- \/ Yoast SEO Premium plugin. -->","yoast_head_json":{"title":"Encerrados con COVID-19 - Revista Borderless NFP","description":"Francisco empez\u00f3 a sentirse mal mientras estaba detenido por el Servicio de Inmigraci\u00f3n y Control de Aduanas. A medida que el COVID-19 se propaga, los centros de detenci\u00f3n se convierten en focos del virus.","robots":{"index":"index","follow":"follow","max-snippet":"max-snippet:-1","max-image-preview":"max-image-preview:large","max-video-preview":"max-video-preview:-1"},"canonical":"https:\/\/borderlessmag.org\/es\/2020\/04\/15\/encerrado-con-covid-19\/","og_locale":"es_MX","og_type":"article","og_title":"Locked Up With COVID-19 &#8211; Investigation &#8211; Borderless Magazine NFP","og_description":"Locked Up With COVID-19 &#8211; Investigation &#8211; Borderless Magazine NFP","og_url":"https:\/\/borderlessmag.org\/es\/2020\/04\/15\/encerrado-con-covid-19\/","og_site_name":"Borderless Magazine NFP","article_publisher":"https:\/\/www.facebook.com\/BorderlessMagazine","article_published_time":"2020-04-15T19:12:55+00:00","article_modified_time":"2025-10-08T14:56:32+00:00","og_image":[{"url":"https:\/\/borderlessmag.org\/wordpress\/wp-content\/uploads\/2020\/04\/041420_FranciscoSilvaFlores-4-featured.jpg","width":1,"height":1,"type":"image\/jpeg"}],"author":"Nissa Rhee","twitter_card":"summary_large_image","twitter_misc":{"Escrito por":"Nissa Rhee","Tiempo de lectura":"14 minutos","Written by":"Nissa Rhee"},"schema":{"@context":"https:\/\/schema.org","@graph":[{"@type":"NewsArticle","@id":"https:\/\/borderlessmag.org\/2020\/04\/15\/locked-up-with-covid-19\/#article","isPartOf":{"@id":"https:\/\/borderlessmag.org\/2020\/04\/15\/locked-up-with-covid-19\/"},"author":{"name":"Nissa Rhee","@id":"https:\/\/borderlessmag.org\/#\/schema\/person\/9e1f6ef1d1399b3c22a3df50fa970740"},"headline":"Locked Up With COVID-19","datePublished":"2020-04-15T19:12:55+00:00","dateModified":"2025-10-08T14:56:32+00:00","mainEntityOfPage":{"@id":"https:\/\/borderlessmag.org\/2020\/04\/15\/locked-up-with-covid-19\/"},"wordCount":2997,"publisher":{"@id":"https:\/\/borderlessmag.org\/#organization"},"image":{"@id":"https:\/\/borderlessmag.org\/2020\/04\/15\/locked-up-with-covid-19\/#primaryimage"},"thumbnailUrl":"https:\/\/borderlessmag.org\/wordpress\/wp-content\/uploads\/2020\/04\/041420_FranciscoSilvaFlores-4-featured.jpg","keywords":["Chicago","Chicago Immigration News","coronavirus","COVID-19","covidprison","Flores","Immigration","Immigration detention center","Immigration news"],"articleSection":["Environment and Health","Investigation"],"inLanguage":"es","copyrightYear":"2020","copyrightHolder":{"@id":"https:\/\/borderlessmag.org\/es\/#organization"}},{"@type":"WebPage","@id":"https:\/\/borderlessmag.org\/2020\/04\/15\/locked-up-with-covid-19\/","url":"https:\/\/borderlessmag.org\/2020\/04\/15\/locked-up-with-covid-19\/","name":"Encerrados con COVID-19 - Revista Borderless NFP","isPartOf":{"@id":"https:\/\/borderlessmag.org\/#website"},"primaryImageOfPage":{"@id":"https:\/\/borderlessmag.org\/2020\/04\/15\/locked-up-with-covid-19\/#primaryimage"},"image":{"@id":"https:\/\/borderlessmag.org\/2020\/04\/15\/locked-up-with-covid-19\/#primaryimage"},"thumbnailUrl":"https:\/\/borderlessmag.org\/wordpress\/wp-content\/uploads\/2020\/04\/041420_FranciscoSilvaFlores-4-featured.jpg","datePublished":"2020-04-15T19:12:55+00:00","dateModified":"2025-10-08T14:56:32+00:00","description":"Francisco empez\u00f3 a sentirse mal mientras estaba detenido por el Servicio de Inmigraci\u00f3n y Control de Aduanas. A medida que el COVID-19 se propaga, los centros de detenci\u00f3n se convierten en focos del virus.","inLanguage":"es","potentialAction":[{"@type":"ReadAction","target":["https:\/\/borderlessmag.org\/2020\/04\/15\/locked-up-with-covid-19\/"]}]},{"@type":"ImageObject","inLanguage":"es","@id":"https:\/\/borderlessmag.org\/2020\/04\/15\/locked-up-with-covid-19\/#primaryimage","url":"https:\/\/borderlessmag.org\/wordpress\/wp-content\/uploads\/2020\/04\/041420_FranciscoSilvaFlores-4-featured.jpg","contentUrl":"https:\/\/borderlessmag.org\/wordpress\/wp-content\/uploads\/2020\/04\/041420_FranciscoSilvaFlores-4-featured.jpg","caption":"Francisco Silva Flores pictured outside his Albany Park home on April 14, 2020. Flores was released from Kankakee County Jail on March 25, 2020 after Immigration and Customs Enforcement took him into custody in August, 2019."},{"@type":"WebSite","@id":"https:\/\/borderlessmag.org\/#website","url":"https:\/\/borderlessmag.org\/","name":"Revista Borderless NFP","description":"Historias sobre inmigraci\u00f3n e inmigrantes","publisher":{"@id":"https:\/\/borderlessmag.org\/#organization"},"alternateName":"Borderless","potentialAction":[{"@type":"SearchAction","target":{"@type":"EntryPoint","urlTemplate":"https:\/\/borderlessmag.org\/?s={search_term_string}"},"query-input":{"@type":"PropertyValueSpecification","valueRequired":true,"valueName":"search_term_string"}}],"inLanguage":"es"},{"@type":"Organization","@id":"https:\/\/borderlessmag.org\/#organization","name":"Revista Borderless NFP","alternateName":"Borderless Mag","url":"https:\/\/borderlessmag.org\/","logo":{"@type":"ImageObject","inLanguage":"es","@id":"https:\/\/borderlessmag.org\/#\/schema\/logo\/image\/","url":"https:\/\/borderlessmag.org\/wordpress\/wp-content\/uploads\/2025\/08\/BorderlessLogo_main_square.jpg","contentUrl":"https:\/\/borderlessmag.org\/wordpress\/wp-content\/uploads\/2025\/08\/BorderlessLogo_main_square.jpg","width":696,"height":696,"caption":"Borderless Magazine NFP"},"image":{"@id":"https:\/\/borderlessmag.org\/#\/schema\/logo\/image\/"},"sameAs":["https:\/\/www.facebook.com\/BorderlessMagazine","https:\/\/www.instagram.com\/borderless_mag\/","https:\/\/www.tiktok.com\/@borderless_mag"]},{"@type":"Person","@id":"https:\/\/borderlessmag.org\/#\/schema\/person\/9e1f6ef1d1399b3c22a3df50fa970740","name":"Nissa Rhee","image":{"@type":"ImageObject","inLanguage":"es","@id":"https:\/\/secure.gravatar.com\/avatar\/343701f977b46053f6602c06aae6fe8224c8310bb9e2931b66e3a2a9041f4306?s=96&d=mm&r=ga78406e3af194ed17f6d178b0e1e9952","url":"https:\/\/secure.gravatar.com\/avatar\/343701f977b46053f6602c06aae6fe8224c8310bb9e2931b66e3a2a9041f4306?s=96&d=mm&r=g","contentUrl":"https:\/\/secure.gravatar.com\/avatar\/343701f977b46053f6602c06aae6fe8224c8310bb9e2931b66e3a2a9041f4306?s=96&d=mm&r=g","caption":"Nissa Rhee"},"description":"Nissa es una periodista nominada al premio Peabody cuyo trabajo ha aparecido en The Christian Science Monitor y la revista Chicago, entre otros. En sus 15 a\u00f1os de carrera, ha cubierto temas globales como productora en Chicago Public Radio, ha sido corresponsal extranjera en Corea del Sur y Vietnam, y ha informado sobre abusos policiales y violencia armada en Chicago. En 2019, recibi\u00f3 el premio Chicago Headline Club al mejor reportaje en l\u00ednea. Anteriormente, fue becaria de reportaje en el Dart Center for Journalism and Trauma y becaria de reportaje sobre justicia juvenil en el John Jay College of Criminal Justice. Es licenciada por la Universidad de Chicago y tiene un m\u00e1ster en Estudios Internacionales por la Universidad de Queensland.","url":"https:\/\/borderlessmag.org\/es\/author\/nissa-rhee\/"}]}},"cc_featured_image_caption":{"caption_text":"","source_text":"","source_url":""},"_links":{"self":[{"href":"https:\/\/borderlessmag.org\/es\/wp-json\/wp\/v2\/posts\/2422","targetHints":{"allow":["GET"]}}],"collection":[{"href":"https:\/\/borderlessmag.org\/es\/wp-json\/wp\/v2\/posts"}],"about":[{"href":"https:\/\/borderlessmag.org\/es\/wp-json\/wp\/v2\/types\/post"}],"author":[{"embeddable":true,"href":"https:\/\/borderlessmag.org\/es\/wp-json\/wp\/v2\/users\/7"}],"replies":[{"embeddable":true,"href":"https:\/\/borderlessmag.org\/es\/wp-json\/wp\/v2\/comments?post=2422"}],"version-history":[{"count":1,"href":"https:\/\/borderlessmag.org\/es\/wp-json\/wp\/v2\/posts\/2422\/revisions"}],"predecessor-version":[{"id":24653,"href":"https:\/\/borderlessmag.org\/es\/wp-json\/wp\/v2\/posts\/2422\/revisions\/24653"}],"wp:featuredmedia":[{"embeddable":true,"href":"https:\/\/borderlessmag.org\/es\/wp-json\/wp\/v2\/media\/2436"}],"wp:attachment":[{"href":"https:\/\/borderlessmag.org\/es\/wp-json\/wp\/v2\/media?parent=2422"}],"wp:term":[{"taxonomy":"category","embeddable":true,"href":"https:\/\/borderlessmag.org\/es\/wp-json\/wp\/v2\/categories?post=2422"},{"taxonomy":"post_tag","embeddable":true,"href":"https:\/\/borderlessmag.org\/es\/wp-json\/wp\/v2\/tags?post=2422"},{"taxonomy":"author","embeddable":true,"href":"https:\/\/borderlessmag.org\/es\/wp-json\/wp\/v2\/coauthors?post=2422"}],"curies":[{"name":"wp","href":"https:\/\/api.w.org\/{rel}","templated":true}]}}