{"id":23881,"date":"2024-11-06T17:03:28","date_gmt":"2024-11-06T23:03:28","guid":{"rendered":"https:\/\/borderlessmag.org\/?p=23881"},"modified":"2024-11-19T08:40:12","modified_gmt":"2024-11-19T14:40:12","slug":"los-inmigrantes-de-chicago-reaccionan-a-la-reeleccion-de-trump","status":"publish","type":"post","link":"https:\/\/borderlessmag.org\/es\/2024\/11\/06\/chicago-immigrants-react-to-trump-reelection\/","title":{"rendered":"Con la victoria de Trump, los inmigrantes de Chicago juran \"contraatacar\""},"content":{"rendered":"\n\t\t<div id=\"fws_69ee4eab17a09\"  data-column-margin=\"default\" data-midnight=\"dark\"  class=\"wpb_row vc_row-fluid vc_row\"  style=\"padding-top: 0px; padding-bottom: 0px; \"><div class=\"row-bg-wrap\" data-bg-animation=\"none\" data-bg-animation-delay=\"\" data-bg-overlay=\"false\"><div class=\"inner-wrap row-bg-layer\" ><div class=\"row-bg viewport-desktop\"  style=\"\"><\/div><\/div><\/div><div class=\"row_col_wrap_12 col span_12 dark left\">\n\t<div  class=\"vc_col-sm-2 vc_hidden-sm vc_hidden-xs wpb_column column_container vc_column_container col no-extra-padding inherit_tablet inherit_phone \"  data-padding-pos=\"all\" data-has-bg-color=\"false\" data-bg-color=\"\" data-bg-opacity=\"1\" data-animation=\"\" data-delay=\"0\" >\n\t\t<div class=\"vc_column-inner\" >\n\t\t\t<div class=\"wpb_wrapper\">\n\t\t\t\t\n\t\t\t<\/div> \n\t\t<\/div>\n\t<\/div> \n\n\t<div  class=\"vc_col-sm-8 wpb_column column_container vc_column_container col padding-3-percent inherit_tablet inherit_phone \"  data-padding-pos=\"all\" data-has-bg-color=\"false\" data-bg-color=\"\" data-bg-opacity=\"1\" data-animation=\"\" data-delay=\"0\" >\n\t\t<div class=\"vc_column-inner\" >\n\t\t\t<div class=\"wpb_wrapper\">\n\t\t\t\t\n<div class=\"wpb_text_column wpb_content_element \" >\n\t<p><span style=\"font-weight: 400;\">Before Donald Trump was elected president for the first time eight years ago, members of Chicago\u2019s immigrant community gathered at Casa Michoac\u00e1n in Pilsen to watch the 2016 election results unfold.\u00a0<\/span><\/p>\n<p><span style=\"font-weight: 400;\">On Wednesday, immigrant community leaders came together again at the community center to respond to <a href=\"https:\/\/borderlessmag.org\/2024\/11\/06\/presidential-election-results-kamala-harris-donald-trump-illinois\/\">Trump\u2019s defeat of Vice President Kamala Harris in the 2024 presidential elections.<\/a><\/span><\/p>\n<p><span style=\"font-weight: 400;\">\u201cI had a sleepless night\u2026and it brought back memories of being in this room in 2016 and knowing at about nine o&#8217;clock at night what was going to happen \u2014 knowing that Donald Trump was going to be elected President,\u201d said State Sen. Celina Villanueva, D-12. \u201cIn 2016, we thought that we were all going to be gone. And we&#8217;re still here.\u201d<\/span><\/p>\n<\/div>\n\n\n\n<div class=\"img-with-aniamtion-wrap  margin_top_tablet_5px margin_top_phone_5px margin_bottom_tablet_5px margin_bottom_phone_5px \" data-max-width=\"100%\" data-max-width-mobile=\"default\" data-border-radius=\"15px\" data-shadow=\"none\" data-animation=\"none\"  style=\"margin-top: 100px; margin-bottom: 100px; \">\r\n      <div class=\"inner\">\r\n        <div class=\"hover-wrap\"> \r\n          <div class=\"hover-wrap-inner\">\r\n            <a href=\"https:\/\/borderless.fundjournalism.org\/donate\/\" target=\"_blank\" class=\"\">\r\n              <img decoding=\"async\" class=\"img-with-animation skip-lazy \" data-delay=\"0\" height=\"1080\" width=\"1080\" data-animation=\"none\" src=\"https:\/\/borderlessmag.org\/wordpress\/wp-content\/uploads\/2024\/11\/2.png\" alt=\"\" srcset=\"https:\/\/borderlessmag.org\/wordpress\/wp-content\/uploads\/2024\/11\/2.png 1080w, https:\/\/borderlessmag.org\/wordpress\/wp-content\/uploads\/2024\/11\/2-80x80.png 80w, https:\/\/borderlessmag.org\/wordpress\/wp-content\/uploads\/2024\/11\/2-140x140.png 140w, https:\/\/borderlessmag.org\/wordpress\/wp-content\/uploads\/2024\/11\/2-500x500.png 500w, https:\/\/borderlessmag.org\/wordpress\/wp-content\/uploads\/2024\/11\/2-350x350.png 350w, https:\/\/borderlessmag.org\/wordpress\/wp-content\/uploads\/2024\/11\/2-300x300.png 300w, https:\/\/borderlessmag.org\/wordpress\/wp-content\/uploads\/2024\/11\/2-600x600.png 600w, https:\/\/borderlessmag.org\/wordpress\/wp-content\/uploads\/2024\/11\/2-830x830.png 830w, https:\/\/borderlessmag.org\/wordpress\/wp-content\/uploads\/2024\/11\/2-768x768.png 768w\" sizes=\"(min-width: 1450px) 75vw, (min-width: 1000px) 85vw, 100vw\" \/>\r\n            <\/a>\r\n          <\/div>\r\n      <\/div><\/div><\/div>\n<div class=\"wpb_text_column wpb_content_element \" >\n\t<p><span style=\"font-weight: 400;\">Leaders from immigrant-serving community organizations and state elected officials spoke at the Wednesday meeting, hosted by the Illinois Coalition for Immigrant and Refugee Rights.\u00a0<\/span><\/p>\n<p><span style=\"font-weight: 400;\">The meeting included members of Casa Michoac\u00e1n, United African Organization, Mano a Mano, Coalition for a Better Chinese American Community, PASO West Suburban Action Project and Arab American Family Services.<\/span><\/p>\n<p><span style=\"font-weight: 400;\"><a href=\"https:\/\/borderlessmag.org\/2024\/11\/05\/presidential-election-2024-harris-trump-chicago-immigrants\/\">Though many expressed anxiety and disappointment<\/a> in Trump\u2019s reelection, they also shared plans to bolster protections for immigrants and refugees in Chicago and Illinois.<\/span><\/p>\n<p><span style=\"font-weight: 400;\">Dulce Ortiz,\u00a0executive director of the Mano a Mano Family Resource Center, said they are launching a response plan immediately. She said the plan involves \u201cknow your rights\u201d educational programming for immigrants. Additionally, they will be pushing for further restrictions in data-sharing with U.S. Immigration and Customs Enforcement and the expansion of immigrant rights at the state and local level, including protecting DACA recipients and expanding healthcare access.<\/span><\/p>\n<p><span style=\"font-weight: 400;\">\u201cAs leaders of the immigrant rights movements, we are calling for a moment of unity across all oppressed and marginalized people, a moment to continue the resistance, and a moment to protect all of our people,\u201d said Ortiz.<\/span><\/p>\n<\/div>\n\n\n\n<div id=\"fws_69ee4eab1908d\" data-midnight=\"\" data-column-margin=\"default\" class=\"wpb_row vc_row-fluid vc_row inner_row\"  style=\"\"><div class=\"row-bg-wrap\"> <div class=\"row-bg\" ><\/div> <\/div><div class=\"row_col_wrap_12_inner col span_12  left\">\n\t<div  class=\"vc_col-sm-12 wpb_column column_container vc_column_container col child_column no-extra-padding inherit_tablet inherit_phone border_bottom_desktop_1px border_color_000000 border_style_solid \"   data-padding-pos=\"all\" data-has-bg-color=\"false\" data-bg-color=\"\" data-bg-opacity=\"1\" data-animation=\"\" data-delay=\"0\" >\n\t\t<div class=\"vc_column-inner\" >\n\t\t<div class=\"wpb_wrapper\">\n\t\t\t<div class=\"vc_separator wpb_content_element vc_separator_align_center vc_sep_width_100 vc_sep_pos_align_center vc_sep_color_black wpb_content_element vc_separator-has-text\" ><span class=\"vc_sep_holder vc_sep_holder_l\"><span class=\"vc_sep_line\"><\/span><\/span><h4 id=\"read-more-of-our-coverage\">Read More of Our Coverage<\/h4><span class=\"vc_sep_holder vc_sep_holder_r\"><span class=\"vc_sep_line\"><\/span><\/span>\n<\/div>\n<div class=\"wpb_text_column wpb_content_element \" >\n\t\t\t<div class=\"pk-inline-posts\">\n\t\t\t\n\t\t\t<div class=\"pk-inline-posts-container pk-inline-posts-template-list\"\n\t\t\t\tdata-columns=\"1\">\n\t\t\t\t\t\t<article id=\"post-23854\" class=\"post-23854 post type-post status-publish format-standard has-post-thumbnail category-immigration-policy tag-trumpwon\">\n\t\t\t<div class=\"pk-post-outer\">\n\n\t\t\t\t\t\t\t\t<div class=\"pk-post-inner\">\n\t\t\t\t\t<div class=\"entry-thumbnail\">\n\t\t\t\t\t\t<div class=\"pk-overlay pk-overlay-ratio pk-ratio-landscape\">\n\t\t\t\t\t\t\t<div class=\"pk-overlay-background\">\n\t\t\t\t\t\t\t\t<a href=\"https:\/\/borderlessmag.org\/es\/2024\/11\/06\/presidential-election-results-kamala-harris-donald-trump-illinois\/\" class=\"pk-overlay-link\">\n\t\t\t\t\t\t\t\t\t<img decoding=\"async\" width=\"300\" height=\"225\" src=\"https:\/\/borderlessmag.org\/wordpress\/wp-content\/uploads\/2024\/10\/073124-TRUMP-NABJ-Colin-Boyle-3493-300x225.jpg\" class=\"attachment-pk-thumbnail size-pk-thumbnail wp-post-image\" alt=\"\" \/>\t\t\t\t\t\t\t\t<\/a>\n\t\t\t\t\t\t\t<\/div>\n\t\t\t\t\t\t<\/div>\n\t\t\t\t\t<\/div>\n\t\t\t\t<\/div>\n\t\t\t\t\n\t\t\t\t<div class=\"pk-post-inner\">\n\t\t\t\t\t<header>\n\t\t\t\t\t\t<h3 class=\"pk-title\"><a href=\"https:\/\/borderlessmag.org\/es\/2024\/11\/06\/presidential-election-results-kamala-harris-donald-trump-illinois\/\" rel=\"bookmark\">Donald Trump Defeats Harris in Race for White House<\/a><\/h3>\t\t\t\t\t\t\t<div class=\"pk-post-meta\">\n\t\t\t\t\t\t\t\t<span class=\"pk-meta-author meta-author\"><span class=\"author vcard\"><a class=\"url fn n\" href=\"https:\/\/borderlessmag.org\/es\/author\/mauricio-pena\/\" title=\"View all posts by Mauricio Pe\u00f1a, Katrina Pham, Aydali Campa\">Mauricio Pe\u00f1a, Katrina Pham, Aydali Campa<\/a><\/span><\/span>\t\t\t\t\t\t\t\t<span class=\"sep\">\u00b7<\/span>\n\t\t\t\t\t\t\t\t<span class=\"pk-meta-date meta-date\"><a href=\"https:\/\/borderlessmag.org\/es\/2024\/11\/06\/presidential-election-results-kamala-harris-donald-trump-illinois\/\" rel=\"bookmark\">noviembre 6, 2024<\/a><\/span>\t\t\t\t\t\t\t<\/div>\n\t\t\t\t\t\t\t\t\t\t\t\t<\/header><!-- .entry-header -->\n\t\t\t\t<\/div><!-- .post-inner -->\n\n\t\t\t<\/div><!-- .post-outer -->\n\t\t<\/article>\n\t\t\t\t<\/div>\n\t\t<\/div>\n\t\t\n<\/div>\n\n\n\n\n\t\t<\/div> \n\t<\/div>\n\t<\/div> \n<\/div><\/div>\n<div class=\"wpb_text_column wpb_content_element \" >\n\t<p><span style=\"font-weight: 400;\">For his second term, <a href=\"https:\/\/www.canva.com\/design\/DAGVvdlCy70\/wbJR_uCigR14EcETYAJ41w\/edit\">Trump pledged mass deportations,<\/a> greater restrictions for asylum seekers and limitations on access to citizenship and visas. He also promised to <\/span><a href=\"https:\/\/time.com\/7022828\/trump-travel-ban-refugees-gaza\/\"><span style=\"font-weight: 400;\">reinstate his Muslim travel ban<\/span><\/a><span style=\"font-weight: 400;\">, which barred immigrants from six <\/span><a href=\"https:\/\/www.aclu-wa.org\/pages\/timeline-muslim-ban\"><span style=\"font-weight: 400;\">Muslim-majority countries from entering the U.S. in 2017<\/span><\/a><span style=\"font-weight: 400;\">. President Biden later <\/span><a href=\"https:\/\/www.brennancenter.org\/our-work\/analysis-opinion\/muslim-ban-gone-now-what\"><span style=\"font-weight: 400;\">reversed<\/span><\/a><span style=\"font-weight: 400;\"> the ban.<\/span><\/p>\n<p><span style=\"font-weight: 400;\">\u201cDay one, I will seal the border,\u201d the former president said at a <\/span><a href=\"https:\/\/www.wvia.org\/news\/local\/2024-10-09\/trump-pledges-in-scranton-speech-to-seal-the-border-on-day-1-and-end-transgender-insanity\"><span style=\"font-weight: 400;\">Pennsylvania rally<\/span><\/a><span style=\"font-weight: 400;\"> in October. \u201c\u2026and we will begin the largest deportation operation in the history of our country.\u201d<\/span><\/p>\n<p><span style=\"font-weight: 400;\">At the gathering, organizers and legislators told the immigrant community and constituents they were ready to fight for immigrant rights and reiterated that Illinois, a longtime Democratic stronghold, is a welcoming and safe space for immigrants.\u00a0<\/span><\/p>\n<p><span style=\"font-weight: 400;\">While Democrat Kamala Harris won in Chicago and Illinois, Trump won the neighboring states of Indiana, Wisconsin, Kentucky, Missouri and Iowa. <\/span><\/p>\n<p><span style=\"font-weight: 400;\">Trump\u2019s reelection can be credited to the Biden administration\u2019s failure \u201cto address the root cause of people\u2019s pain,\u201d Rep. Kevin Olickal, D-16, said \u2014 alongside the Democratic Party\u2019s lack of immigrant representation, according to State Rep. Norma Hernandez, D-77.<\/span><\/p>\n<p><span style=\"font-weight: 400;\">\u201cIt&#8217;s up to us as legislators to hold our party accountable, and not just here in Illinois, but all across the country who have hired people that don&#8217;t look like us to work on national campaigns who don&#8217;t understand our communities,\u201d Hernandez said.<\/span><\/p>\n<\/div>\n\n\n\n<div id=\"fws_69ee4eab1d349\" data-midnight=\"\" data-column-margin=\"default\" class=\"wpb_row vc_row-fluid vc_row inner_row\"  style=\"\"><div class=\"row-bg-wrap\"> <div class=\"row-bg\" ><\/div> <\/div><div class=\"row_col_wrap_12_inner col span_12  left\">\n\t<div  class=\"vc_col-sm-12 wpb_column column_container vc_column_container col child_column no-extra-padding inherit_tablet inherit_phone border_bottom_desktop_1px border_color_000000 border_style_solid \"   data-padding-pos=\"all\" data-has-bg-color=\"false\" data-bg-color=\"\" data-bg-opacity=\"1\" data-animation=\"\" data-delay=\"0\" >\n\t\t<div class=\"vc_column-inner\" >\n\t\t<div class=\"wpb_wrapper\">\n\t\t\t<div class=\"vc_separator wpb_content_element vc_separator_align_center vc_sep_width_100 vc_sep_pos_align_center vc_sep_color_black wpb_content_element vc_separator-has-text\" ><span class=\"vc_sep_holder vc_sep_holder_l\"><span class=\"vc_sep_line\"><\/span><\/span><h4 id=\"read-more-of-our-coverage-2\">Read More of Our Coverage<\/h4><span class=\"vc_sep_holder vc_sep_holder_r\"><span class=\"vc_sep_line\"><\/span><\/span>\n<\/div>\n<div class=\"wpb_text_column wpb_content_element \" >\n\t\t\t<div class=\"pk-inline-posts\">\n\t\t\t\n\t\t\t<div class=\"pk-inline-posts-container pk-inline-posts-template-list\"\n\t\t\t\tdata-columns=\"1\">\n\t\t\t\t\t\t<article id=\"post-23827\" class=\"post-23827 post type-post status-publish format-standard has-post-thumbnail category-immigration-policy tag-election2024\">\n\t\t\t<div class=\"pk-post-outer\">\n\n\t\t\t\t\t\t\t\t<div class=\"pk-post-inner\">\n\t\t\t\t\t<div class=\"entry-thumbnail\">\n\t\t\t\t\t\t<div class=\"pk-overlay pk-overlay-ratio pk-ratio-landscape\">\n\t\t\t\t\t\t\t<div class=\"pk-overlay-background\">\n\t\t\t\t\t\t\t\t<a href=\"https:\/\/borderlessmag.org\/es\/2024\/11\/05\/presidential-election-2024-harris-trump-chicago-immigrants\/\" class=\"pk-overlay-link\">\n\t\t\t\t\t\t\t\t\t<img decoding=\"async\" width=\"300\" height=\"225\" src=\"https:\/\/borderlessmag.org\/wordpress\/wp-content\/uploads\/2024\/11\/2024_11_02_Immigrant-Communities-This-Election_Web_01-300x225.jpg\" class=\"attachment-pk-thumbnail size-pk-thumbnail wp-post-image\" alt=\"\" \/>\t\t\t\t\t\t\t\t<\/a>\n\t\t\t\t\t\t\t<\/div>\n\t\t\t\t\t\t<\/div>\n\t\t\t\t\t<\/div>\n\t\t\t\t<\/div>\n\t\t\t\t\n\t\t\t\t<div class=\"pk-post-inner\">\n\t\t\t\t\t<header>\n\t\t\t\t\t\t<h3 class=\"pk-title\"><a href=\"https:\/\/borderlessmag.org\/es\/2024\/11\/05\/presidential-election-2024-harris-trump-chicago-immigrants\/\" rel=\"bookmark\">How Immigrant Communities Are Feeling as They Cast Their Vote for President<\/a><\/h3>\t\t\t\t\t\t\t<div class=\"pk-post-meta\">\n\t\t\t\t\t\t\t\t<span class=\"pk-meta-author meta-author\"><span class=\"author vcard\"><a class=\"url fn n\" href=\"https:\/\/borderlessmag.org\/es\/author\/katrina\/\" title=\"View all posts by Aydali Campa, Katrina Pham, Fatema Hosseini\">Aydali Campa, Katrina Pham, Fatema Hosseini<\/a><\/span><\/span>\t\t\t\t\t\t\t\t<span class=\"sep\">\u00b7<\/span>\n\t\t\t\t\t\t\t\t<span class=\"pk-meta-date meta-date\"><a href=\"https:\/\/borderlessmag.org\/es\/2024\/11\/05\/presidential-election-2024-harris-trump-chicago-immigrants\/\" rel=\"bookmark\">noviembre 5, 2024<\/a><\/span>\t\t\t\t\t\t\t<\/div>\n\t\t\t\t\t\t\t\t\t\t\t\t<\/header><!-- .entry-header -->\n\t\t\t\t<\/div><!-- .post-inner -->\n\n\t\t\t<\/div><!-- .post-outer -->\n\t\t<\/article>\n\t\t\t\t<\/div>\n\t\t<\/div>\n\t\t\n<\/div>\n\n\n\n\n\t\t<\/div> \n\t<\/div>\n\t<\/div> \n<\/div><\/div>\n\t\t\t<\/div> \n\t\t<\/div>\n\t<\/div> \n\n\t<div  class=\"vc_col-sm-2 vc_hidden-sm vc_hidden-xs wpb_column column_container vc_column_container col no-extra-padding inherit_tablet inherit_phone \"  data-padding-pos=\"all\" data-has-bg-color=\"false\" data-bg-color=\"\" data-bg-opacity=\"1\" data-animation=\"\" data-delay=\"0\" >\n\t\t<div class=\"vc_column-inner\" >\n\t\t\t<div class=\"wpb_wrapper\">\n\t\t\t\t\n\t<div class=\"wpb_widgetised_column wpb_content_element\">\n\t\t<div id=\"sidebar\" data-nectar-ss=\"true\" class=\"wpb_wrapper\">\n\t\t\t<div id=\"custom_html-4 1articleright\" class=\"widget_text widget widget_custom_html\"><h3 id=\"wordpress-popular-posts\" class=\"widget-title\">WordPress Popular Posts<\/h3><div class=\"textwidget custom-html-widget\"><h4 id=\"trending-posts\" class=\"widget-title\">Trending Posts<\/h4><div class=\"wpp-shortcode\"><script type=\"application\/json\" data-id=\"wpp-shortcode-inline-js\">{\"title\":\"Trending Posts\",\"limit\":\"3\",\"offset\":0,\"range\":\"custom\",\"time_quantity\":\"124\",\"time_unit\":\"day\",\"freshness\":\"1\",\"order_by\":\"views\",\"post_type\":\"post\",\"pid\":\"\",\"exclude\":\"\",\"cat\":\"\",\"taxonomy\":\"category\",\"term_id\":\"\",\"author\":\"\",\"shorten_title\":{\"active\":false,\"length\":0,\"words\":false},\"post-excerpt\":{\"active\":false,\"length\":0,\"keep_format\":false,\"words\":false},\"thumbnail\":{\"active\":true,\"build\":\"predefined\",\"width\":\"240\",\"height\":\"160\"},\"rating\":false,\"stats_tag\":{\"comment_count\":false,\"views\":false,\"author\":false,\"date\":{\"active\":false,\"format\":\"F j, Y\"},\"category\":false,\"taxonomy\":{\"active\":false,\"name\":\"category\"}},\"markup\":{\"custom_html\":true,\"wpp-start\":\"&lt;ul class=&quot;wpp-list wpp-cardview&quot;&gt;\",\"wpp-end\":\"&lt;\\\/ul&gt;\",\"title-start\":\"&lt;h4 class=&quot;widget-title&quot;&gt;\",\"title-end\":\"&lt;\\\/h4&gt;\",\"post-html\":\"&lt;li&gt;{thumb} {title} {stats}&lt;\\\/li&gt;\"},\"theme\":{\"name\":\"\"}}<\/script><div class=\"wpp-shortcode-placeholder\"><\/div><\/div><\/div><\/div>\n\t\t<\/div> \n\t<\/div> \n\t\t\t<\/div> \n\t\t<\/div>\n\t<\/div> \n<\/div><\/div>\n\t\t<div id=\"fws_69ee4eab20898\"  data-column-margin=\"default\" data-midnight=\"dark\"  class=\"wpb_row vc_row-fluid vc_row\"  style=\"padding-top: 0px; padding-bottom: 0px; \"><div class=\"row-bg-wrap\" data-bg-animation=\"none\" data-bg-animation-delay=\"\" data-bg-overlay=\"false\"><div class=\"inner-wrap row-bg-layer\" ><div class=\"row-bg viewport-desktop\"  style=\"\"><\/div><\/div><\/div><div class=\"row_col_wrap_12 col span_12 dark left\">\n\t<div  class=\"vc_col-sm-2 vc_hidden-sm vc_hidden-xs wpb_column column_container vc_column_container col no-extra-padding inherit_tablet inherit_phone \"  data-padding-pos=\"all\" data-has-bg-color=\"false\" data-bg-color=\"\" data-bg-opacity=\"1\" data-animation=\"\" data-delay=\"0\" >\n\t\t<div class=\"vc_column-inner\" >\n\t\t\t<div class=\"wpb_wrapper\">\n\t\t\t\t\n\t\t\t<\/div> \n\t\t<\/div>\n\t<\/div> \n\n\t<div  class=\"vc_col-sm-8 wpb_column column_container vc_column_container col padding-3-percent inherit_tablet inherit_phone \"  data-padding-pos=\"all\" data-has-bg-color=\"false\" data-bg-color=\"\" data-bg-opacity=\"1\" data-animation=\"\" data-delay=\"0\" >\n\t\t<div class=\"vc_column-inner\" >\n\t\t\t<div class=\"wpb_wrapper\">\n\t\t\t\t\n<div class=\"wpb_text_column wpb_content_element \" >\n\t<p><span style=\"font-weight: 400;\">State Rep. Abdelnasser Rashid, D-21, said members of the Democratic Party ignored widespread concerns voters had about the rising cost of living, the economy and the war in Gaza.<\/span><\/p>\n<p><span style=\"font-weight: 400;\">\u201cTrump&#8217;s election was not an accident,\u201d Rashid said. \u201cThose people [members of the Democratic Party] who made those decisions to turn away from us, they elected Donald Trump.\u201d<\/span><\/p>\n<p><span style=\"font-weight: 400;\">The Resurrection Project, an immigrant-serving organization based on the Southwest Side, released a statement on Wednesday in response to Trump\u2019s reelection.\u00a0<\/span><\/p>\n<p><span style=\"font-weight: 400;\">\u201cOur resolve will continue to uplift a positive vision of immigrants that reflects the countless ways our communities contribute to the economy and the social fabric of this nation,\u201d said Raul Raymundo, CEO and co-founder of The Resurrection Project.\u00a0\u00a0<\/span><\/p>\n<p><span style=\"font-weight: 400;\">\u201cWe will not be deterred by fearmongering or anti-immigrant rhetoric,\u201d said Jos\u00e9 Frausto, executive director of the Chicago Workers Collaborative, in TRP\u2019s statement. \u201cInstead, we are doubling down on our commitment to building a more just society that values the hard work, humanity, and dignity of immigrants.\u201d\u00a0<\/span><\/p>\n<p><span style=\"font-weight: 400;\">\u201cWe&#8217;re ready to stand up and fight back for the next four years,\u201d said Maggie Lugo, executive director of Casa Michoac\u00e1n. <\/span><\/p>\n<\/div>\n\n\n\n\n\t\t\t<\/div> \n\t\t<\/div>\n\t<\/div> \n\n\t<div  class=\"vc_col-sm-2 vc_hidden-sm vc_hidden-xs wpb_column column_container vc_column_container col no-extra-padding inherit_tablet inherit_phone \"  data-padding-pos=\"all\" data-has-bg-color=\"false\" data-bg-color=\"\" data-bg-opacity=\"1\" data-animation=\"\" data-delay=\"0\" >\n\t\t<div class=\"vc_column-inner\" >\n\t\t\t<div class=\"wpb_wrapper\">\n\t\t\t\t\n\t\t\t<\/div> \n\t\t<\/div>\n\t<\/div> \n<\/div><\/div>\n","protected":false},"excerpt":{"rendered":"<p>A pesar de los temores sobre las pol\u00edticas de inmigraci\u00f3n de Trump, los l\u00edderes de la comunidad inmigrante se reunieron en Chicago el mi\u00e9rcoles para hacer un llamamiento a la unidad.<\/p>","protected":false},"author":140,"featured_media":23880,"comment_status":"closed","ping_status":"closed","sticky":false,"template":"","format":"standard","meta":{"inline_featured_image":false,"footnotes":""},"categories":[1],"tags":[655],"coauthors":[471,566],"class_list":{"0":"post-23881","1":"post","2":"type-post","3":"status-publish","4":"format-standard","5":"has-post-thumbnail","7":"category-immigration-policy","8":"tag-electionresults2024"},"yoast_head":"<!-- This site is optimized with the Yoast SEO Premium plugin v27.3 (Yoast SEO v27.3) - https:\/\/yoast.com\/product\/yoast-seo-premium-wordpress\/ -->\n<title>Chicago Immigrants React to Trump\u2019s Reelection as President &#8211; Borderless Magazine NFP<\/title>\n<meta name=\"description\" content=\"From creating community defense plans to holding Democrats accountable for Trump&#039;s victory, immigrants vowed to stand up and fight back.\" \/>\n<meta name=\"robots\" content=\"index, follow, max-snippet:-1, max-image-preview:large, max-video-preview:-1\" \/>\n<link rel=\"canonical\" href=\"https:\/\/borderlessmag.org\/es\/2024\/11\/06\/los-inmigrantes-de-chicago-reaccionan-a-la-reeleccion-de-trump\/\" \/>\n<meta property=\"og:locale\" content=\"es_MX\" \/>\n<meta property=\"og:type\" content=\"article\" \/>\n<meta property=\"og:title\" content=\"With Trump&#039;s Win, Chicago Immigrants Vow to &quot;Fight Back&quot; &#8211; Borderless Magazine NFP\" \/>\n<meta property=\"og:description\" content=\"With Trump&#039;s Win, Chicago Immigrants Vow to &quot;Fight Back&quot; &#8211; Borderless Magazine NFP\" \/>\n<meta property=\"og:url\" content=\"https:\/\/borderlessmag.org\/es\/2024\/11\/06\/los-inmigrantes-de-chicago-reaccionan-a-la-reeleccion-de-trump\/\" \/>\n<meta property=\"og:site_name\" content=\"Borderless Magazine NFP\" \/>\n<meta property=\"article:publisher\" content=\"https:\/\/www.facebook.com\/BorderlessMagazine\" \/>\n<meta property=\"article:published_time\" content=\"2024-11-06T23:03:28+00:00\" \/>\n<meta property=\"article:modified_time\" content=\"2024-11-19T14:40:12+00:00\" \/>\n<meta property=\"og:image\" content=\"https:\/\/borderlessmag.org\/wordpress\/wp-content\/uploads\/2024\/11\/2024_11_06_Election-Response_Web_03.jpg\" \/>\n\t<meta property=\"og:image:width\" content=\"1920\" \/>\n\t<meta property=\"og:image:height\" content=\"1440\" \/>\n\t<meta property=\"og:image:type\" content=\"image\/jpeg\" \/>\n<meta name=\"author\" content=\"Aydali Campa, Katrina Pham, Fatema Hosseini\" \/>\n<meta name=\"twitter:card\" content=\"summary_large_image\" \/>\n<meta name=\"twitter:label1\" content=\"Escrito por\" \/>\n\t<meta name=\"twitter:data1\" content=\"Katrina Pham\" \/>\n\t<meta name=\"twitter:label2\" content=\"Tiempo de lectura\" \/>\n\t<meta name=\"twitter:data2\" content=\"9 minutos\" \/>\n\t<meta name=\"twitter:label3\" content=\"Written by\" \/>\n\t<meta name=\"twitter:data3\" content=\"Aydali Campa, Katrina Pham, Fatema Hosseini\" \/>\n<script type=\"application\/ld+json\" class=\"yoast-schema-graph\">{\"@context\":\"https:\\\/\\\/schema.org\",\"@graph\":[{\"@type\":\"NewsArticle\",\"@id\":\"https:\\\/\\\/borderlessmag.org\\\/2024\\\/11\\\/06\\\/chicago-immigrants-react-to-trump-reelection\\\/#article\",\"isPartOf\":{\"@id\":\"https:\\\/\\\/borderlessmag.org\\\/2024\\\/11\\\/06\\\/chicago-immigrants-react-to-trump-reelection\\\/\"},\"author\":{\"name\":\"Katrina Pham\",\"@id\":\"https:\\\/\\\/borderlessmag.org\\\/#\\\/schema\\\/person\\\/bc9a5fb04ea9648eccfe947e70e83171\"},\"headline\":\"With Trump&#8217;s Win, Chicago Immigrants Vow to &#8220;Fight Back&#8221;\",\"datePublished\":\"2024-11-06T23:03:28+00:00\",\"dateModified\":\"2024-11-19T14:40:12+00:00\",\"mainEntityOfPage\":{\"@id\":\"https:\\\/\\\/borderlessmag.org\\\/2024\\\/11\\\/06\\\/chicago-immigrants-react-to-trump-reelection\\\/\"},\"wordCount\":1916,\"publisher\":{\"@id\":\"https:\\\/\\\/borderlessmag.org\\\/#organization\"},\"image\":{\"@id\":\"https:\\\/\\\/borderlessmag.org\\\/2024\\\/11\\\/06\\\/chicago-immigrants-react-to-trump-reelection\\\/#primaryimage\"},\"thumbnailUrl\":\"https:\\\/\\\/borderlessmag.org\\\/wordpress\\\/wp-content\\\/uploads\\\/2024\\\/11\\\/2024_11_06_Election-Response_Web_03.jpg\",\"keywords\":[\"electionresults2024\"],\"articleSection\":[\"Immigration Policy\"],\"inLanguage\":\"es\",\"copyrightYear\":\"2024\",\"copyrightHolder\":{\"@id\":\"https:\\\/\\\/borderlessmag.org\\\/es\\\/#organization\"}},{\"@type\":\"WebPage\",\"@id\":\"https:\\\/\\\/borderlessmag.org\\\/2024\\\/11\\\/06\\\/chicago-immigrants-react-to-trump-reelection\\\/\",\"url\":\"https:\\\/\\\/borderlessmag.org\\\/2024\\\/11\\\/06\\\/chicago-immigrants-react-to-trump-reelection\\\/\",\"name\":\"Chicago Immigrants React to Trump\u2019s Reelection as President &#8211; Borderless Magazine NFP\",\"isPartOf\":{\"@id\":\"https:\\\/\\\/borderlessmag.org\\\/#website\"},\"primaryImageOfPage\":{\"@id\":\"https:\\\/\\\/borderlessmag.org\\\/2024\\\/11\\\/06\\\/chicago-immigrants-react-to-trump-reelection\\\/#primaryimage\"},\"image\":{\"@id\":\"https:\\\/\\\/borderlessmag.org\\\/2024\\\/11\\\/06\\\/chicago-immigrants-react-to-trump-reelection\\\/#primaryimage\"},\"thumbnailUrl\":\"https:\\\/\\\/borderlessmag.org\\\/wordpress\\\/wp-content\\\/uploads\\\/2024\\\/11\\\/2024_11_06_Election-Response_Web_03.jpg\",\"datePublished\":\"2024-11-06T23:03:28+00:00\",\"dateModified\":\"2024-11-19T14:40:12+00:00\",\"description\":\"From creating community defense plans to holding Democrats accountable for Trump's victory, immigrants vowed to stand up and fight back.\",\"inLanguage\":\"es\",\"potentialAction\":[{\"@type\":\"ReadAction\",\"target\":[\"https:\\\/\\\/borderlessmag.org\\\/2024\\\/11\\\/06\\\/chicago-immigrants-react-to-trump-reelection\\\/\"]}]},{\"@type\":\"ImageObject\",\"inLanguage\":\"es\",\"@id\":\"https:\\\/\\\/borderlessmag.org\\\/2024\\\/11\\\/06\\\/chicago-immigrants-react-to-trump-reelection\\\/#primaryimage\",\"url\":\"https:\\\/\\\/borderlessmag.org\\\/wordpress\\\/wp-content\\\/uploads\\\/2024\\\/11\\\/2024_11_06_Election-Response_Web_03.jpg\",\"contentUrl\":\"https:\\\/\\\/borderlessmag.org\\\/wordpress\\\/wp-content\\\/uploads\\\/2024\\\/11\\\/2024_11_06_Election-Response_Web_03.jpg\",\"width\":1920,\"height\":1440,\"caption\":\"Illinois Coalition for Immigrant and Refugee Right's Chief Executive Officer Lawrence Benito spoke at an ICIRR press conference Wednesday to announce \\\"community defense\\\" plans in response to Donald Trump's reelection. Katrina Pham\\\/Borderless Magazine\"},{\"@type\":\"WebSite\",\"@id\":\"https:\\\/\\\/borderlessmag.org\\\/#website\",\"url\":\"https:\\\/\\\/borderlessmag.org\\\/\",\"name\":\"Borderless Magazine NFP\",\"description\":\"Stories about immigration and immigrants\",\"publisher\":{\"@id\":\"https:\\\/\\\/borderlessmag.org\\\/#organization\"},\"alternateName\":\"Borderless\",\"potentialAction\":[{\"@type\":\"SearchAction\",\"target\":{\"@type\":\"EntryPoint\",\"urlTemplate\":\"https:\\\/\\\/borderlessmag.org\\\/?s={search_term_string}\"},\"query-input\":{\"@type\":\"PropertyValueSpecification\",\"valueRequired\":true,\"valueName\":\"search_term_string\"}}],\"inLanguage\":\"es\"},{\"@type\":\"Organization\",\"@id\":\"https:\\\/\\\/borderlessmag.org\\\/#organization\",\"name\":\"Borderless Magazine NFP\",\"alternateName\":\"Borderless Mag\",\"url\":\"https:\\\/\\\/borderlessmag.org\\\/\",\"logo\":{\"@type\":\"ImageObject\",\"inLanguage\":\"es\",\"@id\":\"https:\\\/\\\/borderlessmag.org\\\/#\\\/schema\\\/logo\\\/image\\\/\",\"url\":\"https:\\\/\\\/borderlessmag.org\\\/wordpress\\\/wp-content\\\/uploads\\\/2025\\\/08\\\/BorderlessLogo_main_square.jpg\",\"contentUrl\":\"https:\\\/\\\/borderlessmag.org\\\/wordpress\\\/wp-content\\\/uploads\\\/2025\\\/08\\\/BorderlessLogo_main_square.jpg\",\"width\":696,\"height\":696,\"caption\":\"Borderless Magazine NFP\"},\"image\":{\"@id\":\"https:\\\/\\\/borderlessmag.org\\\/#\\\/schema\\\/logo\\\/image\\\/\"},\"sameAs\":[\"https:\\\/\\\/www.facebook.com\\\/BorderlessMagazine\",\"https:\\\/\\\/www.instagram.com\\\/borderless_mag\\\/\",\"https:\\\/\\\/www.tiktok.com\\\/@borderless_mag\"]},{\"@type\":\"Person\",\"@id\":\"https:\\\/\\\/borderlessmag.org\\\/#\\\/schema\\\/person\\\/bc9a5fb04ea9648eccfe947e70e83171\",\"name\":\"Katrina Pham\",\"image\":{\"@type\":\"ImageObject\",\"inLanguage\":\"es\",\"@id\":\"https:\\\/\\\/secure.gravatar.com\\\/avatar\\\/db79236ec9c3e42ea92b47ca58769b8e175f2c0be1a97ab0180670a84a2436a9?s=96&d=mm&r=gfd4f73a4dc7d6d85f2e9ce7dbfa9d5de\",\"url\":\"https:\\\/\\\/secure.gravatar.com\\\/avatar\\\/db79236ec9c3e42ea92b47ca58769b8e175f2c0be1a97ab0180670a84a2436a9?s=96&d=mm&r=g\",\"contentUrl\":\"https:\\\/\\\/secure.gravatar.com\\\/avatar\\\/db79236ec9c3e42ea92b47ca58769b8e175f2c0be1a97ab0180670a84a2436a9?s=96&d=mm&r=g\",\"caption\":\"Katrina Pham\"},\"url\":\"https:\\\/\\\/borderlessmag.org\\\/es\\\/author\\\/katrina\\\/\"}]}<\/script>\n<!-- \/ Yoast SEO Premium plugin. -->","yoast_head_json":{"title":"Los inmigrantes de Chicago reaccionan a la reelecci\u00f3n de Trump como presidente - Revista Sin Fronteras NFP","description":"Desde crear planes de defensa comunitaria hasta responsabilizar a los dem\u00f3cratas de la victoria de Trump, los inmigrantes se comprometieron a levantarse y luchar.","robots":{"index":"index","follow":"follow","max-snippet":"max-snippet:-1","max-image-preview":"max-image-preview:large","max-video-preview":"max-video-preview:-1"},"canonical":"https:\/\/borderlessmag.org\/es\/2024\/11\/06\/los-inmigrantes-de-chicago-reaccionan-a-la-reeleccion-de-trump\/","og_locale":"es_MX","og_type":"article","og_title":"With Trump's Win, Chicago Immigrants Vow to \"Fight Back\" &#8211; Borderless Magazine NFP","og_description":"With Trump's Win, Chicago Immigrants Vow to \"Fight Back\" &#8211; Borderless Magazine NFP","og_url":"https:\/\/borderlessmag.org\/es\/2024\/11\/06\/los-inmigrantes-de-chicago-reaccionan-a-la-reeleccion-de-trump\/","og_site_name":"Borderless Magazine NFP","article_publisher":"https:\/\/www.facebook.com\/BorderlessMagazine","article_published_time":"2024-11-06T23:03:28+00:00","article_modified_time":"2024-11-19T14:40:12+00:00","og_image":[{"width":1920,"height":1440,"url":"https:\/\/borderlessmag.org\/wordpress\/wp-content\/uploads\/2024\/11\/2024_11_06_Election-Response_Web_03.jpg","type":"image\/jpeg"}],"author":"Aydali Campa, Katrina Pham, Fatema Hosseini","twitter_card":"summary_large_image","twitter_misc":{"Escrito por":"Katrina Pham","Tiempo de lectura":"9 minutos","Written by":"Aydali Campa, Katrina Pham, Fatema Hosseini"},"schema":{"@context":"https:\/\/schema.org","@graph":[{"@type":"NewsArticle","@id":"https:\/\/borderlessmag.org\/2024\/11\/06\/chicago-immigrants-react-to-trump-reelection\/#article","isPartOf":{"@id":"https:\/\/borderlessmag.org\/2024\/11\/06\/chicago-immigrants-react-to-trump-reelection\/"},"author":{"name":"Katrina Pham","@id":"https:\/\/borderlessmag.org\/#\/schema\/person\/bc9a5fb04ea9648eccfe947e70e83171"},"headline":"With Trump&#8217;s Win, Chicago Immigrants Vow to &#8220;Fight Back&#8221;","datePublished":"2024-11-06T23:03:28+00:00","dateModified":"2024-11-19T14:40:12+00:00","mainEntityOfPage":{"@id":"https:\/\/borderlessmag.org\/2024\/11\/06\/chicago-immigrants-react-to-trump-reelection\/"},"wordCount":1916,"publisher":{"@id":"https:\/\/borderlessmag.org\/#organization"},"image":{"@id":"https:\/\/borderlessmag.org\/2024\/11\/06\/chicago-immigrants-react-to-trump-reelection\/#primaryimage"},"thumbnailUrl":"https:\/\/borderlessmag.org\/wordpress\/wp-content\/uploads\/2024\/11\/2024_11_06_Election-Response_Web_03.jpg","keywords":["electionresults2024"],"articleSection":["Immigration Policy"],"inLanguage":"es","copyrightYear":"2024","copyrightHolder":{"@id":"https:\/\/borderlessmag.org\/es\/#organization"}},{"@type":"WebPage","@id":"https:\/\/borderlessmag.org\/2024\/11\/06\/chicago-immigrants-react-to-trump-reelection\/","url":"https:\/\/borderlessmag.org\/2024\/11\/06\/chicago-immigrants-react-to-trump-reelection\/","name":"Los inmigrantes de Chicago reaccionan a la reelecci\u00f3n de Trump como presidente - Revista Sin Fronteras NFP","isPartOf":{"@id":"https:\/\/borderlessmag.org\/#website"},"primaryImageOfPage":{"@id":"https:\/\/borderlessmag.org\/2024\/11\/06\/chicago-immigrants-react-to-trump-reelection\/#primaryimage"},"image":{"@id":"https:\/\/borderlessmag.org\/2024\/11\/06\/chicago-immigrants-react-to-trump-reelection\/#primaryimage"},"thumbnailUrl":"https:\/\/borderlessmag.org\/wordpress\/wp-content\/uploads\/2024\/11\/2024_11_06_Election-Response_Web_03.jpg","datePublished":"2024-11-06T23:03:28+00:00","dateModified":"2024-11-19T14:40:12+00:00","description":"Desde crear planes de defensa comunitaria hasta responsabilizar a los dem\u00f3cratas de la victoria de Trump, los inmigrantes se comprometieron a levantarse y luchar.","inLanguage":"es","potentialAction":[{"@type":"ReadAction","target":["https:\/\/borderlessmag.org\/2024\/11\/06\/chicago-immigrants-react-to-trump-reelection\/"]}]},{"@type":"ImageObject","inLanguage":"es","@id":"https:\/\/borderlessmag.org\/2024\/11\/06\/chicago-immigrants-react-to-trump-reelection\/#primaryimage","url":"https:\/\/borderlessmag.org\/wordpress\/wp-content\/uploads\/2024\/11\/2024_11_06_Election-Response_Web_03.jpg","contentUrl":"https:\/\/borderlessmag.org\/wordpress\/wp-content\/uploads\/2024\/11\/2024_11_06_Election-Response_Web_03.jpg","width":1920,"height":1440,"caption":"Illinois Coalition for Immigrant and Refugee Right's Chief Executive Officer Lawrence Benito spoke at an ICIRR press conference Wednesday to announce \"community defense\" plans in response to Donald Trump's reelection. Katrina Pham\/Borderless Magazine"},{"@type":"WebSite","@id":"https:\/\/borderlessmag.org\/#website","url":"https:\/\/borderlessmag.org\/","name":"Revista Borderless NFP","description":"Historias sobre inmigraci\u00f3n e inmigrantes","publisher":{"@id":"https:\/\/borderlessmag.org\/#organization"},"alternateName":"Borderless","potentialAction":[{"@type":"SearchAction","target":{"@type":"EntryPoint","urlTemplate":"https:\/\/borderlessmag.org\/?s={search_term_string}"},"query-input":{"@type":"PropertyValueSpecification","valueRequired":true,"valueName":"search_term_string"}}],"inLanguage":"es"},{"@type":"Organization","@id":"https:\/\/borderlessmag.org\/#organization","name":"Revista Borderless NFP","alternateName":"Borderless Mag","url":"https:\/\/borderlessmag.org\/","logo":{"@type":"ImageObject","inLanguage":"es","@id":"https:\/\/borderlessmag.org\/#\/schema\/logo\/image\/","url":"https:\/\/borderlessmag.org\/wordpress\/wp-content\/uploads\/2025\/08\/BorderlessLogo_main_square.jpg","contentUrl":"https:\/\/borderlessmag.org\/wordpress\/wp-content\/uploads\/2025\/08\/BorderlessLogo_main_square.jpg","width":696,"height":696,"caption":"Borderless Magazine NFP"},"image":{"@id":"https:\/\/borderlessmag.org\/#\/schema\/logo\/image\/"},"sameAs":["https:\/\/www.facebook.com\/BorderlessMagazine","https:\/\/www.instagram.com\/borderless_mag\/","https:\/\/www.tiktok.com\/@borderless_mag"]},{"@type":"Person","@id":"https:\/\/borderlessmag.org\/#\/schema\/person\/bc9a5fb04ea9648eccfe947e70e83171","name":"Katrina Pham","image":{"@type":"ImageObject","inLanguage":"es","@id":"https:\/\/secure.gravatar.com\/avatar\/db79236ec9c3e42ea92b47ca58769b8e175f2c0be1a97ab0180670a84a2436a9?s=96&d=mm&r=gfd4f73a4dc7d6d85f2e9ce7dbfa9d5de","url":"https:\/\/secure.gravatar.com\/avatar\/db79236ec9c3e42ea92b47ca58769b8e175f2c0be1a97ab0180670a84a2436a9?s=96&d=mm&r=g","contentUrl":"https:\/\/secure.gravatar.com\/avatar\/db79236ec9c3e42ea92b47ca58769b8e175f2c0be1a97ab0180670a84a2436a9?s=96&d=mm&r=g","caption":"Katrina Pham"},"url":"https:\/\/borderlessmag.org\/es\/author\/katrina\/"}]}},"cc_featured_image_caption":{"caption_text":"Illinois Coalition for Immigrant and Refugee Rights CEO Lawrence Benito spoke at an ICIRR press conference Wednesday to announce \"community defense\" plans in response to Donald Trump's reelection.","source_text":"","source_url":""},"_links":{"self":[{"href":"https:\/\/borderlessmag.org\/es\/wp-json\/wp\/v2\/posts\/23881","targetHints":{"allow":["GET"]}}],"collection":[{"href":"https:\/\/borderlessmag.org\/es\/wp-json\/wp\/v2\/posts"}],"about":[{"href":"https:\/\/borderlessmag.org\/es\/wp-json\/wp\/v2\/types\/post"}],"author":[{"embeddable":true,"href":"https:\/\/borderlessmag.org\/es\/wp-json\/wp\/v2\/users\/140"}],"replies":[{"embeddable":true,"href":"https:\/\/borderlessmag.org\/es\/wp-json\/wp\/v2\/comments?post=23881"}],"version-history":[{"count":9,"href":"https:\/\/borderlessmag.org\/es\/wp-json\/wp\/v2\/posts\/23881\/revisions"}],"predecessor-version":[{"id":23883,"href":"https:\/\/borderlessmag.org\/es\/wp-json\/wp\/v2\/posts\/23881\/revisions\/23883"}],"wp:featuredmedia":[{"embeddable":true,"href":"https:\/\/borderlessmag.org\/es\/wp-json\/wp\/v2\/media\/23880"}],"wp:attachment":[{"href":"https:\/\/borderlessmag.org\/es\/wp-json\/wp\/v2\/media?parent=23881"}],"wp:term":[{"taxonomy":"category","embeddable":true,"href":"https:\/\/borderlessmag.org\/es\/wp-json\/wp\/v2\/categories?post=23881"},{"taxonomy":"post_tag","embeddable":true,"href":"https:\/\/borderlessmag.org\/es\/wp-json\/wp\/v2\/tags?post=23881"},{"taxonomy":"author","embeddable":true,"href":"https:\/\/borderlessmag.org\/es\/wp-json\/wp\/v2\/coauthors?post=23881"}],"curies":[{"name":"wp","href":"https:\/\/api.w.org\/{rel}","templated":true}]}}