{"id":23317,"date":"2024-09-25T06:00:34","date_gmt":"2024-09-25T11:00:34","guid":{"rendered":"https:\/\/borderlessmag.org\/?p=23317"},"modified":"2024-10-10T08:58:53","modified_gmt":"2024-10-10T13:58:53","slug":"chicago-medio-ambiente-cambio-climatico-espacios-verdes-parques-brighton-park","status":"publish","type":"post","link":"https:\/\/borderlessmag.org\/es\/2024\/09\/25\/chicago-environmental-climate-change-green-space-parks-brighton-park\/","title":{"rendered":"Los barrios latinos de Chicago tienen menos acceso a los parques, pero los residentes est\u00e1n trabajando para cambiarlo"},"content":{"rendered":"\n\t\t<div id=\"fws_69ef8dc73eaa2\"  data-column-margin=\"default\" data-midnight=\"dark\"  class=\"wpb_row vc_row-fluid vc_row\"  style=\"padding-top: 0px; padding-bottom: 0px; \"><div class=\"row-bg-wrap\" data-bg-animation=\"none\" data-bg-animation-delay=\"\" data-bg-overlay=\"false\"><div class=\"inner-wrap row-bg-layer\" ><div class=\"row-bg viewport-desktop\"  style=\"\"><\/div><\/div><\/div><div class=\"row_col_wrap_12 col span_12 dark left\">\n\t<div  class=\"vc_col-sm-2 vc_hidden-sm vc_hidden-xs wpb_column column_container vc_column_container col no-extra-padding inherit_tablet inherit_phone \"  data-padding-pos=\"all\" data-has-bg-color=\"false\" data-bg-color=\"\" data-bg-opacity=\"1\" data-animation=\"\" data-delay=\"0\" >\n\t\t<div class=\"vc_column-inner\" >\n\t\t\t<div class=\"wpb_wrapper\">\n\t\t\t\t\n\t\t\t<\/div> \n\t\t<\/div>\n\t<\/div> \n\n\t<div  class=\"vc_col-sm-8 wpb_column column_container vc_column_container col padding-3-percent inherit_tablet inherit_phone \"  data-padding-pos=\"all\" data-has-bg-color=\"false\" data-bg-color=\"\" data-bg-opacity=\"1\" data-animation=\"\" data-delay=\"0\" >\n\t\t<div class=\"vc_column-inner\" >\n\t\t\t<div class=\"wpb_wrapper\">\n\t\t\t\t\n<div class=\"wpb_text_column wpb_content_element \" >\n\t<p><em>This story is part of a collaborative reporting project led by the <a href=\"https:\/\/inn.org\/?gad_source=1&amp;gclid=Cj0KCQjwxsm3BhDrARIsAMtVz6NN9zwn_3-shNCci-Uv3_icccvxGcWfMvOxg69NGhZV0ZRCA9ZfkzgaAghzEALw_wcB\">Institute for Nonprofit News<\/a> and includes <a href=\"https:\/\/borderlessmag.org\/newsletter\/\">Borderless Magazine<\/a>, <a href=\"https:\/\/www.ciceroindependiente.com\/subscribe\">Cicero Independiente<\/a> and <a href=\"https:\/\/insideclimatenews.org\/newsletter\/?gad_source=1&amp;gclid=Cj0KCQjwxsm3BhDrARIsAMtVz6PL9EunADh3ZHMB5pugVXMKu8-EWssRQLZ4YyLlWQcJ-9pAsLf77rIaAr-JEALw_wcB\">Inside Climate News<\/a>. It was supported by the <a href=\"https:\/\/fieldfoundation.org\/\">Field Foundation<\/a> and INN.<\/em><\/p>\n<\/div>\n\n\n\n<div class=\"img-with-aniamtion-wrap center\" data-max-width=\"100%\" data-max-width-mobile=\"default\" data-shadow=\"none\" data-animation=\"fade-in\"  style=\"margin-top: 3%; margin-bottom: 3%; \">\r\n      <div class=\"inner\">\r\n        <div class=\"hover-wrap\"> \r\n          <div class=\"hover-wrap-inner\">\r\n            <img decoding=\"async\" class=\"img-with-animation skip-lazy \" data-delay=\"0\" height=\"651\" width=\"916\" data-animation=\"fade-in\" src=\"https:\/\/borderlessmag.org\/wordpress\/wp-content\/uploads\/2024\/09\/ClimateSwingLogoWTAG_RGB.png\" alt=\"\" srcset=\"https:\/\/borderlessmag.org\/wordpress\/wp-content\/uploads\/2024\/09\/ClimateSwingLogoWTAG_RGB.png 916w, https:\/\/borderlessmag.org\/wordpress\/wp-content\/uploads\/2024\/09\/ClimateSwingLogoWTAG_RGB-844x600.png 844w, https:\/\/borderlessmag.org\/wordpress\/wp-content\/uploads\/2024\/09\/ClimateSwingLogoWTAG_RGB-768x546.png 768w\" sizes=\"(min-width: 1450px) 75vw, (min-width: 1000px) 85vw, 100vw\" \/>\r\n         <\/div>\r\n      <\/div><span class=\"media-credit\">Logo design by Kim Jackson.<\/span><\/div><\/div>\n<div class=\"wpb_text_column wpb_content_element \" >\n\t<p>Carmen Barragan remembers the church bells ringing from her village\u2019s plaza in Michoacan, Mexico. She recalls looking out at the bustling courtyard filled with fruit vendors, children playing games and the verdant trees that engulf the plaza in her hometown of Cotija.<\/p>\n<p>That vibrancy is a standard that she hopes to see in outdoor gathering spaces in her neighborhood of Brighton Park on Chicago\u2019s Southwest Side. It led her to become a community organizer focused on promoting health through her neighborhood council.<\/p>\n<p>Her mission: create safe community hubs for her neighbors to use and come together.<\/p>\n<p>But it hasn\u2019t been easy.<\/p>\n<\/div>\n\n\n\n<div class=\"templatera_shortcode\">\n\t\t<div id=\"fws_69ef8dc74073d\"  data-column-margin=\"default\" data-midnight=\"dark\"  class=\"wpb_row vc_row-fluid vc_row vc_row-o-equal-height vc_row-flex vc_row-o-content-middle small\"  style=\"padding-top: 0px; padding-bottom: 0px; \"><div class=\"row-bg-wrap\" data-bg-animation=\"none\" data-bg-animation-delay=\"\" data-bg-overlay=\"false\"><div class=\"inner-wrap row-bg-layer\" ><div class=\"row-bg viewport-desktop\"  style=\"\"><\/div><\/div><\/div><div class=\"row_col_wrap_12 col span_12 dark left\">\n\t<div  class=\"vc_col-sm-12 wpb_column column_container vc_column_container col no-extra-padding inherit_tablet inherit_phone border_color_909090 border_style_solid \"  data-padding-pos=\"all\" data-has-bg-color=\"false\" data-bg-color=\"\" data-bg-opacity=\"1\" data-animation=\"\" data-delay=\"0\" >\n\t\t<div class=\"vc_column-inner\" >\n\t\t\t<div class=\"wpb_wrapper\">\n\t\t\t\t\n\t\t<div id=\"fws_69ef8dc741380\"  data-column-margin=\"default\" data-midnight=\"dark\"  class=\"wpb_row vc_row-fluid vc_row vc_row-o-equal-height vc_row-flex vc_row-o-content-middle large top_margin_20px bottom_margin_20px\"  style=\"padding-top: 0px; padding-bottom: 0px; \"><div class=\"row-bg-wrap\" data-bg-animation=\"none\" data-bg-animation-delay=\"\" data-bg-overlay=\"true\"><div class=\"inner-wrap row-bg-layer\" ><div class=\"row-bg viewport-desktop\"  style=\"\"><\/div><\/div><div class=\"row-bg-overlay row-bg-layer\" style=\"background: #FFFFFF; background: linear-gradient(90deg,#FFFFFF 0%,#FFFFFF 100%);  opacity: 1; \"><\/div><\/div><div class=\"row_col_wrap_12 col span_12 dark left\">\n\t<div  class=\"vc_col-sm-12 wpb_column column_container vc_column_container col padding-3-percent force-phone-text-align-center inherit_tablet inherit_phone border_top_desktop_1px border_bottom_desktop_1px border_color_FFFFFF border_style_solid \"  data-padding-pos=\"all\" data-has-bg-color=\"false\" data-bg-color=\"\" data-bg-opacity=\"1\" data-animation=\"\" data-delay=\"0\" >\n\t\t<div class=\"vc_column-inner\" >\n\t\t\t<div class=\"wpb_wrapper\">\n\t\t\t\t<div id=\"fws_69ef8dc7419f9\" data-midnight=\"\" data-column-margin=\"default\" class=\"wpb_row vc_row-fluid vc_row inner_row vc_row-o-equal-height vc_row-flex vc_row-o-content-middle\"  style=\"\"><div class=\"row-bg-wrap\"> <div class=\"row-bg\" ><\/div> <\/div><div class=\"row_col_wrap_12_inner col span_12  left\">\n\t<div  class=\"vc_col-sm-7 wpb_column column_container vc_column_container col child_column no-extra-padding inherit_tablet inherit_phone \"   data-padding-pos=\"all\" data-has-bg-color=\"false\" data-bg-color=\"\" data-bg-opacity=\"1\" data-animation=\"\" data-delay=\"0\" >\n\t\t<div class=\"vc_column-inner\" >\n\t\t<div class=\"wpb_wrapper\">\n\t\t\t\n<div class=\"wpb_text_column wpb_content_element \" >\n\t<h4 id=\"news-that-puts-power-under-the-spotlight-and-communities-at-the-center\"><strong>News that puts power under the spotlight and communities at the center.<\/strong><\/h4>\n<p>Sign up for our free newsletter and get updates twice a week.<\/p>\n<\/div>\n\n\n\n\n\t\t<\/div> \n\t<\/div>\n\t<\/div> \n\n\t<div style=\"margin-top: -20px; \" class=\"vc_col-sm-5 wpb_column column_container vc_column_container col child_column neg-marg no-extra-padding inherit_tablet inherit_phone \"   data-padding-pos=\"all\" data-has-bg-color=\"false\" data-bg-color=\"\" data-bg-opacity=\"1\" data-animation=\"\" data-delay=\"0\" >\n\t\t<div class=\"vc_column-inner\" >\n\t\t<div class=\"wpb_wrapper\">\n\t\t\t\n\t<div class=\"wpb_raw_code wpb_raw_html wpb_content_element\" >\n\t\t<div class=\"wpb_wrapper\">\n\t\t\t<div class=\"_form_1\"><\/div><script src=\"https:\/\/borderlessmag.bluelena.io\/f\/embed.php?id=1\" charset=\"utf-8\"><\/script>\n\t\t<\/div>\n\t<\/div>\n\n\t\t<\/div> \n\t<\/div>\n\t<\/div> \n<\/div><\/div>\n\t\t\t<\/div> \n\t\t<\/div>\n\t<\/div> \n<\/div><\/div>\n\n\t\t\t<\/div> \n\t\t<\/div>\n\t<\/div> \n<\/div><\/div><\/div><div class=\"img-with-aniamtion-wrap center\" data-max-width=\"100%\" data-max-width-mobile=\"default\" data-shadow=\"none\" data-animation=\"fade-in\"  style=\"margin-top: 3%; margin-bottom: 3%; \">\r\n      <div class=\"inner\">\r\n        <div class=\"hover-wrap\"> \r\n          <div class=\"hover-wrap-inner\">\r\n            <img decoding=\"async\" class=\"img-with-animation skip-lazy \" data-delay=\"0\" height=\"1280\" width=\"1920\" data-animation=\"fade-in\" src=\"https:\/\/borderlessmag.org\/wordpress\/wp-content\/uploads\/2024\/09\/2024_09_17-Chicago-Parks_AC_Web_KellyPark_01.jpg\" alt=\"\" srcset=\"https:\/\/borderlessmag.org\/wordpress\/wp-content\/uploads\/2024\/09\/2024_09_17-Chicago-Parks_AC_Web_KellyPark_01.jpg 1920w, https:\/\/borderlessmag.org\/wordpress\/wp-content\/uploads\/2024\/09\/2024_09_17-Chicago-Parks_AC_Web_KellyPark_01-1536x1024.jpg 1536w, https:\/\/borderlessmag.org\/wordpress\/wp-content\/uploads\/2024\/09\/2024_09_17-Chicago-Parks_AC_Web_KellyPark_01-150x100.jpg 150w, https:\/\/borderlessmag.org\/wordpress\/wp-content\/uploads\/2024\/09\/2024_09_17-Chicago-Parks_AC_Web_KellyPark_01-240x160.jpg 240w, https:\/\/borderlessmag.org\/wordpress\/wp-content\/uploads\/2024\/09\/2024_09_17-Chicago-Parks_AC_Web_KellyPark_01-300x200.jpg 300w, https:\/\/borderlessmag.org\/wordpress\/wp-content\/uploads\/2024\/09\/2024_09_17-Chicago-Parks_AC_Web_KellyPark_01-600x400.jpg 600w, https:\/\/borderlessmag.org\/wordpress\/wp-content\/uploads\/2024\/09\/2024_09_17-Chicago-Parks_AC_Web_KellyPark_01-900x600.jpg 900w, https:\/\/borderlessmag.org\/wordpress\/wp-content\/uploads\/2024\/09\/2024_09_17-Chicago-Parks_AC_Web_KellyPark_01-1200x800.jpg 1200w, https:\/\/borderlessmag.org\/wordpress\/wp-content\/uploads\/2024\/09\/2024_09_17-Chicago-Parks_AC_Web_KellyPark_01-1500x1000.jpg 1500w, https:\/\/borderlessmag.org\/wordpress\/wp-content\/uploads\/2024\/09\/2024_09_17-Chicago-Parks_AC_Web_KellyPark_01-1245x830.jpg 1245w, https:\/\/borderlessmag.org\/wordpress\/wp-content\/uploads\/2024\/09\/2024_09_17-Chicago-Parks_AC_Web_KellyPark_01-768x512.jpg 768w\" sizes=\"(min-width: 1450px) 75vw, (min-width: 1000px) 85vw, 100vw\" \/>\r\n         <\/div>\r\n      <\/div><span class=\"vc_figure-caption ccfic-text media-caption\">Kelly (Edward) Park, which includes a playground, sports fields and mature trees, is seen on Friday, Sept. 13, 2024. For many years, Kelly Park was Brighton Park&#039;s only park. <\/span><span class=\"media-credit\">Max Herman\/Borderless Magazine<\/span><\/div><\/div>\n<div class=\"wpb_text_column wpb_content_element \" >\n\t<p>\u201cI would take my kids to parks in other neighborhoods and see that they are in better conditions, and it seems like people there didn\u2019t have to fight for those parks to be maintained, but here we do,\u201d said Barragan.<\/p>\n<p>Her organizing efforts contributed to multi-year campaigns that led to renovations at Kelly Park, a play area known as Hidden Park and a school playground in Burroughs Elementary School.<\/p>\n<p>This organizing is vital for Barragan\u2019s community.<\/p>\n<p>Brighton Park is one of the <a href=\"https:\/\/climatecentral.observablehq.cloud\/urban-heat-hot-spots\/blocks-map\">hottest neighborhoods in Chicago<\/a>, experiences<a href=\"https:\/\/news.northwestern.edu\/stories\/2023\/09\/chicagos-west-side-is-air-pollution-hotspot\/\"> high levels of air pollution<\/a> and is <a href=\"https:\/\/www.arcgis.com\/apps\/instant\/minimalist\/index.html?appid=29f4fc7d6b8b4c189680987db2aaeb25\">susceptible to flooding<\/a>. Its residents are also among the most <a href=\"https:\/\/chicagohealthatlas.org\/neighborhood\/1714000-58?place=brighton-park&amp;tab=data\">physically inactive.<\/a><\/p>\n<p>At the same time, it lacks a key element to combat these conditions brought on by climate change: substantial green space and parks.<\/p>\n<p>Barragan was happy when the Chicago Park District announced plans to build its headquarters with a park in her neighborhood. The new facility, which includes indoor and outdoor recreation and nature areas, opened in the neighborhood last year \u2014 a significant win for the community known as a <a href=\"https:\/\/www.timeout.com\/chicago\/kids\/activities\/nowhere-to-play\">park desert<\/a>.<\/p>\n<p>Still, the Chicago Park District has a long way to go to help Brighton Park and other neighborhoods catch up with other parts of the city with greater green space access.<\/p>\n<p><a href=\"https:\/\/www.sciencedirect.com\/science\/article\/abs\/pii\/S0169204618304316?via%3Dihub\">Research has shown<\/a> that a lack of access to parks and green spaces isn\u2019t rare for communities with demographics like Brighton Park. The neighborhood comprises mostly low-income residents and a majority Hispanic population.<\/p>\n<p>In a recently published <a href=\"https:\/\/www.sciencedirect.com\/science\/article\/abs\/pii\/S1618866724001304#:~:text=Portland%2C%20Jacksonville%2C%20and%20Seattle%20had,across%20the%20ten%20cities%20examined.\">study<\/a>, researchers examined access and connectivity of green spaces in 10 major cities, including Chicago. The study found that neighborhoods in Chicago with a higher proportion of Hispanic residents are associated with smaller and fewer parks, less vegetation and less connectedness between those spaces than neighborhoods with higher proportions of any other race or ethnicity.<\/p>\n<\/div>\n\n\n\n<div id=\"fws_69ef8dc743508\" data-midnight=\"\" data-column-margin=\"default\" class=\"wpb_row vc_row-fluid vc_row inner_row\"  style=\"\"><div class=\"row-bg-wrap\"> <div class=\"row-bg\" ><\/div> <\/div><div class=\"row_col_wrap_12_inner col span_12  left\">\n\t<div  class=\"vc_col-sm-12 wpb_column column_container vc_column_container col child_column no-extra-padding inherit_tablet inherit_phone border_bottom_desktop_1px border_color_000000 border_style_solid \"   data-padding-pos=\"all\" data-has-bg-color=\"false\" data-bg-color=\"\" data-bg-opacity=\"1\" data-animation=\"\" data-delay=\"0\" >\n\t\t<div class=\"vc_column-inner\" >\n\t\t<div class=\"wpb_wrapper\">\n\t\t\t<div class=\"vc_separator wpb_content_element vc_separator_align_center vc_sep_width_100 vc_sep_pos_align_center vc_sep_color_black wpb_content_element vc_separator-has-text\" ><span class=\"vc_sep_holder vc_sep_holder_l\"><span class=\"vc_sep_line\"><\/span><\/span><h4 id=\"read-more-of-our-coverage\">Read More of Our Coverage<\/h4><span class=\"vc_sep_holder vc_sep_holder_r\"><span class=\"vc_sep_line\"><\/span><\/span>\n<\/div>\n<div class=\"wpb_text_column wpb_content_element \" >\n\t\t\t<div class=\"pk-inline-posts\">\n\t\t\t\n\t\t\t<div class=\"pk-inline-posts-container pk-inline-posts-template-list\"\n\t\t\t\tdata-columns=\"1\">\n\t\t\t\t\t\t<article id=\"post-23258\" class=\"post-23258 post type-post status-publish format-standard has-post-thumbnail category-environmentandhealth tag-tempe\">\n\t\t\t<div class=\"pk-post-outer\">\n\n\t\t\t\t\t\t\t\t<div class=\"pk-post-inner\">\n\t\t\t\t\t<div class=\"entry-thumbnail\">\n\t\t\t\t\t\t<div class=\"pk-overlay pk-overlay-ratio pk-ratio-landscape\">\n\t\t\t\t\t\t\t<div class=\"pk-overlay-background\">\n\t\t\t\t\t\t\t\t<a href=\"https:\/\/borderlessmag.org\/es\/2024\/09\/24\/arizona-climate-change-parks-playgrounds-heat-environmental-justice-safety\/\" class=\"pk-overlay-link\">\n\t\t\t\t\t\t\t\t\t<img decoding=\"async\" width=\"300\" height=\"225\" src=\"https:\/\/borderlessmag.org\/wordpress\/wp-content\/uploads\/2024\/09\/LaylaSlide-300x225.jpg\" class=\"attachment-pk-thumbnail size-pk-thumbnail wp-post-image\" alt=\"\" \/>\t\t\t\t\t\t\t\t<\/a>\n\t\t\t\t\t\t\t<\/div>\n\t\t\t\t\t\t<\/div>\n\t\t\t\t\t<\/div>\n\t\t\t\t<\/div>\n\t\t\t\t\n\t\t\t\t<div class=\"pk-post-inner\">\n\t\t\t\t\t<header>\n\t\t\t\t\t\t<h3 class=\"pk-title\"><a href=\"https:\/\/borderlessmag.org\/es\/2024\/09\/24\/arizona-climate-change-parks-playgrounds-heat-environmental-justice-safety\/\" rel=\"bookmark\">Finding a Fix for Playgrounds That Are Too Hot to Touch<\/a><\/h3>\t\t\t\t\t\t\t<div class=\"pk-post-meta\">\n\t\t\t\t\t\t\t\t<span class=\"pk-meta-author meta-author\"><span class=\"author vcard\"><a class=\"url fn n\" href=\"https:\/\/borderlessmag.org\/es\/author\/wyatt-myskow\/\" title=\"View all posts by Wyatt Myskow Inside Climate News\">Wyatt Myskow Inside Climate News<\/a><\/span><\/span>\t\t\t\t\t\t\t\t<span class=\"sep\">\u00b7<\/span>\n\t\t\t\t\t\t\t\t<span class=\"pk-meta-date meta-date\"><a href=\"https:\/\/borderlessmag.org\/es\/2024\/09\/24\/arizona-climate-change-parks-playgrounds-heat-environmental-justice-safety\/\" rel=\"bookmark\">septiembre 24, 2024<\/a><\/span>\t\t\t\t\t\t\t<\/div>\n\t\t\t\t\t\t\t\t\t\t\t\t<\/header><!-- .entry-header -->\n\t\t\t\t<\/div><!-- .post-inner -->\n\n\t\t\t<\/div><!-- .post-outer -->\n\t\t<\/article>\n\t\t\t\t<\/div>\n\t\t<\/div>\n\t\t\n<\/div>\n\n\n\n\n\t\t<\/div> \n\t<\/div>\n\t<\/div> \n<\/div><\/div>\n<div class=\"wpb_text_column wpb_content_element \" >\n\t<p>The research highlighted that larger and better-connected trees and green areas are essential for helping urban communities respond and recover from the <a href=\"https:\/\/nca2018.globalchange.gov\/chapter\/21\/\">effects of climate change<\/a>, including more frequent heavy rain events, poor air quality days and extreme heat. Green spaces can lower air temperature, improve air quality and absorb floodwater.<\/p>\n<p>Disparities in green space connectivity can affect the extent of these benefits for nearby communities, according to the new study co-authored by Michelle Stuhlmacher, assistant professor of geography at DePaul University.<\/p>\n<p>Barragan notices daily the difference the study points to in her city. \u201cWe need to be more equitable,\u201d she said. \u201cWe all deserve the same opportunities as those in the south and north.\u201d<\/p>\n<h2 id=\"uneven-distribution-of-green-space-and-parks-in-latino-communities\">Uneven distribution of green space and parks in Latino communities<\/h2>\n<p>Chicago fares pretty well compared to other cities when it comes to average accessibility to parks. Data from the <a href=\"https:\/\/www.tpl.org\/city\/chicago-illinois\">Trust for Public Lands<\/a> shows that 98% of Chicago&#8217;s population lives within close proximity to a park<b>. <\/b>However, access to parks is not evenly distributed across the city, with Hispanic and Latino neighborhoods having 41% less access to parks than the average Chicagoan.<\/p>\n<p>Stuhlmacher noted that having a park nearby doesn\u2019t necessarily mean access to substantial tree canopy coverage and vegetation.<\/p>\n<\/div>\n\n\n\n<div class=\"img-with-aniamtion-wrap center\" data-max-width=\"100%\" data-max-width-mobile=\"default\" data-shadow=\"none\" data-animation=\"fade-in\"  style=\"margin-top: 3%; margin-bottom: 3%; \">\r\n      <div class=\"inner\">\r\n        <div class=\"hover-wrap\"> \r\n          <div class=\"hover-wrap-inner\">\r\n            <img decoding=\"async\" class=\"img-with-animation skip-lazy \" data-delay=\"0\" height=\"1280\" width=\"1920\" data-animation=\"fade-in\" src=\"https:\/\/borderlessmag.org\/wordpress\/wp-content\/uploads\/2024\/09\/2024_09_17-Chicago-Parks_MH_Web_MichelleStuhlmacher.jpg\" alt=\"\" srcset=\"https:\/\/borderlessmag.org\/wordpress\/wp-content\/uploads\/2024\/09\/2024_09_17-Chicago-Parks_MH_Web_MichelleStuhlmacher.jpg 1920w, https:\/\/borderlessmag.org\/wordpress\/wp-content\/uploads\/2024\/09\/2024_09_17-Chicago-Parks_MH_Web_MichelleStuhlmacher-1536x1024.jpg 1536w, https:\/\/borderlessmag.org\/wordpress\/wp-content\/uploads\/2024\/09\/2024_09_17-Chicago-Parks_MH_Web_MichelleStuhlmacher-150x100.jpg 150w, https:\/\/borderlessmag.org\/wordpress\/wp-content\/uploads\/2024\/09\/2024_09_17-Chicago-Parks_MH_Web_MichelleStuhlmacher-240x160.jpg 240w, https:\/\/borderlessmag.org\/wordpress\/wp-content\/uploads\/2024\/09\/2024_09_17-Chicago-Parks_MH_Web_MichelleStuhlmacher-300x200.jpg 300w, https:\/\/borderlessmag.org\/wordpress\/wp-content\/uploads\/2024\/09\/2024_09_17-Chicago-Parks_MH_Web_MichelleStuhlmacher-600x400.jpg 600w, https:\/\/borderlessmag.org\/wordpress\/wp-content\/uploads\/2024\/09\/2024_09_17-Chicago-Parks_MH_Web_MichelleStuhlmacher-900x600.jpg 900w, https:\/\/borderlessmag.org\/wordpress\/wp-content\/uploads\/2024\/09\/2024_09_17-Chicago-Parks_MH_Web_MichelleStuhlmacher-1200x800.jpg 1200w, https:\/\/borderlessmag.org\/wordpress\/wp-content\/uploads\/2024\/09\/2024_09_17-Chicago-Parks_MH_Web_MichelleStuhlmacher-1500x1000.jpg 1500w, https:\/\/borderlessmag.org\/wordpress\/wp-content\/uploads\/2024\/09\/2024_09_17-Chicago-Parks_MH_Web_MichelleStuhlmacher-1245x830.jpg 1245w, https:\/\/borderlessmag.org\/wordpress\/wp-content\/uploads\/2024\/09\/2024_09_17-Chicago-Parks_MH_Web_MichelleStuhlmacher-768x512.jpg 768w\" sizes=\"(min-width: 1450px) 75vw, (min-width: 1000px) 85vw, 100vw\" \/>\r\n         <\/div>\r\n      <\/div><span class=\"vc_figure-caption ccfic-text media-caption\">Michelle Stuhlmacher, assistant professor of geography at DePaul University, stands in the courtyard of Chicago Park District\u2019s new headquarters in Brighton Park on Friday, Sept. 13, 2024. Stuhlmacher recently published a study that found disparities in green space connectivity. Max Herman\/Borderless Magazine<\/span><span class=\"media-credit\">Max Herman\/Borderless Magazine<\/span><\/div><\/div>\n\t\t\t<\/div> \n\t\t<\/div>\n\t<\/div> \n\n\t<div  class=\"vc_col-sm-2 vc_hidden-sm vc_hidden-xs wpb_column column_container vc_column_container col no-extra-padding inherit_tablet inherit_phone \"  data-padding-pos=\"all\" data-has-bg-color=\"false\" data-bg-color=\"\" data-bg-opacity=\"1\" data-animation=\"\" data-delay=\"0\" >\n\t\t<div class=\"vc_column-inner\" >\n\t\t\t<div class=\"wpb_wrapper\">\n\t\t\t\t\n\t\t\t<\/div> \n\t\t<\/div>\n\t<\/div> \n<\/div><\/div>\n\t\t<div id=\"fws_69ef8dc747763\"  data-column-margin=\"default\" data-midnight=\"dark\"  class=\"wpb_row vc_row-fluid vc_row\"  style=\"padding-top: 0px; padding-bottom: 0px; \"><div class=\"row-bg-wrap\" data-bg-animation=\"none\" data-bg-animation-delay=\"\" data-bg-overlay=\"false\"><div class=\"inner-wrap row-bg-layer\" ><div class=\"row-bg viewport-desktop\"  style=\"\"><\/div><\/div><\/div><div class=\"row_col_wrap_12 col span_12 dark left\">\n\t<div  class=\"vc_col-sm-2 vc_hidden-sm vc_hidden-xs wpb_column column_container vc_column_container col no-extra-padding inherit_tablet inherit_phone \"  data-padding-pos=\"all\" data-has-bg-color=\"false\" data-bg-color=\"\" data-bg-opacity=\"1\" data-animation=\"\" data-delay=\"0\" >\n\t\t<div class=\"vc_column-inner\" >\n\t\t\t<div class=\"wpb_wrapper\">\n\t\t\t\t\n\t\t\t<\/div> \n\t\t<\/div>\n\t<\/div> \n\n\t<div  class=\"vc_col-sm-8 wpb_column column_container vc_column_container col padding-3-percent inherit_tablet inherit_phone \"  data-padding-pos=\"all\" data-has-bg-color=\"false\" data-bg-color=\"\" data-bg-opacity=\"1\" data-animation=\"\" data-delay=\"0\" >\n\t\t<div class=\"vc_column-inner\" >\n\t\t\t<div class=\"wpb_wrapper\">\n\t\t\t\t\n<div class=\"wpb_text_column wpb_content_element \" >\n\t<p>Her study found that some densely populated and more affluent areas, like Fulton Market and the Near North Side, also have low levels of green space, parks and tree canopy. However, the study identified nearly half of the areas with significantly low clusters of green spaces are in majority-Hispanic neighborhoods like Brighton Park, Belmont Cragin, Pilsen and West Elsdon.<\/p>\n<p>For example, some parts of Chicago, like Lincoln Park, have over 30% tree canopy coverage, while <a href=\"https:\/\/chicagorti.org\/app\/uploads\/2022\/09\/BrightonParkSummary.pdf\">Brighton Park has 12%<\/a>. The Southwest Side neighborhood is about 80% Hispanic, with more than 40% foreign-born residents.<\/p>\n<p>According to the study, large tree canopy clusters are concentrated in Chicago&#8217;s outer edges, on the far North and Far South Sides, due to their lower population density and larger parks. Neighborhoods in the West, Northwest and Southwest Sides with a majority Hispanic population tend to have smaller and less connected patches of green space.<\/p>\n<p>Several of these majority-Hispanic neighborhoods are also communities that were historically redlined. According to the <a href=\"https:\/\/ejscreen.epa.gov\/mapper\/\">Environmental Protection Agency\u2019s environmental justice mapping and screening tool<\/a>, they face economic hardship and additional environmental burdens exacerbated by climate change, like higher temperatures, poor air quality and susceptibility to flooding.<\/p>\n<p>In recent years, the city&#8217;s investments have reduced this disparity, including building the new park district headquarters in Brighton Park with climate change in mind.<\/p>\n<p>The Chicago Park District did not respond to questions from Borderless Magazine.<\/p>\n<p>Barragan said that sometimes people don\u2019t understand how vital parks and green spaces are in fostering healthier and more connected communities.<\/p>\n<p>A more robust community network, like the one Barragan is fostering, can encourage collaboration and resource-sharing during emergencies, making them better equipped to respond to and recover from climate challenges, said Sara McTarnaghan, a principal research associate at the Urban Institute.<\/p>\n<h2 id=\"a-community-campaign-for-more-green-space\">A community campaign for more green space<\/h2>\n<p>Barragan moved from Mexico to Brighton Park in 1999. At the time, she was recently married with two children and another on the way. She described culture shock in those early days. She didn\u2019t speak English, felt unsafe, didn\u2019t know anyone in the city and lacked a space in the neighborhood to meet people.<\/p>\n<p>A few years after settling in, she discovered the Brighton Park Neighborhood Council through her children\u2019s school, Burroughs Elementary. She volunteered to fundraise for a community gathering \u2014 the first time she felt part of a community since leaving Michoacan.<\/p>\n<p>\u201cI had fallen into a depression, but the feeling of being a part of a community helped me get out of it,\u201d she said.<\/p>\n<p>Over the last decade, she\u2019s organized programs focused on community health for the neighborhood council, including advocating for city investment in parks in the neighborhood.<\/p>\n<\/div>\n\n\n\n\n\t\t\t<\/div> \n\t\t<\/div>\n\t<\/div> \n\n\t<div  class=\"vc_col-sm-2 vc_hidden-sm vc_hidden-xs wpb_column column_container vc_column_container col no-extra-padding inherit_tablet inherit_phone \"  data-padding-pos=\"all\" data-has-bg-color=\"false\" data-bg-color=\"\" data-bg-opacity=\"1\" data-animation=\"\" data-delay=\"0\" >\n\t\t<div class=\"vc_column-inner\" >\n\t\t\t<div class=\"wpb_wrapper\">\n\t\t\t\t\n\t<div class=\"wpb_widgetised_column wpb_content_element\">\n\t\t<div id=\"sidebar\" data-nectar-ss=\"true\" class=\"wpb_wrapper\">\n\t\t\t<div id=\"custom_html-4 1articleright\" class=\"widget_text widget widget_custom_html\"><h3 id=\"wordpress-popular-posts\" class=\"widget-title\">WordPress Popular Posts<\/h3><div class=\"textwidget custom-html-widget\"><h4 id=\"trending-posts\" class=\"widget-title\">Trending Posts<\/h4><div class=\"wpp-shortcode\"><script type=\"application\/json\" data-id=\"wpp-shortcode-inline-js\">{\"title\":\"Trending Posts\",\"limit\":\"3\",\"offset\":0,\"range\":\"custom\",\"time_quantity\":\"124\",\"time_unit\":\"day\",\"freshness\":\"1\",\"order_by\":\"views\",\"post_type\":\"post\",\"pid\":\"\",\"exclude\":\"\",\"cat\":\"\",\"taxonomy\":\"category\",\"term_id\":\"\",\"author\":\"\",\"shorten_title\":{\"active\":false,\"length\":0,\"words\":false},\"post-excerpt\":{\"active\":false,\"length\":0,\"keep_format\":false,\"words\":false},\"thumbnail\":{\"active\":true,\"build\":\"predefined\",\"width\":\"240\",\"height\":\"160\"},\"rating\":false,\"stats_tag\":{\"comment_count\":false,\"views\":false,\"author\":false,\"date\":{\"active\":false,\"format\":\"F j, Y\"},\"category\":false,\"taxonomy\":{\"active\":false,\"name\":\"category\"}},\"markup\":{\"custom_html\":true,\"wpp-start\":\"&lt;ul class=&quot;wpp-list wpp-cardview&quot;&gt;\",\"wpp-end\":\"&lt;\\\/ul&gt;\",\"title-start\":\"&lt;h4 class=&quot;widget-title&quot;&gt;\",\"title-end\":\"&lt;\\\/h4&gt;\",\"post-html\":\"&lt;li&gt;{thumb} {title} {stats}&lt;\\\/li&gt;\"},\"theme\":{\"name\":\"\"}}<\/script><div class=\"wpp-shortcode-placeholder\"><\/div><\/div><\/div><\/div>\n\t\t<\/div> \n\t<\/div> \n\t\t\t<\/div> \n\t\t<\/div>\n\t<\/div> \n<\/div><\/div>\n\t\t<div id=\"fws_69ef8dc748e26\"  data-column-margin=\"default\" data-midnight=\"dark\"  class=\"wpb_row vc_row-fluid vc_row article-image\"  style=\"padding-top: 0px; padding-bottom: 0px; \"><div class=\"row-bg-wrap\" data-bg-animation=\"none\" data-bg-animation-delay=\"\" data-bg-overlay=\"false\"><div class=\"inner-wrap row-bg-layer\" ><div class=\"row-bg viewport-desktop\"  style=\"\"><\/div><\/div><\/div><div class=\"row_col_wrap_12 col span_12 dark left\">\n\t<div  class=\"vc_col-sm-12 wpb_column column_container vc_column_container col no-extra-padding inherit_tablet inherit_phone \"  data-padding-pos=\"all\" data-has-bg-color=\"false\" data-bg-color=\"\" data-bg-opacity=\"1\" data-animation=\"\" data-delay=\"0\" >\n\t\t<div class=\"vc_column-inner\" >\n\t\t\t<div class=\"wpb_wrapper\">\n\t\t\t\t<div class=\"img-with-aniamtion-wrap center\" data-max-width=\"100%\" data-max-width-mobile=\"default\" data-shadow=\"none\" data-animation=\"fade-in\" >\r\n      <div class=\"inner\">\r\n        <div class=\"hover-wrap\"> \r\n          <div class=\"hover-wrap-inner\">\r\n            <img decoding=\"async\" class=\"img-with-animation skip-lazy \" data-delay=\"0\" height=\"1280\" width=\"1920\" data-animation=\"fade-in\" src=\"https:\/\/borderlessmag.org\/wordpress\/wp-content\/uploads\/2024\/09\/2024_09_17-Chicago-Parks_AC_Web_KellyPark_02-1.jpg\" alt=\"\" srcset=\"https:\/\/borderlessmag.org\/wordpress\/wp-content\/uploads\/2024\/09\/2024_09_17-Chicago-Parks_AC_Web_KellyPark_02-1.jpg 1920w, https:\/\/borderlessmag.org\/wordpress\/wp-content\/uploads\/2024\/09\/2024_09_17-Chicago-Parks_AC_Web_KellyPark_02-1-1536x1024.jpg 1536w, https:\/\/borderlessmag.org\/wordpress\/wp-content\/uploads\/2024\/09\/2024_09_17-Chicago-Parks_AC_Web_KellyPark_02-1-150x100.jpg 150w, https:\/\/borderlessmag.org\/wordpress\/wp-content\/uploads\/2024\/09\/2024_09_17-Chicago-Parks_AC_Web_KellyPark_02-1-240x160.jpg 240w, https:\/\/borderlessmag.org\/wordpress\/wp-content\/uploads\/2024\/09\/2024_09_17-Chicago-Parks_AC_Web_KellyPark_02-1-300x200.jpg 300w, https:\/\/borderlessmag.org\/wordpress\/wp-content\/uploads\/2024\/09\/2024_09_17-Chicago-Parks_AC_Web_KellyPark_02-1-600x400.jpg 600w, https:\/\/borderlessmag.org\/wordpress\/wp-content\/uploads\/2024\/09\/2024_09_17-Chicago-Parks_AC_Web_KellyPark_02-1-900x600.jpg 900w, https:\/\/borderlessmag.org\/wordpress\/wp-content\/uploads\/2024\/09\/2024_09_17-Chicago-Parks_AC_Web_KellyPark_02-1-1200x800.jpg 1200w, https:\/\/borderlessmag.org\/wordpress\/wp-content\/uploads\/2024\/09\/2024_09_17-Chicago-Parks_AC_Web_KellyPark_02-1-1500x1000.jpg 1500w, https:\/\/borderlessmag.org\/wordpress\/wp-content\/uploads\/2024\/09\/2024_09_17-Chicago-Parks_AC_Web_KellyPark_02-1-1245x830.jpg 1245w, https:\/\/borderlessmag.org\/wordpress\/wp-content\/uploads\/2024\/09\/2024_09_17-Chicago-Parks_AC_Web_KellyPark_02-1-768x512.jpg 768w\" sizes=\"(min-width: 1450px) 75vw, (min-width: 1000px) 85vw, 100vw\" \/>\r\n         <\/div>\r\n      <\/div><span class=\"vc_figure-caption ccfic-text media-caption\">N\u2019dyia Mahon sits on the bleachers at Kelly Park after flag football practice on Tuesday, Aug. 13, 2024. Aydali Campa\/Borderless Magazine<\/span><span class=\"media-credit\">Aydali Campa\/Borderless Magazine<\/span><\/div><\/div>\n\t\t\t<\/div> \n\t\t<\/div>\n\t<\/div> \n<\/div><\/div>\n\t\t<div id=\"fws_69ef8dc749aeb\"  data-column-margin=\"default\" data-midnight=\"dark\"  class=\"wpb_row vc_row-fluid vc_row\"  style=\"padding-top: 0px; padding-bottom: 0px; \"><div class=\"row-bg-wrap\" data-bg-animation=\"none\" data-bg-animation-delay=\"\" data-bg-overlay=\"false\"><div class=\"inner-wrap row-bg-layer\" ><div class=\"row-bg viewport-desktop\"  style=\"\"><\/div><\/div><\/div><div class=\"row_col_wrap_12 col span_12 dark left\">\n\t<div  class=\"vc_col-sm-2 vc_hidden-sm vc_hidden-xs wpb_column column_container vc_column_container col no-extra-padding inherit_tablet inherit_phone \"  data-padding-pos=\"all\" data-has-bg-color=\"false\" data-bg-color=\"\" data-bg-opacity=\"1\" data-animation=\"\" data-delay=\"0\" >\n\t\t<div class=\"vc_column-inner\" >\n\t\t\t<div class=\"wpb_wrapper\">\n\t\t\t\t\n\t\t\t<\/div> \n\t\t<\/div>\n\t<\/div> \n\n\t<div  class=\"vc_col-sm-8 wpb_column column_container vc_column_container col padding-3-percent inherit_tablet inherit_phone \"  data-padding-pos=\"all\" data-has-bg-color=\"false\" data-bg-color=\"\" data-bg-opacity=\"1\" data-animation=\"\" data-delay=\"0\" >\n\t\t<div class=\"vc_column-inner\" >\n\t\t\t<div class=\"wpb_wrapper\">\n\t\t\t\t\n<div class=\"wpb_text_column wpb_content_element \" >\n\t<p>In 2011, she led efforts to push the city to renovate Kelly Park \u2014 the neighborhood\u2019s only park. More than 300 Brighton Park residents gathered in the basement of St. Pancratius Catholic Church to discuss the park\u2019s problems. Residents wanted a place for their kids to relax and play safely. Kelly Park wasn\u2019t cutting it, Barragan said.<\/p>\n<p>Brighton Park Neighborhood Advisory Council members recall Kelly Park&#8217;s dilapidated playground, crumbling turf and flooding after rain because of poor drainage.<\/p>\n<p>\u201cIt would turn into a swamp after it rained,\u201d said the executive director of the neighborhood council, Patrick Brosnan.<\/p>\n<p>\u201cWe basically didn\u2019t have a green space in Brighton Park,\u201d said Sara Reschly, former Kelly Park Advisory Council president.<\/p>\n<p>For community members like Barragan, that meant driving her kids to parks in other neighborhoods to play soccer.<\/p>\n<p>The meetings kicked off a community-wide effort to pressure the city to significantly improve the park. They knocked on doors, held meetings, fundraised, and attended Park District budget meetings. They called out the city\u2019s inequitable distribution of investments in Chicago\u2019s North Side parks, some of which have bountiful vegetation, new fieldhouses, and well-maintained play fields, said Barragan.<\/p>\n<p>A <a href=\"https:\/\/www.chicagotribune.com\/2011\/10\/09\/cramped-chicago-half-of-citys-27-million-people-live-in-park-poor-areas\/\">2011 Chicago Tribune report<\/a> about the unequal distribution of quality parks in Chicago and the campaign to renovate Kelly Park highlighted Brighton Park as \u201cpark poor.\u201d<\/p>\n<p>The neighborhood campaign raised about $2 million and ultimately secured the support of the Chicago Park District to renovate the park. Kelly Park was renovated in 2015, with two added soccer fields, a new playground, refurbished baseball fields, updated drainage, renovated basketball courts, and restored landscaping.<\/p>\n<p>More than a decade later, the Chicago Park District relocated its new headquarters with a sprawling park in the neighborhood last year. According to the <a href=\"https:\/\/www.chicagoparkdistrict.com\/parks-facilities\/brighton-park-community-campus-park-no-596\">Chicago Park District<\/a>, the location was selected as part of the city\u2019s effort to prioritize investing in communities and the community&#8217;s need for more open space.<\/p>\n<\/div>\n\n\n\n\n\t\t\t<\/div> \n\t\t<\/div>\n\t<\/div> \n\n\t<div  class=\"vc_col-sm-2 vc_hidden-sm vc_hidden-xs wpb_column column_container vc_column_container col no-extra-padding inherit_tablet inherit_phone \"  data-padding-pos=\"all\" data-has-bg-color=\"false\" data-bg-color=\"\" data-bg-opacity=\"1\" data-animation=\"\" data-delay=\"0\" >\n\t\t<div class=\"vc_column-inner\" >\n\t\t\t<div class=\"wpb_wrapper\">\n\t\t\t\t\n\t\t\t<\/div> \n\t\t<\/div>\n\t<\/div> \n<\/div><\/div>\n\t\t<div id=\"fws_69ef8dc74aa53\"  data-column-margin=\"default\" data-midnight=\"dark\"  class=\"wpb_row vc_row-fluid vc_row article-image\"  style=\"padding-top: 0px; padding-bottom: 0px; \"><div class=\"row-bg-wrap\" data-bg-animation=\"none\" data-bg-animation-delay=\"\" data-bg-overlay=\"false\"><div class=\"inner-wrap row-bg-layer\" ><div class=\"row-bg viewport-desktop\"  style=\"\"><\/div><\/div><\/div><div class=\"row_col_wrap_12 col span_12 dark left\">\n\t<div  class=\"vc_col-sm-12 wpb_column column_container vc_column_container col no-extra-padding inherit_tablet inherit_phone \"  data-padding-pos=\"all\" data-has-bg-color=\"false\" data-bg-color=\"\" data-bg-opacity=\"1\" data-animation=\"\" data-delay=\"0\" >\n\t\t<div class=\"vc_column-inner\" >\n\t\t\t<div class=\"wpb_wrapper\">\n\t\t\t\t<div class=\"img-with-aniamtion-wrap center\" data-max-width=\"100%\" data-max-width-mobile=\"default\" data-shadow=\"none\" data-animation=\"fade-in\" >\r\n      <div class=\"inner\">\r\n        <div class=\"hover-wrap\"> \r\n          <div class=\"hover-wrap-inner\">\r\n            <img decoding=\"async\" class=\"img-with-animation skip-lazy \" data-delay=\"0\" height=\"1280\" width=\"1920\" data-animation=\"fade-in\" src=\"https:\/\/borderlessmag.org\/wordpress\/wp-content\/uploads\/2024\/09\/2024_09_17-Chicago-Parks_MH_Web_Park596.jpg\" alt=\"\" srcset=\"https:\/\/borderlessmag.org\/wordpress\/wp-content\/uploads\/2024\/09\/2024_09_17-Chicago-Parks_MH_Web_Park596.jpg 1920w, https:\/\/borderlessmag.org\/wordpress\/wp-content\/uploads\/2024\/09\/2024_09_17-Chicago-Parks_MH_Web_Park596-1536x1024.jpg 1536w, https:\/\/borderlessmag.org\/wordpress\/wp-content\/uploads\/2024\/09\/2024_09_17-Chicago-Parks_MH_Web_Park596-150x100.jpg 150w, https:\/\/borderlessmag.org\/wordpress\/wp-content\/uploads\/2024\/09\/2024_09_17-Chicago-Parks_MH_Web_Park596-240x160.jpg 240w, https:\/\/borderlessmag.org\/wordpress\/wp-content\/uploads\/2024\/09\/2024_09_17-Chicago-Parks_MH_Web_Park596-300x200.jpg 300w, https:\/\/borderlessmag.org\/wordpress\/wp-content\/uploads\/2024\/09\/2024_09_17-Chicago-Parks_MH_Web_Park596-600x400.jpg 600w, https:\/\/borderlessmag.org\/wordpress\/wp-content\/uploads\/2024\/09\/2024_09_17-Chicago-Parks_MH_Web_Park596-900x600.jpg 900w, https:\/\/borderlessmag.org\/wordpress\/wp-content\/uploads\/2024\/09\/2024_09_17-Chicago-Parks_MH_Web_Park596-1200x800.jpg 1200w, https:\/\/borderlessmag.org\/wordpress\/wp-content\/uploads\/2024\/09\/2024_09_17-Chicago-Parks_MH_Web_Park596-1500x1000.jpg 1500w, https:\/\/borderlessmag.org\/wordpress\/wp-content\/uploads\/2024\/09\/2024_09_17-Chicago-Parks_MH_Web_Park596-1245x830.jpg 1245w, https:\/\/borderlessmag.org\/wordpress\/wp-content\/uploads\/2024\/09\/2024_09_17-Chicago-Parks_MH_Web_Park596-768x512.jpg 768w\" sizes=\"(min-width: 1450px) 75vw, (min-width: 1000px) 85vw, 100vw\" \/>\r\n         <\/div>\r\n      <\/div><span class=\"vc_figure-caption ccfic-text media-caption\">The Chicago Park District opened its new headquarters in Brighton Park along with a 17-acre park and a field house. <\/span><span class=\"media-credit\">Max Herman\/Borderless Magazine<\/span><\/div><\/div>\n\t\t\t<\/div> \n\t\t<\/div>\n\t<\/div> \n<\/div><\/div>\n\t\t<div id=\"fws_69ef8dc74b6e5\"  data-column-margin=\"default\" data-midnight=\"dark\"  class=\"wpb_row vc_row-fluid vc_row\"  style=\"padding-top: 0px; padding-bottom: 0px; \"><div class=\"row-bg-wrap\" data-bg-animation=\"none\" data-bg-animation-delay=\"\" data-bg-overlay=\"false\"><div class=\"inner-wrap row-bg-layer\" ><div class=\"row-bg viewport-desktop\"  style=\"\"><\/div><\/div><\/div><div class=\"row_col_wrap_12 col span_12 dark left\">\n\t<div  class=\"vc_col-sm-2 vc_hidden-sm vc_hidden-xs wpb_column column_container vc_column_container col no-extra-padding inherit_tablet inherit_phone \"  data-padding-pos=\"all\" data-has-bg-color=\"false\" data-bg-color=\"\" data-bg-opacity=\"1\" data-animation=\"\" data-delay=\"0\" >\n\t\t<div class=\"vc_column-inner\" >\n\t\t\t<div class=\"wpb_wrapper\">\n\t\t\t\t\n\t\t\t<\/div> \n\t\t<\/div>\n\t<\/div> \n\n\t<div  class=\"vc_col-sm-8 wpb_column column_container vc_column_container col padding-3-percent inherit_tablet inherit_phone \"  data-padding-pos=\"all\" data-has-bg-color=\"false\" data-bg-color=\"\" data-bg-opacity=\"1\" data-animation=\"\" data-delay=\"0\" >\n\t\t<div class=\"vc_column-inner\" >\n\t\t\t<div class=\"wpb_wrapper\">\n\t\t\t\t\n<div class=\"wpb_text_column wpb_content_element \" >\n\t<p>Brighton Park Community Campus <a href=\"https:\/\/blockclubchicago.org\/2018\/09\/07\/park-district-headquarters-move-to-brighton-park-means-new-fields-a-spray-pool-and-more\/\">spans 17 acres and was built<\/a> on a vacant lot, formerly home to a number of factories and processing facilities. According to the Chicago Park District, the park was designed to have \u201cminimal impact on the environment,\u201d with an energy-efficient facility for both the park district headquarters and a fieldhouse for public use. It also features native gardens, trees and grasses to absorb stormwater and reduce the effect of urban heat islands.<\/p>\n<p>The new park is also part of a larger effort by the city to address disparities in quality park and green space access, according to the Chicago Park District\u2019s <a href=\"https:\/\/assets.chicagoparkdistrict.com\/s3fs-public\/documents\/departments\/Capital%20%26%20Planning\/CIP%20Plan\/2021\/2021-2025%20Capital%20Improvement%20Plan.pdf\">Capital Improvement Plan<\/a>. In recent years, the city has committed millions of dollars to expand natural areas, create <a href=\"https:\/\/www.chicagoparkdistrict.com\/about-us\/news\/chicago-park-district-kicks-its-2024-capital-construction-season-bringing-100-million\">new and improved fieldhouses<\/a>, build <a href=\"https:\/\/www.spacetogrowchicago.org\/about\/school-profiles\/nathan-s-davis-elementary-school\/\">climate-resilient playgrounds<\/a> and <a href=\"https:\/\/www.chicago.gov\/city\/en\/depts\/mayor\/press_room\/press_releases\/2022\/april\/TreeEquityInitiative.html\">plant 75,000 trees by 2027<\/a>.<\/p>\n<p>This year, Chicago moved up in rankings <a href=\"https:\/\/parkserve.tpl.org\/downloads\/historic\/2014_ParkScoreRank.pdf\">from 16th<\/a> place <a href=\"https:\/\/www.tpl.org\/parkscore\/rankings\">to 10th<\/a> when it comes to access to parks among major cities in the U.S., according to an annual analysis by the Trust for Public Land.<\/p>\n<p>Still, Stuhlmacher said that to address the gap in green spaces, the city needs to focus efforts on communities that lack these spaces and face environmental burdens because they need these benefits the most.<\/p>\n<p>She said planting more trees soon and where possible is critical in densely populated neighborhoods with limited space in large vacant lots, like Brighton Park. It takes years for trees to reach the level of growth that provides the most environmental benefits.<\/p>\n<h2 id=\"who-will-look-after-our-parks\">Who will look after our parks?<\/h2>\n<p>Less than two miles north of Kelly Park, Wence Garcia brings his 8-year-old twin daughters to La Villita Park multiple times a week. They enjoy the playground and run through the splash pad on sweltering days.<\/p>\n<p>If they get there early enough, at around noon, it&#8217;s peaceful before the bigger kids arrive.<\/p>\n<p>\u201cI like that it\u2019s very clean,\u201d said Garcia, who often sees people cleaning the park.<\/p>\n<\/div>\n\n\n\n\n\t\t\t<\/div> \n\t\t<\/div>\n\t<\/div> \n\n\t<div  class=\"vc_col-sm-2 vc_hidden-sm vc_hidden-xs wpb_column column_container vc_column_container col no-extra-padding inherit_tablet inherit_phone \"  data-padding-pos=\"all\" data-has-bg-color=\"false\" data-bg-color=\"\" data-bg-opacity=\"1\" data-animation=\"\" data-delay=\"0\" >\n\t\t<div class=\"vc_column-inner\" >\n\t\t\t<div class=\"wpb_wrapper\">\n\t\t\t\t\n\t\t\t<\/div> \n\t\t<\/div>\n\t<\/div> \n<\/div><\/div>\n\t\t<div id=\"fws_69ef8dc74c68c\"  data-column-margin=\"default\" data-midnight=\"dark\"  class=\"wpb_row vc_row-fluid vc_row article-image\"  style=\"padding-top: 0px; padding-bottom: 0px; \"><div class=\"row-bg-wrap\" data-bg-animation=\"none\" data-bg-animation-delay=\"\" data-bg-overlay=\"false\"><div class=\"inner-wrap row-bg-layer\" ><div class=\"row-bg viewport-desktop\"  style=\"\"><\/div><\/div><\/div><div class=\"row_col_wrap_12 col span_12 dark left\">\n\t<div  class=\"vc_col-sm-12 wpb_column column_container vc_column_container col no-extra-padding inherit_tablet inherit_phone \"  data-padding-pos=\"all\" data-has-bg-color=\"false\" data-bg-color=\"\" data-bg-opacity=\"1\" data-animation=\"\" data-delay=\"0\" >\n\t\t<div class=\"vc_column-inner\" >\n\t\t\t<div class=\"wpb_wrapper\">\n\t\t\t\t<div class=\"img-with-aniamtion-wrap center\" data-max-width=\"100%\" data-max-width-mobile=\"default\" data-shadow=\"none\" data-animation=\"fade-in\" >\r\n      <div class=\"inner\">\r\n        <div class=\"hover-wrap\"> \r\n          <div class=\"hover-wrap-inner\">\r\n            <img decoding=\"async\" class=\"img-with-animation skip-lazy \" data-delay=\"0\" height=\"1280\" width=\"1920\" data-animation=\"fade-in\" src=\"https:\/\/borderlessmag.org\/wordpress\/wp-content\/uploads\/2024\/09\/2024_09_17-Chicago-Parks_AC_Web_LaVillita.jpg\" alt=\"\" srcset=\"https:\/\/borderlessmag.org\/wordpress\/wp-content\/uploads\/2024\/09\/2024_09_17-Chicago-Parks_AC_Web_LaVillita.jpg 1920w, https:\/\/borderlessmag.org\/wordpress\/wp-content\/uploads\/2024\/09\/2024_09_17-Chicago-Parks_AC_Web_LaVillita-1536x1024.jpg 1536w, https:\/\/borderlessmag.org\/wordpress\/wp-content\/uploads\/2024\/09\/2024_09_17-Chicago-Parks_AC_Web_LaVillita-150x100.jpg 150w, https:\/\/borderlessmag.org\/wordpress\/wp-content\/uploads\/2024\/09\/2024_09_17-Chicago-Parks_AC_Web_LaVillita-240x160.jpg 240w, https:\/\/borderlessmag.org\/wordpress\/wp-content\/uploads\/2024\/09\/2024_09_17-Chicago-Parks_AC_Web_LaVillita-300x200.jpg 300w, https:\/\/borderlessmag.org\/wordpress\/wp-content\/uploads\/2024\/09\/2024_09_17-Chicago-Parks_AC_Web_LaVillita-600x400.jpg 600w, https:\/\/borderlessmag.org\/wordpress\/wp-content\/uploads\/2024\/09\/2024_09_17-Chicago-Parks_AC_Web_LaVillita-900x600.jpg 900w, https:\/\/borderlessmag.org\/wordpress\/wp-content\/uploads\/2024\/09\/2024_09_17-Chicago-Parks_AC_Web_LaVillita-1200x800.jpg 1200w, https:\/\/borderlessmag.org\/wordpress\/wp-content\/uploads\/2024\/09\/2024_09_17-Chicago-Parks_AC_Web_LaVillita-1500x1000.jpg 1500w, https:\/\/borderlessmag.org\/wordpress\/wp-content\/uploads\/2024\/09\/2024_09_17-Chicago-Parks_AC_Web_LaVillita-1245x830.jpg 1245w, https:\/\/borderlessmag.org\/wordpress\/wp-content\/uploads\/2024\/09\/2024_09_17-Chicago-Parks_AC_Web_LaVillita-768x512.jpg 768w\" sizes=\"(min-width: 1450px) 75vw, (min-width: 1000px) 85vw, 100vw\" \/>\r\n         <\/div>\r\n      <\/div><span class=\"vc_figure-caption ccfic-text media-caption\">Kids play at a playground in La Villita Park on Tuesday, Aug. 13, 2024. Aydali Campa\/Borderless Magazine<\/span><span class=\"media-credit\">Aydali Campa\/Borderless Magazine<\/span><\/div><\/div>\n\t\t\t<\/div> \n\t\t<\/div>\n\t<\/div> \n<\/div><\/div>\n\t\t<div id=\"fws_69ef8dc74d275\"  data-column-margin=\"default\" data-midnight=\"dark\"  class=\"wpb_row vc_row-fluid vc_row\"  style=\"padding-top: 0px; padding-bottom: 0px; \"><div class=\"row-bg-wrap\" data-bg-animation=\"none\" data-bg-animation-delay=\"\" data-bg-overlay=\"false\"><div class=\"inner-wrap row-bg-layer\" ><div class=\"row-bg viewport-desktop\"  style=\"\"><\/div><\/div><\/div><div class=\"row_col_wrap_12 col span_12 dark left\">\n\t<div  class=\"vc_col-sm-2 vc_hidden-sm vc_hidden-xs wpb_column column_container vc_column_container col no-extra-padding inherit_tablet inherit_phone \"  data-padding-pos=\"all\" data-has-bg-color=\"false\" data-bg-color=\"\" data-bg-opacity=\"1\" data-animation=\"\" data-delay=\"0\" >\n\t\t<div class=\"vc_column-inner\" >\n\t\t\t<div class=\"wpb_wrapper\">\n\t\t\t\t\n\t\t\t<\/div> \n\t\t<\/div>\n\t<\/div> \n\n\t<div  class=\"vc_col-sm-8 wpb_column column_container vc_column_container col padding-3-percent inherit_tablet inherit_phone \"  data-padding-pos=\"all\" data-has-bg-color=\"false\" data-bg-color=\"\" data-bg-opacity=\"1\" data-animation=\"\" data-delay=\"0\" >\n\t\t<div class=\"vc_column-inner\" >\n\t\t\t<div class=\"wpb_wrapper\">\n\t\t\t\t\n<div class=\"wpb_text_column wpb_content_element \" >\n\t<p>The park is in Little Village, another community with a majority Hispanic population and lower levels of green space connectivity. Many years of advocacy led by the Little Village Environmental Justice Organization (LVEJO) resulted in the creation of La Villita Park in 2014.<\/p>\n<p>Many people want more green space, but are concerned about who will pay for maintenance, said Jacqueline Vasquez, a park organizer at LVEJO. Organizers say Park District funds for general maintenance aren\u2019t enough to upkeep parks. Volunteers help with the upkeep in Little Village, while donations have supported adding more trees to the park.<\/p>\n<p>In neighboring Pilsen, Claudia Galeno-Sanchez promotes green spaces and native gardens in the Lower West Side neighborhood. Galeno-Sanchez, a coordinator for Women for Green, has planted gardens in schools, churches and homes throughout Pilsen. Promoting and creating green spaces has also meant finding volunteers to help maintain the gardens.<\/p>\n<p>\u201cParks are supposed to be public areas for green spaces,\u201d she said. \u201cI feel like there aren\u2019t sufficient trees for the kind of heat we get here.\u201d<\/p>\n<\/div>\n\n\n\n<div class=\"img-with-aniamtion-wrap center\" data-max-width=\"100%\" data-max-width-mobile=\"default\" data-shadow=\"none\" data-animation=\"fade-in\"  style=\"margin-top: 3%; margin-bottom: 3%; \">\r\n      <div class=\"inner\">\r\n        <div class=\"hover-wrap\"> \r\n          <div class=\"hover-wrap-inner\">\r\n            <img decoding=\"async\" class=\"img-with-animation skip-lazy \" data-delay=\"0\" height=\"1280\" width=\"1920\" data-animation=\"fade-in\" src=\"https:\/\/borderlessmag.org\/wordpress\/wp-content\/uploads\/2024\/09\/2024_09_17-Chicago-Parks_AC_Web_Claudia_GalenoSanchez.jpg\" alt=\"\" srcset=\"https:\/\/borderlessmag.org\/wordpress\/wp-content\/uploads\/2024\/09\/2024_09_17-Chicago-Parks_AC_Web_Claudia_GalenoSanchez.jpg 1920w, https:\/\/borderlessmag.org\/wordpress\/wp-content\/uploads\/2024\/09\/2024_09_17-Chicago-Parks_AC_Web_Claudia_GalenoSanchez-1536x1024.jpg 1536w, https:\/\/borderlessmag.org\/wordpress\/wp-content\/uploads\/2024\/09\/2024_09_17-Chicago-Parks_AC_Web_Claudia_GalenoSanchez-150x100.jpg 150w, https:\/\/borderlessmag.org\/wordpress\/wp-content\/uploads\/2024\/09\/2024_09_17-Chicago-Parks_AC_Web_Claudia_GalenoSanchez-240x160.jpg 240w, https:\/\/borderlessmag.org\/wordpress\/wp-content\/uploads\/2024\/09\/2024_09_17-Chicago-Parks_AC_Web_Claudia_GalenoSanchez-300x200.jpg 300w, https:\/\/borderlessmag.org\/wordpress\/wp-content\/uploads\/2024\/09\/2024_09_17-Chicago-Parks_AC_Web_Claudia_GalenoSanchez-600x400.jpg 600w, https:\/\/borderlessmag.org\/wordpress\/wp-content\/uploads\/2024\/09\/2024_09_17-Chicago-Parks_AC_Web_Claudia_GalenoSanchez-900x600.jpg 900w, https:\/\/borderlessmag.org\/wordpress\/wp-content\/uploads\/2024\/09\/2024_09_17-Chicago-Parks_AC_Web_Claudia_GalenoSanchez-1200x800.jpg 1200w, https:\/\/borderlessmag.org\/wordpress\/wp-content\/uploads\/2024\/09\/2024_09_17-Chicago-Parks_AC_Web_Claudia_GalenoSanchez-1500x1000.jpg 1500w, https:\/\/borderlessmag.org\/wordpress\/wp-content\/uploads\/2024\/09\/2024_09_17-Chicago-Parks_AC_Web_Claudia_GalenoSanchez-1245x830.jpg 1245w, https:\/\/borderlessmag.org\/wordpress\/wp-content\/uploads\/2024\/09\/2024_09_17-Chicago-Parks_AC_Web_Claudia_GalenoSanchez-768x512.jpg 768w\" sizes=\"(min-width: 1450px) 75vw, (min-width: 1000px) 85vw, 100vw\" \/>\r\n         <\/div>\r\n      <\/div><span class=\"vc_figure-caption ccfic-text media-caption\">Claudia Galeno-Sanchez visits plants she helped plant in Orozco Community Academy&#039;s front yard on Wednesday, Aug. 7, 2024. Aydali Campa\/Borderless Magazine<\/span><span class=\"media-credit\">Aydali Campa\/Borderless Magazine<\/span><\/div><\/div>\n<div class=\"wpb_text_column wpb_content_element \" >\n\t<p>Like Brighton Park, Pilsen is a heat island. These urban areas are significantly warmer due to the built environment, such as buildings, roads and infrastructure that absorb and re-radiate heat more than natural landscapes like forests and bodies of water. That makes the communities&#8217; work advocating and maintaining parks vital in the face of climate change.<\/p>\n<p>Over the years, Barragan has gathered volunteers to clean up parks in Brighton Park. She recalls a campaign she led over a decade ago in which neighbors helped pick up trash and bring their own lawn mowers to trim the grass at Hidden Park \u2014 an effort that eventually led to the park&#8217;s renovation.<\/p>\n<p>She plans to continue promoting the use of outdoor spaces and other practices for a healthy life.<\/p>\n<p>After almost 20 years of community organizing, Barragan\u2019s grassroots efforts have significantly improved Kelly Park and other community spaces.<\/p>\n<p>\u201cWe\u2019ve always had to fight [for these improvements], so it is frustrating, but at the same time, it is very gratifying to see these spaces open,\u201d Barragan said. \u201cIt makes us think back on how we got these spaces, how we fought for them and how we came together.\u201d<\/p>\n<p>She feels proud when the space comes alive with families gathering at Kelly Park for games in the afternoons and Friday evenings \u2014 a small reminder of the bustling plaza in Cotija.<\/p>\n<p><i>Aydali Campa is a Report for America corps member and covers environmental justice and immigrant communities for Borderless Magazine. Send her an email at aydali@borderlessmag.org<\/i><\/p>\n<\/div>\n\n\n\n\n\t\t\t<\/div> \n\t\t<\/div>\n\t<\/div> \n\n\t<div  class=\"vc_col-sm-2 vc_hidden-sm vc_hidden-xs wpb_column column_container vc_column_container col no-extra-padding inherit_tablet inherit_phone \"  data-padding-pos=\"all\" data-has-bg-color=\"false\" data-bg-color=\"\" data-bg-opacity=\"1\" data-animation=\"\" data-delay=\"0\" >\n\t\t<div class=\"vc_column-inner\" >\n\t\t\t<div class=\"wpb_wrapper\">\n\t\t\t\t\n\t\t\t<\/div> \n\t\t<\/div>\n\t<\/div> \n<\/div><\/div>\n\t\t<div id=\"fws_69ef8dc74e807\"  data-column-margin=\"default\" data-midnight=\"dark\"  class=\"wpb_row vc_row-fluid vc_row\"  style=\"padding-top: 0px; padding-bottom: 0px; \"><div class=\"row-bg-wrap\" data-bg-animation=\"none\" data-bg-animation-delay=\"\" data-bg-overlay=\"false\"><div class=\"inner-wrap row-bg-layer\" ><div class=\"row-bg viewport-desktop\"  style=\"\"><\/div><\/div><\/div><div class=\"row_col_wrap_12 col span_12 dark left\">\n\t<div  class=\"vc_col-sm-12 wpb_column column_container vc_column_container col no-extra-padding inherit_tablet inherit_phone \"  data-padding-pos=\"all\" data-has-bg-color=\"false\" data-bg-color=\"\" data-bg-opacity=\"1\" data-animation=\"\" data-delay=\"0\" >\n\t\t<div class=\"vc_column-inner\" >\n\t\t\t<div class=\"wpb_wrapper\">\n\t\t\t\t\n\t\t\t<\/div> \n\t\t<\/div>\n\t<\/div> \n<\/div><\/div>\n\t\t<div id=\"fws_69ef8dc74ef06\"  data-column-margin=\"default\" data-midnight=\"dark\"  class=\"wpb_row vc_row-fluid vc_row vc_row-o-equal-height vc_row-flex bottom-links\"  style=\"padding-top: 0px; padding-bottom: 0px; \"><div class=\"row-bg-wrap\" data-bg-animation=\"none\" data-bg-animation-delay=\"\" data-bg-overlay=\"false\"><div class=\"inner-wrap row-bg-layer\" ><div class=\"row-bg viewport-desktop\"  style=\"\"><\/div><\/div><\/div><div class=\"row_col_wrap_12 col span_12 dark left\">\n\t<div  class=\"vc_col-sm-8 wpb_column column_container vc_column_container col no-extra-padding inherit_tablet inherit_phone \"  data-padding-pos=\"all\" data-has-bg-color=\"false\" data-bg-color=\"\" data-bg-opacity=\"1\" data-animation=\"\" data-delay=\"0\" >\n\t\t<div class=\"vc_column-inner\" >\n\t\t\t<div class=\"wpb_wrapper\">\n\t\t\t\t\n\t<div class=\"wpb_widgetised_column wpb_content_element\">\n\t\t<div id=\"sidebar\" data-nectar-ss=\"\" class=\"wpb_wrapper\"><h2 id=\"related-stories\" class=\"wpb_heading wpb_widgetised_column_heading\">Related Stories<\/h2>\n\t\t\t\n\t\t<\/div> \n\t<\/div> \n\t\t\t<\/div> \n\t\t<\/div>\n\t<\/div> \n\n\t<div  class=\"vc_col-sm-4 wpb_column column_container vc_column_container col no-extra-padding inherit_tablet inherit_phone \"  data-padding-pos=\"all\" data-has-bg-color=\"false\" data-bg-color=\"\" data-bg-opacity=\"1\" data-animation=\"\" data-delay=\"0\" >\n\t\t<div class=\"vc_column-inner\" >\n\t\t\t<div class=\"wpb_wrapper\">\n\t\t\t\t\n\t<div class=\"wpb_widgetised_column wpb_content_element\">\n\t\t<div id=\"sidebar\" data-nectar-ss=\"\" class=\"wpb_wrapper\"><h2 id=\"recent-stories\" class=\"wpb_heading wpb_widgetised_column_heading\">Recent Stories<\/h2>\n\t\t\t\n\t\t<\/div> \n\t<\/div> \n\t\t\t<\/div> \n\t\t<\/div>\n\t<\/div> \n<\/div><\/div>\n","protected":false},"excerpt":{"rendered":"<p>En barrios de mayor\u00eda latina como Brighton Park, en la zona suroeste, los residentes se han unido para presionar a la ciudad para que invierta m\u00e1s en parques y zonas verdes de barrio ante el cambio clim\u00e1tico. <\/p>","protected":false},"author":122,"featured_media":23246,"comment_status":"closed","ping_status":"closed","sticky":false,"template":"","format":"standard","meta":{"inline_featured_image":false,"footnotes":""},"categories":[325],"tags":[633],"coauthors":[566],"class_list":{"0":"post-23317","1":"post","2":"type-post","3":"status-publish","4":"format-standard","5":"has-post-thumbnail","7":"category-environmentandhealth","8":"tag-parks"},"yoast_head":"<!-- This site is optimized with the Yoast SEO Premium plugin v27.3 (Yoast SEO v27.3) - https:\/\/yoast.com\/product\/yoast-seo-premium-wordpress\/ -->\n<title>How Brighton Park Neighbors Fought for More Green Space Amid Changing Climate &#8211; Borderless Magazine NFP<\/title>\n<meta name=\"description\" content=\"Brighton Park residents campaigned to improve their only neighborhood park a decade ago. They continue to push the city to address disparities in their community.\" \/>\n<meta name=\"robots\" content=\"index, follow, max-snippet:-1, max-image-preview:large, max-video-preview:-1\" \/>\n<link rel=\"canonical\" href=\"https:\/\/borderlessmag.org\/es\/2024\/09\/25\/chicago-medio-ambiente-cambio-climatico-espacios-verdes-parques-brighton-park\/\" \/>\n<meta property=\"og:locale\" content=\"es_MX\" \/>\n<meta property=\"og:type\" content=\"article\" \/>\n<meta property=\"og:title\" content=\"Chicago\u2019s Latino Neighborhoods Have Less Access to Parks, But Residents Are Working to Change That &#8211; Environment and Health &#8211; Borderless Magazine NFP\" \/>\n<meta property=\"og:description\" content=\"Chicago\u2019s Latino Neighborhoods Have Less Access to Parks, But Residents Are Working to Change That &#8211; Environment and Health &#8211; Borderless Magazine NFP\" \/>\n<meta property=\"og:url\" content=\"https:\/\/borderlessmag.org\/es\/2024\/09\/25\/chicago-medio-ambiente-cambio-climatico-espacios-verdes-parques-brighton-park\/\" \/>\n<meta property=\"og:site_name\" content=\"Borderless Magazine NFP\" \/>\n<meta property=\"article:publisher\" content=\"https:\/\/www.facebook.com\/BorderlessMagazine\" \/>\n<meta property=\"article:published_time\" content=\"2024-09-25T11:00:34+00:00\" \/>\n<meta property=\"article:modified_time\" content=\"2024-10-10T13:58:53+00:00\" \/>\n<meta property=\"og:image\" content=\"https:\/\/borderlessmag.org\/wordpress\/wp-content\/uploads\/2024\/09\/2024_09_17-ChicagoParks_AC_Web_CarmenBarragan.jpg\" \/>\n\t<meta property=\"og:image:width\" content=\"1080\" \/>\n\t<meta property=\"og:image:height\" content=\"720\" \/>\n\t<meta property=\"og:image:type\" content=\"image\/jpeg\" \/>\n<meta name=\"author\" content=\"Wyatt Myskow Inside Climate News\" \/>\n<meta name=\"twitter:card\" content=\"summary_large_image\" \/>\n<meta name=\"twitter:label1\" content=\"Escrito por\" \/>\n\t<meta name=\"twitter:data1\" content=\"Max Herman\" \/>\n\t<meta name=\"twitter:label2\" content=\"Tiempo de lectura\" \/>\n\t<meta name=\"twitter:data2\" content=\"27 minutos\" \/>\n\t<meta name=\"twitter:label3\" content=\"Written by\" \/>\n\t<meta name=\"twitter:data3\" content=\"Wyatt Myskow Inside Climate News\" \/>\n<script type=\"application\/ld+json\" class=\"yoast-schema-graph\">{\"@context\":\"https:\\\/\\\/schema.org\",\"@graph\":[{\"@type\":\"NewsArticle\",\"@id\":\"https:\\\/\\\/borderlessmag.org\\\/2024\\\/09\\\/25\\\/chicago-environmental-climate-change-green-space-parks-brighton-park\\\/#article\",\"isPartOf\":{\"@id\":\"https:\\\/\\\/borderlessmag.org\\\/2024\\\/09\\\/25\\\/chicago-environmental-climate-change-green-space-parks-brighton-park\\\/\"},\"author\":{\"name\":\"Max Herman\",\"@id\":\"https:\\\/\\\/borderlessmag.org\\\/#\\\/schema\\\/person\\\/96eda84bde3c5e7c87bf93ff9a377514\"},\"headline\":\"Chicago\u2019s Latino Neighborhoods Have Less Access to Parks, But Residents Are Working to Change That\",\"datePublished\":\"2024-09-25T11:00:34+00:00\",\"dateModified\":\"2024-10-10T13:58:53+00:00\",\"mainEntityOfPage\":{\"@id\":\"https:\\\/\\\/borderlessmag.org\\\/2024\\\/09\\\/25\\\/chicago-environmental-climate-change-green-space-parks-brighton-park\\\/\"},\"wordCount\":5474,\"publisher\":{\"@id\":\"https:\\\/\\\/borderlessmag.org\\\/#organization\"},\"image\":{\"@id\":\"https:\\\/\\\/borderlessmag.org\\\/2024\\\/09\\\/25\\\/chicago-environmental-climate-change-green-space-parks-brighton-park\\\/#primaryimage\"},\"thumbnailUrl\":\"https:\\\/\\\/borderlessmag.org\\\/wordpress\\\/wp-content\\\/uploads\\\/2024\\\/09\\\/2024_09_17-ChicagoParks_AC_Web_CarmenBarragan.jpg\",\"keywords\":[\"Parks\"],\"articleSection\":[\"Environment and Health\"],\"inLanguage\":\"es\",\"copyrightYear\":\"2024\",\"copyrightHolder\":{\"@id\":\"https:\\\/\\\/borderlessmag.org\\\/es\\\/#organization\"}},{\"@type\":\"WebPage\",\"@id\":\"https:\\\/\\\/borderlessmag.org\\\/2024\\\/09\\\/25\\\/chicago-environmental-climate-change-green-space-parks-brighton-park\\\/\",\"url\":\"https:\\\/\\\/borderlessmag.org\\\/2024\\\/09\\\/25\\\/chicago-environmental-climate-change-green-space-parks-brighton-park\\\/\",\"name\":\"How Brighton Park Neighbors Fought for More Green Space Amid Changing Climate &#8211; Borderless Magazine NFP\",\"isPartOf\":{\"@id\":\"https:\\\/\\\/borderlessmag.org\\\/#website\"},\"primaryImageOfPage\":{\"@id\":\"https:\\\/\\\/borderlessmag.org\\\/2024\\\/09\\\/25\\\/chicago-environmental-climate-change-green-space-parks-brighton-park\\\/#primaryimage\"},\"image\":{\"@id\":\"https:\\\/\\\/borderlessmag.org\\\/2024\\\/09\\\/25\\\/chicago-environmental-climate-change-green-space-parks-brighton-park\\\/#primaryimage\"},\"thumbnailUrl\":\"https:\\\/\\\/borderlessmag.org\\\/wordpress\\\/wp-content\\\/uploads\\\/2024\\\/09\\\/2024_09_17-ChicagoParks_AC_Web_CarmenBarragan.jpg\",\"datePublished\":\"2024-09-25T11:00:34+00:00\",\"dateModified\":\"2024-10-10T13:58:53+00:00\",\"description\":\"Brighton Park residents campaigned to improve their only neighborhood park a decade ago. They continue to push the city to address disparities in their community.\",\"inLanguage\":\"es\",\"potentialAction\":[{\"@type\":\"ReadAction\",\"target\":[\"https:\\\/\\\/borderlessmag.org\\\/2024\\\/09\\\/25\\\/chicago-environmental-climate-change-green-space-parks-brighton-park\\\/\"]}]},{\"@type\":\"ImageObject\",\"inLanguage\":\"es\",\"@id\":\"https:\\\/\\\/borderlessmag.org\\\/2024\\\/09\\\/25\\\/chicago-environmental-climate-change-green-space-parks-brighton-park\\\/#primaryimage\",\"url\":\"https:\\\/\\\/borderlessmag.org\\\/wordpress\\\/wp-content\\\/uploads\\\/2024\\\/09\\\/2024_09_17-ChicagoParks_AC_Web_CarmenBarragan.jpg\",\"contentUrl\":\"https:\\\/\\\/borderlessmag.org\\\/wordpress\\\/wp-content\\\/uploads\\\/2024\\\/09\\\/2024_09_17-ChicagoParks_AC_Web_CarmenBarragan.jpg\",\"width\":1920,\"height\":1280,\"caption\":\"Carmen Barragan, a Brighton Park Neighborhood Council health organizer manager, stands at the renovated Kelly Park on Tuesday, Sept. 3, 2024. Barragan leads programs in the neighborhood that aim to attract people to use and gather in parks in the community. Aydali Campa\\\/Borderless Magazine\"},{\"@type\":\"WebSite\",\"@id\":\"https:\\\/\\\/borderlessmag.org\\\/#website\",\"url\":\"https:\\\/\\\/borderlessmag.org\\\/\",\"name\":\"Borderless Magazine NFP\",\"description\":\"Stories about immigration and immigrants\",\"publisher\":{\"@id\":\"https:\\\/\\\/borderlessmag.org\\\/#organization\"},\"alternateName\":\"Borderless\",\"potentialAction\":[{\"@type\":\"SearchAction\",\"target\":{\"@type\":\"EntryPoint\",\"urlTemplate\":\"https:\\\/\\\/borderlessmag.org\\\/?s={search_term_string}\"},\"query-input\":{\"@type\":\"PropertyValueSpecification\",\"valueRequired\":true,\"valueName\":\"search_term_string\"}}],\"inLanguage\":\"es\"},{\"@type\":\"Organization\",\"@id\":\"https:\\\/\\\/borderlessmag.org\\\/#organization\",\"name\":\"Borderless Magazine NFP\",\"alternateName\":\"Borderless Mag\",\"url\":\"https:\\\/\\\/borderlessmag.org\\\/\",\"logo\":{\"@type\":\"ImageObject\",\"inLanguage\":\"es\",\"@id\":\"https:\\\/\\\/borderlessmag.org\\\/#\\\/schema\\\/logo\\\/image\\\/\",\"url\":\"https:\\\/\\\/borderlessmag.org\\\/wordpress\\\/wp-content\\\/uploads\\\/2025\\\/08\\\/BorderlessLogo_main_square.jpg\",\"contentUrl\":\"https:\\\/\\\/borderlessmag.org\\\/wordpress\\\/wp-content\\\/uploads\\\/2025\\\/08\\\/BorderlessLogo_main_square.jpg\",\"width\":696,\"height\":696,\"caption\":\"Borderless Magazine NFP\"},\"image\":{\"@id\":\"https:\\\/\\\/borderlessmag.org\\\/#\\\/schema\\\/logo\\\/image\\\/\"},\"sameAs\":[\"https:\\\/\\\/www.facebook.com\\\/BorderlessMagazine\",\"https:\\\/\\\/www.instagram.com\\\/borderless_mag\\\/\",\"https:\\\/\\\/www.tiktok.com\\\/@borderless_mag\"]},{\"@type\":\"Person\",\"@id\":\"https:\\\/\\\/borderlessmag.org\\\/#\\\/schema\\\/person\\\/96eda84bde3c5e7c87bf93ff9a377514\",\"name\":\"Max Herman\",\"image\":{\"@type\":\"ImageObject\",\"inLanguage\":\"es\",\"@id\":\"https:\\\/\\\/secure.gravatar.com\\\/avatar\\\/5e8e57236ed67b3fb29c65f7a455c224356cc054b322c92ba7bce6669bf36186?s=96&d=mm&r=g694fef07c61742bd4b260741b2f07524\",\"url\":\"https:\\\/\\\/secure.gravatar.com\\\/avatar\\\/5e8e57236ed67b3fb29c65f7a455c224356cc054b322c92ba7bce6669bf36186?s=96&d=mm&r=g\",\"contentUrl\":\"https:\\\/\\\/secure.gravatar.com\\\/avatar\\\/5e8e57236ed67b3fb29c65f7a455c224356cc054b322c92ba7bce6669bf36186?s=96&d=mm&r=g\",\"caption\":\"Max Herman\"},\"url\":\"https:\\\/\\\/borderlessmag.org\\\/es\\\/author\\\/max-herman\\\/\"}]}<\/script>\n<!-- \/ Yoast SEO Premium plugin. -->","yoast_head_json":{"title":"Los vecinos de Brighton Park luchan por m\u00e1s espacios verdes en un clima cambiante - Borderless Magazine NFP","description":"Hace una d\u00e9cada, los vecinos de Brighton Park hicieron campa\u00f1a para mejorar el \u00fanico parque de su barrio. Siguen presionando a la ciudad para que aborde las desigualdades de su comunidad.","robots":{"index":"index","follow":"follow","max-snippet":"max-snippet:-1","max-image-preview":"max-image-preview:large","max-video-preview":"max-video-preview:-1"},"canonical":"https:\/\/borderlessmag.org\/es\/2024\/09\/25\/chicago-medio-ambiente-cambio-climatico-espacios-verdes-parques-brighton-park\/","og_locale":"es_MX","og_type":"article","og_title":"Chicago\u2019s Latino Neighborhoods Have Less Access to Parks, But Residents Are Working to Change That &#8211; Environment and Health &#8211; Borderless Magazine NFP","og_description":"Chicago\u2019s Latino Neighborhoods Have Less Access to Parks, But Residents Are Working to Change That &#8211; Environment and Health &#8211; Borderless Magazine NFP","og_url":"https:\/\/borderlessmag.org\/es\/2024\/09\/25\/chicago-medio-ambiente-cambio-climatico-espacios-verdes-parques-brighton-park\/","og_site_name":"Borderless Magazine NFP","article_publisher":"https:\/\/www.facebook.com\/BorderlessMagazine","article_published_time":"2024-09-25T11:00:34+00:00","article_modified_time":"2024-10-10T13:58:53+00:00","og_image":[{"url":"https:\/\/borderlessmag.org\/wordpress\/wp-content\/uploads\/2024\/09\/2024_09_17-ChicagoParks_AC_Web_CarmenBarragan.jpg","width":1080,"height":720,"type":"image\/jpeg"}],"author":"Wyatt Myskow Inside Climate News","twitter_card":"summary_large_image","twitter_misc":{"Escrito por":"Max Herman","Tiempo de lectura":"27 minutos","Written by":"Wyatt Myskow Inside Climate News"},"schema":{"@context":"https:\/\/schema.org","@graph":[{"@type":"NewsArticle","@id":"https:\/\/borderlessmag.org\/2024\/09\/25\/chicago-environmental-climate-change-green-space-parks-brighton-park\/#article","isPartOf":{"@id":"https:\/\/borderlessmag.org\/2024\/09\/25\/chicago-environmental-climate-change-green-space-parks-brighton-park\/"},"author":{"name":"Max Herman","@id":"https:\/\/borderlessmag.org\/#\/schema\/person\/96eda84bde3c5e7c87bf93ff9a377514"},"headline":"Chicago\u2019s Latino Neighborhoods Have Less Access to Parks, But Residents Are Working to Change That","datePublished":"2024-09-25T11:00:34+00:00","dateModified":"2024-10-10T13:58:53+00:00","mainEntityOfPage":{"@id":"https:\/\/borderlessmag.org\/2024\/09\/25\/chicago-environmental-climate-change-green-space-parks-brighton-park\/"},"wordCount":5474,"publisher":{"@id":"https:\/\/borderlessmag.org\/#organization"},"image":{"@id":"https:\/\/borderlessmag.org\/2024\/09\/25\/chicago-environmental-climate-change-green-space-parks-brighton-park\/#primaryimage"},"thumbnailUrl":"https:\/\/borderlessmag.org\/wordpress\/wp-content\/uploads\/2024\/09\/2024_09_17-ChicagoParks_AC_Web_CarmenBarragan.jpg","keywords":["Parks"],"articleSection":["Environment and Health"],"inLanguage":"es","copyrightYear":"2024","copyrightHolder":{"@id":"https:\/\/borderlessmag.org\/es\/#organization"}},{"@type":"WebPage","@id":"https:\/\/borderlessmag.org\/2024\/09\/25\/chicago-environmental-climate-change-green-space-parks-brighton-park\/","url":"https:\/\/borderlessmag.org\/2024\/09\/25\/chicago-environmental-climate-change-green-space-parks-brighton-park\/","name":"Los vecinos de Brighton Park luchan por m\u00e1s espacios verdes en un clima cambiante - Borderless Magazine NFP","isPartOf":{"@id":"https:\/\/borderlessmag.org\/#website"},"primaryImageOfPage":{"@id":"https:\/\/borderlessmag.org\/2024\/09\/25\/chicago-environmental-climate-change-green-space-parks-brighton-park\/#primaryimage"},"image":{"@id":"https:\/\/borderlessmag.org\/2024\/09\/25\/chicago-environmental-climate-change-green-space-parks-brighton-park\/#primaryimage"},"thumbnailUrl":"https:\/\/borderlessmag.org\/wordpress\/wp-content\/uploads\/2024\/09\/2024_09_17-ChicagoParks_AC_Web_CarmenBarragan.jpg","datePublished":"2024-09-25T11:00:34+00:00","dateModified":"2024-10-10T13:58:53+00:00","description":"Hace una d\u00e9cada, los vecinos de Brighton Park hicieron campa\u00f1a para mejorar el \u00fanico parque de su barrio. Siguen presionando a la ciudad para que aborde las desigualdades de su comunidad.","inLanguage":"es","potentialAction":[{"@type":"ReadAction","target":["https:\/\/borderlessmag.org\/2024\/09\/25\/chicago-environmental-climate-change-green-space-parks-brighton-park\/"]}]},{"@type":"ImageObject","inLanguage":"es","@id":"https:\/\/borderlessmag.org\/2024\/09\/25\/chicago-environmental-climate-change-green-space-parks-brighton-park\/#primaryimage","url":"https:\/\/borderlessmag.org\/wordpress\/wp-content\/uploads\/2024\/09\/2024_09_17-ChicagoParks_AC_Web_CarmenBarragan.jpg","contentUrl":"https:\/\/borderlessmag.org\/wordpress\/wp-content\/uploads\/2024\/09\/2024_09_17-ChicagoParks_AC_Web_CarmenBarragan.jpg","width":1920,"height":1280,"caption":"Carmen Barragan, a Brighton Park Neighborhood Council health organizer manager, stands at the renovated Kelly Park on Tuesday, Sept. 3, 2024. Barragan leads programs in the neighborhood that aim to attract people to use and gather in parks in the community. Aydali Campa\/Borderless Magazine"},{"@type":"WebSite","@id":"https:\/\/borderlessmag.org\/#website","url":"https:\/\/borderlessmag.org\/","name":"Revista Borderless NFP","description":"Historias sobre inmigraci\u00f3n e inmigrantes","publisher":{"@id":"https:\/\/borderlessmag.org\/#organization"},"alternateName":"Borderless","potentialAction":[{"@type":"SearchAction","target":{"@type":"EntryPoint","urlTemplate":"https:\/\/borderlessmag.org\/?s={search_term_string}"},"query-input":{"@type":"PropertyValueSpecification","valueRequired":true,"valueName":"search_term_string"}}],"inLanguage":"es"},{"@type":"Organization","@id":"https:\/\/borderlessmag.org\/#organization","name":"Revista Borderless NFP","alternateName":"Borderless Mag","url":"https:\/\/borderlessmag.org\/","logo":{"@type":"ImageObject","inLanguage":"es","@id":"https:\/\/borderlessmag.org\/#\/schema\/logo\/image\/","url":"https:\/\/borderlessmag.org\/wordpress\/wp-content\/uploads\/2025\/08\/BorderlessLogo_main_square.jpg","contentUrl":"https:\/\/borderlessmag.org\/wordpress\/wp-content\/uploads\/2025\/08\/BorderlessLogo_main_square.jpg","width":696,"height":696,"caption":"Borderless Magazine NFP"},"image":{"@id":"https:\/\/borderlessmag.org\/#\/schema\/logo\/image\/"},"sameAs":["https:\/\/www.facebook.com\/BorderlessMagazine","https:\/\/www.instagram.com\/borderless_mag\/","https:\/\/www.tiktok.com\/@borderless_mag"]},{"@type":"Person","@id":"https:\/\/borderlessmag.org\/#\/schema\/person\/96eda84bde3c5e7c87bf93ff9a377514","name":"Max Herman","image":{"@type":"ImageObject","inLanguage":"es","@id":"https:\/\/secure.gravatar.com\/avatar\/5e8e57236ed67b3fb29c65f7a455c224356cc054b322c92ba7bce6669bf36186?s=96&d=mm&r=g694fef07c61742bd4b260741b2f07524","url":"https:\/\/secure.gravatar.com\/avatar\/5e8e57236ed67b3fb29c65f7a455c224356cc054b322c92ba7bce6669bf36186?s=96&d=mm&r=g","contentUrl":"https:\/\/secure.gravatar.com\/avatar\/5e8e57236ed67b3fb29c65f7a455c224356cc054b322c92ba7bce6669bf36186?s=96&d=mm&r=g","caption":"Max Herman"},"url":"https:\/\/borderlessmag.org\/es\/author\/max-herman\/"}]}},"cc_featured_image_caption":{"caption_text":"Carmen Barragan, a Brighton Park Neighborhood Council health organizer manager, stands at the renovated Kelly Park on Tuesday, Sept. 3, 2024. Barragan leads programs in the neighborhood that aim to attract people to use and gather at community parks. ","source_text":"","source_url":""},"_links":{"self":[{"href":"https:\/\/borderlessmag.org\/es\/wp-json\/wp\/v2\/posts\/23317","targetHints":{"allow":["GET"]}}],"collection":[{"href":"https:\/\/borderlessmag.org\/es\/wp-json\/wp\/v2\/posts"}],"about":[{"href":"https:\/\/borderlessmag.org\/es\/wp-json\/wp\/v2\/types\/post"}],"author":[{"embeddable":true,"href":"https:\/\/borderlessmag.org\/es\/wp-json\/wp\/v2\/users\/122"}],"replies":[{"embeddable":true,"href":"https:\/\/borderlessmag.org\/es\/wp-json\/wp\/v2\/comments?post=23317"}],"version-history":[{"count":0,"href":"https:\/\/borderlessmag.org\/es\/wp-json\/wp\/v2\/posts\/23317\/revisions"}],"wp:featuredmedia":[{"embeddable":true,"href":"https:\/\/borderlessmag.org\/es\/wp-json\/wp\/v2\/media\/23246"}],"wp:attachment":[{"href":"https:\/\/borderlessmag.org\/es\/wp-json\/wp\/v2\/media?parent=23317"}],"wp:term":[{"taxonomy":"category","embeddable":true,"href":"https:\/\/borderlessmag.org\/es\/wp-json\/wp\/v2\/categories?post=23317"},{"taxonomy":"post_tag","embeddable":true,"href":"https:\/\/borderlessmag.org\/es\/wp-json\/wp\/v2\/tags?post=23317"},{"taxonomy":"author","embeddable":true,"href":"https:\/\/borderlessmag.org\/es\/wp-json\/wp\/v2\/coauthors?post=23317"}],"curies":[{"name":"wp","href":"https:\/\/api.w.org\/{rel}","templated":true}]}}