{"id":22746,"date":"2024-08-13T08:47:03","date_gmt":"2024-08-13T13:47:03","guid":{"rendered":"https:\/\/borderlessmag.org\/?p=22746"},"modified":"2025-10-09T09:45:03","modified_gmt":"2025-10-09T14:45:03","slug":"chicago-pequenas-empresas-fotografia-propiedad-de-inmigrantes-jonathan-castillo","status":"publish","type":"post","link":"https:\/\/borderlessmag.org\/es\/2024\/08\/13\/chicago-small-businesses-immigrant-owned-photography-jonathan-castillo\/","title":{"rendered":"Los rostros de las peque\u00f1as empresas propiedad de inmigrantes en Chicago"},"content":{"rendered":"<div id=\"fws_69ec7eca019a2\"  data-column-margin=\"default\" data-midnight=\"dark\"  class=\"wpb_row vc_row-fluid vc_row\"  style=\"padding-top: 0px; padding-bottom: 0px; \"><div class=\"row-bg-wrap\" data-bg-animation=\"none\" data-bg-animation-delay=\"\" data-bg-overlay=\"false\"><div class=\"inner-wrap row-bg-layer\" ><div class=\"row-bg viewport-desktop\"  style=\"\"><\/div><\/div><\/div><div class=\"row_col_wrap_12 col span_12 dark left\">\n\t<div  class=\"vc_col-sm-2 vc_hidden-sm vc_hidden-xs wpb_column column_container vc_column_container col no-extra-padding inherit_tablet inherit_phone\"  data-padding-pos=\"all\" data-has-bg-color=\"false\" data-bg-color=\"\" data-bg-opacity=\"1\" data-animation=\"\" data-delay=\"0\" >\n\t\t<div class=\"vc_column-inner\" >\n\t\t\t<div class=\"wpb_wrapper\">\n\t\t\t\t\n\t\t\t<\/div> \n\t\t<\/div>\n\t<\/div> \n\n\t<div  class=\"vc_col-sm-8 wpb_column column_container vc_column_container col padding-3-percent inherit_tablet inherit_phone\"  data-padding-pos=\"all\" data-has-bg-color=\"false\" data-bg-color=\"\" data-bg-opacity=\"1\" data-animation=\"\" data-delay=\"0\" >\n\t\t<div class=\"vc_column-inner\" >\n\t\t\t<div class=\"wpb_wrapper\">\n\t\t\t\t\n<div class=\"wpb_text_column wpb_content_element\" >\n\t<p><span style=\"font-weight: 400;\">Cuando Jonathan Castillo, natural de Los \u00c1ngeles, se instal\u00f3 en Chicago hace unos siete a\u00f1os, utilizaba los trenes de las l\u00edneas rosa y marr\u00f3n de la CTA, baj\u00e1ndose en paradas diferentes y explorando un barrio nuevo cada vez. Castillo se encontr\u00f3 caminando por las manzanas de Albany Park, Cicero y Little Village, visitando varios peque\u00f1os negocios, una tradici\u00f3n que se convirti\u00f3 en parte integral de su experiencia de conocer la zona de Chicago.<\/span><\/p>\n<\/div>\n\n\n\n<div class=\"templatera_shortcode\">\n\t\t<div id=\"fws_69ec7eca03146\"  data-column-margin=\"default\" data-midnight=\"dark\"  class=\"wpb_row vc_row-fluid vc_row vc_row-o-equal-height vc_row-flex vc_row-o-content-middle small\"  style=\"padding-top: 0px; padding-bottom: 0px; \"><div class=\"row-bg-wrap\" data-bg-animation=\"none\" data-bg-animation-delay=\"\" data-bg-overlay=\"false\"><div class=\"inner-wrap row-bg-layer\" ><div class=\"row-bg viewport-desktop\"  style=\"\"><\/div><\/div><\/div><div class=\"row_col_wrap_12 col span_12 dark left\">\n\t<div  class=\"vc_col-sm-12 wpb_column column_container vc_column_container col no-extra-padding inherit_tablet inherit_phone border_color_909090 border_style_solid\"  data-padding-pos=\"all\" data-has-bg-color=\"false\" data-bg-color=\"\" data-bg-opacity=\"1\" data-animation=\"\" data-delay=\"0\" >\n\t\t<div class=\"vc_column-inner\" >\n\t\t\t<div class=\"wpb_wrapper\">\n\t\t\t\t\n\t\t<div id=\"fws_69ec7eca03d49\"  data-column-margin=\"default\" data-midnight=\"dark\"  class=\"wpb_row vc_row-fluid vc_row vc_row-o-equal-height vc_row-flex vc_row-o-content-middle large top_margin_20px bottom_margin_20px\"  style=\"padding-top: 0px; padding-bottom: 0px; \"><div class=\"row-bg-wrap\" data-bg-animation=\"none\" data-bg-animation-delay=\"\" data-bg-overlay=\"true\"><div class=\"inner-wrap row-bg-layer\" ><div class=\"row-bg viewport-desktop\"  style=\"\"><\/div><\/div><div class=\"row-bg-overlay row-bg-layer\" style=\"background: #FFFFFF; background: linear-gradient(90deg,#FFFFFF 0%,#FFFFFF 100%);  opacity: 1; \"><\/div><\/div><div class=\"row_col_wrap_12 col span_12 dark left\">\n\t<div  class=\"vc_col-sm-12 wpb_column column_container vc_column_container col padding-3-percent force-phone-text-align-center inherit_tablet inherit_phone border_top_desktop_1px border_bottom_desktop_1px border_color_FFFFFF border_style_solid\"  data-padding-pos=\"all\" data-has-bg-color=\"false\" data-bg-color=\"\" data-bg-opacity=\"1\" data-animation=\"\" data-delay=\"0\" >\n\t\t<div class=\"vc_column-inner\" >\n\t\t\t<div class=\"wpb_wrapper\">\n\t\t\t\t<div id=\"fws_69ec7eca043e2\" data-midnight=\"\" data-column-margin=\"default\" class=\"wpb_row vc_row-fluid vc_row inner_row vc_row-o-equal-height vc_row-flex vc_row-o-content-middle\"  style=\"\"><div class=\"row-bg-wrap\"> <div class=\"row-bg\" ><\/div> <\/div><div class=\"row_col_wrap_12_inner col span_12  left\">\n\t<div  class=\"vc_col-sm-7 wpb_column column_container vc_column_container col child_column no-extra-padding inherit_tablet inherit_phone\"   data-padding-pos=\"all\" data-has-bg-color=\"false\" data-bg-color=\"\" data-bg-opacity=\"1\" data-animation=\"\" data-delay=\"0\" >\n\t\t<div class=\"vc_column-inner\" >\n\t\t<div class=\"wpb_wrapper\">\n\t\t\t\n<div class=\"wpb_text_column wpb_content_element\" >\n\t<h4 id=\"news-that-puts-power-under-the-spotlight-and-communities-at-the-center\"><strong>Noticias que ponen el poder en el punto de mira y a las comunidades en el centro.<\/strong><\/h4>\n<p>Suscr\u00edbase a nuestro bolet\u00edn gratuito y reciba actualizaciones dos veces por semana.<\/p>\n<\/div>\n\n\n\n\n\t\t<\/div> \n\t<\/div>\n\t<\/div> \n\n\t<div style=\"margin-top: -20px; \" class=\"vc_col-sm-5 wpb_column column_container vc_column_container col child_column neg-marg no-extra-padding inherit_tablet inherit_phone\"   data-padding-pos=\"all\" data-has-bg-color=\"false\" data-bg-color=\"\" data-bg-opacity=\"1\" data-animation=\"\" data-delay=\"0\" >\n\t\t<div class=\"vc_column-inner\" >\n\t\t<div class=\"wpb_wrapper\">\n\t\t\t\n\t<div class=\"wpb_raw_code wpb_raw_html wpb_content_element\" >\n\t\t<div class=\"wpb_wrapper\">\n\t\t\t<div class=\"_form_1\"><\/div><script src=\"https:\/\/borderlessmag.bluelena.io\/f\/embed.php?id=1\" charset=\"utf-8\"><\/script>\n\t\t<\/div>\n\t<\/div>\n\n\t\t<\/div> \n\t<\/div>\n\t<\/div> \n<\/div><\/div>\n\t\t\t<\/div> \n\t\t<\/div>\n\t<\/div> \n<\/div><\/div>\n\n\t\t\t<\/div> \n\t\t<\/div>\n\t<\/div> \n<\/div><\/div><\/div>\n<div class=\"wpb_text_column wpb_content_element\" >\n\t<p><span style=\"font-weight: 400;\">Antes de llegar a Chicago, Castillo pas\u00f3 casi dos a\u00f1os en China trabajando como fot\u00f3grafo independiente. Consigui\u00f3 trabajos editoriales y corporativos que sus amigos le pasaban. Durante este tiempo, se sinti\u00f3 cada vez m\u00e1s atra\u00eddo por los propietarios de peque\u00f1as tiendas en Hong Kong y China continental. Pero no fue hasta que lleg\u00f3 a Chicago y comenz\u00f3 su Master en Bellas Artes en fotograf\u00eda en el Columbia College cuando supo que hab\u00eda dado en el clavo con lo que se convertir\u00eda en su serie de retratos \"Immigrant Owned\".\u00a0<\/span><\/p>\n<p><span style=\"font-weight: 400;\">\"Se hizo evidente que muchos de los barrios que m\u00e1s me atra\u00edan y de los negocios que fotografiaba eran comunidades de inmigrantes\", recuerda.<\/span><\/p>\n<p><span style=\"font-weight: 400;\">Las fotograf\u00edas de Castillo, meticulosamente compuestas, documentan docenas de negocios, sus propietarios y empleados en el \u00e1rea de Chicago. Su ojo para el color y el detalle y la relaci\u00f3n que establece con estos propietarios han dado vida a la serie. Su obra ha aparecido en las paredes del Departamento de Arte de Chicago, Comfort Station y el Centro Cultural de Chicago. Recientemente, su serie sobre peque\u00f1os empresarios negros y latinos de las zonas sur y oeste, \"Flags, Food, and Faith<\/span><i><span style=\"font-weight: 400;\">,\"<\/span><\/i><span style=\"font-weight: 400;\"> se exhibe temporalmente en el aeropuerto de Midway.\u00a0<\/span><\/p>\n<p><span style=\"font-weight: 400;\">Castillo se sent\u00f3 con Borderless Magazine para hablar de su proceso como fot\u00f3grafo retratista, conocer Chicago y sus objetivos con la serie \"Immigrant Owned\". <\/span><\/p>\n<p><em><span style=\"font-weight: 400;\">La entrevista ha sido editada para mayor extensi\u00f3n y claridad.\u00a0<\/span><\/em><\/p>\n<\/div>\n\n\n\n\n\t\t\t<\/div> \n\t\t<\/div>\n\t<\/div> \n\n\t<div  class=\"vc_col-sm-2 vc_hidden-sm vc_hidden-xs wpb_column column_container vc_column_container col no-extra-padding inherit_tablet inherit_phone\"  data-padding-pos=\"all\" data-has-bg-color=\"false\" data-bg-color=\"\" data-bg-opacity=\"1\" data-animation=\"\" data-delay=\"0\" >\n\t\t<div class=\"vc_column-inner\" >\n\t\t\t<div class=\"wpb_wrapper\">\n\t\t\t\t\n\t\t\t<\/div> \n\t\t<\/div>\n\t<\/div> \n<\/div><\/div>\n\t\t<div id=\"fws_69ec7eca061a6\"  data-column-margin=\"default\" data-midnight=\"dark\"  class=\"wpb_row vc_row-fluid vc_row\"  style=\"padding-top: 0px; padding-bottom: 0px; \"><div class=\"row-bg-wrap\" data-bg-animation=\"none\" data-bg-animation-delay=\"\" data-bg-overlay=\"false\"><div class=\"inner-wrap row-bg-layer\" ><div class=\"row-bg viewport-desktop\"  style=\"\"><\/div><\/div><\/div><div class=\"row_col_wrap_12 col span_12 dark left\">\n\t<div  class=\"vc_col-sm-2 vc_hidden-sm vc_hidden-xs wpb_column column_container vc_column_container col no-extra-padding inherit_tablet inherit_phone\"  data-padding-pos=\"all\" data-has-bg-color=\"false\" data-bg-color=\"\" data-bg-opacity=\"1\" data-animation=\"\" data-delay=\"0\" >\n\t\t<div class=\"vc_column-inner\" >\n\t\t\t<div class=\"wpb_wrapper\">\n\t\t\t\t\n\t\t\t<\/div> \n\t\t<\/div>\n\t<\/div> \n\n\t<div  class=\"vc_col-sm-8 wpb_column column_container vc_column_container col padding-3-percent inherit_tablet inherit_phone\"  data-padding-pos=\"all\" data-has-bg-color=\"false\" data-bg-color=\"\" data-bg-opacity=\"1\" data-animation=\"\" data-delay=\"0\" >\n\t\t<div class=\"vc_column-inner\" >\n\t\t\t<div class=\"wpb_wrapper\">\n\t\t\t\t\n<div class=\"wpb_text_column wpb_content_element\" >\n\t<p><strong>Cuando empez\u00f3 a trabajar en peque\u00f1as empresas, \u00bfc\u00f3mo se aseguraba el acceso y la confianza de empresarios muy ocupados que podr\u00edan desconfiar de los medios de comunicaci\u00f3n o de la fotograf\u00eda? \u00bfC\u00f3mo consegu\u00eda ese equilibrio y esa confianza?<\/strong><\/p>\n<p><span style=\"font-weight: 400;\">Tienes que aceptar muchos \"noes\". Normalmente entraba con mi c\u00e1mara en la bolsa y me presentaba como estudiante del Columbia College que estaba trabajando en un proyecto. Les ense\u00f1aba algunas de mis fotos y les dec\u00eda: \"Me encantar\u00eda fotografiar su tienda. \u00bfLe importar\u00eda?<\/span><\/p>\n<p><span style=\"font-weight: 400;\">Despu\u00e9s de centrarme en las empresas propiedad de inmigrantes, les hablaba del proyecto y la gente dec\u00eda: \"S\u00ed, soy de Venezuela\" o \"soy de donde sea\". Ten\u00edamos una conversaci\u00f3n sobre la historia de la inmigraci\u00f3n en su vida o en su familia y sobre c\u00f3mo surgi\u00f3 ese negocio. Algunas personas tienen m\u00e1s conversaci\u00f3n, mientras que otras estaban menos interesadas en hablar. Algunos dicen: 'S\u00ed, haz las fotos que quieras, yo s\u00f3lo voy a trabajar'. Ellos se dedican a lo suyo, y yo me limito a fotografiarles mientras trabajan.\u00a0<\/span><\/p>\n<p><span style=\"font-weight: 400;\">Yo fotografiaba el espacio y, por lo general, a nadie le importaba. Con los retratos, a veces la gente estar\u00eda dispuesta a dejarme fotografiarles enseguida porque no est\u00e1n ocupados. Normalmente puedo hacer mis retratos en unos 15-20 minutos. Preparo la c\u00e1mara. Preparo el tr\u00edpode. Hago mi composici\u00f3n. S\u00e9 d\u00f3nde voy a colocar a mi persona. No preparo un segundo retrato en otro lugar, doy una vuelta e intento encontrar otra ubicaci\u00f3n. Soy muy intencional, como: \"Aqu\u00ed es donde va a estar el retrato\", y hago una toma.\u00a0\u00a0<\/span><\/p>\n<\/div>\n\n\n\n<div id=\"fws_69ec7eca06b94\" data-midnight=\"\" data-column-margin=\"default\" class=\"wpb_row vc_row-fluid vc_row inner_row\"  style=\"\"><div class=\"row-bg-wrap\"> <div class=\"row-bg\" ><\/div> <\/div><div class=\"row_col_wrap_12_inner col span_12  left\">\n\t<div  class=\"vc_col-sm-12 wpb_column column_container vc_column_container col child_column no-extra-padding inherit_tablet inherit_phone border_bottom_desktop_1px border_color_000000 border_style_solid\"   data-padding-pos=\"all\" data-has-bg-color=\"false\" data-bg-color=\"\" data-bg-opacity=\"1\" data-animation=\"\" data-delay=\"0\" >\n\t\t<div class=\"vc_column-inner\" >\n\t\t<div class=\"wpb_wrapper\">\n\t\t\t<div class=\"vc_separator wpb_content_element vc_separator_align_center vc_sep_width_100 vc_sep_pos_align_center vc_sep_color_black wpb_content_element vc_separator-has-text\" ><span class=\"vc_sep_holder vc_sep_holder_l\"><span class=\"vc_sep_line\"><\/span><\/span><h4 id=\"read-more-of-our-coverage\">M\u00e1s informaci\u00f3n<\/h4><span class=\"vc_sep_holder vc_sep_holder_r\"><span class=\"vc_sep_line\"><\/span><\/span>\n<\/div>\n<div class=\"wpb_text_column wpb_content_element\" >\n\t\t\t<div class=\"pk-inline-posts\">\n\t\t\t\n\t\t\t<div class=\"pk-inline-posts-container pk-inline-posts-template-list\"\n\t\t\t\tdata-columns=\"1\">\n\t\t\t\t\t\t<article id=\"post-13110\" class=\"post-13110 post type-post status-publish format-standard has-post-thumbnail category-as-told-to tag-dianasolis\">\n\t\t\t<div class=\"pk-post-outer\">\n\n\t\t\t\t\t\t\t\t<div class=\"pk-post-inner\">\n\t\t\t\t\t<div class=\"entry-thumbnail\">\n\t\t\t\t\t\t<div class=\"pk-overlay pk-overlay-ratio pk-ratio-landscape\">\n\t\t\t\t\t\t\t<div class=\"pk-overlay-background\">\n\t\t\t\t\t\t\t\t<a href=\"https:\/\/borderlessmag.org\/es\/2022\/07\/28\/pilsen-photography-book-diana-solis\/\" class=\"pk-overlay-link\">\n\t\t\t\t\t\t\t\t\t<img decoding=\"async\" width=\"1\" height=\"1\" src=\"https:\/\/borderlessmag.org\/wordpress\/wp-content\/uploads\/2022\/07\/22.7.28-Diana-Solis-4-featured.jpg\" class=\"attachment-pk-thumbnail size-pk-thumbnail wp-post-image\" alt=\"Diana Sol\u00eds en su casa con cuadros y juego de ajedrez\" \/>\t\t\t\t\t\t\t\t<\/a>\n\t\t\t\t\t\t\t<\/div>\n\t\t\t\t\t\t<\/div>\n\t\t\t\t\t<\/div>\n\t\t\t\t<\/div>\n\t\t\t\t\n\t\t\t\t<div class=\"pk-post-inner\">\n\t\t\t\t\t<header>\n\t\t\t\t\t\t<h3 class=\"pk-title\"><a href=\"https:\/\/borderlessmag.org\/es\/2022\/07\/28\/pilsen-photography-book-diana-solis\/\" rel=\"bookmark\">A trav\u00e9s de COVID y la gentrificaci\u00f3n, Diana Sol\u00eds capta la resistencia de Pilsen<\/a><\/h3>\t\t\t\t\t\t\t<div class=\"pk-post-meta\">\n\t\t\t\t\t\t\t\t<span class=\"pk-meta-author meta-author\"><span class=\"author vcard\"><a class=\"url fn n\" href=\"https:\/\/borderlessmag.org\/es\/author\/michelle-kanaar\/\" title=\"Ver todas las publicaciones de Michelle Kanaar\">Michelle Kanaar<\/a><\/span><\/span>\t\t\t\t\t\t\t\t<span class=\"sep\">-<\/span>\n\t\t\t\t\t\t\t\t<span class=\"pk-meta-date meta-date\"><a href=\"https:\/\/borderlessmag.org\/es\/2022\/07\/28\/pilsen-photography-book-diana-solis\/\" rel=\"bookmark\">28 de julio de 2022<\/a><\/span>\t\t\t\t\t\t\t<\/div>\n\t\t\t\t\t\t\t\t\t\t\t\t<\/header><!-- .entry-header -->\n\t\t\t\t<\/div><!-- .post-inner -->\n\n\t\t\t<\/div><!-- .post-outer -->\n\t\t<\/article>\n\t\t\t\t<\/div>\n\t\t<\/div>\n\t\t\n<\/div>\n\n\n\n\n\t\t<\/div> \n\t<\/div>\n\t<\/div> \n<\/div><\/div>\n<div class=\"wpb_text_column wpb_content_element\" >\n\t<p><b>\u00bfHiciste muchas visitas previas? Y, como has dicho, les preguntas por su experiencia. \u00bfTodo eso se hace en las visitas previas al d\u00eda de la fotograf\u00eda?<\/b><\/p>\n<p><span style=\"font-weight: 400;\">Depende; a veces, me presento y fotograf\u00edo el espacio, y alguien acepta inmediatamente un retrato porque simplemente tiene tiempo. A veces, les interesa lo que hago o no parece molestarles mi presencia. A veces, hago las fotos interiores y les pregunto: 'Oye, si tienes tiempo, me encantar\u00eda volver y hacerte un retrato cuando est\u00e9s lista'. Algunas personas quieren peinarse o llevar ropa diferente, y planificamos los retratos para otro d\u00eda. A veces pasan dos o tres visitas antes de que se haga el retrato, pero normalmente es la primera o la segunda vez que voy.\u00a0<\/span><\/p>\n<\/div>\n\n\n\n\n\t\t\t<\/div> \n\t\t<\/div>\n\t<\/div> \n\n\t<div  class=\"vc_col-sm-2 vc_hidden-sm vc_hidden-xs wpb_column column_container vc_column_container col no-extra-padding inherit_tablet inherit_phone\"  data-padding-pos=\"all\" data-has-bg-color=\"false\" data-bg-color=\"\" data-bg-opacity=\"1\" data-animation=\"\" data-delay=\"0\" >\n\t\t<div class=\"vc_column-inner\" >\n\t\t\t<div class=\"wpb_wrapper\">\n\t\t\t\t\n\t<div class=\"wpb_widgetised_column wpb_content_element\">\n\t\t<div id=\"sidebar\" data-nectar-ss=\"true\" class=\"wpb_wrapper\">\n\t\t\t<div id=\"custom_html-4 1articleright\" class=\"widget_text widget widget_custom_html\"><h3 id=\"wordpress-popular-posts\" class=\"widget-title\">Entradas populares de WordPress<\/h3><div class=\"textwidget custom-html-widget\"><h4 id=\"trending-posts\" class=\"widget-title\">Tendencias<\/h4><div class=\"wpp-shortcode\"><script type=\"application\/json\" data-id=\"wpp-shortcode-inline-js\">{\"title\":\"Trending Posts\",\"limit\":\"3\",\"offset\":0,\"range\":\"custom\",\"time_quantity\":\"124\",\"time_unit\":\"day\",\"freshness\":\"1\",\"order_by\":\"views\",\"post_type\":\"post\",\"pid\":\"\",\"exclude\":\"\",\"cat\":\"\",\"taxonomy\":\"category\",\"term_id\":\"\",\"author\":\"\",\"shorten_title\":{\"active\":false,\"length\":0,\"words\":false},\"post-excerpt\":{\"active\":false,\"length\":0,\"keep_format\":false,\"words\":false},\"thumbnail\":{\"active\":true,\"build\":\"predefined\",\"width\":\"240\",\"height\":\"160\"},\"rating\":false,\"stats_tag\":{\"comment_count\":false,\"views\":false,\"author\":false,\"date\":{\"active\":false,\"format\":\"F j, Y\"},\"category\":false,\"taxonomy\":{\"active\":false,\"name\":\"category\"}},\"markup\":{\"custom_html\":true,\"wpp-start\":\"&lt;ul class=&quot;wpp-list wpp-cardview&quot;&gt;\",\"wpp-end\":\"&lt;\\\/ul&gt;\",\"title-start\":\"&lt;h4 class=&quot;widget-title&quot;&gt;\",\"title-end\":\"&lt;\\\/h4&gt;\",\"post-html\":\"&lt;li&gt;{thumb} {title} {stats}&lt;\\\/li&gt;\"},\"theme\":{\"name\":\"\"}}<\/script><div class=\"wpp-shortcode-placeholder\"><\/div><\/div><\/div><\/div>\n\t\t<\/div> \n\t<\/div> \n\t\t\t<\/div> \n\t\t<\/div>\n\t<\/div> \n<\/div><\/div>\n\t\t<div id=\"fws_69ec7eca0b397\"  data-column-margin=\"default\" data-midnight=\"dark\"  class=\"wpb_row vc_row-fluid vc_row article-image\"  style=\"padding-top: 0px; padding-bottom: 0px; \"><div class=\"row-bg-wrap\" data-bg-animation=\"none\" data-bg-animation-delay=\"\" data-bg-overlay=\"false\"><div class=\"inner-wrap row-bg-layer\" ><div class=\"row-bg viewport-desktop\"  style=\"\"><\/div><\/div><\/div><div class=\"row_col_wrap_12 col span_12 dark left\">\n\t<div  class=\"vc_col-sm-12 wpb_column column_container vc_column_container col no-extra-padding inherit_tablet inherit_phone\"  data-padding-pos=\"all\" data-has-bg-color=\"false\" data-bg-color=\"\" data-bg-opacity=\"1\" data-animation=\"\" data-delay=\"0\" >\n\t\t<div class=\"vc_column-inner\" >\n\t\t\t<div class=\"wpb_wrapper\">\n\t\t\t\t<div class=\"img-with-aniamtion-wrap center\" data-max-width=\"100%\" data-max-width-mobile=\"default\" data-shadow=\"none\" data-animation=\"fade-in\" >\r\n      <div class=\"inner\">\r\n        <div class=\"hover-wrap\"> \r\n          <div class=\"hover-wrap-inner\">\r\n            <img decoding=\"async\" class=\"img-with-animation skip-lazy\" data-delay=\"0\" height=\"1280\" width=\"1920\" data-animation=\"fade-in\" src=\"https:\/\/borderlessmag.org\/wordpress\/wp-content\/uploads\/2024\/08\/2024_07_26_JonathanCastillo__LaMichoacana-1.jpg\" alt=\"\" srcset=\"https:\/\/borderlessmag.org\/wordpress\/wp-content\/uploads\/2024\/08\/2024_07_26_JonathanCastillo__LaMichoacana-1.jpg 1920w, https:\/\/borderlessmag.org\/wordpress\/wp-content\/uploads\/2024\/08\/2024_07_26_JonathanCastillo__LaMichoacana-1-1536x1024.jpg 1536w, https:\/\/borderlessmag.org\/wordpress\/wp-content\/uploads\/2024\/08\/2024_07_26_JonathanCastillo__LaMichoacana-1-150x100.jpg 150w, https:\/\/borderlessmag.org\/wordpress\/wp-content\/uploads\/2024\/08\/2024_07_26_JonathanCastillo__LaMichoacana-1-240x160.jpg 240w, https:\/\/borderlessmag.org\/wordpress\/wp-content\/uploads\/2024\/08\/2024_07_26_JonathanCastillo__LaMichoacana-1-300x200.jpg 300w, https:\/\/borderlessmag.org\/wordpress\/wp-content\/uploads\/2024\/08\/2024_07_26_JonathanCastillo__LaMichoacana-1-600x400.jpg 600w, https:\/\/borderlessmag.org\/wordpress\/wp-content\/uploads\/2024\/08\/2024_07_26_JonathanCastillo__LaMichoacana-1-900x600.jpg 900w, https:\/\/borderlessmag.org\/wordpress\/wp-content\/uploads\/2024\/08\/2024_07_26_JonathanCastillo__LaMichoacana-1-1200x800.jpg 1200w, https:\/\/borderlessmag.org\/wordpress\/wp-content\/uploads\/2024\/08\/2024_07_26_JonathanCastillo__LaMichoacana-1-1500x1000.jpg 1500w, https:\/\/borderlessmag.org\/wordpress\/wp-content\/uploads\/2024\/08\/2024_07_26_JonathanCastillo__LaMichoacana-1-1245x830.jpg 1245w, https:\/\/borderlessmag.org\/wordpress\/wp-content\/uploads\/2024\/08\/2024_07_26_JonathanCastillo__LaMichoacana-1-768x512.jpg 768w\" sizes=\"(min-width: 1450px) 75vw, (min-width: 1000px) 85vw, 100vw\" \/>\r\n         <\/div>\r\n      <\/div><span class=\"vc_figure-caption ccfic-text media-caption\">Maribel y Maya, Paleter\u00eda La Michoacana, Chicago (Kimball)<\/span><span class=\"media-credit\">Foto de Jonathan Castillo<\/span><\/div><\/div>\n\t\t\t<\/div> \n\t\t<\/div>\n\t<\/div> \n<\/div><\/div>\n\t\t<div id=\"fws_69ec7eca0c2b1\"  data-column-margin=\"default\" data-midnight=\"dark\"  class=\"wpb_row vc_row-fluid vc_row\"  style=\"padding-top: 0px; padding-bottom: 0px; \"><div class=\"row-bg-wrap\" data-bg-animation=\"none\" data-bg-animation-delay=\"\" data-bg-overlay=\"false\"><div class=\"inner-wrap row-bg-layer\" ><div class=\"row-bg viewport-desktop\"  style=\"\"><\/div><\/div><\/div><div class=\"row_col_wrap_12 col span_12 dark left\">\n\t<div  class=\"vc_col-sm-2 vc_hidden-sm vc_hidden-xs wpb_column column_container vc_column_container col no-extra-padding inherit_tablet inherit_phone\"  data-padding-pos=\"all\" data-has-bg-color=\"false\" data-bg-color=\"\" data-bg-opacity=\"1\" data-animation=\"\" data-delay=\"0\" >\n\t\t<div class=\"vc_column-inner\" >\n\t\t\t<div class=\"wpb_wrapper\">\n\t\t\t\t\n\t\t\t<\/div> \n\t\t<\/div>\n\t<\/div> \n\n\t<div  class=\"vc_col-sm-8 wpb_column column_container vc_column_container col padding-3-percent inherit_tablet inherit_phone\"  data-padding-pos=\"all\" data-has-bg-color=\"false\" data-bg-color=\"\" data-bg-opacity=\"1\" data-animation=\"\" data-delay=\"0\" >\n\t\t<div class=\"vc_column-inner\" >\n\t\t\t<div class=\"wpb_wrapper\">\n\t\t\t\t\n<div class=\"wpb_text_column wpb_content_element\" >\n\t<p><b>\u00bfCree que el p\u00fablico en general comprender\u00e1 mejor la amplitud de las diferentes culturas de inmigrantes en Chicago o que quiz\u00e1 pueda romper algunos estereotipos? \u00bfPensaba en algo de eso?<\/b><\/p>\n<p><span style=\"font-weight: 400;\">Considero que mi trabajo es pol\u00edtico y proinmigrante. Pero muy sutilmente, \u00bfno? No importa d\u00f3nde vivas en esta ciudad o en este pa\u00eds, tienes una tienda como esta por ah\u00ed. Cada pueblecito en medio de la nada tiene su restaurante chino, o mexicano, o el tipo de tienda que sea: la barber\u00eda regentada por un inmigrante.\u00a0\u00a0<\/span><\/p>\n<p><span style=\"font-weight: 400;\">Incluso mucha gente que es antiinmigrante, gente hiperconectada, probablemente no puede evitar el hecho de que frecuentan este tipo de negocios. Pero probablemente hay una desconexi\u00f3n en sus mentes entre la ret\u00f3rica y a menudo creo, todos los d\u00edas.<strong>\u00a0<\/strong>Si el trabajo fuera muy agresivo, pro-inmigrante y s\u00faper obvio y te golpeara en la cabeza, creo que es muy f\u00e1cil despreciarlo. Se puede caer en una especie de nosotros contra ellos, izquierda contra derecha, azul contra rojo, dem\u00f3crata, republicano. En lugar de eso, espero hacer un proyecto que sea muy honor\u00edfico para la gente que crea estas empresas y las dirige.\u00a0<\/span><\/p>\n<p><span style=\"font-weight: 400;\">Si la gente los ve, puede que incluso les recuerde al peque\u00f1o negocio de sus padres o de sus abuelos. Es un recordatorio de que la gente ha venido a este pa\u00eds durante generaciones con el sue\u00f1o espec\u00edfico de tener su propia peque\u00f1a empresa, de tener esa autonom\u00eda, de crear una vida mejor para sus hijos, de ser capaces de llevar a sus hijos a la universidad. O cualquiera que sea su versi\u00f3n del sue\u00f1o. Mi objetivo es siempre ser pol\u00edtico, pero de un modo sutil, positivo, no combativo, para que el p\u00fablico m\u00e1s amplio posible pueda disfrutarlo y conectar con \u00e9l.<\/span><\/p>\n<p><span style=\"font-weight: 400;\">No s\u00e9 si influir\u00e1 en alguien, pero tiene m\u00e1s posibilidades de influir en la gente. El arte, por s\u00ed mismo, sienta las bases de las conversaciones. Si hablamos, tenemos esperanza. Pero si no hablamos y nos peleamos, tenemos palabras o tenemos violencia. Es una comunicaci\u00f3n visual. Es otra forma de decir lo que pienso.\u00a0<\/span><\/p>\n<p><b>\u00bfHay alguna pregunta espec\u00edfica o algo que espera que el p\u00fablico se plantee despu\u00e9s de ver su obra?<\/b><\/p>\n<p><span style=\"font-weight: 400;\">Pens\u00e9 que estaba fotografiando algo que se iba y mor\u00eda cuando empec\u00e9 este proyecto. Que todos estos peque\u00f1os negocios son subsumidos por Amazon. Pero cuanto m\u00e1s hago esto, m\u00e1s no lo creo m\u00e1s. Usted sabe que vienen en ciclos. Las peque\u00f1as empresas crecen en este tipo de modelo corporativo y se convierten en una cosa mucho m\u00e1s grande, o se convierten en \u00e9xito suficiente que se pasa de generaci\u00f3n en generaci\u00f3n. Para otros, sirvi\u00f3 para que sus hijos fueran a la universidad, y mam\u00e1 y pap\u00e1 pueden retirarse a las afueras y ya no necesitan ese negocio. En otros casos, la comunidad a la que serv\u00eda se ha trasladado, como en Belmont Cragin. Antes era una comunidad polaca, pero ahora es una comunidad latina. Estas cosas van por oleadas.\u00a0<\/span><\/p>\n<p><span style=\"font-weight: 400;\">Pero en cuanto a lo que me llevo, quiero que la gente sienta curiosidad por este tipo de tiendas, las visite y las aprecie, ya sean estas en concreto o las de su propio barrio. Y no necesariamente tiendas regentadas por inmigrantes, sino todos los peque\u00f1os comercios en general. Mi otro proyecto, \"Flags, Food, and Faith\" (Banderas, comida y fe), trata sobre los comercios negros y latinos de las zonas sur y oeste.\u00a0<\/span><\/p>\n<\/div>\n\n\n\n\n\t\t\t<\/div> \n\t\t<\/div>\n\t<\/div> \n\n\t<div  class=\"vc_col-sm-2 vc_hidden-sm vc_hidden-xs wpb_column column_container vc_column_container col no-extra-padding inherit_tablet inherit_phone\"  data-padding-pos=\"all\" data-has-bg-color=\"false\" data-bg-color=\"\" data-bg-opacity=\"1\" data-animation=\"\" data-delay=\"0\" >\n\t\t<div class=\"vc_column-inner\" >\n\t\t\t<div class=\"wpb_wrapper\">\n\t\t\t\t\n\t\t\t<\/div> \n\t\t<\/div>\n\t<\/div> \n<\/div><\/div>\n\t\t<div id=\"fws_69ec7eca0d34b\"  data-column-margin=\"default\" data-midnight=\"dark\"  class=\"wpb_row vc_row-fluid vc_row\"  style=\"padding-top: 0px; padding-bottom: 0px; \"><div class=\"row-bg-wrap\" data-bg-animation=\"none\" data-bg-animation-delay=\"\" data-bg-overlay=\"false\"><div class=\"inner-wrap row-bg-layer\" ><div class=\"row-bg viewport-desktop\"  style=\"\"><\/div><\/div><\/div><div class=\"row_col_wrap_12 col span_12 dark left\">\n\t<div  class=\"vc_col-sm-2 vc_hidden-sm vc_hidden-xs wpb_column column_container vc_column_container col no-extra-padding inherit_tablet inherit_phone\"  data-padding-pos=\"all\" data-has-bg-color=\"false\" data-bg-color=\"\" data-bg-opacity=\"1\" data-animation=\"\" data-delay=\"0\" >\n\t\t<div class=\"vc_column-inner\" >\n\t\t\t<div class=\"wpb_wrapper\">\n\t\t\t\t\n\t\t\t<\/div> \n\t\t<\/div>\n\t<\/div> \n\n\t<div  class=\"vc_col-sm-8 wpb_column column_container vc_column_container col padding-3-percent inherit_tablet inherit_phone\"  data-padding-pos=\"all\" data-has-bg-color=\"false\" data-bg-color=\"\" data-bg-opacity=\"1\" data-animation=\"\" data-delay=\"0\" >\n\t\t<div class=\"vc_column-inner\" >\n\t\t\t<div class=\"wpb_wrapper\">\n\t\t\t\t<div class=\"img-with-aniamtion-wrap center\" data-max-width=\"100%\" data-max-width-mobile=\"default\" data-shadow=\"none\" data-animation=\"fade-in\"  style=\"margin-top: 3%; margin-bottom: 3%; \">\r\n      <div class=\"inner\">\r\n        <div class=\"hover-wrap\"> \r\n          <div class=\"hover-wrap-inner\">\r\n            <img decoding=\"async\" class=\"img-with-animation skip-lazy\" data-delay=\"0\" height=\"1281\" width=\"1920\" data-animation=\"fade-in\" src=\"https:\/\/borderlessmag.org\/wordpress\/wp-content\/uploads\/2024\/08\/2024_07_26_JonathanCastillo_DiscotecaFlores.jpg\" alt=\"\" srcset=\"https:\/\/borderlessmag.org\/wordpress\/wp-content\/uploads\/2024\/08\/2024_07_26_JonathanCastillo_DiscotecaFlores.jpg 1920w, https:\/\/borderlessmag.org\/wordpress\/wp-content\/uploads\/2024\/08\/2024_07_26_JonathanCastillo_DiscotecaFlores-1536x1025.jpg 1536w, https:\/\/borderlessmag.org\/wordpress\/wp-content\/uploads\/2024\/08\/2024_07_26_JonathanCastillo_DiscotecaFlores-150x100.jpg 150w, https:\/\/borderlessmag.org\/wordpress\/wp-content\/uploads\/2024\/08\/2024_07_26_JonathanCastillo_DiscotecaFlores-240x160.jpg 240w, https:\/\/borderlessmag.org\/wordpress\/wp-content\/uploads\/2024\/08\/2024_07_26_JonathanCastillo_DiscotecaFlores-300x200.jpg 300w, https:\/\/borderlessmag.org\/wordpress\/wp-content\/uploads\/2024\/08\/2024_07_26_JonathanCastillo_DiscotecaFlores-600x400.jpg 600w, https:\/\/borderlessmag.org\/wordpress\/wp-content\/uploads\/2024\/08\/2024_07_26_JonathanCastillo_DiscotecaFlores-900x600.jpg 900w, https:\/\/borderlessmag.org\/wordpress\/wp-content\/uploads\/2024\/08\/2024_07_26_JonathanCastillo_DiscotecaFlores-1200x800.jpg 1200w, https:\/\/borderlessmag.org\/wordpress\/wp-content\/uploads\/2024\/08\/2024_07_26_JonathanCastillo_DiscotecaFlores-1500x1000.jpg 1500w, https:\/\/borderlessmag.org\/wordpress\/wp-content\/uploads\/2024\/08\/2024_07_26_JonathanCastillo_DiscotecaFlores-1245x830.jpg 1245w, https:\/\/borderlessmag.org\/wordpress\/wp-content\/uploads\/2024\/08\/2024_07_26_JonathanCastillo_DiscotecaFlores-768x512.jpg 768w\" sizes=\"(min-width: 1450px) 75vw, (min-width: 1000px) 85vw, 100vw\" \/>\r\n         <\/div>\r\n      <\/div><span class=\"vc_figure-caption ccfic-text media-caption\">Discoteca Flores, Berwyn - 2023<\/span><span class=\"media-credit\">Foto de Jonathan Castillo<\/span><\/div><\/div>\n\t\t\t<\/div> \n\t\t<\/div>\n\t<\/div> \n\n\t<div  class=\"vc_col-sm-2 vc_hidden-sm vc_hidden-xs wpb_column column_container vc_column_container col no-extra-padding inherit_tablet inherit_phone\"  data-padding-pos=\"all\" data-has-bg-color=\"false\" data-bg-color=\"\" data-bg-opacity=\"1\" data-animation=\"\" data-delay=\"0\" >\n\t\t<div class=\"vc_column-inner\" >\n\t\t\t<div class=\"wpb_wrapper\">\n\t\t\t\t\n\t\t\t<\/div> \n\t\t<\/div>\n\t<\/div> \n<\/div><\/div>\n\t\t<div id=\"fws_69ec7eca0e6ca\"  data-column-margin=\"default\" data-midnight=\"dark\"  class=\"wpb_row vc_row-fluid vc_row\"  style=\"padding-top: 0px; padding-bottom: 0px; \"><div class=\"row-bg-wrap\" data-bg-animation=\"none\" data-bg-animation-delay=\"\" data-bg-overlay=\"false\"><div class=\"inner-wrap row-bg-layer\" ><div class=\"row-bg viewport-desktop\"  style=\"\"><\/div><\/div><\/div><div class=\"row_col_wrap_12 col span_12 dark left\">\n\t<div  class=\"vc_col-sm-2 vc_hidden-sm vc_hidden-xs wpb_column column_container vc_column_container col no-extra-padding inherit_tablet inherit_phone\"  data-padding-pos=\"all\" data-has-bg-color=\"false\" data-bg-color=\"\" data-bg-opacity=\"1\" data-animation=\"\" data-delay=\"0\" >\n\t\t<div class=\"vc_column-inner\" >\n\t\t\t<div class=\"wpb_wrapper\">\n\t\t\t\t\n\t\t\t<\/div> \n\t\t<\/div>\n\t<\/div> \n\n\t<div  class=\"vc_col-sm-8 wpb_column column_container vc_column_container col padding-3-percent inherit_tablet inherit_phone\"  data-padding-pos=\"all\" data-has-bg-color=\"false\" data-bg-color=\"\" data-bg-opacity=\"1\" data-animation=\"\" data-delay=\"0\" >\n\t\t<div class=\"vc_column-inner\" >\n\t\t\t<div class=\"wpb_wrapper\">\n\t\t\t\t\n<div class=\"wpb_text_column wpb_content_element\" >\n\t<p><b>\u00bfContinuar\u00e1 con Immigrant Owned en Chicago o se expandir\u00e1 a otros lugares?<\/b><\/p>\n<p><span style=\"font-weight: 400;\">Seguir\u00e9 haci\u00e9ndolo mientras est\u00e9 aqu\u00ed. Pienso quedarme en Chicago, escribir solicitudes de subvenci\u00f3n para ampliar el proyecto a otras partes del pa\u00eds y visitar otras grandes ciudades. Me gustar\u00eda volver a Los \u00c1ngeles y hacerlo. Puede que tambi\u00e9n vaya a Nueva York, pero tambi\u00e9n visitar\u00e9 algunas zonas rurales del pa\u00eds, lugares fuera de los caminos trillados.<\/span><i><span style=\"font-weight: 400;\">\u00a0<\/span><\/i><\/p>\n<p><span style=\"font-weight: 400;\">Chicago se ha portado muy bien conmigo, y el proyecto va muy bien aqu\u00ed. Ha sido muy celebrado aqu\u00ed. \"Flags, Food, and Faith\" va al aeropuerto de Midway e \"Immigrant Owned\" al de O'Hare.<\/span><\/p>\n<p><span style=\"font-weight: 400;\">La raz\u00f3n por la que se instala en el aeropuerto es que es a la vez \"Bienvenido a Chicago\" y, para mucha gente, una especie de proyecto de \"Bienvenido a Am\u00e9rica\". Es lo primero que ven al pasar la aduana del aeropuerto. Chicago es casi como un sustituto del pa\u00eds por su diversidad de barrios. Lo bueno del proyecto es que encajar\u00eda f\u00e1cilmente en un proyecto nacional m\u00e1s amplio. Es s\u00f3lo una cuesti\u00f3n de fondos: fondos y tiempo.<\/span><\/p>\n<p><b>Ya que ha mencionado el aeropuerto, especialmente la exposici\u00f3n permanente de O'Hare, est\u00e1 aprovechando realmente el potencial para llegar a un p\u00fablico verdaderamente internacional. \u00bfPuede hablarnos un poco de ello? \u00bfEs \u00e9ste el p\u00fablico final que ten\u00eda en mente para este proyecto?<\/b><\/p>\n<p><span style=\"font-weight: 400;\">Ni en mis sue\u00f1os m\u00e1s salvajes imagin\u00e9 que ser\u00eda en el aeropuerto. Durante la pandemia, el Departamento de Asuntos Culturales y Eventos Especiales me incluy\u00f3 en la lista de artistas precalificados para el arte p\u00fablico. Despu\u00e9s de entrar en la lista, me nombraron artista destacado, lo que significa que puedo hacer proyectos de arte p\u00fablico con la ciudad. Hice unas vallas publicitarias de COVID-19, que eran muy chulas.\u00a0<\/span><\/p>\n<p><span style=\"font-weight: 400;\">Despu\u00e9s, me incluyeron en otra lista para proyectos en el aeropuerto. Un d\u00eda me dijeron que me hab\u00edan seleccionado como finalista para esta comisi\u00f3n del aeropuerto y me pidieron un presupuesto y una propuesta. La escrib\u00ed con la impresi\u00f3n de que no me la dar\u00edan porque de los cuatro finalistas, al menos dos eran artistas muy consumados. Yo nunca hab\u00eda hecho nada de esta envergadura.\u00a0<\/span><\/p>\n<p><span style=\"font-weight: 400;\">Creo que me seleccionaron porque estoy fotografiando a un grupo de gente muy diverso: bienvenidos a Chicago, bienvenidos a Am\u00e9rica... todas esas cosas. Creo que encaja muy bien en el espacio. Ni en mis sue\u00f1os m\u00e1s salvajes imagin\u00e9 que estar\u00eda haciendo todos estos proyectos de arte p\u00fablico. Ahora he realizado varios proyectos fotogr\u00e1ficos de gran envergadura.<\/span><\/p>\n<p><span style=\"font-weight: 400;\">La ciudad de Chicago ha sido muy buena conmigo en ese sentido. Estoy muy agradecido. No ten\u00eda ni idea cuando empec\u00e9 esto en la escuela de posgrado de que esto es en lo que se iba a convertir.<\/span><\/p>\n<\/div>\n\n\n\n\n\t\t\t<\/div> \n\t\t<\/div>\n\t<\/div> \n\n\t<div  class=\"vc_col-sm-2 vc_hidden-sm vc_hidden-xs wpb_column column_container vc_column_container col no-extra-padding inherit_tablet inherit_phone\"  data-padding-pos=\"all\" data-has-bg-color=\"false\" data-bg-color=\"\" data-bg-opacity=\"1\" data-animation=\"\" data-delay=\"0\" >\n\t\t<div class=\"vc_column-inner\" >\n\t\t\t<div class=\"wpb_wrapper\">\n\t\t\t\t\n\t\t\t<\/div> \n\t\t<\/div>\n\t<\/div> \n<\/div><\/div>\n\t\t<div id=\"fws_69ec7eca0f6c6\"  data-column-margin=\"default\" data-midnight=\"dark\"  class=\"wpb_row vc_row-fluid vc_row article-image\"  style=\"padding-top: 0px; padding-bottom: 0px; \"><div class=\"row-bg-wrap\" data-bg-animation=\"none\" data-bg-animation-delay=\"\" data-bg-overlay=\"false\"><div class=\"inner-wrap row-bg-layer\" ><div class=\"row-bg viewport-desktop\"  style=\"\"><\/div><\/div><\/div><div class=\"row_col_wrap_12 col span_12 dark left\">\n\t<div  class=\"vc_col-sm-12 wpb_column column_container vc_column_container col no-extra-padding inherit_tablet inherit_phone\"  data-padding-pos=\"all\" data-has-bg-color=\"false\" data-bg-color=\"\" data-bg-opacity=\"1\" data-animation=\"\" data-delay=\"0\" >\n\t\t<div class=\"vc_column-inner\" >\n\t\t\t<div class=\"wpb_wrapper\">\n\t\t\t\t<div class=\"img-with-aniamtion-wrap center\" data-max-width=\"100%\" data-max-width-mobile=\"default\" data-shadow=\"none\" data-animation=\"fade-in\" >\r\n      <div class=\"inner\">\r\n        <div class=\"hover-wrap\"> \r\n          <div class=\"hover-wrap-inner\">\r\n            <img decoding=\"async\" class=\"img-with-animation skip-lazy\" data-delay=\"0\" height=\"1281\" width=\"1920\" data-animation=\"fade-in\" src=\"https:\/\/borderlessmag.org\/wordpress\/wp-content\/uploads\/2024\/08\/2024_07_26_JonathanCastillo_PolishVibesGiftGallery-Chicago.jpg\" alt=\"\" srcset=\"https:\/\/borderlessmag.org\/wordpress\/wp-content\/uploads\/2024\/08\/2024_07_26_JonathanCastillo_PolishVibesGiftGallery-Chicago.jpg 1920w, https:\/\/borderlessmag.org\/wordpress\/wp-content\/uploads\/2024\/08\/2024_07_26_JonathanCastillo_PolishVibesGiftGallery-Chicago-1536x1025.jpg 1536w, https:\/\/borderlessmag.org\/wordpress\/wp-content\/uploads\/2024\/08\/2024_07_26_JonathanCastillo_PolishVibesGiftGallery-Chicago-150x100.jpg 150w, https:\/\/borderlessmag.org\/wordpress\/wp-content\/uploads\/2024\/08\/2024_07_26_JonathanCastillo_PolishVibesGiftGallery-Chicago-240x160.jpg 240w, https:\/\/borderlessmag.org\/wordpress\/wp-content\/uploads\/2024\/08\/2024_07_26_JonathanCastillo_PolishVibesGiftGallery-Chicago-300x200.jpg 300w, https:\/\/borderlessmag.org\/wordpress\/wp-content\/uploads\/2024\/08\/2024_07_26_JonathanCastillo_PolishVibesGiftGallery-Chicago-600x400.jpg 600w, https:\/\/borderlessmag.org\/wordpress\/wp-content\/uploads\/2024\/08\/2024_07_26_JonathanCastillo_PolishVibesGiftGallery-Chicago-900x600.jpg 900w, https:\/\/borderlessmag.org\/wordpress\/wp-content\/uploads\/2024\/08\/2024_07_26_JonathanCastillo_PolishVibesGiftGallery-Chicago-1200x800.jpg 1200w, https:\/\/borderlessmag.org\/wordpress\/wp-content\/uploads\/2024\/08\/2024_07_26_JonathanCastillo_PolishVibesGiftGallery-Chicago-1500x1000.jpg 1500w, https:\/\/borderlessmag.org\/wordpress\/wp-content\/uploads\/2024\/08\/2024_07_26_JonathanCastillo_PolishVibesGiftGallery-Chicago-1245x830.jpg 1245w, https:\/\/borderlessmag.org\/wordpress\/wp-content\/uploads\/2024\/08\/2024_07_26_JonathanCastillo_PolishVibesGiftGallery-Chicago-768x512.jpg 768w\" sizes=\"(min-width: 1450px) 75vw, (min-width: 1000px) 85vw, 100vw\" \/>\r\n         <\/div>\r\n      <\/div><span class=\"vc_figure-caption ccfic-text media-caption\">Joanna, Galer\u00eda de regalos Polish Vibes, Chicago (Belmont Central)<\/span><span class=\"media-credit\">Foto de Jonathan Castillo<\/span><\/div><\/div>\n\t\t\t<\/div> \n\t\t<\/div>\n\t<\/div> \n<\/div><\/div>","protected":false},"excerpt":{"rendered":"<p>La fotograf\u00eda de Jonathan Castillo rompe estereotipos y rinde homenaje a los negocios propiedad de inmigrantes en Chicago y los suburbios cercanos.<\/p>","protected":false},"author":122,"featured_media":22687,"comment_status":"closed","ping_status":"closed","sticky":false,"template":"","format":"standard","meta":{"inline_featured_image":false,"footnotes":""},"categories":[318,136],"tags":[610],"coauthors":[407],"class_list":{"0":"post-22746","1":"post","2":"type-post","3":"status-publish","4":"format-standard","5":"has-post-thumbnail","7":"category-arts-culture","8":"category-labor","9":"tag-castillophotog"},"yoast_head":"<!-- This site is optimized with the Yoast SEO Premium plugin v27.3 (Yoast SEO v27.3) - https:\/\/yoast.com\/product\/yoast-seo-premium-wordpress\/ -->\n<title>The Faces of Immigrant-Owned Small Businesses in Chicago &#8211; Borderless Magazine NFP<\/title>\n<meta name=\"description\" content=\"Jonathan Castillo\u2019s photography breaks stereotypes and honors immigrant-owned businesses in Chicago and nearby suburbs.\" \/>\n<meta name=\"robots\" content=\"index, follow, max-snippet:-1, max-image-preview:large, max-video-preview:-1\" \/>\n<link rel=\"canonical\" href=\"https:\/\/borderlessmag.org\/es\/2024\/08\/13\/chicago-pequenas-empresas-fotografia-propiedad-de-inmigrantes-jonathan-castillo\/\" \/>\n<meta property=\"og:locale\" content=\"es_MX\" \/>\n<meta property=\"og:type\" content=\"article\" \/>\n<meta property=\"og:title\" content=\"The Faces of Immigrant-Owned Small Businesses in Chicago &#8211; Arts &amp; Culture &#8211; Borderless Magazine NFP\" \/>\n<meta property=\"og:description\" content=\"The Faces of Immigrant-Owned Small Businesses in Chicago &#8211; Arts &amp; Culture &#8211; Borderless Magazine NFP\" \/>\n<meta property=\"og:url\" content=\"https:\/\/borderlessmag.org\/es\/2024\/08\/13\/chicago-pequenas-empresas-fotografia-propiedad-de-inmigrantes-jonathan-castillo\/\" \/>\n<meta property=\"og:site_name\" content=\"Borderless Magazine NFP\" \/>\n<meta property=\"article:publisher\" content=\"https:\/\/www.facebook.com\/BorderlessMagazine\" \/>\n<meta property=\"article:published_time\" content=\"2024-08-13T13:47:03+00:00\" \/>\n<meta property=\"article:modified_time\" content=\"2025-10-09T14:45:03+00:00\" \/>\n<meta property=\"og:image\" content=\"https:\/\/borderlessmag.org\/wordpress\/wp-content\/uploads\/2024\/08\/2024_07_26_JonathanCastillo_Web_02.jpg\" \/>\n\t<meta property=\"og:image:width\" content=\"1920\" \/>\n\t<meta property=\"og:image:height\" content=\"1280\" \/>\n\t<meta property=\"og:image:type\" content=\"image\/jpeg\" \/>\n<meta name=\"author\" content=\"Michelle Kanaar\" \/>\n<meta name=\"twitter:card\" content=\"summary_large_image\" \/>\n<meta name=\"twitter:label1\" content=\"Escrito por\" \/>\n\t<meta name=\"twitter:data1\" content=\"Max Herman\" \/>\n\t<meta name=\"twitter:label2\" content=\"Tiempo de lectura\" \/>\n\t<meta name=\"twitter:data2\" content=\"21 minutos\" \/>\n\t<meta name=\"twitter:label3\" content=\"Written by\" \/>\n\t<meta name=\"twitter:data3\" content=\"Michelle Kanaar\" \/>\n<script type=\"application\/ld+json\" class=\"yoast-schema-graph\">{\"@context\":\"https:\\\/\\\/schema.org\",\"@graph\":[{\"@type\":\"NewsArticle\",\"@id\":\"https:\\\/\\\/borderlessmag.org\\\/2024\\\/08\\\/13\\\/chicago-small-businesses-immigrant-owned-photography-jonathan-castillo\\\/#article\",\"isPartOf\":{\"@id\":\"https:\\\/\\\/borderlessmag.org\\\/2024\\\/08\\\/13\\\/chicago-small-businesses-immigrant-owned-photography-jonathan-castillo\\\/\"},\"author\":{\"name\":\"Max Herman\",\"@id\":\"https:\\\/\\\/borderlessmag.org\\\/#\\\/schema\\\/person\\\/96eda84bde3c5e7c87bf93ff9a377514\"},\"headline\":\"The Faces of Immigrant-Owned Small Businesses in Chicago\",\"datePublished\":\"2024-08-13T13:47:03+00:00\",\"dateModified\":\"2025-10-09T14:45:03+00:00\",\"mainEntityOfPage\":{\"@id\":\"https:\\\/\\\/borderlessmag.org\\\/2024\\\/08\\\/13\\\/chicago-small-businesses-immigrant-owned-photography-jonathan-castillo\\\/\"},\"wordCount\":4339,\"publisher\":{\"@id\":\"https:\\\/\\\/borderlessmag.org\\\/#organization\"},\"image\":{\"@id\":\"https:\\\/\\\/borderlessmag.org\\\/2024\\\/08\\\/13\\\/chicago-small-businesses-immigrant-owned-photography-jonathan-castillo\\\/#primaryimage\"},\"thumbnailUrl\":\"https:\\\/\\\/borderlessmag.org\\\/wordpress\\\/wp-content\\\/uploads\\\/2024\\\/08\\\/2024_07_26_JonathanCastillo_Web_02.jpg\",\"keywords\":[\"CastilloPhotog\"],\"articleSection\":[\"Arts &amp; Culture\",\"Labor and Economics\"],\"inLanguage\":\"es\",\"copyrightYear\":\"2022\",\"copyrightHolder\":{\"@id\":\"https:\\\/\\\/borderlessmag.org\\\/es\\\/#organization\"}},{\"@type\":\"WebPage\",\"@id\":\"https:\\\/\\\/borderlessmag.org\\\/2024\\\/08\\\/13\\\/chicago-small-businesses-immigrant-owned-photography-jonathan-castillo\\\/\",\"url\":\"https:\\\/\\\/borderlessmag.org\\\/2024\\\/08\\\/13\\\/chicago-small-businesses-immigrant-owned-photography-jonathan-castillo\\\/\",\"name\":\"The Faces of Immigrant-Owned Small Businesses in Chicago &#8211; Borderless Magazine NFP\",\"isPartOf\":{\"@id\":\"https:\\\/\\\/borderlessmag.org\\\/#website\"},\"primaryImageOfPage\":{\"@id\":\"https:\\\/\\\/borderlessmag.org\\\/2024\\\/08\\\/13\\\/chicago-small-businesses-immigrant-owned-photography-jonathan-castillo\\\/#primaryimage\"},\"image\":{\"@id\":\"https:\\\/\\\/borderlessmag.org\\\/2024\\\/08\\\/13\\\/chicago-small-businesses-immigrant-owned-photography-jonathan-castillo\\\/#primaryimage\"},\"thumbnailUrl\":\"https:\\\/\\\/borderlessmag.org\\\/wordpress\\\/wp-content\\\/uploads\\\/2024\\\/08\\\/2024_07_26_JonathanCastillo_Web_02.jpg\",\"datePublished\":\"2024-08-13T13:47:03+00:00\",\"dateModified\":\"2025-10-09T14:45:03+00:00\",\"description\":\"Jonathan Castillo\u2019s photography breaks stereotypes and honors immigrant-owned businesses in Chicago and nearby suburbs.\",\"inLanguage\":\"es\",\"potentialAction\":[{\"@type\":\"ReadAction\",\"target\":[\"https:\\\/\\\/borderlessmag.org\\\/2024\\\/08\\\/13\\\/chicago-small-businesses-immigrant-owned-photography-jonathan-castillo\\\/\"]}]},{\"@type\":\"ImageObject\",\"inLanguage\":\"es\",\"@id\":\"https:\\\/\\\/borderlessmag.org\\\/2024\\\/08\\\/13\\\/chicago-small-businesses-immigrant-owned-photography-jonathan-castillo\\\/#primaryimage\",\"url\":\"https:\\\/\\\/borderlessmag.org\\\/wordpress\\\/wp-content\\\/uploads\\\/2024\\\/08\\\/2024_07_26_JonathanCastillo_Web_02.jpg\",\"contentUrl\":\"https:\\\/\\\/borderlessmag.org\\\/wordpress\\\/wp-content\\\/uploads\\\/2024\\\/08\\\/2024_07_26_JonathanCastillo_Web_02.jpg\",\"width\":1920,\"height\":1280,\"caption\":\"Photographer Jonathan Michael Castillo outside the Comfort Station, home to his recent photo show, Flags, Food, and Faith on Friday, July 26, 2024.\"},{\"@type\":\"WebSite\",\"@id\":\"https:\\\/\\\/borderlessmag.org\\\/#website\",\"url\":\"https:\\\/\\\/borderlessmag.org\\\/\",\"name\":\"Borderless Magazine NFP\",\"description\":\"Stories about immigration and immigrants\",\"publisher\":{\"@id\":\"https:\\\/\\\/borderlessmag.org\\\/#organization\"},\"alternateName\":\"Borderless\",\"potentialAction\":[{\"@type\":\"SearchAction\",\"target\":{\"@type\":\"EntryPoint\",\"urlTemplate\":\"https:\\\/\\\/borderlessmag.org\\\/?s={search_term_string}\"},\"query-input\":{\"@type\":\"PropertyValueSpecification\",\"valueRequired\":true,\"valueName\":\"search_term_string\"}}],\"inLanguage\":\"es\"},{\"@type\":\"Organization\",\"@id\":\"https:\\\/\\\/borderlessmag.org\\\/#organization\",\"name\":\"Borderless Magazine NFP\",\"alternateName\":\"Borderless Mag\",\"url\":\"https:\\\/\\\/borderlessmag.org\\\/\",\"logo\":{\"@type\":\"ImageObject\",\"inLanguage\":\"es\",\"@id\":\"https:\\\/\\\/borderlessmag.org\\\/#\\\/schema\\\/logo\\\/image\\\/\",\"url\":\"https:\\\/\\\/borderlessmag.org\\\/wordpress\\\/wp-content\\\/uploads\\\/2025\\\/08\\\/BorderlessLogo_main_square.jpg\",\"contentUrl\":\"https:\\\/\\\/borderlessmag.org\\\/wordpress\\\/wp-content\\\/uploads\\\/2025\\\/08\\\/BorderlessLogo_main_square.jpg\",\"width\":696,\"height\":696,\"caption\":\"Borderless Magazine NFP\"},\"image\":{\"@id\":\"https:\\\/\\\/borderlessmag.org\\\/#\\\/schema\\\/logo\\\/image\\\/\"},\"sameAs\":[\"https:\\\/\\\/www.facebook.com\\\/BorderlessMagazine\",\"https:\\\/\\\/www.instagram.com\\\/borderless_mag\\\/\",\"https:\\\/\\\/www.tiktok.com\\\/@borderless_mag\"]},{\"@type\":\"Person\",\"@id\":\"https:\\\/\\\/borderlessmag.org\\\/#\\\/schema\\\/person\\\/96eda84bde3c5e7c87bf93ff9a377514\",\"name\":\"Max Herman\",\"image\":{\"@type\":\"ImageObject\",\"inLanguage\":\"es\",\"@id\":\"https:\\\/\\\/secure.gravatar.com\\\/avatar\\\/5e8e57236ed67b3fb29c65f7a455c224356cc054b322c92ba7bce6669bf36186?s=96&d=mm&r=g694fef07c61742bd4b260741b2f07524\",\"url\":\"https:\\\/\\\/secure.gravatar.com\\\/avatar\\\/5e8e57236ed67b3fb29c65f7a455c224356cc054b322c92ba7bce6669bf36186?s=96&d=mm&r=g\",\"contentUrl\":\"https:\\\/\\\/secure.gravatar.com\\\/avatar\\\/5e8e57236ed67b3fb29c65f7a455c224356cc054b322c92ba7bce6669bf36186?s=96&d=mm&r=g\",\"caption\":\"Max Herman\"},\"url\":\"https:\\\/\\\/borderlessmag.org\\\/es\\\/author\\\/max-herman\\\/\"}]}<\/script>\n<!-- \/ Yoast SEO Premium plugin. -->","yoast_head_json":{"title":"Los rostros de las peque\u00f1as empresas propiedad de inmigrantes en Chicago - Borderless Magazine NFP","description":"La fotograf\u00eda de Jonathan Castillo rompe estereotipos y rinde homenaje a los negocios propiedad de inmigrantes en Chicago y los suburbios cercanos.","robots":{"index":"index","follow":"follow","max-snippet":"max-snippet:-1","max-image-preview":"max-image-preview:large","max-video-preview":"max-video-preview:-1"},"canonical":"https:\/\/borderlessmag.org\/es\/2024\/08\/13\/chicago-pequenas-empresas-fotografia-propiedad-de-inmigrantes-jonathan-castillo\/","og_locale":"es_MX","og_type":"article","og_title":"The Faces of Immigrant-Owned Small Businesses in Chicago &#8211; Arts &amp; Culture &#8211; Borderless Magazine NFP","og_description":"The Faces of Immigrant-Owned Small Businesses in Chicago &#8211; Arts &amp; Culture &#8211; Borderless Magazine NFP","og_url":"https:\/\/borderlessmag.org\/es\/2024\/08\/13\/chicago-pequenas-empresas-fotografia-propiedad-de-inmigrantes-jonathan-castillo\/","og_site_name":"Borderless Magazine NFP","article_publisher":"https:\/\/www.facebook.com\/BorderlessMagazine","article_published_time":"2024-08-13T13:47:03+00:00","article_modified_time":"2025-10-09T14:45:03+00:00","og_image":[{"width":1920,"height":1280,"url":"https:\/\/borderlessmag.org\/wordpress\/wp-content\/uploads\/2024\/08\/2024_07_26_JonathanCastillo_Web_02.jpg","type":"image\/jpeg"}],"author":"Michelle Kanaar","twitter_card":"summary_large_image","twitter_misc":{"Escrito por":"Max Herman","Tiempo de lectura":"21 minutos","Written by":"Michelle Kanaar"},"schema":{"@context":"https:\/\/schema.org","@graph":[{"@type":"NewsArticle","@id":"https:\/\/borderlessmag.org\/2024\/08\/13\/chicago-small-businesses-immigrant-owned-photography-jonathan-castillo\/#article","isPartOf":{"@id":"https:\/\/borderlessmag.org\/2024\/08\/13\/chicago-small-businesses-immigrant-owned-photography-jonathan-castillo\/"},"author":{"name":"Max Herman","@id":"https:\/\/borderlessmag.org\/#\/schema\/person\/96eda84bde3c5e7c87bf93ff9a377514"},"headline":"The Faces of Immigrant-Owned Small Businesses in Chicago","datePublished":"2024-08-13T13:47:03+00:00","dateModified":"2025-10-09T14:45:03+00:00","mainEntityOfPage":{"@id":"https:\/\/borderlessmag.org\/2024\/08\/13\/chicago-small-businesses-immigrant-owned-photography-jonathan-castillo\/"},"wordCount":4339,"publisher":{"@id":"https:\/\/borderlessmag.org\/#organization"},"image":{"@id":"https:\/\/borderlessmag.org\/2024\/08\/13\/chicago-small-businesses-immigrant-owned-photography-jonathan-castillo\/#primaryimage"},"thumbnailUrl":"https:\/\/borderlessmag.org\/wordpress\/wp-content\/uploads\/2024\/08\/2024_07_26_JonathanCastillo_Web_02.jpg","keywords":["CastilloPhotog"],"articleSection":["Arts &amp; Culture","Labor and Economics"],"inLanguage":"es","copyrightYear":"2022","copyrightHolder":{"@id":"https:\/\/borderlessmag.org\/es\/#organization"}},{"@type":"WebPage","@id":"https:\/\/borderlessmag.org\/2024\/08\/13\/chicago-small-businesses-immigrant-owned-photography-jonathan-castillo\/","url":"https:\/\/borderlessmag.org\/2024\/08\/13\/chicago-small-businesses-immigrant-owned-photography-jonathan-castillo\/","name":"Los rostros de las peque\u00f1as empresas propiedad de inmigrantes en Chicago - Borderless Magazine NFP","isPartOf":{"@id":"https:\/\/borderlessmag.org\/#website"},"primaryImageOfPage":{"@id":"https:\/\/borderlessmag.org\/2024\/08\/13\/chicago-small-businesses-immigrant-owned-photography-jonathan-castillo\/#primaryimage"},"image":{"@id":"https:\/\/borderlessmag.org\/2024\/08\/13\/chicago-small-businesses-immigrant-owned-photography-jonathan-castillo\/#primaryimage"},"thumbnailUrl":"https:\/\/borderlessmag.org\/wordpress\/wp-content\/uploads\/2024\/08\/2024_07_26_JonathanCastillo_Web_02.jpg","datePublished":"2024-08-13T13:47:03+00:00","dateModified":"2025-10-09T14:45:03+00:00","description":"La fotograf\u00eda de Jonathan Castillo rompe estereotipos y rinde homenaje a los negocios propiedad de inmigrantes en Chicago y los suburbios cercanos.","inLanguage":"es","potentialAction":[{"@type":"ReadAction","target":["https:\/\/borderlessmag.org\/2024\/08\/13\/chicago-small-businesses-immigrant-owned-photography-jonathan-castillo\/"]}]},{"@type":"ImageObject","inLanguage":"es","@id":"https:\/\/borderlessmag.org\/2024\/08\/13\/chicago-small-businesses-immigrant-owned-photography-jonathan-castillo\/#primaryimage","url":"https:\/\/borderlessmag.org\/wordpress\/wp-content\/uploads\/2024\/08\/2024_07_26_JonathanCastillo_Web_02.jpg","contentUrl":"https:\/\/borderlessmag.org\/wordpress\/wp-content\/uploads\/2024\/08\/2024_07_26_JonathanCastillo_Web_02.jpg","width":1920,"height":1280,"caption":"Photographer Jonathan Michael Castillo outside the Comfort Station, home to his recent photo show, Flags, Food, and Faith on Friday, July 26, 2024."},{"@type":"WebSite","@id":"https:\/\/borderlessmag.org\/#website","url":"https:\/\/borderlessmag.org\/","name":"Revista Borderless NFP","description":"Historias sobre inmigraci\u00f3n e inmigrantes","publisher":{"@id":"https:\/\/borderlessmag.org\/#organization"},"alternateName":"Borderless","potentialAction":[{"@type":"SearchAction","target":{"@type":"EntryPoint","urlTemplate":"https:\/\/borderlessmag.org\/?s={search_term_string}"},"query-input":{"@type":"PropertyValueSpecification","valueRequired":true,"valueName":"search_term_string"}}],"inLanguage":"es"},{"@type":"Organization","@id":"https:\/\/borderlessmag.org\/#organization","name":"Revista Borderless NFP","alternateName":"Borderless Mag","url":"https:\/\/borderlessmag.org\/","logo":{"@type":"ImageObject","inLanguage":"es","@id":"https:\/\/borderlessmag.org\/#\/schema\/logo\/image\/","url":"https:\/\/borderlessmag.org\/wordpress\/wp-content\/uploads\/2025\/08\/BorderlessLogo_main_square.jpg","contentUrl":"https:\/\/borderlessmag.org\/wordpress\/wp-content\/uploads\/2025\/08\/BorderlessLogo_main_square.jpg","width":696,"height":696,"caption":"Borderless Magazine NFP"},"image":{"@id":"https:\/\/borderlessmag.org\/#\/schema\/logo\/image\/"},"sameAs":["https:\/\/www.facebook.com\/BorderlessMagazine","https:\/\/www.instagram.com\/borderless_mag\/","https:\/\/www.tiktok.com\/@borderless_mag"]},{"@type":"Person","@id":"https:\/\/borderlessmag.org\/#\/schema\/person\/96eda84bde3c5e7c87bf93ff9a377514","name":"Max Herman","image":{"@type":"ImageObject","inLanguage":"es","@id":"https:\/\/secure.gravatar.com\/avatar\/5e8e57236ed67b3fb29c65f7a455c224356cc054b322c92ba7bce6669bf36186?s=96&d=mm&r=g694fef07c61742bd4b260741b2f07524","url":"https:\/\/secure.gravatar.com\/avatar\/5e8e57236ed67b3fb29c65f7a455c224356cc054b322c92ba7bce6669bf36186?s=96&d=mm&r=g","contentUrl":"https:\/\/secure.gravatar.com\/avatar\/5e8e57236ed67b3fb29c65f7a455c224356cc054b322c92ba7bce6669bf36186?s=96&d=mm&r=g","caption":"Max Herman"},"url":"https:\/\/borderlessmag.org\/es\/author\/max-herman\/"}]}},"cc_featured_image_caption":{"caption_text":"Photographer Jonathan Michael Castillo outside the Comfort Station, home to his recent photo show, Flags, Food, and Faith on Friday, July 26, 2024.","source_text":"","source_url":""},"_links":{"self":[{"href":"https:\/\/borderlessmag.org\/es\/wp-json\/wp\/v2\/posts\/22746","targetHints":{"allow":["GET"]}}],"collection":[{"href":"https:\/\/borderlessmag.org\/es\/wp-json\/wp\/v2\/posts"}],"about":[{"href":"https:\/\/borderlessmag.org\/es\/wp-json\/wp\/v2\/types\/post"}],"author":[{"embeddable":true,"href":"https:\/\/borderlessmag.org\/es\/wp-json\/wp\/v2\/users\/122"}],"replies":[{"embeddable":true,"href":"https:\/\/borderlessmag.org\/es\/wp-json\/wp\/v2\/comments?post=22746"}],"version-history":[{"count":1,"href":"https:\/\/borderlessmag.org\/es\/wp-json\/wp\/v2\/posts\/22746\/revisions"}],"predecessor-version":[{"id":29805,"href":"https:\/\/borderlessmag.org\/es\/wp-json\/wp\/v2\/posts\/22746\/revisions\/29805"}],"wp:featuredmedia":[{"embeddable":true,"href":"https:\/\/borderlessmag.org\/es\/wp-json\/wp\/v2\/media\/22687"}],"wp:attachment":[{"href":"https:\/\/borderlessmag.org\/es\/wp-json\/wp\/v2\/media?parent=22746"}],"wp:term":[{"taxonomy":"category","embeddable":true,"href":"https:\/\/borderlessmag.org\/es\/wp-json\/wp\/v2\/categories?post=22746"},{"taxonomy":"post_tag","embeddable":true,"href":"https:\/\/borderlessmag.org\/es\/wp-json\/wp\/v2\/tags?post=22746"},{"taxonomy":"author","embeddable":true,"href":"https:\/\/borderlessmag.org\/es\/wp-json\/wp\/v2\/coauthors?post=22746"}],"curies":[{"name":"wp","href":"https:\/\/api.w.org\/{rel}","templated":true}]}}