{"id":2222,"date":"2020-03-04T01:56:48","date_gmt":"2020-03-04T01:56:48","guid":{"rendered":"http:\/\/borderlessmag.org\/?p=2222"},"modified":"2022-09-30T12:52:27","modified_gmt":"2022-09-30T17:52:27","slug":"jovenes-africanos-y-refugiados","status":"publish","type":"post","link":"https:\/\/borderlessmag.org\/es\/2020\/03\/04\/young-african-and-refugee\/","title":{"rendered":"J\u00f3venes, africanos y refugiados"},"content":{"rendered":"\n\t\t<div id=\"fws_69f5c566bc499\"  data-column-margin=\"default\" data-midnight=\"dark\"  class=\"wpb_row vc_row-fluid vc_row\"  style=\"padding-top: 0px; padding-bottom: 0px; \"><div class=\"row-bg-wrap\" data-bg-animation=\"none\" data-bg-animation-delay=\"\" data-bg-overlay=\"false\"><div class=\"inner-wrap row-bg-layer\" ><div class=\"row-bg viewport-desktop\"  style=\"\"><\/div><\/div><\/div><div class=\"row_col_wrap_12 col span_12 dark left\">\n\t<div  class=\"vc_col-sm-12 wpb_column column_container vc_column_container col no-extra-padding inherit_tablet inherit_phone \"  data-padding-pos=\"all\" data-has-bg-color=\"false\" data-bg-color=\"\" data-bg-opacity=\"1\" data-animation=\"\" data-delay=\"0\" >\n\t\t<div class=\"vc_column-inner\" >\n\t\t\t<div class=\"wpb_wrapper\">\n\t\t\t\t\n<div class=\"wpb_text_column wpb_content_element \" >\n\t<p style=\"text-align: center;\"><span style=\"color: #993300;\"><b>This story is co-published by Borderless Magazine and The TRiiBE<\/b><\/span><\/p>\n<p><span style=\"color: #000000;\"><span style=\"color: #993300;\"><a style=\"color: #993300;\" href=\"https:\/\/www.dhs.gov\/sites\/default\/files\/publications\/immigration-statistics\/yearbook\/2018\/refugees_asylees_2018.pdf\"><span style=\"font-weight: 400;\">More refugees came from Africa to the United States in 2018<\/span><\/a><\/span><span style=\"font-weight: 400;\"> than from any other region. Fleeing conflict and unstable governments, they come from the Democratic Republic of Congo, the Central African Republic, Eritrea, Sudan and other countries. They are by and large young \u2014 nearly 60 percent of all refugees who came to the United States in 2018 were under the age of 25.<\/span><\/span><\/p>\n<p><span style=\"font-weight: 400; color: #000000;\">When they arrive in cities like Chicago, young African refugees carry with them the trauma of having fled their home country and living in refugee camps for years in many cases.\u00a0<\/span><\/p>\n<p><span style=\"color: #000000;\"><span style=\"font-weight: 400;\">\u201cMost of these kids have experienced trauma at each level of their journey here,\u201d said Rebecca Ford-Paz, a clinical child psychologist at the <\/span><span style=\"color: #993300;\"><a style=\"color: #993300;\" href=\"https:\/\/childhoodresilience.org\/\"><span style=\"font-weight: 400;\">Center for Childhood Resilience<\/span><\/a><\/span><span style=\"font-weight: 400;\"><span style=\"color: #993300;\">.<\/span> \u201cThese kids are now no longer surrounded by their social support network and they\u2019ve been relocated to a new country with new language and new customs, new medical system and new school. They\u2019re pretty isolated. And they now may be experiencing discrimination and racism for perhaps the first time.\u201d<\/span><\/span><\/p>\n<p><span style=\"font-weight: 400; color: #000000;\">In the case of African refugees in Chicago they can find themselves grappling with some of the same challenges that other young Black people face here, including racism, inequity, gangs and gun violence.<\/span><\/p>\n<p><span style=\"color: #000000;\"><span style=\"font-weight: 400;\">\u201cIssues of incarceration and lack of access to jobs impact our youth,\u201d said Nancy Asirifi-Otchere, executive director of the <\/span><span style=\"color: #993300;\"><a style=\"color: #993300;\" href=\"https:\/\/uniteafricans.org\/\"><span style=\"font-weight: 400;\">United African Organization<\/span><\/a><\/span><span style=\"font-weight: 400;\">, a coalition of African community-based organizations that promotes social and economic justice, civic participation, and the empowerment of African immigrants and refugees in Illinois.\u00a0<\/span><\/span><\/p>\n<p><span style=\"font-weight: 400; color: #000000;\">\u201cSome of them, especially our boys because of peer pressure, end up being in the company of the wrong people and find themselves at the center of other issues that impact the larger Black community,\u201d Asirifi-Otchere said.<\/span><\/p>\n<p><span style=\"color: #000000;\"><strong><i>Borderless Magazine<\/i><\/strong><span style=\"font-weight: 400;\"> sat down with three African youth in Chicago to hear how they are navigating the challenges of being a young, African refugee in the United States.\u00a0<\/span><\/span><\/p>\n<hr \/>\n<p><span style=\"color: #000000;\"><img decoding=\"async\" class=\"alignnone size-full wp-image-2219\" src=\"https:\/\/borderlessmag.org\/wordpress\/wp-content\/uploads\/2022\/01\/AntoinetteMpawenayo_web.jpg\" alt=\"\" \/><\/span><\/p>\n<p style=\"text-align: right;\"><span style=\"color: #808080;\">Photo by Michelle Kanaar.<\/span><\/p>\n<h3 id=\"antoinette-mpawenayo-18-burundian-from-tanzania\"><span style=\"color: #000000;\"><b>Antoinette Mpawenayo, 18, Burundian from Tanzania<\/b><\/span><\/h3>\n<p><span style=\"color: #000000;\"><i><span style=\"font-weight: 400;\">Mpawenayo<\/span><\/i><i><span style=\"font-weight: 400;\"> came to the United States with her family in 2008. Today she is a senior in high school in Chicago\u2019s Edgewater neighborhood. In her free time, she teaches <a href=\"https:\/\/circesteem.org\/\">circus<\/a> and tutors elementary school students.\u00a0<\/span><\/i><\/span><\/p>\n<p><span style=\"color: #000000;\"><i><span style=\"font-weight: 400;\">As told to Nissa Rhee<\/span><\/i><\/span><\/p>\n<p><span style=\"color: #000000;\"><span style=\"font-weight: 400;\">My first memory of coming to the United States is the welcoming hands of the different people in Chicago, especially my <\/span><a style=\"color: #000000;\" href=\"http:\/\/www.refugeeone.org\/\"><span style=\"font-weight: 400;\">Refugee One<\/span><\/a><span style=\"font-weight: 400;\"> community. I noticed a lot of buildings, cars and different faces. In my country you just have one color. But in Chicago, you see all different sorts of colors, all different sorts of cultures and races. I honestly found it very beautiful.<\/span><\/span><\/p>\n<p><span style=\"font-weight: 400; color: #000000;\">When I first came to America, I got bullied a lot.<\/span><\/p>\n<p><span style=\"color: #000000;\"><span style=\"font-weight: 400;\">\u00a0<\/span><span style=\"font-weight: 400;\">It really changed me. They didn\u2019t want to get to know me as a person. When I was getting bullied in elementary school, it made me stronger. It made me want to become a better person because the way I was treated was not a good feeling. So I want to do good for others. I\u2019m pretty sure there\u2019s a lot of people in this world who are going through the same things I did and I just want to be there for them.<\/span><\/span><\/p>\n<p><span style=\"font-weight: 400; color: #000000;\">With my family, it\u2019s really hard because my mom and dad don\u2019t speak English, [they speak Kirundi and Kiswahili]. They don\u2019t know much of what goes on in this world because a lot of things are being said in English and in a culture they\u2019re not used to.<\/span><\/p>\n<p><span style=\"font-weight: 400; color: #000000;\">It hurts me because they have this big idea that Black and African people are to blame for this gun violence. And as much as I would like to explain that no, we\u2019re not the fault of this, they have these stereotypes.\u00a0<\/span><\/p>\n<p><span style=\"font-weight: 400; color: #000000;\">But gun violence is happening. I came to this country to get away from the gun violence that was happening back home. To escape from the violence and then come into this violence, it was just like there was no point. I might as well have stayed in my country.<\/span><\/p>\n<p><span style=\"color: #000000;\"><span style=\"font-weight: 400;\">\u00a0<\/span><span style=\"font-weight: 400;\">My sister and I were walking to an Ethiopian restaurant on Wilson Avenue last year and I just got a really bad feeling that something bad was going to happen. I told my sister, \u201cSpeed up.\u201d So we started speeding up and we got inside and two minutes later there was a gun shot in front of the restaurant.<\/span><\/span><\/p>\n<p><span style=\"font-weight: 400; color: #000000;\">And I was like, \u201cWow, wow, wow, wow.\u201d What in the world? How did I get that instinct that this was going to happen and tell my younger sister we should speed up?\u00a0<\/span><\/p>\n<p><span style=\"font-weight: 400; color: #000000;\">My sister experienced it too. She was at a store and a guy with a gun happened to be in there. She texted me, \u201cI\u2019m scared, I don\u2019t know what to do.\u201d And she finally walks out and she\u2019s like, \u201cThey\u2019re following me!\u201d I was really scared that I could lose my sister. It was very scary.\u00a0<\/span><\/p>\n<p><span style=\"color: #000000;\"><span style=\"font-weight: 400;\">\u00a0<\/span><span style=\"font-weight: 400;\">A lot of Africans have been influenced into joining gangs and getting into drugs after coming here. I\u2019m trying to keep my little brother close so I can show him that I love him. I want him to stay strong and be himself. Sometimes it\u2019s hard to be yourself.<\/span><\/span><\/p>\n<p><span style=\"font-weight: 400; color: #000000;\">\u00a0<img decoding=\"async\" class=\"alignnone size-full wp-image-2221\" src=\"https:\/\/borderlessmag.org\/wordpress\/wp-content\/uploads\/2022\/01\/HiermielaTesfayonannes_web.jpg\" alt=\"\" \/><\/span><\/p>\n<p style=\"text-align: right;\"><span style=\"color: #808080;\">Photo by Michelle Kanaar.<\/span><\/p>\n<h3 id=\"hiermiela-tesfayonannes-15-eritrean\"><span style=\"color: #000000;\"><b>Hiermiela Tesfayonannes, 15, Eritrean\u00a0<\/b><\/span><\/h3>\n<p><span style=\"color: #000000;\"><i><span style=\"font-weight: 400;\">Tesfayonannes is originally from Eritrea. She and her family got stuck in Ethiopia while trying to visit her sick grandmother and were unable to return to Eritrea. They came to Chicago from a refugee camp in Ethiopia when she was 12 years old. She goes to school in Chicago\u2019s Rogers Park neighborhood and lives in West Ridge.<\/span><\/i><\/span><\/p>\n<p><span style=\"color: #000000;\"><i><span style=\"font-weight: 400;\">As told to Michelle Kanaar<\/span><\/i><\/span><\/p>\n<p><span style=\"font-weight: 400; color: #000000;\">American food was so surprising to me. We don&#8217;t eat that kind of food. But now, I just love it. You have to be like others so you&#8217;re like, \u201cLet me try a new thing, let me fit in.\u201d You just do things to fit in and I did just that. I used to hate pizza, like really bad. Like every time I smelled pizza I wanted to throw up. But now I&#8217;m obsessed.<\/span><\/p>\n<p><span style=\"font-weight: 400; color: #000000;\">When I first got here I went to public school. I didn&#8217;t really know how to speak English at that time and there was a group of girls who used to make fun of me. I could understand what they were saying but I couldn&#8217;t speak out.<\/span><\/p>\n<p><span style=\"font-weight: 400; color: #000000;\">I get it, you know? They were surprised that I was different. I used to bring food and they used to hate the smell of it and they used to complain. Every time I wanted to go to the bathroom I was just like &#8220;Me. Bathroom. Me. Bathroom.&#8221; I didn&#8217;t really know how to talk.<\/span><\/p>\n<p><span style=\"font-weight: 400; color: #000000;\">They were laughing at me and stuff. When I told my mom, she was really sad about it. Then she heard about this really nice Catholic school and I went there.<\/span><\/p>\n<p><span style=\"font-weight: 400; color: #000000;\">When I went to St. Thomas, I learned English really fast. I was like, \u201cFrom now on, I&#8217;m going to show the kids that I am smart, I can say things.\u201d You know what I mean? They think that refugee kids are really dumb because they don&#8217;t really speak English. Not all people, but most people.<\/span><\/p>\n<p><span style=\"font-weight: 400; color: #000000;\">At my [current] school, I just love it there. I have a lot of friends. There is a whole table of my friends at lunch and we&#8217;re just laughing and we can&#8217;t be quiet.<\/span><\/p>\n<p><span style=\"font-weight: 400; color: #000000;\">I remember the first report card was like, &#8220;I know your kid is smart but she talks in class.\u201d And then my dad was like, &#8220;You need to stop talking.&#8221; And I was like &#8220;I can&#8217;t.\u201d I mean I&#8217;m speaking English, this is a miracle to me. I just love speaking in English.<\/span><\/p>\n<p><span style=\"font-weight: 400; color: #000000;\">I hear in the news about a lot of violence happening. But it never happened to me or my friends or the people who are close to me. So I&#8217;m grateful for that. I hear a lot of bad things are happening and I just wish it could all end.<\/span><\/p>\n<p><span style=\"font-weight: 400; color: #000000;\">I am worried for the people getting hurt and for the people who are hurting them. I&#8217;m worried they will go to jail for it. I&#8217;m worried that the people who are getting hurt might die and leave a mark on the people who love them. Their family. Their friends.\u00a0<\/span><\/p>\n<p><span style=\"font-weight: 400; color: #000000;\">When I first heard I was coming to America, I was so excited. We used to think America was like heaven. When we saw films they&#8217;d have really good houses, really good pools. We were like, &#8220;When we go to America, we&#8217;re going to have those.&#8221; But the funny thing is we did not.<\/span><\/p>\n<p><span style=\"font-weight: 400; color: #000000;\">We liked our house at first but then when winter came we realized that there were leaks in the ceiling and that we did not have control of the heat. Our next house was nice and big. But it was in a different area of the city. My mom felt like she needed to move us because people were telling her that it was not the safest place to live. Now we live on Devon and like it more. Even though it wasn\u2019t like what the movies had shown us, I am grateful for what we have.\u00a0<\/span><\/p>\n<p><span style=\"font-weight: 400; color: #000000;\">\u00a0<\/span><span style=\"font-weight: 400; color: #000000;\">\u00a0<img decoding=\"async\" class=\"alignnone size-full wp-image-2220\" src=\"https:\/\/borderlessmag.org\/wordpress\/wp-content\/uploads\/2022\/01\/HafashimanaObedi_web.jpg\" alt=\"\" \/><\/span><\/p>\n<p style=\"text-align: right;\"><span style=\"color: #808080;\">Photo by Michelle Kanaar.<\/span><\/p>\n<h3 id=\"hafashimana-obedi-24-burundian-from-tanzania-and-the-democratic-republic-of-congo\"><span style=\"color: #000000;\"><b>Hafashimana Obedi, 24, Burundian from Tanzania and the Democratic Republic of Congo<\/b><\/span><\/h3>\n<p><span style=\"color: #000000;\"><i><span style=\"font-weight: 400;\">Obedi was born in a refugee camp in the Democratic Republic of Congo. His family, who is originally from Burundi, fled to Tanzania when he was three years old. His father was a religious man and did not want to take part in the ethnic war in Burundi. Later, when war broke out in the DRC as well, the family fled to Tanzania. Obedi lived in a refugee camp in Tanzania until he was 13 years old and then came to Chicago. Currently he works full time at O\u2019Hare Airport as a cook and part time as an interpreter at the <\/span><\/i><span style=\"color: #993300;\"><a style=\"color: #993300;\" href=\"https:\/\/www.heartlandalliance.org\/program\/marjorie-kovler-center\/\"><i><span style=\"font-weight: 400;\">Marjorie Kovler Center<\/span><\/i><\/a><\/span><i><span style=\"font-weight: 400;\"><span style=\"color: #993300;\">.<\/span> He lives with his mother and brother in Chicago\u2019s Rogers Park neighborhood.\u00a0<\/span><\/i><\/span><\/p>\n<p><span style=\"color: #000000;\"><i><span style=\"font-weight: 400;\">As told to Michelle Kanaar<\/span><\/i><\/span><\/p>\n<p><span style=\"font-weight: 400; color: #000000;\">The moment that I got here there was snow. That was the first big difference for me. In Tanzania it&#8217;s very, very hot. Things are totally different. In the refugee camp you really live on the basic necessities of life. You just have tents and it&#8217;s a waiting process, so you don&#8217;t have that much. In the refugee camp we were in, you were not allowed to really go out. When I came here I saw all these buildings. It was just a huge difference. The dogs, too. In Tanzania people don&#8217;t like dogs. When you see dogs you run away from them. But when I got here that&#8217;s the first thing I noticed. Everybody on the street had dogs and everybody wanted to pet them.<\/span><\/p>\n<p><span style=\"color: #000000;\"><span style=\"font-weight: 400;\">At first I couldn&#8217;t understand a thing. Back home we learned French in school. Here it was totally different. I didn&#8217;t know a single thing in English. <\/span><span style=\"color: #993300;\"><a style=\"color: #993300;\" href=\"http:\/\/www.cmsaonline.net\/\"><span style=\"font-weight: 400;\">Chicago Math and Science Academy<\/span><\/a><\/span><span style=\"font-weight: 400;\"> [where I went to school] is a very friendly place to immigrants. They have a lot of immigrants so it&#8217;s nothing new. The ESL program is huge and they put a lot of effort in making sure that non-English speakers succeed. Most of my teachers were foreign. They were either Turkish or Hispanic so they knew what it was like to be an immigrant. They also spoke another language. That helped us as well.<\/span><\/span><\/p>\n<p><span style=\"font-weight: 400; color: #000000;\">You go to school and you don&#8217;t know anybody. You don&#8217;t have any friends and you try to do the best you can and that&#8217;s it. Sometimes my brother and I got into fights with the other students when they picked on us. We couldn&#8217;t really defend ourselves so we always ended up in trouble. Because you just admit fault even though you didn&#8217;t start anything. You were just defending yourself. We understood and it wasn&#8217;t anything against the teacher, but we just couldn&#8217;t explain ourselves.<\/span><\/p>\n<p><span style=\"font-weight: 400; color: #000000;\">Sometimes things were misinterpreted. Like the guys who were trying to be cool with us and understood that we were going through a difficult time tried to be buddies with us. They would be like, &#8220;Oh, what&#8217;s up dog?&#8221; But then to us that would be offensive. Because a dog in Tanzania is like the lowest thing in society. The lowest thing you can be called. But here, people want to be called dogs and it&#8217;s like &#8220;Ah, no.&#8221; But it&#8217;s something you tell your buddy or your friend, right?<\/span><\/p>\n<p><span style=\"font-weight: 400; color: #000000;\">Just being in a new country is stressful by itself. And our parents, they&#8217;re really just as lost as we are. You can&#8217;t really ask them for much. They don&#8217;t know the culture or the language and they can&#8217;t really support their kids the way they want to. So kids are kind of figuring out life on their own and trying to do what they think is right. Most of the time, they just follow their peers. And their peers are as lost as they are and they don&#8217;t know any better.\u00a0<\/span><\/p>\n<p><span style=\"font-weight: 400; color: #000000;\">I know a lot of the East African youth that I used to hang out with took a different path in life. I think it was because they did not have mentors. [There is] peer pressure to join gangs and peer pressure to be their friends. They want to be cool. They want to fit in. Especially if you don&#8217;t speak the language and you see that these people have this brotherhood and they&#8217;re willing to defend you and you won&#8217;t get bullied. You feel relieved. Other guys would want to do the same because they\u2019re like, &#8220;This man is getting all the protection.&#8221; So they join gangs.\u00a0<\/span><\/p>\n<p><span style=\"font-weight: 400; color: #000000;\">Some of them have gotten in trouble with the law and now they are in jail. Those things are just not things that I want to be a part of. I said, &#8220;Yeah, you can call me whatever. But that&#8217;s not something I&#8217;m going to take part in.\u201d I&#8217;m glad none of my brothers joined or became a part of that.<\/span><\/p>\n<p><span style=\"font-weight: 400; color: #000000;\">Gun violence is for sure a problem for youth in my community. My mom doesn&#8217;t want us to even go out because there was a time when there was a shooting right behind our house in the alley. It is happening more and more now. It&#8217;s scary. One of my classmates got shot in his house. Another person got shot by the school.<\/span><\/p>\n<p><span style=\"font-weight: 400; color: #000000;\">Imagine coming from far away. You wait five years to come to the United States so you can be in a safer place. You escape a war or a war zone just to come and be shot by a bullet in a non-combat environment. It&#8217;s very scary. It\u2019s always on the news and I don&#8217;t want my mom to watch that too much because she experienced two wars. I know that can be very traumatic. You escape two wars just to come to be in a place where you have to worry about shootings.<\/span><\/p>\n<p><span style=\"font-weight: 400; color: #000000;\">My family has had mentors since we got here: John and Joe. Those mentors have really helped us a lot. They have shaped the way we see the world. They&#8217;re really good guys. When my father passed away a while ago, that\u2019s when John and Joe came in. And ever since they&#8217;ve always been around us. That really helped a lot.<\/span><\/p>\n<p><span style=\"font-weight: 400; color: #000000;\">You\u2019re a guy. You&#8217;re a boy and you&#8217;re going to be a man one day. My brother and I would say, \u201cOne day, that&#8217;s what we want to be.\u201d We want to be like John and Joe. I want to be a youth mentor. That&#8217;s what I really want to do. Either a youth preacher or a pastor. I want to do something with youth mentoring. Especially for those who are raised in single-parent homes.\u00a0<\/span><\/p>\n<p><span style=\"font-weight: 400; color: #000000;\">My father\u2019s idea of a church was very different than the mainstream idea. To him, serving God was more than just teaching people on Sunday. He hated this gospel of condemning people and just telling people, \u201cYou are going to hell.\u201d He was more of a service man. In the Democratic Republic of Congo, he adopted many kids and brought them home. He felt like that was what service was about.<\/span><\/p>\n<p><span style=\"font-weight: 400; color: #000000;\">I used to hear that it takes a community to raise a child. When I look at myself and I look at my brothers, I&#8217;m like, it&#8217;s really true. Having mentors and people in the community who stepped up, it really helped. They would help me and direct me in the right way instead of me going to my friends when I had a problem and my friends being like, &#8220;Oh, you got a problem? Here&#8217;s weed. This will solve all your problems for the moment.\u201d They made sure I had somewhere where I could go and talk about the issues that I was facing.\u00a0<\/span><\/p>\n<p>&nbsp;<\/p>\n<p><em><span style=\"font-weight: 400; color: #000000;\">This story was reported with support from the <span style=\"color: #993300;\">Chicago Headline Club Foundation.<\/span><\/span><\/em><\/p>\n<p><span style=\"color: #000000;\"><i><span style=\"font-weight: 400;\">Are you a high school or college age youth of color interested in connecting with other young people about what matters most to your community? The United African Organization is hosting its annual African Youth Forum in Chicago on March 28 at 11 a.m. Learn more <\/span><\/i><span style=\"color: #993300;\"><a style=\"color: #993300;\" href=\"https:\/\/uniteafricans.org\/event\/african-youth-forum-9\"><i><span style=\"font-weight: 400;\">here<\/span><\/i><\/a><i><span style=\"font-weight: 400;\">.<\/span><\/i><\/span><\/span><\/p>\n<p style=\"text-align: center;\"><em><span style=\"color: #000000;\"><a style=\"color: #000000;\" href=\"https:\/\/thetriibe.com\/\"><span style=\"font-weight: 400;\">Read more stories about Black Chicago on<\/span><\/a><\/span><\/em><\/p>\n<p><img decoding=\"async\" class=\"wp-image-2256 aligncenter\" src=\"https:\/\/borderlessmag.org\/wordpress\/wp-content\/uploads\/2022\/01\/Triibe-Logo-Presser.png\" alt=\"\" width=\"209\" height=\"50\" \/><\/p>\n<p>&nbsp;<\/p>\n<div class=\"pk-content-block pk-block-bg pk-block-bg-light\" style=\"text-align: left;\"><span style=\"color: #993300;\"><span style=\"color: #993300;\">Borderless Magazine is made possible thanks to donations from people like you. Help fund high-quality reporting by making a tax-deductible donation today.\u00a0 \u00a0 \u00a0 \u00a0 \u00a0 \u00a0 \u00a0 \u00a0 \u00a0 \u00a0 \u00a0 \u00a0 \u00a0 \u00a0 \u00a0 \u00a0 \u00a0 \u00a0 \u00a0 \u00a0 \u00a0\u00a0 \u00a0<\/span><\/span><br \/>\n<a class=\"pk-button pk-button-md pk-button-primary pk-font-primary\" href=\"https:\/\/donorbox.org\/regular-donations-4\" target=\"_blank\" >\n\t\t\t<br \/>\nSupport Us<br \/>\n\n\t\t<\/a><\/div>\n<\/div>\n\n\n\n\n\t\t\t<\/div> \n\t\t<\/div>\n\t<\/div> \n<\/div><\/div>\n","protected":false},"excerpt":{"rendered":"<p>Tras huir de un conflicto, los j\u00f3venes africanos que llegan a Chicago se encuentran con una ciudad que lucha contra el racismo, la desigualdad y la violencia. He aqu\u00ed tres de sus historias.<\/p>","protected":false},"author":8,"featured_media":2219,"comment_status":"closed","ping_status":"closed","sticky":false,"template":"","format":"standard","meta":{"inline_featured_image":false,"footnotes":""},"categories":[28],"tags":[52],"coauthors":[209,213],"class_list":{"0":"post-2222","1":"post","2":"type-post","3":"status-publish","4":"format-standard","5":"has-post-thumbnail","7":"category-as-told-to","8":"tag-refugee"},"yoast_head":"<!-- This site is optimized with the Yoast SEO Premium plugin v27.3 (Yoast SEO v27.3) - https:\/\/yoast.com\/product\/yoast-seo-premium-wordpress\/ -->\n<title>Young, African and refugee &#8211; Borderless Magazine NFP<\/title>\n<meta name=\"description\" content=\"Young, African and refugee &#8211; Borderless Magazine NFP\" \/>\n<meta name=\"robots\" content=\"index, follow, max-snippet:-1, max-image-preview:large, max-video-preview:-1\" \/>\n<link rel=\"canonical\" href=\"https:\/\/borderlessmag.org\/es\/2020\/03\/04\/jovenes-africanos-y-refugiados\/\" \/>\n<meta property=\"og:locale\" content=\"es_MX\" \/>\n<meta property=\"og:type\" content=\"article\" \/>\n<meta property=\"og:title\" content=\"Young, African and refugee &#8211; As Told To &#8211; Borderless Magazine NFP\" \/>\n<meta property=\"og:description\" content=\"Young, African and refugee &#8211; As Told To &#8211; Borderless Magazine NFP\" \/>\n<meta property=\"og:url\" content=\"https:\/\/borderlessmag.org\/es\/2020\/03\/04\/jovenes-africanos-y-refugiados\/\" \/>\n<meta property=\"og:site_name\" content=\"Borderless Magazine NFP\" \/>\n<meta property=\"article:publisher\" content=\"https:\/\/www.facebook.com\/BorderlessMagazine\" \/>\n<meta property=\"article:published_time\" content=\"2020-03-04T01:56:48+00:00\" \/>\n<meta property=\"article:modified_time\" content=\"2022-09-30T17:52:27+00:00\" \/>\n<meta property=\"og:image\" content=\"https:\/\/borderlessmag.org\/wordpress\/wp-content\/uploads\/2020\/02\/AntoinetteMpawenayo_web.jpg\" \/>\n\t<meta property=\"og:image:width\" content=\"1382\" \/>\n\t<meta property=\"og:image:height\" content=\"922\" \/>\n\t<meta property=\"og:image:type\" content=\"image\/jpeg\" \/>\n<meta name=\"author\" content=\"Michelle Kanaar, Nissa Rhee\" \/>\n<meta name=\"twitter:card\" content=\"summary_large_image\" \/>\n<meta name=\"twitter:label1\" content=\"Escrito por\" \/>\n\t<meta name=\"twitter:data1\" content=\"Michelle Kanaar\" \/>\n\t<meta name=\"twitter:label2\" content=\"Tiempo de lectura\" \/>\n\t<meta name=\"twitter:data2\" content=\"14 minutos\" \/>\n\t<meta name=\"twitter:label3\" content=\"Written by\" \/>\n\t<meta name=\"twitter:data3\" content=\"Michelle Kanaar, Nissa Rhee\" \/>\n<script type=\"application\/ld+json\" class=\"yoast-schema-graph\">{\"@context\":\"https:\\\/\\\/schema.org\",\"@graph\":[{\"@type\":\"NewsArticle\",\"@id\":\"https:\\\/\\\/borderlessmag.org\\\/2020\\\/03\\\/04\\\/young-african-and-refugee\\\/#article\",\"isPartOf\":{\"@id\":\"https:\\\/\\\/borderlessmag.org\\\/2020\\\/03\\\/04\\\/young-african-and-refugee\\\/\"},\"author\":{\"name\":\"Michelle Kanaar\",\"@id\":\"https:\\\/\\\/borderlessmag.org\\\/#\\\/schema\\\/person\\\/fb9ce5384406f02fd3303d6fbb052bb8\"},\"headline\":\"Young, African and refugee\",\"datePublished\":\"2020-03-04T01:56:48+00:00\",\"dateModified\":\"2022-09-30T17:52:27+00:00\",\"mainEntityOfPage\":{\"@id\":\"https:\\\/\\\/borderlessmag.org\\\/2020\\\/03\\\/04\\\/young-african-and-refugee\\\/\"},\"wordCount\":3149,\"publisher\":{\"@id\":\"https:\\\/\\\/borderlessmag.org\\\/#organization\"},\"image\":{\"@id\":\"https:\\\/\\\/borderlessmag.org\\\/2020\\\/03\\\/04\\\/young-african-and-refugee\\\/#primaryimage\"},\"thumbnailUrl\":\"https:\\\/\\\/borderlessmag.org\\\/wordpress\\\/wp-content\\\/uploads\\\/2020\\\/02\\\/AntoinetteMpawenayo_web.jpg\",\"keywords\":[\"refugee\"],\"articleSection\":[\"As Told To\"],\"inLanguage\":\"es\",\"copyrightYear\":\"2020\",\"copyrightHolder\":{\"@id\":\"https:\\\/\\\/borderlessmag.org\\\/es\\\/#organization\"}},{\"@type\":\"WebPage\",\"@id\":\"https:\\\/\\\/borderlessmag.org\\\/2020\\\/03\\\/04\\\/young-african-and-refugee\\\/\",\"url\":\"https:\\\/\\\/borderlessmag.org\\\/2020\\\/03\\\/04\\\/young-african-and-refugee\\\/\",\"name\":\"Young, African and refugee &#8211; Borderless Magazine NFP\",\"isPartOf\":{\"@id\":\"https:\\\/\\\/borderlessmag.org\\\/#website\"},\"primaryImageOfPage\":{\"@id\":\"https:\\\/\\\/borderlessmag.org\\\/2020\\\/03\\\/04\\\/young-african-and-refugee\\\/#primaryimage\"},\"image\":{\"@id\":\"https:\\\/\\\/borderlessmag.org\\\/2020\\\/03\\\/04\\\/young-african-and-refugee\\\/#primaryimage\"},\"thumbnailUrl\":\"https:\\\/\\\/borderlessmag.org\\\/wordpress\\\/wp-content\\\/uploads\\\/2020\\\/02\\\/AntoinetteMpawenayo_web.jpg\",\"datePublished\":\"2020-03-04T01:56:48+00:00\",\"dateModified\":\"2022-09-30T17:52:27+00:00\",\"description\":\"Young, African and refugee &#8211; Borderless Magazine NFP\",\"inLanguage\":\"es\",\"potentialAction\":[{\"@type\":\"ReadAction\",\"target\":[\"https:\\\/\\\/borderlessmag.org\\\/2020\\\/03\\\/04\\\/young-african-and-refugee\\\/\"]}]},{\"@type\":\"ImageObject\",\"inLanguage\":\"es\",\"@id\":\"https:\\\/\\\/borderlessmag.org\\\/2020\\\/03\\\/04\\\/young-african-and-refugee\\\/#primaryimage\",\"url\":\"https:\\\/\\\/borderlessmag.org\\\/wordpress\\\/wp-content\\\/uploads\\\/2020\\\/02\\\/AntoinetteMpawenayo_web.jpg\",\"contentUrl\":\"https:\\\/\\\/borderlessmag.org\\\/wordpress\\\/wp-content\\\/uploads\\\/2020\\\/02\\\/AntoinetteMpawenayo_web.jpg\",\"caption\":\"Antoinette Mpawenayo, 18, a Burundian refugee from Tanzania.\"},{\"@type\":\"WebSite\",\"@id\":\"https:\\\/\\\/borderlessmag.org\\\/#website\",\"url\":\"https:\\\/\\\/borderlessmag.org\\\/\",\"name\":\"Borderless Magazine NFP\",\"description\":\"Stories about immigration and immigrants\",\"publisher\":{\"@id\":\"https:\\\/\\\/borderlessmag.org\\\/#organization\"},\"alternateName\":\"Borderless\",\"potentialAction\":[{\"@type\":\"SearchAction\",\"target\":{\"@type\":\"EntryPoint\",\"urlTemplate\":\"https:\\\/\\\/borderlessmag.org\\\/?s={search_term_string}\"},\"query-input\":{\"@type\":\"PropertyValueSpecification\",\"valueRequired\":true,\"valueName\":\"search_term_string\"}}],\"inLanguage\":\"es\"},{\"@type\":\"Organization\",\"@id\":\"https:\\\/\\\/borderlessmag.org\\\/#organization\",\"name\":\"Borderless Magazine NFP\",\"alternateName\":\"Borderless Mag\",\"url\":\"https:\\\/\\\/borderlessmag.org\\\/\",\"logo\":{\"@type\":\"ImageObject\",\"inLanguage\":\"es\",\"@id\":\"https:\\\/\\\/borderlessmag.org\\\/#\\\/schema\\\/logo\\\/image\\\/\",\"url\":\"https:\\\/\\\/borderlessmag.org\\\/wordpress\\\/wp-content\\\/uploads\\\/2025\\\/08\\\/BorderlessLogo_main_square.jpg\",\"contentUrl\":\"https:\\\/\\\/borderlessmag.org\\\/wordpress\\\/wp-content\\\/uploads\\\/2025\\\/08\\\/BorderlessLogo_main_square.jpg\",\"width\":696,\"height\":696,\"caption\":\"Borderless Magazine NFP\"},\"image\":{\"@id\":\"https:\\\/\\\/borderlessmag.org\\\/#\\\/schema\\\/logo\\\/image\\\/\"},\"sameAs\":[\"https:\\\/\\\/www.facebook.com\\\/BorderlessMagazine\",\"https:\\\/\\\/www.instagram.com\\\/borderless_mag\\\/\",\"https:\\\/\\\/www.tiktok.com\\\/@borderless_mag\"]},{\"@type\":\"Person\",\"@id\":\"https:\\\/\\\/borderlessmag.org\\\/#\\\/schema\\\/person\\\/fb9ce5384406f02fd3303d6fbb052bb8\",\"name\":\"Michelle Kanaar\",\"image\":{\"@type\":\"ImageObject\",\"inLanguage\":\"es\",\"@id\":\"https:\\\/\\\/secure.gravatar.com\\\/avatar\\\/d2d06fbb260b5a06a15302c669bd0829b46834ffbdd27f8983ea9e85294ef95b?s=96&d=mm&r=g91632a79dd3cbc4e3a1af4e6679418d2\",\"url\":\"https:\\\/\\\/secure.gravatar.com\\\/avatar\\\/d2d06fbb260b5a06a15302c669bd0829b46834ffbdd27f8983ea9e85294ef95b?s=96&d=mm&r=g\",\"contentUrl\":\"https:\\\/\\\/secure.gravatar.com\\\/avatar\\\/d2d06fbb260b5a06a15302c669bd0829b46834ffbdd27f8983ea9e85294ef95b?s=96&d=mm&r=g\",\"caption\":\"Michelle Kanaar\"},\"description\":\"Michelle is a documentary photojournalist who focuses on immigration, labor, and education. She is thoroughly committed to social justice issues and is the proud daughter of immigrants from Colombia and the Netherlands. She grew up speaking Spanish and English and studied Arabic and Middle Eastern studies for her Bachelor\u2019s. She has a Master\u2019s in journalism from the University of Missouri. She is also a co-founder of the Prism Photo Workshop, whose mission it is to provide resources and support for young photographers of diverse backgrounds to tell the stories of underrepresented people and communities with dignity. She\u2019s a big fan of plants and kindness.\",\"url\":\"https:\\\/\\\/borderlessmag.org\\\/es\\\/author\\\/michelle-kanaar\\\/\"}]}<\/script>\n<!-- \/ Yoast SEO Premium plugin. -->","yoast_head_json":{"title":"Joven, africano y refugiado - Revista Borderless NFP","description":"Joven, africano y refugiado - Revista Borderless NFP","robots":{"index":"index","follow":"follow","max-snippet":"max-snippet:-1","max-image-preview":"max-image-preview:large","max-video-preview":"max-video-preview:-1"},"canonical":"https:\/\/borderlessmag.org\/es\/2020\/03\/04\/jovenes-africanos-y-refugiados\/","og_locale":"es_MX","og_type":"article","og_title":"Young, African and refugee &#8211; As Told To &#8211; Borderless Magazine NFP","og_description":"Young, African and refugee &#8211; As Told To &#8211; Borderless Magazine NFP","og_url":"https:\/\/borderlessmag.org\/es\/2020\/03\/04\/jovenes-africanos-y-refugiados\/","og_site_name":"Borderless Magazine NFP","article_publisher":"https:\/\/www.facebook.com\/BorderlessMagazine","article_published_time":"2020-03-04T01:56:48+00:00","article_modified_time":"2022-09-30T17:52:27+00:00","og_image":[{"width":1382,"height":922,"url":"https:\/\/borderlessmag.org\/wordpress\/wp-content\/uploads\/2020\/02\/AntoinetteMpawenayo_web.jpg","type":"image\/jpeg"}],"author":"Michelle Kanaar, Nissa Rhee","twitter_card":"summary_large_image","twitter_misc":{"Escrito por":"Michelle Kanaar","Tiempo de lectura":"14 minutos","Written by":"Michelle Kanaar, Nissa Rhee"},"schema":{"@context":"https:\/\/schema.org","@graph":[{"@type":"NewsArticle","@id":"https:\/\/borderlessmag.org\/2020\/03\/04\/young-african-and-refugee\/#article","isPartOf":{"@id":"https:\/\/borderlessmag.org\/2020\/03\/04\/young-african-and-refugee\/"},"author":{"name":"Michelle Kanaar","@id":"https:\/\/borderlessmag.org\/#\/schema\/person\/fb9ce5384406f02fd3303d6fbb052bb8"},"headline":"Young, African and refugee","datePublished":"2020-03-04T01:56:48+00:00","dateModified":"2022-09-30T17:52:27+00:00","mainEntityOfPage":{"@id":"https:\/\/borderlessmag.org\/2020\/03\/04\/young-african-and-refugee\/"},"wordCount":3149,"publisher":{"@id":"https:\/\/borderlessmag.org\/#organization"},"image":{"@id":"https:\/\/borderlessmag.org\/2020\/03\/04\/young-african-and-refugee\/#primaryimage"},"thumbnailUrl":"https:\/\/borderlessmag.org\/wordpress\/wp-content\/uploads\/2020\/02\/AntoinetteMpawenayo_web.jpg","keywords":["refugee"],"articleSection":["As Told To"],"inLanguage":"es","copyrightYear":"2020","copyrightHolder":{"@id":"https:\/\/borderlessmag.org\/es\/#organization"}},{"@type":"WebPage","@id":"https:\/\/borderlessmag.org\/2020\/03\/04\/young-african-and-refugee\/","url":"https:\/\/borderlessmag.org\/2020\/03\/04\/young-african-and-refugee\/","name":"Joven, africano y refugiado - Revista Borderless NFP","isPartOf":{"@id":"https:\/\/borderlessmag.org\/#website"},"primaryImageOfPage":{"@id":"https:\/\/borderlessmag.org\/2020\/03\/04\/young-african-and-refugee\/#primaryimage"},"image":{"@id":"https:\/\/borderlessmag.org\/2020\/03\/04\/young-african-and-refugee\/#primaryimage"},"thumbnailUrl":"https:\/\/borderlessmag.org\/wordpress\/wp-content\/uploads\/2020\/02\/AntoinetteMpawenayo_web.jpg","datePublished":"2020-03-04T01:56:48+00:00","dateModified":"2022-09-30T17:52:27+00:00","description":"Joven, africano y refugiado - Revista Borderless NFP","inLanguage":"es","potentialAction":[{"@type":"ReadAction","target":["https:\/\/borderlessmag.org\/2020\/03\/04\/young-african-and-refugee\/"]}]},{"@type":"ImageObject","inLanguage":"es","@id":"https:\/\/borderlessmag.org\/2020\/03\/04\/young-african-and-refugee\/#primaryimage","url":"https:\/\/borderlessmag.org\/wordpress\/wp-content\/uploads\/2020\/02\/AntoinetteMpawenayo_web.jpg","contentUrl":"https:\/\/borderlessmag.org\/wordpress\/wp-content\/uploads\/2020\/02\/AntoinetteMpawenayo_web.jpg","caption":"Antoinette Mpawenayo, 18, a Burundian refugee from Tanzania."},{"@type":"WebSite","@id":"https:\/\/borderlessmag.org\/#website","url":"https:\/\/borderlessmag.org\/","name":"Revista Borderless NFP","description":"Historias sobre inmigraci\u00f3n e inmigrantes","publisher":{"@id":"https:\/\/borderlessmag.org\/#organization"},"alternateName":"Borderless","potentialAction":[{"@type":"SearchAction","target":{"@type":"EntryPoint","urlTemplate":"https:\/\/borderlessmag.org\/?s={search_term_string}"},"query-input":{"@type":"PropertyValueSpecification","valueRequired":true,"valueName":"search_term_string"}}],"inLanguage":"es"},{"@type":"Organization","@id":"https:\/\/borderlessmag.org\/#organization","name":"Revista Borderless NFP","alternateName":"Borderless Mag","url":"https:\/\/borderlessmag.org\/","logo":{"@type":"ImageObject","inLanguage":"es","@id":"https:\/\/borderlessmag.org\/#\/schema\/logo\/image\/","url":"https:\/\/borderlessmag.org\/wordpress\/wp-content\/uploads\/2025\/08\/BorderlessLogo_main_square.jpg","contentUrl":"https:\/\/borderlessmag.org\/wordpress\/wp-content\/uploads\/2025\/08\/BorderlessLogo_main_square.jpg","width":696,"height":696,"caption":"Borderless Magazine NFP"},"image":{"@id":"https:\/\/borderlessmag.org\/#\/schema\/logo\/image\/"},"sameAs":["https:\/\/www.facebook.com\/BorderlessMagazine","https:\/\/www.instagram.com\/borderless_mag\/","https:\/\/www.tiktok.com\/@borderless_mag"]},{"@type":"Person","@id":"https:\/\/borderlessmag.org\/#\/schema\/person\/fb9ce5384406f02fd3303d6fbb052bb8","name":"Michelle Kanaar","image":{"@type":"ImageObject","inLanguage":"es","@id":"https:\/\/secure.gravatar.com\/avatar\/d2d06fbb260b5a06a15302c669bd0829b46834ffbdd27f8983ea9e85294ef95b?s=96&d=mm&r=g91632a79dd3cbc4e3a1af4e6679418d2","url":"https:\/\/secure.gravatar.com\/avatar\/d2d06fbb260b5a06a15302c669bd0829b46834ffbdd27f8983ea9e85294ef95b?s=96&d=mm&r=g","contentUrl":"https:\/\/secure.gravatar.com\/avatar\/d2d06fbb260b5a06a15302c669bd0829b46834ffbdd27f8983ea9e85294ef95b?s=96&d=mm&r=g","caption":"Michelle Kanaar"},"description":"Michelle es una fotoperiodista documental que se centra en la inmigraci\u00f3n, el trabajo y la educaci\u00f3n. Est\u00e1 profundamente comprometida con la justicia social y es hija de inmigrantes colombianos y holandeses. Creci\u00f3 hablando espa\u00f1ol e ingl\u00e9s y estudi\u00f3 \u00e1rabe y Oriente Medio para licenciarse. Tiene un m\u00e1ster en periodismo por la Universidad de Missouri. Tambi\u00e9n es cofundadora del Prism Photo Workshop, cuya misi\u00f3n es proporcionar recursos y apoyo a j\u00f3venes fot\u00f3grafos de diversos or\u00edgenes para que cuenten con dignidad las historias de personas y comunidades infrarrepresentadas. Es una gran fan de las plantas y la bondad.","url":"https:\/\/borderlessmag.org\/es\/author\/michelle-kanaar\/"}]}},"cc_featured_image_caption":{"caption_text":"","source_text":"","source_url":""},"_links":{"self":[{"href":"https:\/\/borderlessmag.org\/es\/wp-json\/wp\/v2\/posts\/2222","targetHints":{"allow":["GET"]}}],"collection":[{"href":"https:\/\/borderlessmag.org\/es\/wp-json\/wp\/v2\/posts"}],"about":[{"href":"https:\/\/borderlessmag.org\/es\/wp-json\/wp\/v2\/types\/post"}],"author":[{"embeddable":true,"href":"https:\/\/borderlessmag.org\/es\/wp-json\/wp\/v2\/users\/8"}],"replies":[{"embeddable":true,"href":"https:\/\/borderlessmag.org\/es\/wp-json\/wp\/v2\/comments?post=2222"}],"version-history":[{"count":0,"href":"https:\/\/borderlessmag.org\/es\/wp-json\/wp\/v2\/posts\/2222\/revisions"}],"wp:featuredmedia":[{"embeddable":true,"href":"https:\/\/borderlessmag.org\/es\/wp-json\/wp\/v2\/media\/2219"}],"wp:attachment":[{"href":"https:\/\/borderlessmag.org\/es\/wp-json\/wp\/v2\/media?parent=2222"}],"wp:term":[{"taxonomy":"category","embeddable":true,"href":"https:\/\/borderlessmag.org\/es\/wp-json\/wp\/v2\/categories?post=2222"},{"taxonomy":"post_tag","embeddable":true,"href":"https:\/\/borderlessmag.org\/es\/wp-json\/wp\/v2\/tags?post=2222"},{"taxonomy":"author","embeddable":true,"href":"https:\/\/borderlessmag.org\/es\/wp-json\/wp\/v2\/coauthors?post=2222"}],"curies":[{"name":"wp","href":"https:\/\/api.w.org\/{rel}","templated":true}]}}