{"id":20121,"date":"2023-11-21T10:19:03","date_gmt":"2023-11-21T16:19:03","guid":{"rendered":"https:\/\/borderlessmag.org\/?p=20121"},"modified":"2023-11-27T13:36:57","modified_gmt":"2023-11-27T19:36:57","slug":"que-significa-para-los-inmigrantes-el-nuevo-limite-de-60-dias-de-acogida","status":"publish","type":"post","link":"https:\/\/borderlessmag.org\/es\/2023\/11\/21\/what-does-the-citys-new-60-day-shelter-limit-mean-for-migrants\/","title":{"rendered":"\u00bfQu\u00e9 significa para los inmigrantes de Chicago el nuevo l\u00edmite de 60 d\u00edas de acogida?"},"content":{"rendered":"\n\t\t<div id=\"fws_69ee4e4ac91d9\"  data-column-margin=\"default\" data-midnight=\"dark\"  class=\"wpb_row vc_row-fluid vc_row\"  style=\"padding-top: 0px; padding-bottom: 0px; \"><div class=\"row-bg-wrap\" data-bg-animation=\"none\" data-bg-animation-delay=\"\" data-bg-overlay=\"false\"><div class=\"inner-wrap row-bg-layer\" ><div class=\"row-bg viewport-desktop\"  style=\"\"><\/div><\/div><\/div><div class=\"row_col_wrap_12 col span_12 dark left\">\n\t<div  class=\"vc_col-sm-2 vc_hidden-sm vc_hidden-xs wpb_column column_container vc_column_container col no-extra-padding inherit_tablet inherit_phone \"  data-padding-pos=\"all\" data-has-bg-color=\"false\" data-bg-color=\"\" data-bg-opacity=\"1\" data-animation=\"\" data-delay=\"0\" >\n\t\t<div class=\"vc_column-inner\" >\n\t\t\t<div class=\"wpb_wrapper\">\n\t\t\t\t\n\t\t\t<\/div> \n\t\t<\/div>\n\t<\/div> \n\n\t<div  class=\"vc_col-sm-8 wpb_column column_container vc_column_container col padding-3-percent inherit_tablet inherit_phone \"  data-padding-pos=\"all\" data-has-bg-color=\"false\" data-bg-color=\"\" data-bg-opacity=\"1\" data-animation=\"\" data-delay=\"0\" >\n\t\t<div class=\"vc_column-inner\" >\n\t\t\t<div class=\"wpb_wrapper\">\n\t\t\t\t\n<div class=\"wpb_text_column wpb_content_element \" >\n\t<p><em>This story was originally published in Block Club Chicago, a nonprofit newsroom focused on Chicago\u2019s neighborhoods.\u00a0<a href=\"https:\/\/pico.link\/blockclubchicago\/login?id=RegistrationWizard_blockclubchicago&amp;short_code=kvrky26d\">Sign up for its free daily newsletter<\/a>.<\/em><\/p>\n<p>CHICAGO \u2014 A limit on how long migrants can stay in temporary city-run shelters went into effect Friday, in what officials say is part of an attempt to accelerate resettlement efforts for thousands of asylum seekers living in Chicago.<\/p>\n<p>Mayor Brandon Johnson announced the 60-day limit on Wednesday as the \u201cnext iteration\u201d of the city\u2019s new arrivals mission. The policy change comes as the state of Illinois announced on Thursday they will spend\u00a0<a href=\"https:\/\/blockclubchicago.org\/2023\/11\/16\/state-giving-160-million-for-migrant-shelter-and-resettlement-efforts\/\" data-wpel-link=\"internal\">an additional $160 million on housing and resettlement services<\/a>\u00a0for migrants ahead of plunging winter temperatures.<\/p>\n<p>All migrants who enter city shelters starting Friday will be limited to 60-day stays, according to a press release from the Mayor\u2019s Office. People already in shelters will be subject to varying timelines for when the limit kicks in.<\/p>\n<\/div>\n\n\n\n<div class=\"templatera_shortcode\">\n\t\t<div id=\"fws_69ee4e4aca868\"  data-column-margin=\"default\" data-midnight=\"dark\"  class=\"wpb_row vc_row-fluid vc_row vc_row-o-equal-height vc_row-flex vc_row-o-content-middle small\"  style=\"padding-top: 0px; padding-bottom: 0px; \"><div class=\"row-bg-wrap\" data-bg-animation=\"none\" data-bg-animation-delay=\"\" data-bg-overlay=\"false\"><div class=\"inner-wrap row-bg-layer\" ><div class=\"row-bg viewport-desktop\"  style=\"\"><\/div><\/div><\/div><div class=\"row_col_wrap_12 col span_12 dark left\">\n\t<div  class=\"vc_col-sm-12 wpb_column column_container vc_column_container col no-extra-padding inherit_tablet inherit_phone border_color_909090 border_style_solid \"  data-padding-pos=\"all\" data-has-bg-color=\"false\" data-bg-color=\"\" data-bg-opacity=\"1\" data-animation=\"\" data-delay=\"0\" >\n\t\t<div class=\"vc_column-inner\" >\n\t\t\t<div class=\"wpb_wrapper\">\n\t\t\t\t\n\t\t<div id=\"fws_69ee4e4acb41d\"  data-column-margin=\"default\" data-midnight=\"dark\"  class=\"wpb_row vc_row-fluid vc_row vc_row-o-equal-height vc_row-flex vc_row-o-content-middle large top_margin_20px bottom_margin_20px\"  style=\"padding-top: 0px; padding-bottom: 0px; \"><div class=\"row-bg-wrap\" data-bg-animation=\"none\" data-bg-animation-delay=\"\" data-bg-overlay=\"true\"><div class=\"inner-wrap row-bg-layer\" ><div class=\"row-bg viewport-desktop\"  style=\"\"><\/div><\/div><div class=\"row-bg-overlay row-bg-layer\" style=\"background: #FFFFFF; background: linear-gradient(90deg,#FFFFFF 0%,#FFFFFF 100%);  opacity: 1; \"><\/div><\/div><div class=\"row_col_wrap_12 col span_12 dark left\">\n\t<div  class=\"vc_col-sm-12 wpb_column column_container vc_column_container col padding-3-percent force-phone-text-align-center inherit_tablet inherit_phone border_top_desktop_1px border_bottom_desktop_1px border_color_FFFFFF border_style_solid \"  data-padding-pos=\"all\" data-has-bg-color=\"false\" data-bg-color=\"\" data-bg-opacity=\"1\" data-animation=\"\" data-delay=\"0\" >\n\t\t<div class=\"vc_column-inner\" >\n\t\t\t<div class=\"wpb_wrapper\">\n\t\t\t\t<div id=\"fws_69ee4e4acbae4\" data-midnight=\"\" data-column-margin=\"default\" class=\"wpb_row vc_row-fluid vc_row inner_row vc_row-o-equal-height vc_row-flex vc_row-o-content-middle\"  style=\"\"><div class=\"row-bg-wrap\"> <div class=\"row-bg\" ><\/div> <\/div><div class=\"row_col_wrap_12_inner col span_12  left\">\n\t<div  class=\"vc_col-sm-7 wpb_column column_container vc_column_container col child_column no-extra-padding inherit_tablet inherit_phone \"   data-padding-pos=\"all\" data-has-bg-color=\"false\" data-bg-color=\"\" data-bg-opacity=\"1\" data-animation=\"\" data-delay=\"0\" >\n\t\t<div class=\"vc_column-inner\" >\n\t\t<div class=\"wpb_wrapper\">\n\t\t\t\n<div class=\"wpb_text_column wpb_content_element \" >\n\t<h4 id=\"news-that-puts-power-under-the-spotlight-and-communities-at-the-center\"><strong>News that puts power under the spotlight and communities at the center.<\/strong><\/h4>\n<p>Sign up for our free newsletter and get updates twice a week.<\/p>\n<\/div>\n\n\n\n\n\t\t<\/div> \n\t<\/div>\n\t<\/div> \n\n\t<div style=\"margin-top: -20px; \" class=\"vc_col-sm-5 wpb_column column_container vc_column_container col child_column neg-marg no-extra-padding inherit_tablet inherit_phone \"   data-padding-pos=\"all\" data-has-bg-color=\"false\" data-bg-color=\"\" data-bg-opacity=\"1\" data-animation=\"\" data-delay=\"0\" >\n\t\t<div class=\"vc_column-inner\" >\n\t\t<div class=\"wpb_wrapper\">\n\t\t\t\n\t<div class=\"wpb_raw_code wpb_raw_html wpb_content_element\" >\n\t\t<div class=\"wpb_wrapper\">\n\t\t\t<div class=\"_form_1\"><\/div><script src=\"https:\/\/borderlessmag.bluelena.io\/f\/embed.php?id=1\" charset=\"utf-8\"><\/script>\n\t\t<\/div>\n\t<\/div>\n\n\t\t<\/div> \n\t<\/div>\n\t<\/div> \n<\/div><\/div>\n\t\t\t<\/div> \n\t\t<\/div>\n\t<\/div> \n<\/div><\/div>\n\n\t\t\t<\/div> \n\t\t<\/div>\n\t<\/div> \n<\/div><\/div><\/div>\n<div class=\"wpb_text_column wpb_content_element \" >\n\t<p>If migrants are still living in city shelters after the 60 days run out, they will have to return to the city\u2019s \u201clanding zone\u201d \u2014 the area near Downtown where most buses carrying migrants drop them off \u2014 to make a new shelter request. Extensions to stay in a shelter beyond 60 days will only be granted in \u201cextenuating circumstances\u201d like a medical emergency or severe weather, officials said.<\/p>\n<p>\u201cThere may be other circumstances that would enable us to give them an extension, but we are really looking to use those only in the most needy cases and others will have to go back to the landing zone,\u201d Beatriz Ponce De Le\u00f3n, the city\u2019s deputy mayor of immigrant, migrant and refugee rights said during a press briefing Friday afternoon.<\/p>\n<p>\u201cThis helps us to open bed space at our existing shelters even as we continue to work on opening the base camp locations and identifying new brick-and-mortar shelters.\u201d<\/p>\n<p>The timeline for the 60-day limits, according to the city:<\/p>\n<ul>\n<li>New arrivals who entered a shelter in 2022 will receive a 60-day notice beginning Friday.<\/li>\n<li>New arrivals who entered a shelter between Jan. 1 and July 31 will begin receiving 60-day notices on Dec. 4.<\/li>\n<li>New arrivals who entered a shelter between July 31 and Nov. 16 will begin receiving 60-day notices on Feb. 1, 2024.<\/li>\n<li>All new arrivals to a shelter on or after Friday will receive a 60-day notice upon intake.<\/li>\n<li>About 50 people across three shelters have been in the shelter system since 2022, Department of Family and Support Services commissioner Brandie Knazze said Friday.<\/li>\n<\/ul>\n<p>As of Friday morning, more than 12,000 migrants were living in 25 temporary shelters across the city. About 1,600 asylum seekers continue to be housed at police stations, with almost 600 at O\u2019Hare International Airport, according to city data.<\/p>\n<p>City and state officials say the new shelter limits will be accompanied by ramped-up case management and resettlement efforts in each shelter, although a rental assistance program set up through the state will no longer apply to new arrivals entering the shelter system.<\/p>\n<p>City officials say they\u2019ve been able to help more than 7,000 asylum seekers into permanent housing since August 2022.<\/p>\n<p>\u201cWe\u2019re putting some restrictions and some boundaries and parameters in place. But the ultimate goal is to make sure that these families are treated with dignity,\u201d Johnson said Wednesday.<\/p>\n<\/div>\n\n\n\n\n\t\t\t<\/div> \n\t\t<\/div>\n\t<\/div> \n\n\t<div  class=\"vc_col-sm-2 vc_hidden-sm vc_hidden-xs wpb_column column_container vc_column_container col no-extra-padding inherit_tablet inherit_phone \"  data-padding-pos=\"all\" data-has-bg-color=\"false\" data-bg-color=\"\" data-bg-opacity=\"1\" data-animation=\"\" data-delay=\"0\" >\n\t\t<div class=\"vc_column-inner\" >\n\t\t\t<div class=\"wpb_wrapper\">\n\t\t\t\t\n\t\t\t<\/div> \n\t\t<\/div>\n\t<\/div> \n<\/div><\/div>\n\t\t<div id=\"fws_69ee4e4acd9c2\"  data-column-margin=\"default\" data-midnight=\"dark\"  class=\"wpb_row vc_row-fluid vc_row\"  style=\"padding-top: 0px; padding-bottom: 0px; \"><div class=\"row-bg-wrap\" data-bg-animation=\"none\" data-bg-animation-delay=\"\" data-bg-overlay=\"false\"><div class=\"inner-wrap row-bg-layer\" ><div class=\"row-bg viewport-desktop\"  style=\"\"><\/div><\/div><\/div><div class=\"row_col_wrap_12 col span_12 dark left\">\n\t<div  class=\"vc_col-sm-2 vc_hidden-sm vc_hidden-xs wpb_column column_container vc_column_container col no-extra-padding inherit_tablet inherit_phone \"  data-padding-pos=\"all\" data-has-bg-color=\"false\" data-bg-color=\"\" data-bg-opacity=\"1\" data-animation=\"\" data-delay=\"0\" >\n\t\t<div class=\"vc_column-inner\" >\n\t\t\t<div class=\"wpb_wrapper\">\n\t\t\t\t\n\t\t\t<\/div> \n\t\t<\/div>\n\t<\/div> \n\n\t<div  class=\"vc_col-sm-8 wpb_column column_container vc_column_container col padding-3-percent inherit_tablet inherit_phone \"  data-padding-pos=\"all\" data-has-bg-color=\"false\" data-bg-color=\"\" data-bg-opacity=\"1\" data-animation=\"\" data-delay=\"0\" >\n\t\t<div class=\"vc_column-inner\" >\n\t\t\t<div class=\"wpb_wrapper\">\n\t\t\t\t<div class=\"img-with-aniamtion-wrap center\" data-max-width=\"100%\" data-max-width-mobile=\"default\" data-shadow=\"none\" data-animation=\"fade-in\"  style=\"margin-top: 3%; margin-bottom: 3%; \">\r\n      <div class=\"inner\">\r\n        <div class=\"hover-wrap\"> \r\n          <div class=\"hover-wrap-inner\">\r\n            <img decoding=\"async\" class=\"img-with-animation skip-lazy \" data-delay=\"0\" height=\"1043\" width=\"1568\" data-animation=\"fade-in\" src=\"https:\/\/borderlessmag.org\/wordpress\/wp-content\/uploads\/2023\/11\/103023-CPD-District-2-Asylum-Seekers-Colin-Boyle-8029.webp\" alt=\"\" srcset=\"https:\/\/borderlessmag.org\/wordpress\/wp-content\/uploads\/2023\/11\/103023-CPD-District-2-Asylum-Seekers-Colin-Boyle-8029.webp 1568w, https:\/\/borderlessmag.org\/wordpress\/wp-content\/uploads\/2023\/11\/103023-CPD-District-2-Asylum-Seekers-Colin-Boyle-8029-1536x1022.webp 1536w, https:\/\/borderlessmag.org\/wordpress\/wp-content\/uploads\/2023\/11\/103023-CPD-District-2-Asylum-Seekers-Colin-Boyle-8029-150x100.webp 150w, https:\/\/borderlessmag.org\/wordpress\/wp-content\/uploads\/2023\/11\/103023-CPD-District-2-Asylum-Seekers-Colin-Boyle-8029-240x160.webp 240w, https:\/\/borderlessmag.org\/wordpress\/wp-content\/uploads\/2023\/11\/103023-CPD-District-2-Asylum-Seekers-Colin-Boyle-8029-300x200.webp 300w, https:\/\/borderlessmag.org\/wordpress\/wp-content\/uploads\/2023\/11\/103023-CPD-District-2-Asylum-Seekers-Colin-Boyle-8029-600x400.webp 600w, https:\/\/borderlessmag.org\/wordpress\/wp-content\/uploads\/2023\/11\/103023-CPD-District-2-Asylum-Seekers-Colin-Boyle-8029-900x600.webp 900w, https:\/\/borderlessmag.org\/wordpress\/wp-content\/uploads\/2023\/11\/103023-CPD-District-2-Asylum-Seekers-Colin-Boyle-8029-1245x828.webp 1245w, https:\/\/borderlessmag.org\/wordpress\/wp-content\/uploads\/2023\/11\/103023-CPD-District-2-Asylum-Seekers-Colin-Boyle-8029-768x511.webp 768w\" sizes=\"(min-width: 1450px) 75vw, (min-width: 1000px) 85vw, 100vw\" \/>\r\n         <\/div>\r\n      <\/div><span class=\"vc_figure-caption ccfic-text media-caption\">Asylum seekers await shelter from the cold temperatures in tents outside the Chicago Police Department\u2019s 2nd District station in Fuller Park on Oct. 30, 2023. <\/span><span class=\"media-credit\">Colin Boyle\/Block Club Chicago<\/span><\/div><\/div>\n\t\t\t<\/div> \n\t\t<\/div>\n\t<\/div> \n\n\t<div  class=\"vc_col-sm-2 vc_hidden-sm vc_hidden-xs wpb_column column_container vc_column_container col no-extra-padding inherit_tablet inherit_phone \"  data-padding-pos=\"all\" data-has-bg-color=\"false\" data-bg-color=\"\" data-bg-opacity=\"1\" data-animation=\"\" data-delay=\"0\" >\n\t\t<div class=\"vc_column-inner\" >\n\t\t\t<div class=\"wpb_wrapper\">\n\t\t\t\t\n\t\t\t<\/div> \n\t\t<\/div>\n\t<\/div> \n<\/div><\/div>\n\t\t<div id=\"fws_69ee4e4acee23\"  data-column-margin=\"default\" data-midnight=\"dark\"  class=\"wpb_row vc_row-fluid vc_row\"  style=\"padding-top: 0px; padding-bottom: 0px; \"><div class=\"row-bg-wrap\" data-bg-animation=\"none\" data-bg-animation-delay=\"\" data-bg-overlay=\"false\"><div class=\"inner-wrap row-bg-layer\" ><div class=\"row-bg viewport-desktop\"  style=\"\"><\/div><\/div><\/div><div class=\"row_col_wrap_12 col span_12 dark left\">\n\t<div  class=\"vc_col-sm-2 vc_hidden-sm vc_hidden-xs wpb_column column_container vc_column_container col no-extra-padding inherit_tablet inherit_phone \"  data-padding-pos=\"all\" data-has-bg-color=\"false\" data-bg-color=\"\" data-bg-opacity=\"1\" data-animation=\"\" data-delay=\"0\" >\n\t\t<div class=\"vc_column-inner\" >\n\t\t\t<div class=\"wpb_wrapper\">\n\t\t\t\t\n\t\t\t<\/div> \n\t\t<\/div>\n\t<\/div> \n\n\t<div  class=\"vc_col-sm-8 wpb_column column_container vc_column_container col padding-3-percent inherit_tablet inherit_phone \"  data-padding-pos=\"all\" data-has-bg-color=\"false\" data-bg-color=\"\" data-bg-opacity=\"1\" data-animation=\"\" data-delay=\"0\" >\n\t\t<div class=\"vc_column-inner\" >\n\t\t\t<div class=\"wpb_wrapper\">\n\t\t\t\t\n<div class=\"wpb_text_column wpb_content_element \" >\n\t<p>Gov. JB Pritzker on Thursday said new state spending will fund the creation of a centralized intake center for migrants coming to Chicago as well as a winterized shelter that can house up to 2,000 people. Funds will also go toward ramping up \u201cwraparound services\u201d to expedite permanent resettlement for asylum seekers.<\/p>\n<p>The state is partnering with New Life Centers of Chicagoland to deploy a team to the\u00a0<a href=\"https:\/\/blockclubchicago.org\/2023\/10\/19\/city-needs-more-spanish-speakers-to-help-migrants-as-they-arrive-in-chicago\/\" data-wpel-link=\"internal\">Chicago bus landing zone<\/a>\u00a0\u201cto ensure every new arrival is supported in a choice to seek alternative arrangements outside the city shelter system,\u201d Pritzker said.<\/p>\n<p>That includes migrants who seek to travel to a different destination than Chicago. With new staff at the landing zone, they\u2019ll be able to better facilitate onward movement, an effort that could reduce the shelter population by 10 percent, officials said.<\/p>\n<p>\u201cImmediate support\u201d for migrants at the landing zone will also include heated tents and emergency clothing and food, officials said.<\/p>\n<p>The city is also planning to cite and ticket bus companies that skirt city curfews and unloading rules when dropping migrants off in Chicago. Buses in recent months have arrived throughout the night and\u00a0<a href=\"https:\/\/blockclubchicago.org\/2023\/09\/28\/chicago-sees-27-migrant-buses-arrive-in-less-than-a-week-a-new-record\/\" data-wpel-link=\"internal\">without prior notice<\/a>, leaving city officials\u00a0<a href=\"https:\/\/blockclubchicago.org\/2023\/10\/19\/city-needs-more-spanish-speakers-to-help-migrants-as-they-arrive-in-chicago\/\" data-wpel-link=\"internal\">scrambling to accommodate asylum seekers<\/a>.<\/p>\n<p>\u201cWe really struggle with that because rogue buses essentially put individuals seeking asylum in danger, and especially with you know, the winter weather, we can\u2019t allow that type of behavior to happen when you\u2019re going to put people in these types of conditions and not having the safety procedures,\u201d Johnson\u2019s deputy chief of staff Cristina Pacione-Zayas said Friday.<\/p>\n<\/div>\n\n\n\n<div id=\"fws_69ee4e4acf80c\" data-midnight=\"\" data-column-margin=\"default\" class=\"wpb_row vc_row-fluid vc_row inner_row\"  style=\"\"><div class=\"row-bg-wrap\"> <div class=\"row-bg\" ><\/div> <\/div><div class=\"row_col_wrap_12_inner col span_12  left\">\n\t<div  class=\"vc_col-sm-12 wpb_column column_container vc_column_container col child_column no-extra-padding inherit_tablet inherit_phone border_bottom_desktop_1px border_color_000000 border_style_solid \"   data-padding-pos=\"all\" data-has-bg-color=\"false\" data-bg-color=\"\" data-bg-opacity=\"1\" data-animation=\"\" data-delay=\"0\" >\n\t\t<div class=\"vc_column-inner\" >\n\t\t<div class=\"wpb_wrapper\">\n\t\t\t<div class=\"vc_separator wpb_content_element vc_separator_align_center vc_sep_width_100 vc_sep_pos_align_center vc_sep_color_black wpb_content_element vc_separator-has-text\" ><span class=\"vc_sep_holder vc_sep_holder_l\"><span class=\"vc_sep_line\"><\/span><\/span><h4 id=\"read-more-of-our-coverage\">Read More of Our Coverage<\/h4><span class=\"vc_sep_holder vc_sep_holder_r\"><span class=\"vc_sep_line\"><\/span><\/span>\n<\/div>\n<div class=\"wpb_text_column wpb_content_element \" >\n\t\t\t<div class=\"pk-inline-posts\">\n\t\t\t\n\t\t\t<div class=\"pk-inline-posts-container pk-inline-posts-template-list\"\n\t\t\t\tdata-columns=\"1\">\n\t\t\t\t\t\t<article id=\"post-19767\" class=\"post-19767 post type-post status-publish format-standard has-post-thumbnail category-as-told-to category-immigration-policy tag-piotrowskishelter\">\n\t\t\t<div class=\"pk-post-outer\">\n\n\t\t\t\t\t\t\t\t<div class=\"pk-post-inner\">\n\t\t\t\t\t<div class=\"entry-thumbnail\">\n\t\t\t\t\t\t<div class=\"pk-overlay pk-overlay-ratio pk-ratio-landscape\">\n\t\t\t\t\t\t\t<div class=\"pk-overlay-background\">\n\t\t\t\t\t\t\t\t<a href=\"https:\/\/borderlessmag.org\/es\/2023\/08\/30\/chicago-migrant-shelter-little-village\/\" class=\"pk-overlay-link\">\n\t\t\t\t\t\t\t\t\t<img decoding=\"async\" width=\"1\" height=\"1\" src=\"https:\/\/borderlessmag.org\/wordpress\/wp-content\/uploads\/2023\/08\/Cardayns_Gonzalez_Crystal_Gonzalez-02-web.jpg\" class=\"attachment-pk-thumbnail size-pk-thumbnail wp-post-image\" alt=\"\" \/>\t\t\t\t\t\t\t\t<\/a>\n\t\t\t\t\t\t\t<\/div>\n\t\t\t\t\t\t<\/div>\n\t\t\t\t\t<\/div>\n\t\t\t\t<\/div>\n\t\t\t\t\n\t\t\t\t<div class=\"pk-post-inner\">\n\t\t\t\t\t<header>\n\t\t\t\t\t\t<h3 class=\"pk-title\"><a href=\"https:\/\/borderlessmag.org\/es\/2023\/08\/30\/chicago-migrant-shelter-little-village\/\" rel=\"bookmark\">Sheltered in a Chicago Fieldhouse, Migrants Dream of Better Future<\/a><\/h3>\t\t\t\t\t\t\t<div class=\"pk-post-meta\">\n\t\t\t\t\t\t\t\t<span class=\"pk-meta-author meta-author\"><span class=\"author vcard\"><a class=\"url fn n\" href=\"https:\/\/borderlessmag.org\/es\/author\/efrain\/\" title=\"View all posts by Efrain Soriano\">Efrain Soriano<\/a><\/span><\/span>\t\t\t\t\t\t\t\t<span class=\"sep\">\u00b7<\/span>\n\t\t\t\t\t\t\t\t<span class=\"pk-meta-date meta-date\"><a href=\"https:\/\/borderlessmag.org\/es\/2023\/08\/30\/chicago-migrant-shelter-little-village\/\" rel=\"bookmark\">agosto 30, 2023<\/a><\/span>\t\t\t\t\t\t\t<\/div>\n\t\t\t\t\t\t\t\t\t\t\t\t<\/header><!-- .entry-header -->\n\t\t\t\t<\/div><!-- .post-inner -->\n\n\t\t\t<\/div><!-- .post-outer -->\n\t\t<\/article>\n\t\t\t\t<\/div>\n\t\t<\/div>\n\t\t\n<\/div>\n\n\n\n\n\t\t<\/div> \n\t<\/div>\n\t<\/div> \n<\/div><\/div>\n<div class=\"wpb_text_column wpb_content_element \" >\n\t<p>While resettlement services for migrants are being expanded thanks to the new state dollars, a rental assistance program will no longer be available for any migrants who enter the city\u2019s shelter system starting Friday.<\/p>\n<p>Instead, the state-run Asylum Seeker Emergency Rental Assistance Program will only be available going forward to those currently in a shelter, and will last for three months instead of six.<\/p>\n<p>Kirstin Chernawsky with the Illinois Department of Human Services said on Friday that\u2019s to make sure the remaining dollars in that program last for as long as possible.<\/p>\n<p>\u201cThe decision was made that for all folks that are currently in shelter who had some level of expectation that they may receive that emergency rental assistance, it would be better to stretch those dollars to reach everyone that\u2019s currently in the shelter system and then allow folks that are making the choice to come to Chicago versus another location to know exactly the benefits that they will be receiving when they get here,\u201d she said.<\/p>\n<p>Legal assistance, help finding housing, school enrollment and other services will still be available to asylum seekers who have yet to enter the city\u2019s shelter system.<\/p>\n<\/div>\n\n\n\n\n\t\t\t<\/div> \n\t\t<\/div>\n\t<\/div> \n\n\t<div  class=\"vc_col-sm-2 vc_hidden-sm vc_hidden-xs wpb_column column_container vc_column_container col no-extra-padding inherit_tablet inherit_phone \"  data-padding-pos=\"all\" data-has-bg-color=\"false\" data-bg-color=\"\" data-bg-opacity=\"1\" data-animation=\"\" data-delay=\"0\" >\n\t\t<div class=\"vc_column-inner\" >\n\t\t\t<div class=\"wpb_wrapper\">\n\t\t\t\t\n\t\t\t<\/div> \n\t\t<\/div>\n\t<\/div> \n<\/div><\/div>\n\t\t<div id=\"fws_69ee4e4ad45ca\"  data-column-margin=\"default\" data-midnight=\"dark\"  class=\"wpb_row vc_row-fluid vc_row\"  style=\"padding-top: 0px; padding-bottom: 0px; \"><div class=\"row-bg-wrap\" data-bg-animation=\"none\" data-bg-animation-delay=\"\" data-bg-overlay=\"false\"><div class=\"inner-wrap row-bg-layer\" ><div class=\"row-bg viewport-desktop\"  style=\"\"><\/div><\/div><\/div><div class=\"row_col_wrap_12 col span_12 dark left\">\n\t<div  class=\"vc_col-sm-2 vc_hidden-sm vc_hidden-xs wpb_column column_container vc_column_container col no-extra-padding inherit_tablet inherit_phone \"  data-padding-pos=\"all\" data-has-bg-color=\"false\" data-bg-color=\"\" data-bg-opacity=\"1\" data-animation=\"\" data-delay=\"0\" >\n\t\t<div class=\"vc_column-inner\" >\n\t\t\t<div class=\"wpb_wrapper\">\n\t\t\t\t\n\t\t\t<\/div> \n\t\t<\/div>\n\t<\/div> \n\n\t<div  class=\"vc_col-sm-8 wpb_column column_container vc_column_container col padding-3-percent inherit_tablet inherit_phone \"  data-padding-pos=\"all\" data-has-bg-color=\"false\" data-bg-color=\"\" data-bg-opacity=\"1\" data-animation=\"\" data-delay=\"0\" >\n\t\t<div class=\"vc_column-inner\" >\n\t\t\t<div class=\"wpb_wrapper\">\n\t\t\t\t<div class=\"img-with-aniamtion-wrap center\" data-max-width=\"100%\" data-max-width-mobile=\"default\" data-shadow=\"none\" data-animation=\"fade-in\"  style=\"margin-top: 3%; margin-bottom: 3%; \">\r\n      <div class=\"inner\">\r\n        <div class=\"hover-wrap\"> \r\n          <div class=\"hover-wrap-inner\">\r\n            <img decoding=\"async\" class=\"img-with-animation skip-lazy \" data-delay=\"0\" height=\"882\" width=\"1568\" data-animation=\"fade-in\" src=\"https:\/\/borderlessmag.org\/wordpress\/wp-content\/uploads\/2023\/11\/IMG_0048.webp\" alt=\"\" srcset=\"https:\/\/borderlessmag.org\/wordpress\/wp-content\/uploads\/2023\/11\/IMG_0048.webp 1568w, https:\/\/borderlessmag.org\/wordpress\/wp-content\/uploads\/2023\/11\/IMG_0048-1536x864.webp 1536w, https:\/\/borderlessmag.org\/wordpress\/wp-content\/uploads\/2023\/11\/IMG_0048-900x506.webp 900w, https:\/\/borderlessmag.org\/wordpress\/wp-content\/uploads\/2023\/11\/IMG_0048-1245x700.webp 1245w, https:\/\/borderlessmag.org\/wordpress\/wp-content\/uploads\/2023\/11\/IMG_0048-768x432.webp 768w\" sizes=\"(min-width: 1450px) 75vw, (min-width: 1000px) 85vw, 100vw\" \/>\r\n         <\/div>\r\n      <\/div><span class=\"vc_figure-caption ccfic-text media-caption\">A bus filled with asylum seekers pulls into the city-run landing zone in the South Loop on Oct. 6, 2023.<\/span><span class=\"media-credit\">Alex V. Hernandez\/Block Club Chicago<\/span><\/div><\/div>\n\t\t\t<\/div> \n\t\t<\/div>\n\t<\/div> \n\n\t<div  class=\"vc_col-sm-2 vc_hidden-sm vc_hidden-xs wpb_column column_container vc_column_container col no-extra-padding inherit_tablet inherit_phone \"  data-padding-pos=\"all\" data-has-bg-color=\"false\" data-bg-color=\"\" data-bg-opacity=\"1\" data-animation=\"\" data-delay=\"0\" >\n\t\t<div class=\"vc_column-inner\" >\n\t\t\t<div class=\"wpb_wrapper\">\n\t\t\t\t\n\t\t\t<\/div> \n\t\t<\/div>\n\t<\/div> \n<\/div><\/div>\n\t\t<div id=\"fws_69ee4e4ad59ab\"  data-column-margin=\"default\" data-midnight=\"dark\"  class=\"wpb_row vc_row-fluid vc_row\"  style=\"padding-top: 0px; padding-bottom: 0px; \"><div class=\"row-bg-wrap\" data-bg-animation=\"none\" data-bg-animation-delay=\"\" data-bg-overlay=\"false\"><div class=\"inner-wrap row-bg-layer\" ><div class=\"row-bg viewport-desktop\"  style=\"\"><\/div><\/div><\/div><div class=\"row_col_wrap_12 col span_12 dark left\">\n\t<div  class=\"vc_col-sm-2 vc_hidden-sm vc_hidden-xs wpb_column column_container vc_column_container col no-extra-padding inherit_tablet inherit_phone \"  data-padding-pos=\"all\" data-has-bg-color=\"false\" data-bg-color=\"\" data-bg-opacity=\"1\" data-animation=\"\" data-delay=\"0\" >\n\t\t<div class=\"vc_column-inner\" >\n\t\t\t<div class=\"wpb_wrapper\">\n\t\t\t\t\n\t\t\t<\/div> \n\t\t<\/div>\n\t<\/div> \n\n\t<div  class=\"vc_col-sm-8 wpb_column column_container vc_column_container col padding-3-percent inherit_tablet inherit_phone \"  data-padding-pos=\"all\" data-has-bg-color=\"false\" data-bg-color=\"\" data-bg-opacity=\"1\" data-animation=\"\" data-delay=\"0\" >\n\t\t<div class=\"vc_column-inner\" >\n\t\t\t<div class=\"wpb_wrapper\">\n\t\t\t\t\n<div class=\"wpb_text_column wpb_content_element \" >\n\t<h2 id=\"h-it-s-not-reasonable\" class=\"wp-block-heading\"><span id=\"its-not-reasonable\"><strong>\u2018It\u2019s Not Reasonable\u2019<\/strong><\/span><\/h2>\n<p>Several volunteers who have worked with migrants across the city in recent months are skeptical of the 60-day limit and said Friday they\u2019d like better communication about the policy change from the city.<\/p>\n<p>Katharina Koch, a lead volunteer helping migrants at the Jefferson Park (16th) Police District station, said the 60-day notice sounds reasonable in theory but does little to actually help migrants find housing, especially with the onset of winter.<\/p>\n<p>It also does not address the\u00a0<a href=\"https:\/\/blockclubchicago.org\/2023\/06\/12\/migrants-report-moldy-food-poor-treatment-cold-showers-at-city-run-shelters-the-police-stations-treated-us-better\/\" data-wpel-link=\"internal\">problems with the city\u2019s shelter system<\/a>, including inadequate staffing and resources, that have made the shelters unattractive to many migrants, she said.<\/p>\n<p>Koch has heard from families in city-run shelters that learning English, getting essential care items, access to odd jobs and legal aid \u2014 things they received from volunteers and neighbors while at police stations \u2014 is difficult.<\/p>\n<p>\u201cIt becomes harder and harder for us volunteers to convince people to actually go into shelters, which has been a huge problem at many stations, and actually [the Office of Emergency Management and Communication] is begging us volunteers to make shelters sound more attractive,\u201d she said. \u201cThe most attractive thing that we felt we could message was the housing help, which is now about to run out.\u201d<\/p>\n<p>With housing vouchers running thin and minimal legal aid access to get work permits, migrants are unable to secure a job to pay for housing, which creates a cycle that needs to be interrupted, Koch said.<\/p>\n<p>\u201cKicking people out of shelter in the beginning of winter is also a creation of homelessness,\u201d Koch said. \u201cIf we don\u2019t talk about these root causes of why people are not able to get into housing, then we\u2019re not really helping them.\u201d<\/p>\n<\/div>\n\n\n\n\n\t\t\t<\/div> \n\t\t<\/div>\n\t<\/div> \n\n\t<div  class=\"vc_col-sm-2 vc_hidden-sm vc_hidden-xs wpb_column column_container vc_column_container col no-extra-padding inherit_tablet inherit_phone \"  data-padding-pos=\"all\" data-has-bg-color=\"false\" data-bg-color=\"\" data-bg-opacity=\"1\" data-animation=\"\" data-delay=\"0\" >\n\t\t<div class=\"vc_column-inner\" >\n\t\t\t<div class=\"wpb_wrapper\">\n\t\t\t\t\n\t\t\t<\/div> \n\t\t<\/div>\n\t<\/div> \n<\/div><\/div>\n\t\t<div id=\"fws_69ee4e4ad690e\"  data-column-margin=\"default\" data-midnight=\"dark\"  class=\"wpb_row vc_row-fluid vc_row\"  style=\"padding-top: 0px; padding-bottom: 0px; \"><div class=\"row-bg-wrap\" data-bg-animation=\"none\" data-bg-animation-delay=\"\" data-bg-overlay=\"false\"><div class=\"inner-wrap row-bg-layer\" ><div class=\"row-bg viewport-desktop\"  style=\"\"><\/div><\/div><\/div><div class=\"row_col_wrap_12 col span_12 dark left\">\n\t<div  class=\"vc_col-sm-2 vc_hidden-sm vc_hidden-xs wpb_column column_container vc_column_container col no-extra-padding inherit_tablet inherit_phone \"  data-padding-pos=\"all\" data-has-bg-color=\"false\" data-bg-color=\"\" data-bg-opacity=\"1\" data-animation=\"\" data-delay=\"0\" >\n\t\t<div class=\"vc_column-inner\" >\n\t\t\t<div class=\"wpb_wrapper\">\n\t\t\t\t\n\t\t\t<\/div> \n\t\t<\/div>\n\t<\/div> \n\n\t<div  class=\"vc_col-sm-8 wpb_column column_container vc_column_container col padding-3-percent inherit_tablet inherit_phone \"  data-padding-pos=\"all\" data-has-bg-color=\"false\" data-bg-color=\"\" data-bg-opacity=\"1\" data-animation=\"\" data-delay=\"0\" >\n\t\t<div class=\"vc_column-inner\" >\n\t\t\t<div class=\"wpb_wrapper\">\n\t\t\t\t<div class=\"img-with-aniamtion-wrap center\" data-max-width=\"100%\" data-max-width-mobile=\"default\" data-shadow=\"none\" data-animation=\"fade-in\"  style=\"margin-top: 3%; margin-bottom: 3%; \">\r\n      <div class=\"inner\">\r\n        <div class=\"hover-wrap\"> \r\n          <div class=\"hover-wrap-inner\">\r\n            <img decoding=\"async\" class=\"img-with-animation skip-lazy \" data-delay=\"0\" height=\"1043\" width=\"1568\" data-animation=\"fade-in\" src=\"https:\/\/borderlessmag.org\/wordpress\/wp-content\/uploads\/2023\/11\/103023-CPD-District-2-Asylum-Seekers-Colin-Boyle-7569.webp\" alt=\"\" srcset=\"https:\/\/borderlessmag.org\/wordpress\/wp-content\/uploads\/2023\/11\/103023-CPD-District-2-Asylum-Seekers-Colin-Boyle-7569.webp 1568w, https:\/\/borderlessmag.org\/wordpress\/wp-content\/uploads\/2023\/11\/103023-CPD-District-2-Asylum-Seekers-Colin-Boyle-7569-1536x1022.webp 1536w, https:\/\/borderlessmag.org\/wordpress\/wp-content\/uploads\/2023\/11\/103023-CPD-District-2-Asylum-Seekers-Colin-Boyle-7569-150x100.webp 150w, https:\/\/borderlessmag.org\/wordpress\/wp-content\/uploads\/2023\/11\/103023-CPD-District-2-Asylum-Seekers-Colin-Boyle-7569-240x160.webp 240w, https:\/\/borderlessmag.org\/wordpress\/wp-content\/uploads\/2023\/11\/103023-CPD-District-2-Asylum-Seekers-Colin-Boyle-7569-300x200.webp 300w, https:\/\/borderlessmag.org\/wordpress\/wp-content\/uploads\/2023\/11\/103023-CPD-District-2-Asylum-Seekers-Colin-Boyle-7569-600x400.webp 600w, https:\/\/borderlessmag.org\/wordpress\/wp-content\/uploads\/2023\/11\/103023-CPD-District-2-Asylum-Seekers-Colin-Boyle-7569-900x600.webp 900w, https:\/\/borderlessmag.org\/wordpress\/wp-content\/uploads\/2023\/11\/103023-CPD-District-2-Asylum-Seekers-Colin-Boyle-7569-1245x828.webp 1245w, https:\/\/borderlessmag.org\/wordpress\/wp-content\/uploads\/2023\/11\/103023-CPD-District-2-Asylum-Seekers-Colin-Boyle-7569-768x511.webp 768w\" sizes=\"(min-width: 1450px) 75vw, (min-width: 1000px) 85vw, 100vw\" \/>\r\n         <\/div>\r\n      <\/div><span class=\"vc_figure-caption ccfic-text media-caption\">Asylum seekers go through donated clothes as they await shelter from the cold temperatures in tents outside the Chicago Police Department\u2019s 2nd District station in Fuller Park on Oct. 30, 2023. <\/span><span class=\"media-credit\">Colin Boyle\/Block Club Chicago<\/span><\/div><\/div>\n\t\t\t<\/div> \n\t\t<\/div>\n\t<\/div> \n\n\t<div  class=\"vc_col-sm-2 vc_hidden-sm vc_hidden-xs wpb_column column_container vc_column_container col no-extra-padding inherit_tablet inherit_phone \"  data-padding-pos=\"all\" data-has-bg-color=\"false\" data-bg-color=\"\" data-bg-opacity=\"1\" data-animation=\"\" data-delay=\"0\" >\n\t\t<div class=\"vc_column-inner\" >\n\t\t\t<div class=\"wpb_wrapper\">\n\t\t\t\t\n\t\t\t<\/div> \n\t\t<\/div>\n\t<\/div> \n<\/div><\/div>\n\t\t<div id=\"fws_69ee4e4ad7bdc\"  data-column-margin=\"default\" data-midnight=\"dark\"  class=\"wpb_row vc_row-fluid vc_row\"  style=\"padding-top: 0px; padding-bottom: 0px; \"><div class=\"row-bg-wrap\" data-bg-animation=\"none\" data-bg-animation-delay=\"\" data-bg-overlay=\"false\"><div class=\"inner-wrap row-bg-layer\" ><div class=\"row-bg viewport-desktop\"  style=\"\"><\/div><\/div><\/div><div class=\"row_col_wrap_12 col span_12 dark left\">\n\t<div  class=\"vc_col-sm-2 vc_hidden-sm vc_hidden-xs wpb_column column_container vc_column_container col no-extra-padding inherit_tablet inherit_phone \"  data-padding-pos=\"all\" data-has-bg-color=\"false\" data-bg-color=\"\" data-bg-opacity=\"1\" data-animation=\"\" data-delay=\"0\" >\n\t\t<div class=\"vc_column-inner\" >\n\t\t\t<div class=\"wpb_wrapper\">\n\t\t\t\t\n\t\t\t<\/div> \n\t\t<\/div>\n\t<\/div> \n\n\t<div  class=\"vc_col-sm-8 wpb_column column_container vc_column_container col padding-3-percent inherit_tablet inherit_phone \"  data-padding-pos=\"all\" data-has-bg-color=\"false\" data-bg-color=\"\" data-bg-opacity=\"1\" data-animation=\"\" data-delay=\"0\" >\n\t\t<div class=\"vc_column-inner\" >\n\t\t\t<div class=\"wpb_wrapper\">\n\t\t\t\t\n<div class=\"wpb_text_column wpb_content_element \" >\n\t<p>Lety Pigoni, a volunteer with Community Care Collective 33 helping migrants at the Albany Park (17th) Police District station, agreed, saying the timeline doesn\u2019t make sense.<\/p>\n<p>\u201cIt\u2019s not reasonable, especially during winter,\u201d Pigoni said.<\/p>\n<p>Volunteers said they want more clarity from the city on how the policy will work, how extensions for families will be determined and what will happen to those who get kicked out of the shelter system.<\/p>\n<p>Some say it\u2019s a disappointing step backward that could lead to even more work for volunteers already stretched thin.<\/p>\n<p>\u201cWe have to realistically prepare ourselves for unhoused encampments of migrants where we will have to do this work again and having to build up these structures again of showers, food, provisions,\u201d Koch said. \u201cIt might be the introduction of a new sh-tshow, which is really disappointing.\u201d<\/p>\n<p>When asked by a reporter on Friday what would happen to migrants if they refuse to leave a shelter, Knazze said she wasn\u2019t sure because \u201cwe have not gotten there yet.\u201d<\/p>\n<p>\u201cThe goal is that people will leave and understand the policy, and they will be coached and they will have support from their residential aides and their case managers,\u201d she said.<\/p>\n<\/div>\n\n\n\n\n\t\t\t<\/div> \n\t\t<\/div>\n\t<\/div> \n\n\t<div  class=\"vc_col-sm-2 vc_hidden-sm vc_hidden-xs wpb_column column_container vc_column_container col no-extra-padding inherit_tablet inherit_phone \"  data-padding-pos=\"all\" data-has-bg-color=\"false\" data-bg-color=\"\" data-bg-opacity=\"1\" data-animation=\"\" data-delay=\"0\" >\n\t\t<div class=\"vc_column-inner\" >\n\t\t\t<div class=\"wpb_wrapper\">\n\t\t\t\t\n\t\t\t<\/div> \n\t\t<\/div>\n\t<\/div> \n<\/div><\/div>\n","protected":false},"excerpt":{"rendered":"<p>Los voluntarios temen que la limitaci\u00f3n de los albergues vaya a crear un \"nuevo espect\u00e1culo de mierda\" cuando la gente se vea obligada a marcharse, y empuje a m\u00e1s personas a quedarse sin hogar.<\/p>","protected":false},"author":132,"featured_media":20126,"comment_status":"closed","ping_status":"closed","sticky":false,"template":"","format":"standard","meta":{"inline_featured_image":false,"footnotes":""},"categories":[1],"tags":[496],"coauthors":[449,495],"class_list":{"0":"post-20121","1":"post","2":"type-post","3":"status-publish","4":"format-standard","5":"has-post-thumbnail","7":"category-immigration-policy","8":"tag-60shelter"},"yoast_head":"<!-- This site is optimized with the Yoast SEO Premium plugin v27.3 (Yoast SEO v27.3) - https:\/\/yoast.com\/product\/yoast-seo-premium-wordpress\/ -->\n<title>What Does The City\u2019s New 60-Day Shelter Limit Mean For Migrants In Chicago? &#8211; Borderless Magazine NFP<\/title>\n<meta name=\"description\" content=\"Volunteers fear the shelter limit is going to create a \u201cnew sh-tshow\u201d when folks are forced to leave \u2014 and push more people into homelessness.\" \/>\n<meta name=\"robots\" content=\"index, follow, max-snippet:-1, max-image-preview:large, max-video-preview:-1\" \/>\n<link rel=\"canonical\" href=\"https:\/\/borderlessmag.org\/es\/2023\/11\/21\/que-significa-para-los-inmigrantes-el-nuevo-limite-de-60-dias-de-acogida\/\" \/>\n<meta property=\"og:locale\" content=\"es_MX\" \/>\n<meta property=\"og:type\" content=\"article\" \/>\n<meta property=\"og:title\" content=\"What Does The City\u2019s New 60-Day Shelter Limit Mean For Migrants In Chicago? &#8211; Borderless Magazine NFP\" \/>\n<meta property=\"og:description\" content=\"What Does The City\u2019s New 60-Day Shelter Limit Mean For Migrants In Chicago? &#8211; Borderless Magazine NFP\" \/>\n<meta property=\"og:url\" content=\"https:\/\/borderlessmag.org\/es\/2023\/11\/21\/que-significa-para-los-inmigrantes-el-nuevo-limite-de-60-dias-de-acogida\/\" \/>\n<meta property=\"og:site_name\" content=\"Borderless Magazine NFP\" \/>\n<meta property=\"article:publisher\" content=\"https:\/\/www.facebook.com\/BorderlessMagazine\" \/>\n<meta property=\"article:published_time\" content=\"2023-11-21T16:19:03+00:00\" \/>\n<meta property=\"article:modified_time\" content=\"2023-11-27T19:36:57+00:00\" \/>\n<meta property=\"og:image\" content=\"https:\/\/borderlessmag.org\/wordpress\/wp-content\/uploads\/2023\/11\/103023-CPD-District-2-Asylum-Seekers-Colin-Boyle-7853.jpg\" \/>\n\t<meta property=\"og:image:width\" content=\"1920\" \/>\n\t<meta property=\"og:image:height\" content=\"1278\" \/>\n\t<meta property=\"og:image:type\" content=\"image\/jpeg\" \/>\n<meta name=\"author\" content=\"Efrain Soriano\" \/>\n<meta name=\"twitter:card\" content=\"summary_large_image\" \/>\n<meta name=\"twitter:label1\" content=\"Escrito por\" \/>\n\t<meta name=\"twitter:data1\" content=\"Quinn Myers\" \/>\n\t<meta name=\"twitter:label2\" content=\"Tiempo de lectura\" \/>\n\t<meta name=\"twitter:data2\" content=\"22 minutos\" \/>\n\t<meta name=\"twitter:label3\" content=\"Written by\" \/>\n\t<meta name=\"twitter:data3\" content=\"Efrain Soriano\" \/>\n<script type=\"application\/ld+json\" class=\"yoast-schema-graph\">{\"@context\":\"https:\\\/\\\/schema.org\",\"@graph\":[{\"@type\":\"NewsArticle\",\"@id\":\"https:\\\/\\\/borderlessmag.org\\\/2023\\\/11\\\/21\\\/what-does-the-citys-new-60-day-shelter-limit-mean-for-migrants\\\/#article\",\"isPartOf\":{\"@id\":\"https:\\\/\\\/borderlessmag.org\\\/2023\\\/11\\\/21\\\/what-does-the-citys-new-60-day-shelter-limit-mean-for-migrants\\\/\"},\"author\":{\"name\":\"Quinn Myers\",\"@id\":\"https:\\\/\\\/borderlessmag.org\\\/#\\\/schema\\\/person\\\/52bc3e44ea657bbc2d36da2d97cdab22\"},\"headline\":\"What Does The City\u2019s New 60-Day Shelter Limit Mean For Migrants In Chicago?\",\"datePublished\":\"2023-11-21T16:19:03+00:00\",\"dateModified\":\"2023-11-27T19:36:57+00:00\",\"mainEntityOfPage\":{\"@id\":\"https:\\\/\\\/borderlessmag.org\\\/2023\\\/11\\\/21\\\/what-does-the-citys-new-60-day-shelter-limit-mean-for-migrants\\\/\"},\"wordCount\":4350,\"publisher\":{\"@id\":\"https:\\\/\\\/borderlessmag.org\\\/#organization\"},\"image\":{\"@id\":\"https:\\\/\\\/borderlessmag.org\\\/2023\\\/11\\\/21\\\/what-does-the-citys-new-60-day-shelter-limit-mean-for-migrants\\\/#primaryimage\"},\"thumbnailUrl\":\"https:\\\/\\\/borderlessmag.org\\\/wordpress\\\/wp-content\\\/uploads\\\/2023\\\/11\\\/103023-CPD-District-2-Asylum-Seekers-Colin-Boyle-7853.jpg\",\"keywords\":[\"60shelter\"],\"articleSection\":[\"Immigration Policy\"],\"inLanguage\":\"es\",\"copyrightYear\":\"2023\",\"copyrightHolder\":{\"@id\":\"https:\\\/\\\/borderlessmag.org\\\/es\\\/#organization\"}},{\"@type\":\"WebPage\",\"@id\":\"https:\\\/\\\/borderlessmag.org\\\/2023\\\/11\\\/21\\\/what-does-the-citys-new-60-day-shelter-limit-mean-for-migrants\\\/\",\"url\":\"https:\\\/\\\/borderlessmag.org\\\/2023\\\/11\\\/21\\\/what-does-the-citys-new-60-day-shelter-limit-mean-for-migrants\\\/\",\"name\":\"What Does The City\u2019s New 60-Day Shelter Limit Mean For Migrants In Chicago? &#8211; Borderless Magazine NFP\",\"isPartOf\":{\"@id\":\"https:\\\/\\\/borderlessmag.org\\\/#website\"},\"primaryImageOfPage\":{\"@id\":\"https:\\\/\\\/borderlessmag.org\\\/2023\\\/11\\\/21\\\/what-does-the-citys-new-60-day-shelter-limit-mean-for-migrants\\\/#primaryimage\"},\"image\":{\"@id\":\"https:\\\/\\\/borderlessmag.org\\\/2023\\\/11\\\/21\\\/what-does-the-citys-new-60-day-shelter-limit-mean-for-migrants\\\/#primaryimage\"},\"thumbnailUrl\":\"https:\\\/\\\/borderlessmag.org\\\/wordpress\\\/wp-content\\\/uploads\\\/2023\\\/11\\\/103023-CPD-District-2-Asylum-Seekers-Colin-Boyle-7853.jpg\",\"datePublished\":\"2023-11-21T16:19:03+00:00\",\"dateModified\":\"2023-11-27T19:36:57+00:00\",\"description\":\"Volunteers fear the shelter limit is going to create a \u201cnew sh-tshow\u201d when folks are forced to leave \u2014 and push more people into homelessness.\",\"inLanguage\":\"es\",\"potentialAction\":[{\"@type\":\"ReadAction\",\"target\":[\"https:\\\/\\\/borderlessmag.org\\\/2023\\\/11\\\/21\\\/what-does-the-citys-new-60-day-shelter-limit-mean-for-migrants\\\/\"]}]},{\"@type\":\"ImageObject\",\"inLanguage\":\"es\",\"@id\":\"https:\\\/\\\/borderlessmag.org\\\/2023\\\/11\\\/21\\\/what-does-the-citys-new-60-day-shelter-limit-mean-for-migrants\\\/#primaryimage\",\"url\":\"https:\\\/\\\/borderlessmag.org\\\/wordpress\\\/wp-content\\\/uploads\\\/2023\\\/11\\\/103023-CPD-District-2-Asylum-Seekers-Colin-Boyle-7853.jpg\",\"contentUrl\":\"https:\\\/\\\/borderlessmag.org\\\/wordpress\\\/wp-content\\\/uploads\\\/2023\\\/11\\\/103023-CPD-District-2-Asylum-Seekers-Colin-Boyle-7853.jpg\",\"width\":1920,\"height\":1278,\"caption\":\"Asylum seekers await shelter from the cold temperatures in tents outside the Chicago Police Department\u2019s 2nd District station in Fuller Park on Oct. 30, 2023.\"},{\"@type\":\"WebSite\",\"@id\":\"https:\\\/\\\/borderlessmag.org\\\/#website\",\"url\":\"https:\\\/\\\/borderlessmag.org\\\/\",\"name\":\"Borderless Magazine NFP\",\"description\":\"Stories about immigration and immigrants\",\"publisher\":{\"@id\":\"https:\\\/\\\/borderlessmag.org\\\/#organization\"},\"alternateName\":\"Borderless\",\"potentialAction\":[{\"@type\":\"SearchAction\",\"target\":{\"@type\":\"EntryPoint\",\"urlTemplate\":\"https:\\\/\\\/borderlessmag.org\\\/?s={search_term_string}\"},\"query-input\":{\"@type\":\"PropertyValueSpecification\",\"valueRequired\":true,\"valueName\":\"search_term_string\"}}],\"inLanguage\":\"es\"},{\"@type\":\"Organization\",\"@id\":\"https:\\\/\\\/borderlessmag.org\\\/#organization\",\"name\":\"Borderless Magazine NFP\",\"alternateName\":\"Borderless Mag\",\"url\":\"https:\\\/\\\/borderlessmag.org\\\/\",\"logo\":{\"@type\":\"ImageObject\",\"inLanguage\":\"es\",\"@id\":\"https:\\\/\\\/borderlessmag.org\\\/#\\\/schema\\\/logo\\\/image\\\/\",\"url\":\"https:\\\/\\\/borderlessmag.org\\\/wordpress\\\/wp-content\\\/uploads\\\/2025\\\/08\\\/BorderlessLogo_main_square.jpg\",\"contentUrl\":\"https:\\\/\\\/borderlessmag.org\\\/wordpress\\\/wp-content\\\/uploads\\\/2025\\\/08\\\/BorderlessLogo_main_square.jpg\",\"width\":696,\"height\":696,\"caption\":\"Borderless Magazine NFP\"},\"image\":{\"@id\":\"https:\\\/\\\/borderlessmag.org\\\/#\\\/schema\\\/logo\\\/image\\\/\"},\"sameAs\":[\"https:\\\/\\\/www.facebook.com\\\/BorderlessMagazine\",\"https:\\\/\\\/www.instagram.com\\\/borderless_mag\\\/\",\"https:\\\/\\\/www.tiktok.com\\\/@borderless_mag\"]},{\"@type\":\"Person\",\"@id\":\"https:\\\/\\\/borderlessmag.org\\\/#\\\/schema\\\/person\\\/52bc3e44ea657bbc2d36da2d97cdab22\",\"name\":\"Quinn Myers\",\"image\":{\"@type\":\"ImageObject\",\"inLanguage\":\"es\",\"@id\":\"https:\\\/\\\/secure.gravatar.com\\\/avatar\\\/32b2fc771d4c669548bf854ceae1d376ac47ba327932709a755a0678e0b1d24e?s=96&d=mm&r=gdf72539c096d9dd9843ce418462214bc\",\"url\":\"https:\\\/\\\/secure.gravatar.com\\\/avatar\\\/32b2fc771d4c669548bf854ceae1d376ac47ba327932709a755a0678e0b1d24e?s=96&d=mm&r=g\",\"contentUrl\":\"https:\\\/\\\/secure.gravatar.com\\\/avatar\\\/32b2fc771d4c669548bf854ceae1d376ac47ba327932709a755a0678e0b1d24e?s=96&d=mm&r=g\",\"caption\":\"Quinn Myers\"},\"url\":\"https:\\\/\\\/borderlessmag.org\\\/es\\\/author\\\/quinn-myers\\\/\"}]}<\/script>\n<!-- \/ Yoast SEO Premium plugin. -->","yoast_head_json":{"title":"\u00bfQu\u00e9 significa para los inmigrantes en Chicago el nuevo l\u00edmite de 60 d\u00edas de acogida? - Revista Borderless NFP","description":"Los voluntarios temen que la limitaci\u00f3n de los albergues vaya a crear un \"nuevo espect\u00e1culo de mierda\" cuando la gente se vea obligada a marcharse, y empuje a m\u00e1s personas a quedarse sin hogar.","robots":{"index":"index","follow":"follow","max-snippet":"max-snippet:-1","max-image-preview":"max-image-preview:large","max-video-preview":"max-video-preview:-1"},"canonical":"https:\/\/borderlessmag.org\/es\/2023\/11\/21\/que-significa-para-los-inmigrantes-el-nuevo-limite-de-60-dias-de-acogida\/","og_locale":"es_MX","og_type":"article","og_title":"What Does The City\u2019s New 60-Day Shelter Limit Mean For Migrants In Chicago? &#8211; Borderless Magazine NFP","og_description":"What Does The City\u2019s New 60-Day Shelter Limit Mean For Migrants In Chicago? &#8211; Borderless Magazine NFP","og_url":"https:\/\/borderlessmag.org\/es\/2023\/11\/21\/que-significa-para-los-inmigrantes-el-nuevo-limite-de-60-dias-de-acogida\/","og_site_name":"Borderless Magazine NFP","article_publisher":"https:\/\/www.facebook.com\/BorderlessMagazine","article_published_time":"2023-11-21T16:19:03+00:00","article_modified_time":"2023-11-27T19:36:57+00:00","og_image":[{"width":1920,"height":1278,"url":"https:\/\/borderlessmag.org\/wordpress\/wp-content\/uploads\/2023\/11\/103023-CPD-District-2-Asylum-Seekers-Colin-Boyle-7853.jpg","type":"image\/jpeg"}],"author":"Efrain Soriano","twitter_card":"summary_large_image","twitter_misc":{"Escrito por":"Quinn Myers","Tiempo de lectura":"22 minutos","Written by":"Efrain Soriano"},"schema":{"@context":"https:\/\/schema.org","@graph":[{"@type":"NewsArticle","@id":"https:\/\/borderlessmag.org\/2023\/11\/21\/what-does-the-citys-new-60-day-shelter-limit-mean-for-migrants\/#article","isPartOf":{"@id":"https:\/\/borderlessmag.org\/2023\/11\/21\/what-does-the-citys-new-60-day-shelter-limit-mean-for-migrants\/"},"author":{"name":"Quinn Myers","@id":"https:\/\/borderlessmag.org\/#\/schema\/person\/52bc3e44ea657bbc2d36da2d97cdab22"},"headline":"What Does The City\u2019s New 60-Day Shelter Limit Mean For Migrants In Chicago?","datePublished":"2023-11-21T16:19:03+00:00","dateModified":"2023-11-27T19:36:57+00:00","mainEntityOfPage":{"@id":"https:\/\/borderlessmag.org\/2023\/11\/21\/what-does-the-citys-new-60-day-shelter-limit-mean-for-migrants\/"},"wordCount":4350,"publisher":{"@id":"https:\/\/borderlessmag.org\/#organization"},"image":{"@id":"https:\/\/borderlessmag.org\/2023\/11\/21\/what-does-the-citys-new-60-day-shelter-limit-mean-for-migrants\/#primaryimage"},"thumbnailUrl":"https:\/\/borderlessmag.org\/wordpress\/wp-content\/uploads\/2023\/11\/103023-CPD-District-2-Asylum-Seekers-Colin-Boyle-7853.jpg","keywords":["60shelter"],"articleSection":["Immigration Policy"],"inLanguage":"es","copyrightYear":"2023","copyrightHolder":{"@id":"https:\/\/borderlessmag.org\/es\/#organization"}},{"@type":"WebPage","@id":"https:\/\/borderlessmag.org\/2023\/11\/21\/what-does-the-citys-new-60-day-shelter-limit-mean-for-migrants\/","url":"https:\/\/borderlessmag.org\/2023\/11\/21\/what-does-the-citys-new-60-day-shelter-limit-mean-for-migrants\/","name":"\u00bfQu\u00e9 significa para los inmigrantes en Chicago el nuevo l\u00edmite de 60 d\u00edas de acogida? - Revista Borderless NFP","isPartOf":{"@id":"https:\/\/borderlessmag.org\/#website"},"primaryImageOfPage":{"@id":"https:\/\/borderlessmag.org\/2023\/11\/21\/what-does-the-citys-new-60-day-shelter-limit-mean-for-migrants\/#primaryimage"},"image":{"@id":"https:\/\/borderlessmag.org\/2023\/11\/21\/what-does-the-citys-new-60-day-shelter-limit-mean-for-migrants\/#primaryimage"},"thumbnailUrl":"https:\/\/borderlessmag.org\/wordpress\/wp-content\/uploads\/2023\/11\/103023-CPD-District-2-Asylum-Seekers-Colin-Boyle-7853.jpg","datePublished":"2023-11-21T16:19:03+00:00","dateModified":"2023-11-27T19:36:57+00:00","description":"Los voluntarios temen que la limitaci\u00f3n de los albergues vaya a crear un \"nuevo espect\u00e1culo de mierda\" cuando la gente se vea obligada a marcharse, y empuje a m\u00e1s personas a quedarse sin hogar.","inLanguage":"es","potentialAction":[{"@type":"ReadAction","target":["https:\/\/borderlessmag.org\/2023\/11\/21\/what-does-the-citys-new-60-day-shelter-limit-mean-for-migrants\/"]}]},{"@type":"ImageObject","inLanguage":"es","@id":"https:\/\/borderlessmag.org\/2023\/11\/21\/what-does-the-citys-new-60-day-shelter-limit-mean-for-migrants\/#primaryimage","url":"https:\/\/borderlessmag.org\/wordpress\/wp-content\/uploads\/2023\/11\/103023-CPD-District-2-Asylum-Seekers-Colin-Boyle-7853.jpg","contentUrl":"https:\/\/borderlessmag.org\/wordpress\/wp-content\/uploads\/2023\/11\/103023-CPD-District-2-Asylum-Seekers-Colin-Boyle-7853.jpg","width":1920,"height":1278,"caption":"Asylum seekers await shelter from the cold temperatures in tents outside the Chicago Police Department\u2019s 2nd District station in Fuller Park on Oct. 30, 2023."},{"@type":"WebSite","@id":"https:\/\/borderlessmag.org\/#website","url":"https:\/\/borderlessmag.org\/","name":"Revista Borderless NFP","description":"Historias sobre inmigraci\u00f3n e inmigrantes","publisher":{"@id":"https:\/\/borderlessmag.org\/#organization"},"alternateName":"Borderless","potentialAction":[{"@type":"SearchAction","target":{"@type":"EntryPoint","urlTemplate":"https:\/\/borderlessmag.org\/?s={search_term_string}"},"query-input":{"@type":"PropertyValueSpecification","valueRequired":true,"valueName":"search_term_string"}}],"inLanguage":"es"},{"@type":"Organization","@id":"https:\/\/borderlessmag.org\/#organization","name":"Revista Borderless NFP","alternateName":"Borderless Mag","url":"https:\/\/borderlessmag.org\/","logo":{"@type":"ImageObject","inLanguage":"es","@id":"https:\/\/borderlessmag.org\/#\/schema\/logo\/image\/","url":"https:\/\/borderlessmag.org\/wordpress\/wp-content\/uploads\/2025\/08\/BorderlessLogo_main_square.jpg","contentUrl":"https:\/\/borderlessmag.org\/wordpress\/wp-content\/uploads\/2025\/08\/BorderlessLogo_main_square.jpg","width":696,"height":696,"caption":"Borderless Magazine NFP"},"image":{"@id":"https:\/\/borderlessmag.org\/#\/schema\/logo\/image\/"},"sameAs":["https:\/\/www.facebook.com\/BorderlessMagazine","https:\/\/www.instagram.com\/borderless_mag\/","https:\/\/www.tiktok.com\/@borderless_mag"]},{"@type":"Person","@id":"https:\/\/borderlessmag.org\/#\/schema\/person\/52bc3e44ea657bbc2d36da2d97cdab22","name":"Quinn Myers","image":{"@type":"ImageObject","inLanguage":"es","@id":"https:\/\/secure.gravatar.com\/avatar\/32b2fc771d4c669548bf854ceae1d376ac47ba327932709a755a0678e0b1d24e?s=96&d=mm&r=gdf72539c096d9dd9843ce418462214bc","url":"https:\/\/secure.gravatar.com\/avatar\/32b2fc771d4c669548bf854ceae1d376ac47ba327932709a755a0678e0b1d24e?s=96&d=mm&r=g","contentUrl":"https:\/\/secure.gravatar.com\/avatar\/32b2fc771d4c669548bf854ceae1d376ac47ba327932709a755a0678e0b1d24e?s=96&d=mm&r=g","caption":"Quinn Myers"},"url":"https:\/\/borderlessmag.org\/es\/author\/quinn-myers\/"}]}},"cc_featured_image_caption":{"caption_text":"Asylum seekers await shelter from the cold temperatures in tents outside the Chicago Police Department\u2019s 2nd District station in Fuller Park on Oct. 30, 2023.","source_text":"","source_url":""},"_links":{"self":[{"href":"https:\/\/borderlessmag.org\/es\/wp-json\/wp\/v2\/posts\/20121","targetHints":{"allow":["GET"]}}],"collection":[{"href":"https:\/\/borderlessmag.org\/es\/wp-json\/wp\/v2\/posts"}],"about":[{"href":"https:\/\/borderlessmag.org\/es\/wp-json\/wp\/v2\/types\/post"}],"author":[{"embeddable":true,"href":"https:\/\/borderlessmag.org\/es\/wp-json\/wp\/v2\/users\/132"}],"replies":[{"embeddable":true,"href":"https:\/\/borderlessmag.org\/es\/wp-json\/wp\/v2\/comments?post=20121"}],"version-history":[{"count":0,"href":"https:\/\/borderlessmag.org\/es\/wp-json\/wp\/v2\/posts\/20121\/revisions"}],"wp:featuredmedia":[{"embeddable":true,"href":"https:\/\/borderlessmag.org\/es\/wp-json\/wp\/v2\/media\/20126"}],"wp:attachment":[{"href":"https:\/\/borderlessmag.org\/es\/wp-json\/wp\/v2\/media?parent=20121"}],"wp:term":[{"taxonomy":"category","embeddable":true,"href":"https:\/\/borderlessmag.org\/es\/wp-json\/wp\/v2\/categories?post=20121"},{"taxonomy":"post_tag","embeddable":true,"href":"https:\/\/borderlessmag.org\/es\/wp-json\/wp\/v2\/tags?post=20121"},{"taxonomy":"author","embeddable":true,"href":"https:\/\/borderlessmag.org\/es\/wp-json\/wp\/v2\/coauthors?post=20121"}],"curies":[{"name":"wp","href":"https:\/\/api.w.org\/{rel}","templated":true}]}}