{"id":19194,"date":"2023-05-19T12:39:51","date_gmt":"2023-05-19T17:39:51","guid":{"rendered":"https:\/\/borderlessmag.org\/?p=19194"},"modified":"2025-10-09T10:32:31","modified_gmt":"2025-10-09T15:32:31","slug":"healthy-illinois-all-bill-seguro-medico-universal","status":"publish","type":"post","link":"https:\/\/borderlessmag.org\/es\/2023\/05\/19\/healthy-illinois-all-bill-universal-health-insurance\/","title":{"rendered":"Los defensores de los inmigrantes impulsan un proyecto de ley de salud para todos en Illinois"},"content":{"rendered":"<div id=\"fws_69f3db38ba302\"  data-column-margin=\"default\" data-midnight=\"dark\"  class=\"wpb_row vc_row-fluid vc_row\"  style=\"padding-top: 0px; padding-bottom: 0px; \"><div class=\"row-bg-wrap\" data-bg-animation=\"none\" data-bg-animation-delay=\"\" data-bg-overlay=\"false\"><div class=\"inner-wrap row-bg-layer\" ><div class=\"row-bg viewport-desktop\"  style=\"\"><\/div><\/div><\/div><div class=\"row_col_wrap_12 col span_12 dark left\">\n\t<div  class=\"vc_col-sm-2 vc_hidden-sm vc_hidden-xs wpb_column column_container vc_column_container col no-extra-padding inherit_tablet inherit_phone\"  data-padding-pos=\"all\" data-has-bg-color=\"false\" data-bg-color=\"\" data-bg-opacity=\"1\" data-animation=\"\" data-delay=\"0\" >\n\t\t<div class=\"vc_column-inner\" >\n\t\t\t<div class=\"wpb_wrapper\">\n\t\t\t\t\n\t\t\t<\/div> \n\t\t<\/div>\n\t<\/div> \n\n\t<div  class=\"vc_col-sm-8 wpb_column column_container vc_column_container col padding-3-percent inherit_tablet inherit_phone\"  data-padding-pos=\"all\" data-has-bg-color=\"false\" data-bg-color=\"\" data-bg-opacity=\"1\" data-animation=\"\" data-delay=\"0\" >\n\t\t<div class=\"vc_column-inner\" >\n\t\t\t<div class=\"wpb_wrapper\">\n\t\t\t\t\n<div class=\"wpb_text_column wpb_content_element\" >\n\t<p>Cuando Brenda P\u00e9rez, estudiante de medicina de primera generaci\u00f3n en Chicago, enferm\u00f3 de COVID-19 hace dos semanas, no sab\u00eda c\u00f3mo actuar. \"No pod\u00eda concentrarme, no pod\u00eda seguir sirviendo a mis pacientes y a mis comunidades, y pens\u00e9 que esto era injusto\", dijo P\u00e9rez.<\/p>\n<p>P\u00e9rez dijo que, al cumplir 26 a\u00f1os en diciembre, ya no pod\u00eda estar cubierta por el seguro m\u00e9dico de sus padres. Como resultado, su visita de telesalud le cost\u00f3 $300 de su bolsillo, algo que no pod\u00eda permitirse. Dijo que su m\u00e9dico le permiti\u00f3 acogerse a un plan de pago, pero que a\u00fan as\u00ed le resultaba dif\u00edcil tomar la decisi\u00f3n de buscar tratamiento debido a los costes.<\/p>\n<\/div>\n\n\n\n<div class=\"templatera_shortcode\">\n\t\t<div id=\"fws_69f3db38bb9c9\"  data-column-margin=\"default\" data-midnight=\"dark\"  class=\"wpb_row vc_row-fluid vc_row vc_row-o-equal-height vc_row-flex vc_row-o-content-middle small\"  style=\"padding-top: 0px; padding-bottom: 0px; \"><div class=\"row-bg-wrap\" data-bg-animation=\"none\" data-bg-animation-delay=\"\" data-bg-overlay=\"false\"><div class=\"inner-wrap row-bg-layer\" ><div class=\"row-bg viewport-desktop\"  style=\"\"><\/div><\/div><\/div><div class=\"row_col_wrap_12 col span_12 dark left\">\n\t<div  class=\"vc_col-sm-12 wpb_column column_container vc_column_container col no-extra-padding inherit_tablet inherit_phone border_color_909090 border_style_solid\"  data-padding-pos=\"all\" data-has-bg-color=\"false\" data-bg-color=\"\" data-bg-opacity=\"1\" data-animation=\"\" data-delay=\"0\" >\n\t\t<div class=\"vc_column-inner\" >\n\t\t\t<div class=\"wpb_wrapper\">\n\t\t\t\t\n\t\t<div id=\"fws_69f3db38bc556\"  data-column-margin=\"default\" data-midnight=\"dark\"  class=\"wpb_row vc_row-fluid vc_row vc_row-o-equal-height vc_row-flex vc_row-o-content-middle large top_margin_20px bottom_margin_20px\"  style=\"padding-top: 0px; padding-bottom: 0px; \"><div class=\"row-bg-wrap\" data-bg-animation=\"none\" data-bg-animation-delay=\"\" data-bg-overlay=\"true\"><div class=\"inner-wrap row-bg-layer\" ><div class=\"row-bg viewport-desktop\"  style=\"\"><\/div><\/div><div class=\"row-bg-overlay row-bg-layer\" style=\"background: #FFFFFF; background: linear-gradient(90deg,#FFFFFF 0%,#FFFFFF 100%);  opacity: 1; \"><\/div><\/div><div class=\"row_col_wrap_12 col span_12 dark left\">\n\t<div  class=\"vc_col-sm-12 wpb_column column_container vc_column_container col padding-3-percent force-phone-text-align-center inherit_tablet inherit_phone border_top_desktop_1px border_bottom_desktop_1px border_color_FFFFFF border_style_solid\"  data-padding-pos=\"all\" data-has-bg-color=\"false\" data-bg-color=\"\" data-bg-opacity=\"1\" data-animation=\"\" data-delay=\"0\" >\n\t\t<div class=\"vc_column-inner\" >\n\t\t\t<div class=\"wpb_wrapper\">\n\t\t\t\t<div id=\"fws_69f3db38bcc4c\" data-midnight=\"\" data-column-margin=\"default\" class=\"wpb_row vc_row-fluid vc_row inner_row vc_row-o-equal-height vc_row-flex vc_row-o-content-middle\"  style=\"\"><div class=\"row-bg-wrap\"> <div class=\"row-bg\" ><\/div> <\/div><div class=\"row_col_wrap_12_inner col span_12  left\">\n\t<div  class=\"vc_col-sm-7 wpb_column column_container vc_column_container col child_column no-extra-padding inherit_tablet inherit_phone\"   data-padding-pos=\"all\" data-has-bg-color=\"false\" data-bg-color=\"\" data-bg-opacity=\"1\" data-animation=\"\" data-delay=\"0\" >\n\t\t<div class=\"vc_column-inner\" >\n\t\t<div class=\"wpb_wrapper\">\n\t\t\t\n<div class=\"wpb_text_column wpb_content_element\" >\n\t<h4 id=\"news-that-puts-power-under-the-spotlight-and-communities-at-the-center\"><strong>Noticias que ponen el poder en el punto de mira y a las comunidades en el centro.<\/strong><\/h4>\n<p>Suscr\u00edbase a nuestro bolet\u00edn gratuito y reciba actualizaciones dos veces por semana.<\/p>\n<\/div>\n\n\n\n\n\t\t<\/div> \n\t<\/div>\n\t<\/div> \n\n\t<div style=\"margin-top: -20px; \" class=\"vc_col-sm-5 wpb_column column_container vc_column_container col child_column neg-marg no-extra-padding inherit_tablet inherit_phone\"   data-padding-pos=\"all\" data-has-bg-color=\"false\" data-bg-color=\"\" data-bg-opacity=\"1\" data-animation=\"\" data-delay=\"0\" >\n\t\t<div class=\"vc_column-inner\" >\n\t\t<div class=\"wpb_wrapper\">\n\t\t\t\n\t<div class=\"wpb_raw_code wpb_raw_html wpb_content_element\" >\n\t\t<div class=\"wpb_wrapper\">\n\t\t\t<div class=\"_form_1\"><\/div><script src=\"https:\/\/borderlessmag.bluelena.io\/f\/embed.php?id=1\" charset=\"utf-8\"><\/script>\n\t\t<\/div>\n\t<\/div>\n\n\t\t<\/div> \n\t<\/div>\n\t<\/div> \n<\/div><\/div>\n\t\t\t<\/div> \n\t\t<\/div>\n\t<\/div> \n<\/div><\/div>\n\n\t\t\t<\/div> \n\t\t<\/div>\n\t<\/div> \n<\/div><\/div><\/div>\n<div class=\"wpb_text_column wpb_content_element\" >\n\t<p>P\u00e9rez es una de las m\u00e1s de 100 personas que acudieron al Centro M\u00e9dico Alivio de Pilsen el martes por la ma\u00f1ana para instar a los legisladores estatales y al gobernador J.B. Pritzker a que aprueben un proyecto de ley que har\u00eda que cualquier persona de entre 19 y 41 a\u00f1os pudiera optar a un seguro m\u00e9dico financiado por el Estado, independientemente de su situaci\u00f3n migratoria. En <a href=\"https:\/\/www.ilga.gov\/legislation\/billstatus.asp?DocNum=1570&amp;GAID=17&amp;GA=103&amp;DocTypeID=HB&amp;LegID=143901&amp;SessionID=112\">proyecto de ley, conocido como Healthy Illinois for All<\/a>fue presentado por Lisa Hern\u00e1ndez en la C\u00e1mara y Omar Aquino en el Senado. La 106\u00aa Asamblea General de Illinois, la actual sesi\u00f3n legislativa, termina esta semana, lo que tambi\u00e9n ser\u00e1 la \u00faltima oportunidad de que este proyecto de ley pueda incorporarse al presupuesto fiscal del estado para 2023.<\/p>\n<h2 id=\"whats-at-stake\">Lo que est\u00e1 en juego<\/h2>\n<p>En la actualidad, existe una laguna en la cobertura de este grupo demogr\u00e1fico, ya que los habitantes de Illinois menores de 18 a\u00f1os est\u00e1n cubiertos por el seguro de enfermedad. <a href=\"https:\/\/hfs.illinois.gov\/medicalprograms\/allkids.html\">Todos los ni\u00f1os<\/a> y los adultos mayores de 42 a\u00f1os tienen derecho a <a href=\"https:\/\/hfs.illinois.gov\/medicalclients\/coverageforimmigrantseniors\/healthbenefitsforimmigrants.html\">seguro de enfermedad estatal<\/a>. El grupo de defensa Healthy Illinois calcula que este proyecto de ley ampliar\u00eda la cobertura a unas 116.000 personas indocumentadas con bajos ingresos.<\/p>\n<p>Casi 8.000 inmigrantes han llegado a Chicago desde agosto de 2022, muchos de los cuales se encuentran en el rango de edad no elegible. Si no se aprueba esta legislaci\u00f3n, a\u00fan m\u00e1s personas en el estado podr\u00edan verse obligadas a tomar las mismas decisiones dif\u00edciles que P\u00e9rez.<\/p>\n<p><a href=\"https:\/\/healthyillinoiscampaign.org\/\">Illinois saludable<\/a> es una coalici\u00f3n y una campa\u00f1a que aboga por una cobertura sanitaria asequible para todos en Illinois. Representa a m\u00e1s de 40 organizaciones, entre ellas Mujeres Latinas en Acci\u00f3n, The Resurrection Project, Hana Center, entre cuyos miembros hay trabajadores sanitarios, abogados y organizadores de m\u00faltiples grupos de edad y or\u00edgenes \u00e9tnicos.<\/p>\n<\/div>\n\n\n\n\n\t\t\t<\/div> \n\t\t<\/div>\n\t<\/div> \n\n\t<div  class=\"vc_col-sm-2 vc_hidden-sm vc_hidden-xs wpb_column column_container vc_column_container col no-extra-padding inherit_tablet inherit_phone\"  data-padding-pos=\"all\" data-has-bg-color=\"false\" data-bg-color=\"\" data-bg-opacity=\"1\" data-animation=\"\" data-delay=\"0\" >\n\t\t<div class=\"vc_column-inner\" >\n\t\t\t<div class=\"wpb_wrapper\">\n\t\t\t\t\n\t\t\t<\/div> \n\t\t<\/div>\n\t<\/div> \n<\/div><\/div>\n\t\t<div id=\"fws_69f3db38bef34\"  data-column-margin=\"default\" data-midnight=\"dark\"  class=\"wpb_row vc_row-fluid vc_row article-image\"  style=\"padding-top: 0px; padding-bottom: 0px; \"><div class=\"row-bg-wrap\" data-bg-animation=\"none\" data-bg-animation-delay=\"\" data-bg-overlay=\"false\"><div class=\"inner-wrap row-bg-layer\" ><div class=\"row-bg viewport-desktop\"  style=\"\"><\/div><\/div><\/div><div class=\"row_col_wrap_12 col span_12 dark left\">\n\t<div  class=\"vc_col-sm-12 wpb_column column_container vc_column_container col no-extra-padding inherit_tablet inherit_phone\"  data-padding-pos=\"all\" data-has-bg-color=\"false\" data-bg-color=\"\" data-bg-opacity=\"1\" data-animation=\"\" data-delay=\"0\" >\n\t\t<div class=\"vc_column-inner\" >\n\t\t\t<div class=\"wpb_wrapper\">\n\t\t\t\t<div class=\"img-with-aniamtion-wrap center\" data-max-width=\"100%\" data-max-width-mobile=\"default\" data-shadow=\"none\" data-animation=\"fade-in\" >\r\n      <div class=\"inner\">\r\n        <div class=\"hover-wrap\"> \r\n          <div class=\"hover-wrap-inner\">\r\n            <img decoding=\"async\" class=\"img-with-animation skip-lazy\" data-delay=\"0\" height=\"100\" width=\"100\" data-animation=\"fade-in\" src=\"https:\/\/borderlessmag.org\/wordpress\/wp-content\/uploads\/2023\/05\/IL_Healthy_print_05_web.jpg\" alt=\"Basma Outhman se dirige a una multitud desde detr\u00e1s de un atril. En el atril hay un cartel que dice &quot;Illinois saludable&quot;. Detr\u00e1s de ella hay una multitud que sostiene una pancarta de &quot;Illinois saludable&quot; y carteles de &quot;Sanidad para todos&quot;.\"  \/>\r\n         <\/div>\r\n      <\/div><span class=\"vc_figure-caption ccfic-text media-caption\">Basma Outhman se dirige a una multitud en una conferencia de prensa para la campa\u00f1a Healthy Illinois en el Centro M\u00e9dico Alivio en Chicago, Illinois, el 16 de mayo de 2023. Outhman es coordinadora de promoci\u00f3n en Arab American Family Services. <\/span><span class=\"media-credit\">Gonzalo Guzm\u00e1n para Borderless Magazine<\/span><\/div><\/div>\n\t\t\t<\/div> \n\t\t<\/div>\n\t<\/div> \n<\/div><\/div>\n\t\t<div id=\"fws_69f3db38c0012\"  data-column-margin=\"default\" data-midnight=\"dark\"  class=\"wpb_row vc_row-fluid vc_row\"  style=\"padding-top: 0px; padding-bottom: 0px; \"><div class=\"row-bg-wrap\" data-bg-animation=\"none\" data-bg-animation-delay=\"\" data-bg-overlay=\"false\"><div class=\"inner-wrap row-bg-layer\" ><div class=\"row-bg viewport-desktop\"  style=\"\"><\/div><\/div><\/div><div class=\"row_col_wrap_12 col span_12 dark left\">\n\t<div  class=\"vc_col-sm-2 vc_hidden-sm vc_hidden-xs wpb_column column_container vc_column_container col no-extra-padding inherit_tablet inherit_phone\"  data-padding-pos=\"all\" data-has-bg-color=\"false\" data-bg-color=\"\" data-bg-opacity=\"1\" data-animation=\"\" data-delay=\"0\" >\n\t\t<div class=\"vc_column-inner\" >\n\t\t\t<div class=\"wpb_wrapper\">\n\t\t\t\t\n\t\t\t<\/div> \n\t\t<\/div>\n\t<\/div> \n\n\t<div  class=\"vc_col-sm-8 wpb_column column_container vc_column_container col padding-3-percent inherit_tablet inherit_phone\"  data-padding-pos=\"all\" data-has-bg-color=\"false\" data-bg-color=\"\" data-bg-opacity=\"1\" data-animation=\"\" data-delay=\"0\" >\n\t\t<div class=\"vc_column-inner\" >\n\t\t\t<div class=\"wpb_wrapper\">\n\t\t\t\t\n<div class=\"wpb_text_column wpb_content_element\" >\n\t<p>Glo Choi, organizador comunitario de <a href=\"https:\/\/hanacenter.org\/\">Centro Hana<\/a>que ofrece servicios sociales a miembros de la comunidad mayoritariamente asi\u00e1tica, dijo que su organizaci\u00f3n se uni\u00f3 a la campa\u00f1a porque una encuesta comunitaria que la organizaci\u00f3n realiz\u00f3 en 2017 revel\u00f3 que la cobertura sanitaria es la necesidad n\u00famero uno de sus clientes.<\/p>\n<p>Choi, cuya familia emigr\u00f3 de Corea del Sur a Illinois en 1996, dijo que, gracias a esta cobertura, su madre pudo costearse la medicaci\u00f3n para la tensi\u00f3n arterial y la diabetes, y pudo seguir adelante con una importante operaci\u00f3n dental.<\/p>\n<p>\"Esta campa\u00f1a no trata s\u00f3lo de mitigar la muerte, sino tambi\u00e9n de tener la calidad de vida que todos merecemos, independientemente de los ingresos de las personas y de si est\u00e1n documentadas o no\", dijo Choi.<\/p>\n<\/div>\n\n\n\n<div id=\"fws_69f3db38c0a02\" data-midnight=\"\" data-column-margin=\"default\" class=\"wpb_row vc_row-fluid vc_row inner_row\"  style=\"\"><div class=\"row-bg-wrap\"> <div class=\"row-bg\" ><\/div> <\/div><div class=\"row_col_wrap_12_inner col span_12  left\">\n\t<div  class=\"vc_col-sm-12 wpb_column column_container vc_column_container col child_column no-extra-padding inherit_tablet inherit_phone border_bottom_desktop_1px border_color_000000 border_style_solid\"   data-padding-pos=\"all\" data-has-bg-color=\"false\" data-bg-color=\"\" data-bg-opacity=\"1\" data-animation=\"\" data-delay=\"0\" >\n\t\t<div class=\"vc_column-inner\" >\n\t\t<div class=\"wpb_wrapper\">\n\t\t\t<div class=\"vc_separator wpb_content_element vc_separator_align_center vc_sep_width_100 vc_sep_pos_align_center vc_sep_color_black wpb_content_element vc_separator-has-text\" ><span class=\"vc_sep_holder vc_sep_holder_l\"><span class=\"vc_sep_line\"><\/span><\/span><h4 id=\"read-more-of-our-coverage\">M\u00e1s informaci\u00f3n<\/h4><span class=\"vc_sep_holder vc_sep_holder_r\"><span class=\"vc_sep_line\"><\/span><\/span>\n<\/div>\n<div class=\"wpb_text_column wpb_content_element\" >\n\t\t\t<div class=\"pk-inline-posts\">\n\t\t\t\n\t\t\t<div class=\"pk-inline-posts-container pk-inline-posts-template-list\"\n\t\t\t\tdata-columns=\"1\">\n\t\t\t\t\t\t<article id=\"post-11122\" class=\"post-11122 post type-post status-publish format-standard has-post-thumbnail category-environmentandhealth category-resources tag-immigranthealthcare\">\n\t\t\t<div class=\"pk-post-outer\">\n\n\t\t\t\t\t\t\t\t<div class=\"pk-post-inner\">\n\t\t\t\t\t<div class=\"entry-thumbnail\">\n\t\t\t\t\t\t<div class=\"pk-overlay pk-overlay-ratio pk-ratio-landscape\">\n\t\t\t\t\t\t\t<div class=\"pk-overlay-background\">\n\t\t\t\t\t\t\t\t<a href=\"https:\/\/borderlessmag.org\/es\/2022\/05\/19\/immigrant-health-academy-chicago-overcome-barriers-to-health-care-access-rights\/\" class=\"pk-overlay-link\">\n\t\t\t\t\t\t\t\t\t<img decoding=\"async\" width=\"1\" height=\"1\" src=\"https:\/\/borderlessmag.org\/wordpress\/wp-content\/uploads\/2022\/05\/220516_AliciaGomez-1_featured.jpg\" class=\"attachment-pk-thumbnail size-pk-thumbnail wp-post-image\" alt=\"\" \/>\t\t\t\t\t\t\t\t<\/a>\n\t\t\t\t\t\t\t<\/div>\n\t\t\t\t\t\t<\/div>\n\t\t\t\t\t<\/div>\n\t\t\t\t<\/div>\n\t\t\t\t\n\t\t\t\t<div class=\"pk-post-inner\">\n\t\t\t\t\t<header>\n\t\t\t\t\t\t<h3 class=\"pk-title\"><a href=\"https:\/\/borderlessmag.org\/es\/2022\/05\/19\/immigrant-health-academy-chicago-overcome-barriers-to-health-care-access-rights\/\" rel=\"bookmark\">Utilizar la educaci\u00f3n para superar las barreras sanitarias de los inmigrantes<\/a><\/h3>\t\t\t\t\t\t\t<div class=\"pk-post-meta\">\n\t\t\t\t\t\t\t\t<span class=\"pk-meta-author meta-author\"><span class=\"author vcard\"><a class=\"url fn n\" href=\"https:\/\/borderlessmag.org\/es\/author\/leslie-hurtado\/\" title=\"Ver todas las publicaciones de Leslie Hurtado\">Leslie Hurtado<\/a><\/span><\/span>\t\t\t\t\t\t\t\t<span class=\"sep\">-<\/span>\n\t\t\t\t\t\t\t\t<span class=\"pk-meta-date meta-date\"><a href=\"https:\/\/borderlessmag.org\/es\/2022\/05\/19\/immigrant-health-academy-chicago-overcome-barriers-to-health-care-access-rights\/\" rel=\"bookmark\">19 de mayo de 2022<\/a><\/span>\t\t\t\t\t\t\t<\/div>\n\t\t\t\t\t\t\t\t\t\t\t\t<\/header><!-- .entry-header -->\n\t\t\t\t<\/div><!-- .post-inner -->\n\n\t\t\t<\/div><!-- .post-outer -->\n\t\t<\/article>\n\t\t\t\t<\/div>\n\t\t<\/div>\n\t\t\n<\/div>\n\n\n\n\n\t\t<\/div> \n\t<\/div>\n\t<\/div> \n<\/div><\/div>\n<div class=\"wpb_text_column wpb_content_element\" >\n\t<p>Tovia Siegel, directora de Healthy Illinois, dijo que aunque el beneficio m\u00e1s importante de este proyecto de ley ser\u00eda que proporciona acceso para salvar vidas, puede beneficiar a la econom\u00eda en general si los hospitales pueden cobrar por el tratamiento que proporcionan.<\/p>\n<p>\"Las personas sin seguro pueden acabar padeciendo enfermedades que no se tratan durante mucho m\u00e1s tiempo del necesario y que acaban siendo m\u00e1s peligrosas para su salud, pero tambi\u00e9n m\u00e1s caras y complejas de tratar\", afirma Siegel.<\/p>\n<p>Healthy Illinois es responsable en gran medida del acceso actual a los seguros al conseguir que la cobertura sanitaria para las personas mayores de 65 a\u00f1os volviera en 2020. En 2021, esta cobertura se ampli\u00f3 para incluir a las personas de entre 55 y 64 a\u00f1os, y despu\u00e9s se volvi\u00f3 a ampliar en 2022 para incluir a las de entre 45 y 54 a\u00f1os.<\/p>\n<p>Siegel dijo que Healthy Illinois estableci\u00f3 s\u00f3lidas relaciones con el Grupo Legislativo Latino de Illinois, el Grupo Asi\u00e1tico-Americano de Illinois y el Grupo Progresista de la C\u00e1mara de Representantes de Illinois a lo largo de los a\u00f1os, lo que contribuy\u00f3 a la aprobaci\u00f3n de anteriores ampliaciones.<\/p>\n<\/div>\n\n\n\n\n\t\t\t<\/div> \n\t\t<\/div>\n\t<\/div> \n\n\t<div  class=\"vc_col-sm-2 vc_hidden-sm vc_hidden-xs wpb_column column_container vc_column_container col no-extra-padding inherit_tablet inherit_phone\"  data-padding-pos=\"all\" data-has-bg-color=\"false\" data-bg-color=\"\" data-bg-opacity=\"1\" data-animation=\"\" data-delay=\"0\" >\n\t\t<div class=\"vc_column-inner\" >\n\t\t\t<div class=\"wpb_wrapper\">\n\t\t\t\t\n\t\t\t<\/div> \n\t\t<\/div>\n\t<\/div> \n<\/div><\/div>\n\t\t<div id=\"fws_69f3db38c4a3c\"  data-column-margin=\"default\" data-midnight=\"dark\"  class=\"wpb_row vc_row-fluid vc_row article-image\"  style=\"padding-top: 0px; padding-bottom: 0px; \"><div class=\"row-bg-wrap\" data-bg-animation=\"none\" data-bg-animation-delay=\"\" data-bg-overlay=\"false\"><div class=\"inner-wrap row-bg-layer\" ><div class=\"row-bg viewport-desktop\"  style=\"\"><\/div><\/div><\/div><div class=\"row_col_wrap_12 col span_12 dark left\">\n\t<div  class=\"vc_col-sm-12 wpb_column column_container vc_column_container col no-extra-padding inherit_tablet inherit_phone\"  data-padding-pos=\"all\" data-has-bg-color=\"false\" data-bg-color=\"\" data-bg-opacity=\"1\" data-animation=\"\" data-delay=\"0\" >\n\t\t<div class=\"vc_column-inner\" >\n\t\t\t<div class=\"wpb_wrapper\">\n\t\t\t\t<div class=\"img-with-aniamtion-wrap center\" data-max-width=\"100%\" data-max-width-mobile=\"default\" data-shadow=\"none\" data-animation=\"fade-in\" >\r\n      <div class=\"inner\">\r\n        <div class=\"hover-wrap\"> \r\n          <div class=\"hover-wrap-inner\">\r\n            <img decoding=\"async\" class=\"img-with-animation skip-lazy\" data-delay=\"0\" height=\"100\" width=\"100\" data-animation=\"fade-in\" src=\"https:\/\/borderlessmag.org\/wordpress\/wp-content\/uploads\/2023\/05\/IL_Healthy_print_09_web.jpg\" alt=\"Organizadores y oradores de pie en la hierba fuera del Centro M\u00e9dico Alivio en Chicago, Illinois, sosteniendo carteles en los que se lee &quot;Illinois cree que la asistencia sanitaria es un derecho humano.&quot;\"  \/>\r\n         <\/div>\r\n      <\/div><span class=\"vc_figure-caption ccfic-text media-caption\">Organizadores y oradores sostienen carteles en una conferencia de prensa para la Campa\u00f1a Illinois Saludable en el Centro M\u00e9dico Alivio en Chicago, Illinois, el 16 de mayo de 2023.  <\/span><span class=\"media-credit\">Gonzalo Guzm\u00e1n para Borderless Magazine<\/span><\/div><\/div>\n\t\t\t<\/div> \n\t\t<\/div>\n\t<\/div> \n<\/div><\/div>\n\t\t<div id=\"fws_69f3db38c5691\"  data-column-margin=\"default\" data-midnight=\"dark\"  class=\"wpb_row vc_row-fluid vc_row\"  style=\"padding-top: 0px; padding-bottom: 0px; \"><div class=\"row-bg-wrap\" data-bg-animation=\"none\" data-bg-animation-delay=\"\" data-bg-overlay=\"false\"><div class=\"inner-wrap row-bg-layer\" ><div class=\"row-bg viewport-desktop\"  style=\"\"><\/div><\/div><\/div><div class=\"row_col_wrap_12 col span_12 dark left\">\n\t<div  class=\"vc_col-sm-2 vc_hidden-sm vc_hidden-xs wpb_column column_container vc_column_container col no-extra-padding inherit_tablet inherit_phone\"  data-padding-pos=\"all\" data-has-bg-color=\"false\" data-bg-color=\"\" data-bg-opacity=\"1\" data-animation=\"\" data-delay=\"0\" >\n\t\t<div class=\"vc_column-inner\" >\n\t\t\t<div class=\"wpb_wrapper\">\n\t\t\t\t\n\t\t\t<\/div> \n\t\t<\/div>\n\t<\/div> \n\n\t<div  class=\"vc_col-sm-8 wpb_column column_container vc_column_container col padding-3-percent inherit_tablet inherit_phone\"  data-padding-pos=\"all\" data-has-bg-color=\"false\" data-bg-color=\"\" data-bg-opacity=\"1\" data-animation=\"\" data-delay=\"0\" >\n\t\t<div class=\"vc_column-inner\" >\n\t\t\t<div class=\"wpb_wrapper\">\n\t\t\t\t\n<div class=\"wpb_text_column wpb_content_element\" >\n\t<h2 id=\"challenges-and-opposition\">Desaf\u00edos y oposici\u00f3n<\/h2>\n<p>Los l\u00edderes republicanos de la C\u00e1mara de Representantes, entre ellos Norine Hammond y Ryan Spain, pidieron en abril una moratoria en los actuales programas de seguro estatal disponibles para adultos indocumentados y personas mayores, con la preocupaci\u00f3n de que esto colocar\u00eda al estado por encima del presupuesto. Pero Siegel dijo que el \u00e9nfasis en esta parte del presupuesto es anti-inmigrante.<\/p>\n<p>\"Cuando o\u00edmos a los pol\u00edticos decir que no pueden ampliar este a\u00f1o, que es demasiado caro, francamente, lo que est\u00e1n diciendo en realidad es que les parece bien que los inmigrantes enfermen y mueran\", dijo Siegel.<\/p>\n<p>El Departamento de Asistencia Sanitaria y Servicios Familiares, que es la agencia de Medicaid de Illinois, preve\u00eda que el programa actual costar\u00eda $1.100 millones el a\u00f1o que viene. Sin embargo, los costes del programa hasta la fecha ascienden a $436 millones. Las estimaciones pueden resultar desalentadoras para los legisladores, pero John Bouman, director de <a href=\"https:\/\/legalactionchicago.org\/\">Acci\u00f3n legal Chicago<\/a>experto en pol\u00edticas de Healthy Illinois, dijo que esto demuestra lo necesario que es el programa.<\/p>\n<p>\"Es de esperar que cuando la gente no ha tenido cobertura, el primer a\u00f1o o as\u00ed se enfrente a problemas que no han sido tratados. As\u00ed que cuesta un poco m\u00e1s en esos dos primeros a\u00f1os. Pero luego los efectos se nivelan\", dijo Bouman.<\/p>\n<\/div>\n\n\n\n<div id=\"fws_69f3db38c6067\" data-midnight=\"\" data-column-margin=\"default\" class=\"wpb_row vc_row-fluid vc_row inner_row\"  style=\"\"><div class=\"row-bg-wrap\"> <div class=\"row-bg\" ><\/div> <\/div><div class=\"row_col_wrap_12_inner col span_12  left\">\n\t<div  class=\"vc_col-sm-12 wpb_column column_container vc_column_container col child_column no-extra-padding inherit_tablet inherit_phone border_bottom_desktop_1px border_color_000000 border_style_solid\"   data-padding-pos=\"all\" data-has-bg-color=\"false\" data-bg-color=\"\" data-bg-opacity=\"1\" data-animation=\"\" data-delay=\"0\" >\n\t\t<div class=\"vc_column-inner\" >\n\t\t<div class=\"wpb_wrapper\">\n\t\t\t<div class=\"vc_separator wpb_content_element vc_separator_align_center vc_sep_width_100 vc_sep_pos_align_center vc_sep_color_black wpb_content_element vc_separator-has-text\" ><span class=\"vc_sep_holder vc_sep_holder_l\"><span class=\"vc_sep_line\"><\/span><\/span><h4 id=\"read-more-of-our-coverage-2\">M\u00e1s informaci\u00f3n<\/h4><span class=\"vc_sep_holder vc_sep_holder_r\"><span class=\"vc_sep_line\"><\/span><\/span>\n<\/div>\n<div class=\"wpb_text_column wpb_content_element\" >\n\t\t\t<div class=\"pk-inline-posts\">\n\t\t\t\n\t\t\t<div class=\"pk-inline-posts-container pk-inline-posts-template-list\"\n\t\t\t\tdata-columns=\"1\">\n\t\t\t\t\t\t<article id=\"post-10913\" class=\"post-10913 post type-post status-publish format-standard has-post-thumbnail category-arts-culture category-environmentandhealth tag-herbalists\">\n\t\t\t<div class=\"pk-post-outer\">\n\n\t\t\t\t\t\t\t\t<div class=\"pk-post-inner\">\n\t\t\t\t\t<div class=\"entry-thumbnail\">\n\t\t\t\t\t\t<div class=\"pk-overlay pk-overlay-ratio pk-ratio-landscape\">\n\t\t\t\t\t\t\t<div class=\"pk-overlay-background\">\n\t\t\t\t\t\t\t\t<a href=\"https:\/\/borderlessmag.org\/es\/2022\/04\/06\/natural-remedies-herbs-immigrant-health-care-access-covid-treatments\/\" class=\"pk-overlay-link\">\n\t\t\t\t\t\t\t\t\t<img decoding=\"async\" width=\"1\" height=\"1\" src=\"https:\/\/borderlessmag.org\/wordpress\/wp-content\/uploads\/2022\/04\/220328_Lisa_Lau_featured.jpg\" class=\"attachment-pk-thumbnail size-pk-thumbnail wp-post-image\" alt=\"Phillip y Jacky entregan una bolsa de pl\u00e1stico con t\u00e9 a un cliente\" \/>\t\t\t\t\t\t\t\t<\/a>\n\t\t\t\t\t\t\t<\/div>\n\t\t\t\t\t\t<\/div>\n\t\t\t\t\t<\/div>\n\t\t\t\t<\/div>\n\t\t\t\t\n\t\t\t\t<div class=\"pk-post-inner\">\n\t\t\t\t\t<header>\n\t\t\t\t\t\t<h3 class=\"pk-title\"><a href=\"https:\/\/borderlessmag.org\/es\/2022\/04\/06\/natural-remedies-herbs-immigrant-health-care-access-covid-treatments\/\" rel=\"bookmark\">Los herbolarios de Chicago colman lagunas en el acceso a la atenci\u00f3n sanitaria durante la COVID<\/a><\/h3>\t\t\t\t\t\t\t<div class=\"pk-post-meta\">\n\t\t\t\t\t\t\t\t<span class=\"pk-meta-author meta-author\"><span class=\"author vcard\"><a class=\"url fn n\" href=\"https:\/\/borderlessmag.org\/es\/author\/leslie-hurtado\/\" title=\"Ver todas las publicaciones de Leslie Hurtado\">Leslie Hurtado<\/a><\/span><\/span>\t\t\t\t\t\t\t\t<span class=\"sep\">-<\/span>\n\t\t\t\t\t\t\t\t<span class=\"pk-meta-date meta-date\"><a href=\"https:\/\/borderlessmag.org\/es\/2022\/04\/06\/natural-remedies-herbs-immigrant-health-care-access-covid-treatments\/\" rel=\"bookmark\">6 de abril de 2022<\/a><\/span>\t\t\t\t\t\t\t<\/div>\n\t\t\t\t\t\t\t\t\t\t\t\t<\/header><!-- .entry-header -->\n\t\t\t\t<\/div><!-- .post-inner -->\n\n\t\t\t<\/div><!-- .post-outer -->\n\t\t<\/article>\n\t\t\t\t<\/div>\n\t\t<\/div>\n\t\t\n<\/div>\n\n\n\n\n\t\t<\/div> \n\t<\/div>\n\t<\/div> \n<\/div><\/div>\n<div class=\"wpb_text_column wpb_content_element\" >\n\t<h2 id=\"whats-next\">\u00bfY ahora qu\u00e9?<\/h2>\n<p>Si se aprueba este proyecto de ley, entrar\u00eda en vigor el 1 de julio, convirtiendo a Illinois en el primer estado en ofrecer asistencia sanitaria a todo el mundo independientemente de su estatus migratorio.<\/p>\n<p>Illinois dio ejemplo al ser el primer estado en ofrecer cobertura financiada por el Estado a los adultos mayores en 2020, lo que llev\u00f3 a otros estados como California, Nueva York y Washington a aprobar leyes similares. California aprob\u00f3 un proyecto de ley en 2022, que har\u00e1 que todos los adultos con bajos ingresos tengan derecho a cobertura sanitaria, independientemente de su estatus migratorio, en 2024.<\/p>\n<p>Muchas otras organizaciones del estado o de la ciudad est\u00e1n dando prioridad a la atenci\u00f3n sanitaria de los inmigrantes. La Coalici\u00f3n de Illinois por los Derechos de los Inmigrantes y Refugiados (ICIRR) desarroll\u00f3 la Academia de Salud del Inmigrante para crear un plan de estudios que articule informaci\u00f3n sanitaria importante y los recursos sanitarios locales disponibles. ICIRR tambi\u00e9n public\u00f3 un informe en marzo de este a\u00f1o que propone que el estado ampl\u00ede las pr\u00e1cticas de detecci\u00f3n que podr\u00edan ofrecer opciones de cobertura sanitaria y ayuda financiera.<\/p>\n<p>La pr\u00f3xima oportunidad para incorporar este proyecto de ley ser\u00eda en 2024, pero Siegel dijo que Healthy Illinois continuar\u00e1 presionando por este acceso como siempre lo han hecho.<\/p>\n<p>\"Fueron necesarios a\u00f1os de organizaci\u00f3n y construcci\u00f3n de poder pol\u00edtico para demostrar que era posible que la gente siquiera imaginara la idea de ampliar la cobertura a los indocumentados\", dijo Siegel. \"Fuimos capaces de demostrar que no s\u00f3lo es posible, sino que podemos conseguir que la gente se inscriba y que el programa funcione bien y seg\u00fan lo previsto\".<\/p>\n<p>Healthy Illinois acudi\u00f3 a Springfield el mi\u00e9rcoles por la ma\u00f1ana para llamar la atenci\u00f3n sobre el proyecto de ley.<\/p>\n<p>Choi tambi\u00e9n fue, porque dijo que hay mucho en juego.<\/p>\n<p>\"Nuestro valor compartido de creer que es un derecho humano es lo que nos mueve a todos. Pero muchos de estos puntos de vista se basan en el sufrimiento m\u00e1s profundo, en personas que sufren y no pueden recibir la atenci\u00f3n que necesitan\", afirm\u00f3 Choi. \"Nadie deber\u00eda vivir con miedo. Nadie deber\u00eda preguntarse si puede permitirse seguir viviendo\".<\/p>\n<\/div>\n\n\n\n\n\t\t\t<\/div> \n\t\t<\/div>\n\t<\/div> \n\n\t<div  class=\"vc_col-sm-2 vc_hidden-sm vc_hidden-xs wpb_column column_container vc_column_container col no-extra-padding inherit_tablet inherit_phone\"  data-padding-pos=\"all\" data-has-bg-color=\"false\" data-bg-color=\"\" data-bg-opacity=\"1\" data-animation=\"\" data-delay=\"0\" >\n\t\t<div class=\"vc_column-inner\" >\n\t\t\t<div class=\"wpb_wrapper\">\n\t\t\t\t\n\t<div class=\"wpb_widgetised_column wpb_content_element\">\n\t\t<div id=\"sidebar\" data-nectar-ss=\"true\" class=\"wpb_wrapper\">\n\t\t\t<div id=\"custom_html-4 1articleright\" class=\"widget_text widget widget_custom_html\"><h3 id=\"wordpress-popular-posts\" class=\"widget-title\">Entradas populares de WordPress<\/h3><div class=\"textwidget custom-html-widget\"><h4 id=\"trending-posts\" class=\"widget-title\">Tendencias<\/h4><div class=\"wpp-shortcode\"><script type=\"application\/json\" data-id=\"wpp-shortcode-inline-js\">{\"title\":\"Trending Posts\",\"limit\":\"3\",\"offset\":0,\"range\":\"custom\",\"time_quantity\":\"124\",\"time_unit\":\"day\",\"freshness\":\"1\",\"order_by\":\"views\",\"post_type\":\"post\",\"pid\":\"\",\"exclude\":\"\",\"cat\":\"\",\"taxonomy\":\"category\",\"term_id\":\"\",\"author\":\"\",\"shorten_title\":{\"active\":false,\"length\":0,\"words\":false},\"post-excerpt\":{\"active\":false,\"length\":0,\"keep_format\":false,\"words\":false},\"thumbnail\":{\"active\":true,\"build\":\"predefined\",\"width\":\"240\",\"height\":\"160\"},\"rating\":false,\"stats_tag\":{\"comment_count\":false,\"views\":false,\"author\":false,\"date\":{\"active\":false,\"format\":\"F j, Y\"},\"category\":false,\"taxonomy\":{\"active\":false,\"name\":\"category\"}},\"markup\":{\"custom_html\":true,\"wpp-start\":\"&lt;ul class=&quot;wpp-list wpp-cardview&quot;&gt;\",\"wpp-end\":\"&lt;\\\/ul&gt;\",\"title-start\":\"&lt;h4 class=&quot;widget-title&quot;&gt;\",\"title-end\":\"&lt;\\\/h4&gt;\",\"post-html\":\"&lt;li&gt;{thumb} {title} {stats}&lt;\\\/li&gt;\"},\"theme\":{\"name\":\"\"}}<\/script><div class=\"wpp-shortcode-placeholder\"><\/div><\/div><\/div><\/div>\n\t\t<\/div> \n\t<\/div> \n\t\t\t<\/div> \n\t\t<\/div>\n\t<\/div> \n<\/div><\/div>","protected":false},"excerpt":{"rendered":"<p>De aprobarse, el proyecto de ley implantar\u00eda un seguro sanitario universal para los residentes con rentas bajas, independientemente de su estatus migratorio.<\/p>","protected":false},"author":138,"featured_media":19193,"comment_status":"closed","ping_status":"closed","sticky":false,"template":"","format":"standard","meta":{"inline_featured_image":false,"footnotes":""},"categories":[325,152],"tags":[472],"coauthors":[459],"class_list":{"0":"post-19194","1":"post","2":"type-post","3":"status-publish","4":"format-standard","5":"has-post-thumbnail","7":"category-environmentandhealth","8":"category-organizing","9":"tag-healthyill4all"},"yoast_head":"<!-- This site is optimized with the Yoast SEO Premium plugin v27.3 (Yoast SEO v27.3) - https:\/\/yoast.com\/product\/yoast-seo-premium-wordpress\/ -->\n<title>Immigrant Advocates Push Healthy Illinois For All Bill &#8211; Borderless<\/title>\n<meta name=\"description\" content=\"If passed, the bill would implement universal health insurance for low-income residents, regardless of immigration status.\" \/>\n<meta name=\"robots\" content=\"index, follow, max-snippet:-1, max-image-preview:large, max-video-preview:-1\" \/>\n<link rel=\"canonical\" href=\"https:\/\/borderlessmag.org\/es\/2023\/05\/19\/healthy-illinois-all-bill-seguro-medico-universal\/\" \/>\n<meta property=\"og:locale\" content=\"es_MX\" \/>\n<meta property=\"og:type\" content=\"article\" \/>\n<meta property=\"og:title\" content=\"Immigrant Advocates Push for Healthy Illinois For All Bill &#8211; Borderless Magazine NFP\" \/>\n<meta property=\"og:description\" content=\"Immigrant Advocates Push for Healthy Illinois For All Bill &#8211; Borderless Magazine NFP\" \/>\n<meta property=\"og:url\" content=\"https:\/\/borderlessmag.org\/es\/2023\/05\/19\/healthy-illinois-all-bill-seguro-medico-universal\/\" \/>\n<meta property=\"og:site_name\" content=\"Borderless Magazine NFP\" \/>\n<meta property=\"article:publisher\" content=\"https:\/\/www.facebook.com\/BorderlessMagazine\" \/>\n<meta property=\"article:published_time\" content=\"2023-05-19T17:39:51+00:00\" \/>\n<meta property=\"article:modified_time\" content=\"2025-10-09T15:32:31+00:00\" \/>\n<meta property=\"og:image\" content=\"https:\/\/borderlessmag.org\/wordpress\/wp-content\/uploads\/2023\/05\/IL_Healthy_print_22_web.jpg\" \/>\n\t<meta property=\"og:image:width\" content=\"1\" \/>\n\t<meta property=\"og:image:height\" content=\"1\" \/>\n\t<meta property=\"og:image:type\" content=\"image\/jpeg\" \/>\n<meta name=\"author\" content=\"Leslie Hurtado\" \/>\n<meta name=\"twitter:card\" content=\"summary_large_image\" \/>\n<meta name=\"twitter:label1\" content=\"Escrito por\" \/>\n\t<meta name=\"twitter:data1\" content=\"Adriana Martinez-Smiley\" \/>\n\t<meta name=\"twitter:label2\" content=\"Tiempo de lectura\" \/>\n\t<meta name=\"twitter:data2\" content=\"15 minutos\" \/>\n\t<meta name=\"twitter:label3\" content=\"Written by\" \/>\n\t<meta name=\"twitter:data3\" content=\"Leslie Hurtado\" \/>\n<script type=\"application\/ld+json\" class=\"yoast-schema-graph\">{\"@context\":\"https:\\\/\\\/schema.org\",\"@graph\":[{\"@type\":\"NewsArticle\",\"@id\":\"https:\\\/\\\/borderlessmag.org\\\/2023\\\/05\\\/19\\\/healthy-illinois-all-bill-universal-health-insurance\\\/#article\",\"isPartOf\":{\"@id\":\"https:\\\/\\\/borderlessmag.org\\\/2023\\\/05\\\/19\\\/healthy-illinois-all-bill-universal-health-insurance\\\/\"},\"author\":{\"name\":\"Adriana Martinez-Smiley\",\"@id\":\"https:\\\/\\\/borderlessmag.org\\\/#\\\/schema\\\/person\\\/a56bb7d4f15b70299734f5c69b5170a4\"},\"headline\":\"Immigrant Advocates Push for Healthy Illinois For All Bill\",\"datePublished\":\"2023-05-19T17:39:51+00:00\",\"dateModified\":\"2025-10-09T15:32:31+00:00\",\"mainEntityOfPage\":{\"@id\":\"https:\\\/\\\/borderlessmag.org\\\/2023\\\/05\\\/19\\\/healthy-illinois-all-bill-universal-health-insurance\\\/\"},\"wordCount\":3030,\"publisher\":{\"@id\":\"https:\\\/\\\/borderlessmag.org\\\/#organization\"},\"image\":{\"@id\":\"https:\\\/\\\/borderlessmag.org\\\/2023\\\/05\\\/19\\\/healthy-illinois-all-bill-universal-health-insurance\\\/#primaryimage\"},\"thumbnailUrl\":\"https:\\\/\\\/borderlessmag.org\\\/wordpress\\\/wp-content\\\/uploads\\\/2023\\\/05\\\/IL_Healthy_print_22_web.jpg\",\"keywords\":[\"HealthyILL4All\"],\"articleSection\":[\"Environment and Health\",\"Organizing\"],\"inLanguage\":\"es\",\"copyrightYear\":\"2022\",\"copyrightHolder\":{\"@id\":\"https:\\\/\\\/borderlessmag.org\\\/es\\\/#organization\"}},{\"@type\":\"WebPage\",\"@id\":\"https:\\\/\\\/borderlessmag.org\\\/2023\\\/05\\\/19\\\/healthy-illinois-all-bill-universal-health-insurance\\\/\",\"url\":\"https:\\\/\\\/borderlessmag.org\\\/2023\\\/05\\\/19\\\/healthy-illinois-all-bill-universal-health-insurance\\\/\",\"name\":\"Immigrant Advocates Push Healthy Illinois For All Bill &#8211; Borderless\",\"isPartOf\":{\"@id\":\"https:\\\/\\\/borderlessmag.org\\\/#website\"},\"primaryImageOfPage\":{\"@id\":\"https:\\\/\\\/borderlessmag.org\\\/2023\\\/05\\\/19\\\/healthy-illinois-all-bill-universal-health-insurance\\\/#primaryimage\"},\"image\":{\"@id\":\"https:\\\/\\\/borderlessmag.org\\\/2023\\\/05\\\/19\\\/healthy-illinois-all-bill-universal-health-insurance\\\/#primaryimage\"},\"thumbnailUrl\":\"https:\\\/\\\/borderlessmag.org\\\/wordpress\\\/wp-content\\\/uploads\\\/2023\\\/05\\\/IL_Healthy_print_22_web.jpg\",\"datePublished\":\"2023-05-19T17:39:51+00:00\",\"dateModified\":\"2025-10-09T15:32:31+00:00\",\"description\":\"If passed, the bill would implement universal health insurance for low-income residents, regardless of immigration status.\",\"inLanguage\":\"es\",\"potentialAction\":[{\"@type\":\"ReadAction\",\"target\":[\"https:\\\/\\\/borderlessmag.org\\\/2023\\\/05\\\/19\\\/healthy-illinois-all-bill-universal-health-insurance\\\/\"]}]},{\"@type\":\"ImageObject\",\"inLanguage\":\"es\",\"@id\":\"https:\\\/\\\/borderlessmag.org\\\/2023\\\/05\\\/19\\\/healthy-illinois-all-bill-universal-health-insurance\\\/#primaryimage\",\"url\":\"https:\\\/\\\/borderlessmag.org\\\/wordpress\\\/wp-content\\\/uploads\\\/2023\\\/05\\\/IL_Healthy_print_22_web.jpg\",\"contentUrl\":\"https:\\\/\\\/borderlessmag.org\\\/wordpress\\\/wp-content\\\/uploads\\\/2023\\\/05\\\/IL_Healthy_print_22_web.jpg\",\"caption\":\"Organizers from The Resurrection Project chant at a news conference for the Healthy Illinois Campaign at the Alivio Medical Center in Chicago, Ill., May 16, 2023.\"},{\"@type\":\"WebSite\",\"@id\":\"https:\\\/\\\/borderlessmag.org\\\/#website\",\"url\":\"https:\\\/\\\/borderlessmag.org\\\/\",\"name\":\"Borderless Magazine NFP\",\"description\":\"Stories about immigration and immigrants\",\"publisher\":{\"@id\":\"https:\\\/\\\/borderlessmag.org\\\/#organization\"},\"alternateName\":\"Borderless\",\"potentialAction\":[{\"@type\":\"SearchAction\",\"target\":{\"@type\":\"EntryPoint\",\"urlTemplate\":\"https:\\\/\\\/borderlessmag.org\\\/?s={search_term_string}\"},\"query-input\":{\"@type\":\"PropertyValueSpecification\",\"valueRequired\":true,\"valueName\":\"search_term_string\"}}],\"inLanguage\":\"es\"},{\"@type\":\"Organization\",\"@id\":\"https:\\\/\\\/borderlessmag.org\\\/#organization\",\"name\":\"Borderless Magazine NFP\",\"alternateName\":\"Borderless Mag\",\"url\":\"https:\\\/\\\/borderlessmag.org\\\/\",\"logo\":{\"@type\":\"ImageObject\",\"inLanguage\":\"es\",\"@id\":\"https:\\\/\\\/borderlessmag.org\\\/#\\\/schema\\\/logo\\\/image\\\/\",\"url\":\"https:\\\/\\\/borderlessmag.org\\\/wordpress\\\/wp-content\\\/uploads\\\/2025\\\/08\\\/BorderlessLogo_main_square.jpg\",\"contentUrl\":\"https:\\\/\\\/borderlessmag.org\\\/wordpress\\\/wp-content\\\/uploads\\\/2025\\\/08\\\/BorderlessLogo_main_square.jpg\",\"width\":696,\"height\":696,\"caption\":\"Borderless Magazine NFP\"},\"image\":{\"@id\":\"https:\\\/\\\/borderlessmag.org\\\/#\\\/schema\\\/logo\\\/image\\\/\"},\"sameAs\":[\"https:\\\/\\\/www.facebook.com\\\/BorderlessMagazine\",\"https:\\\/\\\/www.instagram.com\\\/borderless_mag\\\/\",\"https:\\\/\\\/www.tiktok.com\\\/@borderless_mag\"]},{\"@type\":\"Person\",\"@id\":\"https:\\\/\\\/borderlessmag.org\\\/#\\\/schema\\\/person\\\/a56bb7d4f15b70299734f5c69b5170a4\",\"name\":\"Adriana Martinez-Smiley\",\"image\":{\"@type\":\"ImageObject\",\"inLanguage\":\"es\",\"@id\":\"https:\\\/\\\/secure.gravatar.com\\\/avatar\\\/3cfd82e2074318f075426e69f73861b7cb139b858fbe4ae4e5b5d5967237bcb4?s=96&d=mm&r=g1279692e86b1af9828d0d483ebd9b343\",\"url\":\"https:\\\/\\\/secure.gravatar.com\\\/avatar\\\/3cfd82e2074318f075426e69f73861b7cb139b858fbe4ae4e5b5d5967237bcb4?s=96&d=mm&r=g\",\"contentUrl\":\"https:\\\/\\\/secure.gravatar.com\\\/avatar\\\/3cfd82e2074318f075426e69f73861b7cb139b858fbe4ae4e5b5d5967237bcb4?s=96&d=mm&r=g\",\"caption\":\"Adriana Martinez-Smiley\"},\"url\":\"https:\\\/\\\/borderlessmag.org\\\/es\\\/author\\\/adriana-martinez-smiley\\\/\"}]}<\/script>\n<!-- \/ Yoast SEO Premium plugin. -->","yoast_head_json":{"title":"Los defensores de los inmigrantes impulsan un proyecto de ley de Illinois saludable para todos - Borderless","description":"De aprobarse, el proyecto de ley implantar\u00eda un seguro sanitario universal para los residentes con rentas bajas, independientemente de su estatus migratorio.","robots":{"index":"index","follow":"follow","max-snippet":"max-snippet:-1","max-image-preview":"max-image-preview:large","max-video-preview":"max-video-preview:-1"},"canonical":"https:\/\/borderlessmag.org\/es\/2023\/05\/19\/healthy-illinois-all-bill-seguro-medico-universal\/","og_locale":"es_MX","og_type":"article","og_title":"Immigrant Advocates Push for Healthy Illinois For All Bill &#8211; Borderless Magazine NFP","og_description":"Immigrant Advocates Push for Healthy Illinois For All Bill &#8211; Borderless Magazine NFP","og_url":"https:\/\/borderlessmag.org\/es\/2023\/05\/19\/healthy-illinois-all-bill-seguro-medico-universal\/","og_site_name":"Borderless Magazine NFP","article_publisher":"https:\/\/www.facebook.com\/BorderlessMagazine","article_published_time":"2023-05-19T17:39:51+00:00","article_modified_time":"2025-10-09T15:32:31+00:00","og_image":[{"url":"https:\/\/borderlessmag.org\/wordpress\/wp-content\/uploads\/2023\/05\/IL_Healthy_print_22_web.jpg","width":1,"height":1,"type":"image\/jpeg"}],"author":"Leslie Hurtado","twitter_card":"summary_large_image","twitter_misc":{"Escrito por":"Adriana Martinez-Smiley","Tiempo de lectura":"15 minutos","Written by":"Leslie Hurtado"},"schema":{"@context":"https:\/\/schema.org","@graph":[{"@type":"NewsArticle","@id":"https:\/\/borderlessmag.org\/2023\/05\/19\/healthy-illinois-all-bill-universal-health-insurance\/#article","isPartOf":{"@id":"https:\/\/borderlessmag.org\/2023\/05\/19\/healthy-illinois-all-bill-universal-health-insurance\/"},"author":{"name":"Adriana Martinez-Smiley","@id":"https:\/\/borderlessmag.org\/#\/schema\/person\/a56bb7d4f15b70299734f5c69b5170a4"},"headline":"Immigrant Advocates Push for Healthy Illinois For All Bill","datePublished":"2023-05-19T17:39:51+00:00","dateModified":"2025-10-09T15:32:31+00:00","mainEntityOfPage":{"@id":"https:\/\/borderlessmag.org\/2023\/05\/19\/healthy-illinois-all-bill-universal-health-insurance\/"},"wordCount":3030,"publisher":{"@id":"https:\/\/borderlessmag.org\/#organization"},"image":{"@id":"https:\/\/borderlessmag.org\/2023\/05\/19\/healthy-illinois-all-bill-universal-health-insurance\/#primaryimage"},"thumbnailUrl":"https:\/\/borderlessmag.org\/wordpress\/wp-content\/uploads\/2023\/05\/IL_Healthy_print_22_web.jpg","keywords":["HealthyILL4All"],"articleSection":["Environment and Health","Organizing"],"inLanguage":"es","copyrightYear":"2022","copyrightHolder":{"@id":"https:\/\/borderlessmag.org\/es\/#organization"}},{"@type":"WebPage","@id":"https:\/\/borderlessmag.org\/2023\/05\/19\/healthy-illinois-all-bill-universal-health-insurance\/","url":"https:\/\/borderlessmag.org\/2023\/05\/19\/healthy-illinois-all-bill-universal-health-insurance\/","name":"Los defensores de los inmigrantes impulsan un proyecto de ley de Illinois saludable para todos - Borderless","isPartOf":{"@id":"https:\/\/borderlessmag.org\/#website"},"primaryImageOfPage":{"@id":"https:\/\/borderlessmag.org\/2023\/05\/19\/healthy-illinois-all-bill-universal-health-insurance\/#primaryimage"},"image":{"@id":"https:\/\/borderlessmag.org\/2023\/05\/19\/healthy-illinois-all-bill-universal-health-insurance\/#primaryimage"},"thumbnailUrl":"https:\/\/borderlessmag.org\/wordpress\/wp-content\/uploads\/2023\/05\/IL_Healthy_print_22_web.jpg","datePublished":"2023-05-19T17:39:51+00:00","dateModified":"2025-10-09T15:32:31+00:00","description":"De aprobarse, el proyecto de ley implantar\u00eda un seguro sanitario universal para los residentes con rentas bajas, independientemente de su estatus migratorio.","inLanguage":"es","potentialAction":[{"@type":"ReadAction","target":["https:\/\/borderlessmag.org\/2023\/05\/19\/healthy-illinois-all-bill-universal-health-insurance\/"]}]},{"@type":"ImageObject","inLanguage":"es","@id":"https:\/\/borderlessmag.org\/2023\/05\/19\/healthy-illinois-all-bill-universal-health-insurance\/#primaryimage","url":"https:\/\/borderlessmag.org\/wordpress\/wp-content\/uploads\/2023\/05\/IL_Healthy_print_22_web.jpg","contentUrl":"https:\/\/borderlessmag.org\/wordpress\/wp-content\/uploads\/2023\/05\/IL_Healthy_print_22_web.jpg","caption":"Organizers from The Resurrection Project chant at a news conference for the Healthy Illinois Campaign at the Alivio Medical Center in Chicago, Ill., May 16, 2023."},{"@type":"WebSite","@id":"https:\/\/borderlessmag.org\/#website","url":"https:\/\/borderlessmag.org\/","name":"Revista Borderless NFP","description":"Historias sobre inmigraci\u00f3n e inmigrantes","publisher":{"@id":"https:\/\/borderlessmag.org\/#organization"},"alternateName":"Borderless","potentialAction":[{"@type":"SearchAction","target":{"@type":"EntryPoint","urlTemplate":"https:\/\/borderlessmag.org\/?s={search_term_string}"},"query-input":{"@type":"PropertyValueSpecification","valueRequired":true,"valueName":"search_term_string"}}],"inLanguage":"es"},{"@type":"Organization","@id":"https:\/\/borderlessmag.org\/#organization","name":"Revista Borderless NFP","alternateName":"Borderless Mag","url":"https:\/\/borderlessmag.org\/","logo":{"@type":"ImageObject","inLanguage":"es","@id":"https:\/\/borderlessmag.org\/#\/schema\/logo\/image\/","url":"https:\/\/borderlessmag.org\/wordpress\/wp-content\/uploads\/2025\/08\/BorderlessLogo_main_square.jpg","contentUrl":"https:\/\/borderlessmag.org\/wordpress\/wp-content\/uploads\/2025\/08\/BorderlessLogo_main_square.jpg","width":696,"height":696,"caption":"Borderless Magazine NFP"},"image":{"@id":"https:\/\/borderlessmag.org\/#\/schema\/logo\/image\/"},"sameAs":["https:\/\/www.facebook.com\/BorderlessMagazine","https:\/\/www.instagram.com\/borderless_mag\/","https:\/\/www.tiktok.com\/@borderless_mag"]},{"@type":"Person","@id":"https:\/\/borderlessmag.org\/#\/schema\/person\/a56bb7d4f15b70299734f5c69b5170a4","name":"Adriana Mart\u00ednez-Smiley","image":{"@type":"ImageObject","inLanguage":"es","@id":"https:\/\/secure.gravatar.com\/avatar\/3cfd82e2074318f075426e69f73861b7cb139b858fbe4ae4e5b5d5967237bcb4?s=96&d=mm&r=g1279692e86b1af9828d0d483ebd9b343","url":"https:\/\/secure.gravatar.com\/avatar\/3cfd82e2074318f075426e69f73861b7cb139b858fbe4ae4e5b5d5967237bcb4?s=96&d=mm&r=g","contentUrl":"https:\/\/secure.gravatar.com\/avatar\/3cfd82e2074318f075426e69f73861b7cb139b858fbe4ae4e5b5d5967237bcb4?s=96&d=mm&r=g","caption":"Adriana Martinez-Smiley"},"url":"https:\/\/borderlessmag.org\/es\/author\/adriana-martinez-smiley\/"}]}},"cc_featured_image_caption":{"caption_text":"Organizers from The Resurrection Project chant at a news conference for the Healthy Illinois Campaign at the Alivio Medical Center in Chicago, Ill., May 16, 2023. ","source_text":"","source_url":""},"_links":{"self":[{"href":"https:\/\/borderlessmag.org\/es\/wp-json\/wp\/v2\/posts\/19194","targetHints":{"allow":["GET"]}}],"collection":[{"href":"https:\/\/borderlessmag.org\/es\/wp-json\/wp\/v2\/posts"}],"about":[{"href":"https:\/\/borderlessmag.org\/es\/wp-json\/wp\/v2\/types\/post"}],"author":[{"embeddable":true,"href":"https:\/\/borderlessmag.org\/es\/wp-json\/wp\/v2\/users\/138"}],"replies":[{"embeddable":true,"href":"https:\/\/borderlessmag.org\/es\/wp-json\/wp\/v2\/comments?post=19194"}],"version-history":[{"count":1,"href":"https:\/\/borderlessmag.org\/es\/wp-json\/wp\/v2\/posts\/19194\/revisions"}],"predecessor-version":[{"id":29738,"href":"https:\/\/borderlessmag.org\/es\/wp-json\/wp\/v2\/posts\/19194\/revisions\/29738"}],"wp:featuredmedia":[{"embeddable":true,"href":"https:\/\/borderlessmag.org\/es\/wp-json\/wp\/v2\/media\/19193"}],"wp:attachment":[{"href":"https:\/\/borderlessmag.org\/es\/wp-json\/wp\/v2\/media?parent=19194"}],"wp:term":[{"taxonomy":"category","embeddable":true,"href":"https:\/\/borderlessmag.org\/es\/wp-json\/wp\/v2\/categories?post=19194"},{"taxonomy":"post_tag","embeddable":true,"href":"https:\/\/borderlessmag.org\/es\/wp-json\/wp\/v2\/tags?post=19194"},{"taxonomy":"author","embeddable":true,"href":"https:\/\/borderlessmag.org\/es\/wp-json\/wp\/v2\/coauthors?post=19194"}],"curies":[{"name":"wp","href":"https:\/\/api.w.org\/{rel}","templated":true}]}}