{"id":17946,"date":"2022-10-27T15:04:11","date_gmt":"2022-10-27T20:04:11","guid":{"rendered":"https:\/\/borderlessmag.org\/?p=17946"},"modified":"2025-10-09T11:19:06","modified_gmt":"2025-10-09T16:19:06","slug":"un-artista-recuerda-a-los-emigrantes-que-murieron-en-su-viaje-hacia-el-norte","status":"publish","type":"post","link":"https:\/\/borderlessmag.org\/es\/2022\/10\/27\/artist-remembers-migrants-who-died-on-their-journey-north\/","title":{"rendered":"Un artista recuerda a los emigrantes que murieron en su viaje al Norte"},"content":{"rendered":"<div id=\"fws_69f42856b415f\"  data-column-margin=\"default\" data-midnight=\"dark\"  class=\"wpb_row vc_row-fluid vc_row\"  style=\"padding-top: 0px; padding-bottom: 0px; \"><div class=\"row-bg-wrap\" data-bg-animation=\"none\" data-bg-animation-delay=\"\" data-bg-overlay=\"false\"><div class=\"inner-wrap row-bg-layer\" ><div class=\"row-bg viewport-desktop\"  style=\"\"><\/div><\/div><\/div><div class=\"row_col_wrap_12 col span_12 dark left\">\n\t<div  class=\"vc_col-sm-2 vc_hidden-sm vc_hidden-xs wpb_column column_container vc_column_container col no-extra-padding inherit_tablet inherit_phone\"  data-padding-pos=\"all\" data-has-bg-color=\"false\" data-bg-color=\"\" data-bg-opacity=\"1\" data-animation=\"\" data-delay=\"0\" >\n\t\t<div class=\"vc_column-inner\" >\n\t\t\t<div class=\"wpb_wrapper\">\n\t\t\t\t\n\t\t\t<\/div> \n\t\t<\/div>\n\t<\/div> \n\n\t<div  class=\"vc_col-sm-8 wpb_column column_container vc_column_container col padding-3-percent inherit_tablet inherit_phone\"  data-padding-pos=\"all\" data-has-bg-color=\"false\" data-bg-color=\"\" data-bg-opacity=\"1\" data-animation=\"\" data-delay=\"0\" >\n\t\t<div class=\"vc_column-inner\" >\n\t\t\t<div class=\"wpb_wrapper\">\n\t\t\t\t\n<div class=\"wpb_text_column wpb_content_element\" >\n\t<p>Todos los martes por la ma\u00f1ana, el artista \u00c1lvaro Enciso se adentra en el desierto del sur de Arizona para honrar a los migrantes que han perdido la vida en su viaje hacia el norte.<\/p>\n<\/div>\n\n\n\n<div class=\"templatera_shortcode\">\n\t\t<div id=\"fws_69f42856b583a\"  data-column-margin=\"default\" data-midnight=\"dark\"  class=\"wpb_row vc_row-fluid vc_row vc_row-o-equal-height vc_row-flex vc_row-o-content-middle small\"  style=\"padding-top: 0px; padding-bottom: 0px; \"><div class=\"row-bg-wrap\" data-bg-animation=\"none\" data-bg-animation-delay=\"\" data-bg-overlay=\"false\"><div class=\"inner-wrap row-bg-layer\" ><div class=\"row-bg viewport-desktop\"  style=\"\"><\/div><\/div><\/div><div class=\"row_col_wrap_12 col span_12 dark left\">\n\t<div  class=\"vc_col-sm-12 wpb_column column_container vc_column_container col no-extra-padding inherit_tablet inherit_phone border_color_909090 border_style_solid\"  data-padding-pos=\"all\" data-has-bg-color=\"false\" data-bg-color=\"\" data-bg-opacity=\"1\" data-animation=\"\" data-delay=\"0\" >\n\t\t<div class=\"vc_column-inner\" >\n\t\t\t<div class=\"wpb_wrapper\">\n\t\t\t\t\n\t\t<div id=\"fws_69f42856b62ea\"  data-column-margin=\"default\" data-midnight=\"dark\"  class=\"wpb_row vc_row-fluid vc_row vc_row-o-equal-height vc_row-flex vc_row-o-content-middle large top_margin_20px bottom_margin_20px\"  style=\"padding-top: 0px; padding-bottom: 0px; \"><div class=\"row-bg-wrap\" data-bg-animation=\"none\" data-bg-animation-delay=\"\" data-bg-overlay=\"true\"><div class=\"inner-wrap row-bg-layer\" ><div class=\"row-bg viewport-desktop\"  style=\"\"><\/div><\/div><div class=\"row-bg-overlay row-bg-layer\" style=\"background: #FFFFFF; background: linear-gradient(90deg,#FFFFFF 0%,#FFFFFF 100%);  opacity: 1; \"><\/div><\/div><div class=\"row_col_wrap_12 col span_12 dark left\">\n\t<div  class=\"vc_col-sm-12 wpb_column column_container vc_column_container col padding-3-percent force-phone-text-align-center inherit_tablet inherit_phone border_top_desktop_1px border_bottom_desktop_1px border_color_FFFFFF border_style_solid\"  data-padding-pos=\"all\" data-has-bg-color=\"false\" data-bg-color=\"\" data-bg-opacity=\"1\" data-animation=\"\" data-delay=\"0\" >\n\t\t<div class=\"vc_column-inner\" >\n\t\t\t<div class=\"wpb_wrapper\">\n\t\t\t\t<div id=\"fws_69f42856b6992\" data-midnight=\"\" data-column-margin=\"default\" class=\"wpb_row vc_row-fluid vc_row inner_row vc_row-o-equal-height vc_row-flex vc_row-o-content-middle\"  style=\"\"><div class=\"row-bg-wrap\"> <div class=\"row-bg\" ><\/div> <\/div><div class=\"row_col_wrap_12_inner col span_12  left\">\n\t<div  class=\"vc_col-sm-7 wpb_column column_container vc_column_container col child_column no-extra-padding inherit_tablet inherit_phone\"   data-padding-pos=\"all\" data-has-bg-color=\"false\" data-bg-color=\"\" data-bg-opacity=\"1\" data-animation=\"\" data-delay=\"0\" >\n\t\t<div class=\"vc_column-inner\" >\n\t\t<div class=\"wpb_wrapper\">\n\t\t\t\n<div class=\"wpb_text_column wpb_content_element\" >\n\t<h4 id=\"news-that-puts-power-under-the-spotlight-and-communities-at-the-center\"><strong>Noticias que ponen el poder en el punto de mira y a las comunidades en el centro.<\/strong><\/h4>\n<p>Suscr\u00edbase a nuestro bolet\u00edn gratuito y reciba actualizaciones dos veces por semana.<\/p>\n<\/div>\n\n\n\n\n\t\t<\/div> \n\t<\/div>\n\t<\/div> \n\n\t<div style=\"margin-top: -20px; \" class=\"vc_col-sm-5 wpb_column column_container vc_column_container col child_column neg-marg no-extra-padding inherit_tablet inherit_phone\"   data-padding-pos=\"all\" data-has-bg-color=\"false\" data-bg-color=\"\" data-bg-opacity=\"1\" data-animation=\"\" data-delay=\"0\" >\n\t\t<div class=\"vc_column-inner\" >\n\t\t<div class=\"wpb_wrapper\">\n\t\t\t\n\t<div class=\"wpb_raw_code wpb_raw_html wpb_content_element\" >\n\t\t<div class=\"wpb_wrapper\">\n\t\t\t<div class=\"_form_1\"><\/div><script src=\"https:\/\/borderlessmag.bluelena.io\/f\/embed.php?id=1\" charset=\"utf-8\"><\/script>\n\t\t<\/div>\n\t<\/div>\n\n\t\t<\/div> \n\t<\/div>\n\t<\/div> \n<\/div><\/div>\n\t\t\t<\/div> \n\t\t<\/div>\n\t<\/div> \n<\/div><\/div>\n\n\t\t\t<\/div> \n\t\t<\/div>\n\t<\/div> \n<\/div><\/div><\/div>\n<div class=\"wpb_text_column wpb_content_element\" >\n\t<p>Durante casi una d\u00e9cada, Enciso y un grupo de voluntarios de Tucson se han adentrado en el desierto en veh\u00edculos todoterreno para plantar cruces hechas a mano, pintadas en brillantes tonos naranja, morado y verde, en los lugares donde murieron inmigrantes. Las cruces suelen llevar tapas de latas encontradas y puntos rojos de cer\u00e1mica donados por otro artista.<\/p>\n<\/div>\n\n\n\n\n<div class=\"wpb_text_column wpb_content_element\" >\n\t<p><span style=\"font-weight: 400;\">Este inmigrante colombiano de 77 a\u00f1os ha colocado m\u00e1s de 1.400 cruces con hormig\u00f3n de secado r\u00e1pido. Algunas est\u00e1n a lo largo de autopistas de dos carriles, otras bajo \u00e1rboles en pleno desierto. Enciso llama a este proyecto \"Donde Mueren los Sue\u00f1os\".\u00a0<\/span><\/p>\n<\/div>\n\n\n\n\n\t\t\t<\/div> \n\t\t<\/div>\n\t<\/div> \n\n\t<div  class=\"vc_col-sm-2 vc_hidden-sm vc_hidden-xs wpb_column column_container vc_column_container col no-extra-padding inherit_tablet inherit_phone\"  data-padding-pos=\"all\" data-has-bg-color=\"false\" data-bg-color=\"\" data-bg-opacity=\"1\" data-animation=\"\" data-delay=\"0\" >\n\t\t<div class=\"vc_column-inner\" >\n\t\t\t<div class=\"wpb_wrapper\">\n\t\t\t\t\n\t\t\t<\/div> \n\t\t<\/div>\n\t<\/div> \n<\/div><\/div>\n\t\t<div id=\"fws_69f42856b85f2\"  data-column-margin=\"default\" data-midnight=\"dark\"  class=\"wpb_row vc_row-fluid vc_row\"  style=\"padding-top: 0px; padding-bottom: 0px; \"><div class=\"row-bg-wrap\" data-bg-animation=\"none\" data-bg-animation-delay=\"\" data-bg-overlay=\"false\"><div class=\"inner-wrap row-bg-layer\" ><div class=\"row-bg viewport-desktop\"  style=\"\"><\/div><\/div><\/div><div class=\"row_col_wrap_12 col span_12 dark left\">\n\t<div  class=\"vc_col-sm-2 vc_hidden-sm vc_hidden-xs wpb_column column_container vc_column_container col no-extra-padding inherit_tablet inherit_phone\"  data-padding-pos=\"all\" data-has-bg-color=\"false\" data-bg-color=\"\" data-bg-opacity=\"1\" data-animation=\"\" data-delay=\"0\" >\n\t\t<div class=\"vc_column-inner\" >\n\t\t\t<div class=\"wpb_wrapper\">\n\t\t\t\t\n\t\t\t<\/div> \n\t\t<\/div>\n\t<\/div> \n\n\t<div  class=\"vc_col-sm-8 wpb_column column_container vc_column_container col padding-3-percent inherit_tablet inherit_phone\"  data-padding-pos=\"all\" data-has-bg-color=\"false\" data-bg-color=\"\" data-bg-opacity=\"1\" data-animation=\"\" data-delay=\"0\" >\n\t\t<div class=\"vc_column-inner\" >\n\t\t\t<div class=\"wpb_wrapper\">\n\t\t\t\t<div class=\"img-with-aniamtion-wrap center\" data-max-width=\"100%\" data-max-width-mobile=\"default\" data-shadow=\"none\" data-animation=\"fade-in\"  style=\"margin-top: 3%; margin-bottom: 3%; \">\r\n      <div class=\"inner\">\r\n        <div class=\"hover-wrap\"> \r\n          <div class=\"hover-wrap-inner\">\r\n            <img decoding=\"async\" class=\"img-with-animation skip-lazy\" data-delay=\"0\" height=\"100\" width=\"100\" data-animation=\"fade-in\" src=\"https:\/\/borderlessmag.org\/wordpress\/wp-content\/uploads\/2022\/10\/221020_AlvaroEnciso_web-3.jpg\" alt=\"\"  \/>\r\n         <\/div>\r\n      <\/div><span class=\"vc_figure-caption ccfic-text media-caption\">Ron Kovatch y \u00c1lvaro Enciso lideran un grupo a trav\u00e9s del desierto de Sonora en el sur de Arizona despu\u00e9s de colocar cruces el 9 de octubre de 2018. <\/span><span class=\"media-credit\">Max Herman para Borderless Magazine<\/span><\/div><\/div>\n\t\t\t<\/div> \n\t\t<\/div>\n\t<\/div> \n\n\t<div  class=\"vc_col-sm-2 vc_hidden-sm vc_hidden-xs wpb_column column_container vc_column_container col no-extra-padding inherit_tablet inherit_phone\"  data-padding-pos=\"all\" data-has-bg-color=\"false\" data-bg-color=\"\" data-bg-opacity=\"1\" data-animation=\"\" data-delay=\"0\" >\n\t\t<div class=\"vc_column-inner\" >\n\t\t\t<div class=\"wpb_wrapper\">\n\t\t\t\t\n\t\t\t<\/div> \n\t\t<\/div>\n\t<\/div> \n<\/div><\/div>\n\t\t<div id=\"fws_69f42856b9a1d\"  data-column-margin=\"default\" data-midnight=\"dark\"  class=\"wpb_row vc_row-fluid vc_row\"  style=\"padding-top: 0px; padding-bottom: 0px; \"><div class=\"row-bg-wrap\" data-bg-animation=\"none\" data-bg-animation-delay=\"\" data-bg-overlay=\"false\"><div class=\"inner-wrap row-bg-layer\" ><div class=\"row-bg viewport-desktop\"  style=\"\"><\/div><\/div><\/div><div class=\"row_col_wrap_12 col span_12 dark left\">\n\t<div  class=\"vc_col-sm-2 vc_hidden-sm vc_hidden-xs wpb_column column_container vc_column_container col no-extra-padding inherit_tablet inherit_phone\"  data-padding-pos=\"all\" data-has-bg-color=\"false\" data-bg-color=\"\" data-bg-opacity=\"1\" data-animation=\"\" data-delay=\"0\" >\n\t\t<div class=\"vc_column-inner\" >\n\t\t\t<div class=\"wpb_wrapper\">\n\t\t\t\t\n\t\t\t<\/div> \n\t\t<\/div>\n\t<\/div> \n\n\t<div  class=\"vc_col-sm-8 wpb_column column_container vc_column_container col padding-3-percent inherit_tablet inherit_phone\"  data-padding-pos=\"all\" data-has-bg-color=\"false\" data-bg-color=\"\" data-bg-opacity=\"1\" data-animation=\"\" data-delay=\"0\" >\n\t\t<div class=\"vc_column-inner\" >\n\t\t\t<div class=\"wpb_wrapper\">\n\t\t\t\t\n<div class=\"wpb_text_column wpb_content_element\" >\n\t<p>En julio de 2022, se hab\u00edan encontrado los restos de m\u00e1s de 3.900 migrantes en el desierto de Sonora de Arizona desde 1981. <a href=\"https:\/\/theintercept.com\/2022\/05\/09\/border-patrol-migrant-deaths-gao\/\">Y el n\u00famero de muertes en el desierto de Arizona no ha descendido significativamente en los \u00faltimos a\u00f1os<\/a>. El grupo de Enciso, que se adentra en caminos sin asfaltar, en coladas rocosas y a veces abri\u00e9ndose camino entre arbustos espinosos, intenta dejar al menos tres cruces a la semana para los emigrantes fallecidos. <a href=\"https:\/\/humaneborders.org\/migrant-death-mapping\/\">la Iniciativa OpenGIS de Arizona para emigrantes fallecidos<\/a>.<\/p>\n<\/div>\n\n\n\n\n<div class=\"wpb_text_column wpb_content_element\" >\n\t<p>Es un trabajo dif\u00edcil. \"Se acumula, \u00bfsabes? Te enfrentas a los muertos. Te enfrentas a algo tr\u00e1gico, te enfrentas a algo que no es bonito. Y te afecta, como al m\u00e9dico forense que ve cad\u00e1veres todo el d\u00eda\", dijo.<\/p>\n<\/div>\n\n\n\n\n\t\t\t<\/div> \n\t\t<\/div>\n\t<\/div> \n\n\t<div  class=\"vc_col-sm-2 vc_hidden-sm vc_hidden-xs wpb_column column_container vc_column_container col no-extra-padding inherit_tablet inherit_phone\"  data-padding-pos=\"all\" data-has-bg-color=\"false\" data-bg-color=\"\" data-bg-opacity=\"1\" data-animation=\"\" data-delay=\"0\" >\n\t\t<div class=\"vc_column-inner\" >\n\t\t\t<div class=\"wpb_wrapper\">\n\t\t\t\t\n\t\t\t<\/div> \n\t\t<\/div>\n\t<\/div> \n<\/div><\/div>\n\t\t<div id=\"fws_69f42856ba98c\"  data-column-margin=\"default\" data-midnight=\"dark\"  class=\"wpb_row vc_row-fluid vc_row\"  style=\"padding-top: 0px; padding-bottom: 0px; \"><div class=\"row-bg-wrap\" data-bg-animation=\"none\" data-bg-animation-delay=\"\" data-bg-overlay=\"false\"><div class=\"inner-wrap row-bg-layer\" ><div class=\"row-bg viewport-desktop\"  style=\"\"><\/div><\/div><\/div><div class=\"row_col_wrap_12 col span_12 dark left\">\n\t<div  class=\"vc_col-sm-2 vc_hidden-sm vc_hidden-xs wpb_column column_container vc_column_container col no-extra-padding inherit_tablet inherit_phone\"  data-padding-pos=\"all\" data-has-bg-color=\"false\" data-bg-color=\"\" data-bg-opacity=\"1\" data-animation=\"\" data-delay=\"0\" >\n\t\t<div class=\"vc_column-inner\" >\n\t\t\t<div class=\"wpb_wrapper\">\n\t\t\t\t\n\t\t\t<\/div> \n\t\t<\/div>\n\t<\/div> \n\n\t<div  class=\"vc_col-sm-8 wpb_column column_container vc_column_container col padding-3-percent inherit_tablet inherit_phone\"  data-padding-pos=\"all\" data-has-bg-color=\"false\" data-bg-color=\"\" data-bg-opacity=\"1\" data-animation=\"\" data-delay=\"0\" >\n\t\t<div class=\"vc_column-inner\" >\n\t\t\t<div class=\"wpb_wrapper\">\n\t\t\t\t<div class=\"img-with-aniamtion-wrap center\" data-max-width=\"100%\" data-max-width-mobile=\"default\" data-shadow=\"none\" data-animation=\"fade-in\"  style=\"margin-top: 3%; margin-bottom: 3%; \">\r\n      <div class=\"inner\">\r\n        <div class=\"hover-wrap\"> \r\n          <div class=\"hover-wrap-inner\">\r\n            <img decoding=\"async\" class=\"img-with-animation skip-lazy\" data-delay=\"0\" height=\"100\" width=\"100\" data-animation=\"fade-in\" src=\"https:\/\/borderlessmag.org\/wordpress\/wp-content\/uploads\/2022\/10\/221020_AlvaroEnciso_web-6.jpg\" alt=\"\"  \/>\r\n         <\/div>\r\n      <\/div><span class=\"vc_figure-caption ccfic-text media-caption\">Obras de arte creadas con latas desechadas en el desierto expuestas en el estudio de Enciso en la zona oeste de Tucson, Arizona, el 10 de octubre de 2022. <\/span><span class=\"media-credit\">Max Herman para Borderless Magazine<\/span><\/div><\/div>\n\t\t\t<\/div> \n\t\t<\/div>\n\t<\/div> \n\n\t<div  class=\"vc_col-sm-2 vc_hidden-sm vc_hidden-xs wpb_column column_container vc_column_container col no-extra-padding inherit_tablet inherit_phone\"  data-padding-pos=\"all\" data-has-bg-color=\"false\" data-bg-color=\"\" data-bg-opacity=\"1\" data-animation=\"\" data-delay=\"0\" >\n\t\t<div class=\"vc_column-inner\" >\n\t\t\t<div class=\"wpb_wrapper\">\n\t\t\t\t\n\t\t\t<\/div> \n\t\t<\/div>\n\t<\/div> \n<\/div><\/div>\n\t\t<div id=\"fws_69f42856bbb9a\"  data-column-margin=\"default\" data-midnight=\"dark\"  class=\"wpb_row vc_row-fluid vc_row\"  style=\"padding-top: 0px; padding-bottom: 0px; \"><div class=\"row-bg-wrap\" data-bg-animation=\"none\" data-bg-animation-delay=\"\" data-bg-overlay=\"false\"><div class=\"inner-wrap row-bg-layer\" ><div class=\"row-bg viewport-desktop\"  style=\"\"><\/div><\/div><\/div><div class=\"row_col_wrap_12 col span_12 dark left\">\n\t<div  class=\"vc_col-sm-2 vc_hidden-sm vc_hidden-xs wpb_column column_container vc_column_container col no-extra-padding inherit_tablet inherit_phone\"  data-padding-pos=\"all\" data-has-bg-color=\"false\" data-bg-color=\"\" data-bg-opacity=\"1\" data-animation=\"\" data-delay=\"0\" >\n\t\t<div class=\"vc_column-inner\" >\n\t\t\t<div class=\"wpb_wrapper\">\n\t\t\t\t\n\t\t\t<\/div> \n\t\t<\/div>\n\t<\/div> \n\n\t<div  class=\"vc_col-sm-8 wpb_column column_container vc_column_container col padding-3-percent inherit_tablet inherit_phone\"  data-padding-pos=\"all\" data-has-bg-color=\"false\" data-bg-color=\"\" data-bg-opacity=\"1\" data-animation=\"\" data-delay=\"0\" >\n\t\t<div class=\"vc_column-inner\" >\n\t\t\t<div class=\"wpb_wrapper\">\n\t\t\t\t\n<div class=\"wpb_text_column wpb_content_element\" >\n\t<p>Ahora que Enciso tiene artritis en las rodillas, ya no puede ir solo a algunos de los lugares m\u00e1s remotos. Por suerte, cuenta con voluntarios como Peter Lucero, que le ayudan a abrirse camino por el desierto. Dice que seguir\u00e1 honrando a los emigrantes de esta forma mientras pueda.<\/p>\n<p>Borderless Magazine habl\u00f3 con Enciso sobre lo que le atrajo a las tierras fronterizas de Arizona, su propia historia de emigraci\u00f3n y c\u00f3mo su pr\u00e1ctica art\u00edstica cambi\u00f3 su modo de vida.<\/p>\n<\/div>\n\n\n\n<div class=\"vc_separator wpb_content_element vc_separator_align_center vc_sep_width_100 vc_sep_pos_align_center vc_sep_color_grey wpb_content_element vc_separator-has-text\" ><span class=\"vc_sep_holder vc_sep_holder_l\"><span class=\"vc_sep_line\"><\/span><\/span><h4 id=\"read-more-of-our-coverage\">M\u00e1s informaci\u00f3n<\/h4><span class=\"vc_sep_holder vc_sep_holder_r\"><span class=\"vc_sep_line\"><\/span><\/span>\n<\/div>\n<div class=\"wpb_text_column wpb_content_element\" >\n\t\t\t<div class=\"pk-inline-posts\">\n\t\t\t\n\t\t\t<div class=\"pk-inline-posts-container pk-inline-posts-template-list\"\n\t\t\t\tdata-columns=\"1\">\n\t\t\t\t\t\t<article id=\"post-17895\" class=\"post-17895 post type-post status-publish format-standard has-post-thumbnail category-resources tag-asylumexplainer\">\n\t\t\t<div class=\"pk-post-outer\">\n\n\t\t\t\t\t\t\t\t<div class=\"pk-post-inner\">\n\t\t\t\t\t<div class=\"entry-thumbnail\">\n\t\t\t\t\t\t<div class=\"pk-overlay pk-overlay-ratio pk-ratio-landscape\">\n\t\t\t\t\t\t\t<div class=\"pk-overlay-background\">\n\t\t\t\t\t\t\t\t<a href=\"https:\/\/borderlessmag.org\/es\/2022\/10\/20\/who-are-asylum-seekers-and-what-is-asylum\/\" class=\"pk-overlay-link\">\n\t\t\t\t\t\t\t\t\t<img decoding=\"async\" width=\"1\" height=\"1\" src=\"https:\/\/borderlessmag.org\/wordpress\/wp-content\/uploads\/2022\/10\/Asylum_wordcloud_featured.jpg\" class=\"attachment-pk-thumbnail size-pk-thumbnail wp-post-image\" alt=\"Una nube de palabras en forma de globo terr\u00e1queo con palabras como humano, refugiado, asilo. inmigraci\u00f3n, solicitud, petici\u00f3n, U.S.C.I.S., retraso, procedimientos, EE.UU., pendiente, petici\u00f3n, afirmativo, representaci\u00f3n, casos, entrevista, miedo, pa\u00eds, frontera, persecuci\u00f3n.\" \/>\t\t\t\t\t\t\t\t<\/a>\n\t\t\t\t\t\t\t<\/div>\n\t\t\t\t\t\t<\/div>\n\t\t\t\t\t<\/div>\n\t\t\t\t<\/div>\n\t\t\t\t\n\t\t\t\t<div class=\"pk-post-inner\">\n\t\t\t\t\t<header>\n\t\t\t\t\t\t<h3 class=\"pk-title\"><a href=\"https:\/\/borderlessmag.org\/es\/2022\/10\/20\/who-are-asylum-seekers-and-what-is-asylum\/\" rel=\"bookmark\">\u00bfQui\u00e9nes son los solicitantes de asilo y qu\u00e9 es el asilo?<\/a><\/h3>\t\t\t\t\t\t\t<div class=\"pk-post-meta\">\n\t\t\t\t\t\t\t\t<span class=\"pk-meta-author meta-author\"><span class=\"author vcard\"><a class=\"url fn n\" href=\"https:\/\/borderlessmag.org\/es\/author\/diane-bou-khalil\/\" title=\"Ver todas las publicaciones de Diane Bou Khalil\">Diane Bou Khalil<\/a><\/span><\/span>\t\t\t\t\t\t\t\t<span class=\"sep\">-<\/span>\n\t\t\t\t\t\t\t\t<span class=\"pk-meta-date meta-date\"><a href=\"https:\/\/borderlessmag.org\/es\/2022\/10\/20\/who-are-asylum-seekers-and-what-is-asylum\/\" rel=\"bookmark\">20 de octubre de 2022<\/a><\/span>\t\t\t\t\t\t\t<\/div>\n\t\t\t\t\t\t\t\t\t\t\t\t<\/header><!-- .entry-header -->\n\t\t\t\t<\/div><!-- .post-inner -->\n\n\t\t\t<\/div><!-- .post-outer -->\n\t\t<\/article>\n\t\t\t\t<\/div>\n\t\t<\/div>\n\t\t\n<\/div>\n\n\n\n<div class=\"vc_separator wpb_content_element vc_separator_align_center vc_sep_width_100 vc_sep_pos_align_center vc_sep_color_grey wpb_content_element\" ><span class=\"vc_sep_holder vc_sep_holder_l\"><span class=\"vc_sep_line\"><\/span><\/span><span class=\"vc_sep_holder vc_sep_holder_r\"><span class=\"vc_sep_line\"><\/span><\/span>\n<\/div>\n\t\t\t<\/div> \n\t\t<\/div>\n\t<\/div> \n\n\t<div  class=\"vc_col-sm-2 vc_hidden-sm vc_hidden-xs wpb_column column_container vc_column_container col no-extra-padding inherit_tablet inherit_phone\"  data-padding-pos=\"all\" data-has-bg-color=\"false\" data-bg-color=\"\" data-bg-opacity=\"1\" data-animation=\"\" data-delay=\"0\" >\n\t\t<div class=\"vc_column-inner\" >\n\t\t\t<div class=\"wpb_wrapper\">\n\t\t\t\t\n\t\t\t<\/div> \n\t\t<\/div>\n\t<\/div> \n<\/div><\/div>\n\t\t<div id=\"fws_69f42856c0281\"  data-column-margin=\"default\" data-midnight=\"dark\"  class=\"wpb_row vc_row-fluid vc_row\"  style=\"padding-top: 0px; padding-bottom: 0px; \"><div class=\"row-bg-wrap\" data-bg-animation=\"none\" data-bg-animation-delay=\"\" data-bg-overlay=\"false\"><div class=\"inner-wrap row-bg-layer\" ><div class=\"row-bg viewport-desktop\"  style=\"\"><\/div><\/div><\/div><div class=\"row_col_wrap_12 col span_12 dark left\">\n\t<div  class=\"vc_col-sm-2 vc_hidden-sm vc_hidden-xs wpb_column column_container vc_column_container col no-extra-padding inherit_tablet inherit_phone\"  data-padding-pos=\"all\" data-has-bg-color=\"false\" data-bg-color=\"\" data-bg-opacity=\"1\" data-animation=\"\" data-delay=\"0\" >\n\t\t<div class=\"vc_column-inner\" >\n\t\t\t<div class=\"wpb_wrapper\">\n\t\t\t\t\n\t\t\t<\/div> \n\t\t<\/div>\n\t<\/div> \n\n\t<div  class=\"vc_col-sm-8 wpb_column column_container vc_column_container col padding-3-percent inherit_tablet inherit_phone\"  data-padding-pos=\"all\" data-has-bg-color=\"false\" data-bg-color=\"\" data-bg-opacity=\"1\" data-animation=\"\" data-delay=\"0\" >\n\t\t<div class=\"vc_column-inner\" >\n\t\t\t<div class=\"wpb_wrapper\">\n\t\t\t\t\n<div class=\"wpb_text_column wpb_content_element\" >\n\t<p>Cuando se consulta la base de datos de migrantes fallecidos, no se ve demasiado. Ves el nombre de la persona, si fue identificada, la edad, d\u00f3nde se encontr\u00f3 el cuerpo, la fecha, la causa de la muerte, si se pudo determinar, y cu\u00e1ndo se recogi\u00f3 el cuerpo. As\u00ed que las circunstancias de lo que ocurri\u00f3 all\u00ed, no estoy al tanto de esa informaci\u00f3n. Pero m\u00e1s o menos esa informaci\u00f3n es todo lo que necesito.<\/p>\n<p>El arte consiste en hacer visible lo invisible. As\u00ed que la cruz es el aspecto visible: alguien muri\u00f3 aqu\u00ed.<\/p>\n<\/div>\n\n\n\n\n\t\t\t<\/div> \n\t\t<\/div>\n\t<\/div> \n\n\t<div  class=\"vc_col-sm-2 vc_hidden-sm vc_hidden-xs wpb_column column_container vc_column_container col no-extra-padding inherit_tablet inherit_phone\"  data-padding-pos=\"all\" data-has-bg-color=\"false\" data-bg-color=\"\" data-bg-opacity=\"1\" data-animation=\"\" data-delay=\"0\" >\n\t\t<div class=\"vc_column-inner\" >\n\t\t\t<div class=\"wpb_wrapper\">\n\t\t\t\t\n\t\t\t<\/div> \n\t\t<\/div>\n\t<\/div> \n<\/div><\/div>\n\t\t<div id=\"fws_69f42856c1129\"  data-column-margin=\"default\" data-midnight=\"dark\"  class=\"wpb_row vc_row-fluid vc_row\"  style=\"padding-top: 0px; padding-bottom: 0px; \"><div class=\"row-bg-wrap\" data-bg-animation=\"none\" data-bg-animation-delay=\"\" data-bg-overlay=\"false\"><div class=\"inner-wrap row-bg-layer\" ><div class=\"row-bg viewport-desktop\"  style=\"\"><\/div><\/div><\/div><div class=\"row_col_wrap_12 col span_12 dark left\">\n\t<div  class=\"vc_col-sm-2 vc_hidden-sm vc_hidden-xs wpb_column column_container vc_column_container col no-extra-padding inherit_tablet inherit_phone\"  data-padding-pos=\"all\" data-has-bg-color=\"false\" data-bg-color=\"\" data-bg-opacity=\"1\" data-animation=\"\" data-delay=\"0\" >\n\t\t<div class=\"vc_column-inner\" >\n\t\t\t<div class=\"wpb_wrapper\">\n\t\t\t\t\n\t\t\t<\/div> \n\t\t<\/div>\n\t<\/div> \n\n\t<div  class=\"vc_col-sm-8 wpb_column column_container vc_column_container col padding-3-percent inherit_tablet inherit_phone\"  data-padding-pos=\"all\" data-has-bg-color=\"false\" data-bg-color=\"\" data-bg-opacity=\"1\" data-animation=\"\" data-delay=\"0\" >\n\t\t<div class=\"vc_column-inner\" >\n\t\t\t<div class=\"wpb_wrapper\">\n\t\t\t\t<div class=\"img-with-aniamtion-wrap center\" data-max-width=\"100%\" data-max-width-mobile=\"default\" data-shadow=\"none\" data-animation=\"fade-in\"  style=\"margin-top: 3%; margin-bottom: 3%; \">\r\n      <div class=\"inner\">\r\n        <div class=\"hover-wrap\"> \r\n          <div class=\"hover-wrap-inner\">\r\n            <img decoding=\"async\" class=\"img-with-animation skip-lazy\" data-delay=\"0\" height=\"100\" width=\"100\" data-animation=\"fade-in\" src=\"https:\/\/borderlessmag.org\/wordpress\/wp-content\/uploads\/2022\/10\/221020_AlvaroEnciso_web-7.jpg\" alt=\"\"  \/>\r\n         <\/div>\r\n      <\/div><span class=\"vc_figure-caption ccfic-text media-caption\">Varias pinturas y herramientas de artista cubren la mesa dentro del estudio casero de \u00c1lvaro Enciso en Tucson, Arizona, el 10 de octubre de 2022. <\/span><span class=\"media-credit\">Max Herman para Borderless Magazine<\/span><\/div><\/div>\n\t\t\t<\/div> \n\t\t<\/div>\n\t<\/div> \n\n\t<div  class=\"vc_col-sm-2 vc_hidden-sm vc_hidden-xs wpb_column column_container vc_column_container col no-extra-padding inherit_tablet inherit_phone\"  data-padding-pos=\"all\" data-has-bg-color=\"false\" data-bg-color=\"\" data-bg-opacity=\"1\" data-animation=\"\" data-delay=\"0\" >\n\t\t<div class=\"vc_column-inner\" >\n\t\t\t<div class=\"wpb_wrapper\">\n\t\t\t\t\n\t\t\t<\/div> \n\t\t<\/div>\n\t<\/div> \n<\/div><\/div>\n\t\t<div id=\"fws_69f42856c2446\"  data-column-margin=\"default\" data-midnight=\"dark\"  class=\"wpb_row vc_row-fluid vc_row\"  style=\"padding-top: 0px; padding-bottom: 0px; \"><div class=\"row-bg-wrap\" data-bg-animation=\"none\" data-bg-animation-delay=\"\" data-bg-overlay=\"false\"><div class=\"inner-wrap row-bg-layer\" ><div class=\"row-bg viewport-desktop\"  style=\"\"><\/div><\/div><\/div><div class=\"row_col_wrap_12 col span_12 dark left\">\n\t<div  class=\"vc_col-sm-2 vc_hidden-sm vc_hidden-xs wpb_column column_container vc_column_container col no-extra-padding inherit_tablet inherit_phone\"  data-padding-pos=\"all\" data-has-bg-color=\"false\" data-bg-color=\"\" data-bg-opacity=\"1\" data-animation=\"\" data-delay=\"0\" >\n\t\t<div class=\"vc_column-inner\" >\n\t\t\t<div class=\"wpb_wrapper\">\n\t\t\t\t\n\t\t\t<\/div> \n\t\t<\/div>\n\t<\/div> \n\n\t<div  class=\"vc_col-sm-8 wpb_column column_container vc_column_container col padding-3-percent inherit_tablet inherit_phone\"  data-padding-pos=\"all\" data-has-bg-color=\"false\" data-bg-color=\"\" data-bg-opacity=\"1\" data-animation=\"\" data-delay=\"0\" >\n\t\t<div class=\"vc_column-inner\" >\n\t\t\t<div class=\"wpb_wrapper\">\n\t\t\t\t\n<div class=\"wpb_text_column wpb_content_element\" >\n\t<p>Me mud\u00e9 aqu\u00ed a Tucson en 2011. Yo viv\u00eda en Nuevo M\u00e9xico. Y un d\u00eda, vi un art\u00edculo en el peri\u00f3dico -en el Albuquerque Journal local- sobre un boxeador retirado de la Marina que tambi\u00e9n era predicador metodista. El art\u00edculo era sobre \u00e9l cargando su cami\u00f3n y remolque con agua, suministros m\u00e9dicos y mantas y conduciendo a lo largo de toda la frontera ayudando a los migrantes, desde Texas hasta California.<\/p>\n<p>En aquel momento, intentaba relacionar mi propio viaje migratorio de hace muchos a\u00f1os con lo que est\u00e1 ocurriendo ahora, porque no es diferente de lo que ocurri\u00f3. Llevamos emigrando muchos, muchos, muchos a\u00f1os. Hoy en d\u00eda es una noticia tan importante. As\u00ed que quer\u00eda conectarme de alguna manera con esta nueva migraci\u00f3n porque soy uno de ellos.<\/p>\n<\/div>\n\n\n\n\n\t\t\t<\/div> \n\t\t<\/div>\n\t<\/div> \n\n\t<div  class=\"vc_col-sm-2 vc_hidden-sm vc_hidden-xs wpb_column column_container vc_column_container col no-extra-padding inherit_tablet inherit_phone\"  data-padding-pos=\"all\" data-has-bg-color=\"false\" data-bg-color=\"\" data-bg-opacity=\"1\" data-animation=\"\" data-delay=\"0\" >\n\t\t<div class=\"vc_column-inner\" >\n\t\t\t<div class=\"wpb_wrapper\">\n\t\t\t\t\n\t\t\t<\/div> \n\t\t<\/div>\n\t<\/div> \n<\/div><\/div>\n\t\t<div id=\"fws_69f42856c32b4\"  data-column-margin=\"default\" data-midnight=\"dark\"  class=\"wpb_row vc_row-fluid vc_row\"  style=\"padding-top: 0px; padding-bottom: 0px; \"><div class=\"row-bg-wrap\" data-bg-animation=\"none\" data-bg-animation-delay=\"\" data-bg-overlay=\"false\"><div class=\"inner-wrap row-bg-layer\" ><div class=\"row-bg viewport-desktop\"  style=\"\"><\/div><\/div><\/div><div class=\"row_col_wrap_12 col span_12 dark left\">\n\t<div  class=\"vc_col-sm-2 vc_hidden-sm vc_hidden-xs wpb_column column_container vc_column_container col no-extra-padding inherit_tablet inherit_phone\"  data-padding-pos=\"all\" data-has-bg-color=\"false\" data-bg-color=\"\" data-bg-opacity=\"1\" data-animation=\"\" data-delay=\"0\" >\n\t\t<div class=\"vc_column-inner\" >\n\t\t\t<div class=\"wpb_wrapper\">\n\t\t\t\t\n\t\t\t<\/div> \n\t\t<\/div>\n\t<\/div> \n\n\t<div  class=\"vc_col-sm-8 wpb_column column_container vc_column_container col padding-3-percent inherit_tablet inherit_phone\"  data-padding-pos=\"all\" data-has-bg-color=\"false\" data-bg-color=\"\" data-bg-opacity=\"1\" data-animation=\"\" data-delay=\"0\" >\n\t\t<div class=\"vc_column-inner\" >\n\t\t\t<div class=\"wpb_wrapper\">\n\t\t\t\t<div class=\"img-with-aniamtion-wrap center\" data-max-width=\"100%\" data-max-width-mobile=\"default\" data-shadow=\"none\" data-animation=\"fade-in\"  style=\"margin-top: 3%; margin-bottom: 3%; \">\r\n      <div class=\"inner\">\r\n        <div class=\"hover-wrap\"> \r\n          <div class=\"hover-wrap-inner\">\r\n            <img decoding=\"async\" class=\"img-with-animation skip-lazy\" data-delay=\"0\" height=\"100\" width=\"100\" data-animation=\"fade-in\" src=\"https:\/\/borderlessmag.org\/wordpress\/wp-content\/uploads\/2022\/10\/221020_AlvaroEnciso_web-4.jpg\" alt=\"\"  \/>\r\n         <\/div>\r\n      <\/div><span class=\"vc_figure-caption ccfic-text media-caption\">El artista Alvaro Enciso en su estudio casero en el lado oeste de Tucson, Arizona, 10 de octubre de 2022. <\/span><span class=\"media-credit\">Max Herman para Borderless Magazine<\/span><\/div><\/div>\n\t\t\t<\/div> \n\t\t<\/div>\n\t<\/div> \n\n\t<div  class=\"vc_col-sm-2 vc_hidden-sm vc_hidden-xs wpb_column column_container vc_column_container col no-extra-padding inherit_tablet inherit_phone\"  data-padding-pos=\"all\" data-has-bg-color=\"false\" data-bg-color=\"\" data-bg-opacity=\"1\" data-animation=\"\" data-delay=\"0\" >\n\t\t<div class=\"vc_column-inner\" >\n\t\t\t<div class=\"wpb_wrapper\">\n\t\t\t\t\n\t\t\t<\/div> \n\t\t<\/div>\n\t<\/div> \n<\/div><\/div>\n\t\t<div id=\"fws_69f42856c44df\"  data-column-margin=\"default\" data-midnight=\"dark\"  class=\"wpb_row vc_row-fluid vc_row\"  style=\"padding-top: 0px; padding-bottom: 0px; \"><div class=\"row-bg-wrap\" data-bg-animation=\"none\" data-bg-animation-delay=\"\" data-bg-overlay=\"false\"><div class=\"inner-wrap row-bg-layer\" ><div class=\"row-bg viewport-desktop\"  style=\"\"><\/div><\/div><\/div><div class=\"row_col_wrap_12 col span_12 dark left\">\n\t<div  class=\"vc_col-sm-2 vc_hidden-sm vc_hidden-xs wpb_column column_container vc_column_container col no-extra-padding inherit_tablet inherit_phone\"  data-padding-pos=\"all\" data-has-bg-color=\"false\" data-bg-color=\"\" data-bg-opacity=\"1\" data-animation=\"\" data-delay=\"0\" >\n\t\t<div class=\"vc_column-inner\" >\n\t\t\t<div class=\"wpb_wrapper\">\n\t\t\t\t\n\t\t\t<\/div> \n\t\t<\/div>\n\t<\/div> \n\n\t<div  class=\"vc_col-sm-8 wpb_column column_container vc_column_container col padding-3-percent inherit_tablet inherit_phone\"  data-padding-pos=\"all\" data-has-bg-color=\"false\" data-bg-color=\"\" data-bg-opacity=\"1\" data-animation=\"\" data-delay=\"0\" >\n\t\t<div class=\"vc_column-inner\" >\n\t\t\t<div class=\"wpb_wrapper\">\n\t\t\t\t\n<div class=\"wpb_text_column wpb_content_element\" >\n\t<p>Vine aqu\u00ed como emigrante. Quiero explorar el sue\u00f1o americano y c\u00f3mo contribuye a la emigraci\u00f3n. Lo que te atrae aqu\u00ed es la esperanza de que vas a encontrar todo lo que buscas. Y no siempre es as\u00ed. As\u00ed que vine aqu\u00ed con el predicador, vi la situaci\u00f3n y, por primera vez, me enter\u00e9 de que los migrantes estaban muriendo en el desierto. Porque en Nuevo M\u00e9xico no suele aparecer en las noticias. No lo lees en los peri\u00f3dicos, ya sabes, es como gente \"insignificante\" muriendo en el desierto.<\/p>\n<p>Ni siquiera la gente de Tucson sab\u00eda d\u00f3nde mor\u00eda la gente. S\u00f3lo ve\u00edan la lista de cu\u00e1ntas personas mor\u00edan cada mes o as\u00ed. Pero realmente nunca fueron a los sitios, no entendieron todo el asunto.<\/p>\n<\/div>\n\n\n\n\n\t\t\t<\/div> \n\t\t<\/div>\n\t<\/div> \n\n\t<div  class=\"vc_col-sm-2 vc_hidden-sm vc_hidden-xs wpb_column column_container vc_column_container col no-extra-padding inherit_tablet inherit_phone\"  data-padding-pos=\"all\" data-has-bg-color=\"false\" data-bg-color=\"\" data-bg-opacity=\"1\" data-animation=\"\" data-delay=\"0\" >\n\t\t<div class=\"vc_column-inner\" >\n\t\t\t<div class=\"wpb_wrapper\">\n\t\t\t\t\n\t\t\t<\/div> \n\t\t<\/div>\n\t<\/div> \n<\/div><\/div>\n\t\t<div id=\"fws_69f42856c53c4\"  data-column-margin=\"default\" data-midnight=\"dark\"  class=\"wpb_row vc_row-fluid vc_row\"  style=\"padding-top: 0px; padding-bottom: 0px; \"><div class=\"row-bg-wrap\" data-bg-animation=\"none\" data-bg-animation-delay=\"\" data-bg-overlay=\"false\"><div class=\"inner-wrap row-bg-layer\" ><div class=\"row-bg viewport-desktop\"  style=\"\"><\/div><\/div><\/div><div class=\"row_col_wrap_12 col span_12 dark left\">\n\t<div  class=\"vc_col-sm-2 vc_hidden-sm vc_hidden-xs wpb_column column_container vc_column_container col no-extra-padding inherit_tablet inherit_phone\"  data-padding-pos=\"all\" data-has-bg-color=\"false\" data-bg-color=\"\" data-bg-opacity=\"1\" data-animation=\"\" data-delay=\"0\" >\n\t\t<div class=\"vc_column-inner\" >\n\t\t\t<div class=\"wpb_wrapper\">\n\t\t\t\t\n\t\t\t<\/div> \n\t\t<\/div>\n\t<\/div> \n\n\t<div  class=\"vc_col-sm-8 wpb_column column_container vc_column_container col padding-3-percent inherit_tablet inherit_phone\"  data-padding-pos=\"all\" data-has-bg-color=\"false\" data-bg-color=\"\" data-bg-opacity=\"1\" data-animation=\"\" data-delay=\"0\" >\n\t\t<div class=\"vc_column-inner\" >\n\t\t\t<div class=\"wpb_wrapper\">\n\t\t\t\t<div class=\"img-with-aniamtion-wrap center\" data-max-width=\"100%\" data-max-width-mobile=\"default\" data-shadow=\"none\" data-animation=\"fade-in\"  style=\"margin-top: 3%; margin-bottom: 3%; \">\r\n      <div class=\"inner\">\r\n        <div class=\"hover-wrap\"> \r\n          <div class=\"hover-wrap-inner\">\r\n            <img decoding=\"async\" class=\"img-with-animation skip-lazy\" data-delay=\"0\" height=\"100\" width=\"100\" data-animation=\"fade-in\" src=\"https:\/\/borderlessmag.org\/wordpress\/wp-content\/uploads\/2022\/10\/221020_AlvaroEnciso_web-8.jpg\" alt=\"\"  \/>\r\n         <\/div>\r\n      <\/div><span class=\"vc_figure-caption ccfic-text media-caption\">\u00c1lvaro Enciso, a la derecha, comenta con los voluntarios en qu\u00e9 lugares colocar\u00e1n cruces para migrantes en el desierto el 11 de octubre de 2022. Los voluntarios son, de izquierda a derecha, Peter Lucero, David Whitmer y Bryce Peterson. El grupo sale del barrio Armory Park de Tucson (Arizona) todos los martes por la ma\u00f1ana en veh\u00edculos propiedad de Tucson Samaritans, un grupo de ayuda humanitaria. <\/span><span class=\"media-credit\">Max Herman para Borderless Magazine<\/span><\/div><\/div>\n\t\t\t<\/div> \n\t\t<\/div>\n\t<\/div> \n\n\t<div  class=\"vc_col-sm-2 vc_hidden-sm vc_hidden-xs wpb_column column_container vc_column_container col no-extra-padding inherit_tablet inherit_phone\"  data-padding-pos=\"all\" data-has-bg-color=\"false\" data-bg-color=\"\" data-bg-opacity=\"1\" data-animation=\"\" data-delay=\"0\" >\n\t\t<div class=\"vc_column-inner\" >\n\t\t\t<div class=\"wpb_wrapper\">\n\t\t\t\t\n\t\t\t<\/div> \n\t\t<\/div>\n\t<\/div> \n<\/div><\/div>\n\t\t<div id=\"fws_69f42856c660d\"  data-column-margin=\"default\" data-midnight=\"dark\"  class=\"wpb_row vc_row-fluid vc_row\"  style=\"padding-top: 0px; padding-bottom: 0px; \"><div class=\"row-bg-wrap\" data-bg-animation=\"none\" data-bg-animation-delay=\"\" data-bg-overlay=\"false\"><div class=\"inner-wrap row-bg-layer\" ><div class=\"row-bg viewport-desktop\"  style=\"\"><\/div><\/div><\/div><div class=\"row_col_wrap_12 col span_12 dark left\">\n\t<div  class=\"vc_col-sm-2 vc_hidden-sm vc_hidden-xs wpb_column column_container vc_column_container col no-extra-padding inherit_tablet inherit_phone\"  data-padding-pos=\"all\" data-has-bg-color=\"false\" data-bg-color=\"\" data-bg-opacity=\"1\" data-animation=\"\" data-delay=\"0\" >\n\t\t<div class=\"vc_column-inner\" >\n\t\t\t<div class=\"wpb_wrapper\">\n\t\t\t\t\n\t\t\t<\/div> \n\t\t<\/div>\n\t<\/div> \n\n\t<div  class=\"vc_col-sm-8 wpb_column column_container vc_column_container col padding-3-percent inherit_tablet inherit_phone\"  data-padding-pos=\"all\" data-has-bg-color=\"false\" data-bg-color=\"\" data-bg-opacity=\"1\" data-animation=\"\" data-delay=\"0\" >\n\t\t<div class=\"vc_column-inner\" >\n\t\t\t<div class=\"wpb_wrapper\">\n\t\t\t\t\n<div class=\"wpb_text_column wpb_content_element\" >\n\t<p>As\u00ed que empec\u00e9 a buscar <a href=\"https:\/\/humaneborders.info\/app\/map.asp\">en ese mapa que Humane Borders tiene con todos los puntos rojos<\/a>. Es un mapa de miles de puntos rojos. Ni siquiera puedes ver los detalles del mapa porque est\u00e1 cubierto de puntos rojos. Y hab\u00eda algo en los puntos rojos que me atra\u00eda porque estoy mirando un mapa y estoy mirando puntos rojos y esto es una obstrucci\u00f3n. El mapa no es el territorio real. El punto rojo es s\u00f3lo una cosa en el mapa. As\u00ed que quise traer ese punto rojo, donde la tragedia real tuvo lugar, y marcar la ubicaci\u00f3n de alguna manera para se\u00f1alar con el dedo: Alguien muri\u00f3 aqu\u00ed. Podr\u00edamos haberlo evitado. Y as\u00ed fue como empez\u00f3 todo.<\/p>\n<\/div>\n\n\n\n\n\t\t\t<\/div> \n\t\t<\/div>\n\t<\/div> \n\n\t<div  class=\"vc_col-sm-2 vc_hidden-sm vc_hidden-xs wpb_column column_container vc_column_container col no-extra-padding inherit_tablet inherit_phone\"  data-padding-pos=\"all\" data-has-bg-color=\"false\" data-bg-color=\"\" data-bg-opacity=\"1\" data-animation=\"\" data-delay=\"0\" >\n\t\t<div class=\"vc_column-inner\" >\n\t\t\t<div class=\"wpb_wrapper\">\n\t\t\t\t\n\t\t\t<\/div> \n\t\t<\/div>\n\t<\/div> \n<\/div><\/div>\n\t\t<div id=\"fws_69f42856c77e8\"  data-column-margin=\"default\" data-midnight=\"dark\"  class=\"wpb_row vc_row-fluid vc_row\"  style=\"padding-top: 0px; padding-bottom: 0px; \"><div class=\"row-bg-wrap\" data-bg-animation=\"none\" data-bg-animation-delay=\"\" data-bg-overlay=\"false\"><div class=\"inner-wrap row-bg-layer\" ><div class=\"row-bg viewport-desktop\"  style=\"\"><\/div><\/div><\/div><div class=\"row_col_wrap_12 col span_12 dark left\">\n\t<div  class=\"vc_col-sm-2 vc_hidden-sm vc_hidden-xs wpb_column column_container vc_column_container col no-extra-padding inherit_tablet inherit_phone\"  data-padding-pos=\"all\" data-has-bg-color=\"false\" data-bg-color=\"\" data-bg-opacity=\"1\" data-animation=\"\" data-delay=\"0\" >\n\t\t<div class=\"vc_column-inner\" >\n\t\t\t<div class=\"wpb_wrapper\">\n\t\t\t\t\n\t\t\t<\/div> \n\t\t<\/div>\n\t<\/div> \n\n\t<div  class=\"vc_col-sm-8 wpb_column column_container vc_column_container col padding-3-percent inherit_tablet inherit_phone\"  data-padding-pos=\"all\" data-has-bg-color=\"false\" data-bg-color=\"\" data-bg-opacity=\"1\" data-animation=\"\" data-delay=\"0\" >\n\t\t<div class=\"vc_column-inner\" >\n\t\t\t<div class=\"wpb_wrapper\">\n\t\t\t\t\n<div class=\"wpb_text_column wpb_content_element\" >\n\t<h2 id=\"sacrifice-and-the-american-dream\">Sacrificio y sue\u00f1o americano<\/h2>\n<p>&nbsp;<\/p>\n<p>Al principio, era muy personal. Era mi forma de conectar con mi propia migraci\u00f3n y, en cierto modo, de honrar el valor que se necesita para dejarlo todo atr\u00e1s. Dejas tu pa\u00eds, dejas tu lengua, dejas a tu familia, dejas todo lo que conoc\u00edas para venir aqu\u00ed en busca de una vida mejor.<\/p>\n<p>Crec\u00ed en un pueblo llamado Villavicencio, en el centro de Colombia. Quer\u00eda ir a la universidad. Me encantaba la literatura y estudiar todo tipo de cosas. Pero en Villavicencio, la universidad era para los ricos, los \u00fanicos que pod\u00edan pagarla. La \u00fanica manera que ten\u00eda de ir a la universidad era intentando encontrar el camino a Estados Unidos. Pude conseguir un visado permanente para vivir aqu\u00ed, gracias a mi t\u00eda de Nueva York. As\u00ed que vine aqu\u00ed para recibir una educaci\u00f3n.<\/p>\n<\/div>\n\n\n\n\n\t\t\t<\/div> \n\t\t<\/div>\n\t<\/div> \n\n\t<div  class=\"vc_col-sm-2 vc_hidden-sm vc_hidden-xs wpb_column column_container vc_column_container col no-extra-padding inherit_tablet inherit_phone\"  data-padding-pos=\"all\" data-has-bg-color=\"false\" data-bg-color=\"\" data-bg-opacity=\"1\" data-animation=\"\" data-delay=\"0\" >\n\t\t<div class=\"vc_column-inner\" >\n\t\t\t<div class=\"wpb_wrapper\">\n\t\t\t\t\n\t\t\t<\/div> \n\t\t<\/div>\n\t<\/div> \n<\/div><\/div>\n\t\t<div id=\"fws_69f42856c870a\"  data-column-margin=\"default\" data-midnight=\"dark\"  class=\"wpb_row vc_row-fluid vc_row\"  style=\"padding-top: 0px; padding-bottom: 0px; \"><div class=\"row-bg-wrap\" data-bg-animation=\"none\" data-bg-animation-delay=\"\" data-bg-overlay=\"false\"><div class=\"inner-wrap row-bg-layer\" ><div class=\"row-bg viewport-desktop\"  style=\"\"><\/div><\/div><\/div><div class=\"row_col_wrap_12 col span_12 dark left\">\n\t<div  class=\"vc_col-sm-2 vc_hidden-sm vc_hidden-xs wpb_column column_container vc_column_container col no-extra-padding inherit_tablet inherit_phone\"  data-padding-pos=\"all\" data-has-bg-color=\"false\" data-bg-color=\"\" data-bg-opacity=\"1\" data-animation=\"\" data-delay=\"0\" >\n\t\t<div class=\"vc_column-inner\" >\n\t\t\t<div class=\"wpb_wrapper\">\n\t\t\t\t\n\t\t\t<\/div> \n\t\t<\/div>\n\t<\/div> \n\n\t<div  class=\"vc_col-sm-8 wpb_column column_container vc_column_container col padding-3-percent inherit_tablet inherit_phone\"  data-padding-pos=\"all\" data-has-bg-color=\"false\" data-bg-color=\"\" data-bg-opacity=\"1\" data-animation=\"\" data-delay=\"0\" >\n\t\t<div class=\"vc_column-inner\" >\n\t\t\t<div class=\"wpb_wrapper\">\n\t\t\t\t<div class=\"img-with-aniamtion-wrap center\" data-max-width=\"100%\" data-max-width-mobile=\"default\" data-shadow=\"none\" data-animation=\"fade-in\"  style=\"margin-top: 3%; margin-bottom: 3%; \">\r\n      <div class=\"inner\">\r\n        <div class=\"hover-wrap\"> \r\n          <div class=\"hover-wrap-inner\">\r\n            <img decoding=\"async\" class=\"img-with-animation skip-lazy\" data-delay=\"0\" height=\"100\" width=\"100\" data-animation=\"fade-in\" src=\"https:\/\/borderlessmag.org\/wordpress\/wp-content\/uploads\/2022\/10\/221020_AlvaroEnciso_web-2.jpg\" alt=\"\"  \/>\r\n         <\/div>\r\n      <\/div><span class=\"vc_figure-caption ccfic-text media-caption\">El artista \u00c1lvaro Enciso planta una cruz para un migrante que perdi\u00f3 la vida en el desierto de Sonora al sur de Ajo, Arizona, con la ayuda de Susannah Brown de los Samaritanos de Ajo el 8 de mayo de 2018. Max Herman para la revista Borderless Magazine<\/span><span class=\"media-credit\">Max Herman para Borderless Magazine<\/span><\/div><\/div>\n\t\t\t<\/div> \n\t\t<\/div>\n\t<\/div> \n\n\t<div  class=\"vc_col-sm-2 vc_hidden-sm vc_hidden-xs wpb_column column_container vc_column_container col no-extra-padding inherit_tablet inherit_phone\"  data-padding-pos=\"all\" data-has-bg-color=\"false\" data-bg-color=\"\" data-bg-opacity=\"1\" data-animation=\"\" data-delay=\"0\" >\n\t\t<div class=\"vc_column-inner\" >\n\t\t\t<div class=\"wpb_wrapper\">\n\t\t\t\t\n\t\t\t<\/div> \n\t\t<\/div>\n\t<\/div> \n<\/div><\/div>\n\t\t<div id=\"fws_69f42856c99f3\"  data-column-margin=\"default\" data-midnight=\"dark\"  class=\"wpb_row vc_row-fluid vc_row\"  style=\"padding-top: 0px; padding-bottom: 0px; \"><div class=\"row-bg-wrap\" data-bg-animation=\"none\" data-bg-animation-delay=\"\" data-bg-overlay=\"false\"><div class=\"inner-wrap row-bg-layer\" ><div class=\"row-bg viewport-desktop\"  style=\"\"><\/div><\/div><\/div><div class=\"row_col_wrap_12 col span_12 dark left\">\n\t<div  class=\"vc_col-sm-2 vc_hidden-sm vc_hidden-xs wpb_column column_container vc_column_container col no-extra-padding inherit_tablet inherit_phone\"  data-padding-pos=\"all\" data-has-bg-color=\"false\" data-bg-color=\"\" data-bg-opacity=\"1\" data-animation=\"\" data-delay=\"0\" >\n\t\t<div class=\"vc_column-inner\" >\n\t\t\t<div class=\"wpb_wrapper\">\n\t\t\t\t\n\t\t\t<\/div> \n\t\t<\/div>\n\t<\/div> \n\n\t<div  class=\"vc_col-sm-8 wpb_column column_container vc_column_container col padding-3-percent inherit_tablet inherit_phone\"  data-padding-pos=\"all\" data-has-bg-color=\"false\" data-bg-color=\"\" data-bg-opacity=\"1\" data-animation=\"\" data-delay=\"0\" >\n\t\t<div class=\"vc_column-inner\" >\n\t\t\t<div class=\"wpb_wrapper\">\n\t\t\t\t\n<div class=\"wpb_text_column wpb_content_element\" >\n\t<p>Fui muy ingenuo al pensar que aterrizar\u00eda aqu\u00ed e ir\u00eda, por ejemplo, a la Universidad de Columbia. Pero ni siquiera ten\u00eda los documentos que demostraran que hab\u00eda terminado el bachillerato. No ten\u00eda ni el idioma ni el dinero para pagarlo. Me reclutaron en el ej\u00e9rcito estadounidense, pero entonces vi una oportunidad. Estuve 14 meses en Vietnam y cumpl\u00ed dos a\u00f1os de servicio militar. No iba a dejar que se desperdiciara la G.I. Bill. Era la oportunidad que buscaba. Era mi billete. Pude encontrar mi camino a la universidad. Por eso hablo de encontrar trozos del sue\u00f1o americano, pero nunca de encontrarlo entero, porque no creo que exista entero.<\/p>\n<\/div>\n\n\n\n\n\t\t\t<\/div> \n\t\t<\/div>\n\t<\/div> \n\n\t<div  class=\"vc_col-sm-2 vc_hidden-sm vc_hidden-xs wpb_column column_container vc_column_container col no-extra-padding inherit_tablet inherit_phone\"  data-padding-pos=\"all\" data-has-bg-color=\"false\" data-bg-color=\"\" data-bg-opacity=\"1\" data-animation=\"\" data-delay=\"0\" >\n\t\t<div class=\"vc_column-inner\" >\n\t\t\t<div class=\"wpb_wrapper\">\n\t\t\t\t\n\t\t\t<\/div> \n\t\t<\/div>\n\t<\/div> \n<\/div><\/div>\n\t\t<div id=\"fws_69f42856ca927\"  data-column-margin=\"default\" data-midnight=\"dark\"  class=\"wpb_row vc_row-fluid vc_row\"  style=\"padding-top: 0px; padding-bottom: 0px; \"><div class=\"row-bg-wrap\" data-bg-animation=\"none\" data-bg-animation-delay=\"\" data-bg-overlay=\"false\"><div class=\"inner-wrap row-bg-layer\" ><div class=\"row-bg viewport-desktop\"  style=\"\"><\/div><\/div><\/div><div class=\"row_col_wrap_12 col span_12 dark left\">\n\t<div  class=\"vc_col-sm-2 vc_hidden-sm vc_hidden-xs wpb_column column_container vc_column_container col no-extra-padding inherit_tablet inherit_phone\"  data-padding-pos=\"all\" data-has-bg-color=\"false\" data-bg-color=\"\" data-bg-opacity=\"1\" data-animation=\"\" data-delay=\"0\" >\n\t\t<div class=\"vc_column-inner\" >\n\t\t\t<div class=\"wpb_wrapper\">\n\t\t\t\t\n\t\t\t<\/div> \n\t\t<\/div>\n\t<\/div> \n\n\t<div  class=\"vc_col-sm-8 wpb_column column_container vc_column_container col padding-3-percent inherit_tablet inherit_phone\"  data-padding-pos=\"all\" data-has-bg-color=\"false\" data-bg-color=\"\" data-bg-opacity=\"1\" data-animation=\"\" data-delay=\"0\" >\n\t\t<div class=\"vc_column-inner\" >\n\t\t\t<div class=\"wpb_wrapper\">\n\t\t\t\t<div class=\"img-with-aniamtion-wrap center\" data-max-width=\"100%\" data-max-width-mobile=\"default\" data-shadow=\"none\" data-animation=\"fade-in\"  style=\"margin-top: 3%; margin-bottom: 3%; \">\r\n      <div class=\"inner\">\r\n        <div class=\"hover-wrap\"> \r\n          <div class=\"hover-wrap-inner\">\r\n            <img decoding=\"async\" class=\"img-with-animation skip-lazy\" data-delay=\"0\" height=\"100\" width=\"100\" data-animation=\"fade-in\" src=\"https:\/\/borderlessmag.org\/wordpress\/wp-content\/uploads\/2022\/10\/221020_AlvaroEnciso_web-9.jpg\" alt=\"\"  \/>\r\n         <\/div>\r\n      <\/div><span class=\"vc_figure-caption ccfic-text media-caption\">\u00c1lvaro Enciso, que ahora tiene problemas para subir y bajar terrenos escarpados debido a la artritis en sus rodillas, se apoya en el hombro de Peter Lucero, voluntario desde hace mucho tiempo, el 11 de octubre de 2022 en el Valle de Altar, al suroeste de Tucson, Arizona. Lucero lleva m\u00e1s de tres a\u00f1os ayudando a Enciso en sus excursiones semanales. <\/span><span class=\"media-credit\">Max Herman para Borderless Magazine<\/span><\/div><\/div>\n\t\t\t<\/div> \n\t\t<\/div>\n\t<\/div> \n\n\t<div  class=\"vc_col-sm-2 vc_hidden-sm vc_hidden-xs wpb_column column_container vc_column_container col no-extra-padding inherit_tablet inherit_phone\"  data-padding-pos=\"all\" data-has-bg-color=\"false\" data-bg-color=\"\" data-bg-opacity=\"1\" data-animation=\"\" data-delay=\"0\" >\n\t\t<div class=\"vc_column-inner\" >\n\t\t\t<div class=\"wpb_wrapper\">\n\t\t\t\t\n\t\t\t<\/div> \n\t\t<\/div>\n\t<\/div> \n<\/div><\/div>\n\t\t<div id=\"fws_69f42856cbb5f\"  data-column-margin=\"default\" data-midnight=\"dark\"  class=\"wpb_row vc_row-fluid vc_row\"  style=\"padding-top: 0px; padding-bottom: 0px; \"><div class=\"row-bg-wrap\" data-bg-animation=\"none\" data-bg-animation-delay=\"\" data-bg-overlay=\"false\"><div class=\"inner-wrap row-bg-layer\" ><div class=\"row-bg viewport-desktop\"  style=\"\"><\/div><\/div><\/div><div class=\"row_col_wrap_12 col span_12 dark left\">\n\t<div  class=\"vc_col-sm-2 vc_hidden-sm vc_hidden-xs wpb_column column_container vc_column_container col no-extra-padding inherit_tablet inherit_phone\"  data-padding-pos=\"all\" data-has-bg-color=\"false\" data-bg-color=\"\" data-bg-opacity=\"1\" data-animation=\"\" data-delay=\"0\" >\n\t\t<div class=\"vc_column-inner\" >\n\t\t\t<div class=\"wpb_wrapper\">\n\t\t\t\t\n\t\t\t<\/div> \n\t\t<\/div>\n\t<\/div> \n\n\t<div  class=\"vc_col-sm-8 wpb_column column_container vc_column_container col padding-3-percent inherit_tablet inherit_phone\"  data-padding-pos=\"all\" data-has-bg-color=\"false\" data-bg-color=\"\" data-bg-opacity=\"1\" data-animation=\"\" data-delay=\"0\" >\n\t\t<div class=\"vc_column-inner\" >\n\t\t\t<div class=\"wpb_wrapper\">\n\t\t\t\t\n<div class=\"wpb_text_column wpb_content_element\" >\n\t<p>El sue\u00f1o americano nunca fue concebido para los nativos americanos, los mexicanos, los negros, los chinos. El sue\u00f1o americano no es para ellos. No cumplen el perfil que tenemos aqu\u00ed. No los queremos. Entonces empec\u00e9 a pensar m\u00e1s en la gente que muere en vano, que muere por un sue\u00f1o que quiz\u00e1 no existe. Poner cruces en el desierto es para m\u00ed una forma de afrontar mi propia identidad y c\u00f3mo vivo en dos culturas. Trata de la dislocaci\u00f3n que se produce cuando te preguntas a qui\u00e9n perteneces. \u00bfY c\u00f3mo negocias tu propia existencia y tu propia vida en dos lenguas y dos culturas?<\/p>\n<\/div>\n\n\n\n\n\t\t\t<\/div> \n\t\t<\/div>\n\t<\/div> \n\n\t<div  class=\"vc_col-sm-2 vc_hidden-sm vc_hidden-xs wpb_column column_container vc_column_container col no-extra-padding inherit_tablet inherit_phone\"  data-padding-pos=\"all\" data-has-bg-color=\"false\" data-bg-color=\"\" data-bg-opacity=\"1\" data-animation=\"\" data-delay=\"0\" >\n\t\t<div class=\"vc_column-inner\" >\n\t\t\t<div class=\"wpb_wrapper\">\n\t\t\t\t\n\t\t\t<\/div> \n\t\t<\/div>\n\t<\/div> \n<\/div><\/div>\n\t\t<div id=\"fws_69f42856cc9eb\"  data-column-margin=\"default\" data-midnight=\"dark\"  class=\"wpb_row vc_row-fluid vc_row\"  style=\"padding-top: 0px; padding-bottom: 0px; \"><div class=\"row-bg-wrap\" data-bg-animation=\"none\" data-bg-animation-delay=\"\" data-bg-overlay=\"false\"><div class=\"inner-wrap row-bg-layer\" ><div class=\"row-bg viewport-desktop\"  style=\"\"><\/div><\/div><\/div><div class=\"row_col_wrap_12 col span_12 dark left\">\n\t<div  class=\"vc_col-sm-2 vc_hidden-sm vc_hidden-xs wpb_column column_container vc_column_container col no-extra-padding inherit_tablet inherit_phone\"  data-padding-pos=\"all\" data-has-bg-color=\"false\" data-bg-color=\"\" data-bg-opacity=\"1\" data-animation=\"\" data-delay=\"0\" >\n\t\t<div class=\"vc_column-inner\" >\n\t\t\t<div class=\"wpb_wrapper\">\n\t\t\t\t\n\t\t\t<\/div> \n\t\t<\/div>\n\t<\/div> \n\n\t<div  class=\"vc_col-sm-8 wpb_column column_container vc_column_container col padding-3-percent inherit_tablet inherit_phone\"  data-padding-pos=\"all\" data-has-bg-color=\"false\" data-bg-color=\"\" data-bg-opacity=\"1\" data-animation=\"\" data-delay=\"0\" >\n\t\t<div class=\"vc_column-inner\" >\n\t\t\t<div class=\"wpb_wrapper\">\n\t\t\t\t\n<div class=\"wpb_text_column wpb_content_element\" >\n\t<h2 id=\"marking-losses-and-counting-blessings\">Marcar las p\u00e9rdidas y contar las bendiciones<\/h2>\n<p>&nbsp;<\/p>\n<p>Cuando voy a poner una cruz, es una oportunidad para conectar con mis propias p\u00e9rdidas en mi propia vida. Cada vez que voy all\u00ed, pienso en mi abuela que me cri\u00f3 y que muri\u00f3. Mis padres -mi padre al que nunca conoc\u00ed, pero tambi\u00e9n est\u00e1 muerto y mi madre que est\u00e1 muerta y todas mis desgracias rom\u00e1nticas- tambi\u00e9n son p\u00e9rdidas. Todo eso forma parte de lo que eres. As\u00ed que cada vez que voy a poner una cruz, traigo todas mis, como dicen los nativos americanos, todas mis relaciones. Llevas todas tus experiencias y todos tus amores y todo tu dolor a estos lugares y haces el duelo all\u00ed.<\/p>\n<\/div>\n\n\n\n\n\t\t\t<\/div> \n\t\t<\/div>\n\t<\/div> \n\n\t<div  class=\"vc_col-sm-2 vc_hidden-sm vc_hidden-xs wpb_column column_container vc_column_container col no-extra-padding inherit_tablet inherit_phone\"  data-padding-pos=\"all\" data-has-bg-color=\"false\" data-bg-color=\"\" data-bg-opacity=\"1\" data-animation=\"\" data-delay=\"0\" >\n\t\t<div class=\"vc_column-inner\" >\n\t\t\t<div class=\"wpb_wrapper\">\n\t\t\t\t\n\t\t\t<\/div> \n\t\t<\/div>\n\t<\/div> \n<\/div><\/div>\n\t\t<div id=\"fws_69f42856cd926\"  data-column-margin=\"default\" data-midnight=\"dark\"  class=\"wpb_row vc_row-fluid vc_row\"  style=\"padding-top: 0px; padding-bottom: 0px; \"><div class=\"row-bg-wrap\" data-bg-animation=\"none\" data-bg-animation-delay=\"\" data-bg-overlay=\"false\"><div class=\"inner-wrap row-bg-layer\" ><div class=\"row-bg viewport-desktop\"  style=\"\"><\/div><\/div><\/div><div class=\"row_col_wrap_12 col span_12 dark left\">\n\t<div  class=\"vc_col-sm-2 vc_hidden-sm vc_hidden-xs wpb_column column_container vc_column_container col no-extra-padding inherit_tablet inherit_phone\"  data-padding-pos=\"all\" data-has-bg-color=\"false\" data-bg-color=\"\" data-bg-opacity=\"1\" data-animation=\"\" data-delay=\"0\" >\n\t\t<div class=\"vc_column-inner\" >\n\t\t\t<div class=\"wpb_wrapper\">\n\t\t\t\t\n\t\t\t<\/div> \n\t\t<\/div>\n\t<\/div> \n\n\t<div  class=\"vc_col-sm-8 wpb_column column_container vc_column_container col padding-3-percent inherit_tablet inherit_phone\"  data-padding-pos=\"all\" data-has-bg-color=\"false\" data-bg-color=\"\" data-bg-opacity=\"1\" data-animation=\"\" data-delay=\"0\" >\n\t\t<div class=\"vc_column-inner\" >\n\t\t\t<div class=\"wpb_wrapper\">\n\t\t\t\t<div class=\"img-with-aniamtion-wrap center\" data-max-width=\"100%\" data-max-width-mobile=\"default\" data-shadow=\"none\" data-animation=\"fade-in\"  style=\"margin-top: 3%; margin-bottom: 3%; \">\r\n      <div class=\"inner\">\r\n        <div class=\"hover-wrap\"> \r\n          <div class=\"hover-wrap-inner\">\r\n            <img decoding=\"async\" class=\"img-with-animation skip-lazy\" data-delay=\"0\" height=\"100\" width=\"100\" data-animation=\"fade-in\" src=\"https:\/\/borderlessmag.org\/wordpress\/wp-content\/uploads\/2022\/10\/221020_AlvaroEnciso_web-1.jpg\" alt=\"\"  \/>\r\n         <\/div>\r\n      <\/div><span class=\"vc_figure-caption ccfic-text media-caption\">El sol sale detr\u00e1s de una cruz hecha por el artista \u00c1lvaro Enciso el 6 de febrero de 2018. La cruz marca el lugar donde dos migrantes fueron encontrados muertos en un dep\u00f3sito de agua al noroeste de Tucson, Arizona.  <\/span><span class=\"media-credit\">Max Herman para Borderless Magazine<\/span><\/div><\/div>\n\t\t\t<\/div> \n\t\t<\/div>\n\t<\/div> \n\n\t<div  class=\"vc_col-sm-2 vc_hidden-sm vc_hidden-xs wpb_column column_container vc_column_container col no-extra-padding inherit_tablet inherit_phone\"  data-padding-pos=\"all\" data-has-bg-color=\"false\" data-bg-color=\"\" data-bg-opacity=\"1\" data-animation=\"\" data-delay=\"0\" >\n\t\t<div class=\"vc_column-inner\" >\n\t\t\t<div class=\"wpb_wrapper\">\n\t\t\t\t\n\t\t\t<\/div> \n\t\t<\/div>\n\t<\/div> \n<\/div><\/div>\n\t\t<div id=\"fws_69f42856ceb1a\"  data-column-margin=\"default\" data-midnight=\"dark\"  class=\"wpb_row vc_row-fluid vc_row\"  style=\"padding-top: 0px; padding-bottom: 0px; \"><div class=\"row-bg-wrap\" data-bg-animation=\"none\" data-bg-animation-delay=\"\" data-bg-overlay=\"false\"><div class=\"inner-wrap row-bg-layer\" ><div class=\"row-bg viewport-desktop\"  style=\"\"><\/div><\/div><\/div><div class=\"row_col_wrap_12 col span_12 dark left\">\n\t<div  class=\"vc_col-sm-2 vc_hidden-sm vc_hidden-xs wpb_column column_container vc_column_container col no-extra-padding inherit_tablet inherit_phone\"  data-padding-pos=\"all\" data-has-bg-color=\"false\" data-bg-color=\"\" data-bg-opacity=\"1\" data-animation=\"\" data-delay=\"0\" >\n\t\t<div class=\"vc_column-inner\" >\n\t\t\t<div class=\"wpb_wrapper\">\n\t\t\t\t\n\t\t\t<\/div> \n\t\t<\/div>\n\t<\/div> \n\n\t<div  class=\"vc_col-sm-8 wpb_column column_container vc_column_container col padding-3-percent inherit_tablet inherit_phone\"  data-padding-pos=\"all\" data-has-bg-color=\"false\" data-bg-color=\"\" data-bg-opacity=\"1\" data-animation=\"\" data-delay=\"0\" >\n\t\t<div class=\"vc_column-inner\" >\n\t\t\t<div class=\"wpb_wrapper\">\n\t\t\t\t\n<div class=\"wpb_text_column wpb_content_element\" >\n\t<p>As\u00ed que los martes es el d\u00eda que voy a la iglesia. Es el d\u00eda en el que exp\u00edo, el d\u00eda en el que lloro. Y el d\u00eda en el que hago algo por un desconocido al que nunca conoc\u00ed. Pero lo considero parte de mi vida, porque voy al lugar donde muri\u00f3. Y marcando ese lugar. Y ese desierto tendr\u00e1 un monumento conmemorativo para \u00e9l o ella que estar\u00e1 all\u00ed durante muchos a\u00f1os.<\/p>\n<p>Este proyecto m\u00edo me ha dado m\u00e1s de lo que yo le he dado al proyecto. El retorno ha sido mayor. Me ha convertido en mejor persona. Tengo m\u00e1s empat\u00eda. Tengo m\u00e1s compasi\u00f3n. Presto atenci\u00f3n a las cosas. Escucho a la gente. Ese tipo de cosas que antes no se me daban bien.<\/p>\n<p>Estoy honrando a alguien cada vez que voy all\u00ed y pongo un marcador para alguien que decidi\u00f3 hacer el viaje sabiendo de antemano el riesgo. Y eso, para m\u00ed, es un acto de valent\u00eda.<\/p>\n<p><em>Las fotos de este reportaje se tomaron entre febrero de 2018 y octubre de 2022.<\/em><\/p>\n<p><em>Para saber m\u00e1s sobre el trabajo de Enciso, <a href=\"https:\/\/www.instagram.com\/aencisoart\/?hl=en\">s\u00edguelo en Instagram<\/a>.<\/em><\/p>\n<\/div>\n\n\n\n\n\t\t\t<\/div> \n\t\t<\/div>\n\t<\/div> \n\n\t<div  class=\"vc_col-sm-2 vc_hidden-sm vc_hidden-xs wpb_column column_container vc_column_container col no-extra-padding inherit_tablet inherit_phone\"  data-padding-pos=\"all\" data-has-bg-color=\"false\" data-bg-color=\"\" data-bg-opacity=\"1\" data-animation=\"\" data-delay=\"0\" >\n\t\t<div class=\"vc_column-inner\" >\n\t\t\t<div class=\"wpb_wrapper\">\n\t\t\t\t\n\t\t\t<\/div> \n\t\t<\/div>\n\t<\/div> \n<\/div><\/div>\n\t\t<div id=\"fws_69f42856cfa26\"  data-column-margin=\"default\" data-midnight=\"dark\"  class=\"wpb_row vc_row-fluid vc_row\"  style=\"padding-top: 0px; padding-bottom: 0px; \"><div class=\"row-bg-wrap\" data-bg-animation=\"none\" data-bg-animation-delay=\"\" data-bg-overlay=\"false\"><div class=\"inner-wrap row-bg-layer\" ><div class=\"row-bg viewport-desktop\"  style=\"\"><\/div><\/div><\/div><div class=\"row_col_wrap_12 col span_12 dark left\">\n\t<div  class=\"vc_col-sm-12 wpb_column column_container vc_column_container col no-extra-padding inherit_tablet inherit_phone\"  data-padding-pos=\"all\" data-has-bg-color=\"false\" data-bg-color=\"\" data-bg-opacity=\"1\" data-animation=\"\" data-delay=\"0\" >\n\t\t<div class=\"vc_column-inner\" >\n\t\t\t<div class=\"wpb_wrapper\">\n\t\t\t\t\n\t\t\t<\/div> \n\t\t<\/div>\n\t<\/div> \n<\/div><\/div>\n\t\t<div id=\"fws_69f42856d0262\"  data-column-margin=\"default\" data-midnight=\"dark\"  class=\"wpb_row vc_row-fluid vc_row vc_row-o-equal-height vc_row-flex bottom-links\"  style=\"padding-top: 0px; padding-bottom: 0px; \"><div class=\"row-bg-wrap\" data-bg-animation=\"none\" data-bg-animation-delay=\"\" data-bg-overlay=\"false\"><div class=\"inner-wrap row-bg-layer\" ><div class=\"row-bg viewport-desktop\"  style=\"\"><\/div><\/div><\/div><div class=\"row_col_wrap_12 col span_12 dark left\">\n\t<div  class=\"vc_col-sm-8 wpb_column column_container vc_column_container col no-extra-padding inherit_tablet inherit_phone\"  data-padding-pos=\"all\" data-has-bg-color=\"false\" data-bg-color=\"\" data-bg-opacity=\"1\" data-animation=\"\" data-delay=\"0\" >\n\t\t<div class=\"vc_column-inner\" >\n\t\t\t<div class=\"wpb_wrapper\">\n\t\t\t\t\n\t\t\t<\/div> \n\t\t<\/div>\n\t<\/div> \n\n\t<div  class=\"vc_col-sm-4 wpb_column column_container vc_column_container col no-extra-padding inherit_tablet inherit_phone\"  data-padding-pos=\"all\" data-has-bg-color=\"false\" data-bg-color=\"\" data-bg-opacity=\"1\" data-animation=\"\" data-delay=\"0\" >\n\t\t<div class=\"vc_column-inner\" >\n\t\t\t<div class=\"wpb_wrapper\">\n\t\t\t\t\n\t\t\t<\/div> \n\t\t<\/div>\n\t<\/div> \n<\/div><\/div>","protected":false},"excerpt":{"rendered":"<p>El artista de Arizona \u00c1lvaro Enciso ha pasado a\u00f1os de su vida dejando cruces en el desierto por los migrantes que murieron mientras viajaban hacia Estados Unidos.<\/p>","protected":false},"author":122,"featured_media":17938,"comment_status":"closed","ping_status":"closed","sticky":false,"template":"","format":"standard","meta":{"inline_featured_image":false,"footnotes":""},"categories":[318,28],"tags":[408],"coauthors":[407],"class_list":{"0":"post-17946","1":"post","2":"type-post","3":"status-publish","4":"format-standard","5":"has-post-thumbnail","7":"category-arts-culture","8":"category-as-told-to","9":"tag-artistcrosses"},"yoast_head":"<!-- This site is optimized with the Yoast SEO Premium plugin v27.3 (Yoast SEO v27.3) - https:\/\/yoast.com\/product\/yoast-seo-premium-wordpress\/ -->\n<title>Artist Remembers Migrants Who Died on Their Journey North &#8211; Borderless Magazine NFP<\/title>\n<meta name=\"description\" content=\"Arizona artist Alvaro Enciso has spent years of his life leaving crosses in the desert for migrants who died while traveling to the United States.\" \/>\n<meta name=\"robots\" content=\"index, follow, max-snippet:-1, max-image-preview:large, max-video-preview:-1\" \/>\n<link rel=\"canonical\" href=\"https:\/\/borderlessmag.org\/es\/2022\/10\/27\/un-artista-recuerda-a-los-emigrantes-que-murieron-en-su-viaje-hacia-el-norte\/\" \/>\n<meta property=\"og:locale\" content=\"es_MX\" \/>\n<meta property=\"og:type\" content=\"article\" \/>\n<meta property=\"og:title\" content=\"Artist Remembers Migrants Who Died on Their Journey North &#8211; Arts &amp; Culture &#8211; Borderless Magazine NFP\" \/>\n<meta property=\"og:description\" content=\"Artist Remembers Migrants Who Died on Their Journey North &#8211; Arts &amp; Culture &#8211; Borderless Magazine NFP\" \/>\n<meta property=\"og:url\" content=\"https:\/\/borderlessmag.org\/es\/2022\/10\/27\/un-artista-recuerda-a-los-emigrantes-que-murieron-en-su-viaje-hacia-el-norte\/\" \/>\n<meta property=\"og:site_name\" content=\"Borderless Magazine NFP\" \/>\n<meta property=\"article:publisher\" content=\"https:\/\/www.facebook.com\/BorderlessMagazine\" \/>\n<meta property=\"article:published_time\" content=\"2022-10-27T20:04:11+00:00\" \/>\n<meta property=\"article:modified_time\" content=\"2025-10-09T16:19:06+00:00\" \/>\n<meta property=\"og:image\" content=\"https:\/\/borderlessmag.org\/wordpress\/wp-content\/uploads\/2022\/10\/221020_AlvaroEnciso-10_featured-1.jpg\" \/>\n\t<meta property=\"og:image:width\" content=\"1\" \/>\n\t<meta property=\"og:image:height\" content=\"1\" \/>\n\t<meta property=\"og:image:type\" content=\"image\/jpeg\" \/>\n<meta name=\"author\" content=\"Diane Bou Khalil\" \/>\n<meta name=\"twitter:card\" content=\"summary_large_image\" \/>\n<meta name=\"twitter:label1\" content=\"Escrito por\" \/>\n\t<meta name=\"twitter:data1\" content=\"Max Herman\" \/>\n\t<meta name=\"twitter:label2\" content=\"Tiempo de lectura\" \/>\n\t<meta name=\"twitter:data2\" content=\"9 minutos\" \/>\n\t<meta name=\"twitter:label3\" content=\"Written by\" \/>\n\t<meta name=\"twitter:data3\" content=\"Diane Bou Khalil\" \/>\n<script type=\"application\/ld+json\" class=\"yoast-schema-graph\">{\"@context\":\"https:\\\/\\\/schema.org\",\"@graph\":[{\"@type\":\"NewsArticle\",\"@id\":\"https:\\\/\\\/borderlessmag.org\\\/2022\\\/10\\\/27\\\/artist-remembers-migrants-who-died-on-their-journey-north\\\/#article\",\"isPartOf\":{\"@id\":\"https:\\\/\\\/borderlessmag.org\\\/2022\\\/10\\\/27\\\/artist-remembers-migrants-who-died-on-their-journey-north\\\/\"},\"author\":{\"name\":\"Max Herman\",\"@id\":\"https:\\\/\\\/borderlessmag.org\\\/#\\\/schema\\\/person\\\/96eda84bde3c5e7c87bf93ff9a377514\"},\"headline\":\"Artist Remembers Migrants Who Died on Their Journey North\",\"datePublished\":\"2022-10-27T20:04:11+00:00\",\"dateModified\":\"2025-10-09T16:19:06+00:00\",\"mainEntityOfPage\":{\"@id\":\"https:\\\/\\\/borderlessmag.org\\\/2022\\\/10\\\/27\\\/artist-remembers-migrants-who-died-on-their-journey-north\\\/\"},\"wordCount\":9645,\"publisher\":{\"@id\":\"https:\\\/\\\/borderlessmag.org\\\/#organization\"},\"image\":{\"@id\":\"https:\\\/\\\/borderlessmag.org\\\/2022\\\/10\\\/27\\\/artist-remembers-migrants-who-died-on-their-journey-north\\\/#primaryimage\"},\"thumbnailUrl\":\"https:\\\/\\\/borderlessmag.org\\\/wordpress\\\/wp-content\\\/uploads\\\/2022\\\/10\\\/221020_AlvaroEnciso-10_featured-1.jpg\",\"keywords\":[\"ArtistCrosses\"],\"articleSection\":[\"Arts &amp; Culture\",\"As Told To\"],\"inLanguage\":\"es\",\"copyrightYear\":\"2022\",\"copyrightHolder\":{\"@id\":\"https:\\\/\\\/borderlessmag.org\\\/es\\\/#organization\"}},{\"@type\":\"WebPage\",\"@id\":\"https:\\\/\\\/borderlessmag.org\\\/2022\\\/10\\\/27\\\/artist-remembers-migrants-who-died-on-their-journey-north\\\/\",\"url\":\"https:\\\/\\\/borderlessmag.org\\\/2022\\\/10\\\/27\\\/artist-remembers-migrants-who-died-on-their-journey-north\\\/\",\"name\":\"Artist Remembers Migrants Who Died on Their Journey North &#8211; Borderless Magazine NFP\",\"isPartOf\":{\"@id\":\"https:\\\/\\\/borderlessmag.org\\\/#website\"},\"primaryImageOfPage\":{\"@id\":\"https:\\\/\\\/borderlessmag.org\\\/2022\\\/10\\\/27\\\/artist-remembers-migrants-who-died-on-their-journey-north\\\/#primaryimage\"},\"image\":{\"@id\":\"https:\\\/\\\/borderlessmag.org\\\/2022\\\/10\\\/27\\\/artist-remembers-migrants-who-died-on-their-journey-north\\\/#primaryimage\"},\"thumbnailUrl\":\"https:\\\/\\\/borderlessmag.org\\\/wordpress\\\/wp-content\\\/uploads\\\/2022\\\/10\\\/221020_AlvaroEnciso-10_featured-1.jpg\",\"datePublished\":\"2022-10-27T20:04:11+00:00\",\"dateModified\":\"2025-10-09T16:19:06+00:00\",\"description\":\"Arizona artist Alvaro Enciso has spent years of his life leaving crosses in the desert for migrants who died while traveling to the United States.\",\"inLanguage\":\"es\",\"potentialAction\":[{\"@type\":\"ReadAction\",\"target\":[\"https:\\\/\\\/borderlessmag.org\\\/2022\\\/10\\\/27\\\/artist-remembers-migrants-who-died-on-their-journey-north\\\/\"]}]},{\"@type\":\"ImageObject\",\"inLanguage\":\"es\",\"@id\":\"https:\\\/\\\/borderlessmag.org\\\/2022\\\/10\\\/27\\\/artist-remembers-migrants-who-died-on-their-journey-north\\\/#primaryimage\",\"url\":\"https:\\\/\\\/borderlessmag.org\\\/wordpress\\\/wp-content\\\/uploads\\\/2022\\\/10\\\/221020_AlvaroEnciso-10_featured-1.jpg\",\"contentUrl\":\"https:\\\/\\\/borderlessmag.org\\\/wordpress\\\/wp-content\\\/uploads\\\/2022\\\/10\\\/221020_AlvaroEnciso-10_featured-1.jpg\",\"caption\":\"A cross is left for Eusebio Luna Mar, who was found deceased on Oct. 13, 2005, in the Altar Valley southwest of Tucson, Ariz. Oct. 11, 2022. Baboquivari Peak can be seen in the distance.\"},{\"@type\":\"WebSite\",\"@id\":\"https:\\\/\\\/borderlessmag.org\\\/#website\",\"url\":\"https:\\\/\\\/borderlessmag.org\\\/\",\"name\":\"Borderless Magazine NFP\",\"description\":\"Stories about immigration and immigrants\",\"publisher\":{\"@id\":\"https:\\\/\\\/borderlessmag.org\\\/#organization\"},\"alternateName\":\"Borderless\",\"potentialAction\":[{\"@type\":\"SearchAction\",\"target\":{\"@type\":\"EntryPoint\",\"urlTemplate\":\"https:\\\/\\\/borderlessmag.org\\\/?s={search_term_string}\"},\"query-input\":{\"@type\":\"PropertyValueSpecification\",\"valueRequired\":true,\"valueName\":\"search_term_string\"}}],\"inLanguage\":\"es\"},{\"@type\":\"Organization\",\"@id\":\"https:\\\/\\\/borderlessmag.org\\\/#organization\",\"name\":\"Borderless Magazine NFP\",\"alternateName\":\"Borderless Mag\",\"url\":\"https:\\\/\\\/borderlessmag.org\\\/\",\"logo\":{\"@type\":\"ImageObject\",\"inLanguage\":\"es\",\"@id\":\"https:\\\/\\\/borderlessmag.org\\\/#\\\/schema\\\/logo\\\/image\\\/\",\"url\":\"https:\\\/\\\/borderlessmag.org\\\/wordpress\\\/wp-content\\\/uploads\\\/2025\\\/08\\\/BorderlessLogo_main_square.jpg\",\"contentUrl\":\"https:\\\/\\\/borderlessmag.org\\\/wordpress\\\/wp-content\\\/uploads\\\/2025\\\/08\\\/BorderlessLogo_main_square.jpg\",\"width\":696,\"height\":696,\"caption\":\"Borderless Magazine NFP\"},\"image\":{\"@id\":\"https:\\\/\\\/borderlessmag.org\\\/#\\\/schema\\\/logo\\\/image\\\/\"},\"sameAs\":[\"https:\\\/\\\/www.facebook.com\\\/BorderlessMagazine\",\"https:\\\/\\\/www.instagram.com\\\/borderless_mag\\\/\",\"https:\\\/\\\/www.tiktok.com\\\/@borderless_mag\"]},{\"@type\":\"Person\",\"@id\":\"https:\\\/\\\/borderlessmag.org\\\/#\\\/schema\\\/person\\\/96eda84bde3c5e7c87bf93ff9a377514\",\"name\":\"Max Herman\",\"image\":{\"@type\":\"ImageObject\",\"inLanguage\":\"es\",\"@id\":\"https:\\\/\\\/secure.gravatar.com\\\/avatar\\\/5e8e57236ed67b3fb29c65f7a455c224356cc054b322c92ba7bce6669bf36186?s=96&d=mm&r=g694fef07c61742bd4b260741b2f07524\",\"url\":\"https:\\\/\\\/secure.gravatar.com\\\/avatar\\\/5e8e57236ed67b3fb29c65f7a455c224356cc054b322c92ba7bce6669bf36186?s=96&d=mm&r=g\",\"contentUrl\":\"https:\\\/\\\/secure.gravatar.com\\\/avatar\\\/5e8e57236ed67b3fb29c65f7a455c224356cc054b322c92ba7bce6669bf36186?s=96&d=mm&r=g\",\"caption\":\"Max Herman\"},\"url\":\"https:\\\/\\\/borderlessmag.org\\\/es\\\/author\\\/max-herman\\\/\"}]}<\/script>\n<!-- \/ Yoast SEO Premium plugin. -->","yoast_head_json":{"title":"Un artista recuerda a los migrantes que murieron en su viaje hacia el Norte - Borderless Magazine NFP","description":"El artista de Arizona \u00c1lvaro Enciso ha pasado a\u00f1os de su vida dejando cruces en el desierto por los migrantes que murieron mientras viajaban hacia Estados Unidos.","robots":{"index":"index","follow":"follow","max-snippet":"max-snippet:-1","max-image-preview":"max-image-preview:large","max-video-preview":"max-video-preview:-1"},"canonical":"https:\/\/borderlessmag.org\/es\/2022\/10\/27\/un-artista-recuerda-a-los-emigrantes-que-murieron-en-su-viaje-hacia-el-norte\/","og_locale":"es_MX","og_type":"article","og_title":"Artist Remembers Migrants Who Died on Their Journey North &#8211; Arts &amp; Culture &#8211; Borderless Magazine NFP","og_description":"Artist Remembers Migrants Who Died on Their Journey North &#8211; Arts &amp; Culture &#8211; Borderless Magazine NFP","og_url":"https:\/\/borderlessmag.org\/es\/2022\/10\/27\/un-artista-recuerda-a-los-emigrantes-que-murieron-en-su-viaje-hacia-el-norte\/","og_site_name":"Borderless Magazine NFP","article_publisher":"https:\/\/www.facebook.com\/BorderlessMagazine","article_published_time":"2022-10-27T20:04:11+00:00","article_modified_time":"2025-10-09T16:19:06+00:00","og_image":[{"url":"https:\/\/borderlessmag.org\/wordpress\/wp-content\/uploads\/2022\/10\/221020_AlvaroEnciso-10_featured-1.jpg","width":1,"height":1,"type":"image\/jpeg"}],"author":"Diane Bou Khalil","twitter_card":"summary_large_image","twitter_misc":{"Escrito por":"Max Herman","Tiempo de lectura":"9 minutos","Written by":"Diane Bou Khalil"},"schema":{"@context":"https:\/\/schema.org","@graph":[{"@type":"NewsArticle","@id":"https:\/\/borderlessmag.org\/2022\/10\/27\/artist-remembers-migrants-who-died-on-their-journey-north\/#article","isPartOf":{"@id":"https:\/\/borderlessmag.org\/2022\/10\/27\/artist-remembers-migrants-who-died-on-their-journey-north\/"},"author":{"name":"Max Herman","@id":"https:\/\/borderlessmag.org\/#\/schema\/person\/96eda84bde3c5e7c87bf93ff9a377514"},"headline":"Artist Remembers Migrants Who Died on Their Journey North","datePublished":"2022-10-27T20:04:11+00:00","dateModified":"2025-10-09T16:19:06+00:00","mainEntityOfPage":{"@id":"https:\/\/borderlessmag.org\/2022\/10\/27\/artist-remembers-migrants-who-died-on-their-journey-north\/"},"wordCount":9645,"publisher":{"@id":"https:\/\/borderlessmag.org\/#organization"},"image":{"@id":"https:\/\/borderlessmag.org\/2022\/10\/27\/artist-remembers-migrants-who-died-on-their-journey-north\/#primaryimage"},"thumbnailUrl":"https:\/\/borderlessmag.org\/wordpress\/wp-content\/uploads\/2022\/10\/221020_AlvaroEnciso-10_featured-1.jpg","keywords":["ArtistCrosses"],"articleSection":["Arts &amp; Culture","As Told To"],"inLanguage":"es","copyrightYear":"2022","copyrightHolder":{"@id":"https:\/\/borderlessmag.org\/es\/#organization"}},{"@type":"WebPage","@id":"https:\/\/borderlessmag.org\/2022\/10\/27\/artist-remembers-migrants-who-died-on-their-journey-north\/","url":"https:\/\/borderlessmag.org\/2022\/10\/27\/artist-remembers-migrants-who-died-on-their-journey-north\/","name":"Un artista recuerda a los migrantes que murieron en su viaje hacia el Norte - Borderless Magazine NFP","isPartOf":{"@id":"https:\/\/borderlessmag.org\/#website"},"primaryImageOfPage":{"@id":"https:\/\/borderlessmag.org\/2022\/10\/27\/artist-remembers-migrants-who-died-on-their-journey-north\/#primaryimage"},"image":{"@id":"https:\/\/borderlessmag.org\/2022\/10\/27\/artist-remembers-migrants-who-died-on-their-journey-north\/#primaryimage"},"thumbnailUrl":"https:\/\/borderlessmag.org\/wordpress\/wp-content\/uploads\/2022\/10\/221020_AlvaroEnciso-10_featured-1.jpg","datePublished":"2022-10-27T20:04:11+00:00","dateModified":"2025-10-09T16:19:06+00:00","description":"El artista de Arizona \u00c1lvaro Enciso ha pasado a\u00f1os de su vida dejando cruces en el desierto por los migrantes que murieron mientras viajaban hacia Estados Unidos.","inLanguage":"es","potentialAction":[{"@type":"ReadAction","target":["https:\/\/borderlessmag.org\/2022\/10\/27\/artist-remembers-migrants-who-died-on-their-journey-north\/"]}]},{"@type":"ImageObject","inLanguage":"es","@id":"https:\/\/borderlessmag.org\/2022\/10\/27\/artist-remembers-migrants-who-died-on-their-journey-north\/#primaryimage","url":"https:\/\/borderlessmag.org\/wordpress\/wp-content\/uploads\/2022\/10\/221020_AlvaroEnciso-10_featured-1.jpg","contentUrl":"https:\/\/borderlessmag.org\/wordpress\/wp-content\/uploads\/2022\/10\/221020_AlvaroEnciso-10_featured-1.jpg","caption":"A cross is left for Eusebio Luna Mar, who was found deceased on Oct. 13, 2005, in the Altar Valley southwest of Tucson, Ariz. Oct. 11, 2022. Baboquivari Peak can be seen in the distance."},{"@type":"WebSite","@id":"https:\/\/borderlessmag.org\/#website","url":"https:\/\/borderlessmag.org\/","name":"Revista Borderless NFP","description":"Historias sobre inmigraci\u00f3n e inmigrantes","publisher":{"@id":"https:\/\/borderlessmag.org\/#organization"},"alternateName":"Borderless","potentialAction":[{"@type":"SearchAction","target":{"@type":"EntryPoint","urlTemplate":"https:\/\/borderlessmag.org\/?s={search_term_string}"},"query-input":{"@type":"PropertyValueSpecification","valueRequired":true,"valueName":"search_term_string"}}],"inLanguage":"es"},{"@type":"Organization","@id":"https:\/\/borderlessmag.org\/#organization","name":"Revista Borderless NFP","alternateName":"Borderless Mag","url":"https:\/\/borderlessmag.org\/","logo":{"@type":"ImageObject","inLanguage":"es","@id":"https:\/\/borderlessmag.org\/#\/schema\/logo\/image\/","url":"https:\/\/borderlessmag.org\/wordpress\/wp-content\/uploads\/2025\/08\/BorderlessLogo_main_square.jpg","contentUrl":"https:\/\/borderlessmag.org\/wordpress\/wp-content\/uploads\/2025\/08\/BorderlessLogo_main_square.jpg","width":696,"height":696,"caption":"Borderless Magazine NFP"},"image":{"@id":"https:\/\/borderlessmag.org\/#\/schema\/logo\/image\/"},"sameAs":["https:\/\/www.facebook.com\/BorderlessMagazine","https:\/\/www.instagram.com\/borderless_mag\/","https:\/\/www.tiktok.com\/@borderless_mag"]},{"@type":"Person","@id":"https:\/\/borderlessmag.org\/#\/schema\/person\/96eda84bde3c5e7c87bf93ff9a377514","name":"Max Herman","image":{"@type":"ImageObject","inLanguage":"es","@id":"https:\/\/secure.gravatar.com\/avatar\/5e8e57236ed67b3fb29c65f7a455c224356cc054b322c92ba7bce6669bf36186?s=96&d=mm&r=g694fef07c61742bd4b260741b2f07524","url":"https:\/\/secure.gravatar.com\/avatar\/5e8e57236ed67b3fb29c65f7a455c224356cc054b322c92ba7bce6669bf36186?s=96&d=mm&r=g","contentUrl":"https:\/\/secure.gravatar.com\/avatar\/5e8e57236ed67b3fb29c65f7a455c224356cc054b322c92ba7bce6669bf36186?s=96&d=mm&r=g","caption":"Max Herman"},"url":"https:\/\/borderlessmag.org\/es\/author\/max-herman\/"}]}},"cc_featured_image_caption":{"caption_text":"A cross is left for Eusebio Luna Mar, who was found deceased on Oct. 13, 2005, in the Altar Valley southwest of Tucson, Ariz. Oct. 11, 2022. Baboquivari Peak can be seen in the distance. ","source_text":"","source_url":""},"_links":{"self":[{"href":"https:\/\/borderlessmag.org\/es\/wp-json\/wp\/v2\/posts\/17946","targetHints":{"allow":["GET"]}}],"collection":[{"href":"https:\/\/borderlessmag.org\/es\/wp-json\/wp\/v2\/posts"}],"about":[{"href":"https:\/\/borderlessmag.org\/es\/wp-json\/wp\/v2\/types\/post"}],"author":[{"embeddable":true,"href":"https:\/\/borderlessmag.org\/es\/wp-json\/wp\/v2\/users\/122"}],"replies":[{"embeddable":true,"href":"https:\/\/borderlessmag.org\/es\/wp-json\/wp\/v2\/comments?post=17946"}],"version-history":[{"count":1,"href":"https:\/\/borderlessmag.org\/es\/wp-json\/wp\/v2\/posts\/17946\/revisions"}],"predecessor-version":[{"id":29958,"href":"https:\/\/borderlessmag.org\/es\/wp-json\/wp\/v2\/posts\/17946\/revisions\/29958"}],"wp:featuredmedia":[{"embeddable":true,"href":"https:\/\/borderlessmag.org\/es\/wp-json\/wp\/v2\/media\/17938"}],"wp:attachment":[{"href":"https:\/\/borderlessmag.org\/es\/wp-json\/wp\/v2\/media?parent=17946"}],"wp:term":[{"taxonomy":"category","embeddable":true,"href":"https:\/\/borderlessmag.org\/es\/wp-json\/wp\/v2\/categories?post=17946"},{"taxonomy":"post_tag","embeddable":true,"href":"https:\/\/borderlessmag.org\/es\/wp-json\/wp\/v2\/tags?post=17946"},{"taxonomy":"author","embeddable":true,"href":"https:\/\/borderlessmag.org\/es\/wp-json\/wp\/v2\/coauthors?post=17946"}],"curies":[{"name":"wp","href":"https:\/\/api.w.org\/{rel}","templated":true}]}}