{"id":11218,"date":"2022-06-08T14:08:23","date_gmt":"2022-06-08T19:08:23","guid":{"rendered":"https:\/\/borderlessmag.org\/?p=11218"},"modified":"2025-10-09T12:11:44","modified_gmt":"2025-10-09T17:11:44","slug":"demanda-indiana-condado-de-clay-hielo-inmigracion-detenido-vaca-lechera","status":"publish","type":"post","link":"https:\/\/borderlessmag.org\/es\/2022\/06\/08\/lawsuit-indiana-clay-county-ice-immigration-detainee-cash-cow\/","title":{"rendered":"Demanda: La c\u00e1rcel de Indiana desatiende a los inmigrantes mientras utiliza los fondos del ICE como \"gallina de los huevos de oro"},"content":{"rendered":"<div id=\"fws_69ee5f73c1a55\"  data-column-margin=\"default\" data-midnight=\"dark\"  class=\"wpb_row vc_row-fluid vc_row\"  style=\"padding-top: 0px; padding-bottom: 0px; \"><div class=\"row-bg-wrap\" data-bg-animation=\"none\" data-bg-animation-delay=\"\" data-bg-overlay=\"false\"><div class=\"inner-wrap row-bg-layer\" ><div class=\"row-bg viewport-desktop\"  style=\"\"><\/div><\/div><\/div><div class=\"row_col_wrap_12 col span_12 dark left\">\n\t<div  class=\"vc_col-sm-2 vc_hidden-sm vc_hidden-xs wpb_column column_container vc_column_container col no-extra-padding inherit_tablet inherit_phone\"  data-padding-pos=\"all\" data-has-bg-color=\"false\" data-bg-color=\"\" data-bg-opacity=\"1\" data-animation=\"\" data-delay=\"0\" >\n\t\t<div class=\"vc_column-inner\" >\n\t\t\t<div class=\"wpb_wrapper\">\n\t\t\t\t\n\t\t\t<\/div> \n\t\t<\/div>\n\t<\/div> \n\n\t<div  class=\"vc_col-sm-8 wpb_column column_container vc_column_container col padding-3-percent inherit_tablet inherit_phone\"  data-padding-pos=\"all\" data-has-bg-color=\"false\" data-bg-color=\"\" data-bg-opacity=\"1\" data-animation=\"\" data-delay=\"0\" >\n\t\t<div class=\"vc_column-inner\" >\n\t\t\t<div class=\"wpb_wrapper\">\n\t\t\t\t\n<div class=\"wpb_text_column wpb_content_element\" >\n\t<p><span style=\"font-weight: 400;\">Durante los cinco meses que Javier Jaimes Jaimes estuvo retenido por el Servicio de Inmigraci\u00f3n y Control de Aduanas en la c\u00e1rcel del condado de Clay, en Brasil (Indiana), el joven de 32 a\u00f1os padeci\u00f3 ansiedad grave.\u00a0<\/span><\/p>\n<p><span style=\"font-weight: 400;\">Jaimes hab\u00eda huido a Estados Unidos tras ser secuestrado y torturado por un c\u00e1rtel en M\u00e9xico. Cuando fue detenido por el ICE, solicit\u00f3 protecci\u00f3n para permanecer en Estados Unidos, temiendo lo que le pudiera ocurrir si regresaba a M\u00e9xico. Mientras esperaba una decisi\u00f3n sobre su caso, Jaimes fue detenido en el condado de Clay.<\/span><\/p>\n<\/div>\n\n\n\n<div class=\"templatera_shortcode\">\n\t\t<div id=\"fws_69ee5f73c2f8f\"  data-column-margin=\"default\" data-midnight=\"dark\"  class=\"wpb_row vc_row-fluid vc_row vc_row-o-equal-height vc_row-flex vc_row-o-content-middle small\"  style=\"padding-top: 0px; padding-bottom: 0px; \"><div class=\"row-bg-wrap\" data-bg-animation=\"none\" data-bg-animation-delay=\"\" data-bg-overlay=\"false\"><div class=\"inner-wrap row-bg-layer\" ><div class=\"row-bg viewport-desktop\"  style=\"\"><\/div><\/div><\/div><div class=\"row_col_wrap_12 col span_12 dark left\">\n\t<div  class=\"vc_col-sm-12 wpb_column column_container vc_column_container col no-extra-padding inherit_tablet inherit_phone border_color_909090 border_style_solid\"  data-padding-pos=\"all\" data-has-bg-color=\"false\" data-bg-color=\"\" data-bg-opacity=\"1\" data-animation=\"\" data-delay=\"0\" >\n\t\t<div class=\"vc_column-inner\" >\n\t\t\t<div class=\"wpb_wrapper\">\n\t\t\t\t\n\t\t<div id=\"fws_69ee5f73c3aa7\"  data-column-margin=\"default\" data-midnight=\"dark\"  class=\"wpb_row vc_row-fluid vc_row vc_row-o-equal-height vc_row-flex vc_row-o-content-middle large top_margin_20px bottom_margin_20px\"  style=\"padding-top: 0px; padding-bottom: 0px; \"><div class=\"row-bg-wrap\" data-bg-animation=\"none\" data-bg-animation-delay=\"\" data-bg-overlay=\"true\"><div class=\"inner-wrap row-bg-layer\" ><div class=\"row-bg viewport-desktop\"  style=\"\"><\/div><\/div><div class=\"row-bg-overlay row-bg-layer\" style=\"background: #FFFFFF; background: linear-gradient(90deg,#FFFFFF 0%,#FFFFFF 100%);  opacity: 1; \"><\/div><\/div><div class=\"row_col_wrap_12 col span_12 dark left\">\n\t<div  class=\"vc_col-sm-12 wpb_column column_container vc_column_container col padding-3-percent force-phone-text-align-center inherit_tablet inherit_phone border_top_desktop_1px border_bottom_desktop_1px border_color_FFFFFF border_style_solid\"  data-padding-pos=\"all\" data-has-bg-color=\"false\" data-bg-color=\"\" data-bg-opacity=\"1\" data-animation=\"\" data-delay=\"0\" >\n\t\t<div class=\"vc_column-inner\" >\n\t\t\t<div class=\"wpb_wrapper\">\n\t\t\t\t<div id=\"fws_69ee5f73c4146\" data-midnight=\"\" data-column-margin=\"default\" class=\"wpb_row vc_row-fluid vc_row inner_row vc_row-o-equal-height vc_row-flex vc_row-o-content-middle\"  style=\"\"><div class=\"row-bg-wrap\"> <div class=\"row-bg\" ><\/div> <\/div><div class=\"row_col_wrap_12_inner col span_12  left\">\n\t<div  class=\"vc_col-sm-7 wpb_column column_container vc_column_container col child_column no-extra-padding inherit_tablet inherit_phone\"   data-padding-pos=\"all\" data-has-bg-color=\"false\" data-bg-color=\"\" data-bg-opacity=\"1\" data-animation=\"\" data-delay=\"0\" >\n\t\t<div class=\"vc_column-inner\" >\n\t\t<div class=\"wpb_wrapper\">\n\t\t\t\n<div class=\"wpb_text_column wpb_content_element\" >\n\t<h4 id=\"news-that-puts-power-under-the-spotlight-and-communities-at-the-center\"><strong>Noticias que ponen el poder en el punto de mira y a las comunidades en el centro.<\/strong><\/h4>\n<p>Suscr\u00edbase a nuestro bolet\u00edn gratuito y reciba actualizaciones dos veces por semana.<\/p>\n<\/div>\n\n\n\n\n\t\t<\/div> \n\t<\/div>\n\t<\/div> \n\n\t<div style=\"margin-top: -20px; \" class=\"vc_col-sm-5 wpb_column column_container vc_column_container col child_column neg-marg no-extra-padding inherit_tablet inherit_phone\"   data-padding-pos=\"all\" data-has-bg-color=\"false\" data-bg-color=\"\" data-bg-opacity=\"1\" data-animation=\"\" data-delay=\"0\" >\n\t\t<div class=\"vc_column-inner\" >\n\t\t<div class=\"wpb_wrapper\">\n\t\t\t\n\t<div class=\"wpb_raw_code wpb_raw_html wpb_content_element\" >\n\t\t<div class=\"wpb_wrapper\">\n\t\t\t<div class=\"_form_1\"><\/div><script src=\"https:\/\/borderlessmag.bluelena.io\/f\/embed.php?id=1\" charset=\"utf-8\"><\/script>\n\t\t<\/div>\n\t<\/div>\n\n\t\t<\/div> \n\t<\/div>\n\t<\/div> \n<\/div><\/div>\n\t\t\t<\/div> \n\t\t<\/div>\n\t<\/div> \n<\/div><\/div>\n\n\t\t\t<\/div> \n\t\t<\/div>\n\t<\/div> \n<\/div><\/div><\/div>\n<div class=\"wpb_text_column wpb_content_element\" >\n\t<p><span style=\"font-weight: 400;\">Ten\u00eda problemas para dormir por la noche en la c\u00e1rcel y tomaba antidepresivos y ansiol\u00edticos. Pero dice que despu\u00e9s de tomar las pastillas durante un tiempo, los guardias le dieron lo que parec\u00eda la medicaci\u00f3n equivocada dos veces.\u00a0<\/span><\/p>\n<p><span style=\"font-weight: 400;\">Jaimes, que s\u00f3lo habla espa\u00f1ol, no pod\u00eda comunicarse con el personal, ya que no hab\u00eda guardias ni otro personal que hablara espa\u00f1ol con fluidez en el lugar. Y no hab\u00eda personal m\u00e9dico disponible en ese momento para decirle qu\u00e9 era la medicaci\u00f3n que le dieron los guardias.<\/span><\/p>\n<p><span style=\"font-weight: 400;\">Preocupado por su seguridad, tuvo que recurrir a otros detenidos en la abarrotada c\u00e1rcel para que le tradujeran.<\/span><\/p>\n<p><span style=\"font-weight: 400;\">\"Las condiciones en el centro de detenci\u00f3n del condado de Clay son muy malas\", dijo Jaimes. \"Las celdas est\u00e1n superpobladas, el agua est\u00e1 demasiado caliente o demasiado fr\u00eda y todas las paredes est\u00e1n cubiertas de grafitis\".<\/span><\/p>\n<\/div>\n\n\n\n\n\t\t\t<\/div> \n\t\t<\/div>\n\t<\/div> \n\n\t<div  class=\"vc_col-sm-2 vc_hidden-sm vc_hidden-xs wpb_column column_container vc_column_container col no-extra-padding inherit_tablet inherit_phone\"  data-padding-pos=\"all\" data-has-bg-color=\"false\" data-bg-color=\"\" data-bg-opacity=\"1\" data-animation=\"\" data-delay=\"0\" >\n\t\t<div class=\"vc_column-inner\" >\n\t\t\t<div class=\"wpb_wrapper\">\n\t\t\t\t\n\t\t\t<\/div> \n\t\t<\/div>\n\t<\/div> \n<\/div><\/div>\n\t\t<div id=\"fws_69ee5f73c5cd2\"  data-column-margin=\"default\" data-midnight=\"dark\"  class=\"wpb_row vc_row-fluid vc_row article-image\"  style=\"padding-top: 0px; padding-bottom: 0px; \"><div class=\"row-bg-wrap\" data-bg-animation=\"none\" data-bg-animation-delay=\"\" data-bg-overlay=\"false\"><div class=\"inner-wrap row-bg-layer\" ><div class=\"row-bg viewport-desktop\"  style=\"\"><\/div><\/div><\/div><div class=\"row_col_wrap_12 col span_12 dark left\">\n\t<div  class=\"vc_col-sm-12 wpb_column column_container vc_column_container col no-extra-padding inherit_tablet inherit_phone\"  data-padding-pos=\"all\" data-has-bg-color=\"false\" data-bg-color=\"\" data-bg-opacity=\"1\" data-animation=\"\" data-delay=\"0\" >\n\t\t<div class=\"vc_column-inner\" >\n\t\t\t<div class=\"wpb_wrapper\">\n\t\t\t\t<div class=\"img-with-aniamtion-wrap center\" data-max-width=\"100%\" data-max-width-mobile=\"default\" data-shadow=\"none\" data-animation=\"fade-in\" >\r\n      <div class=\"inner\">\r\n        <div class=\"hover-wrap\"> \r\n          <div class=\"hover-wrap-inner\">\r\n            <img decoding=\"async\" class=\"img-with-animation skip-lazy\" data-delay=\"0\" height=\"100\" width=\"100\" data-animation=\"fade-in\" src=\"https:\/\/borderlessmag.org\/wordpress\/wp-content\/uploads\/2022\/06\/220608_NIJCLawsuit-1.jpg\" alt=\"Javier Jaimes Jaimes con camisa gris y agachado\"  \/>\r\n         <\/div>\r\n      <\/div><span class=\"vc_figure-caption ccfic-text media-caption\">Javier Jaimes Jaimes estuvo recluido en la c\u00e1rcel del condado de Clay en Brasil, Indiana, durante cinco meses en 2022, en los que experiment\u00f3 malas condiciones de vida y se le administr\u00f3 lo que \u00e9l dice que era la medicaci\u00f3n equivocada. <\/span><span class=\"media-credit\">Foto cortes\u00eda de la familia de Jaimes<\/span><\/div><\/div>\n\t\t\t<\/div> \n\t\t<\/div>\n\t<\/div> \n<\/div><\/div>\n\t\t<div id=\"fws_69ee5f73c693c\"  data-column-margin=\"default\" data-midnight=\"dark\"  class=\"wpb_row vc_row-fluid vc_row\"  style=\"padding-top: 0px; padding-bottom: 0px; \"><div class=\"row-bg-wrap\" data-bg-animation=\"none\" data-bg-animation-delay=\"\" data-bg-overlay=\"false\"><div class=\"inner-wrap row-bg-layer\" ><div class=\"row-bg viewport-desktop\"  style=\"\"><\/div><\/div><\/div><div class=\"row_col_wrap_12 col span_12 dark left\">\n\t<div  class=\"vc_col-sm-2 vc_hidden-sm vc_hidden-xs wpb_column column_container vc_column_container col no-extra-padding inherit_tablet inherit_phone\"  data-padding-pos=\"all\" data-has-bg-color=\"false\" data-bg-color=\"\" data-bg-opacity=\"1\" data-animation=\"\" data-delay=\"0\" >\n\t\t<div class=\"vc_column-inner\" >\n\t\t\t<div class=\"wpb_wrapper\">\n\t\t\t\t\n\t\t\t<\/div> \n\t\t<\/div>\n\t<\/div> \n\n\t<div  class=\"vc_col-sm-8 wpb_column column_container vc_column_container col padding-3-percent inherit_tablet inherit_phone\"  data-padding-pos=\"all\" data-has-bg-color=\"false\" data-bg-color=\"\" data-bg-opacity=\"1\" data-animation=\"\" data-delay=\"0\" >\n\t\t<div class=\"vc_column-inner\" >\n\t\t\t<div class=\"wpb_wrapper\">\n\t\t\t\t\n<div class=\"wpb_text_column wpb_content_element\" >\n\t<p><a href=\"https:\/\/immigrantjustice.org\/sites\/default\/files\/content-type\/press-release\/documents\/2022-04\/Herrera-Cardenaz-v-ICE_FILED-Complaint_April-25-2022_Web.pdf\" target=\"_blank\" rel=\"noopener\"><span style=\"font-weight: 400;\">En abril, Jaimes y otros tres inmigrantes detenidos demandaron al condado de Clay y al ICE ante un tribunal federal.<\/span><\/a><span style=\"font-weight: 400;\"> (para leer la demanda en espa\u00f1ol haga clic <a href=\"https:\/\/docs.google.com\/document\/d\/e\/2PACX-1vQkVxaM_QoNqrcgb2Q80Om4zGMH1h5Gj8XuzTBVM0QgjHXAQXWNEivIdo48L7wD0A\/pub?urp=gmail_link\">aqu\u00ed<\/a>) <\/span><span style=\"font-weight: 400;\">alegando que el centro no cumple las normas de detenci\u00f3n y mantiene all\u00ed a los inmigrantes en condiciones deplorables e injustas. Junto con Jaimes, tambi\u00e9n son demandantes Cristhian Herrera C\u00e1rdenas, Baijebo Toe y Maribel Xirum.\u00a0<\/span><\/p>\n<p><span style=\"font-weight: 400;\">La demanda tambi\u00e9n acusaba al condado de hacer un uso indebido de los ingresos procedentes de los contratos con el ICE, que se destinan al cuidado de las personas detenidas. En lugar de destinarse a provisiones como ropa, comida y alojamiento higi\u00e9nico, la demanda dec\u00eda que \"el condado ha tratado el acuerdo como una gallina de los huevos de oro\". Los fondos se han utilizado para aumentar los salarios del personal de la c\u00e1rcel, instalar una unidad de aire acondicionado de $83.000 en el juzgado del condado y evitar subidas de impuestos en todo el condado, <\/span><a href=\"https:\/\/www.theindianalawyer.com\/articles\/clay-county-considering-expanding-jail-to-house-more-ice-detainees\" target=\"_blank\" rel=\"noopener\"><span style=\"font-weight: 400;\">seg\u00fan los comisionados del condado<\/span><\/a><span style=\"font-weight: 400;\">.<\/span><\/p>\n<p><span style=\"font-weight: 400;\">En 2020, el condado recibi\u00f3 $1,4 millones por detener a inmigrantes en su c\u00e1rcel. Esto supone m\u00e1s de <\/span><a href=\"https:\/\/www.theindianalawyer.com\/articles\/clay-county-considering-expanding-jail-to-house-more-ice-detainees\" target=\"_blank\" rel=\"noopener\"><span style=\"font-weight: 400;\">70% del presupuesto anual de $1,9 millones de la c\u00e1rcel.<\/span><\/a><span style=\"font-weight: 400;\">a pesar de que los inmigrantes detenidos constituyen <\/span><a href=\"https:\/\/www.theindianalawyer.com\/articles\/clay-county-considering-expanding-jail-to-house-more-ice-detainees\" target=\"_blank\" rel=\"noopener\"><span style=\"font-weight: 400;\">s\u00f3lo 34% o menos de la poblaci\u00f3n carcelaria total.<\/span><\/a><\/p>\n<p><span style=\"font-weight: 400;\">Cuando se le pregunt\u00f3 acerca de las acusaciones, un representante del ICE dijo a Borderless que la agencia no hace comentarios sobre litigios pendientes. El Departamento del Sheriff del Condado de Clay no respondi\u00f3 a las repetidas solicitudes de entrevista.<\/span><\/p>\n<p><span style=\"font-weight: 400;\">La demanda es la \u00faltima de una serie de quejas contra la c\u00e1rcel del condado de Clay, situado en la zona rural del centro de Indiana, a unos 100 km al oeste de Indian\u00e1polis. El condado tiene un acuerdo con el ICE y el Servicio de Alguaciles de EE.UU. para retener a los inmigrantes en espera de una decisi\u00f3n sobre su caso de asilo o inmigraci\u00f3n. La c\u00e1rcel es el \u00fanico centro de detenci\u00f3n de inmigrantes que queda entre Kentucky y Wisconsin, <\/span><a href=\"https:\/\/borderlessmag.org\/es\/2021\/08\/02\/illinois-pondra-fin-a-la-detencion-de-inmigrantes-con-un-nuevo-proyecto-de-ley-2\/\" target=\"_blank\" rel=\"noopener\"><span style=\"font-weight: 400;\">tras la decisi\u00f3n adoptada el pasado mes de febrero por Illinois de prohibir a partir de este a\u00f1o la detenci\u00f3n de inmigrantes en todo el estado, tanto privada como gestionada por los condados.<\/span><\/a><\/p>\n<\/div>\n\n\n\n<div id=\"fws_69ee5f73c736a\" data-midnight=\"\" data-column-margin=\"default\" class=\"wpb_row vc_row-fluid vc_row inner_row\"  style=\"\"><div class=\"row-bg-wrap\"> <div class=\"row-bg\" ><\/div> <\/div><div class=\"row_col_wrap_12_inner col span_12  left\">\n\t<div  class=\"vc_col-sm-12 wpb_column column_container vc_column_container col child_column no-extra-padding inherit_tablet inherit_phone border_bottom_desktop_1px border_color_000000 border_style_solid\"   data-padding-pos=\"all\" data-has-bg-color=\"false\" data-bg-color=\"\" data-bg-opacity=\"1\" data-animation=\"\" data-delay=\"0\" >\n\t\t<div class=\"vc_column-inner\" >\n\t\t<div class=\"wpb_wrapper\">\n\t\t\t<div class=\"vc_separator wpb_content_element vc_separator_align_center vc_sep_width_100 vc_sep_pos_align_center vc_sep_color_black wpb_content_element vc_separator-has-text\" ><span class=\"vc_sep_holder vc_sep_holder_l\"><span class=\"vc_sep_line\"><\/span><\/span><h4 id=\"read-more-of-our-coverage\">M\u00e1s informaci\u00f3n<\/h4><span class=\"vc_sep_holder vc_sep_holder_r\"><span class=\"vc_sep_line\"><\/span><\/span>\n<\/div>\n<div class=\"wpb_text_column wpb_content_element\" >\n\t\t\t<div class=\"pk-inline-posts\">\n\t\t\t\n\t\t\t<div class=\"pk-inline-posts-container pk-inline-posts-template-list\"\n\t\t\t\tdata-columns=\"1\">\n\t\t\t\t\t\t<article id=\"post-6503\" class=\"post-6503 post type-post status-publish format-standard has-post-thumbnail category-organizing tag-enddetention\">\n\t\t\t<div class=\"pk-post-outer\">\n\n\t\t\t\t\t\t\t\t<div class=\"pk-post-inner\">\n\t\t\t\t\t<div class=\"entry-thumbnail\">\n\t\t\t\t\t\t<div class=\"pk-overlay pk-overlay-ratio pk-ratio-landscape\">\n\t\t\t\t\t\t\t<div class=\"pk-overlay-background\">\n\t\t\t\t\t\t\t\t<a href=\"https:\/\/borderlessmag.org\/es\/2021\/08\/02\/illinois-to-end-immigrant-detention-with-new-bill\/\" class=\"pk-overlay-link\">\n\t\t\t\t\t\t\t\t\t<img decoding=\"async\" width=\"1\" height=\"1\" src=\"https:\/\/borderlessmag.org\/wordpress\/wp-content\/uploads\/2021\/08\/WayForward_featured.jpg\" class=\"attachment-pk-thumbnail size-pk-thumbnail wp-post-image\" alt=\"Illinois Way Forward Act, detenci\u00f3n, ICE, inmigraci\u00f3n, protecciones, Pritzker, TRUST Act, situaci\u00f3n, orden judicial, ley, legislaci\u00f3n, polic\u00eda, aplicaci\u00f3n de la ley\" \/>\t\t\t\t\t\t\t\t<\/a>\n\t\t\t\t\t\t\t<\/div>\n\t\t\t\t\t\t<\/div>\n\t\t\t\t\t<\/div>\n\t\t\t\t<\/div>\n\t\t\t\t\n\t\t\t\t<div class=\"pk-post-inner\">\n\t\t\t\t\t<header>\n\t\t\t\t\t\t<h3 class=\"pk-title\"><a href=\"https:\/\/borderlessmag.org\/es\/2021\/08\/02\/illinois-to-end-immigrant-detention-with-new-bill\/\" rel=\"bookmark\">Illinois pondr\u00e1 fin a la detenci\u00f3n de inmigrantes con un nuevo proyecto de ley<\/a><\/h3>\t\t\t\t\t\t\t<div class=\"pk-post-meta\">\n\t\t\t\t\t\t\t\t<span class=\"pk-meta-author meta-author\"><span class=\"author vcard\"><a class=\"url fn n\" href=\"https:\/\/borderlessmag.org\/es\/author\/nissa-rhee\/\" title=\"Ver todas las publicaciones de Nissa Rhee\">Nissa Rhee<\/a><\/span><\/span>\t\t\t\t\t\t\t\t<span class=\"sep\">-<\/span>\n\t\t\t\t\t\t\t\t<span class=\"pk-meta-date meta-date\"><a href=\"https:\/\/borderlessmag.org\/es\/2021\/08\/02\/illinois-to-end-immigrant-detention-with-new-bill\/\" rel=\"bookmark\">2 de agosto de 2021<\/a><\/span>\t\t\t\t\t\t\t<\/div>\n\t\t\t\t\t\t\t\t\t\t\t\t<\/header><!-- .entry-header -->\n\t\t\t\t<\/div><!-- .post-inner -->\n\n\t\t\t<\/div><!-- .post-outer -->\n\t\t<\/article>\n\t\t\t\t<\/div>\n\t\t<\/div>\n\t\t\n<\/div>\n\n\n\n\n\t\t<\/div> \n\t<\/div>\n\t<\/div> \n<\/div><\/div>\n<div class=\"wpb_text_column wpb_content_element\" >\n\t<p><span style=\"font-weight: 400;\">Durante el apogeo de la pandemia, en mayo del a\u00f1o pasado, <\/span><a href=\"https:\/\/immigrantjustice.org\/press-releases\/immigrant-women-ice-custody-file-civil-rights-complaint-requesting-investigation\" target=\"_blank\" rel=\"noopener\"><span style=\"font-weight: 400;\">inmigrantes detenidos en la c\u00e1rcel presentaron una denuncia de derechos civiles contra el condado de Clay, diciendo que estaban siendo mantenidos en \"condiciones que amenazan la vida.\"<\/span><\/a><span style=\"font-weight: 400;\"> Una mujer de 28 a\u00f1os dijo que en la c\u00e1rcel no le dijeron que ten\u00eda COVID y que su abogado tuvo que solicitar su historial m\u00e9dico para que se enterara. Los detenidos dijeron que no pudieron practicar el distanciamiento social y que les ocultaron informaci\u00f3n sobre c\u00f3mo hacerse las pruebas de COVID.<\/span><\/p>\n<p><span style=\"font-weight: 400;\">El mismo mes, <\/span><a href=\"https:\/\/www.ice.gov\/doclib\/facilityInspections\/ClayCoJail_CL_05-20-2021.pdf\" target=\"_blank\" rel=\"noopener\"><span style=\"font-weight: 400;\">La c\u00e1rcel del condado de Clay no pas\u00f3 una inspecci\u00f3n<\/span><\/a><span style=\"font-weight: 400;\"> realizadas por el Grupo Nakamoto, un contratista privado que ha llevado a cabo la mayor\u00eda de las inspecciones del ICE desde 2007. Las inspecciones tienen por objeto determinar si las c\u00e1rceles <\/span><a href=\"https:\/\/www.ice.gov\/factsheets\/facilities-pbnds\" target=\"_blank\" rel=\"noopener\"><span style=\"font-weight: 400;\">\"seguridad, protecci\u00f3n y condiciones\".<\/span><\/a><span style=\"font-weight: 400;\"> seg\u00fan el ICE. Sin embargo, las evaluaciones del grupo de cumplimiento son notoriamente laxas, con <\/span><a href=\"https:\/\/www.oig.dhs.gov\/sites\/default\/files\/assets\/2018-06\/OIG-18-67-Jun18.pdf\" target=\"_blank\" rel=\"noopener\"><span style=\"font-weight: 400;\">ICE <\/span><\/a><span style=\"font-weight: 400;\">empleados calificando sus inspecciones de \"in\u00fatiles\" y \"muy, muy, muy dif\u00edciles de suspender\". Los inspectores avisan a los centros con hasta 30 d\u00edas de antelaci\u00f3n, lo que les permite modificar temporalmente las pr\u00e1cticas para aprobar, y algunos optan por las inspecciones virtuales, que consisten en confiar en declaraciones no corroboradas del personal de la c\u00e1rcel de que el centro cumple las normas.\u00a0\u00a0<\/span><\/p>\n<p><span style=\"font-weight: 400;\">El Grupo Nakamoto juzga los centros en funci\u00f3n de las normas federales de atenci\u00f3n conocidas como Normas Nacionales de Detenci\u00f3n Basadas en el Rendimiento. <\/span><a href=\"https:\/\/www.congress.gov\/116\/plaws\/publ260\/PLAW-116publ260.pdf\" target=\"_blank\" rel=\"noopener\"><span style=\"font-weight: 400;\">Si un centro suspende dos evaluaciones consecutivas, el ICE debe poner fin a su uso y financiaci\u00f3n.\u00a0<\/span><\/a><\/p>\n<p><span style=\"font-weight: 400;\">En la c\u00e1rcel del condado de Clay, en mayo de 2021, Nakamoto detect\u00f3 71 deficiencias en 18 normas, incluidas varias deficiencias repetidas de inspecciones anteriores.\u00a0<\/span><\/p>\n<p><span style=\"font-weight: 400;\">La c\u00e1rcel estuvo a punto de suspender una segunda inspecci\u00f3n consecutiva siete meses despu\u00e9s, lo que les habr\u00eda hecho perder su contrato con el ICE. Pero a pesar de que el informe de Nakamoto indicaba que los niveles de saneamiento y las condiciones de reclusi\u00f3n eran \"inaceptables\", el centro pas\u00f3 la inspecci\u00f3n de diciembre de 2021. La demanda del NIJC alega que esto refleja que \"el ICE y el condado trabajaron juntos para evitar la documentaci\u00f3n de una segunda evaluaci\u00f3n de desempe\u00f1o general fallida.\"\u00a0<\/span><\/p>\n<p><span style=\"font-weight: 400;\">\"El ICE est\u00e1 mirando hacia otro lado\", dijo Mark Feldman, abogado principal del Centro Nacional de Justicia para Inmigrantes, que est\u00e1 proporcionando asesoramiento pro bono en el caso junto con Sidley Austin LLP. \"Pero el Congreso ha dejado claro que el ICE no puede simplemente lavarse las manos de cualquier responsabilidad cuando externaliza su detenci\u00f3n a una c\u00e1rcel del condado\".<\/span><\/p>\n<\/div>\n\n\n\n\n\t\t\t<\/div> \n\t\t<\/div>\n\t<\/div> \n\n\t<div  class=\"vc_col-sm-2 vc_hidden-sm vc_hidden-xs wpb_column column_container vc_column_container col no-extra-padding inherit_tablet inherit_phone\"  data-padding-pos=\"all\" data-has-bg-color=\"false\" data-bg-color=\"\" data-bg-opacity=\"1\" data-animation=\"\" data-delay=\"0\" >\n\t\t<div class=\"vc_column-inner\" >\n\t\t\t<div class=\"wpb_wrapper\">\n\t\t\t\t\n\t<div class=\"wpb_widgetised_column wpb_content_element\">\n\t\t<div id=\"sidebar\" data-nectar-ss=\"true\" class=\"wpb_wrapper\">\n\t\t\t<div id=\"custom_html-4 1articleright\" class=\"widget_text widget widget_custom_html\"><h3 id=\"wordpress-popular-posts\" class=\"widget-title\">Entradas populares de WordPress<\/h3><div class=\"textwidget custom-html-widget\"><h4 id=\"trending-posts\" class=\"widget-title\">Tendencias<\/h4><div class=\"wpp-shortcode\"><script type=\"application\/json\" data-id=\"wpp-shortcode-inline-js\">{\"title\":\"Trending Posts\",\"limit\":\"3\",\"offset\":0,\"range\":\"custom\",\"time_quantity\":\"124\",\"time_unit\":\"day\",\"freshness\":\"1\",\"order_by\":\"views\",\"post_type\":\"post\",\"pid\":\"\",\"exclude\":\"\",\"cat\":\"\",\"taxonomy\":\"category\",\"term_id\":\"\",\"author\":\"\",\"shorten_title\":{\"active\":false,\"length\":0,\"words\":false},\"post-excerpt\":{\"active\":false,\"length\":0,\"keep_format\":false,\"words\":false},\"thumbnail\":{\"active\":true,\"build\":\"predefined\",\"width\":\"240\",\"height\":\"160\"},\"rating\":false,\"stats_tag\":{\"comment_count\":false,\"views\":false,\"author\":false,\"date\":{\"active\":false,\"format\":\"F j, Y\"},\"category\":false,\"taxonomy\":{\"active\":false,\"name\":\"category\"}},\"markup\":{\"custom_html\":true,\"wpp-start\":\"&lt;ul class=&quot;wpp-list wpp-cardview&quot;&gt;\",\"wpp-end\":\"&lt;\\\/ul&gt;\",\"title-start\":\"&lt;h4 class=&quot;widget-title&quot;&gt;\",\"title-end\":\"&lt;\\\/h4&gt;\",\"post-html\":\"&lt;li&gt;{thumb} {title} {stats}&lt;\\\/li&gt;\"},\"theme\":{\"name\":\"\"}}<\/script><div class=\"wpp-shortcode-placeholder\"><\/div><\/div><\/div><\/div>\n\t\t<\/div> \n\t<\/div> \n\t\t\t<\/div> \n\t\t<\/div>\n\t<\/div> \n<\/div><\/div>\n\t\t<div id=\"fws_69ee5f73cca07\"  data-column-margin=\"default\" data-midnight=\"dark\"  class=\"wpb_row vc_row-fluid vc_row article-image\"  style=\"padding-top: 0px; padding-bottom: 0px; \"><div class=\"row-bg-wrap\" data-bg-animation=\"none\" data-bg-animation-delay=\"\" data-bg-overlay=\"false\"><div class=\"inner-wrap row-bg-layer\" ><div class=\"row-bg viewport-desktop\"  style=\"\"><\/div><\/div><\/div><div class=\"row_col_wrap_12 col span_12 dark left\">\n\t<div  class=\"vc_col-sm-12 wpb_column column_container vc_column_container col no-extra-padding inherit_tablet inherit_phone\"  data-padding-pos=\"all\" data-has-bg-color=\"false\" data-bg-color=\"\" data-bg-opacity=\"1\" data-animation=\"\" data-delay=\"0\" >\n\t\t<div class=\"vc_column-inner\" >\n\t\t\t<div class=\"wpb_wrapper\">\n\t\t\t\t<div class=\"img-with-aniamtion-wrap center\" data-max-width=\"100%\" data-max-width-mobile=\"default\" data-shadow=\"none\" data-animation=\"fade-in\" >\r\n      <div class=\"inner\">\r\n        <div class=\"hover-wrap\"> \r\n          <div class=\"hover-wrap-inner\">\r\n            <img decoding=\"async\" class=\"img-with-animation skip-lazy\" data-delay=\"0\" height=\"100\" width=\"100\" data-animation=\"fade-in\" src=\"https:\/\/borderlessmag.org\/wordpress\/wp-content\/uploads\/2022\/06\/220608_NIJCLawsuit_web_socials-3.jpg\" alt=\"La vista frontal del Centro de Justicia del Condado de Clay con un reloj y tres banderas\"  \/>\r\n         <\/div>\r\n      <\/div><span class=\"vc_figure-caption ccfic-text media-caption\">El Centro de Justicia del condado de Clay en Brazil, Indiana. El centro de justicia alberga la oficina del sheriff y la c\u00e1rcel del condado, la \u00fanica c\u00e1rcel de Indiana que acoge a inmigrantes bajo custodia del ICE. <\/span><span class=\"media-credit\">Carlos Ballesteros\/Injustice Watch<\/span><\/div><\/div>\n\t\t\t<\/div> \n\t\t<\/div>\n\t<\/div> \n<\/div><\/div>\n\t\t<div id=\"fws_69ee5f73cd658\"  data-column-margin=\"default\" data-midnight=\"dark\"  class=\"wpb_row vc_row-fluid vc_row\"  style=\"padding-top: 0px; padding-bottom: 0px; \"><div class=\"row-bg-wrap\" data-bg-animation=\"none\" data-bg-animation-delay=\"\" data-bg-overlay=\"false\"><div class=\"inner-wrap row-bg-layer\" ><div class=\"row-bg viewport-desktop\"  style=\"\"><\/div><\/div><\/div><div class=\"row_col_wrap_12 col span_12 dark left\">\n\t<div  class=\"vc_col-sm-2 vc_hidden-sm vc_hidden-xs wpb_column column_container vc_column_container col no-extra-padding inherit_tablet inherit_phone\"  data-padding-pos=\"all\" data-has-bg-color=\"false\" data-bg-color=\"\" data-bg-opacity=\"1\" data-animation=\"\" data-delay=\"0\" >\n\t\t<div class=\"vc_column-inner\" >\n\t\t\t<div class=\"wpb_wrapper\">\n\t\t\t\t\n\t\t\t<\/div> \n\t\t<\/div>\n\t<\/div> \n\n\t<div  class=\"vc_col-sm-8 wpb_column column_container vc_column_container col padding-3-percent inherit_tablet inherit_phone\"  data-padding-pos=\"all\" data-has-bg-color=\"false\" data-bg-color=\"\" data-bg-opacity=\"1\" data-animation=\"\" data-delay=\"0\" >\n\t\t<div class=\"vc_column-inner\" >\n\t\t\t<div class=\"wpb_wrapper\">\n\t\t\t\t\n<div class=\"wpb_text_column wpb_content_element\" >\n\t<p>Jaimes estuvo recluido en el Centro de Detenci\u00f3n del Condado de Clay de enero a mayo de 2022. Desde entonces ha sido trasladado al centro de detenci\u00f3n del condado de Kay, en Oklahoma, que, seg\u00fan \u00e9l, ha mejorado mucho con respecto al centro de Indiana.<\/p>\n<p>\"Las condiciones en el condado de Kay son mucho mejores. Si pudiera dar una puntuaci\u00f3n del uno al cien, el condado de Kay ser\u00eda un cien y el de Clay un treinta\".<\/p>\n<p>Los otros demandantes en la demanda describieron condiciones similares, como tener que limpiar sus propias celdas con suministros improvisados como champ\u00fa y papel higi\u00e9nico, acceso inadecuado a alimentos nutritivos, temperaturas extremadamente fr\u00edas sin acceso a ropa de abrigo, moho en las paredes y mesas, atenci\u00f3n m\u00e9dica inadecuada y trato despectivo a las mujeres detenidas. Xirum dijo que ha o\u00eddo a guardias hacer comentarios groseros y sugerentes a las mujeres, como que son \"buenas para la cama\". Tambi\u00e9n se\u00f1al\u00f3 que las mujeres se sienten obligadas a coquetear con los guardias varones para tener acceso a productos de higiene personal y otros art\u00edculos de primera necesidad.<\/p>\n<p>A pesar de estas atroces condiciones, <a href=\"https:\/\/www.wthitv.com\/news\/clay-co-commissioners-approve-bot-agreement-study-for-jail-expansion\/article_55933d1c-b45c-11ec-a84f-5f8f50cd1565.html\" target=\"_blank\" rel=\"noopener\">El condado de Clay planea ampliar la c\u00e1rcel, una medida que costar\u00eda m\u00e1s de $20 millones. <\/a>La ampliaci\u00f3n propuesta duplicar\u00eda con creces el n\u00famero de camas, de 176 a 441. <a href=\"https:\/\/www.thebraziltimes.com\/story\/2923715.html\" target=\"_blank\" rel=\"noopener\">Los comisionados del condado de Clay dicen que si la expansi\u00f3n sigue adelante, pedir\u00edan que el ICE aumente la cantidad que pagan <\/a>al condado por persona detenida. El condado recibe actualmente $55 al d\u00eda por cada inmigrante detenido en la c\u00e1rcel.<\/p>\n<\/div>\n\n\n\n<div id=\"fws_69ee5f73cdfd7\" data-midnight=\"\" data-column-margin=\"default\" class=\"wpb_row vc_row-fluid vc_row inner_row\"  style=\"\"><div class=\"row-bg-wrap\"> <div class=\"row-bg\" ><\/div> <\/div><div class=\"row_col_wrap_12_inner col span_12  left\">\n\t<div  class=\"vc_col-sm-12 wpb_column column_container vc_column_container col child_column no-extra-padding inherit_tablet inherit_phone border_bottom_desktop_1px border_color_000000 border_style_solid\"   data-padding-pos=\"all\" data-has-bg-color=\"false\" data-bg-color=\"\" data-bg-opacity=\"1\" data-animation=\"\" data-delay=\"0\" >\n\t\t<div class=\"vc_column-inner\" >\n\t\t<div class=\"wpb_wrapper\">\n\t\t\t<div class=\"vc_separator wpb_content_element vc_separator_align_center vc_sep_width_100 vc_sep_pos_align_center vc_sep_color_black wpb_content_element vc_separator-has-text\" ><span class=\"vc_sep_holder vc_sep_holder_l\"><span class=\"vc_sep_line\"><\/span><\/span><h4 id=\"read-more-of-our-coverage-2\">M\u00e1s informaci\u00f3n<\/h4><span class=\"vc_sep_holder vc_sep_holder_r\"><span class=\"vc_sep_line\"><\/span><\/span>\n<\/div>\n<div class=\"wpb_text_column wpb_content_element\" >\n\t\t\t<div class=\"pk-inline-posts\">\n\t\t\t\n\t\t\t<div class=\"pk-inline-posts-container pk-inline-posts-template-list\"\n\t\t\t\tdata-columns=\"1\">\n\t\t\t\t\t\t<article id=\"post-6397\" class=\"post-6397 post type-post status-publish format-standard has-post-thumbnail category-environmentandhealth category-investigation tag-coviddata\">\n\t\t\t<div class=\"pk-post-outer\">\n\n\t\t\t\t\t\t\t\t<div class=\"pk-post-inner\">\n\t\t\t\t\t<div class=\"entry-thumbnail\">\n\t\t\t\t\t\t<div class=\"pk-overlay pk-overlay-ratio pk-ratio-landscape\">\n\t\t\t\t\t\t\t<div class=\"pk-overlay-background\">\n\t\t\t\t\t\t\t\t<a href=\"https:\/\/borderlessmag.org\/es\/2021\/07\/14\/as-covid-19-spread-through-midwest-detention-centers-ice-struggled-to-provide-accurate-data\/\" class=\"pk-overlay-link\">\n\t\t\t\t\t\t\t\t\t<img decoding=\"async\" width=\"1\" height=\"1\" src=\"https:\/\/borderlessmag.org\/wordpress\/wp-content\/uploads\/2021\/07\/ICIRRProtest_CF_04_featured.jpg\" class=\"attachment-pk-thumbnail size-pk-thumbnail wp-post-image\" alt=\"COVID-19, ICE, detenci\u00f3n, Chicago, Medio Oeste, santuario, inmigrante, datos, casos, CDC, brotes, pandemia\" \/>\t\t\t\t\t\t\t\t<\/a>\n\t\t\t\t\t\t\t<\/div>\n\t\t\t\t\t\t<\/div>\n\t\t\t\t\t<\/div>\n\t\t\t\t<\/div>\n\t\t\t\t\n\t\t\t\t<div class=\"pk-post-inner\">\n\t\t\t\t\t<header>\n\t\t\t\t\t\t<h3 class=\"pk-title\"><a href=\"https:\/\/borderlessmag.org\/es\/2021\/07\/14\/as-covid-19-spread-through-midwest-detention-centers-ice-struggled-to-provide-accurate-data\/\" rel=\"bookmark\">A medida que COVID-19 se extend\u00eda por los centros de detenci\u00f3n del Medio Oeste, el ICE se esforzaba por proporcionar datos precisos.\u00a0<\/a><\/h3>\t\t\t\t\t\t\t<div class=\"pk-post-meta\">\n\t\t\t\t\t\t\t\t<span class=\"pk-meta-author meta-author\"><span class=\"author vcard\"><a class=\"url fn n\" href=\"https:\/\/borderlessmag.org\/es\/author\/chelsea-verstegen\/\" title=\"Ver todas las publicaciones de Chelsea Verstegen, Adriana Rezal\">Chelsea Verstegen, Adriana Rezal<\/a><\/span><\/span>\t\t\t\t\t\t\t\t<span class=\"sep\">-<\/span>\n\t\t\t\t\t\t\t\t<span class=\"pk-meta-date meta-date\"><a href=\"https:\/\/borderlessmag.org\/es\/2021\/07\/14\/as-covid-19-spread-through-midwest-detention-centers-ice-struggled-to-provide-accurate-data\/\" rel=\"bookmark\">14 de julio de 2021<\/a><\/span>\t\t\t\t\t\t\t<\/div>\n\t\t\t\t\t\t\t\t\t\t\t\t<\/header><!-- .entry-header -->\n\t\t\t\t<\/div><!-- .post-inner -->\n\n\t\t\t<\/div><!-- .post-outer -->\n\t\t<\/article>\n\t\t\t\t<\/div>\n\t\t<\/div>\n\t\t\n<\/div>\n\n\n\n\n\t\t<\/div> \n\t<\/div>\n\t<\/div> \n<\/div><\/div>\n\t\t\t<\/div> \n\t\t<\/div>\n\t<\/div> \n\n\t<div  class=\"vc_col-sm-2 vc_hidden-sm vc_hidden-xs wpb_column column_container vc_column_container col no-extra-padding inherit_tablet inherit_phone\"  data-padding-pos=\"all\" data-has-bg-color=\"false\" data-bg-color=\"\" data-bg-opacity=\"1\" data-animation=\"\" data-delay=\"0\" >\n\t\t<div class=\"vc_column-inner\" >\n\t\t\t<div class=\"wpb_wrapper\">\n\t\t\t\t\n\t\t\t<\/div> \n\t\t<\/div>\n\t<\/div> \n<\/div><\/div>\n\t\t<div id=\"fws_69ee5f73d15bb\"  data-column-margin=\"default\" data-midnight=\"dark\"  class=\"wpb_row vc_row-fluid vc_row\"  style=\"padding-top: 0px; padding-bottom: 0px; \"><div class=\"row-bg-wrap\" data-bg-animation=\"none\" data-bg-animation-delay=\"\" data-bg-overlay=\"false\"><div class=\"inner-wrap row-bg-layer\" ><div class=\"row-bg viewport-desktop\"  style=\"\"><\/div><\/div><\/div><div class=\"row_col_wrap_12 col span_12 dark left\">\n\t<div  class=\"vc_col-sm-2 vc_hidden-sm vc_hidden-xs wpb_column column_container vc_column_container col no-extra-padding inherit_tablet inherit_phone\"  data-padding-pos=\"all\" data-has-bg-color=\"false\" data-bg-color=\"\" data-bg-opacity=\"1\" data-animation=\"\" data-delay=\"0\" >\n\t\t<div class=\"vc_column-inner\" >\n\t\t\t<div class=\"wpb_wrapper\">\n\t\t\t\t\n\t\t\t<\/div> \n\t\t<\/div>\n\t<\/div> \n\n\t<div  class=\"vc_col-sm-8 wpb_column column_container vc_column_container col padding-3-percent inherit_tablet inherit_phone\"  data-padding-pos=\"all\" data-has-bg-color=\"false\" data-bg-color=\"\" data-bg-opacity=\"1\" data-animation=\"\" data-delay=\"0\" >\n\t\t<div class=\"vc_column-inner\" >\n\t\t\t<div class=\"wpb_wrapper\">\n\t\t\t\t\n<div class=\"wpb_text_column wpb_content_element\" >\n\t<p><span style=\"font-weight: 400;\">Seg\u00fan Feldman, la propuesta se\u00f1ala una duplicaci\u00f3n por parte del condado en las pr\u00e1cticas ilegales y el abuso continuo de los fondos de ICE. Le gustar\u00eda ver un fin permanente a la vivienda del Condado de Clay personas bajo custodia de ICE.\u00a0<\/span><\/p>\n<p><span style=\"font-weight: 400;\">\"El condado de Clay depende claramente de los beneficios del ICE y han estado alardeando de ello muy abiertamente en todas sus reuniones relacionadas con la ampliaci\u00f3n\", dijo. \"Est\u00e1n actuando como si desviar los fondos fuera algo normal y la raz\u00f3n por la que act\u00faan as\u00ed es porque este\u00a0<i>es<\/i> negocio como de costumbre para el ICE y las c\u00e1rceles del condado\".\u00a0<\/span><\/p>\n<p><span style=\"font-weight: 400;\">Mientras el NIJC y los demandantes esperan la respuesta del gobierno y del condado, conf\u00edan en que esta demanda exija responsabilidades al sistema de inmigraci\u00f3n en su conjunto. Feldman se\u00f1al\u00f3 que los aspectos de esta demanda no son necesariamente exclusivos del condado de Clay.\u00a0<\/span><\/p>\n<p><span style=\"font-weight: 400;\">\"No es raro que un condado saque provecho de la detenci\u00f3n de inmigrantes mientras la gente est\u00e1 detenida en condiciones deplorables\", dijo. \"Y ciertamente no es raro que el ICE mire hacia otro lado: as\u00ed es esencialmente como funciona el sistema de detenci\u00f3n del ICE\".<\/span><\/p>\n<p><i><span style=\"font-weight: 400;\">Claudia Hern\u00e1ndez colabor\u00f3 en la elaboraci\u00f3n de este art\u00edculo.<\/span><\/i><\/p>\n<\/div>\n\n\n\n\n\t\t\t<\/div> \n\t\t<\/div>\n\t<\/div> \n\n\t<div  class=\"vc_col-sm-2 vc_hidden-sm vc_hidden-xs wpb_column column_container vc_column_container col no-extra-padding inherit_tablet inherit_phone\"  data-padding-pos=\"all\" data-has-bg-color=\"false\" data-bg-color=\"\" data-bg-opacity=\"1\" data-animation=\"\" data-delay=\"0\" >\n\t\t<div class=\"vc_column-inner\" >\n\t\t\t<div class=\"wpb_wrapper\">\n\t\t\t\t\n\t\t\t<\/div> \n\t\t<\/div>\n\t<\/div> \n<\/div><\/div>\n\t\t<div id=\"fws_69ee5f73d2552\"  data-column-margin=\"default\" data-midnight=\"dark\"  class=\"wpb_row vc_row-fluid vc_row\"  style=\"padding-top: 0px; padding-bottom: 0px; \"><div class=\"row-bg-wrap\" data-bg-animation=\"none\" data-bg-animation-delay=\"\" data-bg-overlay=\"false\"><div class=\"inner-wrap row-bg-layer\" ><div class=\"row-bg viewport-desktop\"  style=\"\"><\/div><\/div><\/div><div class=\"row_col_wrap_12 col span_12 dark left\">\n\t<div  class=\"vc_col-sm-12 wpb_column column_container vc_column_container col no-extra-padding inherit_tablet inherit_phone\"  data-padding-pos=\"all\" data-has-bg-color=\"false\" data-bg-color=\"\" data-bg-opacity=\"1\" data-animation=\"\" data-delay=\"0\" >\n\t\t<div class=\"vc_column-inner\" >\n\t\t\t<div class=\"wpb_wrapper\">\n\t\t\t\t\n\t\t\t<\/div> \n\t\t<\/div>\n\t<\/div> \n<\/div><\/div>\n\t\t<div id=\"fws_69ee5f73d2dce\"  data-column-margin=\"default\" data-midnight=\"dark\"  class=\"wpb_row vc_row-fluid vc_row vc_row-o-equal-height vc_row-flex bottom-links\"  style=\"padding-top: 0px; padding-bottom: 0px; \"><div class=\"row-bg-wrap\" data-bg-animation=\"none\" data-bg-animation-delay=\"\" data-bg-overlay=\"false\"><div class=\"inner-wrap row-bg-layer\" ><div class=\"row-bg viewport-desktop\"  style=\"\"><\/div><\/div><\/div><div class=\"row_col_wrap_12 col span_12 dark left\">\n\t<div  class=\"vc_col-sm-8 wpb_column column_container vc_column_container col no-extra-padding inherit_tablet inherit_phone\"  data-padding-pos=\"all\" data-has-bg-color=\"false\" data-bg-color=\"\" data-bg-opacity=\"1\" data-animation=\"\" data-delay=\"0\" >\n\t\t<div class=\"vc_column-inner\" >\n\t\t\t<div class=\"wpb_wrapper\">\n\t\t\t\t\n\t<div class=\"wpb_widgetised_column wpb_content_element\">\n\t\t<div id=\"sidebar\" data-nectar-ss=\"\" class=\"wpb_wrapper\"><h2 id=\"related-stories\" class=\"wpb_heading wpb_widgetised_column_heading\">Historias relacionadas<\/h2>\n\t\t\t\n\t\t<\/div> \n\t<\/div> \n\t\t\t<\/div> \n\t\t<\/div>\n\t<\/div> \n\n\t<div  class=\"vc_col-sm-4 wpb_column column_container vc_column_container col no-extra-padding inherit_tablet inherit_phone\"  data-padding-pos=\"all\" data-has-bg-color=\"false\" data-bg-color=\"\" data-bg-opacity=\"1\" data-animation=\"\" data-delay=\"0\" >\n\t\t<div class=\"vc_column-inner\" >\n\t\t\t<div class=\"wpb_wrapper\">\n\t\t\t\t\n\t<div class=\"wpb_widgetised_column wpb_content_element\">\n\t\t<div id=\"sidebar\" data-nectar-ss=\"\" class=\"wpb_wrapper\"><h2 id=\"recent-stories\" class=\"wpb_heading wpb_widgetised_column_heading\">Historias recientes<\/h2>\n\t\t\t\n\t\t<\/div> \n\t<\/div> \n\t\t\t<\/div> \n\t\t<\/div>\n\t<\/div> \n<\/div><\/div>","protected":false},"excerpt":{"rendered":"<p>Una demanda del Centro Nacional de Justicia para Inmigrantes alega que los inmigrantes detenidos est\u00e1n siendo retenidos en condiciones inhumanas, mientras que el condado de Clay hace mal uso del dinero que reciben del ICE para atender a los detenidos.<\/p>","protected":false},"author":28,"featured_media":11216,"comment_status":"closed","ping_status":"closed","sticky":false,"template":"","format":"standard","meta":{"inline_featured_image":false,"footnotes":""},"categories":[829,66],"tags":[371],"coauthors":[206],"class_list":{"0":"post-11218","1":"post","2":"type-post","3":"status-publish","4":"format-standard","5":"has-post-thumbnail","7":"category-enforcementandcourts","8":"category-investigation","9":"tag-claycountyjail"},"yoast_head":"<!-- This site is optimized with the Yoast SEO Premium plugin v27.3 (Yoast SEO v27.3) - https:\/\/yoast.com\/product\/yoast-seo-premium-wordpress\/ -->\n<title>Lawsuit: Indiana Jail Neglects Immigrant Detainees, Misusing ICE Funds &#8211; Borderless Magazine NFP<\/title>\n<meta name=\"description\" content=\"A new lawsuit alleges that detainees are being held in inhumane conditions, while Clay County misuses the money they receive from ICE.\" \/>\n<meta name=\"robots\" content=\"index, follow, max-snippet:-1, max-image-preview:large, max-video-preview:-1\" \/>\n<link rel=\"canonical\" href=\"https:\/\/borderlessmag.org\/es\/2022\/06\/08\/demanda-indiana-condado-de-clay-hielo-inmigracion-detenido-vaca-lechera\/\" \/>\n<meta property=\"og:locale\" content=\"es_MX\" \/>\n<meta property=\"og:type\" content=\"article\" \/>\n<meta property=\"og:title\" content=\"Lawsuit: Indiana Jail Neglects Immigrants While Using ICE Funds as \u2018Cash Cow\u2019 &#8211; Investigation &#8211; Borderless Magazine NFP\" \/>\n<meta property=\"og:description\" content=\"Lawsuit: Indiana Jail Neglects Immigrants While Using ICE Funds as \u2018Cash Cow\u2019 &#8211; Investigation &#8211; Borderless Magazine NFP\" \/>\n<meta property=\"og:url\" content=\"https:\/\/borderlessmag.org\/es\/2022\/06\/08\/demanda-indiana-condado-de-clay-hielo-inmigracion-detenido-vaca-lechera\/\" \/>\n<meta property=\"og:site_name\" content=\"Borderless Magazine NFP\" \/>\n<meta property=\"article:publisher\" content=\"https:\/\/www.facebook.com\/BorderlessMagazine\" \/>\n<meta property=\"article:published_time\" content=\"2022-06-08T19:08:23+00:00\" \/>\n<meta property=\"article:modified_time\" content=\"2025-10-09T17:11:44+00:00\" \/>\n<meta property=\"og:image\" content=\"https:\/\/borderlessmag.org\/wordpress\/wp-content\/uploads\/2022\/06\/220608_NIJCLawsuit-2-featured.jpg\" \/>\n\t<meta property=\"og:image:width\" content=\"1\" \/>\n\t<meta property=\"og:image:height\" content=\"1\" \/>\n\t<meta property=\"og:image:type\" content=\"image\/jpeg\" \/>\n<meta name=\"author\" content=\"Chelsea Verstegen, Adriana Rezal\" \/>\n<meta name=\"twitter:card\" content=\"summary_large_image\" \/>\n<meta name=\"twitter:label1\" content=\"Escrito por\" \/>\n\t<meta name=\"twitter:data1\" content=\"Chelsea Verstegen\" \/>\n\t<meta name=\"twitter:label2\" content=\"Tiempo de lectura\" \/>\n\t<meta name=\"twitter:data2\" content=\"7 minutos\" \/>\n\t<meta name=\"twitter:label3\" content=\"Written by\" \/>\n\t<meta name=\"twitter:data3\" content=\"Chelsea Verstegen, Adriana Rezal\" \/>\n<script type=\"application\/ld+json\" class=\"yoast-schema-graph\">{\"@context\":\"https:\\\/\\\/schema.org\",\"@graph\":[{\"@type\":\"NewsArticle\",\"@id\":\"https:\\\/\\\/borderlessmag.org\\\/2022\\\/06\\\/08\\\/lawsuit-indiana-clay-county-ice-immigration-detainee-cash-cow\\\/#article\",\"isPartOf\":{\"@id\":\"https:\\\/\\\/borderlessmag.org\\\/2022\\\/06\\\/08\\\/lawsuit-indiana-clay-county-ice-immigration-detainee-cash-cow\\\/\"},\"author\":{\"name\":\"Chelsea Verstegen\",\"@id\":\"https:\\\/\\\/borderlessmag.org\\\/#\\\/schema\\\/person\\\/20ac2779216294471760bd1f973a2e26\"},\"headline\":\"Lawsuit: Indiana Jail Neglects Immigrants While Using ICE Funds as \u2018Cash Cow\u2019\",\"datePublished\":\"2022-06-08T19:08:23+00:00\",\"dateModified\":\"2025-10-09T17:11:44+00:00\",\"mainEntityOfPage\":{\"@id\":\"https:\\\/\\\/borderlessmag.org\\\/2022\\\/06\\\/08\\\/lawsuit-indiana-clay-county-ice-immigration-detainee-cash-cow\\\/\"},\"wordCount\":3684,\"publisher\":{\"@id\":\"https:\\\/\\\/borderlessmag.org\\\/#organization\"},\"image\":{\"@id\":\"https:\\\/\\\/borderlessmag.org\\\/2022\\\/06\\\/08\\\/lawsuit-indiana-clay-county-ice-immigration-detainee-cash-cow\\\/#primaryimage\"},\"thumbnailUrl\":\"https:\\\/\\\/borderlessmag.org\\\/wordpress\\\/wp-content\\\/uploads\\\/2022\\\/06\\\/220608_NIJCLawsuit-2-featured.jpg\",\"keywords\":[\"claycountyjail\"],\"articleSection\":[\"Enforcement and Courts\",\"Investigation\"],\"inLanguage\":\"es\",\"copyrightYear\":\"2021\",\"copyrightHolder\":{\"@id\":\"https:\\\/\\\/borderlessmag.org\\\/es\\\/#organization\"}},{\"@type\":\"WebPage\",\"@id\":\"https:\\\/\\\/borderlessmag.org\\\/2022\\\/06\\\/08\\\/lawsuit-indiana-clay-county-ice-immigration-detainee-cash-cow\\\/\",\"url\":\"https:\\\/\\\/borderlessmag.org\\\/2022\\\/06\\\/08\\\/lawsuit-indiana-clay-county-ice-immigration-detainee-cash-cow\\\/\",\"name\":\"Lawsuit: Indiana Jail Neglects Immigrant Detainees, Misusing ICE Funds &#8211; Borderless Magazine NFP\",\"isPartOf\":{\"@id\":\"https:\\\/\\\/borderlessmag.org\\\/#website\"},\"primaryImageOfPage\":{\"@id\":\"https:\\\/\\\/borderlessmag.org\\\/2022\\\/06\\\/08\\\/lawsuit-indiana-clay-county-ice-immigration-detainee-cash-cow\\\/#primaryimage\"},\"image\":{\"@id\":\"https:\\\/\\\/borderlessmag.org\\\/2022\\\/06\\\/08\\\/lawsuit-indiana-clay-county-ice-immigration-detainee-cash-cow\\\/#primaryimage\"},\"thumbnailUrl\":\"https:\\\/\\\/borderlessmag.org\\\/wordpress\\\/wp-content\\\/uploads\\\/2022\\\/06\\\/220608_NIJCLawsuit-2-featured.jpg\",\"datePublished\":\"2022-06-08T19:08:23+00:00\",\"dateModified\":\"2025-10-09T17:11:44+00:00\",\"description\":\"A new lawsuit alleges that detainees are being held in inhumane conditions, while Clay County misuses the money they receive from ICE.\",\"inLanguage\":\"es\",\"potentialAction\":[{\"@type\":\"ReadAction\",\"target\":[\"https:\\\/\\\/borderlessmag.org\\\/2022\\\/06\\\/08\\\/lawsuit-indiana-clay-county-ice-immigration-detainee-cash-cow\\\/\"]}]},{\"@type\":\"ImageObject\",\"inLanguage\":\"es\",\"@id\":\"https:\\\/\\\/borderlessmag.org\\\/2022\\\/06\\\/08\\\/lawsuit-indiana-clay-county-ice-immigration-detainee-cash-cow\\\/#primaryimage\",\"url\":\"https:\\\/\\\/borderlessmag.org\\\/wordpress\\\/wp-content\\\/uploads\\\/2022\\\/06\\\/220608_NIJCLawsuit-2-featured.jpg\",\"contentUrl\":\"https:\\\/\\\/borderlessmag.org\\\/wordpress\\\/wp-content\\\/uploads\\\/2022\\\/06\\\/220608_NIJCLawsuit-2-featured.jpg\",\"caption\":\"Members of the Communities Not Cages Indiana Coalition in front of the Clay County Courthouse breaking a symbolic chain after testifying against the expansion of the Clay County Justice Center at a meeting of the Clay County Commissioners in Brazil, Ind., Oct. 4, 2021.\"},{\"@type\":\"WebSite\",\"@id\":\"https:\\\/\\\/borderlessmag.org\\\/#website\",\"url\":\"https:\\\/\\\/borderlessmag.org\\\/\",\"name\":\"Borderless Magazine NFP\",\"description\":\"Stories about immigration and immigrants\",\"publisher\":{\"@id\":\"https:\\\/\\\/borderlessmag.org\\\/#organization\"},\"alternateName\":\"Borderless\",\"potentialAction\":[{\"@type\":\"SearchAction\",\"target\":{\"@type\":\"EntryPoint\",\"urlTemplate\":\"https:\\\/\\\/borderlessmag.org\\\/?s={search_term_string}\"},\"query-input\":{\"@type\":\"PropertyValueSpecification\",\"valueRequired\":true,\"valueName\":\"search_term_string\"}}],\"inLanguage\":\"es\"},{\"@type\":\"Organization\",\"@id\":\"https:\\\/\\\/borderlessmag.org\\\/#organization\",\"name\":\"Borderless Magazine NFP\",\"alternateName\":\"Borderless Mag\",\"url\":\"https:\\\/\\\/borderlessmag.org\\\/\",\"logo\":{\"@type\":\"ImageObject\",\"inLanguage\":\"es\",\"@id\":\"https:\\\/\\\/borderlessmag.org\\\/#\\\/schema\\\/logo\\\/image\\\/\",\"url\":\"https:\\\/\\\/borderlessmag.org\\\/wordpress\\\/wp-content\\\/uploads\\\/2025\\\/08\\\/BorderlessLogo_main_square.jpg\",\"contentUrl\":\"https:\\\/\\\/borderlessmag.org\\\/wordpress\\\/wp-content\\\/uploads\\\/2025\\\/08\\\/BorderlessLogo_main_square.jpg\",\"width\":696,\"height\":696,\"caption\":\"Borderless Magazine NFP\"},\"image\":{\"@id\":\"https:\\\/\\\/borderlessmag.org\\\/#\\\/schema\\\/logo\\\/image\\\/\"},\"sameAs\":[\"https:\\\/\\\/www.facebook.com\\\/BorderlessMagazine\",\"https:\\\/\\\/www.instagram.com\\\/borderless_mag\\\/\",\"https:\\\/\\\/www.tiktok.com\\\/@borderless_mag\"]},{\"@type\":\"Person\",\"@id\":\"https:\\\/\\\/borderlessmag.org\\\/#\\\/schema\\\/person\\\/20ac2779216294471760bd1f973a2e26\",\"name\":\"Chelsea Verstegen\",\"image\":{\"@type\":\"ImageObject\",\"inLanguage\":\"es\",\"@id\":\"https:\\\/\\\/secure.gravatar.com\\\/avatar\\\/0e257c3f988d4002ac9ef8c7ea77408486c056287741d0d8eac43596fb176a6f?s=96&d=mm&r=g6bc2f92c101eb4417ab1dd5d6e08d348\",\"url\":\"https:\\\/\\\/secure.gravatar.com\\\/avatar\\\/0e257c3f988d4002ac9ef8c7ea77408486c056287741d0d8eac43596fb176a6f?s=96&d=mm&r=g\",\"contentUrl\":\"https:\\\/\\\/secure.gravatar.com\\\/avatar\\\/0e257c3f988d4002ac9ef8c7ea77408486c056287741d0d8eac43596fb176a6f?s=96&d=mm&r=g\",\"caption\":\"Chelsea Verstegen\"},\"url\":\"https:\\\/\\\/borderlessmag.org\\\/es\\\/author\\\/chelsea-verstegen\\\/\"}]}<\/script>\n<!-- \/ Yoast SEO Premium plugin. -->","yoast_head_json":{"title":"Demanda: La c\u00e1rcel de Indiana desatiende a los inmigrantes detenidos y utiliza indebidamente los fondos del ICE - Borderless Magazine NFP","description":"Una nueva demanda alega que los detenidos est\u00e1n siendo mantenidos en condiciones inhumanas, mientras que el Condado de Clay hace mal uso del dinero que reciben de ICE.","robots":{"index":"index","follow":"follow","max-snippet":"max-snippet:-1","max-image-preview":"max-image-preview:large","max-video-preview":"max-video-preview:-1"},"canonical":"https:\/\/borderlessmag.org\/es\/2022\/06\/08\/demanda-indiana-condado-de-clay-hielo-inmigracion-detenido-vaca-lechera\/","og_locale":"es_MX","og_type":"article","og_title":"Lawsuit: Indiana Jail Neglects Immigrants While Using ICE Funds as \u2018Cash Cow\u2019 &#8211; Investigation &#8211; Borderless Magazine NFP","og_description":"Lawsuit: Indiana Jail Neglects Immigrants While Using ICE Funds as \u2018Cash Cow\u2019 &#8211; Investigation &#8211; Borderless Magazine NFP","og_url":"https:\/\/borderlessmag.org\/es\/2022\/06\/08\/demanda-indiana-condado-de-clay-hielo-inmigracion-detenido-vaca-lechera\/","og_site_name":"Borderless Magazine NFP","article_publisher":"https:\/\/www.facebook.com\/BorderlessMagazine","article_published_time":"2022-06-08T19:08:23+00:00","article_modified_time":"2025-10-09T17:11:44+00:00","og_image":[{"url":"https:\/\/borderlessmag.org\/wordpress\/wp-content\/uploads\/2022\/06\/220608_NIJCLawsuit-2-featured.jpg","width":1,"height":1,"type":"image\/jpeg"}],"author":"Chelsea Verstegen, Adriana Rezal","twitter_card":"summary_large_image","twitter_misc":{"Escrito por":"Chelsea Verstegen","Tiempo de lectura":"7 minutos","Written by":"Chelsea Verstegen, Adriana Rezal"},"schema":{"@context":"https:\/\/schema.org","@graph":[{"@type":"NewsArticle","@id":"https:\/\/borderlessmag.org\/2022\/06\/08\/lawsuit-indiana-clay-county-ice-immigration-detainee-cash-cow\/#article","isPartOf":{"@id":"https:\/\/borderlessmag.org\/2022\/06\/08\/lawsuit-indiana-clay-county-ice-immigration-detainee-cash-cow\/"},"author":{"name":"Chelsea Verstegen","@id":"https:\/\/borderlessmag.org\/#\/schema\/person\/20ac2779216294471760bd1f973a2e26"},"headline":"Lawsuit: Indiana Jail Neglects Immigrants While Using ICE Funds as \u2018Cash Cow\u2019","datePublished":"2022-06-08T19:08:23+00:00","dateModified":"2025-10-09T17:11:44+00:00","mainEntityOfPage":{"@id":"https:\/\/borderlessmag.org\/2022\/06\/08\/lawsuit-indiana-clay-county-ice-immigration-detainee-cash-cow\/"},"wordCount":3684,"publisher":{"@id":"https:\/\/borderlessmag.org\/#organization"},"image":{"@id":"https:\/\/borderlessmag.org\/2022\/06\/08\/lawsuit-indiana-clay-county-ice-immigration-detainee-cash-cow\/#primaryimage"},"thumbnailUrl":"https:\/\/borderlessmag.org\/wordpress\/wp-content\/uploads\/2022\/06\/220608_NIJCLawsuit-2-featured.jpg","keywords":["claycountyjail"],"articleSection":["Enforcement and Courts","Investigation"],"inLanguage":"es","copyrightYear":"2021","copyrightHolder":{"@id":"https:\/\/borderlessmag.org\/es\/#organization"}},{"@type":"WebPage","@id":"https:\/\/borderlessmag.org\/2022\/06\/08\/lawsuit-indiana-clay-county-ice-immigration-detainee-cash-cow\/","url":"https:\/\/borderlessmag.org\/2022\/06\/08\/lawsuit-indiana-clay-county-ice-immigration-detainee-cash-cow\/","name":"Demanda: La c\u00e1rcel de Indiana desatiende a los inmigrantes detenidos y utiliza indebidamente los fondos del ICE - Borderless Magazine NFP","isPartOf":{"@id":"https:\/\/borderlessmag.org\/#website"},"primaryImageOfPage":{"@id":"https:\/\/borderlessmag.org\/2022\/06\/08\/lawsuit-indiana-clay-county-ice-immigration-detainee-cash-cow\/#primaryimage"},"image":{"@id":"https:\/\/borderlessmag.org\/2022\/06\/08\/lawsuit-indiana-clay-county-ice-immigration-detainee-cash-cow\/#primaryimage"},"thumbnailUrl":"https:\/\/borderlessmag.org\/wordpress\/wp-content\/uploads\/2022\/06\/220608_NIJCLawsuit-2-featured.jpg","datePublished":"2022-06-08T19:08:23+00:00","dateModified":"2025-10-09T17:11:44+00:00","description":"Una nueva demanda alega que los detenidos est\u00e1n siendo mantenidos en condiciones inhumanas, mientras que el Condado de Clay hace mal uso del dinero que reciben de ICE.","inLanguage":"es","potentialAction":[{"@type":"ReadAction","target":["https:\/\/borderlessmag.org\/2022\/06\/08\/lawsuit-indiana-clay-county-ice-immigration-detainee-cash-cow\/"]}]},{"@type":"ImageObject","inLanguage":"es","@id":"https:\/\/borderlessmag.org\/2022\/06\/08\/lawsuit-indiana-clay-county-ice-immigration-detainee-cash-cow\/#primaryimage","url":"https:\/\/borderlessmag.org\/wordpress\/wp-content\/uploads\/2022\/06\/220608_NIJCLawsuit-2-featured.jpg","contentUrl":"https:\/\/borderlessmag.org\/wordpress\/wp-content\/uploads\/2022\/06\/220608_NIJCLawsuit-2-featured.jpg","caption":"Members of the Communities Not Cages Indiana Coalition in front of the Clay County Courthouse breaking a symbolic chain after testifying against the expansion of the Clay County Justice Center at a meeting of the Clay County Commissioners in Brazil, Ind., Oct. 4, 2021."},{"@type":"WebSite","@id":"https:\/\/borderlessmag.org\/#website","url":"https:\/\/borderlessmag.org\/","name":"Revista Borderless NFP","description":"Historias sobre inmigraci\u00f3n e inmigrantes","publisher":{"@id":"https:\/\/borderlessmag.org\/#organization"},"alternateName":"Borderless","potentialAction":[{"@type":"SearchAction","target":{"@type":"EntryPoint","urlTemplate":"https:\/\/borderlessmag.org\/?s={search_term_string}"},"query-input":{"@type":"PropertyValueSpecification","valueRequired":true,"valueName":"search_term_string"}}],"inLanguage":"es"},{"@type":"Organization","@id":"https:\/\/borderlessmag.org\/#organization","name":"Revista Borderless NFP","alternateName":"Borderless Mag","url":"https:\/\/borderlessmag.org\/","logo":{"@type":"ImageObject","inLanguage":"es","@id":"https:\/\/borderlessmag.org\/#\/schema\/logo\/image\/","url":"https:\/\/borderlessmag.org\/wordpress\/wp-content\/uploads\/2025\/08\/BorderlessLogo_main_square.jpg","contentUrl":"https:\/\/borderlessmag.org\/wordpress\/wp-content\/uploads\/2025\/08\/BorderlessLogo_main_square.jpg","width":696,"height":696,"caption":"Borderless Magazine NFP"},"image":{"@id":"https:\/\/borderlessmag.org\/#\/schema\/logo\/image\/"},"sameAs":["https:\/\/www.facebook.com\/BorderlessMagazine","https:\/\/www.instagram.com\/borderless_mag\/","https:\/\/www.tiktok.com\/@borderless_mag"]},{"@type":"Person","@id":"https:\/\/borderlessmag.org\/#\/schema\/person\/20ac2779216294471760bd1f973a2e26","name":"Chelsea Verstegen","image":{"@type":"ImageObject","inLanguage":"es","@id":"https:\/\/secure.gravatar.com\/avatar\/0e257c3f988d4002ac9ef8c7ea77408486c056287741d0d8eac43596fb176a6f?s=96&d=mm&r=g6bc2f92c101eb4417ab1dd5d6e08d348","url":"https:\/\/secure.gravatar.com\/avatar\/0e257c3f988d4002ac9ef8c7ea77408486c056287741d0d8eac43596fb176a6f?s=96&d=mm&r=g","contentUrl":"https:\/\/secure.gravatar.com\/avatar\/0e257c3f988d4002ac9ef8c7ea77408486c056287741d0d8eac43596fb176a6f?s=96&d=mm&r=g","caption":"Chelsea Verstegen"},"url":"https:\/\/borderlessmag.org\/es\/author\/chelsea-verstegen\/"}]}},"cc_featured_image_caption":{"caption_text":"Members of the Communities Not Cages Indiana Coalition in front of the Clay County Courthouse breaking a symbolic chain after testifying against the expansion of the Clay County Justice Center at a meeting of the Clay County Commissioners in Brazil, Ind., Oct. 4, 2021. ","source_text":"","source_url":""},"_links":{"self":[{"href":"https:\/\/borderlessmag.org\/es\/wp-json\/wp\/v2\/posts\/11218","targetHints":{"allow":["GET"]}}],"collection":[{"href":"https:\/\/borderlessmag.org\/es\/wp-json\/wp\/v2\/posts"}],"about":[{"href":"https:\/\/borderlessmag.org\/es\/wp-json\/wp\/v2\/types\/post"}],"author":[{"embeddable":true,"href":"https:\/\/borderlessmag.org\/es\/wp-json\/wp\/v2\/users\/28"}],"replies":[{"embeddable":true,"href":"https:\/\/borderlessmag.org\/es\/wp-json\/wp\/v2\/comments?post=11218"}],"version-history":[{"count":1,"href":"https:\/\/borderlessmag.org\/es\/wp-json\/wp\/v2\/posts\/11218\/revisions"}],"predecessor-version":[{"id":29890,"href":"https:\/\/borderlessmag.org\/es\/wp-json\/wp\/v2\/posts\/11218\/revisions\/29890"}],"wp:featuredmedia":[{"embeddable":true,"href":"https:\/\/borderlessmag.org\/es\/wp-json\/wp\/v2\/media\/11216"}],"wp:attachment":[{"href":"https:\/\/borderlessmag.org\/es\/wp-json\/wp\/v2\/media?parent=11218"}],"wp:term":[{"taxonomy":"category","embeddable":true,"href":"https:\/\/borderlessmag.org\/es\/wp-json\/wp\/v2\/categories?post=11218"},{"taxonomy":"post_tag","embeddable":true,"href":"https:\/\/borderlessmag.org\/es\/wp-json\/wp\/v2\/tags?post=11218"},{"taxonomy":"author","embeddable":true,"href":"https:\/\/borderlessmag.org\/es\/wp-json\/wp\/v2\/coauthors?post=11218"}],"curies":[{"name":"wp","href":"https:\/\/api.w.org\/{rel}","templated":true}]}}