{"id":11188,"date":"2022-06-02T14:56:56","date_gmt":"2022-06-02T19:56:56","guid":{"rendered":"https:\/\/borderlessmag.org\/?p=11188"},"modified":"2025-10-08T09:08:36","modified_gmt":"2025-10-08T14:08:36","slug":"mahdi-rasikh-refugiado-afgano-parlamento-exilio","status":"publish","type":"post","link":"https:\/\/borderlessmag.org\/es\/2022\/06\/02\/mahdi-rasikh-afghan-refugee-parliament-exile\/","title":{"rendered":"Un legislador afgano lucha por la justicia mientras est\u00e1 exiliado en EE.UU."},"content":{"rendered":"<div id=\"fws_69efef5a0e9b0\"  data-column-margin=\"default\" data-midnight=\"dark\"  class=\"wpb_row vc_row-fluid vc_row\"  style=\"padding-top: 0px; padding-bottom: 0px; \"><div class=\"row-bg-wrap\" data-bg-animation=\"none\" data-bg-animation-delay=\"\" data-bg-overlay=\"false\"><div class=\"inner-wrap row-bg-layer\" ><div class=\"row-bg viewport-desktop\"  style=\"\"><\/div><\/div><\/div><div class=\"row_col_wrap_12 col span_12 dark left\">\n\t<div  class=\"vc_col-sm-2 vc_hidden-sm vc_hidden-xs wpb_column column_container vc_column_container col no-extra-padding inherit_tablet inherit_phone\"  data-padding-pos=\"all\" data-has-bg-color=\"false\" data-bg-color=\"\" data-bg-opacity=\"1\" data-animation=\"\" data-delay=\"0\" >\n\t\t<div class=\"vc_column-inner\" >\n\t\t\t<div class=\"wpb_wrapper\">\n\t\t\t\t\n\t\t\t<\/div> \n\t\t<\/div>\n\t<\/div> \n\n\t<div  class=\"vc_col-sm-8 wpb_column column_container vc_column_container col padding-3-percent inherit_tablet inherit_phone\"  data-padding-pos=\"all\" data-has-bg-color=\"false\" data-bg-color=\"\" data-bg-opacity=\"1\" data-animation=\"\" data-delay=\"0\" >\n\t\t<div class=\"vc_column-inner\" >\n\t\t\t<div class=\"wpb_wrapper\">\n\t\t\t\t\n<div class=\"wpb_text_column wpb_content_element\" >\n\t<h4 id=\"more-than-76000-afghan-refugees-have-fled-their-homes-and-come-to-the-united-states-since-the-taliban-takeover-of-the-afghan-government-in-august-of-last-year-scattered-across-the-united-states-the\"><em><b>M\u00e1s de 76.000 refugiados afganos han huido de sus hogares y han llegado a Estados Unidos desde que los talibanes tomaron el poder del gobierno afgano en agosto del a\u00f1o pasado. Repartidos por todo el pa\u00eds, entre ellos hay defensores de los derechos humanos, funcionarios, traductores, estudiantes y muchos m\u00e1s. La periodista Saleha Soadat es una de los miles de afganos que fueron evacuados del aeropuerto de Kabul hace diez meses. <a href=\"https:\/\/borderlessmag.org\/es\/categoria\/refugiados-afganos-pajaros-de-alas-rotas-afganos-en-el-exilio\/\">En esta serie especial sin fronteras, P\u00e1jaros de alas rotas: Afganos en el exilio,<\/a><\/b><b>\u00a0Soadat documenta sus luchas y esperanzas para el futuro.<\/b><\/em><\/h4>\n<p>&nbsp;<\/p>\n<p><span style=\"font-weight: 400;\">\"Todos los seres humanos deben ser respetados, independientemente de su etnia, religi\u00f3n, lengua y color\".<\/span><\/p>\n<p><span style=\"font-weight: 400;\">Con este lema de campa\u00f1a, Mahdi Rasikh obtuvo un esca\u00f1o en el Parlamento de Afganist\u00e1n durante las elecciones de 2018. Como representante de su ciudad natal, Behsud, en la provincia de Wardak, en el centro de Afganist\u00e1n, Rasikh defendi\u00f3 la educaci\u00f3n y luch\u00f3 por la justicia, en particular para el pueblo hazara, que durante mucho tiempo se ha enfrentado a la persecuci\u00f3n de los pastunes por su identidad \u00e9tnica.<\/span><\/p>\n<\/div>\n\n\n\n<div class=\"templatera_shortcode\">\n\t\t<div id=\"fws_69efef5a0ff8c\"  data-column-margin=\"default\" data-midnight=\"dark\"  class=\"wpb_row vc_row-fluid vc_row vc_row-o-equal-height vc_row-flex vc_row-o-content-middle small\"  style=\"padding-top: 0px; padding-bottom: 0px; \"><div class=\"row-bg-wrap\" data-bg-animation=\"none\" data-bg-animation-delay=\"\" data-bg-overlay=\"false\"><div class=\"inner-wrap row-bg-layer\" ><div class=\"row-bg viewport-desktop\"  style=\"\"><\/div><\/div><\/div><div class=\"row_col_wrap_12 col span_12 dark left\">\n\t<div  class=\"vc_col-sm-12 wpb_column column_container vc_column_container col no-extra-padding inherit_tablet inherit_phone border_color_909090 border_style_solid\"  data-padding-pos=\"all\" data-has-bg-color=\"false\" data-bg-color=\"\" data-bg-opacity=\"1\" data-animation=\"\" data-delay=\"0\" >\n\t\t<div class=\"vc_column-inner\" >\n\t\t\t<div class=\"wpb_wrapper\">\n\t\t\t\t\n\t\t<div id=\"fws_69efef5a10b24\"  data-column-margin=\"default\" data-midnight=\"dark\"  class=\"wpb_row vc_row-fluid vc_row vc_row-o-equal-height vc_row-flex vc_row-o-content-middle large top_margin_20px bottom_margin_20px\"  style=\"padding-top: 0px; padding-bottom: 0px; \"><div class=\"row-bg-wrap\" data-bg-animation=\"none\" data-bg-animation-delay=\"\" data-bg-overlay=\"true\"><div class=\"inner-wrap row-bg-layer\" ><div class=\"row-bg viewport-desktop\"  style=\"\"><\/div><\/div><div class=\"row-bg-overlay row-bg-layer\" style=\"background: #FFFFFF; background: linear-gradient(90deg,#FFFFFF 0%,#FFFFFF 100%);  opacity: 1; \"><\/div><\/div><div class=\"row_col_wrap_12 col span_12 dark left\">\n\t<div  class=\"vc_col-sm-12 wpb_column column_container vc_column_container col padding-3-percent force-phone-text-align-center inherit_tablet inherit_phone border_top_desktop_1px border_bottom_desktop_1px border_color_FFFFFF border_style_solid\"  data-padding-pos=\"all\" data-has-bg-color=\"false\" data-bg-color=\"\" data-bg-opacity=\"1\" data-animation=\"\" data-delay=\"0\" >\n\t\t<div class=\"vc_column-inner\" >\n\t\t\t<div class=\"wpb_wrapper\">\n\t\t\t\t<div id=\"fws_69efef5a111e6\" data-midnight=\"\" data-column-margin=\"default\" class=\"wpb_row vc_row-fluid vc_row inner_row vc_row-o-equal-height vc_row-flex vc_row-o-content-middle\"  style=\"\"><div class=\"row-bg-wrap\"> <div class=\"row-bg\" ><\/div> <\/div><div class=\"row_col_wrap_12_inner col span_12  left\">\n\t<div  class=\"vc_col-sm-7 wpb_column column_container vc_column_container col child_column no-extra-padding inherit_tablet inherit_phone\"   data-padding-pos=\"all\" data-has-bg-color=\"false\" data-bg-color=\"\" data-bg-opacity=\"1\" data-animation=\"\" data-delay=\"0\" >\n\t\t<div class=\"vc_column-inner\" >\n\t\t<div class=\"wpb_wrapper\">\n\t\t\t\n<div class=\"wpb_text_column wpb_content_element\" >\n\t<h4 id=\"news-that-puts-power-under-the-spotlight-and-communities-at-the-center\"><strong>Noticias que ponen el poder en el punto de mira y a las comunidades en el centro.<\/strong><\/h4>\n<p>Suscr\u00edbase a nuestro bolet\u00edn gratuito y reciba actualizaciones dos veces por semana.<\/p>\n<\/div>\n\n\n\n\n\t\t<\/div> \n\t<\/div>\n\t<\/div> \n\n\t<div style=\"margin-top: -20px; \" class=\"vc_col-sm-5 wpb_column column_container vc_column_container col child_column neg-marg no-extra-padding inherit_tablet inherit_phone\"   data-padding-pos=\"all\" data-has-bg-color=\"false\" data-bg-color=\"\" data-bg-opacity=\"1\" data-animation=\"\" data-delay=\"0\" >\n\t\t<div class=\"vc_column-inner\" >\n\t\t<div class=\"wpb_wrapper\">\n\t\t\t\n\t<div class=\"wpb_raw_code wpb_raw_html wpb_content_element\" >\n\t\t<div class=\"wpb_wrapper\">\n\t\t\t<div class=\"_form_1\"><\/div><script src=\"https:\/\/borderlessmag.bluelena.io\/f\/embed.php?id=1\" charset=\"utf-8\"><\/script>\n\t\t<\/div>\n\t<\/div>\n\n\t\t<\/div> \n\t<\/div>\n\t<\/div> \n<\/div><\/div>\n\t\t\t<\/div> \n\t\t<\/div>\n\t<\/div> \n<\/div><\/div>\n\n\t\t\t<\/div> \n\t\t<\/div>\n\t<\/div> \n<\/div><\/div><\/div>\n<div class=\"wpb_text_column wpb_content_element\" >\n\t<p><span style=\"font-weight: 400;\">Rasikh, que ahora tiene 37 a\u00f1os, naci\u00f3 en el distrito de Dai Mirdad, en Behsud, en el seno de una familia hazara de clase media-baja. Sus padres son analfabetos, pero vieron en la educaci\u00f3n la \u00fanica forma de que sus ocho hijos escaparan de la opresi\u00f3n. Mehdi estudi\u00f3 filosof\u00eda y sociolog\u00eda antes de entrar en pol\u00edtica con el objetivo de defender los derechos humanos en la sociedad afgana. \"Los fundamentos de cualquier sociedad humana son la justicia y la aceptaci\u00f3n mutua\", declar\u00f3 a Borderless Magazine. \"De lo contrario, la sociedad humana pierde sus valores y su sentido\".<\/span><\/p>\n<p><span style=\"font-weight: 400;\">Tras verse obligado a huir de Afganist\u00e1n en 2021 con el colapso del gobierno, Rasikh se estableci\u00f3 en Maryland. Ahora vive en el exilio y permanece separado de su familia.<\/span><\/p>\n<p><span style=\"font-weight: 400;\">En la primera de una serie de historias contadas por refugiados afganos reasentados en Estados Unidos, Borderless habl\u00f3 con Rasikh sobre su viaje de un peque\u00f1o pueblo a una ciudad y de educador a legislador.<\/span><\/p>\n<\/div>\n\n\n\n<div class=\"divider-wrap\" data-alignment=\"default\"><div style=\"margin-top: 12.5px; height: 2px; margin-bottom: 12.5px;\" data-width=\"100%\" data-animate=\"\" data-animation-delay=\"\" data-color=\"default\" class=\"divider-border\"><\/div><\/div>\n<div class=\"wpb_text_column wpb_content_element\" >\n\t<p><span style=\"font-weight: 400;\">En 1998, la vida era dif\u00edcil. Afganist\u00e1n estaba gobernado por los talibanes. Mi familia y yo tuvimos que huir a Pakist\u00e1n.<\/span> <span style=\"font-weight: 400;\">ese a\u00f1o, cuando ten\u00eda unos 13 a\u00f1os. Ir a la escuela se convirti\u00f3 en un sue\u00f1o para m\u00ed. Empec\u00e9 a leer y escribir en un campo de refugiados de Peshawar, pero no ten\u00eda tiempo suficiente para estudiar debido a los bajos ingresos de mi familia. Mi padre era el \u00fanico sost\u00e9n de la familia y ten\u00eda que alimentar a mis cuatro hermanas y tres hermanos. Pasaba la mayor parte del tiempo tejiendo alfombras para ayudar a mi familia a sobrevivir. Pasamos tres a\u00f1os luchando en el caluroso clima de Peshawar.<\/span><\/p>\n<p><span style=\"font-weight: 400;\">Despu\u00e9s del 11-S, cuando las fuerzas internacionales lideradas por Estados Unidos llegaron a Afganist\u00e1n, se abri\u00f3 una ventana de esperanza para m\u00ed y mi generaci\u00f3n. Mi familia y yo tuvimos la oportunidad de repatriarnos a Kabul. Mi madre me matricul\u00f3 en el instituto Marefat, en el oeste de Kabul, y m\u00e1s tarde aprob\u00e9 el examen de acceso a la universidad con altas calificaciones y me matricul\u00e9 en la Universidad de Kabul para estudiar filosof\u00eda y sociolog\u00eda. M\u00e1s tarde, obtuve un m\u00e1ster en filosof\u00eda en la Universidad de Kateb.<\/span><\/p>\n<p><span style=\"font-weight: 400;\">Tras terminar mi licenciatura, fund\u00e9 el instituto Koshan, una escuela privada para m\u00e1s de 1.500 chicos y chicas en el oeste de Kabul. Mi sue\u00f1o mientras estaba en el exilio se iba convirtiendo poco a poco en realidad. Adem\u00e1s de promover la educaci\u00f3n y la alfabetizaci\u00f3n, animaba a los alumnos a participar en actividades extraescolares como el club de debate y oratoria, el voluntariado, las artes esc\u00e9nicas y la revista escolar.<\/span><\/p>\n<\/div>\n\n\n\n\n\t\t\t<\/div> \n\t\t<\/div>\n\t<\/div> \n\n\t<div  class=\"vc_col-sm-2 vc_hidden-sm vc_hidden-xs wpb_column column_container vc_column_container col no-extra-padding inherit_tablet inherit_phone\"  data-padding-pos=\"all\" data-has-bg-color=\"false\" data-bg-color=\"\" data-bg-opacity=\"1\" data-animation=\"\" data-delay=\"0\" >\n\t\t<div class=\"vc_column-inner\" >\n\t\t\t<div class=\"wpb_wrapper\">\n\t\t\t\t\n\t\t\t<\/div> \n\t\t<\/div>\n\t<\/div> \n<\/div><\/div>\n\t\t<div id=\"fws_69efef5a1339c\"  data-column-margin=\"default\" data-midnight=\"dark\"  class=\"wpb_row vc_row-fluid vc_row article-image\"  style=\"padding-top: 0px; padding-bottom: 0px; \"><div class=\"row-bg-wrap\" data-bg-animation=\"none\" data-bg-animation-delay=\"\" data-bg-overlay=\"false\"><div class=\"inner-wrap row-bg-layer\" ><div class=\"row-bg viewport-desktop\"  style=\"\"><\/div><\/div><\/div><div class=\"row_col_wrap_12 col span_12 dark left\">\n\t<div  class=\"vc_col-sm-12 wpb_column column_container vc_column_container col no-extra-padding inherit_tablet inherit_phone\"  data-padding-pos=\"all\" data-has-bg-color=\"false\" data-bg-color=\"\" data-bg-opacity=\"1\" data-animation=\"\" data-delay=\"0\" >\n\t\t<div class=\"vc_column-inner\" >\n\t\t\t<div class=\"wpb_wrapper\">\n\t\t\t\t<div class=\"img-with-aniamtion-wrap center\" data-max-width=\"100%\" data-max-width-mobile=\"default\" data-shadow=\"none\" data-animation=\"fade-in\" >\r\n      <div class=\"inner\">\r\n        <div class=\"hover-wrap\"> \r\n          <div class=\"hover-wrap-inner\">\r\n            <img decoding=\"async\" class=\"img-with-animation skip-lazy\" data-delay=\"0\" height=\"100\" width=\"100\" data-animation=\"fade-in\" src=\"https:\/\/borderlessmag.org\/wordpress\/wp-content\/uploads\/2022\/06\/220422_MahdiRasikh-5.jpg\" alt=\"\"  \/>\r\n         <\/div>\r\n      <\/div><span class=\"vc_figure-caption ccfic-text media-caption\">Instituto Koshan en Dashte Barchi, al oeste de Kabul. La escuela fue creada por Mahdi Rasikh en enero de 2010. <\/span><span class=\"media-credit\">Foto cortes\u00eda de Mahdi Rasikh<\/span><\/div><\/div>\n\t\t\t<\/div> \n\t\t<\/div>\n\t<\/div> \n<\/div><\/div>\n\t\t<div id=\"fws_69efef5a143e1\"  data-column-margin=\"default\" data-midnight=\"dark\"  class=\"wpb_row vc_row-fluid vc_row\"  style=\"padding-top: 0px; padding-bottom: 0px; \"><div class=\"row-bg-wrap\" data-bg-animation=\"none\" data-bg-animation-delay=\"\" data-bg-overlay=\"false\"><div class=\"inner-wrap row-bg-layer\" ><div class=\"row-bg viewport-desktop\"  style=\"\"><\/div><\/div><\/div><div class=\"row_col_wrap_12 col span_12 dark left\">\n\t<div  class=\"vc_col-sm-2 vc_hidden-sm vc_hidden-xs wpb_column column_container vc_column_container col no-extra-padding inherit_tablet inherit_phone\"  data-padding-pos=\"all\" data-has-bg-color=\"false\" data-bg-color=\"\" data-bg-opacity=\"1\" data-animation=\"\" data-delay=\"0\" >\n\t\t<div class=\"vc_column-inner\" >\n\t\t\t<div class=\"wpb_wrapper\">\n\t\t\t\t\n\t\t\t<\/div> \n\t\t<\/div>\n\t<\/div> \n\n\t<div  class=\"vc_col-sm-8 wpb_column column_container vc_column_container col padding-3-percent inherit_tablet inherit_phone\"  data-padding-pos=\"all\" data-has-bg-color=\"false\" data-bg-color=\"\" data-bg-opacity=\"1\" data-animation=\"\" data-delay=\"0\" >\n\t\t<div class=\"vc_column-inner\" >\n\t\t\t<div class=\"wpb_wrapper\">\n\t\t\t\t\n<div class=\"wpb_text_column wpb_content_element\" >\n\t<p><span style=\"font-weight: 400;\">Pero en 2016, los talibanes, en coordinaci\u00f3n con los n\u00f3madas pastunes, com\u00fanmente conocidos como los kuchis, atacaron mi lugar de nacimiento en Behsud. Saquearon los campos y las propiedades de los hazara locales, incluidas mis propiedades familiares y la casa de mi padre, e incendiaron la mayor\u00eda de las casas del pueblo. Tuve que dejar de ense\u00f1ar en la escuela y fui a Behsud para defender a mi familia y a los afectados.<\/span><\/p>\n<p><span style=\"font-weight: 400;\">Los problemas entre los n\u00f3madas kuchi y los hazara en las regiones centrales de Afganist\u00e1n existen desde hace muchas d\u00e9cadas. Los n\u00f3madas siempre han tenido apoyo pol\u00edtico debido a su afiliaci\u00f3n \u00e9tnica con el gobierno afgano, y han aprovechado esta ventaja para oprimir a otros grupos \u00e9tnicos de Afganist\u00e1n, especialmente a los hazara.<\/span><\/p>\n<p><span style=\"font-weight: 400;\">Las ra\u00edces del conflicto se encuentran en la <\/span><a href=\"https:\/\/www.hazara.net\/downloads\/downloads.html\" target=\"_blank\" rel=\"noopener\"><span style=\"font-weight: 400;\">genocidio de los hazaras durante la d\u00e9cada de 1890<\/span><\/a><span style=\"font-weight: 400;\">cuando se estima que el 60% de la poblaci\u00f3n fue exterminada, <\/span><a href=\"https:\/\/www.hazara.net\/downloads\/downloads.html\" target=\"_blank\" rel=\"noopener\"><span style=\"font-weight: 400;\">decenas de miles fueron vendidos como esclavos<\/span><span style=\"font-weight: 400;\">,<\/span><\/a><span style=\"font-weight: 400;\"> y sus tierras fueron repartidas entre los pastunes como recompensa por participar en el genocidio. En los \u00faltimos 100 a\u00f1os, los gobiernos dominados por los pastunes han seguido persiguiendo y discriminando a los hazaras. <\/span><a href=\"https:\/\/www.bolaq.org\/2021\/02\/the-civilian-massacre-in-behsud\/\" target=\"_blank\" rel=\"noopener\"><span style=\"font-weight: 400;\">La masacre se intensific\u00f3<\/span><\/a><span style=\"font-weight: 400;\"> bajo el anterior gobierno presidido por Ashraf Ghani Ahmadzai, que tiene v\u00ednculos \u00e9tnicos con los n\u00f3madas. Cada primavera, la tierra natal de los hazara -hist\u00f3ricamente conocida como Hazarajat- es atacada por los n\u00f3madas pastunes.<\/span><\/p>\n<\/div>\n\n\n\n\n\t\t\t<\/div> \n\t\t<\/div>\n\t<\/div> \n\n\t<div  class=\"vc_col-sm-2 vc_hidden-sm vc_hidden-xs wpb_column column_container vc_column_container col no-extra-padding inherit_tablet inherit_phone\"  data-padding-pos=\"all\" data-has-bg-color=\"false\" data-bg-color=\"\" data-bg-opacity=\"1\" data-animation=\"\" data-delay=\"0\" >\n\t\t<div class=\"vc_column-inner\" >\n\t\t\t<div class=\"wpb_wrapper\">\n\t\t\t\t\n\t\t\t<\/div> \n\t\t<\/div>\n\t<\/div> \n<\/div><\/div>\n\t\t<div id=\"fws_69efef5a1554f\"  data-column-margin=\"default\" data-midnight=\"dark\"  class=\"wpb_row vc_row-fluid vc_row article-image\"  style=\"padding-top: 0px; padding-bottom: 0px; \"><div class=\"row-bg-wrap\" data-bg-animation=\"none\" data-bg-animation-delay=\"\" data-bg-overlay=\"false\"><div class=\"inner-wrap row-bg-layer\" ><div class=\"row-bg viewport-desktop\"  style=\"\"><\/div><\/div><\/div><div class=\"row_col_wrap_12 col span_12 dark left\">\n\t<div  class=\"vc_col-sm-12 wpb_column column_container vc_column_container col no-extra-padding inherit_tablet inherit_phone\"  data-padding-pos=\"all\" data-has-bg-color=\"false\" data-bg-color=\"\" data-bg-opacity=\"1\" data-animation=\"\" data-delay=\"0\" >\n\t\t<div class=\"vc_column-inner\" >\n\t\t\t<div class=\"wpb_wrapper\">\n\t\t\t\t<div class=\"img-with-aniamtion-wrap center\" data-max-width=\"100%\" data-max-width-mobile=\"default\" data-shadow=\"none\" data-animation=\"fade-in\" >\r\n      <div class=\"inner\">\r\n        <div class=\"hover-wrap\"> \r\n          <div class=\"hover-wrap-inner\">\r\n            <img decoding=\"async\" class=\"img-with-animation skip-lazy\" data-delay=\"0\" height=\"100\" width=\"100\" data-animation=\"fade-in\" src=\"https:\/\/borderlessmag.org\/wordpress\/wp-content\/uploads\/2022\/06\/220422_MahdiRasikh-3.jpg\" alt=\"\"  \/>\r\n         <\/div>\r\n      <\/div><span class=\"vc_figure-caption ccfic-text media-caption\">Mahdi Rasikh pronuncia un discurso durante una ceremonia en memoria del l\u00edder hazara Abdul Ali Mazari en el distrito de Bihsud, Afganist\u00e1n, marzo de 2016. <\/span><span class=\"media-credit\">Foto cortes\u00eda de Mahdi Rasikh<\/span><\/div><\/div>\n\t\t\t<\/div> \n\t\t<\/div>\n\t<\/div> \n<\/div><\/div>\n\t\t<div id=\"fws_69efef5a160a2\"  data-column-margin=\"default\" data-midnight=\"dark\"  class=\"wpb_row vc_row-fluid vc_row\"  style=\"padding-top: 0px; padding-bottom: 0px; \"><div class=\"row-bg-wrap\" data-bg-animation=\"none\" data-bg-animation-delay=\"\" data-bg-overlay=\"false\"><div class=\"inner-wrap row-bg-layer\" ><div class=\"row-bg viewport-desktop\"  style=\"\"><\/div><\/div><\/div><div class=\"row_col_wrap_12 col span_12 dark left\">\n\t<div  class=\"vc_col-sm-2 vc_hidden-sm vc_hidden-xs wpb_column column_container vc_column_container col no-extra-padding inherit_tablet inherit_phone\"  data-padding-pos=\"all\" data-has-bg-color=\"false\" data-bg-color=\"\" data-bg-opacity=\"1\" data-animation=\"\" data-delay=\"0\" >\n\t\t<div class=\"vc_column-inner\" >\n\t\t\t<div class=\"wpb_wrapper\">\n\t\t\t\t\n\t\t\t<\/div> \n\t\t<\/div>\n\t<\/div> \n\n\t<div  class=\"vc_col-sm-8 wpb_column column_container vc_column_container col padding-3-percent inherit_tablet inherit_phone\"  data-padding-pos=\"all\" data-has-bg-color=\"false\" data-bg-color=\"\" data-bg-opacity=\"1\" data-animation=\"\" data-delay=\"0\" >\n\t\t<div class=\"vc_column-inner\" >\n\t\t\t<div class=\"wpb_wrapper\">\n\t\t\t\t\n<div class=\"wpb_text_column wpb_content_element\" >\n\t<p><span style=\"font-weight: 400;\">Mi familia fue desplazada a las monta\u00f1as. Durante casi dos a\u00f1os, permanec\u00ed junto a mi familia y la poblaci\u00f3n local para resistir y defenderlos de la agresi\u00f3n de los talibanes y los n\u00f3madas. Por desgracia, debido al apoyo pol\u00edtico del presidente Ghani, la invasi\u00f3n y la agresi\u00f3n en las regiones hazara aumentaron.\u00a0\u00a0<\/span><\/p>\n<p><span style=\"font-weight: 400;\">En 2017, con el deseo de encontrar una soluci\u00f3n permanente para la paz, organic\u00e9 una reuni\u00f3n con representantes de las aldeas locales, funcionarios del Gobierno y ancianos tribales. Era el momento exacto en que nos acerc\u00e1bamos a las elecciones parlamentarias en Afganist\u00e1n, y me invitaron a la asamblea popular de Behsud. Al final de esa asamblea, la poblaci\u00f3n local me propuso presentarme como su representante. Cre\u00edan que deb\u00edamos tener nuestros propios y verdaderos representantes en las instituciones encargadas de formular pol\u00edticas, como el Parlamento, para cambiar las pol\u00edticas de Afganist\u00e1n y poner fin a la opresi\u00f3n de los hazaras.<\/span><\/p>\n<\/div>\n\n\n\n\n\t\t\t<\/div> \n\t\t<\/div>\n\t<\/div> \n\n\t<div  class=\"vc_col-sm-2 vc_hidden-sm vc_hidden-xs wpb_column column_container vc_column_container col no-extra-padding inherit_tablet inherit_phone\"  data-padding-pos=\"all\" data-has-bg-color=\"false\" data-bg-color=\"\" data-bg-opacity=\"1\" data-animation=\"\" data-delay=\"0\" >\n\t\t<div class=\"vc_column-inner\" >\n\t\t\t<div class=\"wpb_wrapper\">\n\t\t\t\t\n\t\t\t<\/div> \n\t\t<\/div>\n\t<\/div> \n<\/div><\/div>\n\t\t<div id=\"fws_69efef5a16f23\"  data-column-margin=\"default\" data-midnight=\"dark\"  class=\"wpb_row vc_row-fluid vc_row\"  style=\"padding-top: 0px; padding-bottom: 0px; \"><div class=\"row-bg-wrap\" data-bg-animation=\"none\" data-bg-animation-delay=\"\" data-bg-overlay=\"false\"><div class=\"inner-wrap row-bg-layer\" ><div class=\"row-bg viewport-desktop\"  style=\"\"><\/div><\/div><\/div><div class=\"row_col_wrap_12 col span_12 dark left\">\n\t<div  class=\"vc_col-sm-2 vc_hidden-sm vc_hidden-xs wpb_column column_container vc_column_container col no-extra-padding inherit_tablet inherit_phone\"  data-padding-pos=\"all\" data-has-bg-color=\"false\" data-bg-color=\"\" data-bg-opacity=\"1\" data-animation=\"\" data-delay=\"0\" >\n\t\t<div class=\"vc_column-inner\" >\n\t\t\t<div class=\"wpb_wrapper\">\n\t\t\t\t\n\t\t\t<\/div> \n\t\t<\/div>\n\t<\/div> \n\n\t<div  class=\"vc_col-sm-8 wpb_column column_container vc_column_container col padding-3-percent inherit_tablet inherit_phone\"  data-padding-pos=\"all\" data-has-bg-color=\"false\" data-bg-color=\"\" data-bg-opacity=\"1\" data-animation=\"\" data-delay=\"0\" >\n\t\t<div class=\"vc_column-inner\" >\n\t\t\t<div class=\"wpb_wrapper\">\n\t\t\t\t<div id=\"fws_69efef5a1776f\" data-midnight=\"\" data-column-margin=\"default\" class=\"wpb_row vc_row-fluid vc_row inner_row\"  style=\"\"><div class=\"row-bg-wrap\"> <div class=\"row-bg\" ><\/div> <\/div><div class=\"row_col_wrap_12_inner col span_12  left\">\n\t<div  class=\"vc_col-sm-12 wpb_column column_container vc_column_container col child_column no-extra-padding inherit_tablet inherit_phone border_bottom_desktop_1px border_color_000000 border_style_solid\"   data-padding-pos=\"all\" data-has-bg-color=\"false\" data-bg-color=\"\" data-bg-opacity=\"1\" data-animation=\"\" data-delay=\"0\" >\n\t\t<div class=\"vc_column-inner\" >\n\t\t<div class=\"wpb_wrapper\">\n\t\t\t<div class=\"vc_separator wpb_content_element vc_separator_align_center vc_sep_width_100 vc_sep_pos_align_center vc_sep_color_black wpb_content_element vc_separator-has-text\" ><span class=\"vc_sep_holder vc_sep_holder_l\"><span class=\"vc_sep_line\"><\/span><\/span><h4 id=\"read-more-of-our-coverage\">M\u00e1s informaci\u00f3n<\/h4><span class=\"vc_sep_holder vc_sep_holder_r\"><span class=\"vc_sep_line\"><\/span><\/span>\n<\/div>\n<div class=\"wpb_text_column wpb_content_element\" >\n\t\t\t<div class=\"pk-inline-posts\">\n\t\t\t\n\t\t\t<div class=\"pk-inline-posts-container pk-inline-posts-template-list\"\n\t\t\t\tdata-columns=\"1\">\n\t\t\t\t\t\t<article id=\"post-10796\" class=\"post-10796 post type-post status-publish format-standard has-post-thumbnail category-as-told-to tag-afghanjournalist\">\n\t\t\t<div class=\"pk-post-outer\">\n\n\t\t\t\t\t\t\t\t<div class=\"pk-post-inner\">\n\t\t\t\t\t<div class=\"entry-thumbnail\">\n\t\t\t\t\t\t<div class=\"pk-overlay pk-overlay-ratio pk-ratio-landscape\">\n\t\t\t\t\t\t\t<div class=\"pk-overlay-background\">\n\t\t\t\t\t\t\t\t<a href=\"https:\/\/borderlessmag.org\/es\/2022\/03\/30\/afghanistan-journalist-evacuation-kabul-airport-women-taliban\/\" class=\"pk-overlay-link\">\n\t\t\t\t\t\t\t\t\t<img decoding=\"async\" width=\"1\" height=\"1\" src=\"https:\/\/borderlessmag.org\/wordpress\/wp-content\/uploads\/2022\/03\/220330_Saleha_Soadat-2_featured.jpg\" class=\"attachment-pk-thumbnail size-pk-thumbnail wp-post-image\" alt=\"\" \/>\t\t\t\t\t\t\t\t<\/a>\n\t\t\t\t\t\t\t<\/div>\n\t\t\t\t\t\t<\/div>\n\t\t\t\t\t<\/div>\n\t\t\t\t<\/div>\n\t\t\t\t\n\t\t\t\t<div class=\"pk-post-inner\">\n\t\t\t\t\t<header>\n\t\t\t\t\t\t<h3 class=\"pk-title\"><a href=\"https:\/\/borderlessmag.org\/es\/2022\/03\/30\/afghanistan-journalist-evacuation-kabul-airport-women-taliban\/\" rel=\"bookmark\">La huida de un periodista afgano de los talibanes<\/a><\/h3>\t\t\t\t\t\t\t<div class=\"pk-post-meta\">\n\t\t\t\t\t\t\t\t<span class=\"pk-meta-author meta-author\"><span class=\"author vcard\"><a class=\"url fn n\" href=\"https:\/\/borderlessmag.org\/es\/author\/saleha-soadat\/\" title=\"Ver todas las publicaciones de Saleha Soadat\">Saleha Soadat<\/a><\/span><\/span>\t\t\t\t\t\t\t\t<span class=\"sep\">-<\/span>\n\t\t\t\t\t\t\t\t<span class=\"pk-meta-date meta-date\"><a href=\"https:\/\/borderlessmag.org\/es\/2022\/03\/30\/afghanistan-journalist-evacuation-kabul-airport-women-taliban\/\" rel=\"bookmark\">30 de marzo de 2022<\/a><\/span>\t\t\t\t\t\t\t<\/div>\n\t\t\t\t\t\t\t\t\t\t\t\t<\/header><!-- .entry-header -->\n\t\t\t\t<\/div><!-- .post-inner -->\n\n\t\t\t<\/div><!-- .post-outer -->\n\t\t<\/article>\n\t\t\t\t<\/div>\n\t\t<\/div>\n\t\t\n<\/div>\n\n\n\n\n\t\t<\/div> \n\t<\/div>\n\t<\/div> \n<\/div><\/div>\n<div class=\"wpb_text_column wpb_content_element\" >\n\t<p><span style=\"font-weight: 400;\">En 2018, me present\u00e9 a las elecciones parlamentarias en la provincia de Maidan Wardak y tuve \u00e9xito. Como representante del pueblo en el Parlamento afgano durante casi dos a\u00f1os, trabaj\u00e9 por los derechos humanos b\u00e1sicos en la sociedad creando varios proyectos de ley y pol\u00edticas justas con mis compa\u00f1eros parlamentarios.<\/span><\/p>\n<p><span style=\"font-weight: 400;\">Pero con la ca\u00edda del r\u00e9gimen afgano en manos de los talibanes el pasado agosto, todos mis sue\u00f1os y muchos a\u00f1os de duro trabajo se vinieron abajo por completo. Aunque el centro de Afganist\u00e1n, conocido como Hazarajat, es seguro y pac\u00edfico, la autopista Kabul-Behsud es<\/span><a href=\"https:\/\/apnews.com\/article\/bf99afea22d34a21b65e5c7a6963c178\" target=\"_blank\" rel=\"noopener\"><span style=\"font-weight: 400;\"> conocida como \"Carretera de la Muerte\"<\/span><\/a><span style=\"font-weight: 400;\"> para los hazaras. Durante las dos \u00faltimas d\u00e9cadas, los talibanes han establecido un cerco en la regi\u00f3n central, en el distrito de Jalrez, a las afueras de Hazarajat. Han estado sacando a los pasajeros hazaras de sus veh\u00edculos y dispar\u00e1ndoles o decapit\u00e1ndoles en el acto. Cada primavera, los n\u00f3madas asaltan las tierras y pastos locales para arrasar y desestabilizar la regi\u00f3n. La poblaci\u00f3n local de<\/span><a href=\"https:\/\/reporterly.net\/live\/newsfeed\/tuesday-february-9-2021\/aihrc-releases-findings-on-behsud-protest\/\" target=\"_blank\" rel=\"noopener\"> <span style=\"font-weight: 400;\">El distrito de Behsud se reuni\u00f3 para protestar<\/span><\/a><span style=\"font-weight: 400;\"> contra la inestabilidad y la invasi\u00f3n de talibanes y n\u00f3madas. Pero las fuerzas de seguridad abrieron fuego directa e indiscriminadamente contra los civiles, matando a 11 personas e hiriendo a otras 31.<\/span><\/p>\n<\/div>\n\n\n\n\n\t\t\t<\/div> \n\t\t<\/div>\n\t<\/div> \n\n\t<div  class=\"vc_col-sm-2 vc_hidden-sm vc_hidden-xs wpb_column column_container vc_column_container col no-extra-padding inherit_tablet inherit_phone\"  data-padding-pos=\"all\" data-has-bg-color=\"false\" data-bg-color=\"\" data-bg-opacity=\"1\" data-animation=\"\" data-delay=\"0\" >\n\t\t<div class=\"vc_column-inner\" >\n\t\t\t<div class=\"wpb_wrapper\">\n\t\t\t\t\n\t<div class=\"wpb_widgetised_column wpb_content_element\">\n\t\t<div id=\"sidebar\" data-nectar-ss=\"true\" class=\"wpb_wrapper\">\n\t\t\t<div id=\"custom_html-4 1articleright\" class=\"widget_text widget widget_custom_html\"><h3 id=\"wordpress-popular-posts\" class=\"widget-title\">Entradas populares de WordPress<\/h3><div class=\"textwidget custom-html-widget\"><h4 id=\"trending-posts\" class=\"widget-title\">Tendencias<\/h4><div class=\"wpp-shortcode\"><script type=\"application\/json\" data-id=\"wpp-shortcode-inline-js\">{\"title\":\"Trending Posts\",\"limit\":\"3\",\"offset\":0,\"range\":\"custom\",\"time_quantity\":\"124\",\"time_unit\":\"day\",\"freshness\":\"1\",\"order_by\":\"views\",\"post_type\":\"post\",\"pid\":\"\",\"exclude\":\"\",\"cat\":\"\",\"taxonomy\":\"category\",\"term_id\":\"\",\"author\":\"\",\"shorten_title\":{\"active\":false,\"length\":0,\"words\":false},\"post-excerpt\":{\"active\":false,\"length\":0,\"keep_format\":false,\"words\":false},\"thumbnail\":{\"active\":true,\"build\":\"predefined\",\"width\":\"240\",\"height\":\"160\"},\"rating\":false,\"stats_tag\":{\"comment_count\":false,\"views\":false,\"author\":false,\"date\":{\"active\":false,\"format\":\"F j, Y\"},\"category\":false,\"taxonomy\":{\"active\":false,\"name\":\"category\"}},\"markup\":{\"custom_html\":true,\"wpp-start\":\"&lt;ul class=&quot;wpp-list wpp-cardview&quot;&gt;\",\"wpp-end\":\"&lt;\\\/ul&gt;\",\"title-start\":\"&lt;h4 class=&quot;widget-title&quot;&gt;\",\"title-end\":\"&lt;\\\/h4&gt;\",\"post-html\":\"&lt;li&gt;{thumb} {title} {stats}&lt;\\\/li&gt;\"},\"theme\":{\"name\":\"\"}}<\/script><div class=\"wpp-shortcode-placeholder\"><\/div><\/div><\/div><\/div>\n\t\t<\/div> \n\t<\/div> \n\t\t\t<\/div> \n\t\t<\/div>\n\t<\/div> \n<\/div><\/div>\n\t\t<div id=\"fws_69efef5a1b674\"  data-column-margin=\"default\" data-midnight=\"dark\"  class=\"wpb_row vc_row-fluid vc_row article-image\"  style=\"padding-top: 0px; padding-bottom: 0px; \"><div class=\"row-bg-wrap\" data-bg-animation=\"none\" data-bg-animation-delay=\"\" data-bg-overlay=\"false\"><div class=\"inner-wrap row-bg-layer\" ><div class=\"row-bg viewport-desktop\"  style=\"\"><\/div><\/div><\/div><div class=\"row_col_wrap_12 col span_12 dark left\">\n\t<div  class=\"vc_col-sm-12 wpb_column column_container vc_column_container col no-extra-padding inherit_tablet inherit_phone\"  data-padding-pos=\"all\" data-has-bg-color=\"false\" data-bg-color=\"\" data-bg-opacity=\"1\" data-animation=\"\" data-delay=\"0\" >\n\t\t<div class=\"vc_column-inner\" >\n\t\t\t<div class=\"wpb_wrapper\">\n\t\t\t\t<div class=\"img-with-aniamtion-wrap center\" data-max-width=\"100%\" data-max-width-mobile=\"default\" data-shadow=\"none\" data-animation=\"fade-in\" >\r\n      <div class=\"inner\">\r\n        <div class=\"hover-wrap\"> \r\n          <div class=\"hover-wrap-inner\">\r\n            <img decoding=\"async\" class=\"img-with-animation skip-lazy\" data-delay=\"0\" height=\"100\" width=\"100\" data-animation=\"fade-in\" src=\"https:\/\/borderlessmag.org\/wordpress\/wp-content\/uploads\/2022\/06\/220422_MahdiRasikh-6.jpg\" alt=\"\"  \/>\r\n         <\/div>\r\n      <\/div><span class=\"vc_figure-caption ccfic-text media-caption\">Reuni\u00f3n de Mahdi Rasikh con civiles locales sobre los incidentes de disparos de la polic\u00eda contra manifestantes en Behsud, Maidan Wardak, Afganist\u00e1n, enero de 2021. <\/span><span class=\"media-credit\">Foto cortes\u00eda de Mahdi Rasikh<\/span><\/div><\/div>\n\t\t\t<\/div> \n\t\t<\/div>\n\t<\/div> \n<\/div><\/div>\n\t\t<div id=\"fws_69efef5a1c242\"  data-column-margin=\"default\" data-midnight=\"dark\"  class=\"wpb_row vc_row-fluid vc_row\"  style=\"padding-top: 0px; padding-bottom: 0px; \"><div class=\"row-bg-wrap\" data-bg-animation=\"none\" data-bg-animation-delay=\"\" data-bg-overlay=\"false\"><div class=\"inner-wrap row-bg-layer\" ><div class=\"row-bg viewport-desktop\"  style=\"\"><\/div><\/div><\/div><div class=\"row_col_wrap_12 col span_12 dark left\">\n\t<div  class=\"vc_col-sm-2 vc_hidden-sm vc_hidden-xs wpb_column column_container vc_column_container col no-extra-padding inherit_tablet inherit_phone\"  data-padding-pos=\"all\" data-has-bg-color=\"false\" data-bg-color=\"\" data-bg-opacity=\"1\" data-animation=\"\" data-delay=\"0\" >\n\t\t<div class=\"vc_column-inner\" >\n\t\t\t<div class=\"wpb_wrapper\">\n\t\t\t\t\n\t\t\t<\/div> \n\t\t<\/div>\n\t<\/div> \n\n\t<div  class=\"vc_col-sm-8 wpb_column column_container vc_column_container col padding-3-percent inherit_tablet inherit_phone\"  data-padding-pos=\"all\" data-has-bg-color=\"false\" data-bg-color=\"\" data-bg-opacity=\"1\" data-animation=\"\" data-delay=\"0\" >\n\t\t<div class=\"vc_column-inner\" >\n\t\t\t<div class=\"wpb_wrapper\">\n\t\t\t\t\n<div class=\"wpb_text_column wpb_content_element\" >\n\t<p><span style=\"font-weight: 400;\">Fui a Behsud para investigar este asunto en nombre del Parlamento afgano. Cuando regresaba a Kabul, las antiguas fuerzas de seguridad, por orden del Consejo Nacional de Seguridad de Afganist\u00e1n, dispararon contra mi convoy. Mis guardaespaldas y mi ch\u00f3fer resultaron heridos. Escap\u00e9 de la zona utilizando mi veh\u00edculo blindado y fui rescatado. Me di cuenta de que el presidente Ashraf Ghani Ahmadzai estaba dispuesto a asesinar a un miembro del Parlamento.<\/span><\/p>\n<p><span style=\"font-weight: 400;\">A principios de agosto de 2021, a medida que se deterioraba la situaci\u00f3n de la seguridad en Afganist\u00e1n, mis colegas y yo de la comisi\u00f3n de seguridad del Parlamento mantuvimos numerosas reuniones con altos cargos de seguridad. Lo que escuch\u00e9 fue realmente preocupante. Mi percepci\u00f3n, dada la informaci\u00f3n facilitada por los responsables de seguridad, es que el Gobierno afgano fue entregado de hecho a los talibanes y no cay\u00f3. Creo que la entrega del sistema por parte de Ashraf Ghani Ahmadzai a los talibanes tambi\u00e9n se debe a afiliaciones \u00e9tnicas.<\/span><\/p>\n<\/div>\n\n\n\n\n\t\t\t<\/div> \n\t\t<\/div>\n\t<\/div> \n\n\t<div  class=\"vc_col-sm-2 vc_hidden-sm vc_hidden-xs wpb_column column_container vc_column_container col no-extra-padding inherit_tablet inherit_phone\"  data-padding-pos=\"all\" data-has-bg-color=\"false\" data-bg-color=\"\" data-bg-opacity=\"1\" data-animation=\"\" data-delay=\"0\" >\n\t\t<div class=\"vc_column-inner\" >\n\t\t\t<div class=\"wpb_wrapper\">\n\t\t\t\t\n\t\t\t<\/div> \n\t\t<\/div>\n\t<\/div> \n<\/div><\/div>\n\t\t<div id=\"fws_69efef5a1d164\"  data-column-margin=\"default\" data-midnight=\"dark\"  class=\"wpb_row vc_row-fluid vc_row article-image\"  style=\"padding-top: 0px; padding-bottom: 0px; \"><div class=\"row-bg-wrap\" data-bg-animation=\"none\" data-bg-animation-delay=\"\" data-bg-overlay=\"false\"><div class=\"inner-wrap row-bg-layer\" ><div class=\"row-bg viewport-desktop\"  style=\"\"><\/div><\/div><\/div><div class=\"row_col_wrap_12 col span_12 dark left\">\n\t<div  class=\"vc_col-sm-12 wpb_column column_container vc_column_container col no-extra-padding inherit_tablet inherit_phone\"  data-padding-pos=\"all\" data-has-bg-color=\"false\" data-bg-color=\"\" data-bg-opacity=\"1\" data-animation=\"\" data-delay=\"0\" >\n\t\t<div class=\"vc_column-inner\" >\n\t\t\t<div class=\"wpb_wrapper\">\n\t\t\t\t<div class=\"img-with-aniamtion-wrap center\" data-max-width=\"100%\" data-max-width-mobile=\"default\" data-shadow=\"none\" data-animation=\"fade-in\" >\r\n      <div class=\"inner\">\r\n        <div class=\"hover-wrap\"> \r\n          <div class=\"hover-wrap-inner\">\r\n            <img decoding=\"async\" class=\"img-with-animation skip-lazy\" data-delay=\"0\" height=\"100\" width=\"100\" data-animation=\"fade-in\" src=\"https:\/\/borderlessmag.org\/wordpress\/wp-content\/uploads\/2022\/06\/220422_MahdiRasikh-4.jpg\" alt=\"\"  \/>\r\n         <\/div>\r\n      <\/div><span class=\"vc_figure-caption ccfic-text media-caption\">Mahdi Rasikh visitando la Universidad Nacional de Defensa Marshal Fahim en Kabul, Afganist\u00e1n, junio de 2020. <\/span><span class=\"media-credit\">Foto cortes\u00eda de Mahdi Rasikh<\/span><\/div><\/div>\n\t\t\t<\/div> \n\t\t<\/div>\n\t<\/div> \n<\/div><\/div>\n\t\t<div id=\"fws_69efef5a1dcb7\"  data-column-margin=\"default\" data-midnight=\"dark\"  class=\"wpb_row vc_row-fluid vc_row\"  style=\"padding-top: 0px; padding-bottom: 0px; \"><div class=\"row-bg-wrap\" data-bg-animation=\"none\" data-bg-animation-delay=\"\" data-bg-overlay=\"false\"><div class=\"inner-wrap row-bg-layer\" ><div class=\"row-bg viewport-desktop\"  style=\"\"><\/div><\/div><\/div><div class=\"row_col_wrap_12 col span_12 dark left\">\n\t<div  class=\"vc_col-sm-2 vc_hidden-sm vc_hidden-xs wpb_column column_container vc_column_container col no-extra-padding inherit_tablet inherit_phone\"  data-padding-pos=\"all\" data-has-bg-color=\"false\" data-bg-color=\"\" data-bg-opacity=\"1\" data-animation=\"\" data-delay=\"0\" >\n\t\t<div class=\"vc_column-inner\" >\n\t\t\t<div class=\"wpb_wrapper\">\n\t\t\t\t\n\t\t\t<\/div> \n\t\t<\/div>\n\t<\/div> \n\n\t<div  class=\"vc_col-sm-8 wpb_column column_container vc_column_container col padding-3-percent inherit_tablet inherit_phone\"  data-padding-pos=\"all\" data-has-bg-color=\"false\" data-bg-color=\"\" data-bg-opacity=\"1\" data-animation=\"\" data-delay=\"0\" >\n\t\t<div class=\"vc_column-inner\" >\n\t\t\t<div class=\"wpb_wrapper\">\n\t\t\t\t\n<div class=\"wpb_text_column wpb_content_element\" >\n\t<p><span style=\"font-weight: 400;\">Tras la rendici\u00f3n del r\u00e9gimen afgano a los talibanes, varios de mis socios y yo huimos a Estados Unidos debido a las graves amenazas a la seguridad por parte de los talibanes. Ahora vivo con mi hermano en un rinc\u00f3n de Maryland, lejos de mi hogar. Mi esposa y mi hijo viven en Turqu\u00eda, sin conocer su destino. Y mis padres y hermanos siguen en Afganist\u00e1n, viviendo en secreto.<\/span><\/p>\n<p><span style=\"font-weight: 400;\">Vivir en Estados Unidos es m\u00e1s c\u00f3modo y f\u00e1cil que en pa\u00edses subdesarrollados como Afganist\u00e1n. Aqu\u00ed se valoran las vidas humanas y los gobiernos creen en el Estado de derecho y en los valores humanos.<\/span><\/p>\n<p><span style=\"font-weight: 400;\">Pero para m\u00ed, que representaba al pueblo y ten\u00eda grandes sue\u00f1os de cambio en mi pa\u00eds, ser inmigrante es como ser un p\u00e1jaro de alas rotas que cae en un rinc\u00f3n del mundo lejos de su nido, s\u00f3lo respirando y pensando en mi patria.<\/span><\/p>\n<p><span style=\"font-weight: 400;\">Estoy pasando por d\u00edas dif\u00edciles de inmigraci\u00f3n. No hablo muy bien ingl\u00e9s. As\u00ed que encontrar un trabajo mejor aqu\u00ed es dif\u00edcil. Como un reci\u00e9n nacido, estoy intentando aprender una nueva vida desde cero. A\u00fan espero un ma\u00f1ana y una vida mejores.<\/span><\/p>\n<\/div>\n\n\n\n\n\t\t\t<\/div> \n\t\t<\/div>\n\t<\/div> \n\n\t<div  class=\"vc_col-sm-2 vc_hidden-sm vc_hidden-xs wpb_column column_container vc_column_container col no-extra-padding inherit_tablet inherit_phone\"  data-padding-pos=\"all\" data-has-bg-color=\"false\" data-bg-color=\"\" data-bg-opacity=\"1\" data-animation=\"\" data-delay=\"0\" >\n\t\t<div class=\"vc_column-inner\" >\n\t\t\t<div class=\"wpb_wrapper\">\n\t\t\t\t\n\t\t\t<\/div> \n\t\t<\/div>\n\t<\/div> \n<\/div><\/div>\n\t\t<div id=\"fws_69efef5a1ec4c\"  data-column-margin=\"default\" data-midnight=\"dark\"  class=\"wpb_row vc_row-fluid vc_row article-image\"  style=\"padding-top: 0px; padding-bottom: 0px; \"><div class=\"row-bg-wrap\" data-bg-animation=\"none\" data-bg-animation-delay=\"\" data-bg-overlay=\"false\"><div class=\"inner-wrap row-bg-layer\" ><div class=\"row-bg viewport-desktop\"  style=\"\"><\/div><\/div><\/div><div class=\"row_col_wrap_12 col span_12 dark left\">\n\t<div  class=\"vc_col-sm-12 wpb_column column_container vc_column_container col no-extra-padding inherit_tablet inherit_phone\"  data-padding-pos=\"all\" data-has-bg-color=\"false\" data-bg-color=\"\" data-bg-opacity=\"1\" data-animation=\"\" data-delay=\"0\" >\n\t\t<div class=\"vc_column-inner\" >\n\t\t\t<div class=\"wpb_wrapper\">\n\t\t\t\t<div class=\"img-with-aniamtion-wrap center\" data-max-width=\"100%\" data-max-width-mobile=\"default\" data-shadow=\"none\" data-animation=\"fade-in\" >\r\n      <div class=\"inner\">\r\n        <div class=\"hover-wrap\"> \r\n          <div class=\"hover-wrap-inner\">\r\n            <img decoding=\"async\" class=\"img-with-animation skip-lazy\" data-delay=\"0\" height=\"100\" width=\"100\" data-animation=\"fade-in\" src=\"https:\/\/borderlessmag.org\/wordpress\/wp-content\/uploads\/2022\/06\/220422_MahdiRasikh_web_socials-2.jpg\" alt=\"\"  \/>\r\n         <\/div>\r\n      <\/div><span class=\"vc_figure-caption ccfic-text media-caption\">Mahdi Rasikh, legislador hazara elegido miembro de la C\u00e1mara de Representantes del Pueblo de Afganist\u00e1n, en casa de un amigo en Odenton, Maryland, el viernes 22 de abril de 2022. <\/span><span class=\"media-credit\">Shuran Huang para Borderless Magazine<\/span><\/div><\/div>\n\t\t\t<\/div> \n\t\t<\/div>\n\t<\/div> \n<\/div><\/div>\n\t\t<div id=\"fws_69efef5a1fa85\"  data-column-margin=\"default\" data-midnight=\"dark\"  class=\"wpb_row vc_row-fluid vc_row\"  style=\"padding-top: 0px; padding-bottom: 0px; \"><div class=\"row-bg-wrap\" data-bg-animation=\"none\" data-bg-animation-delay=\"\" data-bg-overlay=\"false\"><div class=\"inner-wrap row-bg-layer\" ><div class=\"row-bg viewport-desktop\"  style=\"\"><\/div><\/div><\/div><div class=\"row_col_wrap_12 col span_12 dark left\">\n\t<div  class=\"vc_col-sm-2 vc_hidden-sm vc_hidden-xs wpb_column column_container vc_column_container col no-extra-padding inherit_tablet inherit_phone\"  data-padding-pos=\"all\" data-has-bg-color=\"false\" data-bg-color=\"\" data-bg-opacity=\"1\" data-animation=\"\" data-delay=\"0\" >\n\t\t<div class=\"vc_column-inner\" >\n\t\t\t<div class=\"wpb_wrapper\">\n\t\t\t\t\n\t\t\t<\/div> \n\t\t<\/div>\n\t<\/div> \n\n\t<div  class=\"vc_col-sm-8 wpb_column column_container vc_column_container col padding-3-percent inherit_tablet inherit_phone\"  data-padding-pos=\"all\" data-has-bg-color=\"false\" data-bg-color=\"\" data-bg-opacity=\"1\" data-animation=\"\" data-delay=\"0\" >\n\t\t<div class=\"vc_column-inner\" >\n\t\t\t<div class=\"wpb_wrapper\">\n\t\t\t\t\n<div class=\"wpb_text_column wpb_content_element\" >\n\t<p><span style=\"font-weight: 400;\">Sigo en contacto con mi gente en Afganist\u00e1n, casi a diario. Ahora mi gente espera m\u00e1s que nunca que luche por una paz y una justicia sostenibles en Afganist\u00e1n. El gobierno de Ghani Ahmadzai acus\u00f3 a los talibanes de matar hazaras. Ahora que los talibanes han tomado el poder, matar hazaras en Afganist\u00e1n sigue siendo la norma.<\/span><\/p>\n<p><span style=\"font-weight: 400;\">S\u00f3lo en las \u00faltimas semanas se han producido m\u00e1s de cinco sangrientos atentados contra escuelas, mezquitas y medios de transporte p\u00fablico hazaras, en los que han muerto casi 100 personas y m\u00e1s de 150 han resultado heridas. Creo que el genocidio de los hazara en Afganist\u00e1n es sistem\u00e1tico y planificado a causa de nuestra raza y religi\u00f3n.<\/span><\/p>\n<p><span style=\"font-weight: 400;\">Me estoy reuniendo con varios afganos que viven en Estados Unidos para<\/span> <span style=\"font-weight: 400;\">crear un movimiento que alce la voz del pueblo afgano, especialmente de las mujeres y de las minor\u00edas \u00e9tnicas y religiosas, actualmente oprimidas por los talibanes. Estoy facilitando reuniones con organizaciones de derechos humanos y l\u00edderes mundiales.<\/span><\/p>\n<p><span style=\"font-weight: 400;\">S\u00e9 que regresar a Afganist\u00e1n en la situaci\u00f3n actual ir\u00e1 acompa\u00f1ado de la muerte. Pero sigo so\u00f1ando con una vida humana en Afganist\u00e1n, y pienso pasar los d\u00edas que me quedan trabajando para mejorar mi patria y mi pueblo.<\/span><\/p>\n<p><i><span style=\"font-weight: 400;\">Esta serie ha sido posible gracias al apoyo del Crossroads Fund y PEN America. Esta serie est\u00e1 disponible en ingl\u00e9s, espa\u00f1ol y persa dari. Para solicitar su reedici\u00f3n, env\u00ede un correo electr\u00f3nico a <\/span><\/i><i><span style=\"font-weight: 400;\">info@borderlessmag.org<\/span><\/i><i><span style=\"font-weight: 400;\">.<\/span><\/i><\/p>\n<\/div>\n\n\n\n\n\t\t\t<\/div> \n\t\t<\/div>\n\t<\/div> \n\n\t<div  class=\"vc_col-sm-2 vc_hidden-sm vc_hidden-xs wpb_column column_container vc_column_container col no-extra-padding inherit_tablet inherit_phone\"  data-padding-pos=\"all\" data-has-bg-color=\"false\" data-bg-color=\"\" data-bg-opacity=\"1\" data-animation=\"\" data-delay=\"0\" >\n\t\t<div class=\"vc_column-inner\" >\n\t\t\t<div class=\"wpb_wrapper\">\n\t\t\t\t\n\t\t\t<\/div> \n\t\t<\/div>\n\t<\/div> \n<\/div><\/div>\n\t\t<div id=\"fws_69efef5a20ab7\"  data-column-margin=\"default\" data-midnight=\"dark\"  class=\"wpb_row vc_row-fluid vc_row\"  style=\"padding-top: 0px; padding-bottom: 0px; \"><div class=\"row-bg-wrap\" data-bg-animation=\"none\" data-bg-animation-delay=\"\" data-bg-overlay=\"false\"><div class=\"inner-wrap row-bg-layer\" ><div class=\"row-bg viewport-desktop\"  style=\"\"><\/div><\/div><\/div><div class=\"row_col_wrap_12 col span_12 dark left\">\n\t<div  class=\"vc_col-sm-12 wpb_column column_container vc_column_container col no-extra-padding inherit_tablet inherit_phone\"  data-padding-pos=\"all\" data-has-bg-color=\"false\" data-bg-color=\"\" data-bg-opacity=\"1\" data-animation=\"\" data-delay=\"0\" >\n\t\t<div class=\"vc_column-inner\" >\n\t\t\t<div class=\"wpb_wrapper\">\n\t\t\t\t\n\t\t\t<\/div> \n\t\t<\/div>\n\t<\/div> \n<\/div><\/div>\n\t\t<div id=\"fws_69efef5a212e0\"  data-column-margin=\"default\" data-midnight=\"dark\"  class=\"wpb_row vc_row-fluid vc_row vc_row-o-equal-height vc_row-flex bottom-links\"  style=\"padding-top: 0px; padding-bottom: 0px; \"><div class=\"row-bg-wrap\" data-bg-animation=\"none\" data-bg-animation-delay=\"\" data-bg-overlay=\"false\"><div class=\"inner-wrap row-bg-layer\" ><div class=\"row-bg viewport-desktop\"  style=\"\"><\/div><\/div><\/div><div class=\"row_col_wrap_12 col span_12 dark left\">\n\t<div  class=\"vc_col-sm-8 wpb_column column_container vc_column_container col no-extra-padding inherit_tablet inherit_phone\"  data-padding-pos=\"all\" data-has-bg-color=\"false\" data-bg-color=\"\" data-bg-opacity=\"1\" data-animation=\"\" data-delay=\"0\" >\n\t\t<div class=\"vc_column-inner\" >\n\t\t\t<div class=\"wpb_wrapper\">\n\t\t\t\t\n\t<div class=\"wpb_widgetised_column wpb_content_element\">\n\t\t<div id=\"sidebar\" data-nectar-ss=\"\" class=\"wpb_wrapper\"><h2 id=\"related-stories\" class=\"wpb_heading wpb_widgetised_column_heading\">Historias relacionadas<\/h2>\n\t\t\t\n\t\t<\/div> \n\t<\/div> \n\t\t\t<\/div> \n\t\t<\/div>\n\t<\/div> \n\n\t<div  class=\"vc_col-sm-4 wpb_column column_container vc_column_container col no-extra-padding inherit_tablet inherit_phone\"  data-padding-pos=\"all\" data-has-bg-color=\"false\" data-bg-color=\"\" data-bg-opacity=\"1\" data-animation=\"\" data-delay=\"0\" >\n\t\t<div class=\"vc_column-inner\" >\n\t\t\t<div class=\"wpb_wrapper\">\n\t\t\t\t\n\t<div class=\"wpb_widgetised_column wpb_content_element\">\n\t\t<div id=\"sidebar\" data-nectar-ss=\"\" class=\"wpb_wrapper\"><h2 id=\"recent-stories\" class=\"wpb_heading wpb_widgetised_column_heading\">Historias recientes<\/h2>\n\t\t\t\n\t\t<\/div> \n\t<\/div> \n\t\t\t<\/div> \n\t\t<\/div>\n\t<\/div> \n<\/div><\/div>","protected":false},"excerpt":{"rendered":"<p>Mahdi Rasikh pas\u00f3 de tejer alfombras en un campo de refugiados a representar a su ciudad natal en el Parlamento de Afganist\u00e1n. Pero cuando los talibanes tomaron el poder, Rasikh tuvo que huir a Estados Unidos.<\/p>","protected":false},"author":109,"featured_media":11171,"comment_status":"closed","ping_status":"closed","sticky":false,"template":"","format":"standard","meta":{"inline_featured_image":false,"footnotes":""},"categories":[28],"tags":[352],"coauthors":[339],"class_list":{"0":"post-11188","1":"post","2":"type-post","3":"status-publish","4":"format-standard","5":"has-post-thumbnail","7":"category-as-told-to","8":"tag-mahdirasikh"},"yoast_head":"<!-- This site is optimized with the Yoast SEO Premium plugin v27.3 (Yoast SEO v27.3) - https:\/\/yoast.com\/product\/yoast-seo-premium-wordpress\/ -->\n<title>From Politician to Afghan Refugee &#8211; Borderless<\/title>\n<meta name=\"description\" content=\"How Mahdi Rasikh went from representing his hometown in Afghanistan\u2019s Parliament to living in exile as an Afghan refugee in Maryland.\" \/>\n<meta name=\"robots\" content=\"index, follow, max-snippet:-1, max-image-preview:large, max-video-preview:-1\" \/>\n<link rel=\"canonical\" href=\"https:\/\/borderlessmag.org\/es\/2022\/06\/02\/mahdi-rasikh-refugiado-afgano-parlamento-exilio\/\" \/>\n<meta property=\"og:locale\" content=\"es_MX\" \/>\n<meta property=\"og:type\" content=\"article\" \/>\n<meta property=\"og:title\" content=\"An Afghan Lawmaker Fights for Justice While Exiled in the U.S. &#8211; As Told To &#8211; Borderless Magazine NFP\" \/>\n<meta property=\"og:description\" content=\"An Afghan Lawmaker Fights for Justice While Exiled in the U.S. &#8211; As Told To &#8211; Borderless Magazine NFP\" \/>\n<meta property=\"og:url\" content=\"https:\/\/borderlessmag.org\/es\/2022\/06\/02\/mahdi-rasikh-refugiado-afgano-parlamento-exilio\/\" \/>\n<meta property=\"og:site_name\" content=\"Borderless Magazine NFP\" \/>\n<meta property=\"article:publisher\" content=\"https:\/\/www.facebook.com\/BorderlessMagazine\" \/>\n<meta property=\"article:published_time\" content=\"2022-06-02T19:56:56+00:00\" \/>\n<meta property=\"article:modified_time\" content=\"2025-10-08T14:08:36+00:00\" \/>\n<meta property=\"og:image\" content=\"https:\/\/borderlessmag.org\/wordpress\/wp-content\/uploads\/2022\/06\/220422_MahdiRasikh-1_featured.jpg\" \/>\n\t<meta property=\"og:image:width\" content=\"1\" \/>\n\t<meta property=\"og:image:height\" content=\"1\" \/>\n\t<meta property=\"og:image:type\" content=\"image\/jpeg\" \/>\n<meta name=\"author\" content=\"Saleha Soadat\" \/>\n<meta name=\"twitter:card\" content=\"summary_large_image\" \/>\n<meta name=\"twitter:label1\" content=\"Escrito por\" \/>\n\t<meta name=\"twitter:data1\" content=\"Saleha Soadat\" \/>\n\t<meta name=\"twitter:label2\" content=\"Tiempo de lectura\" \/>\n\t<meta name=\"twitter:data2\" content=\"12 minutos\" \/>\n\t<meta name=\"twitter:label3\" content=\"Written by\" \/>\n\t<meta name=\"twitter:data3\" content=\"Saleha Soadat\" \/>\n<script type=\"application\/ld+json\" class=\"yoast-schema-graph\">{\"@context\":\"https:\\\/\\\/schema.org\",\"@graph\":[{\"@type\":\"NewsArticle\",\"@id\":\"https:\\\/\\\/borderlessmag.org\\\/2022\\\/06\\\/02\\\/mahdi-rasikh-afghan-refugee-parliament-exile\\\/#article\",\"isPartOf\":{\"@id\":\"https:\\\/\\\/borderlessmag.org\\\/2022\\\/06\\\/02\\\/mahdi-rasikh-afghan-refugee-parliament-exile\\\/\"},\"author\":{\"name\":\"Saleha Soadat\",\"@id\":\"https:\\\/\\\/borderlessmag.org\\\/#\\\/schema\\\/person\\\/721769f552a51acb2512d010998a6659\"},\"headline\":\"An Afghan Lawmaker Fights for Justice While Exiled in the U.S.\",\"datePublished\":\"2022-06-02T19:56:56+00:00\",\"dateModified\":\"2025-10-08T14:08:36+00:00\",\"mainEntityOfPage\":{\"@id\":\"https:\\\/\\\/borderlessmag.org\\\/2022\\\/06\\\/02\\\/mahdi-rasikh-afghan-refugee-parliament-exile\\\/\"},\"wordCount\":5394,\"publisher\":{\"@id\":\"https:\\\/\\\/borderlessmag.org\\\/#organization\"},\"image\":{\"@id\":\"https:\\\/\\\/borderlessmag.org\\\/2022\\\/06\\\/02\\\/mahdi-rasikh-afghan-refugee-parliament-exile\\\/#primaryimage\"},\"thumbnailUrl\":\"https:\\\/\\\/borderlessmag.org\\\/wordpress\\\/wp-content\\\/uploads\\\/2022\\\/06\\\/220422_MahdiRasikh-1_featured.jpg\",\"keywords\":[\"MahdiRasikh\"],\"articleSection\":[\"As Told To\"],\"inLanguage\":\"es\",\"copyrightYear\":\"2022\",\"copyrightHolder\":{\"@id\":\"https:\\\/\\\/borderlessmag.org\\\/es\\\/#organization\"}},{\"@type\":\"WebPage\",\"@id\":\"https:\\\/\\\/borderlessmag.org\\\/2022\\\/06\\\/02\\\/mahdi-rasikh-afghan-refugee-parliament-exile\\\/\",\"url\":\"https:\\\/\\\/borderlessmag.org\\\/2022\\\/06\\\/02\\\/mahdi-rasikh-afghan-refugee-parliament-exile\\\/\",\"name\":\"From Politician to Afghan Refugee &#8211; Borderless\",\"isPartOf\":{\"@id\":\"https:\\\/\\\/borderlessmag.org\\\/#website\"},\"primaryImageOfPage\":{\"@id\":\"https:\\\/\\\/borderlessmag.org\\\/2022\\\/06\\\/02\\\/mahdi-rasikh-afghan-refugee-parliament-exile\\\/#primaryimage\"},\"image\":{\"@id\":\"https:\\\/\\\/borderlessmag.org\\\/2022\\\/06\\\/02\\\/mahdi-rasikh-afghan-refugee-parliament-exile\\\/#primaryimage\"},\"thumbnailUrl\":\"https:\\\/\\\/borderlessmag.org\\\/wordpress\\\/wp-content\\\/uploads\\\/2022\\\/06\\\/220422_MahdiRasikh-1_featured.jpg\",\"datePublished\":\"2022-06-02T19:56:56+00:00\",\"dateModified\":\"2025-10-08T14:08:36+00:00\",\"description\":\"How Mahdi Rasikh went from representing his hometown in Afghanistan\u2019s Parliament to living in exile as an Afghan refugee in Maryland.\",\"inLanguage\":\"es\",\"potentialAction\":[{\"@type\":\"ReadAction\",\"target\":[\"https:\\\/\\\/borderlessmag.org\\\/2022\\\/06\\\/02\\\/mahdi-rasikh-afghan-refugee-parliament-exile\\\/\"]}]},{\"@type\":\"ImageObject\",\"inLanguage\":\"es\",\"@id\":\"https:\\\/\\\/borderlessmag.org\\\/2022\\\/06\\\/02\\\/mahdi-rasikh-afghan-refugee-parliament-exile\\\/#primaryimage\",\"url\":\"https:\\\/\\\/borderlessmag.org\\\/wordpress\\\/wp-content\\\/uploads\\\/2022\\\/06\\\/220422_MahdiRasikh-1_featured.jpg\",\"contentUrl\":\"https:\\\/\\\/borderlessmag.org\\\/wordpress\\\/wp-content\\\/uploads\\\/2022\\\/06\\\/220422_MahdiRasikh-1_featured.jpg\",\"caption\":\"Mahdi Rasikh, a Hazara lawmaker who was elected as a member of the Afghan House of Representatives of the People, in his friend\u2019s house in Odenton, Md., Friday, April 22, 2022.\"},{\"@type\":\"WebSite\",\"@id\":\"https:\\\/\\\/borderlessmag.org\\\/#website\",\"url\":\"https:\\\/\\\/borderlessmag.org\\\/\",\"name\":\"Borderless Magazine NFP\",\"description\":\"Stories about immigration and immigrants\",\"publisher\":{\"@id\":\"https:\\\/\\\/borderlessmag.org\\\/#organization\"},\"alternateName\":\"Borderless\",\"potentialAction\":[{\"@type\":\"SearchAction\",\"target\":{\"@type\":\"EntryPoint\",\"urlTemplate\":\"https:\\\/\\\/borderlessmag.org\\\/?s={search_term_string}\"},\"query-input\":{\"@type\":\"PropertyValueSpecification\",\"valueRequired\":true,\"valueName\":\"search_term_string\"}}],\"inLanguage\":\"es\"},{\"@type\":\"Organization\",\"@id\":\"https:\\\/\\\/borderlessmag.org\\\/#organization\",\"name\":\"Borderless Magazine NFP\",\"alternateName\":\"Borderless Mag\",\"url\":\"https:\\\/\\\/borderlessmag.org\\\/\",\"logo\":{\"@type\":\"ImageObject\",\"inLanguage\":\"es\",\"@id\":\"https:\\\/\\\/borderlessmag.org\\\/#\\\/schema\\\/logo\\\/image\\\/\",\"url\":\"https:\\\/\\\/borderlessmag.org\\\/wordpress\\\/wp-content\\\/uploads\\\/2025\\\/08\\\/BorderlessLogo_main_square.jpg\",\"contentUrl\":\"https:\\\/\\\/borderlessmag.org\\\/wordpress\\\/wp-content\\\/uploads\\\/2025\\\/08\\\/BorderlessLogo_main_square.jpg\",\"width\":696,\"height\":696,\"caption\":\"Borderless Magazine NFP\"},\"image\":{\"@id\":\"https:\\\/\\\/borderlessmag.org\\\/#\\\/schema\\\/logo\\\/image\\\/\"},\"sameAs\":[\"https:\\\/\\\/www.facebook.com\\\/BorderlessMagazine\",\"https:\\\/\\\/www.instagram.com\\\/borderless_mag\\\/\",\"https:\\\/\\\/www.tiktok.com\\\/@borderless_mag\"]},{\"@type\":\"Person\",\"@id\":\"https:\\\/\\\/borderlessmag.org\\\/#\\\/schema\\\/person\\\/721769f552a51acb2512d010998a6659\",\"name\":\"Saleha Soadat\",\"image\":{\"@type\":\"ImageObject\",\"inLanguage\":\"es\",\"@id\":\"https:\\\/\\\/secure.gravatar.com\\\/avatar\\\/fb4c8f2c5e94f12a15bb2b835e2e5a75216f56a55cc8d59ba9687b7c0a8c5a78?s=96&d=mm&r=gfd67f6f855f05c24e7bd86c3c02a1af5\",\"url\":\"https:\\\/\\\/secure.gravatar.com\\\/avatar\\\/fb4c8f2c5e94f12a15bb2b835e2e5a75216f56a55cc8d59ba9687b7c0a8c5a78?s=96&d=mm&r=g\",\"contentUrl\":\"https:\\\/\\\/secure.gravatar.com\\\/avatar\\\/fb4c8f2c5e94f12a15bb2b835e2e5a75216f56a55cc8d59ba9687b7c0a8c5a78?s=96&d=mm&r=g\",\"caption\":\"Saleha Soadat\"},\"url\":\"https:\\\/\\\/borderlessmag.org\\\/es\\\/author\\\/saleha-soadat\\\/\"}]}<\/script>\n<!-- \/ Yoast SEO Premium plugin. -->","yoast_head_json":{"title":"De pol\u00edtico a refugiado afgano - Sin fronteras","description":"C\u00f3mo Mahdi Rasikh pas\u00f3 de representar a su ciudad natal en el Parlamento de Afganist\u00e1n a vivir en el exilio como refugiado afgano en Maryland.","robots":{"index":"index","follow":"follow","max-snippet":"max-snippet:-1","max-image-preview":"max-image-preview:large","max-video-preview":"max-video-preview:-1"},"canonical":"https:\/\/borderlessmag.org\/es\/2022\/06\/02\/mahdi-rasikh-refugiado-afgano-parlamento-exilio\/","og_locale":"es_MX","og_type":"article","og_title":"An Afghan Lawmaker Fights for Justice While Exiled in the U.S. &#8211; As Told To &#8211; Borderless Magazine NFP","og_description":"An Afghan Lawmaker Fights for Justice While Exiled in the U.S. &#8211; As Told To &#8211; Borderless Magazine NFP","og_url":"https:\/\/borderlessmag.org\/es\/2022\/06\/02\/mahdi-rasikh-refugiado-afgano-parlamento-exilio\/","og_site_name":"Borderless Magazine NFP","article_publisher":"https:\/\/www.facebook.com\/BorderlessMagazine","article_published_time":"2022-06-02T19:56:56+00:00","article_modified_time":"2025-10-08T14:08:36+00:00","og_image":[{"url":"https:\/\/borderlessmag.org\/wordpress\/wp-content\/uploads\/2022\/06\/220422_MahdiRasikh-1_featured.jpg","width":1,"height":1,"type":"image\/jpeg"}],"author":"Saleha Soadat","twitter_card":"summary_large_image","twitter_misc":{"Escrito por":"Saleha Soadat","Tiempo de lectura":"12 minutos","Written by":"Saleha Soadat"},"schema":{"@context":"https:\/\/schema.org","@graph":[{"@type":"NewsArticle","@id":"https:\/\/borderlessmag.org\/2022\/06\/02\/mahdi-rasikh-afghan-refugee-parliament-exile\/#article","isPartOf":{"@id":"https:\/\/borderlessmag.org\/2022\/06\/02\/mahdi-rasikh-afghan-refugee-parliament-exile\/"},"author":{"name":"Saleha Soadat","@id":"https:\/\/borderlessmag.org\/#\/schema\/person\/721769f552a51acb2512d010998a6659"},"headline":"An Afghan Lawmaker Fights for Justice While Exiled in the U.S.","datePublished":"2022-06-02T19:56:56+00:00","dateModified":"2025-10-08T14:08:36+00:00","mainEntityOfPage":{"@id":"https:\/\/borderlessmag.org\/2022\/06\/02\/mahdi-rasikh-afghan-refugee-parliament-exile\/"},"wordCount":5394,"publisher":{"@id":"https:\/\/borderlessmag.org\/#organization"},"image":{"@id":"https:\/\/borderlessmag.org\/2022\/06\/02\/mahdi-rasikh-afghan-refugee-parliament-exile\/#primaryimage"},"thumbnailUrl":"https:\/\/borderlessmag.org\/wordpress\/wp-content\/uploads\/2022\/06\/220422_MahdiRasikh-1_featured.jpg","keywords":["MahdiRasikh"],"articleSection":["As Told To"],"inLanguage":"es","copyrightYear":"2022","copyrightHolder":{"@id":"https:\/\/borderlessmag.org\/es\/#organization"}},{"@type":"WebPage","@id":"https:\/\/borderlessmag.org\/2022\/06\/02\/mahdi-rasikh-afghan-refugee-parliament-exile\/","url":"https:\/\/borderlessmag.org\/2022\/06\/02\/mahdi-rasikh-afghan-refugee-parliament-exile\/","name":"De pol\u00edtico a refugiado afgano - Sin fronteras","isPartOf":{"@id":"https:\/\/borderlessmag.org\/#website"},"primaryImageOfPage":{"@id":"https:\/\/borderlessmag.org\/2022\/06\/02\/mahdi-rasikh-afghan-refugee-parliament-exile\/#primaryimage"},"image":{"@id":"https:\/\/borderlessmag.org\/2022\/06\/02\/mahdi-rasikh-afghan-refugee-parliament-exile\/#primaryimage"},"thumbnailUrl":"https:\/\/borderlessmag.org\/wordpress\/wp-content\/uploads\/2022\/06\/220422_MahdiRasikh-1_featured.jpg","datePublished":"2022-06-02T19:56:56+00:00","dateModified":"2025-10-08T14:08:36+00:00","description":"C\u00f3mo Mahdi Rasikh pas\u00f3 de representar a su ciudad natal en el Parlamento de Afganist\u00e1n a vivir en el exilio como refugiado afgano en Maryland.","inLanguage":"es","potentialAction":[{"@type":"ReadAction","target":["https:\/\/borderlessmag.org\/2022\/06\/02\/mahdi-rasikh-afghan-refugee-parliament-exile\/"]}]},{"@type":"ImageObject","inLanguage":"es","@id":"https:\/\/borderlessmag.org\/2022\/06\/02\/mahdi-rasikh-afghan-refugee-parliament-exile\/#primaryimage","url":"https:\/\/borderlessmag.org\/wordpress\/wp-content\/uploads\/2022\/06\/220422_MahdiRasikh-1_featured.jpg","contentUrl":"https:\/\/borderlessmag.org\/wordpress\/wp-content\/uploads\/2022\/06\/220422_MahdiRasikh-1_featured.jpg","caption":"Mahdi Rasikh, a Hazara lawmaker who was elected as a member of the Afghan House of Representatives of the People, in his friend\u2019s house in Odenton, Md., Friday, April 22, 2022."},{"@type":"WebSite","@id":"https:\/\/borderlessmag.org\/#website","url":"https:\/\/borderlessmag.org\/","name":"Revista Borderless NFP","description":"Historias sobre inmigraci\u00f3n e inmigrantes","publisher":{"@id":"https:\/\/borderlessmag.org\/#organization"},"alternateName":"Borderless","potentialAction":[{"@type":"SearchAction","target":{"@type":"EntryPoint","urlTemplate":"https:\/\/borderlessmag.org\/?s={search_term_string}"},"query-input":{"@type":"PropertyValueSpecification","valueRequired":true,"valueName":"search_term_string"}}],"inLanguage":"es"},{"@type":"Organization","@id":"https:\/\/borderlessmag.org\/#organization","name":"Revista Borderless NFP","alternateName":"Borderless Mag","url":"https:\/\/borderlessmag.org\/","logo":{"@type":"ImageObject","inLanguage":"es","@id":"https:\/\/borderlessmag.org\/#\/schema\/logo\/image\/","url":"https:\/\/borderlessmag.org\/wordpress\/wp-content\/uploads\/2025\/08\/BorderlessLogo_main_square.jpg","contentUrl":"https:\/\/borderlessmag.org\/wordpress\/wp-content\/uploads\/2025\/08\/BorderlessLogo_main_square.jpg","width":696,"height":696,"caption":"Borderless Magazine NFP"},"image":{"@id":"https:\/\/borderlessmag.org\/#\/schema\/logo\/image\/"},"sameAs":["https:\/\/www.facebook.com\/BorderlessMagazine","https:\/\/www.instagram.com\/borderless_mag\/","https:\/\/www.tiktok.com\/@borderless_mag"]},{"@type":"Person","@id":"https:\/\/borderlessmag.org\/#\/schema\/person\/721769f552a51acb2512d010998a6659","name":"Saleha Soadat","image":{"@type":"ImageObject","inLanguage":"es","@id":"https:\/\/secure.gravatar.com\/avatar\/fb4c8f2c5e94f12a15bb2b835e2e5a75216f56a55cc8d59ba9687b7c0a8c5a78?s=96&d=mm&r=gfd67f6f855f05c24e7bd86c3c02a1af5","url":"https:\/\/secure.gravatar.com\/avatar\/fb4c8f2c5e94f12a15bb2b835e2e5a75216f56a55cc8d59ba9687b7c0a8c5a78?s=96&d=mm&r=g","contentUrl":"https:\/\/secure.gravatar.com\/avatar\/fb4c8f2c5e94f12a15bb2b835e2e5a75216f56a55cc8d59ba9687b7c0a8c5a78?s=96&d=mm&r=g","caption":"Saleha Soadat"},"url":"https:\/\/borderlessmag.org\/es\/author\/saleha-soadat\/"}]}},"cc_featured_image_caption":{"caption_text":"Mahdi Rasikh, a Hazara lawmaker who was elected as a member of the Afghan House of Representatives of the People, in his friend\u2019s house in Odenton, Md., Friday, April 22, 2022. ","source_text":"","source_url":""},"_links":{"self":[{"href":"https:\/\/borderlessmag.org\/es\/wp-json\/wp\/v2\/posts\/11188","targetHints":{"allow":["GET"]}}],"collection":[{"href":"https:\/\/borderlessmag.org\/es\/wp-json\/wp\/v2\/posts"}],"about":[{"href":"https:\/\/borderlessmag.org\/es\/wp-json\/wp\/v2\/types\/post"}],"author":[{"embeddable":true,"href":"https:\/\/borderlessmag.org\/es\/wp-json\/wp\/v2\/users\/109"}],"replies":[{"embeddable":true,"href":"https:\/\/borderlessmag.org\/es\/wp-json\/wp\/v2\/comments?post=11188"}],"version-history":[{"count":1,"href":"https:\/\/borderlessmag.org\/es\/wp-json\/wp\/v2\/posts\/11188\/revisions"}],"predecessor-version":[{"id":29666,"href":"https:\/\/borderlessmag.org\/es\/wp-json\/wp\/v2\/posts\/11188\/revisions\/29666"}],"wp:featuredmedia":[{"embeddable":true,"href":"https:\/\/borderlessmag.org\/es\/wp-json\/wp\/v2\/media\/11171"}],"wp:attachment":[{"href":"https:\/\/borderlessmag.org\/es\/wp-json\/wp\/v2\/media?parent=11188"}],"wp:term":[{"taxonomy":"category","embeddable":true,"href":"https:\/\/borderlessmag.org\/es\/wp-json\/wp\/v2\/categories?post=11188"},{"taxonomy":"post_tag","embeddable":true,"href":"https:\/\/borderlessmag.org\/es\/wp-json\/wp\/v2\/tags?post=11188"},{"taxonomy":"author","embeddable":true,"href":"https:\/\/borderlessmag.org\/es\/wp-json\/wp\/v2\/coauthors?post=11188"}],"curies":[{"name":"wp","href":"https:\/\/api.w.org\/{rel}","templated":true}]}}