{"id":10486,"date":"2022-02-16T14:23:12","date_gmt":"2022-02-16T20:23:12","guid":{"rendered":"https:\/\/borderlessmag.org\/?p=10486"},"modified":"2025-10-09T12:15:50","modified_gmt":"2025-10-09T17:15:50","slug":"inmigracion-hielo-detencion-inmigrantes-illinois-way-forward-act","status":"publish","type":"post","link":"https:\/\/borderlessmag.org\/es\/2022\/02\/16\/immigration-ice-detention-immigrants-illinois-way-forward-act\/","title":{"rendered":"Illinois acaba de poner fin a las detenciones del ICE. \u00bfQu\u00e9 ocurri\u00f3 con las personas detenidas aqu\u00ed?"},"content":{"rendered":"<div id=\"fws_69ee5f678a052\"  data-column-margin=\"default\" data-midnight=\"dark\"  class=\"wpb_row vc_row-fluid vc_row\"  style=\"padding-top: 0px; padding-bottom: 0px; \"><div class=\"row-bg-wrap\" data-bg-animation=\"none\" data-bg-animation-delay=\"\" data-bg-overlay=\"false\"><div class=\"inner-wrap row-bg-layer\" ><div class=\"row-bg viewport-desktop\"  style=\"\"><\/div><\/div><\/div><div class=\"row_col_wrap_12 col span_12 dark left\">\n\t<div  class=\"vc_col-sm-2 vc_hidden-sm vc_hidden-xs wpb_column column_container vc_column_container col no-extra-padding inherit_tablet inherit_phone\"  data-padding-pos=\"all\" data-has-bg-color=\"false\" data-bg-color=\"\" data-bg-opacity=\"1\" data-animation=\"\" data-delay=\"0\" >\n\t\t<div class=\"vc_column-inner\" >\n\t\t\t<div class=\"wpb_wrapper\">\n\t\t\t\t\n\t\t\t<\/div> \n\t\t<\/div>\n\t<\/div> \n\n\t<div  class=\"vc_col-sm-8 wpb_column column_container vc_column_container col padding-3-percent inherit_tablet inherit_phone\"  data-padding-pos=\"all\" data-has-bg-color=\"false\" data-bg-color=\"\" data-bg-opacity=\"1\" data-animation=\"\" data-delay=\"0\" >\n\t\t<div class=\"vc_column-inner\" >\n\t\t\t<div class=\"wpb_wrapper\">\n\t\t\t\t\n<div class=\"wpb_text_column wpb_content_element\" >\n\t<p><em>Este art\u00edculo fue publicado originalmente por Injustice Watch. <a href=\"https:\/\/www.injusticewatch.org\/subscribe\/\">Suscr\u00edbase a su bolet\u00edn semanal<\/a>.<\/em><\/p>\n<p><span style=\"font-weight: 400;\">Los guardias acudieron a la celda de Armando Cazares en la c\u00e1rcel del condado de McHenry el 3 de febrero, media hora antes de medianoche, y le dijeron que recogiera sus cosas. No le dijeron ad\u00f3nde iba, dijo. Simplemente lo condujeron esposado a una furgoneta, que lo llev\u00f3 de la c\u00e1rcel, situada a una hora en coche al noroeste de Chicago, a un avi\u00f3n, y luego en otra furgoneta a un centro de detenci\u00f3n de inmigrantes en Oklahoma.<\/span><\/p>\n<\/div>\n\n\n\n<div class=\"templatera_shortcode\">\n\t\t<div id=\"fws_69ee5f678b6a3\"  data-column-margin=\"default\" data-midnight=\"dark\"  class=\"wpb_row vc_row-fluid vc_row vc_row-o-equal-height vc_row-flex vc_row-o-content-middle small\"  style=\"padding-top: 0px; padding-bottom: 0px; \"><div class=\"row-bg-wrap\" data-bg-animation=\"none\" data-bg-animation-delay=\"\" data-bg-overlay=\"false\"><div class=\"inner-wrap row-bg-layer\" ><div class=\"row-bg viewport-desktop\"  style=\"\"><\/div><\/div><\/div><div class=\"row_col_wrap_12 col span_12 dark left\">\n\t<div  class=\"vc_col-sm-12 wpb_column column_container vc_column_container col no-extra-padding inherit_tablet inherit_phone border_color_909090 border_style_solid\"  data-padding-pos=\"all\" data-has-bg-color=\"false\" data-bg-color=\"\" data-bg-opacity=\"1\" data-animation=\"\" data-delay=\"0\" >\n\t\t<div class=\"vc_column-inner\" >\n\t\t\t<div class=\"wpb_wrapper\">\n\t\t\t\t\n\t\t<div id=\"fws_69ee5f678c286\"  data-column-margin=\"default\" data-midnight=\"dark\"  class=\"wpb_row vc_row-fluid vc_row vc_row-o-equal-height vc_row-flex vc_row-o-content-middle large top_margin_20px bottom_margin_20px\"  style=\"padding-top: 0px; padding-bottom: 0px; \"><div class=\"row-bg-wrap\" data-bg-animation=\"none\" data-bg-animation-delay=\"\" data-bg-overlay=\"true\"><div class=\"inner-wrap row-bg-layer\" ><div class=\"row-bg viewport-desktop\"  style=\"\"><\/div><\/div><div class=\"row-bg-overlay row-bg-layer\" style=\"background: #FFFFFF; background: linear-gradient(90deg,#FFFFFF 0%,#FFFFFF 100%);  opacity: 1; \"><\/div><\/div><div class=\"row_col_wrap_12 col span_12 dark left\">\n\t<div  class=\"vc_col-sm-12 wpb_column column_container vc_column_container col padding-3-percent force-phone-text-align-center inherit_tablet inherit_phone border_top_desktop_1px border_bottom_desktop_1px border_color_FFFFFF border_style_solid\"  data-padding-pos=\"all\" data-has-bg-color=\"false\" data-bg-color=\"\" data-bg-opacity=\"1\" data-animation=\"\" data-delay=\"0\" >\n\t\t<div class=\"vc_column-inner\" >\n\t\t\t<div class=\"wpb_wrapper\">\n\t\t\t\t<div id=\"fws_69ee5f678ca0e\" data-midnight=\"\" data-column-margin=\"default\" class=\"wpb_row vc_row-fluid vc_row inner_row vc_row-o-equal-height vc_row-flex vc_row-o-content-middle\"  style=\"\"><div class=\"row-bg-wrap\"> <div class=\"row-bg\" ><\/div> <\/div><div class=\"row_col_wrap_12_inner col span_12  left\">\n\t<div  class=\"vc_col-sm-7 wpb_column column_container vc_column_container col child_column no-extra-padding inherit_tablet inherit_phone\"   data-padding-pos=\"all\" data-has-bg-color=\"false\" data-bg-color=\"\" data-bg-opacity=\"1\" data-animation=\"\" data-delay=\"0\" >\n\t\t<div class=\"vc_column-inner\" >\n\t\t<div class=\"wpb_wrapper\">\n\t\t\t\n<div class=\"wpb_text_column wpb_content_element\" >\n\t<h4 id=\"news-that-puts-power-under-the-spotlight-and-communities-at-the-center\"><strong>Noticias que ponen el poder en el punto de mira y a las comunidades en el centro.<\/strong><\/h4>\n<p>Suscr\u00edbase a nuestro bolet\u00edn gratuito y reciba actualizaciones dos veces por semana.<\/p>\n<\/div>\n\n\n\n\n\t\t<\/div> \n\t<\/div>\n\t<\/div> \n\n\t<div style=\"margin-top: -20px; \" class=\"vc_col-sm-5 wpb_column column_container vc_column_container col child_column neg-marg no-extra-padding inherit_tablet inherit_phone\"   data-padding-pos=\"all\" data-has-bg-color=\"false\" data-bg-color=\"\" data-bg-opacity=\"1\" data-animation=\"\" data-delay=\"0\" >\n\t\t<div class=\"vc_column-inner\" >\n\t\t<div class=\"wpb_wrapper\">\n\t\t\t\n\t<div class=\"wpb_raw_code wpb_raw_html wpb_content_element\" >\n\t\t<div class=\"wpb_wrapper\">\n\t\t\t<div class=\"_form_1\"><\/div><script src=\"https:\/\/borderlessmag.bluelena.io\/f\/embed.php?id=1\" charset=\"utf-8\"><\/script>\n\t\t<\/div>\n\t<\/div>\n\n\t\t<\/div> \n\t<\/div>\n\t<\/div> \n<\/div><\/div>\n\t\t\t<\/div> \n\t\t<\/div>\n\t<\/div> \n<\/div><\/div>\n\n\t\t\t<\/div> \n\t\t<\/div>\n\t<\/div> \n<\/div><\/div><\/div>\n<div class=\"wpb_text_column wpb_content_element\" >\n\t<p><span style=\"font-weight: 400;\">\"Cada vez me alejan m\u00e1s de la familia\", dijo en una llamada telef\u00f3nica la semana pasada desde el centro de detenci\u00f3n del condado de Kay, en Newkirk, Oklahoma, a unos 870 kil\u00f3metros de su casa en la zona de Chicago. \"Ni siquiera he querido decirle a mi madre d\u00f3nde estoy. Tengo miedo. Le estoy rompiendo el coraz\u00f3n a mi madre\".<\/span><\/p>\n<p><span style=\"font-weight: 400;\">Cazares fue uno de los \u00faltimos inmigrantes retenidos por el Servicio de Inmigraci\u00f3n y Control de Aduanas de Estados Unidos en Illinois. El pasado agosto, el gobernador J.B. Pritzker <\/span><a href=\"https:\/\/www.injusticewatch.org\/news\/2021\/illinois-end-immigrant-detention\/\"><span style=\"font-weight: 400;\">firm\u00f3 la Ley Illinois Way Forward<\/span><\/a><span style=\"font-weight: 400;\">Con la aprobaci\u00f3n de esta ley, Illinois se convierte en uno de los cuatro estados que han aprobado leyes que proh\u00edben la detenci\u00f3n de inmigrantes tanto privada como municipal. A partir del viernes, los condados del estado ya no pueden alquilar camas en sus c\u00e1rceles al ICE, despu\u00e9s de que <\/span><a href=\"https:\/\/www.injusticewatch.org\/news\/immigration\/2022\/illinois-immigration-detention-appeals-court\/\"><span style=\"font-weight: 400;\">un tribunal de apelaci\u00f3n se neg\u00f3 a suspender la ley<\/span><\/a><span style=\"font-weight: 400;\"> mientras avanza un pleito.<\/span><\/p>\n<\/div>\n\n\n\n<div id=\"fws_69ee5f678e0cb\" data-midnight=\"\" data-column-margin=\"default\" class=\"wpb_row vc_row-fluid vc_row inner_row\"  style=\"\"><div class=\"row-bg-wrap\"> <div class=\"row-bg\" ><\/div> <\/div><div class=\"row_col_wrap_12_inner col span_12  left\">\n\t<div  class=\"vc_col-sm-12 wpb_column column_container vc_column_container col child_column no-extra-padding inherit_tablet inherit_phone border_bottom_desktop_1px border_color_000000 border_style_solid\"   data-padding-pos=\"all\" data-has-bg-color=\"false\" data-bg-color=\"\" data-bg-opacity=\"1\" data-animation=\"\" data-delay=\"0\" >\n\t\t<div class=\"vc_column-inner\" >\n\t\t<div class=\"wpb_wrapper\">\n\t\t\t<div class=\"vc_separator wpb_content_element vc_separator_align_center vc_sep_width_100 vc_sep_pos_align_center vc_sep_color_black wpb_content_element vc_separator-has-text\" ><span class=\"vc_sep_holder vc_sep_holder_l\"><span class=\"vc_sep_line\"><\/span><\/span><h4 id=\"read-more-of-our-coverage\">M\u00e1s informaci\u00f3n<\/h4><span class=\"vc_sep_holder vc_sep_holder_r\"><span class=\"vc_sep_line\"><\/span><\/span>\n<\/div>\n<div class=\"wpb_text_column wpb_content_element\" >\n\t\t\t<div class=\"pk-inline-posts\">\n\t\t\t\n\t\t\t<div class=\"pk-inline-posts-container pk-inline-posts-template-list\"\n\t\t\t\tdata-columns=\"1\">\n\t\t\t\t\t\t<article id=\"post-8495\" class=\"post-8495 post type-post status-publish format-standard has-post-thumbnail category-as-told-to category-organizing tag-emmalozano\">\n\t\t\t<div class=\"pk-post-outer\">\n\n\t\t\t\t\t\t\t\t<div class=\"pk-post-inner\">\n\t\t\t\t\t<div class=\"entry-thumbnail\">\n\t\t\t\t\t\t<div class=\"pk-overlay pk-overlay-ratio pk-ratio-landscape\">\n\t\t\t\t\t\t\t<div class=\"pk-overlay-background\">\n\t\t\t\t\t\t\t\t<a href=\"https:\/\/borderlessmag.org\/es\/2021\/11\/23\/the-sanctuary-movement-15-years-on\/\" class=\"pk-overlay-link\">\n\t\t\t\t\t\t\t\t\t<img decoding=\"async\" width=\"1\" height=\"1\" src=\"https:\/\/borderlessmag.org\/wordpress\/wp-content\/uploads\/2021\/11\/112221_EmmaLozano_01.jpg\" class=\"attachment-pk-thumbnail size-pk-thumbnail wp-post-image\" alt=\"La organizadora y pastora Emma Lozano, con una sudadera negra con capucha, posa delante de un mural que representa al alcalde de Chicago Harold Washington y al hermano de Lozano, Rudy Lozano.\" \/>\t\t\t\t\t\t\t\t<\/a>\n\t\t\t\t\t\t\t<\/div>\n\t\t\t\t\t\t<\/div>\n\t\t\t\t\t<\/div>\n\t\t\t\t<\/div>\n\t\t\t\t\n\t\t\t\t<div class=\"pk-post-inner\">\n\t\t\t\t\t<header>\n\t\t\t\t\t\t<h3 class=\"pk-title\"><a href=\"https:\/\/borderlessmag.org\/es\/2021\/11\/23\/the-sanctuary-movement-15-years-on\/\" rel=\"bookmark\">El movimiento santuario 15 a\u00f1os despu\u00e9s<\/a><\/h3>\t\t\t\t\t\t\t<div class=\"pk-post-meta\">\n\t\t\t\t\t\t\t\t<span class=\"pk-meta-author meta-author\"><span class=\"author vcard\"><a class=\"url fn n\" href=\"https:\/\/borderlessmag.org\/es\/author\/michelle-kanaar\/\" title=\"Ver todas las publicaciones de Michelle Kanaar\">Michelle Kanaar<\/a><\/span><\/span>\t\t\t\t\t\t\t\t<span class=\"sep\">-<\/span>\n\t\t\t\t\t\t\t\t<span class=\"pk-meta-date meta-date\"><a href=\"https:\/\/borderlessmag.org\/es\/2021\/11\/23\/the-sanctuary-movement-15-years-on\/\" rel=\"bookmark\">23 de noviembre de 2021<\/a><\/span>\t\t\t\t\t\t\t<\/div>\n\t\t\t\t\t\t\t\t\t\t\t\t<\/header><!-- .entry-header -->\n\t\t\t\t<\/div><!-- .post-inner -->\n\n\t\t\t<\/div><!-- .post-outer -->\n\t\t<\/article>\n\t\t\t\t<\/div>\n\t\t<\/div>\n\t\t\n<\/div>\n\n\n\n\n\t\t<\/div> \n\t<\/div>\n\t<\/div> \n<\/div><\/div>\n<div class=\"wpb_text_column wpb_content_element\" >\n\t<p><span style=\"font-weight: 400;\">Los defensores de la Ley Illinois Way Forward afirman que <\/span><span style=\"font-weight: 400;\">La ley ayudar\u00eda a sacar a la gente de la c\u00e1rcel para que pudieran luchar contra sus casos de deportaci\u00f3n en casa con sus familias. Pero funcionarios de los condados de McHenry y Kankakee, que ten\u00edan lucrativos contratos con el ICE y demandaron al estado para evitar que la ley entrara en vigor, dijeron que los inmigrantes en sus c\u00e1rceles s\u00f3lo ser\u00edan trasladados a otros estados, donde estar\u00edan m\u00e1s aislados de sus comunidades.<\/span><\/p>\n<p><span style=\"font-weight: 400;\">Al final, ambos ten\u00edan raz\u00f3n.<\/span><\/p>\n<p><span style=\"font-weight: 400;\">En las semanas previas a la fecha l\u00edmite, el ICE liber\u00f3 a 41 de los 76 inmigrantes que hab\u00edan estado en las c\u00e1rceles de los condados de McHenry y Kankakee a mediados de enero, seg\u00fan correos electr\u00f3nicos de la agencia obtenidos por Injustice Watch. Pero una semana antes de la fecha l\u00edmite, el ICE traslad\u00f3 a Cazares y a otros 29 detenidos a centros de detenci\u00f3n de otros estados, como Indiana, Kentucky, Oklahoma y Texas. El resto fueron deportados o transferidos a otros organismos encargados de hacer cumplir la ley.<\/span><\/p>\n<p><span style=\"font-weight: 400;\">Injustice Watch habl\u00f3 con inmigrantes detenidos y sus familias, abogados y defensores para entender lo que significaba el fin de la detenci\u00f3n de inmigrantes en Illinois para las personas m\u00e1s afectadas por ella.<\/span><\/p>\n<p><span style=\"font-weight: 400;\">Las personas liberadas describieron emocionados reencuentros con sus familias y alivio ante la idea de no tener que pasar otra noche en la c\u00e1rcel. Y para sus abogados y defensores, el n\u00famero de excarcelaciones demuestra lo que puede ocurrir cuando las comunidades se unen para poner fin a la detenci\u00f3n por el ICE.<\/span><\/p>\n<p><span style=\"font-weight: 400;\">\"Ninguna de estas personas habr\u00eda sido liberada si no hubi\u00e9ramos tenido esta legislaci\u00f3n y b\u00e1sicamente forzado la mano de ICE\", dijo Fred Tsao, asesor principal de pol\u00edticas de la Coalici\u00f3n de Illinois para los Derechos de los Inmigrantes y Refugiados. \"Eso, en s\u00ed mismo, es una victoria\".<\/span><\/p>\n<p><span style=\"font-weight: 400;\">Pero para quienes permanecen bajo custodia del ICE, el fin de la detenci\u00f3n en Illinois trajo consigo traslados fortuitos en mitad de la noche y un aumento de la ansiedad ante la posibilidad de ser deportados sin volver a ver a sus familias.<\/span><\/p>\n<\/div>\n\n\n\n\n\t\t\t<\/div> \n\t\t<\/div>\n\t<\/div> \n\n\t<div  class=\"vc_col-sm-2 vc_hidden-sm vc_hidden-xs wpb_column column_container vc_column_container col no-extra-padding inherit_tablet inherit_phone\"  data-padding-pos=\"all\" data-has-bg-color=\"false\" data-bg-color=\"\" data-bg-opacity=\"1\" data-animation=\"\" data-delay=\"0\" >\n\t\t<div class=\"vc_column-inner\" >\n\t\t\t<div class=\"wpb_wrapper\">\n\t\t\t\t\n\t\t\t<\/div> \n\t\t<\/div>\n\t<\/div> \n<\/div><\/div>\n\t\t<div id=\"fws_69ee5f67921fd\"  data-column-margin=\"default\" data-midnight=\"dark\"  class=\"wpb_row vc_row-fluid vc_row article-image\"  style=\"padding-top: 0px; padding-bottom: 0px; \"><div class=\"row-bg-wrap\" data-bg-animation=\"none\" data-bg-animation-delay=\"\" data-bg-overlay=\"false\"><div class=\"inner-wrap row-bg-layer\" ><div class=\"row-bg viewport-desktop\"  style=\"\"><\/div><\/div><\/div><div class=\"row_col_wrap_12 col span_12 dark left\">\n\t<div  class=\"vc_col-sm-12 wpb_column column_container vc_column_container col no-extra-padding inherit_tablet inherit_phone\"  data-padding-pos=\"all\" data-has-bg-color=\"false\" data-bg-color=\"\" data-bg-opacity=\"1\" data-animation=\"\" data-delay=\"0\" >\n\t\t<div class=\"vc_column-inner\" >\n\t\t\t<div class=\"wpb_wrapper\">\n\t\t\t\t<div class=\"img-with-aniamtion-wrap center\" data-max-width=\"100%\" data-max-width-mobile=\"default\" data-shadow=\"none\" data-animation=\"fade-in\" >\r\n      <div class=\"inner\">\r\n        <div class=\"hover-wrap\"> \r\n          <div class=\"hover-wrap-inner\">\r\n            <img decoding=\"async\" class=\"img-with-animation skip-lazy\" data-delay=\"0\" height=\"100\" width=\"100\" data-animation=\"fade-in\" src=\"https:\/\/borderlessmag.org\/wordpress\/wp-content\/uploads\/2022\/02\/Cazares_Armando_CROPPED.jpg\" alt=\"\"  \/>\r\n         <\/div>\r\n      <\/div><span class=\"vc_figure-caption ccfic-text media-caption\">Armando Cazares (centro), con su esposa, el hijo de ambos y su difunta hija, Maritza, asesinada a tiros en 2019. Cazares fue trasladado de la c\u00e1rcel del condado de McHenry a un centro de detenci\u00f3n en Oklahoma una semana antes del fin de la detenci\u00f3n del ICE en Illinois. <\/span><span class=\"media-credit\">Foto cortes\u00eda de David Ruiz-Padilla<\/span><\/div><\/div>\n\t\t\t<\/div> \n\t\t<\/div>\n\t<\/div> \n<\/div><\/div>\n\t\t<div id=\"fws_69ee5f6792efc\"  data-column-margin=\"default\" data-midnight=\"dark\"  class=\"wpb_row vc_row-fluid vc_row\"  style=\"padding-top: 0px; padding-bottom: 0px; \"><div class=\"row-bg-wrap\" data-bg-animation=\"none\" data-bg-animation-delay=\"\" data-bg-overlay=\"false\"><div class=\"inner-wrap row-bg-layer\" ><div class=\"row-bg viewport-desktop\"  style=\"\"><\/div><\/div><\/div><div class=\"row_col_wrap_12 col span_12 dark left\">\n\t<div  class=\"vc_col-sm-2 vc_hidden-sm vc_hidden-xs wpb_column column_container vc_column_container col no-extra-padding inherit_tablet inherit_phone\"  data-padding-pos=\"all\" data-has-bg-color=\"false\" data-bg-color=\"\" data-bg-opacity=\"1\" data-animation=\"\" data-delay=\"0\" >\n\t\t<div class=\"vc_column-inner\" >\n\t\t\t<div class=\"wpb_wrapper\">\n\t\t\t\t\n\t\t\t<\/div> \n\t\t<\/div>\n\t<\/div> \n\n\t<div  class=\"vc_col-sm-8 wpb_column column_container vc_column_container col padding-3-percent inherit_tablet inherit_phone\"  data-padding-pos=\"all\" data-has-bg-color=\"false\" data-bg-color=\"\" data-bg-opacity=\"1\" data-animation=\"\" data-delay=\"0\" >\n\t\t<div class=\"vc_column-inner\" >\n\t\t\t<div class=\"wpb_wrapper\">\n\t\t\t\t\n<div class=\"wpb_text_column wpb_content_element\" >\n\t<p><span style=\"font-weight: 400;\">Cazares ten\u00eda que comparecer ante un juez del Tribunal de Inmigraci\u00f3n de Chicago el 10 de febrero para que tomara una decisi\u00f3n definitiva sobre si pod\u00eda permanecer en el pa\u00eds. Pero ahora que ha sido trasladado fuera del estado, su procedimiento de deportaci\u00f3n se ha aplazado hasta al menos marzo, dijo su abogado.<\/span><\/p>\n<p><span style=\"font-weight: 400;\">\"No hay manera de que podamos hacer frente a esto. Somos gente que no para de llorar\", dijo Cazares refiri\u00e9ndose a las personas trasladadas. \"Te sientes recluido, como si nos hubi\u00e9ramos quedado sin ayuda\".<\/span><\/p>\n<p><span style=\"font-weight: 400;\">En un comunicado, un portavoz del ICE dijo que la agencia da prioridad a \"la detenci\u00f3n y expulsi\u00f3n de los no ciudadanos que representan una amenaza para nuestra seguridad nacional, la seguridad p\u00fablica y la seguridad fronteriza\". El portavoz tambi\u00e9n dijo que las pol\u00edticas de traslado del ICE tienen en cuenta la familia inmediata, el abogado de registro y el estado de los procedimientos de expulsi\u00f3n.<\/span><\/p>\n<p><span style=\"font-weight: 400;\">Pero los defensores dijeron que los traslados muestran c\u00f3mo las decisiones de detenci\u00f3n del ICE son opacas y a menudo parecen ignorar las circunstancias de las personas bajo custodia. Prometieron seguir luchando por la liberaci\u00f3n de todos los detenidos en Illinois.<\/span><\/p>\n<p><span style=\"font-weight: 400;\">\"Podr\u00edan haber liberado a las 30 personas - no hay falta de autoridad all\u00ed\", dijo Xanat Sobrevilla, un organizador de Comunidades Organizadas Contra las Deportaciones, un grupo activista en Chicago. \"Simplemente hay una falta de elecci\u00f3n por parte del ICE\".<\/span><\/p>\n<h3 id=\"bull-in-a-china-shop\"><b>Toro en una tienda de porcelana<\/b><\/h3>\n<p><span style=\"font-weight: 400;\">La sentencia de muerte de la detenci\u00f3n de inmigrantes en Illinois lleg\u00f3 el 12 de enero, cuando un panel de tres jueces de la Corte de Apelaciones de EE.UU. para el 7\u00ba Circuito <\/span><a href=\"https:\/\/www.injusticewatch.org\/news\/immigration\/2022\/illinois-immigration-detention-appeals-court\/\"><span style=\"font-weight: 400;\">levant\u00f3 la suspensi\u00f3n temporal de la Ley Illinois Way Forward<\/span><\/a><span style=\"font-weight: 400;\">. Esa decisi\u00f3n significaba que el ICE dispon\u00eda de un mes para sacar a los detenidos bajo su custodia de los condados de McHenry y Kankakee.<\/span><\/p>\n<p><span style=\"font-weight: 400;\">En una reuni\u00f3n virtual con un grupo de defensores y abogados celebrada el 21 de enero, los funcionarios del ICE acordaron mantener informados a los abogados sobre los traslados y mantener los tel\u00e9fonos a disposici\u00f3n de los detenidos antes de que se los llevaran, seg\u00fan las personas que asistieron a la reuni\u00f3n. El 3 de febrero, un funcionario del ICE comunic\u00f3 al grupo por correo electr\u00f3nico que los traslados \"<\/span><span style=\"font-weight: 400;\">se producir\u00e1 a principios de febrero\", seg\u00fan copias de los correos electr\u00f3nicos compartidos con Injustice Watch.<\/span><\/p>\n<p><span style=\"font-weight: 400;\">Pero pocas horas despu\u00e9s, el ICE comenz\u00f3 a trasladar a personas fuera del estado. Los abogados de los detenidos y sus familias dijeron a Injustice Watch que las c\u00e1rceles cortaron el acceso telef\u00f3nico, por lo que las personas detenidas no pod\u00edan decir a sus familias a d\u00f3nde iban.<\/span><\/p>\n<p><span style=\"font-weight: 400;\">Los precipitados traslados dejaron confusos y conmocionados a abogados, defensores y familiares de los detenidos.<\/span><\/p>\n<p><span style=\"font-weight: 400;\">\"Yo lo describir\u00eda como si el ICE entrara en la tienda de porcelana, rompiera los jarrones y se marchara\", dijo Ali Daoud Smith, director de visitas a la c\u00e1rcel de la Comunidad Interreligiosa para Inmigrantes Detenidos, un grupo religioso de Chicago que apoya a los detenidos por el ICE y a sus familias.<\/span><\/p>\n<\/div>\n\n\n\n\n\t\t\t<\/div> \n\t\t<\/div>\n\t<\/div> \n<\/div><\/div>\n\t\t<div id=\"fws_69ee5f6793c4a\"  data-column-margin=\"default\" data-midnight=\"dark\"  class=\"wpb_row vc_row-fluid vc_row article-image\"  style=\"padding-top: 0px; padding-bottom: 0px; \"><div class=\"row-bg-wrap\" data-bg-animation=\"none\" data-bg-animation-delay=\"\" data-bg-overlay=\"false\"><div class=\"inner-wrap row-bg-layer\" ><div class=\"row-bg viewport-desktop\"  style=\"\"><\/div><\/div><\/div><div class=\"row_col_wrap_12 col span_12 dark left\">\n\t<div  class=\"vc_col-sm-12 wpb_column column_container vc_column_container col no-extra-padding inherit_tablet inherit_phone\"  data-padding-pos=\"all\" data-has-bg-color=\"false\" data-bg-color=\"\" data-bg-opacity=\"1\" data-animation=\"\" data-delay=\"0\" >\n\t\t<div class=\"vc_column-inner\" >\n\t\t\t<div class=\"wpb_wrapper\">\n\t\t\t\t<div class=\"img-with-aniamtion-wrap center\" data-max-width=\"100%\" data-max-width-mobile=\"default\" data-shadow=\"none\" data-animation=\"fade-in\" >\r\n      <div class=\"inner\">\r\n        <div class=\"hover-wrap\"> \r\n          <div class=\"hover-wrap-inner\">\r\n            <img decoding=\"async\" class=\"img-with-animation skip-lazy\" data-delay=\"0\" height=\"100\" width=\"100\" data-animation=\"fade-in\" src=\"https:\/\/borderlessmag.org\/wordpress\/wp-content\/uploads\/2022\/02\/Saba_Umair_Syed_CROPPED.jpg\" alt=\"\"  \/>\r\n         <\/div>\r\n      <\/div><span class=\"vc_figure-caption ccfic-text media-caption\">Saba Syed, Umair Javaid y su hijo celebrando su cuarto cumplea\u00f1os en 2020. Javaid fue trasladado de la c\u00e1rcel del condado de McHenry a un centro de detenci\u00f3n en Oklahoma una semana antes del fin de la detenci\u00f3n del ICE en Illinois. <\/span><span class=\"media-credit\">Fotograf\u00eda cortes\u00eda de Saba Syed<\/span><\/div><\/div>\n\t\t\t<\/div> \n\t\t<\/div>\n\t<\/div> \n<\/div><\/div>\n\t\t<div id=\"fws_69ee5f6794812\"  data-column-margin=\"default\" data-midnight=\"dark\"  class=\"wpb_row vc_row-fluid vc_row\"  style=\"padding-top: 0px; padding-bottom: 0px; \"><div class=\"row-bg-wrap\" data-bg-animation=\"none\" data-bg-animation-delay=\"\" data-bg-overlay=\"false\"><div class=\"inner-wrap row-bg-layer\" ><div class=\"row-bg viewport-desktop\"  style=\"\"><\/div><\/div><\/div><div class=\"row_col_wrap_12 col span_12 dark left\">\n\t<div  class=\"vc_col-sm-2 vc_hidden-sm vc_hidden-xs wpb_column column_container vc_column_container col no-extra-padding inherit_tablet inherit_phone\"  data-padding-pos=\"all\" data-has-bg-color=\"false\" data-bg-color=\"\" data-bg-opacity=\"1\" data-animation=\"\" data-delay=\"0\" >\n\t\t<div class=\"vc_column-inner\" >\n\t\t\t<div class=\"wpb_wrapper\">\n\t\t\t\t\n\t\t\t<\/div> \n\t\t<\/div>\n\t<\/div> \n\n\t<div  class=\"vc_col-sm-8 wpb_column column_container vc_column_container col padding-3-percent inherit_tablet inherit_phone\"  data-padding-pos=\"all\" data-has-bg-color=\"false\" data-bg-color=\"\" data-bg-opacity=\"1\" data-animation=\"\" data-delay=\"0\" >\n\t\t<div class=\"vc_column-inner\" >\n\t\t\t<div class=\"wpb_wrapper\">\n\t\t\t\t\n<div class=\"wpb_text_column wpb_content_element\" >\n\t<p><span style=\"font-weight: 400;\">Saba Syed dijo que no pudo ponerse en contacto con su marido, Umair Javaid, durante m\u00e1s de un d\u00eda mientras era trasladado de la c\u00e1rcel del condado de McHenry al centro de detenci\u00f3n de Oklahoma.<\/span><\/p>\n<p><span style=\"font-weight: 400;\">\"Ya era bastante malo, no pod\u00edas verle aqu\u00ed, pero al menos sab\u00edas que estaba cerca\", dijo. \"Pero ahora est\u00e1 lejos, muy lejos\".<\/span><\/p>\n<p><span style=\"font-weight: 400;\">Javaid lleg\u00f3 a Estados Unidos en 1999 con una tarjeta verde, pero el ICE lo detuvo el pasado agosto tras ser condenado por un delito de abuso sexual a un menor, seg\u00fan su esposa. Espera que lo deporten, pero no entiende por qu\u00e9 tiene que estar detenido mientras defiende su caso ante el tribunal de inmigraci\u00f3n, sobre todo despu\u00e9s de haber pasado tiempo en la c\u00e1rcel por su condena penal.<\/span><\/p>\n<p><span style=\"font-weight: 400;\">\"Si van a ser deportados, al menos que tengan la oportunidad de pasar el tiempo que les quede con su familia\", dijo.<\/span><\/p>\n<h3 id=\"ive-been-here-for-47-years-i-dont-have-family-over-there\"><b>Llevo 47 a\u00f1os aqu\u00ed. No tengo familia all\u00ed'<\/b><\/h3>\n<p><span style=\"font-weight: 400;\">Cazares, de 52 a\u00f1os, emigr\u00f3 legalmente a Estados Unidos desde M\u00e9xico con su familia cuando ten\u00eda 4 a\u00f1os. Luch\u00f3 contra el alcoholismo y la adicci\u00f3n a la coca\u00edna durante toda su vida adulta, subproductos de los abusos f\u00edsicos y emocionales que sufri\u00f3 por parte de su padre, seg\u00fan declar\u00f3.<\/span><\/p>\n<p><span style=\"font-weight: 400;\">Cazares acumul\u00f3 una serie de condenas, incluida la conducci\u00f3n bajo los efectos del alcohol, en la d\u00e9cada de 2000. En 2019, se declar\u00f3 culpable de un delito grave de posesi\u00f3n de coca\u00edna y fue condenado a cuatro a\u00f1os de prisi\u00f3n. Con cr\u00e9dito por el tiempo cumplido, fue puesto en libertad en noviembre de 2020.<\/span><\/p>\n<p><span style=\"font-weight: 400;\">Cuando sali\u00f3 de prisi\u00f3n, Cazares consigui\u00f3 un trabajo, se inscribi\u00f3 en un programa de tratamiento de drogodependencias y se mantuvo alejado de la ley, dijo. Cazares dijo que quer\u00eda dar un giro a su vida para convertirse en un mejor padre para su hijo, especialmente despu\u00e9s de que su hija de 19 a\u00f1os, Maritza, fuera <\/span><a href=\"https:\/\/www.chicagotribune.com\/suburbs\/aurora-beacon-news\/ct-abn-fatal-shooting-tl-0728-20190727-gwne6wup3fdybjntxyn6pawmly-story.html\"><span style=\"font-weight: 400;\">asesinado a tiros<\/span><\/a><span style=\"font-weight: 400;\"> en un tiroteo en Aurora mientras estaba encarcelado. \"Eso es algo que nunca voy a olvidar\", dijo. \"A veces me culpo por no haber estado all\u00ed\".<\/span><\/p>\n<p><span style=\"font-weight: 400;\">Pero en agosto, agentes del ICE lo detuvieron; su condena por coca\u00edna lo hab\u00eda convertido en deportable, aunque tiene tarjeta verde. \"Llevo aqu\u00ed 47 a\u00f1os. No tengo familia en absoluto all\u00ed. No tengo a nadie\", dijo.<\/span><\/p>\n<p><span style=\"font-weight: 400;\">El abogado de Cazares, David Ruiz-Padilla, dijo que el ICE deber\u00eda haberlo puesto en libertad en lugar de trasladarlo d\u00edas antes de su audiencia final ante el tribunal. La administraci\u00f3n Biden emiti\u00f3 nuevas directrices de aplicaci\u00f3n el a\u00f1o pasado que permiten al ICE considerar la \"<\/span><a href=\"https:\/\/www.dhs.gov\/news\/2021\/09\/30\/secretary-mayorkas-announces-new-immigration-enforcement-priorities\"><span style=\"font-weight: 400;\">totalidad de los hechos y circunstancias<\/span><\/a><span style=\"font-weight: 400;\">\" a la hora de decidir si se detiene a alguien, no s\u00f3lo sus antecedentes penales.<\/span><span style=\"font-weight: 400;\"><br \/>\n<\/span><span style=\"font-weight: 400;\"><br \/>\n<\/span><span style=\"font-weight: 400;\">\"No estamos diciendo que se ponga fin al procedimiento (de deportaci\u00f3n). En realidad estamos diciendo que se le deje en libertad. Que luche por su caso con los miembros de su comunidad y su familia\", dijo Ruiz-Padilla.<\/span><\/p>\n<p><span style=\"font-weight: 400;\">La madre de Cazares, Mar\u00eda, dijo a Injustice Watch que desear\u00eda que el ICE dejara salir a su hijo mientras espera la fecha de su juicio. \"Rezo a Dios por su liberaci\u00f3n\", dijo, \"pero \u00bfqu\u00e9 m\u00e1s puedo hacer?\".<\/span><\/p>\n<h3 id=\"41-released-from-ice-detention\"><b>41 Liberados del centro de detenci\u00f3n de ICE<\/b><\/h3>\n<p><span style=\"font-weight: 400;\">Defensores y abogados estaban consternados por el n\u00famero de personas que ICE transfiri\u00f3 a otros estados cuando los contratos de detenci\u00f3n en Illinois llegaron a su fin. Pero encontraron esperanza en el n\u00famero de personas que ICE liber\u00f3 en el \u00faltimo mes.<\/span><\/p>\n<p><span style=\"font-weight: 400;\">\"Pensar en 41 familias individuales que se ven afectadas por esto, y su trauma ha terminado. Eso es un regalo para todas y cada una de esas personas y sus familias\", dijo Amanda Hall, cofundadora de la Coalici\u00f3n para Cancelar el Contrato de ICE en el condado de McHenry.\u00a0<\/span><\/p>\n<p><span style=\"font-weight: 400;\">Una de las personas que consigui\u00f3 la liberaci\u00f3n fue Carlos, de 22 a\u00f1os, que entr\u00f3 en Estados Unidos como menor no acompa\u00f1ado en 2014. (Pidi\u00f3 no usar su apellido para poder hablar libremente de su caso).<\/span><\/p>\n<p><span style=\"font-weight: 400;\">Unos a\u00f1os m\u00e1s tarde, mientras Carlos y su novia paseaban por el barrio de Irving Park, en Chicago, un grupo de \"varones desconocidos le golpe\u00f3 en la cabeza y el cuerpo numerosas veces con un bate de b\u00e9isbol\", seg\u00fan los registros presentados por sus abogados. Carlos sufri\u00f3 una fractura de cr\u00e1neo en el ataque y estuvo en coma varias semanas.<\/span><\/p>\n<p><span style=\"font-weight: 400;\">Las lesiones cerebrales que sufri\u00f3 en el ataque afectaron a su control de los impulsos y a su evaluaci\u00f3n del riesgo, dijeron sus abogados. En 2020, Carlos se declar\u00f3 culpable de posesi\u00f3n de un veh\u00edculo robado y exhibicionismo.  Cuando sali\u00f3 de prisi\u00f3n en marzo de 2021, el ICE le estaba esperando.<\/span><\/p>\n<p><span style=\"font-weight: 400;\">\"No sab\u00eda que me iban a llevar hasta que sal\u00ed y lleg\u00f3 el ICE\", dijo Carlos. \"Mi familia estaba all\u00ed para recogerme. S\u00f3lo pude saludar a trav\u00e9s de la furgoneta (del ICE)\".<\/span><\/p>\n<p><span style=\"font-weight: 400;\">La agresi\u00f3n que sufri\u00f3 Carlos le dio derecho a solicitar un visado especial para v\u00edctimas de delitos violentos, llamado visado U, que le permitir\u00eda permanecer legalmente en el pa\u00eds. Un juez de inmigraci\u00f3n concedi\u00f3 a Carlos una exenci\u00f3n de visado en noviembre. Eso deber\u00eda haberle permitido salir de la c\u00e1rcel mientras esperaba a que se tramitara el visado en s\u00ed, un proceso que podr\u00eda llevar a\u00f1os, argumentaron sus abogados.<\/span><\/p>\n<p><span style=\"font-weight: 400;\">Desde entonces, los abogados de Carlos, del Centro Nacional de Justicia para los Inmigrantes, han pedido varias veces al ICE que lo ponga en libertad, <\/span><a href=\"https:\/\/www.ice.gov\/doclib\/news\/releases\/2021\/11005.3.pdf\"><span style=\"font-weight: 400;\">citando las nuevas directrices emitidas por la administraci\u00f3n Biden para ejercer una discreci\u00f3n favorable para personas como Carlos<\/span><\/a><span style=\"font-weight: 400;\"> v\u00edctimas de delitos violentos. Pero el ICE se neg\u00f3.<\/span><\/p>\n<p><span style=\"font-weight: 400;\">El ICE liber\u00f3 finalmente a Carlos el 4 de febrero, cuando se acercaba la fecha l\u00edmite para poner fin a la detenci\u00f3n de inmigrantes en Illinois.<\/span><\/p>\n<p><span style=\"font-weight: 400;\">\"Me siento aliviado. Quiero abrazar a mis hijos. Espero que no se hayan olvidado de m\u00ed despu\u00e9s de todo este tiempo\", dijo en una llamada telef\u00f3nica el d\u00eda antes de ser liberado del Centro de Detenci\u00f3n Jerome Combs en Kankakee. Carlos admite que sigue teniendo miedo de ser deportado a Ecuador, \"pero por ahora estoy contento porque al menos ser\u00e9 libre y ver\u00e9 a mis hijos\", que son ciudadanos estadounidenses.<\/span><\/p>\n<p><span style=\"font-weight: 400;\">Los abogados de Carlos atribuyen su liberaci\u00f3n a la defensa y organizaci\u00f3n que acompa\u00f1aron a la Ley Illinois Way Forward.<\/span><span style=\"font-weight: 400;\"> \"Estamos bastante seguros de que nadie habr\u00eda sido puesto en libertad y todos habr\u00edan sido trasladados sin ese tipo de activismo y organizaci\u00f3n de la comunidad\", afirm\u00f3 Lisa Chun, una de las abogadas de Carlos.<\/span><\/p>\n<p><span style=\"font-weight: 400;\">Hall afirm\u00f3 que el hecho de que el ICE pusiera en libertad a 41 personas deber\u00eda servir de motivaci\u00f3n a los organizadores de otros estados que trabajan para poner fin a la detenci\u00f3n del ICE en sus comunidades.<\/span><\/p>\n<p><span style=\"font-weight: 400;\">\"Es una piedra m\u00e1s en el estanque. Y no somos la primera piedra -otros centros de detenci\u00f3n han cerrado-, pero con cada uno, (esto) seguir\u00e1 enviando esos efectos domin\u00f3 y seguir\u00e1 sucediendo\", dijo Hall. \"Como que definitivamente no vamos a ser los \u00faltimos, y eso es algo incre\u00edble de pensar\".<\/span><\/p>\n<\/div>\n\n\n\n\n\t\t\t<\/div> \n\t\t<\/div>\n\t<\/div> \n\n\t<div  class=\"vc_col-sm-2 vc_hidden-sm vc_hidden-xs wpb_column column_container vc_column_container col no-extra-padding inherit_tablet inherit_phone\"  data-padding-pos=\"all\" data-has-bg-color=\"false\" data-bg-color=\"\" data-bg-opacity=\"1\" data-animation=\"\" data-delay=\"0\" >\n\t\t<div class=\"vc_column-inner\" >\n\t\t\t<div class=\"wpb_wrapper\">\n\t\t\t\t\n\t\t\t<\/div> \n\t\t<\/div>\n\t<\/div> \n<\/div><\/div>\n\t\t<div id=\"fws_69ee5f6795aa4\"  data-column-margin=\"default\" data-midnight=\"dark\"  class=\"wpb_row vc_row-fluid vc_row\"  style=\"padding-top: 0px; padding-bottom: 0px; \"><div class=\"row-bg-wrap\" data-bg-animation=\"none\" data-bg-animation-delay=\"\" data-bg-overlay=\"false\"><div class=\"inner-wrap row-bg-layer\" ><div class=\"row-bg viewport-desktop\"  style=\"\"><\/div><\/div><\/div><div class=\"row_col_wrap_12 col span_12 dark left\">\n\t<div  class=\"vc_col-sm-12 wpb_column column_container vc_column_container col no-extra-padding inherit_tablet inherit_phone\"  data-padding-pos=\"all\" data-has-bg-color=\"false\" data-bg-color=\"\" data-bg-opacity=\"1\" data-animation=\"\" data-delay=\"0\" >\n\t\t<div class=\"vc_column-inner\" >\n\t\t\t<div class=\"wpb_wrapper\">\n\t\t\t\t\n\t\t\t<\/div> \n\t\t<\/div>\n\t<\/div> \n<\/div><\/div>\n\t\t<div id=\"fws_69ee5f6796376\"  data-column-margin=\"default\" data-midnight=\"dark\"  class=\"wpb_row vc_row-fluid vc_row vc_row-o-equal-height vc_row-flex bottom-links\"  style=\"padding-top: 0px; padding-bottom: 0px; \"><div class=\"row-bg-wrap\" data-bg-animation=\"none\" data-bg-animation-delay=\"\" data-bg-overlay=\"false\"><div class=\"inner-wrap row-bg-layer\" ><div class=\"row-bg viewport-desktop\"  style=\"\"><\/div><\/div><\/div><div class=\"row_col_wrap_12 col span_12 dark left\">\n\t<div  class=\"vc_col-sm-8 wpb_column column_container vc_column_container col no-extra-padding inherit_tablet inherit_phone\"  data-padding-pos=\"all\" data-has-bg-color=\"false\" data-bg-color=\"\" data-bg-opacity=\"1\" data-animation=\"\" data-delay=\"0\" >\n\t\t<div class=\"vc_column-inner\" >\n\t\t\t<div class=\"wpb_wrapper\">\n\t\t\t\t\n\t<div class=\"wpb_widgetised_column wpb_content_element\">\n\t\t<div id=\"sidebar\" data-nectar-ss=\"\" class=\"wpb_wrapper\"><h2 id=\"related-stories\" class=\"wpb_heading wpb_widgetised_column_heading\">Historias relacionadas<\/h2>\n\t\t\t\n\t\t<\/div> \n\t<\/div> \n\t\t\t<\/div> \n\t\t<\/div>\n\t<\/div> \n\n\t<div  class=\"vc_col-sm-4 wpb_column column_container vc_column_container col no-extra-padding inherit_tablet inherit_phone\"  data-padding-pos=\"all\" data-has-bg-color=\"false\" data-bg-color=\"\" data-bg-opacity=\"1\" data-animation=\"\" data-delay=\"0\" >\n\t\t<div class=\"vc_column-inner\" >\n\t\t\t<div class=\"wpb_wrapper\">\n\t\t\t\t\n\t<div class=\"wpb_widgetised_column wpb_content_element\">\n\t\t<div id=\"sidebar\" data-nectar-ss=\"\" class=\"wpb_wrapper\"><h2 id=\"recent-stories\" class=\"wpb_heading wpb_widgetised_column_heading\">Historias recientes<\/h2>\n\t\t\t\n\t\t<\/div> \n\t<\/div> \n\t\t\t<\/div> \n\t\t<\/div>\n\t<\/div> \n<\/div><\/div>","protected":false},"excerpt":{"rendered":"<p>Inmigrantes detenidos y sus familias, abogados y defensores explican lo que ha supuesto para ellos el fin de la detenci\u00f3n de inmigrantes en Illinois.<\/p>","protected":false},"author":24,"featured_media":10488,"comment_status":"closed","ping_status":"closed","sticky":false,"template":"","format":"standard","meta":{"inline_featured_image":false,"footnotes":""},"categories":[829,152],"tags":[],"coauthors":[245],"class_list":{"0":"post-10486","1":"post","2":"type-post","3":"status-publish","4":"format-standard","5":"has-post-thumbnail","7":"category-enforcementandcourts","8":"category-organizing"},"yoast_head":"<!-- This site is optimized with the Yoast SEO Premium plugin v27.3 (Yoast SEO v27.3) - https:\/\/yoast.com\/product\/yoast-seo-premium-wordpress\/ -->\n<title>Illinois just ended ICE detention. What happened to the people detained here?<\/title>\n<meta name=\"description\" content=\"Detained immigrants and their families, attorneys, and advocates say what the end of immigration detention in Illinois has meant for them.\" \/>\n<meta name=\"robots\" content=\"index, follow, max-snippet:-1, max-image-preview:large, max-video-preview:-1\" \/>\n<link rel=\"canonical\" href=\"https:\/\/borderlessmag.org\/es\/2022\/02\/16\/inmigracion-hielo-detencion-inmigrantes-illinois-way-forward-act\/\" \/>\n<meta property=\"og:locale\" content=\"es_MX\" \/>\n<meta property=\"og:type\" content=\"article\" \/>\n<meta property=\"og:title\" content=\"Illinois Just Ended ICE Detention. What Happened to the People Detained Here? &#8211; Borderless Magazine NFP\" \/>\n<meta property=\"og:description\" content=\"Illinois Just Ended ICE Detention. What Happened to the People Detained Here? &#8211; Borderless Magazine NFP\" \/>\n<meta property=\"og:url\" content=\"https:\/\/borderlessmag.org\/es\/2022\/02\/16\/inmigracion-hielo-detencion-inmigrantes-illinois-way-forward-act\/\" \/>\n<meta property=\"og:site_name\" content=\"Borderless Magazine NFP\" \/>\n<meta property=\"article:publisher\" content=\"https:\/\/www.facebook.com\/BorderlessMagazine\" \/>\n<meta property=\"article:published_time\" content=\"2022-02-16T20:23:12+00:00\" \/>\n<meta property=\"article:modified_time\" content=\"2025-10-09T17:15:50+00:00\" \/>\n<meta property=\"og:image\" content=\"https:\/\/borderlessmag.org\/wordpress\/wp-content\/uploads\/2022\/02\/ICE_RELEASE_PROTEST_featured.jpg\" \/>\n\t<meta property=\"og:image:width\" content=\"1\" \/>\n\t<meta property=\"og:image:height\" content=\"1\" \/>\n\t<meta property=\"og:image:type\" content=\"image\/jpeg\" \/>\n<meta name=\"author\" content=\"Michelle Kanaar\" \/>\n<meta name=\"twitter:card\" content=\"summary_large_image\" \/>\n<meta name=\"twitter:label1\" content=\"Escrito por\" \/>\n\t<meta name=\"twitter:data1\" content=\"Carlos Ballesteros\" \/>\n\t<meta name=\"twitter:label2\" content=\"Tiempo de lectura\" \/>\n\t<meta name=\"twitter:data2\" content=\"12 minutos\" \/>\n\t<meta name=\"twitter:label3\" content=\"Written by\" \/>\n\t<meta name=\"twitter:data3\" content=\"Michelle Kanaar\" \/>\n<script type=\"application\/ld+json\" class=\"yoast-schema-graph\">{\"@context\":\"https:\\\/\\\/schema.org\",\"@graph\":[{\"@type\":\"NewsArticle\",\"@id\":\"https:\\\/\\\/borderlessmag.org\\\/2022\\\/02\\\/16\\\/immigration-ice-detention-immigrants-illinois-way-forward-act\\\/#article\",\"isPartOf\":{\"@id\":\"https:\\\/\\\/borderlessmag.org\\\/2022\\\/02\\\/16\\\/immigration-ice-detention-immigrants-illinois-way-forward-act\\\/\"},\"author\":{\"name\":\"Carlos Ballesteros\",\"@id\":\"https:\\\/\\\/borderlessmag.org\\\/#\\\/schema\\\/person\\\/4250b014f4cc7cf8c287667868043b81\"},\"headline\":\"Illinois Just Ended ICE Detention. What Happened to the People Detained Here?\",\"datePublished\":\"2022-02-16T20:23:12+00:00\",\"dateModified\":\"2025-10-09T17:15:50+00:00\",\"mainEntityOfPage\":{\"@id\":\"https:\\\/\\\/borderlessmag.org\\\/2022\\\/02\\\/16\\\/immigration-ice-detention-immigrants-illinois-way-forward-act\\\/\"},\"wordCount\":3900,\"publisher\":{\"@id\":\"https:\\\/\\\/borderlessmag.org\\\/#organization\"},\"image\":{\"@id\":\"https:\\\/\\\/borderlessmag.org\\\/2022\\\/02\\\/16\\\/immigration-ice-detention-immigrants-illinois-way-forward-act\\\/#primaryimage\"},\"thumbnailUrl\":\"https:\\\/\\\/borderlessmag.org\\\/wordpress\\\/wp-content\\\/uploads\\\/2022\\\/02\\\/ICE_RELEASE_PROTEST_featured.jpg\",\"articleSection\":[\"Enforcement and Courts\",\"Organizing\"],\"inLanguage\":\"es\",\"copyrightYear\":\"2021\",\"copyrightHolder\":{\"@id\":\"https:\\\/\\\/borderlessmag.org\\\/es\\\/#organization\"}},{\"@type\":\"WebPage\",\"@id\":\"https:\\\/\\\/borderlessmag.org\\\/2022\\\/02\\\/16\\\/immigration-ice-detention-immigrants-illinois-way-forward-act\\\/\",\"url\":\"https:\\\/\\\/borderlessmag.org\\\/2022\\\/02\\\/16\\\/immigration-ice-detention-immigrants-illinois-way-forward-act\\\/\",\"name\":\"Illinois just ended ICE detention. What happened to the people detained here?\",\"isPartOf\":{\"@id\":\"https:\\\/\\\/borderlessmag.org\\\/#website\"},\"primaryImageOfPage\":{\"@id\":\"https:\\\/\\\/borderlessmag.org\\\/2022\\\/02\\\/16\\\/immigration-ice-detention-immigrants-illinois-way-forward-act\\\/#primaryimage\"},\"image\":{\"@id\":\"https:\\\/\\\/borderlessmag.org\\\/2022\\\/02\\\/16\\\/immigration-ice-detention-immigrants-illinois-way-forward-act\\\/#primaryimage\"},\"thumbnailUrl\":\"https:\\\/\\\/borderlessmag.org\\\/wordpress\\\/wp-content\\\/uploads\\\/2022\\\/02\\\/ICE_RELEASE_PROTEST_featured.jpg\",\"datePublished\":\"2022-02-16T20:23:12+00:00\",\"dateModified\":\"2025-10-09T17:15:50+00:00\",\"description\":\"Detained immigrants and their families, attorneys, and advocates say what the end of immigration detention in Illinois has meant for them.\",\"inLanguage\":\"es\",\"potentialAction\":[{\"@type\":\"ReadAction\",\"target\":[\"https:\\\/\\\/borderlessmag.org\\\/2022\\\/02\\\/16\\\/immigration-ice-detention-immigrants-illinois-way-forward-act\\\/\"]}]},{\"@type\":\"ImageObject\",\"inLanguage\":\"es\",\"@id\":\"https:\\\/\\\/borderlessmag.org\\\/2022\\\/02\\\/16\\\/immigration-ice-detention-immigrants-illinois-way-forward-act\\\/#primaryimage\",\"url\":\"https:\\\/\\\/borderlessmag.org\\\/wordpress\\\/wp-content\\\/uploads\\\/2022\\\/02\\\/ICE_RELEASE_PROTEST_featured.jpg\",\"contentUrl\":\"https:\\\/\\\/borderlessmag.org\\\/wordpress\\\/wp-content\\\/uploads\\\/2022\\\/02\\\/ICE_RELEASE_PROTEST_featured.jpg\",\"caption\":\"Angela Osorio speaks at a rally in downtown Chicago Feb. 1, calling on U.S. Immigration and Customs Enforcement to release detainees from jails in McHenry and Kankakee counties. ICE ultimately released about half the detainees who had been in the jails in mid-January and transferred 30 people to detention centers in other states.\"},{\"@type\":\"WebSite\",\"@id\":\"https:\\\/\\\/borderlessmag.org\\\/#website\",\"url\":\"https:\\\/\\\/borderlessmag.org\\\/\",\"name\":\"Borderless Magazine NFP\",\"description\":\"Stories about immigration and immigrants\",\"publisher\":{\"@id\":\"https:\\\/\\\/borderlessmag.org\\\/#organization\"},\"alternateName\":\"Borderless\",\"potentialAction\":[{\"@type\":\"SearchAction\",\"target\":{\"@type\":\"EntryPoint\",\"urlTemplate\":\"https:\\\/\\\/borderlessmag.org\\\/?s={search_term_string}\"},\"query-input\":{\"@type\":\"PropertyValueSpecification\",\"valueRequired\":true,\"valueName\":\"search_term_string\"}}],\"inLanguage\":\"es\"},{\"@type\":\"Organization\",\"@id\":\"https:\\\/\\\/borderlessmag.org\\\/#organization\",\"name\":\"Borderless Magazine NFP\",\"alternateName\":\"Borderless Mag\",\"url\":\"https:\\\/\\\/borderlessmag.org\\\/\",\"logo\":{\"@type\":\"ImageObject\",\"inLanguage\":\"es\",\"@id\":\"https:\\\/\\\/borderlessmag.org\\\/#\\\/schema\\\/logo\\\/image\\\/\",\"url\":\"https:\\\/\\\/borderlessmag.org\\\/wordpress\\\/wp-content\\\/uploads\\\/2025\\\/08\\\/BorderlessLogo_main_square.jpg\",\"contentUrl\":\"https:\\\/\\\/borderlessmag.org\\\/wordpress\\\/wp-content\\\/uploads\\\/2025\\\/08\\\/BorderlessLogo_main_square.jpg\",\"width\":696,\"height\":696,\"caption\":\"Borderless Magazine NFP\"},\"image\":{\"@id\":\"https:\\\/\\\/borderlessmag.org\\\/#\\\/schema\\\/logo\\\/image\\\/\"},\"sameAs\":[\"https:\\\/\\\/www.facebook.com\\\/BorderlessMagazine\",\"https:\\\/\\\/www.instagram.com\\\/borderless_mag\\\/\",\"https:\\\/\\\/www.tiktok.com\\\/@borderless_mag\"]},{\"@type\":\"Person\",\"@id\":\"https:\\\/\\\/borderlessmag.org\\\/#\\\/schema\\\/person\\\/4250b014f4cc7cf8c287667868043b81\",\"name\":\"Carlos Ballesteros\",\"image\":{\"@type\":\"ImageObject\",\"inLanguage\":\"es\",\"@id\":\"https:\\\/\\\/secure.gravatar.com\\\/avatar\\\/205463ef16779b3a260153939afce267f70a31543e6191bfa93a84a534310d90?s=96&d=mm&r=g10f08e886acac38b2bde0eb8cfeff78e\",\"url\":\"https:\\\/\\\/secure.gravatar.com\\\/avatar\\\/205463ef16779b3a260153939afce267f70a31543e6191bfa93a84a534310d90?s=96&d=mm&r=g\",\"contentUrl\":\"https:\\\/\\\/secure.gravatar.com\\\/avatar\\\/205463ef16779b3a260153939afce267f70a31543e6191bfa93a84a534310d90?s=96&d=mm&r=g\",\"caption\":\"Carlos Ballesteros\"},\"url\":\"https:\\\/\\\/borderlessmag.org\\\/es\\\/author\\\/carlos-ballesteros\\\/\"}]}<\/script>\n<!-- \/ Yoast SEO Premium plugin. -->","yoast_head_json":{"title":"Illinois acaba de poner fin a la detenci\u00f3n del ICE. Qu\u00e9 pas\u00f3 con las personas detenidas aqu\u00ed?","description":"Inmigrantes detenidos y sus familias, abogados y defensores explican lo que ha supuesto para ellos el fin de la detenci\u00f3n de inmigrantes en Illinois.","robots":{"index":"index","follow":"follow","max-snippet":"max-snippet:-1","max-image-preview":"max-image-preview:large","max-video-preview":"max-video-preview:-1"},"canonical":"https:\/\/borderlessmag.org\/es\/2022\/02\/16\/inmigracion-hielo-detencion-inmigrantes-illinois-way-forward-act\/","og_locale":"es_MX","og_type":"article","og_title":"Illinois Just Ended ICE Detention. What Happened to the People Detained Here? &#8211; Borderless Magazine NFP","og_description":"Illinois Just Ended ICE Detention. What Happened to the People Detained Here? &#8211; Borderless Magazine NFP","og_url":"https:\/\/borderlessmag.org\/es\/2022\/02\/16\/inmigracion-hielo-detencion-inmigrantes-illinois-way-forward-act\/","og_site_name":"Borderless Magazine NFP","article_publisher":"https:\/\/www.facebook.com\/BorderlessMagazine","article_published_time":"2022-02-16T20:23:12+00:00","article_modified_time":"2025-10-09T17:15:50+00:00","og_image":[{"url":"https:\/\/borderlessmag.org\/wordpress\/wp-content\/uploads\/2022\/02\/ICE_RELEASE_PROTEST_featured.jpg","width":1,"height":1,"type":"image\/jpeg"}],"author":"Michelle Kanaar","twitter_card":"summary_large_image","twitter_misc":{"Escrito por":"Carlos Ballesteros","Tiempo de lectura":"12 minutos","Written by":"Michelle Kanaar"},"schema":{"@context":"https:\/\/schema.org","@graph":[{"@type":"NewsArticle","@id":"https:\/\/borderlessmag.org\/2022\/02\/16\/immigration-ice-detention-immigrants-illinois-way-forward-act\/#article","isPartOf":{"@id":"https:\/\/borderlessmag.org\/2022\/02\/16\/immigration-ice-detention-immigrants-illinois-way-forward-act\/"},"author":{"name":"Carlos Ballesteros","@id":"https:\/\/borderlessmag.org\/#\/schema\/person\/4250b014f4cc7cf8c287667868043b81"},"headline":"Illinois Just Ended ICE Detention. What Happened to the People Detained Here?","datePublished":"2022-02-16T20:23:12+00:00","dateModified":"2025-10-09T17:15:50+00:00","mainEntityOfPage":{"@id":"https:\/\/borderlessmag.org\/2022\/02\/16\/immigration-ice-detention-immigrants-illinois-way-forward-act\/"},"wordCount":3900,"publisher":{"@id":"https:\/\/borderlessmag.org\/#organization"},"image":{"@id":"https:\/\/borderlessmag.org\/2022\/02\/16\/immigration-ice-detention-immigrants-illinois-way-forward-act\/#primaryimage"},"thumbnailUrl":"https:\/\/borderlessmag.org\/wordpress\/wp-content\/uploads\/2022\/02\/ICE_RELEASE_PROTEST_featured.jpg","articleSection":["Enforcement and Courts","Organizing"],"inLanguage":"es","copyrightYear":"2021","copyrightHolder":{"@id":"https:\/\/borderlessmag.org\/es\/#organization"}},{"@type":"WebPage","@id":"https:\/\/borderlessmag.org\/2022\/02\/16\/immigration-ice-detention-immigrants-illinois-way-forward-act\/","url":"https:\/\/borderlessmag.org\/2022\/02\/16\/immigration-ice-detention-immigrants-illinois-way-forward-act\/","name":"Illinois acaba de poner fin a la detenci\u00f3n del ICE. Qu\u00e9 pas\u00f3 con las personas detenidas aqu\u00ed?","isPartOf":{"@id":"https:\/\/borderlessmag.org\/#website"},"primaryImageOfPage":{"@id":"https:\/\/borderlessmag.org\/2022\/02\/16\/immigration-ice-detention-immigrants-illinois-way-forward-act\/#primaryimage"},"image":{"@id":"https:\/\/borderlessmag.org\/2022\/02\/16\/immigration-ice-detention-immigrants-illinois-way-forward-act\/#primaryimage"},"thumbnailUrl":"https:\/\/borderlessmag.org\/wordpress\/wp-content\/uploads\/2022\/02\/ICE_RELEASE_PROTEST_featured.jpg","datePublished":"2022-02-16T20:23:12+00:00","dateModified":"2025-10-09T17:15:50+00:00","description":"Inmigrantes detenidos y sus familias, abogados y defensores explican lo que ha supuesto para ellos el fin de la detenci\u00f3n de inmigrantes en Illinois.","inLanguage":"es","potentialAction":[{"@type":"ReadAction","target":["https:\/\/borderlessmag.org\/2022\/02\/16\/immigration-ice-detention-immigrants-illinois-way-forward-act\/"]}]},{"@type":"ImageObject","inLanguage":"es","@id":"https:\/\/borderlessmag.org\/2022\/02\/16\/immigration-ice-detention-immigrants-illinois-way-forward-act\/#primaryimage","url":"https:\/\/borderlessmag.org\/wordpress\/wp-content\/uploads\/2022\/02\/ICE_RELEASE_PROTEST_featured.jpg","contentUrl":"https:\/\/borderlessmag.org\/wordpress\/wp-content\/uploads\/2022\/02\/ICE_RELEASE_PROTEST_featured.jpg","caption":"Angela Osorio speaks at a rally in downtown Chicago Feb. 1, calling on U.S. Immigration and Customs Enforcement to release detainees from jails in McHenry and Kankakee counties. ICE ultimately released about half the detainees who had been in the jails in mid-January and transferred 30 people to detention centers in other states."},{"@type":"WebSite","@id":"https:\/\/borderlessmag.org\/#website","url":"https:\/\/borderlessmag.org\/","name":"Revista Borderless NFP","description":"Historias sobre inmigraci\u00f3n e inmigrantes","publisher":{"@id":"https:\/\/borderlessmag.org\/#organization"},"alternateName":"Borderless","potentialAction":[{"@type":"SearchAction","target":{"@type":"EntryPoint","urlTemplate":"https:\/\/borderlessmag.org\/?s={search_term_string}"},"query-input":{"@type":"PropertyValueSpecification","valueRequired":true,"valueName":"search_term_string"}}],"inLanguage":"es"},{"@type":"Organization","@id":"https:\/\/borderlessmag.org\/#organization","name":"Revista Borderless NFP","alternateName":"Borderless Mag","url":"https:\/\/borderlessmag.org\/","logo":{"@type":"ImageObject","inLanguage":"es","@id":"https:\/\/borderlessmag.org\/#\/schema\/logo\/image\/","url":"https:\/\/borderlessmag.org\/wordpress\/wp-content\/uploads\/2025\/08\/BorderlessLogo_main_square.jpg","contentUrl":"https:\/\/borderlessmag.org\/wordpress\/wp-content\/uploads\/2025\/08\/BorderlessLogo_main_square.jpg","width":696,"height":696,"caption":"Borderless Magazine NFP"},"image":{"@id":"https:\/\/borderlessmag.org\/#\/schema\/logo\/image\/"},"sameAs":["https:\/\/www.facebook.com\/BorderlessMagazine","https:\/\/www.instagram.com\/borderless_mag\/","https:\/\/www.tiktok.com\/@borderless_mag"]},{"@type":"Person","@id":"https:\/\/borderlessmag.org\/#\/schema\/person\/4250b014f4cc7cf8c287667868043b81","name":"Carlos Ballesteros","image":{"@type":"ImageObject","inLanguage":"es","@id":"https:\/\/secure.gravatar.com\/avatar\/205463ef16779b3a260153939afce267f70a31543e6191bfa93a84a534310d90?s=96&d=mm&r=g10f08e886acac38b2bde0eb8cfeff78e","url":"https:\/\/secure.gravatar.com\/avatar\/205463ef16779b3a260153939afce267f70a31543e6191bfa93a84a534310d90?s=96&d=mm&r=g","contentUrl":"https:\/\/secure.gravatar.com\/avatar\/205463ef16779b3a260153939afce267f70a31543e6191bfa93a84a534310d90?s=96&d=mm&r=g","caption":"Carlos Ballesteros"},"url":"https:\/\/borderlessmag.org\/es\/author\/carlos-ballesteros\/"}]}},"cc_featured_image_caption":{"caption_text":"Angela Osorio speaks at a rally in downtown Chicago Feb. 1, calling on U.S. Immigration and Customs Enforcement to release detainees from jails in McHenry and Kankakee counties. ICE ultimately released about half the detainees who had been in the jails in mid-January and transferred 30 people to detention centers in other states.","source_text":"","source_url":""},"_links":{"self":[{"href":"https:\/\/borderlessmag.org\/es\/wp-json\/wp\/v2\/posts\/10486","targetHints":{"allow":["GET"]}}],"collection":[{"href":"https:\/\/borderlessmag.org\/es\/wp-json\/wp\/v2\/posts"}],"about":[{"href":"https:\/\/borderlessmag.org\/es\/wp-json\/wp\/v2\/types\/post"}],"author":[{"embeddable":true,"href":"https:\/\/borderlessmag.org\/es\/wp-json\/wp\/v2\/users\/24"}],"replies":[{"embeddable":true,"href":"https:\/\/borderlessmag.org\/es\/wp-json\/wp\/v2\/comments?post=10486"}],"version-history":[{"count":1,"href":"https:\/\/borderlessmag.org\/es\/wp-json\/wp\/v2\/posts\/10486\/revisions"}],"predecessor-version":[{"id":30013,"href":"https:\/\/borderlessmag.org\/es\/wp-json\/wp\/v2\/posts\/10486\/revisions\/30013"}],"wp:featuredmedia":[{"embeddable":true,"href":"https:\/\/borderlessmag.org\/es\/wp-json\/wp\/v2\/media\/10488"}],"wp:attachment":[{"href":"https:\/\/borderlessmag.org\/es\/wp-json\/wp\/v2\/media?parent=10486"}],"wp:term":[{"taxonomy":"category","embeddable":true,"href":"https:\/\/borderlessmag.org\/es\/wp-json\/wp\/v2\/categories?post=10486"},{"taxonomy":"post_tag","embeddable":true,"href":"https:\/\/borderlessmag.org\/es\/wp-json\/wp\/v2\/tags?post=10486"},{"taxonomy":"author","embeddable":true,"href":"https:\/\/borderlessmag.org\/es\/wp-json\/wp\/v2\/coauthors?post=10486"}],"curies":[{"name":"wp","href":"https:\/\/api.w.org\/{rel}","templated":true}]}}